{"id":8536,"date":"2026-04-13T08:18:06","date_gmt":"2026-04-13T08:18:06","guid":{"rendered":"https:\/\/canarias-lovers.com\/vent-tenerife\/"},"modified":"2026-04-13T08:24:27","modified_gmt":"2026-04-13T08:24:27","slug":"vind-teneriffa","status":"publish","type":"post","link":"https:\/\/canarias-lovers.com\/sv\/vind-teneriffa\/","title":{"rendered":"\u00c4r Teneriffa bl\u00e5sigt? Hur hanterar du det?"},"content":{"rendered":"\n<p>H\u00e4r \u00e4r alla v\u00e5ra svar p\u00e5 fr\u00e5gor om vinden p\u00e5 Teneriffa, inklusive de mest popul\u00e4ra: Hur bl\u00e5sigt \u00e4r det?<br\/>Vi ber\u00e4ttar om de b\u00e4sta m\u00e5naderna, de mest skyddade omr\u00e5dena och v\u00e5ra tips f\u00f6r att njuta av din semester oavsett v\u00e4der!<\/p>\n\n<figure class=\"wp-block-image size-full\"><img decoding=\"async\" src=\"https:\/\/canarias-lovers.com\/wp-content\/uploads\/2026\/04\/vind-Teneriffa.jpg\" alt=\"vind Teneriffa\" class=\"wp-image-8525\"\/><\/figure>\n\n<p>Detta \u00e4r en helt <strong>oberoende<\/strong> \u00e5sikt, baserad p\u00e5 v\u00e5r egen erfarenhet. Vi bes\u00f6kte regionen anonymt, gjorde v\u00e5ra egna val och betalade v\u00e5ra r\u00e4kningar till fullo.<\/p>\n\n<div style=\"padding-left:5%\" class=\"wp-block-genesis-blocks-gb-container box gb-block-container\"><div class=\"gb-container-inside\"><div class=\"gb-container-content\">\n<p class=\"titre_box_manuscrit\">Inneh\u00e5ll<\/p>\n\n\n<div id=\"ez-toc-container\" class=\"ez-toc-v2_0_82_1 counter-hierarchy ez-toc-counter ez-toc-custom ez-toc-container-direction\">\n<div class=\"ez-toc-title-container\">\n<span class=\"ez-toc-title-toggle\"><\/span><\/div>\n<nav><ul class='ez-toc-list ez-toc-list-level-1 ' ><li class='ez-toc-page-1 ez-toc-heading-level-2'><a class=\"ez-toc-link ez-toc-heading-1\" href=\"https:\/\/canarias-lovers.com\/sv\/vind-teneriffa\/#Hur_blasigt_ar_det_pa_Teneriffa_Snabba_svar\" >Hur bl\u00e5sigt \u00e4r det p\u00e5 Teneriffa? Snabba svar<\/a><\/li><li class='ez-toc-page-1 ez-toc-heading-level-2'><a class=\"ez-toc-link ez-toc-heading-2\" href=\"https:\/\/canarias-lovers.com\/sv\/vind-teneriffa\/#De_blasigaste_arstiderna_pa_Teneriffa_%E2%80%93_nar_ska_man_resa_for_att_undvika_vinden\" >De bl\u00e5sigaste \u00e5rstiderna p\u00e5 Teneriffa &#8211; n\u00e4r ska man resa f\u00f6r att undvika vinden<\/a><\/li><li class='ez-toc-page-1 ez-toc-heading-level-2'><a class=\"ez-toc-link ez-toc-heading-3\" href=\"https:\/\/canarias-lovers.com\/sv\/vind-teneriffa\/#Vart_ska_vi_aka_Vindskyddade_omraden_och_strander_pa_Teneriffa\" >Vart ska vi \u00e5ka? Vindskyddade omr\u00e5den och str\u00e4nder p\u00e5 Teneriffa<\/a><\/li><li class='ez-toc-page-1 ez-toc-heading-level-2'><a class=\"ez-toc-link ez-toc-heading-4\" href=\"https:\/\/canarias-lovers.com\/sv\/vind-teneriffa\/#Tips_for_att_hantera_vinden_pa_Teneriffa\" >Tips f\u00f6r att hantera vinden p\u00e5 Teneriffa<\/a><\/li><li class='ez-toc-page-1 ez-toc-heading-level-2'><a class=\"ez-toc-link ez-toc-heading-5\" href=\"https:\/\/canarias-lovers.com\/sv\/vind-teneriffa\/#Vad_ar_calima\" >Vad \u00e4r calima?<\/a><\/li><li class='ez-toc-page-1 ez-toc-heading-level-2'><a class=\"ez-toc-link ez-toc-heading-6\" href=\"https:\/\/canarias-lovers.com\/sv\/vind-teneriffa\/#Andra_vanliga_fragor\" >Andra vanliga fr\u00e5gor<\/a><\/li><\/ul><\/nav><\/div>\n\n<\/div><\/div><\/div>\n\n<h2 class=\"wp-block-heading\"><span class=\"ez-toc-section\" id=\"Hur_blasigt_ar_det_pa_Teneriffa_Snabba_svar\"><\/span>Hur bl\u00e5sigt \u00e4r det p\u00e5 Teneriffa? Snabba svar<span class=\"ez-toc-section-end\"><\/span><\/h2>\n\n<h3 class=\"wp-block-heading\">Hur bl\u00e5sigt \u00e4r det p\u00e5 Teneriffa?<\/h3>\n\n<p>Teneriffa \u00e4r mycket mindre bl\u00e5sigt \u00e4n grannarna Fuerteventura och Lanzarote. Det fr\u00e4msta sk\u00e4let till detta \u00e4r \u00f6ns geografi: Teide, Spaniens h\u00f6gsta topp p\u00e5 3718 meter, och Cordillera Dorsa som korsar \u00f6n bildar en naturlig barri\u00e4r mot passadvindarna.  <\/p>\n\n<p>Under v\u00e5ra bes\u00f6k kunde vi konstatera att vinden k\u00e4nns starkast p\u00e5 nordkusten och i utsatta omr\u00e5den p\u00e5 h\u00f6gre h\u00f6jder. P\u00e5 s\u00f6dra delen av \u00f6n \u00e4r det d\u00e4remot ofta lugnt och soligt.<\/p>\n\n<figure class=\"wp-block-image size-large\"><img decoding=\"async\" src=\"https:\/\/photos.smugmug.com\/Canarias-Lovers\/Tenerife\/El-Medano\/Piscinas-los-Abrigos\/i-KVSj7hk\/0\/MRZbpHPzJB3ctGvkhnF7NpLqTWP9Wz9FKCqpzBCMQ\/L\/piscinas-los-abrigos-1-L.jpg\" alt=\"Teneriffa utan vind\"\/><\/figure>\n\n<p>Det h\u00e4r \u00e4r dock en \u00f6 i Atlanten och vinden kan komma n\u00e4r som helst. Vissa dagar \u00e4r helt lugna, andra mer hektiska. Allt beror p\u00e5 s\u00e4song, var du befinner dig och vilka v\u00e4derf\u00f6rh\u00e5llanden som r\u00e5der just d\u00e5.<br\/>Och naturligtvis kan det komma en storm, som \u00f6verallt annars, men det g\u00e5r inte att f\u00f6rutse s\u00e5 l\u00e5ngt i f\u00f6rv\u00e4g.<\/p>\n\n<h3 class=\"wp-block-heading\">Hur stark \u00e4r vinden p\u00e5 Teneriffa?<\/h3>\n\n<p>Den f\u00f6rh\u00e4rskande vinden p\u00e5 Teneriffa \u00e4r passadvinden, som bl\u00e5ser fr\u00e5n nordost. Dess intensitet varierar beroende p\u00e5 ett antal faktorer:<\/p>\n\n<ul class=\"wp-block-list\">\n<li>vilken del av \u00f6n du befinner dig p\u00e5 (norr, s\u00f6der, h\u00f6jd)<\/li>\n\n\n\n<li>\u00e5rstiden<\/li>\n\n\n\n<li>tid p\u00e5 dygnet (vinden tilltar ofta p\u00e5 eftermiddagen)<\/li>\n\n\n\n<li>markens beskaffenhet runt omkring dig<\/li>\n<\/ul>\n\n<p>I genomsnitt varierar hastigheterna mellan 15 och 30 km\/h p\u00e5 nordv\u00e4nda kuster. I s\u00f6der sjunker hastigheten ofta till under 15 km\/h. Vi har ofta njutit av dagar utan den minsta bris runt Los Cristianos eller Costa Adeje.<\/p>\n\n<figure class=\"wp-block-image size-large\"><img decoding=\"async\" src=\"https:\/\/photos.smugmug.com\/Canarias-Lovers\/Tenerife\/Garachico\/Piscinas\/i-kXRP7gx\/0\/Lq5GDLwGjNKH7v8wzcH3BjfWgSxxPbWCq9nXrZ99d\/L\/garachico-piscinas-caleton-35-L.jpg\" alt=\"Naturliga pooler i Garachico med kor\"\/><\/figure>\n\n<h3 class=\"wp-block-heading\">Varf\u00f6r \u00e4r det bl\u00e5sigt i vissa omr\u00e5den p\u00e5 Teneriffa?<\/h3>\n\n<p>Passadvindarna \u00e4r n\u00e4stan permanenta i Kanarie\u00f6arnas sk\u00e4rg\u00e5rd. P\u00e5 Teneriffa fungerar Teidemassivet som en sk\u00f6ld: det blockerar en stor del av dessa luftstr\u00f6mmar och skapar ett skyddat skuggomr\u00e5de p\u00e5 s\u00f6dra delen av \u00f6n. Detta \u00e4r den s\u00e5 kallade foehn-effekten.<\/p>\n\n<p>Norr, som \u00e4r direkt exponerat f\u00f6r passadvindarna, f\u00e5r d\u00e4rf\u00f6r mer vind (och mer luftfuktighet). Det \u00e4r ocks\u00e5 d\u00e4rf\u00f6r som v\u00e4xtligheten \u00e4r s\u00e5 frodig. P\u00e5 h\u00f6gre h\u00f6jder, s\u00e4rskilt p\u00e5 v\u00e4garna som leder till <a href=\"https:\/\/canarias-lovers.com\/sv\/nationalpark-teide-teneriffa-sevardheter-tips\/\" type=\"post\" id=\"5913\" target=\"_blank\" rel=\"noreferrer noopener\">Teide<\/a> eller <a href=\"https:\/\/canarias-lovers.com\/sv\/naturpark-anaga-teneriffa-guide-sevardheter\/\" type=\"post\" id=\"8394\" target=\"_blank\" rel=\"noreferrer noopener\">Anaga Rural Park<\/a>, kan vindbyarna vara mer ih\u00e5llande. Vi rekommenderar att du tar med dig ett extra lager om du planerar en vandring p\u00e5 h\u00f6g h\u00f6jd.<\/p>\n\n<figure class=\"wp-block-image size-large\"><img decoding=\"async\" src=\"https:\/\/photos.smugmug.com\/Canarias-Lovers\/Tenerife\/Best-of\/i-pvFVTGs\/0\/KKDmsjHdDTQkfgZWxWqQ2phTkKtkWmQTZw8XtMgZb\/L\/parc-national-teide-tenerife-L.jpg\" alt=\"Teide\"\/><\/figure>\n\n<div style=\"margin-top:8%;margin-bottom:8%\" class=\"wp-block-genesis-blocks-gb-container box gb-block-container\"><div class=\"gb-container-inside\"><div class=\"gb-container-content\">\n<div class=\"wp-block-columns inverse box_planif is-layout-flex wp-container-core-columns-is-layout-9d6595d7 wp-block-columns-is-layout-flex\">\n<div class=\"wp-block-column texte_planif is-layout-flow wp-block-column-is-layout-flow\" style=\"flex-basis:60%\">\n<h5 class=\"titre_box\" style=\"padding-top:10px;\">V\u00c5RA R\u00c5D F\u00d6R ATT HYRA EN BIL P\u00c5 <span class=\"titre_box_manuscrit\">Teneriffa<\/span><\/h5>\n\n\n\n<ul class=\"wp-block-list\" style=\"font-size:14px\">\n<li>J\u00e4mf\u00f6r priser p\u00e5 v\u00e5r f\u00f6redragna plattform: <a href=\"https:\/\/www.discovercars.com\/se\/spain-canary-islands\/tenerife?a_aid=zigzag&amp;chan=CAL\" target=\"_blank\" rel=\"noreferrer noopener sponsored nofollow\">DiscoverCars<\/a> &#8211; en av de b\u00e4st rankade webbplatserna.<\/li>\n\n\n\n<li>Om du planerar att utforska bergen ska du inte ta de <strong>minsta bilarna<\/strong>. En kraftfullare motor kommer att vara mer bekv\u00e4m.<\/li>\n\n\n\n<li>Men ta inte heller en f\u00f6r stor bil, eftersom vissa av v\u00e4garna \u00e4r smala.<\/li>\n\n\n\n<li>Det \u00e4r stor efterfr\u00e5gan och det \u00e4r en \u00f6, s\u00e5 <strong>boka tidigt<\/strong>.<\/li>\n<\/ul>\n<\/div>\n\n\n\n<div class=\"wp-block-column planif-radius-2 is-layout-flow wp-block-column-is-layout-flow\">\n<figure class=\"wp-block-image size-large voiture_image\"><img decoding=\"async\" src=\"https:\/\/photos.smugmug.com\/Canarias-Lovers\/Tenerife\/Driving\/i-D3dJ4xj\/1\/e6e34cdd\/L\/tenerife-rental-car-driving-L.jpg\" alt=\"k&#xF6;rning p&#xE5; tenerife\"\/><\/figure>\n<\/div>\n<\/div>\n\n\n\n<div class=\"wp-block-columns planif_bouton is-layout-flex wp-container-core-columns-is-layout-9d6595d7 wp-block-columns-is-layout-flex\">\n<div class=\"wp-block-column is-vertically-aligned-top is-layout-flow wp-block-column-is-layout-flow\">\n<div class=\"wp-block-buttons is-content-justification-center is-layout-flex wp-container-core-buttons-is-layout-16018d1d wp-block-buttons-is-layout-flex\">\n<div class=\"wp-block-button\"><a class=\"wp-block-button__link has-white-color has-text-color wp-element-button\" href=\"https:\/\/www.discovercars.com\/se\/spain-canary-islands\/tenerife?a_aid=zigzagchan=CAL\" target=\"_blank\" rel=\"noreferrer noopener nofollow\">Se tillg\u00e4ngliga bilar &gt;&gt;<\/a><\/div>\n<\/div>\n<\/div>\n\n\n\n<div class=\"wp-block-column is-vertically-aligned-center is-layout-flow wp-block-column-is-layout-flow\">\n<p class=\"has-text-align-center\" style=\"font-size:16px\"><a href=\"https:\/\/canarias-lovers.com\/sv\/?p=2195\" target=\"_blank\" rel=\"noreferrer noopener\">L\u00e4s v\u00e5ra r\u00e5d<\/a><\/p>\n<\/div>\n<\/div>\n<\/div><\/div><\/div>\n\n<h2 class=\"wp-block-heading\"><span class=\"ez-toc-section\" id=\"De_blasigaste_arstiderna_pa_Teneriffa_%E2%80%93_nar_ska_man_resa_for_att_undvika_vinden\"><\/span>De bl\u00e5sigaste \u00e5rstiderna p\u00e5 Teneriffa &#8211; n\u00e4r ska man resa f\u00f6r att undvika vinden<span class=\"ez-toc-section-end\"><\/span><\/h2>\n\n<h3 class=\"wp-block-heading\">Vilka \u00e4r de bl\u00e5sigaste m\u00e5naderna p\u00e5 Teneriffa?<\/h3>\n\n<p>De bl\u00e5sigaste m\u00e5naderna \u00e4r i allm\u00e4nhet juli och augusti, d\u00e5 passadvindarna tilltar. Det h\u00e4r \u00e4r h\u00f6gsommar och vinden ger en v\u00e4lkommen svalkande effekt n\u00e4r temperaturen stiger. Vi tycker att den h\u00e4r brisen g\u00f6r sommardagarna mycket trevligare \u00e4n en stillast\u00e5ende v\u00e4rme.<\/p>\n\n<p>P\u00e5 v\u00e5ren, mellan mars och maj, \u00e4r det ocks\u00e5 bl\u00e5sigt, men d\u00e5 mer sporadiskt. Dessa vindbyar \u00e4r s\u00e4llan till besv\u00e4r f\u00f6r normala turistaktiviteter.<\/p>\n\n<h3 class=\"wp-block-heading\">Vilka \u00e4r de minst bl\u00e5siga m\u00e5naderna p\u00e5 Teneriffa?<\/h3>\n\n<p>September och oktober \u00e4r i allm\u00e4nhet de lugnaste m\u00e5naderna. Passadvindarna f\u00f6rsvagas, havstemperaturen n\u00e5r sitt \u00e5rliga maximum (ca 23-24\u00b0C) och antalet turister \u00e4r l\u00e4gre \u00e4n p\u00e5 sommaren. Det \u00e4r en period som vi uppskattar s\u00e4rskilt mycket f\u00f6r dess mildhet och lugn.<\/p>\n\n<p>V\u00e4dret \u00e4r dock fortfarande of\u00f6ruts\u00e4gbart. Vissa dagar i september kan vara bl\u00e5siga, medan en vecka i juli kan vara helt lugn. Vi talar h\u00e4r om allm\u00e4nna trender, inte om garantier.<\/p>\n\n<figure class=\"wp-block-image size-large\"><img decoding=\"async\" src=\"https:\/\/photos.smugmug.com\/Canarias-Lovers\/Tenerife\/La-Orotava\/Jardin-Marquesado-de-la-Quinta-Roja\/i-c3DwM57\/0\/M5t4gDwnp68Lb62PVJb6CrFRJmbRbcnCrxn2sFp7g\/L\/Jardines-Marquesado-L.jpg\" alt=\"La Orotava i solskenet\"\/><\/figure>\n\n<h3 class=\"wp-block-heading\">\u00c4r Teneriffa bl\u00e5sigt p\u00e5 vintern?<\/h3>\n\n<p>Vintern p\u00e5 Teneriffa \u00e4r fortfarande mild och vinden \u00e4r inte konstant. Det kan bl\u00e5sa vissa dagar, s\u00e4rskilt p\u00e5 nordkusten, men lugna perioder \u00e4r vanliga. P\u00e5 s\u00f6dra delen av \u00f6n ser en typisk vinterdag ut som en fin v\u00e5rdag p\u00e5 kontinenten: klar himmel, temperaturer mellan 20 och 24\u00b0C, l\u00e4tt bris.<\/p>\n\n<p>P\u00e5 kv\u00e4llen eller tidigt p\u00e5 morgonen r\u00e4cker det oftast med en jumper eller en l\u00e4tt jacka. Vi har tillbringat flera vintrar p\u00e5 \u00f6n och har aldrig haft intrycket av att det \u00e4r f\u00f6r varmt i s\u00f6der.<\/p>\n\n<h3 class=\"wp-block-heading\">\u00c4r vinden kall p\u00e5 Teneriffa?<\/h3>\n\n<p>Vid havet \u00e4r vinden inte kall, inte ens p\u00e5 vintern. Den fr\u00e4schar upp utan glasyr. P\u00e5 h\u00f6g h\u00f6jd \u00e4r det en annan historia: p\u00e5 toppen av Teide eller i laurelskogarna i Anaga kan vinden i kombination med luftfuktigheten g\u00f6ra att du k\u00e4nner dig v\u00e4ldigt sval. Kom ih\u00e5g att ta med varma kl\u00e4der om du kl\u00e4ttrar \u00f6ver 2000 meter.<\/p>\n\n<figure class=\"wp-block-image size-large\"><img decoding=\"async\" src=\"https:\/\/photos.smugmug.com\/Canarias-Lovers\/Tenerife\/Teide\/Teleferico\/i-zw5RhvH\/0\/KGNSxtcxQ7Ch3dCvHd75JcMtH4jvSkLmRhC9WH38n\/L\/teleferico-teide-L.jpg\" alt=\"kl&#xE4;ttra upp till toppen av Teide\"\/><\/figure>\n\n<div style=\"background-color:#f6eacf;margin-top:8%;margin-bottom:8%\" class=\"wp-block-genesis-blocks-gb-container box gb-block-container\"><div class=\"gb-container-inside\"><div class=\"gb-container-content\" style=\"max-width:700px\">\n<div class=\"wp-block-genesis-blocks-gb-container box_titre gb-block-container\"><div class=\"gb-container-inside\"><div class=\"gb-container-content\">\n<h5 class=\"titre_box\" style=\"padding-top:10px;\">VAR KAN MAN BO P\u00c5 <span class=\"titre_box_manuscrit\">Teneriffa<\/span><\/h5>\n<\/div><\/div><\/div>\n\n\n\n<div class=\"wp-block-columns box_sans_border is-layout-flex wp-container-core-columns-is-layout-9d6595d7 wp-block-columns-is-layout-flex\">\n<div class=\"wp-block-column texte_planif is-layout-flow wp-block-column-is-layout-flow\" style=\"font-size:14px;flex-basis:60%\">\n<p class=\"option_titre2\" style=\"font-size:16px\">V\u00e5ra oberoende urval hj\u00e4lper dig att hitta ditt <strong>dr\u00f6mboende<\/strong>:<\/p>\n\n\n\n<ul class=\"wp-block-list ul_box\">\n<li style=\"font-size:14px\"><a href=\"https:\/\/canarias-lovers.com\/sv\/var-ska-bo-teneriffa-basta-omradena\/\" data-type=\"post\" data-id=\"5908\" target=\"_blank\" rel=\"noreferrer noopener\">Var du kan bo p\u00e5 Teneriffa<\/a><\/li>\n\n\n\n<li style=\"font-size:14px\">V\u00e5r favorit: <a href=\"https:\/\/www.booking.com\/hotel\/es\/royal-hideaway-corales-beach-adults-only.html?aid=2421274\" target=\"_blank\" rel=\"noreferrer noopener nofollow\">H\u00f4tel Corales Beach<\/a><\/li>\n<\/ul>\n\n\n\n<p style=\"font-size:16px\"><strong>V\u00e4lj efter hotelltyp:<\/strong><\/p>\n\n\n\n<ul class=\"wp-block-list ul_box\">\n<li style=\"font-size:14px\"><a href=\"https:\/\/canarias-lovers.com\/sv\/basta-5-stjarniga-hotellen-teneriffa-lyx-recensioner\/\" data-type=\"post\" data-id=\"5909\" target=\"_blank\" rel=\"noreferrer noopener\">5-stj\u00e4rniga hotell<\/a><\/li>\n\n\n\n<li style=\"font-size:14px\"><a data-type=\"post\" data-id=\"5910\" href=\"https:\/\/canarias-lovers.com\/sv\/basta-boutique-hotellen-teneriffa-charm\/\" target=\"_blank\" rel=\"noreferrer noopener\">B\u00e4sta boutiquehotellen<\/a><\/li>\n\n\n\n<li style=\"font-size:14px\"><a href=\"https:\/\/canarias-lovers.com\/sv\/meilleurs-hotels-familles-tenerife-enfants-avis-2\/\" target=\"_blank\" rel=\"noreferrer noopener\">B\u00e4sta hotellen f\u00f6r familjer<\/a><\/li>\n\n\n\n<li style=\"font-size:14px\"><a href=\"https:\/\/canarias-lovers.com\/sv\/basta-hotell-vid-havet-teneriffa-stranden\/\" target=\"_blank\" rel=\"noreferrer noopener\">B\u00e4sta hotell i Seaside<\/a><\/li>\n\n\n\n<li style=\"font-size:14px\"><a href=\"https:\/\/canarias-lovers.com\/sv\/basta-hotell-endast-vuxna-adults-only-teneriffa\/\" target=\"_blank\" rel=\"noreferrer noopener\">B\u00e4sta hotell endast f\u00f6r vuxna<\/a><\/li>\n\n\n\n<li style=\"font-size:14px\">B\u00e4sta all-inclusive-hotellen (kommer snart)<\/li>\n<\/ul>\n\n\n\n<p style=\"font-size:16px\"><strong>V\u00e4lj efter stad:<\/strong><\/p>\n\n\n\n<ul class=\"wp-block-list\">\n<li style=\"font-size:14px\"><a href=\"https:\/\/canarias-lovers.com\/sv\/var-att-sova-kosta-adeje-basta-hotell-stadsdelarna\/\" data-type=\"post\" data-id=\"4063\" target=\"_blank\" rel=\"noreferrer noopener\">B\u00e4sta hotellen i Costa Adeje<\/a><\/li>\n\n\n\n<li style=\"font-size:14px\"><a href=\"https:\/\/canarias-lovers.com\/sv\/var-kan-bo-puerto-de-la-cruz-basta-hotellen-stadsdelarna\/\" target=\"_blank\" rel=\"noreferrer noopener\">B\u00e4sta hotellen i Puerto de La Cruz<\/a><\/li>\n\n\n\n<li style=\"font-size:14px\"><a href=\"https:\/\/canarias-lovers.com\/sv\/var-kan-bo-los-gigantes-tenerife-basta-hotellen-stadsdelarna\/\" target=\"_blank\" rel=\"noreferrer noopener\">B\u00e4sta hotell i Los Gigantes<\/a><\/li>\n\n\n\n<li style=\"font-size:14px\"><a href=\"https:\/\/canarias-lovers.com\/sv\/var-kan-bo-santa-cruz-tenerife-basta-hotellen-stadsdelarna\/\" target=\"_blank\" rel=\"noreferrer noopener\">B\u00e4sta hotellen i Santa Cruz<\/a><\/li>\n\n\n\n<li style=\"font-size:14px\"><a href=\"https:\/\/canarias-lovers.com\/sv\/var-kan-bo-san-cristobal-la-laguna-tenerife-basta-hotellen-stadsdelarna\/\" target=\"_blank\" rel=\"noreferrer noopener\">B\u00e4sta hotellen i la Laguna<\/a><\/li>\n\n\n\n<li style=\"font-size:14px\"><a href=\"https:\/\/canarias-lovers.com\/ou-dormir-a-playa-de-las-americas-15-meilleurs-hotels-2024\/\" target=\"_blank\" rel=\"noreferrer noopener\">B\u00e4sta hotellen i Playa de las Americas<\/a><\/li>\n\n\n\n<li style=\"font-size:14px\"><a href=\"https:\/\/canarias-lovers.com\/sv\/var-kan-bo-los-cristianos-teneriffa-basta-hotellen-stadsdelarna\/\">B\u00e4sta hotellen i Los Cristianos<\/a><\/li>\n<\/ul>\n<\/div>\n\n\n\n<div class=\"wp-block-column is-vertically-aligned-top planif-radius is-layout-flow wp-block-column-is-layout-flow\" style=\"flex-basis:40%\">\n<figure class=\"wp-block-image size-large img-portrait\"><img decoding=\"async\" src=\"https:\/\/photos.smugmug.com\/Canarias-Lovers\/Tenerife\/Costa-Adeje\/H%C3%B4tels-Costa-Adeje\/Royal-Hideaway-Corales-resort\/i-ZsV2WxR\/0\/MSJTcCCRPZ3CwqHnkBwJgZVqLZqGD5NwHNP59BBr6\/L\/pool%20corales%20royal%20hideaway%20hotel%20costa%20adeje%20tenerife-L.jpg\" alt=\"hotellpool Royal hideway Corales\" title=\"\"\/><\/figure>\n<\/div>\n<\/div>\n<\/div><\/div><\/div>\n\n<h2 class=\"wp-block-heading\"><span class=\"ez-toc-section\" id=\"Vart_ska_vi_aka_Vindskyddade_omraden_och_strander_pa_Teneriffa\"><\/span>Vart ska vi \u00e5ka? Vindskyddade omr\u00e5den och str\u00e4nder p\u00e5 Teneriffa<span class=\"ez-toc-section-end\"><\/span><\/h2>\n\n<h3 class=\"wp-block-heading\">Mindre bl\u00e5siga omr\u00e5den p\u00e5 Teneriffa<\/h3>\n\n<p>S\u00f6dra och sydv\u00e4stra delen av \u00f6n \u00e4r de omr\u00e5den som \u00e4r mest skyddade fr\u00e5n vinden. Tack vare Teides naturliga barri\u00e4r tappar passadvindarna mycket av sin styrka innan de n\u00e5r denna kust. Badorterna Costa Adeje, Los Cristianos och Playa de las Am\u00e9ricas \u00e5tnjuter detta skydd. Vi hade regelbundet lugna dagar h\u00e4r, \u00e4ven n\u00e4r norra delen av \u00f6n var vindpinad.<\/p>\n\n<p>Se v\u00e5rt urval av de b\u00e4sta hotellen i <a href=\"https:\/\/canarias-lovers.com\/sv\/var-att-sova-kosta-adeje-basta-hotell-stadsdelarna\/\" target=\"_blank\" rel=\"noreferrer noopener\">Costa Adeje<\/a>, <a href=\"https:\/\/canarias-lovers.com\/sv\/var-kan-bo-los-cristianos-teneriffa-basta-hotellen-stadsdelarna\/\" target=\"_blank\" rel=\"noreferrer noopener\">Los Cristianos<\/a> och <a href=\"https:\/\/canarias-lovers.com\/ou-dormir-a-playa-de-las-americas-15-meilleurs-hotels-2024\/\" target=\"_blank\" rel=\"noreferrer noopener\">Playa de las Americas.<\/a><\/p>\n\n<p>\u00d6stkusten, runt staden Candelaria och El M\u00e9dano (exklusive vindsurfingomr\u00e5det), erbjuder ocks\u00e5 ofta mildare f\u00f6rh\u00e5llanden \u00e4n norr. <a href=\"https:\/\/canarias-lovers.com\/sv\/sevardheter-medano-teneriffa-att-gora\/\" type=\"post\" id=\"6374\" target=\"_blank\" rel=\"noreferrer noopener\">El M\u00e9dano<\/a> \u00e4r \u00e5 andra sidan k\u00e4nt f\u00f6r sin vind, vilket g\u00f6r det till en popul\u00e4r plats f\u00f6r kitesurfare och vindsurfare.<\/p>\n\n<figure class=\"wp-block-image size-large\"><img decoding=\"async\" src=\"https:\/\/photos.smugmug.com\/Canarias-Lovers\/Tenerife\/El-Medano\/Town\/i-9QPjDKf\/0\/LL7jPDcPQHXJt5kLvPsQM9ZpvHXmnLKcHsFrvjTtM\/L\/el-medano-1-L.jpg\" alt=\"El M&#xE9;dano\"\/><\/figure>\n\n<h3 class=\"wp-block-heading\">\u00c4r Teneriffa f\u00f6r bl\u00e5sigt f\u00f6r solbad?<\/h3>\n\n<p>I s\u00f6dra delen av \u00f6n, s\u00e4llan. De flesta str\u00e4nderna i omr\u00e5det \u00e4r tillr\u00e4ckligt skyddade f\u00f6r att man ska kunna njuta av solen utan problem. I norr eller p\u00e5 utsatta str\u00e4nder kan det vissa dagar vara mindre bekv\u00e4mt att sola, men det brukar inte vara s\u00e5 l\u00e4nge.<\/p>\n\n<h3 class=\"wp-block-heading\">Vilka str\u00e4nder \u00e4r skyddade fr\u00e5n vinden p\u00e5 Teneriffa?<\/h3>\n\n<p>Flera str\u00e4nder p\u00e5 s\u00f6dra delen av \u00f6n erbjuder bra skydd mot vinden:<\/p>\n\n<ul class=\"wp-block-list\">\n<li>Playa del Duque i Costa Adeje, kantad av klippor som sk\u00e4r genom vinden<\/li>\n\n\n\n<li>Playa de las Vistas i Los Cristianos, en stor, v\u00e4l skyddad stadsstrand<\/li>\n\n\n\n<li>Playa de Troya i Playa de las Am\u00e9ricas, skyddad av de omgivande byggnaderna<\/li>\n\n\n\n<li>Playa de la Arena i Santiago del Teide, en svart sandstrand som ligger inb\u00e4ddad i en vik<\/li>\n<\/ul>\n\n<p>I norr \u00e4r skyddade alternativ mer s\u00e4llsynta. Playa de las Teresitas, n\u00e4ra Santa Cruz de Tenerife, har en viss grad av skydd tack vare Anaga-massivet som \u00f6verblickar den, men det \u00e4r inte skyddat de dagar d\u00e5 passadvindarna \u00e4r starka.<\/p>\n\n<p><a href=\"https:\/\/canarias-lovers.com\/sv\/basta-stranderna-teneriffa\/\" type=\"post\" id=\"3929\" target=\"_blank\" rel=\"noreferrer noopener\">Se v\u00e5r lista \u00f6ver de vackraste str\u00e4nderna p\u00e5 Teneriffa.<\/a><\/p>\n\n<figure class=\"wp-block-image size-large\"><img decoding=\"async\" src=\"https:\/\/photos.smugmug.com\/Canarias-Lovers\/Tenerife\/Playa-del-Duque\/Playa-sur\/i-5kMG8Bt\/0\/MF4QXCSPBK3K4QHf2v428Xs39N8TgKvbtHfGfkncd\/L\/playa-duque-sur-3-L.jpg\" alt=\"Playa del Duque\"\/><figcaption class=\"wp-element-caption\">Playa del Duque<\/figcaption><\/figure>\n\n<h3 class=\"wp-block-heading\">Ta reda p\u00e5 vart du ska g\u00e5 varje dag beroende p\u00e5 vinden<\/h3>\n\n<p>V\u00e5rt r\u00e5d \u00e4r enkelt: kolla prognosen p\u00e5 morgonen och anpassa ditt program. Om vinden bl\u00e5ser fr\u00e5n nordost ska du v\u00e4lja str\u00e4nder i s\u00f6der och sydv\u00e4st. Om dagen ser ut att bli lugn \u00e4r det ett bra tillf\u00e4lle att utforska den norra delen av landet och dess spektakul\u00e4ra landskap.<\/p>\n\n<p>Med applikationen <a href=\"https:\/\/windy.app\" target=\"_blank\" rel=\"noreferrer noopener nofollow\">windy.<\/a> app kan du \u00f6vervaka vindstyrka och vindriktning \u00f6ver hela \u00f6n i realtid. H\u00e4r kan du kontrollera prognoserna timme f\u00f6r timme och g\u00f6ra ett v\u00e4lgrundat val av destination f\u00f6r dagen.  <\/p>\n\n<div style=\"margin-top:8%;margin-bottom:8%\" class=\"wp-block-genesis-blocks-gb-container box gb-block-container\"><div class=\"gb-container-inside\"><div class=\"gb-container-content\">\n<div class=\"wp-block-columns inverse is-layout-flex wp-container-core-columns-is-layout-9d6595d7 wp-block-columns-is-layout-flex\">\n<div class=\"wp-block-column texte_planif is-layout-flow wp-block-column-is-layout-flow\" style=\"flex-basis:58%\">\n<h5 class=\"titre_box\" style=\"padding-top:10px\">HA KUL I TENERIFE: <span class=\"titre_box_manuscrit\">aktiviteter<\/span><\/h5>\n\n\n\n<p style=\"font-size:16px\"><a href=\"https:\/\/www.getyourguide.se\/s\/?q=Dauphins+Tenerife&amp;searchSource=3&amp;partner_id=R3GYW4V&amp;cmp=CAL\" target=\"_blank\" rel=\"noreferrer noopener sponsored nofollow\">Spana p\u00e5 delfiner<\/a><br\/><a href=\"https:\/\/www.getyourguide.se\/s\/?q=Buggy+Tenerife&amp;searchSource=3&amp;partner_id=R3GYW4V&amp;cmp=CAL\" target=\"_blank\" rel=\"noreferrer noopener sponsored nofollow\">Buggy \/ fyrhjuling<\/a><br\/><a href=\"https:\/\/www.getyourguide.se\/s\/?q=snorkeling+Tenerife&amp;searchSource=3&amp;partner_id=R3GYW4V&amp;cmp=CAL\" target=\"_blank\" rel=\"noreferrer noopener sponsored nofollow\">Snorkling<\/a><\/p>\n<\/div>\n\n\n\n<div class=\"wp-block-column ville-radius is-layout-flow wp-block-column-is-layout-flow\" style=\"flex-basis:42%\">\n<figure class=\"wp-block-image size-large img-portrait\"><img decoding=\"async\" src=\"https:\/\/photos.smugmug.com\/Canarias-Lovers\/Tenerife\/Best-of\/i-wQrB5Lp\/0\/LrTR9c4Tnm6PWfsxrwZfkmGvPdbFXhh9dJ3FzzWmt\/S\/tenerife-dauphins-1-S.jpg\" alt=\"Valar p&#xE5; Teneriffa\" title=\"\"\/><\/figure>\n<\/div>\n<\/div>\n<\/div><\/div><\/div>\n\n<h2 class=\"wp-block-heading\"><span class=\"ez-toc-section\" id=\"Tips_for_att_hantera_vinden_pa_Teneriffa\"><\/span>Tips f\u00f6r att hantera vinden p\u00e5 Teneriffa<span class=\"ez-toc-section-end\"><\/span><\/h2>\n\n<h3 class=\"wp-block-heading\">Skydda dina \u00e4godelar p\u00e5 stranden<\/h3>\n\n<p>Under bl\u00e5siga dagar kan sand flyga iv\u00e4g och handdukar bl\u00e5sa bort. Vi rekommenderar att du tar med dig strandkl\u00e4despinnar f\u00f6r att f\u00e4sta handduken i solstolen. En vattent\u00e4t v\u00e4ska eller p\u00e5se med dragkedja skyddar din telefon och dina dokument fr\u00e5n sanden.<\/p>\n\n<h3 class=\"wp-block-heading\">Solkr\u00e4m \u00e4r viktigt<\/h3>\n\n<p>Vinden g\u00f6r att det k\u00e4nns bedr\u00e4gligt svalt. Den kanariska solen \u00e4r fortfarande stark, \u00e4ven om brisen kyler ner dig. Applicera en solkr\u00e4m med h\u00f6g SPF och \u00e5terapplicera regelbundet. Vi vill understryka f\u00f6ljande: De sv\u00e5raste solbr\u00e4nningarna intr\u00e4ffar ofta under bl\u00e5siga dagar, d\u00e5 man inte \u00e4r medveten om str\u00e5lningens intensitet.<\/p>\n\n<h3 class=\"wp-block-heading\">Ta med kl\u00e4der som \u00e4r l\u00e4mpliga f\u00f6r h\u00f6jden<\/h3>\n\n<p>Om du planerar att bes\u00f6ka Teide nationalpark eller vandra i Anaga Rural Park, ta med dig en vindt\u00e4t jacka. P\u00e5 h\u00f6g h\u00f6jd sjunker temperaturen snabbt och vinden g\u00f6r att det k\u00e4nns \u00e4nnu kallare. P\u00e5 toppen av Mount Teide \u00e4r det inte ovanligt att temperaturen ligger n\u00e4ra 0\u00b0C, \u00e4ven p\u00e5 sommaren.<\/p>\n\n<figure class=\"wp-block-image size-large\"><img decoding=\"async\" src=\"https:\/\/photos.smugmug.com\/Canarias-Lovers\/Tenerife\/Teide\/Roques-de-Garcia\/i-fkQMLb8\/0\/LrG9GgNpFP9FCdZgMzQBh9s4X3kxxc6fDWJjCRQbD\/L\/path-roques-garcia-L.jpg\" alt=\"t&#xE4;ckande kl&#xE4;der f&#xF6;r vandring p&#xE5; h&#xF6;g h&#xF6;jd\"\/><\/figure>\n\n<h3 class=\"wp-block-heading\">F\u00e5 ut det mesta av vinden: vattensporter<\/h3>\n\n<p>Vindkraft \u00e4r inte bara en begr\u00e4nsning, det \u00e4r ocks\u00e5 en m\u00f6jlighet. El M\u00e9dano, p\u00e5 \u00f6ns syd\u00f6stra del, \u00e4r en av Europas mest k\u00e4nda kitesurfing- och vindsurfingplatser. Om du \u00e4r en ivrig snowboard\u00e5kare \u00e4r f\u00f6rh\u00e5llandena ofta idealiska mellan april och augusti. Skolorna erbjuder kurser f\u00f6r alla niv\u00e5er.<\/p>\n\n<p>Dessutom \u00e4r bl\u00e5siga dagar perfekta f\u00f6r att titta p\u00e5 v\u00e5gorna p\u00e5 norra och v\u00e4stra kusten. Det \u00e4r ett hisnande sk\u00e5despel, s\u00e4rskilt vid Garachico och Los Gigantes.<\/p>\n\n<div style=\"background-color:#fefefe;margin-top:6%;margin-bottom:6%\" class=\"wp-block-genesis-blocks-gb-container box gb-block-container\"><div class=\"gb-container-inside\"><div class=\"gb-container-content\" style=\"max-width:700px\">\n<div class=\"wp-block-columns inverse is-layout-flex wp-container-core-columns-is-layout-9d6595d7 wp-block-columns-is-layout-flex\">\n<div class=\"wp-block-column texte_planif is-layout-flow wp-block-column-is-layout-flow\" style=\"flex-basis:58%\">\n<h5 class=\"titre_box\">LITE MER <span class=\"titre_box_manuscrit\">t\u00e5lamod<\/span><\/h5>\n\n\n\n<p style=\"font-size:14px\">Alla foton, kartor, information och anv\u00e4ndbara adresser som du beh\u00f6ver f\u00f6r att f\u00e5 ut det mesta av <strong>din vistelse p\u00e5 Kanarie\u00f6arna<\/strong> kommer <strong>snart<\/strong> att finnas tillg\u00e4ngliga i en enda e-bok!<\/p>\n\n\n\n<p style=\"font-size:14px\">Om du vill f\u00e5 information n\u00e4r v\u00e5r <strong>guide till Kanarie\u00f6arna<\/strong> publiceras, registrera dig:<\/p>\n\n\n<script>\nvar gform;gform||(document.addEventListener(\"gform_main_scripts_loaded\",function(){gform.scriptsLoaded=!0}),document.addEventListener(\"gform\/theme\/scripts_loaded\",function(){gform.themeScriptsLoaded=!0}),window.addEventListener(\"DOMContentLoaded\",function(){gform.domLoaded=!0}),gform={domLoaded:!1,scriptsLoaded:!1,themeScriptsLoaded:!1,isFormEditor:()=>\"function\"==typeof InitializeEditor,callIfLoaded:function(o){return!(!gform.domLoaded||!gform.scriptsLoaded||!gform.themeScriptsLoaded&&!gform.isFormEditor()||(gform.isFormEditor()&&console.warn(\"The use of gform.initializeOnLoaded() is deprecated in the form editor context and will be removed in Gravity Forms 3.1.\"),o(),0))},initializeOnLoaded:function(o){gform.callIfLoaded(o)||(document.addEventListener(\"gform_main_scripts_loaded\",()=>{gform.scriptsLoaded=!0,gform.callIfLoaded(o)}),document.addEventListener(\"gform\/theme\/scripts_loaded\",()=>{gform.themeScriptsLoaded=!0,gform.callIfLoaded(o)}),window.addEventListener(\"DOMContentLoaded\",()=>{gform.domLoaded=!0,gform.callIfLoaded(o)}))},hooks:{action:{},filter:{}},addAction:function(o,r,e,t){gform.addHook(\"action\",o,r,e,t)},addFilter:function(o,r,e,t){gform.addHook(\"filter\",o,r,e,t)},doAction:function(o){gform.doHook(\"action\",o,arguments)},applyFilters:function(o){return gform.doHook(\"filter\",o,arguments)},removeAction:function(o,r){gform.removeHook(\"action\",o,r)},removeFilter:function(o,r,e){gform.removeHook(\"filter\",o,r,e)},addHook:function(o,r,e,t,n){null==gform.hooks[o][r]&&(gform.hooks[o][r]=[]);var d=gform.hooks[o][r];null==n&&(n=r+\"_\"+d.length),gform.hooks[o][r].push({tag:n,callable:e,priority:t=null==t?10:t})},doHook:function(r,o,e){var t;if(e=Array.prototype.slice.call(e,1),null!=gform.hooks[r][o]&&((o=gform.hooks[r][o]).sort(function(o,r){return o.priority-r.priority}),o.forEach(function(o){\"function\"!=typeof(t=o.callable)&&(t=window[t]),\"action\"==r?t.apply(null,e):e[0]=t.apply(null,e)})),\"filter\"==r)return e[0]},removeHook:function(o,r,t,n){var e;null!=gform.hooks[o][r]&&(e=(e=gform.hooks[o][r]).filter(function(o,r,e){return!!(null!=n&&n!=o.tag||null!=t&&t!=o.priority)}),gform.hooks[o][r]=e)}});\n<\/script>\n\n                <div class='gf_browser_gecko gform_wrapper gform-theme gform-theme--foundation gform-theme--framework gform-theme--orbital' data-form-theme='orbital' data-form-index='0' id='gform_wrapper_2' ><style>#gform_wrapper_2[data-form-index=\"0\"].gform-theme,[data-parent-form=\"2_0\"]{--gf-color-primary: #204ce5;--gf-color-primary-rgb: 32, 76, 229;--gf-color-primary-contrast: #fff;--gf-color-primary-contrast-rgb: 255, 255, 255;--gf-color-primary-darker: #001AB3;--gf-color-primary-lighter: #527EFF;--gf-color-secondary: #fff;--gf-color-secondary-rgb: 255, 255, 255;--gf-color-secondary-contrast: #112337;--gf-color-secondary-contrast-rgb: 17, 35, 55;--gf-color-secondary-darker: #F5F5F5;--gf-color-secondary-lighter: #FFFFFF;--gf-color-out-ctrl-light: rgba(17, 35, 55, 0.1);--gf-color-out-ctrl-light-rgb: 17, 35, 55;--gf-color-out-ctrl-light-darker: rgba(104, 110, 119, 0.35);--gf-color-out-ctrl-light-lighter: #F5F5F5;--gf-color-out-ctrl-dark: #585e6a;--gf-color-out-ctrl-dark-rgb: 88, 94, 106;--gf-color-out-ctrl-dark-darker: #112337;--gf-color-out-ctrl-dark-lighter: rgba(17, 35, 55, 0.65);--gf-color-in-ctrl: #fff;--gf-color-in-ctrl-rgb: 255, 255, 255;--gf-color-in-ctrl-contrast: #112337;--gf-color-in-ctrl-contrast-rgb: 17, 35, 55;--gf-color-in-ctrl-darker: #F5F5F5;--gf-color-in-ctrl-lighter: #FFFFFF;--gf-color-in-ctrl-primary: #204ce5;--gf-color-in-ctrl-primary-rgb: 32, 76, 229;--gf-color-in-ctrl-primary-contrast: #fff;--gf-color-in-ctrl-primary-contrast-rgb: 255, 255, 255;--gf-color-in-ctrl-primary-darker: #001AB3;--gf-color-in-ctrl-primary-lighter: #527EFF;--gf-color-in-ctrl-light: rgba(17, 35, 55, 0.1);--gf-color-in-ctrl-light-rgb: 17, 35, 55;--gf-color-in-ctrl-light-darker: rgba(104, 110, 119, 0.35);--gf-color-in-ctrl-light-lighter: #F5F5F5;--gf-color-in-ctrl-dark: #585e6a;--gf-color-in-ctrl-dark-rgb: 88, 94, 106;--gf-color-in-ctrl-dark-darker: #112337;--gf-color-in-ctrl-dark-lighter: rgba(17, 35, 55, 0.65);--gf-radius: 3px;--gf-font-size-secondary: 14px;--gf-font-size-tertiary: 13px;--gf-icon-ctrl-number: url(\"data:image\/svg+xml,%3Csvg width='8' height='14' viewBox='0 0 8 14' fill='none' xmlns='http:\/\/www.w3.org\/2000\/svg'%3E%3Cpath fill-rule='evenodd' clip-rule='evenodd' d='M4 0C4.26522 5.96046e-08 4.51957 0.105357 4.70711 0.292893L7.70711 3.29289C8.09763 3.68342 8.09763 4.31658 7.70711 4.70711C7.31658 5.09763 6.68342 5.09763 6.29289 4.70711L4 2.41421L1.70711 4.70711C1.31658 5.09763 0.683417 5.09763 0.292893 4.70711C-0.0976311 4.31658 -0.097631 3.68342 0.292893 3.29289L3.29289 0.292893C3.48043 0.105357 3.73478 0 4 0ZM0.292893 9.29289C0.683417 8.90237 1.31658 8.90237 1.70711 9.29289L4 11.5858L6.29289 9.29289C6.68342 8.90237 7.31658 8.90237 7.70711 9.29289C8.09763 9.68342 8.09763 10.3166 7.70711 10.7071L4.70711 13.7071C4.31658 14.0976 3.68342 14.0976 3.29289 13.7071L0.292893 10.7071C-0.0976311 10.3166 -0.0976311 9.68342 0.292893 9.29289Z' fill='rgba(17, 35, 55, 0.65)'\/%3E%3C\/svg%3E\");--gf-icon-ctrl-select: url(\"data:image\/svg+xml,%3Csvg width='10' height='6' viewBox='0 0 10 6' fill='none' xmlns='http:\/\/www.w3.org\/2000\/svg'%3E%3Cpath fill-rule='evenodd' clip-rule='evenodd' d='M0.292893 0.292893C0.683417 -0.097631 1.31658 -0.097631 1.70711 0.292893L5 3.58579L8.29289 0.292893C8.68342 -0.0976311 9.31658 -0.0976311 9.70711 0.292893C10.0976 0.683417 10.0976 1.31658 9.70711 1.70711L5.70711 5.70711C5.31658 6.09763 4.68342 6.09763 4.29289 5.70711L0.292893 1.70711C-0.0976311 1.31658 -0.0976311 0.683418 0.292893 0.292893Z' fill='rgba(17, 35, 55, 0.65)'\/%3E%3C\/svg%3E\");--gf-icon-ctrl-search: url(\"data:image\/svg+xml,%3Csvg width='640' height='640' xmlns='http:\/\/www.w3.org\/2000\/svg'%3E%3Cpath d='M256 128c-70.692 0-128 57.308-128 128 0 70.691 57.308 128 128 128 70.691 0 128-57.309 128-128 0-70.692-57.309-128-128-128zM64 256c0-106.039 85.961-192 192-192s192 85.961 192 192c0 41.466-13.146 79.863-35.498 111.248l154.125 154.125c12.496 12.496 12.496 32.758 0 45.254s-32.758 12.496-45.254 0L367.248 412.502C335.862 434.854 297.467 448 256 448c-106.039 0-192-85.962-192-192z' fill='rgba(17, 35, 55, 0.65)'\/%3E%3C\/svg%3E\");--gf-label-space-y-secondary: var(--gf-label-space-y-md-secondary);--gf-ctrl-border-color: #686e77;--gf-ctrl-size: var(--gf-ctrl-size-md);--gf-ctrl-label-color-primary: #112337;--gf-ctrl-label-color-secondary: #112337;--gf-ctrl-choice-size: var(--gf-ctrl-choice-size-md);--gf-ctrl-checkbox-check-size: var(--gf-ctrl-checkbox-check-size-md);--gf-ctrl-radio-check-size: var(--gf-ctrl-radio-check-size-md);--gf-ctrl-btn-font-size: var(--gf-ctrl-btn-font-size-md);--gf-ctrl-btn-padding-x: var(--gf-ctrl-btn-padding-x-md);--gf-ctrl-btn-size: var(--gf-ctrl-btn-size-md);--gf-ctrl-btn-border-color-secondary: #686e77;--gf-ctrl-file-btn-bg-color-hover: #EBEBEB;--gf-field-img-choice-size: var(--gf-field-img-choice-size-md);--gf-field-img-choice-card-space: var(--gf-field-img-choice-card-space-md);--gf-field-img-choice-check-ind-size: var(--gf-field-img-choice-check-ind-size-md);--gf-field-img-choice-check-ind-icon-size: var(--gf-field-img-choice-check-ind-icon-size-md);--gf-field-pg-steps-number-color: rgba(17, 35, 55, 0.8);}<\/style><form method='post' enctype='multipart\/form-data'  id='gform_2'  action='\/sv\/wp-json\/wp\/v2\/posts\/8536' data-formid='2' novalidate> \r\n <input type='hidden' class='gforms-pum' value='{\"closepopup\":false,\"closedelay\":0,\"openpopup\":false,\"openpopup_id\":0}' \/>\n                        <div class='gform-body gform_body'><div id='gform_fields_2' class='gform_fields top_label form_sublabel_below description_below validation_below'><div id=\"field_2_1\" class=\"gfield gfield--type-website gfield--input-type-website field_sublabel_below gfield--no-description field_description_below field_validation_below gfield_visibility_hidden\"  ><div class=\"admin-hidden-markup\"><i class=\"gform-icon gform-icon--hidden\" aria-hidden=\"true\" title=\"Detta f\u00e4lt \u00e4r dolt n\u00e4r formul\u00e4ret visas\"><\/i><span>Detta f\u00e4lt \u00e4r dolt n\u00e4r formul\u00e4ret visas<\/span><\/div><label class='gfield_label gform-field-label' for='input_2_1'>Site Web<\/label><div class='ginput_container ginput_container_website'>\n                    <input name='input_1' id='input_2_1' type='url' value='https:\/\/canarias-lovers.com\/sv\/wp-json\/wp\/v2\/posts\/8536' class='large'    placeholder='https:\/\/'  aria-invalid=\"false\" \/>\n                <\/div><\/div><div id=\"field_2_3\" class=\"gfield gfield--type-email gfield--input-type-email gfield--width-full gfield_contains_required field_sublabel_below gfield--no-description field_description_below hidden_label field_validation_below gfield_visibility_visible\"  ><label class='gfield_label gform-field-label' for='input_2_3'>E-mail<span class=\"gfield_required\"><span class=\"gfield_required gfield_required_text\">(Obligatoriskt)<\/span><\/span><\/label><div class='ginput_container ginput_container_email'>\n                            <input name='input_3' id='input_2_3' type='email' value='' class='large'    aria-required=\"true\" aria-invalid=\"false\"  \/>\n                        <\/div><\/div><\/div><\/div>\n        <div class='gform-footer gform_footer top_label'> <input type='submit' id='gform_submit_button_2' class='gform_button button' onclick='gform.submission.handleButtonClick(this);' data-submission-type='submit' value='Prenumerera'  \/> \n            <input type='hidden' class='gform_hidden' name='gform_submission_method' data-js='gform_submission_method_2' value='postback' \/>\n            <input type='hidden' class='gform_hidden' name='gform_theme' data-js='gform_theme_2' id='gform_theme_2' value='orbital' \/>\n            <input type='hidden' class='gform_hidden' name='gform_style_settings' data-js='gform_style_settings_2' id='gform_style_settings_2' value='{&quot;inputPrimaryColor&quot;:&quot;#204ce5&quot;}' \/>\n            <input type='hidden' class='gform_hidden' name='is_submit_2' value='1' \/>\n            <input type='hidden' class='gform_hidden' name='gform_submit' value='2' \/>\n            \n            <input type='hidden' class='gform_hidden' name='gform_currency' data-currency='EUR' value='W2KyTkvoID8JEd2BHteyWMRWrsWekNxgTg2dyTvzu8KRlFb2lDkhZ8fuNBax5KHmJHKiaMee0GuMzlo69Vfp0P8WxUvGp3t2KqMmQLtb2Dia53c=' \/>\n            <input type='hidden' class='gform_hidden' name='gform_unique_id' value='' \/>\n            <input type='hidden' class='gform_hidden' name='state_2' value='WyJbXSIsImYwNjdmM2RlZjkzZGI5YjM2NWY4ZmY4ZDRhNWY0OGY0Il0=' \/>\n            <input type='hidden' autocomplete='off' class='gform_hidden' name='gform_target_page_number_2' id='gform_target_page_number_2' value='0' \/>\n            <input type='hidden' autocomplete='off' class='gform_hidden' name='gform_source_page_number_2' id='gform_source_page_number_2' value='1' \/>\n            <input type='hidden' name='gform_field_values' value='' \/>\n            \n        <\/div>\n                        <\/form>\n                        <\/div><script>\ngform.initializeOnLoaded( function() {gformInitSpinner( 2, 'https:\/\/canarias-lovers.com\/wp-content\/plugins\/gravityforms\/images\/spinner.svg', false );jQuery('#gform_ajax_frame_2').on('load',function(){var contents = jQuery(this).contents().find('*').html();var is_postback = contents.indexOf('GF_AJAX_POSTBACK') >= 0;if(!is_postback){return;}var form_content = jQuery(this).contents().find('#gform_wrapper_2');var is_confirmation = jQuery(this).contents().find('#gform_confirmation_wrapper_2').length > 0;var is_redirect = contents.indexOf('gformRedirect(){') >= 0;var is_form = form_content.length > 0 && ! is_redirect && ! is_confirmation;var mt = parseInt(jQuery('html').css('margin-top'), 10) + parseInt(jQuery('body').css('margin-top'), 10) + 100;if(is_form){jQuery('#gform_wrapper_2').html(form_content.html());if(form_content.hasClass('gform_validation_error')){jQuery('#gform_wrapper_2').addClass('gform_validation_error');} else {jQuery('#gform_wrapper_2').removeClass('gform_validation_error');}setTimeout( function() { \/* delay the scroll by 50 milliseconds to fix a bug in chrome *\/  }, 50 );if(window['gformInitDatepicker']) {gformInitDatepicker();}if(window['gformInitPriceFields']) {gformInitPriceFields();}var current_page = jQuery('#gform_source_page_number_2').val();gformInitSpinner( 2, 'https:\/\/canarias-lovers.com\/wp-content\/plugins\/gravityforms\/images\/spinner.svg', false );jQuery(document).trigger('gform_page_loaded', [2, current_page]);window['gf_submitting_2'] = false;}else if(!is_redirect){var confirmation_content = jQuery(this).contents().find('.GF_AJAX_POSTBACK').html();if(!confirmation_content){confirmation_content = contents;}jQuery('#gform_wrapper_2').replaceWith(confirmation_content);jQuery(document).trigger('gform_confirmation_loaded', [2]);window['gf_submitting_2'] = false;wp.a11y.speak(jQuery('#gform_confirmation_message_2').text());}else{jQuery('#gform_2').append(contents);if(window['gformRedirect']) {gformRedirect();}}jQuery(document).trigger(\"gform_pre_post_render\", [{ formId: \"2\", currentPage: \"current_page\", abort: function() { this.preventDefault(); } }]);        if (event && event.defaultPrevented) {                return;        }        const gformWrapperDiv = document.getElementById( \"gform_wrapper_2\" );        if ( gformWrapperDiv ) {            const visibilitySpan = document.createElement( \"span\" );            visibilitySpan.id = \"gform_visibility_test_2\";            gformWrapperDiv.insertAdjacentElement( \"afterend\", visibilitySpan );        }        const visibilityTestDiv = document.getElementById( \"gform_visibility_test_2\" );        let postRenderFired = false;        function triggerPostRender() {            if ( postRenderFired ) {                return;            }            postRenderFired = true;            gform.core.triggerPostRenderEvents( 2, current_page );            if ( visibilityTestDiv ) {                visibilityTestDiv.parentNode.removeChild( visibilityTestDiv );            }        }        function debounce( func, wait, immediate ) {            var timeout;            return function() {                var context = this, args = arguments;                var later = function() {                    timeout = null;                    if ( !immediate ) func.apply( context, args );                };                var callNow = immediate && !timeout;                clearTimeout( timeout );                timeout = setTimeout( later, wait );                if ( callNow ) func.apply( context, args );            };        }        const debouncedTriggerPostRender = debounce( function() {            triggerPostRender();        }, 200 );        if ( visibilityTestDiv && visibilityTestDiv.offsetParent === null ) {            const observer = new MutationObserver( ( mutations ) => {                mutations.forEach( ( mutation ) => {                    if ( mutation.type === 'attributes' && visibilityTestDiv.offsetParent !== null ) {                        debouncedTriggerPostRender();                        observer.disconnect();                    }                });            });            observer.observe( document.body, {                attributes: true,                childList: false,                subtree: true,                attributeFilter: [ 'style', 'class' ],            });        } else {            triggerPostRender();        }    } );} );\n<\/script>\n<\/div>\n\n\n\n<div class=\"wp-block-column is-layout-flow wp-block-column-is-layout-flow\" style=\"flex-basis:42%\">\n<div class=\"wp-block-genesis-blocks-gb-container ebook-radius-waitlist gb-block-container\"><div class=\"gb-container-inside\"><div class=\"gb-container-content\"><div class=\"wp-block-image ebook-image\">\n<figure class=\"aligncenter size-large\"><img decoding=\"async\" src=\"https:\/\/loirelovers.fr\/wp-content\/uploads\/2023\/03\/ebooks_CorseNormandie_FR.png\" alt=\"Box Ebook Korsika FR\"\/><\/figure>\n<\/div><\/div><\/div><\/div>\n<\/div>\n<\/div>\n<\/div><\/div><\/div>\n\n<h2 class=\"wp-block-heading\"><span class=\"ez-toc-section\" id=\"Vad_ar_calima\"><\/span>Vad \u00e4r calima?<span class=\"ez-toc-section-end\"><\/span><\/h2>\n\n<p>Calima \u00e4r ett meteorologiskt fenomen som drabbar alla Kanarie\u00f6arna, inklusive Teneriffa. Det h\u00e4r \u00e4r en varm vind med sand och damm som bl\u00e5ser fr\u00e5n Sahara. N\u00e4r en calima intr\u00e4ffar f\u00e5r himlen en gul-orange nyans och sikten minskar.<\/p>\n\n<p>Detta fenomen varar i allm\u00e4nhet mellan tv\u00e5 och fem dagar. Det \u00e4r vanligast under vinter och v\u00e5r, men kan intr\u00e4ffa n\u00e4r som helst under \u00e5ret. Under en calima stiger temperaturen med flera grader och luften blir torr.  <\/p>\n\n<p>I h\u00e4ndelse av intensiv kalima \u00e4r det att f\u00f6redra att begr\u00e4nsa utomhusaktiviteter, s\u00e4rskilt f\u00f6r personer med k\u00e4nsliga luftv\u00e4gar. H\u00e5ll dig hydrerad och v\u00e4lj luftkonditionerade inomhusutrymmen eller bes\u00f6k p\u00e5 museer och i byar.<\/p>\n\n<figure class=\"wp-block-image size-large\"><img decoding=\"async\" src=\"https:\/\/photos.smugmug.com\/Canarias-Lovers\/Tenerife\/Buenavista-Punto\/Punta-de-Teno\/i-zfVd7Qb\/0\/NC7gtDjdQGqkQ8JBfkQx9T6SSHjf35NN7JKXPj9m2\/L\/los-gigantes-from-teno-L.jpg\" alt=\"Los Gigantes klippor vid soluppg&#xE5;ngen\"\/><\/figure>\n\n<h2 class=\"wp-block-heading\"><span class=\"ez-toc-section\" id=\"Andra_vanliga_fragor\"><\/span>Andra vanliga fr\u00e5gor<span class=\"ez-toc-section-end\"><\/span><\/h2>\n\n<h3 class=\"wp-block-heading\">\u00c4r det bl\u00e5sigare p\u00e5 Teneriffa \u00e4n p\u00e5 Gran Canaria?<\/h3>\n\n<p>De tv\u00e5 \u00f6arna har liknande profiler: en nordlig del som \u00e4r mer utsatt f\u00f6r passadvindarna och en sydlig del som \u00e4r mer skyddad. Totalt sett har Teneriffa n\u00e5got mer skydd tack vare det imponerande Teide-massivet. B\u00e5da resm\u00e5len \u00e4r dock mycket mindre bl\u00e5siga \u00e4n Fuerteventura eller Lanzarote.<\/p>\n\n<h3 class=\"wp-block-heading\">\u00c4r Costa Adeje bl\u00e5sigt?<\/h3>\n\n<p>Costa Adeje \u00e4r ett av de mest skyddade omr\u00e5dena p\u00e5 Teneriffa. Vinden \u00e4r i allm\u00e4nhet svag h\u00e4r tack vare det skydd som berget Teide ger. Vissa dagar kan det vara lite bl\u00e5sigt, men det h\u00e4r \u00e4r undantaget.<\/p>\n\n<h3 class=\"wp-block-heading\">\u00c4r det bl\u00e5sigt i Los Cristianos?<\/h3>\n\n<p>Liksom Costa Adeje drar Los Cristianos nytta av sitt l\u00e4ge p\u00e5 s\u00f6dra delen av \u00f6n och uts\u00e4tts s\u00e4llan f\u00f6r starka vindar. Det \u00e4r en av anledningarna till att den h\u00e4r badorten \u00e4r s\u00e5 popul\u00e4r bland resen\u00e4rer som vill ha garanterat solsken.<\/p>\n\n<h3 class=\"wp-block-heading\">\u00c4r det bl\u00e5sigt i El Medano?<\/h3>\n\n<p>Ja, El M\u00e9dano \u00e4r det bl\u00e5sigaste omr\u00e5det p\u00e5 s\u00f6dra Teneriffa. Det \u00e4r just detta som g\u00f6r det till ett paradis f\u00f6r kitesurfare och vindsurfare. Om du letar efter lugn och ro rekommenderar vi str\u00e4nderna l\u00e4ngre v\u00e4sterut, till exempel Los Cristianos och Costa Adeje.<\/p>\n\n<h3 class=\"wp-block-heading\">Bl\u00e5ser det mycket i Puerto de la Cruz?<\/h3>\n\n<p>Puerto de la Cruz ligger p\u00e5 nordkusten och \u00e4r direkt exponerad f\u00f6r passadvindarna. Vinden bl\u00e5ser mer regelbundet h\u00e4r \u00e4n i s\u00f6der. Med det sagt erbjuder staden m\u00e5nga aktiviteter som inte \u00e4r beroende av v\u00e4dret, till exempel ett bes\u00f6k i Botaniska tr\u00e4dg\u00e5rden. Vi \u00e4lskar atmosf\u00e4ren i den h\u00e4r staden, d\u00e4r vinden ger en behaglig svalka under varma dagar.<\/p>\n\n<div style=\"margin-top:8%;margin-bottom:8%\" class=\"wp-block-genesis-blocks-gb-container box gb-block-container\"><div class=\"gb-container-inside\"><div class=\"gb-container-content\" style=\"max-width:700px\">\n<div class=\"wp-block-genesis-blocks-gb-container box_titre gb-block-container\"><div class=\"gb-container-inside\"><div class=\"gb-container-content\">\n<h5 class=\"titre_box\"><span>PLANERA<\/span> DIN RESA TILL <span class=\"titre_box_manuscrit\">tenerife<\/span><\/h5>\n<\/div><\/div><\/div>\n\n\n\n<hr class=\"wp-block-separator has-text-color has-alpha-channel-opacity has-background is-style-wide hr-box-planif\" style=\"background-color:#ccd3dd;color:#ccd3dd\"\/>\n\n\n\n<div class=\"wp-block-columns box_sans_border is-layout-flex wp-container-core-columns-is-layout-9d6595d7 wp-block-columns-is-layout-flex\">\n<div class=\"wp-block-column texte_planif is-layout-flow wp-block-column-is-layout-flow\" style=\"font-size:14px;flex-basis:60%\">\n<ul class=\"wp-block-list\">\n<li><strong>B\u00e4st av<\/strong><\/li>\n<\/ul>\n\n\n\n<p class=\"ul_box\" style=\"font-size:14px\"><a href=\"https:\/\/canarias-lovers.com\/sv\/sevardheter-teneriffa-att-gora\/\" target=\"_blank\" rel=\"noreferrer noopener\">Vad man kan g\u00f6ra p\u00e5 Teneriffa<\/a><br\/><a href=\"https:\/\/canarias-lovers.com\/sv\/basta-staderna-teneriffa-byarna\/\" target=\"_blank\" rel=\"noreferrer noopener\">De vackraste st\u00e4derna och byarna<\/a><br\/><a href=\"https:\/\/canarias-lovers.com\/sv\/basta-stranderna-teneriffa\/\" target=\"_blank\" rel=\"noreferrer noopener\">De vackraste str\u00e4nderna<\/a><br\/><a href=\"https:\/\/canarias-lovers.com\/sv\/naturliga-pooler-teneriffa-laguner\/\" target=\"_blank\" rel=\"noreferrer noopener\">B\u00e4sta naturliga pooler<\/a><br\/><a href=\"https:\/\/canarias-lovers.com\/sv\/landskap-teneriffa-foton\/\" target=\"_blank\" rel=\"noreferrer noopener\">De vackraste landskapen<\/a><br\/><a href=\"https:\/\/canarias-lovers.com\/sv\/vackraste-vagarna-teneriffa\/\" target=\"_blank\" rel=\"noreferrer noopener\">De vackraste v\u00e4garna<\/a><br\/><a data-type=\"post\" data-id=\"6866\" href=\"https:\/\/canarias-lovers.com\/sv\/temaparker-teneriffa\/\" target=\"_blank\" rel=\"noreferrer noopener\">N\u00f6jesparker<\/a><br\/><a href=\"https:\/\/canarias-lovers.com\/sv\/basta-utflykter-teneriffa\/\" type=\"post\" id=\"8548\" target=\"_blank\" rel=\"noreferrer noopener\">B\u00e4sta utflykterna p\u00e5 Teneriffa<\/a><\/p>\n<\/div>\n\n\n\n<div class=\"wp-block-column is-vertically-aligned-top planif-radius is-layout-flow wp-block-column-is-layout-flow\" style=\"flex-basis:40%\">\n<figure class=\"wp-block-image size-large img-portrait\"><img decoding=\"async\" src=\"https:\/\/photos.smugmug.com\/Canarias-Lovers\/Tenerife\/Best-of\/i-pvFVTGs\/0\/0848ad4a\/S\/parc-national-teide-tenerife-S.jpg\" alt=\"Teide nationalpark p&#xE5; Teneriffa\" title=\"\"\/><\/figure>\n<\/div>\n<\/div>\n\n\n\n<hr class=\"wp-block-separator has-text-color has-alpha-channel-opacity has-background is-style-wide hr-box-planif\" style=\"background-color:#ccd3dd;color:#ccd3dd\"\/>\n\n\n\n<div class=\"wp-block-columns box_sans_border is-layout-flex wp-container-core-columns-is-layout-9d6595d7 wp-block-columns-is-layout-flex\">\n<div class=\"wp-block-column texte_planif is-layout-flow wp-block-column-is-layout-flow\" style=\"flex-basis:60%\">\n<ul class=\"wp-block-list\">\n<li><strong>Praktiska r\u00e5d<\/strong><\/li>\n<\/ul>\n\n\n\n<p style=\"font-size:14px\"><a data-type=\"post\" data-id=\"5907\" href=\"https:\/\/canarias-lovers.com\/sv\/reseguide-teneriffa-resetips\/\" target=\"_blank\" rel=\"noreferrer noopener\">25 tips f\u00f6r en lyckad resa till Teneriffa<\/a><br\/><a data-type=\"post\" data-id=\"6143\" href=\"https:\/\/canarias-lovers.com\/sv\/ta-sig-runt-teneriffa-transport\/\" target=\"_blank\" rel=\"noreferrer noopener\">Hur man tar sig runt<\/a><br\/><a data-type=\"post\" data-id=\"2175\" href=\"https:\/\/canarias-lovers.com\/sv\/hur-hyr-bil-teneriffa-tips-erfarenhet\/\" target=\"_blank\" rel=\"noreferrer noopener\">Hur man hyr en bil p\u00e5 Teneriffa<\/a><br\/><a data-type=\"post\" data-id=\"5963\" href=\"https:\/\/canarias-lovers.com\/sv\/conduire-tenerife-conseils\/\" target=\"_blank\" rel=\"noreferrer noopener\">Tips f\u00f6r k\u00f6rning<\/a><br\/>B\u00e4sta utflykter (kommer snart)<br\/><a data-type=\"post\" data-id=\"5908\" href=\"https:\/\/canarias-lovers.com\/sv\/var-ska-bo-teneriffa-basta-omradena\/\" target=\"_blank\" rel=\"noreferrer noopener\">Var du kan bo p\u00e5 Teneriffa<\/a><br\/>Resplaner: 3 dagar &#8211; 4 dagar &#8211; <a href=\"https:\/\/canarias-lovers.com\/sv\/besok-5-dagar-teneriffa-resvagar\/\" target=\"_blank\" rel=\"noreferrer noopener\">5 dagar <\/a>&#8211; <a href=\"https:\/\/canarias-lovers.com\/sv\/besok-6-dagar-teneriffa-resvagar\/\" target=\"_blank\" rel=\"noreferrer noopener\">6 dagar<\/a> &#8211; <a href=\"https:\/\/canarias-lovers.com\/sv\/besok-teneriffa-en-vecka-resvagar\/\" target=\"_blank\" rel=\"noreferrer noopener\">1 vecka <\/a>&#8211; <a href=\"https:\/\/canarias-lovers.com\/sv\/besok-10-dagar-teneriffa-resplan\/\" target=\"_blank\" rel=\"noreferrer noopener\">10 dagar<\/a><\/p>\n<\/div>\n\n\n\n<div class=\"wp-block-column is-vertically-aligned-top planif-radius is-layout-flow wp-block-column-is-layout-flow\" style=\"flex-basis:40%\">\n<figure class=\"wp-block-image size-large img-portrait\"><img decoding=\"async\" src=\"https:\/\/photos.smugmug.com\/Canarias-Lovers\/Tenerife\/Driving\/i-hrSHvkb\/1\/565a5a58\/S\/tenerife-rental-car-driving-3-S.jpg\" alt=\"Hyrbil Teneriffa\" title=\"\"\/><\/figure>\n<\/div>\n<\/div>\n\n\n\n<hr class=\"wp-block-separator has-text-color has-alpha-channel-opacity has-background is-style-wide hr-box-planif\" style=\"background-color:#ccd3dd;color:#ccd3dd\"\/>\n\n\n\n<div class=\"wp-block-columns box_sans_border is-layout-flex wp-container-core-columns-is-layout-9d6595d7 wp-block-columns-is-layout-flex\">\n<div class=\"wp-block-column texte_planif is-layout-flow wp-block-column-is-layout-flow\" style=\"flex-basis:60%\">\n<ul class=\"wp-block-list\">\n<li><strong>Det du m\u00e5ste ha<\/strong><\/li>\n<\/ul>\n\n\n\n<p style=\"font-size:14px\"><a href=\"https:\/\/canarias-lovers.com\/sv\/delfinspotting-teneriffa-baleiner-utflykter\/\" target=\"_blank\" rel=\"noreferrer noopener\">Delfinsk\u00e5dning p\u00e5 Teneriffa<\/a><br\/><a data-type=\"post\" data-id=\"5913\" href=\"https:\/\/canarias-lovers.com\/sv\/nationalpark-teide-teneriffa-sevardheter-tips\/\" target=\"_blank\" rel=\"noreferrer noopener\">Teide nationalpark<\/a><br\/>Anaga landsbygdspark (kommer snart)<br\/><a href=\"https:\/\/canarias-lovers.com\/sv\/sevardheter-la-orotava-teneriffa-att-gora\/\" target=\"_blank\" rel=\"noreferrer noopener\">La Orotava<\/a><br\/><a data-type=\"post\" data-id=\"4663\" href=\"https:\/\/canarias-lovers.com\/sv\/sevardheter-garachico-teneriffa-att-gora\/\" target=\"_blank\" rel=\"noreferrer noopener\">Garachico<\/a><br\/><a href=\"https:\/\/canarias-lovers.com\/sv\/sevardheter-masca-teneriffa-att-gora\/\" target=\"_blank\" rel=\"noreferrer noopener\">Byn Masca<\/a><br\/><a href=\"https:\/\/canarias-lovers.com\/sv\/visiter-pyramides-guimar-tenerife-2\/\" target=\"_blank\" rel=\"noreferrer noopener\">Pyramiderna i G\u00fcimar<\/a><br\/><br\/><\/p>\n<\/div>\n\n\n\n<div class=\"wp-block-column is-vertically-aligned-top planif-radius is-layout-flow wp-block-column-is-layout-flow\" style=\"flex-basis:40%\">\n<figure class=\"wp-block-image size-large img-portrait\"><img decoding=\"async\" src=\"https:\/\/photos.smugmug.com\/Canarias-Lovers\/Tenerife\/Best-of\/i-wQrB5Lp\/0\/0bf54665\/S\/tenerife-dauphins-1-S.jpg\" alt=\"Delfin p&#xE5; Teneriffa\" title=\"\"\/><\/figure>\n<\/div>\n<\/div>\n\n\n\n<div style=\"height:30px\" aria-hidden=\"true\" class=\"wp-block-spacer\"><\/div>\n<\/div><\/div><\/div>\n\n<div class=\"wp-block-genesis-blocks-gb-container box_auteur_voyage gb-block-container\"><div class=\"gb-container-inside\"><div class=\"gb-container-content\">\n<figure class=\"wp-block-image size-large img_auteur_voyage img_provisoire\"><img decoding=\"async\" src=\"https:\/\/photos.smugmug.com\/Region-Lovers\/Equipe\/i-nsNF6C6\/0\/Cs2F5n96pkt9xFD9D3SVqmQspMhrKgN75nHgBqmjG\/L\/Claire-L.png\" alt=\"\"\/><\/figure>\n\n\n\n<h5 class=\"titre_auteur_voyage\"><span>HON GJORDE RESAN OCH SKREV ARTIKELN \n <\/span><span class=\"titre_box_manuscrit\">Claire<\/span><\/h5>\n<\/div><\/div><\/div>\n","protected":false},"excerpt":{"rendered":"<p>H\u00e4r \u00e4r alla v\u00e5ra svar p\u00e5 fr\u00e5gor om vinden p\u00e5 Teneriffa, inklusive de mest popul\u00e4ra: Hur bl\u00e5sigt \u00e4r det?Vi ber\u00e4ttar om de b\u00e4sta m\u00e5naderna, de mest skyddade omr\u00e5dena och v\u00e5ra tips f\u00f6r att njuta av din semester oavsett v\u00e4der! Hur bl\u00e5sigt \u00e4r det p\u00e5 Teneriffa? Snabba svar Hur bl\u00e5sigt \u00e4r det p\u00e5 Teneriffa? Teneriffa \u00e4r [&hellip;]<\/p>\n","protected":false},"author":1,"featured_media":8533,"comment_status":"closed","ping_status":"closed","sticky":false,"template":"","format":"standard","meta":{"_genesis_hide_title":false,"_genesis_hide_breadcrumbs":false,"_genesis_hide_singular_image":false,"_genesis_hide_footer_widgets":false,"_genesis_custom_body_class":"","_genesis_custom_post_class":"","_genesis_layout":"","footnotes":""},"categories":[7],"tags":[],"class_list":{"0":"post-8536","1":"post","2":"type-post","3":"status-publish","4":"format-standard","5":"has-post-thumbnail","7":"category-okategoriserad","8":"entry"},"yoast_head":"<!-- This site is optimized with the Yoast SEO plugin v27.2 - https:\/\/yoast.com\/product\/yoast-seo-wordpress\/ -->\n<title>\u00c4r Teneriffa bl\u00e5sigt? Hur hanterar du det?<\/title>\n<meta name=\"description\" content=\"V\u00e5r kompletta guide till vinden p\u00e5 Teneriffa - hur bl\u00e5sigt det \u00e4r p\u00e5 \u00f6n, hur du skyddar dig, vart du ska \u00e5ka, b\u00e4sta m\u00e5naderna....\" \/>\n<meta name=\"robots\" content=\"index, follow, max-snippet:-1, max-image-preview:large, max-video-preview:-1\" \/>\n<link rel=\"canonical\" href=\"https:\/\/canarias-lovers.com\/sv\/vind-teneriffa\/\" \/>\n<meta property=\"og:locale\" content=\"sv_SE\" \/>\n<meta property=\"og:type\" content=\"article\" \/>\n<meta property=\"og:title\" content=\"\u00c4r Teneriffa bl\u00e5sigt? Hur hanterar du det?\" \/>\n<meta property=\"og:description\" content=\"V\u00e5r kompletta guide till vinden p\u00e5 Teneriffa - hur bl\u00e5sigt det \u00e4r p\u00e5 \u00f6n, hur du skyddar dig, vart du ska \u00e5ka, b\u00e4sta m\u00e5naderna....\" \/>\n<meta property=\"og:url\" content=\"https:\/\/canarias-lovers.com\/sv\/vind-teneriffa\/\" \/>\n<meta property=\"og:site_name\" content=\"Canarias Lovers: Tenerife + Gran Canaria\" \/>\n<meta property=\"article:published_time\" content=\"2026-04-13T08:18:06+00:00\" \/>\n<meta property=\"article:modified_time\" content=\"2026-04-13T08:24:27+00:00\" \/>\n<meta property=\"og:image\" content=\"https:\/\/canarias-lovers.com\/wp-content\/uploads\/2026\/04\/vind-Teneriffa.jpg\" \/>\n\t<meta property=\"og:image:width\" content=\"800\" \/>\n\t<meta property=\"og:image:height\" content=\"600\" \/>\n\t<meta property=\"og:image:type\" content=\"image\/jpeg\" \/>\n<meta name=\"author\" content=\"Claire\" \/>\n<meta name=\"twitter:card\" content=\"summary_large_image\" \/>\n<meta name=\"twitter:label1\" content=\"Skriven av\" \/>\n\t<meta name=\"twitter:data1\" content=\"Claire\" \/>\n\t<meta name=\"twitter:label2\" content=\"Ber\u00e4knad l\u00e4stid\" \/>\n\t<meta name=\"twitter:data2\" content=\"10 minuter\" \/>\n<script type=\"application\/ld+json\" class=\"yoast-schema-graph\">{\"@context\":\"https:\/\/schema.org\",\"@graph\":[{\"@type\":\"Article\",\"@id\":\"https:\/\/canarias-lovers.com\/sv\/vind-teneriffa\/#article\",\"isPartOf\":{\"@id\":\"https:\/\/canarias-lovers.com\/sv\/vind-teneriffa\/\"},\"author\":{\"name\":\"Claire\",\"@id\":\"https:\/\/canarias-lovers.com\/sv\/#\/schema\/person\/4cfe633189ad64b99c9609bed2b00d55\"},\"headline\":\"\u00c4r Teneriffa bl\u00e5sigt? Hur hanterar du det?\",\"datePublished\":\"2026-04-13T08:18:06+00:00\",\"dateModified\":\"2026-04-13T08:24:27+00:00\",\"mainEntityOfPage\":{\"@id\":\"https:\/\/canarias-lovers.com\/sv\/vind-teneriffa\/\"},\"wordCount\":2006,\"publisher\":{\"@id\":\"https:\/\/canarias-lovers.com\/sv\/#organization\"},\"image\":{\"@id\":\"https:\/\/canarias-lovers.com\/sv\/vind-teneriffa\/#primaryimage\"},\"thumbnailUrl\":\"https:\/\/canarias-lovers.com\/wp-content\/uploads\/2026\/04\/vind-Teneriffa.jpg\",\"articleSection\":[\"Okategoriserad\"],\"inLanguage\":\"sv-SE\"},{\"@type\":\"WebPage\",\"@id\":\"https:\/\/canarias-lovers.com\/sv\/vind-teneriffa\/\",\"url\":\"https:\/\/canarias-lovers.com\/sv\/vind-teneriffa\/\",\"name\":\"\u00c4r Teneriffa bl\u00e5sigt? Hur hanterar du det?\",\"isPartOf\":{\"@id\":\"https:\/\/canarias-lovers.com\/sv\/#website\"},\"primaryImageOfPage\":{\"@id\":\"https:\/\/canarias-lovers.com\/sv\/vind-teneriffa\/#primaryimage\"},\"image\":{\"@id\":\"https:\/\/canarias-lovers.com\/sv\/vind-teneriffa\/#primaryimage\"},\"thumbnailUrl\":\"https:\/\/canarias-lovers.com\/wp-content\/uploads\/2026\/04\/vind-Teneriffa.jpg\",\"datePublished\":\"2026-04-13T08:18:06+00:00\",\"dateModified\":\"2026-04-13T08:24:27+00:00\",\"description\":\"V\u00e5r kompletta guide till vinden p\u00e5 Teneriffa - hur bl\u00e5sigt det \u00e4r p\u00e5 \u00f6n, hur du skyddar dig, vart du ska \u00e5ka, b\u00e4sta m\u00e5naderna....\",\"breadcrumb\":{\"@id\":\"https:\/\/canarias-lovers.com\/sv\/vind-teneriffa\/#breadcrumb\"},\"inLanguage\":\"sv-SE\",\"potentialAction\":[{\"@type\":\"ReadAction\",\"target\":[\"https:\/\/canarias-lovers.com\/sv\/vind-teneriffa\/\"]}]},{\"@type\":\"ImageObject\",\"inLanguage\":\"sv-SE\",\"@id\":\"https:\/\/canarias-lovers.com\/sv\/vind-teneriffa\/#primaryimage\",\"url\":\"https:\/\/canarias-lovers.com\/wp-content\/uploads\/2026\/04\/vind-Teneriffa.jpg\",\"contentUrl\":\"https:\/\/canarias-lovers.com\/wp-content\/uploads\/2026\/04\/vind-Teneriffa.jpg\",\"width\":800,\"height\":600,\"caption\":\"vind Teneriffa\"},{\"@type\":\"BreadcrumbList\",\"@id\":\"https:\/\/canarias-lovers.com\/sv\/vind-teneriffa\/#breadcrumb\",\"itemListElement\":[{\"@type\":\"ListItem\",\"position\":1,\"name\":\"Accueil\",\"item\":\"https:\/\/canarias-lovers.com\/sv\/\"},{\"@type\":\"ListItem\",\"position\":2,\"name\":\"Okategoriserad\",\"item\":\"https:\/\/canarias-lovers.com\/sv\/okategoriserad\/\"},{\"@type\":\"ListItem\",\"position\":3,\"name\":\"\u00c4r Teneriffa bl\u00e5sigt? Hur hanterar du det?\"}]},{\"@type\":\"WebSite\",\"@id\":\"https:\/\/canarias-lovers.com\/sv\/#website\",\"url\":\"https:\/\/canarias-lovers.com\/sv\/\",\"name\":\"Canarias Lovers: Tenerife + Gran Canaria\",\"description\":\"Claire och Manu's blogg\",\"publisher\":{\"@id\":\"https:\/\/canarias-lovers.com\/sv\/#organization\"},\"potentialAction\":[{\"@type\":\"SearchAction\",\"target\":{\"@type\":\"EntryPoint\",\"urlTemplate\":\"https:\/\/canarias-lovers.com\/sv\/?s={search_term_string}\"},\"query-input\":{\"@type\":\"PropertyValueSpecification\",\"valueRequired\":true,\"valueName\":\"search_term_string\"}}],\"inLanguage\":\"sv-SE\"},{\"@type\":\"Organization\",\"@id\":\"https:\/\/canarias-lovers.com\/sv\/#organization\",\"name\":\"Canarias Lovers: Tenerife + Gran Canaria\",\"url\":\"https:\/\/canarias-lovers.com\/sv\/\",\"logo\":{\"@type\":\"ImageObject\",\"inLanguage\":\"sv-SE\",\"@id\":\"https:\/\/canarias-lovers.com\/sv\/#\/schema\/logo\/image\/\",\"url\":\"https:\/\/canarias-lovers.com\/wp-content\/uploads\/2024\/05\/cropped-Canarias-Lovers-Logo.png\",\"contentUrl\":\"https:\/\/canarias-lovers.com\/wp-content\/uploads\/2024\/05\/cropped-Canarias-Lovers-Logo.png\",\"width\":2635,\"height\":595,\"caption\":\"Canarias Lovers: Tenerife + Gran Canaria\"},\"image\":{\"@id\":\"https:\/\/canarias-lovers.com\/sv\/#\/schema\/logo\/image\/\"}},{\"@type\":\"Person\",\"@id\":\"https:\/\/canarias-lovers.com\/sv\/#\/schema\/person\/4cfe633189ad64b99c9609bed2b00d55\",\"name\":\"Claire\",\"image\":{\"@type\":\"ImageObject\",\"inLanguage\":\"sv-SE\",\"@id\":\"https:\/\/secure.gravatar.com\/avatar\/53c353c843050f9265c9a68901a74b6613f3f04e343e64cbba45c5b031ea079b?s=96&d=mm&r=g\",\"url\":\"https:\/\/secure.gravatar.com\/avatar\/53c353c843050f9265c9a68901a74b6613f3f04e343e64cbba45c5b031ea079b?s=96&d=mm&r=g\",\"contentUrl\":\"https:\/\/secure.gravatar.com\/avatar\/53c353c843050f9265c9a68901a74b6613f3f04e343e64cbba45c5b031ea079b?s=96&d=mm&r=g\",\"caption\":\"Claire\"},\"sameAs\":[\"https:\/\/canarias-lovers.com\/claire-robinson\/\"],\"url\":\"https:\/\/canarias-lovers.com\/sv\/author\/canariaslover2\/\"}]}<\/script>\n<!-- \/ Yoast SEO plugin. -->","yoast_head_json":{"title":"\u00c4r Teneriffa bl\u00e5sigt? Hur hanterar du det?","description":"V\u00e5r kompletta guide till vinden p\u00e5 Teneriffa - hur bl\u00e5sigt det \u00e4r p\u00e5 \u00f6n, hur du skyddar dig, vart du ska \u00e5ka, b\u00e4sta m\u00e5naderna....","robots":{"index":"index","follow":"follow","max-snippet":"max-snippet:-1","max-image-preview":"max-image-preview:large","max-video-preview":"max-video-preview:-1"},"canonical":"https:\/\/canarias-lovers.com\/sv\/vind-teneriffa\/","og_locale":"sv_SE","og_type":"article","og_title":"\u00c4r Teneriffa bl\u00e5sigt? Hur hanterar du det?","og_description":"V\u00e5r kompletta guide till vinden p\u00e5 Teneriffa - hur bl\u00e5sigt det \u00e4r p\u00e5 \u00f6n, hur du skyddar dig, vart du ska \u00e5ka, b\u00e4sta m\u00e5naderna....","og_url":"https:\/\/canarias-lovers.com\/sv\/vind-teneriffa\/","og_site_name":"Canarias Lovers: Tenerife + Gran Canaria","article_published_time":"2026-04-13T08:18:06+00:00","article_modified_time":"2026-04-13T08:24:27+00:00","og_image":[{"width":800,"height":600,"url":"https:\/\/canarias-lovers.com\/wp-content\/uploads\/2026\/04\/vind-Teneriffa.jpg","type":"image\/jpeg"}],"author":"Claire","twitter_card":"summary_large_image","twitter_misc":{"Skriven av":"Claire","Ber\u00e4knad l\u00e4stid":"10 minuter"},"schema":{"@context":"https:\/\/schema.org","@graph":[{"@type":"Article","@id":"https:\/\/canarias-lovers.com\/sv\/vind-teneriffa\/#article","isPartOf":{"@id":"https:\/\/canarias-lovers.com\/sv\/vind-teneriffa\/"},"author":{"name":"Claire","@id":"https:\/\/canarias-lovers.com\/sv\/#\/schema\/person\/4cfe633189ad64b99c9609bed2b00d55"},"headline":"\u00c4r Teneriffa bl\u00e5sigt? Hur hanterar du det?","datePublished":"2026-04-13T08:18:06+00:00","dateModified":"2026-04-13T08:24:27+00:00","mainEntityOfPage":{"@id":"https:\/\/canarias-lovers.com\/sv\/vind-teneriffa\/"},"wordCount":2006,"publisher":{"@id":"https:\/\/canarias-lovers.com\/sv\/#organization"},"image":{"@id":"https:\/\/canarias-lovers.com\/sv\/vind-teneriffa\/#primaryimage"},"thumbnailUrl":"https:\/\/canarias-lovers.com\/wp-content\/uploads\/2026\/04\/vind-Teneriffa.jpg","articleSection":["Okategoriserad"],"inLanguage":"sv-SE"},{"@type":"WebPage","@id":"https:\/\/canarias-lovers.com\/sv\/vind-teneriffa\/","url":"https:\/\/canarias-lovers.com\/sv\/vind-teneriffa\/","name":"\u00c4r Teneriffa bl\u00e5sigt? Hur hanterar du det?","isPartOf":{"@id":"https:\/\/canarias-lovers.com\/sv\/#website"},"primaryImageOfPage":{"@id":"https:\/\/canarias-lovers.com\/sv\/vind-teneriffa\/#primaryimage"},"image":{"@id":"https:\/\/canarias-lovers.com\/sv\/vind-teneriffa\/#primaryimage"},"thumbnailUrl":"https:\/\/canarias-lovers.com\/wp-content\/uploads\/2026\/04\/vind-Teneriffa.jpg","datePublished":"2026-04-13T08:18:06+00:00","dateModified":"2026-04-13T08:24:27+00:00","description":"V\u00e5r kompletta guide till vinden p\u00e5 Teneriffa - hur bl\u00e5sigt det \u00e4r p\u00e5 \u00f6n, hur du skyddar dig, vart du ska \u00e5ka, b\u00e4sta m\u00e5naderna....","breadcrumb":{"@id":"https:\/\/canarias-lovers.com\/sv\/vind-teneriffa\/#breadcrumb"},"inLanguage":"sv-SE","potentialAction":[{"@type":"ReadAction","target":["https:\/\/canarias-lovers.com\/sv\/vind-teneriffa\/"]}]},{"@type":"ImageObject","inLanguage":"sv-SE","@id":"https:\/\/canarias-lovers.com\/sv\/vind-teneriffa\/#primaryimage","url":"https:\/\/canarias-lovers.com\/wp-content\/uploads\/2026\/04\/vind-Teneriffa.jpg","contentUrl":"https:\/\/canarias-lovers.com\/wp-content\/uploads\/2026\/04\/vind-Teneriffa.jpg","width":800,"height":600,"caption":"vind Teneriffa"},{"@type":"BreadcrumbList","@id":"https:\/\/canarias-lovers.com\/sv\/vind-teneriffa\/#breadcrumb","itemListElement":[{"@type":"ListItem","position":1,"name":"Accueil","item":"https:\/\/canarias-lovers.com\/sv\/"},{"@type":"ListItem","position":2,"name":"Okategoriserad","item":"https:\/\/canarias-lovers.com\/sv\/okategoriserad\/"},{"@type":"ListItem","position":3,"name":"\u00c4r Teneriffa bl\u00e5sigt? Hur hanterar du det?"}]},{"@type":"WebSite","@id":"https:\/\/canarias-lovers.com\/sv\/#website","url":"https:\/\/canarias-lovers.com\/sv\/","name":"Canarias Lovers: Tenerife + Gran Canaria","description":"Claire och Manu's blogg","publisher":{"@id":"https:\/\/canarias-lovers.com\/sv\/#organization"},"potentialAction":[{"@type":"SearchAction","target":{"@type":"EntryPoint","urlTemplate":"https:\/\/canarias-lovers.com\/sv\/?s={search_term_string}"},"query-input":{"@type":"PropertyValueSpecification","valueRequired":true,"valueName":"search_term_string"}}],"inLanguage":"sv-SE"},{"@type":"Organization","@id":"https:\/\/canarias-lovers.com\/sv\/#organization","name":"Canarias Lovers: Tenerife + Gran Canaria","url":"https:\/\/canarias-lovers.com\/sv\/","logo":{"@type":"ImageObject","inLanguage":"sv-SE","@id":"https:\/\/canarias-lovers.com\/sv\/#\/schema\/logo\/image\/","url":"https:\/\/canarias-lovers.com\/wp-content\/uploads\/2024\/05\/cropped-Canarias-Lovers-Logo.png","contentUrl":"https:\/\/canarias-lovers.com\/wp-content\/uploads\/2024\/05\/cropped-Canarias-Lovers-Logo.png","width":2635,"height":595,"caption":"Canarias Lovers: Tenerife + Gran Canaria"},"image":{"@id":"https:\/\/canarias-lovers.com\/sv\/#\/schema\/logo\/image\/"}},{"@type":"Person","@id":"https:\/\/canarias-lovers.com\/sv\/#\/schema\/person\/4cfe633189ad64b99c9609bed2b00d55","name":"Claire","image":{"@type":"ImageObject","inLanguage":"sv-SE","@id":"https:\/\/secure.gravatar.com\/avatar\/53c353c843050f9265c9a68901a74b6613f3f04e343e64cbba45c5b031ea079b?s=96&d=mm&r=g","url":"https:\/\/secure.gravatar.com\/avatar\/53c353c843050f9265c9a68901a74b6613f3f04e343e64cbba45c5b031ea079b?s=96&d=mm&r=g","contentUrl":"https:\/\/secure.gravatar.com\/avatar\/53c353c843050f9265c9a68901a74b6613f3f04e343e64cbba45c5b031ea079b?s=96&d=mm&r=g","caption":"Claire"},"sameAs":["https:\/\/canarias-lovers.com\/claire-robinson\/"],"url":"https:\/\/canarias-lovers.com\/sv\/author\/canariaslover2\/"}]}},"featured_image_src":"https:\/\/canarias-lovers.com\/wp-content\/uploads\/2026\/04\/vind-Teneriffa-600x400.jpg","featured_image_src_square":"https:\/\/canarias-lovers.com\/wp-content\/uploads\/2026\/04\/vind-Teneriffa-600x600.jpg","author_info":{"display_name":"Claire","author_link":"https:\/\/canarias-lovers.com\/sv\/author\/canariaslover2\/"},"_links":{"self":[{"href":"https:\/\/canarias-lovers.com\/sv\/wp-json\/wp\/v2\/posts\/8536","targetHints":{"allow":["GET"]}}],"collection":[{"href":"https:\/\/canarias-lovers.com\/sv\/wp-json\/wp\/v2\/posts"}],"about":[{"href":"https:\/\/canarias-lovers.com\/sv\/wp-json\/wp\/v2\/types\/post"}],"author":[{"embeddable":true,"href":"https:\/\/canarias-lovers.com\/sv\/wp-json\/wp\/v2\/users\/1"}],"replies":[{"embeddable":true,"href":"https:\/\/canarias-lovers.com\/sv\/wp-json\/wp\/v2\/comments?post=8536"}],"version-history":[{"count":0,"href":"https:\/\/canarias-lovers.com\/sv\/wp-json\/wp\/v2\/posts\/8536\/revisions"}],"wp:featuredmedia":[{"embeddable":true,"href":"https:\/\/canarias-lovers.com\/sv\/wp-json\/wp\/v2\/media\/8533"}],"wp:attachment":[{"href":"https:\/\/canarias-lovers.com\/sv\/wp-json\/wp\/v2\/media?parent=8536"}],"wp:term":[{"taxonomy":"category","embeddable":true,"href":"https:\/\/canarias-lovers.com\/sv\/wp-json\/wp\/v2\/categories?post=8536"},{"taxonomy":"post_tag","embeddable":true,"href":"https:\/\/canarias-lovers.com\/sv\/wp-json\/wp\/v2\/tags?post=8536"}],"curies":[{"name":"wp","href":"https:\/\/api.w.org\/{rel}","templated":true}]}}