{"id":7461,"date":"2025-08-10T09:39:04","date_gmt":"2025-08-10T09:39:04","guid":{"rendered":"https:\/\/canarias-lovers.com\/tenerife-hiver-soleil-noel\/"},"modified":"2025-08-11T12:14:09","modified_gmt":"2025-08-11T12:14:09","slug":"teneriffa-vintern-sol-jul","status":"publish","type":"post","link":"https:\/\/canarias-lovers.com\/sv\/teneriffa-vintern-sol-jul\/","title":{"rendered":"Teneriffa p\u00e5 vintern (sol, sev\u00e4rdheter, jul &#8230;)"},"content":{"rendered":"\n<p>Teneriffa p\u00e5 vintern: en bra id\u00e9?<br\/>Absolut! H\u00e4r \u00e4r v\u00e5r guide som hj\u00e4lper dig att best\u00e4mma dig och planera din resa:<\/p>\n\n<ul class=\"wp-block-list\">\n<li>Teneriffas vintersol, temperatur och v\u00e4der,<\/li>\n\n\n\n<li>Anledningar att bes\u00f6ka mellan december och mars,<\/li>\n\n\n\n<li>Sev\u00e4rdheter p\u00e5 Teneriffa p\u00e5 vintern,<\/li>\n\n\n\n<li>Jul och ny\u00e5r p\u00e5 Teneriffa<\/li>\n<\/ul>\n\n<figure class=\"wp-block-image size-full\"><img decoding=\"async\" src=\"https:\/\/canarias-lovers.com\/wp-content\/uploads\/2025\/08\/Besok-Teneriffa-Vinter-Sevardheter-jul-sol-vader.jpg\" alt=\"bes&#xF6;k Teneriffa vinter vad man ska g&#xF6;ra jul sol v&#xE4;der\" class=\"wp-image-7451\"\/><\/figure>\n\n<p>Detta \u00e4r en helt <strong>oberoende<\/strong> \u00e5sikt, baserad p\u00e5 v\u00e5r egen erfarenhet. Vi bes\u00f6kte regionen anonymt, gjorde v\u00e5ra egna val och betalade v\u00e5ra r\u00e4kningar till fullo.<\/p>\n\n<div style=\"padding-left:5%\" class=\"wp-block-genesis-blocks-gb-container box gb-block-container\"><div class=\"gb-container-inside\"><div class=\"gb-container-content\">\n<p class=\"titre_box_manuscrit\">Inneh\u00e5ll<\/p>\n\n\n<div id=\"ez-toc-container\" class=\"ez-toc-v2_0_82_1 counter-hierarchy ez-toc-counter ez-toc-custom ez-toc-container-direction\">\n<div class=\"ez-toc-title-container\">\n<span class=\"ez-toc-title-toggle\"><\/span><\/div>\n<nav><ul class='ez-toc-list ez-toc-list-level-1 ' ><li class='ez-toc-page-1 ez-toc-heading-level-2'><a class=\"ez-toc-link ez-toc-heading-1\" href=\"https:\/\/canarias-lovers.com\/sv\/teneriffa-vintern-sol-jul\/#Ar_Teneriffa_ett_vinterresmal_Korta_svar\" >\u00c4r Teneriffa ett vinterresm\u00e5l? Korta svar<\/a><\/li><li class='ez-toc-page-1 ez-toc-heading-level-2'><a class=\"ez-toc-link ez-toc-heading-2\" href=\"https:\/\/canarias-lovers.com\/sv\/teneriffa-vintern-sol-jul\/#5_anledningar_att_besoka_on_Teneriffa_pa_vintern\" >5 anledningar att bes\u00f6ka \u00f6n Teneriffa p\u00e5 vintern<\/a><\/li><li class='ez-toc-page-1 ez-toc-heading-level-2'><a class=\"ez-toc-link ez-toc-heading-3\" href=\"https:\/\/canarias-lovers.com\/sv\/teneriffa-vintern-sol-jul\/#Teneriffa_pa_vintern_%E2%80%93_Sol_varme_vader\" >Teneriffa p\u00e5 vintern &#8211; Sol, v\u00e4rme, v\u00e4der<\/a><\/li><li class='ez-toc-page-1 ez-toc-heading-level-2'><a class=\"ez-toc-link ez-toc-heading-4\" href=\"https:\/\/canarias-lovers.com\/sv\/teneriffa-vintern-sol-jul\/#Resa_till_Teneriffa_under_vintermanaderna_%E2%80%93_Tips_och_rad\" >Resa till Teneriffa under vinterm\u00e5naderna &#8211; Tips och r\u00e5d<\/a><\/li><li class='ez-toc-page-1 ez-toc-heading-level-2'><a class=\"ez-toc-link ez-toc-heading-5\" href=\"https:\/\/canarias-lovers.com\/sv\/teneriffa-vintern-sol-jul\/#Vinteraktiviteter_pa_Teneriffa\" >Vinteraktiviteter p\u00e5 Teneriffa<\/a><\/li><li class='ez-toc-page-1 ez-toc-heading-level-2'><a class=\"ez-toc-link ez-toc-heading-6\" href=\"https:\/\/canarias-lovers.com\/sv\/teneriffa-vintern-sol-jul\/#Jul_pa_Teneriffa\" >Jul p\u00e5 Teneriffa<\/a><\/li><li class='ez-toc-page-1 ez-toc-heading-level-2'><a class=\"ez-toc-link ez-toc-heading-7\" href=\"https:\/\/canarias-lovers.com\/sv\/teneriffa-vintern-sol-jul\/#Nyar_pa_Teneriffa\" >Ny\u00e5r p\u00e5 Teneriffa<\/a><\/li><\/ul><\/nav><\/div>\n\n<\/div><\/div><\/div>\n\n<h2 class=\"wp-block-heading\" id=\"t-1635884637776\"><span class=\"ez-toc-section\" id=\"Ar_Teneriffa_ett_vinterresmal_Korta_svar\"><\/span>\u00c4r Teneriffa ett vinterresm\u00e5l? Korta svar<span class=\"ez-toc-section-end\"><\/span><\/h2>\n\n<h3 class=\"wp-block-heading\">Vad kan du f\u00f6rv\u00e4nta dig n\u00e4r du bes\u00f6ker Teneriffa p\u00e5 vintern?<\/h3>\n\n<p>Teneriffa har mycket att erbjuda \u00e5ret runt. N\u00e4r det g\u00e4ller vintern kan du f\u00f6rv\u00e4nta dig f\u00f6ljande:<\/p>\n\n<ul class=\"wp-block-list\">\n<li><strong>Dagarna \u00e4r l\u00e5nga<\/strong><br\/>\u00e5rets kortaste dag har fortfarande 10 soltimmar (soluppg\u00e5ng ca kl. 7.30 och solnedg\u00e5ng ca kl. 18.00).<\/li>\n\n\n\n<li>Klimatet \u00e4r fortsatt mycket soligt med lite regn.<\/li>\n\n\n\n<li><strong>Vintersolen \u00e4r varm<\/strong> &#8211; den \u00e4r inte het som p\u00e5 sommaren, men den \u00e4r varm. S\u00e4rskilt n\u00e4r solen \u00e4r framme. Dagstemperaturer mellan 20\u00b0C och 25\u00b0C (68\u00b0F och 77\u00b0F) vid havet<\/li>\n\n\n\n<li>Havstemperatur mellan 19\u00b0C och 21\u00b0C (66\u00b0F och 70\u00b0F)<\/li>\n\n\n\n<li>Vackra str\u00e4nder, lite mindre liv \u00e4n p\u00e5 sommaren (utom vid jul och p\u00e5sk)<\/li>\n\n\n\n<li>Toppen av Teide kan ha lite sn\u00f6<\/li>\n\n\n\n<li>N\u00e4stan allt h\u00e5ller \u00f6ppet under vintern<\/li>\n<\/ul>\n\n<h3 class=\"wp-block-heading\">S\u00e5, \u00e4r Teneriffa ett bra vinterresm\u00e5l?<\/h3>\n\n<p>Absolut.<br\/>Om du vill fly undan vinterkylan och njuta av v\u00e4rme och hisnande natur \u00e4r en resa till Teneriffa en bra id\u00e9.<br\/>Du kan njuta av l\u00e4ngre dagar, varmare temperaturer och massor av aktiviteter.<\/p>\n\n<figure class=\"wp-block-image size-large\"><img decoding=\"async\" src=\"https:\/\/photos.smugmug.com\/Canarias-Lovers\/Tenerife\/Teide\/Minas-de-San-Jose\/i-qBCsZDZ\/0\/KPLQKZsQcP3M37m3QRVBXZbHkLSXrF3PwBZnmvxL2\/L\/minas-san-jose-L.jpg\" alt=\"Teide nationalpark p&#xE5; vintern\"\/><\/figure>\n\n<div style=\"background-color:#f6eacf;margin-top:8%;margin-bottom:8%\" class=\"wp-block-genesis-blocks-gb-container box gb-block-container\"><div class=\"gb-container-inside\"><div class=\"gb-container-content\" style=\"max-width:700px\">\n<div class=\"wp-block-genesis-blocks-gb-container box_titre gb-block-container\"><div class=\"gb-container-inside\"><div class=\"gb-container-content\">\n<h5 class=\"titre_box\" style=\"padding-top:10px;\">VAR KAN MAN BO P\u00c5 <span class=\"titre_box_manuscrit\">Teneriffa<\/span><\/h5>\n<\/div><\/div><\/div>\n\n\n\n<div class=\"wp-block-columns box_sans_border is-layout-flex wp-container-core-columns-is-layout-9d6595d7 wp-block-columns-is-layout-flex\">\n<div class=\"wp-block-column texte_planif is-layout-flow wp-block-column-is-layout-flow\" style=\"font-size:14px;flex-basis:60%\">\n<p class=\"option_titre2\" style=\"font-size:16px\">V\u00e5ra oberoende urval hj\u00e4lper dig att hitta ditt <strong>dr\u00f6mboende<\/strong>:<\/p>\n\n\n\n<ul class=\"wp-block-list ul_box\">\n<li style=\"font-size:14px\"><a href=\"https:\/\/canarias-lovers.com\/sv\/var-ska-bo-teneriffa-basta-omradena\/\" data-type=\"post\" data-id=\"5908\" target=\"_blank\" rel=\"noreferrer noopener\">Var du kan bo p\u00e5 Teneriffa<\/a><\/li>\n\n\n\n<li style=\"font-size:14px\">V\u00e5r favorit: <a href=\"https:\/\/www.booking.com\/hotel\/es\/royal-hideaway-corales-beach-adults-only.html?aid=2421274\" target=\"_blank\" rel=\"noreferrer noopener nofollow\">H\u00f4tel Corales Beach<\/a><\/li>\n<\/ul>\n\n\n\n<p style=\"font-size:16px\"><strong>V\u00e4lj efter hotelltyp:<\/strong><\/p>\n\n\n\n<ul class=\"wp-block-list ul_box\">\n<li style=\"font-size:14px\"><a href=\"https:\/\/canarias-lovers.com\/sv\/basta-5-stjarniga-hotellen-teneriffa-lyx-recensioner\/\" data-type=\"post\" data-id=\"5909\" target=\"_blank\" rel=\"noreferrer noopener\">5-stj\u00e4rniga hotell<\/a><\/li>\n\n\n\n<li style=\"font-size:14px\"><a data-type=\"post\" data-id=\"5910\" href=\"https:\/\/canarias-lovers.com\/sv\/basta-boutique-hotellen-teneriffa-charm\/\" target=\"_blank\" rel=\"noreferrer noopener\">B\u00e4sta boutiquehotellen<\/a><\/li>\n\n\n\n<li style=\"font-size:14px\"><a href=\"https:\/\/canarias-lovers.com\/sv\/meilleurs-hotels-familles-tenerife-enfants-avis-2\/\" target=\"_blank\" rel=\"noreferrer noopener\">B\u00e4sta hotellen f\u00f6r familjer<\/a><\/li>\n\n\n\n<li style=\"font-size:14px\"><a href=\"https:\/\/canarias-lovers.com\/sv\/basta-hotell-vid-havet-teneriffa-stranden\/\" target=\"_blank\" rel=\"noreferrer noopener\">B\u00e4sta hotell i Seaside<\/a><\/li>\n\n\n\n<li style=\"font-size:14px\"><a href=\"https:\/\/canarias-lovers.com\/sv\/basta-hotell-endast-vuxna-adults-only-teneriffa\/\" target=\"_blank\" rel=\"noreferrer noopener\">B\u00e4sta hotell endast f\u00f6r vuxna<\/a><\/li>\n\n\n\n<li style=\"font-size:14px\">B\u00e4sta all-inclusive-hotellen (kommer snart)<\/li>\n<\/ul>\n\n\n\n<p style=\"font-size:16px\"><strong>V\u00e4lj efter stad:<\/strong><\/p>\n\n\n\n<ul class=\"wp-block-list\">\n<li style=\"font-size:14px\"><a href=\"https:\/\/canarias-lovers.com\/sv\/var-att-sova-kosta-adeje-basta-hotell-stadsdelarna\/\" data-type=\"post\" data-id=\"4063\" target=\"_blank\" rel=\"noreferrer noopener\">B\u00e4sta hotellen i Costa Adeje<\/a><\/li>\n\n\n\n<li style=\"font-size:14px\"><a href=\"https:\/\/canarias-lovers.com\/sv\/var-kan-bo-puerto-de-la-cruz-basta-hotellen-stadsdelarna\/\" target=\"_blank\" rel=\"noreferrer noopener\">B\u00e4sta hotellen i Puerto de La Cruz<\/a><\/li>\n\n\n\n<li style=\"font-size:14px\"><a href=\"https:\/\/canarias-lovers.com\/sv\/var-kan-bo-los-gigantes-tenerife-basta-hotellen-stadsdelarna\/\" target=\"_blank\" rel=\"noreferrer noopener\">B\u00e4sta hotell i Los Gigantes<\/a><\/li>\n\n\n\n<li style=\"font-size:14px\"><a href=\"https:\/\/canarias-lovers.com\/sv\/var-kan-bo-santa-cruz-tenerife-basta-hotellen-stadsdelarna\/\" target=\"_blank\" rel=\"noreferrer noopener\">B\u00e4sta hotellen i Santa Cruz<\/a><\/li>\n\n\n\n<li style=\"font-size:14px\"><a href=\"https:\/\/canarias-lovers.com\/sv\/var-kan-bo-san-cristobal-la-laguna-tenerife-basta-hotellen-stadsdelarna\/\" target=\"_blank\" rel=\"noreferrer noopener\">B\u00e4sta hotellen i la Laguna<\/a><\/li>\n\n\n\n<li style=\"font-size:14px\"><a href=\"https:\/\/canarias-lovers.com\/ou-dormir-a-playa-de-las-americas-15-meilleurs-hotels-2024\/\" target=\"_blank\" rel=\"noreferrer noopener\">B\u00e4sta hotellen i Playa de las Americas<\/a><\/li>\n\n\n\n<li style=\"font-size:14px\"><a href=\"https:\/\/canarias-lovers.com\/sv\/var-kan-bo-los-cristianos-teneriffa-basta-hotellen-stadsdelarna\/\">B\u00e4sta hotellen i Los Cristianos<\/a><\/li>\n<\/ul>\n<\/div>\n\n\n\n<div class=\"wp-block-column is-vertically-aligned-top planif-radius is-layout-flow wp-block-column-is-layout-flow\" style=\"flex-basis:40%\">\n<figure class=\"wp-block-image size-large img-portrait\"><img decoding=\"async\" src=\"https:\/\/photos.smugmug.com\/Canarias-Lovers\/Tenerife\/Costa-Adeje\/H%C3%B4tels-Costa-Adeje\/Royal-Hideaway-Corales-resort\/i-ZsV2WxR\/0\/MSJTcCCRPZ3CwqHnkBwJgZVqLZqGD5NwHNP59BBr6\/L\/pool%20corales%20royal%20hideaway%20hotel%20costa%20adeje%20tenerife-L.jpg\" alt=\"hotellpool Royal hideway Corales\" title=\"\"\/><\/figure>\n<\/div>\n<\/div>\n<\/div><\/div><\/div>\n\n<h2 class=\"wp-block-heading\" id=\"t-1635884637777\"><span class=\"ez-toc-section\" id=\"5_anledningar_att_besoka_on_Teneriffa_pa_vintern\"><\/span>5 anledningar att bes\u00f6ka \u00f6n Teneriffa p\u00e5 vintern<span class=\"ez-toc-section-end\"><\/span><\/h2>\n\n<h3 class=\"wp-block-heading\">#1. Klimat<\/h3>\n\n<p>Teneriffa har ett varmt klimat p\u00e5 vintern, perfekt f\u00f6r att fly fr\u00e5n kylan.<br\/>Temperaturerna liknar v\u00e5rens &#8211; runt 20 till 25\u00b0C under dagen vid havet (svalare i bergen).<br\/>Det regnar en del, men det varar inte l\u00e4nge.<\/p>\n\n<h3 class=\"wp-block-heading\">#2 &#8211; Turerna och aktiviteterna tar aldrig slut<\/h3>\n\n<p>Eftersom destinationen \u00e4r \u00f6ppen \u00e5ret runt kan du njuta av de flesta bes\u00f6k och aktiviteter \u00e4ven p\u00e5 vintern, inklusive valsk\u00e5dning, som \u00e4r utm\u00e4rkt vid den h\u00e4r tiden p\u00e5 \u00e5ret.<\/p>\n\n<h3 class=\"wp-block-heading\">#3 &#8211; F\u00e4rre m\u00e4nniskor (mer eller mindre)<\/h3>\n\n<p>Teneriffa \u00e4r popul\u00e4rt, s\u00e4rskilt p\u00e5 sommaren (h\u00f6gs\u00e4song).<br\/>P\u00e5 vintern \u00e4r det alltid popul\u00e4rt (det \u00e4r ett resm\u00e5l \u00e5ret runt), men det \u00e4r l\u00e4ttare att hitta lugnare platser.<br\/>Men \u00e4ven jul- och p\u00e5skhelgerna \u00e4r mycket hektiska!<\/p>\n\n<h3 class=\"wp-block-heading\">#4 &#8211; Kontrasten mellan sn\u00f6 och strand<\/h3>\n\n<p>Vintern \u00e4r den enda tid d\u00e5 du kan njuta av en unik kontrast: chansen att se sn\u00f6 p\u00e5 toppen av Mount Teide p\u00e5 morgonen och simma p\u00e5 str\u00e4nderna p\u00e5 eftermiddagen. Men det \u00e4r ingen garanti Denna upplevelse \u00e4r verkligen speciell och unik f\u00f6r Kanarie\u00f6arna.<\/p>\n\n<h3 class=\"wp-block-heading\">#5 &#8211; Valsk\u00e5dning<\/h3>\n\n<p>Vintern \u00e4r den b\u00e4sta s\u00e4songen f\u00f6r val- och delfinsk\u00e5dning utanf\u00f6r Teneriffa. Det svalare vattnet lockar till sig fler valar, vilket ger b\u00e4ttre m\u00f6jligheter att se dem.<\/p>\n\n<figure class=\"wp-block-image size-large\"><img decoding=\"async\" src=\"https:\/\/photos.smugmug.com\/Canarias-Lovers\/Tenerife\/El-Medano\/Playa-del-Medano\/i-tQscD76\/0\/NNrtqPFgPpSsVB9TqSrJf79G7r6t2hLqZgk8Rwgdq\/L\/playa-medano-1-L.jpg\" alt=\"Playa El Emdano\"\/><\/figure>\n\n<div style=\"margin-top:8%;margin-bottom:8%\" class=\"wp-block-genesis-blocks-gb-container box gb-block-container\"><div class=\"gb-container-inside\"><div class=\"gb-container-content\">\n<div class=\"wp-block-columns inverse box_planif is-layout-flex wp-container-core-columns-is-layout-9d6595d7 wp-block-columns-is-layout-flex\">\n<div class=\"wp-block-column texte_planif is-layout-flow wp-block-column-is-layout-flow\" style=\"flex-basis:60%\">\n<h5 class=\"titre_box\" style=\"padding-top:10px;\">V\u00c5RA R\u00c5D F\u00d6R ATT HYRA EN BIL P\u00c5 <span class=\"titre_box_manuscrit\">Teneriffa<\/span><\/h5>\n\n\n\n<ul class=\"wp-block-list\" style=\"font-size:14px\">\n<li>J\u00e4mf\u00f6r priser p\u00e5 v\u00e5r f\u00f6redragna plattform: <a href=\"https:\/\/www.discovercars.com\/se\/spain-canary-islands\/tenerife?a_aid=zigzag&amp;chan=CAL\" target=\"_blank\" rel=\"noreferrer noopener sponsored nofollow\">DiscoverCars<\/a> &#8211; en av de b\u00e4st rankade webbplatserna.<\/li>\n\n\n\n<li>Om du planerar att utforska bergen ska du inte ta de <strong>minsta bilarna<\/strong>. En kraftfullare motor kommer att vara mer bekv\u00e4m.<\/li>\n\n\n\n<li>Men ta inte heller en f\u00f6r stor bil, eftersom vissa av v\u00e4garna \u00e4r smala.<\/li>\n\n\n\n<li>Det \u00e4r stor efterfr\u00e5gan och det \u00e4r en \u00f6, s\u00e5 <strong>boka tidigt<\/strong>.<\/li>\n<\/ul>\n<\/div>\n\n\n\n<div class=\"wp-block-column planif-radius-2 is-layout-flow wp-block-column-is-layout-flow\">\n<figure class=\"wp-block-image size-large voiture_image\"><img decoding=\"async\" src=\"https:\/\/photos.smugmug.com\/Canarias-Lovers\/Tenerife\/Driving\/i-D3dJ4xj\/1\/e6e34cdd\/L\/tenerife-rental-car-driving-L.jpg\" alt=\"k&#xF6;rning p&#xE5; tenerife\"\/><\/figure>\n<\/div>\n<\/div>\n\n\n\n<div class=\"wp-block-columns planif_bouton is-layout-flex wp-container-core-columns-is-layout-9d6595d7 wp-block-columns-is-layout-flex\">\n<div class=\"wp-block-column is-vertically-aligned-top is-layout-flow wp-block-column-is-layout-flow\">\n<div class=\"wp-block-buttons is-content-justification-center is-layout-flex wp-container-core-buttons-is-layout-16018d1d wp-block-buttons-is-layout-flex\">\n<div class=\"wp-block-button\"><a class=\"wp-block-button__link has-white-color has-text-color wp-element-button\" href=\"https:\/\/www.discovercars.com\/se\/spain-canary-islands\/tenerife?a_aid=zigzagchan=CAL\" target=\"_blank\" rel=\"noreferrer noopener nofollow\">Se tillg\u00e4ngliga bilar &gt;&gt;<\/a><\/div>\n<\/div>\n<\/div>\n\n\n\n<div class=\"wp-block-column is-vertically-aligned-center is-layout-flow wp-block-column-is-layout-flow\">\n<p class=\"has-text-align-center\" style=\"font-size:16px\"><a href=\"https:\/\/canarias-lovers.com\/sv\/?p=2195\" target=\"_blank\" rel=\"noreferrer noopener\">L\u00e4s v\u00e5ra r\u00e5d<\/a><\/p>\n<\/div>\n<\/div>\n<\/div><\/div><\/div>\n\n<h2 class=\"wp-block-heading\" id=\"t-1635884637778\"><span class=\"ez-toc-section\" id=\"Teneriffa_pa_vintern_%E2%80%93_Sol_varme_vader\"><\/span>Teneriffa p\u00e5 vintern &#8211; Sol, v\u00e4rme, v\u00e4der<span class=\"ez-toc-section-end\"><\/span><\/h2>\n\n<h3 class=\"wp-block-heading\">\u00c4r det varmt p\u00e5 Teneriffa p\u00e5 vintern?<\/h3>\n\n<p>P\u00e5 vintern \u00e4r de temperaturer som man kan f\u00f6rv\u00e4nta sig vid havet:<\/p>\n\n<ul class=\"wp-block-list\">\n<li>omkring 20 till 25\u00b0C under dagen (68\u00b0F och 77\u00b0F)<\/li>\n\n\n\n<li>14 till 18\u00b0C \u00f6ver natten (57\u00b0F och 64\u00b0F)<\/li>\n<\/ul>\n\n<p>Detta g\u00f6r staden till en av de varmaste platserna i Europa p\u00e5 vintern.<br\/>Temperaturerna \u00e4r lite l\u00e4gre i bergen, och det kan till och med frysa p\u00e5 toppen av Mount Teide.<\/p>\n\n<h3 class=\"wp-block-heading\">Vintersol p\u00e5 Teneriffa &#8211; hur mycket sol kan man f\u00f6rv\u00e4nta sig?<\/h3>\n\n<p>Med tanke p\u00e5 klimatet \u00e4r ingenting garanterat.<br\/>Men p\u00e5 grund av \u00f6ns geografi \u00e4r det oftast bl\u00e5 himmel p\u00e5 dagarna.<br\/>Det kan regna, men inte lika mycket som i resten av Europa, och mest i sm\u00e5 fl\u00e4ckar. Allt du beh\u00f6ver g\u00f6ra \u00e4r att v\u00e4nta lite.<br\/>V\u00e4dret \u00e4r normalt lite finare och lite varmare p\u00e5 s\u00f6dra delen av \u00f6n.<\/p>\n\n<p>P\u00e5 vintern har du:<\/p>\n\n<ul class=\"wp-block-list\">\n<li>minst 10 timmar dagsljus,<\/li>\n\n\n\n<li>6 till 8 timmars solsken p\u00e5 vinterdagar av dessa 10 timmar.<\/li>\n<\/ul>\n\n<h3 class=\"wp-block-heading\">\u00c4r det m\u00f6jligt att sola p\u00e5 Teneriffa p\u00e5 vintern?<\/h3>\n\n<p>Absolut.<br\/>Som n\u00e4mnts ovan ligger dagstemperaturen p\u00e5 stranden i december, januari och februari p\u00e5 cirka 20-25 \u00b0C (68 \u00b0F och 77 \u00b0F).<br\/>N\u00e4r solen \u00e4r framme \u00e4r det ganska varmt p\u00e5 grund av \u00f6ns l\u00e5ga breddgrad.<br\/>Och gl\u00f6m inte att sm\u00f6rja in dig med solkr\u00e4m!<\/p>\n\n<figure class=\"wp-block-image size-large\"><img decoding=\"async\" src=\"https:\/\/photos.smugmug.com\/Canarias-Lovers\/Tenerife\/Teide\/Roques-de-Garcia\/i-fkQMLb8\/0\/LrG9GgNpFP9FCdZgMzQBh9s4X3kxxc6fDWJjCRQbD\/L\/path-roques-garcia-L.jpg\" alt=\"vandring i Teide p&#xE5; vintern\"\/><\/figure>\n\n<div style=\"background-color:#fefefe;margin-top:6%;margin-bottom:6%\" class=\"wp-block-genesis-blocks-gb-container box gb-block-container\"><div class=\"gb-container-inside\"><div class=\"gb-container-content\" style=\"max-width:700px\">\n<div class=\"wp-block-columns inverse is-layout-flex wp-container-core-columns-is-layout-9d6595d7 wp-block-columns-is-layout-flex\">\n<div class=\"wp-block-column texte_planif is-layout-flow wp-block-column-is-layout-flow\" style=\"flex-basis:58%\">\n<h5 class=\"titre_box\">LITE MER <span class=\"titre_box_manuscrit\">t\u00e5lamod<\/span><\/h5>\n\n\n\n<p style=\"font-size:14px\">Alla foton, kartor, information och anv\u00e4ndbara adresser som du beh\u00f6ver f\u00f6r att f\u00e5 ut det mesta av <strong>din vistelse p\u00e5 Kanarie\u00f6arna<\/strong> kommer <strong>snart<\/strong> att finnas tillg\u00e4ngliga i en enda e-bok!<\/p>\n\n\n\n<p style=\"font-size:14px\">Om du vill f\u00e5 information n\u00e4r v\u00e5r <strong>guide till Kanarie\u00f6arna<\/strong> publiceras, registrera dig:<\/p>\n\n\n<script>\nvar gform;gform||(document.addEventListener(\"gform_main_scripts_loaded\",function(){gform.scriptsLoaded=!0}),document.addEventListener(\"gform\/theme\/scripts_loaded\",function(){gform.themeScriptsLoaded=!0}),window.addEventListener(\"DOMContentLoaded\",function(){gform.domLoaded=!0}),gform={domLoaded:!1,scriptsLoaded:!1,themeScriptsLoaded:!1,isFormEditor:()=>\"function\"==typeof InitializeEditor,callIfLoaded:function(o){return!(!gform.domLoaded||!gform.scriptsLoaded||!gform.themeScriptsLoaded&&!gform.isFormEditor()||(gform.isFormEditor()&&console.warn(\"The use of gform.initializeOnLoaded() is deprecated in the form editor context and will be removed in Gravity Forms 3.1.\"),o(),0))},initializeOnLoaded:function(o){gform.callIfLoaded(o)||(document.addEventListener(\"gform_main_scripts_loaded\",()=>{gform.scriptsLoaded=!0,gform.callIfLoaded(o)}),document.addEventListener(\"gform\/theme\/scripts_loaded\",()=>{gform.themeScriptsLoaded=!0,gform.callIfLoaded(o)}),window.addEventListener(\"DOMContentLoaded\",()=>{gform.domLoaded=!0,gform.callIfLoaded(o)}))},hooks:{action:{},filter:{}},addAction:function(o,r,e,t){gform.addHook(\"action\",o,r,e,t)},addFilter:function(o,r,e,t){gform.addHook(\"filter\",o,r,e,t)},doAction:function(o){gform.doHook(\"action\",o,arguments)},applyFilters:function(o){return gform.doHook(\"filter\",o,arguments)},removeAction:function(o,r){gform.removeHook(\"action\",o,r)},removeFilter:function(o,r,e){gform.removeHook(\"filter\",o,r,e)},addHook:function(o,r,e,t,n){null==gform.hooks[o][r]&&(gform.hooks[o][r]=[]);var d=gform.hooks[o][r];null==n&&(n=r+\"_\"+d.length),gform.hooks[o][r].push({tag:n,callable:e,priority:t=null==t?10:t})},doHook:function(r,o,e){var t;if(e=Array.prototype.slice.call(e,1),null!=gform.hooks[r][o]&&((o=gform.hooks[r][o]).sort(function(o,r){return o.priority-r.priority}),o.forEach(function(o){\"function\"!=typeof(t=o.callable)&&(t=window[t]),\"action\"==r?t.apply(null,e):e[0]=t.apply(null,e)})),\"filter\"==r)return e[0]},removeHook:function(o,r,t,n){var e;null!=gform.hooks[o][r]&&(e=(e=gform.hooks[o][r]).filter(function(o,r,e){return!!(null!=n&&n!=o.tag||null!=t&&t!=o.priority)}),gform.hooks[o][r]=e)}});\n<\/script>\n\n                <div class='gf_browser_gecko gform_wrapper gform-theme gform-theme--foundation gform-theme--framework gform-theme--orbital' data-form-theme='orbital' data-form-index='0' id='gform_wrapper_2' ><style>#gform_wrapper_2[data-form-index=\"0\"].gform-theme,[data-parent-form=\"2_0\"]{--gf-color-primary: #204ce5;--gf-color-primary-rgb: 32, 76, 229;--gf-color-primary-contrast: #fff;--gf-color-primary-contrast-rgb: 255, 255, 255;--gf-color-primary-darker: #001AB3;--gf-color-primary-lighter: #527EFF;--gf-color-secondary: #fff;--gf-color-secondary-rgb: 255, 255, 255;--gf-color-secondary-contrast: #112337;--gf-color-secondary-contrast-rgb: 17, 35, 55;--gf-color-secondary-darker: #F5F5F5;--gf-color-secondary-lighter: #FFFFFF;--gf-color-out-ctrl-light: rgba(17, 35, 55, 0.1);--gf-color-out-ctrl-light-rgb: 17, 35, 55;--gf-color-out-ctrl-light-darker: rgba(104, 110, 119, 0.35);--gf-color-out-ctrl-light-lighter: #F5F5F5;--gf-color-out-ctrl-dark: #585e6a;--gf-color-out-ctrl-dark-rgb: 88, 94, 106;--gf-color-out-ctrl-dark-darker: #112337;--gf-color-out-ctrl-dark-lighter: rgba(17, 35, 55, 0.65);--gf-color-in-ctrl: #fff;--gf-color-in-ctrl-rgb: 255, 255, 255;--gf-color-in-ctrl-contrast: #112337;--gf-color-in-ctrl-contrast-rgb: 17, 35, 55;--gf-color-in-ctrl-darker: #F5F5F5;--gf-color-in-ctrl-lighter: #FFFFFF;--gf-color-in-ctrl-primary: #204ce5;--gf-color-in-ctrl-primary-rgb: 32, 76, 229;--gf-color-in-ctrl-primary-contrast: #fff;--gf-color-in-ctrl-primary-contrast-rgb: 255, 255, 255;--gf-color-in-ctrl-primary-darker: #001AB3;--gf-color-in-ctrl-primary-lighter: #527EFF;--gf-color-in-ctrl-light: rgba(17, 35, 55, 0.1);--gf-color-in-ctrl-light-rgb: 17, 35, 55;--gf-color-in-ctrl-light-darker: rgba(104, 110, 119, 0.35);--gf-color-in-ctrl-light-lighter: #F5F5F5;--gf-color-in-ctrl-dark: #585e6a;--gf-color-in-ctrl-dark-rgb: 88, 94, 106;--gf-color-in-ctrl-dark-darker: #112337;--gf-color-in-ctrl-dark-lighter: rgba(17, 35, 55, 0.65);--gf-radius: 3px;--gf-font-size-secondary: 14px;--gf-font-size-tertiary: 13px;--gf-icon-ctrl-number: url(\"data:image\/svg+xml,%3Csvg width='8' height='14' viewBox='0 0 8 14' fill='none' xmlns='http:\/\/www.w3.org\/2000\/svg'%3E%3Cpath fill-rule='evenodd' clip-rule='evenodd' d='M4 0C4.26522 5.96046e-08 4.51957 0.105357 4.70711 0.292893L7.70711 3.29289C8.09763 3.68342 8.09763 4.31658 7.70711 4.70711C7.31658 5.09763 6.68342 5.09763 6.29289 4.70711L4 2.41421L1.70711 4.70711C1.31658 5.09763 0.683417 5.09763 0.292893 4.70711C-0.0976311 4.31658 -0.097631 3.68342 0.292893 3.29289L3.29289 0.292893C3.48043 0.105357 3.73478 0 4 0ZM0.292893 9.29289C0.683417 8.90237 1.31658 8.90237 1.70711 9.29289L4 11.5858L6.29289 9.29289C6.68342 8.90237 7.31658 8.90237 7.70711 9.29289C8.09763 9.68342 8.09763 10.3166 7.70711 10.7071L4.70711 13.7071C4.31658 14.0976 3.68342 14.0976 3.29289 13.7071L0.292893 10.7071C-0.0976311 10.3166 -0.0976311 9.68342 0.292893 9.29289Z' fill='rgba(17, 35, 55, 0.65)'\/%3E%3C\/svg%3E\");--gf-icon-ctrl-select: url(\"data:image\/svg+xml,%3Csvg width='10' height='6' viewBox='0 0 10 6' fill='none' xmlns='http:\/\/www.w3.org\/2000\/svg'%3E%3Cpath fill-rule='evenodd' clip-rule='evenodd' d='M0.292893 0.292893C0.683417 -0.097631 1.31658 -0.097631 1.70711 0.292893L5 3.58579L8.29289 0.292893C8.68342 -0.0976311 9.31658 -0.0976311 9.70711 0.292893C10.0976 0.683417 10.0976 1.31658 9.70711 1.70711L5.70711 5.70711C5.31658 6.09763 4.68342 6.09763 4.29289 5.70711L0.292893 1.70711C-0.0976311 1.31658 -0.0976311 0.683418 0.292893 0.292893Z' fill='rgba(17, 35, 55, 0.65)'\/%3E%3C\/svg%3E\");--gf-icon-ctrl-search: url(\"data:image\/svg+xml,%3Csvg width='640' height='640' xmlns='http:\/\/www.w3.org\/2000\/svg'%3E%3Cpath d='M256 128c-70.692 0-128 57.308-128 128 0 70.691 57.308 128 128 128 70.691 0 128-57.309 128-128 0-70.692-57.309-128-128-128zM64 256c0-106.039 85.961-192 192-192s192 85.961 192 192c0 41.466-13.146 79.863-35.498 111.248l154.125 154.125c12.496 12.496 12.496 32.758 0 45.254s-32.758 12.496-45.254 0L367.248 412.502C335.862 434.854 297.467 448 256 448c-106.039 0-192-85.962-192-192z' fill='rgba(17, 35, 55, 0.65)'\/%3E%3C\/svg%3E\");--gf-label-space-y-secondary: var(--gf-label-space-y-md-secondary);--gf-ctrl-border-color: #686e77;--gf-ctrl-size: var(--gf-ctrl-size-md);--gf-ctrl-label-color-primary: #112337;--gf-ctrl-label-color-secondary: #112337;--gf-ctrl-choice-size: var(--gf-ctrl-choice-size-md);--gf-ctrl-checkbox-check-size: var(--gf-ctrl-checkbox-check-size-md);--gf-ctrl-radio-check-size: var(--gf-ctrl-radio-check-size-md);--gf-ctrl-btn-font-size: var(--gf-ctrl-btn-font-size-md);--gf-ctrl-btn-padding-x: var(--gf-ctrl-btn-padding-x-md);--gf-ctrl-btn-size: var(--gf-ctrl-btn-size-md);--gf-ctrl-btn-border-color-secondary: #686e77;--gf-ctrl-file-btn-bg-color-hover: #EBEBEB;--gf-field-img-choice-size: var(--gf-field-img-choice-size-md);--gf-field-img-choice-card-space: var(--gf-field-img-choice-card-space-md);--gf-field-img-choice-check-ind-size: var(--gf-field-img-choice-check-ind-size-md);--gf-field-img-choice-check-ind-icon-size: var(--gf-field-img-choice-check-ind-icon-size-md);--gf-field-pg-steps-number-color: rgba(17, 35, 55, 0.8);}<\/style><form method='post' enctype='multipart\/form-data'  id='gform_2'  action='\/sv\/wp-json\/wp\/v2\/posts\/7461' data-formid='2' novalidate> \r\n <input type='hidden' class='gforms-pum' value='{\"closepopup\":false,\"closedelay\":0,\"openpopup\":false,\"openpopup_id\":0}' \/>\n                        <div class='gform-body gform_body'><div id='gform_fields_2' class='gform_fields top_label form_sublabel_below description_below validation_below'><div id=\"field_2_1\" class=\"gfield gfield--type-website gfield--input-type-website field_sublabel_below gfield--no-description field_description_below field_validation_below gfield_visibility_hidden\"  ><div class=\"admin-hidden-markup\"><i class=\"gform-icon gform-icon--hidden\" aria-hidden=\"true\" title=\"Detta f\u00e4lt \u00e4r dolt n\u00e4r formul\u00e4ret visas\"><\/i><span>Detta f\u00e4lt \u00e4r dolt n\u00e4r formul\u00e4ret visas<\/span><\/div><label class='gfield_label gform-field-label' for='input_2_1'>Site Web<\/label><div class='ginput_container ginput_container_website'>\n                    <input name='input_1' id='input_2_1' type='url' value='https:\/\/canarias-lovers.com\/sv\/wp-json\/wp\/v2\/posts\/7461' class='large'    placeholder='https:\/\/'  aria-invalid=\"false\" \/>\n                <\/div><\/div><div id=\"field_2_3\" class=\"gfield gfield--type-email gfield--input-type-email gfield--width-full gfield_contains_required field_sublabel_below gfield--no-description field_description_below hidden_label field_validation_below gfield_visibility_visible\"  ><label class='gfield_label gform-field-label' for='input_2_3'>E-mail<span class=\"gfield_required\"><span class=\"gfield_required gfield_required_text\">(Obligatoriskt)<\/span><\/span><\/label><div class='ginput_container ginput_container_email'>\n                            <input name='input_3' id='input_2_3' type='email' value='' class='large'    aria-required=\"true\" aria-invalid=\"false\"  \/>\n                        <\/div><\/div><\/div><\/div>\n        <div class='gform-footer gform_footer top_label'> <input type='submit' id='gform_submit_button_2' class='gform_button button' onclick='gform.submission.handleButtonClick(this);' data-submission-type='submit' value='Prenumerera'  \/> \n            <input type='hidden' class='gform_hidden' name='gform_submission_method' data-js='gform_submission_method_2' value='postback' \/>\n            <input type='hidden' class='gform_hidden' name='gform_theme' data-js='gform_theme_2' id='gform_theme_2' value='orbital' \/>\n            <input type='hidden' class='gform_hidden' name='gform_style_settings' data-js='gform_style_settings_2' id='gform_style_settings_2' value='{&quot;inputPrimaryColor&quot;:&quot;#204ce5&quot;}' \/>\n            <input type='hidden' class='gform_hidden' name='is_submit_2' value='1' \/>\n            <input type='hidden' class='gform_hidden' name='gform_submit' value='2' \/>\n            \n            <input type='hidden' class='gform_hidden' name='gform_currency' data-currency='EUR' value='LLjFTki2V0V59yeLwJLGCLwNcNlI\/M\/2Q3gnTPrqcon1hxPKkUr0ock3eBrQBJa7DlOMx+s3SvsX23PZokOf9SAZ9c57yaaMSv5fJDxX22cvt6M=' \/>\n            <input type='hidden' class='gform_hidden' name='gform_unique_id' value='' \/>\n            <input type='hidden' class='gform_hidden' name='state_2' value='WyJbXSIsImYwNjdmM2RlZjkzZGI5YjM2NWY4ZmY4ZDRhNWY0OGY0Il0=' \/>\n            <input type='hidden' autocomplete='off' class='gform_hidden' name='gform_target_page_number_2' id='gform_target_page_number_2' value='0' \/>\n            <input type='hidden' autocomplete='off' class='gform_hidden' name='gform_source_page_number_2' id='gform_source_page_number_2' value='1' \/>\n            <input type='hidden' name='gform_field_values' value='' \/>\n            \n        <\/div>\n                        <\/form>\n                        <\/div><script>\ngform.initializeOnLoaded( function() {gformInitSpinner( 2, 'https:\/\/canarias-lovers.com\/wp-content\/plugins\/gravityforms\/images\/spinner.svg', false );jQuery('#gform_ajax_frame_2').on('load',function(){var contents = jQuery(this).contents().find('*').html();var is_postback = contents.indexOf('GF_AJAX_POSTBACK') >= 0;if(!is_postback){return;}var form_content = jQuery(this).contents().find('#gform_wrapper_2');var is_confirmation = jQuery(this).contents().find('#gform_confirmation_wrapper_2').length > 0;var is_redirect = contents.indexOf('gformRedirect(){') >= 0;var is_form = form_content.length > 0 && ! is_redirect && ! is_confirmation;var mt = parseInt(jQuery('html').css('margin-top'), 10) + parseInt(jQuery('body').css('margin-top'), 10) + 100;if(is_form){jQuery('#gform_wrapper_2').html(form_content.html());if(form_content.hasClass('gform_validation_error')){jQuery('#gform_wrapper_2').addClass('gform_validation_error');} else {jQuery('#gform_wrapper_2').removeClass('gform_validation_error');}setTimeout( function() { \/* delay the scroll by 50 milliseconds to fix a bug in chrome *\/  }, 50 );if(window['gformInitDatepicker']) {gformInitDatepicker();}if(window['gformInitPriceFields']) {gformInitPriceFields();}var current_page = jQuery('#gform_source_page_number_2').val();gformInitSpinner( 2, 'https:\/\/canarias-lovers.com\/wp-content\/plugins\/gravityforms\/images\/spinner.svg', false );jQuery(document).trigger('gform_page_loaded', [2, current_page]);window['gf_submitting_2'] = false;}else if(!is_redirect){var confirmation_content = jQuery(this).contents().find('.GF_AJAX_POSTBACK').html();if(!confirmation_content){confirmation_content = contents;}jQuery('#gform_wrapper_2').replaceWith(confirmation_content);jQuery(document).trigger('gform_confirmation_loaded', [2]);window['gf_submitting_2'] = false;wp.a11y.speak(jQuery('#gform_confirmation_message_2').text());}else{jQuery('#gform_2').append(contents);if(window['gformRedirect']) {gformRedirect();}}jQuery(document).trigger(\"gform_pre_post_render\", [{ formId: \"2\", currentPage: \"current_page\", abort: function() { this.preventDefault(); } }]);        if (event && event.defaultPrevented) {                return;        }        const gformWrapperDiv = document.getElementById( \"gform_wrapper_2\" );        if ( gformWrapperDiv ) {            const visibilitySpan = document.createElement( \"span\" );            visibilitySpan.id = \"gform_visibility_test_2\";            gformWrapperDiv.insertAdjacentElement( \"afterend\", visibilitySpan );        }        const visibilityTestDiv = document.getElementById( \"gform_visibility_test_2\" );        let postRenderFired = false;        function triggerPostRender() {            if ( postRenderFired ) {                return;            }            postRenderFired = true;            gform.core.triggerPostRenderEvents( 2, current_page );            if ( visibilityTestDiv ) {                visibilityTestDiv.parentNode.removeChild( visibilityTestDiv );            }        }        function debounce( func, wait, immediate ) {            var timeout;            return function() {                var context = this, args = arguments;                var later = function() {                    timeout = null;                    if ( !immediate ) func.apply( context, args );                };                var callNow = immediate && !timeout;                clearTimeout( timeout );                timeout = setTimeout( later, wait );                if ( callNow ) func.apply( context, args );            };        }        const debouncedTriggerPostRender = debounce( function() {            triggerPostRender();        }, 200 );        if ( visibilityTestDiv && visibilityTestDiv.offsetParent === null ) {            const observer = new MutationObserver( ( mutations ) => {                mutations.forEach( ( mutation ) => {                    if ( mutation.type === 'attributes' && visibilityTestDiv.offsetParent !== null ) {                        debouncedTriggerPostRender();                        observer.disconnect();                    }                });            });            observer.observe( document.body, {                attributes: true,                childList: false,                subtree: true,                attributeFilter: [ 'style', 'class' ],            });        } else {            triggerPostRender();        }    } );} );\n<\/script>\n<\/div>\n\n\n\n<div class=\"wp-block-column is-layout-flow wp-block-column-is-layout-flow\" style=\"flex-basis:42%\">\n<div class=\"wp-block-genesis-blocks-gb-container ebook-radius-waitlist gb-block-container\"><div class=\"gb-container-inside\"><div class=\"gb-container-content\"><div class=\"wp-block-image ebook-image\">\n<figure class=\"aligncenter size-large\"><img decoding=\"async\" src=\"https:\/\/loirelovers.fr\/wp-content\/uploads\/2023\/03\/ebooks_CorseNormandie_FR.png\" alt=\"Box Ebook Korsika FR\"\/><\/figure>\n<\/div><\/div><\/div><\/div>\n<\/div>\n<\/div>\n<\/div><\/div><\/div>\n\n<h2 class=\"wp-block-heading\" id=\"t-1635884637779\"><span class=\"ez-toc-section\" id=\"Resa_till_Teneriffa_under_vintermanaderna_%E2%80%93_Tips_och_rad\"><\/span>Resa till Teneriffa under vinterm\u00e5naderna &#8211; Tips och r\u00e5d<span class=\"ez-toc-section-end\"><\/span><\/h2>\n\n<p>Alla mina vanliga r\u00e5d om Teneriffa g\u00e4ller ocks\u00e5 f\u00f6r vintern.<br\/>Men h\u00e4r \u00e4r n\u00e5gra specifika tips som du b\u00f6r ha i \u00e5tanke.<\/p>\n\n<h3 class=\"wp-block-heading\">B\u00e4sta \u00f6gonblicket<\/h3>\n\n<p>Det finns ingen b\u00e4ttre m\u00e5nad. Undvik bara de europeiska skollovstiderna vid jul och p\u00e5sk f\u00f6r att slippa tr\u00e4ngseln.<\/p>\n\n<p>Ta reda p\u00e5 mer om:<\/p>\n\n<ul class=\"wp-block-list\">\n<li><a href=\"https:\/\/canarias-lovers.com\/sv\/resa-teneriffa-december-vader-temperatur\/\" target=\"_blank\" rel=\"noreferrer noopener\">Teneriffa i december<\/a><\/li>\n\n\n\n<li><a href=\"https:\/\/canarias-lovers.com\/sv\/resa-teneriffa-januari-vader-temperatur\/\" target=\"_blank\" rel=\"noreferrer noopener\">Teneriffa i januari<\/a><\/li>\n\n\n\n<li><a href=\"https:\/\/canarias-lovers.com\/sv\/resa-teneriffa-februari-vader-temperatur\/\" target=\"_blank\" rel=\"noreferrer noopener\">Teneriffa i februari<\/a><\/li>\n\n\n\n<li><a href=\"https:\/\/canarias-lovers.com\/sv\/resa-teneriffa-mars-vader-temperatur\/\" target=\"_blank\" rel=\"noreferrer noopener\">Teneriffa i mars<\/a><\/li>\n<\/ul>\n\n<h3 class=\"wp-block-heading\">Att ta sig runt p\u00e5 Teneriffa p\u00e5 vintern<\/h3>\n\n<p>P\u00e5 vintern som p\u00e5 sommaren tycker jag att det b\u00e4sta s\u00e4ttet att utforska \u00f6n \u00e4r att hyra en bil.<br\/>Detta ger dig friheten att se de vackraste sev\u00e4rdheterna och stanna n\u00e4r du vill.<br\/>Det finns bussar, men turt\u00e4theten \u00e4r inte optimal.<br\/>V\u00e4garna \u00e4r i utm\u00e4rkt skick men kan vara krokiga i bergen.<br\/>Se v\u00e5ra guider om att <a href=\"https:\/\/canarias-lovers.com\/sv\/hur-hyr-bil-teneriffa-tips-erfarenhet\/\" target=\"_blank\" rel=\"noreferrer noopener\">hyra bil<\/a> och <a href=\"https:\/\/canarias-lovers.com\/sv\/conduire-tenerife-conseils\/\" target=\"_blank\" rel=\"noreferrer noopener\">k\u00f6ra bil p\u00e5 Teneriffa<\/a>.<\/p>\n\n<figure class=\"wp-block-image size-large\"><img decoding=\"async\" src=\"https:\/\/photos.smugmug.com\/Canarias-Lovers\/Tenerife\/Driving\/i-FRzZgfv\/0\/LZLKZm4x5jdzLBJvWs8vnhmWNTS6JRsp8ZxT8ZCnW\/L\/road_Tenerife_seaside-L.jpg\" alt=\"Att k&#xF6;ra bil p&#xE5; Teneriffa p&#xE5; vintern\"\/><\/figure>\n\n<h3 class=\"wp-block-heading\">Hur l\u00e4nge kan jag stanna?<\/h3>\n\n<p>Det beror p\u00e5 vad du vill g\u00f6ra.<br\/>F\u00f6r att bes\u00f6ka st\u00f6rre delen av \u00f6n och koppla av p\u00e5 stranden, r\u00e4kna med en vecka. F\u00f6r att utforska hela \u00f6n, r\u00e4kna med 10 dagar till 2 veckor.<br\/>Men om du bara vill njuta av vintersolen kommer 5 dagar i veckan att ge dig den boost du beh\u00f6ver f\u00f6r att klara resten av vintern.<\/p>\n\n<p>Se v\u00e5ra f\u00f6rslag p\u00e5 resplaner: 3 dagar &#8211; 4 dagar &#8211; 5 dagar &#8211; <a href=\"https:\/\/canarias-lovers.com\/sv\/besok-6-dagar-teneriffa-resvagar\/\" target=\"_blank\" rel=\"noreferrer noopener\">6 dagar<\/a> &#8211; <a href=\"https:\/\/canarias-lovers.com\/sv\/besok-teneriffa-en-vecka-resvagar\/\" target=\"_blank\" rel=\"noreferrer noopener\">1 vecka <\/a>&#8211; 10 dagar<\/p>\n\n<h3 class=\"wp-block-heading\">Var kan man bo p\u00e5 vintern?<\/h3>\n\n<p>S\u00f6dra delen av \u00f6n har i allm\u00e4nhet ett soligare klimat p\u00e5 vintern.<br\/>De st\u00f6rsta badorterna \u00e4r:<\/p>\n\n<ul class=\"wp-block-list\">\n<li><a href=\"https:\/\/canarias-lovers.com\/sv\/var-att-sova-kosta-adeje-basta-hotell-stadsdelarna\/\" target=\"_blank\" rel=\"noreferrer noopener\">Costa Adeje<\/a>, den exklusiva badorten<\/li>\n\n\n\n<li><a href=\"https:\/\/canarias-lovers.com\/ou-dormir-a-playa-de-las-americas-15-meilleurs-hotels-2024\/\" target=\"_blank\" rel=\"noreferrer noopener\">Playa de las Americas<\/a>, k\u00e4nd f\u00f6r sin livliga atmosf\u00e4r<\/li>\n\n\n\n<li>Los Cristianos, en kombination av charm och strand<\/li>\n\n\n\n<li><a href=\"https:\/\/canarias-lovers.com\/sv\/var-kan-bo-puerto-de-la-cruz-basta-hotellen-stadsdelarna\/\" target=\"_blank\" rel=\"noreferrer noopener\">Puerto de la Cruz<\/a> i norr &#8211; observera att det regnar lite l\u00e4ngre norrut p\u00e5 vintern<\/li>\n<\/ul>\n\n<figure class=\"wp-block-image size-large\"><img decoding=\"async\" src=\"https:\/\/photos.smugmug.com\/Canarias-Lovers\/Tenerife\/Costa-Adeje\/H%C3%B4tels-Costa-Adeje\/Adrian-Jardines-de-Nivaria\/i-DsbrmtK\/0\/KxDG4vBH6R6j6SQMStPQxVN65NhNwT7pkm8V4NvJB\/L\/balcony%20hotel%20adrian%20jardines%20nivaria%20costa%20adeje%20tenerife-L.jpg\" alt=\"Hotell i Costa Adeje p&#xE5; vintern\"\/><\/figure>\n\n<h2 class=\"wp-block-heading\" id=\"t-1635884637780\"><span class=\"ez-toc-section\" id=\"Vinteraktiviteter_pa_Teneriffa\"><\/span>Vinteraktiviteter p\u00e5 Teneriffa<span class=\"ez-toc-section-end\"><\/span><\/h2>\n\n<p>Vad finns det att g\u00f6ra p\u00e5 Teneriffa p\u00e5 vintern?<br\/>N\u00e4stan samma saker som under sommaren. H\u00e4r \u00e4r n\u00e5gra av h\u00f6jdpunkterna:<\/p>\n\n<ul class=\"wp-block-list\">\n<li>De olika svarta och gyllene sandstr\u00e4nderna &#8211; <a href=\"https:\/\/canarias-lovers.com\/sv\/basta-stranderna-teneriffa\/\" target=\"_blank\" rel=\"noreferrer noopener\">se v\u00e5ra favoriter<\/a><\/li>\n\n\n\n<li><a href=\"https:\/\/canarias-lovers.com\/sv\/basta-staderna-teneriffa-byarna\/\" target=\"_blank\" rel=\"noreferrer noopener\">Traditionella st\u00e4der och byar<\/a> som La Orotava och Garachico utsmyckade inf\u00f6r h\u00f6gtiderna<\/li>\n\n\n\n<li><a href=\"https:\/\/canarias-lovers.com\/sv\/nationalpark-teide-teneriffa-sevardheter-tips\/\" target=\"_blank\" rel=\"noreferrer noopener\">Teide National Park<\/a>, ibland t\u00e4ckt av ett sn\u00f6t\u00e4cke som kontrasterar mot det milda kustklimatet<\/li>\n\n\n\n<li>Klipporna vid Los Gigantes<\/li>\n\n\n\n<li>Val- och delfinsk\u00e5dning<\/li>\n\n\n\n<li>N\u00f6jes- och vattenparker som erbjuder s\u00e4rskilda festliga evenemang &#8211; <a href=\"https:\/\/canarias-lovers.com\/sv\/temaparker-teneriffa\/\" target=\"_blank\" rel=\"noreferrer noopener\">se listan<\/a><\/li>\n\n\n\n<li>&#8230;<\/li>\n<\/ul>\n\n<p>Se v\u00e5r lista \u00f6ver de <a href=\"https:\/\/canarias-lovers.com\/sv\/sevardheter-teneriffa-att-gora\/\" target=\"_blank\" rel=\"noreferrer noopener\">b\u00e4sta attraktionerna p\u00e5 Teneriffa<\/a>.<\/p>\n\n<figure class=\"wp-block-image size-large\"><img decoding=\"async\" src=\"https:\/\/photos.smugmug.com\/Canarias-Lovers\/Tenerife\/Masca\/i-P4p4TQ4\/0\/MMB35H9QPxnZ6ZvCgpdxvrCMzN388PDqNkzfJzwjL\/L\/street-stairs-masca-tenerife-L.jpg\" alt=\"Byn Masca p&#xE5; vintern\"\/><\/figure>\n\n<div style=\"margin-top:8%;margin-bottom:8%\" class=\"wp-block-genesis-blocks-gb-container box gb-block-container\"><div class=\"gb-container-inside\"><div class=\"gb-container-content\">\n<div class=\"wp-block-columns inverse is-layout-flex wp-container-core-columns-is-layout-9d6595d7 wp-block-columns-is-layout-flex\">\n<div class=\"wp-block-column texte_planif is-layout-flow wp-block-column-is-layout-flow\" style=\"flex-basis:58%\">\n<h5 class=\"titre_box\" style=\"padding-top:10px\">HA KUL I TENERIFE: <span class=\"titre_box_manuscrit\">aktiviteter<\/span><\/h5>\n\n\n\n<p style=\"font-size:16px\"><a href=\"https:\/\/www.getyourguide.se\/s\/?q=Dauphins+Tenerife&amp;searchSource=3&amp;partner_id=R3GYW4V&amp;cmp=CAL\" target=\"_blank\" rel=\"noreferrer noopener sponsored nofollow\">Spana p\u00e5 delfiner<\/a><br\/><a href=\"https:\/\/www.getyourguide.se\/s\/?q=Buggy+Tenerife&amp;searchSource=3&amp;partner_id=R3GYW4V&amp;cmp=CAL\" target=\"_blank\" rel=\"noreferrer noopener sponsored nofollow\">Buggy \/ fyrhjuling<\/a><br\/><a href=\"https:\/\/www.getyourguide.se\/s\/?q=snorkeling+Tenerife&amp;searchSource=3&amp;partner_id=R3GYW4V&amp;cmp=CAL\" target=\"_blank\" rel=\"noreferrer noopener sponsored nofollow\">Snorkling<\/a><\/p>\n<\/div>\n\n\n\n<div class=\"wp-block-column ville-radius is-layout-flow wp-block-column-is-layout-flow\" style=\"flex-basis:42%\">\n<figure class=\"wp-block-image size-large img-portrait\"><img decoding=\"async\" src=\"https:\/\/photos.smugmug.com\/Canarias-Lovers\/Tenerife\/Best-of\/i-wQrB5Lp\/0\/LrTR9c4Tnm6PWfsxrwZfkmGvPdbFXhh9dJ3FzzWmt\/S\/tenerife-dauphins-1-S.jpg\" alt=\"Valar p&#xE5; Teneriffa\" title=\"\"\/><\/figure>\n<\/div>\n<\/div>\n<\/div><\/div><\/div>\n\n<h2 class=\"wp-block-heading\" id=\"t-1635884637781\"><span class=\"ez-toc-section\" id=\"Jul_pa_Teneriffa\"><\/span>Jul p\u00e5 Teneriffa<span class=\"ez-toc-section-end\"><\/span><\/h2>\n\n<h3 class=\"wp-block-heading\">Hur \u00e4r det att fira jul p\u00e5 Teneriffa?<\/h3>\n\n<p>Teneriffa \u00e4r ett popul\u00e4rt julresm\u00e5l. \u00d6n erbjuder en unik blandning av festliga traditioner, kulturella evenemang och varmt v\u00e4der.<\/p>\n\n<h3 class=\"wp-block-heading\">Vilka \u00e4r de officiella datumen f\u00f6r julhelgen?<\/h3>\n\n<p>Teneriffa har f\u00f6ljande allm\u00e4nna helgdagar:  <\/p>\n\n<ul class=\"wp-block-list\">\n<li>25 december<\/li>\n\n\n\n<li>1 januari<\/li>\n\n\n\n<li>5 \/ 6 januari, Trettondagsafton<\/li>\n<\/ul>\n\n<p>Under dessa dagar \u00e4r m\u00e5nga butiker st\u00e4ngda.<\/p>\n\n<p>Julledigheten b\u00f6rjar f\u00f6re jul och slutar efter den 1 januari. Datumen varierar fr\u00e5n \u00e5r till \u00e5r.<\/p>\n\n<h3 class=\"wp-block-heading\">\u00c4r det varmt p\u00e5 Teneriffa i jul?<\/h3>\n\n<p>V\u00e4dret \u00e4r inte varmt, men det \u00e4r varmt. Du kan ha p\u00e5 dig en T-shirt under dagen (cirka 22\u00b0C).<br\/>Allt du beh\u00f6ver \u00e4r en tr\u00f6ja f\u00f6r kv\u00e4llen.<br\/>I genomsnitt \u00e4r det 6 timmars solsken av de 10 timmarna med dagsljus.<br\/>Det \u00e4r lite regn i s\u00f6der.<\/p>\n\n<figure class=\"wp-block-image size-large\"><img decoding=\"async\" src=\"https:\/\/photos.smugmug.com\/Canarias-Lovers\/Tenerife\/El-Medano\/Piscinas-los-Abrigos\/i-hnBMdD2\/0\/Lq9Z9436hg883tRx5LBbVKDpbdpM38qH4jJQdCb5M\/L\/piscinas-los-abrigos-L.jpg\" alt=\"Teneriffa runt jul\"\/><\/figure>\n\n<h3 class=\"wp-block-heading\">Juldekorationer<\/h3>\n\n<p>Teneriffa \u00e4r utsmyckad med sina finaste juldekorationer. Santa Cruz och La Laguna \u00e4r s\u00e4rskilt festliga, med spektakul\u00e4ra belysningar och traditionella dekorationer. P\u00e5 Plaza de Espa\u00f1a i Santa Cruz st\u00e5r en stor upplyst julgran.<\/p>\n\n<h3 class=\"wp-block-heading\">Julh\u00e4ndelser &#8211; trettondagen<\/h3>\n\n<p>Festligheterna b\u00f6rjar i b\u00f6rjan av december med att juldekorationerna t\u00e4nds i alla st\u00e4der. Ett av de mest popul\u00e4ra evenemangen \u00e4r Santa Cruz julmarknad, d\u00e4r du kan hitta hantverk och lokala specialiteter.<\/p>\n\n<p>Paraden med de tre vise m\u00e4nnen den 5 januari \u00e4r s\u00e4rskilt spektakul\u00e4r p\u00e5 Teneriffa. Kungarna anl\u00e4nder vanligtvis med b\u00e5t innan de paraderar genom gatorna och delar ut godis till barnen.<\/p>\n\n<h3 class=\"wp-block-heading\">Mat<\/h3>\n\n<p>Under julen bjuder Teneriffa p\u00e5 en blandning av spanska och kanariska kulinariska traditioner. Missa inte det h\u00e4r:<br\/>&#8211; Turron (spansk nougat)<br\/>&#8211; Polvorones (julkex)<br\/>&#8211; Bakalao (torsk tillagad p\u00e5 traditionellt s\u00e4tt)<br\/>Hotellen erbjuder ofta specialmenyer som kombinerar internationella r\u00e4tter med lokala specialiteter.<\/p>\n\n<h2 class=\"wp-block-heading\" id=\"t-1635884637782\"><span class=\"ez-toc-section\" id=\"Nyar_pa_Teneriffa\"><\/span>Ny\u00e5r p\u00e5 Teneriffa<span class=\"ez-toc-section-end\"><\/span><\/h2>\n\n<h3 class=\"wp-block-heading\">Ny\u00e5rsafton p\u00e5 Teneriffa<\/h3>\n\n<p>Ny\u00e5rsafton firas med stor entusiasm p\u00e5 Teneriffa. Traditionen med tolv druvor vid midnatt f\u00f6ljs p\u00e5 hela \u00f6n. Fyrverkerierna \u00e4r spektakul\u00e4ra, s\u00e4rskilt vid Playa de las Americas och Puerto de la Cruz.<\/p>\n\n<h3 class=\"wp-block-heading\">De b\u00e4sta st\u00e4llena att festa p\u00e5<\/h3>\n\n<p>Du hittar fester i alla st\u00f6rre orter och st\u00e4der:<\/p>\n\n<ul class=\"wp-block-list\">\n<li>Santa Cruz de Tenerife<\/li>\n\n\n\n<li>Playa de las Americas (den livligaste)<\/li>\n\n\n\n<li>Costa Adeje<\/li>\n\n\n\n<li>Puerto de la Cruz<\/li>\n<\/ul>\n\n<figure class=\"wp-block-image size-large\"><img decoding=\"async\" src=\"https:\/\/photos.smugmug.com\/Region-Lovers\/Extra\/i-c8VgjXF\/0\/MbbZM66vTRv7VhZtcsgrsSp53LHZrFkN5dFwXZzb8\/L\/Firework_new_year_DP_627351008-L.jpg\" alt=\"fyrverkerier\"\/><\/figure>\n\n<div style=\"margin-top:8%;margin-bottom:8%\" class=\"wp-block-genesis-blocks-gb-container box gb-block-container\"><div class=\"gb-container-inside\"><div class=\"gb-container-content\" style=\"max-width:700px\">\n<div class=\"wp-block-genesis-blocks-gb-container box_titre gb-block-container\"><div class=\"gb-container-inside\"><div class=\"gb-container-content\">\n<h5 class=\"titre_box\"><span>PLANERA<\/span> DIN RESA TILL <span class=\"titre_box_manuscrit\">tenerife<\/span><\/h5>\n<\/div><\/div><\/div>\n\n\n\n<hr class=\"wp-block-separator has-text-color has-alpha-channel-opacity has-background is-style-wide hr-box-planif\" style=\"background-color:#ccd3dd;color:#ccd3dd\"\/>\n\n\n\n<div class=\"wp-block-columns box_sans_border is-layout-flex wp-container-core-columns-is-layout-9d6595d7 wp-block-columns-is-layout-flex\">\n<div class=\"wp-block-column texte_planif is-layout-flow wp-block-column-is-layout-flow\" style=\"font-size:14px;flex-basis:60%\">\n<ul class=\"wp-block-list\">\n<li><strong>B\u00e4st av<\/strong><\/li>\n<\/ul>\n\n\n\n<p class=\"ul_box\" style=\"font-size:14px\"><a href=\"https:\/\/canarias-lovers.com\/sv\/sevardheter-teneriffa-att-gora\/\" target=\"_blank\" rel=\"noreferrer noopener\">Vad man kan g\u00f6ra p\u00e5 Teneriffa<\/a><br\/><a href=\"https:\/\/canarias-lovers.com\/sv\/basta-staderna-teneriffa-byarna\/\" target=\"_blank\" rel=\"noreferrer noopener\">De vackraste st\u00e4derna och byarna<\/a><br\/><a href=\"https:\/\/canarias-lovers.com\/sv\/basta-stranderna-teneriffa\/\" target=\"_blank\" rel=\"noreferrer noopener\">De vackraste str\u00e4nderna<\/a><br\/><a href=\"https:\/\/canarias-lovers.com\/sv\/naturliga-pooler-teneriffa-laguner\/\" target=\"_blank\" rel=\"noreferrer noopener\">B\u00e4sta naturliga pooler<\/a><br\/><a href=\"https:\/\/canarias-lovers.com\/sv\/landskap-teneriffa-foton\/\" target=\"_blank\" rel=\"noreferrer noopener\">De vackraste landskapen<\/a><br\/><a href=\"https:\/\/canarias-lovers.com\/sv\/vackraste-vagarna-teneriffa\/\" target=\"_blank\" rel=\"noreferrer noopener\">De vackraste v\u00e4garna<\/a><br\/><a data-type=\"post\" data-id=\"6866\" href=\"https:\/\/canarias-lovers.com\/sv\/temaparker-teneriffa\/\" target=\"_blank\" rel=\"noreferrer noopener\">N\u00f6jesparker<\/a><br\/><a href=\"https:\/\/canarias-lovers.com\/sv\/basta-utflykter-teneriffa\/\" type=\"post\" id=\"8548\" target=\"_blank\" rel=\"noreferrer noopener\">B\u00e4sta utflykterna p\u00e5 Teneriffa<\/a><\/p>\n<\/div>\n\n\n\n<div class=\"wp-block-column is-vertically-aligned-top planif-radius is-layout-flow wp-block-column-is-layout-flow\" style=\"flex-basis:40%\">\n<figure class=\"wp-block-image size-large img-portrait\"><img decoding=\"async\" src=\"https:\/\/photos.smugmug.com\/Canarias-Lovers\/Tenerife\/Best-of\/i-pvFVTGs\/0\/0848ad4a\/S\/parc-national-teide-tenerife-S.jpg\" alt=\"Teide nationalpark p&#xE5; Teneriffa\" title=\"\"\/><\/figure>\n<\/div>\n<\/div>\n\n\n\n<hr class=\"wp-block-separator has-text-color has-alpha-channel-opacity has-background is-style-wide hr-box-planif\" style=\"background-color:#ccd3dd;color:#ccd3dd\"\/>\n\n\n\n<div class=\"wp-block-columns box_sans_border is-layout-flex wp-container-core-columns-is-layout-9d6595d7 wp-block-columns-is-layout-flex\">\n<div class=\"wp-block-column texte_planif is-layout-flow wp-block-column-is-layout-flow\" style=\"flex-basis:60%\">\n<ul class=\"wp-block-list\">\n<li><strong>Praktiska r\u00e5d<\/strong><\/li>\n<\/ul>\n\n\n\n<p style=\"font-size:14px\"><a data-type=\"post\" data-id=\"5907\" href=\"https:\/\/canarias-lovers.com\/sv\/reseguide-teneriffa-resetips\/\" target=\"_blank\" rel=\"noreferrer noopener\">25 tips f\u00f6r en lyckad resa till Teneriffa<\/a><br\/><a data-type=\"post\" data-id=\"6143\" href=\"https:\/\/canarias-lovers.com\/sv\/ta-sig-runt-teneriffa-transport\/\" target=\"_blank\" rel=\"noreferrer noopener\">Hur man tar sig runt<\/a><br\/><a data-type=\"post\" data-id=\"2175\" href=\"https:\/\/canarias-lovers.com\/sv\/hur-hyr-bil-teneriffa-tips-erfarenhet\/\" target=\"_blank\" rel=\"noreferrer noopener\">Hur man hyr en bil p\u00e5 Teneriffa<\/a><br\/><a data-type=\"post\" data-id=\"5963\" href=\"https:\/\/canarias-lovers.com\/sv\/conduire-tenerife-conseils\/\" target=\"_blank\" rel=\"noreferrer noopener\">Tips f\u00f6r k\u00f6rning<\/a><br\/>B\u00e4sta utflykter (kommer snart)<br\/><a data-type=\"post\" data-id=\"5908\" href=\"https:\/\/canarias-lovers.com\/sv\/var-ska-bo-teneriffa-basta-omradena\/\" target=\"_blank\" rel=\"noreferrer noopener\">Var du kan bo p\u00e5 Teneriffa<\/a><br\/>Resplaner: 3 dagar &#8211; 4 dagar &#8211; <a href=\"https:\/\/canarias-lovers.com\/sv\/besok-5-dagar-teneriffa-resvagar\/\" target=\"_blank\" rel=\"noreferrer noopener\">5 dagar <\/a>&#8211; <a href=\"https:\/\/canarias-lovers.com\/sv\/besok-6-dagar-teneriffa-resvagar\/\" target=\"_blank\" rel=\"noreferrer noopener\">6 dagar<\/a> &#8211; <a href=\"https:\/\/canarias-lovers.com\/sv\/besok-teneriffa-en-vecka-resvagar\/\" target=\"_blank\" rel=\"noreferrer noopener\">1 vecka <\/a>&#8211; <a href=\"https:\/\/canarias-lovers.com\/sv\/besok-10-dagar-teneriffa-resplan\/\" target=\"_blank\" rel=\"noreferrer noopener\">10 dagar<\/a><\/p>\n<\/div>\n\n\n\n<div class=\"wp-block-column is-vertically-aligned-top planif-radius is-layout-flow wp-block-column-is-layout-flow\" style=\"flex-basis:40%\">\n<figure class=\"wp-block-image size-large img-portrait\"><img decoding=\"async\" src=\"https:\/\/photos.smugmug.com\/Canarias-Lovers\/Tenerife\/Driving\/i-hrSHvkb\/1\/565a5a58\/S\/tenerife-rental-car-driving-3-S.jpg\" alt=\"Hyrbil Teneriffa\" title=\"\"\/><\/figure>\n<\/div>\n<\/div>\n\n\n\n<hr class=\"wp-block-separator has-text-color has-alpha-channel-opacity has-background is-style-wide hr-box-planif\" style=\"background-color:#ccd3dd;color:#ccd3dd\"\/>\n\n\n\n<div class=\"wp-block-columns box_sans_border is-layout-flex wp-container-core-columns-is-layout-9d6595d7 wp-block-columns-is-layout-flex\">\n<div class=\"wp-block-column texte_planif is-layout-flow wp-block-column-is-layout-flow\" style=\"flex-basis:60%\">\n<ul class=\"wp-block-list\">\n<li><strong>Det du m\u00e5ste ha<\/strong><\/li>\n<\/ul>\n\n\n\n<p style=\"font-size:14px\"><a href=\"https:\/\/canarias-lovers.com\/sv\/delfinspotting-teneriffa-baleiner-utflykter\/\" target=\"_blank\" rel=\"noreferrer noopener\">Delfinsk\u00e5dning p\u00e5 Teneriffa<\/a><br\/><a data-type=\"post\" data-id=\"5913\" href=\"https:\/\/canarias-lovers.com\/sv\/nationalpark-teide-teneriffa-sevardheter-tips\/\" target=\"_blank\" rel=\"noreferrer noopener\">Teide nationalpark<\/a><br\/>Anaga landsbygdspark (kommer snart)<br\/><a href=\"https:\/\/canarias-lovers.com\/sv\/sevardheter-la-orotava-teneriffa-att-gora\/\" target=\"_blank\" rel=\"noreferrer noopener\">La Orotava<\/a><br\/><a data-type=\"post\" data-id=\"4663\" href=\"https:\/\/canarias-lovers.com\/sv\/sevardheter-garachico-teneriffa-att-gora\/\" target=\"_blank\" rel=\"noreferrer noopener\">Garachico<\/a><br\/><a href=\"https:\/\/canarias-lovers.com\/sv\/sevardheter-masca-teneriffa-att-gora\/\" target=\"_blank\" rel=\"noreferrer noopener\">Byn Masca<\/a><br\/><a href=\"https:\/\/canarias-lovers.com\/sv\/visiter-pyramides-guimar-tenerife-2\/\" target=\"_blank\" rel=\"noreferrer noopener\">Pyramiderna i G\u00fcimar<\/a><br\/><br\/><\/p>\n<\/div>\n\n\n\n<div class=\"wp-block-column is-vertically-aligned-top planif-radius is-layout-flow wp-block-column-is-layout-flow\" style=\"flex-basis:40%\">\n<figure class=\"wp-block-image size-large img-portrait\"><img decoding=\"async\" src=\"https:\/\/photos.smugmug.com\/Canarias-Lovers\/Tenerife\/Best-of\/i-wQrB5Lp\/0\/0bf54665\/S\/tenerife-dauphins-1-S.jpg\" alt=\"Delfin p&#xE5; Teneriffa\" title=\"\"\/><\/figure>\n<\/div>\n<\/div>\n\n\n\n<div style=\"height:30px\" aria-hidden=\"true\" class=\"wp-block-spacer\"><\/div>\n<\/div><\/div><\/div>\n\n<div class=\"wp-block-genesis-blocks-gb-container box_auteur_voyage gb-block-container\"><div class=\"gb-container-inside\"><div class=\"gb-container-content\">\n<figure class=\"wp-block-image size-large img_auteur_voyage img_provisoire\"><img decoding=\"async\" src=\"https:\/\/photos.smugmug.com\/Region-Lovers\/Equipe\/i-nsNF6C6\/0\/Cs2F5n96pkt9xFD9D3SVqmQspMhrKgN75nHgBqmjG\/L\/Claire-L.png\" alt=\"\"\/><\/figure>\n\n\n\n<h5 class=\"titre_auteur_voyage\"><span>HON GJORDE RESAN OCH SKREV ARTIKELN \n <\/span><span class=\"titre_box_manuscrit\">Claire<\/span><\/h5>\n<\/div><\/div><\/div>\n","protected":false},"excerpt":{"rendered":"<p>Teneriffa p\u00e5 vintern: en bra id\u00e9?Absolut! H\u00e4r \u00e4r v\u00e5r guide som hj\u00e4lper dig att best\u00e4mma dig och planera din resa: \u00c4r Teneriffa ett vinterresm\u00e5l? Korta svar Vad kan du f\u00f6rv\u00e4nta dig n\u00e4r du bes\u00f6ker Teneriffa p\u00e5 vintern? Teneriffa har mycket att erbjuda \u00e5ret runt. N\u00e4r det g\u00e4ller vintern kan du f\u00f6rv\u00e4nta dig f\u00f6ljande: S\u00e5, \u00e4r [&hellip;]<\/p>\n","protected":false},"author":1,"featured_media":7459,"comment_status":"closed","ping_status":"closed","sticky":false,"template":"","format":"standard","meta":{"_genesis_hide_title":false,"_genesis_hide_breadcrumbs":false,"_genesis_hide_singular_image":false,"_genesis_hide_footer_widgets":false,"_genesis_custom_body_class":"","_genesis_custom_post_class":"","_genesis_layout":"","footnotes":""},"categories":[47],"tags":[],"class_list":{"0":"post-7461","1":"post","2":"type-post","3":"status-publish","4":"format-standard","5":"has-post-thumbnail","7":"category-teneriffa","8":"entry"},"yoast_head":"<!-- This site is optimized with the Yoast SEO plugin v27.2 - https:\/\/yoast.com\/product\/yoast-seo-wordpress\/ -->\n<title>Teneriffa p\u00e5 vintern (sol, sev\u00e4rdheter, jul ...)<\/title>\n<meta name=\"description\" content=\"V\u00e5r guide till att njuta av solen p\u00e5 Teneriffa p\u00e5 vintern: v\u00e4dret, f\u00f6rh\u00e5llandena, aktiviteterna ... och hur man tillbringar julen d\u00e4r\" \/>\n<meta name=\"robots\" content=\"index, follow, max-snippet:-1, max-image-preview:large, max-video-preview:-1\" \/>\n<link rel=\"canonical\" href=\"https:\/\/canarias-lovers.com\/sv\/teneriffa-vintern-sol-jul\/\" \/>\n<meta property=\"og:locale\" content=\"sv_SE\" \/>\n<meta property=\"og:type\" content=\"article\" \/>\n<meta property=\"og:title\" content=\"Teneriffa p\u00e5 vintern (sol, sev\u00e4rdheter, jul ...)\" \/>\n<meta property=\"og:description\" content=\"V\u00e5r guide till att njuta av solen p\u00e5 Teneriffa p\u00e5 vintern: v\u00e4dret, f\u00f6rh\u00e5llandena, aktiviteterna ... och hur man tillbringar julen d\u00e4r\" \/>\n<meta property=\"og:url\" content=\"https:\/\/canarias-lovers.com\/sv\/teneriffa-vintern-sol-jul\/\" \/>\n<meta property=\"og:site_name\" content=\"Canarias Lovers: Tenerife + Gran Canaria\" \/>\n<meta property=\"article:published_time\" content=\"2025-08-10T09:39:04+00:00\" \/>\n<meta property=\"article:modified_time\" content=\"2025-08-11T12:14:09+00:00\" \/>\n<meta property=\"og:image\" content=\"https:\/\/canarias-lovers.com\/wp-content\/uploads\/2025\/08\/Besok-Teneriffa-Vinter-Sevardheter-jul-sol-vader.jpg\" \/>\n\t<meta property=\"og:image:width\" content=\"800\" \/>\n\t<meta property=\"og:image:height\" content=\"600\" \/>\n\t<meta property=\"og:image:type\" content=\"image\/jpeg\" \/>\n<meta name=\"author\" content=\"Claire\" \/>\n<meta name=\"twitter:card\" content=\"summary_large_image\" \/>\n<meta name=\"twitter:label1\" content=\"Skriven av\" \/>\n\t<meta name=\"twitter:data1\" content=\"Claire\" \/>\n\t<meta name=\"twitter:label2\" content=\"Ber\u00e4knad l\u00e4stid\" \/>\n\t<meta name=\"twitter:data2\" content=\"7 minuter\" \/>\n<script type=\"application\/ld+json\" class=\"yoast-schema-graph\">{\"@context\":\"https:\/\/schema.org\",\"@graph\":[{\"@type\":\"Article\",\"@id\":\"https:\/\/canarias-lovers.com\/sv\/teneriffa-vintern-sol-jul\/#article\",\"isPartOf\":{\"@id\":\"https:\/\/canarias-lovers.com\/sv\/teneriffa-vintern-sol-jul\/\"},\"author\":{\"name\":\"Claire\",\"@id\":\"https:\/\/canarias-lovers.com\/sv\/#\/schema\/person\/4cfe633189ad64b99c9609bed2b00d55\"},\"headline\":\"Teneriffa p\u00e5 vintern (sol, sev\u00e4rdheter, jul &#8230;)\",\"datePublished\":\"2025-08-10T09:39:04+00:00\",\"dateModified\":\"2025-08-11T12:14:09+00:00\",\"mainEntityOfPage\":{\"@id\":\"https:\/\/canarias-lovers.com\/sv\/teneriffa-vintern-sol-jul\/\"},\"wordCount\":1496,\"publisher\":{\"@id\":\"https:\/\/canarias-lovers.com\/sv\/#organization\"},\"image\":{\"@id\":\"https:\/\/canarias-lovers.com\/sv\/teneriffa-vintern-sol-jul\/#primaryimage\"},\"thumbnailUrl\":\"https:\/\/canarias-lovers.com\/wp-content\/uploads\/2025\/08\/Besok-Teneriffa-Vinter-Sevardheter-jul-sol-vader.jpg\",\"articleSection\":[\"Teneriffa\"],\"inLanguage\":\"sv-SE\"},{\"@type\":\"WebPage\",\"@id\":\"https:\/\/canarias-lovers.com\/sv\/teneriffa-vintern-sol-jul\/\",\"url\":\"https:\/\/canarias-lovers.com\/sv\/teneriffa-vintern-sol-jul\/\",\"name\":\"Teneriffa p\u00e5 vintern (sol, sev\u00e4rdheter, jul ...)\",\"isPartOf\":{\"@id\":\"https:\/\/canarias-lovers.com\/sv\/#website\"},\"primaryImageOfPage\":{\"@id\":\"https:\/\/canarias-lovers.com\/sv\/teneriffa-vintern-sol-jul\/#primaryimage\"},\"image\":{\"@id\":\"https:\/\/canarias-lovers.com\/sv\/teneriffa-vintern-sol-jul\/#primaryimage\"},\"thumbnailUrl\":\"https:\/\/canarias-lovers.com\/wp-content\/uploads\/2025\/08\/Besok-Teneriffa-Vinter-Sevardheter-jul-sol-vader.jpg\",\"datePublished\":\"2025-08-10T09:39:04+00:00\",\"dateModified\":\"2025-08-11T12:14:09+00:00\",\"description\":\"V\u00e5r guide till att njuta av solen p\u00e5 Teneriffa p\u00e5 vintern: v\u00e4dret, f\u00f6rh\u00e5llandena, aktiviteterna ... och hur man tillbringar julen d\u00e4r\",\"breadcrumb\":{\"@id\":\"https:\/\/canarias-lovers.com\/sv\/teneriffa-vintern-sol-jul\/#breadcrumb\"},\"inLanguage\":\"sv-SE\",\"potentialAction\":[{\"@type\":\"ReadAction\",\"target\":[\"https:\/\/canarias-lovers.com\/sv\/teneriffa-vintern-sol-jul\/\"]}]},{\"@type\":\"ImageObject\",\"inLanguage\":\"sv-SE\",\"@id\":\"https:\/\/canarias-lovers.com\/sv\/teneriffa-vintern-sol-jul\/#primaryimage\",\"url\":\"https:\/\/canarias-lovers.com\/wp-content\/uploads\/2025\/08\/Besok-Teneriffa-Vinter-Sevardheter-jul-sol-vader.jpg\",\"contentUrl\":\"https:\/\/canarias-lovers.com\/wp-content\/uploads\/2025\/08\/Besok-Teneriffa-Vinter-Sevardheter-jul-sol-vader.jpg\",\"width\":800,\"height\":600,\"caption\":\"Besok Teneriffa Vinter Sevardheter jul sol va\u0308der\"},{\"@type\":\"BreadcrumbList\",\"@id\":\"https:\/\/canarias-lovers.com\/sv\/teneriffa-vintern-sol-jul\/#breadcrumb\",\"itemListElement\":[{\"@type\":\"ListItem\",\"position\":1,\"name\":\"Accueil\",\"item\":\"https:\/\/canarias-lovers.com\/sv\/\"},{\"@type\":\"ListItem\",\"position\":2,\"name\":\"Teneriffa\",\"item\":\"https:\/\/canarias-lovers.com\/sv\/teneriffa\/\"},{\"@type\":\"ListItem\",\"position\":3,\"name\":\"Teneriffa p\u00e5 vintern (sol, sev\u00e4rdheter, jul &#8230;)\"}]},{\"@type\":\"WebSite\",\"@id\":\"https:\/\/canarias-lovers.com\/sv\/#website\",\"url\":\"https:\/\/canarias-lovers.com\/sv\/\",\"name\":\"Canarias Lovers: Tenerife + Gran Canaria\",\"description\":\"Claire och Manu's blogg\",\"publisher\":{\"@id\":\"https:\/\/canarias-lovers.com\/sv\/#organization\"},\"potentialAction\":[{\"@type\":\"SearchAction\",\"target\":{\"@type\":\"EntryPoint\",\"urlTemplate\":\"https:\/\/canarias-lovers.com\/sv\/?s={search_term_string}\"},\"query-input\":{\"@type\":\"PropertyValueSpecification\",\"valueRequired\":true,\"valueName\":\"search_term_string\"}}],\"inLanguage\":\"sv-SE\"},{\"@type\":\"Organization\",\"@id\":\"https:\/\/canarias-lovers.com\/sv\/#organization\",\"name\":\"Canarias Lovers: Tenerife + Gran Canaria\",\"url\":\"https:\/\/canarias-lovers.com\/sv\/\",\"logo\":{\"@type\":\"ImageObject\",\"inLanguage\":\"sv-SE\",\"@id\":\"https:\/\/canarias-lovers.com\/sv\/#\/schema\/logo\/image\/\",\"url\":\"https:\/\/canarias-lovers.com\/wp-content\/uploads\/2024\/05\/cropped-Canarias-Lovers-Logo.png\",\"contentUrl\":\"https:\/\/canarias-lovers.com\/wp-content\/uploads\/2024\/05\/cropped-Canarias-Lovers-Logo.png\",\"width\":2635,\"height\":595,\"caption\":\"Canarias Lovers: Tenerife + Gran Canaria\"},\"image\":{\"@id\":\"https:\/\/canarias-lovers.com\/sv\/#\/schema\/logo\/image\/\"}},{\"@type\":\"Person\",\"@id\":\"https:\/\/canarias-lovers.com\/sv\/#\/schema\/person\/4cfe633189ad64b99c9609bed2b00d55\",\"name\":\"Claire\",\"image\":{\"@type\":\"ImageObject\",\"inLanguage\":\"sv-SE\",\"@id\":\"https:\/\/secure.gravatar.com\/avatar\/53c353c843050f9265c9a68901a74b6613f3f04e343e64cbba45c5b031ea079b?s=96&d=mm&r=g\",\"url\":\"https:\/\/secure.gravatar.com\/avatar\/53c353c843050f9265c9a68901a74b6613f3f04e343e64cbba45c5b031ea079b?s=96&d=mm&r=g\",\"contentUrl\":\"https:\/\/secure.gravatar.com\/avatar\/53c353c843050f9265c9a68901a74b6613f3f04e343e64cbba45c5b031ea079b?s=96&d=mm&r=g\",\"caption\":\"Claire\"},\"sameAs\":[\"https:\/\/canarias-lovers.com\/claire-robinson\/\"],\"url\":\"https:\/\/canarias-lovers.com\/sv\/author\/canariaslover2\/\"}]}<\/script>\n<!-- \/ Yoast SEO plugin. -->","yoast_head_json":{"title":"Teneriffa p\u00e5 vintern (sol, sev\u00e4rdheter, jul ...)","description":"V\u00e5r guide till att njuta av solen p\u00e5 Teneriffa p\u00e5 vintern: v\u00e4dret, f\u00f6rh\u00e5llandena, aktiviteterna ... och hur man tillbringar julen d\u00e4r","robots":{"index":"index","follow":"follow","max-snippet":"max-snippet:-1","max-image-preview":"max-image-preview:large","max-video-preview":"max-video-preview:-1"},"canonical":"https:\/\/canarias-lovers.com\/sv\/teneriffa-vintern-sol-jul\/","og_locale":"sv_SE","og_type":"article","og_title":"Teneriffa p\u00e5 vintern (sol, sev\u00e4rdheter, jul ...)","og_description":"V\u00e5r guide till att njuta av solen p\u00e5 Teneriffa p\u00e5 vintern: v\u00e4dret, f\u00f6rh\u00e5llandena, aktiviteterna ... och hur man tillbringar julen d\u00e4r","og_url":"https:\/\/canarias-lovers.com\/sv\/teneriffa-vintern-sol-jul\/","og_site_name":"Canarias Lovers: Tenerife + Gran Canaria","article_published_time":"2025-08-10T09:39:04+00:00","article_modified_time":"2025-08-11T12:14:09+00:00","og_image":[{"width":800,"height":600,"url":"https:\/\/canarias-lovers.com\/wp-content\/uploads\/2025\/08\/Besok-Teneriffa-Vinter-Sevardheter-jul-sol-vader.jpg","type":"image\/jpeg"}],"author":"Claire","twitter_card":"summary_large_image","twitter_misc":{"Skriven av":"Claire","Ber\u00e4knad l\u00e4stid":"7 minuter"},"schema":{"@context":"https:\/\/schema.org","@graph":[{"@type":"Article","@id":"https:\/\/canarias-lovers.com\/sv\/teneriffa-vintern-sol-jul\/#article","isPartOf":{"@id":"https:\/\/canarias-lovers.com\/sv\/teneriffa-vintern-sol-jul\/"},"author":{"name":"Claire","@id":"https:\/\/canarias-lovers.com\/sv\/#\/schema\/person\/4cfe633189ad64b99c9609bed2b00d55"},"headline":"Teneriffa p\u00e5 vintern (sol, sev\u00e4rdheter, jul &#8230;)","datePublished":"2025-08-10T09:39:04+00:00","dateModified":"2025-08-11T12:14:09+00:00","mainEntityOfPage":{"@id":"https:\/\/canarias-lovers.com\/sv\/teneriffa-vintern-sol-jul\/"},"wordCount":1496,"publisher":{"@id":"https:\/\/canarias-lovers.com\/sv\/#organization"},"image":{"@id":"https:\/\/canarias-lovers.com\/sv\/teneriffa-vintern-sol-jul\/#primaryimage"},"thumbnailUrl":"https:\/\/canarias-lovers.com\/wp-content\/uploads\/2025\/08\/Besok-Teneriffa-Vinter-Sevardheter-jul-sol-vader.jpg","articleSection":["Teneriffa"],"inLanguage":"sv-SE"},{"@type":"WebPage","@id":"https:\/\/canarias-lovers.com\/sv\/teneriffa-vintern-sol-jul\/","url":"https:\/\/canarias-lovers.com\/sv\/teneriffa-vintern-sol-jul\/","name":"Teneriffa p\u00e5 vintern (sol, sev\u00e4rdheter, jul ...)","isPartOf":{"@id":"https:\/\/canarias-lovers.com\/sv\/#website"},"primaryImageOfPage":{"@id":"https:\/\/canarias-lovers.com\/sv\/teneriffa-vintern-sol-jul\/#primaryimage"},"image":{"@id":"https:\/\/canarias-lovers.com\/sv\/teneriffa-vintern-sol-jul\/#primaryimage"},"thumbnailUrl":"https:\/\/canarias-lovers.com\/wp-content\/uploads\/2025\/08\/Besok-Teneriffa-Vinter-Sevardheter-jul-sol-vader.jpg","datePublished":"2025-08-10T09:39:04+00:00","dateModified":"2025-08-11T12:14:09+00:00","description":"V\u00e5r guide till att njuta av solen p\u00e5 Teneriffa p\u00e5 vintern: v\u00e4dret, f\u00f6rh\u00e5llandena, aktiviteterna ... och hur man tillbringar julen d\u00e4r","breadcrumb":{"@id":"https:\/\/canarias-lovers.com\/sv\/teneriffa-vintern-sol-jul\/#breadcrumb"},"inLanguage":"sv-SE","potentialAction":[{"@type":"ReadAction","target":["https:\/\/canarias-lovers.com\/sv\/teneriffa-vintern-sol-jul\/"]}]},{"@type":"ImageObject","inLanguage":"sv-SE","@id":"https:\/\/canarias-lovers.com\/sv\/teneriffa-vintern-sol-jul\/#primaryimage","url":"https:\/\/canarias-lovers.com\/wp-content\/uploads\/2025\/08\/Besok-Teneriffa-Vinter-Sevardheter-jul-sol-vader.jpg","contentUrl":"https:\/\/canarias-lovers.com\/wp-content\/uploads\/2025\/08\/Besok-Teneriffa-Vinter-Sevardheter-jul-sol-vader.jpg","width":800,"height":600,"caption":"Besok Teneriffa Vinter Sevardheter jul sol va\u0308der"},{"@type":"BreadcrumbList","@id":"https:\/\/canarias-lovers.com\/sv\/teneriffa-vintern-sol-jul\/#breadcrumb","itemListElement":[{"@type":"ListItem","position":1,"name":"Accueil","item":"https:\/\/canarias-lovers.com\/sv\/"},{"@type":"ListItem","position":2,"name":"Teneriffa","item":"https:\/\/canarias-lovers.com\/sv\/teneriffa\/"},{"@type":"ListItem","position":3,"name":"Teneriffa p\u00e5 vintern (sol, sev\u00e4rdheter, jul &#8230;)"}]},{"@type":"WebSite","@id":"https:\/\/canarias-lovers.com\/sv\/#website","url":"https:\/\/canarias-lovers.com\/sv\/","name":"Canarias Lovers: Tenerife + Gran Canaria","description":"Claire och Manu's blogg","publisher":{"@id":"https:\/\/canarias-lovers.com\/sv\/#organization"},"potentialAction":[{"@type":"SearchAction","target":{"@type":"EntryPoint","urlTemplate":"https:\/\/canarias-lovers.com\/sv\/?s={search_term_string}"},"query-input":{"@type":"PropertyValueSpecification","valueRequired":true,"valueName":"search_term_string"}}],"inLanguage":"sv-SE"},{"@type":"Organization","@id":"https:\/\/canarias-lovers.com\/sv\/#organization","name":"Canarias Lovers: Tenerife + Gran Canaria","url":"https:\/\/canarias-lovers.com\/sv\/","logo":{"@type":"ImageObject","inLanguage":"sv-SE","@id":"https:\/\/canarias-lovers.com\/sv\/#\/schema\/logo\/image\/","url":"https:\/\/canarias-lovers.com\/wp-content\/uploads\/2024\/05\/cropped-Canarias-Lovers-Logo.png","contentUrl":"https:\/\/canarias-lovers.com\/wp-content\/uploads\/2024\/05\/cropped-Canarias-Lovers-Logo.png","width":2635,"height":595,"caption":"Canarias Lovers: Tenerife + Gran Canaria"},"image":{"@id":"https:\/\/canarias-lovers.com\/sv\/#\/schema\/logo\/image\/"}},{"@type":"Person","@id":"https:\/\/canarias-lovers.com\/sv\/#\/schema\/person\/4cfe633189ad64b99c9609bed2b00d55","name":"Claire","image":{"@type":"ImageObject","inLanguage":"sv-SE","@id":"https:\/\/secure.gravatar.com\/avatar\/53c353c843050f9265c9a68901a74b6613f3f04e343e64cbba45c5b031ea079b?s=96&d=mm&r=g","url":"https:\/\/secure.gravatar.com\/avatar\/53c353c843050f9265c9a68901a74b6613f3f04e343e64cbba45c5b031ea079b?s=96&d=mm&r=g","contentUrl":"https:\/\/secure.gravatar.com\/avatar\/53c353c843050f9265c9a68901a74b6613f3f04e343e64cbba45c5b031ea079b?s=96&d=mm&r=g","caption":"Claire"},"sameAs":["https:\/\/canarias-lovers.com\/claire-robinson\/"],"url":"https:\/\/canarias-lovers.com\/sv\/author\/canariaslover2\/"}]}},"featured_image_src":"https:\/\/canarias-lovers.com\/wp-content\/uploads\/2025\/08\/Besok-Teneriffa-Vinter-Sevardheter-jul-sol-vader-600x400.jpg","featured_image_src_square":"https:\/\/canarias-lovers.com\/wp-content\/uploads\/2025\/08\/Besok-Teneriffa-Vinter-Sevardheter-jul-sol-vader-600x600.jpg","author_info":{"display_name":"Claire","author_link":"https:\/\/canarias-lovers.com\/sv\/author\/canariaslover2\/"},"_links":{"self":[{"href":"https:\/\/canarias-lovers.com\/sv\/wp-json\/wp\/v2\/posts\/7461","targetHints":{"allow":["GET"]}}],"collection":[{"href":"https:\/\/canarias-lovers.com\/sv\/wp-json\/wp\/v2\/posts"}],"about":[{"href":"https:\/\/canarias-lovers.com\/sv\/wp-json\/wp\/v2\/types\/post"}],"author":[{"embeddable":true,"href":"https:\/\/canarias-lovers.com\/sv\/wp-json\/wp\/v2\/users\/1"}],"replies":[{"embeddable":true,"href":"https:\/\/canarias-lovers.com\/sv\/wp-json\/wp\/v2\/comments?post=7461"}],"version-history":[{"count":0,"href":"https:\/\/canarias-lovers.com\/sv\/wp-json\/wp\/v2\/posts\/7461\/revisions"}],"wp:featuredmedia":[{"embeddable":true,"href":"https:\/\/canarias-lovers.com\/sv\/wp-json\/wp\/v2\/media\/7459"}],"wp:attachment":[{"href":"https:\/\/canarias-lovers.com\/sv\/wp-json\/wp\/v2\/media?parent=7461"}],"wp:term":[{"taxonomy":"category","embeddable":true,"href":"https:\/\/canarias-lovers.com\/sv\/wp-json\/wp\/v2\/categories?post=7461"},{"taxonomy":"post_tag","embeddable":true,"href":"https:\/\/canarias-lovers.com\/sv\/wp-json\/wp\/v2\/tags?post=7461"}],"curies":[{"name":"wp","href":"https:\/\/api.w.org\/{rel}","templated":true}]}}