{"id":6545,"date":"2025-01-16T15:08:46","date_gmt":"2025-01-16T15:08:46","guid":{"rendered":"https:\/\/canarias-lovers.com\/partir-tenerife-janvier-meteo-temperatures\/"},"modified":"2025-01-17T12:48:02","modified_gmt":"2025-01-17T12:48:02","slug":"resa-teneriffa-januari-vader-temperatur","status":"publish","type":"post","link":"https:\/\/canarias-lovers.com\/sv\/resa-teneriffa-januari-vader-temperatur\/","title":{"rendered":"Teneriffa i januari: v\u00e5r kompletta guide!"},"content":{"rendered":"\n<p>Vill du \u00e5ka till <strong>Teneriffa i januari<\/strong>?<br\/>Ta reda p\u00e5 om regionen passar dig vid den h\u00e4r tiden p\u00e5 \u00e5ret med v\u00e5r omfattande guide om klimat, resef\u00f6rh\u00e5llanden, folksamlingar, priser, sev\u00e4rdheter och evenemang.<\/p>\n\n<figure class=\"wp-block-image size-full\"><img decoding=\"async\" src=\"https:\/\/canarias-lovers.com\/wp-content\/uploads\/2025\/01\/Tenerife-januari-1.jpg\" alt=\"Teneriffa Januari\" class=\"wp-image-6437\"\/><\/figure>\n\n<p>Detta \u00e4r en helt <strong>oberoende<\/strong> \u00e5sikt, baserad p\u00e5 v\u00e5r egen erfarenhet. Vi bes\u00f6kte regionen anonymt, gjorde v\u00e5ra egna val och betalade v\u00e5ra r\u00e4kningar till fullo.<\/p>\n\n<div style=\"padding-left:5%\" class=\"wp-block-genesis-blocks-gb-container box gb-block-container\"><div class=\"gb-container-inside\"><div class=\"gb-container-content\">\n<p class=\"titre_box_manuscrit\">Inneh\u00e5ll<\/p>\n\n\n<div id=\"ez-toc-container\" class=\"ez-toc-v2_0_82_1 counter-hierarchy ez-toc-counter ez-toc-custom ez-toc-container-direction\">\n<div class=\"ez-toc-title-container\">\n<span class=\"ez-toc-title-toggle\"><\/span><\/div>\n<nav><ul class='ez-toc-list ez-toc-list-level-1 ' ><li class='ez-toc-page-1 ez-toc-heading-level-2'><a class=\"ez-toc-link ez-toc-heading-1\" href=\"https:\/\/canarias-lovers.com\/sv\/resa-teneriffa-januari-vader-temperatur\/#Flytta_till_Teneriffa_i_januari_snabba_svar\" >Flytta till Teneriffa i januari: snabba svar<\/a><\/li><li class='ez-toc-page-1 ez-toc-heading-level-2'><a class=\"ez-toc-link ez-toc-heading-2\" href=\"https:\/\/canarias-lovers.com\/sv\/resa-teneriffa-januari-vader-temperatur\/#De_basta_sevardheterna_i_Teneriffa_i_januari\" >De b\u00e4sta sev\u00e4rdheterna i Teneriffa i januari<\/a><\/li><li class='ez-toc-page-1 ez-toc-heading-level-2'><a class=\"ez-toc-link ez-toc-heading-3\" href=\"https:\/\/canarias-lovers.com\/sv\/resa-teneriffa-januari-vader-temperatur\/#Klimatet_pa_Teneriffa_i_januari_%E2%80%93_vaderprognos\" >Klimatet p\u00e5 Teneriffa i januari &#8211; v\u00e4derprognos<\/a><\/li><li class='ez-toc-page-1 ez-toc-heading-level-2'><a class=\"ez-toc-link ez-toc-heading-4\" href=\"https:\/\/canarias-lovers.com\/sv\/resa-teneriffa-januari-vader-temperatur\/#Temperaturen_i_januari_pa_Teneriffa\" >Temperaturen i januari p\u00e5 Teneriffa<\/a><\/li><li class='ez-toc-page-1 ez-toc-heading-level-2'><a class=\"ez-toc-link ez-toc-heading-5\" href=\"https:\/\/canarias-lovers.com\/sv\/resa-teneriffa-januari-vader-temperatur\/#Regn_och_vind\" >Regn och vind<\/a><\/li><li class='ez-toc-page-1 ez-toc-heading-level-2'><a class=\"ez-toc-link ez-toc-heading-6\" href=\"https:\/\/canarias-lovers.com\/sv\/resa-teneriffa-januari-vader-temperatur\/#Solsken\" >Solsken<\/a><\/li><li class='ez-toc-page-1 ez-toc-heading-level-2'><a class=\"ez-toc-link ez-toc-heading-7\" href=\"https:\/\/canarias-lovers.com\/sv\/resa-teneriffa-januari-vader-temperatur\/#Vattentemperatur_%E2%80%93_simning_i_Teneriffa_i_januari\" >Vattentemperatur &#8211; simning i Teneriffa i januari<\/a><\/li><li class='ez-toc-page-1 ez-toc-heading-level-2'><a class=\"ez-toc-link ez-toc-heading-8\" href=\"https:\/\/canarias-lovers.com\/sv\/resa-teneriffa-januari-vader-temperatur\/#Val-_och_delfinskadning\" >Val- och delfinsk\u00e5dning<\/a><\/li><li class='ez-toc-page-1 ez-toc-heading-level-2'><a class=\"ez-toc-link ez-toc-heading-9\" href=\"https:\/\/canarias-lovers.com\/sv\/resa-teneriffa-januari-vader-temperatur\/#Januarievenemang_pa_Teneriffa\" >Januarievenemang p\u00e5 Teneriffa<\/a><\/li><li class='ez-toc-page-1 ez-toc-heading-level-2'><a class=\"ez-toc-link ez-toc-heading-10\" href=\"https:\/\/canarias-lovers.com\/sv\/resa-teneriffa-januari-vader-temperatur\/#Priser_i_januari\" >Priser i januari<\/a><\/li><li class='ez-toc-page-1 ez-toc-heading-level-2'><a class=\"ez-toc-link ez-toc-heading-11\" href=\"https:\/\/canarias-lovers.com\/sv\/resa-teneriffa-januari-vader-temperatur\/#Ovriga_manader\" >\u00d6vriga m\u00e5nader<\/a><\/li><\/ul><\/nav><\/div>\n\n<\/div><\/div><\/div>\n\n<h2 class=\"wp-block-heading\"><span class=\"ez-toc-section\" id=\"Flytta_till_Teneriffa_i_januari_snabba_svar\"><\/span>Flytta till Teneriffa i januari: snabba svar<span class=\"ez-toc-section-end\"><\/span><\/h2>\n\n<h3 class=\"wp-block-heading\">\u00c4r v\u00e4dret bra i Teneriffa i januari? \u00c4r detta en bra tid att bes\u00f6ka?<\/h3>\n\n<p>Vi gillar Teneriffa i januari f\u00f6r det milda, behagliga klimatet, och det \u00e4r mindre tr\u00e5ngt fr\u00e5n den 10:e. Dagstemperaturen ligger i genomsnitt mellan 20\u00b0C och 22\u00b0C, vilket ger perfekta f\u00f6rh\u00e5llanden f\u00f6r att utforska \u00f6n. Solen skiner gener\u00f6st, med cirka 6 till 7 timmars solsken per dag. Enligt v\u00e5r mening \u00e4r det h\u00e4r en utm\u00e4rkt tid att uppt\u00e4cka Teneriffa, bort fr\u00e5n sommarv\u00e4rmen.<\/p>\n\n<figure class=\"wp-block-image size-large\"><img decoding=\"async\" src=\"https:\/\/photos.smugmug.com\/Canarias-Lovers\/Tenerife\/Teide\/Road-TF21-South-direction\/i-mCKR8JZ\/0\/MxKWc62FKS7hXhRM9t3rxjcsfcj9MKsb97csdhPn4\/L\/road-tf21-L.jpg\" alt=\"Route de Teide\"\/><\/figure>\n\n<div style=\"background-color:#f6eacf;margin-top:8%;margin-bottom:8%\" class=\"wp-block-genesis-blocks-gb-container box gb-block-container\"><div class=\"gb-container-inside\"><div class=\"gb-container-content\" style=\"max-width:700px\">\n<div class=\"wp-block-genesis-blocks-gb-container box_titre gb-block-container\"><div class=\"gb-container-inside\"><div class=\"gb-container-content\">\n<h5 class=\"titre_box\" style=\"padding-top:10px;\">VAR KAN MAN BO P\u00c5 <span class=\"titre_box_manuscrit\">Teneriffa<\/span><\/h5>\n<\/div><\/div><\/div>\n\n\n\n<div class=\"wp-block-columns box_sans_border is-layout-flex wp-container-core-columns-is-layout-9d6595d7 wp-block-columns-is-layout-flex\">\n<div class=\"wp-block-column texte_planif is-layout-flow wp-block-column-is-layout-flow\" style=\"font-size:14px;flex-basis:60%\">\n<p class=\"option_titre2\" style=\"font-size:16px\">V\u00e5ra oberoende urval hj\u00e4lper dig att hitta ditt <strong>dr\u00f6mboende<\/strong>:<\/p>\n\n\n\n<ul class=\"wp-block-list ul_box\">\n<li style=\"font-size:14px\"><a href=\"https:\/\/canarias-lovers.com\/sv\/var-ska-bo-teneriffa-basta-omradena\/\" data-type=\"post\" data-id=\"5908\" target=\"_blank\" rel=\"noreferrer noopener\">Var du kan bo p\u00e5 Teneriffa<\/a><\/li>\n\n\n\n<li style=\"font-size:14px\">V\u00e5r favorit: <a href=\"https:\/\/www.booking.com\/hotel\/es\/royal-hideaway-corales-beach-adults-only.html?aid=2421274\" target=\"_blank\" rel=\"noreferrer noopener nofollow\">H\u00f4tel Corales Beach<\/a><\/li>\n<\/ul>\n\n\n\n<p style=\"font-size:16px\"><strong>V\u00e4lj efter hotelltyp:<\/strong><\/p>\n\n\n\n<ul class=\"wp-block-list ul_box\">\n<li style=\"font-size:14px\"><a href=\"https:\/\/canarias-lovers.com\/sv\/basta-5-stjarniga-hotellen-teneriffa-lyx-recensioner\/\" data-type=\"post\" data-id=\"5909\" target=\"_blank\" rel=\"noreferrer noopener\">5-stj\u00e4rniga hotell<\/a><\/li>\n\n\n\n<li style=\"font-size:14px\"><a data-type=\"post\" data-id=\"5910\" href=\"https:\/\/canarias-lovers.com\/sv\/basta-boutique-hotellen-teneriffa-charm\/\" target=\"_blank\" rel=\"noreferrer noopener\">B\u00e4sta boutiquehotellen<\/a><\/li>\n\n\n\n<li style=\"font-size:14px\"><a href=\"https:\/\/canarias-lovers.com\/sv\/meilleurs-hotels-familles-tenerife-enfants-avis-2\/\" target=\"_blank\" rel=\"noreferrer noopener\">B\u00e4sta hotellen f\u00f6r familjer<\/a><\/li>\n\n\n\n<li style=\"font-size:14px\"><a href=\"https:\/\/canarias-lovers.com\/sv\/basta-hotell-vid-havet-teneriffa-stranden\/\" target=\"_blank\" rel=\"noreferrer noopener\">B\u00e4sta hotell i Seaside<\/a><\/li>\n\n\n\n<li style=\"font-size:14px\"><a href=\"https:\/\/canarias-lovers.com\/sv\/basta-hotell-endast-vuxna-adults-only-teneriffa\/\" target=\"_blank\" rel=\"noreferrer noopener\">B\u00e4sta hotell endast f\u00f6r vuxna<\/a><\/li>\n\n\n\n<li style=\"font-size:14px\">B\u00e4sta all-inclusive-hotellen (kommer snart)<\/li>\n<\/ul>\n\n\n\n<p style=\"font-size:16px\"><strong>V\u00e4lj efter stad:<\/strong><\/p>\n\n\n\n<ul class=\"wp-block-list\">\n<li style=\"font-size:14px\"><a href=\"https:\/\/canarias-lovers.com\/sv\/var-att-sova-kosta-adeje-basta-hotell-stadsdelarna\/\" data-type=\"post\" data-id=\"4063\" target=\"_blank\" rel=\"noreferrer noopener\">B\u00e4sta hotellen i Costa Adeje<\/a><\/li>\n\n\n\n<li style=\"font-size:14px\"><a href=\"https:\/\/canarias-lovers.com\/sv\/var-kan-bo-puerto-de-la-cruz-basta-hotellen-stadsdelarna\/\" target=\"_blank\" rel=\"noreferrer noopener\">B\u00e4sta hotellen i Puerto de La Cruz<\/a><\/li>\n\n\n\n<li style=\"font-size:14px\"><a href=\"https:\/\/canarias-lovers.com\/sv\/var-kan-bo-los-gigantes-tenerife-basta-hotellen-stadsdelarna\/\" target=\"_blank\" rel=\"noreferrer noopener\">B\u00e4sta hotell i Los Gigantes<\/a><\/li>\n\n\n\n<li style=\"font-size:14px\"><a href=\"https:\/\/canarias-lovers.com\/sv\/var-kan-bo-santa-cruz-tenerife-basta-hotellen-stadsdelarna\/\" target=\"_blank\" rel=\"noreferrer noopener\">B\u00e4sta hotellen i Santa Cruz<\/a><\/li>\n\n\n\n<li style=\"font-size:14px\"><a href=\"https:\/\/canarias-lovers.com\/sv\/var-kan-bo-san-cristobal-la-laguna-tenerife-basta-hotellen-stadsdelarna\/\" target=\"_blank\" rel=\"noreferrer noopener\">B\u00e4sta hotellen i la Laguna<\/a><\/li>\n\n\n\n<li style=\"font-size:14px\"><a href=\"https:\/\/canarias-lovers.com\/ou-dormir-a-playa-de-las-americas-15-meilleurs-hotels-2024\/\" target=\"_blank\" rel=\"noreferrer noopener\">B\u00e4sta hotellen i Playa de las Americas<\/a><\/li>\n\n\n\n<li style=\"font-size:14px\"><a href=\"https:\/\/canarias-lovers.com\/sv\/var-kan-bo-los-cristianos-teneriffa-basta-hotellen-stadsdelarna\/\">B\u00e4sta hotellen i Los Cristianos<\/a><\/li>\n<\/ul>\n<\/div>\n\n\n\n<div class=\"wp-block-column is-vertically-aligned-top planif-radius is-layout-flow wp-block-column-is-layout-flow\" style=\"flex-basis:40%\">\n<figure class=\"wp-block-image size-large img-portrait\"><img decoding=\"async\" src=\"https:\/\/photos.smugmug.com\/Canarias-Lovers\/Tenerife\/Costa-Adeje\/H%C3%B4tels-Costa-Adeje\/Royal-Hideaway-Corales-resort\/i-ZsV2WxR\/0\/MSJTcCCRPZ3CwqHnkBwJgZVqLZqGD5NwHNP59BBr6\/L\/pool%20corales%20royal%20hideaway%20hotel%20costa%20adeje%20tenerife-L.jpg\" alt=\"hotellpool Royal hideway Corales\" title=\"\"\/><\/figure>\n<\/div>\n<\/div>\n<\/div><\/div><\/div>\n\n<h3 class=\"wp-block-heading\">Resa till Teneriffa i januari: sammanfattning av f\u00f6rh\u00e5llandena<\/h3>\n\n<p><strong>Temperaturer<\/strong><\/p>\n\n<p>Temperaturerna \u00e4r milda och behagliga i januari. Termometern visar i genomsnitt 20\u00b0C till 22\u00b0C (68\u00b0F till 72\u00b0F) under dagen. N\u00e4tterna \u00e4r n\u00e5got svalare och temperaturen sjunker till 15\u00b0C-17\u00b0C (59\u00b0F-63\u00b0F). Men inget sv\u00e5rt! Du b\u00f6r s\u00e4rskilt uppskatta det tempererade klimatet, som g\u00f6r att du kan njuta av utomhusaktiviteter p\u00e5 ett bekv\u00e4mt s\u00e4tt.<\/p>\n\n<p><strong>Vattentemperaturer<\/strong><\/p>\n\n<p>Temperaturen i Atlanten varierar mellan 19\u00b0C och 20\u00b0C (66\u00b0F och 68\u00b0F). Vi tycker att dessa f\u00f6rh\u00e5llanden \u00e4r idealiska f\u00f6r simning, s\u00e4rskilt i naturliga pooler och p\u00e5 str\u00e4nder som \u00e4r skyddade fr\u00e5n vinden. Havet \u00e4r behagligt tack vare den kanariska str\u00f6mmen, som h\u00e5ller temperaturerna milda \u00e5ret runt.<\/p>\n\n<p><strong>Folksamlingar och priser<\/strong><\/p>\n\n<p>Januari \u00e4r mycket lugnare \u00e4n december, n\u00e4r julhelgen \u00e4r \u00f6ver. \u00c4ven om m\u00e5nga europeiska bes\u00f6kare kommer f\u00f6r att dra nytta av \u00f6ns milda klimat f\u00f6r att undkomma den kontinentala vintern, \u00e4r folkmassorna rimliga och priserna \u00f6verkomliga.<\/p>\n\n<p><strong>Villkor f\u00f6r \u00f6ppnande<\/strong><\/p>\n\n<p>N\u00e4stan allt \u00e4r \u00f6ppet p\u00e5 Teneriffa i januari: sev\u00e4rdheter, hotell, restauranger och butiker fungerar som vanligt. Vi uppskattar s\u00e4rskilt denna period n\u00e4r turisttj\u00e4nsterna \u00e4r i drift. Naturparker och utflyktsm\u00e5l \u00e4r ocks\u00e5 tillg\u00e4ngliga, \u00e4ven om vissa aktiviteter kan vara begr\u00e4nsade vid d\u00e5ligt v\u00e4der. Men det h\u00e4nder ibland&#8230;<\/p>\n\n<p><strong>Dagens l\u00e4ngd<\/strong><\/p>\n\n<p>Dagsljustimmarna \u00e4r i genomsnitt 10 timmar och 20 minuter mellan soluppg\u00e5ng och solnedg\u00e5ng. Solen g\u00e5r upp cirka kl. 08.00 och g\u00e5r ner cirka kl. 18.20. Det ger dig gott om tid att utforska \u00f6n och \u00e4gna dig \u00e5t utomhusaktiviteter.<\/p>\n\n<figure class=\"wp-block-image size-large\"><img decoding=\"async\" src=\"https:\/\/photos.smugmug.com\/Canarias-Lovers\/Tenerife\/El-Medano\/Playa-del-Medano\/i-tQscD76\/0\/NNrtqPFgPpSsVB9TqSrJf79G7r6t2hLqZgk8Rwgdq\/L\/playa-medano-1-L.jpg\" alt=\"Strand p&#xE5; Teneriffa - El Medano\"\/><\/figure>\n\n<div style=\"background-color:#fefefe;margin-top:6%;margin-bottom:6%\" class=\"wp-block-genesis-blocks-gb-container box gb-block-container\"><div class=\"gb-container-inside\"><div class=\"gb-container-content\" style=\"max-width:700px\">\n<div class=\"wp-block-columns inverse is-layout-flex wp-container-core-columns-is-layout-9d6595d7 wp-block-columns-is-layout-flex\">\n<div class=\"wp-block-column texte_planif is-layout-flow wp-block-column-is-layout-flow\" style=\"flex-basis:58%\">\n<h5 class=\"titre_box\">LITE MER <span class=\"titre_box_manuscrit\">t\u00e5lamod<\/span><\/h5>\n\n\n\n<p style=\"font-size:14px\">Alla foton, kartor, information och anv\u00e4ndbara adresser som du beh\u00f6ver f\u00f6r att f\u00e5 ut det mesta av <strong>din vistelse p\u00e5 Kanarie\u00f6arna<\/strong> kommer <strong>snart<\/strong> att finnas tillg\u00e4ngliga i en enda e-bok!<\/p>\n\n\n\n<p style=\"font-size:14px\">Om du vill f\u00e5 information n\u00e4r v\u00e5r <strong>guide till Kanarie\u00f6arna<\/strong> publiceras, registrera dig:<\/p>\n\n\n<script>\nvar gform;gform||(document.addEventListener(\"gform_main_scripts_loaded\",function(){gform.scriptsLoaded=!0}),document.addEventListener(\"gform\/theme\/scripts_loaded\",function(){gform.themeScriptsLoaded=!0}),window.addEventListener(\"DOMContentLoaded\",function(){gform.domLoaded=!0}),gform={domLoaded:!1,scriptsLoaded:!1,themeScriptsLoaded:!1,isFormEditor:()=>\"function\"==typeof InitializeEditor,callIfLoaded:function(o){return!(!gform.domLoaded||!gform.scriptsLoaded||!gform.themeScriptsLoaded&&!gform.isFormEditor()||(gform.isFormEditor()&&console.warn(\"The use of gform.initializeOnLoaded() is deprecated in the form editor context and will be removed in Gravity Forms 3.1.\"),o(),0))},initializeOnLoaded:function(o){gform.callIfLoaded(o)||(document.addEventListener(\"gform_main_scripts_loaded\",()=>{gform.scriptsLoaded=!0,gform.callIfLoaded(o)}),document.addEventListener(\"gform\/theme\/scripts_loaded\",()=>{gform.themeScriptsLoaded=!0,gform.callIfLoaded(o)}),window.addEventListener(\"DOMContentLoaded\",()=>{gform.domLoaded=!0,gform.callIfLoaded(o)}))},hooks:{action:{},filter:{}},addAction:function(o,r,e,t){gform.addHook(\"action\",o,r,e,t)},addFilter:function(o,r,e,t){gform.addHook(\"filter\",o,r,e,t)},doAction:function(o){gform.doHook(\"action\",o,arguments)},applyFilters:function(o){return gform.doHook(\"filter\",o,arguments)},removeAction:function(o,r){gform.removeHook(\"action\",o,r)},removeFilter:function(o,r,e){gform.removeHook(\"filter\",o,r,e)},addHook:function(o,r,e,t,n){null==gform.hooks[o][r]&&(gform.hooks[o][r]=[]);var d=gform.hooks[o][r];null==n&&(n=r+\"_\"+d.length),gform.hooks[o][r].push({tag:n,callable:e,priority:t=null==t?10:t})},doHook:function(r,o,e){var t;if(e=Array.prototype.slice.call(e,1),null!=gform.hooks[r][o]&&((o=gform.hooks[r][o]).sort(function(o,r){return o.priority-r.priority}),o.forEach(function(o){\"function\"!=typeof(t=o.callable)&&(t=window[t]),\"action\"==r?t.apply(null,e):e[0]=t.apply(null,e)})),\"filter\"==r)return e[0]},removeHook:function(o,r,t,n){var e;null!=gform.hooks[o][r]&&(e=(e=gform.hooks[o][r]).filter(function(o,r,e){return!!(null!=n&&n!=o.tag||null!=t&&t!=o.priority)}),gform.hooks[o][r]=e)}});\n<\/script>\n\n                <div class='gf_browser_gecko gform_wrapper gform-theme gform-theme--foundation gform-theme--framework gform-theme--orbital' data-form-theme='orbital' data-form-index='0' id='gform_wrapper_2' ><style>#gform_wrapper_2[data-form-index=\"0\"].gform-theme,[data-parent-form=\"2_0\"]{--gf-color-primary: #204ce5;--gf-color-primary-rgb: 32, 76, 229;--gf-color-primary-contrast: #fff;--gf-color-primary-contrast-rgb: 255, 255, 255;--gf-color-primary-darker: #001AB3;--gf-color-primary-lighter: #527EFF;--gf-color-secondary: #fff;--gf-color-secondary-rgb: 255, 255, 255;--gf-color-secondary-contrast: #112337;--gf-color-secondary-contrast-rgb: 17, 35, 55;--gf-color-secondary-darker: #F5F5F5;--gf-color-secondary-lighter: #FFFFFF;--gf-color-out-ctrl-light: rgba(17, 35, 55, 0.1);--gf-color-out-ctrl-light-rgb: 17, 35, 55;--gf-color-out-ctrl-light-darker: rgba(104, 110, 119, 0.35);--gf-color-out-ctrl-light-lighter: #F5F5F5;--gf-color-out-ctrl-dark: #585e6a;--gf-color-out-ctrl-dark-rgb: 88, 94, 106;--gf-color-out-ctrl-dark-darker: #112337;--gf-color-out-ctrl-dark-lighter: rgba(17, 35, 55, 0.65);--gf-color-in-ctrl: #fff;--gf-color-in-ctrl-rgb: 255, 255, 255;--gf-color-in-ctrl-contrast: #112337;--gf-color-in-ctrl-contrast-rgb: 17, 35, 55;--gf-color-in-ctrl-darker: #F5F5F5;--gf-color-in-ctrl-lighter: #FFFFFF;--gf-color-in-ctrl-primary: #204ce5;--gf-color-in-ctrl-primary-rgb: 32, 76, 229;--gf-color-in-ctrl-primary-contrast: #fff;--gf-color-in-ctrl-primary-contrast-rgb: 255, 255, 255;--gf-color-in-ctrl-primary-darker: #001AB3;--gf-color-in-ctrl-primary-lighter: #527EFF;--gf-color-in-ctrl-light: rgba(17, 35, 55, 0.1);--gf-color-in-ctrl-light-rgb: 17, 35, 55;--gf-color-in-ctrl-light-darker: rgba(104, 110, 119, 0.35);--gf-color-in-ctrl-light-lighter: #F5F5F5;--gf-color-in-ctrl-dark: #585e6a;--gf-color-in-ctrl-dark-rgb: 88, 94, 106;--gf-color-in-ctrl-dark-darker: #112337;--gf-color-in-ctrl-dark-lighter: rgba(17, 35, 55, 0.65);--gf-radius: 3px;--gf-font-size-secondary: 14px;--gf-font-size-tertiary: 13px;--gf-icon-ctrl-number: url(\"data:image\/svg+xml,%3Csvg width='8' height='14' viewBox='0 0 8 14' fill='none' xmlns='http:\/\/www.w3.org\/2000\/svg'%3E%3Cpath fill-rule='evenodd' clip-rule='evenodd' d='M4 0C4.26522 5.96046e-08 4.51957 0.105357 4.70711 0.292893L7.70711 3.29289C8.09763 3.68342 8.09763 4.31658 7.70711 4.70711C7.31658 5.09763 6.68342 5.09763 6.29289 4.70711L4 2.41421L1.70711 4.70711C1.31658 5.09763 0.683417 5.09763 0.292893 4.70711C-0.0976311 4.31658 -0.097631 3.68342 0.292893 3.29289L3.29289 0.292893C3.48043 0.105357 3.73478 0 4 0ZM0.292893 9.29289C0.683417 8.90237 1.31658 8.90237 1.70711 9.29289L4 11.5858L6.29289 9.29289C6.68342 8.90237 7.31658 8.90237 7.70711 9.29289C8.09763 9.68342 8.09763 10.3166 7.70711 10.7071L4.70711 13.7071C4.31658 14.0976 3.68342 14.0976 3.29289 13.7071L0.292893 10.7071C-0.0976311 10.3166 -0.0976311 9.68342 0.292893 9.29289Z' fill='rgba(17, 35, 55, 0.65)'\/%3E%3C\/svg%3E\");--gf-icon-ctrl-select: url(\"data:image\/svg+xml,%3Csvg width='10' height='6' viewBox='0 0 10 6' fill='none' xmlns='http:\/\/www.w3.org\/2000\/svg'%3E%3Cpath fill-rule='evenodd' clip-rule='evenodd' d='M0.292893 0.292893C0.683417 -0.097631 1.31658 -0.097631 1.70711 0.292893L5 3.58579L8.29289 0.292893C8.68342 -0.0976311 9.31658 -0.0976311 9.70711 0.292893C10.0976 0.683417 10.0976 1.31658 9.70711 1.70711L5.70711 5.70711C5.31658 6.09763 4.68342 6.09763 4.29289 5.70711L0.292893 1.70711C-0.0976311 1.31658 -0.0976311 0.683418 0.292893 0.292893Z' fill='rgba(17, 35, 55, 0.65)'\/%3E%3C\/svg%3E\");--gf-icon-ctrl-search: url(\"data:image\/svg+xml,%3Csvg width='640' height='640' xmlns='http:\/\/www.w3.org\/2000\/svg'%3E%3Cpath d='M256 128c-70.692 0-128 57.308-128 128 0 70.691 57.308 128 128 128 70.691 0 128-57.309 128-128 0-70.692-57.309-128-128-128zM64 256c0-106.039 85.961-192 192-192s192 85.961 192 192c0 41.466-13.146 79.863-35.498 111.248l154.125 154.125c12.496 12.496 12.496 32.758 0 45.254s-32.758 12.496-45.254 0L367.248 412.502C335.862 434.854 297.467 448 256 448c-106.039 0-192-85.962-192-192z' fill='rgba(17, 35, 55, 0.65)'\/%3E%3C\/svg%3E\");--gf-label-space-y-secondary: var(--gf-label-space-y-md-secondary);--gf-ctrl-border-color: #686e77;--gf-ctrl-size: var(--gf-ctrl-size-md);--gf-ctrl-label-color-primary: #112337;--gf-ctrl-label-color-secondary: #112337;--gf-ctrl-choice-size: var(--gf-ctrl-choice-size-md);--gf-ctrl-checkbox-check-size: var(--gf-ctrl-checkbox-check-size-md);--gf-ctrl-radio-check-size: var(--gf-ctrl-radio-check-size-md);--gf-ctrl-btn-font-size: var(--gf-ctrl-btn-font-size-md);--gf-ctrl-btn-padding-x: var(--gf-ctrl-btn-padding-x-md);--gf-ctrl-btn-size: var(--gf-ctrl-btn-size-md);--gf-ctrl-btn-border-color-secondary: #686e77;--gf-ctrl-file-btn-bg-color-hover: #EBEBEB;--gf-field-img-choice-size: var(--gf-field-img-choice-size-md);--gf-field-img-choice-card-space: var(--gf-field-img-choice-card-space-md);--gf-field-img-choice-check-ind-size: var(--gf-field-img-choice-check-ind-size-md);--gf-field-img-choice-check-ind-icon-size: var(--gf-field-img-choice-check-ind-icon-size-md);--gf-field-pg-steps-number-color: rgba(17, 35, 55, 0.8);}<\/style><form method='post' enctype='multipart\/form-data'  id='gform_2'  action='\/sv\/wp-json\/wp\/v2\/posts\/6545' data-formid='2' novalidate> \r\n <input type='hidden' class='gforms-pum' value='{\"closepopup\":false,\"closedelay\":0,\"openpopup\":false,\"openpopup_id\":0}' \/>\n                        <div class='gform-body gform_body'><div id='gform_fields_2' class='gform_fields top_label form_sublabel_below description_below validation_below'><div id=\"field_2_1\" class=\"gfield gfield--type-website gfield--input-type-website field_sublabel_below gfield--no-description field_description_below field_validation_below gfield_visibility_hidden\"  ><div class=\"admin-hidden-markup\"><i class=\"gform-icon gform-icon--hidden\" aria-hidden=\"true\" title=\"Detta f\u00e4lt \u00e4r dolt n\u00e4r formul\u00e4ret visas\"><\/i><span>Detta f\u00e4lt \u00e4r dolt n\u00e4r formul\u00e4ret visas<\/span><\/div><label class='gfield_label gform-field-label' for='input_2_1'>Site Web<\/label><div class='ginput_container ginput_container_website'>\n                    <input name='input_1' id='input_2_1' type='url' value='https:\/\/canarias-lovers.com\/sv\/wp-json\/wp\/v2\/posts\/6545' class='large'    placeholder='https:\/\/'  aria-invalid=\"false\" \/>\n                <\/div><\/div><div id=\"field_2_3\" class=\"gfield gfield--type-email gfield--input-type-email gfield--width-full gfield_contains_required field_sublabel_below gfield--no-description field_description_below hidden_label field_validation_below gfield_visibility_visible\"  ><label class='gfield_label gform-field-label' for='input_2_3'>E-mail<span class=\"gfield_required\"><span class=\"gfield_required gfield_required_text\">(Obligatoriskt)<\/span><\/span><\/label><div class='ginput_container ginput_container_email'>\n                            <input name='input_3' id='input_2_3' type='email' value='' class='large'    aria-required=\"true\" aria-invalid=\"false\"  \/>\n                        <\/div><\/div><\/div><\/div>\n        <div class='gform-footer gform_footer top_label'> <input type='submit' id='gform_submit_button_2' class='gform_button button' onclick='gform.submission.handleButtonClick(this);' data-submission-type='submit' value='Prenumerera'  \/> \n            <input type='hidden' class='gform_hidden' name='gform_submission_method' data-js='gform_submission_method_2' value='postback' \/>\n            <input type='hidden' class='gform_hidden' name='gform_theme' data-js='gform_theme_2' id='gform_theme_2' value='orbital' \/>\n            <input type='hidden' class='gform_hidden' name='gform_style_settings' data-js='gform_style_settings_2' id='gform_style_settings_2' value='{&quot;inputPrimaryColor&quot;:&quot;#204ce5&quot;}' \/>\n            <input type='hidden' class='gform_hidden' name='is_submit_2' value='1' \/>\n            <input type='hidden' class='gform_hidden' name='gform_submit' value='2' \/>\n            \n            <input type='hidden' class='gform_hidden' name='gform_currency' data-currency='EUR' value='cHPhM03fl9P6SCe0pmzPcrfD7jGJow0sWIgFGlsTd\/YJU+32XSjev6Dp8ZIhkzJXoTB5fyTkL0Cs8K6Vev90SkYjA+yjhfpOWMCcOGoFpIH9RaA=' \/>\n            <input type='hidden' class='gform_hidden' name='gform_unique_id' value='' \/>\n            <input type='hidden' class='gform_hidden' name='state_2' value='WyJbXSIsImYwNjdmM2RlZjkzZGI5YjM2NWY4ZmY4ZDRhNWY0OGY0Il0=' \/>\n            <input type='hidden' autocomplete='off' class='gform_hidden' name='gform_target_page_number_2' id='gform_target_page_number_2' value='0' \/>\n            <input type='hidden' autocomplete='off' class='gform_hidden' name='gform_source_page_number_2' id='gform_source_page_number_2' value='1' \/>\n            <input type='hidden' name='gform_field_values' value='' \/>\n            \n        <\/div>\n                        <\/form>\n                        <\/div><script>\ngform.initializeOnLoaded( function() {gformInitSpinner( 2, 'https:\/\/canarias-lovers.com\/wp-content\/plugins\/gravityforms\/images\/spinner.svg', false );jQuery('#gform_ajax_frame_2').on('load',function(){var contents = jQuery(this).contents().find('*').html();var is_postback = contents.indexOf('GF_AJAX_POSTBACK') >= 0;if(!is_postback){return;}var form_content = jQuery(this).contents().find('#gform_wrapper_2');var is_confirmation = jQuery(this).contents().find('#gform_confirmation_wrapper_2').length > 0;var is_redirect = contents.indexOf('gformRedirect(){') >= 0;var is_form = form_content.length > 0 && ! is_redirect && ! is_confirmation;var mt = parseInt(jQuery('html').css('margin-top'), 10) + parseInt(jQuery('body').css('margin-top'), 10) + 100;if(is_form){jQuery('#gform_wrapper_2').html(form_content.html());if(form_content.hasClass('gform_validation_error')){jQuery('#gform_wrapper_2').addClass('gform_validation_error');} else {jQuery('#gform_wrapper_2').removeClass('gform_validation_error');}setTimeout( function() { \/* delay the scroll by 50 milliseconds to fix a bug in chrome *\/  }, 50 );if(window['gformInitDatepicker']) {gformInitDatepicker();}if(window['gformInitPriceFields']) {gformInitPriceFields();}var current_page = jQuery('#gform_source_page_number_2').val();gformInitSpinner( 2, 'https:\/\/canarias-lovers.com\/wp-content\/plugins\/gravityforms\/images\/spinner.svg', false );jQuery(document).trigger('gform_page_loaded', [2, current_page]);window['gf_submitting_2'] = false;}else if(!is_redirect){var confirmation_content = jQuery(this).contents().find('.GF_AJAX_POSTBACK').html();if(!confirmation_content){confirmation_content = contents;}jQuery('#gform_wrapper_2').replaceWith(confirmation_content);jQuery(document).trigger('gform_confirmation_loaded', [2]);window['gf_submitting_2'] = false;wp.a11y.speak(jQuery('#gform_confirmation_message_2').text());}else{jQuery('#gform_2').append(contents);if(window['gformRedirect']) {gformRedirect();}}jQuery(document).trigger(\"gform_pre_post_render\", [{ formId: \"2\", currentPage: \"current_page\", abort: function() { this.preventDefault(); } }]);        if (event && event.defaultPrevented) {                return;        }        const gformWrapperDiv = document.getElementById( \"gform_wrapper_2\" );        if ( gformWrapperDiv ) {            const visibilitySpan = document.createElement( \"span\" );            visibilitySpan.id = \"gform_visibility_test_2\";            gformWrapperDiv.insertAdjacentElement( \"afterend\", visibilitySpan );        }        const visibilityTestDiv = document.getElementById( \"gform_visibility_test_2\" );        let postRenderFired = false;        function triggerPostRender() {            if ( postRenderFired ) {                return;            }            postRenderFired = true;            gform.core.triggerPostRenderEvents( 2, current_page );            if ( visibilityTestDiv ) {                visibilityTestDiv.parentNode.removeChild( visibilityTestDiv );            }        }        function debounce( func, wait, immediate ) {            var timeout;            return function() {                var context = this, args = arguments;                var later = function() {                    timeout = null;                    if ( !immediate ) func.apply( context, args );                };                var callNow = immediate && !timeout;                clearTimeout( timeout );                timeout = setTimeout( later, wait );                if ( callNow ) func.apply( context, args );            };        }        const debouncedTriggerPostRender = debounce( function() {            triggerPostRender();        }, 200 );        if ( visibilityTestDiv && visibilityTestDiv.offsetParent === null ) {            const observer = new MutationObserver( ( mutations ) => {                mutations.forEach( ( mutation ) => {                    if ( mutation.type === 'attributes' && visibilityTestDiv.offsetParent !== null ) {                        debouncedTriggerPostRender();                        observer.disconnect();                    }                });            });            observer.observe( document.body, {                attributes: true,                childList: false,                subtree: true,                attributeFilter: [ 'style', 'class' ],            });        } else {            triggerPostRender();        }    } );} );\n<\/script>\n<\/div>\n\n\n\n<div class=\"wp-block-column is-layout-flow wp-block-column-is-layout-flow\" style=\"flex-basis:42%\">\n<div class=\"wp-block-genesis-blocks-gb-container ebook-radius-waitlist gb-block-container\"><div class=\"gb-container-inside\"><div class=\"gb-container-content\"><div class=\"wp-block-image ebook-image\">\n<figure class=\"aligncenter size-large\"><img decoding=\"async\" src=\"https:\/\/loirelovers.fr\/wp-content\/uploads\/2023\/03\/ebooks_CorseNormandie_FR.png\" alt=\"Box Ebook Korsika FR\"\/><\/figure>\n<\/div><\/div><\/div><\/div>\n<\/div>\n<\/div>\n<\/div><\/div><\/div>\n\n<h2 class=\"wp-block-heading\"><span class=\"ez-toc-section\" id=\"De_basta_sevardheterna_i_Teneriffa_i_januari\"><\/span>De b\u00e4sta sev\u00e4rdheterna i Teneriffa i januari<span class=\"ez-toc-section-end\"><\/span><\/h2>\n\n<p>I januari rekommenderar vi att du uppt\u00e4cker:<\/p>\n\n<ul class=\"wp-block-list\">\n<li>Den majest\u00e4tiska nationalparken Teide och dess vulkan \u00e4r s\u00e4rskilt trevlig att utforska med de milda temperaturerna i januari.<\/li>\n\n\n\n<li><a href=\"https:\/\/canarias-lovers.com\/sv\/naturliga-pooler-teneriffa-laguner\/\" target=\"_blank\" rel=\"noreferrer noopener\">Naturliga pooler<\/a> som de vid Garachico<\/li>\n\n\n\n<li>De spektakul\u00e4ra klipporna i Los Gigantes  <\/li>\n\n\n\n<li>Historiska st\u00e4der som La Laguna och pittoreska byar som Masca &#8211; <a href=\"https:\/\/canarias-lovers.com\/sv\/basta-staderna-teneriffa-byarna\/\" target=\"_blank\" rel=\"noreferrer noopener\">se v\u00e5r lista<\/a><\/li>\n\n\n\n<li>Anaga landsbygdspark och dess lagerskogar<\/li>\n\n\n\n<li>Svarta sandstr\u00e4nder som Puerto de la Cruz och gyllene str\u00e4nder som Costa Adeje<\/li>\n\n\n\n<li>Tr\u00e4dg\u00e5rdarna<\/li>\n\n\n\n<li>De m\u00e5nga temaparkerna<\/li>\n\n\n\n<li>&#8230;<\/li>\n<\/ul>\n\n<p>Se v\u00e5r lista \u00f6ver de <a href=\"https:\/\/canarias-lovers.com\/sv\/sevardheter-teneriffa-att-gora\/\" target=\"_blank\" rel=\"noreferrer noopener\">b\u00e4sta attraktionerna p\u00e5 Teneriffa<\/a>.<\/p>\n\n<figure class=\"wp-block-image size-large\"><img decoding=\"async\" src=\"https:\/\/photos.smugmug.com\/Canarias-Lovers\/Tenerife\/Best\/Hikes-nature\/i-JqWrWST\/0\/Kk8HBCpZXB27mPr9VZGhnPnNjqpZH8q3pTqsLF59V\/L\/anaga_cliffs-L.jpg\" alt=\"Anagas klippor\"\/><\/figure>\n\n<p>Och massor av aktiviteter som dessa:<\/p>\n\n<div style=\"margin-top:8%;margin-bottom:8%\" class=\"wp-block-genesis-blocks-gb-container box gb-block-container\"><div class=\"gb-container-inside\"><div class=\"gb-container-content\">\n<div class=\"wp-block-columns inverse is-layout-flex wp-container-core-columns-is-layout-9d6595d7 wp-block-columns-is-layout-flex\">\n<div class=\"wp-block-column texte_planif is-layout-flow wp-block-column-is-layout-flow\" style=\"flex-basis:58%\">\n<h5 class=\"titre_box\" style=\"padding-top:10px\">HA KUL I TENERIFE: <span class=\"titre_box_manuscrit\">aktiviteter<\/span><\/h5>\n\n\n\n<p style=\"font-size:16px\"><a href=\"https:\/\/www.getyourguide.se\/s\/?q=Dauphins+Tenerife&amp;searchSource=3&amp;partner_id=R3GYW4V&amp;cmp=CAL\" target=\"_blank\" rel=\"noreferrer noopener sponsored nofollow\">Spana p\u00e5 delfiner<\/a><br\/><a href=\"https:\/\/www.getyourguide.se\/s\/?q=Buggy+Tenerife&amp;searchSource=3&amp;partner_id=R3GYW4V&amp;cmp=CAL\" target=\"_blank\" rel=\"noreferrer noopener sponsored nofollow\">Buggy \/ fyrhjuling<\/a><br\/><a href=\"https:\/\/www.getyourguide.se\/s\/?q=snorkeling+Tenerife&amp;searchSource=3&amp;partner_id=R3GYW4V&amp;cmp=CAL\" target=\"_blank\" rel=\"noreferrer noopener sponsored nofollow\">Snorkling<\/a><\/p>\n<\/div>\n\n\n\n<div class=\"wp-block-column ville-radius is-layout-flow wp-block-column-is-layout-flow\" style=\"flex-basis:42%\">\n<figure class=\"wp-block-image size-large img-portrait\"><img decoding=\"async\" src=\"https:\/\/photos.smugmug.com\/Canarias-Lovers\/Tenerife\/Best-of\/i-wQrB5Lp\/0\/LrTR9c4Tnm6PWfsxrwZfkmGvPdbFXhh9dJ3FzzWmt\/S\/tenerife-dauphins-1-S.jpg\" alt=\"Valar p&#xE5; Teneriffa\" title=\"\"\/><\/figure>\n<\/div>\n<\/div>\n<\/div><\/div><\/div>\n\n<h2 class=\"wp-block-heading\"><span class=\"ez-toc-section\" id=\"Klimatet_pa_Teneriffa_i_januari_%E2%80%93_vaderprognos\"><\/span>Klimatet p\u00e5 Teneriffa i januari &#8211; v\u00e4derprognos<span class=\"ez-toc-section-end\"><\/span><\/h2>\n\n<p>I januari varierar klimatet p\u00e5 Teneriffa fr\u00e5n en region p\u00e5 \u00f6n till en annan. Vi uppskattar s\u00e4rskilt denna m\u00e5ngfald, som ger olika upplevelser beroende p\u00e5 vilket omr\u00e5de som bes\u00f6ks. \u00d6ns mikroklimat, som skapas av berget Teide, har ett betydande inflytande p\u00e5 det lokala v\u00e4dret.<\/p>\n\n<h3 class=\"wp-block-heading\">P\u00e5 kusten<\/h3>\n\n<p>L\u00e4ngs kusten njuter du av ett milt och soligt klimat. De s\u00f6dra kustomr\u00e5dena, s\u00e4rskilt Costa Adeje, har de mildaste temperaturerna och maximalt med solsken. Nederb\u00f6rd \u00e4r s\u00e4llsynt, \u00e4ven om det kan f\u00f6rekomma n\u00e5gra tillf\u00e4lliga skurar. Havsbrisen fr\u00e4schar upp atmosf\u00e4ren p\u00e5 ett behagligt s\u00e4tt, vilket g\u00f6r utomhusaktiviteter s\u00e4rskilt njutbara.<\/p>\n\n<h3 class=\"wp-block-heading\">P\u00e5 h\u00f6jden<\/h3>\n\n<p>P\u00e5 h\u00f6gre h\u00f6jder, s\u00e4rskilt runt Teide, \u00e4r f\u00f6rh\u00e5llandena svalare och mer varierande. Se upp, det g\u00e5r upp! Vi ser betydande temperaturskillnader mellan dag och natt. Topparna kan till och med vara sn\u00f6t\u00e4ckta, vilket skapar en sl\u00e5ende kontrast till kustklimatet. Varma kl\u00e4der \u00e4r viktigt f\u00f6r bergsutflykter, d\u00e4r temperaturen kan sjunka under 5 \u00b0 C.<\/p>\n\n<div style=\"margin-top:8%;margin-bottom:8%\" class=\"wp-block-genesis-blocks-gb-container box gb-block-container\"><div class=\"gb-container-inside\"><div class=\"gb-container-content\">\n<div class=\"wp-block-columns inverse box_planif is-layout-flex wp-container-core-columns-is-layout-9d6595d7 wp-block-columns-is-layout-flex\">\n<div class=\"wp-block-column texte_planif is-layout-flow wp-block-column-is-layout-flow\" style=\"flex-basis:60%\">\n<h5 class=\"titre_box\" style=\"padding-top:10px;\">V\u00c5RA R\u00c5D F\u00d6R ATT HYRA EN BIL P\u00c5 <span class=\"titre_box_manuscrit\">Teneriffa<\/span><\/h5>\n\n\n\n<ul class=\"wp-block-list\" style=\"font-size:14px\">\n<li>J\u00e4mf\u00f6r priser p\u00e5 v\u00e5r f\u00f6redragna plattform: <a href=\"https:\/\/www.discovercars.com\/se\/spain-canary-islands\/tenerife?a_aid=zigzag&amp;chan=CAL\" target=\"_blank\" rel=\"noreferrer noopener sponsored nofollow\">DiscoverCars<\/a> &#8211; en av de b\u00e4st rankade webbplatserna.<\/li>\n\n\n\n<li>Om du planerar att utforska bergen ska du inte ta de <strong>minsta bilarna<\/strong>. En kraftfullare motor kommer att vara mer bekv\u00e4m.<\/li>\n\n\n\n<li>Men ta inte heller en f\u00f6r stor bil, eftersom vissa av v\u00e4garna \u00e4r smala.<\/li>\n\n\n\n<li>Det \u00e4r stor efterfr\u00e5gan och det \u00e4r en \u00f6, s\u00e5 <strong>boka tidigt<\/strong>.<\/li>\n<\/ul>\n<\/div>\n\n\n\n<div class=\"wp-block-column planif-radius-2 is-layout-flow wp-block-column-is-layout-flow\">\n<figure class=\"wp-block-image size-large voiture_image\"><img decoding=\"async\" src=\"https:\/\/photos.smugmug.com\/Canarias-Lovers\/Tenerife\/Driving\/i-D3dJ4xj\/1\/e6e34cdd\/L\/tenerife-rental-car-driving-L.jpg\" alt=\"k&#xF6;rning p&#xE5; tenerife\"\/><\/figure>\n<\/div>\n<\/div>\n\n\n\n<div class=\"wp-block-columns planif_bouton is-layout-flex wp-container-core-columns-is-layout-9d6595d7 wp-block-columns-is-layout-flex\">\n<div class=\"wp-block-column is-vertically-aligned-top is-layout-flow wp-block-column-is-layout-flow\">\n<div class=\"wp-block-buttons is-content-justification-center is-layout-flex wp-container-core-buttons-is-layout-16018d1d wp-block-buttons-is-layout-flex\">\n<div class=\"wp-block-button\"><a class=\"wp-block-button__link has-white-color has-text-color wp-element-button\" href=\"https:\/\/www.discovercars.com\/se\/spain-canary-islands\/tenerife?a_aid=zigzagchan=CAL\" target=\"_blank\" rel=\"noreferrer noopener nofollow\">Se tillg\u00e4ngliga bilar &gt;&gt;<\/a><\/div>\n<\/div>\n<\/div>\n\n\n\n<div class=\"wp-block-column is-vertically-aligned-center is-layout-flow wp-block-column-is-layout-flow\">\n<p class=\"has-text-align-center\" style=\"font-size:16px\"><a href=\"https:\/\/canarias-lovers.com\/sv\/?p=2195\" target=\"_blank\" rel=\"noreferrer noopener\">L\u00e4s v\u00e5ra r\u00e5d<\/a><\/p>\n<\/div>\n<\/div>\n<\/div><\/div><\/div>\n\n<h2 class=\"wp-block-heading\"><span class=\"ez-toc-section\" id=\"Temperaturen_i_januari_pa_Teneriffa\"><\/span>Temperaturen i januari p\u00e5 Teneriffa<span class=\"ez-toc-section-end\"><\/span><\/h2>\n\n<h3 class=\"wp-block-heading\">V\u00e4dret i Santa Cruz de Tenerife<\/h3>\n\n<ul class=\"wp-block-list\">\n<li>Genomsnittlig temperatur dagtid: 21\u00b0C (70\u00b0F)<\/li>\n\n\n\n<li>Genomsnittlig temperatur nattetid: 16\u00b0C (61\u00b0F)<\/li>\n<\/ul>\n\n<h3 class=\"wp-block-heading\">V\u00e4dret i Puerto de la Cruz<\/h3>\n\n<ul class=\"wp-block-list\">\n<li>Genomsnittlig temperatur dagtid: 20\u00b0C (68\u00b0F)<\/li>\n\n\n\n<li>Genomsnittlig temperatur nattetid: 15\u00b0C (59\u00b0F)<\/li>\n<\/ul>\n\n<h3 class=\"wp-block-heading\">Temperatur p\u00e5 Los Gigantes<\/h3>\n\n<ul class=\"wp-block-list\">\n<li>Genomsnittlig temperatur dagtid: 22\u00b0C (72\u00b0F)<\/li>\n\n\n\n<li>Genomsnittlig temperatur nattetid: 17\u00b0C (63\u00b0F)<\/li>\n<\/ul>\n\n<h3 class=\"wp-block-heading\">V\u00e4dret i Costa Adeje<\/h3>\n\n<ul class=\"wp-block-list\">\n<li>Genomsnittlig temperatur dagtid: 22\u00b0C (72\u00b0F)<\/li>\n\n\n\n<li>Genomsnittlig temperatur nattetid: 17\u00b0C (63\u00b0F)<\/li>\n<\/ul>\n\n<figure class=\"wp-block-image size-large\"><img decoding=\"async\" src=\"https:\/\/photos.smugmug.com\/Canarias-Lovers\/Tenerife\/San-Cristobal-de-La-Laguna\/Town\/i-LTvKsHk\/0\/KvJdpFPpSFnG999ppBDWsgm8238zh4ksr26483gr9\/L\/san-cristobal-la-laguna-L.jpg\" alt=\"Santa Cruz de la LAguna\"\/><\/figure>\n\n<h2 class=\"wp-block-heading\"><span class=\"ez-toc-section\" id=\"Regn_och_vind\"><\/span>Regn och vind<span class=\"ez-toc-section-end\"><\/span><\/h2>\n\n<p>I januari varierar m\u00e4ngden regn fr\u00e5n en region p\u00e5 Teneriffa till en annan. Nederb\u00f6rden \u00e4r i allm\u00e4nhet m\u00e5ttlig och kortvarig. Vi kan se att den norra kusten f\u00e5r mer regn \u00e4n den s\u00f6dra delen av \u00f6n. P\u00e5 de nordostv\u00e4nda sluttningarna kan det f\u00f6rekomma n\u00e5gra korta skurar.<\/p>\n\n<ul class=\"wp-block-list\">\n<li>M\u00e4ngd regn i Santa Cruz de Tenerife: 30mm<br\/>  (\u00f6ver 3 dagar i genomsnitt)<\/li>\n\n\n\n<li>Nederb\u00f6rd i Puerto de la Cruz: 45mm<br\/>  (\u00f6ver 4 dagar i genomsnitt)<\/li>\n\n\n\n<li>Nederb\u00f6rd p\u00e5 Los Gigantes: 25mm<br\/>  (under i genomsnitt 2 dagar)<\/li>\n\n\n\n<li>M\u00e4ngd regn i Costa Adeje: 20mm<br\/>  (under i genomsnitt 2 dagar)<\/li>\n<\/ul>\n\n<p>Sn\u00f6 \u00e4r s\u00e4llsynt p\u00e5 Teneriffa och f\u00f6rekommer endast p\u00e5 toppen av Mount Teide, i allm\u00e4nhet p\u00e5 \u00f6ver 2000 meters h\u00f6jd. Vi tyckte att synen av sn\u00f6 p\u00e5 vulkanen var s\u00e4rskilt sl\u00e5ende, medan str\u00e4nderna nedanf\u00f6r badade i mjukhet.<\/p>\n\n<figure class=\"wp-block-image size-large\"><img decoding=\"async\" src=\"https:\/\/photos.smugmug.com\/Canarias-Lovers\/Tenerife\/Teide\/Roques-de-Garcia\/i-fkQMLb8\/0\/LrG9GgNpFP9FCdZgMzQBh9s4X3kxxc6fDWJjCRQbD\/L\/path-roques-garcia-L.jpg\" alt=\"Vandring p&#xE5; Teneriffa\"\/><\/figure>\n\n<p>Passadvindarna \u00e4r n\u00e4rvarande i januari och bl\u00e5ser fr\u00e4mst fr\u00e5n nordost. Dessa st\u00e4ndiga vindar bidrar till att uppr\u00e4tth\u00e5lla ett behagligt klimat. P\u00e5 sydkusten, s\u00e4rskilt vid Costa Adeje och Los Gigantes, uppskattar vi s\u00e4rskilt den skyddande effekten av Teide, som d\u00e4mpar vindarnas kraft.<\/p>\n\n<h2 class=\"wp-block-heading\"><span class=\"ez-toc-section\" id=\"Solsken\"><\/span>Solsken<span class=\"ez-toc-section-end\"><\/span><\/h2>\n\n<p>I januari varierar dagsljuset runt kl. 10.20. Solen g\u00e5r upp cirka kl. 08.00 och g\u00e5r ner cirka kl. 18.20.<\/p>\n\n<p>Teneriffa har mycket solsken \u00e4ven i januari, med i genomsnitt 7 soltimmar per dag. Vi njuter s\u00e4rskilt av ljuset, som ger behagliga dagar. S\u00f6dra delen av \u00f6n, s\u00e4rskilt Costa Adeje och Los Gigantes, f\u00e5r mer sol \u00e4n norra delen. Teide-regionen utm\u00e4rker sig ocks\u00e5 f\u00f6r sitt exceptionella solsken, ofta ovanf\u00f6r det molnt\u00e4cke som kan bildas vid kusten.<\/p>\n\n<h2 class=\"wp-block-heading\"><span class=\"ez-toc-section\" id=\"Vattentemperatur_%E2%80%93_simning_i_Teneriffa_i_januari\"><\/span>Vattentemperatur &#8211; simning i Teneriffa i januari<span class=\"ez-toc-section-end\"><\/span><\/h2>\n\n<p>Havstemperaturen i januari \u00e4r fortfarande behaglig f\u00f6r simning. Den kanariska str\u00f6mmen h\u00e5ller vattnet relativt varmt under hela \u00e5ret. Vi gillar s\u00e4rskilt de s\u00f6dra str\u00e4nderna, d\u00e4r vattnet \u00e4r n\u00e5got varmare \u00e4n p\u00e5 nordkusten. Se v\u00e5r lista \u00f6ver de <a href=\"https:\/\/canarias-lovers.com\/sv\/basta-stranderna-teneriffa\/\" target=\"_blank\" rel=\"noreferrer noopener\">vackraste str\u00e4nderna<\/a>.<\/p>\n\n<ul class=\"wp-block-list\">\n<li>Vattentemperatur i Santa Cruz de Tenerife: 19\u00b0C (66\u00b0F)<\/li>\n\n\n\n<li>Vattentemperatur i Puerto de la Cruz: 19\u00b0C (66\u00b0F)<\/li>\n\n\n\n<li>Vattentemperatur p\u00e5 Los Gigantes: 20\u00b0C (68\u00b0F)<\/li>\n\n\n\n<li>Vattentemperatur p\u00e5 Costa Adeje: 20\u00b0C (68\u00b0F)<\/li>\n<\/ul>\n\n<figure class=\"wp-block-image size-large\"><img decoding=\"async\" src=\"https:\/\/photos.smugmug.com\/Canarias-Lovers\/Tenerife\/El-Medano\/Piscinas-los-Abrigos\/i-hnBMdD2\/0\/Lq9Z9436hg883tRx5LBbVKDpbdpM38qH4jJQdCb5M\/L\/piscinas-los-abrigos-L.jpg\" alt=\"Naturliga bass&#xE4;nger Los Abrigos\"\/><\/figure>\n\n<h2 class=\"wp-block-heading\"><span class=\"ez-toc-section\" id=\"Val-_och_delfinskadning\"><\/span>Val- och delfinsk\u00e5dning<span class=\"ez-toc-section-end\"><\/span><\/h2>\n\n<p>Missa inte delfinerna och valarna! Januari \u00e4r en utm\u00e4rkt tid f\u00f6r valsk\u00e5dning. Vi gillar s\u00e4rskilt havsutflykterna fr\u00e5n Los Gigantes eller Costa Adeje, d\u00e4r det lugna vattnet g\u00f6r det l\u00e4ttare att hitta r\u00e4tt. Grindvalar och delfiner finns h\u00e4r \u00e5ret runt. Grindvalar ses ocks\u00e5 ofta i kanalen mellan Teneriffa och La Gomera.<\/p>\n\n<h2 class=\"wp-block-heading\"><span class=\"ez-toc-section\" id=\"Januarievenemang_pa_Teneriffa\"><\/span>Januarievenemang p\u00e5 Teneriffa<span class=\"ez-toc-section-end\"><\/span><\/h2>\n\n<p>Januari p\u00e5 Teneriffa \u00e4r en m\u00e5nad full av traditionella festligheter och firanden:<\/p>\n\n<ul class=\"wp-block-list\">\n<li><strong>Cabalgata de los Reyes Magos (5 januari)<\/strong><br\/>Vi tycker s\u00e4rskilt mycket om den magiska paraden med de tre vise m\u00e4nnen genom \u00f6ns huvudst\u00e4der. I Santa Cruz de Tenerife \u00e4r paraden s\u00e4rskilt spektakul\u00e4r med sina dekorerade vagnar och musikunderh\u00e5llning.<\/li>\n\n\n\n<li><strong>San Antonio Abad Festival (17-19 januari)<\/strong><br\/>Detta traditionella firande hedrar djurens skyddshelgon. Bland festligheterna m\u00e4rks djurv\u00e4lsignelser och f\u00e4rgsprakande parader, s\u00e4rskilt vid La Matanza de Acentejo.<\/li>\n\n\n\n<li><strong>Kanarie\u00f6arnas musikfestival<\/strong> (under flera veckor)<br\/>Denna prestigefyllda festival \u00e4ger rum mellan januari och februari. H\u00e4r kan vi uppleva konserter med klassisk musik av h\u00f6gsta kvalitet i ikoniska lokaler som Tenerife Auditorium.<\/li>\n<\/ul>\n\n<div style=\"background-color:#fefefe;margin-top:6%;margin-bottom:6%\" class=\"wp-block-genesis-blocks-gb-container box gb-block-container\"><div class=\"gb-container-inside\"><div class=\"gb-container-content\" style=\"max-width:700px\">\n<div class=\"wp-block-columns inverse is-layout-flex wp-container-core-columns-is-layout-9d6595d7 wp-block-columns-is-layout-flex\">\n<div class=\"wp-block-column texte_planif is-layout-flow wp-block-column-is-layout-flow\" style=\"flex-basis:58%\">\n<h5 class=\"titre_box\">Ta emot v\u00e5rt <span class=\"titre_box_manuscrit\">nyhetsbrev<\/span><\/h5>\n\n\n\n<ul class=\"wp-block-list\">\n<li>En frisk fl\u00e4kt i ditt dagliga liv p\u00e5 de vackra destinationerna i Region Lovers!<\/li>\n\n\n\n<li>En g\u00e5ng i m\u00e5naden<\/li>\n\n\n\n<li>Reklamfri<\/li>\n<\/ul>\n\n\n\n                <div class='gf_browser_gecko gform_wrapper gform-theme gform-theme--foundation gform-theme--framework gform-theme--orbital' data-form-theme='orbital' data-form-index='0' id='gform_wrapper_3' ><style>#gform_wrapper_3[data-form-index=\"0\"].gform-theme,[data-parent-form=\"3_0\"]{--gf-color-primary: #204ce5;--gf-color-primary-rgb: 32, 76, 229;--gf-color-primary-contrast: #fff;--gf-color-primary-contrast-rgb: 255, 255, 255;--gf-color-primary-darker: #001AB3;--gf-color-primary-lighter: #527EFF;--gf-color-secondary: #fff;--gf-color-secondary-rgb: 255, 255, 255;--gf-color-secondary-contrast: #112337;--gf-color-secondary-contrast-rgb: 17, 35, 55;--gf-color-secondary-darker: #F5F5F5;--gf-color-secondary-lighter: #FFFFFF;--gf-color-out-ctrl-light: rgba(17, 35, 55, 0.1);--gf-color-out-ctrl-light-rgb: 17, 35, 55;--gf-color-out-ctrl-light-darker: rgba(104, 110, 119, 0.35);--gf-color-out-ctrl-light-lighter: #F5F5F5;--gf-color-out-ctrl-dark: #585e6a;--gf-color-out-ctrl-dark-rgb: 88, 94, 106;--gf-color-out-ctrl-dark-darker: #112337;--gf-color-out-ctrl-dark-lighter: rgba(17, 35, 55, 0.65);--gf-color-in-ctrl: #fff;--gf-color-in-ctrl-rgb: 255, 255, 255;--gf-color-in-ctrl-contrast: #112337;--gf-color-in-ctrl-contrast-rgb: 17, 35, 55;--gf-color-in-ctrl-darker: #F5F5F5;--gf-color-in-ctrl-lighter: #FFFFFF;--gf-color-in-ctrl-primary: #204ce5;--gf-color-in-ctrl-primary-rgb: 32, 76, 229;--gf-color-in-ctrl-primary-contrast: #fff;--gf-color-in-ctrl-primary-contrast-rgb: 255, 255, 255;--gf-color-in-ctrl-primary-darker: #001AB3;--gf-color-in-ctrl-primary-lighter: #527EFF;--gf-color-in-ctrl-light: rgba(17, 35, 55, 0.1);--gf-color-in-ctrl-light-rgb: 17, 35, 55;--gf-color-in-ctrl-light-darker: rgba(104, 110, 119, 0.35);--gf-color-in-ctrl-light-lighter: #F5F5F5;--gf-color-in-ctrl-dark: #585e6a;--gf-color-in-ctrl-dark-rgb: 88, 94, 106;--gf-color-in-ctrl-dark-darker: #112337;--gf-color-in-ctrl-dark-lighter: rgba(17, 35, 55, 0.65);--gf-radius: 3px;--gf-font-size-secondary: 14px;--gf-font-size-tertiary: 13px;--gf-icon-ctrl-number: url(\"data:image\/svg+xml,%3Csvg width='8' height='14' viewBox='0 0 8 14' fill='none' xmlns='http:\/\/www.w3.org\/2000\/svg'%3E%3Cpath fill-rule='evenodd' clip-rule='evenodd' d='M4 0C4.26522 5.96046e-08 4.51957 0.105357 4.70711 0.292893L7.70711 3.29289C8.09763 3.68342 8.09763 4.31658 7.70711 4.70711C7.31658 5.09763 6.68342 5.09763 6.29289 4.70711L4 2.41421L1.70711 4.70711C1.31658 5.09763 0.683417 5.09763 0.292893 4.70711C-0.0976311 4.31658 -0.097631 3.68342 0.292893 3.29289L3.29289 0.292893C3.48043 0.105357 3.73478 0 4 0ZM0.292893 9.29289C0.683417 8.90237 1.31658 8.90237 1.70711 9.29289L4 11.5858L6.29289 9.29289C6.68342 8.90237 7.31658 8.90237 7.70711 9.29289C8.09763 9.68342 8.09763 10.3166 7.70711 10.7071L4.70711 13.7071C4.31658 14.0976 3.68342 14.0976 3.29289 13.7071L0.292893 10.7071C-0.0976311 10.3166 -0.0976311 9.68342 0.292893 9.29289Z' fill='rgba(17, 35, 55, 0.65)'\/%3E%3C\/svg%3E\");--gf-icon-ctrl-select: url(\"data:image\/svg+xml,%3Csvg width='10' height='6' viewBox='0 0 10 6' fill='none' xmlns='http:\/\/www.w3.org\/2000\/svg'%3E%3Cpath fill-rule='evenodd' clip-rule='evenodd' d='M0.292893 0.292893C0.683417 -0.097631 1.31658 -0.097631 1.70711 0.292893L5 3.58579L8.29289 0.292893C8.68342 -0.0976311 9.31658 -0.0976311 9.70711 0.292893C10.0976 0.683417 10.0976 1.31658 9.70711 1.70711L5.70711 5.70711C5.31658 6.09763 4.68342 6.09763 4.29289 5.70711L0.292893 1.70711C-0.0976311 1.31658 -0.0976311 0.683418 0.292893 0.292893Z' fill='rgba(17, 35, 55, 0.65)'\/%3E%3C\/svg%3E\");--gf-icon-ctrl-search: url(\"data:image\/svg+xml,%3Csvg width='640' height='640' xmlns='http:\/\/www.w3.org\/2000\/svg'%3E%3Cpath d='M256 128c-70.692 0-128 57.308-128 128 0 70.691 57.308 128 128 128 70.691 0 128-57.309 128-128 0-70.692-57.309-128-128-128zM64 256c0-106.039 85.961-192 192-192s192 85.961 192 192c0 41.466-13.146 79.863-35.498 111.248l154.125 154.125c12.496 12.496 12.496 32.758 0 45.254s-32.758 12.496-45.254 0L367.248 412.502C335.862 434.854 297.467 448 256 448c-106.039 0-192-85.962-192-192z' fill='rgba(17, 35, 55, 0.65)'\/%3E%3C\/svg%3E\");--gf-label-space-y-secondary: var(--gf-label-space-y-md-secondary);--gf-ctrl-border-color: #686e77;--gf-ctrl-size: var(--gf-ctrl-size-md);--gf-ctrl-label-color-primary: #112337;--gf-ctrl-label-color-secondary: #112337;--gf-ctrl-choice-size: var(--gf-ctrl-choice-size-md);--gf-ctrl-checkbox-check-size: var(--gf-ctrl-checkbox-check-size-md);--gf-ctrl-radio-check-size: var(--gf-ctrl-radio-check-size-md);--gf-ctrl-btn-font-size: var(--gf-ctrl-btn-font-size-md);--gf-ctrl-btn-padding-x: var(--gf-ctrl-btn-padding-x-md);--gf-ctrl-btn-size: var(--gf-ctrl-btn-size-md);--gf-ctrl-btn-border-color-secondary: #686e77;--gf-ctrl-file-btn-bg-color-hover: #EBEBEB;--gf-field-img-choice-size: var(--gf-field-img-choice-size-md);--gf-field-img-choice-card-space: var(--gf-field-img-choice-card-space-md);--gf-field-img-choice-check-ind-size: var(--gf-field-img-choice-check-ind-size-md);--gf-field-img-choice-check-ind-icon-size: var(--gf-field-img-choice-check-ind-icon-size-md);--gf-field-pg-steps-number-color: rgba(17, 35, 55, 0.8);}<\/style>\n                        <div class='gform_heading'>\n                            <p class='gform_description'><\/p>\n                        <\/div><form method='post' enctype='multipart\/form-data'  id='gform_3'  action='\/sv\/wp-json\/wp\/v2\/posts\/6545' data-formid='3' novalidate> \r\n <input type='hidden' class='gforms-pum' value='{\"closepopup\":false,\"closedelay\":0,\"openpopup\":false,\"openpopup_id\":0}' \/>\n                        <div class='gform-body gform_body'><div id='gform_fields_3' class='gform_fields top_label form_sublabel_below description_below validation_below'><div id=\"field_3_1\" class=\"gfield gfield--type-email gfield--input-type-email gfield_contains_required field_sublabel_below gfield--no-description field_description_below hidden_label field_validation_below gfield_visibility_visible\"  ><label class='gfield_label gform-field-label' for='input_3_1'>E-mail<span class=\"gfield_required\"><span class=\"gfield_required gfield_required_text\">(Obligatoriskt)<\/span><\/span><\/label><div class='ginput_container ginput_container_email'>\n                            <input name='input_1' id='input_3_1' type='email' value='' class='large'    aria-required=\"true\" aria-invalid=\"false\"  \/>\n                        <\/div><\/div><fieldset id=\"field_3_4\" class=\"gfield gfield--type-consent gfield--type-choice gfield--input-type-consent gfield--width-full gfield_contains_required field_sublabel_below gfield--no-description field_description_below hidden_label field_validation_below gfield_visibility_visible\"  ><legend class='gfield_label gform-field-label gfield_label_before_complex' >RGPD<span class=\"gfield_required\"><span class=\"gfield_required gfield_required_text\">(Obligatoriskt)<\/span><\/span><\/legend><div class='ginput_container ginput_container_consent'><input name='input_4.1' id='input_3_4_1' type='checkbox' value='1'   aria-required=\"true\" aria-invalid=\"false\"   \/> <label class=\"gform-field-label gform-field-label--type-inline gfield_consent_label\" for='input_3_4_1' >Ja, jag vill prenumerera p\u00e5 det m\u00e5natliga nyhetsbrevet<span class=\"gfield_required gfield_required_text\">(Obligatoriskt)<\/span><\/label><input type='hidden' name='input_4.2' value='Ja, jag vill prenumerera p\u00e5 det m\u00e5natliga nyhetsbrevet' class='gform_hidden' \/><input type='hidden' name='input_4.3' value='1' class='gform_hidden' \/><\/div><\/fieldset><div id=\"field_3_5\" class=\"gfield gfield--type-website gfield--input-type-website gfield--width-full field_sublabel_below gfield--no-description field_description_below field_validation_below gfield_visibility_hidden\"  ><div class=\"admin-hidden-markup\"><i class=\"gform-icon gform-icon--hidden\" aria-hidden=\"true\" title=\"Detta f\u00e4lt \u00e4r dolt n\u00e4r formul\u00e4ret visas\"><\/i><span>Detta f\u00e4lt \u00e4r dolt n\u00e4r formul\u00e4ret visas<\/span><\/div><label class='gfield_label gform-field-label' for='input_3_5'>Site Web<\/label><div class='ginput_container ginput_container_website'>\n                    <input name='input_5' id='input_3_5' type='url' value='https:\/\/canarias-lovers.com\/sv\/wp-json\/wp\/v2\/posts\/6545' class='large'    placeholder='https:\/\/'  aria-invalid=\"false\" \/>\n                <\/div><\/div><\/div><\/div>\n        <div class='gform-footer gform_footer top_label'> <input type='submit' id='gform_submit_button_3' class='gform_button button' onclick='gform.submission.handleButtonClick(this);' data-submission-type='submit' value='Prenumerera'  \/> \n            <input type='hidden' class='gform_hidden' name='gform_submission_method' data-js='gform_submission_method_3' value='postback' \/>\n            <input type='hidden' class='gform_hidden' name='gform_theme' data-js='gform_theme_3' id='gform_theme_3' value='orbital' \/>\n            <input type='hidden' class='gform_hidden' name='gform_style_settings' data-js='gform_style_settings_3' id='gform_style_settings_3' value='{&quot;inputPrimaryColor&quot;:&quot;#204ce5&quot;}' \/>\n            <input type='hidden' class='gform_hidden' name='is_submit_3' value='1' \/>\n            <input type='hidden' class='gform_hidden' name='gform_submit' value='3' \/>\n            \n            <input type='hidden' class='gform_hidden' name='gform_currency' data-currency='EUR' value='VEDQT0OWC\/JycDtAPWoGYXrnhY1onkZCT4KQuG4aoiaEIwNyqOBptbgLCIq4nsTOkFLJImxgegv1QBzJcmcWiL1vf4dAC3ZJdEiSswME0Xhtm\/U=' \/>\n            <input type='hidden' class='gform_hidden' name='gform_unique_id' value='' \/>\n            <input type='hidden' class='gform_hidden' name='state_3' value='WyJ7XCI0LjFcIjpcIjg3MGIzYzZhNWQ4YTg2NGNkMjkzMjI4ZDZjZTM1N2NiXCIsXCI0LjJcIjpcImQwNmNhMDIwY2RkNmI3Y2I5YmQ4MDI2NjQzYmY1YjVjXCIsXCI0LjNcIjpcIjg3MGIzYzZhNWQ4YTg2NGNkMjkzMjI4ZDZjZTM1N2NiXCJ9IiwiZWI0MGNmNzJhNjllOTI4YjgxZmEwMDU5MDFlMjllZGYiXQ==' \/>\n            <input type='hidden' autocomplete='off' class='gform_hidden' name='gform_target_page_number_3' id='gform_target_page_number_3' value='0' \/>\n            <input type='hidden' autocomplete='off' class='gform_hidden' name='gform_source_page_number_3' id='gform_source_page_number_3' value='1' \/>\n            <input type='hidden' name='gform_field_values' value='' \/>\n            \n        <\/div>\n                        <\/form>\n                        <\/div><script>\ngform.initializeOnLoaded( function() {gformInitSpinner( 3, 'https:\/\/canarias-lovers.com\/wp-content\/plugins\/gravityforms\/images\/spinner.svg', false );jQuery('#gform_ajax_frame_3').on('load',function(){var contents = jQuery(this).contents().find('*').html();var is_postback = contents.indexOf('GF_AJAX_POSTBACK') >= 0;if(!is_postback){return;}var form_content = jQuery(this).contents().find('#gform_wrapper_3');var is_confirmation = jQuery(this).contents().find('#gform_confirmation_wrapper_3').length > 0;var is_redirect = contents.indexOf('gformRedirect(){') >= 0;var is_form = form_content.length > 0 && ! is_redirect && ! is_confirmation;var mt = parseInt(jQuery('html').css('margin-top'), 10) + parseInt(jQuery('body').css('margin-top'), 10) + 100;if(is_form){jQuery('#gform_wrapper_3').html(form_content.html());if(form_content.hasClass('gform_validation_error')){jQuery('#gform_wrapper_3').addClass('gform_validation_error');} else {jQuery('#gform_wrapper_3').removeClass('gform_validation_error');}setTimeout( function() { \/* delay the scroll by 50 milliseconds to fix a bug in chrome *\/  }, 50 );if(window['gformInitDatepicker']) {gformInitDatepicker();}if(window['gformInitPriceFields']) {gformInitPriceFields();}var current_page = jQuery('#gform_source_page_number_3').val();gformInitSpinner( 3, 'https:\/\/canarias-lovers.com\/wp-content\/plugins\/gravityforms\/images\/spinner.svg', false );jQuery(document).trigger('gform_page_loaded', [3, current_page]);window['gf_submitting_3'] = false;}else if(!is_redirect){var confirmation_content = jQuery(this).contents().find('.GF_AJAX_POSTBACK').html();if(!confirmation_content){confirmation_content = contents;}jQuery('#gform_wrapper_3').replaceWith(confirmation_content);jQuery(document).trigger('gform_confirmation_loaded', [3]);window['gf_submitting_3'] = false;wp.a11y.speak(jQuery('#gform_confirmation_message_3').text());}else{jQuery('#gform_3').append(contents);if(window['gformRedirect']) {gformRedirect();}}jQuery(document).trigger(\"gform_pre_post_render\", [{ formId: \"3\", currentPage: \"current_page\", abort: function() { this.preventDefault(); } }]);        if (event && event.defaultPrevented) {                return;        }        const gformWrapperDiv = document.getElementById( \"gform_wrapper_3\" );        if ( gformWrapperDiv ) {            const visibilitySpan = document.createElement( \"span\" );            visibilitySpan.id = \"gform_visibility_test_3\";            gformWrapperDiv.insertAdjacentElement( \"afterend\", visibilitySpan );        }        const visibilityTestDiv = document.getElementById( \"gform_visibility_test_3\" );        let postRenderFired = false;        function triggerPostRender() {            if ( postRenderFired ) {                return;            }            postRenderFired = true;            gform.core.triggerPostRenderEvents( 3, current_page );            if ( visibilityTestDiv ) {                visibilityTestDiv.parentNode.removeChild( visibilityTestDiv );            }        }        function debounce( func, wait, immediate ) {            var timeout;            return function() {                var context = this, args = arguments;                var later = function() {                    timeout = null;                    if ( !immediate ) func.apply( context, args );                };                var callNow = immediate && !timeout;                clearTimeout( timeout );                timeout = setTimeout( later, wait );                if ( callNow ) func.apply( context, args );            };        }        const debouncedTriggerPostRender = debounce( function() {            triggerPostRender();        }, 200 );        if ( visibilityTestDiv && visibilityTestDiv.offsetParent === null ) {            const observer = new MutationObserver( ( mutations ) => {                mutations.forEach( ( mutation ) => {                    if ( mutation.type === 'attributes' && visibilityTestDiv.offsetParent !== null ) {                        debouncedTriggerPostRender();                        observer.disconnect();                    }                });            });            observer.observe( document.body, {                attributes: true,                childList: false,                subtree: true,                attributeFilter: [ 'style', 'class' ],            });        } else {            triggerPostRender();        }    } );} );\n<\/script>\n<\/div>\n\n\n\n<div class=\"wp-block-column is-layout-flow wp-block-column-is-layout-flow\" style=\"flex-basis:42%\">\n<div class=\"wp-block-genesis-blocks-gb-container aligncenter newsletter-radius gb-block-container\"><div class=\"gb-container-inside\"><div class=\"gb-container-content\"><div class=\"wp-block-image newsletter-image\">\n<figure class=\"aligncenter size-full\"><img loading=\"lazy\" decoding=\"async\" width=\"729\" height=\"792\" src=\"https:\/\/canarias-lovers.com\/wp-content\/uploads\/2024\/06\/newsletter_FR_2.png\" alt=\"Nyhetsbrev\" class=\"wp-image-1181\" srcset=\"https:\/\/canarias-lovers.com\/wp-content\/uploads\/2024\/06\/newsletter_FR_2.png 729w, https:\/\/canarias-lovers.com\/wp-content\/uploads\/2024\/06\/newsletter_FR_2-276x300.png 276w\" sizes=\"auto, (max-width: 729px) 100vw, 729px\" \/><\/figure>\n<\/div><\/div><\/div><\/div>\n<\/div>\n<\/div>\n<\/div><\/div><\/div>\n\n<h2 class=\"wp-block-heading\"><span class=\"ez-toc-section\" id=\"Priser_i_januari\"><\/span>Priser i januari<span class=\"ez-toc-section-end\"><\/span><\/h2>\n\n<p>Som \u00f6verallt annars varierar priserna beroende p\u00e5 vad du letar efter. Det finns ett brett utbud av boenden, fr\u00e5n vandrarhem till 5-stj\u00e4rniga hotell. Det \u00e4r d\u00e4rf\u00f6r sv\u00e5rt att ge en exakt budget. Januari \u00e4r dock en hektisk m\u00e5nad f\u00f6r turister, s\u00e4rskilt i b\u00f6rjan av m\u00e5naden med h\u00f6gs\u00e4song. Priserna \u00e4r d\u00e4rf\u00f6r h\u00f6ga, s\u00e4rskilt i turistomr\u00e5den som Costa Adeje och Los Cristianos. Men senare under m\u00e5naden \u00e4r priserna l\u00e4gre.<\/p>\n\n<h2 class=\"wp-block-heading\"><span class=\"ez-toc-section\" id=\"Ovriga_manader\"><\/span>\u00d6vriga m\u00e5nader<span class=\"ez-toc-section-end\"><\/span><\/h2>\n\n<p><strong>N\u00e4r ska man \u00e5ka till Teneriffa, de andra m\u00e5naderna&#8230;<\/strong><\/p>\n\n<ul class=\"wp-block-list\">\n<li>Teneriffa i februari<\/li>\n\n\n\n<li>Teneriffa i mars<\/li>\n\n\n\n<li>Teneriffa i april<\/li>\n\n\n\n<li>Teneriffa i maj<\/li>\n\n\n\n<li>Teneriffa i juni<\/li>\n\n\n\n<li>Teneriffa i juli<\/li>\n\n\n\n<li>Teneriffa i augusti<\/li>\n\n\n\n<li>Teneriffa i september<\/li>\n\n\n\n<li>Teneriffa i oktober<\/li>\n\n\n\n<li>Teneriffa i november<\/li>\n\n\n\n<li>Teneriffa i december<\/li>\n<\/ul>\n\n<p>Eller l\u00e4s v\u00e5r artikel om <a href=\"https:\/\/canarias-lovers.com\/sv\/nar-ska-man-aka-teneriffa-vader\/\" target=\"_blank\" rel=\"noreferrer noopener\">n\u00e4r du ska \u00e5ka till Teneriffa<\/a>.<\/p>\n\n<div style=\"margin-top:8%;margin-bottom:8%\" class=\"wp-block-genesis-blocks-gb-container box gb-block-container\"><div class=\"gb-container-inside\"><div class=\"gb-container-content\" style=\"max-width:700px\">\n<div class=\"wp-block-genesis-blocks-gb-container box_titre gb-block-container\"><div class=\"gb-container-inside\"><div class=\"gb-container-content\">\n<h5 class=\"titre_box\"><span>PLANERA<\/span> DIN RESA TILL <span class=\"titre_box_manuscrit\">tenerife<\/span><\/h5>\n<\/div><\/div><\/div>\n\n\n\n<hr class=\"wp-block-separator has-text-color has-alpha-channel-opacity has-background is-style-wide hr-box-planif\" style=\"background-color:#ccd3dd;color:#ccd3dd\"\/>\n\n\n\n<div class=\"wp-block-columns box_sans_border is-layout-flex wp-container-core-columns-is-layout-9d6595d7 wp-block-columns-is-layout-flex\">\n<div class=\"wp-block-column texte_planif is-layout-flow wp-block-column-is-layout-flow\" style=\"font-size:14px;flex-basis:60%\">\n<ul class=\"wp-block-list\">\n<li><strong>B\u00e4st av<\/strong><\/li>\n<\/ul>\n\n\n\n<p class=\"ul_box\" style=\"font-size:14px\"><a href=\"https:\/\/canarias-lovers.com\/sv\/sevardheter-teneriffa-att-gora\/\" target=\"_blank\" rel=\"noreferrer noopener\">Vad man kan g\u00f6ra p\u00e5 Teneriffa<\/a><br\/><a href=\"https:\/\/canarias-lovers.com\/sv\/basta-staderna-teneriffa-byarna\/\" target=\"_blank\" rel=\"noreferrer noopener\">De vackraste st\u00e4derna och byarna<\/a><br\/><a href=\"https:\/\/canarias-lovers.com\/sv\/basta-stranderna-teneriffa\/\" target=\"_blank\" rel=\"noreferrer noopener\">De vackraste str\u00e4nderna<\/a><br\/><a href=\"https:\/\/canarias-lovers.com\/sv\/naturliga-pooler-teneriffa-laguner\/\" target=\"_blank\" rel=\"noreferrer noopener\">B\u00e4sta naturliga pooler<\/a><br\/><a href=\"https:\/\/canarias-lovers.com\/sv\/landskap-teneriffa-foton\/\" target=\"_blank\" rel=\"noreferrer noopener\">De vackraste landskapen<\/a><br\/><a href=\"https:\/\/canarias-lovers.com\/sv\/vackraste-vagarna-teneriffa\/\" target=\"_blank\" rel=\"noreferrer noopener\">De vackraste v\u00e4garna<\/a><br\/><a data-type=\"post\" data-id=\"6866\" href=\"https:\/\/canarias-lovers.com\/sv\/temaparker-teneriffa\/\" target=\"_blank\" rel=\"noreferrer noopener\">N\u00f6jesparker<\/a><br\/><a href=\"https:\/\/canarias-lovers.com\/sv\/basta-utflykter-teneriffa\/\" type=\"post\" id=\"8548\" target=\"_blank\" rel=\"noreferrer noopener\">B\u00e4sta utflykterna p\u00e5 Teneriffa<\/a><\/p>\n<\/div>\n\n\n\n<div class=\"wp-block-column is-vertically-aligned-top planif-radius is-layout-flow wp-block-column-is-layout-flow\" style=\"flex-basis:40%\">\n<figure class=\"wp-block-image size-large img-portrait\"><img decoding=\"async\" src=\"https:\/\/photos.smugmug.com\/Canarias-Lovers\/Tenerife\/Best-of\/i-pvFVTGs\/0\/0848ad4a\/S\/parc-national-teide-tenerife-S.jpg\" alt=\"Teide nationalpark p&#xE5; Teneriffa\" title=\"\"\/><\/figure>\n<\/div>\n<\/div>\n\n\n\n<hr class=\"wp-block-separator has-text-color has-alpha-channel-opacity has-background is-style-wide hr-box-planif\" style=\"background-color:#ccd3dd;color:#ccd3dd\"\/>\n\n\n\n<div class=\"wp-block-columns box_sans_border is-layout-flex wp-container-core-columns-is-layout-9d6595d7 wp-block-columns-is-layout-flex\">\n<div class=\"wp-block-column texte_planif is-layout-flow wp-block-column-is-layout-flow\" style=\"flex-basis:60%\">\n<ul class=\"wp-block-list\">\n<li><strong>Praktiska r\u00e5d<\/strong><\/li>\n<\/ul>\n\n\n\n<p style=\"font-size:14px\"><a data-type=\"post\" data-id=\"5907\" href=\"https:\/\/canarias-lovers.com\/sv\/reseguide-teneriffa-resetips\/\" target=\"_blank\" rel=\"noreferrer noopener\">25 tips f\u00f6r en lyckad resa till Teneriffa<\/a><br\/><a data-type=\"post\" data-id=\"6143\" href=\"https:\/\/canarias-lovers.com\/sv\/ta-sig-runt-teneriffa-transport\/\" target=\"_blank\" rel=\"noreferrer noopener\">Hur man tar sig runt<\/a><br\/><a data-type=\"post\" data-id=\"2175\" href=\"https:\/\/canarias-lovers.com\/sv\/hur-hyr-bil-teneriffa-tips-erfarenhet\/\" target=\"_blank\" rel=\"noreferrer noopener\">Hur man hyr en bil p\u00e5 Teneriffa<\/a><br\/><a data-type=\"post\" data-id=\"5963\" href=\"https:\/\/canarias-lovers.com\/sv\/conduire-tenerife-conseils\/\" target=\"_blank\" rel=\"noreferrer noopener\">Tips f\u00f6r k\u00f6rning<\/a><br\/>B\u00e4sta utflykter (kommer snart)<br\/><a data-type=\"post\" data-id=\"5908\" href=\"https:\/\/canarias-lovers.com\/sv\/var-ska-bo-teneriffa-basta-omradena\/\" target=\"_blank\" rel=\"noreferrer noopener\">Var du kan bo p\u00e5 Teneriffa<\/a><br\/>Resplaner: 3 dagar &#8211; 4 dagar &#8211; <a href=\"https:\/\/canarias-lovers.com\/sv\/besok-5-dagar-teneriffa-resvagar\/\" target=\"_blank\" rel=\"noreferrer noopener\">5 dagar <\/a>&#8211; <a href=\"https:\/\/canarias-lovers.com\/sv\/besok-6-dagar-teneriffa-resvagar\/\" target=\"_blank\" rel=\"noreferrer noopener\">6 dagar<\/a> &#8211; <a href=\"https:\/\/canarias-lovers.com\/sv\/besok-teneriffa-en-vecka-resvagar\/\" target=\"_blank\" rel=\"noreferrer noopener\">1 vecka <\/a>&#8211; <a href=\"https:\/\/canarias-lovers.com\/sv\/besok-10-dagar-teneriffa-resplan\/\" target=\"_blank\" rel=\"noreferrer noopener\">10 dagar<\/a><\/p>\n<\/div>\n\n\n\n<div class=\"wp-block-column is-vertically-aligned-top planif-radius is-layout-flow wp-block-column-is-layout-flow\" style=\"flex-basis:40%\">\n<figure class=\"wp-block-image size-large img-portrait\"><img decoding=\"async\" src=\"https:\/\/photos.smugmug.com\/Canarias-Lovers\/Tenerife\/Driving\/i-hrSHvkb\/1\/565a5a58\/S\/tenerife-rental-car-driving-3-S.jpg\" alt=\"Hyrbil Teneriffa\" title=\"\"\/><\/figure>\n<\/div>\n<\/div>\n\n\n\n<hr class=\"wp-block-separator has-text-color has-alpha-channel-opacity has-background is-style-wide hr-box-planif\" style=\"background-color:#ccd3dd;color:#ccd3dd\"\/>\n\n\n\n<div class=\"wp-block-columns box_sans_border is-layout-flex wp-container-core-columns-is-layout-9d6595d7 wp-block-columns-is-layout-flex\">\n<div class=\"wp-block-column texte_planif is-layout-flow wp-block-column-is-layout-flow\" style=\"flex-basis:60%\">\n<ul class=\"wp-block-list\">\n<li><strong>Det du m\u00e5ste ha<\/strong><\/li>\n<\/ul>\n\n\n\n<p style=\"font-size:14px\"><a href=\"https:\/\/canarias-lovers.com\/sv\/delfinspotting-teneriffa-baleiner-utflykter\/\" target=\"_blank\" rel=\"noreferrer noopener\">Delfinsk\u00e5dning p\u00e5 Teneriffa<\/a><br\/><a data-type=\"post\" data-id=\"5913\" href=\"https:\/\/canarias-lovers.com\/sv\/nationalpark-teide-teneriffa-sevardheter-tips\/\" target=\"_blank\" rel=\"noreferrer noopener\">Teide nationalpark<\/a><br\/>Anaga landsbygdspark (kommer snart)<br\/><a href=\"https:\/\/canarias-lovers.com\/sv\/sevardheter-la-orotava-teneriffa-att-gora\/\" target=\"_blank\" rel=\"noreferrer noopener\">La Orotava<\/a><br\/><a data-type=\"post\" data-id=\"4663\" href=\"https:\/\/canarias-lovers.com\/sv\/sevardheter-garachico-teneriffa-att-gora\/\" target=\"_blank\" rel=\"noreferrer noopener\">Garachico<\/a><br\/><a href=\"https:\/\/canarias-lovers.com\/sv\/sevardheter-masca-teneriffa-att-gora\/\" target=\"_blank\" rel=\"noreferrer noopener\">Byn Masca<\/a><br\/><a href=\"https:\/\/canarias-lovers.com\/sv\/visiter-pyramides-guimar-tenerife-2\/\" target=\"_blank\" rel=\"noreferrer noopener\">Pyramiderna i G\u00fcimar<\/a><br\/><br\/><\/p>\n<\/div>\n\n\n\n<div class=\"wp-block-column is-vertically-aligned-top planif-radius is-layout-flow wp-block-column-is-layout-flow\" style=\"flex-basis:40%\">\n<figure class=\"wp-block-image size-large img-portrait\"><img decoding=\"async\" src=\"https:\/\/photos.smugmug.com\/Canarias-Lovers\/Tenerife\/Best-of\/i-wQrB5Lp\/0\/0bf54665\/S\/tenerife-dauphins-1-S.jpg\" alt=\"Delfin p&#xE5; Teneriffa\" title=\"\"\/><\/figure>\n<\/div>\n<\/div>\n\n\n\n<div style=\"height:30px\" aria-hidden=\"true\" class=\"wp-block-spacer\"><\/div>\n<\/div><\/div><\/div>\n\n<div class=\"wp-block-genesis-blocks-gb-container box_auteur_voyage gb-block-container\"><div class=\"gb-container-inside\"><div class=\"gb-container-content\">\n<figure class=\"wp-block-image size-large img_auteur_voyage img_provisoire\"><img decoding=\"async\" src=\"https:\/\/photos.smugmug.com\/Region-Lovers\/Equipe\/i-nsNF6C6\/0\/Cs2F5n96pkt9xFD9D3SVqmQspMhrKgN75nHgBqmjG\/L\/Claire-L.png\" alt=\"\"\/><\/figure>\n\n\n\n<h5 class=\"titre_auteur_voyage\"><span>HON GJORDE RESAN OCH SKREV ARTIKELN \n <\/span><span class=\"titre_box_manuscrit\">Claire<\/span><\/h5>\n<\/div><\/div><\/div>\n","protected":false},"excerpt":{"rendered":"<p>Vill du \u00e5ka till Teneriffa i januari?Ta reda p\u00e5 om regionen passar dig vid den h\u00e4r tiden p\u00e5 \u00e5ret med v\u00e5r omfattande guide om klimat, resef\u00f6rh\u00e5llanden, folksamlingar, priser, sev\u00e4rdheter och evenemang. Flytta till Teneriffa i januari: snabba svar \u00c4r v\u00e4dret bra i Teneriffa i januari? \u00c4r detta en bra tid att bes\u00f6ka? Vi gillar Teneriffa [&hellip;]<\/p>\n","protected":false},"author":1,"featured_media":6445,"comment_status":"closed","ping_status":"closed","sticky":false,"template":"","format":"standard","meta":{"_genesis_hide_title":false,"_genesis_hide_breadcrumbs":false,"_genesis_hide_singular_image":false,"_genesis_hide_footer_widgets":false,"_genesis_custom_body_class":"","_genesis_custom_post_class":"","_genesis_layout":"","footnotes":""},"categories":[47],"tags":[],"class_list":{"0":"post-6545","1":"post","2":"type-post","3":"status-publish","4":"format-standard","5":"has-post-thumbnail","7":"category-teneriffa","8":"entry"},"yoast_head":"<!-- This site is optimized with the Yoast SEO plugin v27.2 - https:\/\/yoast.com\/product\/yoast-seo-wordpress\/ -->\n<title>Teneriffa i januari: v\u00e5r kompletta guide!<\/title>\n<meta name=\"description\" content=\"Vad du kan f\u00f6rv\u00e4nta dig om du reser till Teneriffa i januari - v\u00e4der, folkmassor, f\u00f6rh\u00e5llanden, priser, evenemang...\" \/>\n<meta name=\"robots\" content=\"index, follow, max-snippet:-1, max-image-preview:large, max-video-preview:-1\" \/>\n<link rel=\"canonical\" href=\"https:\/\/canarias-lovers.com\/sv\/resa-teneriffa-januari-vader-temperatur\/\" \/>\n<meta property=\"og:locale\" content=\"sv_SE\" \/>\n<meta property=\"og:type\" content=\"article\" \/>\n<meta property=\"og:title\" content=\"Teneriffa i januari: v\u00e5r kompletta guide!\" \/>\n<meta property=\"og:description\" content=\"Vad du kan f\u00f6rv\u00e4nta dig om du reser till Teneriffa i januari - v\u00e4der, folkmassor, f\u00f6rh\u00e5llanden, priser, evenemang...\" \/>\n<meta property=\"og:url\" content=\"https:\/\/canarias-lovers.com\/sv\/resa-teneriffa-januari-vader-temperatur\/\" \/>\n<meta property=\"og:site_name\" content=\"Canarias Lovers: Tenerife + Gran Canaria\" \/>\n<meta property=\"article:published_time\" content=\"2025-01-16T15:08:46+00:00\" \/>\n<meta property=\"article:modified_time\" content=\"2025-01-17T12:48:02+00:00\" \/>\n<meta property=\"og:image\" content=\"https:\/\/canarias-lovers.com\/wp-content\/uploads\/2025\/01\/Tenerife-januari-1.jpg\" \/>\n\t<meta property=\"og:image:width\" content=\"800\" \/>\n\t<meta property=\"og:image:height\" content=\"600\" \/>\n\t<meta property=\"og:image:type\" content=\"image\/jpeg\" \/>\n<meta name=\"author\" content=\"Claire\" \/>\n<meta name=\"twitter:card\" content=\"summary_large_image\" \/>\n<meta name=\"twitter:label1\" content=\"Skriven av\" \/>\n\t<meta name=\"twitter:data1\" content=\"Claire\" \/>\n\t<meta name=\"twitter:label2\" content=\"Ber\u00e4knad l\u00e4stid\" \/>\n\t<meta name=\"twitter:data2\" content=\"7 minuter\" \/>\n<script type=\"application\/ld+json\" class=\"yoast-schema-graph\">{\"@context\":\"https:\/\/schema.org\",\"@graph\":[{\"@type\":\"Article\",\"@id\":\"https:\/\/canarias-lovers.com\/sv\/resa-teneriffa-januari-vader-temperatur\/#article\",\"isPartOf\":{\"@id\":\"https:\/\/canarias-lovers.com\/sv\/resa-teneriffa-januari-vader-temperatur\/\"},\"author\":{\"name\":\"Claire\",\"@id\":\"https:\/\/canarias-lovers.com\/sv\/#\/schema\/person\/4cfe633189ad64b99c9609bed2b00d55\"},\"headline\":\"Teneriffa i januari: v\u00e5r kompletta guide!\",\"datePublished\":\"2025-01-16T15:08:46+00:00\",\"dateModified\":\"2025-01-17T12:48:02+00:00\",\"mainEntityOfPage\":{\"@id\":\"https:\/\/canarias-lovers.com\/sv\/resa-teneriffa-januari-vader-temperatur\/\"},\"wordCount\":1481,\"publisher\":{\"@id\":\"https:\/\/canarias-lovers.com\/sv\/#organization\"},\"image\":{\"@id\":\"https:\/\/canarias-lovers.com\/sv\/resa-teneriffa-januari-vader-temperatur\/#primaryimage\"},\"thumbnailUrl\":\"https:\/\/canarias-lovers.com\/wp-content\/uploads\/2025\/01\/Tenerife-januari-1.jpg\",\"articleSection\":[\"Teneriffa\"],\"inLanguage\":\"sv-SE\"},{\"@type\":\"WebPage\",\"@id\":\"https:\/\/canarias-lovers.com\/sv\/resa-teneriffa-januari-vader-temperatur\/\",\"url\":\"https:\/\/canarias-lovers.com\/sv\/resa-teneriffa-januari-vader-temperatur\/\",\"name\":\"Teneriffa i januari: v\u00e5r kompletta guide!\",\"isPartOf\":{\"@id\":\"https:\/\/canarias-lovers.com\/sv\/#website\"},\"primaryImageOfPage\":{\"@id\":\"https:\/\/canarias-lovers.com\/sv\/resa-teneriffa-januari-vader-temperatur\/#primaryimage\"},\"image\":{\"@id\":\"https:\/\/canarias-lovers.com\/sv\/resa-teneriffa-januari-vader-temperatur\/#primaryimage\"},\"thumbnailUrl\":\"https:\/\/canarias-lovers.com\/wp-content\/uploads\/2025\/01\/Tenerife-januari-1.jpg\",\"datePublished\":\"2025-01-16T15:08:46+00:00\",\"dateModified\":\"2025-01-17T12:48:02+00:00\",\"description\":\"Vad du kan f\u00f6rv\u00e4nta dig om du reser till Teneriffa i januari - v\u00e4der, folkmassor, f\u00f6rh\u00e5llanden, priser, evenemang...\",\"breadcrumb\":{\"@id\":\"https:\/\/canarias-lovers.com\/sv\/resa-teneriffa-januari-vader-temperatur\/#breadcrumb\"},\"inLanguage\":\"sv-SE\",\"potentialAction\":[{\"@type\":\"ReadAction\",\"target\":[\"https:\/\/canarias-lovers.com\/sv\/resa-teneriffa-januari-vader-temperatur\/\"]}]},{\"@type\":\"ImageObject\",\"inLanguage\":\"sv-SE\",\"@id\":\"https:\/\/canarias-lovers.com\/sv\/resa-teneriffa-januari-vader-temperatur\/#primaryimage\",\"url\":\"https:\/\/canarias-lovers.com\/wp-content\/uploads\/2025\/01\/Tenerife-januari-1.jpg\",\"contentUrl\":\"https:\/\/canarias-lovers.com\/wp-content\/uploads\/2025\/01\/Tenerife-januari-1.jpg\",\"width\":800,\"height\":600,\"caption\":\"Tenerife januari\"},{\"@type\":\"BreadcrumbList\",\"@id\":\"https:\/\/canarias-lovers.com\/sv\/resa-teneriffa-januari-vader-temperatur\/#breadcrumb\",\"itemListElement\":[{\"@type\":\"ListItem\",\"position\":1,\"name\":\"Accueil\",\"item\":\"https:\/\/canarias-lovers.com\/sv\/\"},{\"@type\":\"ListItem\",\"position\":2,\"name\":\"Teneriffa\",\"item\":\"https:\/\/canarias-lovers.com\/sv\/teneriffa\/\"},{\"@type\":\"ListItem\",\"position\":3,\"name\":\"Teneriffa i januari: v\u00e5r kompletta guide!\"}]},{\"@type\":\"WebSite\",\"@id\":\"https:\/\/canarias-lovers.com\/sv\/#website\",\"url\":\"https:\/\/canarias-lovers.com\/sv\/\",\"name\":\"Canarias Lovers: Tenerife + Gran Canaria\",\"description\":\"Claire och Manu's blogg\",\"publisher\":{\"@id\":\"https:\/\/canarias-lovers.com\/sv\/#organization\"},\"potentialAction\":[{\"@type\":\"SearchAction\",\"target\":{\"@type\":\"EntryPoint\",\"urlTemplate\":\"https:\/\/canarias-lovers.com\/sv\/?s={search_term_string}\"},\"query-input\":{\"@type\":\"PropertyValueSpecification\",\"valueRequired\":true,\"valueName\":\"search_term_string\"}}],\"inLanguage\":\"sv-SE\"},{\"@type\":\"Organization\",\"@id\":\"https:\/\/canarias-lovers.com\/sv\/#organization\",\"name\":\"Canarias Lovers: Tenerife + Gran Canaria\",\"url\":\"https:\/\/canarias-lovers.com\/sv\/\",\"logo\":{\"@type\":\"ImageObject\",\"inLanguage\":\"sv-SE\",\"@id\":\"https:\/\/canarias-lovers.com\/sv\/#\/schema\/logo\/image\/\",\"url\":\"https:\/\/canarias-lovers.com\/wp-content\/uploads\/2024\/05\/cropped-Canarias-Lovers-Logo.png\",\"contentUrl\":\"https:\/\/canarias-lovers.com\/wp-content\/uploads\/2024\/05\/cropped-Canarias-Lovers-Logo.png\",\"width\":2635,\"height\":595,\"caption\":\"Canarias Lovers: Tenerife + Gran Canaria\"},\"image\":{\"@id\":\"https:\/\/canarias-lovers.com\/sv\/#\/schema\/logo\/image\/\"}},{\"@type\":\"Person\",\"@id\":\"https:\/\/canarias-lovers.com\/sv\/#\/schema\/person\/4cfe633189ad64b99c9609bed2b00d55\",\"name\":\"Claire\",\"image\":{\"@type\":\"ImageObject\",\"inLanguage\":\"sv-SE\",\"@id\":\"https:\/\/secure.gravatar.com\/avatar\/53c353c843050f9265c9a68901a74b6613f3f04e343e64cbba45c5b031ea079b?s=96&d=mm&r=g\",\"url\":\"https:\/\/secure.gravatar.com\/avatar\/53c353c843050f9265c9a68901a74b6613f3f04e343e64cbba45c5b031ea079b?s=96&d=mm&r=g\",\"contentUrl\":\"https:\/\/secure.gravatar.com\/avatar\/53c353c843050f9265c9a68901a74b6613f3f04e343e64cbba45c5b031ea079b?s=96&d=mm&r=g\",\"caption\":\"Claire\"},\"sameAs\":[\"https:\/\/canarias-lovers.com\/claire-robinson\/\"],\"url\":\"https:\/\/canarias-lovers.com\/sv\/author\/canariaslover2\/\"}]}<\/script>\n<!-- \/ Yoast SEO plugin. -->","yoast_head_json":{"title":"Teneriffa i januari: v\u00e5r kompletta guide!","description":"Vad du kan f\u00f6rv\u00e4nta dig om du reser till Teneriffa i januari - v\u00e4der, folkmassor, f\u00f6rh\u00e5llanden, priser, evenemang...","robots":{"index":"index","follow":"follow","max-snippet":"max-snippet:-1","max-image-preview":"max-image-preview:large","max-video-preview":"max-video-preview:-1"},"canonical":"https:\/\/canarias-lovers.com\/sv\/resa-teneriffa-januari-vader-temperatur\/","og_locale":"sv_SE","og_type":"article","og_title":"Teneriffa i januari: v\u00e5r kompletta guide!","og_description":"Vad du kan f\u00f6rv\u00e4nta dig om du reser till Teneriffa i januari - v\u00e4der, folkmassor, f\u00f6rh\u00e5llanden, priser, evenemang...","og_url":"https:\/\/canarias-lovers.com\/sv\/resa-teneriffa-januari-vader-temperatur\/","og_site_name":"Canarias Lovers: Tenerife + Gran Canaria","article_published_time":"2025-01-16T15:08:46+00:00","article_modified_time":"2025-01-17T12:48:02+00:00","og_image":[{"width":800,"height":600,"url":"https:\/\/canarias-lovers.com\/wp-content\/uploads\/2025\/01\/Tenerife-januari-1.jpg","type":"image\/jpeg"}],"author":"Claire","twitter_card":"summary_large_image","twitter_misc":{"Skriven av":"Claire","Ber\u00e4knad l\u00e4stid":"7 minuter"},"schema":{"@context":"https:\/\/schema.org","@graph":[{"@type":"Article","@id":"https:\/\/canarias-lovers.com\/sv\/resa-teneriffa-januari-vader-temperatur\/#article","isPartOf":{"@id":"https:\/\/canarias-lovers.com\/sv\/resa-teneriffa-januari-vader-temperatur\/"},"author":{"name":"Claire","@id":"https:\/\/canarias-lovers.com\/sv\/#\/schema\/person\/4cfe633189ad64b99c9609bed2b00d55"},"headline":"Teneriffa i januari: v\u00e5r kompletta guide!","datePublished":"2025-01-16T15:08:46+00:00","dateModified":"2025-01-17T12:48:02+00:00","mainEntityOfPage":{"@id":"https:\/\/canarias-lovers.com\/sv\/resa-teneriffa-januari-vader-temperatur\/"},"wordCount":1481,"publisher":{"@id":"https:\/\/canarias-lovers.com\/sv\/#organization"},"image":{"@id":"https:\/\/canarias-lovers.com\/sv\/resa-teneriffa-januari-vader-temperatur\/#primaryimage"},"thumbnailUrl":"https:\/\/canarias-lovers.com\/wp-content\/uploads\/2025\/01\/Tenerife-januari-1.jpg","articleSection":["Teneriffa"],"inLanguage":"sv-SE"},{"@type":"WebPage","@id":"https:\/\/canarias-lovers.com\/sv\/resa-teneriffa-januari-vader-temperatur\/","url":"https:\/\/canarias-lovers.com\/sv\/resa-teneriffa-januari-vader-temperatur\/","name":"Teneriffa i januari: v\u00e5r kompletta guide!","isPartOf":{"@id":"https:\/\/canarias-lovers.com\/sv\/#website"},"primaryImageOfPage":{"@id":"https:\/\/canarias-lovers.com\/sv\/resa-teneriffa-januari-vader-temperatur\/#primaryimage"},"image":{"@id":"https:\/\/canarias-lovers.com\/sv\/resa-teneriffa-januari-vader-temperatur\/#primaryimage"},"thumbnailUrl":"https:\/\/canarias-lovers.com\/wp-content\/uploads\/2025\/01\/Tenerife-januari-1.jpg","datePublished":"2025-01-16T15:08:46+00:00","dateModified":"2025-01-17T12:48:02+00:00","description":"Vad du kan f\u00f6rv\u00e4nta dig om du reser till Teneriffa i januari - v\u00e4der, folkmassor, f\u00f6rh\u00e5llanden, priser, evenemang...","breadcrumb":{"@id":"https:\/\/canarias-lovers.com\/sv\/resa-teneriffa-januari-vader-temperatur\/#breadcrumb"},"inLanguage":"sv-SE","potentialAction":[{"@type":"ReadAction","target":["https:\/\/canarias-lovers.com\/sv\/resa-teneriffa-januari-vader-temperatur\/"]}]},{"@type":"ImageObject","inLanguage":"sv-SE","@id":"https:\/\/canarias-lovers.com\/sv\/resa-teneriffa-januari-vader-temperatur\/#primaryimage","url":"https:\/\/canarias-lovers.com\/wp-content\/uploads\/2025\/01\/Tenerife-januari-1.jpg","contentUrl":"https:\/\/canarias-lovers.com\/wp-content\/uploads\/2025\/01\/Tenerife-januari-1.jpg","width":800,"height":600,"caption":"Tenerife januari"},{"@type":"BreadcrumbList","@id":"https:\/\/canarias-lovers.com\/sv\/resa-teneriffa-januari-vader-temperatur\/#breadcrumb","itemListElement":[{"@type":"ListItem","position":1,"name":"Accueil","item":"https:\/\/canarias-lovers.com\/sv\/"},{"@type":"ListItem","position":2,"name":"Teneriffa","item":"https:\/\/canarias-lovers.com\/sv\/teneriffa\/"},{"@type":"ListItem","position":3,"name":"Teneriffa i januari: v\u00e5r kompletta guide!"}]},{"@type":"WebSite","@id":"https:\/\/canarias-lovers.com\/sv\/#website","url":"https:\/\/canarias-lovers.com\/sv\/","name":"Canarias Lovers: Tenerife + Gran Canaria","description":"Claire och Manu's blogg","publisher":{"@id":"https:\/\/canarias-lovers.com\/sv\/#organization"},"potentialAction":[{"@type":"SearchAction","target":{"@type":"EntryPoint","urlTemplate":"https:\/\/canarias-lovers.com\/sv\/?s={search_term_string}"},"query-input":{"@type":"PropertyValueSpecification","valueRequired":true,"valueName":"search_term_string"}}],"inLanguage":"sv-SE"},{"@type":"Organization","@id":"https:\/\/canarias-lovers.com\/sv\/#organization","name":"Canarias Lovers: Tenerife + Gran Canaria","url":"https:\/\/canarias-lovers.com\/sv\/","logo":{"@type":"ImageObject","inLanguage":"sv-SE","@id":"https:\/\/canarias-lovers.com\/sv\/#\/schema\/logo\/image\/","url":"https:\/\/canarias-lovers.com\/wp-content\/uploads\/2024\/05\/cropped-Canarias-Lovers-Logo.png","contentUrl":"https:\/\/canarias-lovers.com\/wp-content\/uploads\/2024\/05\/cropped-Canarias-Lovers-Logo.png","width":2635,"height":595,"caption":"Canarias Lovers: Tenerife + Gran Canaria"},"image":{"@id":"https:\/\/canarias-lovers.com\/sv\/#\/schema\/logo\/image\/"}},{"@type":"Person","@id":"https:\/\/canarias-lovers.com\/sv\/#\/schema\/person\/4cfe633189ad64b99c9609bed2b00d55","name":"Claire","image":{"@type":"ImageObject","inLanguage":"sv-SE","@id":"https:\/\/secure.gravatar.com\/avatar\/53c353c843050f9265c9a68901a74b6613f3f04e343e64cbba45c5b031ea079b?s=96&d=mm&r=g","url":"https:\/\/secure.gravatar.com\/avatar\/53c353c843050f9265c9a68901a74b6613f3f04e343e64cbba45c5b031ea079b?s=96&d=mm&r=g","contentUrl":"https:\/\/secure.gravatar.com\/avatar\/53c353c843050f9265c9a68901a74b6613f3f04e343e64cbba45c5b031ea079b?s=96&d=mm&r=g","caption":"Claire"},"sameAs":["https:\/\/canarias-lovers.com\/claire-robinson\/"],"url":"https:\/\/canarias-lovers.com\/sv\/author\/canariaslover2\/"}]}},"featured_image_src":"https:\/\/canarias-lovers.com\/wp-content\/uploads\/2025\/01\/Tenerife-januari-1-600x400.jpg","featured_image_src_square":"https:\/\/canarias-lovers.com\/wp-content\/uploads\/2025\/01\/Tenerife-januari-1-600x600.jpg","author_info":{"display_name":"Claire","author_link":"https:\/\/canarias-lovers.com\/sv\/author\/canariaslover2\/"},"_links":{"self":[{"href":"https:\/\/canarias-lovers.com\/sv\/wp-json\/wp\/v2\/posts\/6545","targetHints":{"allow":["GET"]}}],"collection":[{"href":"https:\/\/canarias-lovers.com\/sv\/wp-json\/wp\/v2\/posts"}],"about":[{"href":"https:\/\/canarias-lovers.com\/sv\/wp-json\/wp\/v2\/types\/post"}],"author":[{"embeddable":true,"href":"https:\/\/canarias-lovers.com\/sv\/wp-json\/wp\/v2\/users\/1"}],"replies":[{"embeddable":true,"href":"https:\/\/canarias-lovers.com\/sv\/wp-json\/wp\/v2\/comments?post=6545"}],"version-history":[{"count":0,"href":"https:\/\/canarias-lovers.com\/sv\/wp-json\/wp\/v2\/posts\/6545\/revisions"}],"wp:featuredmedia":[{"embeddable":true,"href":"https:\/\/canarias-lovers.com\/sv\/wp-json\/wp\/v2\/media\/6445"}],"wp:attachment":[{"href":"https:\/\/canarias-lovers.com\/sv\/wp-json\/wp\/v2\/media?parent=6545"}],"wp:term":[{"taxonomy":"category","embeddable":true,"href":"https:\/\/canarias-lovers.com\/sv\/wp-json\/wp\/v2\/categories?post=6545"},{"taxonomy":"post_tag","embeddable":true,"href":"https:\/\/canarias-lovers.com\/sv\/wp-json\/wp\/v2\/tags?post=6545"}],"curies":[{"name":"wp","href":"https:\/\/api.w.org\/{rel}","templated":true}]}}