{"id":6202,"date":"2024-12-27T16:14:51","date_gmt":"2024-12-27T16:14:51","guid":{"rendered":"https:\/\/canarias-lovers.com\/plus-belles-plage-tenerife\/"},"modified":"2024-12-27T16:39:09","modified_gmt":"2024-12-27T16:39:09","slug":"basta-stranderna-teneriffa","status":"publish","type":"post","link":"https:\/\/canarias-lovers.com\/sv\/basta-stranderna-teneriffa\/","title":{"rendered":"15 b\u00e4sta str\u00e4nderna p\u00e5 Teneriffa (foton + tips)"},"content":{"rendered":"\n<p>Vi \u00e5kte runt hela \u00f6n och bes\u00f6kte ett stort antal str\u00e4nder: fin vit, gyllene eller svart sand, turkost vatten&#8230; Vi hittade m\u00e5nga vackra semesterstr\u00e4nder, men ocks\u00e5 n\u00e5gra vilda str\u00e4nder som vi vill dela med oss av till er.<\/p>\n\n<p>Det var ett sv\u00e5rt val, men h\u00e4r \u00e4r <strong>v\u00e5r lista \u00f6ver de b\u00e4sta str\u00e4nderna p\u00e5 Teneriffa<\/strong>, med v\u00e5ra egna <strong>foton<\/strong> &#8211; och en karta som hj\u00e4lper dig att planera!<\/p>\n\n<figure class=\"wp-block-image size-full\"><img decoding=\"async\" src=\"https:\/\/canarias-lovers.com\/wp-content\/uploads\/2024\/12\/basta-stranderna-Teneriffa-vackraste.jpg\" alt=\"vackraste str&#xE4;nderna Teneriffa b&#xE4;sta\" class=\"wp-image-6088\"\/><\/figure>\n\n<p>Detta \u00e4r en helt <strong>oberoende<\/strong> \u00e5sikt, baserad p\u00e5 v\u00e5r egen erfarenhet. Vi bes\u00f6kte regionen anonymt, gjorde v\u00e5ra egna val och betalade v\u00e5ra r\u00e4kningar till fullo.<\/p>\n\n<div style=\"padding-left:5%\" class=\"wp-block-genesis-blocks-gb-container box gb-block-container\"><div class=\"gb-container-inside\"><div class=\"gb-container-content\">\n<p class=\"titre_box_manuscrit\">Inneh\u00e5ll<\/p>\n\n\n<div id=\"ez-toc-container\" class=\"ez-toc-v2_0_82_1 counter-hierarchy ez-toc-counter ez-toc-custom ez-toc-container-direction\">\n<div class=\"ez-toc-title-container\">\n<span class=\"ez-toc-title-toggle\"><\/span><\/div>\n<nav><ul class='ez-toc-list ez-toc-list-level-1 ' ><li class='ez-toc-page-1 ez-toc-heading-level-2'><a class=\"ez-toc-link ez-toc-heading-1\" href=\"https:\/\/canarias-lovers.com\/sv\/basta-stranderna-teneriffa\/#De_vackraste_stranderna_pa_Teneriffa_karta\" >De vackraste str\u00e4nderna p\u00e5 Teneriffa: karta<\/a><\/li><li class='ez-toc-page-1 ez-toc-heading-level-2'><a class=\"ez-toc-link ez-toc-heading-2\" href=\"https:\/\/canarias-lovers.com\/sv\/basta-stranderna-teneriffa\/#1_Playa_El_Medano\" >1. Playa El M\u00e9dano<\/a><\/li><li class='ez-toc-page-1 ez-toc-heading-level-2'><a class=\"ez-toc-link ez-toc-heading-3\" href=\"https:\/\/canarias-lovers.com\/sv\/basta-stranderna-teneriffa\/#2_Playa_de_Las_Teresitas\" >2. Playa de Las Teresitas<\/a><\/li><li class='ez-toc-page-1 ez-toc-heading-level-2'><a class=\"ez-toc-link ez-toc-heading-4\" href=\"https:\/\/canarias-lovers.com\/sv\/basta-stranderna-teneriffa\/#3_Playa_del_Duque\" >3. Playa del Duque<\/a><\/li><li class='ez-toc-page-1 ez-toc-heading-level-2'><a class=\"ez-toc-link ez-toc-heading-5\" href=\"https:\/\/canarias-lovers.com\/sv\/basta-stranderna-teneriffa\/#4_Playa_Jimenez\" >4. Playa Jim\u00e9nez<\/a><\/li><li class='ez-toc-page-1 ez-toc-heading-level-2'><a class=\"ez-toc-link ez-toc-heading-6\" href=\"https:\/\/canarias-lovers.com\/sv\/basta-stranderna-teneriffa\/#5_Playa_del_Camison\" >5. Playa del Camison<\/a><\/li><li class='ez-toc-page-1 ez-toc-heading-level-2'><a class=\"ez-toc-link ez-toc-heading-7\" href=\"https:\/\/canarias-lovers.com\/sv\/basta-stranderna-teneriffa\/#6_Playa_de_Los_Guios_Los_Gigantes\" >6. Playa de Los Guios (Los Gigantes)<\/a><\/li><li class='ez-toc-page-1 ez-toc-heading-level-2'><a class=\"ez-toc-link ez-toc-heading-8\" href=\"https:\/\/canarias-lovers.com\/sv\/basta-stranderna-teneriffa\/#7_Playa_de_Las_Gaviotas_naturism\" >7. Playa de Las Gaviotas (naturism)<\/a><\/li><li class='ez-toc-page-1 ez-toc-heading-level-2'><a class=\"ez-toc-link ez-toc-heading-9\" href=\"https:\/\/canarias-lovers.com\/sv\/basta-stranderna-teneriffa\/#8_Playa_del_Benijo\" >8. Playa del Benijo<\/a><\/li><li class='ez-toc-page-1 ez-toc-heading-level-2'><a class=\"ez-toc-link ez-toc-heading-10\" href=\"https:\/\/canarias-lovers.com\/sv\/basta-stranderna-teneriffa\/#9_Playa_del_Roque_de_las_Bodeguas\" >9. Playa del Roque de las Bodeguas<\/a><\/li><li class='ez-toc-page-1 ez-toc-heading-level-2'><a class=\"ez-toc-link ez-toc-heading-11\" href=\"https:\/\/canarias-lovers.com\/sv\/basta-stranderna-teneriffa\/#10_Playa_del_Castillo_Playa_Jardin\" >10. Playa del Castillo (Playa Jardin)<\/a><\/li><li class='ez-toc-page-1 ez-toc-heading-level-2'><a class=\"ez-toc-link ez-toc-heading-12\" href=\"https:\/\/canarias-lovers.com\/sv\/basta-stranderna-teneriffa\/#11_Playa_Cueva_del_Agua\" >11. Playa Cueva del Agua<\/a><\/li><li class='ez-toc-page-1 ez-toc-heading-level-2'><a class=\"ez-toc-link ez-toc-heading-13\" href=\"https:\/\/canarias-lovers.com\/sv\/basta-stranderna-teneriffa\/#12_Playa_de_Fanabe\" >12. Playa de Fa\u00f1ab\u00e9<\/a><\/li><li class='ez-toc-page-1 ez-toc-heading-level-2'><a class=\"ez-toc-link ez-toc-heading-14\" href=\"https:\/\/canarias-lovers.com\/sv\/basta-stranderna-teneriffa\/#13_Playa_de_Antequera\" >13. Playa de Antequera<\/a><\/li><li class='ez-toc-page-1 ez-toc-heading-level-2'><a class=\"ez-toc-link ez-toc-heading-15\" href=\"https:\/\/canarias-lovers.com\/sv\/basta-stranderna-teneriffa\/#14_Playa_de_La_Enramada_La_Caleta\" >14. Playa de La Enramada (La Caleta)<\/a><\/li><li class='ez-toc-page-1 ez-toc-heading-level-2'><a class=\"ez-toc-link ez-toc-heading-16\" href=\"https:\/\/canarias-lovers.com\/sv\/basta-stranderna-teneriffa\/#15_Playa_de_la_Tejita_naturist\" >15. Playa de la Tejita (naturist)<\/a><\/li><li class='ez-toc-page-1 ez-toc-heading-level-2'><a class=\"ez-toc-link ez-toc-heading-17\" href=\"https:\/\/canarias-lovers.com\/sv\/basta-stranderna-teneriffa\/#Andra_strander_pa_Teneriffa\" >Andra str\u00e4nder p\u00e5 Teneriffa<\/a><\/li><li class='ez-toc-page-1 ez-toc-heading-level-2'><a class=\"ez-toc-link ez-toc-heading-18\" href=\"https:\/\/canarias-lovers.com\/sv\/basta-stranderna-teneriffa\/#Vanliga_fragor_och_svar\" >Vanliga fr\u00e5gor och svar<\/a><\/li><\/ul><\/nav><\/div>\n\n<\/div><\/div><\/div>\n\n<h2 class=\"wp-block-heading\"><span class=\"ez-toc-section\" id=\"De_vackraste_stranderna_pa_Teneriffa_karta\"><\/span>De vackraste str\u00e4nderna p\u00e5 Teneriffa: karta<span class=\"ez-toc-section-end\"><\/span><\/h2>\n\n<h3 class=\"wp-block-heading\">Kort<\/h3>\n\n<p>H\u00e4r \u00e4r en karta \u00f6ver de str\u00e4nder som listas i den h\u00e4r artikeln, s\u00e5 att du l\u00e4ttare kan hitta r\u00e4tt:<\/p>\n\n<figure class=\"wp-block-image size-large\"><img decoding=\"async\" src=\"https:\/\/canarias-lovers.com\/wp-content\/uploads\/2024\/12\/Karta-basta-stranderna-Teneriffa-vackraste-1024x683.jpg\" alt=\"karta vackraste str&#xE4;nderna Teneriffa b&#xE4;sta\" class=\"wp-image-6193\"\/><figcaption class=\"wp-element-caption\">Karta \u00f6ver de b\u00e4sta str\u00e4nderna p\u00e5 Teneriffa<\/figcaption><\/figure>\n\n<h3 class=\"wp-block-heading\">Vart ska man \u00e5ka p\u00e5 Teneriffa f\u00f6r att hitta de b\u00e4sta str\u00e4nderna<\/h3>\n\n<p>Att njuta av \u00f6ns vackra str\u00e4nder \u00e4r en av dess <a href=\"https:\/\/canarias-lovers.com\/sv\/sevardheter-teneriffa-att-gora\/\" target=\"_blank\" rel=\"noreferrer noopener\">fr\u00e4msta attraktioner<\/a>. Badorterna med de b\u00e4sta str\u00e4nderna f\u00f6r solbad ligger p\u00e5 \u00f6ns sydkust: Costa Adeje, Los Gigantes, Los Cristianos&#8230; Men f\u00f6r de vackraste vilda str\u00e4nderna \u00e4r Anagaparken i nordost platsen att \u00e5ka till.<\/p>\n\n<h2 class=\"wp-block-heading\"><span class=\"ez-toc-section\" id=\"1_Playa_El_Medano\"><\/span>1. Playa El M\u00e9dano<span class=\"ez-toc-section-end\"><\/span><\/h2>\n\n<figure class=\"wp-block-image size-large\"><img decoding=\"async\" src=\"https:\/\/photos.smugmug.com\/Canarias-Lovers\/Tenerife\/El-Medano\/Playa-del-Medano\/i-tQscD76\/0\/NNrtqPFgPpSsVB9TqSrJf79G7r6t2hLqZgk8Rwgdq\/L\/playa-medano-1-L.jpg\" alt=\"Playa El M&#xE9;dano\"\/><\/figure>\n\n<h3 class=\"wp-block-heading\">Varf\u00f6r vi \u00e4lskar det<\/h3>\n\n<p>Playa del M\u00e9dano \u00e4r ett popul\u00e4rt resm\u00e5l f\u00f6r sina idealiska vindf\u00f6rh\u00e5llanden och \u00e4r en k\u00e4nd plats f\u00f6r vattensporter. Med sin fina sand och sitt grunda vatten \u00e4r det perfekt f\u00f6r b\u00e5de familjer och sp\u00e4nningss\u00f6kare. Vi \u00e4lskade den oavbrutna utsikten \u00f6ver Monta\u00f1a Roja. Det \u00e4r en strand som inbjuder till avkoppling och kontemplation.  <\/p>\n\n<figure class=\"wp-block-image size-large\"><img decoding=\"async\" src=\"https:\/\/photos.smugmug.com\/Canarias-Lovers\/Tenerife\/El-Medano\/Playa-El-M%C3%A9dano\/i-NNJrQm8\/0\/Khq6h2z2D2TCDM8J4q3smqzP9DRcpJp6WnRKGwnwd\/L\/beach%20walk%20playa%20medano%20tenerife%20-L.jpg\" alt=\"Playa El M&#xE9;dano: promenad\"\/><\/figure>\n\n<h3 class=\"wp-block-heading\">Tillg\u00e5ng<\/h3>\n\n<ul class=\"wp-block-list\">\n<li>Den lilla staden El M\u00e9dano<\/li>\n\n\n\n<li>Sydkusten<\/li>\n\n\n\n<li>Fr\u00e5n Santa Cruz de Tenerife: 45 minuter<\/li>\n\n\n\n<li>Fr\u00e5n Costa Adeje: 25 minuter<\/li>\n<\/ul>\n\n<h3 class=\"wp-block-heading\">Anv\u00e4ndbar information<\/h3>\n\n<ul class=\"wp-block-list\">\n<li>\u00d6vervakad strand<\/li>\n\n\n\n<li>Duschar tillg\u00e4ngliga<\/li>\n\n\n\n<li>Solstolar och parasoller f\u00f6r uthyrning<\/li>\n\n\n\n<li>M\u00e5nga restauranger och barer l\u00e4ngs strandpromenaden<\/li>\n\n\n\n<li>Passa p\u00e5 att prova p\u00e5 att surfa <a href=\"https:\/\/www.manawa.com\/en-GB\/activity\/canary-islands\/el-medano-tenerife\/surfing\/surfing-lessons-in-el-medano-tenerife\/2657?_cid=868\" target=\"_blank\" rel=\"noreferrer noopener sponsored nofollow\">&#8211; se detaljer om upplevelsen<\/a>.<\/li>\n<\/ul>\n\n<p><a href=\"https:\/\/canarias-lovers.com\/sv\/playa-medano-plage-tenerife-2\/\" target=\"_blank\" rel=\"noreferrer noopener\">Ta reda p\u00e5 mer om denna strand.<\/a><\/p>\n\n<div style=\"margin-top:8%;margin-bottom:8%\" class=\"wp-block-genesis-blocks-gb-container box gb-block-container\"><div class=\"gb-container-inside\"><div class=\"gb-container-content\">\n<div class=\"wp-block-columns inverse box_planif is-layout-flex wp-container-core-columns-is-layout-9d6595d7 wp-block-columns-is-layout-flex\">\n<div class=\"wp-block-column texte_planif is-layout-flow wp-block-column-is-layout-flow\" style=\"flex-basis:60%\">\n<h5 class=\"titre_box\" style=\"padding-top:10px;\">V\u00c5RA R\u00c5D F\u00d6R ATT HYRA EN BIL P\u00c5 <span class=\"titre_box_manuscrit\">Teneriffa<\/span><\/h5>\n\n\n\n<ul class=\"wp-block-list\" style=\"font-size:14px\">\n<li>J\u00e4mf\u00f6r priser p\u00e5 v\u00e5r f\u00f6redragna plattform: <a href=\"https:\/\/www.discovercars.com\/se\/spain-canary-islands\/tenerife?a_aid=zigzag&amp;chan=CAL\" target=\"_blank\" rel=\"noreferrer noopener sponsored nofollow\">DiscoverCars<\/a> &#8211; en av de b\u00e4st rankade webbplatserna.<\/li>\n\n\n\n<li>Om du planerar att utforska bergen ska du inte ta de <strong>minsta bilarna<\/strong>. En kraftfullare motor kommer att vara mer bekv\u00e4m.<\/li>\n\n\n\n<li>Men ta inte heller en f\u00f6r stor bil, eftersom vissa av v\u00e4garna \u00e4r smala.<\/li>\n\n\n\n<li>Det \u00e4r stor efterfr\u00e5gan och det \u00e4r en \u00f6, s\u00e5 <strong>boka tidigt<\/strong>.<\/li>\n<\/ul>\n<\/div>\n\n\n\n<div class=\"wp-block-column planif-radius-2 is-layout-flow wp-block-column-is-layout-flow\">\n<figure class=\"wp-block-image size-large voiture_image\"><img decoding=\"async\" src=\"https:\/\/photos.smugmug.com\/Canarias-Lovers\/Tenerife\/Driving\/i-D3dJ4xj\/1\/e6e34cdd\/L\/tenerife-rental-car-driving-L.jpg\" alt=\"k&#xF6;rning p&#xE5; tenerife\"\/><\/figure>\n<\/div>\n<\/div>\n\n\n\n<div class=\"wp-block-columns planif_bouton is-layout-flex wp-container-core-columns-is-layout-9d6595d7 wp-block-columns-is-layout-flex\">\n<div class=\"wp-block-column is-vertically-aligned-top is-layout-flow wp-block-column-is-layout-flow\">\n<div class=\"wp-block-buttons is-content-justification-center is-layout-flex wp-container-core-buttons-is-layout-16018d1d wp-block-buttons-is-layout-flex\">\n<div class=\"wp-block-button\"><a class=\"wp-block-button__link has-white-color has-text-color wp-element-button\" href=\"https:\/\/www.discovercars.com\/se\/spain-canary-islands\/tenerife?a_aid=zigzagchan=CAL\" target=\"_blank\" rel=\"noreferrer noopener nofollow\">Se tillg\u00e4ngliga bilar &gt;&gt;<\/a><\/div>\n<\/div>\n<\/div>\n\n\n\n<div class=\"wp-block-column is-vertically-aligned-center is-layout-flow wp-block-column-is-layout-flow\">\n<p class=\"has-text-align-center\" style=\"font-size:16px\"><a href=\"https:\/\/canarias-lovers.com\/sv\/?p=2195\" target=\"_blank\" rel=\"noreferrer noopener\">L\u00e4s v\u00e5ra r\u00e5d<\/a><\/p>\n<\/div>\n<\/div>\n<\/div><\/div><\/div>\n\n<h2 class=\"wp-block-heading\"><span class=\"ez-toc-section\" id=\"2_Playa_de_Las_Teresitas\"><\/span>2. Playa de Las Teresitas<span class=\"ez-toc-section-end\"><\/span><\/h2>\n\n<figure class=\"wp-block-image\"><img decoding=\"async\" src=\"https:\/\/photos.smugmug.com\/Canarias-Lovers\/Tenerife\/Santa-Cruz-de-Tenerife\/Beaches\/Playa-de-las-Teresitas\/i-m95dRjc\/0\/MDBGSVCK3rwQNnrjqQZd4K3vpwgcXMv2jdkbTjsZ2\/L\/viewpoint%20playa%20teresitas%20tenerife-L.jpg\" alt=\"Playa de Las Teresitas - Allm&#xE4;n vy\"\/><figcaption class=\"wp-element-caption\">Utsikt fr\u00e5n vakttornet<\/figcaption><\/figure>\n\n<h3 class=\"wp-block-heading\">Varf\u00f6r vi \u00e4lskar det<\/h3>\n\n<p>Denna magnifika strand med gyllene sand importerad fr\u00e5n Sahara, som str\u00e4cker sig n\u00e4stan en kilometer, \u00e4r en juvel i regionen. Vi gillar s\u00e4rskilt den mjuka, gradvisa lutningen n\u00e4r man kommer ut i vattnet. Det \u00e4r perfekt f\u00f6r en familjeutflykt med bad, vattenpolo, beachvolleyboll, trampb\u00e5tar och andra moderna faciliteter. Milj\u00f6n \u00e4r spektakul\u00e4r, med havet som str\u00e4cker sig s\u00e5 l\u00e5ngt \u00f6gat kan se och Anagabergen som bakgrund. Dessutom skyddas den av en v\u00e5gbrytare och erbjuder lugnt, kristallklart vatten, perfekt f\u00f6r bad och avkoppling.<\/p>\n\n<p>Vi rekommenderar ocks\u00e5 en promenad med f\u00f6tterna i vattnet till slutet av den svarta stenbryggan f\u00f6r att beundra panoramat.  <\/p>\n\n<figure class=\"wp-block-image\"><img decoding=\"async\" src=\"https:\/\/photos.smugmug.com\/Canarias-Lovers\/Tenerife\/Santa-Cruz-de-Tenerife\/Beaches\/Playa-de-las-Teresitas\/i-7xj2w7c\/0\/KrxHDR5jWWX8fdg5QF49qjQvNFP29PgwWq8f4JjQw\/L\/sand%20playa%20teresitas%20tenerife-L.jpg\" alt=\"Playa de Las Teresitas - sand\"\/><\/figure>\n\n<h3 class=\"wp-block-heading\">Tillg\u00e5ng<\/h3>\n\n<ul class=\"wp-block-list\">\n<li>Bel\u00e4get 15 minuter med bil fr\u00e5n <a href=\"https:\/\/canarias-lovers.com\/sv\/sevardheter-santa-cruz-tenerife-att-gora\/\" target=\"_blank\" rel=\"noreferrer noopener\">Santa Cruz<\/a>, n\u00e4ra byn San Andr\u00e9s<\/li>\n\n\n\n<li>TF-11 v\u00e4g l\u00e4ngs strandpromenaden sedan Avenida Mar\u00edtima de San Andr\u00e9s<\/li>\n\n\n\n<li>Gott om gratis parkering p\u00e5 plats<\/li>\n\n\n\n<li>Med buss: linje 910 fr\u00e5n Santa Cruz Intercambiador &#8211; mer info <a href=\"https:\/\/titsa.com\/index.php\/tus-guaguas\/lineas-y-horarios\/linea-910\" target=\"_blank\" rel=\"noreferrer noopener nofollow\">h\u00e4r<\/a><\/li>\n<\/ul>\n\n<h3 class=\"wp-block-heading\">Anv\u00e4ndbar information<\/h3>\n\n<ul class=\"wp-block-list\">\n<li>Fin gyllene sand<\/li>\n\n\n\n<li>Mjuk, gradvis lutning f\u00f6r att komma ner i vattnet<\/li>\n\n\n\n<li>\u00d6vervakad strand med f\u00f6rsta hj\u00e4lpen-post<\/li>\n\n\n\n<li>Uthyrning av solskydd och solstolar<\/li>\n\n\n\n<li>Duschar och toaletter<\/li>\n\n\n\n<li>Tillg\u00e4nglig f\u00f6r personer med nedsatt r\u00f6rlighet (ramp, ponton p\u00e5 sanden)<\/li>\n\n\n\n<li>Strandbarer och restauranger i San Andr\u00e9s<\/li>\n\n\n\n<li>De lugna vattnen \u00e4r perfekta f\u00f6r att prova p\u00e5 vattensporter &#8211; har du n\u00e5gonsin provat att st\u00e5 upp och paddla?  <a href=\"https:\/\/www.getyourguide.se\/tenerife-l350\/santa-cruz-de-tenerife-cours-de-stand-up-paddle-a-las-teresitas-t455339\/?partner_id=R3GYW4V&amp;cmp=CAL\" target=\"_blank\" rel=\"noreferrer noopener sponsored nofollow\">&#8211; se aktivitetsdetaljer.<\/a><\/li>\n<\/ul>\n\n<p>L\u00e4s mer om den h\u00e4r stranden (kommer snart).<\/p>\n\n<h2 class=\"wp-block-heading\"><span class=\"ez-toc-section\" id=\"3_Playa_del_Duque\"><\/span>3. Playa del Duque<span class=\"ez-toc-section-end\"><\/span><\/h2>\n\n<figure class=\"wp-block-image\"><img decoding=\"async\" src=\"https:\/\/photos.smugmug.com\/Canarias-Lovers\/Tenerife\/Costa-Adeje\/Playa-del-Duque\/i-QBTPSTt\/0\/CHchVG2j23M4Dfmjtbwkb3sCkmTMLvpKh22jz2cxQ\/L\/playa%20duque%20costa%20adeje%20tenerife-L.jpg\" alt=\"Playa del Duque - solnedg&#xE5;ng\"\/><\/figure>\n\n<h3 class=\"wp-block-heading\">Varf\u00f6r vi \u00e4lskar det<\/h3>\n\n<p>Fin gyllene sand och lugnt turkost vatten: denna v\u00e4lsk\u00f6tta strand erbjuder en lyxig milj\u00f6, omgiven av exklusiva hotell och eleganta butiker. Denna vackra, breda strand \u00e4r uppdelad i 2 sektioner: Playa del Duque North och Playa del Duque South. Den \u00e4r v\u00e4lutrustad. Det finns duschar, toaletter, parasoller och solstolar samt barer och aff\u00e4rer bara n\u00e5gra meter bort. F\u00f6r en avkopplande dag p\u00e5 stranden p\u00e5 Teneriffa \u00e4r denna plats ett m\u00e5ste! V\u00e5r fullst\u00e4ndiga artikel kommer att finnas tillg\u00e4nglig inom kort.<\/p>\n\n<p>Vi nj\u00f6t verkligen av att promenera l\u00e4ngs stranden i skymningen. F\u00f6rutom det fantastiska landskapet nj\u00f6t vi av att s\u00e4tta f\u00f6tterna i den svarta sanden, som v\u00e4rmdes av solens sista str\u00e5lar.<\/p>\n\n<figure class=\"wp-block-image\"><img decoding=\"async\" src=\"https:\/\/photos.smugmug.com\/Canarias-Lovers\/Tenerife\/Costa-Adeje\/Playa-del-Duque\/i-vSDPJv5\/0\/rzMmk6KM79Nnk4HgKDssDqKZPxsZ42xp4Rw6kN7P\/L\/vue%20mer%20playa%20duque%20costa%20adeje%20tenerife-L.jpg\" alt=\"Utsikt &#xF6;ver stranden fr&#xE5;n b&#xE5;ten\"\/><figcaption class=\"wp-element-caption\">Utsikt \u00f6ver stranden fr\u00e5n en b\u00e5t<\/figcaption><\/figure>\n\n<h3 class=\"wp-block-heading\">Tillg\u00e5ng<\/h3>\n\n<ul class=\"wp-block-list\">\n<li>F\u00f6rsta stranden norr om <a href=\"https:\/\/canarias-lovers.com\/sv\/sevardheter-costa-adeje-teneriffa-att-gora\/\" target=\"_blank\" rel=\"noreferrer noopener\">Costa Adeje<\/a><\/li>\n\n\n\n<li>5 minuters promenad fr\u00e5n Centro Comercial Plaza del Duque, som har en underjordisk parkeringsplats.<\/li>\n<\/ul>\n\n<h3 class=\"wp-block-heading\">Praktisk information<\/h3>\n\n<ul class=\"wp-block-list\">\n<li>Svart sand blandad med sm\u00e5 stenar,<\/li>\n\n\n\n<li>En mjuk, gradvis lutning n\u00e4r du kommer ut i vattnet,<\/li>\n\n\n\n<li>\u00d6vervakad strand,<\/li>\n\n\n\n<li>Duschar och toaletter,<\/li>\n\n\n\n<li>Tillg\u00e4nglighet f\u00f6r PRM.<\/li>\n\n\n\n<li>Barer och restauranger i n\u00e4rheten.<\/li>\n<\/ul>\n\n<p><a href=\"https:\/\/canarias-lovers.com\/sv\/playa-duque-plage-costa-adeje-2\/\" target=\"_blank\" rel=\"noreferrer noopener\">Ta reda p\u00e5 mer om denna strand.<\/a><\/p>\n\n<div style=\"background-color:#f6eacf;margin-top:8%;margin-bottom:8%\" class=\"wp-block-genesis-blocks-gb-container box gb-block-container\"><div class=\"gb-container-inside\"><div class=\"gb-container-content\" style=\"max-width:700px\">\n<div class=\"wp-block-genesis-blocks-gb-container box_titre gb-block-container\"><div class=\"gb-container-inside\"><div class=\"gb-container-content\">\n<h5 class=\"titre_box\" style=\"padding-top:10px;\">VAR KAN MAN BO P\u00c5 <span class=\"titre_box_manuscrit\">Teneriffa<\/span><\/h5>\n<\/div><\/div><\/div>\n\n\n\n<div class=\"wp-block-columns box_sans_border is-layout-flex wp-container-core-columns-is-layout-9d6595d7 wp-block-columns-is-layout-flex\">\n<div class=\"wp-block-column texte_planif is-layout-flow wp-block-column-is-layout-flow\" style=\"font-size:14px;flex-basis:60%\">\n<p class=\"option_titre2\" style=\"font-size:16px\">V\u00e5ra oberoende urval hj\u00e4lper dig att hitta ditt <strong>dr\u00f6mboende<\/strong>:<\/p>\n\n\n\n<ul class=\"wp-block-list ul_box\">\n<li style=\"font-size:14px\"><a href=\"https:\/\/canarias-lovers.com\/sv\/var-ska-bo-teneriffa-basta-omradena\/\" data-type=\"post\" data-id=\"5908\" target=\"_blank\" rel=\"noreferrer noopener\">Var du kan bo p\u00e5 Teneriffa<\/a><\/li>\n\n\n\n<li style=\"font-size:14px\">V\u00e5r favorit: <a href=\"https:\/\/www.booking.com\/hotel\/es\/royal-hideaway-corales-beach-adults-only.html?aid=2421274\" target=\"_blank\" rel=\"noreferrer noopener nofollow\">H\u00f4tel Corales Beach<\/a><\/li>\n<\/ul>\n\n\n\n<p style=\"font-size:16px\"><strong>V\u00e4lj efter hotelltyp:<\/strong><\/p>\n\n\n\n<ul class=\"wp-block-list ul_box\">\n<li style=\"font-size:14px\"><a href=\"https:\/\/canarias-lovers.com\/sv\/basta-5-stjarniga-hotellen-teneriffa-lyx-recensioner\/\" data-type=\"post\" data-id=\"5909\" target=\"_blank\" rel=\"noreferrer noopener\">5-stj\u00e4rniga hotell<\/a><\/li>\n\n\n\n<li style=\"font-size:14px\"><a data-type=\"post\" data-id=\"5910\" href=\"https:\/\/canarias-lovers.com\/sv\/basta-boutique-hotellen-teneriffa-charm\/\" target=\"_blank\" rel=\"noreferrer noopener\">B\u00e4sta boutiquehotellen<\/a><\/li>\n\n\n\n<li style=\"font-size:14px\"><a href=\"https:\/\/canarias-lovers.com\/sv\/meilleurs-hotels-familles-tenerife-enfants-avis-2\/\" target=\"_blank\" rel=\"noreferrer noopener\">B\u00e4sta hotellen f\u00f6r familjer<\/a><\/li>\n\n\n\n<li style=\"font-size:14px\"><a href=\"https:\/\/canarias-lovers.com\/sv\/basta-hotell-vid-havet-teneriffa-stranden\/\" target=\"_blank\" rel=\"noreferrer noopener\">B\u00e4sta hotell i Seaside<\/a><\/li>\n\n\n\n<li style=\"font-size:14px\"><a href=\"https:\/\/canarias-lovers.com\/sv\/basta-hotell-endast-vuxna-adults-only-teneriffa\/\" target=\"_blank\" rel=\"noreferrer noopener\">B\u00e4sta hotell endast f\u00f6r vuxna<\/a><\/li>\n\n\n\n<li style=\"font-size:14px\">B\u00e4sta all-inclusive-hotellen (kommer snart)<\/li>\n<\/ul>\n\n\n\n<p style=\"font-size:16px\"><strong>V\u00e4lj efter stad:<\/strong><\/p>\n\n\n\n<ul class=\"wp-block-list\">\n<li style=\"font-size:14px\"><a href=\"https:\/\/canarias-lovers.com\/sv\/var-att-sova-kosta-adeje-basta-hotell-stadsdelarna\/\" data-type=\"post\" data-id=\"4063\" target=\"_blank\" rel=\"noreferrer noopener\">B\u00e4sta hotellen i Costa Adeje<\/a><\/li>\n\n\n\n<li style=\"font-size:14px\"><a href=\"https:\/\/canarias-lovers.com\/sv\/var-kan-bo-puerto-de-la-cruz-basta-hotellen-stadsdelarna\/\" target=\"_blank\" rel=\"noreferrer noopener\">B\u00e4sta hotellen i Puerto de La Cruz<\/a><\/li>\n\n\n\n<li style=\"font-size:14px\"><a href=\"https:\/\/canarias-lovers.com\/sv\/var-kan-bo-los-gigantes-tenerife-basta-hotellen-stadsdelarna\/\" target=\"_blank\" rel=\"noreferrer noopener\">B\u00e4sta hotell i Los Gigantes<\/a><\/li>\n\n\n\n<li style=\"font-size:14px\"><a href=\"https:\/\/canarias-lovers.com\/sv\/var-kan-bo-santa-cruz-tenerife-basta-hotellen-stadsdelarna\/\" target=\"_blank\" rel=\"noreferrer noopener\">B\u00e4sta hotellen i Santa Cruz<\/a><\/li>\n\n\n\n<li style=\"font-size:14px\"><a href=\"https:\/\/canarias-lovers.com\/sv\/var-kan-bo-san-cristobal-la-laguna-tenerife-basta-hotellen-stadsdelarna\/\" target=\"_blank\" rel=\"noreferrer noopener\">B\u00e4sta hotellen i la Laguna<\/a><\/li>\n\n\n\n<li style=\"font-size:14px\"><a href=\"https:\/\/canarias-lovers.com\/ou-dormir-a-playa-de-las-americas-15-meilleurs-hotels-2024\/\" target=\"_blank\" rel=\"noreferrer noopener\">B\u00e4sta hotellen i Playa de las Americas<\/a><\/li>\n\n\n\n<li style=\"font-size:14px\"><a href=\"https:\/\/canarias-lovers.com\/sv\/var-kan-bo-los-cristianos-teneriffa-basta-hotellen-stadsdelarna\/\">B\u00e4sta hotellen i Los Cristianos<\/a><\/li>\n<\/ul>\n<\/div>\n\n\n\n<div class=\"wp-block-column is-vertically-aligned-top planif-radius is-layout-flow wp-block-column-is-layout-flow\" style=\"flex-basis:40%\">\n<figure class=\"wp-block-image size-large img-portrait\"><img decoding=\"async\" src=\"https:\/\/photos.smugmug.com\/Canarias-Lovers\/Tenerife\/Costa-Adeje\/H%C3%B4tels-Costa-Adeje\/Royal-Hideaway-Corales-resort\/i-ZsV2WxR\/0\/MSJTcCCRPZ3CwqHnkBwJgZVqLZqGD5NwHNP59BBr6\/L\/pool%20corales%20royal%20hideaway%20hotel%20costa%20adeje%20tenerife-L.jpg\" alt=\"hotellpool Royal hideway Corales\" title=\"\"\/><\/figure>\n<\/div>\n<\/div>\n<\/div><\/div><\/div>\n\n<h2 class=\"wp-block-heading\"><span class=\"ez-toc-section\" id=\"4_Playa_Jimenez\"><\/span>4. Playa Jim\u00e9nez<span class=\"ez-toc-section-end\"><\/span><\/h2>\n\n<figure class=\"wp-block-image\"><img decoding=\"async\" src=\"https:\/\/photos.smugmug.com\/Canarias-Lovers\/Tenerife\/Puerto-de-la-Cruz\/Plages\/Playa-Jimenez\/i-m8X6WmZ\/0\/LBVr5sLrTZsqdhV6BpsVK2cGP2FZhK7dwZqFc5MqB\/L\/playa-jimenez-L.jpg\" alt=\"Playa Jimenez, Puerto de la Cruz, Teneriffa\"\/><\/figure>\n\n<h3 class=\"wp-block-heading\">Varf\u00f6r vi \u00e4lskar det<\/h3>\n\n<p>Playa Jimenez \u00e4r v\u00e5r favorit i Puerto de la Cruz. Den ligger <strong>l\u00e4ngst bort fr\u00e5n<\/strong> mitten. Du k\u00e4nner igen den p\u00e5 de f\u00e4rgglada fasaderna i slutet av <strong>strandpromenaden<\/strong> som vetter mot den. Vi \u00e5kte dit tidigt p\u00e5 morgonen och nj\u00f6t verkligen av den <strong>fridfulla atmosf\u00e4ren<\/strong>. Men g\u00f6r inga misstag, under de hetaste tiderna under h\u00f6gs\u00e4songen \u00e4r stranden fullpackad. Och det ligger precis intill en av Teneriffas mest popul\u00e4ra attraktioner, <a href=\"https:\/\/canarias-lovers.com\/sv\/besok-loro-parque-teneriffa\/\" target=\"_blank\" rel=\"noreferrer noopener\">Loro Parque.<\/a><\/p>\n\n<figure class=\"wp-block-image\"><img decoding=\"async\" src=\"https:\/\/photos.smugmug.com\/Canarias-Lovers\/Tenerife\/Puerto-de-la-Cruz\/Plages\/Playa-Jimenez\/i-Mx6c2Zn\/0\/MGRR6qtzqzdwCBLFh9xsQrRVmVdHPf3b4pt98jm3j\/L\/playa-jimenez-1-L.jpg\" alt=\"Hus,Playa Jimenez, Puerto de la Cruz, Teneriffa\"\/><\/figure>\n\n<h3 class=\"wp-block-heading\">Tillg\u00e5ng<\/h3>\n\n<ul class=\"wp-block-list\">\n<li><strong>Nordv\u00e4st<\/strong> om <a href=\"https:\/\/canarias-lovers.com\/sv\/sevardheter-puerto-de-la-cruz-teneriffa-att-gora\/\" target=\"_blank\" rel=\"noreferrer noopener\">Puerto de la Cruz<\/a><\/li>\n\n\n\n<li>Bredvid Loro Parque<\/li>\n<\/ul>\n\n<h3 class=\"wp-block-heading\">Praktisk information<\/h3>\n\n<ul class=\"wp-block-list\">\n<li>Sanden \u00e4r fin och svart och det finns n\u00e5gra f\u00e5 klippformationer.<\/li>\n\n\n\n<li>Lutningen \u00e4r relativt svag men v\u00e5gorna kan vara ganska kraftiga.<\/li>\n\n\n\n<li>Stranden \u00e4r \u00f6vervakad och det finns en f\u00f6rsta hj\u00e4lpen-post.<\/li>\n\n\n\n<li>Vi s\u00e5g toaletter, duschar och strandspel f\u00f6r barnen.<\/li>\n\n\n\n<li>Stranden \u00e4r tillg\u00e4nglig f\u00f6r personer med nedsatt r\u00f6relsef\u00f6rm\u00e5ga.<\/li>\n\n\n\n<li>Det finns en restaurang ovanf\u00f6r stranden.<\/li>\n<\/ul>\n\n<p><a href=\"https:\/\/canarias-lovers.com\/sv\/playa-jimenez-strand-puerto-cruz-teneriffa\/\" target=\"_blank\" rel=\"noreferrer noopener\">Ta reda p\u00e5 mer om denna strand.<\/a><\/p>\n\n<h2 class=\"wp-block-heading\"><span class=\"ez-toc-section\" id=\"5_Playa_del_Camison\"><\/span>5. Playa del Camison<span class=\"ez-toc-section-end\"><\/span><\/h2>\n\n<figure class=\"wp-block-image size-large\"><img decoding=\"async\" src=\"https:\/\/photos.smugmug.com\/Canarias-Lovers\/Tenerife\/Playa-de-las-Americas\/Playa-del-Camison\/i-LcPp8ts\/0\/Mbqsg5MrDnvmWVJWPskbrmP3qDMXRpfdNnxwFSxwX\/L\/playa-camison-2-L.jpg\" alt=\"Playa del Camison - gyllene sand\"\/><\/figure>\n\n<h3 class=\"wp-block-heading\">Varf\u00f6r vi \u00e4lskar det<\/h3>\n\n<p>Playa del Camison \u00f6verraskade oss med sin charm. Denna lilla strand med gyllene sand ligger inb\u00e4ddad mellan tv\u00e5 klippiga uddar och erbjuder lugnt, kristallklart vatten. Vi \u00e4lskade den familj\u00e4ra st\u00e4mningen och n\u00e4rheten till bekv\u00e4mligheter, samtidigt som vi var l\u00e5ngt borta fr\u00e5n de stora badorternas liv och r\u00f6relse.<\/p>\n\n<figure class=\"wp-block-image size-large\"><img decoding=\"async\" src=\"https:\/\/photos.smugmug.com\/Canarias-Lovers\/Tenerife\/Playa-de-las-Americas\/Playa-del-Camison\/i-4PQwqP3\/0\/MZpwQhbPnh7kVb3bcjXJttV4xhPMXt7Sz8qJmG6Bm\/L\/playa-camison-L.jpg\" alt=\"Playa del Camison - utsikt\"\/><\/figure>\n\n<h3 class=\"wp-block-heading\">Tillg\u00e5ng<\/h3>\n\n<ul class=\"wp-block-list\">\n<li>Plats: Los Cristianos<\/li>\n\n\n\n<li>Fr\u00e5n Costa Adeje: 10min<\/li>\n<\/ul>\n\n<h3 class=\"wp-block-heading\">Anv\u00e4ndbar information<\/h3>\n\n<ul class=\"wp-block-list\">\n<li>Gyllene sand<\/li>\n\n\n\n<li>\u00d6vervakad strand<\/li>\n\n\n\n<li>Duschar tillg\u00e4ngliga<\/li>\n\n\n\n<li>Solstolar och parasoller f\u00f6r uthyrning<\/li>\n\n\n\n<li>Restauranger och barer i n\u00e4rheten<\/li>\n<\/ul>\n\n<div style=\"margin-top:8%;margin-bottom:8%\" class=\"wp-block-genesis-blocks-gb-container box gb-block-container\"><div class=\"gb-container-inside\"><div class=\"gb-container-content\">\n<div class=\"wp-block-columns inverse is-layout-flex wp-container-core-columns-is-layout-9d6595d7 wp-block-columns-is-layout-flex\">\n<div class=\"wp-block-column texte_planif is-layout-flow wp-block-column-is-layout-flow\" style=\"flex-basis:58%\">\n<h5 class=\"titre_box\" style=\"padding-top:10px\">HA KUL I TENERIFE: <span class=\"titre_box_manuscrit\">aktiviteter<\/span><\/h5>\n\n\n\n<p style=\"font-size:16px\"><a href=\"https:\/\/www.getyourguide.se\/s\/?q=Dauphins+Tenerife&amp;searchSource=3&amp;partner_id=R3GYW4V&amp;cmp=CAL\" target=\"_blank\" rel=\"noreferrer noopener sponsored nofollow\">Spana p\u00e5 delfiner<\/a><br\/><a href=\"https:\/\/www.getyourguide.se\/s\/?q=Buggy+Tenerife&amp;searchSource=3&amp;partner_id=R3GYW4V&amp;cmp=CAL\" target=\"_blank\" rel=\"noreferrer noopener sponsored nofollow\">Buggy \/ fyrhjuling<\/a><br\/><a href=\"https:\/\/www.getyourguide.se\/s\/?q=snorkeling+Tenerife&amp;searchSource=3&amp;partner_id=R3GYW4V&amp;cmp=CAL\" target=\"_blank\" rel=\"noreferrer noopener sponsored nofollow\">Snorkling<\/a><\/p>\n<\/div>\n\n\n\n<div class=\"wp-block-column ville-radius is-layout-flow wp-block-column-is-layout-flow\" style=\"flex-basis:42%\">\n<figure class=\"wp-block-image size-large img-portrait\"><img decoding=\"async\" src=\"https:\/\/photos.smugmug.com\/Canarias-Lovers\/Tenerife\/Best-of\/i-wQrB5Lp\/0\/LrTR9c4Tnm6PWfsxrwZfkmGvPdbFXhh9dJ3FzzWmt\/S\/tenerife-dauphins-1-S.jpg\" alt=\"Valar p&#xE5; Teneriffa\" title=\"\"\/><\/figure>\n<\/div>\n<\/div>\n<\/div><\/div><\/div>\n\n<h2 class=\"wp-block-heading\"><span class=\"ez-toc-section\" id=\"6_Playa_de_Los_Guios_Los_Gigantes\"><\/span>6. Playa de Los Guios (Los Gigantes)<span class=\"ez-toc-section-end\"><\/span><\/h2>\n\n<figure class=\"wp-block-image\"><img decoding=\"async\" src=\"https:\/\/photos.smugmug.com\/Canarias-Lovers\/Tenerife\/Los-Gigantes\/Beaches\/Playa-de-los-Guios\/i-xjggbzj\/0\/KthMH85hTZ4G223kDdXLmbvQgvVqJMNQJhGDTCR3D\/L\/playa-guios-L.jpg\" alt=\"Los Gigantes - Playa de Los Guios\"\/><\/figure>\n\n<h3 class=\"wp-block-heading\">Varf\u00f6r vi \u00e4lskar det<\/h3>\n\n<p>Playa de Los Guios ligger vid foten av de imponerande Los <strong>Gigantes-klipporna<\/strong> och erbjuder en hisnande milj\u00f6. Vi fascinerades av de vulkaniska klippv\u00e4ggarna som vetter mot stranden. Ett avsnitt var st\u00e4ngt vid v\u00e5rt bes\u00f6k p\u00e5 grund av nedfallande stenar. Playa de Los Guyos \u00e4r ocks\u00e5 den perfekta <strong>utg\u00e5ngspunkten<\/strong> f\u00f6r vattensportaktiviteter. N\u00e4rheten till marinan g\u00f6r det enkelt att ge sig ut p\u00e5 valsk\u00e5dning eller kajakutflykter.<\/p>\n\n<figure class=\"wp-block-image\"><img decoding=\"async\" src=\"https:\/\/photos.smugmug.com\/Canarias-Lovers\/Tenerife\/Los-Gigantes\/Beaches\/Playa-de-los-Guios\/i-LV9sv86\/0\/KQGVbzv69VZ2v6R9tjcBgwSV2RLwcW9zNbQrk5fZF\/L\/lifeguard-playa-guios-santiago-los-gigantes-tenerife-L.jpg\" alt=\"Los Gigantes - Playa de Los Guios sett fr&#xE5;n klipporna\"\/><\/figure>\n\n<h3 class=\"wp-block-heading\">Tillg\u00e5ng<\/h3>\n\n<ul class=\"wp-block-list\">\n<li>Norr om <a href=\"https:\/\/canarias-lovers.com\/sv\/sevardheter-los-gigantes-teneriffa-att-gora\/\" target=\"_blank\" rel=\"noreferrer noopener\">Los Gigantes<\/a><\/li>\n\n\n\n<li>Bredvid sm\u00e5b\u00e5tshamnen, i slutet av Calle de Los Guios<\/li>\n<\/ul>\n\n<h3 class=\"wp-block-heading\">Anv\u00e4ndbar information<\/h3>\n\n<ul class=\"wp-block-list\">\n<li>Betalparkering vid marinan<\/li>\n\n\n\n<li>Svart sand och stenar<\/li>\n\n\n\n<li>Bevakad strand men se upp f\u00f6r str\u00f6mmar<\/li>\n\n\n\n<li>Solskydd och solstolar finns att hyra<\/li>\n\n\n\n<li>Duschar och offentliga toaletter<\/li>\n\n\n\n<li>Restaurang ovanf\u00f6r stranden och flera alternativ runt marinan<\/li>\n\n\n\n<li><a href=\"https:\/\/canarias-lovers.com\/sv\/playa-guios-gigantes-strand-teneriffa\/\" target=\"_blank\" rel=\"noreferrer noopener\">Ta reda p\u00e5 mer<\/a><\/li>\n<\/ul>\n\n<h2 class=\"wp-block-heading\"><span class=\"ez-toc-section\" id=\"7_Playa_de_Las_Gaviotas_naturism\"><\/span>7. Playa de Las Gaviotas (naturism)<span class=\"ez-toc-section-end\"><\/span><\/h2>\n\n<figure class=\"wp-block-image\"><img decoding=\"async\" src=\"https:\/\/photos.smugmug.com\/Canarias-Lovers\/Tenerife\/Anaga\/Playa-de-las-Gaviotas\/i-NSZZSjp\/0\/LV9SJgG5vFsx8JcPxkw4hBkL6vBdF3jQ93wcWPbcW\/L\/playa-gaviotas-L.jpg\" alt=\"Playa de Las Gaviotas - Allm&#xE4;n vy\"\/><\/figure>\n\n<h3 class=\"wp-block-heading\">Varf\u00f6r vi \u00e4lskar det<\/h3>\n\n<p>Denna vackra svarta sandstrand \u00e4r ett litet h\u00f6rn av paradiset omgivet av imponerande klippor. Vi blev \u00f6vertygade av den naturliga, of\u00f6rst\u00f6rda milj\u00f6n i Playa de Las Gaviotas. \u00c4ven om TF-121-v\u00e4gen som leder dit \u00e4r smal och slingrande \u00e4r det v\u00e4l v\u00e4rt omv\u00e4garna. Vi blev f\u00f6rtrollade av denna fredliga plats, avskild fr\u00e5n v\u00e4rlden. Utrustad med mask och snorkel kan du snorkla l\u00e4ngs kusten. Vi rekommenderar att du stannar till vid utsiktsplatsen p\u00e5 v\u00e4g TF-121 f\u00f6r att beundra den spektakul\u00e4ra utsikten fr\u00e5n toppen av klipporna.<\/p>\n\n<figure class=\"wp-block-image\"><img decoding=\"async\" src=\"https:\/\/photos.smugmug.com\/Canarias-Lovers\/Tenerife\/Anaga\/Playa-de-las-Gaviotas\/i-FGqWqR7\/0\/L3QVHPwW6KrWJR9LzB3JcgGr2t6x7t7qsw4Bhc38M\/L\/playa-gaviotas-1-L.jpg\" alt=\"Playa de Las Gaviotas - utsiktspunkt\"\/><figcaption class=\"wp-element-caption\">Utsikt fr\u00e5n vakttornet<\/figcaption><\/figure>\n\n<h3 class=\"wp-block-heading\">Tillg\u00e5ng<\/h3>\n\n<ul class=\"wp-block-list\">\n<li>25 minuter med bil fr\u00e5n Santa Cruz, f\u00f6rbi Playa de Las Teresitas<\/li>\n\n\n\n<li>Norra punkten<\/li>\n\n\n\n<li>Mycket smal och slingrande TF-121-v\u00e4g p\u00e5 sidan av en klippa<\/li>\n\n\n\n<li>Brant kurva p\u00e5 Carretera de Las Gaviotas ner till stranden<\/li>\n\n\n\n<li>Gratis parkering i terr\u00e4ng mellan Playa de Las Gaviotas och Playa Cueva del Agua<\/li>\n\n\n\n<li>Med buss: linje 945 sedan 20 minuters promenad nerf\u00f6r backen &#8211; mer information <a href=\"https:\/\/titsa.com\/index.php\/tus-guaguas\/lineas-y-horarios\/linea-945\" target=\"_blank\" rel=\"noreferrer noopener\">h\u00e4r<\/a><\/li>\n<\/ul>\n\n<h3 class=\"wp-block-heading\">Anv\u00e4ndbar information<\/h3>\n\n<ul class=\"wp-block-list\">\n<li>Svart sand och stenar<\/li>\n\n\n\n<li>Naturism delvis<\/li>\n\n\n\n<li>Mjuk, gradvis lutning f\u00f6r att komma ner i vattnet<\/li>\n\n\n\n<li>R\u00f6da Korsets f\u00f6rsta hj\u00e4lpen-post p\u00e5 plats<\/li>\n\n\n\n<li>Inga faciliteter eller tj\u00e4nster<\/li>\n\n\n\n<li>Delvis naturiststrand<\/li>\n\n\n\n<li>Inte tillg\u00e4nglig f\u00f6r personer med nedsatt r\u00f6rlighet<\/li>\n\n\n\n<li>Inga cateringm\u00f6jligheter p\u00e5 plats<\/li>\n<\/ul>\n\n<p>L\u00e4s mer om den h\u00e4r stranden (kommer snart).<\/p>\n\n<div style=\"background-color:#fefefe;margin-top:6%;margin-bottom:6%\" class=\"wp-block-genesis-blocks-gb-container box gb-block-container\"><div class=\"gb-container-inside\"><div class=\"gb-container-content\" style=\"max-width:700px\">\n<div class=\"wp-block-columns inverse is-layout-flex wp-container-core-columns-is-layout-9d6595d7 wp-block-columns-is-layout-flex\">\n<div class=\"wp-block-column texte_planif is-layout-flow wp-block-column-is-layout-flow\" style=\"flex-basis:58%\">\n<h5 class=\"titre_box\">LITE MER <span class=\"titre_box_manuscrit\">t\u00e5lamod<\/span><\/h5>\n\n\n\n<p style=\"font-size:14px\">Alla foton, kartor, information och anv\u00e4ndbara adresser som du beh\u00f6ver f\u00f6r att f\u00e5 ut det mesta av <strong>din vistelse p\u00e5 Kanarie\u00f6arna<\/strong> kommer <strong>snart<\/strong> att finnas tillg\u00e4ngliga i en enda e-bok!<\/p>\n\n\n\n<p style=\"font-size:14px\">Om du vill f\u00e5 information n\u00e4r v\u00e5r <strong>guide till Kanarie\u00f6arna<\/strong> publiceras, registrera dig:<\/p>\n\n\n<script>\nvar gform;gform||(document.addEventListener(\"gform_main_scripts_loaded\",function(){gform.scriptsLoaded=!0}),document.addEventListener(\"gform\/theme\/scripts_loaded\",function(){gform.themeScriptsLoaded=!0}),window.addEventListener(\"DOMContentLoaded\",function(){gform.domLoaded=!0}),gform={domLoaded:!1,scriptsLoaded:!1,themeScriptsLoaded:!1,isFormEditor:()=>\"function\"==typeof InitializeEditor,callIfLoaded:function(o){return!(!gform.domLoaded||!gform.scriptsLoaded||!gform.themeScriptsLoaded&&!gform.isFormEditor()||(gform.isFormEditor()&&console.warn(\"The use of gform.initializeOnLoaded() is deprecated in the form editor context and will be removed in Gravity Forms 3.1.\"),o(),0))},initializeOnLoaded:function(o){gform.callIfLoaded(o)||(document.addEventListener(\"gform_main_scripts_loaded\",()=>{gform.scriptsLoaded=!0,gform.callIfLoaded(o)}),document.addEventListener(\"gform\/theme\/scripts_loaded\",()=>{gform.themeScriptsLoaded=!0,gform.callIfLoaded(o)}),window.addEventListener(\"DOMContentLoaded\",()=>{gform.domLoaded=!0,gform.callIfLoaded(o)}))},hooks:{action:{},filter:{}},addAction:function(o,r,e,t){gform.addHook(\"action\",o,r,e,t)},addFilter:function(o,r,e,t){gform.addHook(\"filter\",o,r,e,t)},doAction:function(o){gform.doHook(\"action\",o,arguments)},applyFilters:function(o){return gform.doHook(\"filter\",o,arguments)},removeAction:function(o,r){gform.removeHook(\"action\",o,r)},removeFilter:function(o,r,e){gform.removeHook(\"filter\",o,r,e)},addHook:function(o,r,e,t,n){null==gform.hooks[o][r]&&(gform.hooks[o][r]=[]);var d=gform.hooks[o][r];null==n&&(n=r+\"_\"+d.length),gform.hooks[o][r].push({tag:n,callable:e,priority:t=null==t?10:t})},doHook:function(r,o,e){var t;if(e=Array.prototype.slice.call(e,1),null!=gform.hooks[r][o]&&((o=gform.hooks[r][o]).sort(function(o,r){return o.priority-r.priority}),o.forEach(function(o){\"function\"!=typeof(t=o.callable)&&(t=window[t]),\"action\"==r?t.apply(null,e):e[0]=t.apply(null,e)})),\"filter\"==r)return e[0]},removeHook:function(o,r,t,n){var e;null!=gform.hooks[o][r]&&(e=(e=gform.hooks[o][r]).filter(function(o,r,e){return!!(null!=n&&n!=o.tag||null!=t&&t!=o.priority)}),gform.hooks[o][r]=e)}});\n<\/script>\n\n                <div class='gf_browser_gecko gform_wrapper gform-theme gform-theme--foundation gform-theme--framework gform-theme--orbital' data-form-theme='orbital' data-form-index='0' id='gform_wrapper_2' ><style>#gform_wrapper_2[data-form-index=\"0\"].gform-theme,[data-parent-form=\"2_0\"]{--gf-color-primary: #204ce5;--gf-color-primary-rgb: 32, 76, 229;--gf-color-primary-contrast: #fff;--gf-color-primary-contrast-rgb: 255, 255, 255;--gf-color-primary-darker: #001AB3;--gf-color-primary-lighter: #527EFF;--gf-color-secondary: #fff;--gf-color-secondary-rgb: 255, 255, 255;--gf-color-secondary-contrast: #112337;--gf-color-secondary-contrast-rgb: 17, 35, 55;--gf-color-secondary-darker: #F5F5F5;--gf-color-secondary-lighter: #FFFFFF;--gf-color-out-ctrl-light: rgba(17, 35, 55, 0.1);--gf-color-out-ctrl-light-rgb: 17, 35, 55;--gf-color-out-ctrl-light-darker: rgba(104, 110, 119, 0.35);--gf-color-out-ctrl-light-lighter: #F5F5F5;--gf-color-out-ctrl-dark: #585e6a;--gf-color-out-ctrl-dark-rgb: 88, 94, 106;--gf-color-out-ctrl-dark-darker: #112337;--gf-color-out-ctrl-dark-lighter: rgba(17, 35, 55, 0.65);--gf-color-in-ctrl: #fff;--gf-color-in-ctrl-rgb: 255, 255, 255;--gf-color-in-ctrl-contrast: #112337;--gf-color-in-ctrl-contrast-rgb: 17, 35, 55;--gf-color-in-ctrl-darker: #F5F5F5;--gf-color-in-ctrl-lighter: #FFFFFF;--gf-color-in-ctrl-primary: #204ce5;--gf-color-in-ctrl-primary-rgb: 32, 76, 229;--gf-color-in-ctrl-primary-contrast: #fff;--gf-color-in-ctrl-primary-contrast-rgb: 255, 255, 255;--gf-color-in-ctrl-primary-darker: #001AB3;--gf-color-in-ctrl-primary-lighter: #527EFF;--gf-color-in-ctrl-light: rgba(17, 35, 55, 0.1);--gf-color-in-ctrl-light-rgb: 17, 35, 55;--gf-color-in-ctrl-light-darker: rgba(104, 110, 119, 0.35);--gf-color-in-ctrl-light-lighter: #F5F5F5;--gf-color-in-ctrl-dark: #585e6a;--gf-color-in-ctrl-dark-rgb: 88, 94, 106;--gf-color-in-ctrl-dark-darker: #112337;--gf-color-in-ctrl-dark-lighter: rgba(17, 35, 55, 0.65);--gf-radius: 3px;--gf-font-size-secondary: 14px;--gf-font-size-tertiary: 13px;--gf-icon-ctrl-number: url(\"data:image\/svg+xml,%3Csvg width='8' height='14' viewBox='0 0 8 14' fill='none' xmlns='http:\/\/www.w3.org\/2000\/svg'%3E%3Cpath fill-rule='evenodd' clip-rule='evenodd' d='M4 0C4.26522 5.96046e-08 4.51957 0.105357 4.70711 0.292893L7.70711 3.29289C8.09763 3.68342 8.09763 4.31658 7.70711 4.70711C7.31658 5.09763 6.68342 5.09763 6.29289 4.70711L4 2.41421L1.70711 4.70711C1.31658 5.09763 0.683417 5.09763 0.292893 4.70711C-0.0976311 4.31658 -0.097631 3.68342 0.292893 3.29289L3.29289 0.292893C3.48043 0.105357 3.73478 0 4 0ZM0.292893 9.29289C0.683417 8.90237 1.31658 8.90237 1.70711 9.29289L4 11.5858L6.29289 9.29289C6.68342 8.90237 7.31658 8.90237 7.70711 9.29289C8.09763 9.68342 8.09763 10.3166 7.70711 10.7071L4.70711 13.7071C4.31658 14.0976 3.68342 14.0976 3.29289 13.7071L0.292893 10.7071C-0.0976311 10.3166 -0.0976311 9.68342 0.292893 9.29289Z' fill='rgba(17, 35, 55, 0.65)'\/%3E%3C\/svg%3E\");--gf-icon-ctrl-select: url(\"data:image\/svg+xml,%3Csvg width='10' height='6' viewBox='0 0 10 6' fill='none' xmlns='http:\/\/www.w3.org\/2000\/svg'%3E%3Cpath fill-rule='evenodd' clip-rule='evenodd' d='M0.292893 0.292893C0.683417 -0.097631 1.31658 -0.097631 1.70711 0.292893L5 3.58579L8.29289 0.292893C8.68342 -0.0976311 9.31658 -0.0976311 9.70711 0.292893C10.0976 0.683417 10.0976 1.31658 9.70711 1.70711L5.70711 5.70711C5.31658 6.09763 4.68342 6.09763 4.29289 5.70711L0.292893 1.70711C-0.0976311 1.31658 -0.0976311 0.683418 0.292893 0.292893Z' fill='rgba(17, 35, 55, 0.65)'\/%3E%3C\/svg%3E\");--gf-icon-ctrl-search: url(\"data:image\/svg+xml,%3Csvg width='640' height='640' xmlns='http:\/\/www.w3.org\/2000\/svg'%3E%3Cpath d='M256 128c-70.692 0-128 57.308-128 128 0 70.691 57.308 128 128 128 70.691 0 128-57.309 128-128 0-70.692-57.309-128-128-128zM64 256c0-106.039 85.961-192 192-192s192 85.961 192 192c0 41.466-13.146 79.863-35.498 111.248l154.125 154.125c12.496 12.496 12.496 32.758 0 45.254s-32.758 12.496-45.254 0L367.248 412.502C335.862 434.854 297.467 448 256 448c-106.039 0-192-85.962-192-192z' fill='rgba(17, 35, 55, 0.65)'\/%3E%3C\/svg%3E\");--gf-label-space-y-secondary: var(--gf-label-space-y-md-secondary);--gf-ctrl-border-color: #686e77;--gf-ctrl-size: var(--gf-ctrl-size-md);--gf-ctrl-label-color-primary: #112337;--gf-ctrl-label-color-secondary: #112337;--gf-ctrl-choice-size: var(--gf-ctrl-choice-size-md);--gf-ctrl-checkbox-check-size: var(--gf-ctrl-checkbox-check-size-md);--gf-ctrl-radio-check-size: var(--gf-ctrl-radio-check-size-md);--gf-ctrl-btn-font-size: var(--gf-ctrl-btn-font-size-md);--gf-ctrl-btn-padding-x: var(--gf-ctrl-btn-padding-x-md);--gf-ctrl-btn-size: var(--gf-ctrl-btn-size-md);--gf-ctrl-btn-border-color-secondary: #686e77;--gf-ctrl-file-btn-bg-color-hover: #EBEBEB;--gf-field-img-choice-size: var(--gf-field-img-choice-size-md);--gf-field-img-choice-card-space: var(--gf-field-img-choice-card-space-md);--gf-field-img-choice-check-ind-size: var(--gf-field-img-choice-check-ind-size-md);--gf-field-img-choice-check-ind-icon-size: var(--gf-field-img-choice-check-ind-icon-size-md);--gf-field-pg-steps-number-color: rgba(17, 35, 55, 0.8);}<\/style><form method='post' enctype='multipart\/form-data'  id='gform_2'  action='\/sv\/wp-json\/wp\/v2\/posts\/6202' data-formid='2' novalidate> \r\n <input type='hidden' class='gforms-pum' value='{\"closepopup\":false,\"closedelay\":0,\"openpopup\":false,\"openpopup_id\":0}' \/>\n                        <div class='gform-body gform_body'><div id='gform_fields_2' class='gform_fields top_label form_sublabel_below description_below validation_below'><div id=\"field_2_1\" class=\"gfield gfield--type-website gfield--input-type-website field_sublabel_below gfield--no-description field_description_below field_validation_below gfield_visibility_hidden\"  ><div class=\"admin-hidden-markup\"><i class=\"gform-icon gform-icon--hidden\" aria-hidden=\"true\" title=\"Detta f\u00e4lt \u00e4r dolt n\u00e4r formul\u00e4ret visas\"><\/i><span>Detta f\u00e4lt \u00e4r dolt n\u00e4r formul\u00e4ret visas<\/span><\/div><label class='gfield_label gform-field-label' for='input_2_1'>Site Web<\/label><div class='ginput_container ginput_container_website'>\n                    <input name='input_1' id='input_2_1' type='url' value='https:\/\/canarias-lovers.com\/sv\/wp-json\/wp\/v2\/posts\/6202' class='large'    placeholder='https:\/\/'  aria-invalid=\"false\" \/>\n                <\/div><\/div><div id=\"field_2_3\" class=\"gfield gfield--type-email gfield--input-type-email gfield--width-full gfield_contains_required field_sublabel_below gfield--no-description field_description_below hidden_label field_validation_below gfield_visibility_visible\"  ><label class='gfield_label gform-field-label' for='input_2_3'>E-mail<span class=\"gfield_required\"><span class=\"gfield_required gfield_required_text\">(Obligatoriskt)<\/span><\/span><\/label><div class='ginput_container ginput_container_email'>\n                            <input name='input_3' id='input_2_3' type='email' value='' class='large'    aria-required=\"true\" aria-invalid=\"false\"  \/>\n                        <\/div><\/div><\/div><\/div>\n        <div class='gform-footer gform_footer top_label'> <input type='submit' id='gform_submit_button_2' class='gform_button button' onclick='gform.submission.handleButtonClick(this);' data-submission-type='submit' value='Prenumerera'  \/> \n            <input type='hidden' class='gform_hidden' name='gform_submission_method' data-js='gform_submission_method_2' value='postback' \/>\n            <input type='hidden' class='gform_hidden' name='gform_theme' data-js='gform_theme_2' id='gform_theme_2' value='orbital' \/>\n            <input type='hidden' class='gform_hidden' name='gform_style_settings' data-js='gform_style_settings_2' id='gform_style_settings_2' value='{&quot;inputPrimaryColor&quot;:&quot;#204ce5&quot;}' \/>\n            <input type='hidden' class='gform_hidden' name='is_submit_2' value='1' \/>\n            <input type='hidden' class='gform_hidden' name='gform_submit' value='2' \/>\n            \n            <input type='hidden' class='gform_hidden' name='gform_currency' data-currency='EUR' value='gC0LMOZn3vR7RdhuuB6Mt39gEtyePdWF+ijzlpv3u7+qQDLRDQ+r+ysLVPGCGoGwMY5TEx7lrLTH0b90N0GSyT+iMl4pBDkGMFyhu5y6sn4G\/qw=' \/>\n            <input type='hidden' class='gform_hidden' name='gform_unique_id' value='' \/>\n            <input type='hidden' class='gform_hidden' name='state_2' value='WyJbXSIsImYwNjdmM2RlZjkzZGI5YjM2NWY4ZmY4ZDRhNWY0OGY0Il0=' \/>\n            <input type='hidden' autocomplete='off' class='gform_hidden' name='gform_target_page_number_2' id='gform_target_page_number_2' value='0' \/>\n            <input type='hidden' autocomplete='off' class='gform_hidden' name='gform_source_page_number_2' id='gform_source_page_number_2' value='1' \/>\n            <input type='hidden' name='gform_field_values' value='' \/>\n            \n        <\/div>\n                        <\/form>\n                        <\/div><script>\ngform.initializeOnLoaded( function() {gformInitSpinner( 2, 'https:\/\/canarias-lovers.com\/wp-content\/plugins\/gravityforms\/images\/spinner.svg', false );jQuery('#gform_ajax_frame_2').on('load',function(){var contents = jQuery(this).contents().find('*').html();var is_postback = contents.indexOf('GF_AJAX_POSTBACK') >= 0;if(!is_postback){return;}var form_content = jQuery(this).contents().find('#gform_wrapper_2');var is_confirmation = jQuery(this).contents().find('#gform_confirmation_wrapper_2').length > 0;var is_redirect = contents.indexOf('gformRedirect(){') >= 0;var is_form = form_content.length > 0 && ! is_redirect && ! is_confirmation;var mt = parseInt(jQuery('html').css('margin-top'), 10) + parseInt(jQuery('body').css('margin-top'), 10) + 100;if(is_form){jQuery('#gform_wrapper_2').html(form_content.html());if(form_content.hasClass('gform_validation_error')){jQuery('#gform_wrapper_2').addClass('gform_validation_error');} else {jQuery('#gform_wrapper_2').removeClass('gform_validation_error');}setTimeout( function() { \/* delay the scroll by 50 milliseconds to fix a bug in chrome *\/  }, 50 );if(window['gformInitDatepicker']) {gformInitDatepicker();}if(window['gformInitPriceFields']) {gformInitPriceFields();}var current_page = jQuery('#gform_source_page_number_2').val();gformInitSpinner( 2, 'https:\/\/canarias-lovers.com\/wp-content\/plugins\/gravityforms\/images\/spinner.svg', false );jQuery(document).trigger('gform_page_loaded', [2, current_page]);window['gf_submitting_2'] = false;}else if(!is_redirect){var confirmation_content = jQuery(this).contents().find('.GF_AJAX_POSTBACK').html();if(!confirmation_content){confirmation_content = contents;}jQuery('#gform_wrapper_2').replaceWith(confirmation_content);jQuery(document).trigger('gform_confirmation_loaded', [2]);window['gf_submitting_2'] = false;wp.a11y.speak(jQuery('#gform_confirmation_message_2').text());}else{jQuery('#gform_2').append(contents);if(window['gformRedirect']) {gformRedirect();}}jQuery(document).trigger(\"gform_pre_post_render\", [{ formId: \"2\", currentPage: \"current_page\", abort: function() { this.preventDefault(); } }]);        if (event && event.defaultPrevented) {                return;        }        const gformWrapperDiv = document.getElementById( \"gform_wrapper_2\" );        if ( gformWrapperDiv ) {            const visibilitySpan = document.createElement( \"span\" );            visibilitySpan.id = \"gform_visibility_test_2\";            gformWrapperDiv.insertAdjacentElement( \"afterend\", visibilitySpan );        }        const visibilityTestDiv = document.getElementById( \"gform_visibility_test_2\" );        let postRenderFired = false;        function triggerPostRender() {            if ( postRenderFired ) {                return;            }            postRenderFired = true;            gform.core.triggerPostRenderEvents( 2, current_page );            if ( visibilityTestDiv ) {                visibilityTestDiv.parentNode.removeChild( visibilityTestDiv );            }        }        function debounce( func, wait, immediate ) {            var timeout;            return function() {                var context = this, args = arguments;                var later = function() {                    timeout = null;                    if ( !immediate ) func.apply( context, args );                };                var callNow = immediate && !timeout;                clearTimeout( timeout );                timeout = setTimeout( later, wait );                if ( callNow ) func.apply( context, args );            };        }        const debouncedTriggerPostRender = debounce( function() {            triggerPostRender();        }, 200 );        if ( visibilityTestDiv && visibilityTestDiv.offsetParent === null ) {            const observer = new MutationObserver( ( mutations ) => {                mutations.forEach( ( mutation ) => {                    if ( mutation.type === 'attributes' && visibilityTestDiv.offsetParent !== null ) {                        debouncedTriggerPostRender();                        observer.disconnect();                    }                });            });            observer.observe( document.body, {                attributes: true,                childList: false,                subtree: true,                attributeFilter: [ 'style', 'class' ],            });        } else {            triggerPostRender();        }    } );} );\n<\/script>\n<\/div>\n\n\n\n<div class=\"wp-block-column is-layout-flow wp-block-column-is-layout-flow\" style=\"flex-basis:42%\">\n<div class=\"wp-block-genesis-blocks-gb-container ebook-radius-waitlist gb-block-container\"><div class=\"gb-container-inside\"><div class=\"gb-container-content\"><div class=\"wp-block-image ebook-image\">\n<figure class=\"aligncenter size-large\"><img decoding=\"async\" src=\"https:\/\/loirelovers.fr\/wp-content\/uploads\/2023\/03\/ebooks_CorseNormandie_FR.png\" alt=\"Box Ebook Korsika FR\"\/><\/figure>\n<\/div><\/div><\/div><\/div>\n<\/div>\n<\/div>\n<\/div><\/div><\/div>\n\n<h2 class=\"wp-block-heading\"><span class=\"ez-toc-section\" id=\"8_Playa_del_Benijo\"><\/span>8. Playa del Benijo<span class=\"ez-toc-section-end\"><\/span><\/h2>\n\n<figure class=\"wp-block-image size-large\"><img decoding=\"async\" src=\"https:\/\/photos.smugmug.com\/Canarias-Lovers\/Tenerife\/Anaga\/Playa-Benijo\/i-35SSJ9F\/0\/MLPP27JssFrmNTnSH8BTjm3LKZp5SMs25CwnDhKpH\/L\/playa-benijo-1-L.jpg\" alt=\"\"\/><\/figure>\n\n<h3 class=\"wp-block-heading\">Varf\u00f6r vi \u00e4lskar det<\/h3>\n\n<p>Playa del Benijo vann oss \u00f6ver med sin vilda sk\u00f6nhet och avskilda atmosf\u00e4r. Denna svarta sand- och stenstrand bjuder p\u00e5 hisnande natur med sina spektakul\u00e4ra klippformationer och skulpterade klippor.<\/p>\n\n<h3 class=\"wp-block-heading\">Tillg\u00e5ng och anv\u00e4ndbar information<\/h3>\n\n<ul class=\"wp-block-list\">\n<li>Anagas landsbygdspark p\u00e5 norra kusten<\/li>\n\n\n\n<li>Norra punkten<\/li>\n\n\n\n<li>Fr\u00e5n Santa Cruz de Tenerife: 1 timme (via den mindre v\u00e4gen)<\/li>\n\n\n\n<li>Mycket f\u00e5 parkeringsplatser<\/li>\n\n\n\n<li>Strand utan tillsyn<\/li>\n\n\n\n<li>Inga anl\u00e4ggningar<\/li>\n<\/ul>\n\n<p>L\u00e4s mer om den h\u00e4r stranden (kommer snart).<\/p>\n\n<h2 class=\"wp-block-heading\"><span class=\"ez-toc-section\" id=\"9_Playa_del_Roque_de_las_Bodeguas\"><\/span>9. Playa del Roque de las Bodeguas<span class=\"ez-toc-section-end\"><\/span><\/h2>\n\n<figure class=\"wp-block-image size-large\"><img decoding=\"async\" src=\"https:\/\/photos.smugmug.com\/Canarias-Lovers\/Tenerife\/Anaga\/Playa-de-Roques-de-las-Bodegas\/i-Fmdstrg\/0\/K97R6xz69ddd32s466HtR6DQLvDpRjv3gT5vx2Nkh\/L\/Playa-Roques-Bodegas-L.jpg\" alt=\"Playa Roques de la Bodegua\"\/><\/figure>\n\n<h3 class=\"wp-block-heading\">Varf\u00f6r vi \u00e4lskar det<\/h3>\n\n<p>I Anaga-massivet blev vi verkligen tagna av den h\u00e4r vilda stranden med sin djupa svarta sand, l\u00e5ngt ifr\u00e5n de turistiska str\u00e4nderna i s\u00f6der. P\u00e5 ena sidan utsikten \u00f6ver Anagaklipporna, p\u00e5 den andra en klippig udde som gett den dess namn. Vi nj\u00f6t av den fridfulla, naturliga atmosf\u00e4ren, \u00e4ven om badf\u00f6rh\u00e5llandena kan vara mer hektiska p\u00e5 grund av v\u00e5gor och str\u00f6mmar.<\/p>\n\n<figure class=\"wp-block-image size-large\"><img decoding=\"async\" src=\"https:\/\/photos.smugmug.com\/Canarias-Lovers\/Tenerife\/Anaga\/Playa-de-Roques-de-las-Bodegas\/i-sPsDp7X\/0\/Nhdnf5Zj43K7BntNKgzG2rPfLPcNMtd7BjcHbRGM4\/L\/playa-roque-bodegas-rocks-L.jpg\" alt=\"Roque de las Bodeguas\"\/><\/figure>\n\n<h3 class=\"wp-block-heading\">Tillg\u00e5ng<\/h3>\n\n<ul class=\"wp-block-list\">\n<li>Norr om Anagamassivet<\/li>\n\n\n\n<li>Norra punkten<\/li>\n\n\n\n<li>45 minuter med bil fr\u00e5n Santa Cruz de Tenerife<\/li>\n\n\n\n<li>Slingrande TF-134-v\u00e4g som leder ner till stranden<\/li>\n\n\n\n<li>Parkeringsplats l\u00e4ngs v\u00e4gen<\/li>\n<\/ul>\n\n<h3 class=\"wp-block-heading\">Anv\u00e4ndbar information<\/h3>\n\n<ul class=\"wp-block-list\">\n<li>Svart sandstrand och klippor<\/li>\n\n\n\n<li>Strand utan tillsyn<\/li>\n\n\n\n<li>Enkla duschar och toaletter<\/li>\n\n\n\n<li>N\u00e5gra sm\u00e5 lokala restauranger i byn<\/li>\n<\/ul>\n\n<p>L\u00e4s mer om den h\u00e4r stranden (kommer snart).<\/p>\n\n<div style=\"background-color:#fefefe;margin-top:6%;margin-bottom:6%\" class=\"wp-block-genesis-blocks-gb-container box gb-block-container\"><div class=\"gb-container-inside\"><div class=\"gb-container-content\" style=\"max-width:700px\">\n<div class=\"wp-block-columns inverse is-layout-flex wp-container-core-columns-is-layout-9d6595d7 wp-block-columns-is-layout-flex\">\n<div class=\"wp-block-column texte_planif is-layout-flow wp-block-column-is-layout-flow\" style=\"flex-basis:58%\">\n<h5 class=\"titre_box\">Ta emot v\u00e5rt <span class=\"titre_box_manuscrit\">nyhetsbrev<\/span><\/h5>\n\n\n\n<ul class=\"wp-block-list\">\n<li>En frisk fl\u00e4kt i ditt dagliga liv p\u00e5 de vackra destinationerna i Region Lovers!<\/li>\n\n\n\n<li>En g\u00e5ng i m\u00e5naden<\/li>\n\n\n\n<li>Reklamfri<\/li>\n<\/ul>\n\n\n\n                <div class='gf_browser_gecko gform_wrapper gform-theme gform-theme--foundation gform-theme--framework gform-theme--orbital' data-form-theme='orbital' data-form-index='0' id='gform_wrapper_3' ><style>#gform_wrapper_3[data-form-index=\"0\"].gform-theme,[data-parent-form=\"3_0\"]{--gf-color-primary: #204ce5;--gf-color-primary-rgb: 32, 76, 229;--gf-color-primary-contrast: #fff;--gf-color-primary-contrast-rgb: 255, 255, 255;--gf-color-primary-darker: #001AB3;--gf-color-primary-lighter: #527EFF;--gf-color-secondary: #fff;--gf-color-secondary-rgb: 255, 255, 255;--gf-color-secondary-contrast: #112337;--gf-color-secondary-contrast-rgb: 17, 35, 55;--gf-color-secondary-darker: #F5F5F5;--gf-color-secondary-lighter: #FFFFFF;--gf-color-out-ctrl-light: rgba(17, 35, 55, 0.1);--gf-color-out-ctrl-light-rgb: 17, 35, 55;--gf-color-out-ctrl-light-darker: rgba(104, 110, 119, 0.35);--gf-color-out-ctrl-light-lighter: #F5F5F5;--gf-color-out-ctrl-dark: #585e6a;--gf-color-out-ctrl-dark-rgb: 88, 94, 106;--gf-color-out-ctrl-dark-darker: #112337;--gf-color-out-ctrl-dark-lighter: rgba(17, 35, 55, 0.65);--gf-color-in-ctrl: #fff;--gf-color-in-ctrl-rgb: 255, 255, 255;--gf-color-in-ctrl-contrast: #112337;--gf-color-in-ctrl-contrast-rgb: 17, 35, 55;--gf-color-in-ctrl-darker: #F5F5F5;--gf-color-in-ctrl-lighter: #FFFFFF;--gf-color-in-ctrl-primary: #204ce5;--gf-color-in-ctrl-primary-rgb: 32, 76, 229;--gf-color-in-ctrl-primary-contrast: #fff;--gf-color-in-ctrl-primary-contrast-rgb: 255, 255, 255;--gf-color-in-ctrl-primary-darker: #001AB3;--gf-color-in-ctrl-primary-lighter: #527EFF;--gf-color-in-ctrl-light: rgba(17, 35, 55, 0.1);--gf-color-in-ctrl-light-rgb: 17, 35, 55;--gf-color-in-ctrl-light-darker: rgba(104, 110, 119, 0.35);--gf-color-in-ctrl-light-lighter: #F5F5F5;--gf-color-in-ctrl-dark: #585e6a;--gf-color-in-ctrl-dark-rgb: 88, 94, 106;--gf-color-in-ctrl-dark-darker: #112337;--gf-color-in-ctrl-dark-lighter: rgba(17, 35, 55, 0.65);--gf-radius: 3px;--gf-font-size-secondary: 14px;--gf-font-size-tertiary: 13px;--gf-icon-ctrl-number: url(\"data:image\/svg+xml,%3Csvg width='8' height='14' viewBox='0 0 8 14' fill='none' xmlns='http:\/\/www.w3.org\/2000\/svg'%3E%3Cpath fill-rule='evenodd' clip-rule='evenodd' d='M4 0C4.26522 5.96046e-08 4.51957 0.105357 4.70711 0.292893L7.70711 3.29289C8.09763 3.68342 8.09763 4.31658 7.70711 4.70711C7.31658 5.09763 6.68342 5.09763 6.29289 4.70711L4 2.41421L1.70711 4.70711C1.31658 5.09763 0.683417 5.09763 0.292893 4.70711C-0.0976311 4.31658 -0.097631 3.68342 0.292893 3.29289L3.29289 0.292893C3.48043 0.105357 3.73478 0 4 0ZM0.292893 9.29289C0.683417 8.90237 1.31658 8.90237 1.70711 9.29289L4 11.5858L6.29289 9.29289C6.68342 8.90237 7.31658 8.90237 7.70711 9.29289C8.09763 9.68342 8.09763 10.3166 7.70711 10.7071L4.70711 13.7071C4.31658 14.0976 3.68342 14.0976 3.29289 13.7071L0.292893 10.7071C-0.0976311 10.3166 -0.0976311 9.68342 0.292893 9.29289Z' fill='rgba(17, 35, 55, 0.65)'\/%3E%3C\/svg%3E\");--gf-icon-ctrl-select: url(\"data:image\/svg+xml,%3Csvg width='10' height='6' viewBox='0 0 10 6' fill='none' xmlns='http:\/\/www.w3.org\/2000\/svg'%3E%3Cpath fill-rule='evenodd' clip-rule='evenodd' d='M0.292893 0.292893C0.683417 -0.097631 1.31658 -0.097631 1.70711 0.292893L5 3.58579L8.29289 0.292893C8.68342 -0.0976311 9.31658 -0.0976311 9.70711 0.292893C10.0976 0.683417 10.0976 1.31658 9.70711 1.70711L5.70711 5.70711C5.31658 6.09763 4.68342 6.09763 4.29289 5.70711L0.292893 1.70711C-0.0976311 1.31658 -0.0976311 0.683418 0.292893 0.292893Z' fill='rgba(17, 35, 55, 0.65)'\/%3E%3C\/svg%3E\");--gf-icon-ctrl-search: url(\"data:image\/svg+xml,%3Csvg width='640' height='640' xmlns='http:\/\/www.w3.org\/2000\/svg'%3E%3Cpath d='M256 128c-70.692 0-128 57.308-128 128 0 70.691 57.308 128 128 128 70.691 0 128-57.309 128-128 0-70.692-57.309-128-128-128zM64 256c0-106.039 85.961-192 192-192s192 85.961 192 192c0 41.466-13.146 79.863-35.498 111.248l154.125 154.125c12.496 12.496 12.496 32.758 0 45.254s-32.758 12.496-45.254 0L367.248 412.502C335.862 434.854 297.467 448 256 448c-106.039 0-192-85.962-192-192z' fill='rgba(17, 35, 55, 0.65)'\/%3E%3C\/svg%3E\");--gf-label-space-y-secondary: var(--gf-label-space-y-md-secondary);--gf-ctrl-border-color: #686e77;--gf-ctrl-size: var(--gf-ctrl-size-md);--gf-ctrl-label-color-primary: #112337;--gf-ctrl-label-color-secondary: #112337;--gf-ctrl-choice-size: var(--gf-ctrl-choice-size-md);--gf-ctrl-checkbox-check-size: var(--gf-ctrl-checkbox-check-size-md);--gf-ctrl-radio-check-size: var(--gf-ctrl-radio-check-size-md);--gf-ctrl-btn-font-size: var(--gf-ctrl-btn-font-size-md);--gf-ctrl-btn-padding-x: var(--gf-ctrl-btn-padding-x-md);--gf-ctrl-btn-size: var(--gf-ctrl-btn-size-md);--gf-ctrl-btn-border-color-secondary: #686e77;--gf-ctrl-file-btn-bg-color-hover: #EBEBEB;--gf-field-img-choice-size: var(--gf-field-img-choice-size-md);--gf-field-img-choice-card-space: var(--gf-field-img-choice-card-space-md);--gf-field-img-choice-check-ind-size: var(--gf-field-img-choice-check-ind-size-md);--gf-field-img-choice-check-ind-icon-size: var(--gf-field-img-choice-check-ind-icon-size-md);--gf-field-pg-steps-number-color: rgba(17, 35, 55, 0.8);}<\/style>\n                        <div class='gform_heading'>\n                            <p class='gform_description'><\/p>\n                        <\/div><form method='post' enctype='multipart\/form-data'  id='gform_3'  action='\/sv\/wp-json\/wp\/v2\/posts\/6202' data-formid='3' novalidate> \r\n <input type='hidden' class='gforms-pum' value='{\"closepopup\":false,\"closedelay\":0,\"openpopup\":false,\"openpopup_id\":0}' \/>\n                        <div class='gform-body gform_body'><div id='gform_fields_3' class='gform_fields top_label form_sublabel_below description_below validation_below'><div id=\"field_3_1\" class=\"gfield gfield--type-email gfield--input-type-email gfield_contains_required field_sublabel_below gfield--no-description field_description_below hidden_label field_validation_below gfield_visibility_visible\"  ><label class='gfield_label gform-field-label' for='input_3_1'>E-mail<span class=\"gfield_required\"><span class=\"gfield_required gfield_required_text\">(Obligatoriskt)<\/span><\/span><\/label><div class='ginput_container ginput_container_email'>\n                            <input name='input_1' id='input_3_1' type='email' value='' class='large'    aria-required=\"true\" aria-invalid=\"false\"  \/>\n                        <\/div><\/div><fieldset id=\"field_3_4\" class=\"gfield gfield--type-consent gfield--type-choice gfield--input-type-consent gfield--width-full gfield_contains_required field_sublabel_below gfield--no-description field_description_below hidden_label field_validation_below gfield_visibility_visible\"  ><legend class='gfield_label gform-field-label gfield_label_before_complex' >RGPD<span class=\"gfield_required\"><span class=\"gfield_required gfield_required_text\">(Obligatoriskt)<\/span><\/span><\/legend><div class='ginput_container ginput_container_consent'><input name='input_4.1' id='input_3_4_1' type='checkbox' value='1'   aria-required=\"true\" aria-invalid=\"false\"   \/> <label class=\"gform-field-label gform-field-label--type-inline gfield_consent_label\" for='input_3_4_1' >Ja, jag vill prenumerera p\u00e5 det m\u00e5natliga nyhetsbrevet<span class=\"gfield_required gfield_required_text\">(Obligatoriskt)<\/span><\/label><input type='hidden' name='input_4.2' value='Ja, jag vill prenumerera p\u00e5 det m\u00e5natliga nyhetsbrevet' class='gform_hidden' \/><input type='hidden' name='input_4.3' value='1' class='gform_hidden' \/><\/div><\/fieldset><div id=\"field_3_5\" class=\"gfield gfield--type-website gfield--input-type-website gfield--width-full field_sublabel_below gfield--no-description field_description_below field_validation_below gfield_visibility_hidden\"  ><div class=\"admin-hidden-markup\"><i class=\"gform-icon gform-icon--hidden\" aria-hidden=\"true\" title=\"Detta f\u00e4lt \u00e4r dolt n\u00e4r formul\u00e4ret visas\"><\/i><span>Detta f\u00e4lt \u00e4r dolt n\u00e4r formul\u00e4ret visas<\/span><\/div><label class='gfield_label gform-field-label' for='input_3_5'>Site Web<\/label><div class='ginput_container ginput_container_website'>\n                    <input name='input_5' id='input_3_5' type='url' value='https:\/\/canarias-lovers.com\/sv\/wp-json\/wp\/v2\/posts\/6202' class='large'    placeholder='https:\/\/'  aria-invalid=\"false\" \/>\n                <\/div><\/div><\/div><\/div>\n        <div class='gform-footer gform_footer top_label'> <input type='submit' id='gform_submit_button_3' class='gform_button button' onclick='gform.submission.handleButtonClick(this);' data-submission-type='submit' value='Prenumerera'  \/> \n            <input type='hidden' class='gform_hidden' name='gform_submission_method' data-js='gform_submission_method_3' value='postback' \/>\n            <input type='hidden' class='gform_hidden' name='gform_theme' data-js='gform_theme_3' id='gform_theme_3' value='orbital' \/>\n            <input type='hidden' class='gform_hidden' name='gform_style_settings' data-js='gform_style_settings_3' id='gform_style_settings_3' value='{&quot;inputPrimaryColor&quot;:&quot;#204ce5&quot;}' \/>\n            <input type='hidden' class='gform_hidden' name='is_submit_3' value='1' \/>\n            <input type='hidden' class='gform_hidden' name='gform_submit' value='3' \/>\n            \n            <input type='hidden' class='gform_hidden' name='gform_currency' data-currency='EUR' value='bxYSigcAuqXd8dOfY+7418GeP7kF6M5i1G8JtdakQ8X\/CEF6F3262oMZrdrGb4cjL9J8vKgQL9UlIxzzlexx0sKT02kW7RPhIffpib05wBLT2As=' \/>\n            <input type='hidden' class='gform_hidden' name='gform_unique_id' value='' \/>\n            <input type='hidden' class='gform_hidden' name='state_3' value='WyJ7XCI0LjFcIjpcIjg3MGIzYzZhNWQ4YTg2NGNkMjkzMjI4ZDZjZTM1N2NiXCIsXCI0LjJcIjpcImQwNmNhMDIwY2RkNmI3Y2I5YmQ4MDI2NjQzYmY1YjVjXCIsXCI0LjNcIjpcIjg3MGIzYzZhNWQ4YTg2NGNkMjkzMjI4ZDZjZTM1N2NiXCJ9IiwiZWI0MGNmNzJhNjllOTI4YjgxZmEwMDU5MDFlMjllZGYiXQ==' \/>\n            <input type='hidden' autocomplete='off' class='gform_hidden' name='gform_target_page_number_3' id='gform_target_page_number_3' value='0' \/>\n            <input type='hidden' autocomplete='off' class='gform_hidden' name='gform_source_page_number_3' id='gform_source_page_number_3' value='1' \/>\n            <input type='hidden' name='gform_field_values' value='' \/>\n            \n        <\/div>\n                        <\/form>\n                        <\/div><script>\ngform.initializeOnLoaded( function() {gformInitSpinner( 3, 'https:\/\/canarias-lovers.com\/wp-content\/plugins\/gravityforms\/images\/spinner.svg', false );jQuery('#gform_ajax_frame_3').on('load',function(){var contents = jQuery(this).contents().find('*').html();var is_postback = contents.indexOf('GF_AJAX_POSTBACK') >= 0;if(!is_postback){return;}var form_content = jQuery(this).contents().find('#gform_wrapper_3');var is_confirmation = jQuery(this).contents().find('#gform_confirmation_wrapper_3').length > 0;var is_redirect = contents.indexOf('gformRedirect(){') >= 0;var is_form = form_content.length > 0 && ! is_redirect && ! is_confirmation;var mt = parseInt(jQuery('html').css('margin-top'), 10) + parseInt(jQuery('body').css('margin-top'), 10) + 100;if(is_form){jQuery('#gform_wrapper_3').html(form_content.html());if(form_content.hasClass('gform_validation_error')){jQuery('#gform_wrapper_3').addClass('gform_validation_error');} else {jQuery('#gform_wrapper_3').removeClass('gform_validation_error');}setTimeout( function() { \/* delay the scroll by 50 milliseconds to fix a bug in chrome *\/  }, 50 );if(window['gformInitDatepicker']) {gformInitDatepicker();}if(window['gformInitPriceFields']) {gformInitPriceFields();}var current_page = jQuery('#gform_source_page_number_3').val();gformInitSpinner( 3, 'https:\/\/canarias-lovers.com\/wp-content\/plugins\/gravityforms\/images\/spinner.svg', false );jQuery(document).trigger('gform_page_loaded', [3, current_page]);window['gf_submitting_3'] = false;}else if(!is_redirect){var confirmation_content = jQuery(this).contents().find('.GF_AJAX_POSTBACK').html();if(!confirmation_content){confirmation_content = contents;}jQuery('#gform_wrapper_3').replaceWith(confirmation_content);jQuery(document).trigger('gform_confirmation_loaded', [3]);window['gf_submitting_3'] = false;wp.a11y.speak(jQuery('#gform_confirmation_message_3').text());}else{jQuery('#gform_3').append(contents);if(window['gformRedirect']) {gformRedirect();}}jQuery(document).trigger(\"gform_pre_post_render\", [{ formId: \"3\", currentPage: \"current_page\", abort: function() { this.preventDefault(); } }]);        if (event && event.defaultPrevented) {                return;        }        const gformWrapperDiv = document.getElementById( \"gform_wrapper_3\" );        if ( gformWrapperDiv ) {            const visibilitySpan = document.createElement( \"span\" );            visibilitySpan.id = \"gform_visibility_test_3\";            gformWrapperDiv.insertAdjacentElement( \"afterend\", visibilitySpan );        }        const visibilityTestDiv = document.getElementById( \"gform_visibility_test_3\" );        let postRenderFired = false;        function triggerPostRender() {            if ( postRenderFired ) {                return;            }            postRenderFired = true;            gform.core.triggerPostRenderEvents( 3, current_page );            if ( visibilityTestDiv ) {                visibilityTestDiv.parentNode.removeChild( visibilityTestDiv );            }        }        function debounce( func, wait, immediate ) {            var timeout;            return function() {                var context = this, args = arguments;                var later = function() {                    timeout = null;                    if ( !immediate ) func.apply( context, args );                };                var callNow = immediate && !timeout;                clearTimeout( timeout );                timeout = setTimeout( later, wait );                if ( callNow ) func.apply( context, args );            };        }        const debouncedTriggerPostRender = debounce( function() {            triggerPostRender();        }, 200 );        if ( visibilityTestDiv && visibilityTestDiv.offsetParent === null ) {            const observer = new MutationObserver( ( mutations ) => {                mutations.forEach( ( mutation ) => {                    if ( mutation.type === 'attributes' && visibilityTestDiv.offsetParent !== null ) {                        debouncedTriggerPostRender();                        observer.disconnect();                    }                });            });            observer.observe( document.body, {                attributes: true,                childList: false,                subtree: true,                attributeFilter: [ 'style', 'class' ],            });        } else {            triggerPostRender();        }    } );} );\n<\/script>\n<\/div>\n\n\n\n<div class=\"wp-block-column is-layout-flow wp-block-column-is-layout-flow\" style=\"flex-basis:42%\">\n<div class=\"wp-block-genesis-blocks-gb-container aligncenter newsletter-radius gb-block-container\"><div class=\"gb-container-inside\"><div class=\"gb-container-content\"><div class=\"wp-block-image newsletter-image\">\n<figure class=\"aligncenter size-full\"><img loading=\"lazy\" decoding=\"async\" width=\"729\" height=\"792\" src=\"https:\/\/canarias-lovers.com\/wp-content\/uploads\/2024\/06\/newsletter_FR_2.png\" alt=\"Nyhetsbrev\" class=\"wp-image-1181\" srcset=\"https:\/\/canarias-lovers.com\/wp-content\/uploads\/2024\/06\/newsletter_FR_2.png 729w, https:\/\/canarias-lovers.com\/wp-content\/uploads\/2024\/06\/newsletter_FR_2-276x300.png 276w\" sizes=\"auto, (max-width: 729px) 100vw, 729px\" \/><\/figure>\n<\/div><\/div><\/div><\/div>\n<\/div>\n<\/div>\n<\/div><\/div><\/div>\n\n<h2 class=\"wp-block-heading\"><span class=\"ez-toc-section\" id=\"10_Playa_del_Castillo_Playa_Jardin\"><\/span>10. Playa del Castillo (Playa Jardin)<span class=\"ez-toc-section-end\"><\/span><\/h2>\n\n<figure class=\"wp-block-image\"><img decoding=\"async\" src=\"https:\/\/photos.smugmug.com\/Canarias-Lovers\/Tenerife\/Puerto-de-la-Cruz\/Plages\/Playa-del-Castillo\/i-ZfCCsRZ\/0\/Kdh2Lp54JfMkvN4wVrzzKtgrsTRqmGqBJSv2XMtG3\/L\/people-playa-castillo-puerto-cruz-tenerife-L.jpg\" alt=\"Playa Jardin, Puerto de la Cruz, Teneriffa\"\/><\/figure>\n\n<h3 class=\"wp-block-heading\">Varf\u00f6r vi \u00e4lskar det<\/h3>\n\n<p>Playa del Castillo \u00e4r en unik strand, \u00e4ven k\u00e4nd som <strong>Playa Jardin.<\/strong> Vi blev f\u00f6rtjusta i den <strong>pittoreska milj\u00f6n<\/strong>: <strong>Ch\u00e2teau San Felipe<\/strong>, som har gett namn \u00e5t anl\u00e4ggningen, p\u00e5 ena sidan och tr\u00e4dg\u00e5rden med sina <strong>palmer<\/strong> p\u00e5 den andra. Det \u00e4r en riktig <strong>oas mellan staden och havet.<\/strong> V\u00e5gorna \u00e4r relativt m\u00e5ttliga och vattnet grunt. Det g\u00f6r stranden <strong>idealisk<\/strong> <strong>f\u00f6r familjer,<\/strong> s\u00e4rskilt som det finns <strong>solstolar och parasoller<\/strong> att hyra.<\/p>\n\n<figure class=\"wp-block-image\"><img decoding=\"async\" src=\"https:\/\/photos.smugmug.com\/Canarias-Lovers\/Tenerife\/Puerto-de-la-Cruz\/Plages\/Playa-del-Castillo\/i-9hNjSmD\/0\/KfcXZQzW8p6srQhM8D68ZgffFcctz45n3btqBW55H\/L\/global-view-playa-castillo-puerto-cruz-tenerife-L.jpg\" alt=\"Playa del Casillo, Puerto de la Cruz, Teneriffa\"\/><\/figure>\n\n<h3 class=\"wp-block-heading\">Tillg\u00e5ng<\/h3>\n\n<ul class=\"wp-block-list\">\n<li>Nordv\u00e4st om <strong>Puerto de la Cruz<\/strong><\/li>\n\n\n\n<li>Norra kusten<\/li>\n\n\n\n<li><strong>20 minuters promenad<\/strong> fr\u00e5n stadens centrum<\/li>\n\n\n\n<li>Det finns <strong>parkeringsplatser<\/strong> ovanf\u00f6r. De var gratis n\u00e4r vi bes\u00f6kte dem.<\/li>\n\n\n\n<li>Parkeringen vid <strong>Explanada del Muelle<\/strong> ligger mindre \u00e4n <strong>15 minuters<\/strong> promenad bort och \u00e4r <strong>gratis<\/strong> och \u00f6ppen <strong>24 timmar om dygnet<\/strong>.<\/li>\n<\/ul>\n\n<h3 class=\"wp-block-heading\">Praktisk information<\/h3>\n\n<ul class=\"wp-block-list\">\n<li>Sanden \u00e4r <strong>svart<\/strong> och <strong>vulkanisk<\/strong>, vilket \u00e4r typiskt f\u00f6r Teneriffa.<\/li>\n\n\n\n<li>Sluttningen \u00e4r <strong>ganska svag <\/strong>men botten \u00e4r <strong>stenig<\/strong>, vilket kan g\u00f6ra det sv\u00e5rt att simma. <strong>S\u00e4rskilda skor<\/strong> rekommenderas, s\u00e4rskilt eftersom sanden \u00e4r mycket varm p\u00e5 sommaren.<\/li>\n\n\n\n<li>Stranden \u00e4r <strong>\u00f6vervakad<\/strong> och det finns ett <strong>f\u00f6rsta hj\u00e4lpen-center<\/strong>.<\/li>\n\n\n\n<li>Duschar och toaletter<\/li>\n\n\n\n<li>Solstolar och parasoller f\u00f6r uthyrning<\/li>\n\n\n\n<li>Plage \u00e4r <strong>tillg\u00e4nglig f\u00f6r personer med nedsatt r\u00f6rlighet<\/strong>. Det finns en ramp f\u00f6r p\u00e5fart fr\u00e5n v\u00e4gen och <strong>reserverade parkeringsplatser<\/strong>.<\/li>\n\n\n\n<li>Vi hittade en <strong>cafeteria<\/strong> med en terrass p\u00e5 stranden.<\/li>\n<\/ul>\n\n<p><a href=\"https:\/\/canarias-lovers.com\/sv\/playa-del-castillo-strand-puerto-cruz-teneriffa\/\" target=\"_blank\" rel=\"noreferrer noopener\">Ta reda p\u00e5 mer om denna strand.<\/a><\/p>\n\n<h2 class=\"wp-block-heading\"><span class=\"ez-toc-section\" id=\"11_Playa_Cueva_del_Agua\"><\/span>11. Playa Cueva del Agua<span class=\"ez-toc-section-end\"><\/span><\/h2>\n\n<figure class=\"wp-block-image\"><img decoding=\"async\" src=\"https:\/\/photos.smugmug.com\/Canarias-Lovers\/Tenerife\/Anaga\/Playa-Cueva-del-Agua\/i-bvjD9XX\/0\/Nbm4gxbQSS8pGm3wxPtCQwjrW6nB7mFHSvdKHxGN7\/L\/playa%20cueva%20agua%20tenerife-L.jpg\" alt=\"Playa Cueva del Agua - Allm&#xE4;n vy\"\/><\/figure>\n\n<h3 class=\"wp-block-heading\">Varf\u00f6r vi \u00e4lskar det<\/h3>\n\n<p>Denna avskilda strand, \u00f6ster om Playa de La Gaviotas, \u00e4r en av v\u00e5ra favoritplatser som ligger g\u00f6md i Anaga-massivet. Vi blev f\u00f6rf\u00f6rda av den fina svarta sanden och den naturliga charmen. \u00c4ven om den inte \u00e4r \u00f6vervakad eller utrustad, erbjuder den goda simf\u00f6rh\u00e5llanden. Lutningen f\u00f6r att komma ner i vattnet \u00e4r mjuk och gradvis. N\u00e4r vi passerade lekte en mamma och ett barn i v\u00e5gorna och skrattade. \u00c4ven om den f\u00f6rbises av ett semesterboende, erbjuder denna or\u00f6rda strand trevlig avskildhet. Tillg\u00e5ngen fr\u00e5n parkeringen vid Playa de Las Gaviotas kan dock vara mycket begr\u00e4nsad vid h\u00f6gvatten.<\/p>\n\n<figure class=\"wp-block-image size-large\"><img decoding=\"async\" src=\"https:\/\/photos.smugmug.com\/Canarias-Lovers\/Tenerife\/Anaga\/Playa-Cueva-del-Agua\/i-W9LMSCq\/0\/NR75zRVXm8MXvwQ3F6CxGrrk9CR5JFB2WQ7Vz9hJ7\/L\/playa-cueva-agua-L.jpg\" alt=\"Playa Cueva del Agua - sand\"\/><\/figure>\n\n<h3 class=\"wp-block-heading\">Tillg\u00e5ng<\/h3>\n\n<ul class=\"wp-block-list\">\n<li>Bel\u00e4get 25 minuter med bil fr\u00e5n Santa Cruz, bredvid Playa de Las Gaviotas<\/li>\n\n\n\n<li>Norra punkten<\/li>\n\n\n\n<li>Mycket smal och slingrande TF-121-v\u00e4g p\u00e5 sidan av en klippa<\/li>\n\n\n\n<li>Brant kurva p\u00e5 Carretera de Las Gaviotas ner till stranden<\/li>\n\n\n\n<li>Gratis parkering i terr\u00e4ng mellan Playa de Las Gaviotas och Playa Cueva del Agua<\/li>\n\n\n\n<li>Kort promenad mellan klipporna f\u00f6r att n\u00e5 stranden fr\u00e5n \u00f6stra sidan av parkeringen<\/li>\n\n\n\n<li>Med buss: linje 945 sedan 20 minuters promenad nerf\u00f6r backen &#8211; mer info <a href=\"https:\/\/titsa.com\/index.php\/tus-guaguas\/lineas-y-horarios\/linea-945\" target=\"_blank\" rel=\"noreferrer noopener\">h\u00e4r<\/a><\/li>\n<\/ul>\n\n<h3 class=\"wp-block-heading\">Anv\u00e4ndbar information<\/h3>\n\n<ul class=\"wp-block-list\">\n<li>Fin svart sand och stenar<\/li>\n\n\n\n<li>Mjuk, gradvis lutning f\u00f6r att komma ner i vattnet<\/li>\n\n\n\n<li>Strand utan tillsyn<\/li>\n\n\n\n<li>Inga faciliteter eller tj\u00e4nster<\/li>\n\n\n\n<li>Skugga under tr\u00e4den beroende p\u00e5 tid p\u00e5 dagen<\/li>\n\n\n\n<li>Inte tillg\u00e4nglig f\u00f6r personer med nedsatt r\u00f6rlighet<\/li>\n\n\n\n<li>Inga cateringm\u00f6jligheter p\u00e5 plats<\/li>\n<\/ul>\n\n<p>L\u00e4s mer om den h\u00e4r stranden (kommer snart).<\/p>\n\n<h2 class=\"wp-block-heading\"><span class=\"ez-toc-section\" id=\"12_Playa_de_Fanabe\"><\/span>12. Playa de Fa\u00f1ab\u00e9<span class=\"ez-toc-section-end\"><\/span><\/h2>\n\n<figure class=\"wp-block-image\"><img decoding=\"async\" src=\"https:\/\/photos.smugmug.com\/Canarias-Lovers\/Tenerife\/Costa-Adeje\/Playa-Fanabe\/i-n23DpzN\/0\/h7vMCCH4BwzmZHWH46g8m5ZfcLtRfb6fJ56FKTmH\/L\/playa%20fanabe%20costa%20adeje%20tenerife-L.jpg\" alt=\"Playa de Fa&#xF1;ab&#xE9; - hav\"\/><\/figure>\n\n<h3 class=\"wp-block-heading\">Varf\u00f6r vi \u00e4lskar det<\/h3>\n\n<p>I slutet av dagen erbj\u00f6d denna l\u00e5nga strand oss en fantastisk utsikt \u00f6ver havet. Den svarta sanden som sk\u00f6ljdes av v\u00e5gorna och den orangef\u00e4rgade himlen f\u00e4ngslade oss. Det var ett magnifikt spel av ljus och reflektioner!  <br\/>Denna strand \u00e4r s\u00e4rskilt l\u00e4mplig f\u00f6r familjer. H\u00e4r kan du njuta av vattensporter, inklusive trampb\u00e5tar med en integrerad rutschkana. P\u00e5 strandpromenaden l\u00e4ngs sanden finns lekutrustning f\u00f6r barn. Mellan minigolfbanan och studsmattan kommer dina sm\u00e5ttingar inte att ha tid att bli uttr\u00e5kade!<\/p>\n\n<figure class=\"wp-block-image\"><img decoding=\"async\" src=\"https:\/\/photos.smugmug.com\/Canarias-Lovers\/Tenerife\/Costa-Adeje\/Playa-Fanabe\/i-ZfmpqQ9\/0\/Ck4CzwjRJtQ2mJHKz9g453mWcQjZkNRJV2JDkkd9t\/L\/activite%20playa%20fanabe%20costa%20adeje%20tenerife-L.jpg\" alt=\"Playa de Fa&#xF1;ab&#xE9; - vattensport\"\/><\/figure>\n\n<h3 class=\"wp-block-heading\">Tillg\u00e5ng<\/h3>\n\n<ul class=\"wp-block-list\">\n<li>Andra stranden norr om Costa Adeje<\/li>\n\n\n\n<li>S\u00f6der om Playa del Duque<\/li>\n\n\n\n<li>Sydkusten<\/li>\n\n\n\n<li>5 minuters promenad fr\u00e5n Centro Comercial Plaza del Duque, som har en underjordisk parkeringsplats.<\/li>\n<\/ul>\n\n<h3 class=\"wp-block-heading\">Praktisk information<\/h3>\n\n<ul class=\"wp-block-list\">\n<li>Svart sand blandad med sm\u00e5 stenar,<\/li>\n\n\n\n<li>En mjuk, gradvis lutning n\u00e4r du kommer ut i vattnet,<\/li>\n\n\n\n<li>\u00d6vervakad strand,<\/li>\n\n\n\n<li>Duschar och toaletter,<\/li>\n\n\n\n<li>Tillg\u00e4nglighet f\u00f6r PRM.<\/li>\n\n\n\n<li>Barer och restauranger i n\u00e4rheten.<\/li>\n<\/ul>\n\n<p><a href=\"https:\/\/canarias-lovers.com\/sv\/playa-fanabe-plage-costa-adeje-tenerife-2\/\" target=\"_blank\" rel=\"noreferrer noopener\">Ta reda p\u00e5 mer om denna strand.<\/a><\/p>\n\n<h2 class=\"wp-block-heading\"><span class=\"ez-toc-section\" id=\"13_Playa_de_Antequera\"><\/span>13. Playa de Antequera<span class=\"ez-toc-section-end\"><\/span><\/h2>\n\n<h3 class=\"wp-block-heading\">Varf\u00f6r<\/h3>\n\n<p>Denna strand ligger isolerad norr om Anaga Park och kan endast n\u00e5s med b\u00e5t eller efter en trevlig vandring. Stranden \u00e4r mindre v\u00e4lbes\u00f6kt eftersom den \u00e4r sv\u00e5rare att ta sig till, och det \u00e4r en av de sista riktigt vilda str\u00e4nderna p\u00e5 \u00f6n. Du kommer att \u00e4lska dess of\u00f6rst\u00f6rda karakt\u00e4r och turkosa vatten. Vi rekommenderar att du tar med dig allt du beh\u00f6ver, eftersom det inte finns n\u00e5gon utrustning p\u00e5 plats.<\/p>\n\n<figure class=\"wp-block-image\"><img decoding=\"async\" src=\"https:\/\/photos.smugmug.com\/Canarias-Lovers\/Tenerife\/Anaga\/Playa-Antequera\/i-gznVG6F\/0\/LwwF49NHH95jMpVRLdFFGb5G5GbrGBDQZPBm7Djhs\/L\/playa%20antequera%20tenerife-L.jpg\" alt=\"Playa de Antequera - Vattentaxi fr&#xE5;n Igueste till Playa Antequera\"\/><figcaption class=\"wp-element-caption\">Vattentaxi fr\u00e5n Igueste till Playa de Antequera<\/figcaption><\/figure>\n\n<h3 class=\"wp-block-heading\">Tillg\u00e5ng<\/h3>\n\n<ul class=\"wp-block-list\">\n<li>Bel\u00e4get norr om Igueste<\/li>\n\n\n\n<li>Nord\u00f6stra punkten<\/li>\n\n\n\n<li>Tillg\u00e4nglig med vattentaxi fr\u00e5n den fr\u00e4mre stranden<\/li>\n\n\n\n<li>eller efter en vandring (ca 7 timmars slinga, sv\u00e5r v\u00e4g)<\/li>\n\n\n\n<li>Du kan promenera dit och \u00e5terv\u00e4nda med vattentaxi &#8211; boka i f\u00f6rv\u00e4g <a href=\"http:\/\/www.nauticanivaria.com\/index?lang=en\" target=\"_blank\" rel=\"noreferrer noopener nofollow\">h\u00e4r<\/a><\/li>\n<\/ul>\n\n<h3 class=\"wp-block-heading\">Anv\u00e4ndbar information<\/h3>\n\n<ul class=\"wp-block-list\">\n<li>Svart sand och sm\u00e5sten<\/li>\n\n\n\n<li>Gradvis lutning f\u00f6r att komma ut i vattnet<\/li>\n\n\n\n<li>Strand utan tillsyn<\/li>\n\n\n\n<li>Ingen utrustning<\/li>\n\n\n\n<li>Inte tillg\u00e4nglig f\u00f6r personer med nedsatt r\u00f6rlighet<\/li>\n\n\n\n<li>Inga cateringm\u00f6jligheter p\u00e5 plats<\/li>\n\n\n\n<li>Ta med vatten och ett mellanm\u00e5l<\/li>\n\n\n\n<li>D\u00e5ligt telefonn\u00e4t p\u00e5 plats<\/li>\n<\/ul>\n\n<h2 class=\"wp-block-heading\"><span class=\"ez-toc-section\" id=\"14_Playa_de_La_Enramada_La_Caleta\"><\/span>14. Playa de La Enramada (La Caleta)<span class=\"ez-toc-section-end\"><\/span><\/h2>\n\n<figure class=\"wp-block-image size-large\"><img decoding=\"async\" src=\"https:\/\/photos.smugmug.com\/Canarias-Lovers\/Tenerife\/Costa-Adeje\/Playa-de-la-Enramada\/i-cRm7m5k\/0\/NV5Rm8SMJx4cFQHK4zhmK8DLfGsbWG2vWf4kB8wrv\/L\/playa-Enramada-L.jpg\" alt=\"Utsikt &#xF6;ver Playa de La Enramada\"\/><\/figure>\n\n<h3 class=\"wp-block-heading\">Varf\u00f6r vi \u00e4lskar det<\/h3>\n\n<p>La Enramada charmade oss med sin mer isolerade och vilda atmosf\u00e4r. Den h\u00e4r stranden med svart sand och sm\u00e5sten erbjuder en upplevelse l\u00e5ngt bort fr\u00e5n turistbranschens liv och r\u00f6relse. De starkare v\u00e5gorna g\u00f6r det till en popul\u00e4r plats f\u00f6r surfare. Vi gillade s\u00e4rskilt klippformationerna i slutet av stranden.<\/p>\n\n<figure class=\"wp-block-image size-large\"><img decoding=\"async\" src=\"https:\/\/photos.smugmug.com\/Canarias-Lovers\/Tenerife\/Costa-Adeje\/Playa-de-la-Enramada\/i-L6VdWgt\/0\/LxS3Qjf8JTc3QJcCBJ7n8ckrgr8TVwJnhF34QLbRd\/L\/playa-Enramada-1-L.jpg\" alt=\"Klippor vid slutet av Playa de La Enramada\"\/><\/figure>\n\n<h3 class=\"wp-block-heading\">Tillg\u00e5ng<\/h3>\n\n<ul class=\"wp-block-list\">\n<li>La Caleta (norr om Costa Adeje)<\/li>\n\n\n\n<li>Fr\u00e5n Playa del Duque: 5 min bilresa<\/li>\n\n\n\n<li>Sydkusten<\/li>\n<\/ul>\n\n<h3 class=\"wp-block-heading\">Anv\u00e4ndbar information<\/h3>\n\n<ul class=\"wp-block-list\">\n<li>\u00d6vervakad strand<\/li>\n\n\n\n<li>Inga duschar<\/li>\n\n\n\n<li>Solstolar f\u00f6r uthyrning<\/li>\n\n\n\n<li>Restaurang p\u00e5 stranden<\/li>\n<\/ul>\n\n<h2 class=\"wp-block-heading\"><span class=\"ez-toc-section\" id=\"15_Playa_de_la_Tejita_naturist\"><\/span>15. Playa de la Tejita (naturist)<span class=\"ez-toc-section-end\"><\/span><\/h2>\n\n<figure class=\"wp-block-image size-large\"><img decoding=\"async\" src=\"https:\/\/photos.smugmug.com\/Canarias-Lovers\/Tenerife\/El-Medano\/Playa-de-la-Tejita\/i-3T2pnhn\/0\/KWbRHzGf9fMQcfNMM3ZvpfPk9spVXGhn3MwBS7cCB\/L\/playa-tejita-1-L.jpg\" alt=\"Playa de la Tejita och montana roja\"\/><\/figure>\n\n<h3 class=\"wp-block-heading\">Varf\u00f6r vi \u00e4lskar det<\/h3>\n\n<p>Playa de la Tejita vann oss \u00f6ver med sin naturliga, or\u00f6rda karakt\u00e4r. Den h\u00e4r l\u00e5nga gyllene sandstranden \u00e4r en av Teneriffas st\u00f6rsta naturstr\u00e4nder och erbjuder en spektakul\u00e4r bakgrund till bergskedjan Roja. Vi uppskattade s\u00e4rskilt den avslappnade atmosf\u00e4ren och k\u00e4nslan av rymd som denna mindre v\u00e4lbes\u00f6kta strand erbjuder.<\/p>\n\n<figure class=\"wp-block-image size-large\"><img decoding=\"async\" src=\"https:\/\/photos.smugmug.com\/Canarias-Lovers\/Tenerife\/El-Medano\/Playa-de-la-Tejita\/i-XV3nJ4b\/0\/KnVn2L5Rc3xGCTvcKTD38QH6kB5S7JhqbP2g6trsN\/L\/playa-tejita-L.jpg\" alt=\"Playa de la Tejita\"\/><\/figure>\n\n<h3 class=\"wp-block-heading\">Tillg\u00e5ng<\/h3>\n\n<ul class=\"wp-block-list\">\n<li>V\u00e4ster om El M\u00e9dano<\/li>\n\n\n\n<li>Den andra sidan av Montana Roja<\/li>\n\n\n\n<li>Sydkusten<\/li>\n\n\n\n<li>Fr\u00e5n Santa Cruz de Tenerife: 45 minuter<\/li>\n\n\n\n<li>Fr\u00e5n Costa Adeje: 25 minuter<\/li>\n<\/ul>\n\n<h3 class=\"wp-block-heading\">Anv\u00e4ndbar information<\/h3>\n\n<ul class=\"wp-block-list\">\n<li>Naturiststrand<\/li>\n\n\n\n<li>Strand utan tillsyn<\/li>\n\n\n\n<li>F\u00e5 installationer<\/li>\n<\/ul>\n\n<h2 class=\"wp-block-heading\"><span class=\"ez-toc-section\" id=\"Andra_strander_pa_Teneriffa\"><\/span>Andra str\u00e4nder p\u00e5 Teneriffa<span class=\"ez-toc-section-end\"><\/span><\/h2>\n\n<figure class=\"wp-block-image\"><img decoding=\"async\" src=\"https:\/\/photos.smugmug.com\/Canarias-Lovers\/Tenerife\/Costa-Adeje\/Playa-Troya\/i-hC5WFpP\/0\/fxVRD9N54L33D59nnWQMDH3T87r4c5xpG7ZCrHvv\/L\/playa%20troya%20costa%20adeje%20tenerife-L.jpg\" alt=\"Playa de Troya - hav\"\/><figcaption class=\"wp-element-caption\">Playa de Troya<\/figcaption><\/figure>\n\n<h3 class=\"wp-block-heading\">Str\u00e4nder med svart sand p\u00e5 Teneriffa<\/h3>\n\n<ul class=\"wp-block-list\">\n<li>Playa de Troya (Costa Adeje)<\/li>\n\n\n\n<li>Playa del Bollullo (norr om Puerto de la Cruz)<\/li>\n\n\n\n<li>Playa San Juan (mellan Costa Adeje och Los Gigantes)<\/li>\n\n\n\n<li>Playa de La Arena (Los Gigantes)<\/li>\n<\/ul>\n\n<h3 class=\"wp-block-heading\">Gyllene sandstr\u00e4nder p\u00e5 Teneriffa<\/h3>\n\n<ul class=\"wp-block-list\">\n<li>Playa de la Monta\u00f1a Roja (El Medano)<\/li>\n\n\n\n<li>Playa de Abama (Guia de Isora)<\/li>\n\n\n\n<li>Playa de Los Cristianos<\/li>\n\n\n\n<li>Playa de las Vistas (Los Cristianos)<\/li>\n\n\n\n<li>Playa de las Am\u00e9ricas  <\/li>\n<\/ul>\n\n<figure class=\"wp-block-image size-large\"><img decoding=\"async\" src=\"https:\/\/photos.smugmug.com\/Canarias-Lovers\/Tenerife\/Los-Cristianos\/Beaches\/Playa-de-los-Cristianos\/i-s444hnq\/0\/KwnCzXvXq9HTsGLRNWKsR5MfT64p43TQP2Nv9wDFR\/L\/playa-los-cristianos-1-L.jpg\" alt=\"Playa de Los Cristianos\"\/><figcaption class=\"wp-element-caption\">Playa de Los Cristianos<\/figcaption><\/figure>\n\n<h2 class=\"wp-block-heading\"><span class=\"ez-toc-section\" id=\"Vanliga_fragor_och_svar\"><\/span>Vanliga fr\u00e5gor och svar<span class=\"ez-toc-section-end\"><\/span><\/h2>\n\n<h3 class=\"wp-block-heading\">N\u00e4r ska man bada p\u00e5 Teneriffa<\/h3>\n\n<p>V\u00e4dret \u00e4r bra \u00e5ret runt, men havet \u00e4r varmare p\u00e5 sommaren.<br\/>P\u00e5 vintern sjunker vattnet till 18-20\u00b0C, medan det p\u00e5 sommaren kan n\u00e5 24\u00b0C.<br\/>S\u00e5 allt beror p\u00e5 din komfortzon f\u00f6r simning.<\/p>\n\n<h3 class=\"wp-block-heading\">Naturiststr\u00e4nder p\u00e5 Teneriffa<\/h3>\n\n<p>Vissa str\u00e4nder f\u00f6r naturister:<\/p>\n\n<ul class=\"wp-block-list\">\n<li>Playa de la Tejita (El medano)<\/li>\n\n\n\n<li>Playa de los Patos<\/li>\n\n\n\n<li>Playa las Gaviotas<\/li>\n<\/ul>\n\n<h3 class=\"wp-block-heading\">Teneriffas naturliga pooler  <\/h3>\n\n<figure class=\"wp-block-image size-large\"><img decoding=\"async\" src=\"https:\/\/photos.smugmug.com\/Canarias-Lovers\/Tenerife\/El-Medano\/Piscinas-los-Abrigos\/i-KVSj7hk\/0\/MRZbpHPzJB3ctGvkhnF7NpLqTWP9Wz9FKCqpzBCMQ\/L\/piscinas-los-abrigos-1-L.jpg\" alt=\"Los Abrigos\"\/><\/figure>\n\n<p>Teneriffa har en m\u00e4ngd naturliga pooler, s\u00e4rskilt p\u00e5 norra delen av \u00f6n, men \u00e4ven i viss utstr\u00e4ckning p\u00e5 s\u00f6dra delen.<br\/>Om du har f\u00e5tt nog av sandstranden kan du bege dig till de vulkaniska klipporna.<br\/>Du kan \u00e5ka dit vid l\u00e5gvatten f\u00f6r att simma i det klara vattnet eller vid h\u00f6gvatten f\u00f6r att titta p\u00e5 v\u00e5gorna som sl\u00e5r in. N\u00e5gra av v\u00e5ra favoriter:<\/p>\n\n<ul class=\"wp-block-list\">\n<li>Naturliga bass\u00e4nger Los Abrigos<\/li>\n\n\n\n<li>El Caleton i Garachico<\/li>\n\n\n\n<li>Charco de los Chochos<\/li>\n\n\n\n<li>\u2026<\/li>\n<\/ul>\n\n<p><a href=\"https:\/\/canarias-lovers.com\/sv\/naturliga-pooler-teneriffa-laguner\/\" target=\"_blank\" rel=\"noreferrer noopener\">Se v\u00e5r lista \u00f6ver de vackraste naturliga poolerna p\u00e5 Teneriffa.<\/a><\/p>\n\n<div style=\"margin-top:8%;margin-bottom:8%\" class=\"wp-block-genesis-blocks-gb-container box gb-block-container\"><div class=\"gb-container-inside\"><div class=\"gb-container-content\" style=\"max-width:700px\">\n<div class=\"wp-block-genesis-blocks-gb-container box_titre gb-block-container\"><div class=\"gb-container-inside\"><div class=\"gb-container-content\">\n<h5 class=\"titre_box\"><span>PLANERA<\/span> DIN RESA TILL <span class=\"titre_box_manuscrit\">tenerife<\/span><\/h5>\n<\/div><\/div><\/div>\n\n\n\n<hr class=\"wp-block-separator has-text-color has-alpha-channel-opacity has-background is-style-wide hr-box-planif\" style=\"background-color:#ccd3dd;color:#ccd3dd\"\/>\n\n\n\n<div class=\"wp-block-columns box_sans_border is-layout-flex wp-container-core-columns-is-layout-9d6595d7 wp-block-columns-is-layout-flex\">\n<div class=\"wp-block-column texte_planif is-layout-flow wp-block-column-is-layout-flow\" style=\"font-size:14px;flex-basis:60%\">\n<ul class=\"wp-block-list\">\n<li><strong>B\u00e4st av<\/strong><\/li>\n<\/ul>\n\n\n\n<p class=\"ul_box\" style=\"font-size:14px\"><a href=\"https:\/\/canarias-lovers.com\/sv\/sevardheter-teneriffa-att-gora\/\" target=\"_blank\" rel=\"noreferrer noopener\">Vad man kan g\u00f6ra p\u00e5 Teneriffa<\/a><br\/><a href=\"https:\/\/canarias-lovers.com\/sv\/basta-staderna-teneriffa-byarna\/\" target=\"_blank\" rel=\"noreferrer noopener\">De vackraste st\u00e4derna och byarna<\/a><br\/><a href=\"https:\/\/canarias-lovers.com\/sv\/basta-stranderna-teneriffa\/\" target=\"_blank\" rel=\"noreferrer noopener\">De vackraste str\u00e4nderna<\/a><br\/><a href=\"https:\/\/canarias-lovers.com\/sv\/naturliga-pooler-teneriffa-laguner\/\" target=\"_blank\" rel=\"noreferrer noopener\">B\u00e4sta naturliga pooler<\/a><br\/><a href=\"https:\/\/canarias-lovers.com\/sv\/landskap-teneriffa-foton\/\" target=\"_blank\" rel=\"noreferrer noopener\">De vackraste landskapen<\/a><br\/><a href=\"https:\/\/canarias-lovers.com\/sv\/vackraste-vagarna-teneriffa\/\" target=\"_blank\" rel=\"noreferrer noopener\">De vackraste v\u00e4garna<\/a><br\/><a data-type=\"post\" data-id=\"6866\" href=\"https:\/\/canarias-lovers.com\/sv\/temaparker-teneriffa\/\" target=\"_blank\" rel=\"noreferrer noopener\">N\u00f6jesparker<\/a><br\/><a href=\"https:\/\/canarias-lovers.com\/sv\/basta-utflykter-teneriffa\/\" type=\"post\" id=\"8548\" target=\"_blank\" rel=\"noreferrer noopener\">B\u00e4sta utflykterna p\u00e5 Teneriffa<\/a><\/p>\n<\/div>\n\n\n\n<div class=\"wp-block-column is-vertically-aligned-top planif-radius is-layout-flow wp-block-column-is-layout-flow\" style=\"flex-basis:40%\">\n<figure class=\"wp-block-image size-large img-portrait\"><img decoding=\"async\" src=\"https:\/\/photos.smugmug.com\/Canarias-Lovers\/Tenerife\/Best-of\/i-pvFVTGs\/0\/0848ad4a\/S\/parc-national-teide-tenerife-S.jpg\" alt=\"Teide nationalpark p&#xE5; Teneriffa\" title=\"\"\/><\/figure>\n<\/div>\n<\/div>\n\n\n\n<hr class=\"wp-block-separator has-text-color has-alpha-channel-opacity has-background is-style-wide hr-box-planif\" style=\"background-color:#ccd3dd;color:#ccd3dd\"\/>\n\n\n\n<div class=\"wp-block-columns box_sans_border is-layout-flex wp-container-core-columns-is-layout-9d6595d7 wp-block-columns-is-layout-flex\">\n<div class=\"wp-block-column texte_planif is-layout-flow wp-block-column-is-layout-flow\" style=\"flex-basis:60%\">\n<ul class=\"wp-block-list\">\n<li><strong>Praktiska r\u00e5d<\/strong><\/li>\n<\/ul>\n\n\n\n<p style=\"font-size:14px\"><a data-type=\"post\" data-id=\"5907\" href=\"https:\/\/canarias-lovers.com\/sv\/reseguide-teneriffa-resetips\/\" target=\"_blank\" rel=\"noreferrer noopener\">25 tips f\u00f6r en lyckad resa till Teneriffa<\/a><br\/><a data-type=\"post\" data-id=\"6143\" href=\"https:\/\/canarias-lovers.com\/sv\/ta-sig-runt-teneriffa-transport\/\" target=\"_blank\" rel=\"noreferrer noopener\">Hur man tar sig runt<\/a><br\/><a data-type=\"post\" data-id=\"2175\" href=\"https:\/\/canarias-lovers.com\/sv\/hur-hyr-bil-teneriffa-tips-erfarenhet\/\" target=\"_blank\" rel=\"noreferrer noopener\">Hur man hyr en bil p\u00e5 Teneriffa<\/a><br\/><a data-type=\"post\" data-id=\"5963\" href=\"https:\/\/canarias-lovers.com\/sv\/conduire-tenerife-conseils\/\" target=\"_blank\" rel=\"noreferrer noopener\">Tips f\u00f6r k\u00f6rning<\/a><br\/>B\u00e4sta utflykter (kommer snart)<br\/><a data-type=\"post\" data-id=\"5908\" href=\"https:\/\/canarias-lovers.com\/sv\/var-ska-bo-teneriffa-basta-omradena\/\" target=\"_blank\" rel=\"noreferrer noopener\">Var du kan bo p\u00e5 Teneriffa<\/a><br\/>Resplaner: 3 dagar &#8211; 4 dagar &#8211; <a href=\"https:\/\/canarias-lovers.com\/sv\/besok-5-dagar-teneriffa-resvagar\/\" target=\"_blank\" rel=\"noreferrer noopener\">5 dagar <\/a>&#8211; <a href=\"https:\/\/canarias-lovers.com\/sv\/besok-6-dagar-teneriffa-resvagar\/\" target=\"_blank\" rel=\"noreferrer noopener\">6 dagar<\/a> &#8211; <a href=\"https:\/\/canarias-lovers.com\/sv\/besok-teneriffa-en-vecka-resvagar\/\" target=\"_blank\" rel=\"noreferrer noopener\">1 vecka <\/a>&#8211; <a href=\"https:\/\/canarias-lovers.com\/sv\/besok-10-dagar-teneriffa-resplan\/\" target=\"_blank\" rel=\"noreferrer noopener\">10 dagar<\/a><\/p>\n<\/div>\n\n\n\n<div class=\"wp-block-column is-vertically-aligned-top planif-radius is-layout-flow wp-block-column-is-layout-flow\" style=\"flex-basis:40%\">\n<figure class=\"wp-block-image size-large img-portrait\"><img decoding=\"async\" src=\"https:\/\/photos.smugmug.com\/Canarias-Lovers\/Tenerife\/Driving\/i-hrSHvkb\/1\/565a5a58\/S\/tenerife-rental-car-driving-3-S.jpg\" alt=\"Hyrbil Teneriffa\" title=\"\"\/><\/figure>\n<\/div>\n<\/div>\n\n\n\n<hr class=\"wp-block-separator has-text-color has-alpha-channel-opacity has-background is-style-wide hr-box-planif\" style=\"background-color:#ccd3dd;color:#ccd3dd\"\/>\n\n\n\n<div class=\"wp-block-columns box_sans_border is-layout-flex wp-container-core-columns-is-layout-9d6595d7 wp-block-columns-is-layout-flex\">\n<div class=\"wp-block-column texte_planif is-layout-flow wp-block-column-is-layout-flow\" style=\"flex-basis:60%\">\n<ul class=\"wp-block-list\">\n<li><strong>Det du m\u00e5ste ha<\/strong><\/li>\n<\/ul>\n\n\n\n<p style=\"font-size:14px\"><a href=\"https:\/\/canarias-lovers.com\/sv\/delfinspotting-teneriffa-baleiner-utflykter\/\" target=\"_blank\" rel=\"noreferrer noopener\">Delfinsk\u00e5dning p\u00e5 Teneriffa<\/a><br\/><a data-type=\"post\" data-id=\"5913\" href=\"https:\/\/canarias-lovers.com\/sv\/nationalpark-teide-teneriffa-sevardheter-tips\/\" target=\"_blank\" rel=\"noreferrer noopener\">Teide nationalpark<\/a><br\/>Anaga landsbygdspark (kommer snart)<br\/><a href=\"https:\/\/canarias-lovers.com\/sv\/sevardheter-la-orotava-teneriffa-att-gora\/\" target=\"_blank\" rel=\"noreferrer noopener\">La Orotava<\/a><br\/><a data-type=\"post\" data-id=\"4663\" href=\"https:\/\/canarias-lovers.com\/sv\/sevardheter-garachico-teneriffa-att-gora\/\" target=\"_blank\" rel=\"noreferrer noopener\">Garachico<\/a><br\/><a href=\"https:\/\/canarias-lovers.com\/sv\/sevardheter-masca-teneriffa-att-gora\/\" target=\"_blank\" rel=\"noreferrer noopener\">Byn Masca<\/a><br\/><a href=\"https:\/\/canarias-lovers.com\/sv\/visiter-pyramides-guimar-tenerife-2\/\" target=\"_blank\" rel=\"noreferrer noopener\">Pyramiderna i G\u00fcimar<\/a><br\/><br\/><\/p>\n<\/div>\n\n\n\n<div class=\"wp-block-column is-vertically-aligned-top planif-radius is-layout-flow wp-block-column-is-layout-flow\" style=\"flex-basis:40%\">\n<figure class=\"wp-block-image size-large img-portrait\"><img decoding=\"async\" src=\"https:\/\/photos.smugmug.com\/Canarias-Lovers\/Tenerife\/Best-of\/i-wQrB5Lp\/0\/0bf54665\/S\/tenerife-dauphins-1-S.jpg\" alt=\"Delfin p&#xE5; Teneriffa\" title=\"\"\/><\/figure>\n<\/div>\n<\/div>\n\n\n\n<div style=\"height:30px\" aria-hidden=\"true\" class=\"wp-block-spacer\"><\/div>\n<\/div><\/div><\/div>\n\n<div class=\"wp-block-genesis-blocks-gb-container box_auteur_voyage gb-block-container\"><div class=\"gb-container-inside\"><div class=\"gb-container-content\">\n<figure class=\"wp-block-image size-large img_auteur_voyage img_provisoire\"><img decoding=\"async\" src=\"https:\/\/photos.smugmug.com\/Region-Lovers\/Equipe\/i-nsNF6C6\/0\/Cs2F5n96pkt9xFD9D3SVqmQspMhrKgN75nHgBqmjG\/L\/Claire-L.png\" alt=\"\"\/><\/figure>\n\n\n\n<h5 class=\"titre_auteur_voyage\"><span>HON GJORDE RESAN OCH SKREV ARTIKELN \n <\/span><span class=\"titre_box_manuscrit\">Claire<\/span><\/h5>\n<\/div><\/div><\/div>\n","protected":false},"excerpt":{"rendered":"<p>Vi \u00e5kte runt hela \u00f6n och bes\u00f6kte ett stort antal str\u00e4nder: fin vit, gyllene eller svart sand, turkost vatten&#8230; Vi hittade m\u00e5nga vackra semesterstr\u00e4nder, men ocks\u00e5 n\u00e5gra vilda str\u00e4nder som vi vill dela med oss av till er. Det var ett sv\u00e5rt val, men h\u00e4r \u00e4r v\u00e5r lista \u00f6ver de b\u00e4sta str\u00e4nderna p\u00e5 Teneriffa, med [&hellip;]<\/p>\n","protected":false},"author":1,"featured_media":6096,"comment_status":"closed","ping_status":"closed","sticky":false,"template":"","format":"standard","meta":{"_genesis_hide_title":false,"_genesis_hide_breadcrumbs":false,"_genesis_hide_singular_image":false,"_genesis_hide_footer_widgets":false,"_genesis_custom_body_class":"","_genesis_custom_post_class":"","_genesis_layout":"","footnotes":""},"categories":[47],"tags":[],"class_list":{"0":"post-6202","1":"post","2":"type-post","3":"status-publish","4":"format-standard","5":"has-post-thumbnail","7":"category-teneriffa","8":"entry"},"yoast_head":"<!-- This site is optimized with the Yoast SEO plugin v27.2 - https:\/\/yoast.com\/product\/yoast-seo-wordpress\/ -->\n<title>15 b\u00e4sta str\u00e4nderna p\u00e5 Teneriffa (foton + tips)<\/title>\n<meta name=\"description\" content=\"Uppt\u00e4ck v\u00e5rt urval av de b\u00e4sta str\u00e4nderna p\u00e5 Teneriffa, med v\u00e5ra foton och r\u00e5d: tillg\u00e5ng, \u00f6vervakning, kvalitet ...\" \/>\n<meta name=\"robots\" content=\"index, follow, max-snippet:-1, max-image-preview:large, max-video-preview:-1\" \/>\n<link rel=\"canonical\" href=\"https:\/\/canarias-lovers.com\/sv\/basta-stranderna-teneriffa\/\" \/>\n<meta property=\"og:locale\" content=\"sv_SE\" \/>\n<meta property=\"og:type\" content=\"article\" \/>\n<meta property=\"og:title\" content=\"15 b\u00e4sta str\u00e4nderna p\u00e5 Teneriffa (foton + tips)\" \/>\n<meta property=\"og:description\" content=\"Uppt\u00e4ck v\u00e5rt urval av de b\u00e4sta str\u00e4nderna p\u00e5 Teneriffa, med v\u00e5ra foton och r\u00e5d: tillg\u00e5ng, \u00f6vervakning, kvalitet ...\" \/>\n<meta property=\"og:url\" content=\"https:\/\/canarias-lovers.com\/sv\/basta-stranderna-teneriffa\/\" \/>\n<meta property=\"og:site_name\" content=\"Canarias Lovers: Tenerife + Gran Canaria\" \/>\n<meta property=\"article:published_time\" content=\"2024-12-27T16:14:51+00:00\" \/>\n<meta property=\"article:modified_time\" content=\"2024-12-27T16:39:09+00:00\" \/>\n<meta property=\"og:image\" content=\"https:\/\/canarias-lovers.com\/wp-content\/uploads\/2024\/12\/basta-stranderna-Teneriffa-vackraste.jpg\" \/>\n\t<meta property=\"og:image:width\" content=\"800\" \/>\n\t<meta property=\"og:image:height\" content=\"600\" \/>\n\t<meta property=\"og:image:type\" content=\"image\/jpeg\" \/>\n<meta name=\"author\" content=\"Claire\" \/>\n<meta name=\"twitter:card\" content=\"summary_large_image\" \/>\n<meta name=\"twitter:label1\" content=\"Skriven av\" \/>\n\t<meta name=\"twitter:data1\" content=\"Claire\" \/>\n\t<meta name=\"twitter:label2\" content=\"Ber\u00e4knad l\u00e4stid\" \/>\n\t<meta name=\"twitter:data2\" content=\"15 minuter\" \/>\n<script type=\"application\/ld+json\" class=\"yoast-schema-graph\">{\"@context\":\"https:\/\/schema.org\",\"@graph\":[{\"@type\":\"Article\",\"@id\":\"https:\/\/canarias-lovers.com\/sv\/basta-stranderna-teneriffa\/#article\",\"isPartOf\":{\"@id\":\"https:\/\/canarias-lovers.com\/sv\/basta-stranderna-teneriffa\/\"},\"author\":{\"name\":\"Claire\",\"@id\":\"https:\/\/canarias-lovers.com\/sv\/#\/schema\/person\/4cfe633189ad64b99c9609bed2b00d55\"},\"headline\":\"15 b\u00e4sta str\u00e4nderna p\u00e5 Teneriffa (foton + tips)\",\"datePublished\":\"2024-12-27T16:14:51+00:00\",\"dateModified\":\"2024-12-27T16:39:09+00:00\",\"mainEntityOfPage\":{\"@id\":\"https:\/\/canarias-lovers.com\/sv\/basta-stranderna-teneriffa\/\"},\"wordCount\":3019,\"publisher\":{\"@id\":\"https:\/\/canarias-lovers.com\/sv\/#organization\"},\"image\":{\"@id\":\"https:\/\/canarias-lovers.com\/sv\/basta-stranderna-teneriffa\/#primaryimage\"},\"thumbnailUrl\":\"https:\/\/canarias-lovers.com\/wp-content\/uploads\/2024\/12\/basta-stranderna-Teneriffa-vackraste.jpg\",\"articleSection\":[\"Teneriffa\"],\"inLanguage\":\"sv-SE\"},{\"@type\":\"WebPage\",\"@id\":\"https:\/\/canarias-lovers.com\/sv\/basta-stranderna-teneriffa\/\",\"url\":\"https:\/\/canarias-lovers.com\/sv\/basta-stranderna-teneriffa\/\",\"name\":\"15 b\u00e4sta str\u00e4nderna p\u00e5 Teneriffa (foton + tips)\",\"isPartOf\":{\"@id\":\"https:\/\/canarias-lovers.com\/sv\/#website\"},\"primaryImageOfPage\":{\"@id\":\"https:\/\/canarias-lovers.com\/sv\/basta-stranderna-teneriffa\/#primaryimage\"},\"image\":{\"@id\":\"https:\/\/canarias-lovers.com\/sv\/basta-stranderna-teneriffa\/#primaryimage\"},\"thumbnailUrl\":\"https:\/\/canarias-lovers.com\/wp-content\/uploads\/2024\/12\/basta-stranderna-Teneriffa-vackraste.jpg\",\"datePublished\":\"2024-12-27T16:14:51+00:00\",\"dateModified\":\"2024-12-27T16:39:09+00:00\",\"description\":\"Uppt\u00e4ck v\u00e5rt urval av de b\u00e4sta str\u00e4nderna p\u00e5 Teneriffa, med v\u00e5ra foton och r\u00e5d: tillg\u00e5ng, \u00f6vervakning, kvalitet ...\",\"breadcrumb\":{\"@id\":\"https:\/\/canarias-lovers.com\/sv\/basta-stranderna-teneriffa\/#breadcrumb\"},\"inLanguage\":\"sv-SE\",\"potentialAction\":[{\"@type\":\"ReadAction\",\"target\":[\"https:\/\/canarias-lovers.com\/sv\/basta-stranderna-teneriffa\/\"]}]},{\"@type\":\"ImageObject\",\"inLanguage\":\"sv-SE\",\"@id\":\"https:\/\/canarias-lovers.com\/sv\/basta-stranderna-teneriffa\/#primaryimage\",\"url\":\"https:\/\/canarias-lovers.com\/wp-content\/uploads\/2024\/12\/basta-stranderna-Teneriffa-vackraste.jpg\",\"contentUrl\":\"https:\/\/canarias-lovers.com\/wp-content\/uploads\/2024\/12\/basta-stranderna-Teneriffa-vackraste.jpg\",\"width\":800,\"height\":600,\"caption\":\"basta stranderna Teneriffa vackraste\"},{\"@type\":\"BreadcrumbList\",\"@id\":\"https:\/\/canarias-lovers.com\/sv\/basta-stranderna-teneriffa\/#breadcrumb\",\"itemListElement\":[{\"@type\":\"ListItem\",\"position\":1,\"name\":\"Accueil\",\"item\":\"https:\/\/canarias-lovers.com\/sv\/\"},{\"@type\":\"ListItem\",\"position\":2,\"name\":\"Teneriffa\",\"item\":\"https:\/\/canarias-lovers.com\/sv\/teneriffa\/\"},{\"@type\":\"ListItem\",\"position\":3,\"name\":\"15 b\u00e4sta str\u00e4nderna p\u00e5 Teneriffa (foton + tips)\"}]},{\"@type\":\"WebSite\",\"@id\":\"https:\/\/canarias-lovers.com\/sv\/#website\",\"url\":\"https:\/\/canarias-lovers.com\/sv\/\",\"name\":\"Canarias Lovers: Tenerife + Gran Canaria\",\"description\":\"Claire och Manu's blogg\",\"publisher\":{\"@id\":\"https:\/\/canarias-lovers.com\/sv\/#organization\"},\"potentialAction\":[{\"@type\":\"SearchAction\",\"target\":{\"@type\":\"EntryPoint\",\"urlTemplate\":\"https:\/\/canarias-lovers.com\/sv\/?s={search_term_string}\"},\"query-input\":{\"@type\":\"PropertyValueSpecification\",\"valueRequired\":true,\"valueName\":\"search_term_string\"}}],\"inLanguage\":\"sv-SE\"},{\"@type\":\"Organization\",\"@id\":\"https:\/\/canarias-lovers.com\/sv\/#organization\",\"name\":\"Canarias Lovers: Tenerife + Gran Canaria\",\"url\":\"https:\/\/canarias-lovers.com\/sv\/\",\"logo\":{\"@type\":\"ImageObject\",\"inLanguage\":\"sv-SE\",\"@id\":\"https:\/\/canarias-lovers.com\/sv\/#\/schema\/logo\/image\/\",\"url\":\"https:\/\/canarias-lovers.com\/wp-content\/uploads\/2024\/05\/cropped-Canarias-Lovers-Logo.png\",\"contentUrl\":\"https:\/\/canarias-lovers.com\/wp-content\/uploads\/2024\/05\/cropped-Canarias-Lovers-Logo.png\",\"width\":2635,\"height\":595,\"caption\":\"Canarias Lovers: Tenerife + Gran Canaria\"},\"image\":{\"@id\":\"https:\/\/canarias-lovers.com\/sv\/#\/schema\/logo\/image\/\"}},{\"@type\":\"Person\",\"@id\":\"https:\/\/canarias-lovers.com\/sv\/#\/schema\/person\/4cfe633189ad64b99c9609bed2b00d55\",\"name\":\"Claire\",\"image\":{\"@type\":\"ImageObject\",\"inLanguage\":\"sv-SE\",\"@id\":\"https:\/\/secure.gravatar.com\/avatar\/53c353c843050f9265c9a68901a74b6613f3f04e343e64cbba45c5b031ea079b?s=96&d=mm&r=g\",\"url\":\"https:\/\/secure.gravatar.com\/avatar\/53c353c843050f9265c9a68901a74b6613f3f04e343e64cbba45c5b031ea079b?s=96&d=mm&r=g\",\"contentUrl\":\"https:\/\/secure.gravatar.com\/avatar\/53c353c843050f9265c9a68901a74b6613f3f04e343e64cbba45c5b031ea079b?s=96&d=mm&r=g\",\"caption\":\"Claire\"},\"sameAs\":[\"https:\/\/canarias-lovers.com\/claire-robinson\/\"],\"url\":\"https:\/\/canarias-lovers.com\/sv\/author\/canariaslover2\/\"}]}<\/script>\n<!-- \/ Yoast SEO plugin. -->","yoast_head_json":{"title":"15 b\u00e4sta str\u00e4nderna p\u00e5 Teneriffa (foton + tips)","description":"Uppt\u00e4ck v\u00e5rt urval av de b\u00e4sta str\u00e4nderna p\u00e5 Teneriffa, med v\u00e5ra foton och r\u00e5d: tillg\u00e5ng, \u00f6vervakning, kvalitet ...","robots":{"index":"index","follow":"follow","max-snippet":"max-snippet:-1","max-image-preview":"max-image-preview:large","max-video-preview":"max-video-preview:-1"},"canonical":"https:\/\/canarias-lovers.com\/sv\/basta-stranderna-teneriffa\/","og_locale":"sv_SE","og_type":"article","og_title":"15 b\u00e4sta str\u00e4nderna p\u00e5 Teneriffa (foton + tips)","og_description":"Uppt\u00e4ck v\u00e5rt urval av de b\u00e4sta str\u00e4nderna p\u00e5 Teneriffa, med v\u00e5ra foton och r\u00e5d: tillg\u00e5ng, \u00f6vervakning, kvalitet ...","og_url":"https:\/\/canarias-lovers.com\/sv\/basta-stranderna-teneriffa\/","og_site_name":"Canarias Lovers: Tenerife + Gran Canaria","article_published_time":"2024-12-27T16:14:51+00:00","article_modified_time":"2024-12-27T16:39:09+00:00","og_image":[{"width":800,"height":600,"url":"https:\/\/canarias-lovers.com\/wp-content\/uploads\/2024\/12\/basta-stranderna-Teneriffa-vackraste.jpg","type":"image\/jpeg"}],"author":"Claire","twitter_card":"summary_large_image","twitter_misc":{"Skriven av":"Claire","Ber\u00e4knad l\u00e4stid":"15 minuter"},"schema":{"@context":"https:\/\/schema.org","@graph":[{"@type":"Article","@id":"https:\/\/canarias-lovers.com\/sv\/basta-stranderna-teneriffa\/#article","isPartOf":{"@id":"https:\/\/canarias-lovers.com\/sv\/basta-stranderna-teneriffa\/"},"author":{"name":"Claire","@id":"https:\/\/canarias-lovers.com\/sv\/#\/schema\/person\/4cfe633189ad64b99c9609bed2b00d55"},"headline":"15 b\u00e4sta str\u00e4nderna p\u00e5 Teneriffa (foton + tips)","datePublished":"2024-12-27T16:14:51+00:00","dateModified":"2024-12-27T16:39:09+00:00","mainEntityOfPage":{"@id":"https:\/\/canarias-lovers.com\/sv\/basta-stranderna-teneriffa\/"},"wordCount":3019,"publisher":{"@id":"https:\/\/canarias-lovers.com\/sv\/#organization"},"image":{"@id":"https:\/\/canarias-lovers.com\/sv\/basta-stranderna-teneriffa\/#primaryimage"},"thumbnailUrl":"https:\/\/canarias-lovers.com\/wp-content\/uploads\/2024\/12\/basta-stranderna-Teneriffa-vackraste.jpg","articleSection":["Teneriffa"],"inLanguage":"sv-SE"},{"@type":"WebPage","@id":"https:\/\/canarias-lovers.com\/sv\/basta-stranderna-teneriffa\/","url":"https:\/\/canarias-lovers.com\/sv\/basta-stranderna-teneriffa\/","name":"15 b\u00e4sta str\u00e4nderna p\u00e5 Teneriffa (foton + tips)","isPartOf":{"@id":"https:\/\/canarias-lovers.com\/sv\/#website"},"primaryImageOfPage":{"@id":"https:\/\/canarias-lovers.com\/sv\/basta-stranderna-teneriffa\/#primaryimage"},"image":{"@id":"https:\/\/canarias-lovers.com\/sv\/basta-stranderna-teneriffa\/#primaryimage"},"thumbnailUrl":"https:\/\/canarias-lovers.com\/wp-content\/uploads\/2024\/12\/basta-stranderna-Teneriffa-vackraste.jpg","datePublished":"2024-12-27T16:14:51+00:00","dateModified":"2024-12-27T16:39:09+00:00","description":"Uppt\u00e4ck v\u00e5rt urval av de b\u00e4sta str\u00e4nderna p\u00e5 Teneriffa, med v\u00e5ra foton och r\u00e5d: tillg\u00e5ng, \u00f6vervakning, kvalitet ...","breadcrumb":{"@id":"https:\/\/canarias-lovers.com\/sv\/basta-stranderna-teneriffa\/#breadcrumb"},"inLanguage":"sv-SE","potentialAction":[{"@type":"ReadAction","target":["https:\/\/canarias-lovers.com\/sv\/basta-stranderna-teneriffa\/"]}]},{"@type":"ImageObject","inLanguage":"sv-SE","@id":"https:\/\/canarias-lovers.com\/sv\/basta-stranderna-teneriffa\/#primaryimage","url":"https:\/\/canarias-lovers.com\/wp-content\/uploads\/2024\/12\/basta-stranderna-Teneriffa-vackraste.jpg","contentUrl":"https:\/\/canarias-lovers.com\/wp-content\/uploads\/2024\/12\/basta-stranderna-Teneriffa-vackraste.jpg","width":800,"height":600,"caption":"basta stranderna Teneriffa vackraste"},{"@type":"BreadcrumbList","@id":"https:\/\/canarias-lovers.com\/sv\/basta-stranderna-teneriffa\/#breadcrumb","itemListElement":[{"@type":"ListItem","position":1,"name":"Accueil","item":"https:\/\/canarias-lovers.com\/sv\/"},{"@type":"ListItem","position":2,"name":"Teneriffa","item":"https:\/\/canarias-lovers.com\/sv\/teneriffa\/"},{"@type":"ListItem","position":3,"name":"15 b\u00e4sta str\u00e4nderna p\u00e5 Teneriffa (foton + tips)"}]},{"@type":"WebSite","@id":"https:\/\/canarias-lovers.com\/sv\/#website","url":"https:\/\/canarias-lovers.com\/sv\/","name":"Canarias Lovers: Tenerife + Gran Canaria","description":"Claire och Manu's blogg","publisher":{"@id":"https:\/\/canarias-lovers.com\/sv\/#organization"},"potentialAction":[{"@type":"SearchAction","target":{"@type":"EntryPoint","urlTemplate":"https:\/\/canarias-lovers.com\/sv\/?s={search_term_string}"},"query-input":{"@type":"PropertyValueSpecification","valueRequired":true,"valueName":"search_term_string"}}],"inLanguage":"sv-SE"},{"@type":"Organization","@id":"https:\/\/canarias-lovers.com\/sv\/#organization","name":"Canarias Lovers: Tenerife + Gran Canaria","url":"https:\/\/canarias-lovers.com\/sv\/","logo":{"@type":"ImageObject","inLanguage":"sv-SE","@id":"https:\/\/canarias-lovers.com\/sv\/#\/schema\/logo\/image\/","url":"https:\/\/canarias-lovers.com\/wp-content\/uploads\/2024\/05\/cropped-Canarias-Lovers-Logo.png","contentUrl":"https:\/\/canarias-lovers.com\/wp-content\/uploads\/2024\/05\/cropped-Canarias-Lovers-Logo.png","width":2635,"height":595,"caption":"Canarias Lovers: Tenerife + Gran Canaria"},"image":{"@id":"https:\/\/canarias-lovers.com\/sv\/#\/schema\/logo\/image\/"}},{"@type":"Person","@id":"https:\/\/canarias-lovers.com\/sv\/#\/schema\/person\/4cfe633189ad64b99c9609bed2b00d55","name":"Claire","image":{"@type":"ImageObject","inLanguage":"sv-SE","@id":"https:\/\/secure.gravatar.com\/avatar\/53c353c843050f9265c9a68901a74b6613f3f04e343e64cbba45c5b031ea079b?s=96&d=mm&r=g","url":"https:\/\/secure.gravatar.com\/avatar\/53c353c843050f9265c9a68901a74b6613f3f04e343e64cbba45c5b031ea079b?s=96&d=mm&r=g","contentUrl":"https:\/\/secure.gravatar.com\/avatar\/53c353c843050f9265c9a68901a74b6613f3f04e343e64cbba45c5b031ea079b?s=96&d=mm&r=g","caption":"Claire"},"sameAs":["https:\/\/canarias-lovers.com\/claire-robinson\/"],"url":"https:\/\/canarias-lovers.com\/sv\/author\/canariaslover2\/"}]}},"featured_image_src":"https:\/\/canarias-lovers.com\/wp-content\/uploads\/2024\/12\/basta-stranderna-Teneriffa-vackraste-600x400.jpg","featured_image_src_square":"https:\/\/canarias-lovers.com\/wp-content\/uploads\/2024\/12\/basta-stranderna-Teneriffa-vackraste-600x600.jpg","author_info":{"display_name":"Claire","author_link":"https:\/\/canarias-lovers.com\/sv\/author\/canariaslover2\/"},"_links":{"self":[{"href":"https:\/\/canarias-lovers.com\/sv\/wp-json\/wp\/v2\/posts\/6202","targetHints":{"allow":["GET"]}}],"collection":[{"href":"https:\/\/canarias-lovers.com\/sv\/wp-json\/wp\/v2\/posts"}],"about":[{"href":"https:\/\/canarias-lovers.com\/sv\/wp-json\/wp\/v2\/types\/post"}],"author":[{"embeddable":true,"href":"https:\/\/canarias-lovers.com\/sv\/wp-json\/wp\/v2\/users\/1"}],"replies":[{"embeddable":true,"href":"https:\/\/canarias-lovers.com\/sv\/wp-json\/wp\/v2\/comments?post=6202"}],"version-history":[{"count":0,"href":"https:\/\/canarias-lovers.com\/sv\/wp-json\/wp\/v2\/posts\/6202\/revisions"}],"wp:featuredmedia":[{"embeddable":true,"href":"https:\/\/canarias-lovers.com\/sv\/wp-json\/wp\/v2\/media\/6096"}],"wp:attachment":[{"href":"https:\/\/canarias-lovers.com\/sv\/wp-json\/wp\/v2\/media?parent=6202"}],"wp:term":[{"taxonomy":"category","embeddable":true,"href":"https:\/\/canarias-lovers.com\/sv\/wp-json\/wp\/v2\/categories?post=6202"},{"taxonomy":"post_tag","embeddable":true,"href":"https:\/\/canarias-lovers.com\/sv\/wp-json\/wp\/v2\/tags?post=6202"}],"curies":[{"name":"wp","href":"https:\/\/api.w.org\/{rel}","templated":true}]}}