{"id":5033,"date":"2024-10-25T14:43:45","date_gmt":"2024-10-25T14:43:45","guid":{"rendered":"https:\/\/canarias-lovers.com\/vad-man-ska-gora-i-puerto-de-la-cruz-tenerife-15-maste-se-foton\/"},"modified":"2024-11-08T09:50:27","modified_gmt":"2024-11-08T09:50:27","slug":"sevardheter-puerto-de-la-cruz-teneriffa-att-gora","status":"publish","type":"post","link":"https:\/\/canarias-lovers.com\/sv\/sevardheter-puerto-de-la-cruz-teneriffa-att-gora\/","title":{"rendered":"15 sev\u00e4rdheter i Puerto de la Cruz (Teneriffa)"},"content":{"rendered":"\n<p><strong>Frodiga tropiska tr\u00e4dg\u00e5rdar<\/strong>, bevarad <strong>kolonial charm<\/strong>, en livlig strandpromenad med utsikt \u00f6ver<strong>Atlanten<\/strong>&#8230; Uppt\u00e4ck alla skatterna i <strong>Puerto de la Cruz<\/strong>, en \u00e4kta stad p\u00e5 <strong>Teneriffa<\/strong> som perfekt kombinerar kanarisk tradition och det lugna <strong>s\u00e4ttet<\/strong> att leva.<\/p>\n\n<p>H\u00e4r \u00e4r v\u00e5ra id\u00e9er om <strong>vad du<\/strong> <strong>kan<\/strong> <strong>g\u00f6ra i Puerto de la Cruz<\/strong> under din vistelse p\u00e5 <strong>Kanarie\u00f6arna<\/strong>. Med sina <strong>svarta sandstr\u00e4nder<\/strong>, pittoreska <strong>historiska centrum<\/strong> och majest\u00e4tiska <strong>Teide<\/strong> som bakgrund, h\u00e4r \u00e4r alla v\u00e5ra favoritaktiviteter som hj\u00e4lper dig <strong>att planera en resa med milj\u00f6ombyte<\/strong>.<\/p>\n\n<figure class=\"wp-block-image size-full\"><img decoding=\"async\" src=\"https:\/\/canarias-lovers.com\/wp-content\/uploads\/2024\/10\/que-faire-puerto-cruz-visiter-incontournable-8.jpg\" alt=\"Sev&#xE4;rdheter i Puerto de la Cruz, Teneriffa\" class=\"wp-image-4979\"\/><\/figure>\n\n<p>Detta \u00e4r en helt <strong>oberoende<\/strong> \u00e5sikt, baserad p\u00e5 v\u00e5r egen erfarenhet. Vi bes\u00f6kte regionen anonymt, gjorde v\u00e5ra egna val och betalade v\u00e5ra r\u00e4kningar till fullo.<\/p>\n\n<div style=\"padding-left:5%\" class=\"wp-block-genesis-blocks-gb-container box gb-block-container\"><div class=\"gb-container-inside\"><div class=\"gb-container-content\">\n<p class=\"titre_box_manuscrit\">Inneh\u00e5ll<\/p>\n\n\n<div id=\"ez-toc-container\" class=\"ez-toc-v2_0_82_2 counter-hierarchy ez-toc-counter ez-toc-custom ez-toc-container-direction\">\n<div class=\"ez-toc-title-container\">\n<span class=\"ez-toc-title-toggle\"><\/span><\/div>\n<nav><ul class='ez-toc-list ez-toc-list-level-1 ' ><li class='ez-toc-page-1 ez-toc-heading-level-2'><a class=\"ez-toc-link ez-toc-heading-1\" href=\"https:\/\/canarias-lovers.com\/sv\/sevardheter-puerto-de-la-cruz-teneriffa-att-gora\/#1_Sola_i_tradgarden_pa_Playa_Jardin\" >1. Sola i tr\u00e4dg\u00e5rden p\u00e5 Playa Jardin<\/a><\/li><li class='ez-toc-page-1 ez-toc-heading-level-2'><a class=\"ez-toc-link ez-toc-heading-2\" href=\"https:\/\/canarias-lovers.com\/sv\/sevardheter-puerto-de-la-cruz-teneriffa-att-gora\/#2_Forundras_over_den_botaniska_tradgarden\" >2. F\u00f6rundras \u00f6ver den botaniska tr\u00e4dg\u00e5rden<\/a><\/li><li class='ez-toc-page-1 ez-toc-heading-level-2'><a class=\"ez-toc-link ez-toc-heading-3\" href=\"https:\/\/canarias-lovers.com\/sv\/sevardheter-puerto-de-la-cruz-teneriffa-att-gora\/#3_Koppla_av_vid_Lago_Martianez\" >3. Koppla av vid Lago Martianez<\/a><\/li><li class='ez-toc-page-1 ez-toc-heading-level-2'><a class=\"ez-toc-link ez-toc-heading-4\" href=\"https:\/\/canarias-lovers.com\/sv\/sevardheter-puerto-de-la-cruz-teneriffa-att-gora\/#4_Promenera_langs_Paseo_Maritimo\" >4. Promenera l\u00e4ngs Paseo Maritimo<\/a><\/li><li class='ez-toc-page-1 ez-toc-heading-level-2'><a class=\"ez-toc-link ez-toc-heading-5\" href=\"https:\/\/canarias-lovers.com\/sv\/sevardheter-puerto-de-la-cruz-teneriffa-att-gora\/#5_Besok_i_kyrkan_Nuestra_Senora_de_la_Pena_de_Francia\" >5. Bes\u00f6k i kyrkan Nuestra Se\u00f1ora de la Pe\u00f1a de Francia<\/a><\/li><li class='ez-toc-page-1 ez-toc-heading-level-2'><a class=\"ez-toc-link ez-toc-heading-6\" href=\"https:\/\/canarias-lovers.com\/sv\/sevardheter-puerto-de-la-cruz-teneriffa-att-gora\/#6_Pa_upptacktsfard_i_Castillo_San_Felipe\" >6. P\u00e5 uppt\u00e4cktsf\u00e4rd i Castillo San Felipe<\/a><\/li><li class='ez-toc-page-1 ez-toc-heading-level-2'><a class=\"ez-toc-link ez-toc-heading-7\" href=\"https:\/\/canarias-lovers.com\/sv\/sevardheter-puerto-de-la-cruz-teneriffa-att-gora\/#7_Beundra_gatukonsten_pa_vaggarna_i_Puerto_de_la_Cruz\" >7. Beundra gatukonsten p\u00e5 v\u00e4ggarna i Puerto de la Cruz<\/a><\/li><li class='ez-toc-page-1 ez-toc-heading-level-2'><a class=\"ez-toc-link ez-toc-heading-8\" href=\"https:\/\/canarias-lovers.com\/sv\/sevardheter-puerto-de-la-cruz-teneriffa-att-gora\/#8_Utforska_tradgarden_Sitio_Litre\" >8. Utforska tr\u00e4dg\u00e5rden Sitio Litre<\/a><\/li><li class='ez-toc-page-1 ez-toc-heading-level-2'><a class=\"ez-toc-link ez-toc-heading-9\" href=\"https:\/\/canarias-lovers.com\/sv\/sevardheter-puerto-de-la-cruz-teneriffa-att-gora\/#9_Att_klattra_uppfor_trappan_Agatha_Christie\" >9. Att kl\u00e4ttra uppf\u00f6r trappan Agatha Christie<\/a><\/li><li class='ez-toc-page-1 ez-toc-heading-level-2'><a class=\"ez-toc-link ez-toc-heading-10\" href=\"https:\/\/canarias-lovers.com\/sv\/sevardheter-puerto-de-la-cruz-teneriffa-att-gora\/#10_Betraktar_panoramat_fran_Mirador_de_la_Paz\" >10. Betraktar panoramat fr\u00e5n Mirador de la Paz<\/a><\/li><li class='ez-toc-page-1 ez-toc-heading-level-2'><a class=\"ez-toc-link ez-toc-heading-11\" href=\"https:\/\/canarias-lovers.com\/sv\/sevardheter-puerto-de-la-cruz-teneriffa-att-gora\/#11_Upptack_resterna_av_det_arkeologiska_museet\" >11. Uppt\u00e4ck resterna av det arkeologiska museet<\/a><\/li><li class='ez-toc-page-1 ez-toc-heading-level-2'><a class=\"ez-toc-link ez-toc-heading-12\" href=\"https:\/\/canarias-lovers.com\/sv\/sevardheter-puerto-de-la-cruz-teneriffa-att-gora\/#12_Klattra_upp_till_toppen_av_Penon_de_Fraile\" >12. Kl\u00e4ttra upp till toppen av Pe\u00f1on de Fraile<\/a><\/li><li class='ez-toc-page-1 ez-toc-heading-level-2'><a class=\"ez-toc-link ez-toc-heading-13\" href=\"https:\/\/canarias-lovers.com\/sv\/sevardheter-puerto-de-la-cruz-teneriffa-att-gora\/#13_Besok_San_Francisco_Church\" >13. Bes\u00f6k San Francisco Church<\/a><\/li><li class='ez-toc-page-1 ez-toc-heading-level-2'><a class=\"ez-toc-link ez-toc-heading-14\" href=\"https:\/\/canarias-lovers.com\/sv\/sevardheter-puerto-de-la-cruz-teneriffa-att-gora\/#14_Sparning_av_Kanarieoarnas_fiskehistoria_pa_fiskarmuseet\" >14. Sp\u00e5rning av Kanarie\u00f6arnas fiskehistoria p\u00e5 fiskarmuseet<\/a><\/li><li class='ez-toc-page-1 ez-toc-heading-level-2'><a class=\"ez-toc-link ez-toc-heading-15\" href=\"https:\/\/canarias-lovers.com\/sv\/sevardheter-puerto-de-la-cruz-teneriffa-att-gora\/#15_Ta_ett_djupt_andetag_pa_Jimenez_Beach\" >15. Ta ett djupt andetag p\u00e5 Jimenez Beach<\/a><\/li><li class='ez-toc-page-1 ez-toc-heading-level-2'><a class=\"ez-toc-link ez-toc-heading-16\" href=\"https:\/\/canarias-lovers.com\/sv\/sevardheter-puerto-de-la-cruz-teneriffa-att-gora\/#Sevardheter_i_Puerto_de_la_Cruz_andra_ideer\" >Sev\u00e4rdheter i Puerto de la Cruz: andra id\u00e9er<\/a><\/li><li class='ez-toc-page-1 ez-toc-heading-level-2'><a class=\"ez-toc-link ez-toc-heading-17\" href=\"https:\/\/canarias-lovers.com\/sv\/sevardheter-puerto-de-la-cruz-teneriffa-att-gora\/#Utflykter_runt_Puerto_de_la_Cruz\" >Utflykter runt Puerto de la Cruz<\/a><\/li><li class='ez-toc-page-1 ez-toc-heading-level-2'><a class=\"ez-toc-link ez-toc-heading-18\" href=\"https:\/\/canarias-lovers.com\/sv\/sevardheter-puerto-de-la-cruz-teneriffa-att-gora\/#Ar_Puerto_de_la_Cruz_vart_ett_besok\" >\u00c4r Puerto de la Cruz v\u00e4rt ett bes\u00f6k?<\/a><\/li><li class='ez-toc-page-1 ez-toc-heading-level-2'><a class=\"ez-toc-link ez-toc-heading-19\" href=\"https:\/\/canarias-lovers.com\/sv\/sevardheter-puerto-de-la-cruz-teneriffa-att-gora\/#Anvandbara_tips_for_att_besoka_Puerto_de_la_Cruz\" >Anv\u00e4ndbara tips f\u00f6r att bes\u00f6ka Puerto de la Cruz<\/a><\/li><\/ul><\/nav><\/div>\n\n<\/div><\/div><\/div>\n\n<h2 class=\"wp-block-heading\"><span class=\"ez-toc-section\" id=\"1_Sola_i_tradgarden_pa_Playa_Jardin\"><\/span>1. Sola i tr\u00e4dg\u00e5rden p\u00e5 Playa Jardin<span class=\"ez-toc-section-end\"><\/span><\/h2>\n\n<figure class=\"wp-block-image size-large\"><img decoding=\"async\" src=\"https:\/\/photos.smugmug.com\/Canarias-Lovers\/Tenerife\/Puerto-de-la-Cruz\/Plages\/Playa-del-Castillo\/i-WZrtcqW\/0\/NWmVCPLn4dJnJWLkdFnJtPthg2MCDz68sqnVWNHqZ\/L\/puertodelacruz-playadelcastillo-vueville-L.jpg\" alt=\"Playa del Castillo, Playa Jardin, Puerto de la Cruz, Teneriffa\"\/><\/figure>\n\n<h3 class=\"wp-block-heading\">Varf\u00f6r bes\u00f6ka?<\/h3>\n\n<p>Playa Jardin, \u00e4ven k\u00e4nd som <strong>Playa del Castillo<\/strong>, erbjuder en unik atmosf\u00e4r d\u00e4r <strong>natur och urbanism<\/strong> sm\u00e4lter samman p\u00e5 ett harmoniskt s\u00e4tt. En verklig <strong>oas mellan staden och havet<\/strong>, och vi tyckte s\u00e4rskilt mycket om tr\u00e4dg\u00e5rden, mellan havet och bergen, d\u00e4r <strong>palmer<\/strong>, kaktusar och tropiska blommor kantar strandpromenaden. Det \u00e4r en <strong>fullst\u00e4ndig f\u00f6r\u00e4ndring av landskapet<\/strong>. M\u00e5ttliga v\u00e5gor, grunt vatten och m\u00f6jlighet att hyra <strong>solstolar och parasoller<\/strong> g\u00f6r stranden <strong>idealisk f\u00f6r familjer.<\/strong><br\/>Se fler bilder i v\u00e5r <a href=\"https:\/\/canarias-lovers.com\/sv\/playa-del-castillo-strand-puerto-cruz-teneriffa\/\" target=\"_blank\" rel=\"noreferrer noopener\">dedikerade artikel<\/a>.<\/p>\n\n<figure class=\"wp-block-image size-large\"><img decoding=\"async\" src=\"https:\/\/photos.smugmug.com\/Canarias-Lovers\/Tenerife\/Puerto-de-la-Cruz\/Jardins\/Playa-Jardin\/i-7FT5pXQ\/0\/LCGWswkGVx4cmJXT5Kfr75GZzdbrT8DmCzJzbsHW6\/L\/playa-jardin-L.jpg\" alt=\"Playa Jardin, Puerto de la Cruz, Teneriffa\"\/><\/figure>\n\n<h3 class=\"wp-block-heading\">Praktiska r\u00e5d<\/h3>\n\n<ul class=\"wp-block-list\">\n<li>Nordv\u00e4st om <strong>Puerto de la Cruz<\/strong><\/li>\n\n\n\n<li><strong>20 minuters promenad<\/strong> fr\u00e5n stadens centrum<\/li>\n\n\n\n<li>Det finns <strong>parkeringsplatser<\/strong> vid stranden, som var gratis n\u00e4r vi bes\u00f6kte.<\/li>\n\n\n\n<li>Parkeringen vid <strong>Explanada del Muelle<\/strong> ligger mindre \u00e4n <strong>15 minuters<\/strong> promenad bort och \u00e4r <strong>gratis<\/strong> och \u00f6ppen <strong>24 timmar om dygnet<\/strong>.<\/li>\n\n\n\n<li>Stranden \u00e4r <strong>\u00f6vervakad<\/strong> och det finns ett <strong>f\u00f6rsta hj\u00e4lpen-center<\/strong>.<\/li>\n\n\n\n<li>Vi hittade <strong>duschar<\/strong> och <strong>toaletter<\/strong> i byggnaden ovanf\u00f6r stranden.<\/li>\n\n\n\n<li>Det finns lekplatser i tr\u00e4dg\u00e5rden.<\/li>\n\n\n\n<li>Stranden \u00e4r <strong>tillg\u00e4nglig f\u00f6r personer med nedsatt r\u00f6rlighet<\/strong>. Det finns en ramp f\u00f6r p\u00e5fart fr\u00e5n v\u00e4gen och <strong>reserverade parkeringsplatser<\/strong>.<\/li>\n\n\n\n<li>Vi hittade en <strong>cafeteria<\/strong> med en terrass p\u00e5 stranden.<\/li>\n\n\n\n<li><strong>Fri<\/strong> tillg\u00e5ng<strong> hela<\/strong> tiden.<\/li>\n\n\n\n<li>L\u00e4nk till den officiella webbplatsen f\u00f6r stranden <a href=\"https:\/\/www.salutilescanaries.com\/plages\/tenerife\/plage-jardin\/\" target=\"_blank\" rel=\"noreferrer noopener nofollow\">finns h\u00e4r.<\/a><\/li>\n<\/ul>\n\n<h2 class=\"wp-block-heading\"><span class=\"ez-toc-section\" id=\"2_Forundras_over_den_botaniska_tradgarden\"><\/span>2. F\u00f6rundras \u00f6ver den botaniska tr\u00e4dg\u00e5rden<span class=\"ez-toc-section-end\"><\/span><\/h2>\n\n<figure class=\"wp-block-image size-large\"><img decoding=\"async\" src=\"https:\/\/photos.smugmug.com\/Canarias-Lovers\/Tenerife\/Puerto-de-la-Cruz\/Jardins\/Jardin-Botanico\/i-B6vw94q\/0\/MPMGXFzvbHBkHw4hpCgLPXRrfPF7bTHqchsqbBSKd\/L\/taxodium-distichum-jardin-orotava-tenerife-L.jpg\" alt=\"Botaniska tr&#xE4;dg&#xE5;rden, Puerto de la Cruz, Teneriffa\"\/><\/figure>\n\n<h3 class=\"wp-block-heading\">Varf\u00f6r bes\u00f6ka?<\/h3>\n\n<p><strong>Jardin Botanico<\/strong> har en tydlig historisk karakt\u00e4r. Den inr\u00e4ttades 1788 p\u00e5 kunglig order och syftet var att <strong>acklimatisera exotiska v\u00e4xter<\/strong> fr\u00e5n Amerika och Asien innan de flyttades till den iberiska halv\u00f6n. Den <strong>botaniska m\u00e5ngfalden<\/strong> \u00e4r imponerande, med en stor <strong>samling av tropiska och subtropiska v\u00e4xter.<\/strong><\/p>\n\n<p>H\u00e4r hittar du arter fr\u00e5n hela v\u00e4rlden, varav n\u00e5gra \u00e4r s\u00e4rskilt s\u00e4llsynta och ovanliga. Sist men inte minst vann dess <strong>anlagda milj\u00f6<\/strong> och noggranna landskapsarkitektur oss \u00f6ver. Dess stigar genom frodig vegetation \u00e4r <strong>fridfulla<\/strong> och inbjudande.<br\/>Vi \u00e4lskade denna tr\u00e4dg\u00e5rd s\u00e5 mycket att vi \u00e4gnade <a href=\"https:\/\/canarias-lovers.com\/sv\/besok-botanisk-tradgard-orotava-puerto-cruz-teneriffa\/\" target=\"_blank\" rel=\"noreferrer noopener\">en hel artikel<\/a> \u00e5t den.<\/p>\n\n<figure class=\"wp-block-image size-large\"><img decoding=\"async\" src=\"https:\/\/photos.smugmug.com\/Canarias-Lovers\/Tenerife\/Puerto-de-la-Cruz\/Jardins\/Jardin-Botanico\/i-K759bmP\/0\/MMwhwpHRHvrzfC2nbBsrTdnrn9ND56Pth2VJjPGCL\/L\/ficus-macrophylla-jardin-orotava-tenerife-L.jpg\" alt=\"Botaniska tr&#xE4;dg&#xE5;rden, Puerto de la Cruz, Teneriffa\"\/><\/figure>\n\n<h3 class=\"wp-block-heading\">Praktiska r\u00e5d<\/h3>\n\n<ul class=\"wp-block-list\">\n<li>I staden Puerto de la Cruz, p\u00e5 <strong>Calle Retama<\/strong>, cirka 2 km fr\u00e5n <strong>Plaza del Charco<\/strong>. Ing\u00e5ngen ligger mittemot <strong>Placita Retama<\/strong>.<\/li>\n\n\n\n<li>L\u00e4ngd p\u00e5 bes\u00f6ket: Du kan promenera runt i tr\u00e4dg\u00e5rden p\u00e5 <strong>1 timme<\/strong>, men det \u00e4r ocks\u00e5 mycket trevligt att strosa runt p\u00e5 stigarna i <strong>2 till 3 timmar<\/strong>.<\/li>\n\n\n\n<li>Vi s\u00e5g inga s\u00e4rskilda rutter f\u00f6r barn, men att f\u00f6lja anvisningarna i appen som du kan ladda ner till din telefon kan vara en riktig skattjakt i sig och ett bra s\u00e4tt att l\u00e4ra sig mycket.<\/li>\n\n\n\n<li>Fullpris f\u00f6r vuxna: <strong>\u20ac3<\/strong><\/li>\n\n\n\n<li>\u00d6ppettider: Tr\u00e4dg\u00e5rden \u00e4r \u00f6ppen <strong>varje dag fr\u00e5n kl. 9.00 till 18.00.<\/strong><\/li>\n\n\n\n<li>L\u00e4nk till den officiella webbplatsen f\u00f6r tr\u00e4dg\u00e5rden <a href=\"https:\/\/www.icia.es\/icia\/jao\/autoguiajao\/index_fr.html\" target=\"_blank\" rel=\"noreferrer noopener nofollow\">h\u00e4r<\/a>.<\/li>\n<\/ul>\n\n<div style=\"margin-top:8%;margin-bottom:8%\" class=\"wp-block-genesis-blocks-gb-container box gb-block-container\"><div class=\"gb-container-inside\"><div class=\"gb-container-content\" style=\"max-width:700px\">\n<div class=\"wp-block-genesis-blocks-gb-container box_titre gb-block-container\"><div class=\"gb-container-inside\"><div class=\"gb-container-content\">\n<h5 class=\"titre_box\" style=\"padding-top:10px;\">VAR KAN MAN BO I <span class=\"titre_box_manuscrit\">Puerto de la Cruz<\/span><\/h5>\n<\/div><\/div><\/div>\n\n\n\n<hr class=\"wp-block-separator has-text-color has-alpha-channel-opacity has-background is-style-wide hr-box-planif\" style=\"background-color:#ccd3dd;color:#ccd3dd\"\/>\n\n\n\n<div class=\"wp-block-columns box_sans_border is-layout-flex wp-container-core-columns-is-layout-9d6595d7 wp-block-columns-is-layout-flex\">\n<div class=\"wp-block-column texte_planif is-layout-flow wp-block-column-is-layout-flow\" style=\"font-size:14px;flex-basis:60%\">\n<p class=\"option_titre2\"><strong>V\u00e5ra favoriter: stadsdelar och hotell<\/strong><\/p>\n\n\n\n<p style=\"font-size:14px\">H\u00f6ger i mitten<br\/><strong>Hotel AF Valle Orotava<\/strong> &#8211; <a href=\"https:\/\/www.booking.com\/hotel\/es\/hotel-valle-orotava.html?aid=2421274\" target=\"_blank\" rel=\"noreferrer noopener nofollow\">Se foton och tillg\u00e4nglighet<\/a><\/p>\n\n\n\n<p style=\"font-size:14px\">N\u00e4ra till stranden<br\/><strong>Hotel AluaSoul Orotava Valley<\/strong> &#8211; <a href=\"https:\/\/www.booking.com\/hotel\/es\/aluasoul-orotava-valley.html?aid=2421274\" target=\"_blank\" rel=\"noreferrer noopener nofollow\">Se foton och tillg\u00e4nglighet<\/a><\/p>\n\n\n\n<p style=\"font-size:14px\">P\u00e5 h\u00f6jderna<br\/><strong>Hotell Botanica y Oriental Spa<\/strong> <a href=\"https:\/\/www.booking.com\/hotel\/es\/botanico-y-oriental-spa-garden.html?aid=2421274\" target=\"_blank\" rel=\"noreferrer noopener nofollow\">&#8211; Se foton och tillg\u00e4nglighet.<\/a><br\/><strong>Atlantic Mirage Suites &amp; Spa Hotell<\/strong> <a href=\"https:\/\/www.booking.com\/hotel\/es\/apartamentos-bellavista.html?aid=2421274\" target=\"_blank\" rel=\"noreferrer noopener nofollow\">&#8211; se bilder och tillg\u00e4nglighet<\/a><br\/><strong>L\u00e4genheter i Tigaiga Suites<\/strong> <a href=\"https:\/\/www.booking.com\/hotel\/es\/aparthotel-florasol.html?aid=2421274\" target=\"_blank\" rel=\"noreferrer noopener nofollow\">&#8211; Se foton och tillg\u00e4nglighet.<\/a><\/p>\n<\/div>\n\n\n\n<div class=\"wp-block-column is-vertically-aligned-top planif-radius is-layout-flow wp-block-column-is-layout-flow\" style=\"flex-basis:40%\">\n<figure class=\"wp-block-image size-large img-portrait\"><img decoding=\"async\" src=\"https:\/\/photos.smugmug.com\/Canarias-Lovers\/Tenerife\/Puerto-de-la-Cruz\/Hotels\/H%C3%B4tel-Botanico\/i-ctHgTQt\/0\/CdDcqF6x7fWwqMCgBCRgHM3Hz6SLKf8qMMQMr8d94\/L\/puertodelacruz-hotelbotanico-pool-L.jpg\" alt=\"Hotell Botanico y Oriental Spa Tr&#xE4;dg&#xE5;rd\" title=\"\"\/><\/figure>\n<\/div>\n<\/div>\n\n\n\n<p class=\"has-text-align-center has-normal-font-size\">Se v\u00e5rt kompletta utbud av <a href=\"https:\/\/canarias-lovers.com\/sv\/var-kan-bo-puerto-de-la-cruz-basta-hotellen-stadsdelarna\/\" data-type=\"post\" data-id=\"2301\" target=\"_blank\" rel=\"noreferrer noopener\">de b\u00e4sta hotellen i Puerto de la Cruz.<\/a><\/p>\n\n\n\n<div class=\"wp-block-buttons planif_bouton is-content-justification-center is-layout-flex wp-container-core-buttons-is-layout-16018d1d wp-block-buttons-is-layout-flex\">\n<div class=\"wp-block-button has-custom-font-size\" style=\"font-size:14px\"><a class=\"wp-block-button__link has-white-color has-text-color wp-element-button\" href=\"https:\/\/www.booking.com\/searchresults.html?city=-397851&amp;nflt=review_score%253D90%253Breview_score%253D80&amp;aid=2421274&amp;no_rooms=1&amp;group_adults=2\" style=\"border-radius:4px\" target=\"_blank\" rel=\"noreferrer noopener nofollow\">Se alla tillg\u00e4ngliga boenden &gt;&gt;<\/a><\/div>\n<\/div>\n<\/div><\/div><\/div>\n\n<h2 class=\"wp-block-heading\"><span class=\"ez-toc-section\" id=\"3_Koppla_av_vid_Lago_Martianez\"><\/span>3. Koppla av vid Lago Martianez<span class=\"ez-toc-section-end\"><\/span><\/h2>\n\n<figure class=\"wp-block-image size-large\"><img decoding=\"async\" src=\"https:\/\/photos.smugmug.com\/Canarias-Lovers\/Tenerife\/Puerto-de-la-Cruz\/Lago-Martianez\/i-xpQn3xG\/0\/M3tfjPCbg77prR6mxKR2hZRqhP6fZzfxz7p2D9pWL\/L\/lago-martianez-puerto-cruz-tenerife-L.jpg\" alt=\"Lago Martianez, Pueto de la Cruz, Teneriffa\"\/><\/figure>\n\n<h3 class=\"wp-block-heading\">Varf\u00f6r bes\u00f6ka?<\/h3>\n\n<p>Lago Martianez \u00e4r en <strong>vattenanl\u00e4ggning<\/strong> som ritades p\u00e5 1960-talet av den kanariske konstn\u00e4ren <strong>C\u00e9sar Manrique<\/strong>. Den t\u00e4cker en yta p\u00e5 100.000 m2 och omfattar <strong>7 havsvattenpooler<\/strong> med organiska former. Hela anl\u00e4ggningen liknar en lagun och sm\u00e4lter in i kustlandskapet. Utsikten \u00f6ver Atlanten och vulkanen Teide \u00e4r hisnande. Vi uppskattade s\u00e4rskilt den unika atmosf\u00e4ren som skapats av blandningen av<strong>modern arkitektur<\/strong> och <strong>naturliga<\/strong> kanariska <strong>element<\/strong>, s\u00e5som vulkanisk sten och frodig vegetation.<\/p>\n\n<figure class=\"wp-block-image size-large\"><img decoding=\"async\" src=\"https:\/\/photos.smugmug.com\/Canarias-Lovers\/Tenerife\/Puerto-de-la-Cruz\/Lago-Martianez\/i-G2sqjQb\/0\/LcX7zPmKTBT7g3ZjSDQtqzT7RnM5JrFD3TwV4sn89\/L\/lago-martianez-tenerife-1-L.jpg\" alt=\"Simbass&#xE4;nger, Lago Martianez, Pueto de la Cruz, Teneriffa\"\/><\/figure>\n\n<h3 class=\"wp-block-heading\">Praktiska r\u00e5d<\/h3>\n\n<ul class=\"wp-block-list\">\n<li><strong>Norr om<\/strong> den historiska stadsk\u00e4rnan i Puerto de la Cruz<\/li>\n\n\n\n<li>Anl\u00e4ggningen \u00e4r <strong>v\u00e4l f\u00f6rsedd<\/strong> med kollektivtrafik.<\/li>\n\n\n\n<li>Parkeringen vid <strong>k\u00f6pcentret Pir\u00e1mides de Marti\u00e1nez<\/strong> ligger 7 minuters promenad bort.<\/li>\n\n\n\n<li>Du kan enkelt tillbringa \u00bd dag eller till och med hela dagen d\u00e4r.<\/li>\n\n\n\n<li>Det finns en barnpool och ett lekomr\u00e5de.<\/li>\n\n\n\n<li>Pris f\u00f6r vuxna: <strong>\u20ac5,5<\/strong><\/li>\n\n\n\n<li>Lago Martianez \u00e4r \u00f6ppen varje dag fr\u00e5n <strong>10.00 till 18.00<\/strong> under l\u00e5gs\u00e4song och <strong>till 19.00<\/strong> p\u00e5 sommaren.<\/li>\n\n\n\n<li>F\u00f6r mer information, bes\u00f6k den officiella webbplatsen <a href=\"https:\/\/lagomartianez.es\/\" target=\"_blank\" rel=\"noreferrer noopener nofollow\">h\u00e4r.<\/a><\/li>\n<\/ul>\n\n<div style=\"background-color:#fefefe;margin-top:6%;margin-bottom:6%\" class=\"wp-block-genesis-blocks-gb-container box gb-block-container\"><div class=\"gb-container-inside\"><div class=\"gb-container-content\" style=\"max-width:700px\">\n<div class=\"wp-block-columns inverse is-layout-flex wp-container-core-columns-is-layout-9d6595d7 wp-block-columns-is-layout-flex\">\n<div class=\"wp-block-column texte_planif is-layout-flow wp-block-column-is-layout-flow\" style=\"flex-basis:58%\">\n<h5 class=\"titre_box\">LITE MER <span class=\"titre_box_manuscrit\">t\u00e5lamod<\/span><\/h5>\n\n\n\n<p style=\"font-size:14px\">Alla foton, kartor, information och anv\u00e4ndbara adresser som du beh\u00f6ver f\u00f6r att f\u00e5 ut det mesta av <strong>din vistelse p\u00e5 Kanarie\u00f6arna<\/strong> kommer <strong>snart<\/strong> att finnas tillg\u00e4ngliga i en enda e-bok!<\/p>\n\n\n\n<p style=\"font-size:14px\">Om du vill f\u00e5 information n\u00e4r v\u00e5r <strong>guide till Kanarie\u00f6arna<\/strong> publiceras, registrera dig:<\/p>\n\n\n<script>\nvar gform;gform||(document.addEventListener(\"gform_main_scripts_loaded\",function(){gform.scriptsLoaded=!0}),document.addEventListener(\"gform\/theme\/scripts_loaded\",function(){gform.themeScriptsLoaded=!0}),window.addEventListener(\"DOMContentLoaded\",function(){gform.domLoaded=!0}),gform={domLoaded:!1,scriptsLoaded:!1,themeScriptsLoaded:!1,isFormEditor:()=>\"function\"==typeof InitializeEditor,callIfLoaded:function(o){return!(!gform.domLoaded||!gform.scriptsLoaded||!gform.themeScriptsLoaded&&!gform.isFormEditor()||(gform.isFormEditor()&&console.warn(\"The use of gform.initializeOnLoaded() is deprecated in the form editor context and will be removed in Gravity Forms 3.1.\"),o(),0))},initializeOnLoaded:function(o){gform.callIfLoaded(o)||(document.addEventListener(\"gform_main_scripts_loaded\",()=>{gform.scriptsLoaded=!0,gform.callIfLoaded(o)}),document.addEventListener(\"gform\/theme\/scripts_loaded\",()=>{gform.themeScriptsLoaded=!0,gform.callIfLoaded(o)}),window.addEventListener(\"DOMContentLoaded\",()=>{gform.domLoaded=!0,gform.callIfLoaded(o)}))},hooks:{action:{},filter:{}},addAction:function(o,r,e,t){gform.addHook(\"action\",o,r,e,t)},addFilter:function(o,r,e,t){gform.addHook(\"filter\",o,r,e,t)},doAction:function(o){gform.doHook(\"action\",o,arguments)},applyFilters:function(o){return gform.doHook(\"filter\",o,arguments)},removeAction:function(o,r){gform.removeHook(\"action\",o,r)},removeFilter:function(o,r,e){gform.removeHook(\"filter\",o,r,e)},addHook:function(o,r,e,t,n){null==gform.hooks[o][r]&&(gform.hooks[o][r]=[]);var d=gform.hooks[o][r];null==n&&(n=r+\"_\"+d.length),gform.hooks[o][r].push({tag:n,callable:e,priority:t=null==t?10:t})},doHook:function(r,o,e){var t;if(e=Array.prototype.slice.call(e,1),null!=gform.hooks[r][o]&&((o=gform.hooks[r][o]).sort(function(o,r){return o.priority-r.priority}),o.forEach(function(o){\"function\"!=typeof(t=o.callable)&&(t=window[t]),\"action\"==r?t.apply(null,e):e[0]=t.apply(null,e)})),\"filter\"==r)return e[0]},removeHook:function(o,r,t,n){var e;null!=gform.hooks[o][r]&&(e=(e=gform.hooks[o][r]).filter(function(o,r,e){return!!(null!=n&&n!=o.tag||null!=t&&t!=o.priority)}),gform.hooks[o][r]=e)}});\n<\/script>\n\n                <div class='gf_browser_gecko gform_wrapper gform-theme gform-theme--foundation gform-theme--framework gform-theme--orbital' data-form-theme='orbital' data-form-index='0' id='gform_wrapper_2' ><style>#gform_wrapper_2[data-form-index=\"0\"].gform-theme,[data-parent-form=\"2_0\"]{--gf-color-primary: #204ce5;--gf-color-primary-rgb: 32, 76, 229;--gf-color-primary-contrast: #fff;--gf-color-primary-contrast-rgb: 255, 255, 255;--gf-color-primary-darker: #001AB3;--gf-color-primary-lighter: #527EFF;--gf-color-secondary: #fff;--gf-color-secondary-rgb: 255, 255, 255;--gf-color-secondary-contrast: #112337;--gf-color-secondary-contrast-rgb: 17, 35, 55;--gf-color-secondary-darker: #F5F5F5;--gf-color-secondary-lighter: #FFFFFF;--gf-color-out-ctrl-light: rgba(17, 35, 55, 0.1);--gf-color-out-ctrl-light-rgb: 17, 35, 55;--gf-color-out-ctrl-light-darker: rgba(104, 110, 119, 0.35);--gf-color-out-ctrl-light-lighter: #F5F5F5;--gf-color-out-ctrl-dark: #585e6a;--gf-color-out-ctrl-dark-rgb: 88, 94, 106;--gf-color-out-ctrl-dark-darker: #112337;--gf-color-out-ctrl-dark-lighter: rgba(17, 35, 55, 0.65);--gf-color-in-ctrl: #fff;--gf-color-in-ctrl-rgb: 255, 255, 255;--gf-color-in-ctrl-contrast: #112337;--gf-color-in-ctrl-contrast-rgb: 17, 35, 55;--gf-color-in-ctrl-darker: #F5F5F5;--gf-color-in-ctrl-lighter: #FFFFFF;--gf-color-in-ctrl-primary: #204ce5;--gf-color-in-ctrl-primary-rgb: 32, 76, 229;--gf-color-in-ctrl-primary-contrast: #fff;--gf-color-in-ctrl-primary-contrast-rgb: 255, 255, 255;--gf-color-in-ctrl-primary-darker: #001AB3;--gf-color-in-ctrl-primary-lighter: #527EFF;--gf-color-in-ctrl-light: rgba(17, 35, 55, 0.1);--gf-color-in-ctrl-light-rgb: 17, 35, 55;--gf-color-in-ctrl-light-darker: rgba(104, 110, 119, 0.35);--gf-color-in-ctrl-light-lighter: #F5F5F5;--gf-color-in-ctrl-dark: #585e6a;--gf-color-in-ctrl-dark-rgb: 88, 94, 106;--gf-color-in-ctrl-dark-darker: #112337;--gf-color-in-ctrl-dark-lighter: rgba(17, 35, 55, 0.65);--gf-radius: 3px;--gf-font-size-secondary: 14px;--gf-font-size-tertiary: 13px;--gf-icon-ctrl-number: url(\"data:image\/svg+xml,%3Csvg width='8' height='14' viewBox='0 0 8 14' fill='none' xmlns='http:\/\/www.w3.org\/2000\/svg'%3E%3Cpath fill-rule='evenodd' clip-rule='evenodd' d='M4 0C4.26522 5.96046e-08 4.51957 0.105357 4.70711 0.292893L7.70711 3.29289C8.09763 3.68342 8.09763 4.31658 7.70711 4.70711C7.31658 5.09763 6.68342 5.09763 6.29289 4.70711L4 2.41421L1.70711 4.70711C1.31658 5.09763 0.683417 5.09763 0.292893 4.70711C-0.0976311 4.31658 -0.097631 3.68342 0.292893 3.29289L3.29289 0.292893C3.48043 0.105357 3.73478 0 4 0ZM0.292893 9.29289C0.683417 8.90237 1.31658 8.90237 1.70711 9.29289L4 11.5858L6.29289 9.29289C6.68342 8.90237 7.31658 8.90237 7.70711 9.29289C8.09763 9.68342 8.09763 10.3166 7.70711 10.7071L4.70711 13.7071C4.31658 14.0976 3.68342 14.0976 3.29289 13.7071L0.292893 10.7071C-0.0976311 10.3166 -0.0976311 9.68342 0.292893 9.29289Z' fill='rgba(17, 35, 55, 0.65)'\/%3E%3C\/svg%3E\");--gf-icon-ctrl-select: url(\"data:image\/svg+xml,%3Csvg width='10' height='6' viewBox='0 0 10 6' fill='none' xmlns='http:\/\/www.w3.org\/2000\/svg'%3E%3Cpath fill-rule='evenodd' clip-rule='evenodd' d='M0.292893 0.292893C0.683417 -0.097631 1.31658 -0.097631 1.70711 0.292893L5 3.58579L8.29289 0.292893C8.68342 -0.0976311 9.31658 -0.0976311 9.70711 0.292893C10.0976 0.683417 10.0976 1.31658 9.70711 1.70711L5.70711 5.70711C5.31658 6.09763 4.68342 6.09763 4.29289 5.70711L0.292893 1.70711C-0.0976311 1.31658 -0.0976311 0.683418 0.292893 0.292893Z' fill='rgba(17, 35, 55, 0.65)'\/%3E%3C\/svg%3E\");--gf-icon-ctrl-search: url(\"data:image\/svg+xml,%3Csvg width='640' height='640' xmlns='http:\/\/www.w3.org\/2000\/svg'%3E%3Cpath d='M256 128c-70.692 0-128 57.308-128 128 0 70.691 57.308 128 128 128 70.691 0 128-57.309 128-128 0-70.692-57.309-128-128-128zM64 256c0-106.039 85.961-192 192-192s192 85.961 192 192c0 41.466-13.146 79.863-35.498 111.248l154.125 154.125c12.496 12.496 12.496 32.758 0 45.254s-32.758 12.496-45.254 0L367.248 412.502C335.862 434.854 297.467 448 256 448c-106.039 0-192-85.962-192-192z' fill='rgba(17, 35, 55, 0.65)'\/%3E%3C\/svg%3E\");--gf-label-space-y-secondary: var(--gf-label-space-y-md-secondary);--gf-ctrl-border-color: #686e77;--gf-ctrl-size: var(--gf-ctrl-size-md);--gf-ctrl-label-color-primary: #112337;--gf-ctrl-label-color-secondary: #112337;--gf-ctrl-choice-size: var(--gf-ctrl-choice-size-md);--gf-ctrl-checkbox-check-size: var(--gf-ctrl-checkbox-check-size-md);--gf-ctrl-radio-check-size: var(--gf-ctrl-radio-check-size-md);--gf-ctrl-btn-font-size: var(--gf-ctrl-btn-font-size-md);--gf-ctrl-btn-padding-x: var(--gf-ctrl-btn-padding-x-md);--gf-ctrl-btn-size: var(--gf-ctrl-btn-size-md);--gf-ctrl-btn-border-color-secondary: #686e77;--gf-ctrl-file-btn-bg-color-hover: #EBEBEB;--gf-field-img-choice-size: var(--gf-field-img-choice-size-md);--gf-field-img-choice-card-space: var(--gf-field-img-choice-card-space-md);--gf-field-img-choice-check-ind-size: var(--gf-field-img-choice-check-ind-size-md);--gf-field-img-choice-check-ind-icon-size: var(--gf-field-img-choice-check-ind-icon-size-md);--gf-field-pg-steps-number-color: rgba(17, 35, 55, 0.8);}<\/style><form method='post' enctype='multipart\/form-data'  id='gform_2'  action='\/sv\/wp-json\/wp\/v2\/posts\/5033' data-formid='2' novalidate> \r\n <input type='hidden' class='gforms-pum' value='{\"closepopup\":false,\"closedelay\":0,\"openpopup\":false,\"openpopup_id\":0}' \/>\n                        <div class='gform-body gform_body'><div id='gform_fields_2' class='gform_fields top_label form_sublabel_below description_below validation_below'><div id=\"field_2_1\" class=\"gfield gfield--type-website gfield--input-type-website field_sublabel_below gfield--no-description field_description_below field_validation_below gfield_visibility_hidden\"  ><div class=\"admin-hidden-markup\"><i class=\"gform-icon gform-icon--hidden\" aria-hidden=\"true\" title=\"Detta f\u00e4lt \u00e4r dolt n\u00e4r formul\u00e4ret visas\"><\/i><span>Detta f\u00e4lt \u00e4r dolt n\u00e4r formul\u00e4ret visas<\/span><\/div><label class='gfield_label gform-field-label' for='input_2_1'>Site Web<\/label><div class='ginput_container ginput_container_website'>\n                    <input name='input_1' id='input_2_1' type='url' value='https:\/\/canarias-lovers.com\/sv\/wp-json\/wp\/v2\/posts\/5033' class='large'    placeholder='https:\/\/'  aria-invalid=\"false\" \/>\n                <\/div><\/div><div id=\"field_2_3\" class=\"gfield gfield--type-email gfield--input-type-email gfield--width-full gfield_contains_required field_sublabel_below gfield--no-description field_description_below hidden_label field_validation_below gfield_visibility_visible\"  ><label class='gfield_label gform-field-label' for='input_2_3'>E-mail<span class=\"gfield_required\"><span class=\"gfield_required gfield_required_text\">(Obligatoriskt)<\/span><\/span><\/label><div class='ginput_container ginput_container_email'>\n                            <input name='input_3' id='input_2_3' type='email' value='' class='large'    aria-required=\"true\" aria-invalid=\"false\"  \/>\n                        <\/div><\/div><\/div><\/div>\n        <div class='gform-footer gform_footer top_label'> <input type='submit' id='gform_submit_button_2' class='gform_button button' onclick='gform.submission.handleButtonClick(this);' data-submission-type='submit' value='Prenumerera'  \/> \n            <input type='hidden' class='gform_hidden' name='gform_submission_method' data-js='gform_submission_method_2' value='postback' \/>\n            <input type='hidden' class='gform_hidden' name='gform_theme' data-js='gform_theme_2' id='gform_theme_2' value='orbital' \/>\n            <input type='hidden' class='gform_hidden' name='gform_style_settings' data-js='gform_style_settings_2' id='gform_style_settings_2' value='{&quot;inputPrimaryColor&quot;:&quot;#204ce5&quot;}' \/>\n            <input type='hidden' class='gform_hidden' name='is_submit_2' value='1' \/>\n            <input type='hidden' class='gform_hidden' name='gform_submit' value='2' \/>\n            \n            <input type='hidden' class='gform_hidden' name='gform_currency' data-currency='EUR' value='DZbC004G+dv8y8AKw\/JiuxGfZlPmkfmei1e1MOZD\/Ust2KXEzM5baLmIvBoCWiwmcT\/RK78ElrN0SP4cScwKbrFdebTUOakd6i931yd\/Jhzgvg8=' \/>\n            <input type='hidden' class='gform_hidden' name='gform_unique_id' value='' \/>\n            <input type='hidden' class='gform_hidden' name='state_2' value='WyJbXSIsImYwNjdmM2RlZjkzZGI5YjM2NWY4ZmY4ZDRhNWY0OGY0Il0=' \/>\n            <input type='hidden' autocomplete='off' class='gform_hidden' name='gform_target_page_number_2' id='gform_target_page_number_2' value='0' \/>\n            <input type='hidden' autocomplete='off' class='gform_hidden' name='gform_source_page_number_2' id='gform_source_page_number_2' value='1' \/>\n            <input type='hidden' name='gform_field_values' value='' \/>\n            \n        <\/div>\n                        <\/form>\n                        <\/div><script>\ngform.initializeOnLoaded( function() {gformInitSpinner( 2, 'https:\/\/canarias-lovers.com\/wp-content\/plugins\/gravityforms\/images\/spinner.svg', false );jQuery('#gform_ajax_frame_2').on('load',function(){var contents = jQuery(this).contents().find('*').html();var is_postback = contents.indexOf('GF_AJAX_POSTBACK') >= 0;if(!is_postback){return;}var form_content = jQuery(this).contents().find('#gform_wrapper_2');var is_confirmation = jQuery(this).contents().find('#gform_confirmation_wrapper_2').length > 0;var is_redirect = contents.indexOf('gformRedirect(){') >= 0;var is_form = form_content.length > 0 && ! is_redirect && ! is_confirmation;var mt = parseInt(jQuery('html').css('margin-top'), 10) + parseInt(jQuery('body').css('margin-top'), 10) + 100;if(is_form){jQuery('#gform_wrapper_2').html(form_content.html());if(form_content.hasClass('gform_validation_error')){jQuery('#gform_wrapper_2').addClass('gform_validation_error');} else {jQuery('#gform_wrapper_2').removeClass('gform_validation_error');}setTimeout( function() { \/* delay the scroll by 50 milliseconds to fix a bug in chrome *\/  }, 50 );if(window['gformInitDatepicker']) {gformInitDatepicker();}if(window['gformInitPriceFields']) {gformInitPriceFields();}var current_page = jQuery('#gform_source_page_number_2').val();gformInitSpinner( 2, 'https:\/\/canarias-lovers.com\/wp-content\/plugins\/gravityforms\/images\/spinner.svg', false );jQuery(document).trigger('gform_page_loaded', [2, current_page]);window['gf_submitting_2'] = false;}else if(!is_redirect){var confirmation_content = jQuery(this).contents().find('.GF_AJAX_POSTBACK').html();if(!confirmation_content){confirmation_content = contents;}jQuery('#gform_wrapper_2').replaceWith(confirmation_content);jQuery(document).trigger('gform_confirmation_loaded', [2]);window['gf_submitting_2'] = false;wp.a11y.speak(jQuery('#gform_confirmation_message_2').text());}else{jQuery('#gform_2').append(contents);if(window['gformRedirect']) {gformRedirect();}}jQuery(document).trigger(\"gform_pre_post_render\", [{ formId: \"2\", currentPage: \"current_page\", abort: function() { this.preventDefault(); } }]);        if (event && event.defaultPrevented) {                return;        }        const gformWrapperDiv = document.getElementById( \"gform_wrapper_2\" );        if ( gformWrapperDiv ) {            const visibilitySpan = document.createElement( \"span\" );            visibilitySpan.id = \"gform_visibility_test_2\";            gformWrapperDiv.insertAdjacentElement( \"afterend\", visibilitySpan );        }        const visibilityTestDiv = document.getElementById( \"gform_visibility_test_2\" );        let postRenderFired = false;        function triggerPostRender() {            if ( postRenderFired ) {                return;            }            postRenderFired = true;            gform.core.triggerPostRenderEvents( 2, current_page );            if ( visibilityTestDiv ) {                visibilityTestDiv.parentNode.removeChild( visibilityTestDiv );            }        }        function debounce( func, wait, immediate ) {            var timeout;            return function() {                var context = this, args = arguments;                var later = function() {                    timeout = null;                    if ( !immediate ) func.apply( context, args );                };                var callNow = immediate && !timeout;                clearTimeout( timeout );                timeout = setTimeout( later, wait );                if ( callNow ) func.apply( context, args );            };        }        const debouncedTriggerPostRender = debounce( function() {            triggerPostRender();        }, 200 );        if ( visibilityTestDiv && visibilityTestDiv.offsetParent === null ) {            const observer = new MutationObserver( ( mutations ) => {                mutations.forEach( ( mutation ) => {                    if ( mutation.type === 'attributes' && visibilityTestDiv.offsetParent !== null ) {                        debouncedTriggerPostRender();                        observer.disconnect();                    }                });            });            observer.observe( document.body, {                attributes: true,                childList: false,                subtree: true,                attributeFilter: [ 'style', 'class' ],            });        } else {            triggerPostRender();        }    } );} );\n<\/script>\n<\/div>\n\n\n\n<div class=\"wp-block-column is-layout-flow wp-block-column-is-layout-flow\" style=\"flex-basis:42%\">\n<div class=\"wp-block-genesis-blocks-gb-container ebook-radius-waitlist gb-block-container\"><div class=\"gb-container-inside\"><div class=\"gb-container-content\"><div class=\"wp-block-image ebook-image\">\n<figure class=\"aligncenter size-large\"><img decoding=\"async\" src=\"https:\/\/loirelovers.fr\/wp-content\/uploads\/2023\/03\/ebooks_CorseNormandie_FR.png\" alt=\"Box Ebook Korsika FR\"\/><\/figure>\n<\/div><\/div><\/div><\/div>\n<\/div>\n<\/div>\n<\/div><\/div><\/div>\n\n<h2 class=\"wp-block-heading\"><span class=\"ez-toc-section\" id=\"4_Promenera_langs_Paseo_Maritimo\"><\/span>4. Promenera l\u00e4ngs Paseo Maritimo<span class=\"ez-toc-section-end\"><\/span><\/h2>\n\n<figure class=\"wp-block-image size-large\"><img decoding=\"async\" src=\"https:\/\/photos.smugmug.com\/Canarias-Lovers\/Tenerife\/Puerto-de-la-Cruz\/Paseo-Maritimo\/i-M3HCdfH\/0\/Mhc6RgdH7MwgJXKktGx3BCbpNzH8XHF8mtPzvThjf\/L\/paseo-maritimo-puerto-cruz-tenerife-L.jpg\" alt=\"Paseo Maritimo, West, Puerto de la Cruz, Teneriffa\"\/><\/figure>\n\n<h3 class=\"wp-block-heading\">Varf\u00f6r bes\u00f6ka?<\/h3>\n\n<p>V\u00e5r promenad l\u00e4ngs Paseo Mar\u00edtimo i Puerto de la Cruz var en h\u00e4rlig stund. Denna <strong>strandpromenad<\/strong> erbjuder en magnifik utsikt \u00f6ver Atlanten p\u00e5 ena sidan och de omgivande bergen p\u00e5 den andra. Hon passerar mellan livliga <strong>kaf\u00e9terrasser<\/strong> och palmer som vajar i brisen. Vi \u00e4lskade att stanna till p\u00e5 en b\u00e4nk f\u00f6r att njuta av en glass medan vi tittade p\u00e5 <strong>v\u00e5gorna<\/strong>, med familjer och \u00e4lskare som kom och gick f\u00f6r att ta in den speciella atmosf\u00e4ren.<\/p>\n\n<figure class=\"wp-block-image size-large\"><img decoding=\"async\" src=\"https:\/\/photos.smugmug.com\/Canarias-Lovers\/Tenerife\/Puerto-de-la-Cruz\/Paseo-Maritimo\/i-9H2GH9J\/0\/MjNk5fmKBWKrdKNPHrbBM4RWGTPzQv4pnLrXGSfqP\/L\/paseo-maritimo-est-puerto-cruz-tenerife-L.jpg\" alt=\"Paseo Maritimo, East, Puerto de la Cruz, Teneriffa\"\/><\/figure>\n\n<h3 class=\"wp-block-heading\">Praktiska r\u00e5d<\/h3>\n\n<ul class=\"wp-block-list\">\n<li>Paseo l\u00f6per l\u00e4ngs Puerto de la Cruz kust<\/li>\n\n\n\n<li>Strandpromenaden ligger inom bekv\u00e4mt <strong>g\u00e5ngavst\u00e5nd<\/strong> fr\u00e5n stadens centrum.<\/li>\n\n\n\n<li>Det finns flera parkeringsalternativ. <strong>Esplanada del Muelle<\/strong> \u00e4r gratis och \u00f6ppen 24 timmar om dygnet.<\/li>\n\n\n\n<li>R\u00e4kna med <strong>1 till 2 timmar<\/strong> f\u00f6r att njuta fullt ut av rutten och vyerna.<\/li>\n\n\n\n<li>Vi s\u00e5g inte n\u00e5gra speciella faciliteter f\u00f6r barn.<\/li>\n\n\n\n<li>Tillg\u00e5ng till Paseo Maritimo \u00e4r <strong>gratis<\/strong>.<\/li>\n\n\n\n<li>\u00d6ppet alla dagar p\u00e5 \u00e5ret och alla tider p\u00e5 dygnet.<\/li>\n\n\n\n<li>F\u00f6r mer information, bes\u00f6k turistbyr\u00e5ns webbplats <a href=\"https:\/\/visitpuertodelacruz.es\/en\/useful-information\/\" target=\"_blank\" rel=\"noreferrer noopener nofollow\">h\u00e4r.<\/a><\/li>\n<\/ul>\n\n<div style=\"margin-top:8%;margin-bottom:8%\" class=\"wp-block-genesis-blocks-gb-container box gb-block-container\"><div class=\"gb-container-inside\"><div class=\"gb-container-content\">\n<div class=\"wp-block-columns inverse box_planif is-layout-flex wp-container-core-columns-is-layout-9d6595d7 wp-block-columns-is-layout-flex\">\n<div class=\"wp-block-column texte_planif is-layout-flow wp-block-column-is-layout-flow\" style=\"flex-basis:60%\">\n<h5 class=\"titre_box\" style=\"padding-top:10px;\">V\u00c5RA R\u00c5D F\u00d6R ATT HYRA EN BIL P\u00c5 <span class=\"titre_box_manuscrit\">Teneriffa<\/span><\/h5>\n\n\n\n<ul class=\"wp-block-list\" style=\"font-size:14px\">\n<li>J\u00e4mf\u00f6r priser p\u00e5 v\u00e5r f\u00f6redragna plattform: <a href=\"https:\/\/www.discovercars.com\/se\/spain-canary-islands\/tenerife?a_aid=zigzag&amp;chan=CAL\" target=\"_blank\" rel=\"noreferrer noopener sponsored nofollow\">DiscoverCars<\/a> &#8211; en av de b\u00e4st rankade webbplatserna.<\/li>\n\n\n\n<li>Om du planerar att utforska bergen ska du inte ta de <strong>minsta bilarna<\/strong>. En kraftfullare motor kommer att vara mer bekv\u00e4m.<\/li>\n\n\n\n<li>Men ta inte heller en f\u00f6r stor bil, eftersom vissa av v\u00e4garna \u00e4r smala.<\/li>\n\n\n\n<li>Det \u00e4r stor efterfr\u00e5gan och det \u00e4r en \u00f6, s\u00e5 <strong>boka tidigt<\/strong>.<\/li>\n<\/ul>\n<\/div>\n\n\n\n<div class=\"wp-block-column planif-radius-2 is-layout-flow wp-block-column-is-layout-flow\">\n<figure class=\"wp-block-image size-large voiture_image\"><img decoding=\"async\" src=\"https:\/\/photos.smugmug.com\/Canarias-Lovers\/Tenerife\/Driving\/i-D3dJ4xj\/1\/e6e34cdd\/L\/tenerife-rental-car-driving-L.jpg\" alt=\"k&#xF6;rning p&#xE5; tenerife\"\/><\/figure>\n<\/div>\n<\/div>\n\n\n\n<div class=\"wp-block-columns planif_bouton is-layout-flex wp-container-core-columns-is-layout-9d6595d7 wp-block-columns-is-layout-flex\">\n<div class=\"wp-block-column is-vertically-aligned-top is-layout-flow wp-block-column-is-layout-flow\">\n<div class=\"wp-block-buttons is-content-justification-center is-layout-flex wp-container-core-buttons-is-layout-16018d1d wp-block-buttons-is-layout-flex\">\n<div class=\"wp-block-button\"><a class=\"wp-block-button__link has-white-color has-text-color wp-element-button\" href=\"https:\/\/www.discovercars.com\/se\/spain-canary-islands\/tenerife?a_aid=zigzagchan=CAL\" target=\"_blank\" rel=\"noreferrer noopener nofollow\">Se tillg\u00e4ngliga bilar &gt;&gt;<\/a><\/div>\n<\/div>\n<\/div>\n\n\n\n<div class=\"wp-block-column is-vertically-aligned-center is-layout-flow wp-block-column-is-layout-flow\">\n<p class=\"has-text-align-center\" style=\"font-size:16px\"><a href=\"https:\/\/canarias-lovers.com\/sv\/?p=2195\" target=\"_blank\" rel=\"noreferrer noopener\">L\u00e4s v\u00e5ra r\u00e5d<\/a><\/p>\n<\/div>\n<\/div>\n<\/div><\/div><\/div>\n\n<h2 class=\"wp-block-heading\"><span class=\"ez-toc-section\" id=\"5_Besok_i_kyrkan_Nuestra_Senora_de_la_Pena_de_Francia\"><\/span>5. Bes\u00f6k i kyrkan Nuestra Se\u00f1ora de la Pe\u00f1a de Francia<span class=\"ez-toc-section-end\"><\/span><\/h2>\n\n<figure class=\"wp-block-image size-large\"><img decoding=\"async\" src=\"https:\/\/photos.smugmug.com\/Canarias-Lovers\/Tenerife\/Puerto-de-la-Cruz\/Eglise-Nuestra-Senora-de-la-Pena-de-Francia\/i-kVwQrpT\/0\/LDXJwQN5KXN6src8ZdxjbJzVkn649bW64RSTc768N\/L\/nuestra-senora-pena-francia-puerto-cruz-tenerife-L.jpg\" alt=\"Nuestra Se&#xF1;ora de la Pe&#xF1;a de Francia-kyrkan, Puerto de la Cruz, Teneriffa\"\/><\/figure>\n\n<h3 class=\"wp-block-heading\">Varf\u00f6r bes\u00f6ka?<\/h3>\n\n<p>Vi blev omedelbart f\u00e4ngslade av kyrkan Nuestra Se\u00f1ora de la Pe\u00f1a de Francia, med sin <strong>gr\u00e5 fasad<\/strong> och h\u00f6ga klocktorn som sticker ut mot den ljusa kanariska himlen. \u00c4ven om vi bara kunde beundra den fr\u00e5n utsidan (kyrkan var st\u00e4ngd), hade vi en h\u00e4rlig stund i <strong>blomstertr\u00e4dg\u00e5rdarna<\/strong> p\u00e5 det lilla torget framf\u00f6r den. Det var r\u00f6rande att se hur denna <strong>symboliska plats<\/strong> forts\u00e4tter att vara en livlig m\u00f6tesplats f\u00f6r lokalsamh\u00e4llet.<\/p>\n\n<figure class=\"wp-block-image size-large\"><img decoding=\"async\" src=\"https:\/\/photos.smugmug.com\/Canarias-Lovers\/Tenerife\/Puerto-de-la-Cruz\/Eglise-Nuestra-Senora-de-la-Pena-de-Francia\/i-T6tHHKc\/0\/KDM4tBzTMzDm79bx8cqwLZQTqPVkQV8VNQJNb5kzp\/L\/nuestra-senora-pena-francia-detail-puerto-cruz-tenerife-L.jpg\" alt=\"Detalj, Nuestra Se&#xF1;ora de la Pe&#xF1;a de Francia-kyrkan, Puerto de la Cruz, Teneriffa\"\/><\/figure>\n\n<h3 class=\"wp-block-heading\">Praktiska r\u00e5d<\/h3>\n\n<ul class=\"wp-block-list\">\n<li>Kyrkan ligger i <strong>centrum av<\/strong> Puerto de la Cruz<\/li>\n\n\n\n<li>P\u00e5 <strong>Plaza de la Iglesia<\/strong><\/li>\n\n\n\n<li>Parkeringshuset<strong>Esplanada del Muelle<\/strong> ligger bara n\u00e5gra minuters promenad bort och \u00e4r gratis och \u00f6ppet 24 timmar om dygnet.<\/li>\n\n\n\n<li>Intr\u00e4det \u00e4r <strong>gratis<\/strong>.<\/li>\n\n\n\n<li>Kyrkan \u00e4r \u00f6ppen varje dag fr\u00e5n kl <strong>. 8.30 till 19.00.<\/strong><\/li>\n\n\n\n<li>F\u00f6r mer information, <a href=\"https:\/\/www.webtenerifefr.com\/propos-tenerife\/lile\/communes\/puerto-cruz\/lieux-interessants\/iglesia-nuestra-senora-pena-francia\/\" target=\"_blank\" rel=\"noreferrer noopener nofollow\">klicka h\u00e4r.<\/a><\/li>\n<\/ul>\n\n<h2 class=\"wp-block-heading\"><span class=\"ez-toc-section\" id=\"6_Pa_upptacktsfard_i_Castillo_San_Felipe\"><\/span>6. P\u00e5 uppt\u00e4cktsf\u00e4rd i Castillo San Felipe<span class=\"ez-toc-section-end\"><\/span><\/h2>\n\n<figure class=\"wp-block-image size-large\"><img decoding=\"async\" src=\"https:\/\/photos.smugmug.com\/Canarias-Lovers\/Tenerife\/Puerto-de-la-Cruz\/Castillo-Felipe\/i-s2TtB34\/0\/KjjPLBZn2fvdXVvQC2LvkcsrQ9QQnZrjQTQwtDHR2\/L\/castillo-felipe-puerto-cruz-tenerife-L.jpg\" alt=\"Castillo San Felipe, Puerto de la Cruz, Teneriffa\"\/><\/figure>\n\n<h3 class=\"wp-block-heading\">Varf\u00f6r bes\u00f6ka?<\/h3>\n\n<p>Castillo San Felipe \u00e4r ett robust <strong>litet fort<\/strong> som f\u00f6rflyttar oss tillbaka till en tid d\u00e5 Puerto de la Cruz f\u00f6rsvarade sig mot piratattacker. Den ligger i slutet av Playa <strong>Jardin<\/strong> (eller Playa del Castillo) och \u00e4r en <strong>femkantig byggnad<\/strong> vars m\u00f6rka <strong>vulkansten<\/strong> sticker ut mot sandf\u00e4rgen p\u00e5 stranden nedanf\u00f6r. Den har nyligen restaurerats och \u00e4r nu ett <strong>kulturcentrum<\/strong> som anordnar konserter och utst\u00e4llningar.<\/p>\n\n<figure class=\"wp-block-image size-large\"><img decoding=\"async\" src=\"https:\/\/photos.smugmug.com\/Canarias-Lovers\/Tenerife\/Puerto-de-la-Cruz\/Castillo-Felipe\/i-4nZcKbM\/0\/NdZNXNVhNT2TX5xfHcZb9cP2wqBLzDxJmvpsnQGCp\/L\/castillo-felipe-detail-puerto-cruz-tenerife-L.jpg\" alt=\"Vapensk&#xF6;ld, Castillo San Felipe, Puerto de la Cruz, Teneriffa\"\/><\/figure>\n\n<h3 class=\"wp-block-heading\">Praktiska r\u00e5d<\/h3>\n\n<ul class=\"wp-block-list\">\n<li>N\u00e4ra den <strong>gamla hamnen<\/strong> i Puerto de la Cruz<\/li>\n\n\n\n<li>Vid den \u00f6stra \u00e4nden av <strong>Playa Jardin<\/strong> (Playa del Castillo)<\/li>\n\n\n\n<li>Parkeringshuset<strong>Esplanada del Muelle<\/strong> ligger 10 minuters promenad bort och \u00e4r gratis och \u00f6ppet 24 timmar om dygnet.<\/li>\n\n\n\n<li>Castillo San Felipe \u00e4r endast \u00f6ppet n\u00e4r det \u00e4r en utst\u00e4llning.<\/li>\n\n\n\n<li>F\u00f6r mer information, <a href=\"https:\/\/visitpuertodelacruz.es\/en\/useful-information\/\" target=\"_blank\" rel=\"noreferrer noopener nofollow\">klicka h\u00e4r.<\/a><\/li>\n<\/ul>\n\n<h2 class=\"wp-block-heading\"><span class=\"ez-toc-section\" id=\"7_Beundra_gatukonsten_pa_vaggarna_i_Puerto_de_la_Cruz\"><\/span>7. Beundra gatukonsten p\u00e5 v\u00e4ggarna i Puerto de la Cruz<span class=\"ez-toc-section-end\"><\/span><\/h2>\n\n<figure class=\"wp-block-image size-large\"><img decoding=\"async\" src=\"https:\/\/photos.smugmug.com\/Canarias-Lovers\/Tenerife\/Puerto-de-la-Cruz\/Street-Art\/i-6kh3xZC\/0\/KWN5BLpvsDxc63PQ6WqqrsQS78PJ5XBm4Nt23KQtP\/L\/street-art-2-puerto-cruz-tenerife-L.jpg\" alt=\"Gatukonst Puerto de la Cruz, Teneriffa\"\/><\/figure>\n\n<h3 class=\"wp-block-heading\">Varf\u00f6r bes\u00f6ka?<\/h3>\n\n<p>Vi blev f\u00f6rv\u00e5nade \u00f6ver <strong>gatukonsten i Puerto.<\/strong> Det \u00e4r ett veritabelt utomhusgalleri. N\u00e4r vi promenerade genom de pittoreska gatorna i stadsdelen <strong>La Ranilla<\/strong> uppt\u00e4ckte vi \u00f6ver femton exceptionella v\u00e4ggm\u00e5lningar skapade av <strong>internationellt k\u00e4nda konstn\u00e4rer<\/strong>. P\u00e5 s\u00e5 s\u00e4tt blir fasader som en g\u00e5ng var vanliga till gigantiska dukar som ger liv och f\u00e4rg \u00e5t varje gath\u00f6rn. Det \u00e4r en <strong>rolig upplevelse<\/strong> att uppt\u00e4cka dem, lite som en urban skattjakt.<\/p>\n\n<figure class=\"wp-block-image size-large\"><img decoding=\"async\" src=\"https:\/\/photos.smugmug.com\/Canarias-Lovers\/Tenerife\/Puerto-de-la-Cruz\/Street-Art\/i-LQQJ75k\/0\/L5SNf63xpvW5ZKwknw9G2GbksKnpM8MLjx3nP7p4M\/L\/street-art-3-puerto-cruz-tenerife-L.jpg\" alt=\"Puerto Street Art, Teneriffa\"\/><\/figure>\n\n<h3 class=\"wp-block-heading\">Praktiska r\u00e5d<\/h3>\n\n<ul class=\"wp-block-list\">\n<li>I hj\u00e4rtat av Puerto de la Cruz<\/li>\n\n\n\n<li>I stadsdelen <strong>La Ranilla<\/strong><\/li>\n\n\n\n<li>Parkeringshuset<strong>Esplanada del Muelle<\/strong> ligger 5 minuters promenad bort och \u00e4r gratis och \u00f6ppet 24 timmar om dygnet.<\/li>\n\n\n\n<li>Den urbana konstrundan tar cirka <strong>1 timme.<\/strong><\/li>\n\n\n\n<li>Bes\u00f6ket \u00e4r <strong>gratis<\/strong> (allm\u00e4nt omr\u00e5de)<\/li>\n\n\n\n<li>F\u00f6r mer information, <a href=\"https:\/\/visitpuertodelacruz.es\/en\/mini-guide-museums\/\" target=\"_blank\" rel=\"noreferrer noopener nofollow\">klicka h\u00e4r.<\/a><\/li>\n<\/ul>\n\n<div style=\"background-color:#fefefe;margin-top:6%;margin-bottom:6%\" class=\"wp-block-genesis-blocks-gb-container box gb-block-container\"><div class=\"gb-container-inside\"><div class=\"gb-container-content\" style=\"max-width:700px\">\n<div class=\"wp-block-columns inverse is-layout-flex wp-container-core-columns-is-layout-9d6595d7 wp-block-columns-is-layout-flex\">\n<div class=\"wp-block-column texte_planif is-layout-flow wp-block-column-is-layout-flow\" style=\"flex-basis:58%\">\n<h5 class=\"titre_box\">Ta emot v\u00e5rt <span class=\"titre_box_manuscrit\">nyhetsbrev<\/span><\/h5>\n\n\n\n<ul class=\"wp-block-list\">\n<li>En frisk fl\u00e4kt i ditt dagliga liv p\u00e5 de vackra destinationerna i Region Lovers!<\/li>\n\n\n\n<li>En g\u00e5ng i m\u00e5naden<\/li>\n\n\n\n<li>Reklamfri<\/li>\n<\/ul>\n\n\n\n                <div class='gf_browser_gecko gform_wrapper gform-theme gform-theme--foundation gform-theme--framework gform-theme--orbital' data-form-theme='orbital' data-form-index='0' id='gform_wrapper_3' ><style>#gform_wrapper_3[data-form-index=\"0\"].gform-theme,[data-parent-form=\"3_0\"]{--gf-color-primary: #204ce5;--gf-color-primary-rgb: 32, 76, 229;--gf-color-primary-contrast: #fff;--gf-color-primary-contrast-rgb: 255, 255, 255;--gf-color-primary-darker: #001AB3;--gf-color-primary-lighter: #527EFF;--gf-color-secondary: #fff;--gf-color-secondary-rgb: 255, 255, 255;--gf-color-secondary-contrast: #112337;--gf-color-secondary-contrast-rgb: 17, 35, 55;--gf-color-secondary-darker: #F5F5F5;--gf-color-secondary-lighter: #FFFFFF;--gf-color-out-ctrl-light: rgba(17, 35, 55, 0.1);--gf-color-out-ctrl-light-rgb: 17, 35, 55;--gf-color-out-ctrl-light-darker: rgba(104, 110, 119, 0.35);--gf-color-out-ctrl-light-lighter: #F5F5F5;--gf-color-out-ctrl-dark: #585e6a;--gf-color-out-ctrl-dark-rgb: 88, 94, 106;--gf-color-out-ctrl-dark-darker: #112337;--gf-color-out-ctrl-dark-lighter: rgba(17, 35, 55, 0.65);--gf-color-in-ctrl: #fff;--gf-color-in-ctrl-rgb: 255, 255, 255;--gf-color-in-ctrl-contrast: #112337;--gf-color-in-ctrl-contrast-rgb: 17, 35, 55;--gf-color-in-ctrl-darker: #F5F5F5;--gf-color-in-ctrl-lighter: #FFFFFF;--gf-color-in-ctrl-primary: #204ce5;--gf-color-in-ctrl-primary-rgb: 32, 76, 229;--gf-color-in-ctrl-primary-contrast: #fff;--gf-color-in-ctrl-primary-contrast-rgb: 255, 255, 255;--gf-color-in-ctrl-primary-darker: #001AB3;--gf-color-in-ctrl-primary-lighter: #527EFF;--gf-color-in-ctrl-light: rgba(17, 35, 55, 0.1);--gf-color-in-ctrl-light-rgb: 17, 35, 55;--gf-color-in-ctrl-light-darker: rgba(104, 110, 119, 0.35);--gf-color-in-ctrl-light-lighter: #F5F5F5;--gf-color-in-ctrl-dark: #585e6a;--gf-color-in-ctrl-dark-rgb: 88, 94, 106;--gf-color-in-ctrl-dark-darker: #112337;--gf-color-in-ctrl-dark-lighter: rgba(17, 35, 55, 0.65);--gf-radius: 3px;--gf-font-size-secondary: 14px;--gf-font-size-tertiary: 13px;--gf-icon-ctrl-number: url(\"data:image\/svg+xml,%3Csvg width='8' height='14' viewBox='0 0 8 14' fill='none' xmlns='http:\/\/www.w3.org\/2000\/svg'%3E%3Cpath fill-rule='evenodd' clip-rule='evenodd' d='M4 0C4.26522 5.96046e-08 4.51957 0.105357 4.70711 0.292893L7.70711 3.29289C8.09763 3.68342 8.09763 4.31658 7.70711 4.70711C7.31658 5.09763 6.68342 5.09763 6.29289 4.70711L4 2.41421L1.70711 4.70711C1.31658 5.09763 0.683417 5.09763 0.292893 4.70711C-0.0976311 4.31658 -0.097631 3.68342 0.292893 3.29289L3.29289 0.292893C3.48043 0.105357 3.73478 0 4 0ZM0.292893 9.29289C0.683417 8.90237 1.31658 8.90237 1.70711 9.29289L4 11.5858L6.29289 9.29289C6.68342 8.90237 7.31658 8.90237 7.70711 9.29289C8.09763 9.68342 8.09763 10.3166 7.70711 10.7071L4.70711 13.7071C4.31658 14.0976 3.68342 14.0976 3.29289 13.7071L0.292893 10.7071C-0.0976311 10.3166 -0.0976311 9.68342 0.292893 9.29289Z' fill='rgba(17, 35, 55, 0.65)'\/%3E%3C\/svg%3E\");--gf-icon-ctrl-select: url(\"data:image\/svg+xml,%3Csvg width='10' height='6' viewBox='0 0 10 6' fill='none' xmlns='http:\/\/www.w3.org\/2000\/svg'%3E%3Cpath fill-rule='evenodd' clip-rule='evenodd' d='M0.292893 0.292893C0.683417 -0.097631 1.31658 -0.097631 1.70711 0.292893L5 3.58579L8.29289 0.292893C8.68342 -0.0976311 9.31658 -0.0976311 9.70711 0.292893C10.0976 0.683417 10.0976 1.31658 9.70711 1.70711L5.70711 5.70711C5.31658 6.09763 4.68342 6.09763 4.29289 5.70711L0.292893 1.70711C-0.0976311 1.31658 -0.0976311 0.683418 0.292893 0.292893Z' fill='rgba(17, 35, 55, 0.65)'\/%3E%3C\/svg%3E\");--gf-icon-ctrl-search: url(\"data:image\/svg+xml,%3Csvg width='640' height='640' xmlns='http:\/\/www.w3.org\/2000\/svg'%3E%3Cpath d='M256 128c-70.692 0-128 57.308-128 128 0 70.691 57.308 128 128 128 70.691 0 128-57.309 128-128 0-70.692-57.309-128-128-128zM64 256c0-106.039 85.961-192 192-192s192 85.961 192 192c0 41.466-13.146 79.863-35.498 111.248l154.125 154.125c12.496 12.496 12.496 32.758 0 45.254s-32.758 12.496-45.254 0L367.248 412.502C335.862 434.854 297.467 448 256 448c-106.039 0-192-85.962-192-192z' fill='rgba(17, 35, 55, 0.65)'\/%3E%3C\/svg%3E\");--gf-label-space-y-secondary: var(--gf-label-space-y-md-secondary);--gf-ctrl-border-color: #686e77;--gf-ctrl-size: var(--gf-ctrl-size-md);--gf-ctrl-label-color-primary: #112337;--gf-ctrl-label-color-secondary: #112337;--gf-ctrl-choice-size: var(--gf-ctrl-choice-size-md);--gf-ctrl-checkbox-check-size: var(--gf-ctrl-checkbox-check-size-md);--gf-ctrl-radio-check-size: var(--gf-ctrl-radio-check-size-md);--gf-ctrl-btn-font-size: var(--gf-ctrl-btn-font-size-md);--gf-ctrl-btn-padding-x: var(--gf-ctrl-btn-padding-x-md);--gf-ctrl-btn-size: var(--gf-ctrl-btn-size-md);--gf-ctrl-btn-border-color-secondary: #686e77;--gf-ctrl-file-btn-bg-color-hover: #EBEBEB;--gf-field-img-choice-size: var(--gf-field-img-choice-size-md);--gf-field-img-choice-card-space: var(--gf-field-img-choice-card-space-md);--gf-field-img-choice-check-ind-size: var(--gf-field-img-choice-check-ind-size-md);--gf-field-img-choice-check-ind-icon-size: var(--gf-field-img-choice-check-ind-icon-size-md);--gf-field-pg-steps-number-color: rgba(17, 35, 55, 0.8);}<\/style>\n                        <div class='gform_heading'>\n                            <p class='gform_description'><\/p>\n                        <\/div><form method='post' enctype='multipart\/form-data'  id='gform_3'  action='\/sv\/wp-json\/wp\/v2\/posts\/5033' data-formid='3' novalidate> \r\n <input type='hidden' class='gforms-pum' value='{\"closepopup\":false,\"closedelay\":0,\"openpopup\":false,\"openpopup_id\":0}' \/>\n                        <div class='gform-body gform_body'><div id='gform_fields_3' class='gform_fields top_label form_sublabel_below description_below validation_below'><div id=\"field_3_1\" class=\"gfield gfield--type-email gfield--input-type-email gfield_contains_required field_sublabel_below gfield--no-description field_description_below hidden_label field_validation_below gfield_visibility_visible\"  ><label class='gfield_label gform-field-label' for='input_3_1'>E-mail<span class=\"gfield_required\"><span class=\"gfield_required gfield_required_text\">(Obligatoriskt)<\/span><\/span><\/label><div class='ginput_container ginput_container_email'>\n                            <input name='input_1' id='input_3_1' type='email' value='' class='large'    aria-required=\"true\" aria-invalid=\"false\"  \/>\n                        <\/div><\/div><fieldset id=\"field_3_4\" class=\"gfield gfield--type-consent gfield--type-choice gfield--input-type-consent gfield--width-full gfield_contains_required field_sublabel_below gfield--no-description field_description_below hidden_label field_validation_below gfield_visibility_visible\"  ><legend class='gfield_label gform-field-label gfield_label_before_complex' >RGPD<span class=\"gfield_required\"><span class=\"gfield_required gfield_required_text\">(Obligatoriskt)<\/span><\/span><\/legend><div class='ginput_container ginput_container_consent'><input name='input_4.1' id='input_3_4_1' type='checkbox' value='1'   aria-required=\"true\" aria-invalid=\"false\"   \/> <label class=\"gform-field-label gform-field-label--type-inline gfield_consent_label\" for='input_3_4_1' >Ja, jag vill prenumerera p\u00e5 det m\u00e5natliga nyhetsbrevet<span class=\"gfield_required gfield_required_text\">(Obligatoriskt)<\/span><\/label><input type='hidden' name='input_4.2' value='Ja, jag vill prenumerera p\u00e5 det m\u00e5natliga nyhetsbrevet' class='gform_hidden' \/><input type='hidden' name='input_4.3' value='1' class='gform_hidden' \/><\/div><\/fieldset><div id=\"field_3_5\" class=\"gfield gfield--type-website gfield--input-type-website gfield--width-full field_sublabel_below gfield--no-description field_description_below field_validation_below gfield_visibility_hidden\"  ><div class=\"admin-hidden-markup\"><i class=\"gform-icon gform-icon--hidden\" aria-hidden=\"true\" title=\"Detta f\u00e4lt \u00e4r dolt n\u00e4r formul\u00e4ret visas\"><\/i><span>Detta f\u00e4lt \u00e4r dolt n\u00e4r formul\u00e4ret visas<\/span><\/div><label class='gfield_label gform-field-label' for='input_3_5'>Site Web<\/label><div class='ginput_container ginput_container_website'>\n                    <input name='input_5' id='input_3_5' type='url' value='https:\/\/canarias-lovers.com\/sv\/wp-json\/wp\/v2\/posts\/5033' class='large'    placeholder='https:\/\/'  aria-invalid=\"false\" \/>\n                <\/div><\/div><\/div><\/div>\n        <div class='gform-footer gform_footer top_label'> <input type='submit' id='gform_submit_button_3' class='gform_button button' onclick='gform.submission.handleButtonClick(this);' data-submission-type='submit' value='Prenumerera'  \/> \n            <input type='hidden' class='gform_hidden' name='gform_submission_method' data-js='gform_submission_method_3' value='postback' \/>\n            <input type='hidden' class='gform_hidden' name='gform_theme' data-js='gform_theme_3' id='gform_theme_3' value='orbital' \/>\n            <input type='hidden' class='gform_hidden' name='gform_style_settings' data-js='gform_style_settings_3' id='gform_style_settings_3' value='{&quot;inputPrimaryColor&quot;:&quot;#204ce5&quot;}' \/>\n            <input type='hidden' class='gform_hidden' name='is_submit_3' value='1' \/>\n            <input type='hidden' class='gform_hidden' name='gform_submit' value='3' \/>\n            \n            <input type='hidden' class='gform_hidden' name='gform_currency' data-currency='EUR' value='KWAYd5rQpce1OIOaDw90eiQ6Qfm1bSH5OVQfDd2\/G0ZlXM1RkDpR93RoXsQXk2T3IodKttNcpKzlMSFVHHcymQP6b74Z62PRzu1H81oEnggs8j4=' \/>\n            <input type='hidden' class='gform_hidden' name='gform_unique_id' value='' \/>\n            <input type='hidden' class='gform_hidden' name='state_3' value='WyJ7XCI0LjFcIjpcIjg3MGIzYzZhNWQ4YTg2NGNkMjkzMjI4ZDZjZTM1N2NiXCIsXCI0LjJcIjpcImQwNmNhMDIwY2RkNmI3Y2I5YmQ4MDI2NjQzYmY1YjVjXCIsXCI0LjNcIjpcIjg3MGIzYzZhNWQ4YTg2NGNkMjkzMjI4ZDZjZTM1N2NiXCJ9IiwiZWI0MGNmNzJhNjllOTI4YjgxZmEwMDU5MDFlMjllZGYiXQ==' \/>\n            <input type='hidden' autocomplete='off' class='gform_hidden' name='gform_target_page_number_3' id='gform_target_page_number_3' value='0' \/>\n            <input type='hidden' autocomplete='off' class='gform_hidden' name='gform_source_page_number_3' id='gform_source_page_number_3' value='1' \/>\n            <input type='hidden' name='gform_field_values' value='' \/>\n            \n        <\/div>\n                        <\/form>\n                        <\/div><script>\ngform.initializeOnLoaded( function() {gformInitSpinner( 3, 'https:\/\/canarias-lovers.com\/wp-content\/plugins\/gravityforms\/images\/spinner.svg', false );jQuery('#gform_ajax_frame_3').on('load',function(){var contents = jQuery(this).contents().find('*').html();var is_postback = contents.indexOf('GF_AJAX_POSTBACK') >= 0;if(!is_postback){return;}var form_content = jQuery(this).contents().find('#gform_wrapper_3');var is_confirmation = jQuery(this).contents().find('#gform_confirmation_wrapper_3').length > 0;var is_redirect = contents.indexOf('gformRedirect(){') >= 0;var is_form = form_content.length > 0 && ! is_redirect && ! is_confirmation;var mt = parseInt(jQuery('html').css('margin-top'), 10) + parseInt(jQuery('body').css('margin-top'), 10) + 100;if(is_form){jQuery('#gform_wrapper_3').html(form_content.html());if(form_content.hasClass('gform_validation_error')){jQuery('#gform_wrapper_3').addClass('gform_validation_error');} else {jQuery('#gform_wrapper_3').removeClass('gform_validation_error');}setTimeout( function() { \/* delay the scroll by 50 milliseconds to fix a bug in chrome *\/  }, 50 );if(window['gformInitDatepicker']) {gformInitDatepicker();}if(window['gformInitPriceFields']) {gformInitPriceFields();}var current_page = jQuery('#gform_source_page_number_3').val();gformInitSpinner( 3, 'https:\/\/canarias-lovers.com\/wp-content\/plugins\/gravityforms\/images\/spinner.svg', false );jQuery(document).trigger('gform_page_loaded', [3, current_page]);window['gf_submitting_3'] = false;}else if(!is_redirect){var confirmation_content = jQuery(this).contents().find('.GF_AJAX_POSTBACK').html();if(!confirmation_content){confirmation_content = contents;}jQuery('#gform_wrapper_3').replaceWith(confirmation_content);jQuery(document).trigger('gform_confirmation_loaded', [3]);window['gf_submitting_3'] = false;wp.a11y.speak(jQuery('#gform_confirmation_message_3').text());}else{jQuery('#gform_3').append(contents);if(window['gformRedirect']) {gformRedirect();}}jQuery(document).trigger(\"gform_pre_post_render\", [{ formId: \"3\", currentPage: \"current_page\", abort: function() { this.preventDefault(); } }]);        if (event && event.defaultPrevented) {                return;        }        const gformWrapperDiv = document.getElementById( \"gform_wrapper_3\" );        if ( gformWrapperDiv ) {            const visibilitySpan = document.createElement( \"span\" );            visibilitySpan.id = \"gform_visibility_test_3\";            gformWrapperDiv.insertAdjacentElement( \"afterend\", visibilitySpan );        }        const visibilityTestDiv = document.getElementById( \"gform_visibility_test_3\" );        let postRenderFired = false;        function triggerPostRender() {            if ( postRenderFired ) {                return;            }            postRenderFired = true;            gform.core.triggerPostRenderEvents( 3, current_page );            if ( visibilityTestDiv ) {                visibilityTestDiv.parentNode.removeChild( visibilityTestDiv );            }        }        function debounce( func, wait, immediate ) {            var timeout;            return function() {                var context = this, args = arguments;                var later = function() {                    timeout = null;                    if ( !immediate ) func.apply( context, args );                };                var callNow = immediate && !timeout;                clearTimeout( timeout );                timeout = setTimeout( later, wait );                if ( callNow ) func.apply( context, args );            };        }        const debouncedTriggerPostRender = debounce( function() {            triggerPostRender();        }, 200 );        if ( visibilityTestDiv && visibilityTestDiv.offsetParent === null ) {            const observer = new MutationObserver( ( mutations ) => {                mutations.forEach( ( mutation ) => {                    if ( mutation.type === 'attributes' && visibilityTestDiv.offsetParent !== null ) {                        debouncedTriggerPostRender();                        observer.disconnect();                    }                });            });            observer.observe( document.body, {                attributes: true,                childList: false,                subtree: true,                attributeFilter: [ 'style', 'class' ],            });        } else {            triggerPostRender();        }    } );} );\n<\/script>\n<\/div>\n\n\n\n<div class=\"wp-block-column is-layout-flow wp-block-column-is-layout-flow\" style=\"flex-basis:42%\">\n<div class=\"wp-block-genesis-blocks-gb-container aligncenter newsletter-radius gb-block-container\"><div class=\"gb-container-inside\"><div class=\"gb-container-content\"><div class=\"wp-block-image newsletter-image\">\n<figure class=\"aligncenter size-full\"><img loading=\"lazy\" decoding=\"async\" width=\"729\" height=\"792\" src=\"https:\/\/canarias-lovers.com\/wp-content\/uploads\/2024\/06\/newsletter_FR_2.png\" alt=\"Nyhetsbrev\" class=\"wp-image-1181\" srcset=\"https:\/\/canarias-lovers.com\/wp-content\/uploads\/2024\/06\/newsletter_FR_2.png 729w, https:\/\/canarias-lovers.com\/wp-content\/uploads\/2024\/06\/newsletter_FR_2-276x300.png 276w\" sizes=\"auto, (max-width: 729px) 100vw, 729px\" \/><\/figure>\n<\/div><\/div><\/div><\/div>\n<\/div>\n<\/div>\n<\/div><\/div><\/div>\n\n<h2 class=\"wp-block-heading\"><span class=\"ez-toc-section\" id=\"8_Utforska_tradgarden_Sitio_Litre\"><\/span>8. Utforska tr\u00e4dg\u00e5rden Sitio Litre<span class=\"ez-toc-section-end\"><\/span><\/h2>\n\n<figure class=\"wp-block-image size-large\"><img decoding=\"async\" src=\"https:\/\/photos.smugmug.com\/Canarias-Lovers\/Tenerife\/Puerto-de-la-Cruz\/Jardins\/Jardin-Sitio-de-Litre\/i-GJ7svk4\/0\/LggkQqMGf9Ldgh3bzKDRk75zjBTJSwthbmfqvTHBM\/L\/puertodelacruz-jardinsitrolitre-2-L.jpg\" alt=\"Sitio Litre Garden, Puerto de la Cruz, Teneriffa\"\/><\/figure>\n\n<h3 class=\"wp-block-heading\">Varf\u00f6r bes\u00f6ka?<\/h3>\n\n<p>Tr\u00e4dg\u00e5rden Sitio Litre \u00e4r en verklig <strong>inbjudan att uppt\u00e4cka.<\/strong> Det skapades 1730 och str\u00e4cker sig \u00f6ver 4.000 m2 runt den <strong>koloniala villan<\/strong> med samma namn, som anses vara den \u00e4ldsta p\u00e5 Teneriffa. Detta historiska residens har varit v\u00e4rd f\u00f6r m\u00e5nga personligheter genom \u00e5ren. Vi tyckte s\u00e4rskilt mycket om att g\u00e5 i fotsp\u00e5ren av<strong>Agatha Christie<\/strong>, <strong>William Wilde<\/strong> (far till f\u00f6rfattaren Oscar Wilde) och m\u00e5laren och botanisten <strong>Marianne North.<\/strong> Tr\u00e4dg\u00e5rden utm\u00e4rker sig f\u00f6r <strong>m\u00e5ngfalden i sin subtropiska vegetation<\/strong>, d\u00e4r majest\u00e4tiska tr\u00e4d st\u00e5r sida vid sida med skira orkid\u00e9er. Milj\u00f6n \u00e4r underbart fridfull.<br\/>Denna vackra tr\u00e4dg\u00e5rd som \u00e4r full av historia har inspirerat till <a href=\"https:\/\/canarias-lovers.com\/sv\/besok-tradgard-sitio-litre-puerto-de-la-cruz\/\" target=\"_blank\" rel=\"noreferrer noopener\">en hel artikel<\/a>.<\/p>\n\n<figure class=\"wp-block-image size-large\"><img decoding=\"async\" src=\"https:\/\/photos.smugmug.com\/Canarias-Lovers\/Tenerife\/Puerto-de-la-Cruz\/Jardins\/Jardin-Sitio-de-Litre\/i-t4q4Trs\/0\/MF6xxJ7qXHZhJMGXFTDSzQ57btfH9pDcm3jsHNxQ3\/L\/puertodelacruz-jardinsitrolitre-6-L.jpg\" alt=\"Draktr&#xE4;d, Sitio Litre Garden, Puerto de la Cruz, Teneriffa\"\/><\/figure>\n\n<h3 class=\"wp-block-heading\">Praktiska r\u00e5d<\/h3>\n\n<ul class=\"wp-block-list\">\n<li>I staden Puerto de la Cruz, i stadsdelen <strong>Malpais<\/strong>, 10 minuters promenad fr\u00e5n centrum.<\/li>\n\n\n\n<li>L\u00e4ngd p\u00e5 bes\u00f6ket: <strong>20 till 45 minuter<\/strong><\/li>\n\n\n\n<li>Det finns ingen s\u00e4rskild tur f\u00f6r barn. \u00c5 andra sidan h\u00e5lls det regelbundet m\u00e5larverkst\u00e4der i tr\u00e4dg\u00e5rden, vilket kan vara en intressant aktivitet f\u00f6r hela familjen.\nOm du vill veta mer kan du bes\u00f6ka den officiella webbplatsen <a href=\"\" target=\"\" rel=\"noopener\">h\u00e4r.<\/a> <\/li>\n\n\n\n<li>Fullpris f\u00f6r vuxna: <strong>\u20ac4,75<\/strong><\/li>\n\n\n\n<li>\u00d6ppettider: Tr\u00e4dg\u00e5rden \u00e4r \u00f6ppen varje dag fr\u00e5n kl. <strong>9.30 till 14.30.<\/strong><\/li>\n<\/ul>\n\n<h2 class=\"wp-block-heading\"><span class=\"ez-toc-section\" id=\"9_Att_klattra_uppfor_trappan_Agatha_Christie\"><\/span>9. Att kl\u00e4ttra uppf\u00f6r trappan Agatha Christie<span class=\"ez-toc-section-end\"><\/span><\/h2>\n\n<figure class=\"wp-block-image size-large\"><img decoding=\"async\" src=\"https:\/\/photos.smugmug.com\/Canarias-Lovers\/Tenerife\/Puerto-de-la-Cruz\/Agatha-Christie-Stairs\/i-KTVfvf8\/0\/Kpc5T9Kd8j8kR8Lb2r7Q3pv9dvhrvvc99rn6P3VW5\/L\/agatha-christie-stairs-puerto-cruz-tenerife-L.jpg\" alt=\"Agatha Christie Trappan, Puerto de la Cruz, Teneriffa\"\/><\/figure>\n\n<h3 class=\"wp-block-heading\">Varf\u00f6r bes\u00f6ka?<\/h3>\n\n<p>Detta \u00e4r ett <strong>ovanligt inslag<\/strong> i v\u00e5rt bes\u00f6k i Puerto de la Cruz: n\u00e4ra den historiska stadsdelen finns en <strong>f\u00e4rgglad<\/strong> trappa som hyllar den brittiska f\u00f6rfattaren. Varje steg \u00e4r uppkallat efter en av hans m\u00e5nga <strong>romaner<\/strong>. Vi fick veta att hon tillbringade tid i Puerto de la Cruz p\u00e5 1920-talet och skrev flera b\u00f6cker under sin vistelse. Staden var angel\u00e4gen om att <strong>hylla<\/strong> honom. H\u00e4r finns ocks\u00e5 den <a href=\"https:\/\/www.webtenerifefr.com\/faire\/culturelles\/festivals\/festival-internacional-agatha-christie\/\">internationella Agatha Christie-festivalen<\/a>, med filmer, pj\u00e4ser och utst\u00e4llningar baserade p\u00e5 f\u00f6rfattarens liv.<\/p>\n\n<figure class=\"wp-block-image size-large\"><img decoding=\"async\" src=\"https:\/\/photos.smugmug.com\/Canarias-Lovers\/Tenerife\/Puerto-de-la-Cruz\/Agatha-Christie-Stairs\/i-zhbBCTK\/0\/NcQpLXRzwXV6qPRdj8Bmt7m7Lgf8FgCg4dzvRPNMT\/L\/agatha-christie-stairs-zoom-puerto-cruz-tenerife-L.jpg\" alt=\"Agatha Christie-trappan, detalj, Puerto de la Cruz, Teneriffa\"\/><\/figure>\n\n<h3 class=\"wp-block-heading\">Praktiska r\u00e5d<\/h3>\n\n<ul class=\"wp-block-list\">\n<li>Bel\u00e4get n\u00e4ra den historiska stadsdelen Puerto de la Cruz<\/li>\n\n\n\n<li>N\u00e4ra till <strong>k\u00f6pcentret Martianez<\/strong><\/li>\n\n\n\n<li>\u00c4ven k\u00e4nd som<strong>&#8221;Paseo San Amaro<\/strong>&#8221;.  <\/li>\n\n\n\n<li>L\u00e4tt att n\u00e5 till fots fr\u00e5n stadens centrum<\/li>\n\n\n\n<li>Alternativt kan du l\u00e4mna din bil p\u00e5 <strong>k\u00f6pcentrets parkering<\/strong>splats.<\/li>\n\n\n\n<li>Avs\u00e4tt <strong>10 till 15 minuter<\/strong> f\u00f6r att g\u00e5 uppf\u00f6r trappan och ta n\u00e5gra bilder.<\/li>\n\n\n\n<li><strong>Fri<\/strong> entr\u00e9 (allm\u00e4n plats)<\/li>\n\n\n\n<li>Tillg\u00e4nglig vid alla tidpunkter<\/li>\n\n\n\n<li>L\u00e4s mer <a href=\"https:\/\/www.salutilescanaries.com\/experiences\/puerto-de-la-cruz-un-bout-de-langleterre-a-tenerife\/\" target=\"_blank\" rel=\"noreferrer noopener nofollow\">h\u00e4r<\/a>.<\/li>\n<\/ul>\n\n<h2 class=\"wp-block-heading\"><span class=\"ez-toc-section\" id=\"10_Betraktar_panoramat_fran_Mirador_de_la_Paz\"><\/span>10. Betraktar panoramat fr\u00e5n Mirador de la Paz<span class=\"ez-toc-section-end\"><\/span><\/h2>\n\n<figure class=\"wp-block-image size-large\"><img decoding=\"async\" src=\"https:\/\/photos.smugmug.com\/Canarias-Lovers\/Tenerife\/Puerto-de-la-Cruz\/Mirador-de-la-paz\/i-ncxskQm\/0\/LFX7DwDKFrL35FWsdzRX2tVsvGWJ3R4ZsSG6LB8Sg\/L\/mirador-paz-view-puerto-cruz-tenerife-L.jpg\" alt=\"Mirador de la Paz, utsikt, Puerto de la Cruz, Teneriffa\"\/><\/figure>\n\n<h3 class=\"wp-block-heading\">Varf\u00f6r bes\u00f6ka?<\/h3>\n\n<p>Le Mirador var en riktig favorit. Mirador ligger p\u00e5 tv\u00e5 niv\u00e5er som \u00e4r f\u00f6rbundna med trappor och \u00e4r en <strong>esplanad<\/strong> som erbjuder en spektakul\u00e4r <strong>panoramautsikt<\/strong> \u00f6ver en stor del av staden. Vi hade en fantastisk utsikt \u00f6ver <strong>Martianez Beach<\/strong> och l\u00e4ngre bort den ber\u00f6mda <strong>Lago Martianez<\/strong>. Vi tog god tid p\u00e5 oss att njuta av stunden och ta bilder av utsikten. P\u00e5 andra sidan utsiktsplatsen ligger det lilla <strong>kapellet San Amaro<\/strong>, som ocks\u00e5 \u00e4r v\u00e4l v\u00e4rt ett bes\u00f6k.<\/p>\n\n<figure class=\"wp-block-image size-large\"><img decoding=\"async\" src=\"https:\/\/photos.smugmug.com\/Canarias-Lovers\/Tenerife\/Puerto-de-la-Cruz\/Mirador-de-la-paz\/i-vGtb3KT\/0\/Kn4bCLSc7DXqd4Qb2Gf7XNvKm6mb6Q6x6nHCF3PHC\/L\/mirador-paz-puerto-cruz-tenerife-L.jpg\" alt=\"Mirador de la Paz, Puerto de la Cruz, Teneriffa\"\/><\/figure>\n\n<h3 class=\"wp-block-heading\">Praktiska r\u00e5d<\/h3>\n\n<ul class=\"wp-block-list\">\n<li>\u00d6ster om Puerto de la Cruz<\/li>\n\n\n\n<li>I <strong>bostadsomr\u00e5det i La Paz<\/strong><\/li>\n\n\n\n<li>Det finns parkeringsplatser p\u00e5 de omgivande gatorna.<\/li>\n\n\n\n<li>Du kan njuta av utsikten s\u00e5 mycket du vill<\/li>\n\n\n\n<li>Tilltr\u00e4de till utsiktsplatsen \u00e4r <strong>gratis<\/strong>.<\/li>\n\n\n\n<li>\u00d6ppet hela dagen men f\u00f6redrar soluppg\u00e5ng eller solnedg\u00e5ng<\/li>\n\n\n\n<li>L\u00e4s mer <a href=\"https:\/\/www.tenerifecanaries.fr\/puerto-de-la-cruz\/\" target=\"_blank\" rel=\"noreferrer noopener nofollow\">h\u00e4r.<\/a><\/li>\n<\/ul>\n\n<h2 class=\"wp-block-heading\"><span class=\"ez-toc-section\" id=\"11_Upptack_resterna_av_det_arkeologiska_museet\"><\/span>11. Uppt\u00e4ck resterna av det arkeologiska museet<span class=\"ez-toc-section-end\"><\/span><\/h2>\n\n<figure class=\"wp-block-image size-large\"><img decoding=\"async\" src=\"https:\/\/photos.smugmug.com\/Canarias-Lovers\/Tenerife\/Puerto-de-la-Cruz\/Mus&#xE9;e-Arch&#xE9;ologie\/i-h3tTXCk\/0\/MdCkN8SrcVpSNcNmRGB5whzcKD6KQwp7DLKSc93CR\/L\/archeology-museum-puerto-cruz-tenerife-L.jpg\" alt=\"Arkeologiska museet, Puerto de la Cruz, Teneriffa\"\/><\/figure>\n\n<h3 class=\"wp-block-heading\">Varf\u00f6r bes\u00f6ka?<\/h3>\n\n<p>Under v\u00e5rt bes\u00f6k p\u00e5 det arkeologiska museet i Puerto de la Cruz fascinerades vi av den <strong>rika historien p\u00e5 Kanarie\u00f6arna<\/strong>. Museet \u00e4r inrymt i en fantastisk <strong>herrg\u00e5rd fr\u00e5n 1800-talet <\/strong>, d\u00e4r vi uppt\u00e4ckte Teneriffas fascinerande f\u00f6rflutna. Det fanns en imponerande samling <strong>aboriginsk keramik<\/strong>, forntida redskap och till och med <strong>mumifierade kvarlevor fr\u00e5n Guanche<\/strong>. Vi blev imponerade av utst\u00e4llningen som \u00e5terskapade aboriginernas livsmilj\u00f6 och dr\u00e4kter. H\u00e4r f\u00e5r man en unik inblick i livet p\u00e5 \u00f6n f\u00f6r flera hundra \u00e5r sedan.<\/p>\n\n<figure class=\"wp-block-image size-large\"><img decoding=\"async\" src=\"https:\/\/photos.smugmug.com\/Canarias-Lovers\/Tenerife\/Puerto-de-la-Cruz\/Mus&#xE9;e-Arch&#xE9;ologie\/i-bgbR9X5\/0\/Kqf9F3HVPLT9NZRKMxGqGf77SrBSk5HJq4m9tsJw6\/L\/archeology-museum-inside-puerto-cruz-tenerife-L.jpg\" alt=\"Arkeologiska museet, interi&#xF6;r, Puerto de la Cruz, Teneriffa\"\/><\/figure>\n\n<h3 class=\"wp-block-heading\">Praktiska r\u00e5d<\/h3>\n\n<ul class=\"wp-block-list\">\n<li>I den <strong>historiska stadsk\u00e4rnan<\/strong> i Puerto de la Cruz<\/li>\n\n\n\n<li>I stadsdelen <strong>La Ranilla<\/strong><\/li>\n\n\n\n<li>Parkeringshuset<strong>Esplanada del Muelle<\/strong> ligger <strong>5 minuters promenad<\/strong> bort och \u00e4r gratis och \u00f6ppet 24 timmar om dygnet.<\/li>\n\n\n\n<li>R\u00e4kna med <strong>30 minuter till 1 timme<\/strong> f\u00f6r bes\u00f6ket.<\/li>\n\n\n\n<li><strong>Fri entr\u00e9<\/strong><\/li>\n\n\n\n<li>Museet \u00e4r \u00f6ppet m\u00e5ndag till fredag kl. 9.00-15.00.<\/li>\n\n\n\n<li>L\u00e4s mer <a href=\"https:\/\/www.webtenerifefr.com\/propos-tenerife\/lile\/communes\/puerto-cruz\/lieux-interessants\/museo-arqueologico\/\" target=\"_blank\" rel=\"noreferrer noopener nofollow\">h\u00e4r.<\/a><\/li>\n<\/ul>\n\n<h2 class=\"wp-block-heading\"><span class=\"ez-toc-section\" id=\"12_Klattra_upp_till_toppen_av_Penon_de_Fraile\"><\/span>12. Kl\u00e4ttra upp till toppen av Pe\u00f1on de Fraile<span class=\"ez-toc-section-end\"><\/span><\/h2>\n\n<figure class=\"wp-block-image size-large\"><img decoding=\"async\" src=\"https:\/\/photos.smugmug.com\/Canarias-Lovers\/Tenerife\/Puerto-de-la-Cruz\/Pe&#xF1;on-de-Fraile\/i-bj7ZBgd\/0\/MMnrMwVCzzFqJ29pKfg2J7GQmDTfhFJPXMgBdxdMf\/L\/penon-fraile-puerto-cruz-tenerife-L.jpg\" alt=\"Pe&#xF1;on de Fraile, Puerto de la Cruz, Teneriffa\"\/><\/figure>\n\n<h3 class=\"wp-block-heading\">Varf\u00f6r bes\u00f6ka?<\/h3>\n\n<p>Vi kl\u00e4ttrade upp p\u00e5 Pe\u00f1on de Fraile. <strong> Klippan<\/strong> har f\u00e5tt sitt namn av en <strong>munk<\/strong> som kom hit f\u00f6r att meditera. Kl\u00e4ttringen upp f\u00f6r de specialdesignade trapporna \u00e4r ganska kort och utsikten \u00f6ver kusten \u00e4r underbar. Vi \u00e4lskade det <strong>lilla vita templet<\/strong> och det stora svarta korset som det inrymmer. Nedanf\u00f6r, p\u00e5 Calle Luis Lavaggi-sidan, finns en l\u00e5ng bl\u00e5 b\u00e4nk som f\u00f6ljer formen p\u00e5 klippans bas.<\/p>\n\n<figure class=\"wp-block-image size-large\"><img decoding=\"async\" src=\"https:\/\/photos.smugmug.com\/Canarias-Lovers\/Tenerife\/Puerto-de-la-Cruz\/Pe&#xF1;on-de-Fraile\/i-SfS7p7M\/0\/L9Mn4XQSkKb5K6Lcf2cQsJMbDgTFqc2GsThvndQQQ\/L\/penon-fraile-detail-puerto-cruz-tenerife-L.jpg\" alt=\"Pe&#xF1;on de Fraile, detalj, Puerto de la Cruz, Teneriffa\"\/><\/figure>\n\n<h3 class=\"wp-block-heading\">Praktiska r\u00e5d<\/h3>\n\n<ul class=\"wp-block-list\">\n<li>N\u00e4ra <strong>strandpromenaden<\/strong>, i utkanten av <strong>gamla stan<\/strong><\/li>\n\n\n\n<li>Parkeringshuset<strong>Esplanada del Muelle<\/strong> ligger 8 minuters promenad bort och \u00e4r gratis och \u00f6ppet 24 timmar om dygnet.<\/li>\n\n\n\n<li>Tilltr\u00e4de via en <strong>trappa<\/strong><\/li>\n\n\n\n<li>L\u00e5t det ta <strong>cirka tio minuter<\/strong>.<\/li>\n\n\n\n<li><strong>Fri tillg\u00e5ng<\/strong><\/li>\n\n\n\n<li>Gratis tidtabeller<\/li>\n<\/ul>\n\n<h2 class=\"wp-block-heading\"><span class=\"ez-toc-section\" id=\"13_Besok_San_Francisco_Church\"><\/span>13. Bes\u00f6k San Francisco Church<span class=\"ez-toc-section-end\"><\/span><\/h2>\n\n<figure class=\"wp-block-image size-large\"><img decoding=\"async\" src=\"https:\/\/photos.smugmug.com\/Canarias-Lovers\/Tenerife\/Puerto-de-la-Cruz\/Iglesia-San-Francisco-y-ermita-de-San-Juan\/i-WTSnJhm\/0\/NhQZxDD9Zvct5xLW4BrLBBc9k6pkpfnw9p8Dk92dq\/L\/victor-perez-place-san-francisco-church-puerto-cruz-tenerife-L.jpg\" alt=\"San Francisco-kyrkan, Puerto de la Cruz, Teneriffa\"\/><\/figure>\n\n<h3 class=\"wp-block-heading\">Varf\u00f6r bes\u00f6ka?<\/h3>\n\n<p>Den ligger 2 steg fr\u00e5n <strong>Plaza del Charco<\/strong> och \u00e4r den \u00e4ldsta kyrkan i staden. Den h\u00e4rstammar fr\u00e5n <strong>1500-talet<\/strong>. Men det som verkligen tilltalade oss var dess <strong>dubbla struktur<\/strong>, som best\u00e5r av ett l\u00e5nghus och ett halvskepp. Det \u00e4r i sj\u00e4lva verket anslutet till kapellet<strong>i San Juan Bautistas eremitage<\/strong>. Det finns n\u00e5gra mycket vackra altartavlor inuti, rikt och f\u00e4rgstarkt dekorerade.<br\/>Se fler bilder i v\u00e5r <a href=\"https:\/\/canarias-lovers.com\/sv\/besok-kyrka-san-francisco-puerto-cruz-teneriffa\/\" target=\"_blank\" rel=\"noreferrer noopener\">dedikerade artikel<\/a>.<\/p>\n\n<figure class=\"wp-block-image size-large\"><img decoding=\"async\" src=\"https:\/\/photos.smugmug.com\/Canarias-Lovers\/Tenerife\/Puerto-de-la-Cruz\/Iglesia-San-Francisco-y-ermita-de-San-Juan\/i-3HcBTz5\/0\/NQFPkTRCgVXcsZzCLXZMFD7QTPsb9mp8RXsXR98XJ\/L\/puertodelacruz-iglesiafrancisco-ermita-1-L.jpg\" alt=\"Altartavla fr&#xE5;n kapellet i eremitaget San Juan Bautista, Puerto de la Cruz, Teneriffa\"\/><\/figure>\n\n<h3 class=\"wp-block-heading\">Praktiska r\u00e5d<\/h3>\n\n<ul class=\"wp-block-list\">\n<li>I den historiska stadsk\u00e4rnan i Puerto de la Cruz<\/li>\n\n\n\n<li>Plats Victor Perez<\/li>\n\n\n\n<li>2 steg fr\u00e5n Plaza del Charco<\/li>\n\n\n\n<li>Parkeringshuset <strong>Explanada del Muelle<\/strong> ligger <strong>5 minuters<\/strong> promenad fr\u00e5n kyrkan.<\/li>\n\n\n\n<li>Bussh\u00e5llplatsen <strong>Plaza del Charco<\/strong> ligger mindre \u00e4n <strong>2 minuters promenad<\/strong> bort. L\u00e4s mer <a href=\"https:\/\/www.titsa.com\/\" target=\"_blank\" rel=\"noreferrer noopener nofollow\">h\u00e4r<\/a>.<\/li>\n\n\n\n<li>R\u00e4kna med <strong>10 till 20 minuter<\/strong> f\u00f6r bes\u00f6ket.<\/li>\n\n\n\n<li>N\u00e4r vi bes\u00f6kte San Juan Bautista-kapellet fanns det en ramp f\u00f6r att ta sig in via kapellet.<\/li>\n\n\n\n<li>Det \u00e4r <strong>fritt<\/strong> intr\u00e4de till kyrkan.<\/li>\n\n\n\n<li>Tiderna kan variera beroende p\u00e5 <strong>religi\u00f6sa tj\u00e4nster.<\/strong> Se lokal information <a href=\"https:\/\/www.webtenerifefr.com\/propos-tenerife\/lile\/communes\/puerto-cruz\/lieux-interessants\/iglesia-san-francisco\/\" target=\"_blank\" rel=\"noreferrer noopener nofollow\">h\u00e4r.<\/a><\/li>\n<\/ul>\n\n<h2 class=\"wp-block-heading\"><span class=\"ez-toc-section\" id=\"14_Sparning_av_Kanarieoarnas_fiskehistoria_pa_fiskarmuseet\"><\/span>14. Sp\u00e5rning av Kanarie\u00f6arnas fiskehistoria p\u00e5 fiskarmuseet<span class=\"ez-toc-section-end\"><\/span><\/h2>\n\n<figure class=\"wp-block-image size-large\"><img decoding=\"async\" src=\"https:\/\/photos.smugmug.com\/Canarias-Lovers\/Tenerife\/Puerto-de-la-Cruz\/Mus&#xE9;e-du-P&#xEA;cheur\/i-NbPhThQ\/0\/NWB8wQpZwRVJ9B7JPGhGgpMvZK8scnbgKhntQ2gSX\/L\/sailor-museum-puerto-cruz-tenerife-L.jpg\" alt=\"Fisherman's Museum, fasad, Puerto de la Cruz, tenerife\"\/><\/figure>\n\n<h3 class=\"wp-block-heading\">Varf\u00f6r bes\u00f6ka?<\/h3>\n\n<p><strong>Fisherman&#8217;s Museum<\/strong> var st\u00e4ngt vid tidpunkten f\u00f6r v\u00e5rt bes\u00f6k. Vi beklagade att vi inte fick veta mer om Teneriffas sj\u00f6fartshistoria. Museet har en imponerande samling av <strong>gamla fotografier<\/strong> och <strong>modellb\u00e5tar<\/strong> som visar utvecklingen av det lokala fisket, som vi g\u00e4rna hade velat se. Du kan ocks\u00e5 se <strong>fiskeutrustning<\/strong> och bilder av \u00f6ns fiskar som hj\u00e4lper dig att f\u00f6rst\u00e5 denna urgamla tradition.<\/p>\n\n<figure class=\"wp-block-image size-large\"><img decoding=\"async\" src=\"https:\/\/photos.smugmug.com\/Canarias-Lovers\/Tenerife\/Puerto-de-la-Cruz\/Mus&#xE9;e-du-P&#xEA;cheur\/i-dbBdHG9\/0\/MfmKrBkgWZFs3fsHDzVSjKxR86pHdcZH7sFgkQ7WM\/L\/sailor-museum-entrance-puerto-cruz-tenerife-L.jpg\" alt=\"Fisherman's Museum, info, Puerto de la Cruz, tenerife\"\/><\/figure>\n\n<h3 class=\"wp-block-heading\">Praktiska r\u00e5d<\/h3>\n\n<ul class=\"wp-block-list\">\n<li>I centrum av Puerto de la Cruz<\/li>\n\n\n\n<li>N\u00e4ra <strong>Casa de la Aduana<\/strong><\/li>\n\n\n\n<li>Parkeringshuset<strong>Esplanada del Muelle<\/strong> ligger 5 minuters promenad bort och \u00e4r gratis och \u00f6ppet 24 timmar om dygnet.<\/li>\n\n\n\n<li>R\u00e4kna med <strong>30 minuter till 1 timme<\/strong> f\u00f6r bes\u00f6ket.<\/li>\n\n\n\n<li>Museet \u00e4r \u00f6ppet m\u00e5ndag till l\u00f6rdag kl. 9.00-14.00.<\/li>\n\n\n\n<li>Mer information finns p\u00e5 museets webbplats <a href=\"https:\/\/www.granpoderdedios.es\/museo.php\" target=\"_blank\" rel=\"noreferrer noopener nofollow\">h\u00e4r.<\/a><\/li>\n<\/ul>\n\n<h2 class=\"wp-block-heading\"><span class=\"ez-toc-section\" id=\"15_Ta_ett_djupt_andetag_pa_Jimenez_Beach\"><\/span>15. Ta ett djupt andetag p\u00e5 Jimenez Beach<span class=\"ez-toc-section-end\"><\/span><\/h2>\n\n<figure class=\"wp-block-image size-large\"><img decoding=\"async\" src=\"https:\/\/photos.smugmug.com\/Canarias-Lovers\/Tenerife\/Puerto-de-la-Cruz\/Plages\/Playa-Jimenez\/i-m8X6WmZ\/0\/LBVr5sLrTZsqdhV6BpsVK2cGP2FZhK7dwZqFc5MqB\/L\/playa-jimenez-L.jpg\" alt=\"Playa Jimenez, Puerto de la Cruz, Teneriffa\"\/><\/figure>\n\n<h3 class=\"wp-block-heading\">Varf\u00f6r bes\u00f6ka?<\/h3>\n\n<p>Playa Jimenez \u00e4r v\u00e5r favoritstrand. Det ligger <strong>l\u00e4ngst bort fr\u00e5n<\/strong> Puerto de la Cruz centrum. Du k\u00e4nner igen den p\u00e5 de f\u00e4rgglada fasaderna i slutet av <strong>strandpromenaden<\/strong> som vetter mot den. Vi \u00e5kte dit tidigt p\u00e5 morgonen och nj\u00f6t verkligen av den <strong>fridfulla atmosf\u00e4ren<\/strong>. Men g\u00f6r inga misstag, under de hetaste tiderna under h\u00f6gs\u00e4songen \u00e4r stranden fullpackad. Och det ligger precis intill en av Teneriffas mest popul\u00e4ra attraktioner, Loro Parque.<\/p>\n\n<figure class=\"wp-block-image size-large\"><img decoding=\"async\" src=\"https:\/\/photos.smugmug.com\/Canarias-Lovers\/Tenerife\/Puerto-de-la-Cruz\/Plages\/Playa-Jimenez\/i-Mx6c2Zn\/0\/MGRR6qtzqzdwCBLFh9xsQrRVmVdHPf3b4pt98jm3j\/L\/playa-jimenez-1-L.jpg\" alt=\"Waves Playa Jimenez, Puerto de la Cruz, Teneriffa\"\/><\/figure>\n\n<h3 class=\"wp-block-heading\">Praktiska r\u00e5d<\/h3>\n\n<ul class=\"wp-block-list\">\n<li><strong>Nordv\u00e4st<\/strong> om Puerto de la Cruz<\/li>\n\n\n\n<li>Bredvid <strong>Loro Parque<\/strong><\/li>\n\n\n\n<li>Sanden \u00e4r <strong>fin och svart och<\/strong> det finns n\u00e5gra f\u00e5 klippformationer.<\/li>\n\n\n\n<li>Lutningen \u00e4r relativt svag men v\u00e5gorna kan vara ganska kraftiga.<\/li>\n\n\n\n<li>Stranden \u00e4r <strong>\u00f6vervakad<\/strong> och det finns en f\u00f6rsta hj\u00e4lpen-post.<\/li>\n\n\n\n<li>Vi s\u00e5g toaletter, duschar och strandspel f\u00f6r barnen.<\/li>\n\n\n\n<li>Stranden \u00e4r<strong>tillg\u00e4nglig f\u00f6r personer med nedsatt r\u00f6relsef\u00f6rm\u00e5ga<\/strong>.<\/li>\n\n\n\n<li>Det finns en restaurang ovanf\u00f6r stranden.<\/li>\n\n\n\n<li>L\u00e4s mer <a href=\"https:\/\/beachsearcher.fr\/fr\/beach\/724251247\/maria-jimenez-beach\" target=\"_blank\" rel=\"noreferrer noopener nofollow\">h\u00e4r<\/a>.<\/li>\n<\/ul>\n\n<div style=\"margin-top:8%;margin-bottom:8%\" class=\"wp-block-genesis-blocks-gb-container box gb-block-container\"><div class=\"gb-container-inside\"><div class=\"gb-container-content\">\n<div class=\"wp-block-columns inverse is-layout-flex wp-container-core-columns-is-layout-9d6595d7 wp-block-columns-is-layout-flex\">\n<div class=\"wp-block-column texte_planif is-layout-flow wp-block-column-is-layout-flow\" style=\"flex-basis:58%\">\n<h5 class=\"titre_box\" style=\"padding-top:10px;\">UPPT\u00c4CK <span class=\"titre_box_manuscrit\">Puerto de la Cruz<\/span><\/h5>\n\n\n\n<ul class=\"wp-block-list ul_box\">\n<li style=\"font-size:14px\"><a href=\"https:\/\/canarias-lovers.com\/sv\/sevardheter-puerto-de-la-cruz-teneriffa-att-gora\/\" data-type=\"post\" data-id=\"4978\" target=\"_blank\" rel=\"noreferrer noopener\">Sev\u00e4rdheter i Puerto de la Cruz<\/a><\/li>\n\n\n\n<li style=\"font-size:14px\"><a href=\"https:\/\/canarias-lovers.com\/sv\/basta-stranderna-puerto-de-la-cruz-teneriffa\/\" data-type=\"post\" data-id=\"4812\" target=\"_blank\" rel=\"noreferrer noopener\">De vackraste str\u00e4nderna<\/a><\/li>\n\n\n\n<li style=\"font-size:14px\"><a href=\"https:\/\/canarias-lovers.com\/sv\/var-kan-bo-puerto-de-la-cruz-basta-hotellen-stadsdelarna\/\" target=\"_blank\" rel=\"noreferrer noopener\">B\u00e4sta hotell<\/a><\/li>\n\n\n\n<li style=\"font-size:14px\"><a href=\"https:\/\/canarias-lovers.com\/sv\/basta-restaurang-puerto-cruz-teneriffa-ata-omdomen\/\" data-type=\"post\" data-id=\"5050\" target=\"_blank\" rel=\"noreferrer noopener\">B\u00e4sta restaurangerna<\/a><\/li>\n\n\n\n<li style=\"font-size:14px\"><a href=\"https:\/\/canarias-lovers.com\/sv\/basta-tradgardarna-puerto-de-la-cruz-teneriffa\/\" data-type=\"post\" data-id=\"4897\" target=\"_blank\" rel=\"noreferrer noopener\">De vackraste tr\u00e4dg\u00e5rdarna<\/a><\/li>\n<\/ul>\n<\/div>\n\n\n\n<div class=\"wp-block-column ville-radius is-layout-flow wp-block-column-is-layout-flow\" style=\"flex-basis:42%\">\n<figure class=\"wp-block-image size-large img-portrait\"><img decoding=\"async\" src=\"https:\/\/photos.smugmug.com\/Canarias-Lovers\/Tenerife\/Puerto-de-la-Cruz\/Ville\/i-RFNvMzq\/0\/LKcXnqPFd2cvKxtL9GSQXSTNvRqkR77wxZV4cLtS2\/S\/puertodelacruz-city-pazview-S.jpg\" alt=\"Puerto de la Cruz\" title=\"\"\/><\/figure>\n<\/div>\n<\/div>\n<\/div><\/div><\/div>\n\n<h2 class=\"wp-block-heading\"><span class=\"ez-toc-section\" id=\"Sevardheter_i_Puerto_de_la_Cruz_andra_ideer\"><\/span>Sev\u00e4rdheter i Puerto de la Cruz: andra id\u00e9er<span class=\"ez-toc-section-end\"><\/span><\/h2>\n\n<h3 class=\"wp-block-heading\">Andra str\u00e4nder i Puerto de la Cruz<\/h3>\n\n<p>F\u00f6rutom de 2 str\u00e4nderna som tidigare n\u00e4mnts i v\u00e5r m\u00e5ste-se-lista, nj\u00f6t vi ocks\u00e5 av f\u00f6ljande:<\/p>\n\n<ul class=\"wp-block-list\">\n<li><strong>Playa San Telmo<\/strong>: i hj\u00e4rtat av staden, kantad av restauranger<\/li>\n\n\n\n<li><strong>Playa del Muelle<\/strong>: mittemot fiskehamnen, n\u00e4ra <strong>Casa de la Aduana<\/strong><\/li>\n\n\n\n<li><strong>Playa Martianez<\/strong>: n\u00e4ra Lago Martianez, perfekt f\u00f6r surfing<\/li>\n\n\n\n<li><strong>Playa Chica<\/strong>: mellan klipporna, en liten, intim strand som \u00e4r popul\u00e4r bland familjer<\/li>\n<\/ul>\n\n<p>L\u00e4s v\u00e5r artikel om <a href=\"https:\/\/canarias-lovers.com\/sv\/basta-stranderna-puerto-de-la-cruz-teneriffa\/\" target=\"_blank\" rel=\"noreferrer noopener\">de vackraste str\u00e4nderna i Puerto de la Cruz.<\/a><\/p>\n\n<figure class=\"wp-block-image size-large\"><img decoding=\"async\" src=\"https:\/\/photos.smugmug.com\/Canarias-Lovers\/Tenerife\/Puerto-de-la-Cruz\/Plages\/Playa-Chica\/i-prMs5B3\/0\/LZBx8sGNdP5WD6fNKHkT4j632vr72Q2P2zdV7HrNb\/L\/playa-chica-puerto-cruz-tenerife-L.jpg\" alt=\"Playa Chica, Puerto de la CRuz, Teneriffa\"\/><figcaption class=\"wp-element-caption\">Playa Chica<\/figcaption><\/figure>\n\n<h3 class=\"wp-block-heading\">Andra tr\u00e4dg\u00e5rdar i Puerto de la Cruz<\/h3>\n\n<p>Puerto de la Cruz \u00e4r k\u00e4nt f\u00f6r sina tr\u00e4dg\u00e5rdar. Det \u00e4r det ocks\u00e5:<\/p>\n\n<ul class=\"wp-block-list\">\n<li><strong>Jardin Carolina:<\/strong> inb\u00e4ddad i <strong>tr\u00e4dg\u00e5rden<\/strong> till<a href=\"https:\/\/canarias-lovers.com\/sv\/hotell-tigaiga-puerto-cruz-teneriffa-recension\/\" target=\"_blank\" rel=\"noreferrer noopener\">H\u00f4tel Tigaiga<\/a><\/li>\n\n\n\n<li><strong>Calle de la Verdad<\/strong>: en lummig gr\u00e4nd i den historiska stadsk\u00e4rnan<\/li>\n\n\n\n<li><strong>Parque de la Sortija:<\/strong> enligt v\u00e5r mening den trevligaste delen av Parque Taoro, p\u00e5 den h\u00f6gre marken.<\/li>\n<\/ul>\n\n<p>Missa inte v\u00e5r artikel om <a href=\"https:\/\/canarias-lovers.com\/sv\/basta-tradgardarna-puerto-de-la-cruz-teneriffa\/\" target=\"_blank\" rel=\"noreferrer noopener\">v\u00e5ra favorittr\u00e4dg\u00e5rdar i Puerto de la Cruz.<\/a><\/p>\n\n<figure class=\"wp-block-image size-large\"><img decoding=\"async\" src=\"https:\/\/photos.smugmug.com\/Canarias-Lovers\/Tenerife\/Puerto-de-la-Cruz\/Jardins\/Jardin-Carolina\/i-kzThTN4\/0\/KXkTTQt6gqDXjbRtvKSjqHnw8mbBgv8ktz2SjXgMT\/L\/agave-ocean-view-jardin-carolina-tenerife-L.jpg\" alt=\"Carolina Garden p&#xE5; Hotel Tigaiga, Puerto de la Cruz, Teneriffa\"\/><figcaption class=\"wp-element-caption\">Carolina Garden p\u00e5 Hotel Tigaiga<\/figcaption><\/figure>\n\n<h3 class=\"wp-block-heading\">Andra museer i Puerto de la Cruz<\/h3>\n\n<ul class=\"wp-block-list\">\n<li><strong>Eduardo Westerdahl Museum of Contemporary Art (MACEW)<\/strong>: Museet ligger i Casa de la Aduana och \u00e4r indelat i 4 sektioner: surrealism, internationell konst (1935-1964), spansk efterkrigskonst och kanarisk konst fr\u00e5n 50- och 60-talen.  <br\/>\u00d6ppet m\u00e5ndag till l\u00f6rdag, kl. <strong>10.00-14.00<\/strong>.<\/li>\n<\/ul>\n\n<figure class=\"wp-block-image size-large\"><img decoding=\"async\" src=\"https:\/\/photos.smugmug.com\/Canarias-Lovers\/Tenerife\/Puerto-de-la-Cruz\/Plages\/Playa-del-Muelle\/i-pDXcHMb\/0\/L5tjZxRpWvrRpSsBnnVjQQjF7bpLFrNLKv5hVSkkj\/L\/playa-muelle-casa-aduana-puerto-cruz-tenerife-L.jpg\" alt=\"Casa de la Aduana fr&#xE5;n Playa del Muelle, Puerto de la Cruz, Teneriffa\"\/><figcaption class=\"wp-element-caption\">Casa de la Aduana fr\u00e5n Playa del Muelle<\/figcaption><\/figure>\n\n<h3 class=\"wp-block-heading\">Sev\u00e4rdheter i Puerto de la Cruz med barn<\/h3>\n\n<p>Puerto de la Cruz erbjuder ett brett utbud av barnv\u00e4nliga aktiviteter. H\u00e4r \u00e4r n\u00e5gra f\u00f6rslag:<\/p>\n\n<ul class=\"wp-block-list\">\n<li><strong>Lago Marti\u00e1nez<\/strong>: H\u00e4r finns naturliga pooler, s\u00e4kra badplatser och lekplatser f\u00f6r barn.<\/li>\n\n\n\n<li><strong>Playa Jard\u00edn<\/strong>: en familjestrand med faciliteter och lekplatser.<\/li>\n\n\n\n<li><strong>Parque de la Sortija<\/strong>: en panoramapark med lekplatser, sportanl\u00e4ggningar och picknickomr\u00e5den.<\/li>\n\n\n\n<li><strong>Jardin Botanico<\/strong>: den perfekta platsen f\u00f6r att uppt\u00e4cka \u00f6ver 4.000 v\u00e4xtarter i en fridfull milj\u00f6.<\/li>\n\n\n\n<li><strong>Loro Parque<\/strong>: en v\u00e4lk\u00e4nd djurpark. Vi rekommenderar dock att du <a href=\"https:\/\/canarias-lovers.com\/sv\/besok-loro-parque-teneriffa\/\" target=\"_blank\" rel=\"noreferrer noopener\">l\u00e4ser v\u00e5r artikel om denna webbplats innan du planerar ditt bes\u00f6k.<\/a><\/li>\n<\/ul>\n\n<figure class=\"wp-block-image size-large\"><img decoding=\"async\" src=\"https:\/\/photos.smugmug.com\/Canarias-Lovers\/Tenerife\/Puerto-de-la-Cruz\/Jardins\/Jardin-Botanico\/i-bt6KKKt\/0\/KmcRVbkpbVfBp37qzn58qGmRcf3jGJfrKpmBfpQG6\/L\/meditation-jardin-orotava-tenerife-L.jpg\" alt=\"Botaniska tr&#xE4;dg&#xE5;rden, Puerto de la Cruz, Teneriffa\"\/><figcaption class=\"wp-element-caption\">Botaniska tr\u00e4dg\u00e5rden<\/figcaption><\/figure>\n\n<h3 class=\"wp-block-heading\">Sev\u00e4rdheter i Puerto de la Cruz n\u00e4r det regnar<\/h3>\n\n<p>Om det regnar under din vistelse i Puerto de la Cruz kan du g\u00f6ra det b\u00e4sta av det:<\/p>\n\n<ul class=\"wp-block-list\">\n<li><strong>Bes\u00f6k museerna:<\/strong> Staden har ett antal intressanta museer, bland annat Fisherman&#8217;s Museum, Archaeological Museum och Museum of Contemporary Art.<\/li>\n\n\n\n<li><strong>Uppt\u00e4ck kyrkorna:<\/strong> n\u00e4ra stadsk\u00e4rnan rekommenderar vi <a href=\"https:\/\/canarias-lovers.com\/sv\/besok-kyrka-san-francisco-puerto-cruz-teneriffa\/\" target=\"_blank\" rel=\"noreferrer noopener\">dubbelkyrkan San Francisco<\/a> och kyrkan Nuestra Se\u00f1ora de la Pe\u00f1a de Francia.<\/li>\n\n\n\n<li>Shopping<strong>:<\/strong> Det finns ett inomhus k\u00f6pcentrum n\u00e4ra Lago Martianez fritidsanl\u00e4ggning.<\/li>\n\n\n\n<li><strong>Tillbringa dagen p\u00e5 spaet<\/strong> p\u00e5<a href=\"https:\/\/canarias-lovers.com\/sv\/var-kan-bo-puerto-de-la-cruz-basta-hotellen-stadsdelarna\/#1_Hotel_Botanico_y_Oriental_Spa_Garden_5_etoiles\" target=\"_blank\" rel=\"noreferrer noopener\">Hotel Botanico y Oriental Spa Garden<\/a><\/li>\n<\/ul>\n\n<figure class=\"wp-block-image size-large\"><img decoding=\"async\" src=\"https:\/\/photos.smugmug.com\/Canarias-Lovers\/Tenerife\/Puerto-de-la-Cruz\/Hotels\/H&#xF4;tel-Botanico\/i-HqX7vhq\/0\/LsLXmw8MV2jW8VWWDg7VZChctcxk4swcFvzFPsVHb\/L\/oriental-spa-garden-puerto-cruz-tenerife-L.jpg\" alt=\"Spa p&#xE5; Hotel Botanico y Oriental Spa Garden i Puerto de la Cruz, Teneriffa\"\/><figcaption class=\"wp-element-caption\">Spa p\u00e5 Hotel Botanico y Oriental Spa Garden<\/figcaption><\/figure>\n\n<h2 class=\"wp-block-heading\"><span class=\"ez-toc-section\" id=\"Utflykter_runt_Puerto_de_la_Cruz\"><\/span>Utflykter runt Puerto de la Cruz<span class=\"ez-toc-section-end\"><\/span><\/h2>\n\n<p>Teide syns tydligt fr\u00e5n Puerto de la Cruz. Varf\u00f6r inte ta en 3-timmars guidad <strong>vandring<\/strong> uppf\u00f6r vulkanens sluttningar, Spaniens h\u00f6gsta punkt (3.718 m)? Fr\u00e5n linbanans avg\u00e5ngspunkt kommer du att bli \u00f6verv\u00e4ldigad av panoramautsikten \u00f6ver \u00f6n och hela Kanarie\u00f6arna. <a href=\"https:\/\/www.getyourguide.se\/tenerife-l350\/teide-randonnee-guidee-t65995\/?partner_id=R3GYW4V&amp;cmp=CAL\" target=\"_blank\" rel=\"noreferrer noopener sponsored nofollow\">Se priser, bilder och tillg\u00e4nglighet<\/a>.<\/p>\n\n<figure class=\"wp-block-image size-large\"><img decoding=\"async\" src=\"https:\/\/photos.smugmug.com\/Canarias-Lovers\/Tenerife\/Best-of\/i-pvFVTGs\/0\/KKDmsjHdDTQkfgZWxWqQ2phTkKtkWmQTZw8XtMgZb\/L\/parc-national-teide-tenerife-L.jpg\" alt=\"&#10;Utsikt &#xF6;ver berget Teide p&#xE5; Teneriffa\"\/><figcaption class=\"wp-element-caption\">Utsikt \u00f6ver Teide<\/figcaption><\/figure>\n\n<h2 class=\"wp-block-heading\"><span class=\"ez-toc-section\" id=\"Ar_Puerto_de_la_Cruz_vart_ett_besok\"><\/span>\u00c4r Puerto de la Cruz v\u00e4rt ett bes\u00f6k?<span class=\"ez-toc-section-end\"><\/span><\/h2>\n\n<p>Enligt v\u00e5r mening \u00e4r staden Puerto de la Cruz v\u00e4l v\u00e4rt ett bes\u00f6k. Det \u00e4r en historisk stad med en autentisk kanarisk atmosf\u00e4r och en modern turistinfrastruktur. Vi \u00e4lskade de historiska <strong>botaniska tr\u00e4dg\u00e5rdarna<\/strong>, gamla stan med sina <strong>f\u00e4rgglada gator<\/strong> och traditionella <strong>fiskehamn<\/strong>, och naturligtvis de vulkaniska <strong>svarta sandstr\u00e4nderna<\/strong>.<\/p>\n\n<figure class=\"wp-block-image size-large\"><img decoding=\"async\" src=\"https:\/\/photos.smugmug.com\/Canarias-Lovers\/Tenerife\/Puerto-de-la-Cruz\/Ville\/i-rSCRV2F\/0\/NGXr2zjvZ5rNfwwVXJGkNK7BtPnk73SSZvZFMfrjf\/L\/puerto-de-la-cruz-L.jpg\" alt=\"Gatorna i Puerto de la Cruz p&#xE5; Teneriffa\"\/><\/figure>\n\n<h2 class=\"wp-block-heading\"><span class=\"ez-toc-section\" id=\"Anvandbara_tips_for_att_besoka_Puerto_de_la_Cruz\"><\/span>Anv\u00e4ndbara tips f\u00f6r att bes\u00f6ka Puerto de la Cruz<span class=\"ez-toc-section-end\"><\/span><\/h2>\n\n<h3 class=\"wp-block-heading\">Var ligger Puerto de la Cruz?<\/h3>\n\n<ul class=\"wp-block-list\">\n<li>P\u00e5 \u00f6n <strong>Teneriffas<\/strong> norra kust<\/li>\n\n\n\n<li>K\u00f6rtid fr\u00e5n Teneriffa Norra flygplats = 30min<\/li>\n\n\n\n<li>K\u00f6rtid fr\u00e5n Teneriffa S\u00f6dra flygplats = 1h10min<\/li>\n\n\n\n<li>K\u00f6rtid fr\u00e5n hamnen i Santa Cruz de Tenerife = 1 timme<\/li>\n\n\n\n<li>H\u00e4r \u00e4r en karta som visar de viktigaste st\u00e4derna och byarna att se p\u00e5 Teneriffa f\u00f6r att hj\u00e4lpa dig att hitta r\u00e4tt:<\/li>\n<\/ul>\n\n<figure class=\"wp-block-image size-large\"><img decoding=\"async\" src=\"https:\/\/canarias-lovers.com\/wp-content\/uploads\/2024\/09\/karta-basta-staderna-Teneriffa-byarna-1024x683.png\" alt=\"karta vackraste st&#xE4;derna tenerife byar\" class=\"wp-image-4435\"\/><figcaption class=\"wp-element-caption\">St\u00e4derna och byarna p\u00e5 Teneriffa<\/figcaption><\/figure>\n\n<h3 class=\"wp-block-heading\">Hur kommer jag till Puerto de la Cruz?<\/h3>\n\n<p>Fr\u00e5n hamnen eller flygplatserna kan du ta kollektivtrafiken. Bussn\u00e4tet \u00e4r relativt v\u00e4l utbyggt och t\u00e4cker hela \u00f6n p\u00e5 ett bra s\u00e4tt. L\u00e4s mer <a href=\"https:\/\/www.titsa.com\/index.php\/en\/\" target=\"_blank\" rel=\"noreferrer noopener nofollow\">h\u00e4r<\/a>.<\/p>\n\n<p>Vi rekommenderar starkt att du har <strong>tillg\u00e5ng till bil<\/strong> under din resa till Teneriffa. Om du vill utforska allt det vackra p\u00e5 \u00f6n beh\u00f6ver du ett fordon. Det \u00e4r det snabbaste och enklaste s\u00e4ttet att ta sig runt p\u00e5 alla platser. Alla <a href=\"https:\/\/canarias-lovers.com\/sv\/hur-hyr-bil-teneriffa-tips-erfarenhet\/\" target=\"_blank\" rel=\"noreferrer noopener\">v\u00e5ra tips f\u00f6r att hyra bil p\u00e5 Teneriffa<\/a>.<\/p>\n\n<figure class=\"wp-block-image size-large\"><img decoding=\"async\" src=\"https:\/\/photos.smugmug.com\/Canarias-Lovers\/Tenerife\/Puerto-de-la-Cruz\/Ville\/i-6L3pck3\/0\/L6bx43MJkQTdxB5rcxVM9t8ww3vGKsxf5bNcFgbKW\/L\/car-puerto-cruz-tenerife-L.jpg\" alt=\"Puerto de la Cruz med bil\"\/><\/figure>\n\n<h3 class=\"wp-block-heading\">Parkering i Puerto de la Cruz<\/h3>\n\n<p>Parkeringen p\u00e5 <strong>Explanada del Muelle<\/strong> ligger precis intill den historiska stadsk\u00e4rnan, vid strandpromenaden, och \u00e4r <strong>gratis<\/strong> och \u00f6ppen <strong>24 timmar om dygnet<\/strong>.<\/p>\n\n<figure class=\"wp-block-image size-large\"><img decoding=\"async\" src=\"https:\/\/photos.smugmug.com\/Canarias-Lovers\/Tenerife\/Puerto-de-la-Cruz\/Ville\/i-T8nKLh5\/0\/KMp7FcBx4QtGhbqJR3TF5KFT6LBWX6vPnncvtXzsg\/L\/parking-muelle-puerto-cruz-tenerife-L.jpg\" alt=\"Parkering Explanada del Muelle, Puerto de la Cruz, Teneriffa\"\/><figcaption class=\"wp-element-caption\">Parkering <strong>Explanada del Muelle<\/strong> <\/figcaption><\/figure>\n\n<h3 class=\"wp-block-heading\">Att ta sig runt i Puerto de la Cruz<\/h3>\n\n<p>Bussn\u00e4tet i Puerto de la Cruz sk\u00f6ts av samma operat\u00f6r som t\u00e4cker hela \u00f6n. <a href=\"https:\/\/www.titsa.com\/index.php\/en\/\" target=\"_blank\" rel=\"noreferrer noopener nofollow\">H\u00e4r<\/a> hittar du alla linjer, tidtabeller och resv\u00e4gar.<\/p>\n\n<h3 class=\"wp-block-heading\">Var man kan \u00e4ta i Puerto de la Cruz<\/h3>\n\n<p>Det finns m\u00e5nga restauranger i Puerto de la Cruz. H\u00e4r \u00e4r en lista \u00f6ver v\u00e5ra favoriter:<\/p>\n\n<ul class=\"wp-block-list\">\n<li><strong>Restaurang Ih\u00fcey Tasca<\/strong>: modernt kanariskt k\u00f6k som kombinerar tradition och innovation.<\/li>\n\n\n\n<li><strong>Restaurang Vinoteca con Pasion<\/strong>: en vinbar som \u00e4r k\u00e4nd f\u00f6r sitt fusionsk\u00f6k och sin varma atmosf\u00e4r.<\/li>\n\n\n\n<li>Dessutom: Restaurant Cuma\u00ef, Restaurant Cliff, Restaurant Muxacho, Restaurant Nubium, Restaurant Brunelli&#8217;s, Restaurant La Cocina, Restaurant Papa Teide, Restaurant El Limon, Restaurant Olea och Restaurant Olivo Tasca.<\/li>\n<\/ul>\n\n<p>L\u00e4s v\u00e5ra recensioner i v\u00e5r artikel om de b\u00e4sta st\u00e4llena att \u00e4ta i Puerto de la Cruz. Den kommer att vara tillg\u00e4nglig inom kort.<\/p>\n\n<figure class=\"wp-block-image size-large\"><img decoding=\"async\" src=\"https:\/\/photos.smugmug.com\/Canarias-Lovers\/Tenerife\/Puerto-de-la-Cruz\/Restaurants\/Vinoteca-con-Pasion\/i-GZr5r5T\/0\/MfjLcxtccRfHHskxPPVq3Z26mtJDxt8j5fvRWLPr7\/L\/vinoteca-con-pasion-puerto-cruz-tenerife-L.jpg\" alt=\"Restaurangen Vinoteca con Pasion i Puerto de la Cruz, Teneriffa\"\/><figcaption class=\"wp-element-caption\">Restaurang Vinoteca con Pasion<\/figcaption><\/figure>\n\n<h3 class=\"wp-block-heading\">Att bes\u00f6ka Puerto de la Cruz p\u00e5 vintern<\/h3>\n\n<p>Vi var i Puerto de la Cruz p\u00e5 vintern och staden har ett milt och behagligt klimat. Medeltemperaturen ligger runt <strong>20\u00b0C<\/strong>. <strong>Poolerna p\u00e5 Lago Marti\u00e1nez<\/strong> \u00e4r fortfarande tillg\u00e4ngliga, \u00e4ven om vattnet \u00e4r kallare. De <strong>botaniska tr\u00e4dg\u00e5rdarna<\/strong> \u00e4r s\u00e4rskilt gr\u00f6na vid den h\u00e4r tiden p\u00e5 \u00e5ret. <strong>Promenaden genom gamla stan<\/strong>, med sina kullerstensgator och koloniala byggnader, \u00e4r mycket trevlig.  <\/p>\n\n<p><strong>Restauranger<\/strong> som serverar kanariska specialiteter \u00e4r \u00f6ppna \u00e5ret runt, liksom den lokala marknaden. <strong>Utflykter till Teide<\/strong> \u00e4r \u00e4nnu bekv\u00e4mare \u00e4n p\u00e5 sommaren, med mildare v\u00e4der f\u00f6r vandring. Om du, precis som vi, tycker om att titta p\u00e5<strong> v\u00e5gorna <\/strong>kommer du att \u00e4lska att se dem sl\u00e5 in mot vulkankusten, s\u00e4rskilt fr\u00e5n <strong>Playa Jimenez<\/strong>, v\u00e5r favorit.<\/p>\n\n<figure class=\"wp-block-image size-large\"><img decoding=\"async\" src=\"https:\/\/photos.smugmug.com\/Canarias-Lovers\/Tenerife\/Puerto-de-la-Cruz\/Plages\/Playa-Jimenez\/i-qzCcBLc\/0\/LRSnsQnchB3FXxMm5DjGB2jHVQHNLdXQzxLvNw2gK\/L\/punta-brava-puerto-cruz-tenerife-L.jpg\" alt=\"Playa Jimenez, Puerto de la Cruz, tenerife\"\/><figcaption class=\"wp-element-caption\">Playa Jimenez<\/figcaption><\/figure>\n\n<div style=\"margin-top:8%;margin-bottom:8%\" class=\"wp-block-genesis-blocks-gb-container box gb-block-container\"><div class=\"gb-container-inside\"><div class=\"gb-container-content\" style=\"max-width:700px\">\n<div class=\"wp-block-genesis-blocks-gb-container box_titre gb-block-container\"><div class=\"gb-container-inside\"><div class=\"gb-container-content\">\n<h5 class=\"titre_box\"><span>PLANERA<\/span> DIN RESA TILL <span class=\"titre_box_manuscrit\">tenerife<\/span><\/h5>\n<\/div><\/div><\/div>\n\n\n\n<hr class=\"wp-block-separator has-text-color has-alpha-channel-opacity has-background is-style-wide hr-box-planif\" style=\"background-color:#ccd3dd;color:#ccd3dd\"\/>\n\n\n\n<div class=\"wp-block-columns box_sans_border is-layout-flex wp-container-core-columns-is-layout-9d6595d7 wp-block-columns-is-layout-flex\">\n<div class=\"wp-block-column texte_planif is-layout-flow wp-block-column-is-layout-flow\" style=\"font-size:14px;flex-basis:60%\">\n<ul class=\"wp-block-list\">\n<li><strong>B\u00e4st av<\/strong><\/li>\n<\/ul>\n\n\n\n<p class=\"ul_box\" style=\"font-size:14px\"><a href=\"https:\/\/canarias-lovers.com\/sv\/sevardheter-teneriffa-att-gora\/\" target=\"_blank\" rel=\"noreferrer noopener\">Vad man kan g\u00f6ra p\u00e5 Teneriffa<\/a><br\/><a href=\"https:\/\/canarias-lovers.com\/sv\/basta-staderna-teneriffa-byarna\/\" target=\"_blank\" rel=\"noreferrer noopener\">De vackraste st\u00e4derna och byarna<\/a><br\/><a href=\"https:\/\/canarias-lovers.com\/sv\/basta-stranderna-teneriffa\/\" target=\"_blank\" rel=\"noreferrer noopener\">De vackraste str\u00e4nderna<\/a><br\/><a href=\"https:\/\/canarias-lovers.com\/sv\/naturliga-pooler-teneriffa-laguner\/\" target=\"_blank\" rel=\"noreferrer noopener\">B\u00e4sta naturliga pooler<\/a><br\/><a href=\"https:\/\/canarias-lovers.com\/sv\/landskap-teneriffa-foton\/\" target=\"_blank\" rel=\"noreferrer noopener\">De vackraste landskapen<\/a><br\/><a href=\"https:\/\/canarias-lovers.com\/sv\/vackraste-vagarna-teneriffa\/\" target=\"_blank\" rel=\"noreferrer noopener\">De vackraste v\u00e4garna<\/a><br\/><a data-type=\"post\" data-id=\"6866\" href=\"https:\/\/canarias-lovers.com\/sv\/temaparker-teneriffa\/\" target=\"_blank\" rel=\"noreferrer noopener\">N\u00f6jesparker<\/a><br\/><a href=\"https:\/\/canarias-lovers.com\/sv\/basta-utflykter-teneriffa\/\" type=\"post\" id=\"8548\" target=\"_blank\" rel=\"noreferrer noopener\">B\u00e4sta utflykterna p\u00e5 Teneriffa<\/a><\/p>\n<\/div>\n\n\n\n<div class=\"wp-block-column is-vertically-aligned-top planif-radius is-layout-flow wp-block-column-is-layout-flow\" style=\"flex-basis:40%\">\n<figure class=\"wp-block-image size-large img-portrait\"><img decoding=\"async\" src=\"https:\/\/photos.smugmug.com\/Canarias-Lovers\/Tenerife\/Best-of\/i-pvFVTGs\/0\/0848ad4a\/S\/parc-national-teide-tenerife-S.jpg\" alt=\"Teide nationalpark p&#xE5; Teneriffa\" title=\"\"\/><\/figure>\n<\/div>\n<\/div>\n\n\n\n<hr class=\"wp-block-separator has-text-color has-alpha-channel-opacity has-background is-style-wide hr-box-planif\" style=\"background-color:#ccd3dd;color:#ccd3dd\"\/>\n\n\n\n<div class=\"wp-block-columns box_sans_border is-layout-flex wp-container-core-columns-is-layout-9d6595d7 wp-block-columns-is-layout-flex\">\n<div class=\"wp-block-column texte_planif is-layout-flow wp-block-column-is-layout-flow\" style=\"flex-basis:60%\">\n<ul class=\"wp-block-list\">\n<li><strong>Praktiska r\u00e5d<\/strong><\/li>\n<\/ul>\n\n\n\n<p style=\"font-size:14px\"><a data-type=\"post\" data-id=\"5907\" href=\"https:\/\/canarias-lovers.com\/sv\/reseguide-teneriffa-resetips\/\" target=\"_blank\" rel=\"noreferrer noopener\">25 tips f\u00f6r en lyckad resa till Teneriffa<\/a><br\/><a data-type=\"post\" data-id=\"6143\" href=\"https:\/\/canarias-lovers.com\/sv\/ta-sig-runt-teneriffa-transport\/\" target=\"_blank\" rel=\"noreferrer noopener\">Hur man tar sig runt<\/a><br\/><a data-type=\"post\" data-id=\"2175\" href=\"https:\/\/canarias-lovers.com\/sv\/hur-hyr-bil-teneriffa-tips-erfarenhet\/\" target=\"_blank\" rel=\"noreferrer noopener\">Hur man hyr en bil p\u00e5 Teneriffa<\/a><br\/><a data-type=\"post\" data-id=\"5963\" href=\"https:\/\/canarias-lovers.com\/sv\/conduire-tenerife-conseils\/\" target=\"_blank\" rel=\"noreferrer noopener\">Tips f\u00f6r k\u00f6rning<\/a><br\/>B\u00e4sta utflykter (kommer snart)<br\/><a data-type=\"post\" data-id=\"5908\" href=\"https:\/\/canarias-lovers.com\/sv\/var-ska-bo-teneriffa-basta-omradena\/\" target=\"_blank\" rel=\"noreferrer noopener\">Var du kan bo p\u00e5 Teneriffa<\/a><br\/>Resplaner: 3 dagar &#8211; 4 dagar &#8211; <a href=\"https:\/\/canarias-lovers.com\/sv\/besok-5-dagar-teneriffa-resvagar\/\" target=\"_blank\" rel=\"noreferrer noopener\">5 dagar <\/a>&#8211; <a href=\"https:\/\/canarias-lovers.com\/sv\/besok-6-dagar-teneriffa-resvagar\/\" target=\"_blank\" rel=\"noreferrer noopener\">6 dagar<\/a> &#8211; <a href=\"https:\/\/canarias-lovers.com\/sv\/besok-teneriffa-en-vecka-resvagar\/\" target=\"_blank\" rel=\"noreferrer noopener\">1 vecka <\/a>&#8211; <a href=\"https:\/\/canarias-lovers.com\/sv\/besok-10-dagar-teneriffa-resplan\/\" target=\"_blank\" rel=\"noreferrer noopener\">10 dagar<\/a><\/p>\n<\/div>\n\n\n\n<div class=\"wp-block-column is-vertically-aligned-top planif-radius is-layout-flow wp-block-column-is-layout-flow\" style=\"flex-basis:40%\">\n<figure class=\"wp-block-image size-large img-portrait\"><img decoding=\"async\" src=\"https:\/\/photos.smugmug.com\/Canarias-Lovers\/Tenerife\/Driving\/i-hrSHvkb\/1\/565a5a58\/S\/tenerife-rental-car-driving-3-S.jpg\" alt=\"Hyrbil Teneriffa\" title=\"\"\/><\/figure>\n<\/div>\n<\/div>\n\n\n\n<hr class=\"wp-block-separator has-text-color has-alpha-channel-opacity has-background is-style-wide hr-box-planif\" style=\"background-color:#ccd3dd;color:#ccd3dd\"\/>\n\n\n\n<div class=\"wp-block-columns box_sans_border is-layout-flex wp-container-core-columns-is-layout-9d6595d7 wp-block-columns-is-layout-flex\">\n<div class=\"wp-block-column texte_planif is-layout-flow wp-block-column-is-layout-flow\" style=\"flex-basis:60%\">\n<ul class=\"wp-block-list\">\n<li><strong>Det du m\u00e5ste ha<\/strong><\/li>\n<\/ul>\n\n\n\n<p style=\"font-size:14px\"><a href=\"https:\/\/canarias-lovers.com\/sv\/delfinspotting-teneriffa-baleiner-utflykter\/\" target=\"_blank\" rel=\"noreferrer noopener\">Delfinsk\u00e5dning p\u00e5 Teneriffa<\/a><br\/><a data-type=\"post\" data-id=\"5913\" href=\"https:\/\/canarias-lovers.com\/sv\/nationalpark-teide-teneriffa-sevardheter-tips\/\" target=\"_blank\" rel=\"noreferrer noopener\">Teide nationalpark<\/a><br\/>Anaga landsbygdspark (kommer snart)<br\/><a href=\"https:\/\/canarias-lovers.com\/sv\/sevardheter-la-orotava-teneriffa-att-gora\/\" target=\"_blank\" rel=\"noreferrer noopener\">La Orotava<\/a><br\/><a data-type=\"post\" data-id=\"4663\" href=\"https:\/\/canarias-lovers.com\/sv\/sevardheter-garachico-teneriffa-att-gora\/\" target=\"_blank\" rel=\"noreferrer noopener\">Garachico<\/a><br\/><a href=\"https:\/\/canarias-lovers.com\/sv\/sevardheter-masca-teneriffa-att-gora\/\" target=\"_blank\" rel=\"noreferrer noopener\">Byn Masca<\/a><br\/><a href=\"https:\/\/canarias-lovers.com\/sv\/visiter-pyramides-guimar-tenerife-2\/\" target=\"_blank\" rel=\"noreferrer noopener\">Pyramiderna i G\u00fcimar<\/a><br\/><br\/><\/p>\n<\/div>\n\n\n\n<div class=\"wp-block-column is-vertically-aligned-top planif-radius is-layout-flow wp-block-column-is-layout-flow\" style=\"flex-basis:40%\">\n<figure class=\"wp-block-image size-large img-portrait\"><img decoding=\"async\" src=\"https:\/\/photos.smugmug.com\/Canarias-Lovers\/Tenerife\/Best-of\/i-wQrB5Lp\/0\/0bf54665\/S\/tenerife-dauphins-1-S.jpg\" alt=\"Delfin p&#xE5; Teneriffa\" title=\"\"\/><\/figure>\n<\/div>\n<\/div>\n\n\n\n<div style=\"height:30px\" aria-hidden=\"true\" class=\"wp-block-spacer\"><\/div>\n<\/div><\/div><\/div>\n\n<div class=\"wp-block-genesis-blocks-gb-container box_auteur_voyage gb-block-container\"><div class=\"gb-container-inside\"><div class=\"gb-container-content\">\n<figure class=\"wp-block-image size-large img_auteur_voyage img_provisoire\"><a href=\"https:\/\/canarias-lovers.com\/sv\/claire-robinson\/\" target=\"_blank\" rel=\"noreferrer noopener\"><img decoding=\"async\" src=\"https:\/\/photos.smugmug.com\/Region-Lovers\/Equipe\/i-nsNF6C6\/0\/Cs2F5n96pkt9xFD9D3SVqmQspMhrKgN75nHgBqmjG\/L\/Claire-L.png\" alt=\"\"\/><\/a><\/figure>\n\n\n\n<h5 class=\"titre_auteur_voyage\"><span>HON KLARADE RESAN <\/span><span class=\"titre_box_manuscrit\">Claire<\/span><\/h5>\n<\/div><\/div><\/div>\n\n<div class=\"wp-block-genesis-blocks-gb-container box_auteur_voyage gb-block-container\"><div class=\"gb-container-inside\"><div class=\"gb-container-content\">\n<figure class=\"wp-block-image size-large img_auteur_voyage img_provisoire img_severine\"><a href=\"https:\/\/canarias-lovers.com\/sv\/severine-harzo\/\" target=\"_blank\" rel=\"noreferrer noopener\"><img decoding=\"async\" src=\"https:\/\/photos.smugmug.com\/Region-Lovers\/Equipe\/i-gFtV6Dq\/0\/C6RSrhKpdND9MjrwpgnJSBdMhs3jLBgbGtBgdHX2x\/L\/severine-2-L.jpg\" alt=\"\" style=\"object-fit:cover\"\/><\/a><\/figure>\n\n\n\n<h5 class=\"titre_auteur_voyage\"><span>HON SKREV ARTIKELN \n <\/span><span class=\"titre_box_manuscrit\">S\u00e8verine<\/span><\/h5>\n<\/div><\/div><\/div>\n","protected":false},"excerpt":{"rendered":"<p>Frodiga tropiska tr\u00e4dg\u00e5rdar, bevarad kolonial charm, en livlig strandpromenad med utsikt \u00f6verAtlanten&#8230; Uppt\u00e4ck alla skatterna i Puerto de la Cruz, en \u00e4kta stad p\u00e5 Teneriffa som perfekt kombinerar kanarisk tradition och det lugna s\u00e4ttet att leva. H\u00e4r \u00e4r v\u00e5ra id\u00e9er om vad du kan g\u00f6ra i Puerto de la Cruz under din vistelse p\u00e5 Kanarie\u00f6arna. [&hellip;]<\/p>\n","protected":false},"author":6,"featured_media":4987,"comment_status":"closed","ping_status":"closed","sticky":false,"template":"","format":"standard","meta":{"_genesis_hide_title":false,"_genesis_hide_breadcrumbs":false,"_genesis_hide_singular_image":false,"_genesis_hide_footer_widgets":false,"_genesis_custom_body_class":"","_genesis_custom_post_class":"","_genesis_layout":"","footnotes":""},"categories":[47],"tags":[],"class_list":{"0":"post-5033","1":"post","2":"type-post","3":"status-publish","4":"format-standard","5":"has-post-thumbnail","7":"category-teneriffa","8":"entry"},"yoast_head":"<!-- This site is optimized with the Yoast SEO plugin v27.5 - https:\/\/yoast.com\/product\/yoast-seo-wordpress\/ -->\n<title>15 sev\u00e4rdheter i Puerto de la Cruz (Teneriffa)<\/title>\n<meta name=\"robots\" content=\"index, follow, max-snippet:-1, max-image-preview:large, max-video-preview:-1\" \/>\n<link rel=\"canonical\" href=\"https:\/\/canarias-lovers.com\/sv\/sevardheter-puerto-de-la-cruz-teneriffa-att-gora\/\" \/>\n<meta property=\"og:locale\" content=\"sv_SE\" \/>\n<meta property=\"og:type\" content=\"article\" \/>\n<meta property=\"og:title\" content=\"15 sev\u00e4rdheter i Puerto de la Cruz (Teneriffa)\" \/>\n<meta property=\"og:description\" content=\"Frodiga tropiska tr\u00e4dg\u00e5rdar, bevarad kolonial charm, en livlig strandpromenad med utsikt \u00f6verAtlanten&#8230; Uppt\u00e4ck alla skatterna i Puerto de la Cruz, en \u00e4kta stad p\u00e5 Teneriffa som perfekt kombinerar kanarisk tradition och det lugna s\u00e4ttet att leva. H\u00e4r \u00e4r v\u00e5ra id\u00e9er om vad du kan g\u00f6ra i Puerto de la Cruz under din vistelse p\u00e5 Kanarie\u00f6arna. [&hellip;]\" \/>\n<meta property=\"og:url\" content=\"https:\/\/canarias-lovers.com\/sv\/sevardheter-puerto-de-la-cruz-teneriffa-att-gora\/\" \/>\n<meta property=\"og:site_name\" content=\"Canarias Lovers: Tenerife + Gran Canaria\" \/>\n<meta property=\"article:published_time\" content=\"2024-10-25T14:43:45+00:00\" \/>\n<meta property=\"article:modified_time\" content=\"2024-11-08T09:50:27+00:00\" \/>\n<meta property=\"og:image\" content=\"https:\/\/canarias-lovers.com\/wp-content\/uploads\/2024\/10\/que-faire-puerto-cruz-visiter-incontournable-8.jpg\" \/>\n\t<meta property=\"og:image:width\" content=\"800\" \/>\n\t<meta property=\"og:image:height\" content=\"600\" \/>\n\t<meta property=\"og:image:type\" content=\"image\/jpeg\" \/>\n<meta name=\"author\" content=\"S\u00e8verine\" \/>\n<meta name=\"twitter:card\" content=\"summary_large_image\" \/>\n<meta name=\"twitter:label1\" content=\"Skriven av\" \/>\n\t<meta name=\"twitter:data1\" content=\"S\u00e8verine\" \/>\n\t<meta name=\"twitter:label2\" content=\"Ber\u00e4knad l\u00e4stid\" \/>\n\t<meta name=\"twitter:data2\" content=\"19 minuter\" \/>\n<script type=\"application\/ld+json\" class=\"yoast-schema-graph\">{\"@context\":\"https:\\\/\\\/schema.org\",\"@graph\":[{\"@type\":\"Article\",\"@id\":\"https:\\\/\\\/canarias-lovers.com\\\/sv\\\/sevardheter-puerto-de-la-cruz-teneriffa-att-gora\\\/#article\",\"isPartOf\":{\"@id\":\"https:\\\/\\\/canarias-lovers.com\\\/sv\\\/sevardheter-puerto-de-la-cruz-teneriffa-att-gora\\\/\"},\"author\":{\"name\":\"S\u00e8verine\",\"@id\":\"https:\\\/\\\/canarias-lovers.com\\\/sv\\\/#\\\/schema\\\/person\\\/9332388f4e589358490482beed472444\"},\"headline\":\"15 sev\u00e4rdheter i Puerto de la Cruz (Teneriffa)\",\"datePublished\":\"2024-10-25T14:43:45+00:00\",\"dateModified\":\"2024-11-08T09:50:27+00:00\",\"mainEntityOfPage\":{\"@id\":\"https:\\\/\\\/canarias-lovers.com\\\/sv\\\/sevardheter-puerto-de-la-cruz-teneriffa-att-gora\\\/\"},\"wordCount\":3843,\"publisher\":{\"@id\":\"https:\\\/\\\/canarias-lovers.com\\\/sv\\\/#organization\"},\"image\":{\"@id\":\"https:\\\/\\\/canarias-lovers.com\\\/sv\\\/sevardheter-puerto-de-la-cruz-teneriffa-att-gora\\\/#primaryimage\"},\"thumbnailUrl\":\"https:\\\/\\\/canarias-lovers.com\\\/wp-content\\\/uploads\\\/2024\\\/10\\\/que-faire-puerto-cruz-visiter-incontournable-8.jpg\",\"articleSection\":[\"Teneriffa\"],\"inLanguage\":\"sv-SE\"},{\"@type\":\"WebPage\",\"@id\":\"https:\\\/\\\/canarias-lovers.com\\\/sv\\\/sevardheter-puerto-de-la-cruz-teneriffa-att-gora\\\/\",\"url\":\"https:\\\/\\\/canarias-lovers.com\\\/sv\\\/sevardheter-puerto-de-la-cruz-teneriffa-att-gora\\\/\",\"name\":\"15 sev\u00e4rdheter i Puerto de la Cruz (Teneriffa)\",\"isPartOf\":{\"@id\":\"https:\\\/\\\/canarias-lovers.com\\\/sv\\\/#website\"},\"primaryImageOfPage\":{\"@id\":\"https:\\\/\\\/canarias-lovers.com\\\/sv\\\/sevardheter-puerto-de-la-cruz-teneriffa-att-gora\\\/#primaryimage\"},\"image\":{\"@id\":\"https:\\\/\\\/canarias-lovers.com\\\/sv\\\/sevardheter-puerto-de-la-cruz-teneriffa-att-gora\\\/#primaryimage\"},\"thumbnailUrl\":\"https:\\\/\\\/canarias-lovers.com\\\/wp-content\\\/uploads\\\/2024\\\/10\\\/que-faire-puerto-cruz-visiter-incontournable-8.jpg\",\"datePublished\":\"2024-10-25T14:43:45+00:00\",\"dateModified\":\"2024-11-08T09:50:27+00:00\",\"breadcrumb\":{\"@id\":\"https:\\\/\\\/canarias-lovers.com\\\/sv\\\/sevardheter-puerto-de-la-cruz-teneriffa-att-gora\\\/#breadcrumb\"},\"inLanguage\":\"sv-SE\",\"potentialAction\":[{\"@type\":\"ReadAction\",\"target\":[\"https:\\\/\\\/canarias-lovers.com\\\/sv\\\/sevardheter-puerto-de-la-cruz-teneriffa-att-gora\\\/\"]}]},{\"@type\":\"ImageObject\",\"inLanguage\":\"sv-SE\",\"@id\":\"https:\\\/\\\/canarias-lovers.com\\\/sv\\\/sevardheter-puerto-de-la-cruz-teneriffa-att-gora\\\/#primaryimage\",\"url\":\"https:\\\/\\\/canarias-lovers.com\\\/wp-content\\\/uploads\\\/2024\\\/10\\\/que-faire-puerto-cruz-visiter-incontournable-8.jpg\",\"contentUrl\":\"https:\\\/\\\/canarias-lovers.com\\\/wp-content\\\/uploads\\\/2024\\\/10\\\/que-faire-puerto-cruz-visiter-incontournable-8.jpg\",\"width\":800,\"height\":600,\"caption\":\"Vad man kan g\u00f6ra i Puerto de la Cruz, Teneriffa\"},{\"@type\":\"BreadcrumbList\",\"@id\":\"https:\\\/\\\/canarias-lovers.com\\\/sv\\\/sevardheter-puerto-de-la-cruz-teneriffa-att-gora\\\/#breadcrumb\",\"itemListElement\":[{\"@type\":\"ListItem\",\"position\":1,\"name\":\"Accueil\",\"item\":\"https:\\\/\\\/canarias-lovers.com\\\/sv\\\/\"},{\"@type\":\"ListItem\",\"position\":2,\"name\":\"Teneriffa\",\"item\":\"https:\\\/\\\/canarias-lovers.com\\\/sv\\\/teneriffa\\\/\"},{\"@type\":\"ListItem\",\"position\":3,\"name\":\"15 sev\u00e4rdheter i Puerto de la Cruz (Teneriffa)\"}]},{\"@type\":\"WebSite\",\"@id\":\"https:\\\/\\\/canarias-lovers.com\\\/sv\\\/#website\",\"url\":\"https:\\\/\\\/canarias-lovers.com\\\/sv\\\/\",\"name\":\"Canarias Lovers: Tenerife + Gran Canaria\",\"description\":\"Claire och Manu's blogg\",\"publisher\":{\"@id\":\"https:\\\/\\\/canarias-lovers.com\\\/sv\\\/#organization\"},\"potentialAction\":[{\"@type\":\"SearchAction\",\"target\":{\"@type\":\"EntryPoint\",\"urlTemplate\":\"https:\\\/\\\/canarias-lovers.com\\\/sv\\\/?s={search_term_string}\"},\"query-input\":{\"@type\":\"PropertyValueSpecification\",\"valueRequired\":true,\"valueName\":\"search_term_string\"}}],\"inLanguage\":\"sv-SE\"},{\"@type\":\"Organization\",\"@id\":\"https:\\\/\\\/canarias-lovers.com\\\/sv\\\/#organization\",\"name\":\"Canarias Lovers: Tenerife + Gran Canaria\",\"url\":\"https:\\\/\\\/canarias-lovers.com\\\/sv\\\/\",\"logo\":{\"@type\":\"ImageObject\",\"inLanguage\":\"sv-SE\",\"@id\":\"https:\\\/\\\/canarias-lovers.com\\\/sv\\\/#\\\/schema\\\/logo\\\/image\\\/\",\"url\":\"https:\\\/\\\/canarias-lovers.com\\\/wp-content\\\/uploads\\\/2024\\\/05\\\/cropped-Canarias-Lovers-Logo.png\",\"contentUrl\":\"https:\\\/\\\/canarias-lovers.com\\\/wp-content\\\/uploads\\\/2024\\\/05\\\/cropped-Canarias-Lovers-Logo.png\",\"width\":2635,\"height\":595,\"caption\":\"Canarias Lovers: Tenerife + Gran Canaria\"},\"image\":{\"@id\":\"https:\\\/\\\/canarias-lovers.com\\\/sv\\\/#\\\/schema\\\/logo\\\/image\\\/\"}},{\"@type\":\"Person\",\"@id\":\"https:\\\/\\\/canarias-lovers.com\\\/sv\\\/#\\\/schema\\\/person\\\/9332388f4e589358490482beed472444\",\"name\":\"S\u00e8verine\",\"image\":{\"@type\":\"ImageObject\",\"inLanguage\":\"sv-SE\",\"@id\":\"https:\\\/\\\/secure.gravatar.com\\\/avatar\\\/6d0d7a36298d05d1ff1079e571d7d76b1f551a3865fc37447d2c3ac79eadf069?s=96&d=mm&r=g\",\"url\":\"https:\\\/\\\/secure.gravatar.com\\\/avatar\\\/6d0d7a36298d05d1ff1079e571d7d76b1f551a3865fc37447d2c3ac79eadf069?s=96&d=mm&r=g\",\"contentUrl\":\"https:\\\/\\\/secure.gravatar.com\\\/avatar\\\/6d0d7a36298d05d1ff1079e571d7d76b1f551a3865fc37447d2c3ac79eadf069?s=96&d=mm&r=g\",\"caption\":\"S\u00e8verine\"},\"sameAs\":[\"https:\\\/\\\/canarias-lovers.com\\\/severine-harzo\\\/\"],\"url\":\"https:\\\/\\\/canarias-lovers.com\\\/sv\\\/author\\\/severine\\\/\"}]}<\/script>\n<!-- \/ Yoast SEO plugin. -->","yoast_head_json":{"title":"15 sev\u00e4rdheter i Puerto de la Cruz (Teneriffa)","robots":{"index":"index","follow":"follow","max-snippet":"max-snippet:-1","max-image-preview":"max-image-preview:large","max-video-preview":"max-video-preview:-1"},"canonical":"https:\/\/canarias-lovers.com\/sv\/sevardheter-puerto-de-la-cruz-teneriffa-att-gora\/","og_locale":"sv_SE","og_type":"article","og_title":"15 sev\u00e4rdheter i Puerto de la Cruz (Teneriffa)","og_description":"Frodiga tropiska tr\u00e4dg\u00e5rdar, bevarad kolonial charm, en livlig strandpromenad med utsikt \u00f6verAtlanten&#8230; Uppt\u00e4ck alla skatterna i Puerto de la Cruz, en \u00e4kta stad p\u00e5 Teneriffa som perfekt kombinerar kanarisk tradition och det lugna s\u00e4ttet att leva. H\u00e4r \u00e4r v\u00e5ra id\u00e9er om vad du kan g\u00f6ra i Puerto de la Cruz under din vistelse p\u00e5 Kanarie\u00f6arna. [&hellip;]","og_url":"https:\/\/canarias-lovers.com\/sv\/sevardheter-puerto-de-la-cruz-teneriffa-att-gora\/","og_site_name":"Canarias Lovers: Tenerife + Gran Canaria","article_published_time":"2024-10-25T14:43:45+00:00","article_modified_time":"2024-11-08T09:50:27+00:00","og_image":[{"width":800,"height":600,"url":"https:\/\/canarias-lovers.com\/wp-content\/uploads\/2024\/10\/que-faire-puerto-cruz-visiter-incontournable-8.jpg","type":"image\/jpeg"}],"author":"S\u00e8verine","twitter_card":"summary_large_image","twitter_misc":{"Skriven av":"S\u00e8verine","Ber\u00e4knad l\u00e4stid":"19 minuter"},"schema":{"@context":"https:\/\/schema.org","@graph":[{"@type":"Article","@id":"https:\/\/canarias-lovers.com\/sv\/sevardheter-puerto-de-la-cruz-teneriffa-att-gora\/#article","isPartOf":{"@id":"https:\/\/canarias-lovers.com\/sv\/sevardheter-puerto-de-la-cruz-teneriffa-att-gora\/"},"author":{"name":"S\u00e8verine","@id":"https:\/\/canarias-lovers.com\/sv\/#\/schema\/person\/9332388f4e589358490482beed472444"},"headline":"15 sev\u00e4rdheter i Puerto de la Cruz (Teneriffa)","datePublished":"2024-10-25T14:43:45+00:00","dateModified":"2024-11-08T09:50:27+00:00","mainEntityOfPage":{"@id":"https:\/\/canarias-lovers.com\/sv\/sevardheter-puerto-de-la-cruz-teneriffa-att-gora\/"},"wordCount":3843,"publisher":{"@id":"https:\/\/canarias-lovers.com\/sv\/#organization"},"image":{"@id":"https:\/\/canarias-lovers.com\/sv\/sevardheter-puerto-de-la-cruz-teneriffa-att-gora\/#primaryimage"},"thumbnailUrl":"https:\/\/canarias-lovers.com\/wp-content\/uploads\/2024\/10\/que-faire-puerto-cruz-visiter-incontournable-8.jpg","articleSection":["Teneriffa"],"inLanguage":"sv-SE"},{"@type":"WebPage","@id":"https:\/\/canarias-lovers.com\/sv\/sevardheter-puerto-de-la-cruz-teneriffa-att-gora\/","url":"https:\/\/canarias-lovers.com\/sv\/sevardheter-puerto-de-la-cruz-teneriffa-att-gora\/","name":"15 sev\u00e4rdheter i Puerto de la Cruz (Teneriffa)","isPartOf":{"@id":"https:\/\/canarias-lovers.com\/sv\/#website"},"primaryImageOfPage":{"@id":"https:\/\/canarias-lovers.com\/sv\/sevardheter-puerto-de-la-cruz-teneriffa-att-gora\/#primaryimage"},"image":{"@id":"https:\/\/canarias-lovers.com\/sv\/sevardheter-puerto-de-la-cruz-teneriffa-att-gora\/#primaryimage"},"thumbnailUrl":"https:\/\/canarias-lovers.com\/wp-content\/uploads\/2024\/10\/que-faire-puerto-cruz-visiter-incontournable-8.jpg","datePublished":"2024-10-25T14:43:45+00:00","dateModified":"2024-11-08T09:50:27+00:00","breadcrumb":{"@id":"https:\/\/canarias-lovers.com\/sv\/sevardheter-puerto-de-la-cruz-teneriffa-att-gora\/#breadcrumb"},"inLanguage":"sv-SE","potentialAction":[{"@type":"ReadAction","target":["https:\/\/canarias-lovers.com\/sv\/sevardheter-puerto-de-la-cruz-teneriffa-att-gora\/"]}]},{"@type":"ImageObject","inLanguage":"sv-SE","@id":"https:\/\/canarias-lovers.com\/sv\/sevardheter-puerto-de-la-cruz-teneriffa-att-gora\/#primaryimage","url":"https:\/\/canarias-lovers.com\/wp-content\/uploads\/2024\/10\/que-faire-puerto-cruz-visiter-incontournable-8.jpg","contentUrl":"https:\/\/canarias-lovers.com\/wp-content\/uploads\/2024\/10\/que-faire-puerto-cruz-visiter-incontournable-8.jpg","width":800,"height":600,"caption":"Vad man kan g\u00f6ra i Puerto de la Cruz, Teneriffa"},{"@type":"BreadcrumbList","@id":"https:\/\/canarias-lovers.com\/sv\/sevardheter-puerto-de-la-cruz-teneriffa-att-gora\/#breadcrumb","itemListElement":[{"@type":"ListItem","position":1,"name":"Accueil","item":"https:\/\/canarias-lovers.com\/sv\/"},{"@type":"ListItem","position":2,"name":"Teneriffa","item":"https:\/\/canarias-lovers.com\/sv\/teneriffa\/"},{"@type":"ListItem","position":3,"name":"15 sev\u00e4rdheter i Puerto de la Cruz (Teneriffa)"}]},{"@type":"WebSite","@id":"https:\/\/canarias-lovers.com\/sv\/#website","url":"https:\/\/canarias-lovers.com\/sv\/","name":"Canarias Lovers: Tenerife + Gran Canaria","description":"Claire och Manu's blogg","publisher":{"@id":"https:\/\/canarias-lovers.com\/sv\/#organization"},"potentialAction":[{"@type":"SearchAction","target":{"@type":"EntryPoint","urlTemplate":"https:\/\/canarias-lovers.com\/sv\/?s={search_term_string}"},"query-input":{"@type":"PropertyValueSpecification","valueRequired":true,"valueName":"search_term_string"}}],"inLanguage":"sv-SE"},{"@type":"Organization","@id":"https:\/\/canarias-lovers.com\/sv\/#organization","name":"Canarias Lovers: Tenerife + Gran Canaria","url":"https:\/\/canarias-lovers.com\/sv\/","logo":{"@type":"ImageObject","inLanguage":"sv-SE","@id":"https:\/\/canarias-lovers.com\/sv\/#\/schema\/logo\/image\/","url":"https:\/\/canarias-lovers.com\/wp-content\/uploads\/2024\/05\/cropped-Canarias-Lovers-Logo.png","contentUrl":"https:\/\/canarias-lovers.com\/wp-content\/uploads\/2024\/05\/cropped-Canarias-Lovers-Logo.png","width":2635,"height":595,"caption":"Canarias Lovers: Tenerife + Gran Canaria"},"image":{"@id":"https:\/\/canarias-lovers.com\/sv\/#\/schema\/logo\/image\/"}},{"@type":"Person","@id":"https:\/\/canarias-lovers.com\/sv\/#\/schema\/person\/9332388f4e589358490482beed472444","name":"S\u00e8verine","image":{"@type":"ImageObject","inLanguage":"sv-SE","@id":"https:\/\/secure.gravatar.com\/avatar\/6d0d7a36298d05d1ff1079e571d7d76b1f551a3865fc37447d2c3ac79eadf069?s=96&d=mm&r=g","url":"https:\/\/secure.gravatar.com\/avatar\/6d0d7a36298d05d1ff1079e571d7d76b1f551a3865fc37447d2c3ac79eadf069?s=96&d=mm&r=g","contentUrl":"https:\/\/secure.gravatar.com\/avatar\/6d0d7a36298d05d1ff1079e571d7d76b1f551a3865fc37447d2c3ac79eadf069?s=96&d=mm&r=g","caption":"S\u00e8verine"},"sameAs":["https:\/\/canarias-lovers.com\/severine-harzo\/"],"url":"https:\/\/canarias-lovers.com\/sv\/author\/severine\/"}]}},"featured_image_src":"https:\/\/canarias-lovers.com\/wp-content\/uploads\/2024\/10\/que-faire-puerto-cruz-visiter-incontournable-8-600x400.jpg","featured_image_src_square":"https:\/\/canarias-lovers.com\/wp-content\/uploads\/2024\/10\/que-faire-puerto-cruz-visiter-incontournable-8-600x600.jpg","author_info":{"display_name":"S\u00e8verine","author_link":"https:\/\/canarias-lovers.com\/sv\/author\/severine\/"},"_links":{"self":[{"href":"https:\/\/canarias-lovers.com\/sv\/wp-json\/wp\/v2\/posts\/5033","targetHints":{"allow":["GET"]}}],"collection":[{"href":"https:\/\/canarias-lovers.com\/sv\/wp-json\/wp\/v2\/posts"}],"about":[{"href":"https:\/\/canarias-lovers.com\/sv\/wp-json\/wp\/v2\/types\/post"}],"author":[{"embeddable":true,"href":"https:\/\/canarias-lovers.com\/sv\/wp-json\/wp\/v2\/users\/6"}],"replies":[{"embeddable":true,"href":"https:\/\/canarias-lovers.com\/sv\/wp-json\/wp\/v2\/comments?post=5033"}],"version-history":[{"count":0,"href":"https:\/\/canarias-lovers.com\/sv\/wp-json\/wp\/v2\/posts\/5033\/revisions"}],"wp:featuredmedia":[{"embeddable":true,"href":"https:\/\/canarias-lovers.com\/sv\/wp-json\/wp\/v2\/media\/4987"}],"wp:attachment":[{"href":"https:\/\/canarias-lovers.com\/sv\/wp-json\/wp\/v2\/media?parent=5033"}],"wp:term":[{"taxonomy":"category","embeddable":true,"href":"https:\/\/canarias-lovers.com\/sv\/wp-json\/wp\/v2\/categories?post=5033"},{"taxonomy":"post_tag","embeddable":true,"href":"https:\/\/canarias-lovers.com\/sv\/wp-json\/wp\/v2\/tags?post=5033"}],"curies":[{"name":"wp","href":"https:\/\/api.w.org\/{rel}","templated":true}]}}