{"id":4998,"date":"2024-10-24T10:20:05","date_gmt":"2024-10-24T10:20:05","guid":{"rendered":"https:\/\/canarias-lovers.com\/6-basta-tradgardarna-puerto-de-la-cruz-tenerife-radgivning\/"},"modified":"2025-02-13T12:26:54","modified_gmt":"2025-02-13T12:26:54","slug":"basta-tradgardarna-puerto-de-la-cruz-teneriffa","status":"publish","type":"post","link":"https:\/\/canarias-lovers.com\/sv\/basta-tradgardarna-puerto-de-la-cruz-teneriffa\/","title":{"rendered":"6 b\u00e4sta tr\u00e4dg\u00e5rdarna i Puerto de la Cruz (Teneriffa): tips"},"content":{"rendered":"\n<p><strong>Puerto de la Cruz<\/strong> ligger i hj\u00e4rtat av<strong>\u00f6n Teneriffa<\/strong>, badande i<strong>Atlanten<\/strong> och smekande av passadvindarna, och h\u00e4r finns botaniska skatter av s\u00e4llsynt prakt. Denna kuststad, d\u00e4r det subtropiska klimatet m\u00f6ter de svala h\u00f6jderna p\u00e5 berget <strong>Teide<\/strong>, erbjuder de perfekta f\u00f6ruts\u00e4ttningarna f\u00f6r att <strong>extraordin\u00e4ra tr\u00e4dg\u00e5rdar<\/strong> ska blomstra.<\/p>\n\n<p>I den h\u00e4r artikeln bjuder vi in dig att ta en promenad genom de vackraste <strong>gr\u00f6nomr\u00e5dena <\/strong>i Puerto de la Cruz. L\u00e5t dig ryckas med p\u00e5 denna botaniska resa, som kombinerar exotismen fr\u00e5n fem kontinenter med <strong>Kanarie\u00f6arnas<\/strong> urgamla arv.<\/p>\n\n<p>H\u00e4r \u00e4r v\u00e5rt urval av de vackraste tr\u00e4dg\u00e5rdarna i Puerto de la Cruz, med n\u00e5gra anv\u00e4ndbara tips i bilder!<\/p>\n\n<figure class=\"wp-block-image size-full\"><img decoding=\"async\" src=\"https:\/\/canarias-lovers.com\/wp-content\/uploads\/2024\/10\/meilleurs-jardins-puerto-cruz-tenerife-8.jpg\" alt=\"B&#xE4;sta tr&#xE4;dg&#xE5;rdarna i Puerto de la Cruz, Teneriffa\" class=\"wp-image-4923\"\/><\/figure>\n\n<p>Detta \u00e4r en helt <strong>oberoende<\/strong> \u00e5sikt, baserad p\u00e5 v\u00e5r egen erfarenhet. Vi bes\u00f6kte regionen anonymt, gjorde v\u00e5ra egna val och betalade v\u00e5ra r\u00e4kningar till fullo.<\/p>\n\n<div style=\"padding-left:5%\" class=\"wp-block-genesis-blocks-gb-container box gb-block-container\"><div class=\"gb-container-inside\"><div class=\"gb-container-content\">\n<p class=\"titre_box_manuscrit\">Inneh\u00e5ll<\/p>\n\n\n<div id=\"ez-toc-container\" class=\"ez-toc-v2_0_82_1 counter-hierarchy ez-toc-counter ez-toc-custom ez-toc-container-direction\">\n<div class=\"ez-toc-title-container\">\n<span class=\"ez-toc-title-toggle\"><\/span><\/div>\n<nav><ul class='ez-toc-list ez-toc-list-level-1 ' ><li class='ez-toc-page-1 ez-toc-heading-level-2'><a class=\"ez-toc-link ez-toc-heading-1\" href=\"https:\/\/canarias-lovers.com\/sv\/basta-tradgardarna-puerto-de-la-cruz-teneriffa\/#Tips_for_de_vackraste_tradgardarna_i_Puerto_de_la_Cruz\" >Tips f\u00f6r de vackraste tr\u00e4dg\u00e5rdarna i Puerto de la Cruz<\/a><\/li><li class='ez-toc-page-1 ez-toc-heading-level-2'><a class=\"ez-toc-link ez-toc-heading-2\" href=\"https:\/\/canarias-lovers.com\/sv\/basta-tradgardarna-puerto-de-la-cruz-teneriffa\/#1_Botaniska_tradgarden\" >1. Botaniska tr\u00e4dg\u00e5rden<\/a><\/li><li class='ez-toc-page-1 ez-toc-heading-level-2'><a class=\"ez-toc-link ez-toc-heading-3\" href=\"https:\/\/canarias-lovers.com\/sv\/basta-tradgardarna-puerto-de-la-cruz-teneriffa\/#2_Sitio_Litre_Tradgard\" >2. Sitio Litre Tr\u00e4dg\u00e5rd<\/a><\/li><li class='ez-toc-page-1 ez-toc-heading-level-2'><a class=\"ez-toc-link ez-toc-heading-4\" href=\"https:\/\/canarias-lovers.com\/sv\/basta-tradgardarna-puerto-de-la-cruz-teneriffa\/#3_Playa_Jardin\" >3. Playa Jard\u00edn<\/a><\/li><li class='ez-toc-page-1 ez-toc-heading-level-2'><a class=\"ez-toc-link ez-toc-heading-5\" href=\"https:\/\/canarias-lovers.com\/sv\/basta-tradgardarna-puerto-de-la-cruz-teneriffa\/#4_Carolina_Tradgard\" >4. Carolina Tr\u00e4dg\u00e5rd<\/a><\/li><li class='ez-toc-page-1 ez-toc-heading-level-2'><a class=\"ez-toc-link ez-toc-heading-6\" href=\"https:\/\/canarias-lovers.com\/sv\/basta-tradgardarna-puerto-de-la-cruz-teneriffa\/#5_Parque_de_la_Sortija\" >5. Parque de la Sortija<\/a><\/li><li class='ez-toc-page-1 ez-toc-heading-level-2'><a class=\"ez-toc-link ez-toc-heading-7\" href=\"https:\/\/canarias-lovers.com\/sv\/basta-tradgardarna-puerto-de-la-cruz-teneriffa\/#6_Calle_de_la_Verdad_Tradgard\" >6. Calle de la Verdad Tr\u00e4dg\u00e5rd<\/a><\/li><li class='ez-toc-page-1 ez-toc-heading-level-2'><a class=\"ez-toc-link ez-toc-heading-8\" href=\"https:\/\/canarias-lovers.com\/sv\/basta-tradgardarna-puerto-de-la-cruz-teneriffa\/#Andra_tradgardar_i_Puerto_de_la_Cruz\" >Andra tr\u00e4dg\u00e5rdar i Puerto de la Cruz<\/a><\/li><li class='ez-toc-page-1 ez-toc-heading-level-2'><a class=\"ez-toc-link ez-toc-heading-9\" href=\"https:\/\/canarias-lovers.com\/sv\/basta-tradgardarna-puerto-de-la-cruz-teneriffa\/#Andra_tradgardar_runt_Puerto_de_la_Cruz\" >Andra tr\u00e4dg\u00e5rdar runt Puerto de la Cruz<\/a><\/li><li class='ez-toc-page-1 ez-toc-heading-level-2'><a class=\"ez-toc-link ez-toc-heading-10\" href=\"https:\/\/canarias-lovers.com\/sv\/basta-tradgardarna-puerto-de-la-cruz-teneriffa\/#Vanliga_fragor_och_svar\" >Vanliga fr\u00e5gor och svar<\/a><\/li><\/ul><\/nav><\/div>\n\n<\/div><\/div><\/div>\n\n<h2 class=\"wp-block-heading\"><span class=\"ez-toc-section\" id=\"Tips_for_de_vackraste_tradgardarna_i_Puerto_de_la_Cruz\"><\/span>Tips f\u00f6r de vackraste tr\u00e4dg\u00e5rdarna i Puerto de la Cruz<span class=\"ez-toc-section-end\"><\/span><\/h2>\n\n<p>Tr\u00e4dg\u00e5rdarna i Puerto de la Cruz \u00e4r ett verkligt <strong>botaniskt paradis<\/strong> med en harmonisk blandning av tropiska v\u00e4xter fr\u00e5n hela v\u00e4rlden. Vi skulle g\u00e4rna vilja uppt\u00e4cka dem alla! Men om du har ont om tid och bara kan bes\u00f6ka n\u00e5gra f\u00e5 av dem rekommenderar vi f\u00f6ljande 3:<\/p>\n\n<ul class=\"wp-block-list\">\n<li><strong>Jardin Bot\u00e1nico:<\/strong> en historisk acklimatiseringstr\u00e4dg\u00e5rd med en enast\u00e5ende samling tropiska och subtropiska v\u00e4xter.<\/li>\n\n\n\n<li><strong>Jardin Sitio Litre<\/strong>: Europas \u00e4ldsta orkid\u00e9tr\u00e4dg\u00e5rd.<\/li>\n\n\n\n<li><strong>Tr\u00e4dg\u00e5rden Calle de la Verdad:<\/strong> ett diskret gr\u00f6nomr\u00e5de i den historiska stadsdelen.<\/li>\n<\/ul>\n\n<figure class=\"wp-block-image size-large\"><img decoding=\"async\" src=\"https:\/\/photos.smugmug.com\/Canarias-Lovers\/Tenerife\/Puerto-de-la-Cruz\/Jardins\/Jardin-Botanico\/i-VdPpxSV\/0\/M2d4FZw5rJB3TRtQN9qWK83BzrKSnnphMnr9QsRMS\/L\/basin-jardin-orotava-tenerife-1-L.jpg\" alt=\"Damm vid Jardin Bot&#xE1;nico i Puerto de la Cruz, Teneriffa\"\/><figcaption class=\"wp-element-caption\">Damm i Botaniska tr\u00e4dg\u00e5rden<\/figcaption><\/figure>\n\n<p>Nedan finns en karta som hj\u00e4lper dig att hitta v\u00e5rt urval av de 6 vackraste tr\u00e4dg\u00e5rdarna i Puerto de la Cruz, s\u00e5 att du kan planera dina bes\u00f6k.<br\/>Det finns s\u00e5 mycket mer att g\u00f6ra i och runt Puerto de la Cruz. En artikel kommer att finnas tillg\u00e4nglig inom kort.<\/p>\n\n<figure class=\"wp-block-image size-large\"><img decoding=\"async\" src=\"https:\/\/canarias-lovers.com\/wp-content\/uploads\/2024\/10\/karta-tradgardar-puerto-cruz-tenerife-SE-1024x683.png\" alt=\"Karta &#xF6;ver de 6 vackraste tr&#xE4;dg&#xE5;rdarna i Puerto de la Cruz, Teneriffa\" class=\"wp-image-4988\"\/><figcaption class=\"wp-element-caption\">Karta \u00f6ver de 6 vackraste tr\u00e4dg\u00e5rdarna i Puerto de la Cruz<\/figcaption><\/figure>\n\n<h2 class=\"wp-block-heading\"><span class=\"ez-toc-section\" id=\"1_Botaniska_tradgarden\"><\/span>1. Botaniska tr\u00e4dg\u00e5rden<span class=\"ez-toc-section-end\"><\/span><\/h2>\n\n<h3 class=\"wp-block-heading\">Varf\u00f6r bes\u00f6ka? V\u00e5r uppfattning<\/h3>\n\n<p><strong>Jardin Botanico<\/strong> har en tydlig historisk karakt\u00e4r. Den inr\u00e4ttades 1788 p\u00e5 kunglig order och syftet var att <strong>acklimatisera exotiska v\u00e4xter<\/strong> fr\u00e5n Amerika och Asien innan de flyttades till den iberiska halv\u00f6n. Den <strong>botaniska m\u00e5ngfalden<\/strong> \u00e4r imponerande, med en stor <strong>samling av tropiska och subtropiska v\u00e4xter.<\/strong> H\u00e4r hittar du arter fr\u00e5n hela v\u00e4rlden, varav n\u00e5gra \u00e4r s\u00e4rskilt s\u00e4llsynta och ovanliga. Sist men inte minst vann dess <strong>anlagda milj\u00f6<\/strong> och noggranna landskapsarkitektur oss \u00f6ver. Dess stigar genom frodig vegetation \u00e4r <strong>fridfulla<\/strong> och inbjudande.<\/p>\n\n<figure class=\"wp-block-image size-large\"><img decoding=\"async\" src=\"https:\/\/photos.smugmug.com\/Canarias-Lovers\/Tenerife\/Puerto-de-la-Cruz\/Jardins\/Jardin-Botanico\/i-B6vw94q\/0\/MPMGXFzvbHBkHw4hpCgLPXRrfPF7bTHqchsqbBSKd\/L\/taxodium-distichum-jardin-orotava-tenerife-L.jpg\" alt=\"Puerto de la Cruz botaniska tr&#xE4;dg&#xE5;rd\"\/><\/figure>\n\n<h3 class=\"wp-block-heading\">V\u00e5ra 3 favorit\u00f6gonblick<\/h3>\n\n<ul class=\"wp-block-list\">\n<li>Vi gillade <strong>utformningen av tr\u00e4dg\u00e5rden<\/strong>. Det \u00e4r en rektangel med <strong>vinkelr\u00e4ta g\u00e5ngar<\/strong>. Det g\u00f6r den l\u00e4ttnavigerad samtidigt som den bjuder p\u00e5 \u00f6verraskningar vid varje korsning.<\/li>\n\n\n\n<li>Vi gillade s\u00e4rskilt det mest k\u00e4nda tr\u00e4det, <strong>Ficus Macrophylla<\/strong>, med sina imponerande rotgrenar som dominerar mitten av tr\u00e4dg\u00e5rden.<\/li>\n\n\n\n<li>Men vi blev verkligen f\u00f6r\u00e4lskade i de andra majest\u00e4tiska tr\u00e4den, med sina raka, kraftiga stammar och imponerande r\u00f6tter, som <strong>Ceiba Speciosa<\/strong> och <strong>Bunya- och Dammar-tallarna<\/strong>. De utstr\u00e5lar en betryggande tyst styrka.<\/li>\n<\/ul>\n\n<figure class=\"wp-block-image size-large\"><img decoding=\"async\" src=\"https:\/\/photos.smugmug.com\/Canarias-Lovers\/Tenerife\/Puerto-de-la-Cruz\/Jardins\/Jardin-Botanico\/i-wmfJWtV\/0\/KM2nWbvkPBtZdpPqfGFKqZHDj9HXRpZHZ3StSZNPc\/L\/Coussapoa-Dealbata-L.jpg\" alt=\"Jardin Bot&#xE1;nico de Puerto de la Cruz - majest&#xE4;tiskt tr&#xE4;d\"\/><\/figure>\n\n<h3 class=\"wp-block-heading\">Anv\u00e4ndbara tips<\/h3>\n\n<ul class=\"wp-block-list\">\n<li>I staden Puerto de la Cruz, p\u00e5 <strong>Calle Retama<\/strong>, cirka 2 km fr\u00e5n <strong>Plaza del Charco<\/strong>. Ing\u00e5ngen ligger mittemot <strong>Placita Retama<\/strong>.<\/li>\n\n\n\n<li>L\u00e4ngd p\u00e5 bes\u00f6ket: Du kan promenera runt i tr\u00e4dg\u00e5rden p\u00e5 <strong>1 timme<\/strong>, men det \u00e4r ocks\u00e5 mycket trevligt att strosa runt p\u00e5 stigarna i <strong>2 till 3 timmar<\/strong>.<\/li>\n\n\n\n<li>Vi s\u00e5g inga s\u00e4rskilda rutter f\u00f6r barn, men att f\u00f6lja anvisningarna i appen kan vara en riktig skattjakt i sig, med mycket att l\u00e4ra.<\/li>\n\n\n\n<li>Fullpris f\u00f6r vuxna: <strong>\u20ac3<\/strong><\/li>\n\n\n\n<li>\u00d6ppettider: Tr\u00e4dg\u00e5rden \u00e4r \u00f6ppen <strong>varje dag fr\u00e5n kl. 9 till kl. 18.<\/strong><\/li>\n\n\n\n<li>L\u00e4nk till museets officiella webbplats <a href=\"https:\/\/www.icia.es\/icia\/jao\/autoguiajao\/index_fr.html\" target=\"_blank\" rel=\"noreferrer noopener nofollow\">h\u00e4r<\/a>.<\/li>\n<\/ul>\n\n<p>Vi \u00e4lskade denna tr\u00e4dg\u00e5rd s\u00e5 mycket att vi \u00e4gnade <a href=\"https:\/\/canarias-lovers.com\/sv\/besok-botanisk-tradgard-orotava-puerto-cruz-teneriffa\/\" target=\"_blank\" rel=\"noreferrer noopener\">en hel artikel<\/a> \u00e5t den.<\/p>\n\n<div style=\"margin-top:8%;margin-bottom:8%\" class=\"wp-block-genesis-blocks-gb-container box gb-block-container\"><div class=\"gb-container-inside\"><div class=\"gb-container-content\" style=\"max-width:700px\">\n<div class=\"wp-block-genesis-blocks-gb-container box_titre gb-block-container\"><div class=\"gb-container-inside\"><div class=\"gb-container-content\">\n<h5 class=\"titre_box\" style=\"padding-top:10px;\">VAR KAN MAN BO I <span class=\"titre_box_manuscrit\">Puerto de la Cruz<\/span><\/h5>\n<\/div><\/div><\/div>\n\n\n\n<hr class=\"wp-block-separator has-text-color has-alpha-channel-opacity has-background is-style-wide hr-box-planif\" style=\"background-color:#ccd3dd;color:#ccd3dd\"\/>\n\n\n\n<div class=\"wp-block-columns box_sans_border is-layout-flex wp-container-core-columns-is-layout-9d6595d7 wp-block-columns-is-layout-flex\">\n<div class=\"wp-block-column texte_planif is-layout-flow wp-block-column-is-layout-flow\" style=\"font-size:14px;flex-basis:60%\">\n<p class=\"option_titre2\"><strong>V\u00e5ra favoriter: stadsdelar och hotell<\/strong><\/p>\n\n\n\n<p style=\"font-size:14px\">H\u00f6ger i mitten<br\/><strong>Hotel AF Valle Orotava<\/strong> &#8211; <a href=\"https:\/\/www.booking.com\/hotel\/es\/hotel-valle-orotava.html?aid=2421274\" target=\"_blank\" rel=\"noreferrer noopener nofollow\">Se foton och tillg\u00e4nglighet<\/a><\/p>\n\n\n\n<p style=\"font-size:14px\">N\u00e4ra till stranden<br\/><strong>Hotel AluaSoul Orotava Valley<\/strong> &#8211; <a href=\"https:\/\/www.booking.com\/hotel\/es\/aluasoul-orotava-valley.html?aid=2421274\" target=\"_blank\" rel=\"noreferrer noopener nofollow\">Se foton och tillg\u00e4nglighet<\/a><\/p>\n\n\n\n<p style=\"font-size:14px\">P\u00e5 h\u00f6jderna<br\/><strong>Hotell Botanica y Oriental Spa<\/strong> <a href=\"https:\/\/www.booking.com\/hotel\/es\/botanico-y-oriental-spa-garden.html?aid=2421274\" target=\"_blank\" rel=\"noreferrer noopener nofollow\">&#8211; Se foton och tillg\u00e4nglighet.<\/a><br\/><strong>Atlantic Mirage Suites &amp; Spa Hotell<\/strong> <a href=\"https:\/\/www.booking.com\/hotel\/es\/apartamentos-bellavista.html?aid=2421274\" target=\"_blank\" rel=\"noreferrer noopener nofollow\">&#8211; se bilder och tillg\u00e4nglighet<\/a><br\/><strong>L\u00e4genheter i Tigaiga Suites<\/strong> <a href=\"https:\/\/www.booking.com\/hotel\/es\/aparthotel-florasol.html?aid=2421274\" target=\"_blank\" rel=\"noreferrer noopener nofollow\">&#8211; Se foton och tillg\u00e4nglighet.<\/a><\/p>\n<\/div>\n\n\n\n<div class=\"wp-block-column is-vertically-aligned-top planif-radius is-layout-flow wp-block-column-is-layout-flow\" style=\"flex-basis:40%\">\n<figure class=\"wp-block-image size-large img-portrait\"><img decoding=\"async\" src=\"https:\/\/photos.smugmug.com\/Canarias-Lovers\/Tenerife\/Puerto-de-la-Cruz\/Hotels\/H%C3%B4tel-Botanico\/i-ctHgTQt\/0\/CdDcqF6x7fWwqMCgBCRgHM3Hz6SLKf8qMMQMr8d94\/L\/puertodelacruz-hotelbotanico-pool-L.jpg\" alt=\"Hotell Botanico y Oriental Spa Tr&#xE4;dg&#xE5;rd\" title=\"\"\/><\/figure>\n<\/div>\n<\/div>\n\n\n\n<p class=\"has-text-align-center has-normal-font-size\">Se v\u00e5rt kompletta utbud av <a href=\"https:\/\/canarias-lovers.com\/sv\/var-kan-bo-puerto-de-la-cruz-basta-hotellen-stadsdelarna\/\" data-type=\"post\" data-id=\"2301\" target=\"_blank\" rel=\"noreferrer noopener\">de b\u00e4sta hotellen i Puerto de la Cruz.<\/a><\/p>\n\n\n\n<div class=\"wp-block-buttons planif_bouton is-content-justification-center is-layout-flex wp-container-core-buttons-is-layout-16018d1d wp-block-buttons-is-layout-flex\">\n<div class=\"wp-block-button has-custom-font-size\" style=\"font-size:14px\"><a class=\"wp-block-button__link has-white-color has-text-color wp-element-button\" href=\"https:\/\/www.booking.com\/searchresults.html?city=-397851&amp;nflt=review_score%253D90%253Breview_score%253D80&amp;aid=2421274&amp;no_rooms=1&amp;group_adults=2\" style=\"border-radius:4px\" target=\"_blank\" rel=\"noreferrer noopener nofollow\">Se alla tillg\u00e4ngliga boenden &gt;&gt;<\/a><\/div>\n<\/div>\n<\/div><\/div><\/div>\n\n<h2 class=\"wp-block-heading\"><span class=\"ez-toc-section\" id=\"2_Sitio_Litre_Tradgard\"><\/span>2. Sitio Litre Tr\u00e4dg\u00e5rd<span class=\"ez-toc-section-end\"><\/span><\/h2>\n\n<h3 class=\"wp-block-heading\">Varf\u00f6r bes\u00f6ka? V\u00e5r uppfattning<\/h3>\n\n<p>Tr\u00e4dg\u00e5rden Sitio Litre \u00e4r en verklig <strong>inbjudan att uppt\u00e4cka.<\/strong> Det skapades 1730 och str\u00e4cker sig \u00f6ver 4.000 m2 runt den <strong>koloniala villan<\/strong> med samma namn, som anses vara den \u00e4ldsta p\u00e5 Teneriffa. Detta historiska residens har varit v\u00e4rd f\u00f6r m\u00e5nga personligheter genom \u00e5ren. Vi tyckte s\u00e4rskilt mycket om att g\u00e5 i fotsp\u00e5ren av<strong>Agatha Christie<\/strong>, <strong>William Wilde<\/strong> (far till f\u00f6rfattaren Oscar Wilde) och m\u00e5laren och botanisten <strong>Marianne North.<\/strong> Tr\u00e4dg\u00e5rden utm\u00e4rker sig f\u00f6r <strong>m\u00e5ngfalden i sin subtropiska vegetation<\/strong>, d\u00e4r majest\u00e4tiska tr\u00e4d st\u00e5r sida vid sida med skira orkid\u00e9er. Milj\u00f6n \u00e4r underbart fridfull.<\/p>\n\n<figure class=\"wp-block-image size-large\"><img decoding=\"async\" src=\"https:\/\/photos.smugmug.com\/Canarias-Lovers\/Tenerife\/Puerto-de-la-Cruz\/Jardins\/Jardin-Sitio-de-Litre\/i-GJ7svk4\/0\/LggkQqMGf9Ldgh3bzKDRk75zjBTJSwthbmfqvTHBM\/L\/puertodelacruz-jardinsitrolitre-2-L.jpg\" alt=\"Jardin Sitio Litre : uppfart\"\/><\/figure>\n\n<h3 class=\"wp-block-heading\">V\u00e5ra 3 favorit\u00f6gonblick<\/h3>\n\n<ul class=\"wp-block-list\">\n<li><strong>Ett 600 \u00e5r gammalt draktr\u00e4d<\/strong>. Detta var h\u00f6jdpunkten p\u00e5 v\u00e5rt bes\u00f6k!<\/li>\n\n\n\n<li>S\u00e5 snart vi b\u00f6rjade v\u00e5rt bes\u00f6k kom vi \u00f6ver <strong>en pool full av n\u00e4ckrosor<\/strong> som t\u00e4ckte n\u00e4stan hela vattenytan.<\/li>\n\n\n\n<li><strong>Orkid\u00e9samlingen<\/strong>: Tr\u00e4dg\u00e5rden \u00e4r ocks\u00e5 k\u00e4nd som <em>Sitio Litre Orchid Garden<\/em>, men f\u00f6rv\u00e4nta dig inte att se en spektakul\u00e4r samling orkid\u00e9er.<\/li>\n<\/ul>\n\n<figure class=\"wp-block-image size-large\"><img decoding=\"async\" src=\"https:\/\/photos.smugmug.com\/Canarias-Lovers\/Tenerife\/Puerto-de-la-Cruz\/Jardins\/Jardin-Sitio-de-Litre\/i-t4q4Trs\/0\/MF6xxJ7qXHZhJMGXFTDSzQ57btfH9pDcm3jsHNxQ3\/L\/puertodelacruz-jardinsitrolitre-6-L.jpg\" alt=\"Jardin Sitio Litre: sort\"\/><\/figure>\n\n<h3 class=\"wp-block-heading\">Anv\u00e4ndbara tips<\/h3>\n\n<ul class=\"wp-block-list\">\n<li>I staden Puerto de la Cruz, i stadsdelen Malpais, 10 minuters promenad fr\u00e5n centrum.<\/li>\n\n\n\n<li>L\u00e4ngd p\u00e5 bes\u00f6ket: <strong>20 till 45 minuter<\/strong><\/li>\n\n\n\n<li>Det finns ingen s\u00e4rskild tur f\u00f6r barn. \u00c5 andra sidan anordnas regelbundet m\u00e5larverkst\u00e4der i tr\u00e4dg\u00e5rden, vilket kan vara en intressant aktivitet f\u00f6r hela familjen. F\u00f6r mer information, bes\u00f6k den officiella webbplatsen <a href=\"https:\/\/jardindeorquideas.com\/en\/painting-workshops\/\" target=\"_blank\" rel=\"noreferrer noopener nofollow\">h\u00e4r<\/a>. <\/li>\n\n\n\n<li>Fullpris f\u00f6r vuxna: <strong>\u20ac4,75<\/strong><\/li>\n\n\n\n<li>\u00d6ppettider: Tr\u00e4dg\u00e5rden \u00e4r \u00f6ppen varje dag fr\u00e5n kl. <strong>9.30 till 14.30.<\/strong><\/li>\n<\/ul>\n\n<p>Denna vackra tr\u00e4dg\u00e5rd som \u00e4r full av historia har inspirerat till <a href=\"https:\/\/canarias-lovers.com\/sv\/besok-tradgard-sitio-litre-puerto-de-la-cruz\/\" target=\"_blank\" rel=\"noreferrer noopener\">en hel artikel<\/a>.<\/p>\n\n<div style=\"margin-top:8%;margin-bottom:8%\" class=\"wp-block-genesis-blocks-gb-container box gb-block-container\"><div class=\"gb-container-inside\"><div class=\"gb-container-content\">\n<div class=\"wp-block-columns inverse box_planif is-layout-flex wp-container-core-columns-is-layout-9d6595d7 wp-block-columns-is-layout-flex\">\n<div class=\"wp-block-column texte_planif is-layout-flow wp-block-column-is-layout-flow\" style=\"flex-basis:60%\">\n<h5 class=\"titre_box\" style=\"padding-top:10px;\">V\u00c5RA R\u00c5D F\u00d6R ATT HYRA EN BIL P\u00c5 <span class=\"titre_box_manuscrit\">Teneriffa<\/span><\/h5>\n\n\n\n<ul class=\"wp-block-list\" style=\"font-size:14px\">\n<li>J\u00e4mf\u00f6r priser p\u00e5 v\u00e5r f\u00f6redragna plattform: <a href=\"https:\/\/www.discovercars.com\/se\/spain-canary-islands\/tenerife?a_aid=zigzag&amp;chan=CAL\" target=\"_blank\" rel=\"noreferrer noopener sponsored nofollow\">DiscoverCars<\/a> &#8211; en av de b\u00e4st rankade webbplatserna.<\/li>\n\n\n\n<li>Om du planerar att utforska bergen ska du inte ta de <strong>minsta bilarna<\/strong>. En kraftfullare motor kommer att vara mer bekv\u00e4m.<\/li>\n\n\n\n<li>Men ta inte heller en f\u00f6r stor bil, eftersom vissa av v\u00e4garna \u00e4r smala.<\/li>\n\n\n\n<li>Det \u00e4r stor efterfr\u00e5gan och det \u00e4r en \u00f6, s\u00e5 <strong>boka tidigt<\/strong>.<\/li>\n<\/ul>\n<\/div>\n\n\n\n<div class=\"wp-block-column planif-radius-2 is-layout-flow wp-block-column-is-layout-flow\">\n<figure class=\"wp-block-image size-large voiture_image\"><img decoding=\"async\" src=\"https:\/\/photos.smugmug.com\/Canarias-Lovers\/Tenerife\/Driving\/i-D3dJ4xj\/1\/e6e34cdd\/L\/tenerife-rental-car-driving-L.jpg\" alt=\"k&#xF6;rning p&#xE5; tenerife\"\/><\/figure>\n<\/div>\n<\/div>\n\n\n\n<div class=\"wp-block-columns planif_bouton is-layout-flex wp-container-core-columns-is-layout-9d6595d7 wp-block-columns-is-layout-flex\">\n<div class=\"wp-block-column is-vertically-aligned-top is-layout-flow wp-block-column-is-layout-flow\">\n<div class=\"wp-block-buttons is-content-justification-center is-layout-flex wp-container-core-buttons-is-layout-16018d1d wp-block-buttons-is-layout-flex\">\n<div class=\"wp-block-button\"><a class=\"wp-block-button__link has-white-color has-text-color wp-element-button\" href=\"https:\/\/www.discovercars.com\/se\/spain-canary-islands\/tenerife?a_aid=zigzagchan=CAL\" target=\"_blank\" rel=\"noreferrer noopener nofollow\">Se tillg\u00e4ngliga bilar &gt;&gt;<\/a><\/div>\n<\/div>\n<\/div>\n\n\n\n<div class=\"wp-block-column is-vertically-aligned-center is-layout-flow wp-block-column-is-layout-flow\">\n<p class=\"has-text-align-center\" style=\"font-size:16px\"><a href=\"https:\/\/canarias-lovers.com\/sv\/?p=2195\" target=\"_blank\" rel=\"noreferrer noopener\">L\u00e4s v\u00e5ra r\u00e5d<\/a><\/p>\n<\/div>\n<\/div>\n<\/div><\/div><\/div>\n\n<h2 class=\"wp-block-heading\"><span class=\"ez-toc-section\" id=\"3_Playa_Jardin\"><\/span>3. Playa Jard\u00edn<span class=\"ez-toc-section-end\"><\/span><\/h2>\n\n<h3 class=\"wp-block-heading\">Varf\u00f6r bes\u00f6ka? V\u00e5r uppfattning<\/h3>\n\n<p>Vi \u00e4lskade den unika atmosf\u00e4ren i Playa Jardin och harmonin mellan <strong>natur och stadsutveckling<\/strong>. Landskapsarkitekturen har utformats av den kanariska konstn\u00e4ren <strong>C\u00e9sar Manrique<\/strong>. Han har lyckats integrera denna frodiga tr\u00e4dg\u00e5rd i den kustn\u00e4ra v\u00e4rlden p\u00e5 <strong>Playa del Castillo<\/strong> (ett annat namn f\u00f6r Playa Jardin). Det var en <strong>fullst\u00e4ndig f\u00f6r\u00e4ndring av landskapet<\/strong>, med stora str\u00e4ckor av svart sand, typisk f\u00f6r Teneriffas vulkaniska str\u00e4nder. Promenaden \u00e4r kantad av palmer, kaktusar och tropiska blommor, med utsikt \u00f6ver havet p\u00e5 ena sidan och den majest\u00e4tiska <strong>Teide<\/strong> p\u00e5 den andra.<\/p>\n\n<figure class=\"wp-block-image size-large\"><img decoding=\"async\" src=\"https:\/\/photos.smugmug.com\/Canarias-Lovers\/Tenerife\/Puerto-de-la-Cruz\/Jardins\/Playa-Jardin\/i-7FT5pXQ\/0\/LCGWswkGVx4cmJXT5Kfr75GZzdbrT8DmCzJzbsHW6\/L\/playa-jardin-L.jpg\" alt=\"Playa Jard&#xED;n\"\/><\/figure>\n\n<h3 class=\"wp-block-heading\">V\u00e5ra 3 favorit\u00f6gonblick<\/h3>\n\n<ul class=\"wp-block-list\">\n<li>Den <strong>exotiska v\u00e4xtligheten<\/strong> bildar ett gr\u00f6nt b\u00e4lte ovanf\u00f6r den svarta sanden p\u00e5 stranden och bidrar till dess naturliga estetik.<\/li>\n\n\n\n<li>Vi nj\u00f6t av att promenera l\u00e4ngs <strong>g\u00e5ngstigarna<\/strong> som slingrar sig genom tr\u00e4dg\u00e5rden.<\/li>\n\n\n\n<li>P\u00e5 vissa st\u00e4llen i tr\u00e4dg\u00e5rden \u00e4r <strong>utsikten<\/strong> \u00f6ver Atlanten och det omgivande landskapet helt magnifik.<\/li>\n<\/ul>\n\n<figure class=\"wp-block-image size-large\"><img decoding=\"async\" src=\"https:\/\/photos.smugmug.com\/Canarias-Lovers\/Tenerife\/Puerto-de-la-Cruz\/Jardins\/Playa-Jardin\/i-h5d32gc\/0\/McL5ZVpspZ2LDRSSn9wBXjdPqfKfJBVbL3gnq6kB6\/L\/playa-jardin-1-L.jpg\" alt=\"Playa Jard&#xED;n - r&#xF6;d gr&#xE4;nd\"\/><\/figure>\n\n<h3 class=\"wp-block-heading\">Anv\u00e4ndbara tips<\/h3>\n\n<ul class=\"wp-block-list\">\n<li>Nordv\u00e4st om <strong>Puerto de la Cruz<\/strong>, 20 minuters promenad fr\u00e5n stadsk\u00e4rnan<\/li>\n\n\n\n<li>Bes\u00f6kets l\u00e4ngd: <strong>10 till 20 minuter<\/strong>, eller mer, beroende p\u00e5 ditt intresse.<\/li>\n\n\n\n<li>Det finns lekplatser i tr\u00e4dg\u00e5rden.<\/li>\n\n\n\n<li>Pris f\u00f6r fullvuxna: <strong>gratis<\/strong><\/li>\n\n\n\n<li>\u00d6ppettider: <strong>alla tider p\u00e5 dygnet<\/strong>.<\/li>\n\n\n\n<li>L\u00e4nk till museets officiella webbplats <a href=\"https:\/\/www.salutilescanaries.com\/plages\/tenerife\/plage-jardin\/\" target=\"_blank\" rel=\"noreferrer noopener nofollow\">h\u00e4r<\/a>.<\/li>\n<\/ul>\n\n<p>Missa inte v\u00e5r artikel om <a href=\"https:\/\/canarias-lovers.com\/sv\/playa-del-castillo-strand-puerto-cruz-teneriffa\/\" target=\"_blank\" rel=\"noreferrer noopener\">Playa Jardin.<\/a><\/p>\n\n<div style=\"background-color:#fefefe;margin-top:6%;margin-bottom:6%\" class=\"wp-block-genesis-blocks-gb-container box gb-block-container\"><div class=\"gb-container-inside\"><div class=\"gb-container-content\" style=\"max-width:700px\">\n<div class=\"wp-block-columns inverse is-layout-flex wp-container-core-columns-is-layout-9d6595d7 wp-block-columns-is-layout-flex\">\n<div class=\"wp-block-column texte_planif is-layout-flow wp-block-column-is-layout-flow\" style=\"flex-basis:58%\">\n<h5 class=\"titre_box\">LITE MER <span class=\"titre_box_manuscrit\">t\u00e5lamod<\/span><\/h5>\n\n\n\n<p style=\"font-size:14px\">Alla foton, kartor, information och anv\u00e4ndbara adresser som du beh\u00f6ver f\u00f6r att f\u00e5 ut det mesta av <strong>din vistelse p\u00e5 Kanarie\u00f6arna<\/strong> kommer <strong>snart<\/strong> att finnas tillg\u00e4ngliga i en enda e-bok!<\/p>\n\n\n\n<p style=\"font-size:14px\">Om du vill f\u00e5 information n\u00e4r v\u00e5r <strong>guide till Kanarie\u00f6arna<\/strong> publiceras, registrera dig:<\/p>\n\n\n<script>\nvar gform;gform||(document.addEventListener(\"gform_main_scripts_loaded\",function(){gform.scriptsLoaded=!0}),document.addEventListener(\"gform\/theme\/scripts_loaded\",function(){gform.themeScriptsLoaded=!0}),window.addEventListener(\"DOMContentLoaded\",function(){gform.domLoaded=!0}),gform={domLoaded:!1,scriptsLoaded:!1,themeScriptsLoaded:!1,isFormEditor:()=>\"function\"==typeof InitializeEditor,callIfLoaded:function(o){return!(!gform.domLoaded||!gform.scriptsLoaded||!gform.themeScriptsLoaded&&!gform.isFormEditor()||(gform.isFormEditor()&&console.warn(\"The use of gform.initializeOnLoaded() is deprecated in the form editor context and will be removed in Gravity Forms 3.1.\"),o(),0))},initializeOnLoaded:function(o){gform.callIfLoaded(o)||(document.addEventListener(\"gform_main_scripts_loaded\",()=>{gform.scriptsLoaded=!0,gform.callIfLoaded(o)}),document.addEventListener(\"gform\/theme\/scripts_loaded\",()=>{gform.themeScriptsLoaded=!0,gform.callIfLoaded(o)}),window.addEventListener(\"DOMContentLoaded\",()=>{gform.domLoaded=!0,gform.callIfLoaded(o)}))},hooks:{action:{},filter:{}},addAction:function(o,r,e,t){gform.addHook(\"action\",o,r,e,t)},addFilter:function(o,r,e,t){gform.addHook(\"filter\",o,r,e,t)},doAction:function(o){gform.doHook(\"action\",o,arguments)},applyFilters:function(o){return gform.doHook(\"filter\",o,arguments)},removeAction:function(o,r){gform.removeHook(\"action\",o,r)},removeFilter:function(o,r,e){gform.removeHook(\"filter\",o,r,e)},addHook:function(o,r,e,t,n){null==gform.hooks[o][r]&&(gform.hooks[o][r]=[]);var d=gform.hooks[o][r];null==n&&(n=r+\"_\"+d.length),gform.hooks[o][r].push({tag:n,callable:e,priority:t=null==t?10:t})},doHook:function(r,o,e){var t;if(e=Array.prototype.slice.call(e,1),null!=gform.hooks[r][o]&&((o=gform.hooks[r][o]).sort(function(o,r){return o.priority-r.priority}),o.forEach(function(o){\"function\"!=typeof(t=o.callable)&&(t=window[t]),\"action\"==r?t.apply(null,e):e[0]=t.apply(null,e)})),\"filter\"==r)return e[0]},removeHook:function(o,r,t,n){var e;null!=gform.hooks[o][r]&&(e=(e=gform.hooks[o][r]).filter(function(o,r,e){return!!(null!=n&&n!=o.tag||null!=t&&t!=o.priority)}),gform.hooks[o][r]=e)}});\n<\/script>\n\n                <div class='gf_browser_gecko gform_wrapper gform-theme gform-theme--foundation gform-theme--framework gform-theme--orbital' data-form-theme='orbital' data-form-index='0' id='gform_wrapper_2' ><style>#gform_wrapper_2[data-form-index=\"0\"].gform-theme,[data-parent-form=\"2_0\"]{--gf-color-primary: #204ce5;--gf-color-primary-rgb: 32, 76, 229;--gf-color-primary-contrast: #fff;--gf-color-primary-contrast-rgb: 255, 255, 255;--gf-color-primary-darker: #001AB3;--gf-color-primary-lighter: #527EFF;--gf-color-secondary: #fff;--gf-color-secondary-rgb: 255, 255, 255;--gf-color-secondary-contrast: #112337;--gf-color-secondary-contrast-rgb: 17, 35, 55;--gf-color-secondary-darker: #F5F5F5;--gf-color-secondary-lighter: #FFFFFF;--gf-color-out-ctrl-light: rgba(17, 35, 55, 0.1);--gf-color-out-ctrl-light-rgb: 17, 35, 55;--gf-color-out-ctrl-light-darker: rgba(104, 110, 119, 0.35);--gf-color-out-ctrl-light-lighter: #F5F5F5;--gf-color-out-ctrl-dark: #585e6a;--gf-color-out-ctrl-dark-rgb: 88, 94, 106;--gf-color-out-ctrl-dark-darker: #112337;--gf-color-out-ctrl-dark-lighter: rgba(17, 35, 55, 0.65);--gf-color-in-ctrl: #fff;--gf-color-in-ctrl-rgb: 255, 255, 255;--gf-color-in-ctrl-contrast: #112337;--gf-color-in-ctrl-contrast-rgb: 17, 35, 55;--gf-color-in-ctrl-darker: #F5F5F5;--gf-color-in-ctrl-lighter: #FFFFFF;--gf-color-in-ctrl-primary: #204ce5;--gf-color-in-ctrl-primary-rgb: 32, 76, 229;--gf-color-in-ctrl-primary-contrast: #fff;--gf-color-in-ctrl-primary-contrast-rgb: 255, 255, 255;--gf-color-in-ctrl-primary-darker: #001AB3;--gf-color-in-ctrl-primary-lighter: #527EFF;--gf-color-in-ctrl-light: rgba(17, 35, 55, 0.1);--gf-color-in-ctrl-light-rgb: 17, 35, 55;--gf-color-in-ctrl-light-darker: rgba(104, 110, 119, 0.35);--gf-color-in-ctrl-light-lighter: #F5F5F5;--gf-color-in-ctrl-dark: #585e6a;--gf-color-in-ctrl-dark-rgb: 88, 94, 106;--gf-color-in-ctrl-dark-darker: #112337;--gf-color-in-ctrl-dark-lighter: rgba(17, 35, 55, 0.65);--gf-radius: 3px;--gf-font-size-secondary: 14px;--gf-font-size-tertiary: 13px;--gf-icon-ctrl-number: url(\"data:image\/svg+xml,%3Csvg width='8' height='14' viewBox='0 0 8 14' fill='none' xmlns='http:\/\/www.w3.org\/2000\/svg'%3E%3Cpath fill-rule='evenodd' clip-rule='evenodd' d='M4 0C4.26522 5.96046e-08 4.51957 0.105357 4.70711 0.292893L7.70711 3.29289C8.09763 3.68342 8.09763 4.31658 7.70711 4.70711C7.31658 5.09763 6.68342 5.09763 6.29289 4.70711L4 2.41421L1.70711 4.70711C1.31658 5.09763 0.683417 5.09763 0.292893 4.70711C-0.0976311 4.31658 -0.097631 3.68342 0.292893 3.29289L3.29289 0.292893C3.48043 0.105357 3.73478 0 4 0ZM0.292893 9.29289C0.683417 8.90237 1.31658 8.90237 1.70711 9.29289L4 11.5858L6.29289 9.29289C6.68342 8.90237 7.31658 8.90237 7.70711 9.29289C8.09763 9.68342 8.09763 10.3166 7.70711 10.7071L4.70711 13.7071C4.31658 14.0976 3.68342 14.0976 3.29289 13.7071L0.292893 10.7071C-0.0976311 10.3166 -0.0976311 9.68342 0.292893 9.29289Z' fill='rgba(17, 35, 55, 0.65)'\/%3E%3C\/svg%3E\");--gf-icon-ctrl-select: url(\"data:image\/svg+xml,%3Csvg width='10' height='6' viewBox='0 0 10 6' fill='none' xmlns='http:\/\/www.w3.org\/2000\/svg'%3E%3Cpath fill-rule='evenodd' clip-rule='evenodd' d='M0.292893 0.292893C0.683417 -0.097631 1.31658 -0.097631 1.70711 0.292893L5 3.58579L8.29289 0.292893C8.68342 -0.0976311 9.31658 -0.0976311 9.70711 0.292893C10.0976 0.683417 10.0976 1.31658 9.70711 1.70711L5.70711 5.70711C5.31658 6.09763 4.68342 6.09763 4.29289 5.70711L0.292893 1.70711C-0.0976311 1.31658 -0.0976311 0.683418 0.292893 0.292893Z' fill='rgba(17, 35, 55, 0.65)'\/%3E%3C\/svg%3E\");--gf-icon-ctrl-search: url(\"data:image\/svg+xml,%3Csvg width='640' height='640' xmlns='http:\/\/www.w3.org\/2000\/svg'%3E%3Cpath d='M256 128c-70.692 0-128 57.308-128 128 0 70.691 57.308 128 128 128 70.691 0 128-57.309 128-128 0-70.692-57.309-128-128-128zM64 256c0-106.039 85.961-192 192-192s192 85.961 192 192c0 41.466-13.146 79.863-35.498 111.248l154.125 154.125c12.496 12.496 12.496 32.758 0 45.254s-32.758 12.496-45.254 0L367.248 412.502C335.862 434.854 297.467 448 256 448c-106.039 0-192-85.962-192-192z' fill='rgba(17, 35, 55, 0.65)'\/%3E%3C\/svg%3E\");--gf-label-space-y-secondary: var(--gf-label-space-y-md-secondary);--gf-ctrl-border-color: #686e77;--gf-ctrl-size: var(--gf-ctrl-size-md);--gf-ctrl-label-color-primary: #112337;--gf-ctrl-label-color-secondary: #112337;--gf-ctrl-choice-size: var(--gf-ctrl-choice-size-md);--gf-ctrl-checkbox-check-size: var(--gf-ctrl-checkbox-check-size-md);--gf-ctrl-radio-check-size: var(--gf-ctrl-radio-check-size-md);--gf-ctrl-btn-font-size: var(--gf-ctrl-btn-font-size-md);--gf-ctrl-btn-padding-x: var(--gf-ctrl-btn-padding-x-md);--gf-ctrl-btn-size: var(--gf-ctrl-btn-size-md);--gf-ctrl-btn-border-color-secondary: #686e77;--gf-ctrl-file-btn-bg-color-hover: #EBEBEB;--gf-field-img-choice-size: var(--gf-field-img-choice-size-md);--gf-field-img-choice-card-space: var(--gf-field-img-choice-card-space-md);--gf-field-img-choice-check-ind-size: var(--gf-field-img-choice-check-ind-size-md);--gf-field-img-choice-check-ind-icon-size: var(--gf-field-img-choice-check-ind-icon-size-md);--gf-field-pg-steps-number-color: rgba(17, 35, 55, 0.8);}<\/style><form method='post' enctype='multipart\/form-data'  id='gform_2'  action='\/sv\/wp-json\/wp\/v2\/posts\/4998' data-formid='2' novalidate> \r\n <input type='hidden' class='gforms-pum' value='{\"closepopup\":false,\"closedelay\":0,\"openpopup\":false,\"openpopup_id\":0}' \/>\n                        <div class='gform-body gform_body'><div id='gform_fields_2' class='gform_fields top_label form_sublabel_below description_below validation_below'><div id=\"field_2_1\" class=\"gfield gfield--type-website gfield--input-type-website field_sublabel_below gfield--no-description field_description_below field_validation_below gfield_visibility_hidden\"  ><div class=\"admin-hidden-markup\"><i class=\"gform-icon gform-icon--hidden\" aria-hidden=\"true\" title=\"Detta f\u00e4lt \u00e4r dolt n\u00e4r formul\u00e4ret visas\"><\/i><span>Detta f\u00e4lt \u00e4r dolt n\u00e4r formul\u00e4ret visas<\/span><\/div><label class='gfield_label gform-field-label' for='input_2_1'>Site Web<\/label><div class='ginput_container ginput_container_website'>\n                    <input name='input_1' id='input_2_1' type='url' value='https:\/\/canarias-lovers.com\/sv\/wp-json\/wp\/v2\/posts\/4998' class='large'    placeholder='https:\/\/'  aria-invalid=\"false\" \/>\n                <\/div><\/div><div id=\"field_2_3\" class=\"gfield gfield--type-email gfield--input-type-email gfield--width-full gfield_contains_required field_sublabel_below gfield--no-description field_description_below hidden_label field_validation_below gfield_visibility_visible\"  ><label class='gfield_label gform-field-label' for='input_2_3'>E-mail<span class=\"gfield_required\"><span class=\"gfield_required gfield_required_text\">(Obligatoriskt)<\/span><\/span><\/label><div class='ginput_container ginput_container_email'>\n                            <input name='input_3' id='input_2_3' type='email' value='' class='large'    aria-required=\"true\" aria-invalid=\"false\"  \/>\n                        <\/div><\/div><\/div><\/div>\n        <div class='gform-footer gform_footer top_label'> <input type='submit' id='gform_submit_button_2' class='gform_button button' onclick='gform.submission.handleButtonClick(this);' data-submission-type='submit' value='Prenumerera'  \/> \n            <input type='hidden' class='gform_hidden' name='gform_submission_method' data-js='gform_submission_method_2' value='postback' \/>\n            <input type='hidden' class='gform_hidden' name='gform_theme' data-js='gform_theme_2' id='gform_theme_2' value='orbital' \/>\n            <input type='hidden' class='gform_hidden' name='gform_style_settings' data-js='gform_style_settings_2' id='gform_style_settings_2' value='{&quot;inputPrimaryColor&quot;:&quot;#204ce5&quot;}' \/>\n            <input type='hidden' class='gform_hidden' name='is_submit_2' value='1' \/>\n            <input type='hidden' class='gform_hidden' name='gform_submit' value='2' \/>\n            \n            <input type='hidden' class='gform_hidden' name='gform_currency' data-currency='EUR' value='S904vExW5XNLNB5Kk1DiiqtpHRkpP7LImm+8pIkVI9MAPmwaQdhCMWl\/yZqROG+8TZ7y7OvHEVLEzne2MTANF9vKSKelFEkd6Lg1DtftJMtsOlA=' \/>\n            <input type='hidden' class='gform_hidden' name='gform_unique_id' value='' \/>\n            <input type='hidden' class='gform_hidden' name='state_2' value='WyJbXSIsImYwNjdmM2RlZjkzZGI5YjM2NWY4ZmY4ZDRhNWY0OGY0Il0=' \/>\n            <input type='hidden' autocomplete='off' class='gform_hidden' name='gform_target_page_number_2' id='gform_target_page_number_2' value='0' \/>\n            <input type='hidden' autocomplete='off' class='gform_hidden' name='gform_source_page_number_2' id='gform_source_page_number_2' value='1' \/>\n            <input type='hidden' name='gform_field_values' value='' \/>\n            \n        <\/div>\n                        <\/form>\n                        <\/div><script>\ngform.initializeOnLoaded( function() {gformInitSpinner( 2, 'https:\/\/canarias-lovers.com\/wp-content\/plugins\/gravityforms\/images\/spinner.svg', false );jQuery('#gform_ajax_frame_2').on('load',function(){var contents = jQuery(this).contents().find('*').html();var is_postback = contents.indexOf('GF_AJAX_POSTBACK') >= 0;if(!is_postback){return;}var form_content = jQuery(this).contents().find('#gform_wrapper_2');var is_confirmation = jQuery(this).contents().find('#gform_confirmation_wrapper_2').length > 0;var is_redirect = contents.indexOf('gformRedirect(){') >= 0;var is_form = form_content.length > 0 && ! is_redirect && ! is_confirmation;var mt = parseInt(jQuery('html').css('margin-top'), 10) + parseInt(jQuery('body').css('margin-top'), 10) + 100;if(is_form){jQuery('#gform_wrapper_2').html(form_content.html());if(form_content.hasClass('gform_validation_error')){jQuery('#gform_wrapper_2').addClass('gform_validation_error');} else {jQuery('#gform_wrapper_2').removeClass('gform_validation_error');}setTimeout( function() { \/* delay the scroll by 50 milliseconds to fix a bug in chrome *\/  }, 50 );if(window['gformInitDatepicker']) {gformInitDatepicker();}if(window['gformInitPriceFields']) {gformInitPriceFields();}var current_page = jQuery('#gform_source_page_number_2').val();gformInitSpinner( 2, 'https:\/\/canarias-lovers.com\/wp-content\/plugins\/gravityforms\/images\/spinner.svg', false );jQuery(document).trigger('gform_page_loaded', [2, current_page]);window['gf_submitting_2'] = false;}else if(!is_redirect){var confirmation_content = jQuery(this).contents().find('.GF_AJAX_POSTBACK').html();if(!confirmation_content){confirmation_content = contents;}jQuery('#gform_wrapper_2').replaceWith(confirmation_content);jQuery(document).trigger('gform_confirmation_loaded', [2]);window['gf_submitting_2'] = false;wp.a11y.speak(jQuery('#gform_confirmation_message_2').text());}else{jQuery('#gform_2').append(contents);if(window['gformRedirect']) {gformRedirect();}}jQuery(document).trigger(\"gform_pre_post_render\", [{ formId: \"2\", currentPage: \"current_page\", abort: function() { this.preventDefault(); } }]);        if (event && event.defaultPrevented) {                return;        }        const gformWrapperDiv = document.getElementById( \"gform_wrapper_2\" );        if ( gformWrapperDiv ) {            const visibilitySpan = document.createElement( \"span\" );            visibilitySpan.id = \"gform_visibility_test_2\";            gformWrapperDiv.insertAdjacentElement( \"afterend\", visibilitySpan );        }        const visibilityTestDiv = document.getElementById( \"gform_visibility_test_2\" );        let postRenderFired = false;        function triggerPostRender() {            if ( postRenderFired ) {                return;            }            postRenderFired = true;            gform.core.triggerPostRenderEvents( 2, current_page );            if ( visibilityTestDiv ) {                visibilityTestDiv.parentNode.removeChild( visibilityTestDiv );            }        }        function debounce( func, wait, immediate ) {            var timeout;            return function() {                var context = this, args = arguments;                var later = function() {                    timeout = null;                    if ( !immediate ) func.apply( context, args );                };                var callNow = immediate && !timeout;                clearTimeout( timeout );                timeout = setTimeout( later, wait );                if ( callNow ) func.apply( context, args );            };        }        const debouncedTriggerPostRender = debounce( function() {            triggerPostRender();        }, 200 );        if ( visibilityTestDiv && visibilityTestDiv.offsetParent === null ) {            const observer = new MutationObserver( ( mutations ) => {                mutations.forEach( ( mutation ) => {                    if ( mutation.type === 'attributes' && visibilityTestDiv.offsetParent !== null ) {                        debouncedTriggerPostRender();                        observer.disconnect();                    }                });            });            observer.observe( document.body, {                attributes: true,                childList: false,                subtree: true,                attributeFilter: [ 'style', 'class' ],            });        } else {            triggerPostRender();        }    } );} );\n<\/script>\n<\/div>\n\n\n\n<div class=\"wp-block-column is-layout-flow wp-block-column-is-layout-flow\" style=\"flex-basis:42%\">\n<div class=\"wp-block-genesis-blocks-gb-container ebook-radius-waitlist gb-block-container\"><div class=\"gb-container-inside\"><div class=\"gb-container-content\"><div class=\"wp-block-image ebook-image\">\n<figure class=\"aligncenter size-large\"><img decoding=\"async\" src=\"https:\/\/loirelovers.fr\/wp-content\/uploads\/2023\/03\/ebooks_CorseNormandie_FR.png\" alt=\"Box Ebook Korsika FR\"\/><\/figure>\n<\/div><\/div><\/div><\/div>\n<\/div>\n<\/div>\n<\/div><\/div><\/div>\n\n<h2 class=\"wp-block-heading\"><span class=\"ez-toc-section\" id=\"4_Carolina_Tradgard\"><\/span>4. Carolina Tr\u00e4dg\u00e5rd<span class=\"ez-toc-section-end\"><\/span><\/h2>\n\n<h3 class=\"wp-block-heading\">Varf\u00f6r bes\u00f6ka? V\u00e5r uppfattning<\/h3>\n\n<p>Jardin Carolina \u00e4r en oas av fred som v\u00e4ntar p\u00e5 att uppt\u00e4ckas. Den ligger inb\u00e4ddad i<strong>H\u00f4tel Tigaigas<\/strong> tr\u00e4dg\u00e5rdar och utm\u00e4rker sig f\u00f6r sitt lugn och sin m\u00e5ngfald av v\u00e4xtarter. En <strong>botanisk m\u00e5ngfald<\/strong> som kommer att gl\u00e4dja natur\u00e4lskare. Vi gillade s\u00e4rskilt <strong>barfotaleden<\/strong>, en <strong>uppslukande upplevelse<\/strong> som l\u00e5ter dig k\u00e4nna texturerna och energin i den omgivande naturen fullt ut. Denna unika stund av samh\u00f6righet med milj\u00f6n f\u00f6rst\u00e4rks av en <strong>hisnande utsikt \u00f6ver havet<\/strong>, vilket ger bes\u00f6ket en lugnande och kontemplativ dimension.<\/p>\n\n<figure class=\"wp-block-image size-large\"><img decoding=\"async\" src=\"https:\/\/photos.smugmug.com\/Canarias-Lovers\/Tenerife\/Puerto-de-la-Cruz\/Jardins\/Jardin-Carolina\/i-kzThTN4\/0\/KXkTTQt6gqDXjbRtvKSjqHnw8mbBgv8ktz2SjXgMT\/L\/agave-ocean-view-jardin-carolina-tenerife-L.jpg\" alt=\"Carolina Garden\"\/><\/figure>\n\n<h3 class=\"wp-block-heading\">V\u00e5ra 3 favorit\u00f6gonblick<\/h3>\n\n<ul class=\"wp-block-list\">\n<li>Det var <strong>svanhalsagavorna <\/strong>som charmade oss mest, med sina l\u00e5nga, b\u00f6jda stj\u00e4lkar. De \u00e4r verkligen <strong>spektakul\u00e4ra<\/strong>.<\/li>\n\n\n\n<li>Den <strong>sensoriska stigen <\/strong>\u00e4r en uppslukande <strong>barfotaupplevelse<\/strong> p\u00e5 en m\u00e4ngd olika underlag, bland annat sand, grus, stenar och bark. F\u00f6rutom att stimulera sinnena uppmuntrar leden till en lugnande <strong>kontakt <\/strong>med omgivningen.<\/li>\n\n\n\n<li>L\u00e4ngst bort i tr\u00e4dg\u00e5rden \u00e4r <strong>panoramautsikten<\/strong> \u00f6ver Atlanten fantastisk och erbjuder en stunds kontemplation, perfekt f\u00f6r att ladda batterierna mitt i staden.<\/li>\n<\/ul>\n\n<figure class=\"wp-block-image size-large\"><img decoding=\"async\" src=\"https:\/\/photos.smugmug.com\/Canarias-Lovers\/Tenerife\/Puerto-de-la-Cruz\/Jardins\/Jardin-Carolina\/i-6xXhxWB\/0\/MjpjN3CxfnD5KBZsLf8xNcM2sR2CChQ9Ssb3Bwbj9\/L\/Jardin-Carolina-puerto-cruz-tenerife-L.jpg\" alt=\"Carolina Garden: palmlund\"\/><\/figure>\n\n<h3 class=\"wp-block-heading\">Anv\u00e4ndbara tips<\/h3>\n\n<ul class=\"wp-block-list\">\n<li>P\u00e5<strong>H\u00f4tel Tigaigas<\/strong> omr\u00e5de, mindre \u00e4n 15 minuters promenad fr\u00e5n stadens centrum, 3 minuter med bil.<\/li>\n\n\n\n<li>Bes\u00f6ksl\u00e4ngd: Du kan g\u00e5 runt i tr\u00e4dg\u00e5rden p\u00e5 mindre \u00e4n <strong>10 minuter<\/strong>, eller dr\u00f6ja dig kvar och njuta av lugnet och tystnaden.<\/li>\n\n\n\n<li>Det finns ingen s\u00e4rskild tur f\u00f6r barn, men den <strong>sensoriska stigen<\/strong> \u00e4r en mycket l\u00e4mplig upplevelse.<\/li>\n\n\n\n<li>Fullpris f\u00f6r vuxna: tilltr\u00e4de till tr\u00e4dg\u00e5rden \u00e4r <strong>gratis<\/strong>.<\/li>\n\n\n\n<li>\u00d6ppettider: Vi s\u00e5g inte n\u00e5got om \u00f6ppettider.  <\/li>\n\n\n\n<li>Mer information finns p\u00e5 hotellets webbplats <a href=\"https:\/\/garden.tigaiga.com\/#\/home\" target=\"_blank\" rel=\"noreferrer noopener nofollow\">h\u00e4r.<\/a><\/li>\n<\/ul>\n\n<p>Jardin Carolina \u00e4r en mycket vacker liten tr\u00e4dg\u00e5rd. Missa inte <a href=\"https:\/\/canarias-lovers.com\/sv\/besok-tradgard-carolina-puerto-cruz-tenerife\/\" target=\"_blank\" rel=\"noreferrer noopener\">artikeln som vi \u00e4gnade \u00e5t det.<\/a><\/p>\n\n<div style=\"margin-top:8%;margin-bottom:8%\" class=\"wp-block-genesis-blocks-gb-container box gb-block-container\"><div class=\"gb-container-inside\"><div class=\"gb-container-content\">\n<div class=\"wp-block-columns inverse is-layout-flex wp-container-core-columns-is-layout-9d6595d7 wp-block-columns-is-layout-flex\">\n<div class=\"wp-block-column texte_planif is-layout-flow wp-block-column-is-layout-flow\" style=\"flex-basis:58%\">\n<h5 class=\"titre_box\" style=\"padding-top:10px\">HA KUL I TENERIFE: <span class=\"titre_box_manuscrit\">aktiviteter<\/span><\/h5>\n\n\n\n<p style=\"font-size:16px\"><a href=\"https:\/\/www.getyourguide.se\/s\/?q=Dauphins+Tenerife&amp;searchSource=3&amp;partner_id=R3GYW4V&amp;cmp=CAL\" target=\"_blank\" rel=\"noreferrer noopener sponsored nofollow\">Spana p\u00e5 delfiner<\/a><br\/><a href=\"https:\/\/www.getyourguide.se\/s\/?q=Buggy+Tenerife&amp;searchSource=3&amp;partner_id=R3GYW4V&amp;cmp=CAL\" target=\"_blank\" rel=\"noreferrer noopener sponsored nofollow\">Buggy \/ fyrhjuling<\/a><br\/><a href=\"https:\/\/www.getyourguide.se\/s\/?q=snorkeling+Tenerife&amp;searchSource=3&amp;partner_id=R3GYW4V&amp;cmp=CAL\" target=\"_blank\" rel=\"noreferrer noopener sponsored nofollow\">Snorkling<\/a><\/p>\n<\/div>\n\n\n\n<div class=\"wp-block-column ville-radius is-layout-flow wp-block-column-is-layout-flow\" style=\"flex-basis:42%\">\n<figure class=\"wp-block-image size-large img-portrait\"><img decoding=\"async\" src=\"https:\/\/photos.smugmug.com\/Canarias-Lovers\/Tenerife\/Best-of\/i-wQrB5Lp\/0\/LrTR9c4Tnm6PWfsxrwZfkmGvPdbFXhh9dJ3FzzWmt\/S\/tenerife-dauphins-1-S.jpg\" alt=\"Valar p&#xE5; Teneriffa\" title=\"\"\/><\/figure>\n<\/div>\n<\/div>\n<\/div><\/div><\/div>\n\n<h2 class=\"wp-block-heading\"><span class=\"ez-toc-section\" id=\"5_Parque_de_la_Sortija\"><\/span>5. Parque de la Sortija<span class=\"ez-toc-section-end\"><\/span><\/h2>\n\n<h3 class=\"wp-block-heading\">Varf\u00f6r bes\u00f6ka? V\u00e5r uppfattning<\/h3>\n\n<p>Parque de la Sortija i Puerto de la Cruz var den perfekta platsen f\u00f6r att fly stadens liv och r\u00f6relse mellan bes\u00f6ken. Detta \u00e4r en del av <strong>Parque Taoro<\/strong>, som ligger p\u00e5 en udde med fantastisk utsikt \u00f6ver staden och de omgivande bergen. Vi hittade en <strong>lekplats<\/strong> och <strong>sportanl\u00e4ggningar<\/strong>, en <strong>damm<\/strong> <strong>, font\u00e4ner<\/strong> och en magnifik <strong>rosentr\u00e4dg\u00e5rd<\/strong>, allt omgivet av frodig vegetation med palmer och subtropiska v\u00e4xter. En fridfull milj\u00f6 som \u00e4r perfekt f\u00f6r avkoppling eller <strong>sport<\/strong>!<\/p>\n\n<figure class=\"wp-block-image size-large\"><img decoding=\"async\" src=\"https:\/\/photos.smugmug.com\/Canarias-Lovers\/Tenerife\/Puerto-de-la-Cruz\/Jardins\/Parque-de-la-Sortija\/i-zG7QXZX\/0\/LQsmjKkvmZNc244dXkBxX5twQ4VhTmnhLX7Z98cJ6\/L\/Parque-sortija-L.jpg\" alt=\"Parque de la Sortija\"\/><\/figure>\n\n<h3 class=\"wp-block-heading\">V\u00e5ra 3 favorit\u00f6gonblick<\/h3>\n\n<ul class=\"wp-block-list\">\n<li>Vi nj\u00f6t verkligen av att promenera <strong>runt dammen<\/strong>, med parkens rika v\u00e4xtlighet som reflekterades p\u00e5 vattenytan.<\/li>\n\n\n\n<li><strong>Sportanl\u00e4ggningarna<\/strong> \u00e4r en riktig bonus som f\u00e5r dig att vilja r\u00f6ra p\u00e5 dig och dra nytta av den skyltade fitnessleden.<\/li>\n\n\n\n<li>Vi s\u00e5g n\u00e5gra skuggiga <strong>picknickplatser<\/strong>, perfekta f\u00f6r en stund med familj och v\u00e4nner i hj\u00e4rtat av naturen.<\/li>\n<\/ul>\n\n<figure class=\"wp-block-image size-large\"><img decoding=\"async\" src=\"https:\/\/photos.smugmug.com\/Canarias-Lovers\/Tenerife\/Puerto-de-la-Cruz\/Jardins\/Parque-de-la-Sortija\/i-7f444f6\/0\/LxfGnVSGsm3wXpDPTCPjgmrkVwF8zs8qsGJSPCJrR\/L\/Parque-sortija-1-L.jpg\" alt=\"Parque de la Sortija och dess r&#xF6;da gr&#xE4;nder\"\/><\/figure>\n\n<h3 class=\"wp-block-heading\">Anv\u00e4ndbara tips<\/h3>\n\n<ul class=\"wp-block-list\">\n<li>Ca 10 minuters promenad fr\u00e5n Puerto de la Cruz historiska centrum<\/li>\n\n\n\n<li>Bes\u00f6ksl\u00e4ngd: som du vill<\/li>\n\n\n\n<li>Vi har hittat massor av lektid f\u00f6r barnen<\/li>\n\n\n\n<li>Pris f\u00f6r fullvuxna: <strong>gratis<\/strong><\/li>\n\n\n\n<li>\u00d6ppettider: <strong>n\u00e4r som helst<\/strong><\/li>\n\n\n\n<li>L\u00e4nk till museets officiella webbplats <a href=\"https:\/\/www.webtenerifefr.com\/visiter\/jardins-et-parcs\/parque-taoro\/\" target=\"_blank\" rel=\"noreferrer noopener nofollow\">h\u00e4r<\/a>.<\/li>\n<\/ul>\n\n<div style=\"background-color:#fefefe;margin-top:6%;margin-bottom:6%\" class=\"wp-block-genesis-blocks-gb-container box gb-block-container\"><div class=\"gb-container-inside\"><div class=\"gb-container-content\" style=\"max-width:700px\">\n<div class=\"wp-block-columns inverse is-layout-flex wp-container-core-columns-is-layout-9d6595d7 wp-block-columns-is-layout-flex\">\n<div class=\"wp-block-column texte_planif is-layout-flow wp-block-column-is-layout-flow\" style=\"flex-basis:58%\">\n<h5 class=\"titre_box\">Ta emot v\u00e5rt <span class=\"titre_box_manuscrit\">nyhetsbrev<\/span><\/h5>\n\n\n\n<ul class=\"wp-block-list\">\n<li>En frisk fl\u00e4kt i ditt dagliga liv p\u00e5 de vackra destinationerna i Region Lovers!<\/li>\n\n\n\n<li>En g\u00e5ng i m\u00e5naden<\/li>\n\n\n\n<li>Reklamfri<\/li>\n<\/ul>\n\n\n\n                <div class='gf_browser_gecko gform_wrapper gform-theme gform-theme--foundation gform-theme--framework gform-theme--orbital' data-form-theme='orbital' data-form-index='0' id='gform_wrapper_3' ><style>#gform_wrapper_3[data-form-index=\"0\"].gform-theme,[data-parent-form=\"3_0\"]{--gf-color-primary: #204ce5;--gf-color-primary-rgb: 32, 76, 229;--gf-color-primary-contrast: #fff;--gf-color-primary-contrast-rgb: 255, 255, 255;--gf-color-primary-darker: #001AB3;--gf-color-primary-lighter: #527EFF;--gf-color-secondary: #fff;--gf-color-secondary-rgb: 255, 255, 255;--gf-color-secondary-contrast: #112337;--gf-color-secondary-contrast-rgb: 17, 35, 55;--gf-color-secondary-darker: #F5F5F5;--gf-color-secondary-lighter: #FFFFFF;--gf-color-out-ctrl-light: rgba(17, 35, 55, 0.1);--gf-color-out-ctrl-light-rgb: 17, 35, 55;--gf-color-out-ctrl-light-darker: rgba(104, 110, 119, 0.35);--gf-color-out-ctrl-light-lighter: #F5F5F5;--gf-color-out-ctrl-dark: #585e6a;--gf-color-out-ctrl-dark-rgb: 88, 94, 106;--gf-color-out-ctrl-dark-darker: #112337;--gf-color-out-ctrl-dark-lighter: rgba(17, 35, 55, 0.65);--gf-color-in-ctrl: #fff;--gf-color-in-ctrl-rgb: 255, 255, 255;--gf-color-in-ctrl-contrast: #112337;--gf-color-in-ctrl-contrast-rgb: 17, 35, 55;--gf-color-in-ctrl-darker: #F5F5F5;--gf-color-in-ctrl-lighter: #FFFFFF;--gf-color-in-ctrl-primary: #204ce5;--gf-color-in-ctrl-primary-rgb: 32, 76, 229;--gf-color-in-ctrl-primary-contrast: #fff;--gf-color-in-ctrl-primary-contrast-rgb: 255, 255, 255;--gf-color-in-ctrl-primary-darker: #001AB3;--gf-color-in-ctrl-primary-lighter: #527EFF;--gf-color-in-ctrl-light: rgba(17, 35, 55, 0.1);--gf-color-in-ctrl-light-rgb: 17, 35, 55;--gf-color-in-ctrl-light-darker: rgba(104, 110, 119, 0.35);--gf-color-in-ctrl-light-lighter: #F5F5F5;--gf-color-in-ctrl-dark: #585e6a;--gf-color-in-ctrl-dark-rgb: 88, 94, 106;--gf-color-in-ctrl-dark-darker: #112337;--gf-color-in-ctrl-dark-lighter: rgba(17, 35, 55, 0.65);--gf-radius: 3px;--gf-font-size-secondary: 14px;--gf-font-size-tertiary: 13px;--gf-icon-ctrl-number: url(\"data:image\/svg+xml,%3Csvg width='8' height='14' viewBox='0 0 8 14' fill='none' xmlns='http:\/\/www.w3.org\/2000\/svg'%3E%3Cpath fill-rule='evenodd' clip-rule='evenodd' d='M4 0C4.26522 5.96046e-08 4.51957 0.105357 4.70711 0.292893L7.70711 3.29289C8.09763 3.68342 8.09763 4.31658 7.70711 4.70711C7.31658 5.09763 6.68342 5.09763 6.29289 4.70711L4 2.41421L1.70711 4.70711C1.31658 5.09763 0.683417 5.09763 0.292893 4.70711C-0.0976311 4.31658 -0.097631 3.68342 0.292893 3.29289L3.29289 0.292893C3.48043 0.105357 3.73478 0 4 0ZM0.292893 9.29289C0.683417 8.90237 1.31658 8.90237 1.70711 9.29289L4 11.5858L6.29289 9.29289C6.68342 8.90237 7.31658 8.90237 7.70711 9.29289C8.09763 9.68342 8.09763 10.3166 7.70711 10.7071L4.70711 13.7071C4.31658 14.0976 3.68342 14.0976 3.29289 13.7071L0.292893 10.7071C-0.0976311 10.3166 -0.0976311 9.68342 0.292893 9.29289Z' fill='rgba(17, 35, 55, 0.65)'\/%3E%3C\/svg%3E\");--gf-icon-ctrl-select: url(\"data:image\/svg+xml,%3Csvg width='10' height='6' viewBox='0 0 10 6' fill='none' xmlns='http:\/\/www.w3.org\/2000\/svg'%3E%3Cpath fill-rule='evenodd' clip-rule='evenodd' d='M0.292893 0.292893C0.683417 -0.097631 1.31658 -0.097631 1.70711 0.292893L5 3.58579L8.29289 0.292893C8.68342 -0.0976311 9.31658 -0.0976311 9.70711 0.292893C10.0976 0.683417 10.0976 1.31658 9.70711 1.70711L5.70711 5.70711C5.31658 6.09763 4.68342 6.09763 4.29289 5.70711L0.292893 1.70711C-0.0976311 1.31658 -0.0976311 0.683418 0.292893 0.292893Z' fill='rgba(17, 35, 55, 0.65)'\/%3E%3C\/svg%3E\");--gf-icon-ctrl-search: url(\"data:image\/svg+xml,%3Csvg width='640' height='640' xmlns='http:\/\/www.w3.org\/2000\/svg'%3E%3Cpath d='M256 128c-70.692 0-128 57.308-128 128 0 70.691 57.308 128 128 128 70.691 0 128-57.309 128-128 0-70.692-57.309-128-128-128zM64 256c0-106.039 85.961-192 192-192s192 85.961 192 192c0 41.466-13.146 79.863-35.498 111.248l154.125 154.125c12.496 12.496 12.496 32.758 0 45.254s-32.758 12.496-45.254 0L367.248 412.502C335.862 434.854 297.467 448 256 448c-106.039 0-192-85.962-192-192z' fill='rgba(17, 35, 55, 0.65)'\/%3E%3C\/svg%3E\");--gf-label-space-y-secondary: var(--gf-label-space-y-md-secondary);--gf-ctrl-border-color: #686e77;--gf-ctrl-size: var(--gf-ctrl-size-md);--gf-ctrl-label-color-primary: #112337;--gf-ctrl-label-color-secondary: #112337;--gf-ctrl-choice-size: var(--gf-ctrl-choice-size-md);--gf-ctrl-checkbox-check-size: var(--gf-ctrl-checkbox-check-size-md);--gf-ctrl-radio-check-size: var(--gf-ctrl-radio-check-size-md);--gf-ctrl-btn-font-size: var(--gf-ctrl-btn-font-size-md);--gf-ctrl-btn-padding-x: var(--gf-ctrl-btn-padding-x-md);--gf-ctrl-btn-size: var(--gf-ctrl-btn-size-md);--gf-ctrl-btn-border-color-secondary: #686e77;--gf-ctrl-file-btn-bg-color-hover: #EBEBEB;--gf-field-img-choice-size: var(--gf-field-img-choice-size-md);--gf-field-img-choice-card-space: var(--gf-field-img-choice-card-space-md);--gf-field-img-choice-check-ind-size: var(--gf-field-img-choice-check-ind-size-md);--gf-field-img-choice-check-ind-icon-size: var(--gf-field-img-choice-check-ind-icon-size-md);--gf-field-pg-steps-number-color: rgba(17, 35, 55, 0.8);}<\/style>\n                        <div class='gform_heading'>\n                            <p class='gform_description'><\/p>\n                        <\/div><form method='post' enctype='multipart\/form-data'  id='gform_3'  action='\/sv\/wp-json\/wp\/v2\/posts\/4998' data-formid='3' novalidate> \r\n <input type='hidden' class='gforms-pum' value='{\"closepopup\":false,\"closedelay\":0,\"openpopup\":false,\"openpopup_id\":0}' \/>\n                        <div class='gform-body gform_body'><div id='gform_fields_3' class='gform_fields top_label form_sublabel_below description_below validation_below'><div id=\"field_3_1\" class=\"gfield gfield--type-email gfield--input-type-email gfield_contains_required field_sublabel_below gfield--no-description field_description_below hidden_label field_validation_below gfield_visibility_visible\"  ><label class='gfield_label gform-field-label' for='input_3_1'>E-mail<span class=\"gfield_required\"><span class=\"gfield_required gfield_required_text\">(Obligatoriskt)<\/span><\/span><\/label><div class='ginput_container ginput_container_email'>\n                            <input name='input_1' id='input_3_1' type='email' value='' class='large'    aria-required=\"true\" aria-invalid=\"false\"  \/>\n                        <\/div><\/div><fieldset id=\"field_3_4\" class=\"gfield gfield--type-consent gfield--type-choice gfield--input-type-consent gfield--width-full gfield_contains_required field_sublabel_below gfield--no-description field_description_below hidden_label field_validation_below gfield_visibility_visible\"  ><legend class='gfield_label gform-field-label gfield_label_before_complex' >RGPD<span class=\"gfield_required\"><span class=\"gfield_required gfield_required_text\">(Obligatoriskt)<\/span><\/span><\/legend><div class='ginput_container ginput_container_consent'><input name='input_4.1' id='input_3_4_1' type='checkbox' value='1'   aria-required=\"true\" aria-invalid=\"false\"   \/> <label class=\"gform-field-label gform-field-label--type-inline gfield_consent_label\" for='input_3_4_1' >Ja, jag vill prenumerera p\u00e5 det m\u00e5natliga nyhetsbrevet<span class=\"gfield_required gfield_required_text\">(Obligatoriskt)<\/span><\/label><input type='hidden' name='input_4.2' value='Ja, jag vill prenumerera p\u00e5 det m\u00e5natliga nyhetsbrevet' class='gform_hidden' \/><input type='hidden' name='input_4.3' value='1' class='gform_hidden' \/><\/div><\/fieldset><div id=\"field_3_5\" class=\"gfield gfield--type-website gfield--input-type-website gfield--width-full field_sublabel_below gfield--no-description field_description_below field_validation_below gfield_visibility_hidden\"  ><div class=\"admin-hidden-markup\"><i class=\"gform-icon gform-icon--hidden\" aria-hidden=\"true\" title=\"Detta f\u00e4lt \u00e4r dolt n\u00e4r formul\u00e4ret visas\"><\/i><span>Detta f\u00e4lt \u00e4r dolt n\u00e4r formul\u00e4ret visas<\/span><\/div><label class='gfield_label gform-field-label' for='input_3_5'>Site Web<\/label><div class='ginput_container ginput_container_website'>\n                    <input name='input_5' id='input_3_5' type='url' value='https:\/\/canarias-lovers.com\/sv\/wp-json\/wp\/v2\/posts\/4998' class='large'    placeholder='https:\/\/'  aria-invalid=\"false\" \/>\n                <\/div><\/div><\/div><\/div>\n        <div class='gform-footer gform_footer top_label'> <input type='submit' id='gform_submit_button_3' class='gform_button button' onclick='gform.submission.handleButtonClick(this);' data-submission-type='submit' value='Prenumerera'  \/> \n            <input type='hidden' class='gform_hidden' name='gform_submission_method' data-js='gform_submission_method_3' value='postback' \/>\n            <input type='hidden' class='gform_hidden' name='gform_theme' data-js='gform_theme_3' id='gform_theme_3' value='orbital' \/>\n            <input type='hidden' class='gform_hidden' name='gform_style_settings' data-js='gform_style_settings_3' id='gform_style_settings_3' value='{&quot;inputPrimaryColor&quot;:&quot;#204ce5&quot;}' \/>\n            <input type='hidden' class='gform_hidden' name='is_submit_3' value='1' \/>\n            <input type='hidden' class='gform_hidden' name='gform_submit' value='3' \/>\n            \n            <input type='hidden' class='gform_hidden' name='gform_currency' data-currency='EUR' value='Jpe97Y\/AnziI4h8navYvv8O6Xy9BGbWQFPb30HAtzXPXByrm002UkoozEbNUT1T\/neEkRiFWwVcZUqcYk2yW5295006NUpJpQSYRhuXdkz6IPGQ=' \/>\n            <input type='hidden' class='gform_hidden' name='gform_unique_id' value='' \/>\n            <input type='hidden' class='gform_hidden' name='state_3' value='WyJ7XCI0LjFcIjpcIjg3MGIzYzZhNWQ4YTg2NGNkMjkzMjI4ZDZjZTM1N2NiXCIsXCI0LjJcIjpcImQwNmNhMDIwY2RkNmI3Y2I5YmQ4MDI2NjQzYmY1YjVjXCIsXCI0LjNcIjpcIjg3MGIzYzZhNWQ4YTg2NGNkMjkzMjI4ZDZjZTM1N2NiXCJ9IiwiZWI0MGNmNzJhNjllOTI4YjgxZmEwMDU5MDFlMjllZGYiXQ==' \/>\n            <input type='hidden' autocomplete='off' class='gform_hidden' name='gform_target_page_number_3' id='gform_target_page_number_3' value='0' \/>\n            <input type='hidden' autocomplete='off' class='gform_hidden' name='gform_source_page_number_3' id='gform_source_page_number_3' value='1' \/>\n            <input type='hidden' name='gform_field_values' value='' \/>\n            \n        <\/div>\n                        <\/form>\n                        <\/div><script>\ngform.initializeOnLoaded( function() {gformInitSpinner( 3, 'https:\/\/canarias-lovers.com\/wp-content\/plugins\/gravityforms\/images\/spinner.svg', false );jQuery('#gform_ajax_frame_3').on('load',function(){var contents = jQuery(this).contents().find('*').html();var is_postback = contents.indexOf('GF_AJAX_POSTBACK') >= 0;if(!is_postback){return;}var form_content = jQuery(this).contents().find('#gform_wrapper_3');var is_confirmation = jQuery(this).contents().find('#gform_confirmation_wrapper_3').length > 0;var is_redirect = contents.indexOf('gformRedirect(){') >= 0;var is_form = form_content.length > 0 && ! is_redirect && ! is_confirmation;var mt = parseInt(jQuery('html').css('margin-top'), 10) + parseInt(jQuery('body').css('margin-top'), 10) + 100;if(is_form){jQuery('#gform_wrapper_3').html(form_content.html());if(form_content.hasClass('gform_validation_error')){jQuery('#gform_wrapper_3').addClass('gform_validation_error');} else {jQuery('#gform_wrapper_3').removeClass('gform_validation_error');}setTimeout( function() { \/* delay the scroll by 50 milliseconds to fix a bug in chrome *\/  }, 50 );if(window['gformInitDatepicker']) {gformInitDatepicker();}if(window['gformInitPriceFields']) {gformInitPriceFields();}var current_page = jQuery('#gform_source_page_number_3').val();gformInitSpinner( 3, 'https:\/\/canarias-lovers.com\/wp-content\/plugins\/gravityforms\/images\/spinner.svg', false );jQuery(document).trigger('gform_page_loaded', [3, current_page]);window['gf_submitting_3'] = false;}else if(!is_redirect){var confirmation_content = jQuery(this).contents().find('.GF_AJAX_POSTBACK').html();if(!confirmation_content){confirmation_content = contents;}jQuery('#gform_wrapper_3').replaceWith(confirmation_content);jQuery(document).trigger('gform_confirmation_loaded', [3]);window['gf_submitting_3'] = false;wp.a11y.speak(jQuery('#gform_confirmation_message_3').text());}else{jQuery('#gform_3').append(contents);if(window['gformRedirect']) {gformRedirect();}}jQuery(document).trigger(\"gform_pre_post_render\", [{ formId: \"3\", currentPage: \"current_page\", abort: function() { this.preventDefault(); } }]);        if (event && event.defaultPrevented) {                return;        }        const gformWrapperDiv = document.getElementById( \"gform_wrapper_3\" );        if ( gformWrapperDiv ) {            const visibilitySpan = document.createElement( \"span\" );            visibilitySpan.id = \"gform_visibility_test_3\";            gformWrapperDiv.insertAdjacentElement( \"afterend\", visibilitySpan );        }        const visibilityTestDiv = document.getElementById( \"gform_visibility_test_3\" );        let postRenderFired = false;        function triggerPostRender() {            if ( postRenderFired ) {                return;            }            postRenderFired = true;            gform.core.triggerPostRenderEvents( 3, current_page );            if ( visibilityTestDiv ) {                visibilityTestDiv.parentNode.removeChild( visibilityTestDiv );            }        }        function debounce( func, wait, immediate ) {            var timeout;            return function() {                var context = this, args = arguments;                var later = function() {                    timeout = null;                    if ( !immediate ) func.apply( context, args );                };                var callNow = immediate && !timeout;                clearTimeout( timeout );                timeout = setTimeout( later, wait );                if ( callNow ) func.apply( context, args );            };        }        const debouncedTriggerPostRender = debounce( function() {            triggerPostRender();        }, 200 );        if ( visibilityTestDiv && visibilityTestDiv.offsetParent === null ) {            const observer = new MutationObserver( ( mutations ) => {                mutations.forEach( ( mutation ) => {                    if ( mutation.type === 'attributes' && visibilityTestDiv.offsetParent !== null ) {                        debouncedTriggerPostRender();                        observer.disconnect();                    }                });            });            observer.observe( document.body, {                attributes: true,                childList: false,                subtree: true,                attributeFilter: [ 'style', 'class' ],            });        } else {            triggerPostRender();        }    } );} );\n<\/script>\n<\/div>\n\n\n\n<div class=\"wp-block-column is-layout-flow wp-block-column-is-layout-flow\" style=\"flex-basis:42%\">\n<div class=\"wp-block-genesis-blocks-gb-container aligncenter newsletter-radius gb-block-container\"><div class=\"gb-container-inside\"><div class=\"gb-container-content\"><div class=\"wp-block-image newsletter-image\">\n<figure class=\"aligncenter size-full\"><img loading=\"lazy\" decoding=\"async\" width=\"729\" height=\"792\" src=\"https:\/\/canarias-lovers.com\/wp-content\/uploads\/2024\/06\/newsletter_FR_2.png\" alt=\"Nyhetsbrev\" class=\"wp-image-1181\" srcset=\"https:\/\/canarias-lovers.com\/wp-content\/uploads\/2024\/06\/newsletter_FR_2.png 729w, https:\/\/canarias-lovers.com\/wp-content\/uploads\/2024\/06\/newsletter_FR_2-276x300.png 276w\" sizes=\"auto, (max-width: 729px) 100vw, 729px\" \/><\/figure>\n<\/div><\/div><\/div><\/div>\n<\/div>\n<\/div>\n<\/div><\/div><\/div>\n\n<h2 class=\"wp-block-heading\"><span class=\"ez-toc-section\" id=\"6_Calle_de_la_Verdad_Tradgard\"><\/span>6. Calle de la Verdad Tr\u00e4dg\u00e5rd<span class=\"ez-toc-section-end\"><\/span><\/h2>\n\n<h3 class=\"wp-block-heading\">Varf\u00f6r bes\u00f6ka? V\u00e5r uppfattning<\/h3>\n\n<p>Om du, precis som vi, tycker om att vandra p\u00e5 gatorna kommer <strong>Calle de la Verdad<\/strong> att gl\u00e4dja dig. Lite tillbakadragen fr\u00e5n huvudstr\u00e5ken i den historiska stadsk\u00e4rnan, i det traditionella Ranilla-distriktet, \u00e4r denna lilla, lummiga <strong>tr\u00e4dg\u00e5rdsgata<\/strong> kantad av hus med f\u00e4rgglada fasader. Det \u00e4r ett tillf\u00e4lle att uppt\u00e4cka en s\u00e4rskilt <strong>pittoresk<\/strong> del av Puerto de la Cruz centrum och samtidigt njuta av Kanarie\u00f6arnas v\u00e4xtlighet.<\/p>\n\n<figure class=\"wp-block-image size-large\"><img decoding=\"async\" src=\"https:\/\/photos.smugmug.com\/Canarias-Lovers\/Tenerife\/Puerto-de-la-Cruz\/Jardins\/Calle-de-la-Verdad\/i-jTHntRN\/0\/KFJGzJ5XhpnPsspHMPX2vjGLFS25zkj885NKc9H7K\/L\/calle-verdad-1-L.jpg\" alt=\"Calle de la Verdad Tr&#xE4;dg&#xE5;rd\"\/><\/figure>\n\n<h3 class=\"wp-block-heading\">V\u00e5ra 3 favorit\u00f6gonblick<\/h3>\n\n<ul class=\"wp-block-list\">\n<li>Gatan \u00e4r k\u00e4nd f\u00f6r sina <strong>f\u00e4rgglada fasader<\/strong>, som \u00e4r typiska f\u00f6r Kanarie\u00f6arnas arkitektur.<\/li>\n\n\n\n<li>Den \u00e4r mindre k\u00e4nd f\u00f6r sin <strong>frodiga v\u00e4xtlighet<\/strong>, som vi tyckte s\u00e4rskilt mycket om och som kantar de m\u00f6rka kullerstenarna.<\/li>\n\n\n\n<li>P\u00e5 vissa delar av gatan hittar du <strong>hantverksbutiker och restauranger.<\/strong> Det \u00e4r ocks\u00e5, och i allt h\u00f6gre grad, en plats f\u00f6r shopping.<\/li>\n<\/ul>\n\n<figure class=\"wp-block-image size-large\"><img decoding=\"async\" src=\"https:\/\/photos.smugmug.com\/Canarias-Lovers\/Tenerife\/Puerto-de-la-Cruz\/Jardins\/Calle-de-la-Verdad\/i-VrwTk4c\/0\/MnMp7n7trNzvksNK6KV2SW9PNRggqGppPWWvhw64v\/L\/calle-verdad-L.jpg\" alt=\"Tr&#xE4;dg&#xE5;rd Calle de la Verdad 2\"\/><\/figure>\n\n<h3 class=\"wp-block-heading\">Anv\u00e4ndbara tips<\/h3>\n\n<ul class=\"wp-block-list\">\n<li>I stadsdelen <strong>Ranilla<\/strong>, n\u00e4ra <strong>Plaza del Charco<\/strong><\/li>\n\n\n\n<li>Bes\u00f6ksl\u00e4ngd: n\u00e5gra minuter<\/li>\n\n\n\n<li>Tilltr\u00e4de \u00e4r <strong>fritt<\/strong> hela tiden.<\/li>\n<\/ul>\n\n<div style=\"margin-top:8%;margin-bottom:8%\" class=\"wp-block-genesis-blocks-gb-container box gb-block-container\"><div class=\"gb-container-inside\"><div class=\"gb-container-content\">\n<div class=\"wp-block-columns inverse is-layout-flex wp-container-core-columns-is-layout-9d6595d7 wp-block-columns-is-layout-flex\">\n<div class=\"wp-block-column texte_planif is-layout-flow wp-block-column-is-layout-flow\" style=\"flex-basis:58%\">\n<h5 class=\"titre_box\" style=\"padding-top:10px;\">UPPT\u00c4CK <span class=\"titre_box_manuscrit\">Puerto de la Cruz<\/span><\/h5>\n\n\n\n<ul class=\"wp-block-list ul_box\">\n<li style=\"font-size:14px\"><a href=\"https:\/\/canarias-lovers.com\/sv\/sevardheter-puerto-de-la-cruz-teneriffa-att-gora\/\" data-type=\"post\" data-id=\"4978\" target=\"_blank\" rel=\"noreferrer noopener\">Sev\u00e4rdheter i Puerto de la Cruz<\/a><\/li>\n\n\n\n<li style=\"font-size:14px\"><a href=\"https:\/\/canarias-lovers.com\/sv\/basta-stranderna-puerto-de-la-cruz-teneriffa\/\" data-type=\"post\" data-id=\"4812\" target=\"_blank\" rel=\"noreferrer noopener\">De vackraste str\u00e4nderna<\/a><\/li>\n\n\n\n<li style=\"font-size:14px\"><a href=\"https:\/\/canarias-lovers.com\/sv\/var-kan-bo-puerto-de-la-cruz-basta-hotellen-stadsdelarna\/\" target=\"_blank\" rel=\"noreferrer noopener\">B\u00e4sta hotell<\/a><\/li>\n\n\n\n<li style=\"font-size:14px\"><a href=\"https:\/\/canarias-lovers.com\/sv\/basta-restaurang-puerto-cruz-teneriffa-ata-omdomen\/\" data-type=\"post\" data-id=\"5050\" target=\"_blank\" rel=\"noreferrer noopener\">B\u00e4sta restaurangerna<\/a><\/li>\n\n\n\n<li style=\"font-size:14px\"><a href=\"https:\/\/canarias-lovers.com\/sv\/basta-tradgardarna-puerto-de-la-cruz-teneriffa\/\" data-type=\"post\" data-id=\"4897\" target=\"_blank\" rel=\"noreferrer noopener\">De vackraste tr\u00e4dg\u00e5rdarna<\/a><\/li>\n<\/ul>\n<\/div>\n\n\n\n<div class=\"wp-block-column ville-radius is-layout-flow wp-block-column-is-layout-flow\" style=\"flex-basis:42%\">\n<figure class=\"wp-block-image size-large img-portrait\"><img decoding=\"async\" src=\"https:\/\/photos.smugmug.com\/Canarias-Lovers\/Tenerife\/Puerto-de-la-Cruz\/Ville\/i-RFNvMzq\/0\/LKcXnqPFd2cvKxtL9GSQXSTNvRqkR77wxZV4cLtS2\/S\/puertodelacruz-city-pazview-S.jpg\" alt=\"Puerto de la Cruz\" title=\"\"\/><\/figure>\n<\/div>\n<\/div>\n<\/div><\/div><\/div>\n\n<h2 class=\"wp-block-heading\"><span class=\"ez-toc-section\" id=\"Andra_tradgardar_i_Puerto_de_la_Cruz\"><\/span>Andra tr\u00e4dg\u00e5rdar i Puerto de la Cruz<span class=\"ez-toc-section-end\"><\/span><\/h2>\n\n<ul class=\"wp-block-list\">\n<li><strong>Parque Taoro:<\/strong> 100.000 m2 gr\u00f6nskande tr\u00e4dg\u00e5rdar i hj\u00e4rtat av Puerto de la Cruz, med hisnande utsikt \u00f6ver omgivningarna. Total uppslukning i den kanariska naturen.<\/li>\n\n\n\n<li><strong>Lago Marti\u00e1nez:<\/strong> ett fritidscenter med <strong>tropiska tr\u00e4dg\u00e5rdar<\/strong> som gr\u00e4nsar till en konstgjord lagun som mynnar ut i Atlanten.<\/li>\n<\/ul>\n\n<figure class=\"wp-block-image size-large\"><img decoding=\"async\" src=\"https:\/\/photos.smugmug.com\/Canarias-Lovers\/Tenerife\/Puerto-de-la-Cruz\/Ville\/i-4MBzzbF\/0\/MgWDFLgfq472WSL379pM2pSS5KPZRSngwCSRJ4Rj9\/L\/lago-martianez-tenerife-1-L.jpg\" alt=\"Lago Marti&#xE1;nez, Puerto de la Cruz, Teneriffa\"\/><figcaption class=\"wp-element-caption\">Lago Marti\u00e1nez<\/figcaption><\/figure>\n\n<h2 class=\"wp-block-heading\"><span class=\"ez-toc-section\" id=\"Andra_tradgardar_runt_Puerto_de_la_Cruz\"><\/span>Andra tr\u00e4dg\u00e5rdar runt Puerto de la Cruz<span class=\"ez-toc-section-end\"><\/span><\/h2>\n\n<ul class=\"wp-block-list\">\n<li><strong>Gardens of the Marquis de la Quinta Roja<\/strong>, i grannstaden La Orotava, \u00e4r ett enast\u00e5ende exempel p\u00e5 en historisk botanisk tr\u00e4dg\u00e5rd med exotiska v\u00e4xter, nyklassicistiska arkitektoniska detaljer och panoramautsikt.  <br\/>Det \u00e4r <strong>15 minuters bilresa<\/strong> fr\u00e5n Puerto de la Cruz centrum.<\/li>\n<\/ul>\n\n<figure class=\"wp-block-image size-large\"><img decoding=\"async\" src=\"https:\/\/photos.smugmug.com\/Canarias-Lovers\/Tenerife\/La-Orotava\/Jardin-Marquesado-de-la-Quinta-Roja\/i-c3DwM57\/0\/M5t4gDwnp68Lb62PVJb6CrFRJmbRbcnCrxn2sFp7g\/L\/Jardines-Marquesado-L.jpg\" alt=\"Tr&#xE4;dg&#xE5;rdarna till Marquis de la Quinta Roja i La Orotava, Teneriffa\"\/><figcaption class=\"wp-element-caption\">Tr\u00e4dg\u00e5rdarna i Marquis de la Quinta Roja i La Orotava<\/figcaption><\/figure>\n\n<h2 class=\"wp-block-heading\"><span class=\"ez-toc-section\" id=\"Vanliga_fragor_och_svar\"><\/span>Vanliga fr\u00e5gor och svar<span class=\"ez-toc-section-end\"><\/span><\/h2>\n\n<h3 class=\"wp-block-heading\">Finns det guidade turer i tr\u00e4dg\u00e5rdarna i Puerto de la Cruz?<\/h3>\n\n<p>Vi hittade inga guidade turer som uteslutande \u00e4gnas \u00e5t tr\u00e4dg\u00e5rdarna i Puerto de la Cruz, men vissa stadsturer inkluderar ett bes\u00f6k i n\u00e5gra av tr\u00e4dg\u00e5rdarna. <a href=\"https:\/\/www.getyourguide.se\/puerto-de-la-cruz-espagne-l4994\/puerto-de-la-cruz-visite-a-pied-privee-de-la-vieille-ville-t730469\/?partner_id=R3GYW4V&amp;cmp=CAL\" target=\"_blank\" rel=\"noreferrer noopener sponsored nofollow\">Se priser, bilder och tillg\u00e4nglighet<\/a>.<\/p>\n\n<figure class=\"wp-block-image size-large\"><img decoding=\"async\" src=\"https:\/\/photos.smugmug.com\/Canarias-Lovers\/Tenerife\/Puerto-de-la-Cruz\/Jardins\/Jardin-Botanico\/i-q343vhG\/0\/LQPVgVzpRGBM4qfQFQ87qVPXhRbzdnf27hhTgRqwh\/L\/small-alley-jardin-orotava-tenerife-L.jpg\" alt=\"g&#xE5; i en tr&#xE4;dg&#xE5;rd\"\/><\/figure>\n\n<div style=\"margin-top:8%;margin-bottom:8%\" class=\"wp-block-genesis-blocks-gb-container box gb-block-container\"><div class=\"gb-container-inside\"><div class=\"gb-container-content\" style=\"max-width:700px\">\n<div class=\"wp-block-genesis-blocks-gb-container box_titre gb-block-container\"><div class=\"gb-container-inside\"><div class=\"gb-container-content\">\n<h5 class=\"titre_box\"><span>PLANERA<\/span> DIN RESA TILL <span class=\"titre_box_manuscrit\">tenerife<\/span><\/h5>\n<\/div><\/div><\/div>\n\n\n\n<hr class=\"wp-block-separator has-text-color has-alpha-channel-opacity has-background is-style-wide hr-box-planif\" style=\"background-color:#ccd3dd;color:#ccd3dd\"\/>\n\n\n\n<div class=\"wp-block-columns box_sans_border is-layout-flex wp-container-core-columns-is-layout-9d6595d7 wp-block-columns-is-layout-flex\">\n<div class=\"wp-block-column texte_planif is-layout-flow wp-block-column-is-layout-flow\" style=\"font-size:14px;flex-basis:60%\">\n<ul class=\"wp-block-list\">\n<li><strong>B\u00e4st av<\/strong><\/li>\n<\/ul>\n\n\n\n<p class=\"ul_box\" style=\"font-size:14px\"><a href=\"https:\/\/canarias-lovers.com\/sv\/sevardheter-teneriffa-att-gora\/\" target=\"_blank\" rel=\"noreferrer noopener\">Vad man kan g\u00f6ra p\u00e5 Teneriffa<\/a><br\/><a href=\"https:\/\/canarias-lovers.com\/sv\/basta-staderna-teneriffa-byarna\/\" target=\"_blank\" rel=\"noreferrer noopener\">De vackraste st\u00e4derna och byarna<\/a><br\/><a href=\"https:\/\/canarias-lovers.com\/sv\/basta-stranderna-teneriffa\/\" target=\"_blank\" rel=\"noreferrer noopener\">De vackraste str\u00e4nderna<\/a><br\/><a href=\"https:\/\/canarias-lovers.com\/sv\/naturliga-pooler-teneriffa-laguner\/\" target=\"_blank\" rel=\"noreferrer noopener\">B\u00e4sta naturliga pooler<\/a><br\/><a href=\"https:\/\/canarias-lovers.com\/sv\/landskap-teneriffa-foton\/\" target=\"_blank\" rel=\"noreferrer noopener\">De vackraste landskapen<\/a><br\/><a href=\"https:\/\/canarias-lovers.com\/sv\/vackraste-vagarna-teneriffa\/\" target=\"_blank\" rel=\"noreferrer noopener\">De vackraste v\u00e4garna<\/a><br\/><a data-type=\"post\" data-id=\"6866\" href=\"https:\/\/canarias-lovers.com\/sv\/temaparker-teneriffa\/\" target=\"_blank\" rel=\"noreferrer noopener\">N\u00f6jesparker<\/a><br\/><a href=\"https:\/\/canarias-lovers.com\/sv\/basta-utflykter-teneriffa\/\" type=\"post\" id=\"8548\" target=\"_blank\" rel=\"noreferrer noopener\">B\u00e4sta utflykterna p\u00e5 Teneriffa<\/a><\/p>\n<\/div>\n\n\n\n<div class=\"wp-block-column is-vertically-aligned-top planif-radius is-layout-flow wp-block-column-is-layout-flow\" style=\"flex-basis:40%\">\n<figure class=\"wp-block-image size-large img-portrait\"><img decoding=\"async\" src=\"https:\/\/photos.smugmug.com\/Canarias-Lovers\/Tenerife\/Best-of\/i-pvFVTGs\/0\/0848ad4a\/S\/parc-national-teide-tenerife-S.jpg\" alt=\"Teide nationalpark p&#xE5; Teneriffa\" title=\"\"\/><\/figure>\n<\/div>\n<\/div>\n\n\n\n<hr class=\"wp-block-separator has-text-color has-alpha-channel-opacity has-background is-style-wide hr-box-planif\" style=\"background-color:#ccd3dd;color:#ccd3dd\"\/>\n\n\n\n<div class=\"wp-block-columns box_sans_border is-layout-flex wp-container-core-columns-is-layout-9d6595d7 wp-block-columns-is-layout-flex\">\n<div class=\"wp-block-column texte_planif is-layout-flow wp-block-column-is-layout-flow\" style=\"flex-basis:60%\">\n<ul class=\"wp-block-list\">\n<li><strong>Praktiska r\u00e5d<\/strong><\/li>\n<\/ul>\n\n\n\n<p style=\"font-size:14px\"><a data-type=\"post\" data-id=\"5907\" href=\"https:\/\/canarias-lovers.com\/sv\/reseguide-teneriffa-resetips\/\" target=\"_blank\" rel=\"noreferrer noopener\">25 tips f\u00f6r en lyckad resa till Teneriffa<\/a><br\/><a data-type=\"post\" data-id=\"6143\" href=\"https:\/\/canarias-lovers.com\/sv\/ta-sig-runt-teneriffa-transport\/\" target=\"_blank\" rel=\"noreferrer noopener\">Hur man tar sig runt<\/a><br\/><a data-type=\"post\" data-id=\"2175\" href=\"https:\/\/canarias-lovers.com\/sv\/hur-hyr-bil-teneriffa-tips-erfarenhet\/\" target=\"_blank\" rel=\"noreferrer noopener\">Hur man hyr en bil p\u00e5 Teneriffa<\/a><br\/><a data-type=\"post\" data-id=\"5963\" href=\"https:\/\/canarias-lovers.com\/sv\/conduire-tenerife-conseils\/\" target=\"_blank\" rel=\"noreferrer noopener\">Tips f\u00f6r k\u00f6rning<\/a><br\/>B\u00e4sta utflykter (kommer snart)<br\/><a data-type=\"post\" data-id=\"5908\" href=\"https:\/\/canarias-lovers.com\/sv\/var-ska-bo-teneriffa-basta-omradena\/\" target=\"_blank\" rel=\"noreferrer noopener\">Var du kan bo p\u00e5 Teneriffa<\/a><br\/>Resplaner: 3 dagar &#8211; 4 dagar &#8211; <a href=\"https:\/\/canarias-lovers.com\/sv\/besok-5-dagar-teneriffa-resvagar\/\" target=\"_blank\" rel=\"noreferrer noopener\">5 dagar <\/a>&#8211; <a href=\"https:\/\/canarias-lovers.com\/sv\/besok-6-dagar-teneriffa-resvagar\/\" target=\"_blank\" rel=\"noreferrer noopener\">6 dagar<\/a> &#8211; <a href=\"https:\/\/canarias-lovers.com\/sv\/besok-teneriffa-en-vecka-resvagar\/\" target=\"_blank\" rel=\"noreferrer noopener\">1 vecka <\/a>&#8211; <a href=\"https:\/\/canarias-lovers.com\/sv\/besok-10-dagar-teneriffa-resplan\/\" target=\"_blank\" rel=\"noreferrer noopener\">10 dagar<\/a><\/p>\n<\/div>\n\n\n\n<div class=\"wp-block-column is-vertically-aligned-top planif-radius is-layout-flow wp-block-column-is-layout-flow\" style=\"flex-basis:40%\">\n<figure class=\"wp-block-image size-large img-portrait\"><img decoding=\"async\" src=\"https:\/\/photos.smugmug.com\/Canarias-Lovers\/Tenerife\/Driving\/i-hrSHvkb\/1\/565a5a58\/S\/tenerife-rental-car-driving-3-S.jpg\" alt=\"Hyrbil Teneriffa\" title=\"\"\/><\/figure>\n<\/div>\n<\/div>\n\n\n\n<hr class=\"wp-block-separator has-text-color has-alpha-channel-opacity has-background is-style-wide hr-box-planif\" style=\"background-color:#ccd3dd;color:#ccd3dd\"\/>\n\n\n\n<div class=\"wp-block-columns box_sans_border is-layout-flex wp-container-core-columns-is-layout-9d6595d7 wp-block-columns-is-layout-flex\">\n<div class=\"wp-block-column texte_planif is-layout-flow wp-block-column-is-layout-flow\" style=\"flex-basis:60%\">\n<ul class=\"wp-block-list\">\n<li><strong>Det du m\u00e5ste ha<\/strong><\/li>\n<\/ul>\n\n\n\n<p style=\"font-size:14px\"><a href=\"https:\/\/canarias-lovers.com\/sv\/delfinspotting-teneriffa-baleiner-utflykter\/\" target=\"_blank\" rel=\"noreferrer noopener\">Delfinsk\u00e5dning p\u00e5 Teneriffa<\/a><br\/><a data-type=\"post\" data-id=\"5913\" href=\"https:\/\/canarias-lovers.com\/sv\/nationalpark-teide-teneriffa-sevardheter-tips\/\" target=\"_blank\" rel=\"noreferrer noopener\">Teide nationalpark<\/a><br\/>Anaga landsbygdspark (kommer snart)<br\/><a href=\"https:\/\/canarias-lovers.com\/sv\/sevardheter-la-orotava-teneriffa-att-gora\/\" target=\"_blank\" rel=\"noreferrer noopener\">La Orotava<\/a><br\/><a data-type=\"post\" data-id=\"4663\" href=\"https:\/\/canarias-lovers.com\/sv\/sevardheter-garachico-teneriffa-att-gora\/\" target=\"_blank\" rel=\"noreferrer noopener\">Garachico<\/a><br\/><a href=\"https:\/\/canarias-lovers.com\/sv\/sevardheter-masca-teneriffa-att-gora\/\" target=\"_blank\" rel=\"noreferrer noopener\">Byn Masca<\/a><br\/><a href=\"https:\/\/canarias-lovers.com\/sv\/visiter-pyramides-guimar-tenerife-2\/\" target=\"_blank\" rel=\"noreferrer noopener\">Pyramiderna i G\u00fcimar<\/a><br\/><br\/><\/p>\n<\/div>\n\n\n\n<div class=\"wp-block-column is-vertically-aligned-top planif-radius is-layout-flow wp-block-column-is-layout-flow\" style=\"flex-basis:40%\">\n<figure class=\"wp-block-image size-large img-portrait\"><img decoding=\"async\" src=\"https:\/\/photos.smugmug.com\/Canarias-Lovers\/Tenerife\/Best-of\/i-wQrB5Lp\/0\/0bf54665\/S\/tenerife-dauphins-1-S.jpg\" alt=\"Delfin p&#xE5; Teneriffa\" title=\"\"\/><\/figure>\n<\/div>\n<\/div>\n\n\n\n<div style=\"height:30px\" aria-hidden=\"true\" class=\"wp-block-spacer\"><\/div>\n<\/div><\/div><\/div>\n\n<div class=\"wp-block-genesis-blocks-gb-container box_auteur_voyage gb-block-container\"><div class=\"gb-container-inside\"><div class=\"gb-container-content\">\n<figure class=\"wp-block-image size-large img_auteur_voyage img_provisoire\"><a href=\"https:\/\/canarias-lovers.com\/sv\/claire-robinson\/\" target=\"_blank\" rel=\"noreferrer noopener\"><img decoding=\"async\" src=\"https:\/\/photos.smugmug.com\/Region-Lovers\/Equipe\/i-nsNF6C6\/0\/Cs2F5n96pkt9xFD9D3SVqmQspMhrKgN75nHgBqmjG\/L\/Claire-L.png\" alt=\"\"\/><\/a><\/figure>\n\n\n\n<h5 class=\"titre_auteur_voyage\"><span>HON KLARADE RESAN <\/span><span class=\"titre_box_manuscrit\">Claire<\/span><\/h5>\n<\/div><\/div><\/div>\n\n<div class=\"wp-block-genesis-blocks-gb-container box_auteur_voyage gb-block-container\"><div class=\"gb-container-inside\"><div class=\"gb-container-content\">\n<figure class=\"wp-block-image size-large img_auteur_voyage img_provisoire img_severine\"><a href=\"https:\/\/canarias-lovers.com\/sv\/severine-harzo\/\" target=\"_blank\" rel=\"noreferrer noopener\"><img decoding=\"async\" src=\"https:\/\/photos.smugmug.com\/Region-Lovers\/Equipe\/i-gFtV6Dq\/0\/C6RSrhKpdND9MjrwpgnJSBdMhs3jLBgbGtBgdHX2x\/L\/severine-2-L.jpg\" alt=\"\" style=\"object-fit:cover\"\/><\/a><\/figure>\n\n\n\n<h5 class=\"titre_auteur_voyage\"><span>HON SKREV ARTIKELN \n <\/span><span class=\"titre_box_manuscrit\">S\u00e8verine<\/span><\/h5>\n<\/div><\/div><\/div>\n\n<p><\/p>\n","protected":false},"excerpt":{"rendered":"<p>Puerto de la Cruz ligger i hj\u00e4rtat av\u00f6n Teneriffa, badande iAtlanten och smekande av passadvindarna, och h\u00e4r finns botaniska skatter av s\u00e4llsynt prakt. Denna kuststad, d\u00e4r det subtropiska klimatet m\u00f6ter de svala h\u00f6jderna p\u00e5 berget Teide, erbjuder de perfekta f\u00f6ruts\u00e4ttningarna f\u00f6r att extraordin\u00e4ra tr\u00e4dg\u00e5rdar ska blomstra. I den h\u00e4r artikeln bjuder vi in dig att [&hellip;]<\/p>\n","protected":false},"author":6,"featured_media":4931,"comment_status":"closed","ping_status":"closed","sticky":false,"template":"","format":"standard","meta":{"_genesis_hide_title":false,"_genesis_hide_breadcrumbs":false,"_genesis_hide_singular_image":false,"_genesis_hide_footer_widgets":false,"_genesis_custom_body_class":"","_genesis_custom_post_class":"","_genesis_layout":"","footnotes":""},"categories":[47],"tags":[],"class_list":{"0":"post-4998","1":"post","2":"type-post","3":"status-publish","4":"format-standard","5":"has-post-thumbnail","7":"category-teneriffa","8":"entry"},"yoast_head":"<!-- This site is optimized with the Yoast SEO plugin v27.2 - https:\/\/yoast.com\/product\/yoast-seo-wordpress\/ -->\n<title>6 b\u00e4sta tr\u00e4dg\u00e5rdarna i Puerto de la Cruz (Teneriffa): tips<\/title>\n<meta name=\"description\" content=\"Uppt\u00e4ck v\u00e5rt urval av de b\u00e4sta tr\u00e4dg\u00e5rdarna i Puerto de la Cruz, Teneriffa (foton och tips): jardin botanico, playa jardin\" \/>\n<meta name=\"robots\" content=\"index, follow, max-snippet:-1, max-image-preview:large, max-video-preview:-1\" \/>\n<link rel=\"canonical\" href=\"https:\/\/canarias-lovers.com\/sv\/basta-tradgardarna-puerto-de-la-cruz-teneriffa\/\" \/>\n<meta property=\"og:locale\" content=\"sv_SE\" \/>\n<meta property=\"og:type\" content=\"article\" \/>\n<meta property=\"og:title\" content=\"6 b\u00e4sta tr\u00e4dg\u00e5rdarna i Puerto de la Cruz (Teneriffa): tips\" \/>\n<meta property=\"og:description\" content=\"Uppt\u00e4ck v\u00e5rt urval av de b\u00e4sta tr\u00e4dg\u00e5rdarna i Puerto de la Cruz, Teneriffa (foton och tips): jardin botanico, playa jardin\" \/>\n<meta property=\"og:url\" content=\"https:\/\/canarias-lovers.com\/sv\/basta-tradgardarna-puerto-de-la-cruz-teneriffa\/\" \/>\n<meta property=\"og:site_name\" content=\"Canarias Lovers: Tenerife + Gran Canaria\" \/>\n<meta property=\"article:published_time\" content=\"2024-10-24T10:20:05+00:00\" \/>\n<meta property=\"article:modified_time\" content=\"2025-02-13T12:26:54+00:00\" \/>\n<meta property=\"og:image\" content=\"https:\/\/canarias-lovers.com\/wp-content\/uploads\/2024\/10\/meilleurs-jardins-puerto-cruz-tenerife-8.jpg\" \/>\n\t<meta property=\"og:image:width\" content=\"800\" \/>\n\t<meta property=\"og:image:height\" content=\"600\" \/>\n\t<meta property=\"og:image:type\" content=\"image\/jpeg\" \/>\n<meta name=\"author\" content=\"S\u00e8verine\" \/>\n<meta name=\"twitter:card\" content=\"summary_large_image\" \/>\n<meta name=\"twitter:label1\" content=\"Skriven av\" \/>\n\t<meta name=\"twitter:data1\" content=\"S\u00e8verine\" \/>\n\t<meta name=\"twitter:label2\" content=\"Ber\u00e4knad l\u00e4stid\" \/>\n\t<meta name=\"twitter:data2\" content=\"10 minuter\" \/>\n<script type=\"application\/ld+json\" class=\"yoast-schema-graph\">{\"@context\":\"https:\/\/schema.org\",\"@graph\":[{\"@type\":\"Article\",\"@id\":\"https:\/\/canarias-lovers.com\/sv\/basta-tradgardarna-puerto-de-la-cruz-teneriffa\/#article\",\"isPartOf\":{\"@id\":\"https:\/\/canarias-lovers.com\/sv\/basta-tradgardarna-puerto-de-la-cruz-teneriffa\/\"},\"author\":{\"name\":\"S\u00e8verine\",\"@id\":\"https:\/\/canarias-lovers.com\/sv\/#\/schema\/person\/9332388f4e589358490482beed472444\"},\"headline\":\"6 b\u00e4sta tr\u00e4dg\u00e5rdarna i Puerto de la Cruz (Teneriffa): tips\",\"datePublished\":\"2024-10-24T10:20:05+00:00\",\"dateModified\":\"2025-02-13T12:26:54+00:00\",\"mainEntityOfPage\":{\"@id\":\"https:\/\/canarias-lovers.com\/sv\/basta-tradgardarna-puerto-de-la-cruz-teneriffa\/\"},\"wordCount\":2054,\"publisher\":{\"@id\":\"https:\/\/canarias-lovers.com\/sv\/#organization\"},\"image\":{\"@id\":\"https:\/\/canarias-lovers.com\/sv\/basta-tradgardarna-puerto-de-la-cruz-teneriffa\/#primaryimage\"},\"thumbnailUrl\":\"https:\/\/canarias-lovers.com\/wp-content\/uploads\/2024\/10\/meilleurs-jardins-puerto-cruz-tenerife-8.jpg\",\"articleSection\":[\"Teneriffa\"],\"inLanguage\":\"sv-SE\"},{\"@type\":\"WebPage\",\"@id\":\"https:\/\/canarias-lovers.com\/sv\/basta-tradgardarna-puerto-de-la-cruz-teneriffa\/\",\"url\":\"https:\/\/canarias-lovers.com\/sv\/basta-tradgardarna-puerto-de-la-cruz-teneriffa\/\",\"name\":\"6 b\u00e4sta tr\u00e4dg\u00e5rdarna i Puerto de la Cruz (Teneriffa): tips\",\"isPartOf\":{\"@id\":\"https:\/\/canarias-lovers.com\/sv\/#website\"},\"primaryImageOfPage\":{\"@id\":\"https:\/\/canarias-lovers.com\/sv\/basta-tradgardarna-puerto-de-la-cruz-teneriffa\/#primaryimage\"},\"image\":{\"@id\":\"https:\/\/canarias-lovers.com\/sv\/basta-tradgardarna-puerto-de-la-cruz-teneriffa\/#primaryimage\"},\"thumbnailUrl\":\"https:\/\/canarias-lovers.com\/wp-content\/uploads\/2024\/10\/meilleurs-jardins-puerto-cruz-tenerife-8.jpg\",\"datePublished\":\"2024-10-24T10:20:05+00:00\",\"dateModified\":\"2025-02-13T12:26:54+00:00\",\"description\":\"Uppt\u00e4ck v\u00e5rt urval av de b\u00e4sta tr\u00e4dg\u00e5rdarna i Puerto de la Cruz, Teneriffa (foton och tips): jardin botanico, playa jardin\",\"breadcrumb\":{\"@id\":\"https:\/\/canarias-lovers.com\/sv\/basta-tradgardarna-puerto-de-la-cruz-teneriffa\/#breadcrumb\"},\"inLanguage\":\"sv-SE\",\"potentialAction\":[{\"@type\":\"ReadAction\",\"target\":[\"https:\/\/canarias-lovers.com\/sv\/basta-tradgardarna-puerto-de-la-cruz-teneriffa\/\"]}]},{\"@type\":\"ImageObject\",\"inLanguage\":\"sv-SE\",\"@id\":\"https:\/\/canarias-lovers.com\/sv\/basta-tradgardarna-puerto-de-la-cruz-teneriffa\/#primaryimage\",\"url\":\"https:\/\/canarias-lovers.com\/wp-content\/uploads\/2024\/10\/meilleurs-jardins-puerto-cruz-tenerife-8.jpg\",\"contentUrl\":\"https:\/\/canarias-lovers.com\/wp-content\/uploads\/2024\/10\/meilleurs-jardins-puerto-cruz-tenerife-8.jpg\",\"width\":800,\"height\":600,\"caption\":\"b\u00e4sta tr\u00e4dg\u00e5rdarna i Puerto de la Cruz, tenerife\"},{\"@type\":\"BreadcrumbList\",\"@id\":\"https:\/\/canarias-lovers.com\/sv\/basta-tradgardarna-puerto-de-la-cruz-teneriffa\/#breadcrumb\",\"itemListElement\":[{\"@type\":\"ListItem\",\"position\":1,\"name\":\"Accueil\",\"item\":\"https:\/\/canarias-lovers.com\/sv\/\"},{\"@type\":\"ListItem\",\"position\":2,\"name\":\"Teneriffa\",\"item\":\"https:\/\/canarias-lovers.com\/sv\/teneriffa\/\"},{\"@type\":\"ListItem\",\"position\":3,\"name\":\"6 b\u00e4sta tr\u00e4dg\u00e5rdarna i Puerto de la Cruz (Teneriffa): tips\"}]},{\"@type\":\"WebSite\",\"@id\":\"https:\/\/canarias-lovers.com\/sv\/#website\",\"url\":\"https:\/\/canarias-lovers.com\/sv\/\",\"name\":\"Canarias Lovers: Tenerife + Gran Canaria\",\"description\":\"Claire och Manu's blogg\",\"publisher\":{\"@id\":\"https:\/\/canarias-lovers.com\/sv\/#organization\"},\"potentialAction\":[{\"@type\":\"SearchAction\",\"target\":{\"@type\":\"EntryPoint\",\"urlTemplate\":\"https:\/\/canarias-lovers.com\/sv\/?s={search_term_string}\"},\"query-input\":{\"@type\":\"PropertyValueSpecification\",\"valueRequired\":true,\"valueName\":\"search_term_string\"}}],\"inLanguage\":\"sv-SE\"},{\"@type\":\"Organization\",\"@id\":\"https:\/\/canarias-lovers.com\/sv\/#organization\",\"name\":\"Canarias Lovers: Tenerife + Gran Canaria\",\"url\":\"https:\/\/canarias-lovers.com\/sv\/\",\"logo\":{\"@type\":\"ImageObject\",\"inLanguage\":\"sv-SE\",\"@id\":\"https:\/\/canarias-lovers.com\/sv\/#\/schema\/logo\/image\/\",\"url\":\"https:\/\/canarias-lovers.com\/wp-content\/uploads\/2024\/05\/cropped-Canarias-Lovers-Logo.png\",\"contentUrl\":\"https:\/\/canarias-lovers.com\/wp-content\/uploads\/2024\/05\/cropped-Canarias-Lovers-Logo.png\",\"width\":2635,\"height\":595,\"caption\":\"Canarias Lovers: Tenerife + Gran Canaria\"},\"image\":{\"@id\":\"https:\/\/canarias-lovers.com\/sv\/#\/schema\/logo\/image\/\"}},{\"@type\":\"Person\",\"@id\":\"https:\/\/canarias-lovers.com\/sv\/#\/schema\/person\/9332388f4e589358490482beed472444\",\"name\":\"S\u00e8verine\",\"image\":{\"@type\":\"ImageObject\",\"inLanguage\":\"sv-SE\",\"@id\":\"https:\/\/secure.gravatar.com\/avatar\/6d0d7a36298d05d1ff1079e571d7d76b1f551a3865fc37447d2c3ac79eadf069?s=96&d=mm&r=g\",\"url\":\"https:\/\/secure.gravatar.com\/avatar\/6d0d7a36298d05d1ff1079e571d7d76b1f551a3865fc37447d2c3ac79eadf069?s=96&d=mm&r=g\",\"contentUrl\":\"https:\/\/secure.gravatar.com\/avatar\/6d0d7a36298d05d1ff1079e571d7d76b1f551a3865fc37447d2c3ac79eadf069?s=96&d=mm&r=g\",\"caption\":\"S\u00e8verine\"},\"sameAs\":[\"https:\/\/canarias-lovers.com\/severine-harzo\/\"],\"url\":\"https:\/\/canarias-lovers.com\/sv\/author\/severine\/\"}]}<\/script>\n<!-- \/ Yoast SEO plugin. -->","yoast_head_json":{"title":"6 b\u00e4sta tr\u00e4dg\u00e5rdarna i Puerto de la Cruz (Teneriffa): tips","description":"Uppt\u00e4ck v\u00e5rt urval av de b\u00e4sta tr\u00e4dg\u00e5rdarna i Puerto de la Cruz, Teneriffa (foton och tips): jardin botanico, playa jardin","robots":{"index":"index","follow":"follow","max-snippet":"max-snippet:-1","max-image-preview":"max-image-preview:large","max-video-preview":"max-video-preview:-1"},"canonical":"https:\/\/canarias-lovers.com\/sv\/basta-tradgardarna-puerto-de-la-cruz-teneriffa\/","og_locale":"sv_SE","og_type":"article","og_title":"6 b\u00e4sta tr\u00e4dg\u00e5rdarna i Puerto de la Cruz (Teneriffa): tips","og_description":"Uppt\u00e4ck v\u00e5rt urval av de b\u00e4sta tr\u00e4dg\u00e5rdarna i Puerto de la Cruz, Teneriffa (foton och tips): jardin botanico, playa jardin","og_url":"https:\/\/canarias-lovers.com\/sv\/basta-tradgardarna-puerto-de-la-cruz-teneriffa\/","og_site_name":"Canarias Lovers: Tenerife + Gran Canaria","article_published_time":"2024-10-24T10:20:05+00:00","article_modified_time":"2025-02-13T12:26:54+00:00","og_image":[{"width":800,"height":600,"url":"https:\/\/canarias-lovers.com\/wp-content\/uploads\/2024\/10\/meilleurs-jardins-puerto-cruz-tenerife-8.jpg","type":"image\/jpeg"}],"author":"S\u00e8verine","twitter_card":"summary_large_image","twitter_misc":{"Skriven av":"S\u00e8verine","Ber\u00e4knad l\u00e4stid":"10 minuter"},"schema":{"@context":"https:\/\/schema.org","@graph":[{"@type":"Article","@id":"https:\/\/canarias-lovers.com\/sv\/basta-tradgardarna-puerto-de-la-cruz-teneriffa\/#article","isPartOf":{"@id":"https:\/\/canarias-lovers.com\/sv\/basta-tradgardarna-puerto-de-la-cruz-teneriffa\/"},"author":{"name":"S\u00e8verine","@id":"https:\/\/canarias-lovers.com\/sv\/#\/schema\/person\/9332388f4e589358490482beed472444"},"headline":"6 b\u00e4sta tr\u00e4dg\u00e5rdarna i Puerto de la Cruz (Teneriffa): tips","datePublished":"2024-10-24T10:20:05+00:00","dateModified":"2025-02-13T12:26:54+00:00","mainEntityOfPage":{"@id":"https:\/\/canarias-lovers.com\/sv\/basta-tradgardarna-puerto-de-la-cruz-teneriffa\/"},"wordCount":2054,"publisher":{"@id":"https:\/\/canarias-lovers.com\/sv\/#organization"},"image":{"@id":"https:\/\/canarias-lovers.com\/sv\/basta-tradgardarna-puerto-de-la-cruz-teneriffa\/#primaryimage"},"thumbnailUrl":"https:\/\/canarias-lovers.com\/wp-content\/uploads\/2024\/10\/meilleurs-jardins-puerto-cruz-tenerife-8.jpg","articleSection":["Teneriffa"],"inLanguage":"sv-SE"},{"@type":"WebPage","@id":"https:\/\/canarias-lovers.com\/sv\/basta-tradgardarna-puerto-de-la-cruz-teneriffa\/","url":"https:\/\/canarias-lovers.com\/sv\/basta-tradgardarna-puerto-de-la-cruz-teneriffa\/","name":"6 b\u00e4sta tr\u00e4dg\u00e5rdarna i Puerto de la Cruz (Teneriffa): tips","isPartOf":{"@id":"https:\/\/canarias-lovers.com\/sv\/#website"},"primaryImageOfPage":{"@id":"https:\/\/canarias-lovers.com\/sv\/basta-tradgardarna-puerto-de-la-cruz-teneriffa\/#primaryimage"},"image":{"@id":"https:\/\/canarias-lovers.com\/sv\/basta-tradgardarna-puerto-de-la-cruz-teneriffa\/#primaryimage"},"thumbnailUrl":"https:\/\/canarias-lovers.com\/wp-content\/uploads\/2024\/10\/meilleurs-jardins-puerto-cruz-tenerife-8.jpg","datePublished":"2024-10-24T10:20:05+00:00","dateModified":"2025-02-13T12:26:54+00:00","description":"Uppt\u00e4ck v\u00e5rt urval av de b\u00e4sta tr\u00e4dg\u00e5rdarna i Puerto de la Cruz, Teneriffa (foton och tips): jardin botanico, playa jardin","breadcrumb":{"@id":"https:\/\/canarias-lovers.com\/sv\/basta-tradgardarna-puerto-de-la-cruz-teneriffa\/#breadcrumb"},"inLanguage":"sv-SE","potentialAction":[{"@type":"ReadAction","target":["https:\/\/canarias-lovers.com\/sv\/basta-tradgardarna-puerto-de-la-cruz-teneriffa\/"]}]},{"@type":"ImageObject","inLanguage":"sv-SE","@id":"https:\/\/canarias-lovers.com\/sv\/basta-tradgardarna-puerto-de-la-cruz-teneriffa\/#primaryimage","url":"https:\/\/canarias-lovers.com\/wp-content\/uploads\/2024\/10\/meilleurs-jardins-puerto-cruz-tenerife-8.jpg","contentUrl":"https:\/\/canarias-lovers.com\/wp-content\/uploads\/2024\/10\/meilleurs-jardins-puerto-cruz-tenerife-8.jpg","width":800,"height":600,"caption":"b\u00e4sta tr\u00e4dg\u00e5rdarna i Puerto de la Cruz, tenerife"},{"@type":"BreadcrumbList","@id":"https:\/\/canarias-lovers.com\/sv\/basta-tradgardarna-puerto-de-la-cruz-teneriffa\/#breadcrumb","itemListElement":[{"@type":"ListItem","position":1,"name":"Accueil","item":"https:\/\/canarias-lovers.com\/sv\/"},{"@type":"ListItem","position":2,"name":"Teneriffa","item":"https:\/\/canarias-lovers.com\/sv\/teneriffa\/"},{"@type":"ListItem","position":3,"name":"6 b\u00e4sta tr\u00e4dg\u00e5rdarna i Puerto de la Cruz (Teneriffa): tips"}]},{"@type":"WebSite","@id":"https:\/\/canarias-lovers.com\/sv\/#website","url":"https:\/\/canarias-lovers.com\/sv\/","name":"Canarias Lovers: Tenerife + Gran Canaria","description":"Claire och Manu's blogg","publisher":{"@id":"https:\/\/canarias-lovers.com\/sv\/#organization"},"potentialAction":[{"@type":"SearchAction","target":{"@type":"EntryPoint","urlTemplate":"https:\/\/canarias-lovers.com\/sv\/?s={search_term_string}"},"query-input":{"@type":"PropertyValueSpecification","valueRequired":true,"valueName":"search_term_string"}}],"inLanguage":"sv-SE"},{"@type":"Organization","@id":"https:\/\/canarias-lovers.com\/sv\/#organization","name":"Canarias Lovers: Tenerife + Gran Canaria","url":"https:\/\/canarias-lovers.com\/sv\/","logo":{"@type":"ImageObject","inLanguage":"sv-SE","@id":"https:\/\/canarias-lovers.com\/sv\/#\/schema\/logo\/image\/","url":"https:\/\/canarias-lovers.com\/wp-content\/uploads\/2024\/05\/cropped-Canarias-Lovers-Logo.png","contentUrl":"https:\/\/canarias-lovers.com\/wp-content\/uploads\/2024\/05\/cropped-Canarias-Lovers-Logo.png","width":2635,"height":595,"caption":"Canarias Lovers: Tenerife + Gran Canaria"},"image":{"@id":"https:\/\/canarias-lovers.com\/sv\/#\/schema\/logo\/image\/"}},{"@type":"Person","@id":"https:\/\/canarias-lovers.com\/sv\/#\/schema\/person\/9332388f4e589358490482beed472444","name":"S\u00e8verine","image":{"@type":"ImageObject","inLanguage":"sv-SE","@id":"https:\/\/secure.gravatar.com\/avatar\/6d0d7a36298d05d1ff1079e571d7d76b1f551a3865fc37447d2c3ac79eadf069?s=96&d=mm&r=g","url":"https:\/\/secure.gravatar.com\/avatar\/6d0d7a36298d05d1ff1079e571d7d76b1f551a3865fc37447d2c3ac79eadf069?s=96&d=mm&r=g","contentUrl":"https:\/\/secure.gravatar.com\/avatar\/6d0d7a36298d05d1ff1079e571d7d76b1f551a3865fc37447d2c3ac79eadf069?s=96&d=mm&r=g","caption":"S\u00e8verine"},"sameAs":["https:\/\/canarias-lovers.com\/severine-harzo\/"],"url":"https:\/\/canarias-lovers.com\/sv\/author\/severine\/"}]}},"featured_image_src":"https:\/\/canarias-lovers.com\/wp-content\/uploads\/2024\/10\/meilleurs-jardins-puerto-cruz-tenerife-8-600x400.jpg","featured_image_src_square":"https:\/\/canarias-lovers.com\/wp-content\/uploads\/2024\/10\/meilleurs-jardins-puerto-cruz-tenerife-8-600x600.jpg","author_info":{"display_name":"S\u00e8verine","author_link":"https:\/\/canarias-lovers.com\/sv\/author\/severine\/"},"_links":{"self":[{"href":"https:\/\/canarias-lovers.com\/sv\/wp-json\/wp\/v2\/posts\/4998","targetHints":{"allow":["GET"]}}],"collection":[{"href":"https:\/\/canarias-lovers.com\/sv\/wp-json\/wp\/v2\/posts"}],"about":[{"href":"https:\/\/canarias-lovers.com\/sv\/wp-json\/wp\/v2\/types\/post"}],"author":[{"embeddable":true,"href":"https:\/\/canarias-lovers.com\/sv\/wp-json\/wp\/v2\/users\/6"}],"replies":[{"embeddable":true,"href":"https:\/\/canarias-lovers.com\/sv\/wp-json\/wp\/v2\/comments?post=4998"}],"version-history":[{"count":0,"href":"https:\/\/canarias-lovers.com\/sv\/wp-json\/wp\/v2\/posts\/4998\/revisions"}],"wp:featuredmedia":[{"embeddable":true,"href":"https:\/\/canarias-lovers.com\/sv\/wp-json\/wp\/v2\/media\/4931"}],"wp:attachment":[{"href":"https:\/\/canarias-lovers.com\/sv\/wp-json\/wp\/v2\/media?parent=4998"}],"wp:term":[{"taxonomy":"category","embeddable":true,"href":"https:\/\/canarias-lovers.com\/sv\/wp-json\/wp\/v2\/categories?post=4998"},{"taxonomy":"post_tag","embeddable":true,"href":"https:\/\/canarias-lovers.com\/sv\/wp-json\/wp\/v2\/tags?post=4998"}],"curies":[{"name":"wp","href":"https:\/\/api.w.org\/{rel}","templated":true}]}}