{"id":3837,"date":"2024-09-10T13:48:42","date_gmt":"2024-09-10T13:48:42","guid":{"rendered":"https:\/\/canarias-lovers.com\/que-faire-teror-gran-canaria-besokare\/"},"modified":"2024-09-13T06:57:38","modified_gmt":"2024-09-13T06:57:38","slug":"sevardheter-teror-gran-canaria-att-gora","status":"publish","type":"post","link":"https:\/\/canarias-lovers.com\/sv\/sevardheter-teror-gran-canaria-att-gora\/","title":{"rendered":"8 sev\u00e4rdheter i Teror (Gran Canaria) + foton"},"content":{"rendered":"\n<p>\u00c4r du p\u00e5 semester p\u00e5 Gran Canaria? Bes\u00f6k det inre av \u00f6n och den lilla staden Teror. Vi blev f\u00f6rtjusta i den vackra basilikan och den pittoreska historiska stadsk\u00e4rnan. Du kommer ocks\u00e5 att bli f\u00f6rf\u00f6rd av den trevliga marknaden och parfymmuseet.<\/p>\n\n<p>H\u00e4r \u00e4r v\u00e5r guide till de <strong>platser som du m\u00e5ste se<\/strong> i Teror p\u00e5 \u00f6n Gran Canaria och n\u00e5gra anv\u00e4ndbara tips f\u00f6r att planera ditt bes\u00f6k.<\/p>\n\n<figure class=\"wp-block-image size-full\"><img decoding=\"async\" src=\"https:\/\/canarias-lovers.com\/wp-content\/uploads\/2024\/09\/sevardheter-teror-gran-canaria-att-gora.jpg\" alt=\"que-faire-teror-gran-canaria-visiter-incontournable\" class=\"wp-image-3808\"\/><\/figure>\n\n<p>Detta \u00e4r en helt <strong>oberoende<\/strong> \u00e5sikt, baserad p\u00e5 v\u00e5r egen erfarenhet. Vi bes\u00f6kte regionen anonymt, gjorde v\u00e5ra egna val och betalade v\u00e5ra r\u00e4kningar till fullo.<\/p>\n\n<div style=\"padding-left:5%\" class=\"wp-block-genesis-blocks-gb-container box gb-block-container\"><div class=\"gb-container-inside\"><div class=\"gb-container-content\">\n<p class=\"titre_box_manuscrit\">Inneh\u00e5ll<\/p>\n\n\n<div id=\"ez-toc-container\" class=\"ez-toc-v2_0_82_1 counter-hierarchy ez-toc-counter ez-toc-custom ez-toc-container-direction\">\n<div class=\"ez-toc-title-container\">\n<span class=\"ez-toc-title-toggle\"><\/span><\/div>\n<nav><ul class='ez-toc-list ez-toc-list-level-1 ' ><li class='ez-toc-page-1 ez-toc-heading-level-2'><a class=\"ez-toc-link ez-toc-heading-1\" href=\"https:\/\/canarias-lovers.com\/sv\/sevardheter-teror-gran-canaria-att-gora\/#Ar_Teror_vart_ett_besok\" >\u00c4r Teror v\u00e4rt ett bes\u00f6k?<\/a><\/li><li class='ez-toc-page-1 ez-toc-heading-level-2'><a class=\"ez-toc-link ez-toc-heading-2\" href=\"https:\/\/canarias-lovers.com\/sv\/sevardheter-teror-gran-canaria-att-gora\/#1_Besok_basilikan_Nuestra_Senora_del_Pino\" >1. Bes\u00f6k basilikan Nuestra Se\u00f1ora del Pino<\/a><\/li><li class='ez-toc-page-1 ez-toc-heading-level-2'><a class=\"ez-toc-link ez-toc-heading-3\" href=\"https:\/\/canarias-lovers.com\/sv\/sevardheter-teror-gran-canaria-att-gora\/#2_Prova_chorizobrodet_pa_Mercadillo_de_Teror\" >2. Prova chorizobr\u00f6det p\u00e5 Mercadillo de Teror<\/a><\/li><li class='ez-toc-page-1 ez-toc-heading-level-2'><a class=\"ez-toc-link ez-toc-heading-4\" href=\"https:\/\/canarias-lovers.com\/sv\/sevardheter-teror-gran-canaria-att-gora\/#3_Promenera_genom_de_smala_gatorna_i_den_historiska_stadskarnan\" >3. Promenera genom de smala gatorna i den historiska stadsk\u00e4rnan<\/a><\/li><li class='ez-toc-page-1 ez-toc-heading-level-2'><a class=\"ez-toc-link ez-toc-heading-5\" href=\"https:\/\/canarias-lovers.com\/sv\/sevardheter-teror-gran-canaria-att-gora\/#4_Beundra_vackra_monument\" >4. Beundra vackra monument<\/a><\/li><li class='ez-toc-page-1 ez-toc-heading-level-2'><a class=\"ez-toc-link ez-toc-heading-6\" href=\"https:\/\/canarias-lovers.com\/sv\/sevardheter-teror-gran-canaria-att-gora\/#5_Plaza_de_la_Alameda\" >5. Plaza de la Alameda<\/a><\/li><li class='ez-toc-page-1 ez-toc-heading-level-2'><a class=\"ez-toc-link ez-toc-heading-7\" href=\"https:\/\/canarias-lovers.com\/sv\/sevardheter-teror-gran-canaria-att-gora\/#6_Upptack_Plaza_Teresa_de_Bolivar\" >6. Uppt\u00e4ck Plaza Teresa de Bol\u00edvar<\/a><\/li><li class='ez-toc-page-1 ez-toc-heading-level-2'><a class=\"ez-toc-link ez-toc-heading-8\" href=\"https:\/\/canarias-lovers.com\/sv\/sevardheter-teror-gran-canaria-att-gora\/#7_Kann_dofterna_fran_Kanarieoarna_pa_Museo_del_Perfume\" >7. K\u00e4nn dofterna fr\u00e5n Kanarie\u00f6arna p\u00e5 Museo del Perfume<\/a><\/li><li class='ez-toc-page-1 ez-toc-heading-level-2'><a class=\"ez-toc-link ez-toc-heading-9\" href=\"https:\/\/canarias-lovers.com\/sv\/sevardheter-teror-gran-canaria-att-gora\/#8_Klattring_till_Cruz_de_los_Caidos\" >8. Kl\u00e4ttring till Cruz de los Ca\u00eddos<\/a><\/li><li class='ez-toc-page-1 ez-toc-heading-level-2'><a class=\"ez-toc-link ez-toc-heading-10\" href=\"https:\/\/canarias-lovers.com\/sv\/sevardheter-teror-gran-canaria-att-gora\/#Andra_sevardheter_i_och_runt_Teror\" >Andra sev\u00e4rdheter i och runt Teror<\/a><\/li><li class='ez-toc-page-1 ez-toc-heading-level-2'><a class=\"ez-toc-link ez-toc-heading-11\" href=\"https:\/\/canarias-lovers.com\/sv\/sevardheter-teror-gran-canaria-att-gora\/#Hur_man_tar_sig_till_Teror_parkeringsplats\" >Hur man tar sig till Teror + parkeringsplats<\/a><\/li><li class='ez-toc-page-1 ez-toc-heading-level-2'><a class=\"ez-toc-link ez-toc-heading-12\" href=\"https:\/\/canarias-lovers.com\/sv\/sevardheter-teror-gran-canaria-att-gora\/#Anvandbara_tips_for_att_besoka_Teror\" >Anv\u00e4ndbara tips f\u00f6r att bes\u00f6ka Teror<\/a><\/li><\/ul><\/nav><\/div>\n\n<\/div><\/div><\/div>\n\n<h2 class=\"wp-block-heading\"><span class=\"ez-toc-section\" id=\"Ar_Teror_vart_ett_besok\"><\/span>\u00c4r Teror v\u00e4rt ett bes\u00f6k?  <span class=\"ez-toc-section-end\"><\/span><\/h2>\n\n<p>Ja, Teror \u00e4r v\u00e4l v\u00e4rt ett bes\u00f6k. Vi tyckte att den lilla staden var charmig! Den ligger i h\u00f6glandet norr om <a href=\"https:\/\/canarias-lovers.com\/sv\/sevardheter-gran-canaria-att-gora\/\" target=\"_blank\" rel=\"noreferrer noopener\">Gran Canaria<\/a> och \u00e4r k\u00e4nd f\u00f6r sitt historiska och religi\u00f6sa arv. H\u00e4r kan du beundra Basilica de Nuestra Se\u00f1ora del Pino, vackra sm\u00e5 gator och f\u00e4rgglada hus. Teror \u00e4r ocks\u00e5 k\u00e4nt f\u00f6r sitt chorizobr\u00f6d, som du kan prova p\u00e5 marknaden.<\/p>\n\n<p>Det h\u00e4r \u00e4r en av de <a href=\"https:\/\/canarias-lovers.com\/sv\/basta-staderna-gran-canaria-byarna\/\" target=\"_blank\" rel=\"noreferrer noopener\">vackraste byarna p\u00e5 Gran Canaria<\/a>!<\/p>\n\n<p>Om du inte har bil kan du uppt\u00e4cka Teror och det inre av \u00f6n p\u00e5 en <a href=\"https:\/\/www.getyourguide.se\/grande-canarie-l418\/gran-canaria-7-beauty-small-group-tour-tapas-picnic-inclus-t521658\/?partner_id=R3GYW4V&amp;cmp=CAL\" target=\"_blank\" rel=\"noreferrer noopener sponsored nofollow\">organiserad tur<\/a> fr\u00e5n Las Palmas eller Maspalomas.<\/p>\n\n<h2 class=\"wp-block-heading\"><span class=\"ez-toc-section\" id=\"1_Besok_basilikan_Nuestra_Senora_del_Pino\"><\/span>1. Bes\u00f6k basilikan Nuestra Se\u00f1ora del Pino<span class=\"ez-toc-section-end\"><\/span><\/h2>\n\n<figure class=\"wp-block-image size-large\"><img decoding=\"async\" src=\"https:\/\/photos.smugmug.com\/Canarias-Lovers\/Gran-Canaria\/Teror\/i-4nh65S7\/0\/M7grrjLn85vCGqx2zz2QxJDDrXV27wn2PwMwGLLgv\/L\/gran-canaria-teror-basilica-1-L.jpg\" alt=\"Teror - Basilika, fasad\"\/><\/figure>\n\n<p>Vi imponerades av majest\u00e4tet i Basilica de Nuestra Se\u00f1ora del Pino s\u00e5 snart vi anl\u00e4nde till Terors huvudtorg. Denna imponerande kyrka, till\u00e4gnad Gran Canarias skyddshelgon, \u00e4r en blandning av barock och neoklassicism. Fasaden av vulkanisk sten och det rosa tornet \u00e4r ett riktigt blickf\u00e5ng.<\/p>\n\n<figure class=\"wp-block-image size-large\"><img decoding=\"async\" src=\"https:\/\/photos.smugmug.com\/Canarias-Lovers\/Gran-Canaria\/Teror\/i-CDFvDD7\/0\/NLM8CR6LhRwtmVDcngWJGczDB7KRnSNVZqgpk9Qd7\/L\/gran-canaria-teror-basilica-interieur-L.jpg\" alt=\"Teror - Basilika i interi&#xF6;r\"\/><\/figure>\n\n<p>P\u00e5 insidan betraktade vi den v\u00f6rdnadsv\u00e4rda statyn av Jungfrun av Le Pin. Missa inte de f\u00f6rgyllda altartavlorna och v\u00e4ggm\u00e5lningarna som ber\u00e4ttar om helgonens historier. Vi blev s\u00e4rskilt ber\u00f6rda av den lugna atmosf\u00e4r som r\u00e5der i denna byggnad.<\/p>\n\n<ul class=\"wp-block-list\">\n<li>\u00d6ppettider: M\u00e5ndag kl. 15.30-20.00, tisdag-fredag kl. 09.00-13.00 och 15.30-20.00, l\u00f6rdag kl. 09.00-20.00, s\u00f6ndag kl. 08.00-20.00<\/li>\n\n\n\n<li>Fri entr\u00e9<\/li>\n<\/ul>\n\n<div style=\"background-color:#fefefe;margin-top:6%;margin-bottom:6%\" class=\"wp-block-genesis-blocks-gb-container box gb-block-container\"><div class=\"gb-container-inside\"><div class=\"gb-container-content\" style=\"max-width:700px\">\n<div class=\"wp-block-columns inverse is-layout-flex wp-container-core-columns-is-layout-9d6595d7 wp-block-columns-is-layout-flex\">\n<div class=\"wp-block-column texte_planif is-layout-flow wp-block-column-is-layout-flow\" style=\"flex-basis:58%\">\n<h5 class=\"titre_box\">LITE MER <span class=\"titre_box_manuscrit\">t\u00e5lamod<\/span><\/h5>\n\n\n\n<p style=\"font-size:14px\">Alla foton, kartor, information och anv\u00e4ndbara adresser som du beh\u00f6ver f\u00f6r att f\u00e5 ut det mesta av <strong>din vistelse p\u00e5 Kanarie\u00f6arna<\/strong> kommer <strong>snart<\/strong> att finnas tillg\u00e4ngliga i en enda e-bok!<\/p>\n\n\n\n<p style=\"font-size:14px\">Om du vill f\u00e5 information n\u00e4r v\u00e5r <strong>guide till Kanarie\u00f6arna<\/strong> publiceras, registrera dig:<\/p>\n\n\n<script>\nvar gform;gform||(document.addEventListener(\"gform_main_scripts_loaded\",function(){gform.scriptsLoaded=!0}),document.addEventListener(\"gform\/theme\/scripts_loaded\",function(){gform.themeScriptsLoaded=!0}),window.addEventListener(\"DOMContentLoaded\",function(){gform.domLoaded=!0}),gform={domLoaded:!1,scriptsLoaded:!1,themeScriptsLoaded:!1,isFormEditor:()=>\"function\"==typeof InitializeEditor,callIfLoaded:function(o){return!(!gform.domLoaded||!gform.scriptsLoaded||!gform.themeScriptsLoaded&&!gform.isFormEditor()||(gform.isFormEditor()&&console.warn(\"The use of gform.initializeOnLoaded() is deprecated in the form editor context and will be removed in Gravity Forms 3.1.\"),o(),0))},initializeOnLoaded:function(o){gform.callIfLoaded(o)||(document.addEventListener(\"gform_main_scripts_loaded\",()=>{gform.scriptsLoaded=!0,gform.callIfLoaded(o)}),document.addEventListener(\"gform\/theme\/scripts_loaded\",()=>{gform.themeScriptsLoaded=!0,gform.callIfLoaded(o)}),window.addEventListener(\"DOMContentLoaded\",()=>{gform.domLoaded=!0,gform.callIfLoaded(o)}))},hooks:{action:{},filter:{}},addAction:function(o,r,e,t){gform.addHook(\"action\",o,r,e,t)},addFilter:function(o,r,e,t){gform.addHook(\"filter\",o,r,e,t)},doAction:function(o){gform.doHook(\"action\",o,arguments)},applyFilters:function(o){return gform.doHook(\"filter\",o,arguments)},removeAction:function(o,r){gform.removeHook(\"action\",o,r)},removeFilter:function(o,r,e){gform.removeHook(\"filter\",o,r,e)},addHook:function(o,r,e,t,n){null==gform.hooks[o][r]&&(gform.hooks[o][r]=[]);var d=gform.hooks[o][r];null==n&&(n=r+\"_\"+d.length),gform.hooks[o][r].push({tag:n,callable:e,priority:t=null==t?10:t})},doHook:function(r,o,e){var t;if(e=Array.prototype.slice.call(e,1),null!=gform.hooks[r][o]&&((o=gform.hooks[r][o]).sort(function(o,r){return o.priority-r.priority}),o.forEach(function(o){\"function\"!=typeof(t=o.callable)&&(t=window[t]),\"action\"==r?t.apply(null,e):e[0]=t.apply(null,e)})),\"filter\"==r)return e[0]},removeHook:function(o,r,t,n){var e;null!=gform.hooks[o][r]&&(e=(e=gform.hooks[o][r]).filter(function(o,r,e){return!!(null!=n&&n!=o.tag||null!=t&&t!=o.priority)}),gform.hooks[o][r]=e)}});\n<\/script>\n\n                <div class='gf_browser_gecko gform_wrapper gform-theme gform-theme--foundation gform-theme--framework gform-theme--orbital' data-form-theme='orbital' data-form-index='0' id='gform_wrapper_2' ><style>#gform_wrapper_2[data-form-index=\"0\"].gform-theme,[data-parent-form=\"2_0\"]{--gf-color-primary: #204ce5;--gf-color-primary-rgb: 32, 76, 229;--gf-color-primary-contrast: #fff;--gf-color-primary-contrast-rgb: 255, 255, 255;--gf-color-primary-darker: #001AB3;--gf-color-primary-lighter: #527EFF;--gf-color-secondary: #fff;--gf-color-secondary-rgb: 255, 255, 255;--gf-color-secondary-contrast: #112337;--gf-color-secondary-contrast-rgb: 17, 35, 55;--gf-color-secondary-darker: #F5F5F5;--gf-color-secondary-lighter: #FFFFFF;--gf-color-out-ctrl-light: rgba(17, 35, 55, 0.1);--gf-color-out-ctrl-light-rgb: 17, 35, 55;--gf-color-out-ctrl-light-darker: rgba(104, 110, 119, 0.35);--gf-color-out-ctrl-light-lighter: #F5F5F5;--gf-color-out-ctrl-dark: #585e6a;--gf-color-out-ctrl-dark-rgb: 88, 94, 106;--gf-color-out-ctrl-dark-darker: #112337;--gf-color-out-ctrl-dark-lighter: rgba(17, 35, 55, 0.65);--gf-color-in-ctrl: #fff;--gf-color-in-ctrl-rgb: 255, 255, 255;--gf-color-in-ctrl-contrast: #112337;--gf-color-in-ctrl-contrast-rgb: 17, 35, 55;--gf-color-in-ctrl-darker: #F5F5F5;--gf-color-in-ctrl-lighter: #FFFFFF;--gf-color-in-ctrl-primary: #204ce5;--gf-color-in-ctrl-primary-rgb: 32, 76, 229;--gf-color-in-ctrl-primary-contrast: #fff;--gf-color-in-ctrl-primary-contrast-rgb: 255, 255, 255;--gf-color-in-ctrl-primary-darker: #001AB3;--gf-color-in-ctrl-primary-lighter: #527EFF;--gf-color-in-ctrl-light: rgba(17, 35, 55, 0.1);--gf-color-in-ctrl-light-rgb: 17, 35, 55;--gf-color-in-ctrl-light-darker: rgba(104, 110, 119, 0.35);--gf-color-in-ctrl-light-lighter: #F5F5F5;--gf-color-in-ctrl-dark: #585e6a;--gf-color-in-ctrl-dark-rgb: 88, 94, 106;--gf-color-in-ctrl-dark-darker: #112337;--gf-color-in-ctrl-dark-lighter: rgba(17, 35, 55, 0.65);--gf-radius: 3px;--gf-font-size-secondary: 14px;--gf-font-size-tertiary: 13px;--gf-icon-ctrl-number: url(\"data:image\/svg+xml,%3Csvg width='8' height='14' viewBox='0 0 8 14' fill='none' xmlns='http:\/\/www.w3.org\/2000\/svg'%3E%3Cpath fill-rule='evenodd' clip-rule='evenodd' d='M4 0C4.26522 5.96046e-08 4.51957 0.105357 4.70711 0.292893L7.70711 3.29289C8.09763 3.68342 8.09763 4.31658 7.70711 4.70711C7.31658 5.09763 6.68342 5.09763 6.29289 4.70711L4 2.41421L1.70711 4.70711C1.31658 5.09763 0.683417 5.09763 0.292893 4.70711C-0.0976311 4.31658 -0.097631 3.68342 0.292893 3.29289L3.29289 0.292893C3.48043 0.105357 3.73478 0 4 0ZM0.292893 9.29289C0.683417 8.90237 1.31658 8.90237 1.70711 9.29289L4 11.5858L6.29289 9.29289C6.68342 8.90237 7.31658 8.90237 7.70711 9.29289C8.09763 9.68342 8.09763 10.3166 7.70711 10.7071L4.70711 13.7071C4.31658 14.0976 3.68342 14.0976 3.29289 13.7071L0.292893 10.7071C-0.0976311 10.3166 -0.0976311 9.68342 0.292893 9.29289Z' fill='rgba(17, 35, 55, 0.65)'\/%3E%3C\/svg%3E\");--gf-icon-ctrl-select: url(\"data:image\/svg+xml,%3Csvg width='10' height='6' viewBox='0 0 10 6' fill='none' xmlns='http:\/\/www.w3.org\/2000\/svg'%3E%3Cpath fill-rule='evenodd' clip-rule='evenodd' d='M0.292893 0.292893C0.683417 -0.097631 1.31658 -0.097631 1.70711 0.292893L5 3.58579L8.29289 0.292893C8.68342 -0.0976311 9.31658 -0.0976311 9.70711 0.292893C10.0976 0.683417 10.0976 1.31658 9.70711 1.70711L5.70711 5.70711C5.31658 6.09763 4.68342 6.09763 4.29289 5.70711L0.292893 1.70711C-0.0976311 1.31658 -0.0976311 0.683418 0.292893 0.292893Z' fill='rgba(17, 35, 55, 0.65)'\/%3E%3C\/svg%3E\");--gf-icon-ctrl-search: url(\"data:image\/svg+xml,%3Csvg width='640' height='640' xmlns='http:\/\/www.w3.org\/2000\/svg'%3E%3Cpath d='M256 128c-70.692 0-128 57.308-128 128 0 70.691 57.308 128 128 128 70.691 0 128-57.309 128-128 0-70.692-57.309-128-128-128zM64 256c0-106.039 85.961-192 192-192s192 85.961 192 192c0 41.466-13.146 79.863-35.498 111.248l154.125 154.125c12.496 12.496 12.496 32.758 0 45.254s-32.758 12.496-45.254 0L367.248 412.502C335.862 434.854 297.467 448 256 448c-106.039 0-192-85.962-192-192z' fill='rgba(17, 35, 55, 0.65)'\/%3E%3C\/svg%3E\");--gf-label-space-y-secondary: var(--gf-label-space-y-md-secondary);--gf-ctrl-border-color: #686e77;--gf-ctrl-size: var(--gf-ctrl-size-md);--gf-ctrl-label-color-primary: #112337;--gf-ctrl-label-color-secondary: #112337;--gf-ctrl-choice-size: var(--gf-ctrl-choice-size-md);--gf-ctrl-checkbox-check-size: var(--gf-ctrl-checkbox-check-size-md);--gf-ctrl-radio-check-size: var(--gf-ctrl-radio-check-size-md);--gf-ctrl-btn-font-size: var(--gf-ctrl-btn-font-size-md);--gf-ctrl-btn-padding-x: var(--gf-ctrl-btn-padding-x-md);--gf-ctrl-btn-size: var(--gf-ctrl-btn-size-md);--gf-ctrl-btn-border-color-secondary: #686e77;--gf-ctrl-file-btn-bg-color-hover: #EBEBEB;--gf-field-img-choice-size: var(--gf-field-img-choice-size-md);--gf-field-img-choice-card-space: var(--gf-field-img-choice-card-space-md);--gf-field-img-choice-check-ind-size: var(--gf-field-img-choice-check-ind-size-md);--gf-field-img-choice-check-ind-icon-size: var(--gf-field-img-choice-check-ind-icon-size-md);--gf-field-pg-steps-number-color: rgba(17, 35, 55, 0.8);}<\/style><form method='post' enctype='multipart\/form-data'  id='gform_2'  action='\/sv\/wp-json\/wp\/v2\/posts\/3837' data-formid='2' novalidate> \r\n <input type='hidden' class='gforms-pum' value='{\"closepopup\":false,\"closedelay\":0,\"openpopup\":false,\"openpopup_id\":0}' \/>\n                        <div class='gform-body gform_body'><div id='gform_fields_2' class='gform_fields top_label form_sublabel_below description_below validation_below'><div id=\"field_2_1\" class=\"gfield gfield--type-website gfield--input-type-website field_sublabel_below gfield--no-description field_description_below field_validation_below gfield_visibility_hidden\"  ><div class=\"admin-hidden-markup\"><i class=\"gform-icon gform-icon--hidden\" aria-hidden=\"true\" title=\"Detta f\u00e4lt \u00e4r dolt n\u00e4r formul\u00e4ret visas\"><\/i><span>Detta f\u00e4lt \u00e4r dolt n\u00e4r formul\u00e4ret visas<\/span><\/div><label class='gfield_label gform-field-label' for='input_2_1'>Site Web<\/label><div class='ginput_container ginput_container_website'>\n                    <input name='input_1' id='input_2_1' type='url' value='https:\/\/canarias-lovers.com\/sv\/wp-json\/wp\/v2\/posts\/3837' class='large'    placeholder='https:\/\/'  aria-invalid=\"false\" \/>\n                <\/div><\/div><div id=\"field_2_3\" class=\"gfield gfield--type-email gfield--input-type-email gfield--width-full gfield_contains_required field_sublabel_below gfield--no-description field_description_below hidden_label field_validation_below gfield_visibility_visible\"  ><label class='gfield_label gform-field-label' for='input_2_3'>E-mail<span class=\"gfield_required\"><span class=\"gfield_required gfield_required_text\">(Obligatoriskt)<\/span><\/span><\/label><div class='ginput_container ginput_container_email'>\n                            <input name='input_3' id='input_2_3' type='email' value='' class='large'    aria-required=\"true\" aria-invalid=\"false\"  \/>\n                        <\/div><\/div><\/div><\/div>\n        <div class='gform-footer gform_footer top_label'> <input type='submit' id='gform_submit_button_2' class='gform_button button' onclick='gform.submission.handleButtonClick(this);' data-submission-type='submit' value='Prenumerera'  \/> \n            <input type='hidden' class='gform_hidden' name='gform_submission_method' data-js='gform_submission_method_2' value='postback' \/>\n            <input type='hidden' class='gform_hidden' name='gform_theme' data-js='gform_theme_2' id='gform_theme_2' value='orbital' \/>\n            <input type='hidden' class='gform_hidden' name='gform_style_settings' data-js='gform_style_settings_2' id='gform_style_settings_2' value='{&quot;inputPrimaryColor&quot;:&quot;#204ce5&quot;}' \/>\n            <input type='hidden' class='gform_hidden' name='is_submit_2' value='1' \/>\n            <input type='hidden' class='gform_hidden' name='gform_submit' value='2' \/>\n            \n            <input type='hidden' class='gform_hidden' name='gform_currency' data-currency='EUR' value='3pa3q8EqQRFllkairwe6c9KEtl2iPeO5N0otBdAOBeMw8YQ5WCCCPgLKvWnDSWhCSaqyoKOxSIaHDm+xKXqEeKUxGpRCnF5L9FAPD294189Swqw=' \/>\n            <input type='hidden' class='gform_hidden' name='gform_unique_id' value='' \/>\n            <input type='hidden' class='gform_hidden' name='state_2' value='WyJbXSIsImYwNjdmM2RlZjkzZGI5YjM2NWY4ZmY4ZDRhNWY0OGY0Il0=' \/>\n            <input type='hidden' autocomplete='off' class='gform_hidden' name='gform_target_page_number_2' id='gform_target_page_number_2' value='0' \/>\n            <input type='hidden' autocomplete='off' class='gform_hidden' name='gform_source_page_number_2' id='gform_source_page_number_2' value='1' \/>\n            <input type='hidden' name='gform_field_values' value='' \/>\n            \n        <\/div>\n                        <\/form>\n                        <\/div><script>\ngform.initializeOnLoaded( function() {gformInitSpinner( 2, 'https:\/\/canarias-lovers.com\/wp-content\/plugins\/gravityforms\/images\/spinner.svg', false );jQuery('#gform_ajax_frame_2').on('load',function(){var contents = jQuery(this).contents().find('*').html();var is_postback = contents.indexOf('GF_AJAX_POSTBACK') >= 0;if(!is_postback){return;}var form_content = jQuery(this).contents().find('#gform_wrapper_2');var is_confirmation = jQuery(this).contents().find('#gform_confirmation_wrapper_2').length > 0;var is_redirect = contents.indexOf('gformRedirect(){') >= 0;var is_form = form_content.length > 0 && ! is_redirect && ! is_confirmation;var mt = parseInt(jQuery('html').css('margin-top'), 10) + parseInt(jQuery('body').css('margin-top'), 10) + 100;if(is_form){jQuery('#gform_wrapper_2').html(form_content.html());if(form_content.hasClass('gform_validation_error')){jQuery('#gform_wrapper_2').addClass('gform_validation_error');} else {jQuery('#gform_wrapper_2').removeClass('gform_validation_error');}setTimeout( function() { \/* delay the scroll by 50 milliseconds to fix a bug in chrome *\/  }, 50 );if(window['gformInitDatepicker']) {gformInitDatepicker();}if(window['gformInitPriceFields']) {gformInitPriceFields();}var current_page = jQuery('#gform_source_page_number_2').val();gformInitSpinner( 2, 'https:\/\/canarias-lovers.com\/wp-content\/plugins\/gravityforms\/images\/spinner.svg', false );jQuery(document).trigger('gform_page_loaded', [2, current_page]);window['gf_submitting_2'] = false;}else if(!is_redirect){var confirmation_content = jQuery(this).contents().find('.GF_AJAX_POSTBACK').html();if(!confirmation_content){confirmation_content = contents;}jQuery('#gform_wrapper_2').replaceWith(confirmation_content);jQuery(document).trigger('gform_confirmation_loaded', [2]);window['gf_submitting_2'] = false;wp.a11y.speak(jQuery('#gform_confirmation_message_2').text());}else{jQuery('#gform_2').append(contents);if(window['gformRedirect']) {gformRedirect();}}jQuery(document).trigger(\"gform_pre_post_render\", [{ formId: \"2\", currentPage: \"current_page\", abort: function() { this.preventDefault(); } }]);        if (event && event.defaultPrevented) {                return;        }        const gformWrapperDiv = document.getElementById( \"gform_wrapper_2\" );        if ( gformWrapperDiv ) {            const visibilitySpan = document.createElement( \"span\" );            visibilitySpan.id = \"gform_visibility_test_2\";            gformWrapperDiv.insertAdjacentElement( \"afterend\", visibilitySpan );        }        const visibilityTestDiv = document.getElementById( \"gform_visibility_test_2\" );        let postRenderFired = false;        function triggerPostRender() {            if ( postRenderFired ) {                return;            }            postRenderFired = true;            gform.core.triggerPostRenderEvents( 2, current_page );            if ( visibilityTestDiv ) {                visibilityTestDiv.parentNode.removeChild( visibilityTestDiv );            }        }        function debounce( func, wait, immediate ) {            var timeout;            return function() {                var context = this, args = arguments;                var later = function() {                    timeout = null;                    if ( !immediate ) func.apply( context, args );                };                var callNow = immediate && !timeout;                clearTimeout( timeout );                timeout = setTimeout( later, wait );                if ( callNow ) func.apply( context, args );            };        }        const debouncedTriggerPostRender = debounce( function() {            triggerPostRender();        }, 200 );        if ( visibilityTestDiv && visibilityTestDiv.offsetParent === null ) {            const observer = new MutationObserver( ( mutations ) => {                mutations.forEach( ( mutation ) => {                    if ( mutation.type === 'attributes' && visibilityTestDiv.offsetParent !== null ) {                        debouncedTriggerPostRender();                        observer.disconnect();                    }                });            });            observer.observe( document.body, {                attributes: true,                childList: false,                subtree: true,                attributeFilter: [ 'style', 'class' ],            });        } else {            triggerPostRender();        }    } );} );\n<\/script>\n<\/div>\n\n\n\n<div class=\"wp-block-column is-layout-flow wp-block-column-is-layout-flow\" style=\"flex-basis:42%\">\n<div class=\"wp-block-genesis-blocks-gb-container ebook-radius-waitlist gb-block-container\"><div class=\"gb-container-inside\"><div class=\"gb-container-content\"><div class=\"wp-block-image ebook-image\">\n<figure class=\"aligncenter size-large\"><img decoding=\"async\" src=\"https:\/\/loirelovers.fr\/wp-content\/uploads\/2023\/03\/ebooks_CorseNormandie_FR.png\" alt=\"Box Ebook Korsika FR\"\/><\/figure>\n<\/div><\/div><\/div><\/div>\n<\/div>\n<\/div>\n<\/div><\/div><\/div>\n\n<h2 class=\"wp-block-heading\"><span class=\"ez-toc-section\" id=\"2_Prova_chorizobrodet_pa_Mercadillo_de_Teror\"><\/span>2. Prova chorizobr\u00f6det p\u00e5 Mercadillo de Teror<span class=\"ez-toc-section-end\"><\/span><\/h2>\n\n<figure class=\"wp-block-image size-large\"><img decoding=\"async\" src=\"https:\/\/photos.smugmug.com\/Canarias-Lovers\/Gran-Canaria\/Teror\/i-cjRHfz4\/0\/K7RgWv7CrKR7vdHhXh2TdHfLTRJx7rZH73gQQBmgk\/L\/gran-canaria-teror-marche-1-L.jpg\" alt=\"Teror - Gata med marknadsst&#xE5;nd, basilika i bakgrunden\"\/><\/figure>\n\n<p>Mercadillo de Teror \u00e4r den perfekta platsen f\u00f6r att prova en lokal specialitet, chorizobr\u00f6d, en br\u00f6dskiva gjord med hemlagad chorizo. Vi tyckte att mellanm\u00e5let var gott, men kanske lite torrt. Men atmosf\u00e4ren p\u00e5 marknaden \u00e4r v\u00e4rd avledningsman\u00f6vern, den \u00e4r autentisk.<\/p>\n\n<figure class=\"wp-block-image size-large\"><img decoding=\"async\" src=\"https:\/\/photos.smugmug.com\/Canarias-Lovers\/Gran-Canaria\/Teror\/i-MmM6GGN\/0\/K88V3fchvkKpPfC86prHqmTVmXmW29HRSpfPqkdsv\/L\/gran-canaria-teror-pain-chorizo-L.jpg\" alt=\"Teror - Br&#xF6;d och chorizo\"\/><\/figure>\n\n<p>F\u00f6rutom denna specialitet hittar du lokala produkter som honung, ost och hantverk. Det \u00e4r ett utm\u00e4rkt tillf\u00e4lle att uppt\u00e4cka Kanarie\u00f6arnas gastronomi och uppleva atmosf\u00e4ren p\u00e5 en traditionell marknad. V\u00e4nligheten p\u00e5 <em>mercadillo<\/em> och kvaliteten p\u00e5 de produkter som erbjuds gjorde v\u00e5rt bes\u00f6k s\u00e4rskilt trevligt.<\/p>\n\n<ul class=\"wp-block-list\">\n<li>Marknadsdag: S\u00f6ndag<\/li>\n\n\n\n<li>\u00d6ppettider: 8.00-2.00<\/li>\n\n\n\n<li>Plats: runt basilikan<\/li>\n<\/ul>\n\n<h2 class=\"wp-block-heading\"><span class=\"ez-toc-section\" id=\"3_Promenera_genom_de_smala_gatorna_i_den_historiska_stadskarnan\"><\/span>3. Promenera genom de smala gatorna i den historiska stadsk\u00e4rnan<span class=\"ez-toc-section-end\"><\/span><\/h2>\n\n<figure class=\"wp-block-image size-large\"><img decoding=\"async\" src=\"https:\/\/photos.smugmug.com\/Canarias-Lovers\/Gran-Canaria\/Teror\/i-SqxrcCt\/0\/KqRF55X9G9c74NJ3jL59M66DBzKNvdbB8W3Gq5HBv\/L\/gran-canaria-teror-rue-2-L.jpg\" alt=\"Teror - Ruelle\"\/><\/figure>\n\n<p>Vi charmades av autenticiteten i de smala gatorna i Terors historiska centrum. De \u00e4r kantade av f\u00e4rgglada hus och inbjuder till promenader. Typiska tr\u00e4balkonger, utsmyckade fasader och blomsterfyllda uteplatser skapar en pittoresk milj\u00f6. N\u00e4r vi vandrade runt uppt\u00e4ckte vi skuggiga torg, gamla font\u00e4ner och lokala hantverksbutiker. Ta dig tid att titta p\u00e5 detaljerna i byggnaderna, till exempel de snidade d\u00f6rrarna och j\u00e4rnverket. Denna vandring kastade oss in i atmosf\u00e4ren i en of\u00f6rst\u00f6rd kanarisk stad.<\/p>\n\n<figure class=\"wp-block-image size-large\"><img decoding=\"async\" src=\"https:\/\/photos.smugmug.com\/Canarias-Lovers\/Gran-Canaria\/Teror\/i-7bLKV9c\/0\/LP8vnSj8ZPb67DbMtBRZwxFWpnPpL6QQfLh5vbhCN\/L\/gran-canaria-teror-balcon-L.jpg\" alt=\"Teror - Balkong\"\/><\/figure>\n\n<div style=\"margin-top:8%;margin-bottom:8%\" class=\"wp-block-genesis-blocks-gb-container box gb-block-container\"><div class=\"gb-container-inside\"><div class=\"gb-container-content\">\n<div class=\"wp-block-columns inverse box_planif is-layout-flex wp-container-core-columns-is-layout-9d6595d7 wp-block-columns-is-layout-flex\">\n<div class=\"wp-block-column texte_planif is-layout-flow wp-block-column-is-layout-flow\" style=\"flex-basis:60%\">\n<h5 class=\"titre_box\" style=\"padding-top:10px;\">V\u00c5RT R\u00c5D F\u00d6R ATT HYRRA EN BIL P\u00c5 <span class=\"titre_box_manuscrit\">Gran Canaria<\/span><\/h5>\n\n\n\n<ul class=\"wp-block-list\" style=\"font-size:14px\">\n<li>J\u00e4mf\u00f6r priser p\u00e5 v\u00e5r f\u00f6redragna plattform: <a href=\"https:\/\/www.discovercars.com\/se\/spain-canary-islands\/gran-canaria?a_aid=zigzag&amp;chan=CAL\" target=\"_blank\" rel=\"noreferrer noopener sponsored nofollow\">DiscoverCars<\/a> &#8211; en av de b\u00e4st rankade webbplatserna.<\/li>\n\n\n\n<li>Om du planerar att utforska bergen ska du inte ta de <strong>minsta bilarna<\/strong>. En kraftfullare motor kommer att vara mer bekv\u00e4m.<\/li>\n\n\n\n<li>Men ta inte heller en f\u00f6r stor bil, eftersom vissa av v\u00e4garna \u00e4r smala.<\/li>\n\n\n\n<li>Det \u00e4r stor efterfr\u00e5gan och det \u00e4r en \u00f6, s\u00e5 <strong>boka tidigt<\/strong>.<\/li>\n<\/ul>\n<\/div>\n\n\n\n<div class=\"wp-block-column planif-radius-2 is-layout-flow wp-block-column-is-layout-flow\">\n<figure class=\"wp-block-image size-large voiture_image\"><img decoding=\"async\" src=\"https:\/\/photos.smugmug.com\/Canarias-Lovers\/Gran-Canaria\/Driving\/i-FXBKL7Q\/1\/C432TQvrLtk7Fzt3jdL3g8XCdWtF4krHtKv9zvKg6\/S\/gran-Canaria-rental-car-driving-S.jpg\" alt=\"K&#xF6;rning p&#xE5; Gran Canaria\"\/><\/figure>\n<\/div>\n<\/div>\n\n\n\n<div class=\"wp-block-columns planif_bouton is-layout-flex wp-container-core-columns-is-layout-9d6595d7 wp-block-columns-is-layout-flex\">\n<div class=\"wp-block-column is-vertically-aligned-top is-layout-flow wp-block-column-is-layout-flow\">\n<div class=\"wp-block-buttons is-content-justification-center is-layout-flex wp-container-core-buttons-is-layout-16018d1d wp-block-buttons-is-layout-flex\">\n<div class=\"wp-block-button\"><a class=\"wp-block-button__link has-white-color has-text-color wp-element-button\" href=\"https:\/\/www.discovercars.com\/se\/spain-canary-islands\/gran-canaria?a_aid=zigzag&amp;amp;chan=CAL\" target=\"_blank\" rel=\"noreferrer noopener nofollow\">Se tillg\u00e4ngliga bilar &gt;&gt;<\/a><\/div>\n<\/div>\n<\/div>\n\n\n\n<div class=\"wp-block-column is-vertically-aligned-center is-layout-flow wp-block-column-is-layout-flow\">\n<p class=\"has-text-align-center\" style=\"font-size:16px\"><a href=\"https:\/\/canarias-lovers.com\/sv\/hur-hyr-bil-gran-canaria-tips-erfarenhet\/\" target=\"_blank\" rel=\"noreferrer noopener\">L\u00e4s v\u00e5ra r\u00e5d<\/a><\/p>\n<\/div>\n<\/div>\n<\/div><\/div><\/div>\n\n<h2 class=\"wp-block-heading\"><span class=\"ez-toc-section\" id=\"4_Beundra_vackra_monument\"><\/span>4. Beundra vackra monument<span class=\"ez-toc-section-end\"><\/span><\/h2>\n\n<figure class=\"wp-block-image size-large\"><img decoding=\"async\" src=\"https:\/\/photos.smugmug.com\/Canarias-Lovers\/Gran-Canaria\/Teror\/i-wQHKCgB\/0\/LmVt39ZcL8H2Q7bz4n4qkmMpmNZSFhB2LzMVwXctJ\/L\/gran-canaria-teror-hotel-ville-L.jpg\" alt=\"Teror - Stadshuset\"\/><\/figure>\n\n<p>V\u00e5rt bes\u00f6k i Teror gjorde det m\u00f6jligt f\u00f6r oss att uppt\u00e4cka ett antal monument som vittnar om stadens f\u00f6rflutna. Casa de los Patrones de la Virgen, som ligger bredvid basilikan, \u00e4r ett fint exempel p\u00e5 1700-talets kanariska arkitektur med sin tr\u00e4balkong och stora, sm\u00e5spr\u00f6jsade f\u00f6nster. H\u00e4r finns nu ett museum som \u00e4gnar sig \u00e5t lokal historia och religi\u00f6sa traditioner. Missa inte heller Casa Consistorial, stadshuset, med sin fantastiska neoklassiska fasad.<\/p>\n\n<ul class=\"wp-block-list\">\n<li>Casa de los Patrones de la Virgen ligger bredvid basilikan<\/li>\n\n\n\n<li>Stadshuset ligger p\u00e5 Plaza Muro Nuevo<\/li>\n<\/ul>\n\n<h2 class=\"wp-block-heading\"><span class=\"ez-toc-section\" id=\"5_Plaza_de_la_Alameda\"><\/span>5. Plaza de la Alameda<span class=\"ez-toc-section-end\"><\/span><\/h2>\n\n<figure class=\"wp-block-image size-large\"><img decoding=\"async\" src=\"https:\/\/photos.smugmug.com\/Canarias-Lovers\/Gran-Canaria\/Teror\/i-vks7sQZ\/0\/NDt5WV5XV3VdxstdVjTst9mXfwGG67HssVq7FrZpc\/L\/gran-canaria-teror-plaza-alameda-L.jpg\" alt=\"Teror - Plaza de la Alameda\"\/><\/figure>\n\n<p>Vi tyckte att Plaza de la Alameda var mycket vacker. Detta torg, Terors hj\u00e4rta, ligger bredvid basilikan och Plaza de Sintes. Ett hundra\u00e5rigt tr\u00e4d bidrar till omr\u00e5dets charm, liksom de typiska husen som omger esplanaden. P\u00e5 s\u00f6ndagar hittar du stadens lilla marknad.<\/p>\n\n<div style=\"background-color:#f6eacf;margin-top:8%;margin-bottom:8%\" class=\"wp-block-genesis-blocks-gb-container box gb-block-container\"><div class=\"gb-container-inside\"><div class=\"gb-container-content\" style=\"max-width:700px\">\n<div class=\"wp-block-genesis-blocks-gb-container box_titre gb-block-container\"><div class=\"gb-container-inside\"><div class=\"gb-container-content\">\n<h5 class=\"titre_box\" style=\"padding-top:10px;\">VART SKA MAN BO PA <span class=\"titre_box_manuscrit\">Gran Canaria<\/span>?<\/h5>\n<\/div><\/div><\/div>\n\n\n\n<div class=\"wp-block-columns box_sans_border is-layout-flex wp-container-core-columns-is-layout-9d6595d7 wp-block-columns-is-layout-flex\">\n<div class=\"wp-block-column texte_planif is-layout-flow wp-block-column-is-layout-flow\" style=\"font-size:14px;flex-basis:60%\">\n<p class=\"option_titre2\" style=\"font-size:16px\">V\u00e5ra oberoende urval hj\u00e4lper dig att hitta ditt <strong>dr\u00f6mboende<\/strong>:<\/p>\n\n\n\n<ul class=\"wp-block-list ul_box\">\n<li style=\"font-size:14px\"><a href=\"https:\/\/canarias-lovers.com\/sv\/var-ska-bo-gran-canaria-basta-omradena\/\" target=\"_blank\" rel=\"noreferrer noopener\">Var man kan bo p\u00e5 Gran Canaria<\/a><\/li>\n\n\n\n<li style=\"font-size:14px\">V\u00e5r favorit: <a href=\"https:\/\/www.booking.com\/hotel\/es\/marina-suites.html?aid=2421274\" target=\"_blank\" rel=\"noreferrer noopener sponsored nofollow\">Hotel Marina Suites<\/a><\/li>\n<\/ul>\n\n\n\n<p style=\"font-size:16px\"><strong>V\u00e4lj efter hotelltyp:<\/strong><\/p>\n\n\n\n<ul class=\"wp-block-list ul_box\">\n<li style=\"font-size:14px\"><a href=\"https:\/\/canarias-lovers.com\/sv\/basta-5-stjarniga-hotellen-gran-canaria-lyx-recensioner\/\" target=\"_blank\" rel=\"noreferrer noopener\">5-stj\u00e4rniga hotell<\/a><\/li>\n\n\n\n<li style=\"font-size:14px\"><a href=\"https:\/\/canarias-lovers.com\/sv\/basta-boutique-hotellen-gran-canaria-charm\/\" target=\"_blank\" rel=\"noreferrer noopener\">B\u00e4sta boutiquehotellen<\/a><\/li>\n\n\n\n<li style=\"font-size:14px\"><a href=\"https:\/\/canarias-lovers.com\/sv\/basta-hotell-endast-vuxna-adults-only-gran-canaria\/\" target=\"_blank\" rel=\"noreferrer noopener\">B\u00e4sta hotell endast f\u00f6r vuxna<\/a><\/li>\n\n\n\n<li style=\"font-size:14px\">B\u00e4sta all-inclusive-hotellen (kommer snart)<\/li>\n\n\n\n<li style=\"font-size:14px\"><a href=\"https:\/\/canarias-lovers.com\/sv\/basta-familjehotellen-gran-canaria-barnen-recensioner\/\" target=\"_blank\" rel=\"noreferrer noopener\">B\u00e4sta hotellen f\u00f6r familjer<\/a><\/li>\n<\/ul>\n\n\n\n<p style=\"font-size:16px\"><strong>V\u00e4lj efter stad:<\/strong><\/p>\n\n\n\n<ul class=\"wp-block-list\">\n<li style=\"font-size:14px\"><a href=\"https:\/\/canarias-lovers.com\/sv\/var-kan-bo-las-palmas-gran-canaria-basta-hotellen-stadsdelarna\/\" target=\"_blank\" rel=\"noreferrer noopener\">B\u00e4sta hotellen i Las Palmas de Gran Canaria<\/a><\/li>\n\n\n\n<li style=\"font-size:14px\"><a href=\"https:\/\/canarias-lovers.com\/sv\/var-kan-bo-maspalomas-basta-hotellen-stadsdelarna\/\" target=\"_blank\" rel=\"noreferrer noopener\">B\u00e4sta hotell i Masplomas<\/a><\/li>\n\n\n\n<li style=\"font-size:14px\"><a href=\"https:\/\/canarias-lovers.com\/sv\/var-kan-bo-playa-ingles-gran-canaria-basta-hotellen-stadsdelarna\/\" target=\"_blank\" rel=\"noreferrer noopener\">B\u00e4sta hotell i Playa del Ingles<\/a><\/li>\n\n\n\n<li style=\"font-size:14px\"><a href=\"https:\/\/canarias-lovers.com\/sv\/var-kan-bo-puerto-rico-gran-canaria-basta-hotellen-stadsdelarna\/\" target=\"_blank\" rel=\"noreferrer noopener\">B\u00e4sta hotellen i Puerto Rico<\/a><\/li>\n\n\n\n<li style=\"font-size:14px\"><a href=\"https:\/\/canarias-lovers.com\/sv\/var-kan-bo-puerto-mogan-basta-hotellen-stadsdelarna\/\" target=\"_blank\" rel=\"noreferrer noopener\">B\u00e4sta hotell i Puerto de Mogan<\/a><\/li>\n\n\n\n<li style=\"font-size:14px\"><a href=\"https:\/\/canarias-lovers.com\/sv\/meilleurs-hotels-5-etoiles-meloneras-luxe-avis-2\/\" target=\"_blank\" rel=\"noreferrer noopener\">5-stj\u00e4rnigt hotell i Meloneras<\/a><\/li>\n<\/ul>\n<\/div>\n\n\n\n<div class=\"wp-block-column is-vertically-aligned-top planif-radius is-layout-flow wp-block-column-is-layout-flow\" style=\"flex-basis:40%\">\n<figure class=\"wp-block-image size-large img-portrait\"><img decoding=\"async\" src=\"https:\/\/photos.smugmug.com\/Canarias-Lovers\/Gran-Canaria\/Puerto-Rico\/Hotel-Marina-Suites\/i-wMm7CH4\/0\/FdXHP96thzS3vRrTp3H2F4hh8q7cKtZg5BpKMDFBB\/S\/Hotel-marina-suites-pool-2-S.jpg\" alt=\"hotellpool\" title=\"\"\/><\/figure>\n<\/div>\n<\/div>\n<\/div><\/div><\/div>\n\n<h2 class=\"wp-block-heading\"><span class=\"ez-toc-section\" id=\"6_Upptack_Plaza_Teresa_de_Bolivar\"><\/span>6. Uppt\u00e4ck Plaza Teresa de Bol\u00edvar<span class=\"ez-toc-section-end\"><\/span><\/h2>\n\n<figure class=\"wp-block-image size-large\"><img decoding=\"async\" src=\"https:\/\/photos.smugmug.com\/Canarias-Lovers\/Gran-Canaria\/Teror\/i-Ns8GS3m\/0\/NJXLLWp4fDwhbXHbCCfnbszbnRGTrdBCwwGJmJ26c\/L\/gran-canaria-teror-museo-plaza-teresa-bolivar-L.jpg\" alt=\"Teror - Plaza Teresa Bolivar\"\/><\/figure>\n\n<p>P\u00e5 andra sidan basilikan hittar vi Plaza Teresa de Bol\u00edvar. Detta lugna torg \u00e4r en hyllning till Teresa de Bol\u00edvar, Teror-f\u00f6dd hustru till Sim\u00f3n Bol\u00edvar, Sydamerikas befriare. Vi tyckte att detta torg var intressant f\u00f6r sin historiska aspekt men ocks\u00e5 f\u00f6r sin charm. Platsen \u00e4r omgiven av bevarade traditionella byggnader. En font\u00e4n av sten, en utsmyckad b\u00e4nk och en vacker liten kyrka skapar en fridfull milj\u00f6.<\/p>\n\n<h2 class=\"wp-block-heading\"><span class=\"ez-toc-section\" id=\"7_Kann_dofterna_fran_Kanarieoarna_pa_Museo_del_Perfume\"><\/span>7. K\u00e4nn dofterna fr\u00e5n Kanarie\u00f6arna p\u00e5 Museo del Perfume<span class=\"ez-toc-section-end\"><\/span><\/h2>\n\n<figure class=\"wp-block-image size-large\"><img decoding=\"async\" src=\"https:\/\/photos.smugmug.com\/Canarias-Lovers\/Gran-Canaria\/Teror\/i-dwvCgrM\/0\/NfSHQ2DKcWTq9Lsh9bdgV3ZKv628hzmQtVsJjWMb5\/L\/gran-canaria-teror-museo-perfume-L.jpg\" alt=\"Teror - Parfymmuseum\"\/><\/figure>\n\n<p>V\u00e5rt bes\u00f6k p\u00e5 Museo del Perfume i Teror var en h\u00e4rlig sinnlig upplevelse. Denna lilla museum-butik visar upp lokala aromatiska v\u00e4xter. Du kommer att uppt\u00e4cka essenser fr\u00e5n Kanarie\u00f6arna och \u00f6ver hela v\u00e4rlden. Vi k\u00e4nde doften av olika parfymer, tv\u00e5lar och oljor. Det \u00e4r ett utm\u00e4rkt tillf\u00e4lle att g\u00f6ra sm\u00e5 presenter och njuta av ett nytt perspektiv p\u00e5 <a href=\"https:\/\/canarias-lovers.com\/sv\/sevardheter-gran-canaria-att-gora\/\" target=\"_blank\" rel=\"noreferrer noopener\">Gran Canarias<\/a> naturarv. Guidade turer finns tillg\u00e4ngliga f\u00f6r att ta reda p\u00e5 mer om utvinnings- och produktionstekniker och f\u00f6r att k\u00e4nna de mystiska aromerna.<\/p>\n\n<ul class=\"wp-block-list\">\n<li>\u00d6ppettider: 10.00-19.00 varje dag<\/li>\n\n\n\n<li>Fri entr\u00e9 till butiken<\/li>\n\n\n\n<li>Guidad tur p\u00e5 m\u00e5ndagar, onsdagar och l\u00f6rdagar f\u00f6r 7,90<\/li>\n\n\n\n<li>Boka ditt bes\u00f6k online <a href=\"https:\/\/casadelperfumecanario.com\/cita-previa\/?lang=en\" target=\"_blank\" rel=\"noreferrer noopener nofollow\">h\u00e4r<\/a><\/li>\n<\/ul>\n\n<div style=\"margin-top:8%;margin-bottom:8%\" class=\"wp-block-genesis-blocks-gb-container box gb-block-container\"><div class=\"gb-container-inside\"><div class=\"gb-container-content\">\n<div class=\"wp-block-columns inverse is-layout-flex wp-container-core-columns-is-layout-9d6595d7 wp-block-columns-is-layout-flex\">\n<div class=\"wp-block-column texte_planif is-layout-flow wp-block-column-is-layout-flow\" style=\"flex-basis:58%\">\n<h5 class=\"titre_box\" style=\"padding-top:10px\">FUN p\u00e5 Gran Canaria<span class=\"titre_box_manuscrit\">:aktiviteter<\/span><\/h5>\n\n\n\n<p style=\"font-size:16px\"><a href=\"https:\/\/www.getyourguide.se\/s\/?q=Gran+Canaria+dauphins&amp;searchSource=3&amp;partner_id=R3GYW4V&amp;cmp=CAL\" target=\"_blank\" rel=\"noreferrer noopener sponsored nofollow\">Delfinsk\u00e5dning<\/a><br\/><a href=\"https:\/\/www.getyourguide.se\/grande-canarie-l418\/grande-canarie-circuit-guide-en-buggy-t212850\/?partner_id=R3GYW4V&amp;cmp=CAL\" target=\"_blank\" rel=\"noreferrer noopener sponsored nofollow\">Buggy \/ fyrhjuling<\/a><br\/><a href=\"https:\/\/www.getyourguide.se\/grande-canarie-l418\/las-palmas-sortie-de-snorkeling-de-3-h-a-las-canteras-t214674\/?partner_id=R3GYW4V&amp;cmp=CAL\" target=\"_blank\" rel=\"noreferrer noopener sponsored nofollow\">Snorkling<\/a><br\/><a href=\"https:\/\/www.getyourguide.se\/grande-canarie-l418\/las-palmas-excursion-en-kayak-au-coucher-du-soleil-et-plongee-en-apnee-t427329\/?partner_id=R3GYW4V&amp;cmp=CAL\" target=\"_blank\" rel=\"noreferrer noopener sponsored nofollow\">Kajakpaddling i Mogan-grottorna<\/a><br\/>Men ocks\u00e5: Canyoning, Ridning, Via Ferrata, Coasteering &#8230;  <a href=\"https:\/\/www.getyourguide.se\/s?q=Gran+Canaria&amp;searchSource=8&amp;themes=adrenaline-water_sports-water_activities&amp;partner_id=R3GYW4V&amp;cmp=CAL\" target=\"_blank\" rel=\"noreferrer noopener sponsored nofollow\">Se alla alternativ<\/a><br\/><\/p>\n<\/div>\n\n\n\n<div class=\"wp-block-column ville-radius is-layout-flow wp-block-column-is-layout-flow\" style=\"flex-basis:42%\">\n<figure class=\"wp-block-image size-large img-portrait\"><img decoding=\"async\" src=\"https:\/\/photos.smugmug.com\/Canarias-Lovers\/Gran-Canaria\/Dolphins\/i-jm9TqbK\/0\/FfCW9g6J4ktRThBvpCKBJj4hF9RmM25RzS56zgJqN\/S\/Gran-Canaria-dolphins-S.jpg\" alt=\"Delfiner p&#xE5; Gran Canaria\" title=\"\"\/><\/figure>\n<\/div>\n<\/div>\n<\/div><\/div><\/div>\n\n<h2 class=\"wp-block-heading\"><span class=\"ez-toc-section\" id=\"8_Klattring_till_Cruz_de_los_Caidos\"><\/span>8. Kl\u00e4ttring till Cruz de los Ca\u00eddos<span class=\"ez-toc-section-end\"><\/span><\/h2>\n\n<figure class=\"wp-block-image size-large\"><img decoding=\"async\" src=\"https:\/\/photos.smugmug.com\/Canarias-Lovers\/Gran-Canaria\/Teror\/i-Jgvpfx8\/0\/K5QHPzzCrp7rksd5RQBVtfnvWvHQv9t9DbVczr6tF\/L\/gran-canaria-teror-cruz-L.jpg\" alt=\"Teror - Trappor och kors\"\/><\/figure>\n\n<p>I centrum av staden leder en brant trappa upp till ett kors, Cruz de los Ca\u00eddos. Vi beundrade den underifr\u00e5n, men de modigaste kan f\u00f6rs\u00f6ka sig p\u00e5 uppstigningen. Utsikten \u00f6ver staden m\u00e5ste vara v\u00e4rt det!<\/p>\n\n<div style=\"background-color:#fefefe;margin-top:6%;margin-bottom:6%\" class=\"wp-block-genesis-blocks-gb-container box gb-block-container\"><div class=\"gb-container-inside\"><div class=\"gb-container-content\" style=\"max-width:700px\">\n<div class=\"wp-block-columns inverse is-layout-flex wp-container-core-columns-is-layout-9d6595d7 wp-block-columns-is-layout-flex\">\n<div class=\"wp-block-column texte_planif is-layout-flow wp-block-column-is-layout-flow\" style=\"flex-basis:58%\">\n<h5 class=\"titre_box\">Ta emot v\u00e5rt <span class=\"titre_box_manuscrit\">nyhetsbrev<\/span><\/h5>\n\n\n\n<ul class=\"wp-block-list\">\n<li>En frisk fl\u00e4kt i ditt dagliga liv p\u00e5 de vackra destinationerna i Region Lovers!<\/li>\n\n\n\n<li>En g\u00e5ng i m\u00e5naden<\/li>\n\n\n\n<li>Reklamfri<\/li>\n<\/ul>\n\n\n\n                <div class='gf_browser_gecko gform_wrapper gform-theme gform-theme--foundation gform-theme--framework gform-theme--orbital' data-form-theme='orbital' data-form-index='0' id='gform_wrapper_3' ><style>#gform_wrapper_3[data-form-index=\"0\"].gform-theme,[data-parent-form=\"3_0\"]{--gf-color-primary: #204ce5;--gf-color-primary-rgb: 32, 76, 229;--gf-color-primary-contrast: #fff;--gf-color-primary-contrast-rgb: 255, 255, 255;--gf-color-primary-darker: #001AB3;--gf-color-primary-lighter: #527EFF;--gf-color-secondary: #fff;--gf-color-secondary-rgb: 255, 255, 255;--gf-color-secondary-contrast: #112337;--gf-color-secondary-contrast-rgb: 17, 35, 55;--gf-color-secondary-darker: #F5F5F5;--gf-color-secondary-lighter: #FFFFFF;--gf-color-out-ctrl-light: rgba(17, 35, 55, 0.1);--gf-color-out-ctrl-light-rgb: 17, 35, 55;--gf-color-out-ctrl-light-darker: rgba(104, 110, 119, 0.35);--gf-color-out-ctrl-light-lighter: #F5F5F5;--gf-color-out-ctrl-dark: #585e6a;--gf-color-out-ctrl-dark-rgb: 88, 94, 106;--gf-color-out-ctrl-dark-darker: #112337;--gf-color-out-ctrl-dark-lighter: rgba(17, 35, 55, 0.65);--gf-color-in-ctrl: #fff;--gf-color-in-ctrl-rgb: 255, 255, 255;--gf-color-in-ctrl-contrast: #112337;--gf-color-in-ctrl-contrast-rgb: 17, 35, 55;--gf-color-in-ctrl-darker: #F5F5F5;--gf-color-in-ctrl-lighter: #FFFFFF;--gf-color-in-ctrl-primary: #204ce5;--gf-color-in-ctrl-primary-rgb: 32, 76, 229;--gf-color-in-ctrl-primary-contrast: #fff;--gf-color-in-ctrl-primary-contrast-rgb: 255, 255, 255;--gf-color-in-ctrl-primary-darker: #001AB3;--gf-color-in-ctrl-primary-lighter: #527EFF;--gf-color-in-ctrl-light: rgba(17, 35, 55, 0.1);--gf-color-in-ctrl-light-rgb: 17, 35, 55;--gf-color-in-ctrl-light-darker: rgba(104, 110, 119, 0.35);--gf-color-in-ctrl-light-lighter: #F5F5F5;--gf-color-in-ctrl-dark: #585e6a;--gf-color-in-ctrl-dark-rgb: 88, 94, 106;--gf-color-in-ctrl-dark-darker: #112337;--gf-color-in-ctrl-dark-lighter: rgba(17, 35, 55, 0.65);--gf-radius: 3px;--gf-font-size-secondary: 14px;--gf-font-size-tertiary: 13px;--gf-icon-ctrl-number: url(\"data:image\/svg+xml,%3Csvg width='8' height='14' viewBox='0 0 8 14' fill='none' xmlns='http:\/\/www.w3.org\/2000\/svg'%3E%3Cpath fill-rule='evenodd' clip-rule='evenodd' d='M4 0C4.26522 5.96046e-08 4.51957 0.105357 4.70711 0.292893L7.70711 3.29289C8.09763 3.68342 8.09763 4.31658 7.70711 4.70711C7.31658 5.09763 6.68342 5.09763 6.29289 4.70711L4 2.41421L1.70711 4.70711C1.31658 5.09763 0.683417 5.09763 0.292893 4.70711C-0.0976311 4.31658 -0.097631 3.68342 0.292893 3.29289L3.29289 0.292893C3.48043 0.105357 3.73478 0 4 0ZM0.292893 9.29289C0.683417 8.90237 1.31658 8.90237 1.70711 9.29289L4 11.5858L6.29289 9.29289C6.68342 8.90237 7.31658 8.90237 7.70711 9.29289C8.09763 9.68342 8.09763 10.3166 7.70711 10.7071L4.70711 13.7071C4.31658 14.0976 3.68342 14.0976 3.29289 13.7071L0.292893 10.7071C-0.0976311 10.3166 -0.0976311 9.68342 0.292893 9.29289Z' fill='rgba(17, 35, 55, 0.65)'\/%3E%3C\/svg%3E\");--gf-icon-ctrl-select: url(\"data:image\/svg+xml,%3Csvg width='10' height='6' viewBox='0 0 10 6' fill='none' xmlns='http:\/\/www.w3.org\/2000\/svg'%3E%3Cpath fill-rule='evenodd' clip-rule='evenodd' d='M0.292893 0.292893C0.683417 -0.097631 1.31658 -0.097631 1.70711 0.292893L5 3.58579L8.29289 0.292893C8.68342 -0.0976311 9.31658 -0.0976311 9.70711 0.292893C10.0976 0.683417 10.0976 1.31658 9.70711 1.70711L5.70711 5.70711C5.31658 6.09763 4.68342 6.09763 4.29289 5.70711L0.292893 1.70711C-0.0976311 1.31658 -0.0976311 0.683418 0.292893 0.292893Z' fill='rgba(17, 35, 55, 0.65)'\/%3E%3C\/svg%3E\");--gf-icon-ctrl-search: url(\"data:image\/svg+xml,%3Csvg width='640' height='640' xmlns='http:\/\/www.w3.org\/2000\/svg'%3E%3Cpath d='M256 128c-70.692 0-128 57.308-128 128 0 70.691 57.308 128 128 128 70.691 0 128-57.309 128-128 0-70.692-57.309-128-128-128zM64 256c0-106.039 85.961-192 192-192s192 85.961 192 192c0 41.466-13.146 79.863-35.498 111.248l154.125 154.125c12.496 12.496 12.496 32.758 0 45.254s-32.758 12.496-45.254 0L367.248 412.502C335.862 434.854 297.467 448 256 448c-106.039 0-192-85.962-192-192z' fill='rgba(17, 35, 55, 0.65)'\/%3E%3C\/svg%3E\");--gf-label-space-y-secondary: var(--gf-label-space-y-md-secondary);--gf-ctrl-border-color: #686e77;--gf-ctrl-size: var(--gf-ctrl-size-md);--gf-ctrl-label-color-primary: #112337;--gf-ctrl-label-color-secondary: #112337;--gf-ctrl-choice-size: var(--gf-ctrl-choice-size-md);--gf-ctrl-checkbox-check-size: var(--gf-ctrl-checkbox-check-size-md);--gf-ctrl-radio-check-size: var(--gf-ctrl-radio-check-size-md);--gf-ctrl-btn-font-size: var(--gf-ctrl-btn-font-size-md);--gf-ctrl-btn-padding-x: var(--gf-ctrl-btn-padding-x-md);--gf-ctrl-btn-size: var(--gf-ctrl-btn-size-md);--gf-ctrl-btn-border-color-secondary: #686e77;--gf-ctrl-file-btn-bg-color-hover: #EBEBEB;--gf-field-img-choice-size: var(--gf-field-img-choice-size-md);--gf-field-img-choice-card-space: var(--gf-field-img-choice-card-space-md);--gf-field-img-choice-check-ind-size: var(--gf-field-img-choice-check-ind-size-md);--gf-field-img-choice-check-ind-icon-size: var(--gf-field-img-choice-check-ind-icon-size-md);--gf-field-pg-steps-number-color: rgba(17, 35, 55, 0.8);}<\/style>\n                        <div class='gform_heading'>\n                            <p class='gform_description'><\/p>\n                        <\/div><form method='post' enctype='multipart\/form-data'  id='gform_3'  action='\/sv\/wp-json\/wp\/v2\/posts\/3837' data-formid='3' novalidate> \r\n <input type='hidden' class='gforms-pum' value='{\"closepopup\":false,\"closedelay\":0,\"openpopup\":false,\"openpopup_id\":0}' \/>\n                        <div class='gform-body gform_body'><div id='gform_fields_3' class='gform_fields top_label form_sublabel_below description_below validation_below'><div id=\"field_3_1\" class=\"gfield gfield--type-email gfield--input-type-email gfield_contains_required field_sublabel_below gfield--no-description field_description_below hidden_label field_validation_below gfield_visibility_visible\"  ><label class='gfield_label gform-field-label' for='input_3_1'>E-mail<span class=\"gfield_required\"><span class=\"gfield_required gfield_required_text\">(Obligatoriskt)<\/span><\/span><\/label><div class='ginput_container ginput_container_email'>\n                            <input name='input_1' id='input_3_1' type='email' value='' class='large'    aria-required=\"true\" aria-invalid=\"false\"  \/>\n                        <\/div><\/div><fieldset id=\"field_3_4\" class=\"gfield gfield--type-consent gfield--type-choice gfield--input-type-consent gfield--width-full gfield_contains_required field_sublabel_below gfield--no-description field_description_below hidden_label field_validation_below gfield_visibility_visible\"  ><legend class='gfield_label gform-field-label gfield_label_before_complex' >RGPD<span class=\"gfield_required\"><span class=\"gfield_required gfield_required_text\">(Obligatoriskt)<\/span><\/span><\/legend><div class='ginput_container ginput_container_consent'><input name='input_4.1' id='input_3_4_1' type='checkbox' value='1'   aria-required=\"true\" aria-invalid=\"false\"   \/> <label class=\"gform-field-label gform-field-label--type-inline gfield_consent_label\" for='input_3_4_1' >Ja, jag vill prenumerera p\u00e5 det m\u00e5natliga nyhetsbrevet<span class=\"gfield_required gfield_required_text\">(Obligatoriskt)<\/span><\/label><input type='hidden' name='input_4.2' value='Ja, jag vill prenumerera p\u00e5 det m\u00e5natliga nyhetsbrevet' class='gform_hidden' \/><input type='hidden' name='input_4.3' value='1' class='gform_hidden' \/><\/div><\/fieldset><div id=\"field_3_5\" class=\"gfield gfield--type-website gfield--input-type-website gfield--width-full field_sublabel_below gfield--no-description field_description_below field_validation_below gfield_visibility_hidden\"  ><div class=\"admin-hidden-markup\"><i class=\"gform-icon gform-icon--hidden\" aria-hidden=\"true\" title=\"Detta f\u00e4lt \u00e4r dolt n\u00e4r formul\u00e4ret visas\"><\/i><span>Detta f\u00e4lt \u00e4r dolt n\u00e4r formul\u00e4ret visas<\/span><\/div><label class='gfield_label gform-field-label' for='input_3_5'>Site Web<\/label><div class='ginput_container ginput_container_website'>\n                    <input name='input_5' id='input_3_5' type='url' value='https:\/\/canarias-lovers.com\/sv\/wp-json\/wp\/v2\/posts\/3837' class='large'    placeholder='https:\/\/'  aria-invalid=\"false\" \/>\n                <\/div><\/div><\/div><\/div>\n        <div class='gform-footer gform_footer top_label'> <input type='submit' id='gform_submit_button_3' class='gform_button button' onclick='gform.submission.handleButtonClick(this);' data-submission-type='submit' value='Prenumerera'  \/> \n            <input type='hidden' class='gform_hidden' name='gform_submission_method' data-js='gform_submission_method_3' value='postback' \/>\n            <input type='hidden' class='gform_hidden' name='gform_theme' data-js='gform_theme_3' id='gform_theme_3' value='orbital' \/>\n            <input type='hidden' class='gform_hidden' name='gform_style_settings' data-js='gform_style_settings_3' id='gform_style_settings_3' value='{&quot;inputPrimaryColor&quot;:&quot;#204ce5&quot;}' \/>\n            <input type='hidden' class='gform_hidden' name='is_submit_3' value='1' \/>\n            <input type='hidden' class='gform_hidden' name='gform_submit' value='3' \/>\n            \n            <input type='hidden' class='gform_hidden' name='gform_currency' data-currency='EUR' value='7x2vZcz\/Ht6gGmVykzyiYkKA487ZR+7pdCCLgJikjuhSN5EocYx\/8DsmKkd4IvITluwm891i5S5hAMavkAgS3prs+rVVa6W0mh+0FDgH6bjiiag=' \/>\n            <input type='hidden' class='gform_hidden' name='gform_unique_id' value='' \/>\n            <input type='hidden' class='gform_hidden' name='state_3' value='WyJ7XCI0LjFcIjpcIjg3MGIzYzZhNWQ4YTg2NGNkMjkzMjI4ZDZjZTM1N2NiXCIsXCI0LjJcIjpcImQwNmNhMDIwY2RkNmI3Y2I5YmQ4MDI2NjQzYmY1YjVjXCIsXCI0LjNcIjpcIjg3MGIzYzZhNWQ4YTg2NGNkMjkzMjI4ZDZjZTM1N2NiXCJ9IiwiZWI0MGNmNzJhNjllOTI4YjgxZmEwMDU5MDFlMjllZGYiXQ==' \/>\n            <input type='hidden' autocomplete='off' class='gform_hidden' name='gform_target_page_number_3' id='gform_target_page_number_3' value='0' \/>\n            <input type='hidden' autocomplete='off' class='gform_hidden' name='gform_source_page_number_3' id='gform_source_page_number_3' value='1' \/>\n            <input type='hidden' name='gform_field_values' value='' \/>\n            \n        <\/div>\n                        <\/form>\n                        <\/div><script>\ngform.initializeOnLoaded( function() {gformInitSpinner( 3, 'https:\/\/canarias-lovers.com\/wp-content\/plugins\/gravityforms\/images\/spinner.svg', false );jQuery('#gform_ajax_frame_3').on('load',function(){var contents = jQuery(this).contents().find('*').html();var is_postback = contents.indexOf('GF_AJAX_POSTBACK') >= 0;if(!is_postback){return;}var form_content = jQuery(this).contents().find('#gform_wrapper_3');var is_confirmation = jQuery(this).contents().find('#gform_confirmation_wrapper_3').length > 0;var is_redirect = contents.indexOf('gformRedirect(){') >= 0;var is_form = form_content.length > 0 && ! is_redirect && ! is_confirmation;var mt = parseInt(jQuery('html').css('margin-top'), 10) + parseInt(jQuery('body').css('margin-top'), 10) + 100;if(is_form){jQuery('#gform_wrapper_3').html(form_content.html());if(form_content.hasClass('gform_validation_error')){jQuery('#gform_wrapper_3').addClass('gform_validation_error');} else {jQuery('#gform_wrapper_3').removeClass('gform_validation_error');}setTimeout( function() { \/* delay the scroll by 50 milliseconds to fix a bug in chrome *\/  }, 50 );if(window['gformInitDatepicker']) {gformInitDatepicker();}if(window['gformInitPriceFields']) {gformInitPriceFields();}var current_page = jQuery('#gform_source_page_number_3').val();gformInitSpinner( 3, 'https:\/\/canarias-lovers.com\/wp-content\/plugins\/gravityforms\/images\/spinner.svg', false );jQuery(document).trigger('gform_page_loaded', [3, current_page]);window['gf_submitting_3'] = false;}else if(!is_redirect){var confirmation_content = jQuery(this).contents().find('.GF_AJAX_POSTBACK').html();if(!confirmation_content){confirmation_content = contents;}jQuery('#gform_wrapper_3').replaceWith(confirmation_content);jQuery(document).trigger('gform_confirmation_loaded', [3]);window['gf_submitting_3'] = false;wp.a11y.speak(jQuery('#gform_confirmation_message_3').text());}else{jQuery('#gform_3').append(contents);if(window['gformRedirect']) {gformRedirect();}}jQuery(document).trigger(\"gform_pre_post_render\", [{ formId: \"3\", currentPage: \"current_page\", abort: function() { this.preventDefault(); } }]);        if (event && event.defaultPrevented) {                return;        }        const gformWrapperDiv = document.getElementById( \"gform_wrapper_3\" );        if ( gformWrapperDiv ) {            const visibilitySpan = document.createElement( \"span\" );            visibilitySpan.id = \"gform_visibility_test_3\";            gformWrapperDiv.insertAdjacentElement( \"afterend\", visibilitySpan );        }        const visibilityTestDiv = document.getElementById( \"gform_visibility_test_3\" );        let postRenderFired = false;        function triggerPostRender() {            if ( postRenderFired ) {                return;            }            postRenderFired = true;            gform.core.triggerPostRenderEvents( 3, current_page );            if ( visibilityTestDiv ) {                visibilityTestDiv.parentNode.removeChild( visibilityTestDiv );            }        }        function debounce( func, wait, immediate ) {            var timeout;            return function() {                var context = this, args = arguments;                var later = function() {                    timeout = null;                    if ( !immediate ) func.apply( context, args );                };                var callNow = immediate && !timeout;                clearTimeout( timeout );                timeout = setTimeout( later, wait );                if ( callNow ) func.apply( context, args );            };        }        const debouncedTriggerPostRender = debounce( function() {            triggerPostRender();        }, 200 );        if ( visibilityTestDiv && visibilityTestDiv.offsetParent === null ) {            const observer = new MutationObserver( ( mutations ) => {                mutations.forEach( ( mutation ) => {                    if ( mutation.type === 'attributes' && visibilityTestDiv.offsetParent !== null ) {                        debouncedTriggerPostRender();                        observer.disconnect();                    }                });            });            observer.observe( document.body, {                attributes: true,                childList: false,                subtree: true,                attributeFilter: [ 'style', 'class' ],            });        } else {            triggerPostRender();        }    } );} );\n<\/script>\n<\/div>\n\n\n\n<div class=\"wp-block-column is-layout-flow wp-block-column-is-layout-flow\" style=\"flex-basis:42%\">\n<div class=\"wp-block-genesis-blocks-gb-container aligncenter newsletter-radius gb-block-container\"><div class=\"gb-container-inside\"><div class=\"gb-container-content\"><div class=\"wp-block-image newsletter-image\">\n<figure class=\"aligncenter size-full\"><img loading=\"lazy\" decoding=\"async\" width=\"729\" height=\"792\" src=\"https:\/\/canarias-lovers.com\/wp-content\/uploads\/2024\/06\/newsletter_FR_2.png\" alt=\"Nyhetsbrev\" class=\"wp-image-1181\" srcset=\"https:\/\/canarias-lovers.com\/wp-content\/uploads\/2024\/06\/newsletter_FR_2.png 729w, https:\/\/canarias-lovers.com\/wp-content\/uploads\/2024\/06\/newsletter_FR_2-276x300.png 276w\" sizes=\"auto, (max-width: 729px) 100vw, 729px\" \/><\/figure>\n<\/div><\/div><\/div><\/div>\n<\/div>\n<\/div>\n<\/div><\/div><\/div>\n\n<h2 class=\"wp-block-heading\"><span class=\"ez-toc-section\" id=\"Andra_sevardheter_i_och_runt_Teror\"><\/span>Andra sev\u00e4rdheter i och runt Teror<span class=\"ez-toc-section-end\"><\/span><\/h2>\n\n<h3 class=\"wp-block-heading\">\u00d6vriga monument i staden Teror<\/h3>\n\n<p>Teror kan ocks\u00e5 stoltsera med ett antal andra monument. Vi rekommenderar till exempel<\/p>\n\n<ul class=\"wp-block-list\">\n<li>Fuente Agria-font\u00e4nen och dess 3 brunnar<\/li>\n\n\n\n<li>Det mycket moderna auditoriet<\/li>\n\n\n\n<li>Monasterio Cisterciense och dess bakverk<\/li>\n<\/ul>\n\n<figure class=\"wp-block-image size-large\"><img decoding=\"async\" src=\"https:\/\/photos.smugmug.com\/Canarias-Lovers\/Gran-Canaria\/Teror\/i-DJ8tgRF\/0\/MrdmqQPMQcnbCs5Q4dD8K6jBz9xmvKdLQBD35xcSg\/L\/gran-canaria-teror-museo-plaza-del-pino-L.jpg\" alt=\"Teror - Fyrkant med ett tr&#xE4;d\"\/><\/figure>\n\n<h3 class=\"wp-block-heading\">Platser att bes\u00f6ka runt Teror<\/h3>\n\n<p>Det omgivande omr\u00e5det \u00e4r ocks\u00e5 fullt av \u00f6verraskningar. Du kan bes\u00f6ka oss:<\/p>\n\n<ul class=\"wp-block-list\">\n<li>Doramas naturpark och Jos\u00e9 Hernandez park, den perfekta platsen f\u00f6r vandring<\/li>\n\n\n\n<li>Barranco del Alamo<\/li>\n\n\n\n<li>La Cruz de la Hoya Alta<\/li>\n\n\n\n<li>Pino Santos pannrum<\/li>\n\n\n\n<li>Finca de Osorio G\u00e5rd<\/li>\n\n\n\n<li>Covento de las Dominicas<\/li>\n<\/ul>\n\n<h3 class=\"wp-block-heading\">Utflykter i och runt Teror<\/h3>\n\n<p>Teror ligger i bergen ovanf\u00f6r Gran Canaria och \u00e4r hj\u00e4rtat i sp\u00e4nnande utflykter f\u00f6r att uppt\u00e4cka \u00f6ns centrum och exceptionella platser:<\/p>\n\n<ul class=\"wp-block-list\">\n<li>Uppt\u00e4ck skatterna i Gran Canarias inland via Teror <a href=\"https:\/\/www.getyourguide.se\/grande-canarie-l418\/gran-canaria-7-beauty-small-group-tour-tapas-picnic-inclus-t521658\/?partner_id=R3GYW4V&amp;cmp=CAL\" target=\"_blank\" rel=\"noreferrer noopener sponsored nofollow\">&#8211; se program och tillg\u00e4nglighet.<\/a><\/li>\n\n\n\n<li>Ta en <a href=\"https:\/\/www.getyourguide.se\/grande-canarie-l418\/grande-canarie-visite-vip-d-une-journee-t127493\/?partner_id=R3GYW4V&amp;cmp=CAL\" target=\"_blank\" rel=\"noreferrer noopener sponsored nofollow\">bussresa till \u00f6ns centrum<\/a> och utforska Firgas, Roque Nublo och Agu\u00efmes.<\/li>\n\n\n\n<li><a href=\"https:\/\/www.getyourguide.se\/grande-canarie-l418\/iles-canaries-visite-guidee-de-grande-canarie-en-1-jour-t360580\/?partner_id=R3GYW4V&amp;cmp=CAL\" target=\"_blank\" rel=\"noreferrer noopener sponsored nofollow\">Uppt\u00e4ck \u00f6ns byar, toppar och utsiktsplatser.<\/a><\/li>\n<\/ul>\n\n<figure class=\"wp-block-image size-large is-resized\"><img decoding=\"async\" src=\"https:\/\/photos.smugmug.com\/Canarias-Lovers\/Gran-Canaria\/Best\/Hikes-nature\/i-2BTkQQH\/0\/LdJBxtLJNjQbdMvzjxqGpPGhRnrtR7qJTStXnn2Ds\/L\/Roque-Nublo-L.jpg\" alt=\"Roque Nublo\" style=\"width:702px;height:auto\"\/><figcaption class=\"wp-element-caption\"><a href=\"https:\/\/canarias-lovers.com\/sv\/vandring-roque-nublo-gran-canaria\/\" target=\"_blank\" rel=\"noreferrer noopener\">Roque Nublo<\/a><\/figcaption><\/figure>\n\n<h2 class=\"wp-block-heading\"><span class=\"ez-toc-section\" id=\"Hur_man_tar_sig_till_Teror_parkeringsplats\"><\/span>Hur man tar sig till Teror + parkeringsplats<span class=\"ez-toc-section-end\"><\/span><\/h2>\n\n<h3 class=\"wp-block-heading\">Var \u00e4r Teror?<\/h3>\n\n<ul class=\"wp-block-list\">\n<li>P\u00e5 norra Gran Canaria, i inlandet<\/li>\n\n\n\n<li>30 minuters bilresa fr\u00e5n <a href=\"https:\/\/canarias-lovers.com\/sv\/sevardheter-las-palmas-gran-canaria-att-gora\/\" target=\"_blank\" rel=\"noreferrer noopener\">Las Palmas<\/a><\/li>\n\n\n\n<li>40min fr\u00e5n <a href=\"https:\/\/canarias-lovers.com\/sv\/sevardheter-galdar-gran-canaria-att-gora\/\" target=\"_blank\" rel=\"noreferrer noopener\">G\u00e1ldar<\/a><\/li>\n\n\n\n<li>1 timme fr\u00e5n <a href=\"https:\/\/canarias-lovers.com\/sv\/sevardheter-maspalomas-att-gora\/\" target=\"_blank\" rel=\"noreferrer noopener\">Maspalomas<\/a><\/li>\n<\/ul>\n\n<figure class=\"wp-block-image size-large\"><img decoding=\"async\" src=\"https:\/\/canarias-lovers.com\/wp-content\/uploads\/2024\/09\/karta-attraktioner-teror-gran-canaria-1024x683.png\" alt=\"teror gran canaria karta\" class=\"wp-image-3828\"\/><figcaption class=\"wp-element-caption\">Karta \u00f6ver Teror p\u00e5 Gran Canaria<\/figcaption><\/figure>\n\n<h3 class=\"wp-block-heading\">Hur man tar sig dit<\/h3>\n\n<p>Ta dig till Teror med bil, vilket vi tycker \u00e4r det b\u00e4sta s\u00e4ttet att ta sig runt p\u00e5 \u00f6n. H\u00e4r \u00e4r <a href=\"https:\/\/canarias-lovers.com\/sv\/hur-hyr-bil-gran-canaria-tips-erfarenhet\/\" target=\"_blank\" rel=\"noreferrer noopener\">v\u00e5ra tips f\u00f6r att hyra bil p\u00e5 Gran Canaria.<\/a><\/p>\n\n<p>Det finns ocks\u00e5 busslinjer 215, 216 och 229 fr\u00e5n Las Palmas.<\/p>\n\n<p>Du kan ocks\u00e5 l\u00e5ta dig v\u00e4gledas p\u00e5 en organiserad tur. H\u00e4r \u00e4r v\u00e5ra f\u00f6rslag:<\/p>\n\n<ul class=\"wp-block-list\">\n<li>Bes\u00f6k marknaderna i Teror och San Mateo p\u00e5 denna tur &#8211; <a href=\"https:\/\/www.getyourguide.se\/grande-canarie-l418\/grande-canarie-marche-dominical-de-teror-et-san-mateo-t336611\/?partner_id=R3GYW4V&amp;cmp=CAL\" target=\"_blank\" rel=\"noreferrer noopener sponsored nofollow\">se program och tillg\u00e4nglighet.<\/a><\/li>\n\n\n\n<li>Uppt\u00e4ck skatterna i Gran Canarias inland via Teror <a href=\"https:\/\/www.getyourguide.se\/grande-canarie-l418\/gran-canaria-7-beauty-small-group-tour-tapas-picnic-inclus-t521658\/?partner_id=R3GYW4V&amp;cmp=CAL\" target=\"_blank\" rel=\"noreferrer noopener sponsored nofollow\">&#8211; se program och tillg\u00e4nglighet.<\/a><\/li>\n\n\n\n<li>G\u00f6r en dagsutflykt med buss och bes\u00f6k flera byar p\u00e5 \u00f6n, bl.a. Teror &#8211; <a href=\"https:\/\/www.getyourguide.se\/grande-canarie-l418\/grande-canarie-journee-complete-en-bus-t127478\/?partner_id=R3GYW4V&amp;cmp=CAL\" target=\"_blank\" rel=\"noreferrer noopener sponsored nofollow\">se program och tillg\u00e4nglighet.<\/a><\/li>\n<\/ul>\n\n<figure class=\"wp-block-image size-large\"><img decoding=\"async\" src=\"https:\/\/photos.smugmug.com\/Canarias-Lovers\/Gran-Canaria\/Teror\/i-5FgNvd7\/0\/M4GzTW2Jhdn69T9KmVx2GSgFq8DZR8dgsS83swgSW\/L\/gran-canaria-teror-rue-4-L.jpg\" alt=\"Teror - Gata, st&#xE5;nd, f&#xE4;rgglada hus\"\/><\/figure>\n\n<h3 class=\"wp-block-heading\">Parkering i Teror<\/h3>\n\n<p>Teror har m\u00e5nga parkeringsplatser n\u00e4ra och i centrum. Parkeringen bredvid basilikan fylls troligen snabbare, men du kan prova lyckan. Vi parkerade p\u00e5 Ctra General Terors parkeringsplats och promenerade n\u00e5gra minuter till den historiska stadsk\u00e4rnan.<\/p>\n\n<figure class=\"wp-block-image size-large\"><img decoding=\"async\" src=\"https:\/\/photos.smugmug.com\/Canarias-Lovers\/Gran-Canaria\/Teror\/i-3PsGmMp\/0\/KzPps48KBZHWRdSs8bkdgKTDfbT4TgbQVtxJGsq2F\/L\/gran-canaria-teror-parking-L.jpg\" alt=\"Teror - Parkeringsplats\"\/><\/figure>\n\n<h2 class=\"wp-block-heading\"><span class=\"ez-toc-section\" id=\"Anvandbara_tips_for_att_besoka_Teror\"><\/span>Anv\u00e4ndbara tips f\u00f6r att bes\u00f6ka Teror<span class=\"ez-toc-section-end\"><\/span><\/h2>\n\n<h3 class=\"wp-block-heading\">Hur l\u00e4nge och n\u00e4r \u00e4r den b\u00e4sta tidpunkten?<\/h3>\n\n<p>R\u00e4kna med mellan 1.30 och 2.30 timmar f\u00f6r att bes\u00f6ka den lilla staden. P\u00e5 sommaren \u00e4r h\u00f6jdernas svalka behaglig, men det \u00e4r troligtvis mer tr\u00e5ngt. P\u00e5 vintern blir ditt bes\u00f6k i staden mer exklusivt, och v\u00e4dret \u00e4r ocks\u00e5 bra! <a href=\"https:\/\/canarias-lovers.com\/sv\/besok-gran-canaria-vintern-vader-sol-jul\/\" target=\"_blank\" rel=\"noreferrer noopener\">Gran Canaria p\u00e5 vintern<\/a> \u00e4r verkligen en mycket trevlig destination. Temperaturerna \u00e4r milda och dagarna \u00e4r soliga. Vi var d\u00e4r \u00f6ver jul i december och nj\u00f6t verkligen av v\u00e4dret!<\/p>\n\n<figure class=\"wp-block-image size-large\"><img decoding=\"async\" src=\"https:\/\/photos.smugmug.com\/Canarias-Lovers\/Gran-Canaria\/Teror\/i-2vxB5pD\/0\/KNfZnMZVPzxN5Mz4rQWNpmFWbQz3cNVpW33KszH3d\/L\/gran-canaria-teror-rue-1-L.jpg\" alt=\"Teror - Gatu- och stenmurar\"\/><\/figure>\n\n<h3 class=\"wp-block-heading\">V\u00e4gbeskrivning, karta och sv\u00e5righeter<\/h3>\n\n<p>Vi b\u00f6rjade med att bes\u00f6ka basilikan och promenerade sedan runt i kyrkan. Det var marknadsdag och vi passade p\u00e5 att uppt\u00e4cka de lokala specialiteterna. Sedan gav vi oss ut p\u00e5 torgen och i gr\u00e4nderna. En del av gatorna \u00e4r kullerstensbelagda och en del g\u00e5r i uppf\u00f6rsbacke. Vi rekommenderar att du tar med dig bra skor, s\u00e4rskilt om du planerar att utforska det omgivande omr\u00e5det.<\/p>\n\n<figure class=\"wp-block-image size-large\"><img decoding=\"async\" src=\"https:\/\/photos.smugmug.com\/Canarias-Lovers\/Gran-Canaria\/Teror\/i-6j8dCbR\/0\/L4X7k2q4k6HnLr3HGdmGRXBrb8n36gw4t3J6RrBtQ\/L\/gran-canaria-teror-plan-ville-L.jpg\" alt=\"Teror - Karta\"\/><\/figure>\n\n<h3 class=\"wp-block-heading\">Bes\u00f6k med barn<\/h3>\n\n<p>Vi tycker att staden \u00e4r ett utm\u00e4rkt st\u00e4lle att bes\u00f6ka med hela familjen. S\u00f6ndagsmarknaden och det lilla parfymmuseet kommer att vara av intresse f\u00f6r yngre bes\u00f6kare. Smak- och doftexperiment st\u00e5r p\u00e5 programmet!<\/p>\n\n<h3 class=\"wp-block-heading\">Restauranger<\/h3>\n\n<p>Vi har \u00e4nnu inte provat restaurangerna i Teror, men vi s\u00e5g n\u00e5gra st\u00e4llen som s\u00e5g trevliga ut, till exempel Restaurant l&#8217;Araucaria. Du kan ocks\u00e5 ta del av terrasserna som kantar torgen.<\/p>\n\n<figure class=\"wp-block-image size-large\"><img decoding=\"async\" src=\"https:\/\/photos.smugmug.com\/Canarias-Lovers\/Gran-Canaria\/Teror\/i-tNQQQx5\/0\/KxdxJF9WbTBV8Tw7Kg4cSJXpgcmchQWpXX6Gx9SDs\/L\/gran-canaria-teror-restaurant-araucaria-L.jpg\" alt=\"Teror - Restaurang Araucaria\"\/><\/figure>\n\n<div style=\"margin-top:8%;margin-bottom:8%\" class=\"wp-block-genesis-blocks-gb-container box gb-block-container\"><div class=\"gb-container-inside\"><div class=\"gb-container-content\" style=\"max-width:700px\">\n<div class=\"wp-block-genesis-blocks-gb-container box_titre gb-block-container\"><div class=\"gb-container-inside\"><div class=\"gb-container-content\">\n<h5 class=\"titre_box\"><span>PLANERA<\/span> DIN RESA TILL <span class=\"titre_box_manuscrit\">Gran Canaria<\/span><\/h5>\n<\/div><\/div><\/div>\n\n\n\n<hr class=\"wp-block-separator has-text-color has-alpha-channel-opacity has-background is-style-wide hr-box-planif\" style=\"background-color:#ccd3dd;color:#ccd3dd\"\/>\n\n\n\n<div class=\"wp-block-columns box_sans_border is-layout-flex wp-container-core-columns-is-layout-9d6595d7 wp-block-columns-is-layout-flex\">\n<div class=\"wp-block-column texte_planif is-layout-flow wp-block-column-is-layout-flow\" style=\"font-size:14px;flex-basis:60%\">\n<ul class=\"wp-block-list\">\n<li><strong>B\u00e4st av<\/strong><\/li>\n<\/ul>\n\n\n\n<p class=\"ul_box\" style=\"font-size:14px\"><a href=\"https:\/\/canarias-lovers.com\/sv\/sevardheter-gran-canaria-att-gora\/\" target=\"_blank\" rel=\"noreferrer noopener\">Sev\u00e4rdheter p\u00e5 Gran Canaria<\/a><br\/><a href=\"https:\/\/canarias-lovers.com\/sv\/landskap-gran-canaria-foton\/\" target=\"_blank\" rel=\"noreferrer noopener\">De vackraste landskapen<\/a><br\/><a href=\"https:\/\/canarias-lovers.com\/sv\/basta-staderna-gran-canaria-byarna\/\" target=\"_blank\" rel=\"noreferrer noopener\">De vackraste st\u00e4derna och byarna<\/a><br\/><a href=\"https:\/\/canarias-lovers.com\/sv\/basta-stranderna-gran-canaria\/\" target=\"_blank\" rel=\"noreferrer noopener\">De vackraste str\u00e4nderna<\/a><br\/><a href=\"https:\/\/canarias-lovers.com\/sv\/naturliga-pooler-gran-canaria-laguner\/\" target=\"_blank\" rel=\"noreferrer noopener\">B\u00e4sta naturliga pooler<\/a><br\/><a href=\"https:\/\/canarias-lovers.com\/sv\/arkeologiska-utgravningar-gran-canaria\/\" target=\"_blank\" rel=\"noreferrer noopener\">Arkeologiska platser<\/a><br\/><a href=\"https:\/\/canarias-lovers.com\/sv\/basta-museerna-gran-canaria\/\" target=\"_blank\" rel=\"noreferrer noopener\">B\u00e4sta museerna<\/a><br\/><a href=\"https:\/\/canarias-lovers.com\/sv\/meilleures-excursions-bateau-gran-canaria-2\/\" target=\"_blank\" rel=\"noreferrer noopener\">B\u00e4sta b\u00e5tturerna<\/a><br\/><a href=\"https:\/\/canarias-lovers.com\/sv\/gran-canaria-gomda-parlor-hemliga-platser\/\" target=\"_blank\" rel=\"noreferrer noopener\">Hemliga platser, utanf\u00f6r allfarv\u00e4garna<\/a><\/p>\n<\/div>\n\n\n\n<div class=\"wp-block-column is-vertically-aligned-top planif-radius is-layout-flow wp-block-column-is-layout-flow\" style=\"flex-basis:40%\">\n<figure class=\"wp-block-image size-large img-portrait\"><img decoding=\"async\" src=\"https:\/\/photos.smugmug.com\/Canarias-Lovers\/Gran-Canaria\/Best-of\/i-8qV2fwm\/0\/98eb2a07\/S\/Roque-Nublo-S.jpg\" alt=\"Roque Nublo\" title=\"\"\/><\/figure>\n<\/div>\n<\/div>\n\n\n\n<hr class=\"wp-block-separator has-text-color has-alpha-channel-opacity has-background is-style-wide hr-box-planif\" style=\"background-color:#ccd3dd;color:#ccd3dd\"\/>\n\n\n\n<div class=\"wp-block-columns box_sans_border is-layout-flex wp-container-core-columns-is-layout-9d6595d7 wp-block-columns-is-layout-flex\">\n<div class=\"wp-block-column texte_planif is-layout-flow wp-block-column-is-layout-flow\" style=\"flex-basis:60%\">\n<ul class=\"wp-block-list\">\n<li><strong>Praktiska r\u00e5d<\/strong><\/li>\n<\/ul>\n\n\n\n<p style=\"font-size:14px\"><a href=\"https:\/\/canarias-lovers.com\/sv\/reseguide-gran-canaria-resetips\/\" target=\"_blank\" rel=\"noreferrer noopener\">25 tips f\u00f6r en lyckad resa till Gran Canaria<\/a><br\/><a href=\"https:\/\/canarias-lovers.com\/sv\/nar-ska-man-aka-gran-canaria-vader\/\" target=\"_blank\" rel=\"noreferrer noopener\">N\u00e4r ska du \u00e5ka?<\/a><\/p>\n\n\n\n<p style=\"font-size:14px\"><a href=\"https:\/\/canarias-lovers.com\/sv\/ta-sig-runt-gran-canaria-transport\/\" target=\"_blank\" rel=\"noreferrer noopener\">Hur man tar sig runt<\/a><br\/><a href=\"https:\/\/canarias-lovers.com\/sv\/hur-hyr-bil-gran-canaria-tips-erfarenhet\/\" target=\"_blank\" rel=\"noreferrer noopener\">Hur man hyr en bil p\u00e5 Gran Canaria<\/a><br\/><a href=\"https:\/\/canarias-lovers.com\/sv\/korning-gran-canaria-tips\/\" target=\"_blank\" rel=\"noreferrer noopener\">Tips f\u00f6r k\u00f6rning<\/a><br\/><a href=\"https:\/\/canarias-lovers.com\/sv\/meilleures-excursions-gran-canaria-2\/\" target=\"_blank\" rel=\"noreferrer noopener\">B\u00e4sta utflykterna<\/a><\/p>\n\n\n\n<p style=\"font-size:14px\">Resplaner: 3 dagar &#8211; 4 dagar &#8211; <a href=\"https:\/\/canarias-lovers.com\/sv\/besok-5-dagar-gran-canaria-resvagar\/\" target=\"_blank\" rel=\"noreferrer noopener\">5 dagar<\/a> &#8211; <a href=\"https:\/\/canarias-lovers.com\/sv\/besok-gran-canaria-6-dagar-resvagar\/\" target=\"_blank\" rel=\"noreferrer noopener\">6 dagar<\/a> &#8211; <a href=\"https:\/\/canarias-lovers.com\/sv\/besok-gran-canaria-en-vecka-resplan\/\" target=\"_blank\" rel=\"noreferrer noopener\">7 dagar<\/a> &#8211; <a href=\"https:\/\/canarias-lovers.com\/sv\/besok-10-dagar-gran-canaria-resplan\/\" target=\"_blank\" rel=\"noreferrer noopener\">10 dagar<\/a><\/p>\n\n\n\n<p style=\"font-size:14px\"><a href=\"https:\/\/canarias-lovers.com\/sv\/var-ska-bo-gran-canaria-basta-omradena\/\" target=\"_blank\" rel=\"noreferrer noopener\">Var man kan bo p\u00e5 Gran Canaria<\/a><\/p>\n<\/div>\n\n\n\n<div class=\"wp-block-column is-vertically-aligned-top planif-radius is-layout-flow wp-block-column-is-layout-flow\" style=\"flex-basis:40%\">\n<figure class=\"wp-block-image size-large img-portrait\"><img decoding=\"async\" src=\"https:\/\/photos.smugmug.com\/Canarias-Lovers\/Gran-Canaria\/Driving\/i-rqnNnCs\/1\/4b657343\/S\/gran-Canaria-rental-car-driving-3-S.jpg\" alt=\"Biluthyrning Gran Canaria\" title=\"\"\/><\/figure>\n<\/div>\n<\/div>\n\n\n\n<hr class=\"wp-block-separator has-text-color has-alpha-channel-opacity has-background is-style-wide hr-box-planif\" style=\"background-color:#ccd3dd;color:#ccd3dd\"\/>\n\n\n\n<div class=\"wp-block-columns box_sans_border is-layout-flex wp-container-core-columns-is-layout-9d6595d7 wp-block-columns-is-layout-flex\">\n<div class=\"wp-block-column texte_planif is-layout-flow wp-block-column-is-layout-flow\" style=\"flex-basis:60%\">\n<ul class=\"wp-block-list\">\n<li><strong>Det du m\u00e5ste ha<\/strong><\/li>\n<\/ul>\n\n\n\n<p style=\"font-size:14px\"><a href=\"https:\/\/canarias-lovers.com\/sv\/sevardheter-las-palmas-gran-canaria-att-gora\/\" target=\"_blank\" rel=\"noreferrer noopener\">Las Palmas och dess historiska centrum<\/a><br\/><a href=\"https:\/\/canarias-lovers.com\/sv\/delfinspotting-gran-canaria-baleiner-utflykter\/\" target=\"_blank\" rel=\"noreferrer noopener\">Delfinsk\u00e5dning p\u00e5 Gran Canaria<\/a><br\/><a href=\"https:\/\/canarias-lovers.com\/sv\/dunes-maspalomas-gran-canaria-2\/\" target=\"_blank\" rel=\"noreferrer noopener\">Sanddyner i Maspalomas<\/a><br\/><a href=\"https:\/\/canarias-lovers.com\/sv\/sevardheter-puerto-mogan-att-gora\/\" target=\"_blank\" rel=\"noreferrer noopener\">Puerto de Mogan (Lilla Venedig)<\/a><br\/><a href=\"https:\/\/canarias-lovers.com\/sv\/sevardheter-agaete-att-gora\/\" target=\"_blank\" rel=\"noreferrer noopener\">Agaete och dess naturliga pooler<\/a><br\/><a href=\"https:\/\/canarias-lovers.com\/sv\/sevardheter-aguimes-gran-canaria-region-att-gora\/\" target=\"_blank\" rel=\"noreferrer noopener\">Den magnifika staden Ag\u00fcimes<\/a><br\/><\/p>\n<\/div>\n\n\n\n<div class=\"wp-block-column is-vertically-aligned-top planif-radius is-layout-flow wp-block-column-is-layout-flow\" style=\"flex-basis:40%\">\n<figure class=\"wp-block-image size-large img-portrait\"><img decoding=\"async\" src=\"https:\/\/photos.smugmug.com\/Canarias-Lovers\/Gran-Canaria\/Best-of\/i-wqpn8vC\/0\/85607396\/S\/Gran-Canaria-dolphins-S.jpg\" alt=\"Delfin p&#xE5; Gran Canaria\" title=\"\"\/><\/figure>\n<\/div>\n<\/div>\n\n\n\n<div style=\"height:30px\" aria-hidden=\"true\" class=\"wp-block-spacer\"><\/div>\n<\/div><\/div><\/div>\n\n<div class=\"wp-block-genesis-blocks-gb-container box_auteur_voyage gb-block-container\"><div class=\"gb-container-inside\"><div class=\"gb-container-content\">\n<figure class=\"wp-block-image size-large img_auteur_voyage img_provisoire\"><a href=\"https:\/\/canarias-lovers.com\/sv\/claire-robinson\/\" target=\"_blank\" rel=\"noreferrer noopener\"><img decoding=\"async\" src=\"https:\/\/photos.smugmug.com\/Region-Lovers\/Equipe\/i-nsNF6C6\/0\/Cs2F5n96pkt9xFD9D3SVqmQspMhrKgN75nHgBqmjG\/L\/Claire-L.png\" alt=\"\"\/><\/a><\/figure>\n\n\n\n<h5 class=\"titre_auteur_voyage\"><span>HON KLARADE RESAN <\/span><span class=\"titre_box_manuscrit\">Claire<\/span><\/h5>\n<\/div><\/div><\/div>\n\n<div class=\"wp-block-genesis-blocks-gb-container box_auteur_voyage gb-block-container\"><div class=\"gb-container-inside\"><div class=\"gb-container-content\">\n<figure class=\"wp-block-image size-large img_auteur_voyage img_provisoire img_julie\"><a href=\"https:\/\/canarias-lovers.com\/sv\/julie-joly\/\" target=\"_blank\" rel=\"noreferrer noopener\"><img decoding=\"async\" src=\"https:\/\/photos.smugmug.com\/Region-Lovers\/Equipe\/i-T3sDhGd\/0\/CrBSnP9JCLV3gSG4MfSQMF7p5T5WvCMbtWr4wqQ2D\/L\/julie-L.jpg\" alt=\"\"\/><\/a><\/figure>\n\n\n\n<h5 class=\"titre_auteur_voyage\"><span>HON SKREV ARTIKELN \n <\/span><span class=\"titre_box_manuscrit\">Julie<\/span><\/h5>\n<\/div><\/div><\/div>\n","protected":false},"excerpt":{"rendered":"<p>\u00c4r du p\u00e5 semester p\u00e5 Gran Canaria? Bes\u00f6k det inre av \u00f6n och den lilla staden Teror. Vi blev f\u00f6rtjusta i den vackra basilikan och den pittoreska historiska stadsk\u00e4rnan. Du kommer ocks\u00e5 att bli f\u00f6rf\u00f6rd av den trevliga marknaden och parfymmuseet. H\u00e4r \u00e4r v\u00e5r guide till de platser som du m\u00e5ste se i Teror p\u00e5 [&hellip;]<\/p>\n","protected":false},"author":5,"featured_media":3816,"comment_status":"closed","ping_status":"closed","sticky":false,"template":"","format":"standard","meta":{"_genesis_hide_title":false,"_genesis_hide_breadcrumbs":false,"_genesis_hide_singular_image":false,"_genesis_hide_footer_widgets":false,"_genesis_custom_body_class":"","_genesis_custom_post_class":"","_genesis_layout":"","footnotes":""},"categories":[46],"tags":[],"class_list":{"0":"post-3837","1":"post","2":"type-post","3":"status-publish","4":"format-standard","5":"has-post-thumbnail","7":"category-gran-canaria-sv","8":"entry"},"yoast_head":"<!-- This site is optimized with the Yoast SEO plugin v27.2 - https:\/\/yoast.com\/product\/yoast-seo-wordpress\/ -->\n<title>8 sev\u00e4rdheter i Teror (Gran Canaria) + foton<\/title>\n<meta name=\"description\" content=\"Uppt\u00e4ck v\u00e5rt urval av de b\u00e4sta sev\u00e4rdheterna i Teror p\u00e5 Gran Canaria + alla v\u00e5ra tips och foton f\u00f6r att bes\u00f6ka Teror\" \/>\n<meta name=\"robots\" content=\"index, follow, max-snippet:-1, max-image-preview:large, max-video-preview:-1\" \/>\n<link rel=\"canonical\" href=\"https:\/\/canarias-lovers.com\/sv\/sevardheter-teror-gran-canaria-att-gora\/\" \/>\n<meta property=\"og:locale\" content=\"sv_SE\" \/>\n<meta property=\"og:type\" content=\"article\" \/>\n<meta property=\"og:title\" content=\"8 sev\u00e4rdheter i Teror (Gran Canaria) + foton\" \/>\n<meta property=\"og:description\" content=\"Uppt\u00e4ck v\u00e5rt urval av de b\u00e4sta sev\u00e4rdheterna i Teror p\u00e5 Gran Canaria + alla v\u00e5ra tips och foton f\u00f6r att bes\u00f6ka Teror\" \/>\n<meta property=\"og:url\" content=\"https:\/\/canarias-lovers.com\/sv\/sevardheter-teror-gran-canaria-att-gora\/\" \/>\n<meta property=\"og:site_name\" content=\"Canarias Lovers: Tenerife + Gran Canaria\" \/>\n<meta property=\"article:published_time\" content=\"2024-09-10T13:48:42+00:00\" \/>\n<meta property=\"article:modified_time\" content=\"2024-09-13T06:57:38+00:00\" \/>\n<meta property=\"og:image\" content=\"https:\/\/canarias-lovers.com\/wp-content\/uploads\/2024\/09\/sevardheter-teror-gran-canaria-att-gora.jpg\" \/>\n\t<meta property=\"og:image:width\" content=\"800\" \/>\n\t<meta property=\"og:image:height\" content=\"600\" \/>\n\t<meta property=\"og:image:type\" content=\"image\/jpeg\" \/>\n<meta name=\"author\" content=\"Julie\" \/>\n<meta name=\"twitter:card\" content=\"summary_large_image\" \/>\n<meta name=\"twitter:label1\" content=\"Skriven av\" \/>\n\t<meta name=\"twitter:data1\" content=\"Julie\" \/>\n\t<meta name=\"twitter:label2\" content=\"Ber\u00e4knad l\u00e4stid\" \/>\n\t<meta name=\"twitter:data2\" content=\"8 minuter\" \/>\n<script type=\"application\/ld+json\" class=\"yoast-schema-graph\">{\"@context\":\"https:\/\/schema.org\",\"@graph\":[{\"@type\":\"Article\",\"@id\":\"https:\/\/canarias-lovers.com\/sv\/sevardheter-teror-gran-canaria-att-gora\/#article\",\"isPartOf\":{\"@id\":\"https:\/\/canarias-lovers.com\/sv\/sevardheter-teror-gran-canaria-att-gora\/\"},\"author\":{\"name\":\"Julie\",\"@id\":\"https:\/\/canarias-lovers.com\/sv\/#\/schema\/person\/1ec7cf140667644238370c9f82ae182b\"},\"headline\":\"8 sev\u00e4rdheter i Teror (Gran Canaria) + foton\",\"datePublished\":\"2024-09-10T13:48:42+00:00\",\"dateModified\":\"2024-09-13T06:57:38+00:00\",\"mainEntityOfPage\":{\"@id\":\"https:\/\/canarias-lovers.com\/sv\/sevardheter-teror-gran-canaria-att-gora\/\"},\"wordCount\":1571,\"publisher\":{\"@id\":\"https:\/\/canarias-lovers.com\/sv\/#organization\"},\"image\":{\"@id\":\"https:\/\/canarias-lovers.com\/sv\/sevardheter-teror-gran-canaria-att-gora\/#primaryimage\"},\"thumbnailUrl\":\"https:\/\/canarias-lovers.com\/wp-content\/uploads\/2024\/09\/sevardheter-teror-gran-canaria-att-gora.jpg\",\"articleSection\":[\"Gran Canaria\"],\"inLanguage\":\"sv-SE\"},{\"@type\":\"WebPage\",\"@id\":\"https:\/\/canarias-lovers.com\/sv\/sevardheter-teror-gran-canaria-att-gora\/\",\"url\":\"https:\/\/canarias-lovers.com\/sv\/sevardheter-teror-gran-canaria-att-gora\/\",\"name\":\"8 sev\u00e4rdheter i Teror (Gran Canaria) + foton\",\"isPartOf\":{\"@id\":\"https:\/\/canarias-lovers.com\/sv\/#website\"},\"primaryImageOfPage\":{\"@id\":\"https:\/\/canarias-lovers.com\/sv\/sevardheter-teror-gran-canaria-att-gora\/#primaryimage\"},\"image\":{\"@id\":\"https:\/\/canarias-lovers.com\/sv\/sevardheter-teror-gran-canaria-att-gora\/#primaryimage\"},\"thumbnailUrl\":\"https:\/\/canarias-lovers.com\/wp-content\/uploads\/2024\/09\/sevardheter-teror-gran-canaria-att-gora.jpg\",\"datePublished\":\"2024-09-10T13:48:42+00:00\",\"dateModified\":\"2024-09-13T06:57:38+00:00\",\"description\":\"Uppt\u00e4ck v\u00e5rt urval av de b\u00e4sta sev\u00e4rdheterna i Teror p\u00e5 Gran Canaria + alla v\u00e5ra tips och foton f\u00f6r att bes\u00f6ka Teror\",\"breadcrumb\":{\"@id\":\"https:\/\/canarias-lovers.com\/sv\/sevardheter-teror-gran-canaria-att-gora\/#breadcrumb\"},\"inLanguage\":\"sv-SE\",\"potentialAction\":[{\"@type\":\"ReadAction\",\"target\":[\"https:\/\/canarias-lovers.com\/sv\/sevardheter-teror-gran-canaria-att-gora\/\"]}]},{\"@type\":\"ImageObject\",\"inLanguage\":\"sv-SE\",\"@id\":\"https:\/\/canarias-lovers.com\/sv\/sevardheter-teror-gran-canaria-att-gora\/#primaryimage\",\"url\":\"https:\/\/canarias-lovers.com\/wp-content\/uploads\/2024\/09\/sevardheter-teror-gran-canaria-att-gora.jpg\",\"contentUrl\":\"https:\/\/canarias-lovers.com\/wp-content\/uploads\/2024\/09\/sevardheter-teror-gran-canaria-att-gora.jpg\",\"width\":800,\"height\":600,\"caption\":\"sevardheter teror gran canaria att gora\"},{\"@type\":\"BreadcrumbList\",\"@id\":\"https:\/\/canarias-lovers.com\/sv\/sevardheter-teror-gran-canaria-att-gora\/#breadcrumb\",\"itemListElement\":[{\"@type\":\"ListItem\",\"position\":1,\"name\":\"Accueil\",\"item\":\"https:\/\/canarias-lovers.com\/sv\/\"},{\"@type\":\"ListItem\",\"position\":2,\"name\":\"Gran Canaria\",\"item\":\"https:\/\/canarias-lovers.com\/sv\/gran-canaria-sv\/\"},{\"@type\":\"ListItem\",\"position\":3,\"name\":\"8 sev\u00e4rdheter i Teror (Gran Canaria) + foton\"}]},{\"@type\":\"WebSite\",\"@id\":\"https:\/\/canarias-lovers.com\/sv\/#website\",\"url\":\"https:\/\/canarias-lovers.com\/sv\/\",\"name\":\"Canarias Lovers: Tenerife + Gran Canaria\",\"description\":\"Claire och Manu's blogg\",\"publisher\":{\"@id\":\"https:\/\/canarias-lovers.com\/sv\/#organization\"},\"potentialAction\":[{\"@type\":\"SearchAction\",\"target\":{\"@type\":\"EntryPoint\",\"urlTemplate\":\"https:\/\/canarias-lovers.com\/sv\/?s={search_term_string}\"},\"query-input\":{\"@type\":\"PropertyValueSpecification\",\"valueRequired\":true,\"valueName\":\"search_term_string\"}}],\"inLanguage\":\"sv-SE\"},{\"@type\":\"Organization\",\"@id\":\"https:\/\/canarias-lovers.com\/sv\/#organization\",\"name\":\"Canarias Lovers: Tenerife + Gran Canaria\",\"url\":\"https:\/\/canarias-lovers.com\/sv\/\",\"logo\":{\"@type\":\"ImageObject\",\"inLanguage\":\"sv-SE\",\"@id\":\"https:\/\/canarias-lovers.com\/sv\/#\/schema\/logo\/image\/\",\"url\":\"https:\/\/canarias-lovers.com\/wp-content\/uploads\/2024\/05\/cropped-Canarias-Lovers-Logo.png\",\"contentUrl\":\"https:\/\/canarias-lovers.com\/wp-content\/uploads\/2024\/05\/cropped-Canarias-Lovers-Logo.png\",\"width\":2635,\"height\":595,\"caption\":\"Canarias Lovers: Tenerife + Gran Canaria\"},\"image\":{\"@id\":\"https:\/\/canarias-lovers.com\/sv\/#\/schema\/logo\/image\/\"}},{\"@type\":\"Person\",\"@id\":\"https:\/\/canarias-lovers.com\/sv\/#\/schema\/person\/1ec7cf140667644238370c9f82ae182b\",\"name\":\"Julie\",\"image\":{\"@type\":\"ImageObject\",\"inLanguage\":\"sv-SE\",\"@id\":\"https:\/\/secure.gravatar.com\/avatar\/a611248efc69ee9e187aa9c079fc95ddf244fb85450703880b633892883f84f5?s=96&d=mm&r=g\",\"url\":\"https:\/\/secure.gravatar.com\/avatar\/a611248efc69ee9e187aa9c079fc95ddf244fb85450703880b633892883f84f5?s=96&d=mm&r=g\",\"contentUrl\":\"https:\/\/secure.gravatar.com\/avatar\/a611248efc69ee9e187aa9c079fc95ddf244fb85450703880b633892883f84f5?s=96&d=mm&r=g\",\"caption\":\"Julie\"},\"sameAs\":[\"https:\/\/canarias-lovers.com\/julie-joly\/\"],\"url\":\"https:\/\/canarias-lovers.com\/sv\/author\/julie\/\"}]}<\/script>\n<!-- \/ Yoast SEO plugin. -->","yoast_head_json":{"title":"8 sev\u00e4rdheter i Teror (Gran Canaria) + foton","description":"Uppt\u00e4ck v\u00e5rt urval av de b\u00e4sta sev\u00e4rdheterna i Teror p\u00e5 Gran Canaria + alla v\u00e5ra tips och foton f\u00f6r att bes\u00f6ka Teror","robots":{"index":"index","follow":"follow","max-snippet":"max-snippet:-1","max-image-preview":"max-image-preview:large","max-video-preview":"max-video-preview:-1"},"canonical":"https:\/\/canarias-lovers.com\/sv\/sevardheter-teror-gran-canaria-att-gora\/","og_locale":"sv_SE","og_type":"article","og_title":"8 sev\u00e4rdheter i Teror (Gran Canaria) + foton","og_description":"Uppt\u00e4ck v\u00e5rt urval av de b\u00e4sta sev\u00e4rdheterna i Teror p\u00e5 Gran Canaria + alla v\u00e5ra tips och foton f\u00f6r att bes\u00f6ka Teror","og_url":"https:\/\/canarias-lovers.com\/sv\/sevardheter-teror-gran-canaria-att-gora\/","og_site_name":"Canarias Lovers: Tenerife + Gran Canaria","article_published_time":"2024-09-10T13:48:42+00:00","article_modified_time":"2024-09-13T06:57:38+00:00","og_image":[{"width":800,"height":600,"url":"https:\/\/canarias-lovers.com\/wp-content\/uploads\/2024\/09\/sevardheter-teror-gran-canaria-att-gora.jpg","type":"image\/jpeg"}],"author":"Julie","twitter_card":"summary_large_image","twitter_misc":{"Skriven av":"Julie","Ber\u00e4knad l\u00e4stid":"8 minuter"},"schema":{"@context":"https:\/\/schema.org","@graph":[{"@type":"Article","@id":"https:\/\/canarias-lovers.com\/sv\/sevardheter-teror-gran-canaria-att-gora\/#article","isPartOf":{"@id":"https:\/\/canarias-lovers.com\/sv\/sevardheter-teror-gran-canaria-att-gora\/"},"author":{"name":"Julie","@id":"https:\/\/canarias-lovers.com\/sv\/#\/schema\/person\/1ec7cf140667644238370c9f82ae182b"},"headline":"8 sev\u00e4rdheter i Teror (Gran Canaria) + foton","datePublished":"2024-09-10T13:48:42+00:00","dateModified":"2024-09-13T06:57:38+00:00","mainEntityOfPage":{"@id":"https:\/\/canarias-lovers.com\/sv\/sevardheter-teror-gran-canaria-att-gora\/"},"wordCount":1571,"publisher":{"@id":"https:\/\/canarias-lovers.com\/sv\/#organization"},"image":{"@id":"https:\/\/canarias-lovers.com\/sv\/sevardheter-teror-gran-canaria-att-gora\/#primaryimage"},"thumbnailUrl":"https:\/\/canarias-lovers.com\/wp-content\/uploads\/2024\/09\/sevardheter-teror-gran-canaria-att-gora.jpg","articleSection":["Gran Canaria"],"inLanguage":"sv-SE"},{"@type":"WebPage","@id":"https:\/\/canarias-lovers.com\/sv\/sevardheter-teror-gran-canaria-att-gora\/","url":"https:\/\/canarias-lovers.com\/sv\/sevardheter-teror-gran-canaria-att-gora\/","name":"8 sev\u00e4rdheter i Teror (Gran Canaria) + foton","isPartOf":{"@id":"https:\/\/canarias-lovers.com\/sv\/#website"},"primaryImageOfPage":{"@id":"https:\/\/canarias-lovers.com\/sv\/sevardheter-teror-gran-canaria-att-gora\/#primaryimage"},"image":{"@id":"https:\/\/canarias-lovers.com\/sv\/sevardheter-teror-gran-canaria-att-gora\/#primaryimage"},"thumbnailUrl":"https:\/\/canarias-lovers.com\/wp-content\/uploads\/2024\/09\/sevardheter-teror-gran-canaria-att-gora.jpg","datePublished":"2024-09-10T13:48:42+00:00","dateModified":"2024-09-13T06:57:38+00:00","description":"Uppt\u00e4ck v\u00e5rt urval av de b\u00e4sta sev\u00e4rdheterna i Teror p\u00e5 Gran Canaria + alla v\u00e5ra tips och foton f\u00f6r att bes\u00f6ka Teror","breadcrumb":{"@id":"https:\/\/canarias-lovers.com\/sv\/sevardheter-teror-gran-canaria-att-gora\/#breadcrumb"},"inLanguage":"sv-SE","potentialAction":[{"@type":"ReadAction","target":["https:\/\/canarias-lovers.com\/sv\/sevardheter-teror-gran-canaria-att-gora\/"]}]},{"@type":"ImageObject","inLanguage":"sv-SE","@id":"https:\/\/canarias-lovers.com\/sv\/sevardheter-teror-gran-canaria-att-gora\/#primaryimage","url":"https:\/\/canarias-lovers.com\/wp-content\/uploads\/2024\/09\/sevardheter-teror-gran-canaria-att-gora.jpg","contentUrl":"https:\/\/canarias-lovers.com\/wp-content\/uploads\/2024\/09\/sevardheter-teror-gran-canaria-att-gora.jpg","width":800,"height":600,"caption":"sevardheter teror gran canaria att gora"},{"@type":"BreadcrumbList","@id":"https:\/\/canarias-lovers.com\/sv\/sevardheter-teror-gran-canaria-att-gora\/#breadcrumb","itemListElement":[{"@type":"ListItem","position":1,"name":"Accueil","item":"https:\/\/canarias-lovers.com\/sv\/"},{"@type":"ListItem","position":2,"name":"Gran Canaria","item":"https:\/\/canarias-lovers.com\/sv\/gran-canaria-sv\/"},{"@type":"ListItem","position":3,"name":"8 sev\u00e4rdheter i Teror (Gran Canaria) + foton"}]},{"@type":"WebSite","@id":"https:\/\/canarias-lovers.com\/sv\/#website","url":"https:\/\/canarias-lovers.com\/sv\/","name":"Canarias Lovers: Tenerife + Gran Canaria","description":"Claire och Manu's blogg","publisher":{"@id":"https:\/\/canarias-lovers.com\/sv\/#organization"},"potentialAction":[{"@type":"SearchAction","target":{"@type":"EntryPoint","urlTemplate":"https:\/\/canarias-lovers.com\/sv\/?s={search_term_string}"},"query-input":{"@type":"PropertyValueSpecification","valueRequired":true,"valueName":"search_term_string"}}],"inLanguage":"sv-SE"},{"@type":"Organization","@id":"https:\/\/canarias-lovers.com\/sv\/#organization","name":"Canarias Lovers: Tenerife + Gran Canaria","url":"https:\/\/canarias-lovers.com\/sv\/","logo":{"@type":"ImageObject","inLanguage":"sv-SE","@id":"https:\/\/canarias-lovers.com\/sv\/#\/schema\/logo\/image\/","url":"https:\/\/canarias-lovers.com\/wp-content\/uploads\/2024\/05\/cropped-Canarias-Lovers-Logo.png","contentUrl":"https:\/\/canarias-lovers.com\/wp-content\/uploads\/2024\/05\/cropped-Canarias-Lovers-Logo.png","width":2635,"height":595,"caption":"Canarias Lovers: Tenerife + Gran Canaria"},"image":{"@id":"https:\/\/canarias-lovers.com\/sv\/#\/schema\/logo\/image\/"}},{"@type":"Person","@id":"https:\/\/canarias-lovers.com\/sv\/#\/schema\/person\/1ec7cf140667644238370c9f82ae182b","name":"Julie","image":{"@type":"ImageObject","inLanguage":"sv-SE","@id":"https:\/\/secure.gravatar.com\/avatar\/a611248efc69ee9e187aa9c079fc95ddf244fb85450703880b633892883f84f5?s=96&d=mm&r=g","url":"https:\/\/secure.gravatar.com\/avatar\/a611248efc69ee9e187aa9c079fc95ddf244fb85450703880b633892883f84f5?s=96&d=mm&r=g","contentUrl":"https:\/\/secure.gravatar.com\/avatar\/a611248efc69ee9e187aa9c079fc95ddf244fb85450703880b633892883f84f5?s=96&d=mm&r=g","caption":"Julie"},"sameAs":["https:\/\/canarias-lovers.com\/julie-joly\/"],"url":"https:\/\/canarias-lovers.com\/sv\/author\/julie\/"}]}},"featured_image_src":"https:\/\/canarias-lovers.com\/wp-content\/uploads\/2024\/09\/sevardheter-teror-gran-canaria-att-gora-600x400.jpg","featured_image_src_square":"https:\/\/canarias-lovers.com\/wp-content\/uploads\/2024\/09\/sevardheter-teror-gran-canaria-att-gora-600x600.jpg","author_info":{"display_name":"Julie","author_link":"https:\/\/canarias-lovers.com\/sv\/author\/julie\/"},"_links":{"self":[{"href":"https:\/\/canarias-lovers.com\/sv\/wp-json\/wp\/v2\/posts\/3837","targetHints":{"allow":["GET"]}}],"collection":[{"href":"https:\/\/canarias-lovers.com\/sv\/wp-json\/wp\/v2\/posts"}],"about":[{"href":"https:\/\/canarias-lovers.com\/sv\/wp-json\/wp\/v2\/types\/post"}],"author":[{"embeddable":true,"href":"https:\/\/canarias-lovers.com\/sv\/wp-json\/wp\/v2\/users\/5"}],"replies":[{"embeddable":true,"href":"https:\/\/canarias-lovers.com\/sv\/wp-json\/wp\/v2\/comments?post=3837"}],"version-history":[{"count":0,"href":"https:\/\/canarias-lovers.com\/sv\/wp-json\/wp\/v2\/posts\/3837\/revisions"}],"wp:featuredmedia":[{"embeddable":true,"href":"https:\/\/canarias-lovers.com\/sv\/wp-json\/wp\/v2\/media\/3816"}],"wp:attachment":[{"href":"https:\/\/canarias-lovers.com\/sv\/wp-json\/wp\/v2\/media?parent=3837"}],"wp:term":[{"taxonomy":"category","embeddable":true,"href":"https:\/\/canarias-lovers.com\/sv\/wp-json\/wp\/v2\/categories?post=3837"},{"taxonomy":"post_tag","embeddable":true,"href":"https:\/\/canarias-lovers.com\/sv\/wp-json\/wp\/v2\/tags?post=3837"}],"curies":[{"name":"wp","href":"https:\/\/api.w.org\/{rel}","templated":true}]}}