{"id":2070,"date":"2024-07-18T15:35:08","date_gmt":"2024-07-18T15:35:08","guid":{"rendered":"https:\/\/canarias-lovers.com\/varfor-ga-tilllas-palmas-gran-canaria-skal\/"},"modified":"2024-07-19T12:13:32","modified_gmt":"2024-07-19T12:13:32","slug":"varfor-besoka-las-palmas-gran-canaria-vart","status":"publish","type":"post","link":"https:\/\/canarias-lovers.com\/sv\/varfor-besoka-las-palmas-gran-canaria-vart\/","title":{"rendered":"\u00c4r Las Palmas v\u00e4rt att bes\u00f6ka? V\u00e5ra 10 sk\u00e4l"},"content":{"rendered":"\n<p><strong>Kanarie\u00f6arnas<\/strong> huvudstad <strong>Las Palmas<\/strong> ligger p\u00e5 nord\u00f6stra delen av \u00f6n <strong>Gran Canaria<\/strong> och \u00e4r ett unikt resm\u00e5l f\u00f6r resen\u00e4rer som s\u00f6ker <strong>kulturell m\u00e5ngfald<\/strong> och <strong>gyllene str\u00e4nder<\/strong>. Mellan kullerstensgatorna i den historiska stadsdelen <strong>Vegueta<\/strong> och de h\u00f6ga fartygen i hamnen \u00e4r det h\u00e4r sk\u00e4rg\u00e5rdens hj\u00e4rta sl\u00e5r.<\/p>\n\n<p>  I den h\u00e4r artikeln ber\u00e4ttar vi om varf\u00f6r vi \u00e4lskar denna <strong>kosmopolitiska stad<\/strong>.<\/p>\n\n<figure class=\"wp-block-image size-full\"><img decoding=\"async\" src=\"https:\/\/canarias-lovers.com\/wp-content\/uploads\/2024\/07\/Pourquoi-aller-las-palmas-vaut-la-peine-raisons-8.jpg\" alt=\"10 sk&#xE4;l att bes&#xF6;ka Las Palmas\" class=\"wp-image-2037\"\/><\/figure>\n\n<p>Detta \u00e4r en helt <strong>oberoende<\/strong> \u00e5sikt, baserad p\u00e5 v\u00e5r egen erfarenhet. Vi bes\u00f6kte regionen anonymt, gjorde v\u00e5ra egna val och betalade v\u00e5ra r\u00e4kningar till fullo.<\/p>\n\n<div style=\"padding-left:5%\" class=\"wp-block-genesis-blocks-gb-container box gb-block-container\"><div class=\"gb-container-inside\"><div class=\"gb-container-content\">\n<p class=\"titre_box_manuscrit\">Inneh\u00e5ll<\/p>\n\n\n<div id=\"ez-toc-container\" class=\"ez-toc-v2_0_82_1 counter-hierarchy ez-toc-counter ez-toc-custom ez-toc-container-direction\">\n<div class=\"ez-toc-title-container\">\n<span class=\"ez-toc-title-toggle\"><\/span><\/div>\n<nav><ul class='ez-toc-list ez-toc-list-level-1 ' ><li class='ez-toc-page-1 ez-toc-heading-level-2'><a class=\"ez-toc-link ez-toc-heading-1\" href=\"https:\/\/canarias-lovers.com\/sv\/varfor-besoka-las-palmas-gran-canaria-vart\/#Ar_Las_Palmas_vart_ett_besok\" >\u00c4r Las Palmas v\u00e4rt ett bes\u00f6k?<\/a><\/li><li class='ez-toc-page-1 ez-toc-heading-level-2'><a class=\"ez-toc-link ez-toc-heading-2\" href=\"https:\/\/canarias-lovers.com\/sv\/varfor-besoka-las-palmas-gran-canaria-vart\/#Anledning_1_%E2%80%93_Det_pittoreska_historiska_distriktet\" >Anledning 1 &#8211; Det pittoreska historiska distriktet<\/a><\/li><li class='ez-toc-page-1 ez-toc-heading-level-2'><a class=\"ez-toc-link ez-toc-heading-3\" href=\"https:\/\/canarias-lovers.com\/sv\/varfor-besoka-las-palmas-gran-canaria-vart\/#Anledning_2_%E2%80%93_Exceptionella_stadsstrander\" >Anledning 2 &#8211; Exceptionella stadsstr\u00e4nder<\/a><\/li><li class='ez-toc-page-1 ez-toc-heading-level-2'><a class=\"ez-toc-link ez-toc-heading-4\" href=\"https:\/\/canarias-lovers.com\/sv\/varfor-besoka-las-palmas-gran-canaria-vart\/#Skal_3_%E2%80%93_Ett_levande_kulturliv\" >Sk\u00e4l 3 &#8211; Ett levande kulturliv<\/a><\/li><li class='ez-toc-page-1 ez-toc-heading-level-2'><a class=\"ez-toc-link ez-toc-heading-5\" href=\"https:\/\/canarias-lovers.com\/sv\/varfor-besoka-las-palmas-gran-canaria-vart\/#Anledning_4_%E2%80%93_Rikt_historiskt_arv\" >Anledning 4 &#8211; Rikt historiskt arv<\/a><\/li><li class='ez-toc-page-1 ez-toc-heading-level-2'><a class=\"ez-toc-link ez-toc-heading-6\" href=\"https:\/\/canarias-lovers.com\/sv\/varfor-besoka-las-palmas-gran-canaria-vart\/#Anledning_5_%E2%80%93_Atmosfaren_i_hamnen\" >Anledning 5 &#8211; Atmosf\u00e4ren i hamnen<\/a><\/li><li class='ez-toc-page-1 ez-toc-heading-level-2'><a class=\"ez-toc-link ez-toc-heading-7\" href=\"https:\/\/canarias-lovers.com\/sv\/varfor-besoka-las-palmas-gran-canaria-vart\/#Anledning_6_%E2%80%93_Det_varierade_lokala_koket\" >Anledning 6 &#8211; Det varierade lokala k\u00f6ket<\/a><\/li><li class='ez-toc-page-1 ez-toc-heading-level-2'><a class=\"ez-toc-link ez-toc-heading-8\" href=\"https:\/\/canarias-lovers.com\/sv\/varfor-besoka-las-palmas-gran-canaria-vart\/#Anledning_7_%E2%80%93_Milt_klimat_aret_runt\" >Anledning 7 &#8211; Milt klimat \u00e5ret runt<\/a><\/li><li class='ez-toc-page-1 ez-toc-heading-level-2'><a class=\"ez-toc-link ez-toc-heading-9\" href=\"https:\/\/canarias-lovers.com\/sv\/varfor-besoka-las-palmas-gran-canaria-vart\/#Skal_8_%E2%80%93_Diversifierade_vattensportaktiviteter\" >Sk\u00e4l 8 &#8211; Diversifierade vattensportaktiviteter<\/a><\/li><li class='ez-toc-page-1 ez-toc-heading-level-2'><a class=\"ez-toc-link ez-toc-heading-10\" href=\"https:\/\/canarias-lovers.com\/sv\/varfor-besoka-las-palmas-gran-canaria-vart\/#Anledning_9_%E2%80%93_En_idealisk_bas_for_att_utforska_Gran_Canaria\" >Anledning 9 &#8211; En idealisk bas f\u00f6r att utforska Gran Canaria<\/a><\/li><li class='ez-toc-page-1 ez-toc-heading-level-2'><a class=\"ez-toc-link ez-toc-heading-11\" href=\"https:\/\/canarias-lovers.com\/sv\/varfor-besoka-las-palmas-gran-canaria-vart\/#Skal_10_%E2%80%93_Shoppingmojligheter\" >Sk\u00e4l 10 &#8211; Shoppingm\u00f6jligheter<\/a><\/li><li class='ez-toc-page-1 ez-toc-heading-level-2'><a class=\"ez-toc-link ez-toc-heading-12\" href=\"https:\/\/canarias-lovers.com\/sv\/varfor-besoka-las-palmas-gran-canaria-vart\/#Nagra_nackdelar_med_en_resa_till_Las_Palmas\" >N\u00e5gra nackdelar med en resa till Las Palmas<\/a><\/li><li class='ez-toc-page-1 ez-toc-heading-level-2'><a class=\"ez-toc-link ez-toc-heading-13\" href=\"https:\/\/canarias-lovers.com\/sv\/varfor-besoka-las-palmas-gran-canaria-vart\/#Hur_man_tar_sig_till_Las_Palmas\" >Hur man tar sig till Las Palmas<\/a><\/li><\/ul><\/nav><\/div>\n\n<\/div><\/div><\/div>\n\n<h2 class=\"wp-block-heading\"><span class=\"ez-toc-section\" id=\"Ar_Las_Palmas_vart_ett_besok\"><\/span>\u00c4r Las Palmas v\u00e4rt ett bes\u00f6k?<span class=\"ez-toc-section-end\"><\/span><\/h2>\n\n<p>Las Palmas \u00e4r v\u00e4l v\u00e4rt ett bes\u00f6k. Denna livliga stad \u00e4r en unik blandning av kultur, historia och modernitet. Vi \u00e4lskade dess magnifika str\u00e4nder, dess koloniala fasader, dess m\u00e5nga museer och dess gastronomi full av \u00f6verraskningar. Det har m\u00e5nga tillg\u00e5ngar. F\u00f6r att inte tala om det behagliga klimatet \u00e5ret runt. Vi bes\u00f6kte den p\u00e5 vintern och nj\u00f6t av den till fullo.<\/p>\n\n<p>Vi redog\u00f6r f\u00f6r sk\u00e4len mer i detalj nedan. Du kan ocks\u00e5 ta en titt p\u00e5 <a href=\"https:\/\/canarias-lovers.com\/sv\/sevardheter-las-palmas-gran-canaria-att-gora\/\" target=\"_blank\" rel=\"noreferrer noopener\">v\u00e5rt urval av stadens fr\u00e4msta attraktioner<\/a>.<\/p>\n\n<figure class=\"wp-block-image size-large\"><img decoding=\"async\" src=\"https:\/\/photos.smugmug.com\/Canarias-Lovers\/Gran-Canaria\/Las-Palmas\/Santa-Ana-Cathedral\/i-k6jq3GV\/0\/MpJtQKMXvnT3K4JVkTgjG3nZk3tPQZSNtxrjrdFLp\/L\/Gran%20Canaria_Las%20Palmas%20_Cathedral_Santa_Ana_Roof-View_Vergueta-L.jpg\" alt=\"Utsikt &#xF6;ver Vegueta-omr&#xE5;det fr&#xE5;n katedralens tak i Las Palmas.\"\/><\/figure>\n\n<h2 class=\"wp-block-heading\"><span class=\"ez-toc-section\" id=\"Anledning_1_%E2%80%93_Det_pittoreska_historiska_distriktet\"><\/span>Anledning 1 &#8211; Det pittoreska historiska distriktet<span class=\"ez-toc-section-end\"><\/span><\/h2>\n\n<figure class=\"wp-block-image size-large\"><img decoding=\"async\" src=\"https:\/\/photos.smugmug.com\/Canarias-Lovers\/Gran-Canaria\/Las-Palmas\/Old-town\/i-9tWGhRS\/0\/NS6hPVxJSs7BMrNhtCnGcXnCDqGJCW6sgztVxg7C6\/L\/las-palmas-gran-canaria-old-town-2-L.jpg\" alt=\"Vegueta-omr&#xE5;det i Las Palmas Gran Canaria\"\/><\/figure>\n\n<p>Stadsdelarna<strong> Vegueta<\/strong> och <strong>Triana<\/strong> \u00e4r Las Palmas historiska hj\u00e4rta. Vi \u00e4lskade att promenera genom de f\u00e4rgglada kullerstensgatorna. Deras koloniala arkitektur har bevarats p\u00e5 ett fantastiskt s\u00e4tt. Vegueta finns med p\u00e5 <strong>Unescos v\u00e4rldsarvslista<\/strong>. Vi hittade m\u00e5nga restauranger med livliga terrasser.<\/p>\n\n<figure class=\"wp-block-image size-large\"><img decoding=\"async\" src=\"https:\/\/photos.smugmug.com\/Canarias-Lovers\/Gran-Canaria\/Las-Palmas\/Old-town\/i-h2F25Tt\/0\/LZWjJ7Td4SJX5jWzdzJCtXTLsjfCB8T8FJwWw67B7\/L\/las-palmas-gran-canaria-old-town-3-L.jpg\" alt=\"Vegueta-marknaden i Las Palmas  \"\/><figcaption class=\"wp-element-caption\">Mercado de Vegueta<\/figcaption><\/figure>\n\n<p>P\u00e5 v\u00e4gen ner till havet rekommenderar vi ett bes\u00f6k p\u00e5 <strong>Vegueta-marknaden<\/strong>. Detta ger en verklig inblick i livet p\u00e5 Kanarie\u00f6arna n\u00e4r det \u00e4r som mest autentiskt.  <\/p>\n\n<p>Varf\u00f6r inte ge dig ut p\u00e5 en <strong>privat vandringstur i gamla stan<\/strong> med en lokal guide? En m\u00f6jlighet att uppt\u00e4cka alla hemligheter i den koloniala staden.  <a href=\"https:\/\/www.getyourguide.se\/grande-canarie-l418\/au-depart-de-las-palmas-visite-guidee-vip-d-une-demi-journee-a-las-palmas-t74642\/?partner_id=R3GYW4V&amp;cmp=CAL\" target=\"_blank\" rel=\"noreferrer noopener sponsored nofollow\">Se priser, bilder och tillg\u00e4nglighet.<\/a><\/p>\n\n<div style=\"margin-top:8%;margin-bottom:8%\" class=\"wp-block-genesis-blocks-gb-container box gb-block-container\"><div class=\"gb-container-inside\"><div class=\"gb-container-content\" style=\"max-width:700px\">\n<div class=\"wp-block-genesis-blocks-gb-container box_titre gb-block-container\"><div class=\"gb-container-inside\"><div class=\"gb-container-content\">\n<h5 class=\"titre_box\" style=\"padding-top:10px;\">VART SKA MAN BO I <span class=\"titre_box_manuscrit\">Las Palmas de Gran Canaria<\/span><\/h5>\n<\/div><\/div><\/div>\n\n\n\n<hr class=\"wp-block-separator has-text-color has-alpha-channel-opacity has-background is-style-wide hr-box-planif\" style=\"background-color:#ccd3dd;color:#ccd3dd\"\/>\n\n\n\n<div class=\"wp-block-columns box_sans_border is-layout-flex wp-container-core-columns-is-layout-9d6595d7 wp-block-columns-is-layout-flex\">\n<div class=\"wp-block-column texte_planif is-layout-flow wp-block-column-is-layout-flow\" style=\"font-size:14px;flex-basis:60%\">\n<p class=\"option_titre2\"><strong>V\u00e5ra favoriter: stadsdelar och hotell<\/strong><\/p>\n\n\n\n<p style=\"font-size:14px\">I den <strong>gamla stadsdelen<\/strong>, omgiven av charmiga sm\u00e5 gator.<br\/>Hotel Cordial Plaza Mayor de Santa Ana &#8211;<a href=\"https:\/\/www.booking.com\/hotel\/es\/boutique-cordial-plaza-mayor-de-santa-ana.html?aid=2421274\" target=\"_blank\" rel=\"noreferrer noopener sponsored nofollow\"> se bilder och tillg\u00e4nglighet<\/a><\/p>\n\n\n\n<p style=\"font-size:14px\"><strong>Playa de las Canteras<\/strong>, en l\u00e5ng sandstrand.<br\/>Hotel Mares\u00eda Canteras Urban &#8211; <a href=\"https:\/\/www.booking.com\/hotel\/es\/the-maresia-urban.html?aid=2421274\" target=\"_blank\" rel=\"noreferrer noopener sponsored nofollow\">se bilder och tillg\u00e4nglighet<\/a><\/p>\n\n\n\n<p style=\"font-size:14px\">N\u00e4ra <strong>Playa de la Alcaravaneras<\/strong>, ett mindre turistigt omr\u00e5de.<br\/>Hotel Santa Catalina, historisk &#8211; <a href=\"https:\/\/www.booking.com\/hotel\/es\/santa-catalina.html?aid=2421274\" target=\"_blank\" rel=\"noreferrer noopener sponsored nofollow\">se bilder och tillg\u00e4nglighet<\/a><\/p>\n\n\n\n<ul class=\"ul_box wp-block-list\">\n<li><\/li>\n<\/ul>\n<\/div>\n\n\n\n<div class=\"wp-block-column is-vertically-aligned-top planif-radius is-layout-flow wp-block-column-is-layout-flow\" style=\"flex-basis:40%\">\n<figure class=\"wp-block-image size-large img-portrait\"><img decoding=\"async\" src=\"https:\/\/photos.smugmug.com\/Canarias-Lovers\/Gran-Canaria\/Las-Palmas\/Hotel-Cordial-La-Peregrina\/i-GCszzxZ\/0\/CbkqLJjmLVzDSB3d3D2FB7jLdNZtcLT4Fgx5j5VdX\/L\/hotel-cordial-peregrina-las-palmas-gran-canaria-4-L.jpg\" alt=\"Canarias Lovers Logomark\" title=\"\"\/><\/figure>\n<\/div>\n<\/div>\n\n\n\n<p class=\"has-text-align-center has-normal-font-size\">Se v\u00e5rt urval av <a href=\"https:\/\/canarias-lovers.com\/sv\/var-kan-bo-las-palmas-gran-canaria-basta-hotellen-stadsdelarna\/\" target=\"_blank\" rel=\"noreferrer noopener\">de b\u00e4sta hotellen i Las Palmas de Gran Canaria.<\/a><\/p>\n\n\n\n<div class=\"wp-block-buttons planif_bouton is-content-justification-center is-layout-flex wp-container-core-buttons-is-layout-16018d1d wp-block-buttons-is-layout-flex\">\n<div class=\"wp-block-button has-custom-font-size\" style=\"font-size:14px\"><a class=\"wp-block-button__link has-white-color has-text-color wp-element-button\" href=\"https:\/\/www.booking.com\/searchresults.en.html?city=-388528=review_score%253D90%253Breview_score%253D80=2421274=1=2\" style=\"border-radius:4px\" target=\"_blank\" rel=\"noreferrer noopener nofollow\">Se alla tillg\u00e4ngliga boenden &gt;&gt;<\/a><\/div>\n<\/div>\n<\/div><\/div><\/div>\n\n<h2 class=\"wp-block-heading\"><span class=\"ez-toc-section\" id=\"Anledning_2_%E2%80%93_Exceptionella_stadsstrander\"><\/span>Anledning 2 &#8211; Exceptionella stadsstr\u00e4nder<span class=\"ez-toc-section-end\"><\/span><\/h2>\n\n<figure class=\"wp-block-image size-large\"><img decoding=\"async\" src=\"https:\/\/photos.smugmug.com\/Canarias-Lovers\/Gran-Canaria\/Las-Palmas\/Plages-Las-Palmas\/Playa-de-las-Canteras\/i-3kX6Zvr\/0\/Mwtw9gVZvgtWNMxdf6rzTrSWbvPFRhdBkVm4LcHfz\/L\/playa-canteras-plage-2-L.jpg\" alt=\"Playa de las Canteras, Las Palmas, Gran Canaria\"\/><figcaption class=\"wp-element-caption\">Playa Grande<\/figcaption><\/figure>\n\n<p>Str\u00e4nderna i Las Palmas \u00e4r en riktig skattkista. Den mest k\u00e4nda \u00e4r <strong>Playa de Las Canteras<\/strong>. Den str\u00e4cker sig n\u00e4stan <strong>3 km<\/strong> l\u00e4ngs stadens v\u00e4stra sida. Den skyddas av en naturlig <strong>klippbarri\u00e4r <\/strong>som garanterar lugnt vatten som \u00e4r perfekt f\u00f6r simning och snorkling. Strandpromenaden, <strong>Paseo de las Canteras<\/strong>, \u00e4r mycket livlig och full av barer och restauranger.<\/p>\n\n<figure class=\"wp-block-image size-large\"><img decoding=\"async\" src=\"https:\/\/photos.smugmug.com\/Canarias-Lovers\/Gran-Canaria\/Las-Palmas\/Plages-Las-Palmas\/Playa-de-las-Canteras\/i-BftXtJD\/0\/KKm3WCxBKnXxcC2n72gfcHQM8L3482GBnBXmVLnkS\/L\/playa-grande-conteras-las-palmas-shops-L.jpg\" alt=\"Paseo de las Canteras, Las Palmas, Gran Canaria\"\/><figcaption class=\"wp-element-caption\">Paseo de las Canteras<\/figcaption><\/figure>\n\n<p>I s\u00f6der lockar <strong>Playa la Cicer<\/strong> surfare med sina kraftigare v\u00e5gor. Men de mest erfarna finns ocks\u00e5 p\u00e5 <strong>Playa del Confital<\/strong>, p\u00e5 <strong>La Isleta<\/strong>, norr om staden. Det \u00e4r vildare, med en fantastiskt bevarad naturmilj\u00f6.<\/p>\n\n<figure class=\"wp-block-image size-large\"><img decoding=\"async\" src=\"https:\/\/photos.smugmug.com\/Canarias-Lovers\/Gran-Canaria\/Las-Palmas\/Plages-Las-Palmas\/Playa-del-Confital\/i-ktn8J3h\/0\/KWNX3XjVCRHwHstCB2qcqcB5x7L6jGLhp7qndR5Fr\/L\/playa-confital-las-palmas-L.jpg\" alt=\"Playa del Confital, Las Palmas, Gran Canaria\"\/><figcaption class=\"wp-element-caption\">Playa del Confital<\/figcaption><\/figure>\n\n<p>Dessa urbana str\u00e4nder kombinerar bekv\u00e4mlighet med naturlig sk\u00f6nhet. De har<strong> moderna faciliteter<\/strong> och erbjuder ett brett utbud av aktiviteter. Faktum \u00e4r att vi har \u00e4gnat en hel artikel \u00e5t de <a href=\"https:\/\/canarias-lovers.com\/sv\/basta-stranderna-las-palmas-gran-canaria\/\" target=\"_blank\" rel=\"noreferrer noopener\">vackraste str\u00e4nderna i Las Palmas<\/a>. Ta reda p\u00e5 mer om:<\/p>\n\n<ul class=\"wp-block-list\">\n<li>la Playa Grande<\/li>\n\n\n\n<li>Playa Chica<\/li>\n\n\n\n<li>Playa Pe\u00f1a de la Vieja<\/li>\n\n\n\n<li>la Playa la Cicer<\/li>\n\n\n\n<li>Playa de las Alcaravaneras<\/li>\n\n\n\n<li>Playa del Confital<\/li>\n<\/ul>\n\n<h2 class=\"wp-block-heading\"><span class=\"ez-toc-section\" id=\"Skal_3_%E2%80%93_Ett_levande_kulturliv\"><\/span>Sk\u00e4l 3 &#8211; Ett levande kulturliv<span class=\"ez-toc-section-end\"><\/span><\/h2>\n\n<figure class=\"wp-block-image size-large\"><img decoding=\"async\" src=\"https:\/\/photos.smugmug.com\/Canarias-Lovers\/Gran-Canaria\/Las-Palmas\/Mus&#xE9;es-Las-Palmas\/CAAM\/i-d43sDwh\/0\/MTDq35bBSjNHbq3QtZCDbZzXSBGsPGRMW8xCMv3FJ\/L\/inside-architecture-CAAM-museum-las-palmas-gran-canaria-L.jpg\" alt=\"CAAM-museet i Las Palmas p&#xE5; Gran Canaria\"\/><figcaption class=\"wp-element-caption\"><strong>Atlantiskt centrum f\u00f6r modern konst<\/strong><\/figcaption><\/figure>\n\n<p>Las Palmas kulturliv \u00e4r livligt och m\u00e5ngsidigt. Vi hittade ett antal utst\u00e4llningslokaler f\u00f6r samtida konst, bland annat <strong>Centre Atlantique d&#8217;Art Moderne<\/strong> (CAAM), <strong>La Regenta<\/strong> Art Centre och <strong>Castillo de la Luz<\/strong>, som \u00e4r till\u00e4gnat den Kanarie\u00f6f\u00f6dde konstn\u00e4ren <strong>Mart\u00edn Chirino<\/strong>. Missa inte v\u00e5r artikel om <a href=\"https:\/\/canarias-lovers.com\/sv\/basta-museerna-las-palmas-gran-canaria\/\" target=\"_blank\" rel=\"noreferrer noopener\">museerna i Las Palmas<\/a>.<\/p>\n\n<figure class=\"wp-block-image size-large\"><img decoding=\"async\" src=\"https:\/\/photos.smugmug.com\/Canarias-Lovers\/Gran-Canaria\/Las-Palmas\/Old-town\/i-3S4SLPr\/0\/NDrWDzv5DJhPMKxDHgnvZCdnPZvtnjqXZvgXxVQhf\/L\/perez-galdos-theater-las-palmas-gran-canaria-L.jpg\" alt=\"Perez Galdos-teatern i Las Palmas, Gran Canaria\"\/><figcaption class=\"wp-element-caption\">Teater Perez Galdos<\/figcaption><\/figure>\n\n<p><strong>Teatro Perez Galdos <\/strong>\u00e4r ocks\u00e5 v\u00e4rd f\u00f6r internationellt k\u00e4nda shower, och<strong>Alfredo Kraus Auditorium<\/strong> har enast\u00e5ende akustik. Las Palmas \u00e4r ocks\u00e5 en livlig musikscen. F\u00f6r att inte tala om de <strong>festivaler<\/strong> som h\u00e5lls h\u00e4r under hela \u00e5ret:<\/p>\n\n<ul class=\"wp-block-list\">\n<li><strong>Karneval<\/strong> i slutet av januari. L\u00e4s mer <a href=\"https:\/\/lpacarnaval.com\/fr\/\" target=\"_blank\" rel=\"noreferrer noopener nofollow\">h\u00e4r<\/a>.<\/li>\n\n\n\n<li>den <strong>internationella filmfestivalen<\/strong> i april. L\u00e4s mer <a href=\"https:\/\/www.lpafilmfestival.com\/\" target=\"_blank\" rel=\"noreferrer noopener nofollow\">h\u00e4r<\/a>.<\/li>\n<\/ul>\n\n<div style=\"margin-top:8%;margin-bottom:8%\" class=\"wp-block-genesis-blocks-gb-container box gb-block-container\"><div class=\"gb-container-inside\"><div class=\"gb-container-content\">\n<div class=\"wp-block-columns inverse box_planif is-layout-flex wp-container-core-columns-is-layout-9d6595d7 wp-block-columns-is-layout-flex\">\n<div class=\"wp-block-column texte_planif is-layout-flow wp-block-column-is-layout-flow\" style=\"flex-basis:60%\">\n<h5 class=\"titre_box\" style=\"padding-top:10px;\">V\u00c5RT R\u00c5D F\u00d6R ATT HYRRA EN BIL P\u00c5 <span class=\"titre_box_manuscrit\">Gran Canaria<\/span><\/h5>\n\n\n\n<ul class=\"wp-block-list\" style=\"font-size:14px\">\n<li>J\u00e4mf\u00f6r priser p\u00e5 v\u00e5r f\u00f6redragna plattform: <a href=\"https:\/\/www.discovercars.com\/se\/spain-canary-islands\/gran-canaria?a_aid=zigzag&amp;chan=CAL\" target=\"_blank\" rel=\"noreferrer noopener sponsored nofollow\">DiscoverCars<\/a> &#8211; en av de b\u00e4st rankade webbplatserna.<\/li>\n\n\n\n<li>Om du planerar att utforska bergen ska du inte ta de <strong>minsta bilarna<\/strong>. En kraftfullare motor kommer att vara mer bekv\u00e4m.<\/li>\n\n\n\n<li>Men ta inte heller en f\u00f6r stor bil, eftersom vissa av v\u00e4garna \u00e4r smala.<\/li>\n\n\n\n<li>Det \u00e4r stor efterfr\u00e5gan och det \u00e4r en \u00f6, s\u00e5 <strong>boka tidigt<\/strong>.<\/li>\n<\/ul>\n<\/div>\n\n\n\n<div class=\"wp-block-column planif-radius-2 is-layout-flow wp-block-column-is-layout-flow\">\n<figure class=\"wp-block-image size-large voiture_image\"><img decoding=\"async\" src=\"https:\/\/photos.smugmug.com\/Canarias-Lovers\/Gran-Canaria\/Driving\/i-FXBKL7Q\/1\/C432TQvrLtk7Fzt3jdL3g8XCdWtF4krHtKv9zvKg6\/S\/gran-Canaria-rental-car-driving-S.jpg\" alt=\"K&#xF6;rning p&#xE5; Gran Canaria\"\/><\/figure>\n<\/div>\n<\/div>\n\n\n\n<div class=\"wp-block-columns planif_bouton is-layout-flex wp-container-core-columns-is-layout-9d6595d7 wp-block-columns-is-layout-flex\">\n<div class=\"wp-block-column is-vertically-aligned-top is-layout-flow wp-block-column-is-layout-flow\">\n<div class=\"wp-block-buttons is-content-justification-center is-layout-flex wp-container-core-buttons-is-layout-16018d1d wp-block-buttons-is-layout-flex\">\n<div class=\"wp-block-button\"><a class=\"wp-block-button__link has-white-color has-text-color wp-element-button\" href=\"https:\/\/www.discovercars.com\/se\/spain-canary-islands\/gran-canaria?a_aid=zigzag&amp;amp;chan=CAL\" target=\"_blank\" rel=\"noreferrer noopener nofollow\">Se tillg\u00e4ngliga bilar &gt;&gt;<\/a><\/div>\n<\/div>\n<\/div>\n\n\n\n<div class=\"wp-block-column is-vertically-aligned-center is-layout-flow wp-block-column-is-layout-flow\">\n<p class=\"has-text-align-center\" style=\"font-size:16px\"><a href=\"https:\/\/canarias-lovers.com\/sv\/hur-hyr-bil-gran-canaria-tips-erfarenhet\/\" target=\"_blank\" rel=\"noreferrer noopener\">L\u00e4s v\u00e5ra r\u00e5d<\/a><\/p>\n<\/div>\n<\/div>\n<\/div><\/div><\/div>\n\n<h2 class=\"wp-block-heading\"><span class=\"ez-toc-section\" id=\"Anledning_4_%E2%80%93_Rikt_historiskt_arv\"><\/span>Anledning 4 &#8211; Rikt historiskt arv<span class=\"ez-toc-section-end\"><\/span><\/h2>\n\n<figure class=\"wp-block-image size-large\"><img decoding=\"async\" src=\"https:\/\/photos.smugmug.com\/Canarias-Lovers\/Gran-Canaria\/Las-Palmas\/Santa-Ana-Cathedral\/i-MVFGqvJ\/0\/NVBm4j5Lw4GrCL2WgcGRJcB8VqdTT95Z8Ln6KnfxM\/L\/Gran%20Canaria_Las%20Palmas%20_Cathedral_Santa_Ana_Front%20-L.jpg\" alt=\"Santa Ana-katedralen i Las Palmas p&#xE5; Gran Canaria\"\/><figcaption class=\"wp-element-caption\">Santa Ana-katedralen<\/figcaption><\/figure>\n\n<p>Las Palmas har ett rikt kulturarv. Vi bes\u00f6kte <strong>Santa Ana-katedralen<\/strong> och dess <strong>stiftsmuseum f\u00f6r sakral konst<\/strong>, i hj\u00e4rtat av Vegueta-distriktet. Byggnaden \u00e4r en blandning av gotik, ren\u00e4ssans och neoklassicism.<\/p>\n\n<figure class=\"wp-block-image size-large is-resized\"><img decoding=\"async\" src=\"https:\/\/photos.smugmug.com\/Canarias-Lovers\/Gran-Canaria\/Las-Palmas\/Mus&#xE9;es-Las-Palmas\/Casa-de-Col&#xF3;n-Museum\/i-FzQCPjK\/0\/LfXn37CkGnc2V8xwh3JnzP3VPg83kkvdRJP5JPC7d\/L\/casa_de_colon_las_palmas_gran_canaria_general_view-L.jpg\" alt=\"Casa de Col&#xF3;n-museet i Las Palmas, Gran Canaria\" style=\"width:702px;height:auto\"\/><figcaption class=\"wp-element-caption\">Casa de Col\u00f3n<\/figcaption><\/figure>\n\n<p><strong>Plaza de Santa<\/strong> Ana, framf\u00f6r katedralen, \u00e4r kantad av historiska byggnader fr\u00e5n kolonialtiden. Precis som <strong>Casa de Col\u00f3n<\/strong>, som ber\u00e4ttar om <strong>Christopher Columbus<\/strong> passage och illustrerar b\u00f6rjan p\u00e5 den koloniala eran.<\/p>\n\n<figure class=\"wp-block-image size-large\"><img decoding=\"async\" src=\"https:\/\/photos.smugmug.com\/Canarias-Lovers\/Gran-Canaria\/Las-Palmas\/Mus&#xE9;es-Las-Palmas\/Museo-Canario-Museum-of-the-Canary-Islands\/i-BWXPjxj\/0\/LtRvBMBFCRJN9ndsGSRGNrXJhx8wHCF8dvsfkPXzz\/L\/museum-canary-islands-las-palmas-gran-canaria-2-L.jpg\" alt=\"Canario-museet i Las Palmas, Gran Canaria\"\/><figcaption class=\"wp-element-caption\">Museo Canario<\/figcaption><\/figure>\n\n<p>Vi uppt\u00e4ckte ocks\u00e5 kulturen hos de ursprungliga inv\u00e5narna p\u00e5 Kanarie\u00f6arna, <strong>guancherna<\/strong>, genom att bes\u00f6ka <strong>Canario-museet<\/strong>. Fascinerande artefakter fr\u00e5n Guanche visas upp. De ger en glimt av denna f\u00f6rkoloniala civilisation.<\/p>\n\n<h2 class=\"wp-block-heading\"><span class=\"ez-toc-section\" id=\"Anledning_5_%E2%80%93_Atmosfaren_i_hamnen\"><\/span>Anledning 5 &#8211; Atmosf\u00e4ren i hamnen<span class=\"ez-toc-section-end\"><\/span><\/h2>\n\n<figure class=\"wp-block-image size-large\"><img decoding=\"async\" src=\"https:\/\/photos.smugmug.com\/Canarias-Lovers\/Gran-Canaria\/Las-Palmas\/Town-Canteras\/i-cSbVm6V\/0\/K6h4JtgcB8hMx4hTHpd5wpq4JDRt6n8LxK8PTdfPB\/L\/ship-port-las-palmas-gran-canaria-L.jpg\" alt=\"Kryssningsfartyg i Las Palmas hamn\"\/><\/figure>\n\n<p><strong>Port de la Luz<\/strong>, hamnen i Las Palmas, \u00e4r en av de viktigaste i Spanien. Den ger liv \u00e5t staden med sitt st\u00e4ndiga brus. Stora <strong>kryssningsfartyg<\/strong> och <strong>lastfartyg<\/strong> samsas med sm\u00e5 <strong>fiskeb\u00e5tar<\/strong> och <strong>segelb\u00e5tar<\/strong> i en fascinerande balett.<\/p>\n\n<figure class=\"wp-block-image size-large\"><img decoding=\"async\" src=\"https:\/\/photos.smugmug.com\/Canarias-Lovers\/Gran-Canaria\/Las-Palmas\/Town-Canteras\/i-K6nTSt6\/0\/KhpNtfFLFnCjwRNGsbjLzbGqg6w3x58kV7pNZXnwn\/L\/port-las-palmas-gran-canaria-L.jpg\" alt=\"Hamnar, Puerto de la Luz, Las Palmas, Gran Canaria\"\/><\/figure>\n\n<p>Strandpromenaden l\u00e4ngs hamnen erbjuder en vidstr\u00e4ckt utsikt \u00f6ver havet och den<strong>maritima aktiviteten<\/strong>. Fiskbarerna och restaurangerna i stadsdelen <strong>La Isleta<\/strong> erbjuder en chans att njuta av den autentiska hamnatmosf\u00e4ren. Vi gjorde ocks\u00e5 ett gourmetstopp p\u00e5 <strong>March\u00e9 du Port<\/strong>.<\/p>\n\n<figure class=\"wp-block-image size-large is-resized\"><img decoding=\"async\" src=\"https:\/\/photos.smugmug.com\/Canarias-Lovers\/Gran-Canaria\/Las-Palmas\/Las-Palmas-markets\/i-SJDgJmL\/0\/MKtXH4KTc8C2KHwgfMvjKpDDHnTNw7wssk7LZFRW8\/L\/mercado-puerto-las-palmas-gran-canaria-L.jpg\" alt=\"hamnmarknaden i Las Palmas Gran Canaria\" style=\"width:705px;height:auto\"\/><figcaption class=\"wp-element-caption\">Mercado del Puerto<\/figcaption><\/figure>\n\n<p><strong>B\u00e5tturer <\/strong>\u00e4r l\u00e4ttillg\u00e4ngliga fr\u00e5n hamnen och marinan. Varf\u00f6r inte uppt\u00e4cka Las Palmas fr\u00e5n havet under en dags segling l\u00e4ngs kusten? <a href=\"https:\/\/www.getyourguide.se\/grande-canarie-l418\/las-palmas-experiences-de-navigation-avec-nourriture-et-boisson-t675089\/?partner_id=R3GYW4V&amp;cmp=CAL\" target=\"_blank\" rel=\"noreferrer noopener sponsored nofollow\">Se priser, bilder och tillg\u00e4nglighet<\/a>.<\/p>\n\n<figure class=\"wp-block-image size-large\"><img decoding=\"async\" src=\"https:\/\/photos.smugmug.com\/Canarias-Lovers\/Gran-Canaria\/Dolphins\/i-twNBwZ9\/0\/M3nD6tgBRkFXGsrRXwqvCTrBKtxK2rrvzTXWbVN4W\/L\/cruise-port-las-palmas-gran-canaria-L.jpg\" alt=\"Seglingsdag p&#xE5; Gran Canaria\"\/><\/figure>\n\n<div style=\"background-color:#fefefe;margin-top:6%;margin-bottom:6%\" class=\"wp-block-genesis-blocks-gb-container box gb-block-container\"><div class=\"gb-container-inside\"><div class=\"gb-container-content\" style=\"max-width:700px\">\n<div class=\"wp-block-columns inverse is-layout-flex wp-container-core-columns-is-layout-9d6595d7 wp-block-columns-is-layout-flex\">\n<div class=\"wp-block-column texte_planif is-layout-flow wp-block-column-is-layout-flow\" style=\"flex-basis:58%\">\n<h5 class=\"titre_box\">LITE MER <span class=\"titre_box_manuscrit\">t\u00e5lamod<\/span><\/h5>\n\n\n\n<p style=\"font-size:14px\">Alla foton, kartor, information och anv\u00e4ndbara adresser som du beh\u00f6ver f\u00f6r att f\u00e5 ut det mesta av <strong>din vistelse p\u00e5 Kanarie\u00f6arna<\/strong> kommer <strong>snart<\/strong> att finnas tillg\u00e4ngliga i en enda e-bok!<\/p>\n\n\n\n<p style=\"font-size:14px\">Om du vill f\u00e5 information n\u00e4r v\u00e5r <strong>guide till Kanarie\u00f6arna<\/strong> publiceras, registrera dig:<\/p>\n\n\n<script>\nvar gform;gform||(document.addEventListener(\"gform_main_scripts_loaded\",function(){gform.scriptsLoaded=!0}),document.addEventListener(\"gform\/theme\/scripts_loaded\",function(){gform.themeScriptsLoaded=!0}),window.addEventListener(\"DOMContentLoaded\",function(){gform.domLoaded=!0}),gform={domLoaded:!1,scriptsLoaded:!1,themeScriptsLoaded:!1,isFormEditor:()=>\"function\"==typeof InitializeEditor,callIfLoaded:function(o){return!(!gform.domLoaded||!gform.scriptsLoaded||!gform.themeScriptsLoaded&&!gform.isFormEditor()||(gform.isFormEditor()&&console.warn(\"The use of gform.initializeOnLoaded() is deprecated in the form editor context and will be removed in Gravity Forms 3.1.\"),o(),0))},initializeOnLoaded:function(o){gform.callIfLoaded(o)||(document.addEventListener(\"gform_main_scripts_loaded\",()=>{gform.scriptsLoaded=!0,gform.callIfLoaded(o)}),document.addEventListener(\"gform\/theme\/scripts_loaded\",()=>{gform.themeScriptsLoaded=!0,gform.callIfLoaded(o)}),window.addEventListener(\"DOMContentLoaded\",()=>{gform.domLoaded=!0,gform.callIfLoaded(o)}))},hooks:{action:{},filter:{}},addAction:function(o,r,e,t){gform.addHook(\"action\",o,r,e,t)},addFilter:function(o,r,e,t){gform.addHook(\"filter\",o,r,e,t)},doAction:function(o){gform.doHook(\"action\",o,arguments)},applyFilters:function(o){return gform.doHook(\"filter\",o,arguments)},removeAction:function(o,r){gform.removeHook(\"action\",o,r)},removeFilter:function(o,r,e){gform.removeHook(\"filter\",o,r,e)},addHook:function(o,r,e,t,n){null==gform.hooks[o][r]&&(gform.hooks[o][r]=[]);var d=gform.hooks[o][r];null==n&&(n=r+\"_\"+d.length),gform.hooks[o][r].push({tag:n,callable:e,priority:t=null==t?10:t})},doHook:function(r,o,e){var t;if(e=Array.prototype.slice.call(e,1),null!=gform.hooks[r][o]&&((o=gform.hooks[r][o]).sort(function(o,r){return o.priority-r.priority}),o.forEach(function(o){\"function\"!=typeof(t=o.callable)&&(t=window[t]),\"action\"==r?t.apply(null,e):e[0]=t.apply(null,e)})),\"filter\"==r)return e[0]},removeHook:function(o,r,t,n){var e;null!=gform.hooks[o][r]&&(e=(e=gform.hooks[o][r]).filter(function(o,r,e){return!!(null!=n&&n!=o.tag||null!=t&&t!=o.priority)}),gform.hooks[o][r]=e)}});\n<\/script>\n\n                <div class='gf_browser_gecko gform_wrapper gform-theme gform-theme--foundation gform-theme--framework gform-theme--orbital' data-form-theme='orbital' data-form-index='0' id='gform_wrapper_2' ><style>#gform_wrapper_2[data-form-index=\"0\"].gform-theme,[data-parent-form=\"2_0\"]{--gf-color-primary: #204ce5;--gf-color-primary-rgb: 32, 76, 229;--gf-color-primary-contrast: #fff;--gf-color-primary-contrast-rgb: 255, 255, 255;--gf-color-primary-darker: #001AB3;--gf-color-primary-lighter: #527EFF;--gf-color-secondary: #fff;--gf-color-secondary-rgb: 255, 255, 255;--gf-color-secondary-contrast: #112337;--gf-color-secondary-contrast-rgb: 17, 35, 55;--gf-color-secondary-darker: #F5F5F5;--gf-color-secondary-lighter: #FFFFFF;--gf-color-out-ctrl-light: rgba(17, 35, 55, 0.1);--gf-color-out-ctrl-light-rgb: 17, 35, 55;--gf-color-out-ctrl-light-darker: rgba(104, 110, 119, 0.35);--gf-color-out-ctrl-light-lighter: #F5F5F5;--gf-color-out-ctrl-dark: #585e6a;--gf-color-out-ctrl-dark-rgb: 88, 94, 106;--gf-color-out-ctrl-dark-darker: #112337;--gf-color-out-ctrl-dark-lighter: rgba(17, 35, 55, 0.65);--gf-color-in-ctrl: #fff;--gf-color-in-ctrl-rgb: 255, 255, 255;--gf-color-in-ctrl-contrast: #112337;--gf-color-in-ctrl-contrast-rgb: 17, 35, 55;--gf-color-in-ctrl-darker: #F5F5F5;--gf-color-in-ctrl-lighter: #FFFFFF;--gf-color-in-ctrl-primary: #204ce5;--gf-color-in-ctrl-primary-rgb: 32, 76, 229;--gf-color-in-ctrl-primary-contrast: #fff;--gf-color-in-ctrl-primary-contrast-rgb: 255, 255, 255;--gf-color-in-ctrl-primary-darker: #001AB3;--gf-color-in-ctrl-primary-lighter: #527EFF;--gf-color-in-ctrl-light: rgba(17, 35, 55, 0.1);--gf-color-in-ctrl-light-rgb: 17, 35, 55;--gf-color-in-ctrl-light-darker: rgba(104, 110, 119, 0.35);--gf-color-in-ctrl-light-lighter: #F5F5F5;--gf-color-in-ctrl-dark: #585e6a;--gf-color-in-ctrl-dark-rgb: 88, 94, 106;--gf-color-in-ctrl-dark-darker: #112337;--gf-color-in-ctrl-dark-lighter: rgba(17, 35, 55, 0.65);--gf-radius: 3px;--gf-font-size-secondary: 14px;--gf-font-size-tertiary: 13px;--gf-icon-ctrl-number: url(\"data:image\/svg+xml,%3Csvg width='8' height='14' viewBox='0 0 8 14' fill='none' xmlns='http:\/\/www.w3.org\/2000\/svg'%3E%3Cpath fill-rule='evenodd' clip-rule='evenodd' d='M4 0C4.26522 5.96046e-08 4.51957 0.105357 4.70711 0.292893L7.70711 3.29289C8.09763 3.68342 8.09763 4.31658 7.70711 4.70711C7.31658 5.09763 6.68342 5.09763 6.29289 4.70711L4 2.41421L1.70711 4.70711C1.31658 5.09763 0.683417 5.09763 0.292893 4.70711C-0.0976311 4.31658 -0.097631 3.68342 0.292893 3.29289L3.29289 0.292893C3.48043 0.105357 3.73478 0 4 0ZM0.292893 9.29289C0.683417 8.90237 1.31658 8.90237 1.70711 9.29289L4 11.5858L6.29289 9.29289C6.68342 8.90237 7.31658 8.90237 7.70711 9.29289C8.09763 9.68342 8.09763 10.3166 7.70711 10.7071L4.70711 13.7071C4.31658 14.0976 3.68342 14.0976 3.29289 13.7071L0.292893 10.7071C-0.0976311 10.3166 -0.0976311 9.68342 0.292893 9.29289Z' fill='rgba(17, 35, 55, 0.65)'\/%3E%3C\/svg%3E\");--gf-icon-ctrl-select: url(\"data:image\/svg+xml,%3Csvg width='10' height='6' viewBox='0 0 10 6' fill='none' xmlns='http:\/\/www.w3.org\/2000\/svg'%3E%3Cpath fill-rule='evenodd' clip-rule='evenodd' d='M0.292893 0.292893C0.683417 -0.097631 1.31658 -0.097631 1.70711 0.292893L5 3.58579L8.29289 0.292893C8.68342 -0.0976311 9.31658 -0.0976311 9.70711 0.292893C10.0976 0.683417 10.0976 1.31658 9.70711 1.70711L5.70711 5.70711C5.31658 6.09763 4.68342 6.09763 4.29289 5.70711L0.292893 1.70711C-0.0976311 1.31658 -0.0976311 0.683418 0.292893 0.292893Z' fill='rgba(17, 35, 55, 0.65)'\/%3E%3C\/svg%3E\");--gf-icon-ctrl-search: url(\"data:image\/svg+xml,%3Csvg width='640' height='640' xmlns='http:\/\/www.w3.org\/2000\/svg'%3E%3Cpath d='M256 128c-70.692 0-128 57.308-128 128 0 70.691 57.308 128 128 128 70.691 0 128-57.309 128-128 0-70.692-57.309-128-128-128zM64 256c0-106.039 85.961-192 192-192s192 85.961 192 192c0 41.466-13.146 79.863-35.498 111.248l154.125 154.125c12.496 12.496 12.496 32.758 0 45.254s-32.758 12.496-45.254 0L367.248 412.502C335.862 434.854 297.467 448 256 448c-106.039 0-192-85.962-192-192z' fill='rgba(17, 35, 55, 0.65)'\/%3E%3C\/svg%3E\");--gf-label-space-y-secondary: var(--gf-label-space-y-md-secondary);--gf-ctrl-border-color: #686e77;--gf-ctrl-size: var(--gf-ctrl-size-md);--gf-ctrl-label-color-primary: #112337;--gf-ctrl-label-color-secondary: #112337;--gf-ctrl-choice-size: var(--gf-ctrl-choice-size-md);--gf-ctrl-checkbox-check-size: var(--gf-ctrl-checkbox-check-size-md);--gf-ctrl-radio-check-size: var(--gf-ctrl-radio-check-size-md);--gf-ctrl-btn-font-size: var(--gf-ctrl-btn-font-size-md);--gf-ctrl-btn-padding-x: var(--gf-ctrl-btn-padding-x-md);--gf-ctrl-btn-size: var(--gf-ctrl-btn-size-md);--gf-ctrl-btn-border-color-secondary: #686e77;--gf-ctrl-file-btn-bg-color-hover: #EBEBEB;--gf-field-img-choice-size: var(--gf-field-img-choice-size-md);--gf-field-img-choice-card-space: var(--gf-field-img-choice-card-space-md);--gf-field-img-choice-check-ind-size: var(--gf-field-img-choice-check-ind-size-md);--gf-field-img-choice-check-ind-icon-size: var(--gf-field-img-choice-check-ind-icon-size-md);--gf-field-pg-steps-number-color: rgba(17, 35, 55, 0.8);}<\/style><form method='post' enctype='multipart\/form-data'  id='gform_2'  action='\/sv\/wp-json\/wp\/v2\/posts\/2070' data-formid='2' novalidate> \r\n <input type='hidden' class='gforms-pum' value='{\"closepopup\":false,\"closedelay\":0,\"openpopup\":false,\"openpopup_id\":0}' \/>\n                        <div class='gform-body gform_body'><div id='gform_fields_2' class='gform_fields top_label form_sublabel_below description_below validation_below'><div id=\"field_2_1\" class=\"gfield gfield--type-website gfield--input-type-website field_sublabel_below gfield--no-description field_description_below field_validation_below gfield_visibility_hidden\"  ><div class=\"admin-hidden-markup\"><i class=\"gform-icon gform-icon--hidden\" aria-hidden=\"true\" title=\"Detta f\u00e4lt \u00e4r dolt n\u00e4r formul\u00e4ret visas\"><\/i><span>Detta f\u00e4lt \u00e4r dolt n\u00e4r formul\u00e4ret visas<\/span><\/div><label class='gfield_label gform-field-label' for='input_2_1'>Site Web<\/label><div class='ginput_container ginput_container_website'>\n                    <input name='input_1' id='input_2_1' type='url' value='https:\/\/canarias-lovers.com\/sv\/wp-json\/wp\/v2\/posts\/2070' class='large'    placeholder='https:\/\/'  aria-invalid=\"false\" \/>\n                <\/div><\/div><div id=\"field_2_3\" class=\"gfield gfield--type-email gfield--input-type-email gfield--width-full gfield_contains_required field_sublabel_below gfield--no-description field_description_below hidden_label field_validation_below gfield_visibility_visible\"  ><label class='gfield_label gform-field-label' for='input_2_3'>E-mail<span class=\"gfield_required\"><span class=\"gfield_required gfield_required_text\">(Obligatoriskt)<\/span><\/span><\/label><div class='ginput_container ginput_container_email'>\n                            <input name='input_3' id='input_2_3' type='email' value='' class='large'    aria-required=\"true\" aria-invalid=\"false\"  \/>\n                        <\/div><\/div><\/div><\/div>\n        <div class='gform-footer gform_footer top_label'> <input type='submit' id='gform_submit_button_2' class='gform_button button' onclick='gform.submission.handleButtonClick(this);' data-submission-type='submit' value='Prenumerera'  \/> \n            <input type='hidden' class='gform_hidden' name='gform_submission_method' data-js='gform_submission_method_2' value='postback' \/>\n            <input type='hidden' class='gform_hidden' name='gform_theme' data-js='gform_theme_2' id='gform_theme_2' value='orbital' \/>\n            <input type='hidden' class='gform_hidden' name='gform_style_settings' data-js='gform_style_settings_2' id='gform_style_settings_2' value='{&quot;inputPrimaryColor&quot;:&quot;#204ce5&quot;}' \/>\n            <input type='hidden' class='gform_hidden' name='is_submit_2' value='1' \/>\n            <input type='hidden' class='gform_hidden' name='gform_submit' value='2' \/>\n            \n            <input type='hidden' class='gform_hidden' name='gform_currency' data-currency='EUR' value='0A4Oke5\/ycT0VdPwXfcy0DPY\/cqNovmGbfBVchQY2BHTnXrtV1t6lCGdNk+vk2eTnORhykHX0B4Lo9O7CNmYrj+rsQee91lOBQicuidwii1jmFI=' \/>\n            <input type='hidden' class='gform_hidden' name='gform_unique_id' value='' \/>\n            <input type='hidden' class='gform_hidden' name='state_2' value='WyJbXSIsImYwNjdmM2RlZjkzZGI5YjM2NWY4ZmY4ZDRhNWY0OGY0Il0=' \/>\n            <input type='hidden' autocomplete='off' class='gform_hidden' name='gform_target_page_number_2' id='gform_target_page_number_2' value='0' \/>\n            <input type='hidden' autocomplete='off' class='gform_hidden' name='gform_source_page_number_2' id='gform_source_page_number_2' value='1' \/>\n            <input type='hidden' name='gform_field_values' value='' \/>\n            \n        <\/div>\n                        <\/form>\n                        <\/div><script>\ngform.initializeOnLoaded( function() {gformInitSpinner( 2, 'https:\/\/canarias-lovers.com\/wp-content\/plugins\/gravityforms\/images\/spinner.svg', false );jQuery('#gform_ajax_frame_2').on('load',function(){var contents = jQuery(this).contents().find('*').html();var is_postback = contents.indexOf('GF_AJAX_POSTBACK') >= 0;if(!is_postback){return;}var form_content = jQuery(this).contents().find('#gform_wrapper_2');var is_confirmation = jQuery(this).contents().find('#gform_confirmation_wrapper_2').length > 0;var is_redirect = contents.indexOf('gformRedirect(){') >= 0;var is_form = form_content.length > 0 && ! is_redirect && ! is_confirmation;var mt = parseInt(jQuery('html').css('margin-top'), 10) + parseInt(jQuery('body').css('margin-top'), 10) + 100;if(is_form){jQuery('#gform_wrapper_2').html(form_content.html());if(form_content.hasClass('gform_validation_error')){jQuery('#gform_wrapper_2').addClass('gform_validation_error');} else {jQuery('#gform_wrapper_2').removeClass('gform_validation_error');}setTimeout( function() { \/* delay the scroll by 50 milliseconds to fix a bug in chrome *\/  }, 50 );if(window['gformInitDatepicker']) {gformInitDatepicker();}if(window['gformInitPriceFields']) {gformInitPriceFields();}var current_page = jQuery('#gform_source_page_number_2').val();gformInitSpinner( 2, 'https:\/\/canarias-lovers.com\/wp-content\/plugins\/gravityforms\/images\/spinner.svg', false );jQuery(document).trigger('gform_page_loaded', [2, current_page]);window['gf_submitting_2'] = false;}else if(!is_redirect){var confirmation_content = jQuery(this).contents().find('.GF_AJAX_POSTBACK').html();if(!confirmation_content){confirmation_content = contents;}jQuery('#gform_wrapper_2').replaceWith(confirmation_content);jQuery(document).trigger('gform_confirmation_loaded', [2]);window['gf_submitting_2'] = false;wp.a11y.speak(jQuery('#gform_confirmation_message_2').text());}else{jQuery('#gform_2').append(contents);if(window['gformRedirect']) {gformRedirect();}}jQuery(document).trigger(\"gform_pre_post_render\", [{ formId: \"2\", currentPage: \"current_page\", abort: function() { this.preventDefault(); } }]);        if (event && event.defaultPrevented) {                return;        }        const gformWrapperDiv = document.getElementById( \"gform_wrapper_2\" );        if ( gformWrapperDiv ) {            const visibilitySpan = document.createElement( \"span\" );            visibilitySpan.id = \"gform_visibility_test_2\";            gformWrapperDiv.insertAdjacentElement( \"afterend\", visibilitySpan );        }        const visibilityTestDiv = document.getElementById( \"gform_visibility_test_2\" );        let postRenderFired = false;        function triggerPostRender() {            if ( postRenderFired ) {                return;            }            postRenderFired = true;            gform.core.triggerPostRenderEvents( 2, current_page );            if ( visibilityTestDiv ) {                visibilityTestDiv.parentNode.removeChild( visibilityTestDiv );            }        }        function debounce( func, wait, immediate ) {            var timeout;            return function() {                var context = this, args = arguments;                var later = function() {                    timeout = null;                    if ( !immediate ) func.apply( context, args );                };                var callNow = immediate && !timeout;                clearTimeout( timeout );                timeout = setTimeout( later, wait );                if ( callNow ) func.apply( context, args );            };        }        const debouncedTriggerPostRender = debounce( function() {            triggerPostRender();        }, 200 );        if ( visibilityTestDiv && visibilityTestDiv.offsetParent === null ) {            const observer = new MutationObserver( ( mutations ) => {                mutations.forEach( ( mutation ) => {                    if ( mutation.type === 'attributes' && visibilityTestDiv.offsetParent !== null ) {                        debouncedTriggerPostRender();                        observer.disconnect();                    }                });            });            observer.observe( document.body, {                attributes: true,                childList: false,                subtree: true,                attributeFilter: [ 'style', 'class' ],            });        } else {            triggerPostRender();        }    } );} );\n<\/script>\n<\/div>\n\n\n\n<div class=\"wp-block-column is-layout-flow wp-block-column-is-layout-flow\" style=\"flex-basis:42%\">\n<div class=\"wp-block-genesis-blocks-gb-container ebook-radius-waitlist gb-block-container\"><div class=\"gb-container-inside\"><div class=\"gb-container-content\"><div class=\"wp-block-image ebook-image\">\n<figure class=\"aligncenter size-large\"><img decoding=\"async\" src=\"https:\/\/loirelovers.fr\/wp-content\/uploads\/2023\/03\/ebooks_CorseNormandie_FR.png\" alt=\"Box Ebook Korsika FR\"\/><\/figure>\n<\/div><\/div><\/div><\/div>\n<\/div>\n<\/div>\n<\/div><\/div><\/div>\n\n<h2 class=\"wp-block-heading\"><span class=\"ez-toc-section\" id=\"Anledning_6_%E2%80%93_Det_varierade_lokala_koket\"><\/span>Anledning 6 &#8211; Det varierade lokala k\u00f6ket<span class=\"ez-toc-section-end\"><\/span><\/h2>\n\n<figure class=\"wp-block-image size-large\"><img decoding=\"async\" src=\"https:\/\/photos.smugmug.com\/Canarias-Lovers\/Gran-Canaria\/Las-Palmas\/Restaurants\/Restaurant-Llevame-al-Huerto\/i-nLXnRDd\/0\/LbPZTZFTRPG2J3gqGkMhsVMCPNrTDw3G4PjnpB7Mk\/L\/restaurant_llevame_al_huerto_las-palmas_gran_canaria-L.jpg\" alt=\"Restaurang Llevame al Huerto i Las Palmas\"\/><figcaption class=\"wp-element-caption\">Restaurang Llevame al Huerto<\/figcaption><\/figure>\n\n<p>Gastronomin i Las Palmas \u00e4r en uts\u00f6kt <strong>blandning av influenser<\/strong>. Det finns naturligtvis kanariska r\u00e4tter, men det finns ocks\u00e5 smaker fr\u00e5n hela v\u00e4rlden. F\u00e4rsk fisk och <strong>skaldjur <\/strong>st\u00e5r i centrum, med r\u00e4tter baserade p\u00e5 <em>vieja<\/em> (gammal fisk) eller bl\u00e4ckfisk.<\/p>\n\n<figure class=\"wp-block-image size-large\"><img decoding=\"async\" src=\"https:\/\/photos.smugmug.com\/Canarias-Lovers\/Gran-Canaria\/Las-Palmas\/Restaurants\/Tabaiba-Restaurant\/i-5KZW9px\/0\/NbdL24GfcqbQhrW39LwDd7McZ3tJHJvrkW6PwLbWH\/L\/Tabaiba-restaurant-las-palmas-gofio-L.jpg\" alt=\"Gofio fr&#xE5;n restaurang Tabaiba i Las Palmas\"\/><figcaption class=\"wp-element-caption\">Gofio enligt Abraham Ortega<\/figcaption><\/figure>\n\n<p>Vi provsmakade den ber\u00f6mda <em>gofio<\/em>. En traditionell matr\u00e4tt gjord p\u00e5 korn- och majsmj\u00f6l som \u00e4rvts fr\u00e5n Guancherna. Kocken <strong>Abraham Ortegas<\/strong> tolkning p\u00e5 <strong>Restaurant Tabaiba<\/strong> var en riktig \u00f6verraskning. F\u00f6r att ta reda p\u00e5 mer, uppt\u00e4ck <a href=\"https:\/\/canarias-lovers.com\/sv\/basta-restaurang-gran-canaria-las-palmas-ata-omdomen\/\" target=\"_blank\" rel=\"noreferrer noopener\">v\u00e5ra b\u00e4sta kulinariska adresser i Las Palmas<\/a>.<\/p>\n\n<h2 class=\"wp-block-heading\"><span class=\"ez-toc-section\" id=\"Anledning_7_%E2%80%93_Milt_klimat_aret_runt\"><\/span>Anledning 7 &#8211; Milt klimat \u00e5ret runt<span class=\"ez-toc-section-end\"><\/span><\/h2>\n\n<figure class=\"wp-block-image size-large\"><img decoding=\"async\" src=\"https:\/\/photos.smugmug.com\/Canarias-Lovers\/Gran-Canaria\/Las-Palmas\/Plages-Las-Palmas\/Playa-de-las-Canteras\/i-w5dfRgq\/0\/NVkfRRVzWhfHmxWqMWKFhLhZKn7LwdF5kznWXXRTQ\/L\/playa-grande-conteras-las-palmas-people-L.jpg\" alt=\"Playa de las Cantaras i januari, Las Palmas, Gran Canaria\"\/><figcaption class=\"wp-element-caption\">Playa de las Canteras en januaridag<\/figcaption><\/figure>\n\n<p>Enligt v\u00e5r mening \u00e4r klimatet en av Las Palmas <strong>st\u00f6rsta tillg\u00e5ngar<\/strong>. Staden njuter av Kanarie\u00f6arnas &#8221;eviga k\u00e4lla&#8221;. <strong>Temperaturerna \u00e4r milda<\/strong> och stabila under hela \u00e5ret, med medelv\u00e4rden som str\u00e4cker sig fr\u00e5n 18\u00b0C p\u00e5 vintern till 25\u00b0C p\u00e5 sommaren.<\/p>\n\n<figure class=\"wp-block-image size-large\"><img decoding=\"async\" src=\"https:\/\/photos.smugmug.com\/Canarias-Lovers\/Gran-Canaria\/Las-Palmas\/Blue-Walking-tour-Sendero-Azul\/i-QNzZLgw\/0\/KmH9dwMtcXWZw72pXr6rLDRFXcc4SMTXvK6WFp7q2\/L\/blue-walking-tour-sendero-azul-las-palmas-gran-canaria-1-L.jpg\" alt=\"Bl&#xE5; vandring, Las Palmas, Gran Canaria\"\/><\/figure>\n\n<p>Det regnade lite under v\u00e5r vintervistelse, men skurarna var mycket kortvariga. Den s\u00e4llsynta nederb\u00f6rden \u00e4r koncentrerad mellan november och februari. Atlanten h\u00e5ller en <strong>behaglig luftfuktighet<\/strong> och behagliga temperaturer. Vattnet, som p\u00e5verkas av den kanariska str\u00f6mmen, \u00e4r perfekt f\u00f6r <strong>bad \u00e5ret runt<\/strong>.<\/p>\n\n<h2 class=\"wp-block-heading\"><span class=\"ez-toc-section\" id=\"Skal_8_%E2%80%93_Diversifierade_vattensportaktiviteter\"><\/span>Sk\u00e4l 8 &#8211; Diversifierade vattensportaktiviteter<span class=\"ez-toc-section-end\"><\/span><\/h2>\n\n<figure class=\"wp-block-image size-large\"><img decoding=\"async\" src=\"https:\/\/photos.smugmug.com\/Canarias-Lovers\/Gran-Canaria\/Las-Palmas\/Plages-Las-Palmas\/Playa-de-Las-Alcaravaneras\/i-w33kQs9\/0\/M6n9cdvLgVSKQhdMs76zB6PDxz5BwTxghDnZPzxfk\/L\/playa_alcaravaneras_las-palmas_gran_canaria_boats-L.jpg\" alt=\"B&#xE5;tar fr&#xE5;n playa de las Alcaravaneras i Las Palmas\"\/><\/figure>\n\n<p>Vi gjorde inte riktigt det mesta av det, men Las Palmas erbjuder ett stort utbud av vattensporter. Vissa, som <strong>simning<\/strong>, kan du tr\u00e4na p\u00e5 egen hand, medan du f\u00f6r andra kan beh\u00f6va en guide:<\/p>\n\n<ul class=\"wp-block-list\">\n<li><strong>snorkling<\/strong>, perfekt vid Playa de las Canteras, tack vare den steniga barri\u00e4ren. <a href=\"https:\/\/www.getyourguide.se\/grande-canarie-l418\/las-palmas-sortie-de-snorkeling-de-3-h-a-las-canteras-t214674\/?partner_id=R3GYW4V&amp;cmp=CAL\" target=\"_blank\" rel=\"noreferrer noopener sponsored nofollow\">Se priser, bilder och tillg\u00e4nglighet.<\/a><\/li>\n\n\n\n<li><strong>surfing <\/strong>, Playa de la Cicer, eller f\u00f6r de mer erfarna, Playa del Confital<\/li>\n\n\n\n<li><strong>kajakpaddling<\/strong>, Playa de las Alcaravaneras, <a href=\"https:\/\/www.viator.com\/fr-FR\/tours\/Gran-Canaria\/2-Hours-of-Canoeing-in-the-Sea-in-Las-Palmas-de-Gran-Canaria\/d792-334225P1?pid=P00074304&amp;mcid=42383&amp;medium=link&amp;medium_version=selector&amp;campaign=CAL\" target=\"_blank\" rel=\"noreferrer noopener sponsored nofollow\">Se priser, bilder och tillg\u00e4nglighet<\/a><\/li>\n\n\n\n<li>samt <strong>dykning<\/strong>, <strong>segling<\/strong>, <strong>sportfiske<\/strong>&#8230;<\/li>\n<\/ul>\n\n<figure class=\"wp-block-image size-large\"><img decoding=\"async\" src=\"https:\/\/photos.smugmug.com\/Canarias-Lovers\/Gran-Canaria\/Las-Palmas\/Plages-Las-Palmas\/Playa-de-las-Canteras\/i-W8jRRCZ\/0\/KZ74rvnnNFDSJckMJ8NHBB6xmnJsvDZsr2xwWJ4nk\/L\/playa-canteras-mer-vague-1-L.jpg\" alt=\"V&#xE5;gor p&#xE5; den steniga barri&#xE4;ren, Playa de las Canteras, Las Palmas, Gran Canaria\"\/><\/figure>\n\n<p>Hur som helst, var <strong>vaksamma<\/strong>, eftersom ni befinner er p\u00e5 Atlanten. <strong>Str\u00f6mmarna<\/strong> kan vara kraftiga och of\u00f6ruts\u00e4gbara, och <strong>svallv\u00e5gorna<\/strong> kan vara \u00f6verraskande, s\u00e4rskilt bortom klippbarri\u00e4ren Las Canteras. F\u00f6lj <strong>badflaggorna och badvakternas r\u00e5d<\/strong>. V\u00e4lj \u00f6vervakade str\u00e4nder, s\u00e4rskilt om du har barn med dig.<\/p>\n\n<div style=\"background-color:#fefefe;margin-top:6%;margin-bottom:6%\" class=\"wp-block-genesis-blocks-gb-container box gb-block-container\"><div class=\"gb-container-inside\"><div class=\"gb-container-content\" style=\"max-width:700px\">\n<div class=\"wp-block-columns inverse is-layout-flex wp-container-core-columns-is-layout-9d6595d7 wp-block-columns-is-layout-flex\">\n<div class=\"wp-block-column texte_planif is-layout-flow wp-block-column-is-layout-flow\" style=\"flex-basis:58%\">\n<h5 class=\"titre_box\">Ta emot v\u00e5rt <span class=\"titre_box_manuscrit\">nyhetsbrev<\/span><\/h5>\n\n\n\n<ul class=\"wp-block-list\">\n<li>En frisk fl\u00e4kt i ditt dagliga liv p\u00e5 de vackra destinationerna i Region Lovers!<\/li>\n\n\n\n<li>En g\u00e5ng i m\u00e5naden<\/li>\n\n\n\n<li>Reklamfri<\/li>\n<\/ul>\n\n\n\n                <div class='gf_browser_gecko gform_wrapper gform-theme gform-theme--foundation gform-theme--framework gform-theme--orbital' data-form-theme='orbital' data-form-index='0' id='gform_wrapper_3' ><style>#gform_wrapper_3[data-form-index=\"0\"].gform-theme,[data-parent-form=\"3_0\"]{--gf-color-primary: #204ce5;--gf-color-primary-rgb: 32, 76, 229;--gf-color-primary-contrast: #fff;--gf-color-primary-contrast-rgb: 255, 255, 255;--gf-color-primary-darker: #001AB3;--gf-color-primary-lighter: #527EFF;--gf-color-secondary: #fff;--gf-color-secondary-rgb: 255, 255, 255;--gf-color-secondary-contrast: #112337;--gf-color-secondary-contrast-rgb: 17, 35, 55;--gf-color-secondary-darker: #F5F5F5;--gf-color-secondary-lighter: #FFFFFF;--gf-color-out-ctrl-light: rgba(17, 35, 55, 0.1);--gf-color-out-ctrl-light-rgb: 17, 35, 55;--gf-color-out-ctrl-light-darker: rgba(104, 110, 119, 0.35);--gf-color-out-ctrl-light-lighter: #F5F5F5;--gf-color-out-ctrl-dark: #585e6a;--gf-color-out-ctrl-dark-rgb: 88, 94, 106;--gf-color-out-ctrl-dark-darker: #112337;--gf-color-out-ctrl-dark-lighter: rgba(17, 35, 55, 0.65);--gf-color-in-ctrl: #fff;--gf-color-in-ctrl-rgb: 255, 255, 255;--gf-color-in-ctrl-contrast: #112337;--gf-color-in-ctrl-contrast-rgb: 17, 35, 55;--gf-color-in-ctrl-darker: #F5F5F5;--gf-color-in-ctrl-lighter: #FFFFFF;--gf-color-in-ctrl-primary: #204ce5;--gf-color-in-ctrl-primary-rgb: 32, 76, 229;--gf-color-in-ctrl-primary-contrast: #fff;--gf-color-in-ctrl-primary-contrast-rgb: 255, 255, 255;--gf-color-in-ctrl-primary-darker: #001AB3;--gf-color-in-ctrl-primary-lighter: #527EFF;--gf-color-in-ctrl-light: rgba(17, 35, 55, 0.1);--gf-color-in-ctrl-light-rgb: 17, 35, 55;--gf-color-in-ctrl-light-darker: rgba(104, 110, 119, 0.35);--gf-color-in-ctrl-light-lighter: #F5F5F5;--gf-color-in-ctrl-dark: #585e6a;--gf-color-in-ctrl-dark-rgb: 88, 94, 106;--gf-color-in-ctrl-dark-darker: #112337;--gf-color-in-ctrl-dark-lighter: rgba(17, 35, 55, 0.65);--gf-radius: 3px;--gf-font-size-secondary: 14px;--gf-font-size-tertiary: 13px;--gf-icon-ctrl-number: url(\"data:image\/svg+xml,%3Csvg width='8' height='14' viewBox='0 0 8 14' fill='none' xmlns='http:\/\/www.w3.org\/2000\/svg'%3E%3Cpath fill-rule='evenodd' clip-rule='evenodd' d='M4 0C4.26522 5.96046e-08 4.51957 0.105357 4.70711 0.292893L7.70711 3.29289C8.09763 3.68342 8.09763 4.31658 7.70711 4.70711C7.31658 5.09763 6.68342 5.09763 6.29289 4.70711L4 2.41421L1.70711 4.70711C1.31658 5.09763 0.683417 5.09763 0.292893 4.70711C-0.0976311 4.31658 -0.097631 3.68342 0.292893 3.29289L3.29289 0.292893C3.48043 0.105357 3.73478 0 4 0ZM0.292893 9.29289C0.683417 8.90237 1.31658 8.90237 1.70711 9.29289L4 11.5858L6.29289 9.29289C6.68342 8.90237 7.31658 8.90237 7.70711 9.29289C8.09763 9.68342 8.09763 10.3166 7.70711 10.7071L4.70711 13.7071C4.31658 14.0976 3.68342 14.0976 3.29289 13.7071L0.292893 10.7071C-0.0976311 10.3166 -0.0976311 9.68342 0.292893 9.29289Z' fill='rgba(17, 35, 55, 0.65)'\/%3E%3C\/svg%3E\");--gf-icon-ctrl-select: url(\"data:image\/svg+xml,%3Csvg width='10' height='6' viewBox='0 0 10 6' fill='none' xmlns='http:\/\/www.w3.org\/2000\/svg'%3E%3Cpath fill-rule='evenodd' clip-rule='evenodd' d='M0.292893 0.292893C0.683417 -0.097631 1.31658 -0.097631 1.70711 0.292893L5 3.58579L8.29289 0.292893C8.68342 -0.0976311 9.31658 -0.0976311 9.70711 0.292893C10.0976 0.683417 10.0976 1.31658 9.70711 1.70711L5.70711 5.70711C5.31658 6.09763 4.68342 6.09763 4.29289 5.70711L0.292893 1.70711C-0.0976311 1.31658 -0.0976311 0.683418 0.292893 0.292893Z' fill='rgba(17, 35, 55, 0.65)'\/%3E%3C\/svg%3E\");--gf-icon-ctrl-search: url(\"data:image\/svg+xml,%3Csvg width='640' height='640' xmlns='http:\/\/www.w3.org\/2000\/svg'%3E%3Cpath d='M256 128c-70.692 0-128 57.308-128 128 0 70.691 57.308 128 128 128 70.691 0 128-57.309 128-128 0-70.692-57.309-128-128-128zM64 256c0-106.039 85.961-192 192-192s192 85.961 192 192c0 41.466-13.146 79.863-35.498 111.248l154.125 154.125c12.496 12.496 12.496 32.758 0 45.254s-32.758 12.496-45.254 0L367.248 412.502C335.862 434.854 297.467 448 256 448c-106.039 0-192-85.962-192-192z' fill='rgba(17, 35, 55, 0.65)'\/%3E%3C\/svg%3E\");--gf-label-space-y-secondary: var(--gf-label-space-y-md-secondary);--gf-ctrl-border-color: #686e77;--gf-ctrl-size: var(--gf-ctrl-size-md);--gf-ctrl-label-color-primary: #112337;--gf-ctrl-label-color-secondary: #112337;--gf-ctrl-choice-size: var(--gf-ctrl-choice-size-md);--gf-ctrl-checkbox-check-size: var(--gf-ctrl-checkbox-check-size-md);--gf-ctrl-radio-check-size: var(--gf-ctrl-radio-check-size-md);--gf-ctrl-btn-font-size: var(--gf-ctrl-btn-font-size-md);--gf-ctrl-btn-padding-x: var(--gf-ctrl-btn-padding-x-md);--gf-ctrl-btn-size: var(--gf-ctrl-btn-size-md);--gf-ctrl-btn-border-color-secondary: #686e77;--gf-ctrl-file-btn-bg-color-hover: #EBEBEB;--gf-field-img-choice-size: var(--gf-field-img-choice-size-md);--gf-field-img-choice-card-space: var(--gf-field-img-choice-card-space-md);--gf-field-img-choice-check-ind-size: var(--gf-field-img-choice-check-ind-size-md);--gf-field-img-choice-check-ind-icon-size: var(--gf-field-img-choice-check-ind-icon-size-md);--gf-field-pg-steps-number-color: rgba(17, 35, 55, 0.8);}<\/style>\n                        <div class='gform_heading'>\n                            <p class='gform_description'><\/p>\n                        <\/div><form method='post' enctype='multipart\/form-data'  id='gform_3'  action='\/sv\/wp-json\/wp\/v2\/posts\/2070' data-formid='3' novalidate> \r\n <input type='hidden' class='gforms-pum' value='{\"closepopup\":false,\"closedelay\":0,\"openpopup\":false,\"openpopup_id\":0}' \/>\n                        <div class='gform-body gform_body'><div id='gform_fields_3' class='gform_fields top_label form_sublabel_below description_below validation_below'><div id=\"field_3_1\" class=\"gfield gfield--type-email gfield--input-type-email gfield_contains_required field_sublabel_below gfield--no-description field_description_below hidden_label field_validation_below gfield_visibility_visible\"  ><label class='gfield_label gform-field-label' for='input_3_1'>E-mail<span class=\"gfield_required\"><span class=\"gfield_required gfield_required_text\">(Obligatoriskt)<\/span><\/span><\/label><div class='ginput_container ginput_container_email'>\n                            <input name='input_1' id='input_3_1' type='email' value='' class='large'    aria-required=\"true\" aria-invalid=\"false\"  \/>\n                        <\/div><\/div><fieldset id=\"field_3_4\" class=\"gfield gfield--type-consent gfield--type-choice gfield--input-type-consent gfield--width-full gfield_contains_required field_sublabel_below gfield--no-description field_description_below hidden_label field_validation_below gfield_visibility_visible\"  ><legend class='gfield_label gform-field-label gfield_label_before_complex' >RGPD<span class=\"gfield_required\"><span class=\"gfield_required gfield_required_text\">(Obligatoriskt)<\/span><\/span><\/legend><div class='ginput_container ginput_container_consent'><input name='input_4.1' id='input_3_4_1' type='checkbox' value='1'   aria-required=\"true\" aria-invalid=\"false\"   \/> <label class=\"gform-field-label gform-field-label--type-inline gfield_consent_label\" for='input_3_4_1' >Ja, jag vill prenumerera p\u00e5 det m\u00e5natliga nyhetsbrevet<span class=\"gfield_required gfield_required_text\">(Obligatoriskt)<\/span><\/label><input type='hidden' name='input_4.2' value='Ja, jag vill prenumerera p\u00e5 det m\u00e5natliga nyhetsbrevet' class='gform_hidden' \/><input type='hidden' name='input_4.3' value='1' class='gform_hidden' \/><\/div><\/fieldset><div id=\"field_3_5\" class=\"gfield gfield--type-website gfield--input-type-website gfield--width-full field_sublabel_below gfield--no-description field_description_below field_validation_below gfield_visibility_hidden\"  ><div class=\"admin-hidden-markup\"><i class=\"gform-icon gform-icon--hidden\" aria-hidden=\"true\" title=\"Detta f\u00e4lt \u00e4r dolt n\u00e4r formul\u00e4ret visas\"><\/i><span>Detta f\u00e4lt \u00e4r dolt n\u00e4r formul\u00e4ret visas<\/span><\/div><label class='gfield_label gform-field-label' for='input_3_5'>Site Web<\/label><div class='ginput_container ginput_container_website'>\n                    <input name='input_5' id='input_3_5' type='url' value='https:\/\/canarias-lovers.com\/sv\/wp-json\/wp\/v2\/posts\/2070' class='large'    placeholder='https:\/\/'  aria-invalid=\"false\" \/>\n                <\/div><\/div><\/div><\/div>\n        <div class='gform-footer gform_footer top_label'> <input type='submit' id='gform_submit_button_3' class='gform_button button' onclick='gform.submission.handleButtonClick(this);' data-submission-type='submit' value='Prenumerera'  \/> \n            <input type='hidden' class='gform_hidden' name='gform_submission_method' data-js='gform_submission_method_3' value='postback' \/>\n            <input type='hidden' class='gform_hidden' name='gform_theme' data-js='gform_theme_3' id='gform_theme_3' value='orbital' \/>\n            <input type='hidden' class='gform_hidden' name='gform_style_settings' data-js='gform_style_settings_3' id='gform_style_settings_3' value='{&quot;inputPrimaryColor&quot;:&quot;#204ce5&quot;}' \/>\n            <input type='hidden' class='gform_hidden' name='is_submit_3' value='1' \/>\n            <input type='hidden' class='gform_hidden' name='gform_submit' value='3' \/>\n            \n            <input type='hidden' class='gform_hidden' name='gform_currency' data-currency='EUR' value='lHaQy\/6YTt1zQv2OO1ubEtSbPvbblcd4CihscVudfonvtIL3dDre4Hi+fTpb3s+dDZzU4Ohi5tjHavsqIIN\/rgCVFr97T+32CZh26xa\/zjn8F8Q=' \/>\n            <input type='hidden' class='gform_hidden' name='gform_unique_id' value='' \/>\n            <input type='hidden' class='gform_hidden' name='state_3' value='WyJ7XCI0LjFcIjpcIjg3MGIzYzZhNWQ4YTg2NGNkMjkzMjI4ZDZjZTM1N2NiXCIsXCI0LjJcIjpcImQwNmNhMDIwY2RkNmI3Y2I5YmQ4MDI2NjQzYmY1YjVjXCIsXCI0LjNcIjpcIjg3MGIzYzZhNWQ4YTg2NGNkMjkzMjI4ZDZjZTM1N2NiXCJ9IiwiZWI0MGNmNzJhNjllOTI4YjgxZmEwMDU5MDFlMjllZGYiXQ==' \/>\n            <input type='hidden' autocomplete='off' class='gform_hidden' name='gform_target_page_number_3' id='gform_target_page_number_3' value='0' \/>\n            <input type='hidden' autocomplete='off' class='gform_hidden' name='gform_source_page_number_3' id='gform_source_page_number_3' value='1' \/>\n            <input type='hidden' name='gform_field_values' value='' \/>\n            \n        <\/div>\n                        <\/form>\n                        <\/div><script>\ngform.initializeOnLoaded( function() {gformInitSpinner( 3, 'https:\/\/canarias-lovers.com\/wp-content\/plugins\/gravityforms\/images\/spinner.svg', false );jQuery('#gform_ajax_frame_3').on('load',function(){var contents = jQuery(this).contents().find('*').html();var is_postback = contents.indexOf('GF_AJAX_POSTBACK') >= 0;if(!is_postback){return;}var form_content = jQuery(this).contents().find('#gform_wrapper_3');var is_confirmation = jQuery(this).contents().find('#gform_confirmation_wrapper_3').length > 0;var is_redirect = contents.indexOf('gformRedirect(){') >= 0;var is_form = form_content.length > 0 && ! is_redirect && ! is_confirmation;var mt = parseInt(jQuery('html').css('margin-top'), 10) + parseInt(jQuery('body').css('margin-top'), 10) + 100;if(is_form){jQuery('#gform_wrapper_3').html(form_content.html());if(form_content.hasClass('gform_validation_error')){jQuery('#gform_wrapper_3').addClass('gform_validation_error');} else {jQuery('#gform_wrapper_3').removeClass('gform_validation_error');}setTimeout( function() { \/* delay the scroll by 50 milliseconds to fix a bug in chrome *\/  }, 50 );if(window['gformInitDatepicker']) {gformInitDatepicker();}if(window['gformInitPriceFields']) {gformInitPriceFields();}var current_page = jQuery('#gform_source_page_number_3').val();gformInitSpinner( 3, 'https:\/\/canarias-lovers.com\/wp-content\/plugins\/gravityforms\/images\/spinner.svg', false );jQuery(document).trigger('gform_page_loaded', [3, current_page]);window['gf_submitting_3'] = false;}else if(!is_redirect){var confirmation_content = jQuery(this).contents().find('.GF_AJAX_POSTBACK').html();if(!confirmation_content){confirmation_content = contents;}jQuery('#gform_wrapper_3').replaceWith(confirmation_content);jQuery(document).trigger('gform_confirmation_loaded', [3]);window['gf_submitting_3'] = false;wp.a11y.speak(jQuery('#gform_confirmation_message_3').text());}else{jQuery('#gform_3').append(contents);if(window['gformRedirect']) {gformRedirect();}}jQuery(document).trigger(\"gform_pre_post_render\", [{ formId: \"3\", currentPage: \"current_page\", abort: function() { this.preventDefault(); } }]);        if (event && event.defaultPrevented) {                return;        }        const gformWrapperDiv = document.getElementById( \"gform_wrapper_3\" );        if ( gformWrapperDiv ) {            const visibilitySpan = document.createElement( \"span\" );            visibilitySpan.id = \"gform_visibility_test_3\";            gformWrapperDiv.insertAdjacentElement( \"afterend\", visibilitySpan );        }        const visibilityTestDiv = document.getElementById( \"gform_visibility_test_3\" );        let postRenderFired = false;        function triggerPostRender() {            if ( postRenderFired ) {                return;            }            postRenderFired = true;            gform.core.triggerPostRenderEvents( 3, current_page );            if ( visibilityTestDiv ) {                visibilityTestDiv.parentNode.removeChild( visibilityTestDiv );            }        }        function debounce( func, wait, immediate ) {            var timeout;            return function() {                var context = this, args = arguments;                var later = function() {                    timeout = null;                    if ( !immediate ) func.apply( context, args );                };                var callNow = immediate && !timeout;                clearTimeout( timeout );                timeout = setTimeout( later, wait );                if ( callNow ) func.apply( context, args );            };        }        const debouncedTriggerPostRender = debounce( function() {            triggerPostRender();        }, 200 );        if ( visibilityTestDiv && visibilityTestDiv.offsetParent === null ) {            const observer = new MutationObserver( ( mutations ) => {                mutations.forEach( ( mutation ) => {                    if ( mutation.type === 'attributes' && visibilityTestDiv.offsetParent !== null ) {                        debouncedTriggerPostRender();                        observer.disconnect();                    }                });            });            observer.observe( document.body, {                attributes: true,                childList: false,                subtree: true,                attributeFilter: [ 'style', 'class' ],            });        } else {            triggerPostRender();        }    } );} );\n<\/script>\n<\/div>\n\n\n\n<div class=\"wp-block-column is-layout-flow wp-block-column-is-layout-flow\" style=\"flex-basis:42%\">\n<div class=\"wp-block-genesis-blocks-gb-container aligncenter newsletter-radius gb-block-container\"><div class=\"gb-container-inside\"><div class=\"gb-container-content\"><div class=\"wp-block-image newsletter-image\">\n<figure class=\"aligncenter size-full\"><img loading=\"lazy\" decoding=\"async\" width=\"729\" height=\"792\" src=\"https:\/\/canarias-lovers.com\/wp-content\/uploads\/2024\/06\/newsletter_FR_2.png\" alt=\"Nyhetsbrev\" class=\"wp-image-1181\" srcset=\"https:\/\/canarias-lovers.com\/wp-content\/uploads\/2024\/06\/newsletter_FR_2.png 729w, https:\/\/canarias-lovers.com\/wp-content\/uploads\/2024\/06\/newsletter_FR_2-276x300.png 276w\" sizes=\"auto, (max-width: 729px) 100vw, 729px\" \/><\/figure>\n<\/div><\/div><\/div><\/div>\n<\/div>\n<\/div>\n<\/div><\/div><\/div>\n\n<h2 class=\"wp-block-heading\"><span class=\"ez-toc-section\" id=\"Anledning_9_%E2%80%93_En_idealisk_bas_for_att_utforska_Gran_Canaria\"><\/span>Anledning 9 &#8211; En idealisk bas f\u00f6r att utforska Gran Canaria<span class=\"ez-toc-section-end\"><\/span><\/h2>\n\n<figure class=\"wp-block-image size-large\"><img decoding=\"async\" src=\"https:\/\/photos.smugmug.com\/Canarias-Lovers\/Gran-Canaria\/Best\/Views\/i-ftHg7VX\/0\/M9VBqCRx3786x35ZtJwqQMJhLLxZL7xCDKLMCkRNJ\/L\/Mirador-el-guriete-L.jpg\" alt=\"Bergslandskap p&#xE5; Gran Canaria\"\/><\/figure>\n\n<p>Las Palmas \u00e4r <strong>strategiskt<\/strong> bel\u00e4get och har ett <strong>brett utbud av infrastruktur<\/strong>. Det gjorde att vi l\u00e4tt kunde ta oss till de olika regionerna p\u00e5 Gran Canaria, fr\u00e5n <strong>str\u00e4nderna i s\u00f6der<\/strong> till <strong>bergen i mitten<\/strong>. N\u00e4rheten till<strong>flygplatsen<\/strong> och <strong>f\u00e4rjorna<\/strong> \u00e4r ocks\u00e5 en stor f\u00f6rdel.<\/p>\n\n<figure class=\"wp-block-image size-large\"><img decoding=\"async\" src=\"https:\/\/photos.smugmug.com\/Canarias-Lovers\/Gran-Canaria\/Best\/Hikes-nature\/i-xw364Fs\/0\/Mw89tCpSGnV2xBLCSDVczfZhvqvxhKsCpgTkJpnLH\/L\/maspalomas-dunes-sunset-2-L.jpg\" alt=\"Malpalomas sanddyner p&#xE5; Gran Canaria\"\/><\/figure>\n\n<p>F\u00f6r att kunna ta dig runt \u00f6verallt rekommenderar vi att du <strong><a href=\"https:\/\/canarias-lovers.com\/sv\/hur-hyr-bil-gran-canaria-tips-erfarenhet\/\" target=\"_blank\" rel=\"noreferrer noopener sponsored nofollow\">hyra en bil<\/a><\/strong>. Du kommer att vara helt oberoende. Alternativt kan du dra nytta av<strong>dagsutflykter <\/strong>fr\u00e5n Las Palmas. <a href=\"https:\/\/www.viator.com\/fr-FR\/tours\/Gran-Canaria\/Gran-Canarias-highest-peaks-Tour\/d792-28965P85?pid=P00074304&amp;mcid=42383&amp;medium=link&amp;medium_version=selector&amp;campaign=CAL\" target=\"_blank\" rel=\"noreferrer noopener sponsored nofollow\">Se priser, bilder och tillg\u00e4nglighet<\/a>.<\/p>\n\n<h2 class=\"wp-block-heading\"><span class=\"ez-toc-section\" id=\"Skal_10_%E2%80%93_Shoppingmojligheter\"><\/span>Sk\u00e4l 10 &#8211; Shoppingm\u00f6jligheter<span class=\"ez-toc-section-end\"><\/span><\/h2>\n\n<figure class=\"wp-block-image size-large\"><img decoding=\"async\" src=\"https:\/\/photos.smugmug.com\/Canarias-Lovers\/Gran-Canaria\/Las-Palmas\/Old-town\/i-LjZMqtQ\/0\/NdhCBGsDw5BmzBRLzSLQRJMZj6h7Lq7CmLMB9J7Cj\/L\/calle-triana-las-palmas-gran-canaria-L.jpg\" alt=\"Gatan Mayor Triana i Las Palmas Gran Canaria\"\/><\/figure>\n\n<p>Vi hittade <strong>gott om m\u00f6jligheter<\/strong> till shopping i Las Palmas. Staden \u00e4r en modern och livlig stad som \u00e4r full av aktiviteter \u00e5ret runt, med <strong>k\u00f6pcentrum<\/strong> som <strong>Las Arenas<\/strong> bakom Afredo Kraus Auditorium.<\/p>\n\n<figure class=\"wp-block-image size-large\"><img decoding=\"async\" src=\"https:\/\/photos.smugmug.com\/Canarias-Lovers\/Gran-Canaria\/Las-Palmas\/Las-Palmas-markets\/i-M7fnCnQ\/0\/K2ZZPGVmGnsv24f5VM2Wrc7cdgwbHCK9FHcjf6ZGr\/L\/las-palmas-market-mercado-del-puerto-gran-canaria-1-L.jpg\" alt=\"Inne i Las Palmas hamnmarknad p&#xE5; Gran Canaria\"\/><\/figure>\n\n<p>Det finns ocks\u00e5 <strong>g\u00e5gator<\/strong>, till exempel <strong>Calle Mayor de Triana<\/strong> i gamla stan eller<strong>Avenida Mesa y Lopez<\/strong> bakom Playa de las Canteras. Och slutligen, i en mer pittoresk stil, \u00e4lskade vi <strong>marknaderna<\/strong> i Las Palmas. Det \u00e4r ocks\u00e5 ett utm\u00e4rkt tillf\u00e4lle att k\u00f6pa lokala hantverk och f\u00e4rskvaror.<\/p>\n\n<div style=\"margin-top:8%;margin-bottom:8%\" class=\"wp-block-genesis-blocks-gb-container box gb-block-container\"><div class=\"gb-container-inside\"><div class=\"gb-container-content\">\n<div class=\"wp-block-columns inverse is-layout-flex wp-container-core-columns-is-layout-9d6595d7 wp-block-columns-is-layout-flex\">\n<div class=\"wp-block-column texte_planif is-layout-flow wp-block-column-is-layout-flow\" style=\"flex-basis:58%\">\n<h5 class=\"titre_box\" style=\"padding-top:10px;\">UPPT\u00c4CK <span class=\"titre_box_manuscrit\">Las Palmas<\/span><\/h5>\n\n\n\n<ul class=\"ul_box wp-block-list\">\n<li style=\"font-size:14px\"><a href=\"https:\/\/canarias-lovers.com\/sv\/sevardheter-las-palmas-gran-canaria-att-gora\/\" target=\"_blank\" rel=\"noreferrer noopener\">Sev\u00e4rdheter i Las Palmas<\/a><\/li>\n\n\n\n<li style=\"font-size:14px\"><a href=\"https:\/\/canarias-lovers.com\/sv\/basta-stranderna-las-palmas-gran-canaria\/\" target=\"_blank\" rel=\"noreferrer noopener\">De vackraste str\u00e4nderna<\/a><\/li>\n\n\n\n<li style=\"font-size:14px\"><a href=\"https:\/\/canarias-lovers.com\/sv\/var-kan-bo-las-palmas-gran-canaria-basta-hotellen-stadsdelarna\/\" target=\"_blank\" rel=\"noreferrer noopener\">B\u00e4sta hotell<\/a><\/li>\n\n\n\n<li style=\"font-size:14px\"><a href=\"https:\/\/canarias-lovers.com\/sv\/basta-restaurang-gran-canaria-las-palmas-ata-omdomen\/\" target=\"_blank\" rel=\"noreferrer noopener\">B\u00e4sta restaurangerna<\/a><\/li>\n\n\n\n<li style=\"font-size:14px\"><a href=\"https:\/\/canarias-lovers.com\/sv\/basta-museerna-las-palmas-gran-canaria\/\" target=\"_blank\" rel=\"noreferrer noopener\">B\u00e4sta museerna<\/a><\/li>\n\n\n\n<li style=\"font-size:14px\"><a href=\"https:\/\/canarias-lovers.com\/sv\/playa-canteras-plage-las-palmas-2\/\" target=\"_blank\" rel=\"noreferrer noopener\">Playa de las Canteras<\/a><\/li>\n\n\n\n<li style=\"font-size:14px\"><a href=\"https:\/\/canarias-lovers.com\/sv\/visiter-aquarium-poema-del-mar-las-palmas-2\/\" target=\"_blank\" rel=\"noreferrer noopener\">Poema del Mar Akvarium<\/a><\/li>\n\n\n\n<li style=\"font-size:14px\"><a href=\"https:\/\/canarias-lovers.com\/sv\/besok-katedral-santa-ana-las-palmas-gran-canaria\/\" target=\"_blank\" rel=\"noreferrer noopener\">Katedralen<\/a><\/li>\n<\/ul>\n<\/div>\n\n\n\n<div class=\"wp-block-column ville-radius is-layout-flow wp-block-column-is-layout-flow\" style=\"flex-basis:42%\">\n<figure class=\"wp-block-image size-large img-portrait\"><img decoding=\"async\" src=\"https:\/\/photos.smugmug.com\/Canarias-Lovers\/Gran-Canaria\/Best\/Villages-towns\/i-gHwwg3T\/0\/D3dJfjzJRf5mVWmbqWDNGfqSMDwSv38QgTVPMZj6B\/S\/las-palmas-cathedral-top-S.jpg\" alt=\"Las Palmas: vy fr&#xE5;n katedralen\" title=\"\"\/><\/figure>\n<\/div>\n<\/div>\n<\/div><\/div><\/div>\n\n<h2 class=\"wp-block-heading\"><span class=\"ez-toc-section\" id=\"Nagra_nackdelar_med_en_resa_till_Las_Palmas\"><\/span>N\u00e5gra nackdelar med en resa till Las Palmas<span class=\"ez-toc-section-end\"><\/span><\/h2>\n\n<h3 class=\"wp-block-heading\">Turistantal under h\u00f6gs\u00e4song<\/h3>\n\n<p>Kanarie\u00f6arna l\u00e4mpar sig v\u00e4l f\u00f6r <strong>massturism<\/strong> och tar emot m\u00e5nga resen\u00e4rer fr\u00e5n framf\u00f6r allt norra Europa, som \u00e4r p\u00e5 jakt efter str\u00e4nder och sol. De v\u00e4ljer ofta <strong>all-inclusive-paket<\/strong> och fyller resorterna p\u00e5 sydkusten.<\/p>\n\n<figure class=\"wp-block-image size-large\"><img decoding=\"async\" src=\"https:\/\/photos.smugmug.com\/Canarias-Lovers\/Gran-Canaria\/Las-Palmas\/Blue-Walking-tour-Sendero-Azul\/i-bKvJ9wg\/0\/NgG639MRnmZW9f8bW9nQbfmv8Vtw58KhH3VrrhGb4\/L\/blue-walking-tour-sendero-azul-las-palmas-gran-canaria-2-L.jpg\" alt=\"Bl&#xE5; vandringsvy i Las Palmas\"\/><\/figure>\n\n<p>F\u00f6r oberoende resen\u00e4rer finns det gott om m\u00f6jligheter att <strong>bes\u00f6ka Las Palmas bortom folkmassorna<\/strong>. Med tanke p\u00e5 det milda klimatet varar h\u00f6gs\u00e4songen l\u00e4nge: fr\u00e5n december till april och i juli och augusti. Resten av tiden \u00e4r det lite mindre livat.<\/p>\n\n<h3 class=\"wp-block-heading\">Begr\u00e4nsad kollektivtrafik (du kanske eller kanske inte beh\u00f6ver hyra en bil)<\/h3>\n\n<p>Las Palmas har ett v\u00e4l utbyggt <strong>bussn\u00e4t<\/strong> och det \u00e4r l\u00e4tt att ta sig runt i staden fr\u00e5n en punkt till en annan. Men \u00e4ven om det finns gott om h\u00e5llplatser \u00e4r frekvensen mycket l\u00e5g och du m\u00e5ste ofta ha t\u00e5lamod.  <\/p>\n\n<p>Staden vidtar \u00e5tg\u00e4rder f\u00f6r att f\u00f6rb\u00e4ttra r\u00f6rligheten och uppmuntra alternativa transports\u00e4tt. Du kan d\u00e4rf\u00f6r v\u00e4lja att anv\u00e4nda de <strong>elcyklar<\/strong> <strong>, sparkcyklar och scootrar<\/strong> som finns tillg\u00e4ngliga f\u00f6r anv\u00e4ndarna. L\u00e4s mer <a href=\"https:\/\/liveitup-laspalmas.com\/general-info\/bike-sharing-in-las-palmas-sitycleta\/\" target=\"_blank\" rel=\"noreferrer noopener nofollow\">h\u00e4r<\/a>.<\/p>\n\n<figure class=\"wp-block-image size-large\"><img decoding=\"async\" src=\"https:\/\/photos.smugmug.com\/Canarias-Lovers\/Gran-Canaria\/Las-Palmas\/Town-Canteras\/i-zmXDmSd\/0\/LhtpvmfxxnTZrZ983P8G9JP3VQ5wdqfXNfz7LcjXf\/L\/bike-las-palmas-gran-canaria-L.jpg\" alt=\"Hyr en cykel i Las Palmas, Gran Canaria\"\/><\/figure>\n\n<p>Men om du ocks\u00e5 vill njuta av det omgivande omr\u00e5det eller resten av \u00f6n rekommenderar vi starkt att du <strong>hyr en bil<\/strong>.<\/p>\n\n<h3 class=\"wp-block-heading\">Urbanisering<\/h3>\n\n<h2 class=\"wp-block-heading\"><span class=\"ez-toc-section\" id=\"Hur_man_tar_sig_till_Las_Palmas\"><\/span>Hur man tar sig till Las Palmas<span class=\"ez-toc-section-end\"><\/span><\/h2>\n\n<p>Det finns tv\u00e5 alternativ f\u00f6r att ta sig till Las Palmas:<\/p>\n\n<ul class=\"wp-block-list\">\n<li><strong>F\u00e4rja:<\/strong> fr\u00e5n Huelva och Cadiz (i Spanien) eller fr\u00e5n en annan \u00f6 om du redan befinner dig i sk\u00e4rg\u00e5rden &#8211; <a href=\"https:\/\/www.directferries.com\/?dfpid=1915\" target=\"_blank\" rel=\"noreferrer noopener nofollow\">se rutter<\/a><\/li>\n\n\n\n<li>Med <strong>flyg:<\/strong> Las Palmas International Airport har direktflyg till 133 destinationer i 28 l\u00e4nder &#8211; <a href=\"https:\/\/skyscanner.pxf.io\/c\/2838839\/1027991\/13416?associateid=AFF_TRA_19354_00001\" target=\"_blank\" rel=\"noreferrer noopener nofollow\">se tillg\u00e4ngliga<\/a> flyg<\/li>\n<\/ul>\n\n<figure class=\"wp-block-image size-large\"><img decoding=\"async\" src=\"https:\/\/photos.smugmug.com\/Canarias-Lovers\/Gran-Canaria\/Airport\/i-cg9MPsZ\/2\/L2fvDzJHzTJ8F4mNs8pSTjhXQ2LTnFjN8LRhZT3ww\/L\/arrival-airport-gran-Canaria-L.jpg\" alt=\"ta sig till Las Palmas flygplats\"\/><\/figure>\n\n<div style=\"margin-top:8%;margin-bottom:8%\" class=\"wp-block-genesis-blocks-gb-container box gb-block-container\"><div class=\"gb-container-inside\"><div class=\"gb-container-content\" style=\"max-width:700px\">\n<div class=\"wp-block-genesis-blocks-gb-container box_titre gb-block-container\"><div class=\"gb-container-inside\"><div class=\"gb-container-content\">\n<h5 class=\"titre_box\"><span>PLANERA<\/span> DIN RESA TILL <span class=\"titre_box_manuscrit\">Gran Canaria<\/span><\/h5>\n<\/div><\/div><\/div>\n\n\n\n<hr class=\"wp-block-separator has-text-color has-alpha-channel-opacity has-background is-style-wide hr-box-planif\" style=\"background-color:#ccd3dd;color:#ccd3dd\"\/>\n\n\n\n<div class=\"wp-block-columns box_sans_border is-layout-flex wp-container-core-columns-is-layout-9d6595d7 wp-block-columns-is-layout-flex\">\n<div class=\"wp-block-column texte_planif is-layout-flow wp-block-column-is-layout-flow\" style=\"font-size:14px;flex-basis:60%\">\n<ul class=\"wp-block-list\">\n<li><strong>B\u00e4st av<\/strong><\/li>\n<\/ul>\n\n\n\n<p class=\"ul_box\" style=\"font-size:14px\"><a href=\"https:\/\/canarias-lovers.com\/sv\/sevardheter-gran-canaria-att-gora\/\" target=\"_blank\" rel=\"noreferrer noopener\">Sev\u00e4rdheter p\u00e5 Gran Canaria<\/a><br\/><a href=\"https:\/\/canarias-lovers.com\/sv\/landskap-gran-canaria-foton\/\" target=\"_blank\" rel=\"noreferrer noopener\">De vackraste landskapen<\/a><br\/><a href=\"https:\/\/canarias-lovers.com\/sv\/basta-staderna-gran-canaria-byarna\/\" target=\"_blank\" rel=\"noreferrer noopener\">De vackraste st\u00e4derna och byarna<\/a><br\/><a href=\"https:\/\/canarias-lovers.com\/sv\/basta-stranderna-gran-canaria\/\" target=\"_blank\" rel=\"noreferrer noopener\">De vackraste str\u00e4nderna<\/a><br\/><a href=\"https:\/\/canarias-lovers.com\/sv\/naturliga-pooler-gran-canaria-laguner\/\" target=\"_blank\" rel=\"noreferrer noopener\">B\u00e4sta naturliga pooler<\/a><br\/><a href=\"https:\/\/canarias-lovers.com\/sv\/arkeologiska-utgravningar-gran-canaria\/\" target=\"_blank\" rel=\"noreferrer noopener\">Arkeologiska platser<\/a><br\/><a href=\"https:\/\/canarias-lovers.com\/sv\/basta-museerna-gran-canaria\/\" target=\"_blank\" rel=\"noreferrer noopener\">B\u00e4sta museerna<\/a><br\/><a href=\"https:\/\/canarias-lovers.com\/sv\/meilleures-excursions-bateau-gran-canaria-2\/\" target=\"_blank\" rel=\"noreferrer noopener\">B\u00e4sta b\u00e5tturerna<\/a><br\/><a href=\"https:\/\/canarias-lovers.com\/sv\/gran-canaria-gomda-parlor-hemliga-platser\/\" target=\"_blank\" rel=\"noreferrer noopener\">Hemliga platser, utanf\u00f6r allfarv\u00e4garna<\/a><\/p>\n<\/div>\n\n\n\n<div class=\"wp-block-column is-vertically-aligned-top planif-radius is-layout-flow wp-block-column-is-layout-flow\" style=\"flex-basis:40%\">\n<figure class=\"wp-block-image size-large img-portrait\"><img decoding=\"async\" src=\"https:\/\/photos.smugmug.com\/Canarias-Lovers\/Gran-Canaria\/Best-of\/i-8qV2fwm\/0\/98eb2a07\/S\/Roque-Nublo-S.jpg\" alt=\"Roque Nublo\" title=\"\"\/><\/figure>\n<\/div>\n<\/div>\n\n\n\n<hr class=\"wp-block-separator has-text-color has-alpha-channel-opacity has-background is-style-wide hr-box-planif\" style=\"background-color:#ccd3dd;color:#ccd3dd\"\/>\n\n\n\n<div class=\"wp-block-columns box_sans_border is-layout-flex wp-container-core-columns-is-layout-9d6595d7 wp-block-columns-is-layout-flex\">\n<div class=\"wp-block-column texte_planif is-layout-flow wp-block-column-is-layout-flow\" style=\"flex-basis:60%\">\n<ul class=\"wp-block-list\">\n<li><strong>Praktiska r\u00e5d<\/strong><\/li>\n<\/ul>\n\n\n\n<p style=\"font-size:14px\"><a href=\"https:\/\/canarias-lovers.com\/sv\/reseguide-gran-canaria-resetips\/\" target=\"_blank\" rel=\"noreferrer noopener\">25 tips f\u00f6r en lyckad resa till Gran Canaria<\/a><br\/><a href=\"https:\/\/canarias-lovers.com\/sv\/nar-ska-man-aka-gran-canaria-vader\/\" target=\"_blank\" rel=\"noreferrer noopener\">N\u00e4r ska du \u00e5ka?<\/a><\/p>\n\n\n\n<p style=\"font-size:14px\"><a href=\"https:\/\/canarias-lovers.com\/sv\/ta-sig-runt-gran-canaria-transport\/\" target=\"_blank\" rel=\"noreferrer noopener\">Hur man tar sig runt<\/a><br\/><a href=\"https:\/\/canarias-lovers.com\/sv\/hur-hyr-bil-gran-canaria-tips-erfarenhet\/\" target=\"_blank\" rel=\"noreferrer noopener\">Hur man hyr en bil p\u00e5 Gran Canaria<\/a><br\/><a href=\"https:\/\/canarias-lovers.com\/sv\/korning-gran-canaria-tips\/\" target=\"_blank\" rel=\"noreferrer noopener\">Tips f\u00f6r k\u00f6rning<\/a><br\/><a href=\"https:\/\/canarias-lovers.com\/sv\/meilleures-excursions-gran-canaria-2\/\" target=\"_blank\" rel=\"noreferrer noopener\">B\u00e4sta utflykterna<\/a><\/p>\n\n\n\n<p style=\"font-size:14px\">Resplaner: 3 dagar &#8211; 4 dagar &#8211; <a href=\"https:\/\/canarias-lovers.com\/sv\/besok-5-dagar-gran-canaria-resvagar\/\" target=\"_blank\" rel=\"noreferrer noopener\">5 dagar<\/a> &#8211; <a href=\"https:\/\/canarias-lovers.com\/sv\/besok-gran-canaria-6-dagar-resvagar\/\" target=\"_blank\" rel=\"noreferrer noopener\">6 dagar<\/a> &#8211; <a href=\"https:\/\/canarias-lovers.com\/sv\/besok-gran-canaria-en-vecka-resplan\/\" target=\"_blank\" rel=\"noreferrer noopener\">7 dagar<\/a> &#8211; <a href=\"https:\/\/canarias-lovers.com\/sv\/besok-10-dagar-gran-canaria-resplan\/\" target=\"_blank\" rel=\"noreferrer noopener\">10 dagar<\/a><\/p>\n\n\n\n<p style=\"font-size:14px\"><a href=\"https:\/\/canarias-lovers.com\/sv\/var-ska-bo-gran-canaria-basta-omradena\/\" target=\"_blank\" rel=\"noreferrer noopener\">Var man kan bo p\u00e5 Gran Canaria<\/a><\/p>\n<\/div>\n\n\n\n<div class=\"wp-block-column is-vertically-aligned-top planif-radius is-layout-flow wp-block-column-is-layout-flow\" style=\"flex-basis:40%\">\n<figure class=\"wp-block-image size-large img-portrait\"><img decoding=\"async\" src=\"https:\/\/photos.smugmug.com\/Canarias-Lovers\/Gran-Canaria\/Driving\/i-rqnNnCs\/1\/4b657343\/S\/gran-Canaria-rental-car-driving-3-S.jpg\" alt=\"Biluthyrning Gran Canaria\" title=\"\"\/><\/figure>\n<\/div>\n<\/div>\n\n\n\n<hr class=\"wp-block-separator has-text-color has-alpha-channel-opacity has-background is-style-wide hr-box-planif\" style=\"background-color:#ccd3dd;color:#ccd3dd\"\/>\n\n\n\n<div class=\"wp-block-columns box_sans_border is-layout-flex wp-container-core-columns-is-layout-9d6595d7 wp-block-columns-is-layout-flex\">\n<div class=\"wp-block-column texte_planif is-layout-flow wp-block-column-is-layout-flow\" style=\"flex-basis:60%\">\n<ul class=\"wp-block-list\">\n<li><strong>Det du m\u00e5ste ha<\/strong><\/li>\n<\/ul>\n\n\n\n<p style=\"font-size:14px\"><a href=\"https:\/\/canarias-lovers.com\/sv\/sevardheter-las-palmas-gran-canaria-att-gora\/\" target=\"_blank\" rel=\"noreferrer noopener\">Las Palmas och dess historiska centrum<\/a><br\/><a href=\"https:\/\/canarias-lovers.com\/sv\/delfinspotting-gran-canaria-baleiner-utflykter\/\" target=\"_blank\" rel=\"noreferrer noopener\">Delfinsk\u00e5dning p\u00e5 Gran Canaria<\/a><br\/><a href=\"https:\/\/canarias-lovers.com\/sv\/dunes-maspalomas-gran-canaria-2\/\" target=\"_blank\" rel=\"noreferrer noopener\">Sanddyner i Maspalomas<\/a><br\/><a href=\"https:\/\/canarias-lovers.com\/sv\/sevardheter-puerto-mogan-att-gora\/\" target=\"_blank\" rel=\"noreferrer noopener\">Puerto de Mogan (Lilla Venedig)<\/a><br\/><a href=\"https:\/\/canarias-lovers.com\/sv\/sevardheter-agaete-att-gora\/\" target=\"_blank\" rel=\"noreferrer noopener\">Agaete och dess naturliga pooler<\/a><br\/><a href=\"https:\/\/canarias-lovers.com\/sv\/sevardheter-aguimes-gran-canaria-region-att-gora\/\" target=\"_blank\" rel=\"noreferrer noopener\">Den magnifika staden Ag\u00fcimes<\/a><br\/><\/p>\n<\/div>\n\n\n\n<div class=\"wp-block-column is-vertically-aligned-top planif-radius is-layout-flow wp-block-column-is-layout-flow\" style=\"flex-basis:40%\">\n<figure class=\"wp-block-image size-large img-portrait\"><img decoding=\"async\" src=\"https:\/\/photos.smugmug.com\/Canarias-Lovers\/Gran-Canaria\/Best-of\/i-wqpn8vC\/0\/85607396\/S\/Gran-Canaria-dolphins-S.jpg\" alt=\"Delfin p&#xE5; Gran Canaria\" title=\"\"\/><\/figure>\n<\/div>\n<\/div>\n\n\n\n<div style=\"height:30px\" aria-hidden=\"true\" class=\"wp-block-spacer\"><\/div>\n<\/div><\/div><\/div>\n\n<div class=\"wp-block-genesis-blocks-gb-container box_auteur_voyage gb-block-container\"><div class=\"gb-container-inside\"><div class=\"gb-container-content\">\n<figure class=\"wp-block-image size-large img_auteur_voyage img_provisoire\"><a href=\"https:\/\/canarias-lovers.com\/sv\/claire-robinson\/\" target=\"_blank\" rel=\"noreferrer noopener\"><img decoding=\"async\" src=\"https:\/\/photos.smugmug.com\/Region-Lovers\/Equipe\/i-nsNF6C6\/0\/Cs2F5n96pkt9xFD9D3SVqmQspMhrKgN75nHgBqmjG\/L\/Claire-L.png\" alt=\"\"\/><\/a><\/figure>\n\n\n\n<h5 class=\"titre_auteur_voyage\"><span>HON KLARADE RESAN <\/span><span class=\"titre_box_manuscrit\">Claire<\/span><\/h5>\n<\/div><\/div><\/div>\n\n<div class=\"wp-block-genesis-blocks-gb-container box_auteur_voyage gb-block-container\"><div class=\"gb-container-inside\"><div class=\"gb-container-content\">\n<figure class=\"wp-block-image size-large img_auteur_voyage img_provisoire img_severine\"><a href=\"https:\/\/canarias-lovers.com\/sv\/severine-harzo\/\" target=\"_blank\" rel=\"noreferrer noopener\"><img decoding=\"async\" src=\"https:\/\/photos.smugmug.com\/Region-Lovers\/Equipe\/i-gFtV6Dq\/0\/C6RSrhKpdND9MjrwpgnJSBdMhs3jLBgbGtBgdHX2x\/L\/severine-2-L.jpg\" alt=\"\" style=\"object-fit:cover\"\/><\/a><\/figure>\n\n\n\n<h5 class=\"titre_auteur_voyage\"><span>HON SKREV ARTIKELN \n <\/span><span class=\"titre_box_manuscrit\">S\u00e8verine<\/span><\/h5>\n<\/div><\/div><\/div>\n","protected":false},"excerpt":{"rendered":"<p>Kanarie\u00f6arnas huvudstad Las Palmas ligger p\u00e5 nord\u00f6stra delen av \u00f6n Gran Canaria och \u00e4r ett unikt resm\u00e5l f\u00f6r resen\u00e4rer som s\u00f6ker kulturell m\u00e5ngfald och gyllene str\u00e4nder. Mellan kullerstensgatorna i den historiska stadsdelen Vegueta och de h\u00f6ga fartygen i hamnen \u00e4r det h\u00e4r sk\u00e4rg\u00e5rdens hj\u00e4rta sl\u00e5r. I den h\u00e4r artikeln ber\u00e4ttar vi om varf\u00f6r vi \u00e4lskar [&hellip;]<\/p>\n","protected":false},"author":6,"featured_media":2045,"comment_status":"closed","ping_status":"closed","sticky":false,"template":"","format":"standard","meta":{"_genesis_hide_title":false,"_genesis_hide_breadcrumbs":false,"_genesis_hide_singular_image":false,"_genesis_hide_footer_widgets":false,"_genesis_custom_body_class":"","_genesis_custom_post_class":"","_genesis_layout":"","footnotes":""},"categories":[46],"tags":[],"class_list":{"0":"post-2070","1":"post","2":"type-post","3":"status-publish","4":"format-standard","5":"has-post-thumbnail","7":"category-gran-canaria-sv","8":"entry"},"yoast_head":"<!-- This site is optimized with the Yoast SEO plugin v27.2 - https:\/\/yoast.com\/product\/yoast-seo-wordpress\/ -->\n<title>\u00c4r Las Palmas v\u00e4rt att bes\u00f6ka? V\u00e5ra 10 sk\u00e4l<\/title>\n<meta name=\"description\" content=\"Uppt\u00e4ck v\u00e5ra 10 sk\u00e4l till varf\u00f6r Las Palmas \u00e4r v\u00e4l v\u00e4rt ett bes\u00f6k: dess historiska centrum, dess str\u00e4nder, dess museer ...\" \/>\n<meta name=\"robots\" content=\"index, follow, max-snippet:-1, max-image-preview:large, max-video-preview:-1\" \/>\n<link rel=\"canonical\" href=\"https:\/\/canarias-lovers.com\/sv\/varfor-besoka-las-palmas-gran-canaria-vart\/\" \/>\n<meta property=\"og:locale\" content=\"sv_SE\" \/>\n<meta property=\"og:type\" content=\"article\" \/>\n<meta property=\"og:title\" content=\"\u00c4r Las Palmas v\u00e4rt att bes\u00f6ka? V\u00e5ra 10 sk\u00e4l\" \/>\n<meta property=\"og:description\" content=\"Uppt\u00e4ck v\u00e5ra 10 sk\u00e4l till varf\u00f6r Las Palmas \u00e4r v\u00e4l v\u00e4rt ett bes\u00f6k: dess historiska centrum, dess str\u00e4nder, dess museer ...\" \/>\n<meta property=\"og:url\" content=\"https:\/\/canarias-lovers.com\/sv\/varfor-besoka-las-palmas-gran-canaria-vart\/\" \/>\n<meta property=\"og:site_name\" content=\"Canarias Lovers: Tenerife + Gran Canaria\" \/>\n<meta property=\"article:published_time\" content=\"2024-07-18T15:35:08+00:00\" \/>\n<meta property=\"article:modified_time\" content=\"2024-07-19T12:13:32+00:00\" \/>\n<meta property=\"og:image\" content=\"https:\/\/canarias-lovers.com\/wp-content\/uploads\/2024\/07\/Pourquoi-aller-las-palmas-vaut-la-peine-raisons-8.jpg\" \/>\n\t<meta property=\"og:image:width\" content=\"800\" \/>\n\t<meta property=\"og:image:height\" content=\"600\" \/>\n\t<meta property=\"og:image:type\" content=\"image\/jpeg\" \/>\n<meta name=\"author\" content=\"S\u00e8verine\" \/>\n<meta name=\"twitter:card\" content=\"summary_large_image\" \/>\n<meta name=\"twitter:label1\" content=\"Skriven av\" \/>\n\t<meta name=\"twitter:data1\" content=\"S\u00e8verine\" \/>\n\t<meta name=\"twitter:label2\" content=\"Ber\u00e4knad l\u00e4stid\" \/>\n\t<meta name=\"twitter:data2\" content=\"9 minuter\" \/>\n<script type=\"application\/ld+json\" class=\"yoast-schema-graph\">{\"@context\":\"https:\/\/schema.org\",\"@graph\":[{\"@type\":\"Article\",\"@id\":\"https:\/\/canarias-lovers.com\/sv\/varfor-besoka-las-palmas-gran-canaria-vart\/#article\",\"isPartOf\":{\"@id\":\"https:\/\/canarias-lovers.com\/sv\/varfor-besoka-las-palmas-gran-canaria-vart\/\"},\"author\":{\"name\":\"S\u00e8verine\",\"@id\":\"https:\/\/canarias-lovers.com\/sv\/#\/schema\/person\/9332388f4e589358490482beed472444\"},\"headline\":\"\u00c4r Las Palmas v\u00e4rt att bes\u00f6ka? V\u00e5ra 10 sk\u00e4l\",\"datePublished\":\"2024-07-18T15:35:08+00:00\",\"dateModified\":\"2024-07-19T12:13:32+00:00\",\"mainEntityOfPage\":{\"@id\":\"https:\/\/canarias-lovers.com\/sv\/varfor-besoka-las-palmas-gran-canaria-vart\/\"},\"wordCount\":1720,\"publisher\":{\"@id\":\"https:\/\/canarias-lovers.com\/sv\/#organization\"},\"image\":{\"@id\":\"https:\/\/canarias-lovers.com\/sv\/varfor-besoka-las-palmas-gran-canaria-vart\/#primaryimage\"},\"thumbnailUrl\":\"https:\/\/canarias-lovers.com\/wp-content\/uploads\/2024\/07\/Pourquoi-aller-las-palmas-vaut-la-peine-raisons-8.jpg\",\"articleSection\":[\"Gran Canaria\"],\"inLanguage\":\"sv-SE\"},{\"@type\":\"WebPage\",\"@id\":\"https:\/\/canarias-lovers.com\/sv\/varfor-besoka-las-palmas-gran-canaria-vart\/\",\"url\":\"https:\/\/canarias-lovers.com\/sv\/varfor-besoka-las-palmas-gran-canaria-vart\/\",\"name\":\"\u00c4r Las Palmas v\u00e4rt att bes\u00f6ka? V\u00e5ra 10 sk\u00e4l\",\"isPartOf\":{\"@id\":\"https:\/\/canarias-lovers.com\/sv\/#website\"},\"primaryImageOfPage\":{\"@id\":\"https:\/\/canarias-lovers.com\/sv\/varfor-besoka-las-palmas-gran-canaria-vart\/#primaryimage\"},\"image\":{\"@id\":\"https:\/\/canarias-lovers.com\/sv\/varfor-besoka-las-palmas-gran-canaria-vart\/#primaryimage\"},\"thumbnailUrl\":\"https:\/\/canarias-lovers.com\/wp-content\/uploads\/2024\/07\/Pourquoi-aller-las-palmas-vaut-la-peine-raisons-8.jpg\",\"datePublished\":\"2024-07-18T15:35:08+00:00\",\"dateModified\":\"2024-07-19T12:13:32+00:00\",\"description\":\"Uppt\u00e4ck v\u00e5ra 10 sk\u00e4l till varf\u00f6r Las Palmas \u00e4r v\u00e4l v\u00e4rt ett bes\u00f6k: dess historiska centrum, dess str\u00e4nder, dess museer ...\",\"breadcrumb\":{\"@id\":\"https:\/\/canarias-lovers.com\/sv\/varfor-besoka-las-palmas-gran-canaria-vart\/#breadcrumb\"},\"inLanguage\":\"sv-SE\",\"potentialAction\":[{\"@type\":\"ReadAction\",\"target\":[\"https:\/\/canarias-lovers.com\/sv\/varfor-besoka-las-palmas-gran-canaria-vart\/\"]}]},{\"@type\":\"ImageObject\",\"inLanguage\":\"sv-SE\",\"@id\":\"https:\/\/canarias-lovers.com\/sv\/varfor-besoka-las-palmas-gran-canaria-vart\/#primaryimage\",\"url\":\"https:\/\/canarias-lovers.com\/wp-content\/uploads\/2024\/07\/Pourquoi-aller-las-palmas-vaut-la-peine-raisons-8.jpg\",\"contentUrl\":\"https:\/\/canarias-lovers.com\/wp-content\/uploads\/2024\/07\/Pourquoi-aller-las-palmas-vaut-la-peine-raisons-8.jpg\",\"width\":800,\"height\":600,\"caption\":\"Varf\u00f6r \u00e5ka till Las Palmas\"},{\"@type\":\"BreadcrumbList\",\"@id\":\"https:\/\/canarias-lovers.com\/sv\/varfor-besoka-las-palmas-gran-canaria-vart\/#breadcrumb\",\"itemListElement\":[{\"@type\":\"ListItem\",\"position\":1,\"name\":\"Accueil\",\"item\":\"https:\/\/canarias-lovers.com\/sv\/\"},{\"@type\":\"ListItem\",\"position\":2,\"name\":\"Gran Canaria\",\"item\":\"https:\/\/canarias-lovers.com\/sv\/gran-canaria-sv\/\"},{\"@type\":\"ListItem\",\"position\":3,\"name\":\"\u00c4r Las Palmas v\u00e4rt att bes\u00f6ka? V\u00e5ra 10 sk\u00e4l\"}]},{\"@type\":\"WebSite\",\"@id\":\"https:\/\/canarias-lovers.com\/sv\/#website\",\"url\":\"https:\/\/canarias-lovers.com\/sv\/\",\"name\":\"Canarias Lovers: Tenerife + Gran Canaria\",\"description\":\"Claire och Manu's blogg\",\"publisher\":{\"@id\":\"https:\/\/canarias-lovers.com\/sv\/#organization\"},\"potentialAction\":[{\"@type\":\"SearchAction\",\"target\":{\"@type\":\"EntryPoint\",\"urlTemplate\":\"https:\/\/canarias-lovers.com\/sv\/?s={search_term_string}\"},\"query-input\":{\"@type\":\"PropertyValueSpecification\",\"valueRequired\":true,\"valueName\":\"search_term_string\"}}],\"inLanguage\":\"sv-SE\"},{\"@type\":\"Organization\",\"@id\":\"https:\/\/canarias-lovers.com\/sv\/#organization\",\"name\":\"Canarias Lovers: Tenerife + Gran Canaria\",\"url\":\"https:\/\/canarias-lovers.com\/sv\/\",\"logo\":{\"@type\":\"ImageObject\",\"inLanguage\":\"sv-SE\",\"@id\":\"https:\/\/canarias-lovers.com\/sv\/#\/schema\/logo\/image\/\",\"url\":\"https:\/\/canarias-lovers.com\/wp-content\/uploads\/2024\/05\/cropped-Canarias-Lovers-Logo.png\",\"contentUrl\":\"https:\/\/canarias-lovers.com\/wp-content\/uploads\/2024\/05\/cropped-Canarias-Lovers-Logo.png\",\"width\":2635,\"height\":595,\"caption\":\"Canarias Lovers: Tenerife + Gran Canaria\"},\"image\":{\"@id\":\"https:\/\/canarias-lovers.com\/sv\/#\/schema\/logo\/image\/\"}},{\"@type\":\"Person\",\"@id\":\"https:\/\/canarias-lovers.com\/sv\/#\/schema\/person\/9332388f4e589358490482beed472444\",\"name\":\"S\u00e8verine\",\"image\":{\"@type\":\"ImageObject\",\"inLanguage\":\"sv-SE\",\"@id\":\"https:\/\/secure.gravatar.com\/avatar\/6d0d7a36298d05d1ff1079e571d7d76b1f551a3865fc37447d2c3ac79eadf069?s=96&d=mm&r=g\",\"url\":\"https:\/\/secure.gravatar.com\/avatar\/6d0d7a36298d05d1ff1079e571d7d76b1f551a3865fc37447d2c3ac79eadf069?s=96&d=mm&r=g\",\"contentUrl\":\"https:\/\/secure.gravatar.com\/avatar\/6d0d7a36298d05d1ff1079e571d7d76b1f551a3865fc37447d2c3ac79eadf069?s=96&d=mm&r=g\",\"caption\":\"S\u00e8verine\"},\"sameAs\":[\"https:\/\/canarias-lovers.com\/severine-harzo\/\"],\"url\":\"https:\/\/canarias-lovers.com\/sv\/author\/severine\/\"}]}<\/script>\n<!-- \/ Yoast SEO plugin. -->","yoast_head_json":{"title":"\u00c4r Las Palmas v\u00e4rt att bes\u00f6ka? V\u00e5ra 10 sk\u00e4l","description":"Uppt\u00e4ck v\u00e5ra 10 sk\u00e4l till varf\u00f6r Las Palmas \u00e4r v\u00e4l v\u00e4rt ett bes\u00f6k: dess historiska centrum, dess str\u00e4nder, dess museer ...","robots":{"index":"index","follow":"follow","max-snippet":"max-snippet:-1","max-image-preview":"max-image-preview:large","max-video-preview":"max-video-preview:-1"},"canonical":"https:\/\/canarias-lovers.com\/sv\/varfor-besoka-las-palmas-gran-canaria-vart\/","og_locale":"sv_SE","og_type":"article","og_title":"\u00c4r Las Palmas v\u00e4rt att bes\u00f6ka? V\u00e5ra 10 sk\u00e4l","og_description":"Uppt\u00e4ck v\u00e5ra 10 sk\u00e4l till varf\u00f6r Las Palmas \u00e4r v\u00e4l v\u00e4rt ett bes\u00f6k: dess historiska centrum, dess str\u00e4nder, dess museer ...","og_url":"https:\/\/canarias-lovers.com\/sv\/varfor-besoka-las-palmas-gran-canaria-vart\/","og_site_name":"Canarias Lovers: Tenerife + Gran Canaria","article_published_time":"2024-07-18T15:35:08+00:00","article_modified_time":"2024-07-19T12:13:32+00:00","og_image":[{"width":800,"height":600,"url":"https:\/\/canarias-lovers.com\/wp-content\/uploads\/2024\/07\/Pourquoi-aller-las-palmas-vaut-la-peine-raisons-8.jpg","type":"image\/jpeg"}],"author":"S\u00e8verine","twitter_card":"summary_large_image","twitter_misc":{"Skriven av":"S\u00e8verine","Ber\u00e4knad l\u00e4stid":"9 minuter"},"schema":{"@context":"https:\/\/schema.org","@graph":[{"@type":"Article","@id":"https:\/\/canarias-lovers.com\/sv\/varfor-besoka-las-palmas-gran-canaria-vart\/#article","isPartOf":{"@id":"https:\/\/canarias-lovers.com\/sv\/varfor-besoka-las-palmas-gran-canaria-vart\/"},"author":{"name":"S\u00e8verine","@id":"https:\/\/canarias-lovers.com\/sv\/#\/schema\/person\/9332388f4e589358490482beed472444"},"headline":"\u00c4r Las Palmas v\u00e4rt att bes\u00f6ka? V\u00e5ra 10 sk\u00e4l","datePublished":"2024-07-18T15:35:08+00:00","dateModified":"2024-07-19T12:13:32+00:00","mainEntityOfPage":{"@id":"https:\/\/canarias-lovers.com\/sv\/varfor-besoka-las-palmas-gran-canaria-vart\/"},"wordCount":1720,"publisher":{"@id":"https:\/\/canarias-lovers.com\/sv\/#organization"},"image":{"@id":"https:\/\/canarias-lovers.com\/sv\/varfor-besoka-las-palmas-gran-canaria-vart\/#primaryimage"},"thumbnailUrl":"https:\/\/canarias-lovers.com\/wp-content\/uploads\/2024\/07\/Pourquoi-aller-las-palmas-vaut-la-peine-raisons-8.jpg","articleSection":["Gran Canaria"],"inLanguage":"sv-SE"},{"@type":"WebPage","@id":"https:\/\/canarias-lovers.com\/sv\/varfor-besoka-las-palmas-gran-canaria-vart\/","url":"https:\/\/canarias-lovers.com\/sv\/varfor-besoka-las-palmas-gran-canaria-vart\/","name":"\u00c4r Las Palmas v\u00e4rt att bes\u00f6ka? V\u00e5ra 10 sk\u00e4l","isPartOf":{"@id":"https:\/\/canarias-lovers.com\/sv\/#website"},"primaryImageOfPage":{"@id":"https:\/\/canarias-lovers.com\/sv\/varfor-besoka-las-palmas-gran-canaria-vart\/#primaryimage"},"image":{"@id":"https:\/\/canarias-lovers.com\/sv\/varfor-besoka-las-palmas-gran-canaria-vart\/#primaryimage"},"thumbnailUrl":"https:\/\/canarias-lovers.com\/wp-content\/uploads\/2024\/07\/Pourquoi-aller-las-palmas-vaut-la-peine-raisons-8.jpg","datePublished":"2024-07-18T15:35:08+00:00","dateModified":"2024-07-19T12:13:32+00:00","description":"Uppt\u00e4ck v\u00e5ra 10 sk\u00e4l till varf\u00f6r Las Palmas \u00e4r v\u00e4l v\u00e4rt ett bes\u00f6k: dess historiska centrum, dess str\u00e4nder, dess museer ...","breadcrumb":{"@id":"https:\/\/canarias-lovers.com\/sv\/varfor-besoka-las-palmas-gran-canaria-vart\/#breadcrumb"},"inLanguage":"sv-SE","potentialAction":[{"@type":"ReadAction","target":["https:\/\/canarias-lovers.com\/sv\/varfor-besoka-las-palmas-gran-canaria-vart\/"]}]},{"@type":"ImageObject","inLanguage":"sv-SE","@id":"https:\/\/canarias-lovers.com\/sv\/varfor-besoka-las-palmas-gran-canaria-vart\/#primaryimage","url":"https:\/\/canarias-lovers.com\/wp-content\/uploads\/2024\/07\/Pourquoi-aller-las-palmas-vaut-la-peine-raisons-8.jpg","contentUrl":"https:\/\/canarias-lovers.com\/wp-content\/uploads\/2024\/07\/Pourquoi-aller-las-palmas-vaut-la-peine-raisons-8.jpg","width":800,"height":600,"caption":"Varf\u00f6r \u00e5ka till Las Palmas"},{"@type":"BreadcrumbList","@id":"https:\/\/canarias-lovers.com\/sv\/varfor-besoka-las-palmas-gran-canaria-vart\/#breadcrumb","itemListElement":[{"@type":"ListItem","position":1,"name":"Accueil","item":"https:\/\/canarias-lovers.com\/sv\/"},{"@type":"ListItem","position":2,"name":"Gran Canaria","item":"https:\/\/canarias-lovers.com\/sv\/gran-canaria-sv\/"},{"@type":"ListItem","position":3,"name":"\u00c4r Las Palmas v\u00e4rt att bes\u00f6ka? V\u00e5ra 10 sk\u00e4l"}]},{"@type":"WebSite","@id":"https:\/\/canarias-lovers.com\/sv\/#website","url":"https:\/\/canarias-lovers.com\/sv\/","name":"Canarias Lovers: Tenerife + Gran Canaria","description":"Claire och Manu's blogg","publisher":{"@id":"https:\/\/canarias-lovers.com\/sv\/#organization"},"potentialAction":[{"@type":"SearchAction","target":{"@type":"EntryPoint","urlTemplate":"https:\/\/canarias-lovers.com\/sv\/?s={search_term_string}"},"query-input":{"@type":"PropertyValueSpecification","valueRequired":true,"valueName":"search_term_string"}}],"inLanguage":"sv-SE"},{"@type":"Organization","@id":"https:\/\/canarias-lovers.com\/sv\/#organization","name":"Canarias Lovers: Tenerife + Gran Canaria","url":"https:\/\/canarias-lovers.com\/sv\/","logo":{"@type":"ImageObject","inLanguage":"sv-SE","@id":"https:\/\/canarias-lovers.com\/sv\/#\/schema\/logo\/image\/","url":"https:\/\/canarias-lovers.com\/wp-content\/uploads\/2024\/05\/cropped-Canarias-Lovers-Logo.png","contentUrl":"https:\/\/canarias-lovers.com\/wp-content\/uploads\/2024\/05\/cropped-Canarias-Lovers-Logo.png","width":2635,"height":595,"caption":"Canarias Lovers: Tenerife + Gran Canaria"},"image":{"@id":"https:\/\/canarias-lovers.com\/sv\/#\/schema\/logo\/image\/"}},{"@type":"Person","@id":"https:\/\/canarias-lovers.com\/sv\/#\/schema\/person\/9332388f4e589358490482beed472444","name":"S\u00e8verine","image":{"@type":"ImageObject","inLanguage":"sv-SE","@id":"https:\/\/secure.gravatar.com\/avatar\/6d0d7a36298d05d1ff1079e571d7d76b1f551a3865fc37447d2c3ac79eadf069?s=96&d=mm&r=g","url":"https:\/\/secure.gravatar.com\/avatar\/6d0d7a36298d05d1ff1079e571d7d76b1f551a3865fc37447d2c3ac79eadf069?s=96&d=mm&r=g","contentUrl":"https:\/\/secure.gravatar.com\/avatar\/6d0d7a36298d05d1ff1079e571d7d76b1f551a3865fc37447d2c3ac79eadf069?s=96&d=mm&r=g","caption":"S\u00e8verine"},"sameAs":["https:\/\/canarias-lovers.com\/severine-harzo\/"],"url":"https:\/\/canarias-lovers.com\/sv\/author\/severine\/"}]}},"featured_image_src":"https:\/\/canarias-lovers.com\/wp-content\/uploads\/2024\/07\/Pourquoi-aller-las-palmas-vaut-la-peine-raisons-8-600x400.jpg","featured_image_src_square":"https:\/\/canarias-lovers.com\/wp-content\/uploads\/2024\/07\/Pourquoi-aller-las-palmas-vaut-la-peine-raisons-8-600x600.jpg","author_info":{"display_name":"S\u00e8verine","author_link":"https:\/\/canarias-lovers.com\/sv\/author\/severine\/"},"_links":{"self":[{"href":"https:\/\/canarias-lovers.com\/sv\/wp-json\/wp\/v2\/posts\/2070","targetHints":{"allow":["GET"]}}],"collection":[{"href":"https:\/\/canarias-lovers.com\/sv\/wp-json\/wp\/v2\/posts"}],"about":[{"href":"https:\/\/canarias-lovers.com\/sv\/wp-json\/wp\/v2\/types\/post"}],"author":[{"embeddable":true,"href":"https:\/\/canarias-lovers.com\/sv\/wp-json\/wp\/v2\/users\/6"}],"replies":[{"embeddable":true,"href":"https:\/\/canarias-lovers.com\/sv\/wp-json\/wp\/v2\/comments?post=2070"}],"version-history":[{"count":0,"href":"https:\/\/canarias-lovers.com\/sv\/wp-json\/wp\/v2\/posts\/2070\/revisions"}],"wp:featuredmedia":[{"embeddable":true,"href":"https:\/\/canarias-lovers.com\/sv\/wp-json\/wp\/v2\/media\/2045"}],"wp:attachment":[{"href":"https:\/\/canarias-lovers.com\/sv\/wp-json\/wp\/v2\/media?parent=2070"}],"wp:term":[{"taxonomy":"category","embeddable":true,"href":"https:\/\/canarias-lovers.com\/sv\/wp-json\/wp\/v2\/categories?post=2070"},{"taxonomy":"post_tag","embeddable":true,"href":"https:\/\/canarias-lovers.com\/sv\/wp-json\/wp\/v2\/tags?post=2070"}],"curies":[{"name":"wp","href":"https:\/\/api.w.org\/{rel}","templated":true}]}}