{"id":1953,"date":"2024-07-12T13:10:53","date_gmt":"2024-07-12T13:10:53","guid":{"rendered":"https:\/\/canarias-lovers.com\/hotell-cordial-plaza-mayor-santa-ana-las-palmas-avis\/"},"modified":"2024-07-12T17:57:47","modified_gmt":"2024-07-12T17:57:47","slug":"hotel-cordial-plaza-mayor-santa-ana-las-palmas-recension","status":"publish","type":"post","link":"https:\/\/canarias-lovers.com\/sv\/hotel-cordial-plaza-mayor-santa-ana-las-palmas-recension\/","title":{"rendered":"Hotel Cordial Plaza Mayor de Santa Ana (Las Palmas): recension"},"content":{"rendered":"\n<p>Bes\u00f6ker du Las Palmas? Vi rekommenderar att du <strong>bor p\u00e5 Hotel Cordial Plaza Mayor de Santa<\/strong> Ana! Denna historiska byggnad har en charmig interi\u00f6r och en takterrass med en fantastisk utsikt \u00f6ver katedralen. Den perfekta platsen f\u00f6r att uppt\u00e4cka det rika kulturarvet i Gran Canarias huvudstad.<\/p>\n\n<p>I den h\u00e4r artikeln kan du l\u00e4sa allt om v\u00e5r upplevelse p\u00e5 Hotel Cordial Plaza Mayor, med <strong>massor av foton<\/strong> som hj\u00e4lper dig att bilda dig en egen uppfattning.<\/p>\n\n<figure class=\"wp-block-image size-full\"><img decoding=\"async\" src=\"https:\/\/canarias-lovers.com\/wp-content\/uploads\/2024\/07\/hotel-cordial-plaza-mayor-santa-ana-las-palmas-recension.jpg\" alt=\"hotell-cordial-plaza-mayor-santa-ana-las-palmas-avis\" class=\"wp-image-1895\"\/><\/figure>\n\n<p>Denna recension \u00e4r helt <b>oberoende<\/b>, vi bodde anonymt och betalade v\u00e5r r\u00e4kning i sin helhet.<\/p>\n\n<h2 class=\"wp-block-heading\"><span class=\"ez-toc-section\" id=\"Varfor_bo_pa_Hotel_Cordial_Plaza_Mayor_de_Santa_Ana\"><\/span>Varf\u00f6r bo p\u00e5 Hotel Cordial Plaza Mayor de Santa Ana?<span class=\"ez-toc-section-end\"><\/span><\/h2>\n\n<p>Vi \u00e4lskade att sova d\u00e4r. Anl\u00e4ggningen har mycket som talar f\u00f6r den! H\u00e4r \u00e4r n\u00e5gra av dem:<\/p>\n\n<ul class=\"wp-block-list\">\n<li><strong>L\u00e4get <\/strong>mitt i hj\u00e4rtat av staden \u00e4r perfekt f\u00f6r att uppt\u00e4cka Las Palmas gamla stadsk\u00e4rna.<\/li>\n\n\n\n<li>En <strong>historisk byggnad full av charm<\/strong>: vi tyckte att atmosf\u00e4ren var autentisk och inredningen full av elegans.<\/li>\n\n\n\n<li><strong>Utsikten<\/strong> \u00f6ver katedralen och staden fr\u00e5n takterrassen eller rummen \u00e4r f\u00f6rtjusande!<\/li>\n<\/ul>\n\n<figure class=\"wp-block-image size-large\"><img decoding=\"async\" src=\"https:\/\/photos.smugmug.com\/Canarias-Lovers\/Gran-Canaria\/Las-Palmas\/Hotels-Las-Palmas\/Hotel-Cordial-Plaza-Mayor-Santa-Ana\/i-x3pkwBZ\/0\/NLw98jTpJ2tfBz8r4GzCRFcsgCHMctJ5FBtw2X28H\/L\/hotel-cordial-plaza-mayor-santa-ana-las-palmas-gran-canaria-2-L.jpg\" alt=\"Hotel Cordial Plaza Mayor Santa Ana las Palmas - Utsikt fr&#xE5;n rummet\"\/><\/figure>\n\n<hr class=\"wp-block-separator has-text-color has-alpha-channel-opacity has-background is-style-wide\" style=\"background-color:#000000;color:#000000\"\/>\n\n<p class=\"has-text-align-center\">Se <a href=\"https:\/\/www.booking.com\/hotel\/es\/boutique-cordial-plaza-mayor-de-santa-ana.html?aid=2370548\" target=\"_blank\" rel=\"noreferrer noopener sponsored nofollow\">fler bilder p\u00e5 Hotel Cordial Plaza Mayor de Santa<\/a> Ana<\/p>\n\n<hr class=\"wp-block-separator has-text-color has-alpha-channel-opacity has-background is-style-wide\" style=\"background-color:#000000;color:#000000\"\/>\n\n<div style=\"margin-top:8%;margin-bottom:8%\" class=\"wp-block-genesis-blocks-gb-container box gb-block-container\"><div class=\"gb-container-inside\"><div class=\"gb-container-content\">\n<div class=\"wp-block-columns inverse box_planif is-layout-flex wp-container-core-columns-is-layout-9d6595d7 wp-block-columns-is-layout-flex\">\n<div class=\"wp-block-column texte_planif is-layout-flow wp-block-column-is-layout-flow\" style=\"flex-basis:60%\">\n<h5 class=\"titre_box\" style=\"padding-top:10px;\">V\u00c5RT R\u00c5D F\u00d6R ATT HYRRA EN BIL P\u00c5 <span class=\"titre_box_manuscrit\">Gran Canaria<\/span><\/h5>\n\n\n\n<ul class=\"wp-block-list\" style=\"font-size:14px\">\n<li>J\u00e4mf\u00f6r priser p\u00e5 v\u00e5r f\u00f6redragna plattform: <a href=\"https:\/\/www.discovercars.com\/se\/spain-canary-islands\/gran-canaria?a_aid=zigzag&amp;chan=CAL\" target=\"_blank\" rel=\"noreferrer noopener sponsored nofollow\">DiscoverCars<\/a> &#8211; en av de b\u00e4st rankade webbplatserna.<\/li>\n\n\n\n<li>Om du planerar att utforska bergen ska du inte ta de <strong>minsta bilarna<\/strong>. En kraftfullare motor kommer att vara mer bekv\u00e4m.<\/li>\n\n\n\n<li>Men ta inte heller en f\u00f6r stor bil, eftersom vissa av v\u00e4garna \u00e4r smala.<\/li>\n\n\n\n<li>Det \u00e4r stor efterfr\u00e5gan och det \u00e4r en \u00f6, s\u00e5 <strong>boka tidigt<\/strong>.<\/li>\n<\/ul>\n<\/div>\n\n\n\n<div class=\"wp-block-column planif-radius-2 is-layout-flow wp-block-column-is-layout-flow\">\n<figure class=\"wp-block-image size-large voiture_image\"><img decoding=\"async\" src=\"https:\/\/photos.smugmug.com\/Canarias-Lovers\/Gran-Canaria\/Driving\/i-FXBKL7Q\/1\/C432TQvrLtk7Fzt3jdL3g8XCdWtF4krHtKv9zvKg6\/S\/gran-Canaria-rental-car-driving-S.jpg\" alt=\"K&#xF6;rning p&#xE5; Gran Canaria\"\/><\/figure>\n<\/div>\n<\/div>\n\n\n\n<div class=\"wp-block-columns planif_bouton is-layout-flex wp-container-core-columns-is-layout-9d6595d7 wp-block-columns-is-layout-flex\">\n<div class=\"wp-block-column is-vertically-aligned-top is-layout-flow wp-block-column-is-layout-flow\">\n<div class=\"wp-block-buttons is-content-justification-center is-layout-flex wp-container-core-buttons-is-layout-16018d1d wp-block-buttons-is-layout-flex\">\n<div class=\"wp-block-button\"><a class=\"wp-block-button__link has-white-color has-text-color wp-element-button\" href=\"https:\/\/www.discovercars.com\/se\/spain-canary-islands\/gran-canaria?a_aid=zigzag&amp;amp;chan=CAL\" target=\"_blank\" rel=\"noreferrer noopener nofollow\">Se tillg\u00e4ngliga bilar &gt;&gt;<\/a><\/div>\n<\/div>\n<\/div>\n\n\n\n<div class=\"wp-block-column is-vertically-aligned-center is-layout-flow wp-block-column-is-layout-flow\">\n<p class=\"has-text-align-center\" style=\"font-size:16px\"><a href=\"https:\/\/canarias-lovers.com\/sv\/hur-hyr-bil-gran-canaria-tips-erfarenhet\/\" target=\"_blank\" rel=\"noreferrer noopener\">L\u00e4s v\u00e5ra r\u00e5d<\/a><\/p>\n<\/div>\n<\/div>\n<\/div><\/div><\/div>\n\n<h2 class=\"wp-block-heading\"><span class=\"ez-toc-section\" id=\"Ar_Hotel_Cordial_Plaza_Mayor_in_Santa_Ana_vart_det_Var_uppfattning\"><\/span>\u00c4r Hotel Cordial Plaza Mayor in Santa Ana v\u00e4rt det? V\u00e5r uppfattning<span class=\"ez-toc-section-end\"><\/span><\/h2>\n\n<p>Absolut! Vi tyckte verkligen om att bo i den h\u00e4r gamla herrg\u00e5rden i hj\u00e4rtat av Las Palmas. Utsikten \u00f6ver den vackra <a href=\"https:\/\/canarias-lovers.com\/sv\/besok-katedral-santa-ana-las-palmas-gran-canaria\/\" target=\"_blank\" rel=\"noreferrer noopener\">Santa Ana-katedralen<\/a> fr\u00e5n taket och den eleganta inredningen skapar en autentisk atmosf\u00e4r. En riktig djupdykning i stadens historia. Dessutom g\u00f6r n\u00e4rheten till turistattraktioner som <a href=\"https:\/\/canarias-lovers.com\/sv\/besok-museum-canario-las-palmas-gran-canaria\/\" target=\"_blank\" rel=\"noreferrer noopener\">Museo Canario<\/a> och <a href=\"https:\/\/canarias-lovers.com\/sv\/besok-museum-casa-de-colon-las-palmas-gran-canaria\/\" target=\"_blank\" rel=\"noreferrer noopener\">Casa de Colon<\/a> det till ett perfekt val f\u00f6r kultur- och historie\u00e4lskare!<\/p>\n\n<p>Enligt v\u00e5r mening \u00e4r detta ett av de <a href=\"https:\/\/canarias-lovers.com\/sv\/var-kan-bo-las-palmas-gran-canaria-basta-hotellen-stadsdelarna\/\" target=\"_blank\" rel=\"noreferrer noopener\">b\u00e4sta hotellen i Las Palmas<\/a>.<\/p>\n\n<figure class=\"wp-block-image size-large\"><img decoding=\"async\" src=\"https:\/\/photos.smugmug.com\/Canarias-Lovers\/Gran-Canaria\/Las-Palmas\/Hotels-Las-Palmas\/Hotel-Cordial-Plaza-Mayor-Santa-Ana\/i-RzSbHmV\/0\/KL49dsFKzhdNcztNRRvhbDR9f25hLJmDqgPmKhjj2\/L\/hotel-cordial-plaza-santa-ana-las-palmas-vue-3-L.jpg\" alt=\"Hotel Cordial Plaza Mayor Santa Ana las Palmas - Utsikt &#xF6;ver staden fr&#xE5;n terrassen och bloml&#xE5;dorna\"\/><\/figure>\n\n<h2 class=\"wp-block-heading\"><span class=\"ez-toc-section\" id=\"Dekoration_och_atmosfar\"><\/span>Dekoration och atmosf\u00e4r<span class=\"ez-toc-section-end\"><\/span><\/h2>\n\n<p>N\u00e4r vi anl\u00e4nde till Hotel Cordial Plaza Mayor i Santa Ana blev vi genast imponerade av inredningen. Designerkronor, \u00e4dla tr\u00e4golv och moderna m\u00f6bler skapar en atmosf\u00e4r som \u00e4r b\u00e5de modern och historisk. Tr\u00e4paneler och m\u00f6nstrade tapeter ger varje rum en touch av elegans och charm. Precis som de tjocka mattor vi \u00e4lskade att g\u00e5 p\u00e5. En inbjudan att koppla av i en f\u00f6rfinad omgivning!<\/p>\n\n<figure class=\"wp-block-image size-large\"><img decoding=\"async\" src=\"https:\/\/photos.smugmug.com\/Canarias-Lovers\/Gran-Canaria\/Las-Palmas\/Hotels-Las-Palmas\/Hotel-Cordial-Plaza-Mayor-Santa-Ana\/i-xwMcZNJ\/0\/LCPPNQh39pwZx7kFvZ6bvz6hHQZtD27TFNTPXv3Gw\/L\/hotel-cordial-plaza-santa-ana-las-palmas-decoration-1-L.jpg\" alt=\"Hotel Cordial Plaza Mayor Santa Ana las Palmas - Ljuskrona i entr&#xE9;n\"\/><\/figure>\n\n<h2 class=\"wp-block-heading\"><span class=\"ez-toc-section\" id=\"Rummet\"><\/span>Rummet<span class=\"ez-toc-section-end\"><\/span><\/h2>\n\n<p>V\u00e5rt rum var rymligt och elegant. Vi gillade s\u00e4rskilt det h\u00f6ga taket, de m\u00f6nstrade tapeterna och det stora tr\u00e4f\u00f6nstret som sl\u00e4ppte in mycket ljus. Vi \u00e4lskade utsikten \u00f6ver staden. M\u00f6blerna var moderna och bekv\u00e4ma. I rummet fanns ocks\u00e5 vattenkokare, kaffebryggare och tv\u00e5 r\u00f6da godisbitar p\u00e5 s\u00e4ngen.<\/p>\n\n<figure class=\"wp-block-image size-large\"><img decoding=\"async\" src=\"https:\/\/photos.smugmug.com\/Canarias-Lovers\/Gran-Canaria\/Las-Palmas\/Hotels-Las-Palmas\/Hotel-Cordial-Plaza-Mayor-Santa-Ana\/i-N2gbhV4\/0\/Mv9MBMnRRvb3HkX55JkdFL2BBw8bKK537QfSXHS4j\/L\/hotel-cordial-plaza-mayor-santa-ana-las-palmas-gran-canaria-1-L.jpg\" alt=\"Hotel Cordial Plaza Mayor Santa Ana las Palmas - Rum och f&#xF6;nster\"\/><\/figure>\n\n<hr class=\"wp-block-separator has-text-color has-alpha-channel-opacity has-background is-style-wide\" style=\"background-color:#000000;color:#000000\"\/>\n\n<p class=\"has-text-align-center\">Visa <a href=\"https:\/\/www.booking.com\/hotel\/es\/boutique-cordial-plaza-mayor-de-santa-ana.html?aid=2370548\" target=\"_blank\" rel=\"noreferrer noopener sponsored nofollow\">tillg\u00e4nglighet p\u00e5 Hotel Cordial Plaza Mayor de Santa<\/a> Ana<\/p>\n\n<hr class=\"wp-block-separator has-text-color has-alpha-channel-opacity has-background is-style-wide\" style=\"background-color:#000000;color:#000000\"\/>\n\n<h2 class=\"wp-block-heading\"><span class=\"ez-toc-section\" id=\"Badrummet\"><\/span>Badrummet<span class=\"ez-toc-section-end\"><\/span><\/h2>\n\n<p>Vi tyckte ocks\u00e5 att badrummet var trevligt och snyggt. Utrustad med en b\u00f6jd spegel, attraktiva armaturer och en modern dusch var den helt i linje med hotellets eleganta standard. Hygienprodukterna var av m\u00e4rket Prija cosmetics. Dessutom var vattentrycket utm\u00e4rkt!<\/p>\n\n<figure class=\"wp-block-image size-large\"><img decoding=\"async\" src=\"https:\/\/photos.smugmug.com\/Canarias-Lovers\/Gran-Canaria\/Las-Palmas\/Hotels-Las-Palmas\/Hotel-Cordial-Plaza-Mayor-Santa-Ana\/i-s8bdD7Z\/0\/LGGWN6QZGHkNCbmj9RHMc2B88H5RwV93WS3jLs2Pz\/L\/hotel-cordial-plaza-santa-ana-las-palmas-chambre-4-L.jpg\" alt=\"H&#xF4;tel Cordial Plaza Mayor Santa Ana las Palmas - Badrum\"\/><\/figure>\n\n<h2 class=\"wp-block-heading\"><span class=\"ez-toc-section\" id=\"Frukost\"><\/span>Frukost<span class=\"ez-toc-section-end\"><\/span><\/h2>\n\n<p>Vi nj\u00f6t av den s\u00f6ta och salta buff\u00e9n. H\u00e4r fanns allt vi beh\u00f6vde f\u00f6r att f\u00e5 en bra start p\u00e5 dagen. Wienerbakelser, f\u00e4rsk frukt, ostar och kallskuret, samt sm\u00f6rg\u00e5sar och tillagade lokala r\u00e4tter, kommer att gl\u00e4dja \u00e4lskare av rej\u00e4la frukostar!<\/p>\n\n<figure class=\"wp-block-image size-large\"><img decoding=\"async\" src=\"https:\/\/photos.smugmug.com\/Canarias-Lovers\/Gran-Canaria\/Las-Palmas\/Hotels-Las-Palmas\/Hotel-Cordial-Plaza-Mayor-Santa-Ana\/i-WxNF86T\/0\/KvhCT9tWpWNc7gvL9cTpc4psFxJ5t8DvqKXPND4BC\/L\/hotel-cordial-plaza-santa-ana-las-palmas-petit-dejeuner-2-L.jpg\" alt=\"Hotel Cordial Plaza Mayor Santa Ana las Palmas - Frukostbuff&#xE9;\"\/><\/figure>\n\n<h2 class=\"wp-block-heading\"><span class=\"ez-toc-section\" id=\"Utrustning_och_gemensamma_utrymmen\"><\/span>Utrustning och gemensamma utrymmen<span class=\"ez-toc-section-end\"><\/span><\/h2>\n\n<p>Hotellet erbjuder en hj\u00e4lpsam conciergeservice f\u00f6r att tillgodose alla dina behov och en resedisk som hj\u00e4lper dig att organisera dina aktiviteter och resor.<\/p>\n\n<h2 class=\"wp-block-heading\"><span class=\"ez-toc-section\" id=\"Catering\"><\/span>Catering<span class=\"ez-toc-section-end\"><\/span><\/h2>\n\n<p>Vi \u00e4lskade hotellets bar, Belv\u00e9d\u00e8re. Den ligger p\u00e5 takterrassen och erbjuder en fantastisk utsikt \u00f6ver staden och katedralen. G\u00e5 dit f\u00f6r att sippa p\u00e5 en cocktail i solnedg\u00e5ngen &#8211; enligt v\u00e5r mening den b\u00e4sta tiden p\u00e5 dygnet f\u00f6r att njuta av utsikten!<\/p>\n\n<figure class=\"wp-block-image size-large\"><img decoding=\"async\" src=\"https:\/\/photos.smugmug.com\/Canarias-Lovers\/Gran-Canaria\/Las-Palmas\/Hotels-Las-Palmas\/Hotel-Cordial-Plaza-Mayor-Santa-Ana\/i-bvdPSvZ\/0\/Lq2pbmcj3jXWjp5vN9sK234XFNSwFHSV4Pg8CHMpP\/L\/hotel-cordial-plaza-mayor-santa-ana-las-palmas-gran-canaria-3-L.jpg\" alt=\"Hotel Cordial Plaza Mayor Santa Ana las Palmas - Utsikt fr&#xE5;n takbaren Belvedere\"\/><\/figure>\n\n<h2 class=\"wp-block-heading\"><span class=\"ez-toc-section\" id=\"Historia\"><\/span>Historia<span class=\"ez-toc-section-end\"><\/span><\/h2>\n\n<p>Hotel Cordial Plaza Mayor de Santa Ana \u00e4r en gammal herrg\u00e5rd fr\u00e5n 1915 som har byggts om till ett boutiquehotell. Platsen har beh\u00e5llit sin karakt\u00e4r fr\u00e5n f\u00f6rr och erbjuder semesterfirare en autentisk vistelse. Vi \u00e4lskade det! Hotellet tillh\u00f6r Cordial-kedjan, som har andra hotell p\u00e5 \u00f6n och p\u00e5 Lanzarote.<\/p>\n\n<figure class=\"wp-block-image size-large\"><img decoding=\"async\" src=\"https:\/\/photos.smugmug.com\/Canarias-Lovers\/Gran-Canaria\/Las-Palmas\/Hotels-Las-Palmas\/Hotel-Cordial-Plaza-Mayor-Santa-Ana\/i-gdkzKDQ\/0\/K24wFMHBWctMH7Dgnfh6FNrwfD6SHwVpq2g7F8Dws\/L\/hotel-cordial-plaza-santa-ana-las-palmas-decoration-3-L.jpg\" alt=\"Hotel Cordial Plaza Mayor Santa Ana las Palmas - Vy &#xF6;ver en korridor\"\/><\/figure>\n\n<h2 class=\"wp-block-heading\"><span class=\"ez-toc-section\" id=\"Praktisk_information_om_Hotel_Cordial_Plaza_Mayor_de_Santa_Ana_i_Las_Palmas\"><\/span>Praktisk information om Hotel Cordial Plaza Mayor de Santa Ana i Las Palmas<span class=\"ez-toc-section-end\"><\/span><\/h2>\n\n<h3 class=\"wp-block-heading\">Typ<\/h3>\n\n<p>Hotel Cordial Plaza Mayor \u00e4r ett 4-stj\u00e4rnigt boutiquehotell som har beh\u00e5llit all sin historiska charm.<\/p>\n\n<hr class=\"wp-block-separator has-text-color has-alpha-channel-opacity has-background is-style-wide\" style=\"background-color:#000000;color:#000000\"\/>\n\n<p class=\"has-text-align-center\">Se <a href=\"https:\/\/www.booking.com\/hotel\/es\/boutique-cordial-plaza-mayor-de-santa-ana.html?aid=2370548\" target=\"_blank\" rel=\"noreferrer noopener sponsored nofollow\">aktuella erbjudanden p\u00e5 Hotel Cordial Plaza Mayor de Santa<\/a> Ana<\/p>\n\n<hr class=\"wp-block-separator has-text-color has-alpha-channel-opacity has-background is-style-wide\" style=\"background-color:#000000;color:#000000\"\/>\n\n<h3 class=\"wp-block-heading\">Var hotellet \u00e4r bel\u00e4get<\/h3>\n\n<p>Hotel Cordial Plaza Mayor de Santa Ana ligger i <a href=\"https:\/\/canarias-lovers.com\/sv\/sevardheter-las-palmas-gran-canaria-att-gora\/\" target=\"_blank\" rel=\"noreferrer noopener\">Las Palmas<\/a> centrum, mittemot katedralen. Den exakta adressen \u00e4r Plaza Sta. Ana, 5, 35001, Las Palmas de Gran Canaria.<\/p>\n\n<ul class=\"wp-block-list\">\n<li>20 minuters bilresa fr\u00e5n flygplatsen<\/li>\n\n\n\n<li>8 minuters bilresa fr\u00e5n <a href=\"https:\/\/canarias-lovers.com\/sv\/basta-stranderna-las-palmas-gran-canaria\/\" target=\"_blank\" rel=\"noreferrer noopener\">str\u00e4nderna<\/a><\/li>\n<\/ul>\n\n<h3 class=\"wp-block-heading\">Hur man tar sig dit<\/h3>\n\n<p>Om du anl\u00e4nder till Gran Canarias flygplats kan du ta dig dit med hyrbil, det b\u00e4sta s\u00e4ttet att ta sig runt om du planerar att utforska \u00f6n. L\u00e4s <a href=\"https:\/\/canarias-lovers.com\/sv\/hur-hyr-bil-gran-canaria-tips-erfarenhet\/\" target=\"_blank\" rel=\"noreferrer noopener\">v\u00e5r artikel om \u00e4mnet<\/a>!<\/p>\n\n<p>Du kan ocks\u00e5 komma med taxi. Bussar (linjerna 1, 11, 60 och 91) kan ocks\u00e5 ta dig till Las Palmas.<\/p>\n\n<p>Du kan ocks\u00e5 l\u00e4sa v\u00e5r artikel om hur du tar dig runt p\u00e5 Gran Canaria (kommer snart)!<\/p>\n\n<figure class=\"wp-block-image size-large\"><img decoding=\"async\" src=\"https:\/\/photos.smugmug.com\/Canarias-Lovers\/Gran-Canaria\/Las-Palmas\/Hotels-Las-Palmas\/Hotel-Cordial-Plaza-Mayor-Santa-Ana\/i-NbPVKKs\/0\/LdmSfssfVvKFxG6tftF4pRRMdXPsdrTfv59jVt2kk\/L\/hotel-cordial-plaza-mayor-santa-ana-las-palmas-gran-canaria-4-L.jpg\" alt=\"Hotel Cordial Plaza Mayor Santa Ana las Palmas - Utsikt &#xF6;ver katedralen och terrassen\"\/><\/figure>\n\n<h3 class=\"wp-block-heading\">Parkeringsplats<\/h3>\n\n<p>Hotellet ligger i hj\u00e4rtat av gamla stan och har ingen egen parkeringsplats. N\u00e4rmaste parkeringsplats ligger 7 minuters promenad bort. Du kan ocks\u00e5 parkera p\u00e5 gatan.<\/p>\n\n<h3 class=\"wp-block-heading\">F\u00f6r personer med nedsatt r\u00f6rlighet<\/h3>\n\n<p>Hotellet har rum som \u00e4r tillg\u00e4ngliga f\u00f6r personer med nedsatt r\u00f6rlighet. Det finns ocks\u00e5 en hiss. Vi rekommenderar dock att du kontaktar anl\u00e4ggningen f\u00f6re din vistelse f\u00f6r att s\u00e4kerst\u00e4lla att rum som passar dina behov finns tillg\u00e4ngliga.<\/p>\n\n<figure class=\"wp-block-image size-large\"><img decoding=\"async\" src=\"https:\/\/photos.smugmug.com\/Canarias-Lovers\/Gran-Canaria\/Las-Palmas\/Hotels-Las-Palmas\/Hotel-Cordial-Plaza-Mayor-Santa-Ana\/i-MKppfdP\/0\/KWC7sRcg5v7nXGJWW4Zd9s7sjFGTm7kJ66f8GkNxL\/L\/hotel-cordial-plaza-santa-ana-las-palmas-decoration-2-L.jpg\" alt=\"Hotell Cordial Plaza Mayor Santa Ana las Palmas - Lift\"\/><\/figure>\n\n<h3 class=\"wp-block-heading\">\u00c4r Hotel Cordial Plaza Mayor de Santa Ana familjev\u00e4nligt?<\/h3>\n\n<p>Ja, hotellet har plats f\u00f6r upp till 3 personer, 2 vuxna och 1 barn, samt en barns\u00e4ng i de st\u00f6rre rummen. Kontakta hotellet i f\u00f6rv\u00e4g f\u00f6r att kontrollera tillg\u00e4ngligheten.<\/p>\n\n<div style=\"margin-top:8%;margin-bottom:8%\" class=\"wp-block-genesis-blocks-gb-container box gb-block-container\"><div class=\"gb-container-inside\"><div class=\"gb-container-content\">\n<div class=\"wp-block-columns inverse is-layout-flex wp-container-core-columns-is-layout-9d6595d7 wp-block-columns-is-layout-flex\">\n<div class=\"wp-block-column texte_planif is-layout-flow wp-block-column-is-layout-flow\" style=\"flex-basis:58%\">\n<h5 class=\"titre_box\" style=\"padding-top:10px;\">UPPT\u00c4CK <span class=\"titre_box_manuscrit\">Las Palmas<\/span><\/h5>\n\n\n\n<ul class=\"ul_box wp-block-list\">\n<li style=\"font-size:14px\"><a href=\"https:\/\/canarias-lovers.com\/sv\/sevardheter-las-palmas-gran-canaria-att-gora\/\" target=\"_blank\" rel=\"noreferrer noopener\">Sev\u00e4rdheter i Las Palmas<\/a><\/li>\n\n\n\n<li style=\"font-size:14px\"><a href=\"https:\/\/canarias-lovers.com\/sv\/basta-stranderna-las-palmas-gran-canaria\/\" target=\"_blank\" rel=\"noreferrer noopener\">De vackraste str\u00e4nderna<\/a><\/li>\n\n\n\n<li style=\"font-size:14px\"><a href=\"https:\/\/canarias-lovers.com\/sv\/var-kan-bo-las-palmas-gran-canaria-basta-hotellen-stadsdelarna\/\" target=\"_blank\" rel=\"noreferrer noopener\">B\u00e4sta hotell<\/a><\/li>\n\n\n\n<li style=\"font-size:14px\"><a href=\"https:\/\/canarias-lovers.com\/sv\/basta-restaurang-gran-canaria-las-palmas-ata-omdomen\/\" target=\"_blank\" rel=\"noreferrer noopener\">B\u00e4sta restaurangerna<\/a><\/li>\n\n\n\n<li style=\"font-size:14px\"><a href=\"https:\/\/canarias-lovers.com\/sv\/basta-museerna-las-palmas-gran-canaria\/\" target=\"_blank\" rel=\"noreferrer noopener\">B\u00e4sta museerna<\/a><\/li>\n\n\n\n<li style=\"font-size:14px\"><a href=\"https:\/\/canarias-lovers.com\/sv\/playa-canteras-plage-las-palmas-2\/\" target=\"_blank\" rel=\"noreferrer noopener\">Playa de las Canteras<\/a><\/li>\n\n\n\n<li style=\"font-size:14px\"><a href=\"https:\/\/canarias-lovers.com\/sv\/visiter-aquarium-poema-del-mar-las-palmas-2\/\" target=\"_blank\" rel=\"noreferrer noopener\">Poema del Mar Akvarium<\/a><\/li>\n\n\n\n<li style=\"font-size:14px\"><a href=\"https:\/\/canarias-lovers.com\/sv\/besok-katedral-santa-ana-las-palmas-gran-canaria\/\" target=\"_blank\" rel=\"noreferrer noopener\">Katedralen<\/a><\/li>\n<\/ul>\n<\/div>\n\n\n\n<div class=\"wp-block-column ville-radius is-layout-flow wp-block-column-is-layout-flow\" style=\"flex-basis:42%\">\n<figure class=\"wp-block-image size-large img-portrait\"><img decoding=\"async\" src=\"https:\/\/photos.smugmug.com\/Canarias-Lovers\/Gran-Canaria\/Best\/Villages-towns\/i-gHwwg3T\/0\/D3dJfjzJRf5mVWmbqWDNGfqSMDwSv38QgTVPMZj6B\/S\/las-palmas-cathedral-top-S.jpg\" alt=\"Las Palmas: vy fr&#xE5;n katedralen\" title=\"\"\/><\/figure>\n<\/div>\n<\/div>\n<\/div><\/div><\/div>\n\n<div class=\"wp-block-genesis-blocks-gb-container box_auteur_voyage gb-block-container\"><div class=\"gb-container-inside\"><div class=\"gb-container-content\">\n<figure class=\"wp-block-image size-large img_auteur_voyage img_provisoire\"><a href=\"https:\/\/canarias-lovers.com\/sv\/claire-robinson\/\" target=\"_blank\" rel=\"noreferrer noopener\"><img decoding=\"async\" src=\"https:\/\/photos.smugmug.com\/Region-Lovers\/Equipe\/i-nsNF6C6\/0\/Cs2F5n96pkt9xFD9D3SVqmQspMhrKgN75nHgBqmjG\/L\/Claire-L.png\" alt=\"\"\/><\/a><\/figure>\n\n\n\n<h5 class=\"titre_auteur_voyage\"><span>HON KLARADE RESAN <\/span><span class=\"titre_box_manuscrit\">Claire<\/span><\/h5>\n<\/div><\/div><\/div>\n\n<div class=\"wp-block-genesis-blocks-gb-container box_auteur_voyage gb-block-container\"><div class=\"gb-container-inside\"><div class=\"gb-container-content\">\n<figure class=\"wp-block-image size-large img_auteur_voyage img_provisoire img_julie\"><a href=\"https:\/\/canarias-lovers.com\/sv\/julie-joly\/\" target=\"_blank\" rel=\"noreferrer noopener\"><img decoding=\"async\" src=\"https:\/\/photos.smugmug.com\/Region-Lovers\/Equipe\/i-T3sDhGd\/0\/CrBSnP9JCLV3gSG4MfSQMF7p5T5WvCMbtWr4wqQ2D\/L\/julie-L.jpg\" alt=\"\"\/><\/a><\/figure>\n\n\n\n<h5 class=\"titre_auteur_voyage\"><span>HON SKREV ARTIKELN \n <\/span><span class=\"titre_box_manuscrit\">Julie<\/span><\/h5>\n<\/div><\/div><\/div>\n","protected":false},"excerpt":{"rendered":"<p>Bes\u00f6ker du Las Palmas? Vi rekommenderar att du bor p\u00e5 Hotel Cordial Plaza Mayor de Santa Ana! Denna historiska byggnad har en charmig interi\u00f6r och en takterrass med en fantastisk utsikt \u00f6ver katedralen. Den perfekta platsen f\u00f6r att uppt\u00e4cka det rika kulturarvet i Gran Canarias huvudstad. I den h\u00e4r artikeln kan du l\u00e4sa allt om [&hellip;]<\/p>\n","protected":false},"author":5,"featured_media":1903,"comment_status":"closed","ping_status":"closed","sticky":false,"template":"","format":"standard","meta":{"_genesis_hide_title":false,"_genesis_hide_breadcrumbs":false,"_genesis_hide_singular_image":false,"_genesis_hide_footer_widgets":false,"_genesis_custom_body_class":"","_genesis_custom_post_class":"","_genesis_layout":"","footnotes":""},"categories":[46],"tags":[],"class_list":{"0":"post-1953","1":"post","2":"type-post","3":"status-publish","4":"format-standard","5":"has-post-thumbnail","7":"category-gran-canaria-sv","8":"entry"},"yoast_head":"<!-- This site is optimized with the Yoast SEO plugin v27.2 - https:\/\/yoast.com\/product\/yoast-seo-wordpress\/ -->\n<title>Hotel Cordial Plaza Mayor de Santa Ana (Las Palmas): recension<\/title>\n<meta name=\"description\" content=\"V\u00e5r \u00e5sikt och v\u00e5ra foton efter v\u00e5r vistelse p\u00e5 Hotel Cordial Plaza Mayor de Santa Ana i Las Palmas\" \/>\n<meta name=\"robots\" content=\"index, follow, max-snippet:-1, max-image-preview:large, max-video-preview:-1\" \/>\n<link rel=\"canonical\" href=\"https:\/\/canarias-lovers.com\/sv\/hotel-cordial-plaza-mayor-santa-ana-las-palmas-recension\/\" \/>\n<meta property=\"og:locale\" content=\"sv_SE\" \/>\n<meta property=\"og:type\" content=\"article\" \/>\n<meta property=\"og:title\" content=\"Hotel Cordial Plaza Mayor de Santa Ana (Las Palmas): recension\" \/>\n<meta property=\"og:description\" content=\"V\u00e5r \u00e5sikt och v\u00e5ra foton efter v\u00e5r vistelse p\u00e5 Hotel Cordial Plaza Mayor de Santa Ana i Las Palmas\" \/>\n<meta property=\"og:url\" content=\"https:\/\/canarias-lovers.com\/sv\/hotel-cordial-plaza-mayor-santa-ana-las-palmas-recension\/\" \/>\n<meta property=\"og:site_name\" content=\"Canarias Lovers: Tenerife + Gran Canaria\" \/>\n<meta property=\"article:published_time\" content=\"2024-07-12T13:10:53+00:00\" \/>\n<meta property=\"article:modified_time\" content=\"2024-07-12T17:57:47+00:00\" \/>\n<meta property=\"og:image\" content=\"https:\/\/canarias-lovers.com\/wp-content\/uploads\/2024\/07\/hotel-cordial-plaza-mayor-santa-ana-las-palmas-recension.jpg\" \/>\n\t<meta property=\"og:image:width\" content=\"800\" \/>\n\t<meta property=\"og:image:height\" content=\"600\" \/>\n\t<meta property=\"og:image:type\" content=\"image\/jpeg\" \/>\n<meta name=\"author\" content=\"Julie\" \/>\n<meta name=\"twitter:card\" content=\"summary_large_image\" \/>\n<meta name=\"twitter:label1\" content=\"Skriven av\" \/>\n\t<meta name=\"twitter:data1\" content=\"Julie\" \/>\n\t<meta name=\"twitter:label2\" content=\"Ber\u00e4knad l\u00e4stid\" \/>\n\t<meta name=\"twitter:data2\" content=\"5 minuter\" \/>\n<script type=\"application\/ld+json\" class=\"yoast-schema-graph\">{\"@context\":\"https:\/\/schema.org\",\"@graph\":[{\"@type\":\"Article\",\"@id\":\"https:\/\/canarias-lovers.com\/sv\/hotel-cordial-plaza-mayor-santa-ana-las-palmas-recension\/#article\",\"isPartOf\":{\"@id\":\"https:\/\/canarias-lovers.com\/sv\/hotel-cordial-plaza-mayor-santa-ana-las-palmas-recension\/\"},\"author\":{\"name\":\"Julie\",\"@id\":\"https:\/\/canarias-lovers.com\/sv\/#\/schema\/person\/1ec7cf140667644238370c9f82ae182b\"},\"headline\":\"Hotel Cordial Plaza Mayor de Santa Ana (Las Palmas): recension\",\"datePublished\":\"2024-07-12T13:10:53+00:00\",\"dateModified\":\"2024-07-12T17:57:47+00:00\",\"mainEntityOfPage\":{\"@id\":\"https:\/\/canarias-lovers.com\/sv\/hotel-cordial-plaza-mayor-santa-ana-las-palmas-recension\/\"},\"wordCount\":964,\"publisher\":{\"@id\":\"https:\/\/canarias-lovers.com\/sv\/#organization\"},\"image\":{\"@id\":\"https:\/\/canarias-lovers.com\/sv\/hotel-cordial-plaza-mayor-santa-ana-las-palmas-recension\/#primaryimage\"},\"thumbnailUrl\":\"https:\/\/canarias-lovers.com\/wp-content\/uploads\/2024\/07\/hotel-cordial-plaza-mayor-santa-ana-las-palmas-recension.jpg\",\"articleSection\":[\"Gran Canaria\"],\"inLanguage\":\"sv-SE\"},{\"@type\":\"WebPage\",\"@id\":\"https:\/\/canarias-lovers.com\/sv\/hotel-cordial-plaza-mayor-santa-ana-las-palmas-recension\/\",\"url\":\"https:\/\/canarias-lovers.com\/sv\/hotel-cordial-plaza-mayor-santa-ana-las-palmas-recension\/\",\"name\":\"Hotel Cordial Plaza Mayor de Santa Ana (Las Palmas): recension\",\"isPartOf\":{\"@id\":\"https:\/\/canarias-lovers.com\/sv\/#website\"},\"primaryImageOfPage\":{\"@id\":\"https:\/\/canarias-lovers.com\/sv\/hotel-cordial-plaza-mayor-santa-ana-las-palmas-recension\/#primaryimage\"},\"image\":{\"@id\":\"https:\/\/canarias-lovers.com\/sv\/hotel-cordial-plaza-mayor-santa-ana-las-palmas-recension\/#primaryimage\"},\"thumbnailUrl\":\"https:\/\/canarias-lovers.com\/wp-content\/uploads\/2024\/07\/hotel-cordial-plaza-mayor-santa-ana-las-palmas-recension.jpg\",\"datePublished\":\"2024-07-12T13:10:53+00:00\",\"dateModified\":\"2024-07-12T17:57:47+00:00\",\"description\":\"V\u00e5r \u00e5sikt och v\u00e5ra foton efter v\u00e5r vistelse p\u00e5 Hotel Cordial Plaza Mayor de Santa Ana i Las Palmas\",\"breadcrumb\":{\"@id\":\"https:\/\/canarias-lovers.com\/sv\/hotel-cordial-plaza-mayor-santa-ana-las-palmas-recension\/#breadcrumb\"},\"inLanguage\":\"sv-SE\",\"potentialAction\":[{\"@type\":\"ReadAction\",\"target\":[\"https:\/\/canarias-lovers.com\/sv\/hotel-cordial-plaza-mayor-santa-ana-las-palmas-recension\/\"]}]},{\"@type\":\"ImageObject\",\"inLanguage\":\"sv-SE\",\"@id\":\"https:\/\/canarias-lovers.com\/sv\/hotel-cordial-plaza-mayor-santa-ana-las-palmas-recension\/#primaryimage\",\"url\":\"https:\/\/canarias-lovers.com\/wp-content\/uploads\/2024\/07\/hotel-cordial-plaza-mayor-santa-ana-las-palmas-recension.jpg\",\"contentUrl\":\"https:\/\/canarias-lovers.com\/wp-content\/uploads\/2024\/07\/hotel-cordial-plaza-mayor-santa-ana-las-palmas-recension.jpg\",\"width\":800,\"height\":600,\"caption\":\"hotel-cordial-plaza-mayor-santa-ana-las-palmas-recension\"},{\"@type\":\"BreadcrumbList\",\"@id\":\"https:\/\/canarias-lovers.com\/sv\/hotel-cordial-plaza-mayor-santa-ana-las-palmas-recension\/#breadcrumb\",\"itemListElement\":[{\"@type\":\"ListItem\",\"position\":1,\"name\":\"Accueil\",\"item\":\"https:\/\/canarias-lovers.com\/sv\/\"},{\"@type\":\"ListItem\",\"position\":2,\"name\":\"Gran Canaria\",\"item\":\"https:\/\/canarias-lovers.com\/sv\/gran-canaria-sv\/\"},{\"@type\":\"ListItem\",\"position\":3,\"name\":\"Hotel Cordial Plaza Mayor de Santa Ana (Las Palmas): recension\"}]},{\"@type\":\"WebSite\",\"@id\":\"https:\/\/canarias-lovers.com\/sv\/#website\",\"url\":\"https:\/\/canarias-lovers.com\/sv\/\",\"name\":\"Canarias Lovers: Tenerife + Gran Canaria\",\"description\":\"Claire och Manu's blogg\",\"publisher\":{\"@id\":\"https:\/\/canarias-lovers.com\/sv\/#organization\"},\"potentialAction\":[{\"@type\":\"SearchAction\",\"target\":{\"@type\":\"EntryPoint\",\"urlTemplate\":\"https:\/\/canarias-lovers.com\/sv\/?s={search_term_string}\"},\"query-input\":{\"@type\":\"PropertyValueSpecification\",\"valueRequired\":true,\"valueName\":\"search_term_string\"}}],\"inLanguage\":\"sv-SE\"},{\"@type\":\"Organization\",\"@id\":\"https:\/\/canarias-lovers.com\/sv\/#organization\",\"name\":\"Canarias Lovers: Tenerife + Gran Canaria\",\"url\":\"https:\/\/canarias-lovers.com\/sv\/\",\"logo\":{\"@type\":\"ImageObject\",\"inLanguage\":\"sv-SE\",\"@id\":\"https:\/\/canarias-lovers.com\/sv\/#\/schema\/logo\/image\/\",\"url\":\"https:\/\/canarias-lovers.com\/wp-content\/uploads\/2024\/05\/cropped-Canarias-Lovers-Logo.png\",\"contentUrl\":\"https:\/\/canarias-lovers.com\/wp-content\/uploads\/2024\/05\/cropped-Canarias-Lovers-Logo.png\",\"width\":2635,\"height\":595,\"caption\":\"Canarias Lovers: Tenerife + Gran Canaria\"},\"image\":{\"@id\":\"https:\/\/canarias-lovers.com\/sv\/#\/schema\/logo\/image\/\"}},{\"@type\":\"Person\",\"@id\":\"https:\/\/canarias-lovers.com\/sv\/#\/schema\/person\/1ec7cf140667644238370c9f82ae182b\",\"name\":\"Julie\",\"image\":{\"@type\":\"ImageObject\",\"inLanguage\":\"sv-SE\",\"@id\":\"https:\/\/secure.gravatar.com\/avatar\/a611248efc69ee9e187aa9c079fc95ddf244fb85450703880b633892883f84f5?s=96&d=mm&r=g\",\"url\":\"https:\/\/secure.gravatar.com\/avatar\/a611248efc69ee9e187aa9c079fc95ddf244fb85450703880b633892883f84f5?s=96&d=mm&r=g\",\"contentUrl\":\"https:\/\/secure.gravatar.com\/avatar\/a611248efc69ee9e187aa9c079fc95ddf244fb85450703880b633892883f84f5?s=96&d=mm&r=g\",\"caption\":\"Julie\"},\"sameAs\":[\"https:\/\/canarias-lovers.com\/julie-joly\/\"],\"url\":\"https:\/\/canarias-lovers.com\/sv\/author\/julie\/\"}]}<\/script>\n<!-- \/ Yoast SEO plugin. -->","yoast_head_json":{"title":"Hotel Cordial Plaza Mayor de Santa Ana (Las Palmas): recension","description":"V\u00e5r \u00e5sikt och v\u00e5ra foton efter v\u00e5r vistelse p\u00e5 Hotel Cordial Plaza Mayor de Santa Ana i Las Palmas","robots":{"index":"index","follow":"follow","max-snippet":"max-snippet:-1","max-image-preview":"max-image-preview:large","max-video-preview":"max-video-preview:-1"},"canonical":"https:\/\/canarias-lovers.com\/sv\/hotel-cordial-plaza-mayor-santa-ana-las-palmas-recension\/","og_locale":"sv_SE","og_type":"article","og_title":"Hotel Cordial Plaza Mayor de Santa Ana (Las Palmas): recension","og_description":"V\u00e5r \u00e5sikt och v\u00e5ra foton efter v\u00e5r vistelse p\u00e5 Hotel Cordial Plaza Mayor de Santa Ana i Las Palmas","og_url":"https:\/\/canarias-lovers.com\/sv\/hotel-cordial-plaza-mayor-santa-ana-las-palmas-recension\/","og_site_name":"Canarias Lovers: Tenerife + Gran Canaria","article_published_time":"2024-07-12T13:10:53+00:00","article_modified_time":"2024-07-12T17:57:47+00:00","og_image":[{"width":800,"height":600,"url":"https:\/\/canarias-lovers.com\/wp-content\/uploads\/2024\/07\/hotel-cordial-plaza-mayor-santa-ana-las-palmas-recension.jpg","type":"image\/jpeg"}],"author":"Julie","twitter_card":"summary_large_image","twitter_misc":{"Skriven av":"Julie","Ber\u00e4knad l\u00e4stid":"5 minuter"},"schema":{"@context":"https:\/\/schema.org","@graph":[{"@type":"Article","@id":"https:\/\/canarias-lovers.com\/sv\/hotel-cordial-plaza-mayor-santa-ana-las-palmas-recension\/#article","isPartOf":{"@id":"https:\/\/canarias-lovers.com\/sv\/hotel-cordial-plaza-mayor-santa-ana-las-palmas-recension\/"},"author":{"name":"Julie","@id":"https:\/\/canarias-lovers.com\/sv\/#\/schema\/person\/1ec7cf140667644238370c9f82ae182b"},"headline":"Hotel Cordial Plaza Mayor de Santa Ana (Las Palmas): recension","datePublished":"2024-07-12T13:10:53+00:00","dateModified":"2024-07-12T17:57:47+00:00","mainEntityOfPage":{"@id":"https:\/\/canarias-lovers.com\/sv\/hotel-cordial-plaza-mayor-santa-ana-las-palmas-recension\/"},"wordCount":964,"publisher":{"@id":"https:\/\/canarias-lovers.com\/sv\/#organization"},"image":{"@id":"https:\/\/canarias-lovers.com\/sv\/hotel-cordial-plaza-mayor-santa-ana-las-palmas-recension\/#primaryimage"},"thumbnailUrl":"https:\/\/canarias-lovers.com\/wp-content\/uploads\/2024\/07\/hotel-cordial-plaza-mayor-santa-ana-las-palmas-recension.jpg","articleSection":["Gran Canaria"],"inLanguage":"sv-SE"},{"@type":"WebPage","@id":"https:\/\/canarias-lovers.com\/sv\/hotel-cordial-plaza-mayor-santa-ana-las-palmas-recension\/","url":"https:\/\/canarias-lovers.com\/sv\/hotel-cordial-plaza-mayor-santa-ana-las-palmas-recension\/","name":"Hotel Cordial Plaza Mayor de Santa Ana (Las Palmas): recension","isPartOf":{"@id":"https:\/\/canarias-lovers.com\/sv\/#website"},"primaryImageOfPage":{"@id":"https:\/\/canarias-lovers.com\/sv\/hotel-cordial-plaza-mayor-santa-ana-las-palmas-recension\/#primaryimage"},"image":{"@id":"https:\/\/canarias-lovers.com\/sv\/hotel-cordial-plaza-mayor-santa-ana-las-palmas-recension\/#primaryimage"},"thumbnailUrl":"https:\/\/canarias-lovers.com\/wp-content\/uploads\/2024\/07\/hotel-cordial-plaza-mayor-santa-ana-las-palmas-recension.jpg","datePublished":"2024-07-12T13:10:53+00:00","dateModified":"2024-07-12T17:57:47+00:00","description":"V\u00e5r \u00e5sikt och v\u00e5ra foton efter v\u00e5r vistelse p\u00e5 Hotel Cordial Plaza Mayor de Santa Ana i Las Palmas","breadcrumb":{"@id":"https:\/\/canarias-lovers.com\/sv\/hotel-cordial-plaza-mayor-santa-ana-las-palmas-recension\/#breadcrumb"},"inLanguage":"sv-SE","potentialAction":[{"@type":"ReadAction","target":["https:\/\/canarias-lovers.com\/sv\/hotel-cordial-plaza-mayor-santa-ana-las-palmas-recension\/"]}]},{"@type":"ImageObject","inLanguage":"sv-SE","@id":"https:\/\/canarias-lovers.com\/sv\/hotel-cordial-plaza-mayor-santa-ana-las-palmas-recension\/#primaryimage","url":"https:\/\/canarias-lovers.com\/wp-content\/uploads\/2024\/07\/hotel-cordial-plaza-mayor-santa-ana-las-palmas-recension.jpg","contentUrl":"https:\/\/canarias-lovers.com\/wp-content\/uploads\/2024\/07\/hotel-cordial-plaza-mayor-santa-ana-las-palmas-recension.jpg","width":800,"height":600,"caption":"hotel-cordial-plaza-mayor-santa-ana-las-palmas-recension"},{"@type":"BreadcrumbList","@id":"https:\/\/canarias-lovers.com\/sv\/hotel-cordial-plaza-mayor-santa-ana-las-palmas-recension\/#breadcrumb","itemListElement":[{"@type":"ListItem","position":1,"name":"Accueil","item":"https:\/\/canarias-lovers.com\/sv\/"},{"@type":"ListItem","position":2,"name":"Gran Canaria","item":"https:\/\/canarias-lovers.com\/sv\/gran-canaria-sv\/"},{"@type":"ListItem","position":3,"name":"Hotel Cordial Plaza Mayor de Santa Ana (Las Palmas): recension"}]},{"@type":"WebSite","@id":"https:\/\/canarias-lovers.com\/sv\/#website","url":"https:\/\/canarias-lovers.com\/sv\/","name":"Canarias Lovers: Tenerife + Gran Canaria","description":"Claire och Manu's blogg","publisher":{"@id":"https:\/\/canarias-lovers.com\/sv\/#organization"},"potentialAction":[{"@type":"SearchAction","target":{"@type":"EntryPoint","urlTemplate":"https:\/\/canarias-lovers.com\/sv\/?s={search_term_string}"},"query-input":{"@type":"PropertyValueSpecification","valueRequired":true,"valueName":"search_term_string"}}],"inLanguage":"sv-SE"},{"@type":"Organization","@id":"https:\/\/canarias-lovers.com\/sv\/#organization","name":"Canarias Lovers: Tenerife + Gran Canaria","url":"https:\/\/canarias-lovers.com\/sv\/","logo":{"@type":"ImageObject","inLanguage":"sv-SE","@id":"https:\/\/canarias-lovers.com\/sv\/#\/schema\/logo\/image\/","url":"https:\/\/canarias-lovers.com\/wp-content\/uploads\/2024\/05\/cropped-Canarias-Lovers-Logo.png","contentUrl":"https:\/\/canarias-lovers.com\/wp-content\/uploads\/2024\/05\/cropped-Canarias-Lovers-Logo.png","width":2635,"height":595,"caption":"Canarias Lovers: Tenerife + Gran Canaria"},"image":{"@id":"https:\/\/canarias-lovers.com\/sv\/#\/schema\/logo\/image\/"}},{"@type":"Person","@id":"https:\/\/canarias-lovers.com\/sv\/#\/schema\/person\/1ec7cf140667644238370c9f82ae182b","name":"Julie","image":{"@type":"ImageObject","inLanguage":"sv-SE","@id":"https:\/\/secure.gravatar.com\/avatar\/a611248efc69ee9e187aa9c079fc95ddf244fb85450703880b633892883f84f5?s=96&d=mm&r=g","url":"https:\/\/secure.gravatar.com\/avatar\/a611248efc69ee9e187aa9c079fc95ddf244fb85450703880b633892883f84f5?s=96&d=mm&r=g","contentUrl":"https:\/\/secure.gravatar.com\/avatar\/a611248efc69ee9e187aa9c079fc95ddf244fb85450703880b633892883f84f5?s=96&d=mm&r=g","caption":"Julie"},"sameAs":["https:\/\/canarias-lovers.com\/julie-joly\/"],"url":"https:\/\/canarias-lovers.com\/sv\/author\/julie\/"}]}},"featured_image_src":"https:\/\/canarias-lovers.com\/wp-content\/uploads\/2024\/07\/hotel-cordial-plaza-mayor-santa-ana-las-palmas-recension-600x400.jpg","featured_image_src_square":"https:\/\/canarias-lovers.com\/wp-content\/uploads\/2024\/07\/hotel-cordial-plaza-mayor-santa-ana-las-palmas-recension-600x600.jpg","author_info":{"display_name":"Julie","author_link":"https:\/\/canarias-lovers.com\/sv\/author\/julie\/"},"_links":{"self":[{"href":"https:\/\/canarias-lovers.com\/sv\/wp-json\/wp\/v2\/posts\/1953","targetHints":{"allow":["GET"]}}],"collection":[{"href":"https:\/\/canarias-lovers.com\/sv\/wp-json\/wp\/v2\/posts"}],"about":[{"href":"https:\/\/canarias-lovers.com\/sv\/wp-json\/wp\/v2\/types\/post"}],"author":[{"embeddable":true,"href":"https:\/\/canarias-lovers.com\/sv\/wp-json\/wp\/v2\/users\/5"}],"replies":[{"embeddable":true,"href":"https:\/\/canarias-lovers.com\/sv\/wp-json\/wp\/v2\/comments?post=1953"}],"version-history":[{"count":0,"href":"https:\/\/canarias-lovers.com\/sv\/wp-json\/wp\/v2\/posts\/1953\/revisions"}],"wp:featuredmedia":[{"embeddable":true,"href":"https:\/\/canarias-lovers.com\/sv\/wp-json\/wp\/v2\/media\/1903"}],"wp:attachment":[{"href":"https:\/\/canarias-lovers.com\/sv\/wp-json\/wp\/v2\/media?parent=1953"}],"wp:term":[{"taxonomy":"category","embeddable":true,"href":"https:\/\/canarias-lovers.com\/sv\/wp-json\/wp\/v2\/categories?post=1953"},{"taxonomy":"post_tag","embeddable":true,"href":"https:\/\/canarias-lovers.com\/sv\/wp-json\/wp\/v2\/tags?post=1953"}],"curies":[{"name":"wp","href":"https:\/\/api.w.org\/{rel}","templated":true}]}}