{"id":11161,"date":"2026-09-03T15:04:43","date_gmt":"2026-09-03T15:04:43","guid":{"rendered":"https:\/\/canarias-lovers.com\/cactualdea-park-gran-canaria\/"},"modified":"2026-09-03T15:11:59","modified_gmt":"2026-09-03T15:11:59","slug":"cactualdea-park-gran-canaria","status":"publish","type":"post","link":"https:\/\/canarias-lovers.com\/sv\/cactualdea-park-gran-canaria\/","title":{"rendered":"Cactualdea Park (Gran Canaria): bes\u00f6k + bilder"},"content":{"rendered":"\n<p class=\"wp-block-paragraph\">Parc Cactualdea, bel\u00e4get i La Aldea de San Nicol\u00e1s p\u00e5 \u00f6n Gran Canaria, \u00e4r en unik botanisk tr\u00e4dg\u00e5rd som \u00e4r till\u00e4gnad <strong>kaktusar<\/strong> och andra v\u00e4xter som trivs i torra milj\u00f6er. P\u00e5 en yta p\u00e5 cirka <strong>15 000 m\u00b2<\/strong> visar parken upp \u00f6ver <strong>1 000 arter<\/strong> fr\u00e5n hela v\u00e4rlden och erbjuder en upplevelse av ett landskap som \u00e4r b\u00e5de \u00f6kenlikt och frodigt.<\/p>\n\n<figure class=\"wp-block-image size-large\"><img loading=\"lazy\" decoding=\"async\" width=\"1024\" height=\"768\" src=\"https:\/\/canarias-lovers.com\/wp-content\/uploads\/2026\/09\/Cactualdea-Gran-Canaria-1024x768.webp\" alt=\"Cactualdea p&#xE5; Gran Canaria\" class=\"wp-image-11124\" srcset=\"https:\/\/canarias-lovers.com\/wp-content\/uploads\/2026\/09\/Cactualdea-Gran-Canaria-1024x768.webp 1024w, https:\/\/canarias-lovers.com\/wp-content\/uploads\/2026\/09\/Cactualdea-Gran-Canaria-300x225.webp 300w, https:\/\/canarias-lovers.com\/wp-content\/uploads\/2026\/09\/Cactualdea-Gran-Canaria-768x576.webp 768w, https:\/\/canarias-lovers.com\/wp-content\/uploads\/2026\/09\/Cactualdea-Gran-Canaria-1536x1152.webp 1536w, https:\/\/canarias-lovers.com\/wp-content\/uploads\/2026\/09\/Cactualdea-Gran-Canaria-2048x1536.webp 2048w, https:\/\/canarias-lovers.com\/wp-content\/uploads\/2026\/09\/Cactualdea-Gran-Canaria-702x526.webp 702w\" sizes=\"auto, (max-width: 1024px) 100vw, 1024px\" \/><\/figure>\n\n<p class=\"wp-block-paragraph\">I den h\u00e4r artikeln hittar du v\u00e5ra <strong>praktiska tips med bilder<\/strong> som hj\u00e4lper dig att f\u00f6rbereda ditt bes\u00f6k p\u00e5 b\u00e4sta s\u00e4tt och njuta fullt ut av denna botaniska utflykt utanf\u00f6r stadsomr\u00e5dena.<\/p>\n\n<h2 class=\"wp-block-heading\"><span class=\"ez-toc-section\" id=\"Varfor_besoka_Cactualdea-parken\"><\/span>Varf\u00f6r bes\u00f6ka Cactualdea-parken<span class=\"ez-toc-section-end\"><\/span><\/h2>\n\n<h3 class=\"wp-block-heading\">\u00c4r Cactualdea-parken v\u00e4rd ett bes\u00f6k? V\u00e5r \u00e5sikt:<\/h3>\n\n<p class=\"wp-block-paragraph\">Ja, Cactualdea-parken \u00e4r v\u00e4l v\u00e4rd ett bes\u00f6k f\u00f6r en avkopplande promenad mitt i en torr tr\u00e4dg\u00e5rd d\u00e4r \u00f6ver <strong>1 000 kaktusarter<\/strong> fr\u00e5n hela v\u00e4rlden blomstrar mot en bakgrund av spektakul\u00e4ra berg. Denna plats erbjuder en unik upplevelse, som skiljer sig fr\u00e5n traditionella botaniska tr\u00e4dg\u00e5rdar, tack vare sin rika samling och sin naturliga milj\u00f6.<\/p>\n\n<figure class=\"wp-block-image size-large\"><img decoding=\"async\" src=\"https:\/\/res.cloudinary.com\/dr1k3muv9\/image\/upload\/e_enhance\/e_improve:outdoor:50\/e_contrast:level_35;type_sigmoidal\/e_vibrance:8\/e_saturation:8\/e_sharpen:15\/f_auto\/v1788420091\/Mogan-to-La-Aldea-blocs-region-Lieu-XEL.heic\" alt=\"Kaktustr&#xE4;dg&#xE5;rd med berg i bakgrunden\"\/><\/figure>\n\n<h3 class=\"wp-block-heading\">V\u00e5ra favorit\u00f6gonblick<\/h3>\n\n<p class=\"wp-block-paragraph\">Vi uppskattade s\u00e4rskilt den stora m\u00e5ngfalden av v\u00e4xter, som omfattar s\u00e4llsynta och exotiska arter, samt de kanariska etnografiska inslagen som finns utspridda i parken. Dessa kulturella inslag ger bes\u00f6ket en extra dimension genom att koppla samman botaniken med den lokala historien.<\/p>\n\n<p class=\"wp-block-paragraph\">Parkens fridfulla atmosf\u00e4r inbjuder till avkoppling och eftertanke. Vi har kommit fram till att det \u00e4r en perfekt plats f\u00f6r dem som s\u00f6ker en stunds lugn, l\u00e5ngt bort fr\u00e5n turistmyllret, samtidigt som man f\u00e5r uppt\u00e4cka <strong>Gran<\/strong> <strong>Canarias<\/strong> natur- och kulturrikedom <strong>.<\/strong><\/p>\n\n<figure class=\"wp-block-image size-large\"><img decoding=\"async\" src=\"https:\/\/res.cloudinary.com\/dr1k3muv9\/image\/upload\/e_enhance\/e_improve:outdoor:50\/e_contrast:level_35;type_sigmoidal\/e_vibrance:8\/e_saturation:8\/e_sharpen:15\/f_auto\/v1788420094\/Mogan-to-La-Aldea-blocs-region-Lieu-VSZ.heic\" alt=\"I fokus: en rund kaktus med l&#xE5;nga gula taggar\"\/><\/figure>\n\n<p class=\"wp-block-paragraph\">Vi tyckte s\u00e4rskilt om att strosa l\u00e4ngs de <strong>slingrande stigarna<\/strong> som g\u00e5r genom tr\u00e4dg\u00e5rdarna, d\u00e4r <strong>mikroklimaten<\/strong> skapar olika st\u00e4mningar. Att observera <strong>djuren i frihet<\/strong> gav promenaden en extra dimension, medan repliken av Guanche-grottan ger en historisk inblick i \u00f6n.<\/p>\n\n<figure class=\"wp-block-image size-large\"><img decoding=\"async\" src=\"https:\/\/res.cloudinary.com\/dr1k3muv9\/image\/upload\/e_enhance\/e_improve:outdoor:50\/e_contrast:level_35;type_sigmoidal\/e_vibrance:8\/e_saturation:8\/e_sharpen:15\/f_auto\/v1788420098\/Mogan-to-La-Aldea-blocs-region-Lieu-ECG.heic\" alt=\"En stig med olika sorters kaktusar p&#xE5; b&#xE5;da sidor och n&#xE5;gra palmer\"\/><\/figure>\n\n<div class=\"wp-block-genesis-blocks-gb-container box gb-block-container\" style=\"background-color:#fef0c3;margin-top:8%;margin-bottom:8%\"><div class=\"gb-container-inside\"><div class=\"gb-container-content\" style=\"max-width:700px\">\n<div class=\"wp-block-genesis-blocks-gb-container box_titre gb-block-container\"><div class=\"gb-container-inside\"><div class=\"gb-container-content\">\n<h5 class=\"titre_box\" style=\"padding-top:10px;\">VART SKA MAN BO PA <span class=\"titre_box_manuscrit\">Gran Canaria<\/span>?<\/h5>\n<\/div><\/div><\/div>\n\n\n\n<div class=\"wp-block-columns box_sans_border has-background is-layout-flex wp-container-core-columns-is-layout-8f761849 wp-block-columns-is-layout-flex\" style=\"background-color:#fef0c3\">\n<div class=\"wp-block-column texte_planif is-layout-flow wp-block-column-is-layout-flow\" style=\"font-size:14px;flex-basis:60%\">\n<p class=\"option_titre2 wp-block-paragraph\" style=\"font-size:16px\">V\u00e5ra oberoende urval hj\u00e4lper dig att hitta ditt <strong>dr\u00f6mboende<\/strong>:<\/p>\n\n\n\n<ul class=\"wp-block-list ul_box\">\n<li style=\"font-size:14px\"><a href=\"https:\/\/canarias-lovers.com\/sv\/var-ska-bo-gran-canaria-basta-omradena\/\" target=\"_blank\" rel=\"noreferrer noopener\">Var man kan bo p\u00e5 Gran Canaria<\/a><\/li>\n\n\n\n<li style=\"font-size:14px\">V\u00e5r favorit: <a href=\"https:\/\/www.booking.com\/hotel\/es\/marina-suites.html?aid=2421274\" target=\"_blank\" rel=\"noreferrer noopener sponsored nofollow\">Hotel Marina Suites<\/a><\/li>\n<\/ul>\n\n\n\n<p class=\"wp-block-paragraph\" style=\"font-size:16px\"><strong>V\u00e4lj efter hotelltyp:<\/strong><\/p>\n\n\n\n<ul class=\"wp-block-list ul_box\">\n<li style=\"font-size:14px\"><a href=\"https:\/\/canarias-lovers.com\/sv\/basta-5-stjarniga-hotellen-gran-canaria-lyx-recensioner\/\" target=\"_blank\" rel=\"noreferrer noopener\">5-stj\u00e4rniga hotell<\/a><\/li>\n\n\n\n<li style=\"font-size:14px\"><a href=\"https:\/\/canarias-lovers.com\/sv\/basta-boutique-hotellen-gran-canaria-charm\/\" target=\"_blank\" rel=\"noreferrer noopener\">B\u00e4sta boutiquehotellen<\/a><\/li>\n\n\n\n<li style=\"font-size:14px\"><a href=\"https:\/\/canarias-lovers.com\/sv\/basta-hotell-endast-vuxna-adults-only-gran-canaria\/\" target=\"_blank\" rel=\"noreferrer noopener\">B\u00e4sta hotell endast f\u00f6r vuxna<\/a><\/li>\n\n\n\n<li style=\"font-size:14px\">B\u00e4sta all-inclusive-hotellen (kommer snart)<\/li>\n\n\n\n<li style=\"font-size:14px\"><a href=\"https:\/\/canarias-lovers.com\/sv\/basta-familjehotellen-gran-canaria-barnen-recensioner\/\" target=\"_blank\" rel=\"noreferrer noopener\">B\u00e4sta hotellen f\u00f6r familjer<\/a><\/li>\n<\/ul>\n\n\n\n<p class=\"wp-block-paragraph\" style=\"font-size:16px\"><strong>V\u00e4lj efter stad:<\/strong><\/p>\n\n\n\n<ul class=\"wp-block-list\">\n<li style=\"font-size:14px\"><a href=\"https:\/\/canarias-lovers.com\/sv\/var-kan-bo-las-palmas-gran-canaria-basta-hotellen-stadsdelarna\/\" target=\"_blank\" rel=\"noreferrer noopener\">B\u00e4sta hotellen i Las Palmas de Gran Canaria<\/a><\/li>\n\n\n\n<li style=\"font-size:14px\"><a href=\"https:\/\/canarias-lovers.com\/sv\/var-kan-bo-maspalomas-basta-hotellen-stadsdelarna\/\" target=\"_blank\" rel=\"noreferrer noopener\">B\u00e4sta hotell i Masplomas<\/a><\/li>\n\n\n\n<li style=\"font-size:14px\"><a href=\"https:\/\/canarias-lovers.com\/sv\/var-kan-bo-playa-ingles-gran-canaria-basta-hotellen-stadsdelarna\/\" target=\"_blank\" rel=\"noreferrer noopener\">B\u00e4sta hotell i Playa del Ingles<\/a><\/li>\n\n\n\n<li style=\"font-size:14px\"><a href=\"https:\/\/canarias-lovers.com\/sv\/var-kan-bo-puerto-rico-gran-canaria-basta-hotellen-stadsdelarna\/\" target=\"_blank\" rel=\"noreferrer noopener\">B\u00e4sta hotellen i Puerto Rico<\/a><\/li>\n\n\n\n<li style=\"font-size:14px\"><a href=\"https:\/\/canarias-lovers.com\/sv\/var-kan-bo-puerto-mogan-basta-hotellen-stadsdelarna\/\" target=\"_blank\" rel=\"noreferrer noopener\">B\u00e4sta hotell i Puerto de Mogan<\/a><\/li>\n\n\n\n<li style=\"font-size:14px\"><a href=\"https:\/\/canarias-lovers.com\/sv\/meilleurs-hotels-5-etoiles-meloneras-luxe-avis-2\/\" target=\"_blank\" rel=\"noreferrer noopener\">5-stj\u00e4rnigt hotell i Meloneras<\/a><\/li>\n<\/ul>\n<\/div>\n\n\n\n<div class=\"wp-block-column is-vertically-aligned-top planif-radius is-layout-flow wp-block-column-is-layout-flow\" style=\"flex-basis:40%\">\n<figure class=\"wp-block-image size-large img-portrait\"><img decoding=\"async\" src=\"https:\/\/photos.smugmug.com\/Canarias-Lovers\/Gran-Canaria\/Puerto-Rico\/Hotel-Marina-Suites\/i-wMm7CH4\/0\/FdXHP96thzS3vRrTp3H2F4hh8q7cKtZg5BpKMDFBB\/S\/Hotel-marina-suites-pool-2-S.jpg\" alt=\"hotellpool\" title=\"\"\/><\/figure>\n<\/div>\n<\/div>\n<\/div><\/div><\/div>\n\n<h2 class=\"wp-block-heading\"><span class=\"ez-toc-section\" id=\"Vagbeskrivning_Cactualdea-parken_fran_Mogan_till_La_Aldea\"><\/span>V\u00e4gbeskrivning: Cactualdea-parken, fr\u00e5n Mog\u00e1n till La Aldea<span class=\"ez-toc-section-end\"><\/span><\/h2>\n\n<h3 class=\"wp-block-heading\">Var ligger Cactualdea-parken?<\/h3>\n\n<ul class=\"wp-block-list\">\n<li>I kommunen La Aldea de San Nicol\u00e1s<\/li>\n\n\n\n<li>P\u00e5 Gran Canarias v\u00e4stkust<\/li>\n\n\n\n<li>Fr\u00e5n <a href=\"https:\/\/canarias-lovers.com\/sv\/sevardheter-puerto-mogan-att-gora\/\" data-type=\"post\" data-id=\"860\" target=\"_blank\" rel=\"noreferrer noopener\">Puerto de Mogan<\/a> = 35 min<\/li>\n\n\n\n<li>Fr\u00e5n <a href=\"https:\/\/canarias-lovers.com\/sv\/sevardheter-maspalomas-att-gora\/\" data-type=\"post\" data-id=\"2507\" target=\"_blank\" rel=\"noreferrer noopener\">Maspalomas<\/a> = 45 min<\/li>\n\n\n\n<li>Fr\u00e5n <a href=\"https:\/\/canarias-lovers.com\/sv\/sevardheter-agaete-att-gora\/\" data-type=\"post\" data-id=\"909\" target=\"_blank\" rel=\"noreferrer noopener\">Agaete<\/a> = 1 timme<\/li>\n\n\n\n<li>H\u00e4r \u00e4r en karta som hj\u00e4lper dig att hitta r\u00e4tt:<\/li>\n<\/ul>\n\n<figure class=\"wp-block-image size-full\"><img decoding=\"async\" src=\"https:\/\/canarias-lovers.com\/wp-content\/uploads\/2026\/09\/karta-Cactualdea-Park-Gran-Canaria.jpg\" alt=\"Karta &#xF6;ver Cactualdea Park p&#xE5; Gran Canaria\" class=\"wp-image-11141\"\/><figcaption class=\"wp-element-caption\">Karta: Cactualdea p\u00e5 \u00f6n Gran Canaria<\/figcaption><\/figure>\n\n<h3 class=\"wp-block-heading\">Hur kommer jag dit?<\/h3>\n\n<ul class=\"wp-block-list\">\n<li><strong>Med bil:<\/strong> Det rekommenderas att ta sig till Cactualdea-parken med bil. V\u00e4gen \u00e4r l\u00e4tt att ta sig fram p\u00e5 och v\u00e4l skyltad fr\u00e5n Mog\u00e1n och La Aldea, och den sista str\u00e4ckan \u00e4r l\u00e4tt att ta sig fram p\u00e5.<\/li>\n\n\n\n<li><strong>Med buss:<\/strong> det g\u00e5r inga bussar till parken<\/li>\n\n\n\n<li><strong>Till fots:<\/strong> Omr\u00e5dets utformning g\u00f6r det sv\u00e5rt att ta sig dit till fots fr\u00e5n grannkommunerna, med tanke p\u00e5 avst\u00e5nden och terr\u00e4ngen.<\/li>\n<\/ul>\n\n<figure class=\"wp-block-image size-large\"><img decoding=\"async\" src=\"https:\/\/res.cloudinary.com\/dr1k3muv9\/image\/upload\/e_enhance\/e_improve:outdoor:50\/e_contrast:level_35;type_sigmoidal\/e_vibrance:8\/e_saturation:8\/e_sharpen:15\/f_auto\/v1788420101\/Mogan-to-La-Aldea-blocs-region-Parc-Cactualdea-view-RNH.heic\" alt=\"Utsikt fr&#xE5;n en bil p&#xE5; en v&#xE4;g som leder till Cactualdea-parken\"\/><\/figure>\n\n<h3 class=\"wp-block-heading\">Parkeringsplats<\/h3>\n\n<p class=\"wp-block-paragraph\">Det finns gratis parkering p\u00e5 plats f\u00f6r bes\u00f6kare.<\/p>\n\n<figure class=\"wp-block-image size-large\"><img decoding=\"async\" src=\"https:\/\/res.cloudinary.com\/dr1k3muv9\/image\/upload\/e_enhance\/e_improve:outdoor:50\/e_contrast:level_35;type_sigmoidal\/e_vibrance:8\/e_saturation:8\/e_sharpen:15\/f_auto\/v1788420104\/Mogan-to-La-Aldea-blocs-region-Lieu-AMD.heic\" alt=\"parkeringen vid Cactualdea, som lutar n&#xE5;got\"\/><\/figure>\n\n<div class=\"wp-block-genesis-blocks-gb-container box gb-block-container\" style=\"background-color:#fef0c3;margin-top:8%;margin-bottom:8%\"><div class=\"gb-container-inside\"><div class=\"gb-container-content\">\n<div class=\"wp-block-columns inverse box_planif is-layout-flex wp-container-core-columns-is-layout-8f761849 wp-block-columns-is-layout-flex\">\n<div class=\"wp-block-column texte_planif is-layout-flow wp-block-column-is-layout-flow\" style=\"flex-basis:60%\">\n<h5 class=\"titre_box\" style=\"padding-top:10px;\">V\u00c5RT R\u00c5D F\u00d6R ATT HYRRA EN BIL P\u00c5 <span class=\"titre_box_manuscrit\">Gran Canaria<\/span><\/h5>\n\n\n\n<ul style=\"font-size:14px\" class=\"wp-block-list\">\n<li>J\u00e4mf\u00f6r priser p\u00e5 v\u00e5r f\u00f6redragna plattform: <a href=\"https:\/\/www.discovercars.com\/se\/spain-canary-islands\/gran-canaria?a_aid=zigzag&amp;chan=CAL\" target=\"_blank\" rel=\"noreferrer noopener sponsored nofollow\">DiscoverCars<\/a> &#8211; en av de b\u00e4st rankade webbplatserna.<\/li>\n\n\n\n<li>Om du planerar att utforska bergen ska du inte ta de <strong>minsta bilarna<\/strong>. En kraftfullare motor kommer att vara mer bekv\u00e4m.<\/li>\n\n\n\n<li>Men ta inte heller en f\u00f6r stor bil, eftersom vissa av v\u00e4garna \u00e4r smala.<\/li>\n\n\n\n<li>Det \u00e4r stor efterfr\u00e5gan och det \u00e4r en \u00f6, s\u00e5 <strong>boka tidigt<\/strong>.<\/li>\n<\/ul>\n<\/div>\n\n\n\n<div class=\"wp-block-column planif-radius-2 is-layout-flow wp-block-column-is-layout-flow\">\n<figure class=\"wp-block-image size-large voiture_image\"><img decoding=\"async\" src=\"https:\/\/photos.smugmug.com\/Canarias-Lovers\/Gran-Canaria\/Driving\/i-FXBKL7Q\/1\/C432TQvrLtk7Fzt3jdL3g8XCdWtF4krHtKv9zvKg6\/S\/gran-Canaria-rental-car-driving-S.jpg\" alt=\"K&#xF6;rning p&#xE5; Gran Canaria\"\/><\/figure>\n<\/div>\n<\/div>\n\n\n\n<div class=\"wp-block-columns planif_bouton is-layout-flex wp-container-core-columns-is-layout-8f761849 wp-block-columns-is-layout-flex\">\n<div class=\"wp-block-column is-vertically-aligned-top is-layout-flow wp-block-column-is-layout-flow\">\n<div class=\"wp-block-buttons is-content-justification-center is-layout-flex wp-container-core-buttons-is-layout-fe48e5de wp-block-buttons-is-layout-flex\">\n<div class=\"wp-block-button\"><a class=\"wp-block-button__link has-white-color has-text-color wp-element-button\" href=\"https:\/\/www.discovercars.com\/fr\/spain-canary-islands\/gran-canaria?a_aid=zigzag&amp;chan=CAL\" target=\"_blank\" rel=\"noreferrer noopener nofollow\">Se tillg\u00e4ngliga bilar &gt;&gt;<\/a><\/div>\n<\/div>\n<\/div>\n\n\n\n<div class=\"wp-block-column is-vertically-aligned-center is-layout-flow wp-block-column-is-layout-flow\">\n<p class=\"has-text-align-center wp-block-paragraph\" style=\"font-size:16px\"><a href=\"https:\/\/canarias-lovers.com\/sv\/hur-hyr-bil-gran-canaria-tips-erfarenhet\/\" target=\"_blank\" rel=\"noreferrer noopener\">L\u00e4s v\u00e5ra r\u00e5d<\/a><\/p>\n<\/div>\n<\/div>\n<\/div><\/div><\/div>\n\n<h2 class=\"wp-block-heading\"><span class=\"ez-toc-section\" id=\"Anvandbara_tips_varaktighet_tidtabeller_ata%E2%80%A6\"><\/span>Anv\u00e4ndbara tips: varaktighet, tidtabeller, \u00e4ta&#8230;<span class=\"ez-toc-section-end\"><\/span><\/h2>\n\n<h3 class=\"wp-block-heading\">B\u00e4sta tiden att bes\u00f6ka<\/h3>\n\n<p class=\"wp-block-paragraph\">P\u00e5 sommaren b\u00f6r man undvika att vara ute mitt p\u00e5 dagen, eftersom det finns f\u00e5 skuggiga platser. Kaktusar \u00e4r inte de v\u00e4xter som ger mest skugga!<\/p>\n\n<h3 class=\"wp-block-heading\">Bes\u00f6ksl\u00e4ngd och huvudsakliga sv\u00e5righeter<\/h3>\n\n<p class=\"wp-block-paragraph\">En rundtur i Cactualdea-parken tar vanligtvis <strong>ungef\u00e4r en timme<\/strong> i lugnt tempo. Ruten best\u00e5r av <strong>l\u00e5nga och slingrande stigar<\/strong> som inbjuder till uppt\u00e4cktsf\u00e4rder, men som kr\u00e4ver en viss fysisk anstr\u00e4ngning.<\/p>\n\n<p class=\"wp-block-paragraph\">Observera att vissa omr\u00e5den har <strong>branta sluttningar<\/strong> och steniga ytor, vilket kan f\u00f6rsv\u00e5ra framkomligheten, s\u00e4rskilt f\u00f6r personer med nedsatt r\u00f6rlighet. Vi rekommenderar att ni tar med l\u00e4mpliga skor och tar er god tid f\u00f6r att kunna njuta fullt ut av platsen.<\/p>\n\n<figure class=\"wp-block-image size-large\"><img decoding=\"async\" src=\"https:\/\/res.cloudinary.com\/dr1k3muv9\/image\/upload\/e_enhance\/e_improve:outdoor:50\/e_contrast:level_35;type_sigmoidal\/e_vibrance:8\/e_saturation:8\/e_sharpen:15\/f_auto\/v1788420108\/Mogan-to-La-Aldea-blocs-region-Lieu-RY8.heic\" alt=\"En stenbelagd stig med trappor med stort avst&#xE5;nd mellan dem\"\/><\/figure>\n\n<h3 class=\"wp-block-heading\">Bes\u00f6ksriktning<\/h3>\n\n<p class=\"wp-block-paragraph\">Det b\u00e4sta \u00e4r att l\u00e5ta sig ledas av inspirationen n\u00e4r man v\u00e4l \u00e4r i kaktusomr\u00e5det.<\/p>\n\n<figure class=\"wp-block-image size-large\"><img decoding=\"async\" src=\"https:\/\/res.cloudinary.com\/dr1k3muv9\/image\/upload\/e_enhance\/e_improve:outdoor:50\/e_contrast:level_35;type_sigmoidal\/e_vibrance:8\/e_saturation:8\/e_sharpen:15\/f_auto\/v1788420111\/Mogan-to-La-Aldea-blocs-region-Parc-Cactualdea-map-ZM0.heic\" alt=\"Karta &#xF6;ver Cactuladea-parken\"\/><\/figure>\n\n<h3 class=\"wp-block-heading\">Bes\u00f6k med barn<\/h3>\n\n<p class=\"wp-block-paragraph\">Vi har inte hittat n\u00e5gra aktiviteter s\u00e4rskilt avsedda f\u00f6r barn i <strong>Parc<\/strong> <strong>Cactualdea,<\/strong> till exempel en <strong>lekbroschyr<\/strong> eller en anpassad uppt\u00e4cktsbana. D\u00e4remot kan barnen titta p\u00e5 djur som \u00e5snor och p\u00e5f\u00e5glar, och de har m\u00f6jlighet att k\u00f6pa mat f\u00f6r att komma n\u00e4ra dem. Observera att utomhusg\u00e5ngarna \u00e4r utsatta f\u00f6r solljus, vilket kr\u00e4ver viss f\u00f6rsiktighet.<\/p>\n\n<figure class=\"wp-block-image size-large\"><img decoding=\"async\" src=\"https:\/\/res.cloudinary.com\/dr1k3muv9\/image\/upload\/e_enhance\/e_improve:outdoor:50\/e_contrast:level_35;type_sigmoidal\/e_vibrance:8\/e_saturation:8\/e_sharpen:15\/f_auto\/v1788420114\/Mogan-to-La-Aldea-blocs-region-Lieu-JTF.heic\" alt=\"svarta och vita ankor med r&#xF6;da masker\"\/><\/figure>\n\n<h3 class=\"wp-block-heading\">\u00d6ppettider och priser<\/h3>\n\n<ul class=\"wp-block-list\">\n<li><strong>\u00d6ppettider:<\/strong> Varje dag kl. 10.30\u201317.00<\/li>\n\n\n\n<li><strong>St\u00e4ngning:<\/strong> Ingen<\/li>\n\n\n\n<li><strong>Pris f\u00f6r vuxna:<\/strong> 9,50 \u20ac<\/li>\n\n\n\n<li><strong>Rabatterat pris:<\/strong><br\/>Barn (10\u201316 \u00e5r): 5,00 \u20ac<br\/>Pension\u00e4rer: 6,00 \u20ac<\/li>\n\n\n\n<li><strong>Gratis:<\/strong> Barn (0\u201310 \u00e5r): gratis<\/li>\n\n\n\n<li><strong>Telefon:<\/strong> +34 928 89 12 28<\/li>\n\n\n\n<li>Se de senaste nyheterna p\u00e5 den officiella webbplatsen <a href=\"http:\/\/www.cactualdeapark.es\/\" target=\"_blank\" rel=\"nofollow noopener\">h\u00e4r<\/a>.<\/li>\n\n\n\n<li><a href=\"http:\/\/www.cactualdeapark.es\/\" target=\"_blank\" rel=\"sponsored nofollow noopener\">Spara tid och k\u00f6p din biljett<\/a>.<\/li>\n<\/ul>\n\n<h3 class=\"wp-block-heading\">Boende och mat<\/h3>\n\n<ul class=\"wp-block-list\">\n<li>Ingen \u00f6vernattning i parken<\/li>\n\n\n\n<li>Restaurang och snackbar mitt i parken<\/li>\n<\/ul>\n\n<figure class=\"wp-block-image size-large\"><img decoding=\"async\" src=\"https:\/\/res.cloudinary.com\/dr1k3muv9\/image\/upload\/e_enhance\/e_improve:outdoor:50\/e_contrast:level_35;type_sigmoidal\/e_vibrance:8\/e_saturation:8\/e_sharpen:15\/f_auto\/v1788420118\/Mogan-to-La-Aldea-blocs-region-Lieu-SXO.heic\" alt=\"en tr&#xE4;&#xF6;verbyggd terrass med bord och stolar, h&#xE4;ngande v&#xE4;xter, m&#xE4;nniskor som sitter, utomhusomr&#xE5;de med vita parasoller, t&#xE4;t gr&#xF6;n vegetation, en stenmur i bakgrunden, solljus som kastar skuggor\"\/><\/figure>\n\n<div class=\"wp-block-genesis-blocks-gb-container box gb-block-container\" style=\"background-color:#fefefe;margin-top:6%;margin-bottom:6%\"><div class=\"gb-container-inside\"><div class=\"gb-container-content\" style=\"max-width:700px\">\n<div class=\"wp-block-columns inverse is-layout-flex wp-container-core-columns-is-layout-8f761849 wp-block-columns-is-layout-flex\">\n<div class=\"wp-block-column texte_planif is-layout-flow wp-block-column-is-layout-flow\" style=\"flex-basis:58%\">\n<h5 class=\"titre_box\">lite mer <span class=\"titre_box_manuscrit\">t\u00e5lamod<\/span><\/h5>\n\n\n\n<p class=\"wp-block-paragraph\" style=\"font-size:14px\">Alla foton, kartor, information och anv\u00e4ndbara adresser som du beh\u00f6ver f\u00f6r att f\u00e5 ut det mesta av <strong>din vistelse p\u00e5 Kanarie\u00f6arna<\/strong> kommer <strong>snart<\/strong> att finnas tillg\u00e4ngliga i en enda e-bok!<\/p>\n<\/div>\n\n\n\n<div class=\"wp-block-column is-layout-flow wp-block-column-is-layout-flow\" style=\"flex-basis:42%\">\n<div class=\"wp-block-genesis-blocks-gb-container ebook-radius-waitlist gb-block-container\"><div class=\"gb-container-inside\"><div class=\"gb-container-content\"><div class=\"wp-block-image ebook-image\">\n<figure class=\"aligncenter size-large\"><img decoding=\"async\" src=\"https:\/\/loirelovers.fr\/wp-content\/uploads\/2023\/03\/ebooks_CorseNormandie_FR.png\" alt=\"Box Ebook Korsika FR\"\/><\/figure>\n<\/div><\/div><\/div><\/div>\n<\/div>\n<\/div>\n<\/div><\/div><\/div>\n\n<h2 class=\"wp-block-heading\"><span class=\"ez-toc-section\" id=\"Kaktussamlingar_pa_vulkaniska_terrasser\"><\/span>Kaktussamlingar p\u00e5 vulkaniska terrasser<span class=\"ez-toc-section-end\"><\/span><\/h2>\n\n<h3 class=\"wp-block-heading\">\u00d6ver 1 000 arter av kaktusar och andra v\u00e4xter<\/h3>\n\n<p class=\"wp-block-paragraph\">I Cactualdea-parken finns en imponerande samling med \u00f6ver <strong>1 000 kaktusarter som<\/strong> \u00e4r anpassade till det torra klimatet p\u00e5 Gran Canaria. Dessa v\u00e4xter kommer fr\u00e5n olika delar av v\u00e4rlden, vilket ger parken en enast\u00e5ende <strong>botanisk m\u00e5ngfald<\/strong> och l\u00e5ter bes\u00f6karna uppleva en rad olika ekosystem.<\/p>\n\n<figure class=\"wp-block-image size-large\"><img decoding=\"async\" src=\"https:\/\/res.cloudinary.com\/dr1k3muv9\/image\/upload\/e_enhance\/e_improve:outdoor:50\/e_contrast:level_35;type_sigmoidal\/e_vibrance:8\/e_saturation:8\/e_sharpen:15\/f_auto\/v1788420121\/Mogan-to-La-Aldea-blocs-region-Parc-Cactualdea-NUI.heic\" alt=\"En t&#xE4;t grupp av Opuntia-kaktusar i full sol\"\/><\/figure>\n\n<p class=\"wp-block-paragraph\">F\u00f6rutom kaktusar finns det \u00e4ven en m\u00e4ngd andra suckulenter i parken, bland annat <strong>palmer<\/strong>, <strong>draktr\u00e4d<\/strong> och <strong>aloe<\/strong>. Dessa arter kompletterar samlingen p\u00e5 ett harmoniskt s\u00e4tt och visar p\u00e5 den stora m\u00e5ngfalden av v\u00e4xters anpassningar till torra milj\u00f6er.<\/p>\n\n<figure class=\"wp-block-image size-large\"><img decoding=\"async\" src=\"https:\/\/res.cloudinary.com\/dr1k3muv9\/image\/upload\/e_enhance\/e_improve:outdoor:50\/e_contrast:level_35;type_sigmoidal\/e_vibrance:8\/e_saturation:8\/e_sharpen:15\/f_auto\/v1788420124\/Mogan-to-La-Aldea-blocs-region-Lieu-IVJ.heic\" alt=\"en kaktustr&#xE4;dg&#xE5;rd med olika runda och pelarformade kaktusar, m&#xF6;rk jord, utspridda stenar, n&#xE5;gra suckulenter, starkt solljus som kastar skuggor, inga m&#xE4;nniskor syns\"\/><\/figure>\n\n<h3 class=\"wp-block-heading\">Stigar av pic\u00f3n och torrstensmurar<\/h3>\n\n<p class=\"wp-block-paragraph\">Parc Cactualdea bygger p\u00e5 en <strong>terrassanl\u00e4ggning<\/strong> som anlades p\u00e5 1990-talet och som f\u00f6ljer omr\u00e5dets naturliga topografi. Denna uppdelning i successiva niv\u00e5er underl\u00e4ttar framh\u00e4vandet av v\u00e4xtsamlingarna samtidigt som den begr\u00e4nsar erosion.  <\/p>\n\n<p class=\"wp-block-paragraph\"><strong>De st\u00f6dmurar<\/strong> som avgr\u00e4nsar dessa terrasser \u00e4r uppf\u00f6rda enligt den traditionella <strong>kanariska torrstenstekniken<\/strong>, d\u00e4r man uteslutande anv\u00e4nder lokal basalt och lavasten utan n\u00e5got bindemedel. Denna traditionella hantverkskunskap bidrar till parkens visuella och kulturella identitet.<\/p>\n\n<figure class=\"wp-block-image size-large\"><img decoding=\"async\" src=\"https:\/\/res.cloudinary.com\/dr1k3muv9\/image\/upload\/e_enhance\/e_improve:outdoor:50\/e_contrast:level_35;type_sigmoidal\/e_vibrance:8\/e_saturation:8\/e_sharpen:15\/f_auto\/v1788420128\/Mogan-to-La-Aldea-blocs-region-Parc-Cactualdea-SBR.heic\" alt=\"Smal all&#xE9; med stenmur och stor prydnadsvas med tr&#xE4;d\"\/><\/figure>\n\n<p class=\"wp-block-paragraph\"><strong>Parkens stigar<\/strong> \u00e4r belagda med pic\u00f3n, en por\u00f6s vulkanisk sten som \u00e4r typisk f\u00f6r Kanarie\u00f6arna. Detta m\u00f6rka och korniga material fyller en viktig funktion: det s\u00e4kerst\u00e4ller god <strong>avrinning<\/strong> av regnvatten och begr\u00e4nsar avdunstningen, vilket \u00e4r avg\u00f6rande i detta torra klimat. Det \u00e4r ocks\u00e5 ett bra sk\u00e4l att ha p\u00e5 sig slutna skor, eftersom de h\u00e4r sm\u00e5 lavakorn inte \u00e4r s\u00e4rskilt trevliga n\u00e4r de smyger sig in under f\u00f6tterna!<\/p>\n\n<figure class=\"wp-block-image size-large\"><img decoding=\"async\" src=\"https:\/\/res.cloudinary.com\/dr1k3muv9\/image\/upload\/e_enhance\/e_improve:outdoor:50\/e_contrast:level_35;type_sigmoidal\/e_vibrance:8\/e_saturation:8\/e_sharpen:15\/f_auto\/v1788420131\/Mogan-to-La-Aldea-blocs-region-Parc-Cactualdea-F4K.heic\" alt=\"Grupper av sm&#xE5; kaktusar placerade p&#xE5; en stenig mark\"\/><\/figure>\n\n<p class=\"wp-block-paragraph\">Denna kombination av lokala material och traditionella tekniker ing\u00e5r i ett planeringsarbete som tar h\u00e4nsyn till omr\u00e5det och dess historia.  <\/p>\n\n<div class=\"wp-block-genesis-blocks-gb-container box gb-block-container\" style=\"background-color:#fef0c3;margin-top:8%;margin-bottom:8%\"><div class=\"gb-container-inside\"><div class=\"gb-container-content\">\n<div class=\"wp-block-columns inverse is-layout-flex wp-container-core-columns-is-layout-8f761849 wp-block-columns-is-layout-flex\">\n<div class=\"wp-block-column texte_planif is-layout-flow wp-block-column-is-layout-flow\" style=\"flex-basis:58%\">\n<h5 class=\"titre_box\" style=\"padding-top:10px\">FUN p\u00e5 Gran Canaria<span class=\"titre_box_manuscrit\">:aktiviteter<\/span><\/h5>\n\n\n\n<p class=\"wp-block-paragraph\" style=\"font-size:16px\"><a href=\"https:\/\/www.getyourguide.se\/s\/?q=Gran+Canaria+dauphins&amp;searchSource=3&amp;partner_id=R3GYW4V&amp;cmp=CAL\" target=\"_blank\" rel=\"noreferrer noopener sponsored nofollow\">Delfinsk\u00e5dning<\/a><br\/><a href=\"https:\/\/www.getyourguide.se\/grande-canarie-l418\/grande-canarie-circuit-guide-en-buggy-t212850\/?partner_id=R3GYW4V&amp;cmp=CAL\" target=\"_blank\" rel=\"noreferrer noopener sponsored nofollow\">Buggy \/ fyrhjuling<\/a><br\/><a href=\"https:\/\/www.getyourguide.se\/grande-canarie-l418\/las-palmas-sortie-de-snorkeling-de-3-h-a-las-canteras-t214674\/?partner_id=R3GYW4V&amp;cmp=CAL\" target=\"_blank\" rel=\"noreferrer noopener sponsored nofollow\">Snorkling<\/a><br\/><a href=\"https:\/\/www.getyourguide.se\/grande-canarie-l418\/las-palmas-excursion-en-kayak-au-coucher-du-soleil-et-plongee-en-apnee-t427329\/?partner_id=R3GYW4V&amp;cmp=CAL\" target=\"_blank\" rel=\"noreferrer noopener sponsored nofollow\">Kajakpaddling i Mogan-grottorna<\/a><br\/>Men ocks\u00e5: Canyoning, Ridning, Via Ferrata, Coasteering &#8230;  <a href=\"https:\/\/www.getyourguide.se\/s?q=Gran+Canaria&amp;searchSource=8&amp;themes=adrenaline-water_sports-water_activities&amp;partner_id=R3GYW4V&amp;cmp=CAL\" target=\"_blank\" rel=\"noreferrer noopener sponsored nofollow\">Se alla alternativ<\/a><br\/><\/p>\n<\/div>\n\n\n\n<div class=\"wp-block-column ville-radius is-layout-flow wp-block-column-is-layout-flow\" style=\"flex-basis:42%\">\n<figure class=\"wp-block-image size-large img-portrait\"><img decoding=\"async\" src=\"https:\/\/photos.smugmug.com\/Canarias-Lovers\/Gran-Canaria\/Dolphins\/i-jm9TqbK\/0\/FfCW9g6J4ktRThBvpCKBJj4hF9RmM25RzS56zgJqN\/S\/Gran-Canaria-dolphins-S.jpg\" alt=\"Delfiner p&#xE5; Gran Canaria\" title=\"\"\/><\/figure>\n<\/div>\n<\/div>\n<\/div><\/div><\/div>\n\n<h2 class=\"wp-block-heading\"><span class=\"ez-toc-section\" id=\"Exempel_pa_kanariska_historiska_handelser_och_traditioner\"><\/span>Exempel p\u00e5 kanariska historiska h\u00e4ndelser och traditioner<span class=\"ez-toc-section-end\"><\/span><\/h2>\n\n<h3 class=\"wp-block-heading\">Repliken av en guanchegrotta<\/h3>\n\n<p class=\"wp-block-paragraph\">Mitt i Cactualdea-parken erbjuder <strong>repliken av en guanchegrotta<\/strong> en p\u00e5taglig koppling till Gran Canarias m\u00e4nskliga historia. Denna rekonstruktion visar den traditionella bostaden hos guancherna, \u00f6ns ursprungsbefolkning, som var k\u00e4nda f\u00f6r att bo i grottor. Den ing\u00e5r i den botaniska rundvandringen och berikar bes\u00f6ket genom att kombinera uppt\u00e4ckten av floran med en kulturell upplevelse.<\/p>\n\n<figure class=\"wp-block-image size-large\"><img decoding=\"async\" src=\"https:\/\/res.cloudinary.com\/dr1k3muv9\/image\/upload\/e_enhance\/e_improve:outdoor:50\/e_contrast:level_35;type_sigmoidal\/e_vibrance:8\/e_saturation:8\/e_sharpen:15\/f_auto\/v1788420135\/Mogan-to-La-Aldea-blocs-region-Parc-Cactualdea-interior-39S.heic\" alt=\"Insidan av en grotta med upplysta forntida keramikf&#xF6;rem&#xE5;l\"\/><\/figure>\n\n<p class=\"wp-block-paragraph\">Denna utst\u00e4llning ger en inblick i hur guancherna utnyttjade den naturliga milj\u00f6n, s\u00e4rskilt klippformationerna, f\u00f6r att skaffa sig skydd. Vi tyckte att den h\u00e4r repliken tillf\u00f6rde bes\u00f6ket en extra dimension.<\/p>\n\n<h3 class=\"wp-block-heading\">Amfiteatern och den kanariska brottningen<\/h3>\n\n<p class=\"wp-block-paragraph\">I hj\u00e4rtat av Cactualdea-parken finns en <strong>amfiteater<\/strong> till\u00e4gnad den <strong>kanariska brottningen<\/strong>, en traditionell sport som \u00e4r djupt rotad i Kanarie\u00f6arnas kultur. Denna anl\u00e4ggning erbjuder en plats d\u00e4r bes\u00f6karna kan ta del av <strong>demonstrationer<\/strong> och f\u00f6rest\u00e4llningar, vilket bidrar till en b\u00e4ttre f\u00f6rst\u00e5else f\u00f6r denna lokala tradition.<\/p>\n\n<figure class=\"wp-block-image size-large\"><img decoding=\"async\" src=\"https:\/\/res.cloudinary.com\/dr1k3muv9\/image\/upload\/e_enhance\/e_improve:outdoor:50\/e_contrast:level_35;type_sigmoidal\/e_vibrance:8\/e_saturation:8\/e_sharpen:15\/f_auto\/v1788420141\/Mogan-to-La-Aldea-blocs-region-Parc-Cactualdea-W3S.heic\" alt=\"Utomhusamfiteater med mosaiker och v&#xE4;ggdekorationer\"\/><\/figure>\n\n<p class=\"wp-block-paragraph\">Amfiteatern sm\u00e4lter harmoniskt in i landskapet i den botaniska tr\u00e4dg\u00e5rden och f\u00f6renar d\u00e4rmed naturarvet med en levande folktradition. Beundra f\u00e4rgerna och inredningen.<\/p>\n\n<h3 class=\"wp-block-heading\">Kokongens jordbrukshistoria<\/h3>\n\n<p class=\"wp-block-paragraph\">Mellan <strong>1820 och 1870<\/strong> upplevde odlingen av koschenill en kraftig uppg\u00e5ng p\u00e5 Gran Canaria och blev en viktig ekonomisk resurs. Fr\u00e5n detta lilla insekt, som samlades in fr\u00e5n <strong>kaktusfikon<\/strong>, kunde man utvinna ett <strong>naturligt<\/strong>, knallr\u00f6tt <strong>f\u00e4rg\u00e4mne<\/strong>, karmin, som var mycket uppskattat i Europa f\u00f6r f\u00e4rgning av textilier.<\/p>\n\n<figure class=\"wp-block-image size-large\"><img decoding=\"async\" src=\"https:\/\/res.cloudinary.com\/dr1k3muv9\/image\/upload\/e_enhance\/e_improve:outdoor:50\/e_contrast:level_35;type_sigmoidal\/e_vibrance:8\/e_saturation:8\/e_sharpen:15\/f_auto\/v1788420144\/Mogan-to-La-Aldea-blocs-region-Parc-Cactualdea-6P0.heic\" alt=\"Geometrisk v&#xE4;ggm&#xE5;lning i r&#xF6;tt, svart och vitt p&#xE5; en stenv&#xE4;gg\"\/><\/figure>\n\n<p class=\"wp-block-paragraph\">Sk\u00f6rden av koschenill bygde p\u00e5 noggranna <strong>traditionella jordbruksmetoder<\/strong>: insekterna plockades f\u00f6r hand fr\u00e5n kaktusens blad och torkades sedan innan de f\u00f6r\u00e4dlades till pigment. Denna kunskap speglar en lokal anpassning till \u00f6ns torra milj\u00f6, d\u00e4r man satsar p\u00e5 torkresistenta gr\u00f6dor.<\/p>\n\n<figure class=\"wp-block-image size-large\"><img decoding=\"async\" src=\"https:\/\/res.cloudinary.com\/dr1k3muv9\/image\/upload\/e_enhance\/e_improve:outdoor:50\/e_contrast:level_35;type_sigmoidal\/e_vibrance:8\/e_saturation:8\/e_sharpen:15\/f_auto\/v1788420147\/Mogan-to-La-Aldea-blocs-region-Parc-Cactualdea-L0T.heic\" alt=\"Kaktus med r&#xF6;da frukter i torr, stenig jord\"\/><\/figure>\n\n<p class=\"wp-block-paragraph\">I <strong>Cactualdea-parken<\/strong> lyfts detta arv fram genom utst\u00e4llningen av ett stort antal kaktusarter, d\u00e4ribland <strong>fikonkaktusen.<\/strong> Tr\u00e4dg\u00e5rdens temavandringar ger en inblick i dessa gamla jordbruksmetoder och erbjuder d\u00e4rmed en upplevelse av <strong>Gran<\/strong> Canarias lantliga historia.<\/p>\n\n<h2 class=\"wp-block-heading\"><span class=\"ez-toc-section\" id=\"En_promenad_utomhus_med_manga_djur_langs_vagen\"><\/span>En promenad utomhus med m\u00e5nga djur l\u00e4ngs v\u00e4gen<span class=\"ez-toc-section-end\"><\/span><\/h2>\n\n<p class=\"wp-block-paragraph\">I Cactualdea-parken kan ni se <strong>p\u00e5f\u00e5glar<\/strong> och kanarief\u00e5glar som r\u00f6r sig fritt i tr\u00e4dg\u00e5rdarna. Deras n\u00e4rvaro ger promenaden en livfull pr\u00e4gel och erbjuder b\u00e5de stora och sm\u00e5 unika m\u00f6jligheter att observera dem.  <\/p>\n\n<figure class=\"wp-block-image size-large\"><img decoding=\"async\" src=\"https:\/\/res.cloudinary.com\/dr1k3muv9\/image\/upload\/e_enhance\/e_improve:outdoor:50\/e_contrast:level_35;type_sigmoidal\/e_vibrance:8\/e_saturation:8\/e_sharpen:15\/f_auto\/v1788420151\/Mogan-to-La-Aldea-blocs-region-Lieu-2LB.heic\" alt=\"en muskovand som st&#xE5;r p&#xE5; stenbelagd mark, sidovy, svarta och vita fj&#xE4;drar, r&#xF6;d hud i ansiktet, bakgrund med strukturerad stenbel&#xE4;ggning, inga m&#xE4;nniskor\"\/><\/figure>\n\n<p class=\"wp-block-paragraph\">\u00c4ven parkens <strong>\u00e5snor<\/strong> delar detta utrymme. Deras lugn och n\u00e4rhet till bes\u00f6karna skapar en gemytlig st\u00e4mning som \u00e4r s\u00e4rskilt uppskattad av familjer.  <\/p>\n\n<p class=\"wp-block-paragraph\">F\u00f6r att fr\u00e4mja ett respektfullt umg\u00e4nge med djuren erbjuder parken vid ing\u00e5ngen <strong>matp\u00e5sar<\/strong> som \u00e4r s\u00e4rskilt avsedda f\u00f6r djuren. Denna \u00e5tg\u00e4rd s\u00e4kerst\u00e4ller en l\u00e4mplig kost och f\u00f6rebygger risker som \u00e4r f\u00f6rknippade med ol\u00e4mpliga livsmedel. Det \u00e4r viktigt att f\u00f6lja <strong>de<\/strong> fastst\u00e4llda <strong>uppf\u00f6randereglerna<\/strong>: man f\u00e5r inte jaga eller st\u00f6ra djuren, och man f\u00e5r endast ge dem den mat som \u00e4r avsedd f\u00f6r dem.  <\/p>\n\n<figure class=\"wp-block-image size-large\"><img decoding=\"async\" src=\"https:\/\/res.cloudinary.com\/dr1k3muv9\/image\/upload\/e_enhance\/e_improve:outdoor:50\/e_contrast:level_35;type_sigmoidal\/e_vibrance:8\/e_saturation:8\/e_sharpen:15\/f_auto\/v1788420154\/Mogan-to-La-Aldea-blocs-region-Parc-Cactualdea-map-UDI.heic\" alt=\"En &#xE5;sna i en inh&#xE4;gnad med en h&#xF6;na i bakgrunden\"\/><\/figure>\n\n<h2 class=\"wp-block-heading\"><span class=\"ez-toc-section\" id=\"Synpunkter\"><\/span>Synpunkter<span class=\"ez-toc-section-end\"><\/span><\/h2>\n\n<p class=\"wp-block-paragraph\">I parken finns flera utsiktsplatser d\u00e4r man kan beundra terrasstr\u00e4dg\u00e5rdarna och de omgivande bergen. Dessa utsiktsplatser erbjuder olika vinklar, vilket g\u00f6r det l\u00e4ttare att ta lyckade fotografier. F\u00f6r att kunna njuta fullt ut av ljusets spel rekommenderar vi ett bes\u00f6k sent <strong>p\u00e5 eftermiddagen,<\/strong> n\u00e4r solen framh\u00e4ver kaktusarnas struktur och vulkanens konturer.<\/p>\n\n<figure class=\"wp-block-image size-large\"><img decoding=\"async\" src=\"https:\/\/res.cloudinary.com\/dr1k3muv9\/image\/upload\/e_enhance\/e_improve:outdoor:50\/e_contrast:level_35;type_sigmoidal\/e_vibrance:8\/e_saturation:8\/e_sharpen:15\/f_auto\/v1788420158\/Mogan-to-La-Aldea-blocs-region-Lieu-F1Q.heic\" alt=\"en kaktustr&#xE4;dg&#xE5;rd med olika h&#xF6;ga och runda kaktusar, torr, stenig mark, en bergskedja i bakgrunden, klarbl&#xE5; himmel, naturligt solljus, inga m&#xE4;nniskor\"\/><\/figure>\n\n<h2 class=\"wp-block-heading\"><span class=\"ez-toc-section\" id=\"Historia_i_korthet\"><\/span>Historia i korthet<span class=\"ez-toc-section-end\"><\/span><\/h2>\n\n<p class=\"wp-block-paragraph\">Parc Cactualdea anlades <strong>1995<\/strong> av familjen Beisel, som brinner f\u00f6r botanik och vill lyfta fram den torra florans m\u00e5ngfald. Detta projekt \u00e4r ett led i str\u00e4van att skapa en unik tr\u00e4dg\u00e5rd p\u00e5 Gran Canaria, som fr\u00e4mst \u00e4r till\u00e4gnad <strong>kaktusar<\/strong> och suckulenter som \u00e4r anpassade till det lokala klimatet.<\/p>\n\n<p class=\"wp-block-paragraph\">Valet av La Aldea de San Nicol\u00e1s som plats f\u00f6r parken \u00e4r inte slumpm\u00e4ssigt: denna kommun har ett <strong>torrt klimat<\/strong> som passar dessa arter v\u00e4l och kan stoltsera med en gedigen jordbrukstradition. Parken syftar d\u00e4rmed till att skapa en koppling mellan den lokala naturen och den regionala ekonomin genom att locka bes\u00f6kare och fr\u00e4mja utvecklingen av turismen.<\/p>\n\n<figure class=\"wp-block-image size-large\"><img decoding=\"async\" src=\"https:\/\/res.cloudinary.com\/dr1k3muv9\/image\/upload\/e_enhance\/e_improve:outdoor:50\/e_contrast:level_35;type_sigmoidal\/e_vibrance:8\/e_saturation:8\/e_sharpen:15\/f_auto\/v1788420162\/Mogan-to-La-Aldea-blocs-region-Parc-Cactualdea-BTD.heic\" alt=\"En tr&#xE4;skylt med texten &#x201D;Bodega Cueva&#x201D; p&#xE5; en stenv&#xE4;gg med kaktusar.\"\/><\/figure>\n\n<h2 class=\"wp-block-heading\"><span class=\"ez-toc-section\" id=\"Vanliga_fragor_och_svar\"><\/span>Vanliga fr\u00e5gor och svar<span class=\"ez-toc-section-end\"><\/span><\/h2>\n\n<h3 class=\"wp-block-heading\">\u00c4r Cactualdea-parken tillg\u00e4nglig f\u00f6r personer med nedsatt r\u00f6rlighet?<\/h3>\n\n<p class=\"wp-block-paragraph\"><strong>Parc<\/strong> <strong>Cactualdea<\/strong> har tillg\u00e4ngliga anl\u00e4ggningar, men vissa omr\u00e5den kan vara sv\u00e5ra att ta sig fram i f\u00f6r personer med nedsatt r\u00f6rlighet p\u00e5 grund av steniga stigar och branta sluttningar. Vi rekommenderar att du kontaktar parken f\u00f6re ditt bes\u00f6k f\u00f6r att f\u00e5 information om l\u00e4mpliga l\u00f6sningar och kunna planera din rundtur p\u00e5 b\u00e4sta s\u00e4tt, s\u00e4rskilt om du anv\u00e4nder rullstol eller beh\u00f6ver s\u00e4rskilt st\u00f6d.<\/p>\n\n<figure class=\"wp-block-image size-large\"><img decoding=\"async\" src=\"https:\/\/res.cloudinary.com\/dr1k3muv9\/image\/upload\/e_enhance\/e_improve:outdoor:50\/e_contrast:level_35;type_sigmoidal\/e_vibrance:8\/e_saturation:8\/e_sharpen:15\/f_auto\/v1788420166\/Mogan-to-La-Aldea-blocs-region-Parc-Cactualdea-GHI.heic\" alt=\"En stenlagd stig kantad av kaktusar och palmer i en &#xF6;kenpark\"\/><\/figure>\n\n<div style=\"margin-top:8%;margin-bottom:8%\" class=\"wp-block-genesis-blocks-gb-container box gb-block-container\"><div class=\"gb-container-inside\"><div class=\"gb-container-content\" style=\"max-width:700px\">\n<div class=\"wp-block-genesis-blocks-gb-container box_titre gb-block-container\"><div class=\"gb-container-inside\"><div class=\"gb-container-content\">\n<h5 class=\"titre_box\"><span>PLANERA<\/span> DIN RESA TILL <span class=\"titre_box_manuscrit\">Gran Canaria<\/span><\/h5>\n<\/div><\/div><\/div>\n\n\n\n<hr class=\"wp-block-separator has-text-color has-alpha-channel-opacity has-background is-style-wide hr-box-planif\" style=\"background-color:#ccd3dd;color:#ccd3dd\"\/>\n\n\n\n<div class=\"wp-block-columns box_sans_border is-layout-flex wp-container-core-columns-is-layout-8f761849 wp-block-columns-is-layout-flex\">\n<div class=\"wp-block-column texte_planif is-layout-flow wp-block-column-is-layout-flow\" style=\"font-size:14px;flex-basis:60%\">\n<ul class=\"wp-block-list\">\n<li><strong>B\u00e4st av<\/strong><\/li>\n<\/ul>\n\n\n\n<p class=\"ul_box wp-block-paragraph\" style=\"font-size:14px\"><a href=\"https:\/\/canarias-lovers.com\/sv\/sevardheter-gran-canaria-att-gora\/\" target=\"_blank\" rel=\"noreferrer noopener\">Sev\u00e4rdheter p\u00e5 Gran Canaria<\/a><br\/><a href=\"https:\/\/canarias-lovers.com\/sv\/landskap-gran-canaria-foton\/\" target=\"_blank\" rel=\"noreferrer noopener\">De vackraste landskapen<\/a><br\/><a href=\"https:\/\/canarias-lovers.com\/sv\/basta-staderna-gran-canaria-byarna\/\" target=\"_blank\" rel=\"noreferrer noopener\">De vackraste st\u00e4derna och byarna<\/a><br\/><a href=\"https:\/\/canarias-lovers.com\/sv\/basta-stranderna-gran-canaria\/\" target=\"_blank\" rel=\"noreferrer noopener\">De vackraste str\u00e4nderna<\/a><br\/><a href=\"https:\/\/canarias-lovers.com\/sv\/naturliga-pooler-gran-canaria-laguner\/\" target=\"_blank\" rel=\"noreferrer noopener\">B\u00e4sta naturliga pooler<\/a><br\/><a href=\"https:\/\/canarias-lovers.com\/sv\/arkeologiska-utgravningar-gran-canaria\/\" target=\"_blank\" rel=\"noreferrer noopener\">Arkeologiska platser<\/a><br\/><a href=\"https:\/\/canarias-lovers.com\/sv\/basta-museerna-gran-canaria\/\" target=\"_blank\" rel=\"noreferrer noopener\">B\u00e4sta museerna<\/a><br\/><a href=\"https:\/\/canarias-lovers.com\/sv\/meilleures-excursions-bateau-gran-canaria-2\/\" target=\"_blank\" rel=\"noreferrer noopener\">B\u00e4sta b\u00e5tturerna<\/a><br\/><a href=\"https:\/\/canarias-lovers.com\/sv\/gran-canaria-gomda-parlor-hemliga-platser\/\" target=\"_blank\" rel=\"noreferrer noopener\">Hemliga platser, utanf\u00f6r allfarv\u00e4garna<\/a><\/p>\n<\/div>\n\n\n\n<div class=\"wp-block-column is-vertically-aligned-top planif-radius is-layout-flow wp-block-column-is-layout-flow\" style=\"flex-basis:40%\">\n<figure class=\"wp-block-image size-large img-portrait\"><img decoding=\"async\" src=\"https:\/\/photos.smugmug.com\/Canarias-Lovers\/Gran-Canaria\/Best-of\/i-8qV2fwm\/0\/98eb2a07\/S\/Roque-Nublo-S.jpg\" alt=\"Roque Nublo\" title=\"\"\/><\/figure>\n<\/div>\n<\/div>\n\n\n\n<hr class=\"wp-block-separator has-text-color has-alpha-channel-opacity has-background is-style-wide hr-box-planif\" style=\"background-color:#ccd3dd;color:#ccd3dd\"\/>\n\n\n\n<div class=\"wp-block-columns box_sans_border is-layout-flex wp-container-core-columns-is-layout-8f761849 wp-block-columns-is-layout-flex\">\n<div class=\"wp-block-column texte_planif is-layout-flow wp-block-column-is-layout-flow\" style=\"flex-basis:60%\">\n<ul class=\"wp-block-list\">\n<li><strong>Praktiska r\u00e5d<\/strong><\/li>\n<\/ul>\n\n\n\n<p class=\"wp-block-paragraph\" style=\"font-size:14px\"><a href=\"https:\/\/canarias-lovers.com\/sv\/reseguide-gran-canaria-resetips\/\" target=\"_blank\" rel=\"noreferrer noopener\">25 tips f\u00f6r en lyckad resa till Gran Canaria<\/a><br\/><a href=\"https:\/\/canarias-lovers.com\/sv\/nar-ska-man-aka-gran-canaria-vader\/\" target=\"_blank\" rel=\"noreferrer noopener\">N\u00e4r ska du \u00e5ka?<\/a><\/p>\n\n\n\n<p class=\"wp-block-paragraph\" style=\"font-size:14px\"><a href=\"https:\/\/canarias-lovers.com\/sv\/ta-sig-runt-gran-canaria-transport\/\" target=\"_blank\" rel=\"noreferrer noopener\">Hur man tar sig runt<\/a><br\/><a href=\"https:\/\/canarias-lovers.com\/sv\/hur-hyr-bil-gran-canaria-tips-erfarenhet\/\" target=\"_blank\" rel=\"noreferrer noopener\">Hur man hyr en bil p\u00e5 Gran Canaria<\/a><br\/><a href=\"https:\/\/canarias-lovers.com\/sv\/korning-gran-canaria-tips\/\" target=\"_blank\" rel=\"noreferrer noopener\">Tips f\u00f6r k\u00f6rning<\/a><br\/><a href=\"https:\/\/canarias-lovers.com\/sv\/meilleures-excursions-gran-canaria-2\/\" target=\"_blank\" rel=\"noreferrer noopener\">B\u00e4sta utflykterna<\/a><\/p>\n\n\n\n<p class=\"wp-block-paragraph\" style=\"font-size:14px\">Resplaner: 3 dagar &#8211; 4 dagar &#8211; <a href=\"https:\/\/canarias-lovers.com\/sv\/besok-5-dagar-gran-canaria-resvagar\/\" target=\"_blank\" rel=\"noreferrer noopener\">5 dagar<\/a> &#8211; <a href=\"https:\/\/canarias-lovers.com\/sv\/besok-gran-canaria-6-dagar-resvagar\/\" target=\"_blank\" rel=\"noreferrer noopener\">6 dagar<\/a> &#8211; <a href=\"https:\/\/canarias-lovers.com\/sv\/besok-gran-canaria-en-vecka-resplan\/\" target=\"_blank\" rel=\"noreferrer noopener\">7 dagar<\/a> &#8211; <a href=\"https:\/\/canarias-lovers.com\/sv\/besok-10-dagar-gran-canaria-resplan\/\" target=\"_blank\" rel=\"noreferrer noopener\">10 dagar<\/a><\/p>\n\n\n\n<p class=\"wp-block-paragraph\" style=\"font-size:14px\"><a href=\"https:\/\/canarias-lovers.com\/sv\/var-ska-bo-gran-canaria-basta-omradena\/\" target=\"_blank\" rel=\"noreferrer noopener\">Var man kan bo p\u00e5 Gran Canaria<\/a><\/p>\n<\/div>\n\n\n\n<div class=\"wp-block-column is-vertically-aligned-top planif-radius is-layout-flow wp-block-column-is-layout-flow\" style=\"flex-basis:40%\">\n<figure class=\"wp-block-image size-large img-portrait\"><img decoding=\"async\" src=\"https:\/\/photos.smugmug.com\/Canarias-Lovers\/Gran-Canaria\/Driving\/i-rqnNnCs\/1\/4b657343\/S\/gran-Canaria-rental-car-driving-3-S.jpg\" alt=\"Biluthyrning Gran Canaria\" title=\"\"\/><\/figure>\n<\/div>\n<\/div>\n\n\n\n<hr class=\"wp-block-separator has-text-color has-alpha-channel-opacity has-background is-style-wide hr-box-planif\" style=\"background-color:#ccd3dd;color:#ccd3dd\"\/>\n\n\n\n<div class=\"wp-block-columns box_sans_border is-layout-flex wp-container-core-columns-is-layout-8f761849 wp-block-columns-is-layout-flex\">\n<div class=\"wp-block-column texte_planif is-layout-flow wp-block-column-is-layout-flow\" style=\"flex-basis:60%\">\n<ul class=\"wp-block-list\">\n<li><strong>Det du m\u00e5ste ha<\/strong><\/li>\n<\/ul>\n\n\n\n<p class=\"wp-block-paragraph\" style=\"font-size:14px\"><a href=\"https:\/\/canarias-lovers.com\/sv\/sevardheter-las-palmas-gran-canaria-att-gora\/\" target=\"_blank\" rel=\"noreferrer noopener\">Las Palmas och dess historiska centrum<\/a><br\/><a href=\"https:\/\/canarias-lovers.com\/sv\/delfinspotting-gran-canaria-baleiner-utflykter\/\" target=\"_blank\" rel=\"noreferrer noopener\">Delfinsk\u00e5dning p\u00e5 Gran Canaria<\/a><br\/><a href=\"https:\/\/canarias-lovers.com\/sv\/dunes-maspalomas-gran-canaria-2\/\" target=\"_blank\" rel=\"noreferrer noopener\">Sanddyner i Maspalomas<\/a><br\/><a href=\"https:\/\/canarias-lovers.com\/sv\/sevardheter-puerto-mogan-att-gora\/\" target=\"_blank\" rel=\"noreferrer noopener\">Puerto de Mogan (Lilla Venedig)<\/a><br\/><a href=\"https:\/\/canarias-lovers.com\/sv\/sevardheter-agaete-att-gora\/\" target=\"_blank\" rel=\"noreferrer noopener\">Agaete och dess naturliga pooler<\/a><br\/><a href=\"https:\/\/canarias-lovers.com\/sv\/sevardheter-aguimes-gran-canaria-region-att-gora\/\" target=\"_blank\" rel=\"noreferrer noopener\">Den magnifika staden Ag\u00fcimes<\/a><br\/><\/p>\n<\/div>\n\n\n\n<div class=\"wp-block-column is-vertically-aligned-top planif-radius is-layout-flow wp-block-column-is-layout-flow\" style=\"flex-basis:40%\">\n<figure class=\"wp-block-image size-large img-portrait\"><img decoding=\"async\" src=\"https:\/\/photos.smugmug.com\/Canarias-Lovers\/Gran-Canaria\/Best-of\/i-wqpn8vC\/0\/85607396\/S\/Gran-Canaria-dolphins-S.jpg\" alt=\"Delfin p&#xE5; Gran Canaria\" title=\"\"\/><\/figure>\n<\/div>\n<\/div>\n\n\n\n<div style=\"height:30px\" aria-hidden=\"true\" class=\"wp-block-spacer\"><\/div>\n<\/div><\/div><\/div>\n\n<div class=\"wp-block-genesis-blocks-gb-container box_auteur_voyage gb-block-container\"><div class=\"gb-container-inside\"><div class=\"gb-container-content\">\n<figure class=\"wp-block-image size-large img_auteur_voyage img_provisoire\"><img decoding=\"async\" src=\"https:\/\/photos.smugmug.com\/Region-Lovers\/Equipe\/i-nsNF6C6\/0\/Cs2F5n96pkt9xFD9D3SVqmQspMhrKgN75nHgBqmjG\/L\/Claire-L.png\" alt=\"\"\/><\/figure>\n\n\n\n<h5 class=\"titre_auteur_voyage\"><span>HON GJORDE RESAN OCH SKREV ARTIKELN \n <\/span><span class=\"titre_box_manuscrit\">Claire<\/span><\/h5>\n<\/div><\/div><\/div>\n","protected":false},"excerpt":{"rendered":"<p>Parc Cactualdea, bel\u00e4get i La Aldea de San Nicol\u00e1s p\u00e5 \u00f6n Gran Canaria, \u00e4r en unik botanisk tr\u00e4dg\u00e5rd som \u00e4r till\u00e4gnad kaktusar och andra v\u00e4xter som trivs i torra milj\u00f6er. P\u00e5 en yta p\u00e5 cirka 15 000 m\u00b2 visar parken upp \u00f6ver 1 000 arter fr\u00e5n hela v\u00e4rlden och erbjuder en upplevelse av ett landskap [&hellip;]<\/p>\n","protected":false},"author":1,"featured_media":11132,"comment_status":"closed","ping_status":"closed","sticky":false,"template":"","format":"standard","meta":{"_acf_changed":false,"_genesis_hide_title":false,"_genesis_hide_breadcrumbs":false,"_genesis_hide_singular_image":false,"_genesis_hide_footer_widgets":false,"_genesis_custom_body_class":"","_genesis_custom_post_class":"","_genesis_layout":"","footnotes":""},"categories":[7],"tags":[],"class_list":["post-11161","post","type-post","status-publish","format-standard","has-post-thumbnail","category-okategoriserad","entry"],"acf":[],"yoast_head":"<!-- This site is optimized with the Yoast SEO plugin v28.3 - https:\/\/yoast.com\/product\/yoast-seo-wordpress\/ -->\n<title>Cactualdea-parken (Gran Canaria): bes\u00f6k + bilder<\/title>\n<meta name=\"description\" content=\"V\u00e5ra tips och bilder f\u00f6r ett bes\u00f6k i tr\u00e4dg\u00e5rden Parc Cactualdea p\u00e5 Gran Canaria: hur man tar sig dit, sev\u00e4rdheter, hur l\u00e5ng tid bes\u00f6ket tar, \u00f6ppettider och praktisk information.\" \/>\n<meta name=\"robots\" content=\"index, follow, max-snippet:-1, max-image-preview:large, max-video-preview:-1\" \/>\n<link rel=\"canonical\" href=\"https:\/\/canarias-lovers.com\/sv\/cactualdea-park-gran-canaria\/\" \/>\n<meta property=\"og:locale\" content=\"sv_SE\" \/>\n<meta property=\"og:type\" content=\"article\" \/>\n<meta property=\"og:title\" content=\"Cactualdea-parken (Gran Canaria): bes\u00f6k + bilder\" \/>\n<meta property=\"og:description\" content=\"V\u00e5ra tips och bilder f\u00f6r ett bes\u00f6k i tr\u00e4dg\u00e5rden Parc Cactualdea p\u00e5 Gran Canaria: hur man tar sig dit, sev\u00e4rdheter, hur l\u00e5ng tid bes\u00f6ket tar, \u00f6ppettider och praktisk information.\" \/>\n<meta property=\"og:url\" content=\"https:\/\/canarias-lovers.com\/sv\/cactualdea-park-gran-canaria\/\" \/>\n<meta property=\"og:site_name\" content=\"Canarias Lovers: Tenerife + Gran Canaria\" \/>\n<meta property=\"article:published_time\" content=\"2026-09-03T15:04:43+00:00\" \/>\n<meta property=\"article:modified_time\" content=\"2026-09-03T15:11:59+00:00\" \/>\n<meta property=\"og:image\" content=\"https:\/\/canarias-lovers.com\/wp-content\/uploads\/2026\/09\/Cactualdea-Gran-Canaria-scaled.webp\" \/>\n\t<meta property=\"og:image:width\" content=\"2560\" \/>\n\t<meta property=\"og:image:height\" content=\"1920\" \/>\n\t<meta property=\"og:image:type\" content=\"image\/webp\" \/>\n<meta name=\"author\" content=\"Claire\" \/>\n<meta name=\"twitter:card\" content=\"summary_large_image\" \/>\n<meta name=\"twitter:label1\" content=\"Skriven av\" \/>\n\t<meta name=\"twitter:data1\" content=\"Claire\" \/>\n\t<meta name=\"twitter:label2\" content=\"Ber\u00e4knad l\u00e4stid\" \/>\n\t<meta name=\"twitter:data2\" content=\"9 minuter\" \/>\n<script type=\"application\/ld+json\" class=\"yoast-schema-graph\">{\"@context\":\"https:\\\/\\\/schema.org\",\"@graph\":[{\"@type\":\"Article\",\"@id\":\"https:\\\/\\\/canarias-lovers.com\\\/sv\\\/cactualdea-park-gran-canaria\\\/#article\",\"isPartOf\":{\"@id\":\"https:\\\/\\\/canarias-lovers.com\\\/sv\\\/cactualdea-park-gran-canaria\\\/\"},\"author\":{\"name\":\"Claire\",\"@id\":\"https:\\\/\\\/canarias-lovers.com\\\/sv\\\/#\\\/schema\\\/person\\\/4cfe633189ad64b99c9609bed2b00d55\"},\"headline\":\"Cactualdea Park (Gran Canaria): bes\u00f6k + bilder\",\"datePublished\":\"2026-09-03T15:04:43+00:00\",\"dateModified\":\"2026-09-03T15:11:59+00:00\",\"mainEntityOfPage\":{\"@id\":\"https:\\\/\\\/canarias-lovers.com\\\/sv\\\/cactualdea-park-gran-canaria\\\/\"},\"wordCount\":1847,\"publisher\":{\"@id\":\"https:\\\/\\\/canarias-lovers.com\\\/sv\\\/#organization\"},\"image\":{\"@id\":\"https:\\\/\\\/canarias-lovers.com\\\/sv\\\/cactualdea-park-gran-canaria\\\/#primaryimage\"},\"thumbnailUrl\":\"https:\\\/\\\/canarias-lovers.com\\\/wp-content\\\/uploads\\\/2026\\\/09\\\/Cactualdea-Gran-Canaria-scaled.webp\",\"articleSection\":[\"Okategoriserad\"],\"inLanguage\":\"sv-SE\"},{\"@type\":\"WebPage\",\"@id\":\"https:\\\/\\\/canarias-lovers.com\\\/sv\\\/cactualdea-park-gran-canaria\\\/\",\"url\":\"https:\\\/\\\/canarias-lovers.com\\\/sv\\\/cactualdea-park-gran-canaria\\\/\",\"name\":\"Cactualdea-parken (Gran Canaria): bes\u00f6k + bilder\",\"isPartOf\":{\"@id\":\"https:\\\/\\\/canarias-lovers.com\\\/sv\\\/#website\"},\"primaryImageOfPage\":{\"@id\":\"https:\\\/\\\/canarias-lovers.com\\\/sv\\\/cactualdea-park-gran-canaria\\\/#primaryimage\"},\"image\":{\"@id\":\"https:\\\/\\\/canarias-lovers.com\\\/sv\\\/cactualdea-park-gran-canaria\\\/#primaryimage\"},\"thumbnailUrl\":\"https:\\\/\\\/canarias-lovers.com\\\/wp-content\\\/uploads\\\/2026\\\/09\\\/Cactualdea-Gran-Canaria-scaled.webp\",\"datePublished\":\"2026-09-03T15:04:43+00:00\",\"dateModified\":\"2026-09-03T15:11:59+00:00\",\"description\":\"V\u00e5ra tips och bilder f\u00f6r ett bes\u00f6k i tr\u00e4dg\u00e5rden Parc Cactualdea p\u00e5 Gran Canaria: hur man tar sig dit, sev\u00e4rdheter, hur l\u00e5ng tid bes\u00f6ket tar, \u00f6ppettider och praktisk information.\",\"breadcrumb\":{\"@id\":\"https:\\\/\\\/canarias-lovers.com\\\/sv\\\/cactualdea-park-gran-canaria\\\/#breadcrumb\"},\"inLanguage\":\"sv-SE\",\"potentialAction\":[{\"@type\":\"ReadAction\",\"target\":[\"https:\\\/\\\/canarias-lovers.com\\\/sv\\\/cactualdea-park-gran-canaria\\\/\"]}]},{\"@type\":\"ImageObject\",\"inLanguage\":\"sv-SE\",\"@id\":\"https:\\\/\\\/canarias-lovers.com\\\/sv\\\/cactualdea-park-gran-canaria\\\/#primaryimage\",\"url\":\"https:\\\/\\\/canarias-lovers.com\\\/wp-content\\\/uploads\\\/2026\\\/09\\\/Cactualdea-Gran-Canaria-scaled.webp\",\"contentUrl\":\"https:\\\/\\\/canarias-lovers.com\\\/wp-content\\\/uploads\\\/2026\\\/09\\\/Cactualdea-Gran-Canaria-scaled.webp\",\"width\":2560,\"height\":1920,\"caption\":\"Cactualdea Gran Canaria\"},{\"@type\":\"BreadcrumbList\",\"@id\":\"https:\\\/\\\/canarias-lovers.com\\\/sv\\\/cactualdea-park-gran-canaria\\\/#breadcrumb\",\"itemListElement\":[{\"@type\":\"ListItem\",\"position\":1,\"name\":\"Hem\",\"item\":\"https:\\\/\\\/canarias-lovers.com\\\/sv\\\/\"},{\"@type\":\"ListItem\",\"position\":2,\"name\":\"Okategoriserad\",\"item\":\"https:\\\/\\\/canarias-lovers.com\\\/sv\\\/okategoriserad\\\/\"},{\"@type\":\"ListItem\",\"position\":3,\"name\":\"Cactualdea Park (Gran Canaria): bes\u00f6k + bilder\"}]},{\"@type\":\"WebSite\",\"@id\":\"https:\\\/\\\/canarias-lovers.com\\\/sv\\\/#website\",\"url\":\"https:\\\/\\\/canarias-lovers.com\\\/sv\\\/\",\"name\":\"Canarias Lovers: Tenerife + Gran Canaria\",\"description\":\"Claire och Manu's blogg\",\"publisher\":{\"@id\":\"https:\\\/\\\/canarias-lovers.com\\\/sv\\\/#organization\"},\"potentialAction\":[{\"@type\":\"SearchAction\",\"target\":{\"@type\":\"EntryPoint\",\"urlTemplate\":\"https:\\\/\\\/canarias-lovers.com\\\/sv\\\/?s={search_term_string}\"},\"query-input\":{\"@type\":\"PropertyValueSpecification\",\"valueRequired\":true,\"valueName\":\"search_term_string\"}}],\"inLanguage\":\"sv-SE\"},{\"@type\":\"Organization\",\"@id\":\"https:\\\/\\\/canarias-lovers.com\\\/sv\\\/#organization\",\"name\":\"Canarias Lovers: Tenerife + Gran Canaria\",\"url\":\"https:\\\/\\\/canarias-lovers.com\\\/sv\\\/\",\"logo\":{\"@type\":\"ImageObject\",\"inLanguage\":\"sv-SE\",\"@id\":\"https:\\\/\\\/canarias-lovers.com\\\/sv\\\/#\\\/schema\\\/logo\\\/image\\\/\",\"url\":\"https:\\\/\\\/canarias-lovers.com\\\/wp-content\\\/uploads\\\/2024\\\/05\\\/cropped-Canarias-Lovers-Logo.png\",\"contentUrl\":\"https:\\\/\\\/canarias-lovers.com\\\/wp-content\\\/uploads\\\/2024\\\/05\\\/cropped-Canarias-Lovers-Logo.png\",\"width\":2635,\"height\":595,\"caption\":\"Canarias Lovers: Tenerife + Gran Canaria\"},\"image\":{\"@id\":\"https:\\\/\\\/canarias-lovers.com\\\/sv\\\/#\\\/schema\\\/logo\\\/image\\\/\"}},{\"@type\":\"Person\",\"@id\":\"https:\\\/\\\/canarias-lovers.com\\\/sv\\\/#\\\/schema\\\/person\\\/4cfe633189ad64b99c9609bed2b00d55\",\"name\":\"Claire\",\"image\":{\"@type\":\"ImageObject\",\"inLanguage\":\"sv-SE\",\"@id\":\"https:\\\/\\\/secure.gravatar.com\\\/avatar\\\/e3566233826c32de8d7c9ef726a1087654b12cadb092acc17ee1d357687192ff?s=96&d=mm&r=g\",\"url\":\"https:\\\/\\\/secure.gravatar.com\\\/avatar\\\/e3566233826c32de8d7c9ef726a1087654b12cadb092acc17ee1d357687192ff?s=96&d=mm&r=g\",\"contentUrl\":\"https:\\\/\\\/secure.gravatar.com\\\/avatar\\\/e3566233826c32de8d7c9ef726a1087654b12cadb092acc17ee1d357687192ff?s=96&d=mm&r=g\",\"caption\":\"Claire\"},\"sameAs\":[\"https:\\\/\\\/canarias-lovers.com\\\/claire-robinson\\\/\"],\"url\":\"https:\\\/\\\/canarias-lovers.com\\\/sv\\\/author\\\/canariaslover2\\\/\"}]}<\/script>\n<!-- \/ Yoast SEO plugin. -->","yoast_head_json":{"title":"Cactualdea-parken (Gran Canaria): bes\u00f6k + bilder","description":"V\u00e5ra tips och bilder f\u00f6r ett bes\u00f6k i tr\u00e4dg\u00e5rden Parc Cactualdea p\u00e5 Gran Canaria: hur man tar sig dit, sev\u00e4rdheter, hur l\u00e5ng tid bes\u00f6ket tar, \u00f6ppettider och praktisk information.","robots":{"index":"index","follow":"follow","max-snippet":"max-snippet:-1","max-image-preview":"max-image-preview:large","max-video-preview":"max-video-preview:-1"},"canonical":"https:\/\/canarias-lovers.com\/sv\/cactualdea-park-gran-canaria\/","og_locale":"sv_SE","og_type":"article","og_title":"Cactualdea-parken (Gran Canaria): bes\u00f6k + bilder","og_description":"V\u00e5ra tips och bilder f\u00f6r ett bes\u00f6k i tr\u00e4dg\u00e5rden Parc Cactualdea p\u00e5 Gran Canaria: hur man tar sig dit, sev\u00e4rdheter, hur l\u00e5ng tid bes\u00f6ket tar, \u00f6ppettider och praktisk information.","og_url":"https:\/\/canarias-lovers.com\/sv\/cactualdea-park-gran-canaria\/","og_site_name":"Canarias Lovers: Tenerife + Gran Canaria","article_published_time":"2026-09-03T15:04:43+00:00","article_modified_time":"2026-09-03T15:11:59+00:00","og_image":[{"width":2560,"height":1920,"url":"https:\/\/canarias-lovers.com\/wp-content\/uploads\/2026\/09\/Cactualdea-Gran-Canaria-scaled.webp","type":"image\/webp"}],"author":"Claire","twitter_card":"summary_large_image","twitter_misc":{"Skriven av":"Claire","Ber\u00e4knad l\u00e4stid":"9 minuter"},"schema":{"@context":"https:\/\/schema.org","@graph":[{"@type":"Article","@id":"https:\/\/canarias-lovers.com\/sv\/cactualdea-park-gran-canaria\/#article","isPartOf":{"@id":"https:\/\/canarias-lovers.com\/sv\/cactualdea-park-gran-canaria\/"},"author":{"name":"Claire","@id":"https:\/\/canarias-lovers.com\/sv\/#\/schema\/person\/4cfe633189ad64b99c9609bed2b00d55"},"headline":"Cactualdea Park (Gran Canaria): bes\u00f6k + bilder","datePublished":"2026-09-03T15:04:43+00:00","dateModified":"2026-09-03T15:11:59+00:00","mainEntityOfPage":{"@id":"https:\/\/canarias-lovers.com\/sv\/cactualdea-park-gran-canaria\/"},"wordCount":1847,"publisher":{"@id":"https:\/\/canarias-lovers.com\/sv\/#organization"},"image":{"@id":"https:\/\/canarias-lovers.com\/sv\/cactualdea-park-gran-canaria\/#primaryimage"},"thumbnailUrl":"https:\/\/canarias-lovers.com\/wp-content\/uploads\/2026\/09\/Cactualdea-Gran-Canaria-scaled.webp","articleSection":["Okategoriserad"],"inLanguage":"sv-SE"},{"@type":"WebPage","@id":"https:\/\/canarias-lovers.com\/sv\/cactualdea-park-gran-canaria\/","url":"https:\/\/canarias-lovers.com\/sv\/cactualdea-park-gran-canaria\/","name":"Cactualdea-parken (Gran Canaria): bes\u00f6k + bilder","isPartOf":{"@id":"https:\/\/canarias-lovers.com\/sv\/#website"},"primaryImageOfPage":{"@id":"https:\/\/canarias-lovers.com\/sv\/cactualdea-park-gran-canaria\/#primaryimage"},"image":{"@id":"https:\/\/canarias-lovers.com\/sv\/cactualdea-park-gran-canaria\/#primaryimage"},"thumbnailUrl":"https:\/\/canarias-lovers.com\/wp-content\/uploads\/2026\/09\/Cactualdea-Gran-Canaria-scaled.webp","datePublished":"2026-09-03T15:04:43+00:00","dateModified":"2026-09-03T15:11:59+00:00","description":"V\u00e5ra tips och bilder f\u00f6r ett bes\u00f6k i tr\u00e4dg\u00e5rden Parc Cactualdea p\u00e5 Gran Canaria: hur man tar sig dit, sev\u00e4rdheter, hur l\u00e5ng tid bes\u00f6ket tar, \u00f6ppettider och praktisk information.","breadcrumb":{"@id":"https:\/\/canarias-lovers.com\/sv\/cactualdea-park-gran-canaria\/#breadcrumb"},"inLanguage":"sv-SE","potentialAction":[{"@type":"ReadAction","target":["https:\/\/canarias-lovers.com\/sv\/cactualdea-park-gran-canaria\/"]}]},{"@type":"ImageObject","inLanguage":"sv-SE","@id":"https:\/\/canarias-lovers.com\/sv\/cactualdea-park-gran-canaria\/#primaryimage","url":"https:\/\/canarias-lovers.com\/wp-content\/uploads\/2026\/09\/Cactualdea-Gran-Canaria-scaled.webp","contentUrl":"https:\/\/canarias-lovers.com\/wp-content\/uploads\/2026\/09\/Cactualdea-Gran-Canaria-scaled.webp","width":2560,"height":1920,"caption":"Cactualdea Gran Canaria"},{"@type":"BreadcrumbList","@id":"https:\/\/canarias-lovers.com\/sv\/cactualdea-park-gran-canaria\/#breadcrumb","itemListElement":[{"@type":"ListItem","position":1,"name":"Hem","item":"https:\/\/canarias-lovers.com\/sv\/"},{"@type":"ListItem","position":2,"name":"Okategoriserad","item":"https:\/\/canarias-lovers.com\/sv\/okategoriserad\/"},{"@type":"ListItem","position":3,"name":"Cactualdea Park (Gran Canaria): bes\u00f6k + bilder"}]},{"@type":"WebSite","@id":"https:\/\/canarias-lovers.com\/sv\/#website","url":"https:\/\/canarias-lovers.com\/sv\/","name":"Canarias Lovers: Tenerife + Gran Canaria","description":"Claire och Manu's blogg","publisher":{"@id":"https:\/\/canarias-lovers.com\/sv\/#organization"},"potentialAction":[{"@type":"SearchAction","target":{"@type":"EntryPoint","urlTemplate":"https:\/\/canarias-lovers.com\/sv\/?s={search_term_string}"},"query-input":{"@type":"PropertyValueSpecification","valueRequired":true,"valueName":"search_term_string"}}],"inLanguage":"sv-SE"},{"@type":"Organization","@id":"https:\/\/canarias-lovers.com\/sv\/#organization","name":"Canarias Lovers: Tenerife + Gran Canaria","url":"https:\/\/canarias-lovers.com\/sv\/","logo":{"@type":"ImageObject","inLanguage":"sv-SE","@id":"https:\/\/canarias-lovers.com\/sv\/#\/schema\/logo\/image\/","url":"https:\/\/canarias-lovers.com\/wp-content\/uploads\/2024\/05\/cropped-Canarias-Lovers-Logo.png","contentUrl":"https:\/\/canarias-lovers.com\/wp-content\/uploads\/2024\/05\/cropped-Canarias-Lovers-Logo.png","width":2635,"height":595,"caption":"Canarias Lovers: Tenerife + Gran Canaria"},"image":{"@id":"https:\/\/canarias-lovers.com\/sv\/#\/schema\/logo\/image\/"}},{"@type":"Person","@id":"https:\/\/canarias-lovers.com\/sv\/#\/schema\/person\/4cfe633189ad64b99c9609bed2b00d55","name":"Claire","image":{"@type":"ImageObject","inLanguage":"sv-SE","@id":"https:\/\/secure.gravatar.com\/avatar\/e3566233826c32de8d7c9ef726a1087654b12cadb092acc17ee1d357687192ff?s=96&d=mm&r=g","url":"https:\/\/secure.gravatar.com\/avatar\/e3566233826c32de8d7c9ef726a1087654b12cadb092acc17ee1d357687192ff?s=96&d=mm&r=g","contentUrl":"https:\/\/secure.gravatar.com\/avatar\/e3566233826c32de8d7c9ef726a1087654b12cadb092acc17ee1d357687192ff?s=96&d=mm&r=g","caption":"Claire"},"sameAs":["https:\/\/canarias-lovers.com\/claire-robinson\/"],"url":"https:\/\/canarias-lovers.com\/sv\/author\/canariaslover2\/"}]}},"featured_image_src":"https:\/\/canarias-lovers.com\/wp-content\/uploads\/2026\/09\/Cactualdea-Gran-Canaria-600x400.webp","featured_image_src_square":"https:\/\/canarias-lovers.com\/wp-content\/uploads\/2026\/09\/Cactualdea-Gran-Canaria-600x600.webp","author_info":{"display_name":"Claire","author_link":"https:\/\/canarias-lovers.com\/sv\/author\/canariaslover2\/"},"_links":{"self":[{"href":"https:\/\/canarias-lovers.com\/sv\/wp-json\/wp\/v2\/posts\/11161","targetHints":{"allow":["GET"]}}],"collection":[{"href":"https:\/\/canarias-lovers.com\/sv\/wp-json\/wp\/v2\/posts"}],"about":[{"href":"https:\/\/canarias-lovers.com\/sv\/wp-json\/wp\/v2\/types\/post"}],"author":[{"embeddable":true,"href":"https:\/\/canarias-lovers.com\/sv\/wp-json\/wp\/v2\/users\/1"}],"replies":[{"embeddable":true,"href":"https:\/\/canarias-lovers.com\/sv\/wp-json\/wp\/v2\/comments?post=11161"}],"version-history":[{"count":4,"href":"https:\/\/canarias-lovers.com\/sv\/wp-json\/wp\/v2\/posts\/11161\/revisions"}],"predecessor-version":[{"id":11183,"href":"https:\/\/canarias-lovers.com\/sv\/wp-json\/wp\/v2\/posts\/11161\/revisions\/11183"}],"wp:featuredmedia":[{"embeddable":true,"href":"https:\/\/canarias-lovers.com\/sv\/wp-json\/wp\/v2\/media\/11132"}],"wp:attachment":[{"href":"https:\/\/canarias-lovers.com\/sv\/wp-json\/wp\/v2\/media?parent=11161"}],"wp:term":[{"taxonomy":"category","embeddable":true,"href":"https:\/\/canarias-lovers.com\/sv\/wp-json\/wp\/v2\/categories?post=11161"},{"taxonomy":"post_tag","embeddable":true,"href":"https:\/\/canarias-lovers.com\/sv\/wp-json\/wp\/v2\/tags?post=11161"}],"curies":[{"name":"wp","href":"https:\/\/api.w.org\/{rel}","templated":true}]}}