{"id":8627,"date":"2026-04-27T08:55:37","date_gmt":"2026-04-27T08:55:37","guid":{"rendered":"https:\/\/canarias-lovers.com\/visiter-cenobio-valeron-gran-canaria\/"},"modified":"2026-04-27T08:59:21","modified_gmt":"2026-04-27T08:59:21","slug":"visitar-cenobio-valeron-gran-canaria","status":"publish","type":"post","link":"https:\/\/canarias-lovers.com\/pt-pt\/visitar-cenobio-valeron-gran-canaria\/","title":{"rendered":"Cenobio de Valer\u00f3n (Gran Canaria): visita + fotos"},"content":{"rendered":"\n<p>Interessa-se por arqueologia? O Cenobio de Valer\u00f3n espera por si na Gran Canaria! Trata-se de um s\u00edtio troglodita, escavado na rocha vulc\u00e2nica. \u00c9 um dos vest\u00edgios mais impressionantes da civiliza\u00e7\u00e3o abor\u00edgene das Can\u00e1rias. Fic\u00e1mos cativados pela dimens\u00e3o deste celeiro coletivo pr\u00e9-hisp\u00e2nico, constitu\u00eddo por mais de 300 cavidades esculpidas na fal\u00e9sia. Um lugar intemporal que testemunha o engenho do povo Guanche.<\/p>\n\n<p>Neste artigo, encontrar\u00e1 as nossas fotografias e todos os <strong>conselhos \u00fateis<\/strong> para aproveitar ao m\u00e1ximo a sua visita ao Cenobio de Valer\u00f3n!<\/p>\n\n<figure class=\"wp-block-image size-full\"><img decoding=\"async\" src=\"https:\/\/canarias-lovers.com\/wp-content\/uploads\/2026\/04\/visitar-cenobio-valeron-gran-canaria.jpg\" alt=\"visite cenobio valeron gran canaria\" class=\"wp-image-8602\"\/><\/figure>\n\n<p>Esta \u00e9 uma opini\u00e3o completamente <strong>independente<\/strong>, baseada na nossa pr\u00f3pria experi\u00eancia. Visit\u00e1mos a regi\u00e3o de forma an\u00f3nima, fazendo as nossas pr\u00f3prias escolhas e pagando as nossas contas na totalidade.<\/p>\n\n<div style=\"padding-left:5%\" class=\"wp-block-genesis-blocks-gb-container box gb-block-container\"><div class=\"gb-container-inside\"><div class=\"gb-container-content\">\n<p class=\"titre_box_manuscrit\">Conte\u00fado<\/p>\n\n\n<div id=\"ez-toc-container\" class=\"ez-toc-v2_0_82_1 counter-hierarchy ez-toc-counter ez-toc-custom ez-toc-container-direction\">\n<div class=\"ez-toc-title-container\">\n<span class=\"ez-toc-title-toggle\"><\/span><\/div>\n<nav><ul class='ez-toc-list ez-toc-list-level-1 ' ><li class='ez-toc-page-1 ez-toc-heading-level-2'><a class=\"ez-toc-link ez-toc-heading-1\" href=\"https:\/\/canarias-lovers.com\/pt-pt\/visitar-cenobio-valeron-gran-canaria\/#Porque_visitar_o_Cenobio_de_Valeron\" >Porqu\u00ea visitar o Cenobio de Valer\u00f3n?<\/a><\/li><li class='ez-toc-page-1 ez-toc-heading-level-2'><a class=\"ez-toc-link ez-toc-heading-2\" href=\"https:\/\/canarias-lovers.com\/pt-pt\/visitar-cenobio-valeron-gran-canaria\/#Acesso_e_mapa_Cenobio_de_Valeron_Santa_Maria_de_Guia\" >Acesso e mapa: Cenobio de Valer\u00f3n, Santa Mar\u00eda de Gu\u00eda<\/a><\/li><li class='ez-toc-page-1 ez-toc-heading-level-2'><a class=\"ez-toc-link ez-toc-heading-3\" href=\"https:\/\/canarias-lovers.com\/pt-pt\/visitar-cenobio-valeron-gran-canaria\/#Conselhos_uteis_duracao_horarios_alimentacao%E2%80%A6\" >Conselhos \u00fateis: dura\u00e7\u00e3o, hor\u00e1rios, alimenta\u00e7\u00e3o&#8230;<\/a><\/li><li class='ez-toc-page-1 ez-toc-heading-level-2'><a class=\"ez-toc-link ez-toc-heading-4\" href=\"https:\/\/canarias-lovers.com\/pt-pt\/visitar-cenobio-valeron-gran-canaria\/#Um_sotao_coletivo_impressionante\" >Um s\u00f3t\u00e3o coletivo impressionante<\/a><\/li><li class='ez-toc-page-1 ez-toc-heading-level-2'><a class=\"ez-toc-link ez-toc-heading-5\" href=\"https:\/\/canarias-lovers.com\/pt-pt\/visitar-cenobio-valeron-gran-canaria\/#Nas_pegadas_dos_aborigenes_das_Canarias\" >Nas pegadas dos abor\u00edgenes das Can\u00e1rias<\/a><\/li><li class='ez-toc-page-1 ez-toc-heading-level-2'><a class=\"ez-toc-link ez-toc-heading-6\" href=\"https:\/\/canarias-lovers.com\/pt-pt\/visitar-cenobio-valeron-gran-canaria\/#O_panorama_e_a_zona_envolvente\" >O panorama e a zona envolvente<\/a><\/li><li class='ez-toc-page-1 ez-toc-heading-level-2'><a class=\"ez-toc-link ez-toc-heading-7\" href=\"https:\/\/canarias-lovers.com\/pt-pt\/visitar-cenobio-valeron-gran-canaria\/#O_que_pode_ver_na_zona\" >O que pode ver na zona?<\/a><\/li><li class='ez-toc-page-1 ez-toc-heading-level-2'><a class=\"ez-toc-link ez-toc-heading-8\" href=\"https:\/\/canarias-lovers.com\/pt-pt\/visitar-cenobio-valeron-gran-canaria\/#Perguntas_mais_frequentes\" >Perguntas mais frequentes<\/a><\/li><\/ul><\/nav><\/div>\n\n<\/div><\/div><\/div>\n\n<h2 class=\"wp-block-heading\"><span class=\"ez-toc-section\" id=\"Porque_visitar_o_Cenobio_de_Valeron\"><\/span>Porqu\u00ea visitar o Cenobio de Valer\u00f3n?<span class=\"ez-toc-section-end\"><\/span><\/h2>\n\n<h3 class=\"wp-block-heading\">Vale a pena visitar o Cenobio de Valer\u00f3n? A nossa opini\u00e3o:<\/h3>\n\n<p>Sem hesita\u00e7\u00e3o! O Cenobio de Valer\u00f3n \u00e9 um s\u00edtio arqueol\u00f3gico \u00fanico. Este celeiro coletivo pr\u00e9-hisp\u00e2nico, escavado na tufa vulc\u00e2nica de uma enorme ab\u00f3bada natural, \u00e9 um testemunho impressionante da vida dos antigos habitantes da Gran Canaria.  <\/p>\n\n<p>Fic\u00e1mos impressionados com a concentra\u00e7\u00e3o de mais de 300 silos escavados na rocha, dispostos em v\u00e1rios n\u00edveis. O ambiente natural, situado no alto do munic\u00edpio de Santa Mar\u00eda de Gu\u00eda, confere uma dimens\u00e3o espetacular \u00e0 visita.  <a href=\"https:\/\/canarias-lovers.com\/pt-pt\/sitios-arqueologicos-gran-canaria\/\" type=\"post\" id=\"774\" target=\"_blank\" rel=\"noreferrer noopener\">Este \u00e9 um dos melhores s\u00edtios da Gran Canaria!<\/a><\/p>\n\n<figure class=\"wp-block-image size-large\"><img decoding=\"async\" src=\"https:\/\/photos.smugmug.com\/Canarias-Lovers\/Gran-Canaria\/Galdar\/Cenobio-valeron\/i-dJ4rVjc\/0\/MV3M5KGqFSnBbDdnCJkV3pbRPpVfmDLGWmkLPhzbG\/L\/Cenobio_Valeron-20-L.jpg\" alt=\"Cenobio de Valer&#xF3;n - Grutas e cavernas\"\/><\/figure>\n\n<h3 class=\"wp-block-heading\">Porque \u00e9 que o Cenobio de Valer\u00f3n \u00e9 famoso?<\/h3>\n\n<p>O Cenobio de Valer\u00f3n deve a sua fama ao facto de ser o maior celeiro coletivo abor\u00edgene das Ilhas Can\u00e1rias. Foi escavado num arco vulc\u00e2nico natural com cerca de 30 metros de altura e cont\u00e9m mais de 300 cavidades!<\/p>\n\n<p>Estas cavidades foram outrora utilizadas para armazenar cereais, principalmente cevada e trigo. O s\u00edtio est\u00e1 classificado como s\u00edtio de interesse cultural desde 1978. Durante muito tempo, a lenda atribuiu o local a um convento de jovens sacerdotisas chamadas <em>harimaguadas<\/em>, da\u00ed o termo &#8220;cen\u00f3bio&#8221; (mosteiro). Sabemos agora que esta hip\u00f3tese foi rejeitada pelos arque\u00f3logos em favor da fun\u00e7\u00e3o de um celeiro coletivo.<\/p>\n\n<h3 class=\"wp-block-heading\">Os nossos momentos preferidos<\/h3>\n\n<p>Aqui est\u00e3o os 3 momentos mais memor\u00e1veis da nossa visita:<\/p>\n\n<ul class=\"wp-block-list\">\n<li>A subida progressiva ao local, revelando gradualmente a imensa ab\u00f3bada natural que abriga as centenas de grutas. Um espet\u00e1culo de cortar a respira\u00e7\u00e3o!<\/li>\n\n\n\n<li>Um olhar de perto sobre os silos, onde ainda pode ver as ranhuras utilizadas para encaixar as portas de madeira que fechavam cada cavidade.<\/li>\n\n\n\n<li>A vista panor\u00e2mica do miradouro sobre a costa norte da Gran Canaria e o Oceano Atl\u00e2ntico \u00e9 a recompensa da subida.<\/li>\n<\/ul>\n\n<figure class=\"wp-block-image size-large\"><img decoding=\"async\" src=\"https:\/\/photos.smugmug.com\/Canarias-Lovers\/Gran-Canaria\/Galdar\/Cenobio-valeron\/i-zmMVnqZ\/0\/LGnBdVFhvq8jv3tFkg2TmK7NXWQNmvN3j3VKfHrZx\/L\/Cenobio_Valeron-21-L.jpg\" alt=\"Cenobio de Valer&#xF3;n - Ver\"\/><\/figure>\n\n<h3 class=\"wp-block-heading\">Resumo da hist\u00f3ria<\/h3>\n\n<p>O Cen\u00f3bio de Valer\u00f3n tem uma hist\u00f3ria fascinante. Eis os principais passos a ter em conta:<\/p>\n\n<ul class=\"wp-block-list\">\n<li><strong>Per\u00edodo pr\u00e9-hisp\u00e2nico (antes do s\u00e9culo XV)<\/strong>: os ind\u00edgenas das Can\u00e1rias, descendentes das popula\u00e7\u00f5es berberes do Norte de \u00c1frica, escavaram um vasto celeiro coletivo no tufo vulc\u00e2nico para armazenar as suas colheitas de cereais (cevada e trigo). O s\u00edtio \u00e9 gerido pela comunidade.<\/li>\n\n\n\n<li><strong>S\u00e9culo XV<\/strong>: a conquista espanhola da Gran Canaria (conclu\u00edda em 1483) p\u00f4s fim \u00e0 utiliza\u00e7\u00e3o do celeiro pela popula\u00e7\u00e3o aut\u00f3ctone.<\/li>\n\n\n\n<li><strong>S\u00e9culos XVII-XIX<\/strong>: o s\u00edtio cai no esquecimento. Os cronistas e viajantes come\u00e7aram a mencion\u00e1-lo e a associ\u00e1-lo, erradamente, a um &#8220;convento&#8221; de sacerdotisas guanches<em>(harimaguadas)<\/em>.<\/li>\n\n\n\n<li><strong>1978<\/strong>: o Cenobio de Valer\u00f3n \u00e9 classificado como S\u00edtio de Interesse Cultural (SIC), garantindo a prote\u00e7\u00e3o do seu patrim\u00f3nio.<\/li>\n\n\n\n<li><strong>Per\u00edodo contempor\u00e2neo<\/strong>: o s\u00edtio \u00e9 desenvolvido para os visitantes e torna-se uma das principais atrac\u00e7\u00f5es arqueol\u00f3gicas de Gran Canaria.<\/li>\n<\/ul>\n\n<figure class=\"wp-block-image size-large\"><img decoding=\"async\" src=\"https:\/\/photos.smugmug.com\/Canarias-Lovers\/Gran-Canaria\/Galdar\/Cenobio-valeron\/i-5zcMVwK\/0\/Lx9w2qJFq7xxQxwj9vfMfw72Jzm6FpjVzdKbd2ZfZ\/L\/IMG_4241-L.jpg\" alt=\"Cenobio de Valer&#xF3;n - Uma breve hist&#xF3;ria\"\/><\/figure>\n\n<div style=\"background-color:#f6eacf;margin-top:8%;margin-bottom:8%\" class=\"wp-block-genesis-blocks-gb-container box gb-block-container\"><div class=\"gb-container-inside\"><div class=\"gb-container-content\" style=\"max-width:700px\">\n<div class=\"wp-block-genesis-blocks-gb-container box_titre gb-block-container\"><div class=\"gb-container-inside\"><div class=\"gb-container-content\">\n<h5 class=\"titre_box\" style=\"padding-top:10px;\">ONDE FICAR NA <span class=\"titre_box_manuscrit\">Gran Canaria<\/span><\/h5>\n<\/div><\/div><\/div>\n\n\n\n<div class=\"wp-block-columns box_sans_border is-layout-flex wp-container-core-columns-is-layout-9d6595d7 wp-block-columns-is-layout-flex\">\n<div class=\"wp-block-column texte_planif is-layout-flow wp-block-column-is-layout-flow\" style=\"font-size:14px;flex-basis:60%\">\n<p class=\"option_titre2\" style=\"font-size:16px\">As nossas selec\u00e7\u00f5es independentes para o ajudar a encontrar <strong>o alojamento dos seus sonhos<\/strong>:<\/p>\n\n\n\n<ul class=\"wp-block-list ul_box\">\n<li style=\"font-size:14px\"><a href=\"https:\/\/canarias-lovers.com\/pt-pt\/onde-ficar-grao-canaria-melhores-destinos\/\" target=\"_blank\" rel=\"noreferrer noopener\">Onde ficar na Gran Canaria<\/a><\/li>\n\n\n\n<li style=\"font-size:14px\">O nosso favorito: <a href=\"https:\/\/www.booking.com\/hotel\/es\/marina-suites.html?aid=2421274\" target=\"_blank\" rel=\"noreferrer noopener sponsored nofollow\">Hotel Marina Suites<\/a><\/li>\n<\/ul>\n\n\n\n<p style=\"font-size:16px\"><strong>Escolha por tipo de hotel:<\/strong><\/p>\n\n\n\n<ul class=\"wp-block-list ul_box\">\n<li style=\"font-size:14px\"><a href=\"https:\/\/canarias-lovers.com\/pt-pt\/melhores-hoteis-5-estrelas-gran-canaria-luxo-opinioes\/\" target=\"_blank\" rel=\"noreferrer noopener\">Hot\u00e9is de 5 estrelas<\/a><\/li>\n\n\n\n<li style=\"font-size:14px\"><a href=\"https:\/\/canarias-lovers.com\/pt-pt\/melhores-hoteis-boutique-gran-canaria-charme\/\" target=\"_blank\" rel=\"noreferrer noopener\">Os melhores hot\u00e9is boutique<\/a><\/li>\n\n\n\n<li style=\"font-size:14px\"><a href=\"https:\/\/canarias-lovers.com\/pt-pt\/melhores-hoteis-so-para-adultos-gran-canaria\/\" target=\"_blank\" rel=\"noreferrer noopener\">Os melhores hot\u00e9is s\u00f3 para adultos<\/a><\/li>\n\n\n\n<li style=\"font-size:14px\">Os melhores hot\u00e9is com tudo inclu\u00eddo (em breve)<\/li>\n\n\n\n<li style=\"font-size:14px\"><a href=\"https:\/\/canarias-lovers.com\/pt-pt\/melhores-hoteis-familias-gran-canaria-criancas-opinioes\/\" target=\"_blank\" rel=\"noreferrer noopener\">Os melhores hot\u00e9is para fam\u00edlias<\/a><\/li>\n<\/ul>\n\n\n\n<p style=\"font-size:16px\"><strong>Selecione por cidade:<\/strong><\/p>\n\n\n\n<ul class=\"wp-block-list\">\n<li style=\"font-size:14px\"><a href=\"https:\/\/canarias-lovers.com\/pt-pt\/onde-ficar-las-palmas-gran-canaria-melhores-hoteis-bairros\/\" target=\"_blank\" rel=\"noreferrer noopener\">Os melhores hot\u00e9is em Las Palmas de Gran Canaria<\/a><\/li>\n\n\n\n<li style=\"font-size:14px\"><a href=\"https:\/\/canarias-lovers.com\/pt-pt\/onde-ficar-maspalomas-melhores-hoteis-bairros\/\" target=\"_blank\" rel=\"noreferrer noopener\">Melhores hot\u00e9is em Masplomas<\/a><\/li>\n\n\n\n<li style=\"font-size:14px\"><a href=\"https:\/\/canarias-lovers.com\/pt-pt\/onde-dormir-playa-del-ingles-gran-canaria-best-hotels\/\" target=\"_blank\" rel=\"noreferrer noopener\">Melhores hot\u00e9is em Playa del Ingles<\/a><\/li>\n\n\n\n<li style=\"font-size:14px\"><a href=\"https:\/\/canarias-lovers.com\/pt-pt\/onde-ficar-puerto-rico-gran-canaria-melhores-hoteis-bairros\/\" target=\"_blank\" rel=\"noreferrer noopener\">Os melhores hot\u00e9is em Porto Rico<\/a><\/li>\n\n\n\n<li style=\"font-size:14px\"><a href=\"https:\/\/canarias-lovers.com\/pt-pt\/onde-ficar-puerto-mogan-melhores-hoteis-bairros\/\" target=\"_blank\" rel=\"noreferrer noopener\">Melhores hot\u00e9is em Puerto de Mogan<\/a><\/li>\n\n\n\n<li style=\"font-size:14px\"><a href=\"https:\/\/canarias-lovers.com\/pt-pt\/meilleurs-hotels-5-etoiles-meloneras-luxe-avis-2\/\" target=\"_blank\" rel=\"noreferrer noopener\">Hotel de 5 estrelas em Meloneras<\/a><\/li>\n<\/ul>\n<\/div>\n\n\n\n<div class=\"wp-block-column is-vertically-aligned-top planif-radius is-layout-flow wp-block-column-is-layout-flow\" style=\"flex-basis:40%\">\n<figure class=\"wp-block-image size-large img-portrait\"><img decoding=\"async\" src=\"https:\/\/photos.smugmug.com\/Canarias-Lovers\/Gran-Canaria\/Puerto-Rico\/Hotel-Marina-Suites\/i-wMm7CH4\/0\/FdXHP96thzS3vRrTp3H2F4hh8q7cKtZg5BpKMDFBB\/S\/Hotel-marina-suites-pool-2-S.jpg\" alt=\"piscina do hotel\" title=\"\"\/><\/figure>\n<\/div>\n<\/div>\n<\/div><\/div><\/div>\n\n<h2 class=\"wp-block-heading\"><span class=\"ez-toc-section\" id=\"Acesso_e_mapa_Cenobio_de_Valeron_Santa_Maria_de_Guia\"><\/span>Acesso e mapa: Cenobio de Valer\u00f3n, Santa Mar\u00eda de Gu\u00eda<span class=\"ez-toc-section-end\"><\/span><\/h2>\n\n<h3 class=\"wp-block-heading\">Onde se encontra o Cenobio de Valer\u00f3n?<\/h3>\n\n<ul class=\"wp-block-list\">\n<li>No munic\u00edpio de Santa Mar\u00eda de Gu\u00eda, no norte da Gran Canaria,<\/li>\n\n\n\n<li>Tempo de condu\u00e7\u00e3o de Las Palmas de Gran Canaria: 30min<\/li>\n\n\n\n<li>Tempo de carro de G\u00e1ldar: 10min<\/li>\n\n\n\n<li>Tempo de carro de Arucas: 20min<\/li>\n<\/ul>\n\n<p>Consulte o nosso mapa para se orientar:<\/p>\n\n<figure class=\"wp-block-image size-full\"><img decoding=\"async\" src=\"https:\/\/canarias-lovers.com\/wp-content\/uploads\/2026\/04\/mapa-Cenobio-de-Valeron-Gran-Canaria.jpg\" alt=\"Cart&#xE3;o Cenobio de Valeron Gran Canaria\" class=\"wp-image-8612\"\/><figcaption class=\"wp-element-caption\">Mapa: Cenobio de Valeron em Gran Canaria<\/figcaption><\/figure>\n\n<h3 class=\"wp-block-heading\">Como \u00e9 que l\u00e1 chego?<\/h3>\n\n<p>Existem v\u00e1rias op\u00e7\u00f5es para chegar a Cenobio de Valer\u00f3n:<\/p>\n\n<ul class=\"wp-block-list\">\n<li><strong>O autom\u00f3vel<\/strong>: a forma mais pr\u00e1tica. A partir de Las Palmas, apanhe a autoestrada GC-2 em dire\u00e7\u00e3o a oeste, depois saia em Santa Mar\u00eda de Gu\u00eda. O s\u00edtio \u00e9 ent\u00e3o sinalizado. A estrada est\u00e1 em bom estado.<\/li>\n\n\n\n<li><strong>Transportes p\u00fablicos<\/strong>: O munic\u00edpio de Gu\u00eda \u00e9 servido por autocarros da rede Global. No entanto, a partir da paragem mais pr\u00f3xima, \u00e9 uma caminhada de 20 minutos a subir para chegar ao local. Verifique os hor\u00e1rios na sua rede de transportes local.<\/li>\n<\/ul>\n\n<figure class=\"wp-block-image size-large\"><img decoding=\"async\" src=\"https:\/\/photos.smugmug.com\/Canarias-Lovers\/Gran-Canaria\/Galdar\/Cenobio-valeron\/i-4nBvTVR\/0\/NQcXjwWMwfMHv79Q224KpZw95RK3Mzz8TtFmpqXMd\/L\/Cenobio_Valeron-01-L.jpg\" alt=\"estrada de acesso a Cenobio\"\/><\/figure>\n\n<div style=\"margin-top:8%;margin-bottom:8%\" class=\"wp-block-genesis-blocks-gb-container box gb-block-container\"><div class=\"gb-container-inside\"><div class=\"gb-container-content\">\n<div class=\"wp-block-columns inverse box_planif is-layout-flex wp-container-core-columns-is-layout-9d6595d7 wp-block-columns-is-layout-flex\">\n<div class=\"wp-block-column texte_planif is-layout-flow wp-block-column-is-layout-flow\" style=\"flex-basis:60%\">\n<h5 class=\"titre_box\" style=\"padding-top:10px;\">OS NOSSOS CONSELHOS PARA ALGULAR UM CARRO EM <span class=\"titre_box_manuscrit\">gran canaria<\/span><\/h5>\n\n\n\n<ul class=\"wp-block-list\" style=\"font-size:14px\">\n<li>Compare os pre\u00e7os na nossa plataforma preferida: <a href=\"https:\/\/www.discovercars.com\/pt\/spain-canary-islands\/gran-canaria?a_aid=zigzag&amp;chan=CAL\" target=\"_blank\" rel=\"noreferrer noopener sponsored nofollow\">DiscoverCars<\/a> &#8211; um dos s\u00edtios mais bem classificados.<\/li>\n\n\n\n<li>Se est\u00e1 a planear explorar as montanhas, n\u00e3o leve <strong>os carros mais pequenos<\/strong>. Um motor mais potente \u00e9 mais confort\u00e1vel.<\/li>\n\n\n\n<li>Mas tamb\u00e9m n\u00e3o leve um carro demasiado grande, pois algumas das estradas s\u00e3o estreitas.<\/li>\n\n\n\n<li>H\u00e1 muita procura e \u00e9 uma ilha, por isso <strong>reserve com anteced\u00eancia<\/strong>.<\/li>\n<\/ul>\n<\/div>\n\n\n\n<div class=\"wp-block-column planif-radius-2 is-layout-flow wp-block-column-is-layout-flow\">\n<figure class=\"wp-block-image size-large voiture_image\"><img decoding=\"async\" src=\"https:\/\/photos.smugmug.com\/Canarias-Lovers\/Gran-Canaria\/Driving\/i-FXBKL7Q\/1\/C432TQvrLtk7Fzt3jdL3g8XCdWtF4krHtKv9zvKg6\/S\/gran-Canaria-rental-car-driving-S.jpg\" alt=\"conduzir na Gran Canaria\"\/><\/figure>\n<\/div>\n<\/div>\n\n\n\n<div class=\"wp-block-columns planif_bouton is-layout-flex wp-container-core-columns-is-layout-9d6595d7 wp-block-columns-is-layout-flex\">\n<div class=\"wp-block-column is-vertically-aligned-top is-layout-flow wp-block-column-is-layout-flow\">\n<div class=\"wp-block-buttons is-content-justification-center is-layout-flex wp-container-core-buttons-is-layout-16018d1d wp-block-buttons-is-layout-flex\">\n<div class=\"wp-block-button\"><a class=\"wp-block-button__link has-white-color has-text-color wp-element-button\" href=\"https:\/\/www.discovercars.com\/pt\/spain-canary-islands\/gran-canaria?a_aid=zigzag&amp;amp;chan=CAL\" target=\"_blank\" rel=\"noreferrer noopener nofollow\">Veja os autom\u00f3veis dispon\u00edveis &gt;&gt;<\/a><\/div>\n<\/div>\n<\/div>\n\n\n\n<div class=\"wp-block-column is-vertically-aligned-center is-layout-flow wp-block-column-is-layout-flow\">\n<p class=\"has-text-align-center\" style=\"font-size:16px\"><a href=\"https:\/\/canarias-lovers.com\/pt-pt\/como-alugar-um-carro-gran-canaria-experiencias\/\" target=\"_blank\" rel=\"noreferrer noopener\">Leia os nossos conselhos<\/a><\/p>\n<\/div>\n<\/div>\n<\/div><\/div><\/div>\n\n<h3 class=\"wp-block-heading\">Parque de estacionamento<\/h3>\n\n<p>Existe um pequeno parque de estacionamento gratuito junto \u00e0 entrada do local. Os lugares s\u00e3o limitados; aconselhamo-lo a chegar cedo, especialmente na \u00e9poca alta, para ter a certeza de encontrar um lugar.<br\/>Como pode ver na foto abaixo, \u00e9 de facto muito limitado!<\/p>\n\n<figure class=\"wp-block-image size-large\"><img decoding=\"async\" src=\"https:\/\/photos.smugmug.com\/Canarias-Lovers\/Gran-Canaria\/Galdar\/Cenobio-valeron\/i-SwwzHMT\/0\/MLX2BSkmfZt9J2CrnVjcmFz4LVqfSGBz4wp6S4cZJ\/L\/Cenobio_Valeron-05-L.jpg\" alt=\"Cenobio de Valer&#xF3;n - Parque de estacionamento\"\/><\/figure>\n\n<h2 class=\"wp-block-heading\"><span class=\"ez-toc-section\" id=\"Conselhos_uteis_duracao_horarios_alimentacao%E2%80%A6\"><\/span>Conselhos \u00fateis: dura\u00e7\u00e3o, hor\u00e1rios, alimenta\u00e7\u00e3o&#8230;<span class=\"ez-toc-section-end\"><\/span><\/h2>\n\n<h3 class=\"wp-block-heading\">Melhor altura para visitar<\/h3>\n\n<p>O Cenobio de Valer\u00f3n \u00e9 ao ar livre. Recomendamos-lhe que fa\u00e7a a visita de manh\u00e3, quando a luz real\u00e7a as cavidades da rocha e o calor ainda \u00e9 suport\u00e1vel. Evite as horas mais quentes do dia no ver\u00e3o. Fora da \u00e9poca de ver\u00e3o, o n\u00famero de visitantes \u00e9 muito menor e pode desfrutar do local com toda a tranquilidade. Pela nossa parte, tivemos a sorte de o descobrir numa manh\u00e3 de um dia de semana, quase sozinhos.<\/p>\n\n<h3 class=\"wp-block-heading\">Dura\u00e7\u00e3o da visita e principais dificuldades<\/h3>\n\n<p>Reserve entre 30 minutos e 1 hora para visitar o Cenobio de Valer\u00f3n, incluindo pain\u00e9is explicativos. O percurso inclui uma escadaria de acesso \u00e0s grutas. A subida \u00e9 moderada, mas pode ser escorregadia em tempo de chuva. Aconselhamo-lo a usar sapatos confort\u00e1veis. Infelizmente, o s\u00edtio n\u00e3o \u00e9 acess\u00edvel a pessoas com mobilidade reduzida devido \u00e0s escadas e ao terreno irregular.<\/p>\n\n<figure class=\"wp-block-image size-large\"><img decoding=\"async\" src=\"https:\/\/photos.smugmug.com\/Canarias-Lovers\/Gran-Canaria\/Galdar\/Cenobio-valeron\/i-tRKmC68\/0\/Km3WwvRvq3DWJTcJMXBrjBjzRL9v9SnmZbbR7h8S4\/L\/Cenobio_Valeron-06-L.jpg\" alt=\"Cenobio de Valer&#xF3;n - escadas de acesso\"\/><\/figure>\n\n<h3 class=\"wp-block-heading\">Dire\u00e7\u00e3o da visita<\/h3>\n\n<p>O percurso \u00e9 linear e bem sinalizado. A partir da entrada, um caminho leva-o at\u00e9 ao primeiro miradouro, que oferece uma vista panor\u00e2mica do s\u00f3t\u00e3o. Depois, continue a subir os degraus para se aproximar das grutas. Ao longo do percurso, pain\u00e9is informativos explicam-lhe o funcionamento do celeiro, a vida dos abor\u00edgenes e as diferentes hip\u00f3teses arqueol\u00f3gicas. Sugerimos que dedique algum tempo a ler cada painel para compreender melhor o que est\u00e1 a ver.<\/p>\n\n<figure class=\"wp-block-image size-large\"><img decoding=\"async\" src=\"https:\/\/photos.smugmug.com\/Canarias-Lovers\/Gran-Canaria\/Galdar\/Cenobio-valeron\/i-stKXXKZ\/0\/LFz2kQXXGm3CdZgvL6JnMMQjQG26NKp6b7JsLPRng\/L\/Cenobio_Valeron-07-L.jpg\" alt=\"Cen&#xF3;bio de Valer&#xF3;n - Berlvedere\"\/><\/figure>\n\n<div style=\"background-color:#fefefe;margin-top:6%;margin-bottom:6%\" class=\"wp-block-genesis-blocks-gb-container box gb-block-container\"><div class=\"gb-container-inside\"><div class=\"gb-container-content\" style=\"max-width:700px\">\n<div class=\"wp-block-columns inverse is-layout-flex wp-container-core-columns-is-layout-9d6595d7 wp-block-columns-is-layout-flex\">\n<div class=\"wp-block-column texte_planif is-layout-flow wp-block-column-is-layout-flow\" style=\"flex-basis:58%\">\n<h5 class=\"titre_box\">um pouco mais de <span class=\"titre_box_manuscrit\">paci\u00eancia<\/span><\/h5>\n\n\n\n<p style=\"font-size:14px\">Todas as fotografias, mapas, informa\u00e7\u00f5es e endere\u00e7os \u00fateis de que necessita para aproveitar ao m\u00e1ximo <strong>a sua estadia nas Can\u00e1rias<\/strong> estar\u00e3o em <strong>breve<\/strong> dispon\u00edveis num \u00fanico ebook!<\/p>\n\n\n\n<p style=\"font-size:14px\">Se quiser ser informado quando o nosso <strong>guia das Can\u00e1rias<\/strong> for publicado, inscreva-se:<\/p>\n\n\n<script>\nvar gform;gform||(document.addEventListener(\"gform_main_scripts_loaded\",function(){gform.scriptsLoaded=!0}),document.addEventListener(\"gform\/theme\/scripts_loaded\",function(){gform.themeScriptsLoaded=!0}),window.addEventListener(\"DOMContentLoaded\",function(){gform.domLoaded=!0}),gform={domLoaded:!1,scriptsLoaded:!1,themeScriptsLoaded:!1,isFormEditor:()=>\"function\"==typeof InitializeEditor,callIfLoaded:function(o){return!(!gform.domLoaded||!gform.scriptsLoaded||!gform.themeScriptsLoaded&&!gform.isFormEditor()||(gform.isFormEditor()&&console.warn(\"The use of gform.initializeOnLoaded() is deprecated in the form editor context and will be removed in Gravity Forms 3.1.\"),o(),0))},initializeOnLoaded:function(o){gform.callIfLoaded(o)||(document.addEventListener(\"gform_main_scripts_loaded\",()=>{gform.scriptsLoaded=!0,gform.callIfLoaded(o)}),document.addEventListener(\"gform\/theme\/scripts_loaded\",()=>{gform.themeScriptsLoaded=!0,gform.callIfLoaded(o)}),window.addEventListener(\"DOMContentLoaded\",()=>{gform.domLoaded=!0,gform.callIfLoaded(o)}))},hooks:{action:{},filter:{}},addAction:function(o,r,e,t){gform.addHook(\"action\",o,r,e,t)},addFilter:function(o,r,e,t){gform.addHook(\"filter\",o,r,e,t)},doAction:function(o){gform.doHook(\"action\",o,arguments)},applyFilters:function(o){return gform.doHook(\"filter\",o,arguments)},removeAction:function(o,r){gform.removeHook(\"action\",o,r)},removeFilter:function(o,r,e){gform.removeHook(\"filter\",o,r,e)},addHook:function(o,r,e,t,n){null==gform.hooks[o][r]&&(gform.hooks[o][r]=[]);var d=gform.hooks[o][r];null==n&&(n=r+\"_\"+d.length),gform.hooks[o][r].push({tag:n,callable:e,priority:t=null==t?10:t})},doHook:function(r,o,e){var t;if(e=Array.prototype.slice.call(e,1),null!=gform.hooks[r][o]&&((o=gform.hooks[r][o]).sort(function(o,r){return o.priority-r.priority}),o.forEach(function(o){\"function\"!=typeof(t=o.callable)&&(t=window[t]),\"action\"==r?t.apply(null,e):e[0]=t.apply(null,e)})),\"filter\"==r)return e[0]},removeHook:function(o,r,t,n){var e;null!=gform.hooks[o][r]&&(e=(e=gform.hooks[o][r]).filter(function(o,r,e){return!!(null!=n&&n!=o.tag||null!=t&&t!=o.priority)}),gform.hooks[o][r]=e)}});\n<\/script>\n\n                <div class='gf_browser_gecko gform_wrapper gform-theme gform-theme--foundation gform-theme--framework gform-theme--orbital' data-form-theme='orbital' data-form-index='0' id='gform_wrapper_2' ><style>#gform_wrapper_2[data-form-index=\"0\"].gform-theme,[data-parent-form=\"2_0\"]{--gf-color-primary: #204ce5;--gf-color-primary-rgb: 32, 76, 229;--gf-color-primary-contrast: #fff;--gf-color-primary-contrast-rgb: 255, 255, 255;--gf-color-primary-darker: #001AB3;--gf-color-primary-lighter: #527EFF;--gf-color-secondary: #fff;--gf-color-secondary-rgb: 255, 255, 255;--gf-color-secondary-contrast: #112337;--gf-color-secondary-contrast-rgb: 17, 35, 55;--gf-color-secondary-darker: #F5F5F5;--gf-color-secondary-lighter: #FFFFFF;--gf-color-out-ctrl-light: rgba(17, 35, 55, 0.1);--gf-color-out-ctrl-light-rgb: 17, 35, 55;--gf-color-out-ctrl-light-darker: rgba(104, 110, 119, 0.35);--gf-color-out-ctrl-light-lighter: #F5F5F5;--gf-color-out-ctrl-dark: #585e6a;--gf-color-out-ctrl-dark-rgb: 88, 94, 106;--gf-color-out-ctrl-dark-darker: #112337;--gf-color-out-ctrl-dark-lighter: rgba(17, 35, 55, 0.65);--gf-color-in-ctrl: #fff;--gf-color-in-ctrl-rgb: 255, 255, 255;--gf-color-in-ctrl-contrast: #112337;--gf-color-in-ctrl-contrast-rgb: 17, 35, 55;--gf-color-in-ctrl-darker: #F5F5F5;--gf-color-in-ctrl-lighter: #FFFFFF;--gf-color-in-ctrl-primary: #204ce5;--gf-color-in-ctrl-primary-rgb: 32, 76, 229;--gf-color-in-ctrl-primary-contrast: #fff;--gf-color-in-ctrl-primary-contrast-rgb: 255, 255, 255;--gf-color-in-ctrl-primary-darker: #001AB3;--gf-color-in-ctrl-primary-lighter: #527EFF;--gf-color-in-ctrl-light: rgba(17, 35, 55, 0.1);--gf-color-in-ctrl-light-rgb: 17, 35, 55;--gf-color-in-ctrl-light-darker: rgba(104, 110, 119, 0.35);--gf-color-in-ctrl-light-lighter: #F5F5F5;--gf-color-in-ctrl-dark: #585e6a;--gf-color-in-ctrl-dark-rgb: 88, 94, 106;--gf-color-in-ctrl-dark-darker: #112337;--gf-color-in-ctrl-dark-lighter: rgba(17, 35, 55, 0.65);--gf-radius: 3px;--gf-font-size-secondary: 14px;--gf-font-size-tertiary: 13px;--gf-icon-ctrl-number: url(\"data:image\/svg+xml,%3Csvg width='8' height='14' viewBox='0 0 8 14' fill='none' xmlns='http:\/\/www.w3.org\/2000\/svg'%3E%3Cpath fill-rule='evenodd' clip-rule='evenodd' d='M4 0C4.26522 5.96046e-08 4.51957 0.105357 4.70711 0.292893L7.70711 3.29289C8.09763 3.68342 8.09763 4.31658 7.70711 4.70711C7.31658 5.09763 6.68342 5.09763 6.29289 4.70711L4 2.41421L1.70711 4.70711C1.31658 5.09763 0.683417 5.09763 0.292893 4.70711C-0.0976311 4.31658 -0.097631 3.68342 0.292893 3.29289L3.29289 0.292893C3.48043 0.105357 3.73478 0 4 0ZM0.292893 9.29289C0.683417 8.90237 1.31658 8.90237 1.70711 9.29289L4 11.5858L6.29289 9.29289C6.68342 8.90237 7.31658 8.90237 7.70711 9.29289C8.09763 9.68342 8.09763 10.3166 7.70711 10.7071L4.70711 13.7071C4.31658 14.0976 3.68342 14.0976 3.29289 13.7071L0.292893 10.7071C-0.0976311 10.3166 -0.0976311 9.68342 0.292893 9.29289Z' fill='rgba(17, 35, 55, 0.65)'\/%3E%3C\/svg%3E\");--gf-icon-ctrl-select: url(\"data:image\/svg+xml,%3Csvg width='10' height='6' viewBox='0 0 10 6' fill='none' xmlns='http:\/\/www.w3.org\/2000\/svg'%3E%3Cpath fill-rule='evenodd' clip-rule='evenodd' d='M0.292893 0.292893C0.683417 -0.097631 1.31658 -0.097631 1.70711 0.292893L5 3.58579L8.29289 0.292893C8.68342 -0.0976311 9.31658 -0.0976311 9.70711 0.292893C10.0976 0.683417 10.0976 1.31658 9.70711 1.70711L5.70711 5.70711C5.31658 6.09763 4.68342 6.09763 4.29289 5.70711L0.292893 1.70711C-0.0976311 1.31658 -0.0976311 0.683418 0.292893 0.292893Z' fill='rgba(17, 35, 55, 0.65)'\/%3E%3C\/svg%3E\");--gf-icon-ctrl-search: url(\"data:image\/svg+xml,%3Csvg width='640' height='640' xmlns='http:\/\/www.w3.org\/2000\/svg'%3E%3Cpath d='M256 128c-70.692 0-128 57.308-128 128 0 70.691 57.308 128 128 128 70.691 0 128-57.309 128-128 0-70.692-57.309-128-128-128zM64 256c0-106.039 85.961-192 192-192s192 85.961 192 192c0 41.466-13.146 79.863-35.498 111.248l154.125 154.125c12.496 12.496 12.496 32.758 0 45.254s-32.758 12.496-45.254 0L367.248 412.502C335.862 434.854 297.467 448 256 448c-106.039 0-192-85.962-192-192z' fill='rgba(17, 35, 55, 0.65)'\/%3E%3C\/svg%3E\");--gf-label-space-y-secondary: var(--gf-label-space-y-md-secondary);--gf-ctrl-border-color: #686e77;--gf-ctrl-size: var(--gf-ctrl-size-md);--gf-ctrl-label-color-primary: #112337;--gf-ctrl-label-color-secondary: #112337;--gf-ctrl-choice-size: var(--gf-ctrl-choice-size-md);--gf-ctrl-checkbox-check-size: var(--gf-ctrl-checkbox-check-size-md);--gf-ctrl-radio-check-size: var(--gf-ctrl-radio-check-size-md);--gf-ctrl-btn-font-size: var(--gf-ctrl-btn-font-size-md);--gf-ctrl-btn-padding-x: var(--gf-ctrl-btn-padding-x-md);--gf-ctrl-btn-size: var(--gf-ctrl-btn-size-md);--gf-ctrl-btn-border-color-secondary: #686e77;--gf-ctrl-file-btn-bg-color-hover: #EBEBEB;--gf-field-img-choice-size: var(--gf-field-img-choice-size-md);--gf-field-img-choice-card-space: var(--gf-field-img-choice-card-space-md);--gf-field-img-choice-check-ind-size: var(--gf-field-img-choice-check-ind-size-md);--gf-field-img-choice-check-ind-icon-size: var(--gf-field-img-choice-check-ind-icon-size-md);--gf-field-pg-steps-number-color: rgba(17, 35, 55, 0.8);}<\/style><form method='post' enctype='multipart\/form-data'  id='gform_2'  action='\/pt-pt\/wp-json\/wp\/v2\/posts\/8627' data-formid='2' novalidate> \r\n <input type='hidden' class='gforms-pum' value='{\"closepopup\":false,\"closedelay\":0,\"openpopup\":false,\"openpopup_id\":0}' \/>\n                        <div class='gform-body gform_body'><div id='gform_fields_2' class='gform_fields top_label form_sublabel_below description_below validation_below'><div id=\"field_2_1\" class=\"gfield gfield--type-website gfield--input-type-website field_sublabel_below gfield--no-description field_description_below field_validation_below gfield_visibility_hidden\"  ><div class=\"admin-hidden-markup\"><i class=\"gform-icon gform-icon--hidden\" aria-hidden=\"true\" title=\"Este campo est\u00e1 escondido ao visualizar o formul\u00e1rio\"><\/i><span>Este campo est\u00e1 escondido ao visualizar o formul\u00e1rio<\/span><\/div><label class='gfield_label gform-field-label' for='input_2_1'>Site Web<\/label><div class='ginput_container ginput_container_website'>\n                    <input name='input_1' id='input_2_1' type='url' value='https:\/\/canarias-lovers.com\/pt-pt\/wp-json\/wp\/v2\/posts\/8627' class='large'    placeholder='https:\/\/'  aria-invalid=\"false\" \/>\n                <\/div><\/div><div id=\"field_2_3\" class=\"gfield gfield--type-email gfield--input-type-email gfield--width-full gfield_contains_required field_sublabel_below gfield--no-description field_description_below hidden_label field_validation_below gfield_visibility_visible\"  ><label class='gfield_label gform-field-label' for='input_2_3'>E-mail<span class=\"gfield_required\"><span class=\"gfield_required gfield_required_text\">(Obrigat\u00f3rio)<\/span><\/span><\/label><div class='ginput_container ginput_container_email'>\n                            <input name='input_3' id='input_2_3' type='email' value='' class='large'    aria-required=\"true\" aria-invalid=\"false\"  \/>\n                        <\/div><\/div><\/div><\/div>\n        <div class='gform-footer gform_footer top_label'> <input type='submit' id='gform_submit_button_2' class='gform_button button' onclick='gform.submission.handleButtonClick(this);' data-submission-type='submit' value='Subscrever'  \/> \n            <input type='hidden' class='gform_hidden' name='gform_submission_method' data-js='gform_submission_method_2' value='postback' \/>\n            <input type='hidden' class='gform_hidden' name='gform_theme' data-js='gform_theme_2' id='gform_theme_2' value='orbital' \/>\n            <input type='hidden' class='gform_hidden' name='gform_style_settings' data-js='gform_style_settings_2' id='gform_style_settings_2' value='{&quot;inputPrimaryColor&quot;:&quot;#204ce5&quot;}' \/>\n            <input type='hidden' class='gform_hidden' name='is_submit_2' value='1' \/>\n            <input type='hidden' class='gform_hidden' name='gform_submit' value='2' \/>\n            \n            <input type='hidden' class='gform_hidden' name='gform_currency' data-currency='EUR' value='fk0H7US\/HcZlgI5RNjdEfr33X0YP3TVSpN8MJix\/xu2dRELHRq38\/MeAzrT43IxT1oleQy8AR6YgAAWG63G0Aw9gBReh\/U32Zcsd0lD1cg5cpYI=' \/>\n            <input type='hidden' class='gform_hidden' name='gform_unique_id' value='' \/>\n            <input type='hidden' class='gform_hidden' name='state_2' value='WyJbXSIsImYwNjdmM2RlZjkzZGI5YjM2NWY4ZmY4ZDRhNWY0OGY0Il0=' \/>\n            <input type='hidden' autocomplete='off' class='gform_hidden' name='gform_target_page_number_2' id='gform_target_page_number_2' value='0' \/>\n            <input type='hidden' autocomplete='off' class='gform_hidden' name='gform_source_page_number_2' id='gform_source_page_number_2' value='1' \/>\n            <input type='hidden' name='gform_field_values' value='' \/>\n            \n        <\/div>\n                        <\/form>\n                        <\/div><script>\ngform.initializeOnLoaded( function() {gformInitSpinner( 2, 'https:\/\/canarias-lovers.com\/wp-content\/plugins\/gravityforms\/images\/spinner.svg', false );jQuery('#gform_ajax_frame_2').on('load',function(){var contents = jQuery(this).contents().find('*').html();var is_postback = contents.indexOf('GF_AJAX_POSTBACK') >= 0;if(!is_postback){return;}var form_content = jQuery(this).contents().find('#gform_wrapper_2');var is_confirmation = jQuery(this).contents().find('#gform_confirmation_wrapper_2').length > 0;var is_redirect = contents.indexOf('gformRedirect(){') >= 0;var is_form = form_content.length > 0 && ! is_redirect && ! is_confirmation;var mt = parseInt(jQuery('html').css('margin-top'), 10) + parseInt(jQuery('body').css('margin-top'), 10) + 100;if(is_form){jQuery('#gform_wrapper_2').html(form_content.html());if(form_content.hasClass('gform_validation_error')){jQuery('#gform_wrapper_2').addClass('gform_validation_error');} else {jQuery('#gform_wrapper_2').removeClass('gform_validation_error');}setTimeout( function() { \/* delay the scroll by 50 milliseconds to fix a bug in chrome *\/  }, 50 );if(window['gformInitDatepicker']) {gformInitDatepicker();}if(window['gformInitPriceFields']) {gformInitPriceFields();}var current_page = jQuery('#gform_source_page_number_2').val();gformInitSpinner( 2, 'https:\/\/canarias-lovers.com\/wp-content\/plugins\/gravityforms\/images\/spinner.svg', false );jQuery(document).trigger('gform_page_loaded', [2, current_page]);window['gf_submitting_2'] = false;}else if(!is_redirect){var confirmation_content = jQuery(this).contents().find('.GF_AJAX_POSTBACK').html();if(!confirmation_content){confirmation_content = contents;}jQuery('#gform_wrapper_2').replaceWith(confirmation_content);jQuery(document).trigger('gform_confirmation_loaded', [2]);window['gf_submitting_2'] = false;wp.a11y.speak(jQuery('#gform_confirmation_message_2').text());}else{jQuery('#gform_2').append(contents);if(window['gformRedirect']) {gformRedirect();}}jQuery(document).trigger(\"gform_pre_post_render\", [{ formId: \"2\", currentPage: \"current_page\", abort: function() { this.preventDefault(); } }]);        if (event && event.defaultPrevented) {                return;        }        const gformWrapperDiv = document.getElementById( \"gform_wrapper_2\" );        if ( gformWrapperDiv ) {            const visibilitySpan = document.createElement( \"span\" );            visibilitySpan.id = \"gform_visibility_test_2\";            gformWrapperDiv.insertAdjacentElement( \"afterend\", visibilitySpan );        }        const visibilityTestDiv = document.getElementById( \"gform_visibility_test_2\" );        let postRenderFired = false;        function triggerPostRender() {            if ( postRenderFired ) {                return;            }            postRenderFired = true;            gform.core.triggerPostRenderEvents( 2, current_page );            if ( visibilityTestDiv ) {                visibilityTestDiv.parentNode.removeChild( visibilityTestDiv );            }        }        function debounce( func, wait, immediate ) {            var timeout;            return function() {                var context = this, args = arguments;                var later = function() {                    timeout = null;                    if ( !immediate ) func.apply( context, args );                };                var callNow = immediate && !timeout;                clearTimeout( timeout );                timeout = setTimeout( later, wait );                if ( callNow ) func.apply( context, args );            };        }        const debouncedTriggerPostRender = debounce( function() {            triggerPostRender();        }, 200 );        if ( visibilityTestDiv && visibilityTestDiv.offsetParent === null ) {            const observer = new MutationObserver( ( mutations ) => {                mutations.forEach( ( mutation ) => {                    if ( mutation.type === 'attributes' && visibilityTestDiv.offsetParent !== null ) {                        debouncedTriggerPostRender();                        observer.disconnect();                    }                });            });            observer.observe( document.body, {                attributes: true,                childList: false,                subtree: true,                attributeFilter: [ 'style', 'class' ],            });        } else {            triggerPostRender();        }    } );} );\n<\/script>\n<\/div>\n\n\n\n<div class=\"wp-block-column is-layout-flow wp-block-column-is-layout-flow\" style=\"flex-basis:42%\">\n<div class=\"wp-block-genesis-blocks-gb-container ebook-radius-waitlist gb-block-container\"><div class=\"gb-container-inside\"><div class=\"gb-container-content\"><div class=\"wp-block-image ebook-image\">\n<figure class=\"aligncenter size-large\"><img decoding=\"async\" src=\"https:\/\/loirelovers.fr\/wp-content\/uploads\/2023\/03\/ebooks_CorseNormandie_FR.png\" alt=\"Caixa Ebook C&#xF3;rsega FR\"\/><\/figure>\n<\/div><\/div><\/div><\/div>\n<\/div>\n<\/div>\n<\/div><\/div><\/div>\n\n<h3 class=\"wp-block-heading\">Visitas com crian\u00e7as<\/h3>\n\n<p>O Cenobio de Valer\u00f3n agradar\u00e1 \u00e0s crian\u00e7as curiosas, gra\u00e7as ao seu aspeto de &#8220;caverna&#8221; e \u00e0 espetacular face do penhasco. No entanto, a visita \u00e9 essencialmente contemplativa e os pain\u00e9is explicativos destinam-se a um p\u00fablico adulto. N\u00e3o not\u00e1mos a exist\u00eancia de instala\u00e7\u00f5es l\u00fadicas para os visitantes mais jovens. Tenha cuidado nas escadas; \u00e9 essencial vigiar as crian\u00e7as pequenas.<\/p>\n\n<h3 class=\"wp-block-heading\">Hor\u00e1rio de abertura e pre\u00e7os<\/h3>\n\n<ul class=\"wp-block-list\">\n<li>O Cenobio de Valer\u00f3n est\u00e1 aberto de ter\u00e7a-feira a domingo, das 10h00 \u00e0s 17h00 no inverno e das 10h00 \u00e0s 18h00 no ver\u00e3o.<\/li>\n\n\n\n<li>O s\u00edtio est\u00e1 encerrado \u00e0s segundas-feiras.  <\/li>\n\n\n\n<li>Pre\u00e7o: 3 euros<\/li>\n\n\n\n<li>Visite o s\u00edtio Web oficial para obter mais informa\u00e7\u00f5es <a href=\"http:\/\/www.arqueologiacanaria.com\/cenobio_de_valeron\/cenobiodevaleron.html\" target=\"_blank\" rel=\"noreferrer noopener nofollow\">.<\/a><\/li>\n<\/ul>\n\n<h3 class=\"wp-block-heading\">Visitas guiadas<\/h3>\n\n<p>A visita \u00e9 auto-guiada, com pain\u00e9is explicativos ao longo do percurso. Est\u00e3o escritas em espanhol e ingl\u00eas. O Cabildo de Gran Canaria pode organizar periodicamente visitas guiadas; informe-se junto do posto de turismo local sobre as datas e a disponibilidade.<\/p>\n\n<figure class=\"wp-block-image size-large\"><img decoding=\"async\" src=\"https:\/\/photos.smugmug.com\/Canarias-Lovers\/Gran-Canaria\/Galdar\/Cenobio-valeron\/i-QXdqpfc\/0\/LTQCcsF8sXFj8xbF6dTc6LzvDb3dRQfsR982Gdsdz\/L\/Cenobio_Valeron-13-L.jpg\" alt=\"Cenobio de Valer&#xF3;n - painel explicativo\"\/><\/figure>\n\n<h3 class=\"wp-block-heading\">Restaura\u00e7\u00e3o<\/h3>\n\n<p>N\u00e3o existem instala\u00e7\u00f5es de restaura\u00e7\u00e3o no s\u00edtio do Cenobio de Valer\u00f3n.  <\/p>\n\n<h2 class=\"wp-block-heading\"><span class=\"ez-toc-section\" id=\"Um_sotao_coletivo_impressionante\"><\/span>Um s\u00f3t\u00e3o coletivo impressionante<span class=\"ez-toc-section-end\"><\/span><\/h2>\n\n<p>O Cenobio de Valer\u00f3n chama a aten\u00e7\u00e3o pelo seu tamanho. A imensa ab\u00f3bada natural, com quase 30 metros de altura, alberga uma densa rede de cavidades esculpidas no tufo vulc\u00e2nico. Quanto mais se aproxima do local, mais impressionantes se tornam as suas dimens\u00f5es. Pela nossa parte, fic\u00e1mos impressionados com o contraste entre a rudeza da rocha e a precis\u00e3o da escultura. Cada silo tem a sua pr\u00f3pria forma, adaptada ao relevo da parede.<\/p>\n\n<h3 class=\"wp-block-heading\">Os silos e a sua fun\u00e7\u00e3o<\/h3>\n\n<p>Os mais de 300 silos que constituem o Cenobio de Valer\u00f3n eram utilizados para armazenar culturas, principalmente cevada e trigo. Cada cavidade era fechada por uma porta de madeira ou de pedra, cujos sulcos podem ainda ser vistos esculpidos na rocha. Este sistema permitiu \u00e0s v\u00e1rias fam\u00edlias da comunidade armazenar os seus cereais em seguran\u00e7a, protegidos da humidade e das pragas. Observ\u00e1mos que os silos estavam dispostos em v\u00e1rios n\u00edveis, acess\u00edveis por um sistema de por\u00f5es cortados na parede que funcionavam como degraus. Olhe para cima para apreciar a escala desta disposi\u00e7\u00e3o vertical, que testemunha uma organiza\u00e7\u00e3o colectiva not\u00e1vel.<\/p>\n\n<figure class=\"wp-block-image size-large\"><img decoding=\"async\" src=\"https:\/\/photos.smugmug.com\/Canarias-Lovers\/Gran-Canaria\/Galdar\/Cenobio-valeron\/i-2MGbBn3\/0\/NRZLHb5zKGHZvqFV9px8NvWq4xDPrZ5nwRbpgfcx2\/L\/Cenobio_Valeron-24-L.jpg\" alt=\"Cenobio de Valer&#xF3;n - Os silos e a sua fun&#xE7;&#xE3;o\"\/><\/figure>\n\n<h3 class=\"wp-block-heading\">O cofre natural<\/h3>\n\n<p>O arco rochoso que protege o celeiro \u00e9, por si s\u00f3, uma carater\u00edstica geol\u00f3gica not\u00e1vel. Formada pela eros\u00e3o do tufo vulc\u00e2nico, esta cavidade natural oferecia aos abor\u00edgenes um abrigo ideal para conservar as suas reservas alimentares. A rocha porosa regula naturalmente a temperatura e a humidade, criando condi\u00e7\u00f5es de armazenamento ideais.  <\/p>\n\n<p>Sentimo-nos agradavelmente frescos quando entramos no cofre, mesmo num dia quente. Contemple os estratos de rocha vulc\u00e2nica, cuja cor varia do ocre ao cinzento, para melhor compreender a forma\u00e7\u00e3o geol\u00f3gica do s\u00edtio.<\/p>\n\n<figure class=\"wp-block-image size-large\"><img decoding=\"async\" src=\"https:\/\/photos.smugmug.com\/Canarias-Lovers\/Gran-Canaria\/Galdar\/Cenobio-valeron\/i-D2vbXb6\/0\/MRsfTTnXNpJLGMt3Mwx5CTLLtbW5Fk5XcknKh262V\/L\/Cenobio_Valeron-15-L.jpg\" alt=\"Cenobio de Valer&#xF3;n - O cofre natural\"\/><\/figure>\n\n<div style=\"margin-top:8%;margin-bottom:8%\" class=\"wp-block-genesis-blocks-gb-container box gb-block-container\"><div class=\"gb-container-inside\"><div class=\"gb-container-content\">\n<div class=\"wp-block-columns inverse is-layout-flex wp-container-core-columns-is-layout-9d6595d7 wp-block-columns-is-layout-flex\">\n<div class=\"wp-block-column texte_planif is-layout-flow wp-block-column-is-layout-flow\" style=\"flex-basis:58%\">\n<h5 class=\"titre_box\" style=\"padding-top:10px\">Divers\u00e3o na Gran Canaria<span class=\"titre_box_manuscrit\">: actividades<\/span><\/h5>\n\n\n\n<p style=\"font-size:16px\"><a href=\"https:\/\/www.getyourguide.pt\/s\/?q=Gran+Canaria+dauphins&amp;searchSource=3&amp;partner_id=R3GYW4V&amp;cmp=CAL\" target=\"_blank\" rel=\"noreferrer noopener sponsored nofollow\">Observa\u00e7\u00e3o de golfinhos<\/a><br\/><a href=\"https:\/\/www.getyourguide.pt\/grande-canarie-l418\/grande-canarie-circuit-guide-en-buggy-t212850\/?partner_id=R3GYW4V&amp;cmp=CAL\" target=\"_blank\" rel=\"noreferrer noopener sponsored nofollow\">Buggy \/ Quad<\/a><br\/><a href=\"https:\/\/www.getyourguide.pt\/grande-canarie-l418\/las-palmas-sortie-de-snorkeling-de-3-h-a-las-canteras-t214674\/?partner_id=R3GYW4V&amp;cmp=CAL\" target=\"_blank\" rel=\"noreferrer noopener sponsored nofollow\">Snorkeling<\/a><br\/><a href=\"https:\/\/www.getyourguide.pt\/grande-canarie-l418\/las-palmas-excursion-en-kayak-au-coucher-du-soleil-et-plongee-en-apnee-t427329\/?partner_id=R3GYW4V&amp;cmp=CAL\" target=\"_blank\" rel=\"noreferrer noopener sponsored nofollow\">Passeio de caiaque nas grutas de Mogan<\/a><br\/>Mas tamb\u00e9m: Canyoning, Equita\u00e7\u00e3o, Via Ferrata, Coasteering&#8230;  <a href=\"https:\/\/www.getyourguide.pt\/s?q=Gran+Canaria&amp;searchSource=8&amp;themes=adrenaline-water_sports-water_activities&amp;partner_id=R3GYW4V&amp;cmp=CAL\" target=\"_blank\" rel=\"noreferrer noopener sponsored nofollow\"><\/a><a href=\"https:\/\/www.getyourguide.pt\/s?q=Gran+Canaria&amp;searchSource=8&amp;themes=adrenaline-water_sports-water_activities&amp;partner_id=R3GYW4V&amp;cmp=CAL\">Ver todas as op\u00e7\u00f5es<\/a><br\/><\/p>\n<\/div>\n\n\n\n<div class=\"wp-block-column ville-radius is-layout-flow wp-block-column-is-layout-flow\" style=\"flex-basis:42%\">\n<figure class=\"wp-block-image size-large img-portrait\"><img decoding=\"async\" src=\"https:\/\/photos.smugmug.com\/Canarias-Lovers\/Gran-Canaria\/Dolphins\/i-jm9TqbK\/0\/FfCW9g6J4ktRThBvpCKBJj4hF9RmM25RzS56zgJqN\/S\/Gran-Canaria-dolphins-S.jpg\" alt=\"Golfinhos na Gran Canaria\" title=\"\"\/><\/figure>\n<\/div>\n<\/div>\n<\/div><\/div><\/div>\n\n<h2 class=\"wp-block-heading\"><span class=\"ez-toc-section\" id=\"Nas_pegadas_dos_aborigenes_das_Canarias\"><\/span>Nas pegadas dos abor\u00edgenes das Can\u00e1rias<span class=\"ez-toc-section-end\"><\/span><\/h2>\n\n<p>Para al\u00e9m do aspeto monumental do s\u00f3t\u00e3o, uma visita ao Cenobio de Valer\u00f3n \u00e9 uma oportunidade para mergulhar na vida quotidiana dos antigos habitantes da Gran Canaria. Os pain\u00e9is explicativos do percurso reconstituem a vida desta civiliza\u00e7\u00e3o pr\u00e9-hisp\u00e2nica, de origem berbere, que povoou a ilha muito antes da chegada dos espanh\u00f3is.<\/p>\n\n<h3 class=\"wp-block-heading\">Sociedade pr\u00e9-hisp\u00e2nica da Gran Canaria<\/h3>\n\n<p>Os abor\u00edgenes da Gran Canaria, tamb\u00e9m conhecidos como <em>Canarii<\/em>, formaram uma sociedade organizada em torno da agricultura e da cria\u00e7\u00e3o de gado. O celeiro coletivo reflecte esta estrutura comunit\u00e1ria: cada fam\u00edlia tinha os seus pr\u00f3prios silos, mas o conjunto era gerido e protegido pela comunidade.  <\/p>\n\n<p>Ach\u00e1mos particularmente interessante descobrir que a posse de um silo no s\u00f3t\u00e3o correspondia a um estatuto social no seio do grupo. Os pain\u00e9is do s\u00edtio explicam igualmente o papel dos <em>guaires<\/em> (chefes de distrito) na administra\u00e7\u00e3o do celeiro. Ir\u00e1 apreciar a riqueza de informa\u00e7\u00e3o que d\u00e1 sentido a cada gruta que v\u00ea.<\/p>\n\n<figure class=\"wp-block-image size-large\"><img decoding=\"async\" src=\"https:\/\/photos.smugmug.com\/Canarias-Lovers\/Gran-Canaria\/Galdar\/Cenobio-valeron\/i-b3tLbrf\/0\/KKtrj9FCCDZrhkRN9wFNLJqzzccBgPqpbqzMtfbhW\/L\/Cenobio_Valeron-22-L.jpg\" alt=\"Gruta e povoa&#xE7;&#xE3;o\"\/><\/figure>\n\n<h3 class=\"wp-block-heading\">A lenda dos harimaguadas<\/h3>\n\n<p>Durante s\u00e9culos, uma lenda tenaz atribuiu o Cenobio de Valer\u00f3n a um convento de jovens sacerdotisas virgens conhecidas como <em>harimaguadas<\/em>. Segundo esta tradi\u00e7\u00e3o, viveram a\u00ed como reclusos, dedicando-se a rituais sagrados antes do seu casamento. O termo &#8220;cen\u00f3bio&#8221;, que significa mosteiro, prov\u00e9m desta cren\u00e7a. As escava\u00e7\u00f5es confirmaram a sua fun\u00e7\u00e3o de celeiro coletivo. Pode encontrar estas explica\u00e7\u00f5es pormenorizadas nas placas de sinaliza\u00e7\u00e3o do s\u00edtio.<\/p>\n\n<h2 class=\"wp-block-heading\"><span class=\"ez-toc-section\" id=\"O_panorama_e_a_zona_envolvente\"><\/span>O panorama e a zona envolvente<span class=\"ez-toc-section-end\"><\/span><\/h2>\n\n<p>A visita ao Cenobio de Valer\u00f3n n\u00e3o se limita \u00e0s grutas. O cen\u00e1rio natural que rodeia o local vale por si s\u00f3 uma visita. Empoleirado na encosta de uma montanha, o s\u00f3t\u00e3o oferece vistas ininterruptas do norte da Gran Canaria.<\/p>\n\n<h3 class=\"wp-block-heading\">O miradouro<\/h3>\n\n<p>A partir do miradouro situado no percurso do passeio, pode desfrutar de uma vista panor\u00e2mica da costa norte de Gran Canaria. Num dia claro, poder\u00e1 ver o Oceano Atl\u00e2ntico no horizonte, os campos em socalcos que se inclinam para o mar e os telhados da aldeia de Gu\u00eda l\u00e1 em baixo. Esta vista revela tamb\u00e9m a posi\u00e7\u00e3o estrat\u00e9gica do celeiro: elevado e vis\u00edvel ao longe, dominava as terras cultivadas do vale.  <\/p>\n\n<figure class=\"wp-block-image size-large\"><img decoding=\"async\" src=\"https:\/\/photos.smugmug.com\/Canarias-Lovers\/Gran-Canaria\/Galdar\/Cenobio-valeron\/i-ZRS2MFw\/0\/LgzgJL3HX5H8RPHT5fvbGsKFZdR3D8NC6w6gjLZBs\/L\/Cenobio_Valeron-08-L.jpg\" alt=\"Cenobio de Valer&#xF3;n - O miradouro\"\/><\/figure>\n\n<h3 class=\"wp-block-heading\">Fauna e flora<\/h3>\n\n<p>Tamb\u00e9m pode descobrir mais sobre a flora e a fauna que rodeiam o local em pain\u00e9is:<\/p>\n\n<ul class=\"wp-block-list\">\n<li>aves<\/li>\n\n\n\n<li>lagartos<\/li>\n\n\n\n<li>suculentas<\/li>\n\n\n\n<li>arbustos<\/li>\n\n\n\n<li>e os dragoeiros!<\/li>\n<\/ul>\n\n<figure class=\"wp-block-image size-large\"><img decoding=\"async\" src=\"https:\/\/photos.smugmug.com\/Canarias-Lovers\/Gran-Canaria\/Galdar\/Cenobio-valeron\/i-Qvdh2FD\/0\/K3K6bqNCbv5S47MhBbSrTMJcg4HVxjC6SBvmFhrFG\/L\/Cenobio_Valeron-09-L.jpg\" alt=\"\"\/><\/figure>\n\n<h2 class=\"wp-block-heading\"><span class=\"ez-toc-section\" id=\"O_que_pode_ver_na_zona\"><\/span>O que pode ver na zona?<span class=\"ez-toc-section-end\"><\/span><\/h2>\n\n<p>Se quiser explorar mais a regi\u00e3o, h\u00e1 uma s\u00e9rie de locais de interesse nas proximidades. A cidade de <a href=\"https:\/\/canarias-lovers.com\/pt-pt\/o-que-fazer-galdar-gran-canaria-visitar\/\" type=\"post\" id=\"3530\" target=\"_blank\" rel=\"noreferrer noopener\">G\u00e1ldar<\/a>, a 10 minutos de carro, alberga o Museo y Parque Arqueol\u00f3gico Cueva Pintada, outro importante vest\u00edgio da civiliza\u00e7\u00e3o abor\u00edgene.<\/p>\n\n<figure class=\"wp-block-image size-large\"><img decoding=\"async\" src=\"https:\/\/photos.smugmug.com\/Canarias-Lovers\/Gran-Canaria\/Best\/Archaeological-sites\/i-SWR9Dgs\/0\/NfpV3cQ6zWTMf4S9CwRZcHbf7ZstczZXWf8xkP3c2\/L\/painted-cave-L.jpg\" alt=\"Cueva Pintada\"\/><\/figure>\n\n<h2 class=\"wp-block-heading\"><span class=\"ez-toc-section\" id=\"Perguntas_mais_frequentes\"><\/span>Perguntas mais frequentes<span class=\"ez-toc-section-end\"><\/span><\/h2>\n\n<h3 class=\"wp-block-heading\">Porque \u00e9 que o s\u00edtio se chama &#8220;Cenobio&#8221;?<\/h3>\n\n<p>A palavra &#8220;cenobio&#8221; significa mosteiro ou convento. O nome prov\u00e9m de uma antiga lenda segundo a qual o local albergava um convento de jovens sacerdotisas abor\u00edgenes, as <em>harimaguadas<\/em>. As investiga\u00e7\u00f5es arqueol\u00f3gicas revelaram, entretanto, que o local era, de facto, um celeiro coletivo utilizado para armazenar cereais. Mas o nome pegou.<\/p>\n\n<h3 class=\"wp-block-heading\">O Cenobio de Valer\u00f3n \u00e9 acess\u00edvel a pessoas com mobilidade reduzida?<\/h3>\n\n<p>Infelizmente, o s\u00edtio n\u00e3o \u00e9 adequado para pessoas com mobilidade reduzida. O percurso inclui escadas escavadas na rocha e um terreno irregular. Para aceder \u00e0s grutas, deve subir v\u00e1rios degraus. No entanto, recomendamos-lhe que contacte o Cabildo de Gran Canaria para verificar se foram introduzidas melhorias desde a nossa visita.<\/p>\n\n<div style=\"margin-top:8%;margin-bottom:8%\" class=\"wp-block-genesis-blocks-gb-container box gb-block-container\"><div class=\"gb-container-inside\"><div class=\"gb-container-content\" style=\"max-width:700px\">\n<div class=\"wp-block-genesis-blocks-gb-container box_titre gb-block-container\"><div class=\"gb-container-inside\"><div class=\"gb-container-content\">\n<h5 class=\"titre_box\"><span>PLANEAR<\/span> A SUA VIAGEM PARA <span class=\"titre_box_manuscrit\">gran canaria<\/span><\/h5>\n<\/div><\/div><\/div>\n\n\n\n<hr class=\"wp-block-separator has-text-color has-alpha-channel-opacity has-background is-style-wide hr-box-planif\" style=\"background-color:#ccd3dd;color:#ccd3dd\"\/>\n\n\n\n<div class=\"wp-block-columns box_sans_border is-layout-flex wp-container-core-columns-is-layout-9d6595d7 wp-block-columns-is-layout-flex\">\n<div class=\"wp-block-column texte_planif is-layout-flow wp-block-column-is-layout-flow\" style=\"font-size:14px;flex-basis:60%\">\n<ul class=\"wp-block-list\">\n<li><strong>Best-of<\/strong><\/li>\n<\/ul>\n\n\n\n<p class=\"ul_box\" style=\"font-size:14px\"><a href=\"https:\/\/canarias-lovers.com\/pt-pt\/o-que-fazer-gran-canaria-visita\/\" target=\"_blank\" rel=\"noreferrer noopener\">O que fazer em Gran Canaria<\/a><br\/><a href=\"https:\/\/canarias-lovers.com\/pt-pt\/paisagens-granadas-canarias-fotos\/\" target=\"_blank\" rel=\"noreferrer noopener\">As mais belas paisagens<\/a><br\/><a href=\"https:\/\/canarias-lovers.com\/pt-pt\/cidades-mais-bonitas-vilas-de-gran-canarias\/\" target=\"_blank\" rel=\"noreferrer noopener\">As cidades e aldeias mais bonitas<\/a><br\/><a href=\"https:\/\/canarias-lovers.com\/pt-pt\/mais-belezas-praias-gran-canaria\/\" target=\"_blank\" rel=\"noreferrer noopener\">As praias mais bonitas<\/a><br\/><a href=\"https:\/\/canarias-lovers.com\/pt-pt\/piscinas-naturais-granjas-canarias-lagunas\/\" target=\"_blank\" rel=\"noreferrer noopener\">As melhores piscinas naturais<\/a><br\/><a href=\"https:\/\/canarias-lovers.com\/pt-pt\/sitios-arqueologicos-gran-canaria\/\" target=\"_blank\" rel=\"noreferrer noopener\">S\u00edtios arqueol\u00f3gicos<\/a><br\/><a href=\"https:\/\/canarias-lovers.com\/pt-pt\/melhores-museus-gran-canaria\/\" target=\"_blank\" rel=\"noreferrer noopener\">Os melhores museus<\/a><br\/><a href=\"https:\/\/canarias-lovers.com\/pt-pt\/meilleures-excursions-bateau-gran-canaria-2\/\" target=\"_blank\" rel=\"noreferrer noopener\">Os melhores passeios de barco<\/a><br\/><a href=\"https:\/\/canarias-lovers.com\/pt-pt\/locais-secretos-gran-canaria\/\" target=\"_blank\" rel=\"noreferrer noopener\">Lugares secretos, fora dos circuitos habituais<\/a><\/p>\n<\/div>\n\n\n\n<div class=\"wp-block-column is-vertically-aligned-top planif-radius is-layout-flow wp-block-column-is-layout-flow\" style=\"flex-basis:40%\">\n<figure class=\"wp-block-image size-large img-portrait\"><img decoding=\"async\" src=\"https:\/\/photos.smugmug.com\/Canarias-Lovers\/Gran-Canaria\/Best-of\/i-8qV2fwm\/0\/98eb2a07\/S\/Roque-Nublo-S.jpg\" alt=\"Roque Nublo\" title=\"\"\/><\/figure>\n<\/div>\n<\/div>\n\n\n\n<hr class=\"wp-block-separator has-text-color has-alpha-channel-opacity has-background is-style-wide hr-box-planif\" style=\"background-color:#ccd3dd;color:#ccd3dd\"\/>\n\n\n\n<div class=\"wp-block-columns box_sans_border is-layout-flex wp-container-core-columns-is-layout-9d6595d7 wp-block-columns-is-layout-flex\">\n<div class=\"wp-block-column texte_planif is-layout-flow wp-block-column-is-layout-flow\" style=\"flex-basis:60%\">\n<ul class=\"wp-block-list\">\n<li><strong>Conselhos pr\u00e1ticos<\/strong><\/li>\n<\/ul>\n\n\n\n<p style=\"font-size:14px\"><a href=\"https:\/\/canarias-lovers.com\/pt-pt\/guia-viagem-gran-canaria-dicas\/\" target=\"_blank\" rel=\"noreferrer noopener\">25 conselhos para uma viagem bem sucedida \u00e0 Gran Canaria<\/a><br\/><a href=\"https:\/\/canarias-lovers.com\/pt-pt\/quando-ir-gran-canaria-melhor-epoca-tempo\/\" target=\"_blank\" rel=\"noreferrer noopener\">Quando \u00e9 que deve partir?<\/a><\/p>\n\n\n\n<p style=\"font-size:14px\"><a href=\"https:\/\/canarias-lovers.com\/pt-pt\/deslocar-gran-canaria-transportes\/\" target=\"_blank\" rel=\"noreferrer noopener\">Como se deslocar<\/a><br\/><a href=\"https:\/\/canarias-lovers.com\/pt-pt\/como-alugar-um-carro-gran-canaria-experiencias\/\" target=\"_blank\" rel=\"noreferrer noopener\">Como alugar um carro em Gran Canaria<\/a><br\/><a href=\"https:\/\/canarias-lovers.com\/pt-pt\/conduzir-gran-canaria-conselhos\/\" target=\"_blank\" rel=\"noreferrer noopener\">Conselhos de condu\u00e7\u00e3o<\/a><br\/><a href=\"https:\/\/canarias-lovers.com\/pt-pt\/meilleures-excursions-gran-canaria-2\/\" target=\"_blank\" rel=\"noreferrer noopener\">As melhores excurs\u00f5es<\/a><\/p>\n\n\n\n<p style=\"font-size:14px\">Itiner\u00e1rios: 3 dias &#8211; 4 dias &#8211; <a href=\"https:\/\/canarias-lovers.com\/pt-pt\/visitar-5-dias-gran-canaria-itinerario\/\" target=\"_blank\" rel=\"noreferrer noopener\">5 dias<\/a> &#8211; <a href=\"https:\/\/canarias-lovers.com\/pt-pt\/visitar-6-dias-gran-canaria-itinerario\/\" target=\"_blank\" rel=\"noreferrer noopener\">6 dias<\/a> &#8211; <a href=\"https:\/\/canarias-lovers.com\/pt-pt\/visitar-gran-canaria-uma-semana-itinerario\/\" target=\"_blank\" rel=\"noreferrer noopener\">7 dias<\/a> &#8211; <a href=\"https:\/\/canarias-lovers.com\/pt-pt\/visitar-10-dias-gran-canaria-itinerario\/\" target=\"_blank\" rel=\"noreferrer noopener\">10 dias<\/a><\/p>\n\n\n\n<p style=\"font-size:14px\"><a href=\"https:\/\/canarias-lovers.com\/pt-pt\/onde-ficar-grao-canaria-melhores-destinos\/\" target=\"_blank\" rel=\"noreferrer noopener\">Onde ficar na Gran Canaria<\/a><\/p>\n<\/div>\n\n\n\n<div class=\"wp-block-column is-vertically-aligned-top planif-radius is-layout-flow wp-block-column-is-layout-flow\" style=\"flex-basis:40%\">\n<figure class=\"wp-block-image size-large img-portrait\"><img decoding=\"async\" src=\"https:\/\/photos.smugmug.com\/Canarias-Lovers\/Gran-Canaria\/Driving\/i-rqnNnCs\/1\/4b657343\/S\/gran-Canaria-rental-car-driving-3-S.jpg\" alt=\"Aluguer de autom&#xF3;veis em Gran Canaria\" title=\"\"\/><\/figure>\n<\/div>\n<\/div>\n\n\n\n<hr class=\"wp-block-separator has-text-color has-alpha-channel-opacity has-background is-style-wide hr-box-planif\" style=\"background-color:#ccd3dd;color:#ccd3dd\"\/>\n\n\n\n<div class=\"wp-block-columns box_sans_border is-layout-flex wp-container-core-columns-is-layout-9d6595d7 wp-block-columns-is-layout-flex\">\n<div class=\"wp-block-column texte_planif is-layout-flow wp-block-column-is-layout-flow\" style=\"flex-basis:60%\">\n<ul class=\"wp-block-list\">\n<li><strong>O que n\u00e3o pode faltar<\/strong><\/li>\n<\/ul>\n\n\n\n<p style=\"font-size:14px\"><a href=\"https:\/\/canarias-lovers.com\/pt-pt\/o-que-fazer-las-palmas-gran-canaria-visitar\/\" target=\"_blank\" rel=\"noreferrer noopener\">Las Palmas e o seu centro hist\u00f3rico<\/a><br\/><a href=\"https:\/\/canarias-lovers.com\/pt-pt\/excursoes-golfinhos-gran-canaria-baleeiras\/\" target=\"_blank\" rel=\"noreferrer noopener\">Observa\u00e7\u00e3o de golfinhos na Gran Canaria<\/a><br\/><a href=\"https:\/\/canarias-lovers.com\/pt-pt\/dunes-maspalomas-gran-canaria-2\/\" target=\"_blank\" rel=\"noreferrer noopener\">Dunas de Maspalomas<\/a><br\/><a href=\"https:\/\/canarias-lovers.com\/pt-pt\/o-que-fazer-puerto-mogan-visita\/\" target=\"_blank\" rel=\"noreferrer noopener\">Puerto de Mogan (Pequena Veneza)<\/a><br\/><a href=\"https:\/\/canarias-lovers.com\/pt-pt\/o-que-fazer-agaete-visita\/\" target=\"_blank\" rel=\"noreferrer noopener\">Agaete e as suas piscinas naturais<\/a><br\/><a href=\"https:\/\/canarias-lovers.com\/pt-pt\/o-que-fazer-aguimes-gran-canaria-visitar\/\" target=\"_blank\" rel=\"noreferrer noopener\">A magn\u00edfica cidade de Ag\u00fcimes<\/a><br\/><\/p>\n<\/div>\n\n\n\n<div class=\"wp-block-column is-vertically-aligned-top planif-radius is-layout-flow wp-block-column-is-layout-flow\" style=\"flex-basis:40%\">\n<figure class=\"wp-block-image size-large img-portrait\"><img decoding=\"async\" src=\"https:\/\/photos.smugmug.com\/Canarias-Lovers\/Gran-Canaria\/Best-of\/i-wqpn8vC\/0\/85607396\/S\/Gran-Canaria-dolphins-S.jpg\" alt=\"Golfinho na Gran Canaria\" title=\"\"\/><\/figure>\n<\/div>\n<\/div>\n\n\n\n<div style=\"height:30px\" aria-hidden=\"true\" class=\"wp-block-spacer\"><\/div>\n<\/div><\/div><\/div>\n\n<div class=\"wp-block-genesis-blocks-gb-container box_auteur_voyage gb-block-container\"><div class=\"gb-container-inside\"><div class=\"gb-container-content\">\n<figure class=\"wp-block-image size-large img_auteur_voyage img_provisoire\"><img decoding=\"async\" src=\"https:\/\/photos.smugmug.com\/Region-Lovers\/Equipe\/i-nsNF6C6\/0\/Cs2F5n96pkt9xFD9D3SVqmQspMhrKgN75nHgBqmjG\/L\/Claire-L.png\" alt=\"\"\/><\/figure>\n\n\n\n<h5 class=\"titre_auteur_voyage\"><span>ELA FEZ A VIAGEM E ESCREVEU O ARTIGO \n <\/span><span class=\"titre_box_manuscrit\">Claire<\/span><\/h5>\n<\/div><\/div><\/div>\n","protected":false},"excerpt":{"rendered":"<p>Interessa-se por arqueologia? O Cenobio de Valer\u00f3n espera por si na Gran Canaria! Trata-se de um s\u00edtio troglodita, escavado na rocha vulc\u00e2nica. \u00c9 um dos vest\u00edgios mais impressionantes da civiliza\u00e7\u00e3o abor\u00edgene das Can\u00e1rias. Fic\u00e1mos cativados pela dimens\u00e3o deste celeiro coletivo pr\u00e9-hisp\u00e2nico, constitu\u00eddo por mais de 300 cavidades esculpidas na fal\u00e9sia. Um lugar intemporal que testemunha [&hellip;]<\/p>\n","protected":false},"author":1,"featured_media":8608,"comment_status":"closed","ping_status":"closed","sticky":false,"template":"","format":"standard","meta":{"_genesis_hide_title":false,"_genesis_hide_breadcrumbs":false,"_genesis_hide_singular_image":false,"_genesis_hide_footer_widgets":false,"_genesis_custom_body_class":"","_genesis_custom_post_class":"","_genesis_layout":"","footnotes":""},"categories":[44],"tags":[],"class_list":{"0":"post-8627","1":"post","2":"type-post","3":"status-publish","4":"format-standard","5":"has-post-thumbnail","7":"category-gran-canaria-pt","8":"entry"},"yoast_head":"<!-- This site is optimized with the Yoast SEO plugin v27.2 - https:\/\/yoast.com\/product\/yoast-seo-wordpress\/ -->\n<title>Cenobio de Valer\u00f3n (Gran Canaria): visita + fotos<\/title>\n<meta name=\"description\" content=\"As nossas dicas e fotografias para visitar o Cenobio de Valer\u00f3n (Gran Canaria): acesso, locais de interesse, informa\u00e7\u00f5es pr\u00e1ticas\" \/>\n<meta name=\"robots\" content=\"index, follow, max-snippet:-1, max-image-preview:large, max-video-preview:-1\" \/>\n<link rel=\"canonical\" href=\"https:\/\/canarias-lovers.com\/pt-pt\/visitar-cenobio-valeron-gran-canaria\/\" \/>\n<meta property=\"og:locale\" content=\"pt_PT\" \/>\n<meta property=\"og:type\" content=\"article\" \/>\n<meta property=\"og:title\" content=\"Cenobio de Valer\u00f3n (Gran Canaria): visita + fotos\" \/>\n<meta property=\"og:description\" content=\"As nossas dicas e fotografias para visitar o Cenobio de Valer\u00f3n (Gran Canaria): acesso, locais de interesse, informa\u00e7\u00f5es pr\u00e1ticas\" \/>\n<meta property=\"og:url\" content=\"https:\/\/canarias-lovers.com\/pt-pt\/visitar-cenobio-valeron-gran-canaria\/\" \/>\n<meta property=\"og:site_name\" content=\"Canarias Lovers: Tenerife + Gran Canaria\" \/>\n<meta property=\"article:published_time\" content=\"2026-04-27T08:55:37+00:00\" \/>\n<meta property=\"article:modified_time\" content=\"2026-04-27T08:59:21+00:00\" \/>\n<meta property=\"og:image\" content=\"https:\/\/canarias-lovers.com\/wp-content\/uploads\/2026\/04\/visitar-cenobio-valeron-gran-canaria.jpg\" \/>\n\t<meta property=\"og:image:width\" content=\"800\" \/>\n\t<meta property=\"og:image:height\" content=\"600\" \/>\n\t<meta property=\"og:image:type\" content=\"image\/jpeg\" \/>\n<meta name=\"author\" content=\"Claire\" \/>\n<meta name=\"twitter:card\" content=\"summary_large_image\" \/>\n<meta name=\"twitter:label1\" content=\"Escrito por\" \/>\n\t<meta name=\"twitter:data1\" content=\"Claire\" \/>\n\t<meta name=\"twitter:label2\" content=\"Tempo estimado de leitura\" \/>\n\t<meta name=\"twitter:data2\" content=\"11 minutos\" \/>\n<script type=\"application\/ld+json\" class=\"yoast-schema-graph\">{\"@context\":\"https:\/\/schema.org\",\"@graph\":[{\"@type\":\"Article\",\"@id\":\"https:\/\/canarias-lovers.com\/pt-pt\/visitar-cenobio-valeron-gran-canaria\/#article\",\"isPartOf\":{\"@id\":\"https:\/\/canarias-lovers.com\/pt-pt\/visitar-cenobio-valeron-gran-canaria\/\"},\"author\":{\"name\":\"Claire\",\"@id\":\"https:\/\/canarias-lovers.com\/pt-pt\/#\/schema\/person\/4cfe633189ad64b99c9609bed2b00d55\"},\"headline\":\"Cenobio de Valer\u00f3n (Gran Canaria): visita + fotos\",\"datePublished\":\"2026-04-27T08:55:37+00:00\",\"dateModified\":\"2026-04-27T08:59:21+00:00\",\"mainEntityOfPage\":{\"@id\":\"https:\/\/canarias-lovers.com\/pt-pt\/visitar-cenobio-valeron-gran-canaria\/\"},\"wordCount\":2143,\"publisher\":{\"@id\":\"https:\/\/canarias-lovers.com\/pt-pt\/#organization\"},\"image\":{\"@id\":\"https:\/\/canarias-lovers.com\/pt-pt\/visitar-cenobio-valeron-gran-canaria\/#primaryimage\"},\"thumbnailUrl\":\"https:\/\/canarias-lovers.com\/wp-content\/uploads\/2026\/04\/visitar-cenobio-valeron-gran-canaria.jpg\",\"articleSection\":[\"Gran Canaria\"],\"inLanguage\":\"pt-PT\"},{\"@type\":\"WebPage\",\"@id\":\"https:\/\/canarias-lovers.com\/pt-pt\/visitar-cenobio-valeron-gran-canaria\/\",\"url\":\"https:\/\/canarias-lovers.com\/pt-pt\/visitar-cenobio-valeron-gran-canaria\/\",\"name\":\"Cenobio de Valer\u00f3n (Gran Canaria): visita + fotos\",\"isPartOf\":{\"@id\":\"https:\/\/canarias-lovers.com\/pt-pt\/#website\"},\"primaryImageOfPage\":{\"@id\":\"https:\/\/canarias-lovers.com\/pt-pt\/visitar-cenobio-valeron-gran-canaria\/#primaryimage\"},\"image\":{\"@id\":\"https:\/\/canarias-lovers.com\/pt-pt\/visitar-cenobio-valeron-gran-canaria\/#primaryimage\"},\"thumbnailUrl\":\"https:\/\/canarias-lovers.com\/wp-content\/uploads\/2026\/04\/visitar-cenobio-valeron-gran-canaria.jpg\",\"datePublished\":\"2026-04-27T08:55:37+00:00\",\"dateModified\":\"2026-04-27T08:59:21+00:00\",\"description\":\"As nossas dicas e fotografias para visitar o Cenobio de Valer\u00f3n (Gran Canaria): acesso, locais de interesse, informa\u00e7\u00f5es pr\u00e1ticas\",\"breadcrumb\":{\"@id\":\"https:\/\/canarias-lovers.com\/pt-pt\/visitar-cenobio-valeron-gran-canaria\/#breadcrumb\"},\"inLanguage\":\"pt-PT\",\"potentialAction\":[{\"@type\":\"ReadAction\",\"target\":[\"https:\/\/canarias-lovers.com\/pt-pt\/visitar-cenobio-valeron-gran-canaria\/\"]}]},{\"@type\":\"ImageObject\",\"inLanguage\":\"pt-PT\",\"@id\":\"https:\/\/canarias-lovers.com\/pt-pt\/visitar-cenobio-valeron-gran-canaria\/#primaryimage\",\"url\":\"https:\/\/canarias-lovers.com\/wp-content\/uploads\/2026\/04\/visitar-cenobio-valeron-gran-canaria.jpg\",\"contentUrl\":\"https:\/\/canarias-lovers.com\/wp-content\/uploads\/2026\/04\/visitar-cenobio-valeron-gran-canaria.jpg\",\"width\":800,\"height\":600,\"caption\":\"visitar cenobio valeron gran canaria\"},{\"@type\":\"BreadcrumbList\",\"@id\":\"https:\/\/canarias-lovers.com\/pt-pt\/visitar-cenobio-valeron-gran-canaria\/#breadcrumb\",\"itemListElement\":[{\"@type\":\"ListItem\",\"position\":1,\"name\":\"Accueil\",\"item\":\"https:\/\/canarias-lovers.com\/pt-pt\/\"},{\"@type\":\"ListItem\",\"position\":2,\"name\":\"Gran Canaria\",\"item\":\"https:\/\/canarias-lovers.com\/pt-pt\/gran-canaria-pt\/\"},{\"@type\":\"ListItem\",\"position\":3,\"name\":\"Cenobio de Valer\u00f3n (Gran Canaria): visita + fotos\"}]},{\"@type\":\"WebSite\",\"@id\":\"https:\/\/canarias-lovers.com\/pt-pt\/#website\",\"url\":\"https:\/\/canarias-lovers.com\/pt-pt\/\",\"name\":\"Canarias Lovers: Tenerife + Gran Canaria\",\"description\":\"Blogue da Claire e da Manu\",\"publisher\":{\"@id\":\"https:\/\/canarias-lovers.com\/pt-pt\/#organization\"},\"potentialAction\":[{\"@type\":\"SearchAction\",\"target\":{\"@type\":\"EntryPoint\",\"urlTemplate\":\"https:\/\/canarias-lovers.com\/pt-pt\/?s={search_term_string}\"},\"query-input\":{\"@type\":\"PropertyValueSpecification\",\"valueRequired\":true,\"valueName\":\"search_term_string\"}}],\"inLanguage\":\"pt-PT\"},{\"@type\":\"Organization\",\"@id\":\"https:\/\/canarias-lovers.com\/pt-pt\/#organization\",\"name\":\"Canarias Lovers: Tenerife + Gran Canaria\",\"url\":\"https:\/\/canarias-lovers.com\/pt-pt\/\",\"logo\":{\"@type\":\"ImageObject\",\"inLanguage\":\"pt-PT\",\"@id\":\"https:\/\/canarias-lovers.com\/pt-pt\/#\/schema\/logo\/image\/\",\"url\":\"https:\/\/canarias-lovers.com\/wp-content\/uploads\/2024\/05\/cropped-Canarias-Lovers-Logo.png\",\"contentUrl\":\"https:\/\/canarias-lovers.com\/wp-content\/uploads\/2024\/05\/cropped-Canarias-Lovers-Logo.png\",\"width\":2635,\"height\":595,\"caption\":\"Canarias Lovers: Tenerife + Gran Canaria\"},\"image\":{\"@id\":\"https:\/\/canarias-lovers.com\/pt-pt\/#\/schema\/logo\/image\/\"}},{\"@type\":\"Person\",\"@id\":\"https:\/\/canarias-lovers.com\/pt-pt\/#\/schema\/person\/4cfe633189ad64b99c9609bed2b00d55\",\"name\":\"Claire\",\"image\":{\"@type\":\"ImageObject\",\"inLanguage\":\"pt-PT\",\"@id\":\"https:\/\/secure.gravatar.com\/avatar\/53c353c843050f9265c9a68901a74b6613f3f04e343e64cbba45c5b031ea079b?s=96&d=mm&r=g\",\"url\":\"https:\/\/secure.gravatar.com\/avatar\/53c353c843050f9265c9a68901a74b6613f3f04e343e64cbba45c5b031ea079b?s=96&d=mm&r=g\",\"contentUrl\":\"https:\/\/secure.gravatar.com\/avatar\/53c353c843050f9265c9a68901a74b6613f3f04e343e64cbba45c5b031ea079b?s=96&d=mm&r=g\",\"caption\":\"Claire\"},\"sameAs\":[\"https:\/\/canarias-lovers.com\/claire-robinson\/\"],\"url\":\"https:\/\/canarias-lovers.com\/pt-pt\/author\/canariaslover2\/\"}]}<\/script>\n<!-- \/ Yoast SEO plugin. -->","yoast_head_json":{"title":"Cenobio de Valer\u00f3n (Gran Canaria): visita + fotos","description":"As nossas dicas e fotografias para visitar o Cenobio de Valer\u00f3n (Gran Canaria): acesso, locais de interesse, informa\u00e7\u00f5es pr\u00e1ticas","robots":{"index":"index","follow":"follow","max-snippet":"max-snippet:-1","max-image-preview":"max-image-preview:large","max-video-preview":"max-video-preview:-1"},"canonical":"https:\/\/canarias-lovers.com\/pt-pt\/visitar-cenobio-valeron-gran-canaria\/","og_locale":"pt_PT","og_type":"article","og_title":"Cenobio de Valer\u00f3n (Gran Canaria): visita + fotos","og_description":"As nossas dicas e fotografias para visitar o Cenobio de Valer\u00f3n (Gran Canaria): acesso, locais de interesse, informa\u00e7\u00f5es pr\u00e1ticas","og_url":"https:\/\/canarias-lovers.com\/pt-pt\/visitar-cenobio-valeron-gran-canaria\/","og_site_name":"Canarias Lovers: Tenerife + Gran Canaria","article_published_time":"2026-04-27T08:55:37+00:00","article_modified_time":"2026-04-27T08:59:21+00:00","og_image":[{"width":800,"height":600,"url":"https:\/\/canarias-lovers.com\/wp-content\/uploads\/2026\/04\/visitar-cenobio-valeron-gran-canaria.jpg","type":"image\/jpeg"}],"author":"Claire","twitter_card":"summary_large_image","twitter_misc":{"Escrito por":"Claire","Tempo estimado de leitura":"11 minutos"},"schema":{"@context":"https:\/\/schema.org","@graph":[{"@type":"Article","@id":"https:\/\/canarias-lovers.com\/pt-pt\/visitar-cenobio-valeron-gran-canaria\/#article","isPartOf":{"@id":"https:\/\/canarias-lovers.com\/pt-pt\/visitar-cenobio-valeron-gran-canaria\/"},"author":{"name":"Claire","@id":"https:\/\/canarias-lovers.com\/pt-pt\/#\/schema\/person\/4cfe633189ad64b99c9609bed2b00d55"},"headline":"Cenobio de Valer\u00f3n (Gran Canaria): visita + fotos","datePublished":"2026-04-27T08:55:37+00:00","dateModified":"2026-04-27T08:59:21+00:00","mainEntityOfPage":{"@id":"https:\/\/canarias-lovers.com\/pt-pt\/visitar-cenobio-valeron-gran-canaria\/"},"wordCount":2143,"publisher":{"@id":"https:\/\/canarias-lovers.com\/pt-pt\/#organization"},"image":{"@id":"https:\/\/canarias-lovers.com\/pt-pt\/visitar-cenobio-valeron-gran-canaria\/#primaryimage"},"thumbnailUrl":"https:\/\/canarias-lovers.com\/wp-content\/uploads\/2026\/04\/visitar-cenobio-valeron-gran-canaria.jpg","articleSection":["Gran Canaria"],"inLanguage":"pt-PT"},{"@type":"WebPage","@id":"https:\/\/canarias-lovers.com\/pt-pt\/visitar-cenobio-valeron-gran-canaria\/","url":"https:\/\/canarias-lovers.com\/pt-pt\/visitar-cenobio-valeron-gran-canaria\/","name":"Cenobio de Valer\u00f3n (Gran Canaria): visita + fotos","isPartOf":{"@id":"https:\/\/canarias-lovers.com\/pt-pt\/#website"},"primaryImageOfPage":{"@id":"https:\/\/canarias-lovers.com\/pt-pt\/visitar-cenobio-valeron-gran-canaria\/#primaryimage"},"image":{"@id":"https:\/\/canarias-lovers.com\/pt-pt\/visitar-cenobio-valeron-gran-canaria\/#primaryimage"},"thumbnailUrl":"https:\/\/canarias-lovers.com\/wp-content\/uploads\/2026\/04\/visitar-cenobio-valeron-gran-canaria.jpg","datePublished":"2026-04-27T08:55:37+00:00","dateModified":"2026-04-27T08:59:21+00:00","description":"As nossas dicas e fotografias para visitar o Cenobio de Valer\u00f3n (Gran Canaria): acesso, locais de interesse, informa\u00e7\u00f5es pr\u00e1ticas","breadcrumb":{"@id":"https:\/\/canarias-lovers.com\/pt-pt\/visitar-cenobio-valeron-gran-canaria\/#breadcrumb"},"inLanguage":"pt-PT","potentialAction":[{"@type":"ReadAction","target":["https:\/\/canarias-lovers.com\/pt-pt\/visitar-cenobio-valeron-gran-canaria\/"]}]},{"@type":"ImageObject","inLanguage":"pt-PT","@id":"https:\/\/canarias-lovers.com\/pt-pt\/visitar-cenobio-valeron-gran-canaria\/#primaryimage","url":"https:\/\/canarias-lovers.com\/wp-content\/uploads\/2026\/04\/visitar-cenobio-valeron-gran-canaria.jpg","contentUrl":"https:\/\/canarias-lovers.com\/wp-content\/uploads\/2026\/04\/visitar-cenobio-valeron-gran-canaria.jpg","width":800,"height":600,"caption":"visitar cenobio valeron gran canaria"},{"@type":"BreadcrumbList","@id":"https:\/\/canarias-lovers.com\/pt-pt\/visitar-cenobio-valeron-gran-canaria\/#breadcrumb","itemListElement":[{"@type":"ListItem","position":1,"name":"Accueil","item":"https:\/\/canarias-lovers.com\/pt-pt\/"},{"@type":"ListItem","position":2,"name":"Gran Canaria","item":"https:\/\/canarias-lovers.com\/pt-pt\/gran-canaria-pt\/"},{"@type":"ListItem","position":3,"name":"Cenobio de Valer\u00f3n (Gran Canaria): visita + fotos"}]},{"@type":"WebSite","@id":"https:\/\/canarias-lovers.com\/pt-pt\/#website","url":"https:\/\/canarias-lovers.com\/pt-pt\/","name":"Canarias Lovers: Tenerife + Gran Canaria","description":"Blogue da Claire e da Manu","publisher":{"@id":"https:\/\/canarias-lovers.com\/pt-pt\/#organization"},"potentialAction":[{"@type":"SearchAction","target":{"@type":"EntryPoint","urlTemplate":"https:\/\/canarias-lovers.com\/pt-pt\/?s={search_term_string}"},"query-input":{"@type":"PropertyValueSpecification","valueRequired":true,"valueName":"search_term_string"}}],"inLanguage":"pt-PT"},{"@type":"Organization","@id":"https:\/\/canarias-lovers.com\/pt-pt\/#organization","name":"Canarias Lovers: Tenerife + Gran Canaria","url":"https:\/\/canarias-lovers.com\/pt-pt\/","logo":{"@type":"ImageObject","inLanguage":"pt-PT","@id":"https:\/\/canarias-lovers.com\/pt-pt\/#\/schema\/logo\/image\/","url":"https:\/\/canarias-lovers.com\/wp-content\/uploads\/2024\/05\/cropped-Canarias-Lovers-Logo.png","contentUrl":"https:\/\/canarias-lovers.com\/wp-content\/uploads\/2024\/05\/cropped-Canarias-Lovers-Logo.png","width":2635,"height":595,"caption":"Canarias Lovers: Tenerife + Gran Canaria"},"image":{"@id":"https:\/\/canarias-lovers.com\/pt-pt\/#\/schema\/logo\/image\/"}},{"@type":"Person","@id":"https:\/\/canarias-lovers.com\/pt-pt\/#\/schema\/person\/4cfe633189ad64b99c9609bed2b00d55","name":"Claire","image":{"@type":"ImageObject","inLanguage":"pt-PT","@id":"https:\/\/secure.gravatar.com\/avatar\/53c353c843050f9265c9a68901a74b6613f3f04e343e64cbba45c5b031ea079b?s=96&d=mm&r=g","url":"https:\/\/secure.gravatar.com\/avatar\/53c353c843050f9265c9a68901a74b6613f3f04e343e64cbba45c5b031ea079b?s=96&d=mm&r=g","contentUrl":"https:\/\/secure.gravatar.com\/avatar\/53c353c843050f9265c9a68901a74b6613f3f04e343e64cbba45c5b031ea079b?s=96&d=mm&r=g","caption":"Claire"},"sameAs":["https:\/\/canarias-lovers.com\/claire-robinson\/"],"url":"https:\/\/canarias-lovers.com\/pt-pt\/author\/canariaslover2\/"}]}},"featured_image_src":"https:\/\/canarias-lovers.com\/wp-content\/uploads\/2026\/04\/visitar-cenobio-valeron-gran-canaria-600x400.jpg","featured_image_src_square":"https:\/\/canarias-lovers.com\/wp-content\/uploads\/2026\/04\/visitar-cenobio-valeron-gran-canaria-600x600.jpg","author_info":{"display_name":"Claire","author_link":"https:\/\/canarias-lovers.com\/pt-pt\/author\/canariaslover2\/"},"_links":{"self":[{"href":"https:\/\/canarias-lovers.com\/pt-pt\/wp-json\/wp\/v2\/posts\/8627","targetHints":{"allow":["GET"]}}],"collection":[{"href":"https:\/\/canarias-lovers.com\/pt-pt\/wp-json\/wp\/v2\/posts"}],"about":[{"href":"https:\/\/canarias-lovers.com\/pt-pt\/wp-json\/wp\/v2\/types\/post"}],"author":[{"embeddable":true,"href":"https:\/\/canarias-lovers.com\/pt-pt\/wp-json\/wp\/v2\/users\/1"}],"replies":[{"embeddable":true,"href":"https:\/\/canarias-lovers.com\/pt-pt\/wp-json\/wp\/v2\/comments?post=8627"}],"version-history":[{"count":0,"href":"https:\/\/canarias-lovers.com\/pt-pt\/wp-json\/wp\/v2\/posts\/8627\/revisions"}],"wp:featuredmedia":[{"embeddable":true,"href":"https:\/\/canarias-lovers.com\/pt-pt\/wp-json\/wp\/v2\/media\/8608"}],"wp:attachment":[{"href":"https:\/\/canarias-lovers.com\/pt-pt\/wp-json\/wp\/v2\/media?parent=8627"}],"wp:term":[{"taxonomy":"category","embeddable":true,"href":"https:\/\/canarias-lovers.com\/pt-pt\/wp-json\/wp\/v2\/categories?post=8627"},{"taxonomy":"post_tag","embeddable":true,"href":"https:\/\/canarias-lovers.com\/pt-pt\/wp-json\/wp\/v2\/tags?post=8627"}],"curies":[{"name":"wp","href":"https:\/\/api.w.org\/{rel}","templated":true}]}}