{"id":3146,"date":"2024-08-21T14:29:51","date_gmt":"2024-08-21T14:29:51","guid":{"rendered":"https:\/\/canarias-lovers.com\/depart-gran-canaria-avril-meteo-temperaturas\/"},"modified":"2024-08-30T17:02:13","modified_gmt":"2024-08-30T17:02:13","slug":"viagem-gran-canaria-abril-tempo-temperatura","status":"publish","type":"post","link":"https:\/\/canarias-lovers.com\/pt-pt\/viagem-gran-canaria-abril-tempo-temperatura\/","title":{"rendered":"Gran Canaria em abril: o nosso guia completo!"},"content":{"rendered":"\n<p>Quer ir \u00e0 <strong>Gran Canaria em abril<\/strong>?<br\/>Descubra se a regi\u00e3o \u00e9 adequada para si nesta altura do ano, com o nosso guia completo sobre o clima, condi\u00e7\u00f5es de viagem, multid\u00f5es, pre\u00e7os, atrac\u00e7\u00f5es e eventos.<\/p>\n\n<figure class=\"wp-block-image size-full\"><img decoding=\"async\" src=\"https:\/\/canarias-lovers.com\/wp-content\/uploads\/2024\/08\/Gran-Canaria-abril.jpg\" alt=\"Gran Canaria abril\" class=\"wp-image-2870\"\/><\/figure>\n\n<p>Esta \u00e9 uma opini\u00e3o completamente <strong>independente<\/strong>, baseada na nossa pr\u00f3pria experi\u00eancia. Visit\u00e1mos a regi\u00e3o de forma an\u00f3nima, fazendo as nossas pr\u00f3prias escolhas e pagando as nossas contas na totalidade.<\/p>\n\n<div style=\"padding-left:5%\" class=\"wp-block-genesis-blocks-gb-container box gb-block-container\"><div class=\"gb-container-inside\"><div class=\"gb-container-content\">\n<p class=\"titre_box_manuscrit\">Conte\u00fado<\/p>\n\n\n<div id=\"ez-toc-container\" class=\"ez-toc-v2_0_82_1 counter-hierarchy ez-toc-counter ez-toc-custom ez-toc-container-direction\">\n<div class=\"ez-toc-title-container\">\n<span class=\"ez-toc-title-toggle\"><\/span><\/div>\n<nav><ul class='ez-toc-list ez-toc-list-level-1 ' ><li class='ez-toc-page-1 ez-toc-heading-level-2'><a class=\"ez-toc-link ez-toc-heading-1\" href=\"https:\/\/canarias-lovers.com\/pt-pt\/viagem-gran-canaria-abril-tempo-temperatura\/#Ir_a_Gran_Canaria_em_abril_respostas_rapidas\" >Ir \u00e0 Gran Canaria em abril: respostas r\u00e1pidas<\/a><\/li><li class='ez-toc-page-1 ez-toc-heading-level-2'><a class=\"ez-toc-link ez-toc-heading-2\" href=\"https:\/\/canarias-lovers.com\/pt-pt\/viagem-gran-canaria-abril-tempo-temperatura\/#As_melhores_atraccoes_de_Gran_Canaria_em_abril\" >As melhores atrac\u00e7\u00f5es de Gran Canaria em abril<\/a><\/li><li class='ez-toc-page-1 ez-toc-heading-level-2'><a class=\"ez-toc-link ez-toc-heading-3\" href=\"https:\/\/canarias-lovers.com\/pt-pt\/viagem-gran-canaria-abril-tempo-temperatura\/#Clima_em_Gran_Canaria_em_abril_%E2%80%93_previsao_do_tempo\" >Clima em Gran Canaria em abril &#8211; previs\u00e3o do tempo<\/a><\/li><li class='ez-toc-page-1 ez-toc-heading-level-2'><a class=\"ez-toc-link ez-toc-heading-4\" href=\"https:\/\/canarias-lovers.com\/pt-pt\/viagem-gran-canaria-abril-tempo-temperatura\/#Temperaturas_em_abril_na_Gran_Canaria\" >Temperaturas em abril na Gran Canaria<\/a><\/li><li class='ez-toc-page-1 ez-toc-heading-level-2'><a class=\"ez-toc-link ez-toc-heading-5\" href=\"https:\/\/canarias-lovers.com\/pt-pt\/viagem-gran-canaria-abril-tempo-temperatura\/#Chuva_e_vento\" >Chuva e vento<\/a><\/li><li class='ez-toc-page-1 ez-toc-heading-level-2'><a class=\"ez-toc-link ez-toc-heading-6\" href=\"https:\/\/canarias-lovers.com\/pt-pt\/viagem-gran-canaria-abril-tempo-temperatura\/#Luz_do_sol\" >Luz do sol<\/a><\/li><li class='ez-toc-page-1 ez-toc-heading-level-2'><a class=\"ez-toc-link ez-toc-heading-7\" href=\"https:\/\/canarias-lovers.com\/pt-pt\/viagem-gran-canaria-abril-tempo-temperatura\/#Temperatura_da_agua_%E2%80%93_nadar_na_Gran_Canaria_em_abril\" >Temperatura da \u00e1gua &#8211; nadar na Gran Can\u00e1ria em abril<\/a><\/li><li class='ez-toc-page-1 ez-toc-heading-level-2'><a class=\"ez-toc-link ez-toc-heading-8\" href=\"https:\/\/canarias-lovers.com\/pt-pt\/viagem-gran-canaria-abril-tempo-temperatura\/#Multidoes_e_outras_condicoes\" >Multid\u00f5es e outras condi\u00e7\u00f5es<\/a><\/li><li class='ez-toc-page-1 ez-toc-heading-level-2'><a class=\"ez-toc-link ez-toc-heading-9\" href=\"https:\/\/canarias-lovers.com\/pt-pt\/viagem-gran-canaria-abril-tempo-temperatura\/#Golfinhos_e_baleias_em_abril\" >Golfinhos e baleias em abril<\/a><\/li><li class='ez-toc-page-1 ez-toc-heading-level-2'><a class=\"ez-toc-link ez-toc-heading-10\" href=\"https:\/\/canarias-lovers.com\/pt-pt\/viagem-gran-canaria-abril-tempo-temperatura\/#Eventos_em_abril_na_Gran_Canaria\" >Eventos em abril na Gran Canaria<\/a><\/li><li class='ez-toc-page-1 ez-toc-heading-level-2'><a class=\"ez-toc-link ez-toc-heading-11\" href=\"https:\/\/canarias-lovers.com\/pt-pt\/viagem-gran-canaria-abril-tempo-temperatura\/#Precos_de_abril\" >Pre\u00e7os de abril<\/a><\/li><li class='ez-toc-page-1 ez-toc-heading-level-2'><a class=\"ez-toc-link ez-toc-heading-12\" href=\"https:\/\/canarias-lovers.com\/pt-pt\/viagem-gran-canaria-abril-tempo-temperatura\/#Outros_meses\" >Outros meses<\/a><\/li><\/ul><\/nav><\/div>\n\n<\/div><\/div><\/div>\n\n<h2 class=\"wp-block-heading\"><span class=\"ez-toc-section\" id=\"Ir_a_Gran_Canaria_em_abril_respostas_rapidas\"><\/span>Ir \u00e0 Gran Canaria em abril: respostas r\u00e1pidas<span class=\"ez-toc-section-end\"><\/span><\/h2>\n\n<h3 class=\"wp-block-heading\">O tempo est\u00e1 bom na Gran Canaria em abril? \u00c9 uma boa altura para visitar?<\/h3>\n\n<p>abril \u00e9 uma excelente altura para visitar a Gran Canaria. O tempo \u00e9 geralmente agrad\u00e1vel, com temperaturas amenas (mas n\u00e3o demasiado quentes) e muito sol. Esta \u00e9 a altura ideal para participar em actividades ao ar livre e desfrutar da praia, uma vez que h\u00e1 menos turistas ap\u00f3s a \u00e9poca alta do inverno e antes do ver\u00e3o.<\/p>\n\n<figure class=\"wp-block-image size-large\"><img decoding=\"async\" src=\"https:\/\/photos.smugmug.com\/Canarias-Lovers\/Gran-Canaria\/Best\/Views\/i-qhPPFwH\/0\/pWQfsr7jpsJg37ZQqLZzPsj3pL8fCD9F3qZvQv6J\/L\/Mirador-pico-nieves-L.jpg\" alt=\"Pico de las Nieves\"\/><\/figure>\n\n<div style=\"background-color:#f6eacf;margin-top:8%;margin-bottom:8%\" class=\"wp-block-genesis-blocks-gb-container box gb-block-container\"><div class=\"gb-container-inside\"><div class=\"gb-container-content\" style=\"max-width:700px\">\n<div class=\"wp-block-genesis-blocks-gb-container box_titre gb-block-container\"><div class=\"gb-container-inside\"><div class=\"gb-container-content\">\n<h5 class=\"titre_box\" style=\"padding-top:10px;\">ONDE FICAR NA <span class=\"titre_box_manuscrit\">Gran Canaria<\/span><\/h5>\n<\/div><\/div><\/div>\n\n\n\n<div class=\"wp-block-columns box_sans_border is-layout-flex wp-container-core-columns-is-layout-9d6595d7 wp-block-columns-is-layout-flex\">\n<div class=\"wp-block-column texte_planif is-layout-flow wp-block-column-is-layout-flow\" style=\"font-size:14px;flex-basis:60%\">\n<p class=\"option_titre2\" style=\"font-size:16px\">As nossas selec\u00e7\u00f5es independentes para o ajudar a encontrar <strong>o alojamento dos seus sonhos<\/strong>:<\/p>\n\n\n\n<ul class=\"wp-block-list ul_box\">\n<li style=\"font-size:14px\"><a href=\"https:\/\/canarias-lovers.com\/pt-pt\/onde-ficar-grao-canaria-melhores-destinos\/\" target=\"_blank\" rel=\"noreferrer noopener\">Onde ficar na Gran Canaria<\/a><\/li>\n\n\n\n<li style=\"font-size:14px\">O nosso favorito: <a href=\"https:\/\/www.booking.com\/hotel\/es\/marina-suites.html?aid=2421274\" target=\"_blank\" rel=\"noreferrer noopener sponsored nofollow\">Hotel Marina Suites<\/a><\/li>\n<\/ul>\n\n\n\n<p style=\"font-size:16px\"><strong>Escolha por tipo de hotel:<\/strong><\/p>\n\n\n\n<ul class=\"wp-block-list ul_box\">\n<li style=\"font-size:14px\"><a href=\"https:\/\/canarias-lovers.com\/pt-pt\/melhores-hoteis-5-estrelas-gran-canaria-luxo-opinioes\/\" target=\"_blank\" rel=\"noreferrer noopener\">Hot\u00e9is de 5 estrelas<\/a><\/li>\n\n\n\n<li style=\"font-size:14px\"><a href=\"https:\/\/canarias-lovers.com\/pt-pt\/melhores-hoteis-boutique-gran-canaria-charme\/\" target=\"_blank\" rel=\"noreferrer noopener\">Os melhores hot\u00e9is boutique<\/a><\/li>\n\n\n\n<li style=\"font-size:14px\"><a href=\"https:\/\/canarias-lovers.com\/pt-pt\/melhores-hoteis-so-para-adultos-gran-canaria\/\" target=\"_blank\" rel=\"noreferrer noopener\">Os melhores hot\u00e9is s\u00f3 para adultos<\/a><\/li>\n\n\n\n<li style=\"font-size:14px\">Os melhores hot\u00e9is com tudo inclu\u00eddo (em breve)<\/li>\n\n\n\n<li style=\"font-size:14px\"><a href=\"https:\/\/canarias-lovers.com\/pt-pt\/melhores-hoteis-familias-gran-canaria-criancas-opinioes\/\" target=\"_blank\" rel=\"noreferrer noopener\">Os melhores hot\u00e9is para fam\u00edlias<\/a><\/li>\n<\/ul>\n\n\n\n<p style=\"font-size:16px\"><strong>Selecione por cidade:<\/strong><\/p>\n\n\n\n<ul class=\"wp-block-list\">\n<li style=\"font-size:14px\"><a href=\"https:\/\/canarias-lovers.com\/pt-pt\/onde-ficar-las-palmas-gran-canaria-melhores-hoteis-bairros\/\" target=\"_blank\" rel=\"noreferrer noopener\">Os melhores hot\u00e9is em Las Palmas de Gran Canaria<\/a><\/li>\n\n\n\n<li style=\"font-size:14px\"><a href=\"https:\/\/canarias-lovers.com\/pt-pt\/onde-ficar-maspalomas-melhores-hoteis-bairros\/\" target=\"_blank\" rel=\"noreferrer noopener\">Melhores hot\u00e9is em Masplomas<\/a><\/li>\n\n\n\n<li style=\"font-size:14px\"><a href=\"https:\/\/canarias-lovers.com\/pt-pt\/onde-dormir-playa-del-ingles-gran-canaria-best-hotels\/\" target=\"_blank\" rel=\"noreferrer noopener\">Melhores hot\u00e9is em Playa del Ingles<\/a><\/li>\n\n\n\n<li style=\"font-size:14px\"><a href=\"https:\/\/canarias-lovers.com\/pt-pt\/onde-ficar-puerto-rico-gran-canaria-melhores-hoteis-bairros\/\" target=\"_blank\" rel=\"noreferrer noopener\">Os melhores hot\u00e9is em Porto Rico<\/a><\/li>\n\n\n\n<li style=\"font-size:14px\"><a href=\"https:\/\/canarias-lovers.com\/pt-pt\/onde-ficar-puerto-mogan-melhores-hoteis-bairros\/\" target=\"_blank\" rel=\"noreferrer noopener\">Melhores hot\u00e9is em Puerto de Mogan<\/a><\/li>\n\n\n\n<li style=\"font-size:14px\"><a href=\"https:\/\/canarias-lovers.com\/pt-pt\/meilleurs-hotels-5-etoiles-meloneras-luxe-avis-2\/\" target=\"_blank\" rel=\"noreferrer noopener\">Hotel de 5 estrelas em Meloneras<\/a><\/li>\n<\/ul>\n<\/div>\n\n\n\n<div class=\"wp-block-column is-vertically-aligned-top planif-radius is-layout-flow wp-block-column-is-layout-flow\" style=\"flex-basis:40%\">\n<figure class=\"wp-block-image size-large img-portrait\"><img decoding=\"async\" src=\"https:\/\/photos.smugmug.com\/Canarias-Lovers\/Gran-Canaria\/Puerto-Rico\/Hotel-Marina-Suites\/i-wMm7CH4\/0\/FdXHP96thzS3vRrTp3H2F4hh8q7cKtZg5BpKMDFBB\/S\/Hotel-marina-suites-pool-2-S.jpg\" alt=\"piscina do hotel\" title=\"\"\/><\/figure>\n<\/div>\n<\/div>\n<\/div><\/div><\/div>\n\n<h3 class=\"wp-block-heading\">Viajar para a Gran Canaria em abril: resumo das condi\u00e7\u00f5es<\/h3>\n\n<p><strong>Temperaturas<\/strong><\/p>\n\n<p>Em abril, a Gran Canaria regista temperaturas amenas. As temperaturas m\u00e9dias diurnas variam entre 19\u00b0C e 23\u00b0C (66\u00b0F e 73\u00b0F), enquanto as temperaturas nocturnas rondam geralmente os 15\u00b0C a 18\u00b0C (59\u00b0F a 64\u00b0F). Estas temperaturas confort\u00e1veis s\u00e3o ideais para explorar a ilha.<\/p>\n\n<p><strong>Temperaturas da \u00e1gua<\/strong><\/p>\n\n<p>Em abril, a temperatura m\u00e9dia do mar na Gran Canaria ronda os 19\u00b0C a 20\u00b0C (66\u00b0F a 68\u00b0F). As condi\u00e7\u00f5es de banho podem ser frias para alguns, mas muitos acham-nas suficientemente agrad\u00e1veis. O mar tende a aquecer gradualmente \u00e0 medida que o m\u00eas avan\u00e7a.<\/p>\n\n<p><strong>Multid\u00f5es e pr\u00e9mios<\/strong><\/p>\n\n<p>Em abril, a Gran Canaria \u00e9 menos concorrida do que durante os meses de inverno, mas pode ser um pouco concorrida durante as f\u00e9rias da P\u00e1scoa em alguns pa\u00edses europeus. Os pre\u00e7os do alojamento s\u00e3o geralmente mais baixos, o que faz com que seja uma altura mais econ\u00f3mica para visitar o pa\u00eds.<\/p>\n\n<figure class=\"wp-block-image size-large\"><img decoding=\"async\" src=\"https:\/\/photos.smugmug.com\/Canarias-Lovers\/Gran-Canaria\/Best\/Villages-towns\/i-zV6G66h\/0\/FgKrf65xgpzqPH7wt2svhvxTSR6R8NVmZ8ChSdbQ9\/L\/Arucas_pueblo-L.jpg\" alt=\"Arucas\"\/><figcaption class=\"wp-element-caption\">Arucas<\/figcaption><\/figure>\n\n<p><strong>Condi\u00e7\u00f5es de abertura<\/strong><\/p>\n\n<p>Os locais a visitar, restaurantes e hot\u00e9is em Gran Canaria permanecem abertos em abril. No entanto, os hor\u00e1rios de abertura podem variar, pelo que \u00e9 aconselh\u00e1vel verificar com anteced\u00eancia.<\/p>\n\n<p><strong>Dura\u00e7\u00e3o do dia<\/strong><\/p>\n\n<p>O dia tem uma dura\u00e7\u00e3o m\u00e9dia de 12,55 horas. Os dias s\u00e3o suficientemente longos para explorar todas as paisagens mais bonitas da ilha.<\/p>\n\n<div style=\"background-color:#fefefe;margin-top:6%;margin-bottom:6%\" class=\"wp-block-genesis-blocks-gb-container box gb-block-container\"><div class=\"gb-container-inside\"><div class=\"gb-container-content\" style=\"max-width:700px\">\n<div class=\"wp-block-columns inverse is-layout-flex wp-container-core-columns-is-layout-9d6595d7 wp-block-columns-is-layout-flex\">\n<div class=\"wp-block-column texte_planif is-layout-flow wp-block-column-is-layout-flow\" style=\"flex-basis:58%\">\n<h5 class=\"titre_box\">um pouco mais de <span class=\"titre_box_manuscrit\">paci\u00eancia<\/span><\/h5>\n\n\n\n<p style=\"font-size:14px\">Todas as fotografias, mapas, informa\u00e7\u00f5es e endere\u00e7os \u00fateis de que necessita para aproveitar ao m\u00e1ximo <strong>a sua estadia nas Can\u00e1rias<\/strong> estar\u00e3o em <strong>breve<\/strong> dispon\u00edveis num \u00fanico ebook!<\/p>\n\n\n\n<p style=\"font-size:14px\">Se quiser ser informado quando o nosso <strong>guia das Can\u00e1rias<\/strong> for publicado, inscreva-se:<\/p>\n\n\n<script>\nvar gform;gform||(document.addEventListener(\"gform_main_scripts_loaded\",function(){gform.scriptsLoaded=!0}),document.addEventListener(\"gform\/theme\/scripts_loaded\",function(){gform.themeScriptsLoaded=!0}),window.addEventListener(\"DOMContentLoaded\",function(){gform.domLoaded=!0}),gform={domLoaded:!1,scriptsLoaded:!1,themeScriptsLoaded:!1,isFormEditor:()=>\"function\"==typeof InitializeEditor,callIfLoaded:function(o){return!(!gform.domLoaded||!gform.scriptsLoaded||!gform.themeScriptsLoaded&&!gform.isFormEditor()||(gform.isFormEditor()&&console.warn(\"The use of gform.initializeOnLoaded() is deprecated in the form editor context and will be removed in Gravity Forms 3.1.\"),o(),0))},initializeOnLoaded:function(o){gform.callIfLoaded(o)||(document.addEventListener(\"gform_main_scripts_loaded\",()=>{gform.scriptsLoaded=!0,gform.callIfLoaded(o)}),document.addEventListener(\"gform\/theme\/scripts_loaded\",()=>{gform.themeScriptsLoaded=!0,gform.callIfLoaded(o)}),window.addEventListener(\"DOMContentLoaded\",()=>{gform.domLoaded=!0,gform.callIfLoaded(o)}))},hooks:{action:{},filter:{}},addAction:function(o,r,e,t){gform.addHook(\"action\",o,r,e,t)},addFilter:function(o,r,e,t){gform.addHook(\"filter\",o,r,e,t)},doAction:function(o){gform.doHook(\"action\",o,arguments)},applyFilters:function(o){return gform.doHook(\"filter\",o,arguments)},removeAction:function(o,r){gform.removeHook(\"action\",o,r)},removeFilter:function(o,r,e){gform.removeHook(\"filter\",o,r,e)},addHook:function(o,r,e,t,n){null==gform.hooks[o][r]&&(gform.hooks[o][r]=[]);var d=gform.hooks[o][r];null==n&&(n=r+\"_\"+d.length),gform.hooks[o][r].push({tag:n,callable:e,priority:t=null==t?10:t})},doHook:function(r,o,e){var t;if(e=Array.prototype.slice.call(e,1),null!=gform.hooks[r][o]&&((o=gform.hooks[r][o]).sort(function(o,r){return o.priority-r.priority}),o.forEach(function(o){\"function\"!=typeof(t=o.callable)&&(t=window[t]),\"action\"==r?t.apply(null,e):e[0]=t.apply(null,e)})),\"filter\"==r)return e[0]},removeHook:function(o,r,t,n){var e;null!=gform.hooks[o][r]&&(e=(e=gform.hooks[o][r]).filter(function(o,r,e){return!!(null!=n&&n!=o.tag||null!=t&&t!=o.priority)}),gform.hooks[o][r]=e)}});\n<\/script>\n\n                <div class='gf_browser_gecko gform_wrapper gform-theme gform-theme--foundation gform-theme--framework gform-theme--orbital' data-form-theme='orbital' data-form-index='0' id='gform_wrapper_2' ><style>#gform_wrapper_2[data-form-index=\"0\"].gform-theme,[data-parent-form=\"2_0\"]{--gf-color-primary: #204ce5;--gf-color-primary-rgb: 32, 76, 229;--gf-color-primary-contrast: #fff;--gf-color-primary-contrast-rgb: 255, 255, 255;--gf-color-primary-darker: #001AB3;--gf-color-primary-lighter: #527EFF;--gf-color-secondary: #fff;--gf-color-secondary-rgb: 255, 255, 255;--gf-color-secondary-contrast: #112337;--gf-color-secondary-contrast-rgb: 17, 35, 55;--gf-color-secondary-darker: #F5F5F5;--gf-color-secondary-lighter: #FFFFFF;--gf-color-out-ctrl-light: rgba(17, 35, 55, 0.1);--gf-color-out-ctrl-light-rgb: 17, 35, 55;--gf-color-out-ctrl-light-darker: rgba(104, 110, 119, 0.35);--gf-color-out-ctrl-light-lighter: #F5F5F5;--gf-color-out-ctrl-dark: #585e6a;--gf-color-out-ctrl-dark-rgb: 88, 94, 106;--gf-color-out-ctrl-dark-darker: #112337;--gf-color-out-ctrl-dark-lighter: rgba(17, 35, 55, 0.65);--gf-color-in-ctrl: #fff;--gf-color-in-ctrl-rgb: 255, 255, 255;--gf-color-in-ctrl-contrast: #112337;--gf-color-in-ctrl-contrast-rgb: 17, 35, 55;--gf-color-in-ctrl-darker: #F5F5F5;--gf-color-in-ctrl-lighter: #FFFFFF;--gf-color-in-ctrl-primary: #204ce5;--gf-color-in-ctrl-primary-rgb: 32, 76, 229;--gf-color-in-ctrl-primary-contrast: #fff;--gf-color-in-ctrl-primary-contrast-rgb: 255, 255, 255;--gf-color-in-ctrl-primary-darker: #001AB3;--gf-color-in-ctrl-primary-lighter: #527EFF;--gf-color-in-ctrl-light: rgba(17, 35, 55, 0.1);--gf-color-in-ctrl-light-rgb: 17, 35, 55;--gf-color-in-ctrl-light-darker: rgba(104, 110, 119, 0.35);--gf-color-in-ctrl-light-lighter: #F5F5F5;--gf-color-in-ctrl-dark: #585e6a;--gf-color-in-ctrl-dark-rgb: 88, 94, 106;--gf-color-in-ctrl-dark-darker: #112337;--gf-color-in-ctrl-dark-lighter: rgba(17, 35, 55, 0.65);--gf-radius: 3px;--gf-font-size-secondary: 14px;--gf-font-size-tertiary: 13px;--gf-icon-ctrl-number: url(\"data:image\/svg+xml,%3Csvg width='8' height='14' viewBox='0 0 8 14' fill='none' xmlns='http:\/\/www.w3.org\/2000\/svg'%3E%3Cpath fill-rule='evenodd' clip-rule='evenodd' d='M4 0C4.26522 5.96046e-08 4.51957 0.105357 4.70711 0.292893L7.70711 3.29289C8.09763 3.68342 8.09763 4.31658 7.70711 4.70711C7.31658 5.09763 6.68342 5.09763 6.29289 4.70711L4 2.41421L1.70711 4.70711C1.31658 5.09763 0.683417 5.09763 0.292893 4.70711C-0.0976311 4.31658 -0.097631 3.68342 0.292893 3.29289L3.29289 0.292893C3.48043 0.105357 3.73478 0 4 0ZM0.292893 9.29289C0.683417 8.90237 1.31658 8.90237 1.70711 9.29289L4 11.5858L6.29289 9.29289C6.68342 8.90237 7.31658 8.90237 7.70711 9.29289C8.09763 9.68342 8.09763 10.3166 7.70711 10.7071L4.70711 13.7071C4.31658 14.0976 3.68342 14.0976 3.29289 13.7071L0.292893 10.7071C-0.0976311 10.3166 -0.0976311 9.68342 0.292893 9.29289Z' fill='rgba(17, 35, 55, 0.65)'\/%3E%3C\/svg%3E\");--gf-icon-ctrl-select: url(\"data:image\/svg+xml,%3Csvg width='10' height='6' viewBox='0 0 10 6' fill='none' xmlns='http:\/\/www.w3.org\/2000\/svg'%3E%3Cpath fill-rule='evenodd' clip-rule='evenodd' d='M0.292893 0.292893C0.683417 -0.097631 1.31658 -0.097631 1.70711 0.292893L5 3.58579L8.29289 0.292893C8.68342 -0.0976311 9.31658 -0.0976311 9.70711 0.292893C10.0976 0.683417 10.0976 1.31658 9.70711 1.70711L5.70711 5.70711C5.31658 6.09763 4.68342 6.09763 4.29289 5.70711L0.292893 1.70711C-0.0976311 1.31658 -0.0976311 0.683418 0.292893 0.292893Z' fill='rgba(17, 35, 55, 0.65)'\/%3E%3C\/svg%3E\");--gf-icon-ctrl-search: url(\"data:image\/svg+xml,%3Csvg width='640' height='640' xmlns='http:\/\/www.w3.org\/2000\/svg'%3E%3Cpath d='M256 128c-70.692 0-128 57.308-128 128 0 70.691 57.308 128 128 128 70.691 0 128-57.309 128-128 0-70.692-57.309-128-128-128zM64 256c0-106.039 85.961-192 192-192s192 85.961 192 192c0 41.466-13.146 79.863-35.498 111.248l154.125 154.125c12.496 12.496 12.496 32.758 0 45.254s-32.758 12.496-45.254 0L367.248 412.502C335.862 434.854 297.467 448 256 448c-106.039 0-192-85.962-192-192z' fill='rgba(17, 35, 55, 0.65)'\/%3E%3C\/svg%3E\");--gf-label-space-y-secondary: var(--gf-label-space-y-md-secondary);--gf-ctrl-border-color: #686e77;--gf-ctrl-size: var(--gf-ctrl-size-md);--gf-ctrl-label-color-primary: #112337;--gf-ctrl-label-color-secondary: #112337;--gf-ctrl-choice-size: var(--gf-ctrl-choice-size-md);--gf-ctrl-checkbox-check-size: var(--gf-ctrl-checkbox-check-size-md);--gf-ctrl-radio-check-size: var(--gf-ctrl-radio-check-size-md);--gf-ctrl-btn-font-size: var(--gf-ctrl-btn-font-size-md);--gf-ctrl-btn-padding-x: var(--gf-ctrl-btn-padding-x-md);--gf-ctrl-btn-size: var(--gf-ctrl-btn-size-md);--gf-ctrl-btn-border-color-secondary: #686e77;--gf-ctrl-file-btn-bg-color-hover: #EBEBEB;--gf-field-img-choice-size: var(--gf-field-img-choice-size-md);--gf-field-img-choice-card-space: var(--gf-field-img-choice-card-space-md);--gf-field-img-choice-check-ind-size: var(--gf-field-img-choice-check-ind-size-md);--gf-field-img-choice-check-ind-icon-size: var(--gf-field-img-choice-check-ind-icon-size-md);--gf-field-pg-steps-number-color: rgba(17, 35, 55, 0.8);}<\/style><form method='post' enctype='multipart\/form-data'  id='gform_2'  action='\/pt-pt\/wp-json\/wp\/v2\/posts\/3146' data-formid='2' novalidate> \r\n <input type='hidden' class='gforms-pum' value='{\"closepopup\":false,\"closedelay\":0,\"openpopup\":false,\"openpopup_id\":0}' \/>\n                        <div class='gform-body gform_body'><div id='gform_fields_2' class='gform_fields top_label form_sublabel_below description_below validation_below'><div id=\"field_2_1\" class=\"gfield gfield--type-website gfield--input-type-website field_sublabel_below gfield--no-description field_description_below field_validation_below gfield_visibility_hidden\"  ><div class=\"admin-hidden-markup\"><i class=\"gform-icon gform-icon--hidden\" aria-hidden=\"true\" title=\"Este campo est\u00e1 escondido ao visualizar o formul\u00e1rio\"><\/i><span>Este campo est\u00e1 escondido ao visualizar o formul\u00e1rio<\/span><\/div><label class='gfield_label gform-field-label' for='input_2_1'>Site Web<\/label><div class='ginput_container ginput_container_website'>\n                    <input name='input_1' id='input_2_1' type='url' value='https:\/\/canarias-lovers.com\/pt-pt\/wp-json\/wp\/v2\/posts\/3146' class='large'    placeholder='https:\/\/'  aria-invalid=\"false\" \/>\n                <\/div><\/div><div id=\"field_2_3\" class=\"gfield gfield--type-email gfield--input-type-email gfield--width-full gfield_contains_required field_sublabel_below gfield--no-description field_description_below hidden_label field_validation_below gfield_visibility_visible\"  ><label class='gfield_label gform-field-label' for='input_2_3'>E-mail<span class=\"gfield_required\"><span class=\"gfield_required gfield_required_text\">(Obrigat\u00f3rio)<\/span><\/span><\/label><div class='ginput_container ginput_container_email'>\n                            <input name='input_3' id='input_2_3' type='email' value='' class='large'    aria-required=\"true\" aria-invalid=\"false\"  \/>\n                        <\/div><\/div><\/div><\/div>\n        <div class='gform-footer gform_footer top_label'> <input type='submit' id='gform_submit_button_2' class='gform_button button' onclick='gform.submission.handleButtonClick(this);' data-submission-type='submit' value='Subscrever'  \/> \n            <input type='hidden' class='gform_hidden' name='gform_submission_method' data-js='gform_submission_method_2' value='postback' \/>\n            <input type='hidden' class='gform_hidden' name='gform_theme' data-js='gform_theme_2' id='gform_theme_2' value='orbital' \/>\n            <input type='hidden' class='gform_hidden' name='gform_style_settings' data-js='gform_style_settings_2' id='gform_style_settings_2' value='{&quot;inputPrimaryColor&quot;:&quot;#204ce5&quot;}' \/>\n            <input type='hidden' class='gform_hidden' name='is_submit_2' value='1' \/>\n            <input type='hidden' class='gform_hidden' name='gform_submit' value='2' \/>\n            \n            <input type='hidden' class='gform_hidden' name='gform_currency' data-currency='EUR' value='gNEd7Ud2nv857qYNUQC7iYv5ldZLq8GsX+VHqRig1oXovgP01pvzuprt83FZ1f7VfDXsJC0lqOCiO88Nb3FfGI98HChbMdwGt1pz1jyp7ufpVQU=' \/>\n            <input type='hidden' class='gform_hidden' name='gform_unique_id' value='' \/>\n            <input type='hidden' class='gform_hidden' name='state_2' value='WyJbXSIsImYwNjdmM2RlZjkzZGI5YjM2NWY4ZmY4ZDRhNWY0OGY0Il0=' \/>\n            <input type='hidden' autocomplete='off' class='gform_hidden' name='gform_target_page_number_2' id='gform_target_page_number_2' value='0' \/>\n            <input type='hidden' autocomplete='off' class='gform_hidden' name='gform_source_page_number_2' id='gform_source_page_number_2' value='1' \/>\n            <input type='hidden' name='gform_field_values' value='' \/>\n            \n        <\/div>\n                        <\/form>\n                        <\/div><script>\ngform.initializeOnLoaded( function() {gformInitSpinner( 2, 'https:\/\/canarias-lovers.com\/wp-content\/plugins\/gravityforms\/images\/spinner.svg', false );jQuery('#gform_ajax_frame_2').on('load',function(){var contents = jQuery(this).contents().find('*').html();var is_postback = contents.indexOf('GF_AJAX_POSTBACK') >= 0;if(!is_postback){return;}var form_content = jQuery(this).contents().find('#gform_wrapper_2');var is_confirmation = jQuery(this).contents().find('#gform_confirmation_wrapper_2').length > 0;var is_redirect = contents.indexOf('gformRedirect(){') >= 0;var is_form = form_content.length > 0 && ! is_redirect && ! is_confirmation;var mt = parseInt(jQuery('html').css('margin-top'), 10) + parseInt(jQuery('body').css('margin-top'), 10) + 100;if(is_form){jQuery('#gform_wrapper_2').html(form_content.html());if(form_content.hasClass('gform_validation_error')){jQuery('#gform_wrapper_2').addClass('gform_validation_error');} else {jQuery('#gform_wrapper_2').removeClass('gform_validation_error');}setTimeout( function() { \/* delay the scroll by 50 milliseconds to fix a bug in chrome *\/  }, 50 );if(window['gformInitDatepicker']) {gformInitDatepicker();}if(window['gformInitPriceFields']) {gformInitPriceFields();}var current_page = jQuery('#gform_source_page_number_2').val();gformInitSpinner( 2, 'https:\/\/canarias-lovers.com\/wp-content\/plugins\/gravityforms\/images\/spinner.svg', false );jQuery(document).trigger('gform_page_loaded', [2, current_page]);window['gf_submitting_2'] = false;}else if(!is_redirect){var confirmation_content = jQuery(this).contents().find('.GF_AJAX_POSTBACK').html();if(!confirmation_content){confirmation_content = contents;}jQuery('#gform_wrapper_2').replaceWith(confirmation_content);jQuery(document).trigger('gform_confirmation_loaded', [2]);window['gf_submitting_2'] = false;wp.a11y.speak(jQuery('#gform_confirmation_message_2').text());}else{jQuery('#gform_2').append(contents);if(window['gformRedirect']) {gformRedirect();}}jQuery(document).trigger(\"gform_pre_post_render\", [{ formId: \"2\", currentPage: \"current_page\", abort: function() { this.preventDefault(); } }]);        if (event && event.defaultPrevented) {                return;        }        const gformWrapperDiv = document.getElementById( \"gform_wrapper_2\" );        if ( gformWrapperDiv ) {            const visibilitySpan = document.createElement( \"span\" );            visibilitySpan.id = \"gform_visibility_test_2\";            gformWrapperDiv.insertAdjacentElement( \"afterend\", visibilitySpan );        }        const visibilityTestDiv = document.getElementById( \"gform_visibility_test_2\" );        let postRenderFired = false;        function triggerPostRender() {            if ( postRenderFired ) {                return;            }            postRenderFired = true;            gform.core.triggerPostRenderEvents( 2, current_page );            if ( visibilityTestDiv ) {                visibilityTestDiv.parentNode.removeChild( visibilityTestDiv );            }        }        function debounce( func, wait, immediate ) {            var timeout;            return function() {                var context = this, args = arguments;                var later = function() {                    timeout = null;                    if ( !immediate ) func.apply( context, args );                };                var callNow = immediate && !timeout;                clearTimeout( timeout );                timeout = setTimeout( later, wait );                if ( callNow ) func.apply( context, args );            };        }        const debouncedTriggerPostRender = debounce( function() {            triggerPostRender();        }, 200 );        if ( visibilityTestDiv && visibilityTestDiv.offsetParent === null ) {            const observer = new MutationObserver( ( mutations ) => {                mutations.forEach( ( mutation ) => {                    if ( mutation.type === 'attributes' && visibilityTestDiv.offsetParent !== null ) {                        debouncedTriggerPostRender();                        observer.disconnect();                    }                });            });            observer.observe( document.body, {                attributes: true,                childList: false,                subtree: true,                attributeFilter: [ 'style', 'class' ],            });        } else {            triggerPostRender();        }    } );} );\n<\/script>\n<\/div>\n\n\n\n<div class=\"wp-block-column is-layout-flow wp-block-column-is-layout-flow\" style=\"flex-basis:42%\">\n<div class=\"wp-block-genesis-blocks-gb-container ebook-radius-waitlist gb-block-container\"><div class=\"gb-container-inside\"><div class=\"gb-container-content\"><div class=\"wp-block-image ebook-image\">\n<figure class=\"aligncenter size-large\"><img decoding=\"async\" src=\"https:\/\/loirelovers.fr\/wp-content\/uploads\/2023\/03\/ebooks_CorseNormandie_FR.png\" alt=\"Caixa Ebook C&#xF3;rsega FR\"\/><\/figure>\n<\/div><\/div><\/div><\/div>\n<\/div>\n<\/div>\n<\/div><\/div><\/div>\n\n<h2 class=\"wp-block-heading\"><span class=\"ez-toc-section\" id=\"As_melhores_atraccoes_de_Gran_Canaria_em_abril\"><\/span>As melhores atrac\u00e7\u00f5es de Gran Canaria em abril<span class=\"ez-toc-section-end\"><\/span><\/h2>\n\n<p>As atrac\u00e7\u00f5es obrigat\u00f3rias da Gran Canaria incluem..:<\/p>\n\n<ul class=\"wp-block-list\">\n<li>O bairro da Pequena Veneza de <a href=\"https:\/\/canarias-lovers.com\/pt-pt\/o-que-fazer-puerto-mogan-visita\/\" target=\"_blank\" rel=\"noreferrer noopener\">Puerto de Mogan<\/a><\/li>\n\n\n\n<li>Belas <a href=\"https:\/\/canarias-lovers.com\/pt-pt\/mais-belezas-praias-gran-canaria\/\" target=\"_blank\" rel=\"noreferrer noopener\">praias<\/a> de areia<\/li>\n\n\n\n<li>As famosas <a href=\"https:\/\/canarias-lovers.com\/pt-pt\/dunes-maspalomas-gran-canaria-2\/\" target=\"_blank\" rel=\"noreferrer noopener\">dunas<\/a> de Maspalomas<\/li>\n\n\n\n<li>Passeios de barco para observar baleias e golfinhos<\/li>\n\n\n\n<li>O centro hist\u00f3rico de <a href=\"https:\/\/canarias-lovers.com\/pt-pt\/o-que-fazer-las-palmas-gran-canaria-visitar\/\" target=\"_blank\" rel=\"noreferrer noopener\">Las Palmas<\/a><\/li>\n\n\n\n<li><a href=\"https:\/\/canarias-lovers.com\/pt-pt\/?p=1011\" target=\"_blank\" rel=\"noreferrer noopener\">S\u00edtios arqueol\u00f3gicos<\/a> da civiliza\u00e7\u00e3o guanche<\/li>\n\n\n\n<li><a href=\"https:\/\/canarias-lovers.com\/pt-pt\/o-que-fazer-aguimes-gran-canaria-visitar\/\" target=\"_blank\" rel=\"noreferrer noopener\">Ag\u00fcimes<\/a>, a aldeia com as suas ruas coloridas e esculturas<\/li>\n\n\n\n<li>As montanhas com o Pico de la Neives no cume da caminhada Roque Nublo<\/li>\n\n\n\n<li>Agaete e as fal\u00e9sias ocidentais<\/li>\n\n\n\n<li>Parques de divers\u00e3o<\/li>\n\n\n\n<li>&#8230;<\/li>\n<\/ul>\n\n<p><a href=\"https:\/\/canarias-lovers.com\/pt-pt\/o-que-fazer-gran-canaria-visita\/\" target=\"_blank\" rel=\"noreferrer noopener\">Veja as melhores atrac\u00e7\u00f5es da Gran Canaria.<\/a><\/p>\n\n<figure class=\"wp-block-image size-large\"><img decoding=\"async\" src=\"https:\/\/photos.smugmug.com\/Canarias-Lovers\/Gran-Canaria\/Best\/Parks\/i-zNgJMcf\/0\/DkgP59rfZNkDgsxfR6NCn3THSxJzQHWQ6LHcwbm8P\/L\/cactaldea-L.jpg\" alt=\"Cactualdea\"\/><figcaption class=\"wp-element-caption\">Cactualdea<\/figcaption><\/figure>\n\n<p>E muitas actividades como estas:<\/p>\n\n<div style=\"margin-top:8%;margin-bottom:8%\" class=\"wp-block-genesis-blocks-gb-container box gb-block-container\"><div class=\"gb-container-inside\"><div class=\"gb-container-content\">\n<div class=\"wp-block-columns inverse is-layout-flex wp-container-core-columns-is-layout-9d6595d7 wp-block-columns-is-layout-flex\">\n<div class=\"wp-block-column texte_planif is-layout-flow wp-block-column-is-layout-flow\" style=\"flex-basis:58%\">\n<h5 class=\"titre_box\" style=\"padding-top:10px\">Divers\u00e3o na Gran Canaria<span class=\"titre_box_manuscrit\">: actividades<\/span><\/h5>\n\n\n\n<p style=\"font-size:16px\"><a href=\"https:\/\/www.getyourguide.pt\/s\/?q=Gran+Canaria+dauphins&amp;searchSource=3&amp;partner_id=R3GYW4V&amp;cmp=CAL\" target=\"_blank\" rel=\"noreferrer noopener sponsored nofollow\">Observa\u00e7\u00e3o de golfinhos<\/a><br\/><a href=\"https:\/\/www.getyourguide.pt\/grande-canarie-l418\/grande-canarie-circuit-guide-en-buggy-t212850\/?partner_id=R3GYW4V&amp;cmp=CAL\" target=\"_blank\" rel=\"noreferrer noopener sponsored nofollow\">Buggy \/ Quad<\/a><br\/><a href=\"https:\/\/www.getyourguide.pt\/grande-canarie-l418\/las-palmas-sortie-de-snorkeling-de-3-h-a-las-canteras-t214674\/?partner_id=R3GYW4V&amp;cmp=CAL\" target=\"_blank\" rel=\"noreferrer noopener sponsored nofollow\">Snorkeling<\/a><br\/><a href=\"https:\/\/www.getyourguide.pt\/grande-canarie-l418\/las-palmas-excursion-en-kayak-au-coucher-du-soleil-et-plongee-en-apnee-t427329\/?partner_id=R3GYW4V&amp;cmp=CAL\" target=\"_blank\" rel=\"noreferrer noopener sponsored nofollow\">Passeio de caiaque nas grutas de Mogan<\/a><br\/>Mas tamb\u00e9m: Canyoning, Equita\u00e7\u00e3o, Via Ferrata, Coasteering&#8230;  <a href=\"https:\/\/www.getyourguide.pt\/s?q=Gran+Canaria&amp;searchSource=8&amp;themes=adrenaline-water_sports-water_activities&amp;partner_id=R3GYW4V&amp;cmp=CAL\" target=\"_blank\" rel=\"noreferrer noopener sponsored nofollow\"><\/a><a href=\"https:\/\/www.getyourguide.pt\/s?q=Gran+Canaria&amp;searchSource=8&amp;themes=adrenaline-water_sports-water_activities&amp;partner_id=R3GYW4V&amp;cmp=CAL\">Ver todas as op\u00e7\u00f5es<\/a><br\/><\/p>\n<\/div>\n\n\n\n<div class=\"wp-block-column ville-radius is-layout-flow wp-block-column-is-layout-flow\" style=\"flex-basis:42%\">\n<figure class=\"wp-block-image size-large img-portrait\"><img decoding=\"async\" src=\"https:\/\/photos.smugmug.com\/Canarias-Lovers\/Gran-Canaria\/Dolphins\/i-jm9TqbK\/0\/FfCW9g6J4ktRThBvpCKBJj4hF9RmM25RzS56zgJqN\/S\/Gran-Canaria-dolphins-S.jpg\" alt=\"Golfinhos na Gran Canaria\" title=\"\"\/><\/figure>\n<\/div>\n<\/div>\n<\/div><\/div><\/div>\n\n<h2 class=\"wp-block-heading\"><span class=\"ez-toc-section\" id=\"Clima_em_Gran_Canaria_em_abril_%E2%80%93_previsao_do_tempo\"><\/span>Clima em Gran Canaria em abril &#8211; previs\u00e3o do tempo<span class=\"ez-toc-section-end\"><\/span><\/h2>\n\n<p>De um modo geral, o m\u00eas de abril oferece um clima agrad\u00e1vel e est\u00e1vel. O contraste entre o clima costeiro e o clima de montanha oferece ao visitante a possibilidade de descobrir diferentes microclimas numa curta dist\u00e2ncia.<\/p>\n\n<h3 class=\"wp-block-heading\">Tempo \u00e0 beira-mar<\/h3>\n\n<p>Perto da costa, pode esperar dias quentes e soalheiros, com brisas ligeiras ocasionais. O ar do mar mant\u00e9m temperaturas agrad\u00e1veis, perfeitas para actividades na praia e refei\u00e7\u00f5es ao ar livre.<br\/>Embora n\u00e3o seja quente para os padr\u00f5es do ver\u00e3o, muitos visitantes acham que \u00e9 suficientemente quente para apanhar sol.  <\/p>\n\n<h3 class=\"wp-block-heading\">O tempo nas montanhas<\/h3>\n\n<p>Nas montanhas, o tempo pode ser ligeiramente mais fresco e mais vari\u00e1vel. Poder\u00e1 haver algumas nuvens de manh\u00e3, mas estas v\u00e3o-se dissipando \u00e0 medida que o dia avan\u00e7a. Em altitudes mais elevadas, pode haver mais vento e, ocasionalmente, nevoeiro. De um modo geral, o tempo \u00e9 seco e soalheiro, com aguaceiros curtos e pouco frequentes. O clima est\u00e1vel \u00e9 ideal para fazer caminhadas e explorar as diversas paisagens da ilha.<\/p>\n\n<figure class=\"wp-block-image size-large\"><img decoding=\"async\" src=\"https:\/\/photos.smugmug.com\/Canarias-Lovers\/Gran-Canaria\/Best\/Views\/i-5CjVT4N\/0\/WT4NBFNT4MCQkggLwfkg78wb3VZrqRZ44z3C8HjB\/L\/Pico-bandama-L.jpg\" alt=\"Cratera da Caldeira de Bandama\"\/><figcaption class=\"wp-element-caption\">Cratera da Caldeira de Bandama<\/figcaption><\/figure>\n\n<h2 class=\"wp-block-heading\"><span class=\"ez-toc-section\" id=\"Temperaturas_em_abril_na_Gran_Canaria\"><\/span>Temperaturas em abril na Gran Canaria<span class=\"ez-toc-section-end\"><\/span><\/h2>\n\n<h3 class=\"wp-block-heading\">Temperatura em Las Palmas de Gran Canaria (norte)<\/h3>\n\n<ul class=\"wp-block-list\">\n<li>A temperatura m\u00e9dia durante o dia \u00e9 de cerca de 22\u00b0C (72\u00b0F).<\/li>\n\n\n\n<li>\u00c0 noite, arrefece para cerca de 17\u00b0C (63\u00b0F).<\/li>\n<\/ul>\n\n<h3 class=\"wp-block-heading\">Temperatura em Maspalomas (sul)<\/h3>\n\n<ul class=\"wp-block-list\">\n<li>A temperatura m\u00e9dia durante o dia \u00e9 de cerca de 23\u00b0C (73\u00b0F).<\/li>\n\n\n\n<li>\u00c0 noite, arrefece para cerca de 16\u00b0C (61\u00b0F).<\/li>\n<\/ul>\n\n<div style=\"margin-top:8%;margin-bottom:8%\" class=\"wp-block-genesis-blocks-gb-container box gb-block-container\"><div class=\"gb-container-inside\"><div class=\"gb-container-content\">\n<div class=\"wp-block-columns inverse box_planif is-layout-flex wp-container-core-columns-is-layout-9d6595d7 wp-block-columns-is-layout-flex\">\n<div class=\"wp-block-column texte_planif is-layout-flow wp-block-column-is-layout-flow\" style=\"flex-basis:60%\">\n<h5 class=\"titre_box\" style=\"padding-top:10px;\">OS NOSSOS CONSELHOS PARA ALGULAR UM CARRO EM <span class=\"titre_box_manuscrit\">gran canaria<\/span><\/h5>\n\n\n\n<ul class=\"wp-block-list\" style=\"font-size:14px\">\n<li>Compare os pre\u00e7os na nossa plataforma preferida: <a href=\"https:\/\/www.discovercars.com\/pt\/spain-canary-islands\/gran-canaria?a_aid=zigzag&amp;chan=CAL\" target=\"_blank\" rel=\"noreferrer noopener sponsored nofollow\">DiscoverCars<\/a> &#8211; um dos s\u00edtios mais bem classificados.<\/li>\n\n\n\n<li>Se est\u00e1 a planear explorar as montanhas, n\u00e3o leve <strong>os carros mais pequenos<\/strong>. Um motor mais potente \u00e9 mais confort\u00e1vel.<\/li>\n\n\n\n<li>Mas tamb\u00e9m n\u00e3o leve um carro demasiado grande, pois algumas das estradas s\u00e3o estreitas.<\/li>\n\n\n\n<li>H\u00e1 muita procura e \u00e9 uma ilha, por isso <strong>reserve com anteced\u00eancia<\/strong>.<\/li>\n<\/ul>\n<\/div>\n\n\n\n<div class=\"wp-block-column planif-radius-2 is-layout-flow wp-block-column-is-layout-flow\">\n<figure class=\"wp-block-image size-large voiture_image\"><img decoding=\"async\" src=\"https:\/\/photos.smugmug.com\/Canarias-Lovers\/Gran-Canaria\/Driving\/i-FXBKL7Q\/1\/C432TQvrLtk7Fzt3jdL3g8XCdWtF4krHtKv9zvKg6\/S\/gran-Canaria-rental-car-driving-S.jpg\" alt=\"conduzir na Gran Canaria\"\/><\/figure>\n<\/div>\n<\/div>\n\n\n\n<div class=\"wp-block-columns planif_bouton is-layout-flex wp-container-core-columns-is-layout-9d6595d7 wp-block-columns-is-layout-flex\">\n<div class=\"wp-block-column is-vertically-aligned-top is-layout-flow wp-block-column-is-layout-flow\">\n<div class=\"wp-block-buttons is-content-justification-center is-layout-flex wp-container-core-buttons-is-layout-16018d1d wp-block-buttons-is-layout-flex\">\n<div class=\"wp-block-button\"><a class=\"wp-block-button__link has-white-color has-text-color wp-element-button\" href=\"https:\/\/www.discovercars.com\/pt\/spain-canary-islands\/gran-canaria?a_aid=zigzag&amp;amp;chan=CAL\" target=\"_blank\" rel=\"noreferrer noopener nofollow\">Veja os autom\u00f3veis dispon\u00edveis &gt;&gt;<\/a><\/div>\n<\/div>\n<\/div>\n\n\n\n<div class=\"wp-block-column is-vertically-aligned-center is-layout-flow wp-block-column-is-layout-flow\">\n<p class=\"has-text-align-center\" style=\"font-size:16px\"><a href=\"https:\/\/canarias-lovers.com\/pt-pt\/como-alugar-um-carro-gran-canaria-experiencias\/\" target=\"_blank\" rel=\"noreferrer noopener\">Leia os nossos conselhos<\/a><\/p>\n<\/div>\n<\/div>\n<\/div><\/div><\/div>\n\n<h2 class=\"wp-block-heading\"><span class=\"ez-toc-section\" id=\"Chuva_e_vento\"><\/span>Chuva e vento<span class=\"ez-toc-section-end\"><\/span><\/h2>\n\n<p>Em abril, a precipita\u00e7\u00e3o \u00e9 muito baixa, especialmente em compara\u00e7\u00e3o com muitos destinos europeus. Quando chove, \u00e9 normalmente de curta dura\u00e7\u00e3o e n\u00e3o perturba as actividades durante muito tempo.<\/p>\n\n<ul class=\"wp-block-list\">\n<li>Precipita\u00e7\u00e3o em Las Palmas: 5 a 15 mm<br\/>(2 a 3 dias em m\u00e9dia)<\/li>\n\n\n\n<li>Precipita\u00e7\u00e3o em Maspalomas: 3-10 mm<br\/>(1 a 2 dias em m\u00e9dia)<\/li>\n<\/ul>\n\n<p>As condi\u00e7\u00f5es de vento na Gran Canaria em abril s\u00e3o geralmente suaves a moderadas. Os ventos al\u00edsios, conhecidos localmente como &#8220;alisios&#8221;, trazem uma brisa agrad\u00e1vel \u00e0s zonas costeiras, ajudando a manter temperaturas confort\u00e1veis. As velocidades do vento situam-se geralmente entre 10 e 20 km\/h (6 a 12 mph). As costas norte e nordeste podem registar ventos ligeiramente mais fortes, enquanto as regi\u00f5es do sul s\u00e3o frequentemente mais abrigadas.<\/p>\n\n<figure class=\"wp-block-image size-large\"><img decoding=\"async\" src=\"https:\/\/photos.smugmug.com\/Canarias-Lovers\/Gran-Canaria\/Best\/Views\/i-v6PhvC7\/0\/D745RnPd8BcmjS27MSqpkw8fHNjVpqvHfxvtBZrpg\/L\/Mirador_el_Balcon-L.jpg\" alt=\"Mirador del Balcon&#10;\"\/><figcaption class=\"wp-element-caption\">Mirador del Balcon<\/figcaption><\/figure>\n\n<h2 class=\"wp-block-heading\"><span class=\"ez-toc-section\" id=\"Luz_do_sol\"><\/span>Luz do sol<span class=\"ez-toc-section-end\"><\/span><\/h2>\n\n<p>Em abril, o hor\u00e1rio de ver\u00e3o varia entre as 12h30 e as 13h15.<br\/>O nascer do sol \u00e9 por volta das 7h30 e o p\u00f4r do sol por volta das 20h30.<\/p>\n\n<p>A Gran Canaria goza de um sol abundante em abril. Em m\u00e9dia, pode esperar cerca de 8 a 9 horas de sol por dia.  <br\/>Os dias est\u00e3o a ficar mais longos \u00e0 medida que o ver\u00e3o se aproxima. Poder\u00e1 aproveitar este tempo para experimentar todas as actividades ao ar livre e visitar os locais tur\u00edsticos.  <\/p>\n\n<h2 class=\"wp-block-heading\"><span class=\"ez-toc-section\" id=\"Temperatura_da_agua_%E2%80%93_nadar_na_Gran_Canaria_em_abril\"><\/span>Temperatura da \u00e1gua &#8211; nadar na Gran Can\u00e1ria em abril<span class=\"ez-toc-section-end\"><\/span><\/h2>\n\n<p>A temperatura m\u00e9dia do mar na Gran Canaria em abril varia entre 19\u00b0C e 20\u00b0C (66\u00b0F e 68\u00b0F). seja no norte ou no sul.<br\/>Embora esta temperatura possa parecer um pouco fria para alguns nadadores, muitos consideram-na refrescante e ideal para actividades aqu\u00e1ticas. \u00c0 medida que o m\u00eas avan\u00e7a, o mar aquece gradualmente.  <br\/>Para a maioria dos visitantes, esta \u00e9 uma boa altura para dar um mergulho, especialmente nas tardes mais quentes. Os entusiastas dos desportos aqu\u00e1ticos, os surfistas e os que est\u00e3o habituados a \u00e1guas mais frias encontrar\u00e3o as condi\u00e7\u00f5es ideais.  <\/p>\n\n<figure class=\"wp-block-image size-large\"><img decoding=\"async\" src=\"https:\/\/photos.smugmug.com\/Canarias-Lovers\/Gran-Canaria\/Puerto-Rico\/Playa-Amadores\/i-GgPKQfD\/0\/LsPFwf3PPfVSNW6shvL6CDh6gPr8ZGz82PmCzj5tB\/L\/playa-amadores-access-L.jpg\" alt=\"Praia de Amadores\"\/><figcaption class=\"wp-element-caption\">Praia de Amadores<\/figcaption><\/figure>\n\n<h2 class=\"wp-block-heading\"><span class=\"ez-toc-section\" id=\"Multidoes_e_outras_condicoes\"><\/span>Multid\u00f5es e outras condi\u00e7\u00f5es<span class=\"ez-toc-section-end\"><\/span><\/h2>\n\n<p>O m\u00eas de abril na Gran Canaria \u00e9 menos concorrido do que os meses mais quentes de inverno, oferecendo um ambiente mais descontra\u00eddo aos visitantes.<br\/>As atrac\u00e7\u00f5es populares e as praias est\u00e3o menos cheias, o que torna a experi\u00eancia mais agrad\u00e1vel. or\u00e7amento.<\/p>\n\n<p>  No entanto, como a P\u00e1scoa coincide por vezes com o m\u00eas de abril, poder\u00e1 haver um breve aumento do n\u00famero de visitantes e dos pre\u00e7os por altura desta festa. Nalgumas semanas, pode registar-se um afluxo de visitantes durante as f\u00e9rias escolares em certos pa\u00edses europeus.<\/p>\n\n<h2 class=\"wp-block-heading\"><span class=\"ez-toc-section\" id=\"Golfinhos_e_baleias_em_abril\"><\/span>Golfinhos e baleias em abril<span class=\"ez-toc-section-end\"><\/span><\/h2>\n\n<p>Em abril, poder\u00e1 observar golfinhos e baleias na Gran Canaria, uma vez que a regi\u00e3o alberga uma grande variedade de cet\u00e1ceos durante todo o ano. Recomendamos-lhe vivamente.<br\/>Os golfinhos mais frequentemente observados s\u00e3o o roaz-corvineiro, o golfinho-pintado do Atl\u00e2ntico e o golfinho-comum. Podem ser vistos durante todo o ano.<br\/>As condi\u00e7\u00f5es s\u00e3o muitas vezes ideais para um passeio de barco.<\/p>\n\n<p>H\u00e1 passeios em catamar\u00e3s, lanchas r\u00e1pidas e barcos mais tradicionais. As partidas s\u00e3o efectuadas principalmente a partir do porto de Porto Rico, no sul da ilha.<br\/><a href=\"https:\/\/www.getyourguide.pt\/s\/?q=Gran+Canaria+dauphins&amp;searchSource=3&amp;partner_id=R3GYW4V&amp;cmp=CAL\" target=\"_blank\" rel=\"noreferrer noopener sponsored nofollow\">Veja as op\u00e7\u00f5es de passeios de barco<\/a>.<\/p>\n\n<figure class=\"wp-block-image size-large\"><img decoding=\"async\" src=\"https:\/\/photos.smugmug.com\/Canarias-Lovers\/Gran-Canaria\/Dolphins\/i-gCrMjJh\/0\/DbnFqQDFfQtxqrc2XcK64drK7H5pxZkQGXxKwVPm9\/L\/dolphins_2-L.jpg\" alt=\"\"\/><\/figure>\n\n<h2 class=\"wp-block-heading\"><span class=\"ez-toc-section\" id=\"Eventos_em_abril_na_Gran_Canaria\"><\/span>Eventos em abril na Gran Canaria<span class=\"ez-toc-section-end\"><\/span><\/h2>\n\n<p>Em abril, a Gran Canaria acolhe uma s\u00e9rie de eventos dignos de nota:<\/p>\n\n<ul class=\"wp-block-list\">\n<li><strong>Semana Santa (Holy Week)<\/strong>: ocorre normalmente entre o in\u00edcio e meados de abril (mas por vezes em mar\u00e7o). Poder\u00e1 assistir a prociss\u00f5es religiosas e eventos culturais por toda a ilha.<\/li>\n\n\n\n<li><strong>Feria del Queso (Feira do Queijo):<\/strong> Realiza-se habitualmente na segunda quinzena de abril (e, por vezes, em maio) em Santa Mar\u00eda de Gu\u00eda e d\u00e1 a conhecer os queijos e as tradi\u00e7\u00f5es culin\u00e1rias locais.<\/li>\n\n\n\n<li><strong>Rally Islas Canarias Trofeo El Corte Ingl\u00e9s<\/strong>: um grande rally de autom\u00f3veis que pode afetar o seu acesso a certas estradas<\/li>\n\n\n\n<li><strong>Fiesta de los Abor\u00edgenes &#8211;<\/strong> <strong>29 de abril<\/strong>: Esta festa assinala a \u00faltima revolta dos Guanches contra os espanh\u00f3is e a anexa\u00e7\u00e3o da Gran Canaria pela Coroa de Castela em 1483. As grandes cerim\u00f3nias t\u00eam lugar na Fortaleza Grande, perto de Santa Luzia.<\/li>\n<\/ul>\n\n<div style=\"background-color:#fefefe;margin-top:6%;margin-bottom:6%\" class=\"wp-block-genesis-blocks-gb-container box gb-block-container\"><div class=\"gb-container-inside\"><div class=\"gb-container-content\" style=\"max-width:700px\">\n<div class=\"wp-block-columns inverse is-layout-flex wp-container-core-columns-is-layout-9d6595d7 wp-block-columns-is-layout-flex\">\n<div class=\"wp-block-column texte_planif is-layout-flow wp-block-column-is-layout-flow\" style=\"flex-basis:58%\">\n<h5 class=\"titre_box\">Receba a nossa <span class=\"titre_box_manuscrit\">newsletter<\/span><\/h5>\n\n\n\n<ul class=\"wp-block-list\">\n<li>Uma lufada de ar fresco na sua vida quotidiana nos belos destinos da Region Lovers!<\/li>\n\n\n\n<li>Uma vez por m\u00eas<\/li>\n\n\n\n<li>Sem publicidade<\/li>\n<\/ul>\n\n\n\n                <div class='gf_browser_gecko gform_wrapper gform-theme gform-theme--foundation gform-theme--framework gform-theme--orbital' data-form-theme='orbital' data-form-index='0' id='gform_wrapper_3' ><style>#gform_wrapper_3[data-form-index=\"0\"].gform-theme,[data-parent-form=\"3_0\"]{--gf-color-primary: #204ce5;--gf-color-primary-rgb: 32, 76, 229;--gf-color-primary-contrast: #fff;--gf-color-primary-contrast-rgb: 255, 255, 255;--gf-color-primary-darker: #001AB3;--gf-color-primary-lighter: #527EFF;--gf-color-secondary: #fff;--gf-color-secondary-rgb: 255, 255, 255;--gf-color-secondary-contrast: #112337;--gf-color-secondary-contrast-rgb: 17, 35, 55;--gf-color-secondary-darker: #F5F5F5;--gf-color-secondary-lighter: #FFFFFF;--gf-color-out-ctrl-light: rgba(17, 35, 55, 0.1);--gf-color-out-ctrl-light-rgb: 17, 35, 55;--gf-color-out-ctrl-light-darker: rgba(104, 110, 119, 0.35);--gf-color-out-ctrl-light-lighter: #F5F5F5;--gf-color-out-ctrl-dark: #585e6a;--gf-color-out-ctrl-dark-rgb: 88, 94, 106;--gf-color-out-ctrl-dark-darker: #112337;--gf-color-out-ctrl-dark-lighter: rgba(17, 35, 55, 0.65);--gf-color-in-ctrl: #fff;--gf-color-in-ctrl-rgb: 255, 255, 255;--gf-color-in-ctrl-contrast: #112337;--gf-color-in-ctrl-contrast-rgb: 17, 35, 55;--gf-color-in-ctrl-darker: #F5F5F5;--gf-color-in-ctrl-lighter: #FFFFFF;--gf-color-in-ctrl-primary: #204ce5;--gf-color-in-ctrl-primary-rgb: 32, 76, 229;--gf-color-in-ctrl-primary-contrast: #fff;--gf-color-in-ctrl-primary-contrast-rgb: 255, 255, 255;--gf-color-in-ctrl-primary-darker: #001AB3;--gf-color-in-ctrl-primary-lighter: #527EFF;--gf-color-in-ctrl-light: rgba(17, 35, 55, 0.1);--gf-color-in-ctrl-light-rgb: 17, 35, 55;--gf-color-in-ctrl-light-darker: rgba(104, 110, 119, 0.35);--gf-color-in-ctrl-light-lighter: #F5F5F5;--gf-color-in-ctrl-dark: #585e6a;--gf-color-in-ctrl-dark-rgb: 88, 94, 106;--gf-color-in-ctrl-dark-darker: #112337;--gf-color-in-ctrl-dark-lighter: rgba(17, 35, 55, 0.65);--gf-radius: 3px;--gf-font-size-secondary: 14px;--gf-font-size-tertiary: 13px;--gf-icon-ctrl-number: url(\"data:image\/svg+xml,%3Csvg width='8' height='14' viewBox='0 0 8 14' fill='none' xmlns='http:\/\/www.w3.org\/2000\/svg'%3E%3Cpath fill-rule='evenodd' clip-rule='evenodd' d='M4 0C4.26522 5.96046e-08 4.51957 0.105357 4.70711 0.292893L7.70711 3.29289C8.09763 3.68342 8.09763 4.31658 7.70711 4.70711C7.31658 5.09763 6.68342 5.09763 6.29289 4.70711L4 2.41421L1.70711 4.70711C1.31658 5.09763 0.683417 5.09763 0.292893 4.70711C-0.0976311 4.31658 -0.097631 3.68342 0.292893 3.29289L3.29289 0.292893C3.48043 0.105357 3.73478 0 4 0ZM0.292893 9.29289C0.683417 8.90237 1.31658 8.90237 1.70711 9.29289L4 11.5858L6.29289 9.29289C6.68342 8.90237 7.31658 8.90237 7.70711 9.29289C8.09763 9.68342 8.09763 10.3166 7.70711 10.7071L4.70711 13.7071C4.31658 14.0976 3.68342 14.0976 3.29289 13.7071L0.292893 10.7071C-0.0976311 10.3166 -0.0976311 9.68342 0.292893 9.29289Z' fill='rgba(17, 35, 55, 0.65)'\/%3E%3C\/svg%3E\");--gf-icon-ctrl-select: url(\"data:image\/svg+xml,%3Csvg width='10' height='6' viewBox='0 0 10 6' fill='none' xmlns='http:\/\/www.w3.org\/2000\/svg'%3E%3Cpath fill-rule='evenodd' clip-rule='evenodd' d='M0.292893 0.292893C0.683417 -0.097631 1.31658 -0.097631 1.70711 0.292893L5 3.58579L8.29289 0.292893C8.68342 -0.0976311 9.31658 -0.0976311 9.70711 0.292893C10.0976 0.683417 10.0976 1.31658 9.70711 1.70711L5.70711 5.70711C5.31658 6.09763 4.68342 6.09763 4.29289 5.70711L0.292893 1.70711C-0.0976311 1.31658 -0.0976311 0.683418 0.292893 0.292893Z' fill='rgba(17, 35, 55, 0.65)'\/%3E%3C\/svg%3E\");--gf-icon-ctrl-search: url(\"data:image\/svg+xml,%3Csvg width='640' height='640' xmlns='http:\/\/www.w3.org\/2000\/svg'%3E%3Cpath d='M256 128c-70.692 0-128 57.308-128 128 0 70.691 57.308 128 128 128 70.691 0 128-57.309 128-128 0-70.692-57.309-128-128-128zM64 256c0-106.039 85.961-192 192-192s192 85.961 192 192c0 41.466-13.146 79.863-35.498 111.248l154.125 154.125c12.496 12.496 12.496 32.758 0 45.254s-32.758 12.496-45.254 0L367.248 412.502C335.862 434.854 297.467 448 256 448c-106.039 0-192-85.962-192-192z' fill='rgba(17, 35, 55, 0.65)'\/%3E%3C\/svg%3E\");--gf-label-space-y-secondary: var(--gf-label-space-y-md-secondary);--gf-ctrl-border-color: #686e77;--gf-ctrl-size: var(--gf-ctrl-size-md);--gf-ctrl-label-color-primary: #112337;--gf-ctrl-label-color-secondary: #112337;--gf-ctrl-choice-size: var(--gf-ctrl-choice-size-md);--gf-ctrl-checkbox-check-size: var(--gf-ctrl-checkbox-check-size-md);--gf-ctrl-radio-check-size: var(--gf-ctrl-radio-check-size-md);--gf-ctrl-btn-font-size: var(--gf-ctrl-btn-font-size-md);--gf-ctrl-btn-padding-x: var(--gf-ctrl-btn-padding-x-md);--gf-ctrl-btn-size: var(--gf-ctrl-btn-size-md);--gf-ctrl-btn-border-color-secondary: #686e77;--gf-ctrl-file-btn-bg-color-hover: #EBEBEB;--gf-field-img-choice-size: var(--gf-field-img-choice-size-md);--gf-field-img-choice-card-space: var(--gf-field-img-choice-card-space-md);--gf-field-img-choice-check-ind-size: var(--gf-field-img-choice-check-ind-size-md);--gf-field-img-choice-check-ind-icon-size: var(--gf-field-img-choice-check-ind-icon-size-md);--gf-field-pg-steps-number-color: rgba(17, 35, 55, 0.8);}<\/style>\n                        <div class='gform_heading'>\n                            <p class='gform_description'><\/p>\n                        <\/div><form method='post' enctype='multipart\/form-data'  id='gform_3'  action='\/pt-pt\/wp-json\/wp\/v2\/posts\/3146' data-formid='3' novalidate> \r\n <input type='hidden' class='gforms-pum' value='{\"closepopup\":false,\"closedelay\":0,\"openpopup\":false,\"openpopup_id\":0}' \/>\n                        <div class='gform-body gform_body'><div id='gform_fields_3' class='gform_fields top_label form_sublabel_below description_below validation_below'><div id=\"field_3_1\" class=\"gfield gfield--type-email gfield--input-type-email gfield_contains_required field_sublabel_below gfield--no-description field_description_below hidden_label field_validation_below gfield_visibility_visible\"  ><label class='gfield_label gform-field-label' for='input_3_1'>E-mail<span class=\"gfield_required\"><span class=\"gfield_required gfield_required_text\">(Obrigat\u00f3rio)<\/span><\/span><\/label><div class='ginput_container ginput_container_email'>\n                            <input name='input_1' id='input_3_1' type='email' value='' class='large'    aria-required=\"true\" aria-invalid=\"false\"  \/>\n                        <\/div><\/div><fieldset id=\"field_3_4\" class=\"gfield gfield--type-consent gfield--type-choice gfield--input-type-consent gfield--width-full gfield_contains_required field_sublabel_below gfield--no-description field_description_below hidden_label field_validation_below gfield_visibility_visible\"  ><legend class='gfield_label gform-field-label gfield_label_before_complex' >RGPD<span class=\"gfield_required\"><span class=\"gfield_required gfield_required_text\">(Obrigat\u00f3rio)<\/span><\/span><\/legend><div class='ginput_container ginput_container_consent'><input name='input_4.1' id='input_3_4_1' type='checkbox' value='1'   aria-required=\"true\" aria-invalid=\"false\"   \/> <label class=\"gform-field-label gform-field-label--type-inline gfield_consent_label\" for='input_3_4_1' >Sim, quero subscrever a newsletter mensal<span class=\"gfield_required gfield_required_text\">(Obrigat\u00f3rio)<\/span><\/label><input type='hidden' name='input_4.2' value='Sim, quero subscrever a newsletter mensal' class='gform_hidden' \/><input type='hidden' name='input_4.3' value='1' class='gform_hidden' \/><\/div><\/fieldset><div id=\"field_3_5\" class=\"gfield gfield--type-website gfield--input-type-website gfield--width-full field_sublabel_below gfield--no-description field_description_below field_validation_below gfield_visibility_hidden\"  ><div class=\"admin-hidden-markup\"><i class=\"gform-icon gform-icon--hidden\" aria-hidden=\"true\" title=\"Este campo est\u00e1 escondido ao visualizar o formul\u00e1rio\"><\/i><span>Este campo est\u00e1 escondido ao visualizar o formul\u00e1rio<\/span><\/div><label class='gfield_label gform-field-label' for='input_3_5'>Site Web<\/label><div class='ginput_container ginput_container_website'>\n                    <input name='input_5' id='input_3_5' type='url' value='https:\/\/canarias-lovers.com\/pt-pt\/wp-json\/wp\/v2\/posts\/3146' class='large'    placeholder='https:\/\/'  aria-invalid=\"false\" \/>\n                <\/div><\/div><\/div><\/div>\n        <div class='gform-footer gform_footer top_label'> <input type='submit' id='gform_submit_button_3' class='gform_button button' onclick='gform.submission.handleButtonClick(this);' data-submission-type='submit' value='Subscrever'  \/> \n            <input type='hidden' class='gform_hidden' name='gform_submission_method' data-js='gform_submission_method_3' value='postback' \/>\n            <input type='hidden' class='gform_hidden' name='gform_theme' data-js='gform_theme_3' id='gform_theme_3' value='orbital' \/>\n            <input type='hidden' class='gform_hidden' name='gform_style_settings' data-js='gform_style_settings_3' id='gform_style_settings_3' value='{&quot;inputPrimaryColor&quot;:&quot;#204ce5&quot;}' \/>\n            <input type='hidden' class='gform_hidden' name='is_submit_3' value='1' \/>\n            <input type='hidden' class='gform_hidden' name='gform_submit' value='3' \/>\n            \n            <input type='hidden' class='gform_hidden' name='gform_currency' data-currency='EUR' value='3Jy7x+PfS6mSds+ZjJ2pq5YfLU5M7oNaMoFRMQ5S5tjI8kvFRuvav4TfVSJzmrTaq6DVE9wSR5V8N9znkaJ6DC22Msjx7AIUZ3b8VixXLbvwa6I=' \/>\n            <input type='hidden' class='gform_hidden' name='gform_unique_id' value='' \/>\n            <input type='hidden' class='gform_hidden' name='state_3' value='WyJ7XCI0LjFcIjpcIjg3MGIzYzZhNWQ4YTg2NGNkMjkzMjI4ZDZjZTM1N2NiXCIsXCI0LjJcIjpcIjExYzIyNzIzZjFjYzNkZTAyOTVlODFjN2JhZjZlYWYxXCIsXCI0LjNcIjpcIjg3MGIzYzZhNWQ4YTg2NGNkMjkzMjI4ZDZjZTM1N2NiXCJ9IiwiMDlmNDA1ZTZlY2M4NzkwYjk1MDljYzFkYzNjMjIzYmYiXQ==' \/>\n            <input type='hidden' autocomplete='off' class='gform_hidden' name='gform_target_page_number_3' id='gform_target_page_number_3' value='0' \/>\n            <input type='hidden' autocomplete='off' class='gform_hidden' name='gform_source_page_number_3' id='gform_source_page_number_3' value='1' \/>\n            <input type='hidden' name='gform_field_values' value='' \/>\n            \n        <\/div>\n                        <\/form>\n                        <\/div><script>\ngform.initializeOnLoaded( function() {gformInitSpinner( 3, 'https:\/\/canarias-lovers.com\/wp-content\/plugins\/gravityforms\/images\/spinner.svg', false );jQuery('#gform_ajax_frame_3').on('load',function(){var contents = jQuery(this).contents().find('*').html();var is_postback = contents.indexOf('GF_AJAX_POSTBACK') >= 0;if(!is_postback){return;}var form_content = jQuery(this).contents().find('#gform_wrapper_3');var is_confirmation = jQuery(this).contents().find('#gform_confirmation_wrapper_3').length > 0;var is_redirect = contents.indexOf('gformRedirect(){') >= 0;var is_form = form_content.length > 0 && ! is_redirect && ! is_confirmation;var mt = parseInt(jQuery('html').css('margin-top'), 10) + parseInt(jQuery('body').css('margin-top'), 10) + 100;if(is_form){jQuery('#gform_wrapper_3').html(form_content.html());if(form_content.hasClass('gform_validation_error')){jQuery('#gform_wrapper_3').addClass('gform_validation_error');} else {jQuery('#gform_wrapper_3').removeClass('gform_validation_error');}setTimeout( function() { \/* delay the scroll by 50 milliseconds to fix a bug in chrome *\/  }, 50 );if(window['gformInitDatepicker']) {gformInitDatepicker();}if(window['gformInitPriceFields']) {gformInitPriceFields();}var current_page = jQuery('#gform_source_page_number_3').val();gformInitSpinner( 3, 'https:\/\/canarias-lovers.com\/wp-content\/plugins\/gravityforms\/images\/spinner.svg', false );jQuery(document).trigger('gform_page_loaded', [3, current_page]);window['gf_submitting_3'] = false;}else if(!is_redirect){var confirmation_content = jQuery(this).contents().find('.GF_AJAX_POSTBACK').html();if(!confirmation_content){confirmation_content = contents;}jQuery('#gform_wrapper_3').replaceWith(confirmation_content);jQuery(document).trigger('gform_confirmation_loaded', [3]);window['gf_submitting_3'] = false;wp.a11y.speak(jQuery('#gform_confirmation_message_3').text());}else{jQuery('#gform_3').append(contents);if(window['gformRedirect']) {gformRedirect();}}jQuery(document).trigger(\"gform_pre_post_render\", [{ formId: \"3\", currentPage: \"current_page\", abort: function() { this.preventDefault(); } }]);        if (event && event.defaultPrevented) {                return;        }        const gformWrapperDiv = document.getElementById( \"gform_wrapper_3\" );        if ( gformWrapperDiv ) {            const visibilitySpan = document.createElement( \"span\" );            visibilitySpan.id = \"gform_visibility_test_3\";            gformWrapperDiv.insertAdjacentElement( \"afterend\", visibilitySpan );        }        const visibilityTestDiv = document.getElementById( \"gform_visibility_test_3\" );        let postRenderFired = false;        function triggerPostRender() {            if ( postRenderFired ) {                return;            }            postRenderFired = true;            gform.core.triggerPostRenderEvents( 3, current_page );            if ( visibilityTestDiv ) {                visibilityTestDiv.parentNode.removeChild( visibilityTestDiv );            }        }        function debounce( func, wait, immediate ) {            var timeout;            return function() {                var context = this, args = arguments;                var later = function() {                    timeout = null;                    if ( !immediate ) func.apply( context, args );                };                var callNow = immediate && !timeout;                clearTimeout( timeout );                timeout = setTimeout( later, wait );                if ( callNow ) func.apply( context, args );            };        }        const debouncedTriggerPostRender = debounce( function() {            triggerPostRender();        }, 200 );        if ( visibilityTestDiv && visibilityTestDiv.offsetParent === null ) {            const observer = new MutationObserver( ( mutations ) => {                mutations.forEach( ( mutation ) => {                    if ( mutation.type === 'attributes' && visibilityTestDiv.offsetParent !== null ) {                        debouncedTriggerPostRender();                        observer.disconnect();                    }                });            });            observer.observe( document.body, {                attributes: true,                childList: false,                subtree: true,                attributeFilter: [ 'style', 'class' ],            });        } else {            triggerPostRender();        }    } );} );\n<\/script>\n<\/div>\n\n\n\n<div class=\"wp-block-column is-layout-flow wp-block-column-is-layout-flow\" style=\"flex-basis:42%\">\n<div class=\"wp-block-genesis-blocks-gb-container aligncenter newsletter-radius gb-block-container\"><div class=\"gb-container-inside\"><div class=\"gb-container-content\"><div class=\"wp-block-image newsletter-image\">\n<figure class=\"aligncenter size-full\"><img loading=\"lazy\" decoding=\"async\" width=\"729\" height=\"792\" src=\"https:\/\/canarias-lovers.com\/wp-content\/uploads\/2024\/06\/newsletter_FR_2.png\" alt=\"boletim informativo\" class=\"wp-image-1181\" srcset=\"https:\/\/canarias-lovers.com\/wp-content\/uploads\/2024\/06\/newsletter_FR_2.png 729w, https:\/\/canarias-lovers.com\/wp-content\/uploads\/2024\/06\/newsletter_FR_2-276x300.png 276w\" sizes=\"auto, (max-width: 729px) 100vw, 729px\" \/><\/figure>\n<\/div><\/div><\/div><\/div>\n<\/div>\n<\/div>\n<\/div><\/div><\/div>\n\n<h2 class=\"wp-block-heading\"><span class=\"ez-toc-section\" id=\"Precos_de_abril\"><\/span>Pre\u00e7os de abril<span class=\"ez-toc-section-end\"><\/span><\/h2>\n\n<p>Como em todo o lado, os pre\u00e7os variam em fun\u00e7\u00e3o do que procura. Existe uma grande variedade de alojamento, desde pousadas da juventude a hot\u00e9is de 5 estrelas. Por conseguinte, \u00e9 dif\u00edcil dar-lhe um or\u00e7amento. No entanto, em abril, h\u00e1 um n\u00famero moderado de turistas, sobretudo no final do m\u00eas, pelo que os pre\u00e7os podem ser atractivos.<\/p>\n\n<h2 class=\"wp-block-heading\"><span class=\"ez-toc-section\" id=\"Outros_meses\"><\/span>Outros meses<span class=\"ez-toc-section-end\"><\/span><\/h2>\n\n<ul class=\"wp-block-list\">\n<li><a href=\"https:\/\/canarias-lovers.com\/pt-pt\/viagem-gran-canaria-janeiro-tempo-temperatura\/\" target=\"_blank\" rel=\"noreferrer noopener\">Gran Canaria em janeiro<\/a><\/li>\n\n\n\n<li><a href=\"https:\/\/canarias-lovers.com\/pt-pt\/viagem-gran-canaria-fevereiro-tempo-temperatura\/\" target=\"_blank\" rel=\"noreferrer noopener\">Gran Canaria em fevereiro<\/a><\/li>\n\n\n\n<li><a href=\"https:\/\/canarias-lovers.com\/pt-pt\/viagem-gran-canaria-marco-tempo-temperatura\/\" target=\"_blank\" rel=\"noreferrer noopener\">Gran Canaria em mar\u00e7o<\/a><\/li>\n\n\n\n<li><a href=\"https:\/\/canarias-lovers.com\/pt-pt\/viagem-gran-canaria-maio-tempo-temperatura\/\" target=\"_blank\" rel=\"noreferrer noopener\">Gran Canaria em maio<\/a><\/li>\n\n\n\n<li><a href=\"https:\/\/canarias-lovers.com\/pt-pt\/viagem-gran-canaria-junho-tempo-temperatura\/\" target=\"_blank\" rel=\"noreferrer noopener\">Gran Canaria em junho<\/a><\/li>\n\n\n\n<li><a href=\"https:\/\/canarias-lovers.com\/pt-pt\/viagem-gran-canaria-julho-tempo-temperatura\/\" target=\"_blank\" rel=\"noreferrer noopener\">Gran Canaria em julho<\/a><\/li>\n\n\n\n<li><a href=\"https:\/\/canarias-lovers.com\/pt-pt\/viagem-gran-canaria-agosto-tempo-temperatura\/\" target=\"_blank\" rel=\"noreferrer noopener\">Gran Canaria em agosto<\/a><\/li>\n\n\n\n<li><a href=\"https:\/\/canarias-lovers.com\/pt-pt\/viagem-gran-canaria-setembro-tempo-temperatura\/\" target=\"_blank\" rel=\"noreferrer noopener\">Gran Canaria em setembro<\/a><\/li>\n\n\n\n<li><a href=\"https:\/\/canarias-lovers.com\/pt-pt\/viagem-gran-canaria-outubro-tempo-temperatura\/\" target=\"_blank\" rel=\"noreferrer noopener\">Gran Canaria em outubro<\/a><\/li>\n\n\n\n<li><a href=\"https:\/\/canarias-lovers.com\/pt-pt\/viagem-gran-canaria-novembro-tempo-temperatura\/\" target=\"_blank\" rel=\"noreferrer noopener\">Gran Canaria em novembro<\/a><\/li>\n\n\n\n<li><a href=\"https:\/\/canarias-lovers.com\/pt-pt\/viagem-gran-canaria-dezembro-tempo-temperatura\/\" target=\"_blank\" rel=\"noreferrer noopener\">Gran Canaria em dezembro<\/a><\/li>\n<\/ul>\n\n<p>Ou leia o nosso artigo: <a href=\"https:\/\/canarias-lovers.com\/pt-pt\/quando-ir-gran-canaria-melhor-epoca-tempo\/\" target=\"_blank\" rel=\"noreferrer noopener\">Quando ir \u00e0 Gran Canaria<\/a>.<\/p>\n\n<div style=\"margin-top:8%;margin-bottom:8%\" class=\"wp-block-genesis-blocks-gb-container box gb-block-container\"><div class=\"gb-container-inside\"><div class=\"gb-container-content\" style=\"max-width:700px\">\n<div class=\"wp-block-genesis-blocks-gb-container box_titre gb-block-container\"><div class=\"gb-container-inside\"><div class=\"gb-container-content\">\n<h5 class=\"titre_box\"><span>PLANEAR<\/span> A SUA VIAGEM PARA <span class=\"titre_box_manuscrit\">gran canaria<\/span><\/h5>\n<\/div><\/div><\/div>\n\n\n\n<hr class=\"wp-block-separator has-text-color has-alpha-channel-opacity has-background is-style-wide hr-box-planif\" style=\"background-color:#ccd3dd;color:#ccd3dd\"\/>\n\n\n\n<div class=\"wp-block-columns box_sans_border is-layout-flex wp-container-core-columns-is-layout-9d6595d7 wp-block-columns-is-layout-flex\">\n<div class=\"wp-block-column texte_planif is-layout-flow wp-block-column-is-layout-flow\" style=\"font-size:14px;flex-basis:60%\">\n<ul class=\"wp-block-list\">\n<li><strong>Best-of<\/strong><\/li>\n<\/ul>\n\n\n\n<p class=\"ul_box\" style=\"font-size:14px\"><a href=\"https:\/\/canarias-lovers.com\/pt-pt\/o-que-fazer-gran-canaria-visita\/\" target=\"_blank\" rel=\"noreferrer noopener\">O que fazer em Gran Canaria<\/a><br\/><a href=\"https:\/\/canarias-lovers.com\/pt-pt\/paisagens-granadas-canarias-fotos\/\" target=\"_blank\" rel=\"noreferrer noopener\">As mais belas paisagens<\/a><br\/><a href=\"https:\/\/canarias-lovers.com\/pt-pt\/cidades-mais-bonitas-vilas-de-gran-canarias\/\" target=\"_blank\" rel=\"noreferrer noopener\">As cidades e aldeias mais bonitas<\/a><br\/><a href=\"https:\/\/canarias-lovers.com\/pt-pt\/mais-belezas-praias-gran-canaria\/\" target=\"_blank\" rel=\"noreferrer noopener\">As praias mais bonitas<\/a><br\/><a href=\"https:\/\/canarias-lovers.com\/pt-pt\/piscinas-naturais-granjas-canarias-lagunas\/\" target=\"_blank\" rel=\"noreferrer noopener\">As melhores piscinas naturais<\/a><br\/><a href=\"https:\/\/canarias-lovers.com\/pt-pt\/sitios-arqueologicos-gran-canaria\/\" target=\"_blank\" rel=\"noreferrer noopener\">S\u00edtios arqueol\u00f3gicos<\/a><br\/><a href=\"https:\/\/canarias-lovers.com\/pt-pt\/melhores-museus-gran-canaria\/\" target=\"_blank\" rel=\"noreferrer noopener\">Os melhores museus<\/a><br\/><a href=\"https:\/\/canarias-lovers.com\/pt-pt\/meilleures-excursions-bateau-gran-canaria-2\/\" target=\"_blank\" rel=\"noreferrer noopener\">Os melhores passeios de barco<\/a><br\/><a href=\"https:\/\/canarias-lovers.com\/pt-pt\/locais-secretos-gran-canaria\/\" target=\"_blank\" rel=\"noreferrer noopener\">Lugares secretos, fora dos circuitos habituais<\/a><\/p>\n<\/div>\n\n\n\n<div class=\"wp-block-column is-vertically-aligned-top planif-radius is-layout-flow wp-block-column-is-layout-flow\" style=\"flex-basis:40%\">\n<figure class=\"wp-block-image size-large img-portrait\"><img decoding=\"async\" src=\"https:\/\/photos.smugmug.com\/Canarias-Lovers\/Gran-Canaria\/Best-of\/i-8qV2fwm\/0\/98eb2a07\/S\/Roque-Nublo-S.jpg\" alt=\"Roque Nublo\" title=\"\"\/><\/figure>\n<\/div>\n<\/div>\n\n\n\n<hr class=\"wp-block-separator has-text-color has-alpha-channel-opacity has-background is-style-wide hr-box-planif\" style=\"background-color:#ccd3dd;color:#ccd3dd\"\/>\n\n\n\n<div class=\"wp-block-columns box_sans_border is-layout-flex wp-container-core-columns-is-layout-9d6595d7 wp-block-columns-is-layout-flex\">\n<div class=\"wp-block-column texte_planif is-layout-flow wp-block-column-is-layout-flow\" style=\"flex-basis:60%\">\n<ul class=\"wp-block-list\">\n<li><strong>Conselhos pr\u00e1ticos<\/strong><\/li>\n<\/ul>\n\n\n\n<p style=\"font-size:14px\"><a href=\"https:\/\/canarias-lovers.com\/pt-pt\/guia-viagem-gran-canaria-dicas\/\" target=\"_blank\" rel=\"noreferrer noopener\">25 conselhos para uma viagem bem sucedida \u00e0 Gran Canaria<\/a><br\/><a href=\"https:\/\/canarias-lovers.com\/pt-pt\/quando-ir-gran-canaria-melhor-epoca-tempo\/\" target=\"_blank\" rel=\"noreferrer noopener\">Quando \u00e9 que deve partir?<\/a><\/p>\n\n\n\n<p style=\"font-size:14px\"><a href=\"https:\/\/canarias-lovers.com\/pt-pt\/deslocar-gran-canaria-transportes\/\" target=\"_blank\" rel=\"noreferrer noopener\">Como se deslocar<\/a><br\/><a href=\"https:\/\/canarias-lovers.com\/pt-pt\/como-alugar-um-carro-gran-canaria-experiencias\/\" target=\"_blank\" rel=\"noreferrer noopener\">Como alugar um carro em Gran Canaria<\/a><br\/><a href=\"https:\/\/canarias-lovers.com\/pt-pt\/conduzir-gran-canaria-conselhos\/\" target=\"_blank\" rel=\"noreferrer noopener\">Conselhos de condu\u00e7\u00e3o<\/a><br\/><a href=\"https:\/\/canarias-lovers.com\/pt-pt\/meilleures-excursions-gran-canaria-2\/\" target=\"_blank\" rel=\"noreferrer noopener\">As melhores excurs\u00f5es<\/a><\/p>\n\n\n\n<p style=\"font-size:14px\">Itiner\u00e1rios: 3 dias &#8211; 4 dias &#8211; <a href=\"https:\/\/canarias-lovers.com\/pt-pt\/visitar-5-dias-gran-canaria-itinerario\/\" target=\"_blank\" rel=\"noreferrer noopener\">5 dias<\/a> &#8211; <a href=\"https:\/\/canarias-lovers.com\/pt-pt\/visitar-6-dias-gran-canaria-itinerario\/\" target=\"_blank\" rel=\"noreferrer noopener\">6 dias<\/a> &#8211; <a href=\"https:\/\/canarias-lovers.com\/pt-pt\/visitar-gran-canaria-uma-semana-itinerario\/\" target=\"_blank\" rel=\"noreferrer noopener\">7 dias<\/a> &#8211; <a href=\"https:\/\/canarias-lovers.com\/pt-pt\/visitar-10-dias-gran-canaria-itinerario\/\" target=\"_blank\" rel=\"noreferrer noopener\">10 dias<\/a><\/p>\n\n\n\n<p style=\"font-size:14px\"><a href=\"https:\/\/canarias-lovers.com\/pt-pt\/onde-ficar-grao-canaria-melhores-destinos\/\" target=\"_blank\" rel=\"noreferrer noopener\">Onde ficar na Gran Canaria<\/a><\/p>\n<\/div>\n\n\n\n<div class=\"wp-block-column is-vertically-aligned-top planif-radius is-layout-flow wp-block-column-is-layout-flow\" style=\"flex-basis:40%\">\n<figure class=\"wp-block-image size-large img-portrait\"><img decoding=\"async\" src=\"https:\/\/photos.smugmug.com\/Canarias-Lovers\/Gran-Canaria\/Driving\/i-rqnNnCs\/1\/4b657343\/S\/gran-Canaria-rental-car-driving-3-S.jpg\" alt=\"Aluguer de autom&#xF3;veis em Gran Canaria\" title=\"\"\/><\/figure>\n<\/div>\n<\/div>\n\n\n\n<hr class=\"wp-block-separator has-text-color has-alpha-channel-opacity has-background is-style-wide hr-box-planif\" style=\"background-color:#ccd3dd;color:#ccd3dd\"\/>\n\n\n\n<div class=\"wp-block-columns box_sans_border is-layout-flex wp-container-core-columns-is-layout-9d6595d7 wp-block-columns-is-layout-flex\">\n<div class=\"wp-block-column texte_planif is-layout-flow wp-block-column-is-layout-flow\" style=\"flex-basis:60%\">\n<ul class=\"wp-block-list\">\n<li><strong>O que n\u00e3o pode faltar<\/strong><\/li>\n<\/ul>\n\n\n\n<p style=\"font-size:14px\"><a href=\"https:\/\/canarias-lovers.com\/pt-pt\/o-que-fazer-las-palmas-gran-canaria-visitar\/\" target=\"_blank\" rel=\"noreferrer noopener\">Las Palmas e o seu centro hist\u00f3rico<\/a><br\/><a href=\"https:\/\/canarias-lovers.com\/pt-pt\/excursoes-golfinhos-gran-canaria-baleeiras\/\" target=\"_blank\" rel=\"noreferrer noopener\">Observa\u00e7\u00e3o de golfinhos na Gran Canaria<\/a><br\/><a href=\"https:\/\/canarias-lovers.com\/pt-pt\/dunes-maspalomas-gran-canaria-2\/\" target=\"_blank\" rel=\"noreferrer noopener\">Dunas de Maspalomas<\/a><br\/><a href=\"https:\/\/canarias-lovers.com\/pt-pt\/o-que-fazer-puerto-mogan-visita\/\" target=\"_blank\" rel=\"noreferrer noopener\">Puerto de Mogan (Pequena Veneza)<\/a><br\/><a href=\"https:\/\/canarias-lovers.com\/pt-pt\/o-que-fazer-agaete-visita\/\" target=\"_blank\" rel=\"noreferrer noopener\">Agaete e as suas piscinas naturais<\/a><br\/><a href=\"https:\/\/canarias-lovers.com\/pt-pt\/o-que-fazer-aguimes-gran-canaria-visitar\/\" target=\"_blank\" rel=\"noreferrer noopener\">A magn\u00edfica cidade de Ag\u00fcimes<\/a><br\/><\/p>\n<\/div>\n\n\n\n<div class=\"wp-block-column is-vertically-aligned-top planif-radius is-layout-flow wp-block-column-is-layout-flow\" style=\"flex-basis:40%\">\n<figure class=\"wp-block-image size-large img-portrait\"><img decoding=\"async\" src=\"https:\/\/photos.smugmug.com\/Canarias-Lovers\/Gran-Canaria\/Best-of\/i-wqpn8vC\/0\/85607396\/S\/Gran-Canaria-dolphins-S.jpg\" alt=\"Golfinho na Gran Canaria\" title=\"\"\/><\/figure>\n<\/div>\n<\/div>\n\n\n\n<div style=\"height:30px\" aria-hidden=\"true\" class=\"wp-block-spacer\"><\/div>\n<\/div><\/div><\/div>\n\n<div class=\"wp-block-genesis-blocks-gb-container box_auteur_voyage gb-block-container\"><div class=\"gb-container-inside\"><div class=\"gb-container-content\">\n<figure class=\"wp-block-image size-large img_auteur_voyage img_provisoire\"><img decoding=\"async\" src=\"https:\/\/photos.smugmug.com\/Region-Lovers\/Equipe\/i-nsNF6C6\/0\/Cs2F5n96pkt9xFD9D3SVqmQspMhrKgN75nHgBqmjG\/L\/Claire-L.png\" alt=\"\"\/><\/figure>\n\n\n\n<h5 class=\"titre_auteur_voyage\"><span>ELA FEZ A VIAGEM E ESCREVEU O ARTIGO \n <\/span><span class=\"titre_box_manuscrit\">Claire<\/span><\/h5>\n<\/div><\/div><\/div>\n","protected":false},"excerpt":{"rendered":"<p>Quer ir \u00e0 Gran Canaria em abril?Descubra se a regi\u00e3o \u00e9 adequada para si nesta altura do ano, com o nosso guia completo sobre o clima, condi\u00e7\u00f5es de viagem, multid\u00f5es, pre\u00e7os, atrac\u00e7\u00f5es e eventos. Ir \u00e0 Gran Canaria em abril: respostas r\u00e1pidas O tempo est\u00e1 bom na Gran Canaria em abril? \u00c9 uma boa altura [&hellip;]<\/p>\n","protected":false},"author":1,"featured_media":2876,"comment_status":"closed","ping_status":"closed","sticky":false,"template":"","format":"standard","meta":{"_genesis_hide_title":false,"_genesis_hide_breadcrumbs":false,"_genesis_hide_singular_image":false,"_genesis_hide_footer_widgets":false,"_genesis_custom_body_class":"","_genesis_custom_post_class":"","_genesis_layout":"","footnotes":""},"categories":[44],"tags":[],"class_list":{"0":"post-3146","1":"post","2":"type-post","3":"status-publish","4":"format-standard","5":"has-post-thumbnail","7":"category-gran-canaria-pt","8":"entry"},"yoast_head":"<!-- This site is optimized with the Yoast SEO plugin v27.2 - https:\/\/yoast.com\/product\/yoast-seo-wordpress\/ -->\n<title>Gran Canaria em abril: o nosso guia completo!<\/title>\n<meta name=\"description\" content=\"O que esperar se viajar para Gran Canaria em abril - tempo, multid\u00f5es, condi\u00e7\u00f5es, pre\u00e7os, eventos...\" \/>\n<meta name=\"robots\" content=\"index, follow, max-snippet:-1, max-image-preview:large, max-video-preview:-1\" \/>\n<link rel=\"canonical\" href=\"https:\/\/canarias-lovers.com\/pt-pt\/viagem-gran-canaria-abril-tempo-temperatura\/\" \/>\n<meta property=\"og:locale\" content=\"pt_PT\" \/>\n<meta property=\"og:type\" content=\"article\" \/>\n<meta property=\"og:title\" content=\"Gran Canaria em abril: o nosso guia completo!\" \/>\n<meta property=\"og:description\" content=\"O que esperar se viajar para Gran Canaria em abril - tempo, multid\u00f5es, condi\u00e7\u00f5es, pre\u00e7os, eventos...\" \/>\n<meta property=\"og:url\" content=\"https:\/\/canarias-lovers.com\/pt-pt\/viagem-gran-canaria-abril-tempo-temperatura\/\" \/>\n<meta property=\"og:site_name\" content=\"Canarias Lovers: Tenerife + Gran Canaria\" \/>\n<meta property=\"article:published_time\" content=\"2024-08-21T14:29:51+00:00\" \/>\n<meta property=\"article:modified_time\" content=\"2024-08-30T17:02:13+00:00\" \/>\n<meta property=\"og:image\" content=\"https:\/\/canarias-lovers.com\/wp-content\/uploads\/2024\/08\/Gran-Canaria-abril.jpg\" \/>\n\t<meta property=\"og:image:width\" content=\"800\" \/>\n\t<meta property=\"og:image:height\" content=\"600\" \/>\n\t<meta property=\"og:image:type\" content=\"image\/jpeg\" \/>\n<meta name=\"author\" content=\"Claire\" \/>\n<meta name=\"twitter:card\" content=\"summary_large_image\" \/>\n<meta name=\"twitter:label1\" content=\"Escrito por\" \/>\n\t<meta name=\"twitter:data1\" content=\"Claire\" \/>\n\t<meta name=\"twitter:label2\" content=\"Tempo estimado de leitura\" \/>\n\t<meta name=\"twitter:data2\" content=\"8 minutos\" \/>\n<script type=\"application\/ld+json\" class=\"yoast-schema-graph\">{\"@context\":\"https:\/\/schema.org\",\"@graph\":[{\"@type\":\"Article\",\"@id\":\"https:\/\/canarias-lovers.com\/pt-pt\/viagem-gran-canaria-abril-tempo-temperatura\/#article\",\"isPartOf\":{\"@id\":\"https:\/\/canarias-lovers.com\/pt-pt\/viagem-gran-canaria-abril-tempo-temperatura\/\"},\"author\":{\"name\":\"Claire\",\"@id\":\"https:\/\/canarias-lovers.com\/pt-pt\/#\/schema\/person\/4cfe633189ad64b99c9609bed2b00d55\"},\"headline\":\"Gran Canaria em abril: o nosso guia completo!\",\"datePublished\":\"2024-08-21T14:29:51+00:00\",\"dateModified\":\"2024-08-30T17:02:13+00:00\",\"mainEntityOfPage\":{\"@id\":\"https:\/\/canarias-lovers.com\/pt-pt\/viagem-gran-canaria-abril-tempo-temperatura\/\"},\"wordCount\":1547,\"publisher\":{\"@id\":\"https:\/\/canarias-lovers.com\/pt-pt\/#organization\"},\"image\":{\"@id\":\"https:\/\/canarias-lovers.com\/pt-pt\/viagem-gran-canaria-abril-tempo-temperatura\/#primaryimage\"},\"thumbnailUrl\":\"https:\/\/canarias-lovers.com\/wp-content\/uploads\/2024\/08\/Gran-Canaria-abril.jpg\",\"articleSection\":[\"Gran Canaria\"],\"inLanguage\":\"pt-PT\"},{\"@type\":\"WebPage\",\"@id\":\"https:\/\/canarias-lovers.com\/pt-pt\/viagem-gran-canaria-abril-tempo-temperatura\/\",\"url\":\"https:\/\/canarias-lovers.com\/pt-pt\/viagem-gran-canaria-abril-tempo-temperatura\/\",\"name\":\"Gran Canaria em abril: o nosso guia completo!\",\"isPartOf\":{\"@id\":\"https:\/\/canarias-lovers.com\/pt-pt\/#website\"},\"primaryImageOfPage\":{\"@id\":\"https:\/\/canarias-lovers.com\/pt-pt\/viagem-gran-canaria-abril-tempo-temperatura\/#primaryimage\"},\"image\":{\"@id\":\"https:\/\/canarias-lovers.com\/pt-pt\/viagem-gran-canaria-abril-tempo-temperatura\/#primaryimage\"},\"thumbnailUrl\":\"https:\/\/canarias-lovers.com\/wp-content\/uploads\/2024\/08\/Gran-Canaria-abril.jpg\",\"datePublished\":\"2024-08-21T14:29:51+00:00\",\"dateModified\":\"2024-08-30T17:02:13+00:00\",\"description\":\"O que esperar se viajar para Gran Canaria em abril - tempo, multid\u00f5es, condi\u00e7\u00f5es, pre\u00e7os, eventos...\",\"breadcrumb\":{\"@id\":\"https:\/\/canarias-lovers.com\/pt-pt\/viagem-gran-canaria-abril-tempo-temperatura\/#breadcrumb\"},\"inLanguage\":\"pt-PT\",\"potentialAction\":[{\"@type\":\"ReadAction\",\"target\":[\"https:\/\/canarias-lovers.com\/pt-pt\/viagem-gran-canaria-abril-tempo-temperatura\/\"]}]},{\"@type\":\"ImageObject\",\"inLanguage\":\"pt-PT\",\"@id\":\"https:\/\/canarias-lovers.com\/pt-pt\/viagem-gran-canaria-abril-tempo-temperatura\/#primaryimage\",\"url\":\"https:\/\/canarias-lovers.com\/wp-content\/uploads\/2024\/08\/Gran-Canaria-abril.jpg\",\"contentUrl\":\"https:\/\/canarias-lovers.com\/wp-content\/uploads\/2024\/08\/Gran-Canaria-abril.jpg\",\"width\":800,\"height\":600,\"caption\":\"Gran Canaria abril\"},{\"@type\":\"BreadcrumbList\",\"@id\":\"https:\/\/canarias-lovers.com\/pt-pt\/viagem-gran-canaria-abril-tempo-temperatura\/#breadcrumb\",\"itemListElement\":[{\"@type\":\"ListItem\",\"position\":1,\"name\":\"Accueil\",\"item\":\"https:\/\/canarias-lovers.com\/pt-pt\/\"},{\"@type\":\"ListItem\",\"position\":2,\"name\":\"Gran Canaria\",\"item\":\"https:\/\/canarias-lovers.com\/pt-pt\/gran-canaria-pt\/\"},{\"@type\":\"ListItem\",\"position\":3,\"name\":\"Gran Canaria em abril: o nosso guia completo!\"}]},{\"@type\":\"WebSite\",\"@id\":\"https:\/\/canarias-lovers.com\/pt-pt\/#website\",\"url\":\"https:\/\/canarias-lovers.com\/pt-pt\/\",\"name\":\"Canarias Lovers: Tenerife + Gran Canaria\",\"description\":\"Blogue da Claire e da Manu\",\"publisher\":{\"@id\":\"https:\/\/canarias-lovers.com\/pt-pt\/#organization\"},\"potentialAction\":[{\"@type\":\"SearchAction\",\"target\":{\"@type\":\"EntryPoint\",\"urlTemplate\":\"https:\/\/canarias-lovers.com\/pt-pt\/?s={search_term_string}\"},\"query-input\":{\"@type\":\"PropertyValueSpecification\",\"valueRequired\":true,\"valueName\":\"search_term_string\"}}],\"inLanguage\":\"pt-PT\"},{\"@type\":\"Organization\",\"@id\":\"https:\/\/canarias-lovers.com\/pt-pt\/#organization\",\"name\":\"Canarias Lovers: Tenerife + Gran Canaria\",\"url\":\"https:\/\/canarias-lovers.com\/pt-pt\/\",\"logo\":{\"@type\":\"ImageObject\",\"inLanguage\":\"pt-PT\",\"@id\":\"https:\/\/canarias-lovers.com\/pt-pt\/#\/schema\/logo\/image\/\",\"url\":\"https:\/\/canarias-lovers.com\/wp-content\/uploads\/2024\/05\/cropped-Canarias-Lovers-Logo.png\",\"contentUrl\":\"https:\/\/canarias-lovers.com\/wp-content\/uploads\/2024\/05\/cropped-Canarias-Lovers-Logo.png\",\"width\":2635,\"height\":595,\"caption\":\"Canarias Lovers: Tenerife + Gran Canaria\"},\"image\":{\"@id\":\"https:\/\/canarias-lovers.com\/pt-pt\/#\/schema\/logo\/image\/\"}},{\"@type\":\"Person\",\"@id\":\"https:\/\/canarias-lovers.com\/pt-pt\/#\/schema\/person\/4cfe633189ad64b99c9609bed2b00d55\",\"name\":\"Claire\",\"image\":{\"@type\":\"ImageObject\",\"inLanguage\":\"pt-PT\",\"@id\":\"https:\/\/secure.gravatar.com\/avatar\/53c353c843050f9265c9a68901a74b6613f3f04e343e64cbba45c5b031ea079b?s=96&d=mm&r=g\",\"url\":\"https:\/\/secure.gravatar.com\/avatar\/53c353c843050f9265c9a68901a74b6613f3f04e343e64cbba45c5b031ea079b?s=96&d=mm&r=g\",\"contentUrl\":\"https:\/\/secure.gravatar.com\/avatar\/53c353c843050f9265c9a68901a74b6613f3f04e343e64cbba45c5b031ea079b?s=96&d=mm&r=g\",\"caption\":\"Claire\"},\"sameAs\":[\"https:\/\/canarias-lovers.com\/claire-robinson\/\"],\"url\":\"https:\/\/canarias-lovers.com\/pt-pt\/author\/canariaslover2\/\"}]}<\/script>\n<!-- \/ Yoast SEO plugin. -->","yoast_head_json":{"title":"Gran Canaria em abril: o nosso guia completo!","description":"O que esperar se viajar para Gran Canaria em abril - tempo, multid\u00f5es, condi\u00e7\u00f5es, pre\u00e7os, eventos...","robots":{"index":"index","follow":"follow","max-snippet":"max-snippet:-1","max-image-preview":"max-image-preview:large","max-video-preview":"max-video-preview:-1"},"canonical":"https:\/\/canarias-lovers.com\/pt-pt\/viagem-gran-canaria-abril-tempo-temperatura\/","og_locale":"pt_PT","og_type":"article","og_title":"Gran Canaria em abril: o nosso guia completo!","og_description":"O que esperar se viajar para Gran Canaria em abril - tempo, multid\u00f5es, condi\u00e7\u00f5es, pre\u00e7os, eventos...","og_url":"https:\/\/canarias-lovers.com\/pt-pt\/viagem-gran-canaria-abril-tempo-temperatura\/","og_site_name":"Canarias Lovers: Tenerife + Gran Canaria","article_published_time":"2024-08-21T14:29:51+00:00","article_modified_time":"2024-08-30T17:02:13+00:00","og_image":[{"width":800,"height":600,"url":"https:\/\/canarias-lovers.com\/wp-content\/uploads\/2024\/08\/Gran-Canaria-abril.jpg","type":"image\/jpeg"}],"author":"Claire","twitter_card":"summary_large_image","twitter_misc":{"Escrito por":"Claire","Tempo estimado de leitura":"8 minutos"},"schema":{"@context":"https:\/\/schema.org","@graph":[{"@type":"Article","@id":"https:\/\/canarias-lovers.com\/pt-pt\/viagem-gran-canaria-abril-tempo-temperatura\/#article","isPartOf":{"@id":"https:\/\/canarias-lovers.com\/pt-pt\/viagem-gran-canaria-abril-tempo-temperatura\/"},"author":{"name":"Claire","@id":"https:\/\/canarias-lovers.com\/pt-pt\/#\/schema\/person\/4cfe633189ad64b99c9609bed2b00d55"},"headline":"Gran Canaria em abril: o nosso guia completo!","datePublished":"2024-08-21T14:29:51+00:00","dateModified":"2024-08-30T17:02:13+00:00","mainEntityOfPage":{"@id":"https:\/\/canarias-lovers.com\/pt-pt\/viagem-gran-canaria-abril-tempo-temperatura\/"},"wordCount":1547,"publisher":{"@id":"https:\/\/canarias-lovers.com\/pt-pt\/#organization"},"image":{"@id":"https:\/\/canarias-lovers.com\/pt-pt\/viagem-gran-canaria-abril-tempo-temperatura\/#primaryimage"},"thumbnailUrl":"https:\/\/canarias-lovers.com\/wp-content\/uploads\/2024\/08\/Gran-Canaria-abril.jpg","articleSection":["Gran Canaria"],"inLanguage":"pt-PT"},{"@type":"WebPage","@id":"https:\/\/canarias-lovers.com\/pt-pt\/viagem-gran-canaria-abril-tempo-temperatura\/","url":"https:\/\/canarias-lovers.com\/pt-pt\/viagem-gran-canaria-abril-tempo-temperatura\/","name":"Gran Canaria em abril: o nosso guia completo!","isPartOf":{"@id":"https:\/\/canarias-lovers.com\/pt-pt\/#website"},"primaryImageOfPage":{"@id":"https:\/\/canarias-lovers.com\/pt-pt\/viagem-gran-canaria-abril-tempo-temperatura\/#primaryimage"},"image":{"@id":"https:\/\/canarias-lovers.com\/pt-pt\/viagem-gran-canaria-abril-tempo-temperatura\/#primaryimage"},"thumbnailUrl":"https:\/\/canarias-lovers.com\/wp-content\/uploads\/2024\/08\/Gran-Canaria-abril.jpg","datePublished":"2024-08-21T14:29:51+00:00","dateModified":"2024-08-30T17:02:13+00:00","description":"O que esperar se viajar para Gran Canaria em abril - tempo, multid\u00f5es, condi\u00e7\u00f5es, pre\u00e7os, eventos...","breadcrumb":{"@id":"https:\/\/canarias-lovers.com\/pt-pt\/viagem-gran-canaria-abril-tempo-temperatura\/#breadcrumb"},"inLanguage":"pt-PT","potentialAction":[{"@type":"ReadAction","target":["https:\/\/canarias-lovers.com\/pt-pt\/viagem-gran-canaria-abril-tempo-temperatura\/"]}]},{"@type":"ImageObject","inLanguage":"pt-PT","@id":"https:\/\/canarias-lovers.com\/pt-pt\/viagem-gran-canaria-abril-tempo-temperatura\/#primaryimage","url":"https:\/\/canarias-lovers.com\/wp-content\/uploads\/2024\/08\/Gran-Canaria-abril.jpg","contentUrl":"https:\/\/canarias-lovers.com\/wp-content\/uploads\/2024\/08\/Gran-Canaria-abril.jpg","width":800,"height":600,"caption":"Gran Canaria abril"},{"@type":"BreadcrumbList","@id":"https:\/\/canarias-lovers.com\/pt-pt\/viagem-gran-canaria-abril-tempo-temperatura\/#breadcrumb","itemListElement":[{"@type":"ListItem","position":1,"name":"Accueil","item":"https:\/\/canarias-lovers.com\/pt-pt\/"},{"@type":"ListItem","position":2,"name":"Gran Canaria","item":"https:\/\/canarias-lovers.com\/pt-pt\/gran-canaria-pt\/"},{"@type":"ListItem","position":3,"name":"Gran Canaria em abril: o nosso guia completo!"}]},{"@type":"WebSite","@id":"https:\/\/canarias-lovers.com\/pt-pt\/#website","url":"https:\/\/canarias-lovers.com\/pt-pt\/","name":"Canarias Lovers: Tenerife + Gran Canaria","description":"Blogue da Claire e da Manu","publisher":{"@id":"https:\/\/canarias-lovers.com\/pt-pt\/#organization"},"potentialAction":[{"@type":"SearchAction","target":{"@type":"EntryPoint","urlTemplate":"https:\/\/canarias-lovers.com\/pt-pt\/?s={search_term_string}"},"query-input":{"@type":"PropertyValueSpecification","valueRequired":true,"valueName":"search_term_string"}}],"inLanguage":"pt-PT"},{"@type":"Organization","@id":"https:\/\/canarias-lovers.com\/pt-pt\/#organization","name":"Canarias Lovers: Tenerife + Gran Canaria","url":"https:\/\/canarias-lovers.com\/pt-pt\/","logo":{"@type":"ImageObject","inLanguage":"pt-PT","@id":"https:\/\/canarias-lovers.com\/pt-pt\/#\/schema\/logo\/image\/","url":"https:\/\/canarias-lovers.com\/wp-content\/uploads\/2024\/05\/cropped-Canarias-Lovers-Logo.png","contentUrl":"https:\/\/canarias-lovers.com\/wp-content\/uploads\/2024\/05\/cropped-Canarias-Lovers-Logo.png","width":2635,"height":595,"caption":"Canarias Lovers: Tenerife + Gran Canaria"},"image":{"@id":"https:\/\/canarias-lovers.com\/pt-pt\/#\/schema\/logo\/image\/"}},{"@type":"Person","@id":"https:\/\/canarias-lovers.com\/pt-pt\/#\/schema\/person\/4cfe633189ad64b99c9609bed2b00d55","name":"Claire","image":{"@type":"ImageObject","inLanguage":"pt-PT","@id":"https:\/\/secure.gravatar.com\/avatar\/53c353c843050f9265c9a68901a74b6613f3f04e343e64cbba45c5b031ea079b?s=96&d=mm&r=g","url":"https:\/\/secure.gravatar.com\/avatar\/53c353c843050f9265c9a68901a74b6613f3f04e343e64cbba45c5b031ea079b?s=96&d=mm&r=g","contentUrl":"https:\/\/secure.gravatar.com\/avatar\/53c353c843050f9265c9a68901a74b6613f3f04e343e64cbba45c5b031ea079b?s=96&d=mm&r=g","caption":"Claire"},"sameAs":["https:\/\/canarias-lovers.com\/claire-robinson\/"],"url":"https:\/\/canarias-lovers.com\/pt-pt\/author\/canariaslover2\/"}]}},"featured_image_src":"https:\/\/canarias-lovers.com\/wp-content\/uploads\/2024\/08\/Gran-Canaria-abril-600x400.jpg","featured_image_src_square":"https:\/\/canarias-lovers.com\/wp-content\/uploads\/2024\/08\/Gran-Canaria-abril-600x600.jpg","author_info":{"display_name":"Claire","author_link":"https:\/\/canarias-lovers.com\/pt-pt\/author\/canariaslover2\/"},"_links":{"self":[{"href":"https:\/\/canarias-lovers.com\/pt-pt\/wp-json\/wp\/v2\/posts\/3146","targetHints":{"allow":["GET"]}}],"collection":[{"href":"https:\/\/canarias-lovers.com\/pt-pt\/wp-json\/wp\/v2\/posts"}],"about":[{"href":"https:\/\/canarias-lovers.com\/pt-pt\/wp-json\/wp\/v2\/types\/post"}],"author":[{"embeddable":true,"href":"https:\/\/canarias-lovers.com\/pt-pt\/wp-json\/wp\/v2\/users\/1"}],"replies":[{"embeddable":true,"href":"https:\/\/canarias-lovers.com\/pt-pt\/wp-json\/wp\/v2\/comments?post=3146"}],"version-history":[{"count":0,"href":"https:\/\/canarias-lovers.com\/pt-pt\/wp-json\/wp\/v2\/posts\/3146\/revisions"}],"wp:featuredmedia":[{"embeddable":true,"href":"https:\/\/canarias-lovers.com\/pt-pt\/wp-json\/wp\/v2\/media\/2876"}],"wp:attachment":[{"href":"https:\/\/canarias-lovers.com\/pt-pt\/wp-json\/wp\/v2\/media?parent=3146"}],"wp:term":[{"taxonomy":"category","embeddable":true,"href":"https:\/\/canarias-lovers.com\/pt-pt\/wp-json\/wp\/v2\/categories?post=3146"},{"taxonomy":"post_tag","embeddable":true,"href":"https:\/\/canarias-lovers.com\/pt-pt\/wp-json\/wp\/v2\/tags?post=3146"}],"curies":[{"name":"wp","href":"https:\/\/api.w.org\/{rel}","templated":true}]}}