{"id":1957,"date":"2024-07-12T13:10:53","date_gmt":"2024-07-12T13:10:53","guid":{"rendered":"https:\/\/canarias-lovers.com\/hotel-cordial-plaza-mayor-santa-ana-las-palmas-avis\/"},"modified":"2024-07-12T17:56:56","modified_gmt":"2024-07-12T17:56:56","slug":"hotel-cordial-plaza-mayor-santa-ana-las-palmas-opiniao","status":"publish","type":"post","link":"https:\/\/canarias-lovers.com\/pt-pt\/hotel-cordial-plaza-mayor-santa-ana-las-palmas-opiniao\/","title":{"rendered":"Hotel Cordial Plaza Mayor de Santa Ana (Las Palmas): opini\u00e3o"},"content":{"rendered":"\n<p>Est\u00e1 de visita a Las Palmas? Recomendamos-lhe que <strong>fique no Hotel Cordial Plaza Mayor de Santa<\/strong> Ana! Este edif\u00edcio hist\u00f3rico possui um interior encantador e um terra\u00e7o no telhado com uma vista deslumbrante sobre a catedral. O local ideal para descobrir o rico patrim\u00f3nio da capital da Gran Canaria.<\/p>\n\n<p>Neste artigo, encontrar\u00e1 todos os detalhes da nossa experi\u00eancia no Hotel Cordial Plaza Mayor, com <strong>muitas fotografias<\/strong> para o ajudar a decidir.<\/p>\n\n<figure class=\"wp-block-image size-full\"><img decoding=\"async\" src=\"https:\/\/canarias-lovers.com\/wp-content\/uploads\/2024\/07\/hotel-cordial-plaza-mayor-santa-ana-las-palmas-opiniao.jpg\" alt=\"hotel-cordial-plaza-mayor-santa-ana-las-palmas-avis\" class=\"wp-image-1895\"\/><\/figure>\n\n<p>Esta avalia\u00e7\u00e3o \u00e9 completamente <b>independente<\/b>, fic\u00e1mos an\u00f3nimos e pag\u00e1mos a nossa conta na totalidade.<\/p>\n\n<h2 class=\"wp-block-heading\"><span class=\"ez-toc-section\" id=\"Porque_ficar_no_Hotel_Cordial_Plaza_Mayor_de_Santa_Ana\"><\/span>Porqu\u00ea ficar no Hotel Cordial Plaza Mayor de Santa Ana?<span class=\"ez-toc-section-end\"><\/span><\/h2>\n\n<p>Gost\u00e1mos muito de dormir l\u00e1. O estabelecimento tem muito a seu favor! Eis algumas delas:<\/p>\n\n<ul class=\"wp-block-list\">\n<li><strong>A sua localiza\u00e7\u00e3o <\/strong>em pleno cora\u00e7\u00e3o da cidade: o local perfeito para descobrir o centro antigo de Las Palmas.<\/li>\n\n\n\n<li><strong>Um edif\u00edcio hist\u00f3rico cheio de charme<\/strong>: ach\u00e1mos o ambiente aut\u00eantico e a decora\u00e7\u00e3o cheia de brio.<\/li>\n\n\n\n<li><strong>A vista<\/strong> da catedral e da cidade a partir do terra\u00e7o do telhado ou dos quartos \u00e9 encantadora!<\/li>\n<\/ul>\n\n<figure class=\"wp-block-image size-large\"><img decoding=\"async\" src=\"https:\/\/photos.smugmug.com\/Canarias-Lovers\/Gran-Canaria\/Las-Palmas\/Hotels-Las-Palmas\/Hotel-Cordial-Plaza-Mayor-Santa-Ana\/i-x3pkwBZ\/0\/NLw98jTpJ2tfBz8r4GzCRFcsgCHMctJ5FBtw2X28H\/L\/hotel-cordial-plaza-mayor-santa-ana-las-palmas-gran-canaria-2-L.jpg\" alt=\"Hotel Cordial Plaza Mayor Santa Ana las Palmas - Vista do quarto\"\/><\/figure>\n\n<hr class=\"wp-block-separator has-text-color has-alpha-channel-opacity has-background is-style-wide\" style=\"background-color:#000000;color:#000000\"\/>\n\n<p class=\"has-text-align-center\">Ver <a href=\"https:\/\/www.booking.com\/hotel\/es\/boutique-cordial-plaza-mayor-de-santa-ana.html?aid=2370548\" target=\"_blank\" rel=\"noreferrer noopener sponsored nofollow\">mais fotos de Hotel Cordial Plaza Mayor de Santa<\/a> Ana<\/p>\n\n<hr class=\"wp-block-separator has-text-color has-alpha-channel-opacity has-background is-style-wide\" style=\"background-color:#000000;color:#000000\"\/>\n\n<div style=\"margin-top:8%;margin-bottom:8%\" class=\"wp-block-genesis-blocks-gb-container box gb-block-container\"><div class=\"gb-container-inside\"><div class=\"gb-container-content\">\n<div class=\"wp-block-columns inverse box_planif is-layout-flex wp-container-core-columns-is-layout-9d6595d7 wp-block-columns-is-layout-flex\">\n<div class=\"wp-block-column texte_planif is-layout-flow wp-block-column-is-layout-flow\" style=\"flex-basis:60%\">\n<h5 class=\"titre_box\" style=\"padding-top:10px;\">OS NOSSOS CONSELHOS PARA ALGULAR UM CARRO EM <span class=\"titre_box_manuscrit\">gran canaria<\/span><\/h5>\n\n\n\n<ul class=\"wp-block-list\" style=\"font-size:14px\">\n<li>Compare os pre\u00e7os na nossa plataforma preferida: <a href=\"https:\/\/www.discovercars.com\/pt\/spain-canary-islands\/gran-canaria?a_aid=zigzag&amp;chan=CAL\" target=\"_blank\" rel=\"noreferrer noopener sponsored nofollow\">DiscoverCars<\/a> &#8211; um dos s\u00edtios mais bem classificados.<\/li>\n\n\n\n<li>Se est\u00e1 a planear explorar as montanhas, n\u00e3o leve <strong>os carros mais pequenos<\/strong>. Um motor mais potente \u00e9 mais confort\u00e1vel.<\/li>\n\n\n\n<li>Mas tamb\u00e9m n\u00e3o leve um carro demasiado grande, pois algumas das estradas s\u00e3o estreitas.<\/li>\n\n\n\n<li>H\u00e1 muita procura e \u00e9 uma ilha, por isso <strong>reserve com anteced\u00eancia<\/strong>.<\/li>\n<\/ul>\n<\/div>\n\n\n\n<div class=\"wp-block-column planif-radius-2 is-layout-flow wp-block-column-is-layout-flow\">\n<figure class=\"wp-block-image size-large voiture_image\"><img decoding=\"async\" src=\"https:\/\/photos.smugmug.com\/Canarias-Lovers\/Gran-Canaria\/Driving\/i-FXBKL7Q\/1\/C432TQvrLtk7Fzt3jdL3g8XCdWtF4krHtKv9zvKg6\/S\/gran-Canaria-rental-car-driving-S.jpg\" alt=\"conduzir na Gran Canaria\"\/><\/figure>\n<\/div>\n<\/div>\n\n\n\n<div class=\"wp-block-columns planif_bouton is-layout-flex wp-container-core-columns-is-layout-9d6595d7 wp-block-columns-is-layout-flex\">\n<div class=\"wp-block-column is-vertically-aligned-top is-layout-flow wp-block-column-is-layout-flow\">\n<div class=\"wp-block-buttons is-content-justification-center is-layout-flex wp-container-core-buttons-is-layout-16018d1d wp-block-buttons-is-layout-flex\">\n<div class=\"wp-block-button\"><a class=\"wp-block-button__link has-white-color has-text-color wp-element-button\" href=\"https:\/\/www.discovercars.com\/pt\/spain-canary-islands\/gran-canaria?a_aid=zigzag&amp;amp;chan=CAL\" target=\"_blank\" rel=\"noreferrer noopener nofollow\">Veja os autom\u00f3veis dispon\u00edveis &gt;&gt;<\/a><\/div>\n<\/div>\n<\/div>\n\n\n\n<div class=\"wp-block-column is-vertically-aligned-center is-layout-flow wp-block-column-is-layout-flow\">\n<p class=\"has-text-align-center\" style=\"font-size:16px\"><a href=\"https:\/\/canarias-lovers.com\/pt-pt\/como-alugar-um-carro-gran-canaria-experiencias\/\" target=\"_blank\" rel=\"noreferrer noopener\">Leia os nossos conselhos<\/a><\/p>\n<\/div>\n<\/div>\n<\/div><\/div><\/div>\n\n<h2 class=\"wp-block-heading\"><span class=\"ez-toc-section\" id=\"O_Hotel_Cordial_Plaza_Mayor_em_Santa_Ana_vale_a_pena_A_nossa_opiniao\"><\/span>O Hotel Cordial Plaza Mayor em Santa Ana vale a pena? A nossa opini\u00e3o<span class=\"ez-toc-section-end\"><\/span><\/h2>\n\n<p>Com certeza! Gost\u00e1mos muito de ficar nesta antiga mans\u00e3o no cora\u00e7\u00e3o de Las Palmas. A vista para a bela <a href=\"https:\/\/canarias-lovers.com\/pt-pt\/visitar-catedral-santa-ana-las-palmas-gran-canaria\/\" target=\"_blank\" rel=\"noreferrer noopener\">Catedral de Santa Ana<\/a> a partir do telhado e a decora\u00e7\u00e3o elegante criam uma atmosfera aut\u00eantica. Um verdadeiro mergulho na hist\u00f3ria da cidade. Al\u00e9m disso, a sua proximidade de atrac\u00e7\u00f5es tur\u00edsticas como o <a href=\"https:\/\/canarias-lovers.com\/pt-pt\/visitar-museu-canario-las-palmas-gran-canaria\/\" target=\"_blank\" rel=\"noreferrer noopener\">Museu Can\u00e1rio<\/a> e a <a href=\"https:\/\/canarias-lovers.com\/pt-pt\/visitar-museu-casa-de-colon-las-palmas-gran-canaria\/\" target=\"_blank\" rel=\"noreferrer noopener\">Casa de Colon<\/a> fazem dele uma escolha ideal para os amantes da cultura e da hist\u00f3ria!<\/p>\n\n<p>Na nossa opini\u00e3o, este \u00e9 um dos <a href=\"https:\/\/canarias-lovers.com\/pt-pt\/onde-ficar-las-palmas-gran-canaria-melhores-hoteis-bairros\/\" target=\"_blank\" rel=\"noreferrer noopener\">melhores hot\u00e9is de Las Palmas<\/a>.<\/p>\n\n<figure class=\"wp-block-image size-large\"><img decoding=\"async\" src=\"https:\/\/photos.smugmug.com\/Canarias-Lovers\/Gran-Canaria\/Las-Palmas\/Hotels-Las-Palmas\/Hotel-Cordial-Plaza-Mayor-Santa-Ana\/i-RzSbHmV\/0\/KL49dsFKzhdNcztNRRvhbDR9f25hLJmDqgPmKhjj2\/L\/hotel-cordial-plaza-santa-ana-las-palmas-vue-3-L.jpg\" alt=\"Hotel Cordial Plaza Mayor Santa Ana las Palmas - Vista da cidade a partir do terra&#xE7;o e das floreiras\"\/><\/figure>\n\n<h2 class=\"wp-block-heading\"><span class=\"ez-toc-section\" id=\"Decoracao_e_ambiente\"><\/span>Decora\u00e7\u00e3o e ambiente<span class=\"ez-toc-section-end\"><\/span><\/h2>\n\n<p>Assim que cheg\u00e1mos ao Hotel Cordial Plaza Mayor em Santa Ana, fic\u00e1mos imediatamente impressionados com a decora\u00e7\u00e3o. Os lustres de design, os preciosos pavimentos de madeira e o mobili\u00e1rio contempor\u00e2neo criam uma atmosfera simultaneamente moderna e hist\u00f3rica. Os pain\u00e9is de madeira e o papel de parede com padr\u00f5es d\u00e3o um toque de eleg\u00e2ncia e charme a cada divis\u00e3o. Tal como os tapetes grossos que gost\u00e1vamos de pisar. Um convite para relaxar num ambiente requintado!<\/p>\n\n<figure class=\"wp-block-image size-large\"><img decoding=\"async\" src=\"https:\/\/photos.smugmug.com\/Canarias-Lovers\/Gran-Canaria\/Las-Palmas\/Hotels-Las-Palmas\/Hotel-Cordial-Plaza-Mayor-Santa-Ana\/i-xwMcZNJ\/0\/LCPPNQh39pwZx7kFvZ6bvz6hHQZtD27TFNTPXv3Gw\/L\/hotel-cordial-plaza-santa-ana-las-palmas-decoration-1-L.jpg\" alt=\"Hotel Cordial Plaza Mayor Santa Ana las Palmas - Candeeiro de entrada\"\/><\/figure>\n\n<h2 class=\"wp-block-heading\"><span class=\"ez-toc-section\" id=\"O_quarto\"><\/span>O quarto<span class=\"ez-toc-section-end\"><\/span><\/h2>\n\n<p>O nosso quarto era espa\u00e7oso e elegante. Gost\u00e1mos particularmente dos tectos altos, do papel de parede com padr\u00f5es e da grande janela de madeira que deixa entrar muita luz. Ador\u00e1mos a vista sobre a cidade. O mobili\u00e1rio era moderno e confort\u00e1vel. O quarto tamb\u00e9m tinha uma chaleira, uma m\u00e1quina de caf\u00e9 e dois rebu\u00e7ados vermelhos em cima da cama.<\/p>\n\n<figure class=\"wp-block-image size-large\"><img decoding=\"async\" src=\"https:\/\/photos.smugmug.com\/Canarias-Lovers\/Gran-Canaria\/Las-Palmas\/Hotels-Las-Palmas\/Hotel-Cordial-Plaza-Mayor-Santa-Ana\/i-N2gbhV4\/0\/Mv9MBMnRRvb3HkX55JkdFL2BBw8bKK537QfSXHS4j\/L\/hotel-cordial-plaza-mayor-santa-ana-las-palmas-gran-canaria-1-L.jpg\" alt=\"Hotel Cordial Plaza Mayor Santa Ana las Palmas - Quarto e janela\"\/><\/figure>\n\n<hr class=\"wp-block-separator has-text-color has-alpha-channel-opacity has-background is-style-wide\" style=\"background-color:#000000;color:#000000\"\/>\n\n<p class=\"has-text-align-center\">Ver <a href=\"https:\/\/www.booking.com\/hotel\/es\/boutique-cordial-plaza-mayor-de-santa-ana.html?aid=2370548\" target=\"_blank\" rel=\"noreferrer noopener sponsored nofollow\">disponibilidade no Hotel Cordial Plaza Mayor de Santa<\/a> Ana<\/p>\n\n<hr class=\"wp-block-separator has-text-color has-alpha-channel-opacity has-background is-style-wide\" style=\"background-color:#000000;color:#000000\"\/>\n\n<h2 class=\"wp-block-heading\"><span class=\"ez-toc-section\" id=\"A_casa_de_banho\"><\/span>A casa de banho<span class=\"ez-toc-section-end\"><\/span><\/h2>\n\n<p>Tamb\u00e9m ach\u00e1mos a casa de banho agrad\u00e1vel e elegante. Equipado com um espelho curvo, acess\u00f3rios de ilumina\u00e7\u00e3o atraentes e um duche moderno, estava perfeitamente de acordo com os padr\u00f5es de eleg\u00e2ncia do hotel. Os produtos de higiene eram da marca de cosm\u00e9ticos Prija. Para al\u00e9m disso, a press\u00e3o da \u00e1gua era excelente!<\/p>\n\n<figure class=\"wp-block-image size-large\"><img decoding=\"async\" src=\"https:\/\/photos.smugmug.com\/Canarias-Lovers\/Gran-Canaria\/Las-Palmas\/Hotels-Las-Palmas\/Hotel-Cordial-Plaza-Mayor-Santa-Ana\/i-s8bdD7Z\/0\/LGGWN6QZGHkNCbmj9RHMc2B88H5RwV93WS3jLs2Pz\/L\/hotel-cordial-plaza-santa-ana-las-palmas-chambre-4-L.jpg\" alt=\"H&#xF4;tel Cordial Plaza Mayor Santa Ana las Palmas - Casa de banho\"\/><\/figure>\n\n<h2 class=\"wp-block-heading\"><span class=\"ez-toc-section\" id=\"Pequeno-almoco\"><\/span>Pequeno-almo\u00e7o<span class=\"ez-toc-section-end\"><\/span><\/h2>\n\n<p>Gost\u00e1mos do buffet de doces e salgados. Havia tudo o que precis\u00e1vamos para come\u00e7ar bem o nosso dia. Pastelaria vienense, fruta fresca, queijos e carnes frias, bem como sandu\u00edches e pratos locais cozinhados, far\u00e3o as del\u00edcias dos amantes de pequenos-almo\u00e7os saud\u00e1veis!<\/p>\n\n<figure class=\"wp-block-image size-large\"><img decoding=\"async\" src=\"https:\/\/photos.smugmug.com\/Canarias-Lovers\/Gran-Canaria\/Las-Palmas\/Hotels-Las-Palmas\/Hotel-Cordial-Plaza-Mayor-Santa-Ana\/i-WxNF86T\/0\/KvhCT9tWpWNc7gvL9cTpc4psFxJ5t8DvqKXPND4BC\/L\/hotel-cordial-plaza-santa-ana-las-palmas-petit-dejeuner-2-L.jpg\" alt=\"Hotel Cordial Plaza Mayor Santa Ana las Palmas - Pequeno-almo&#xE7;o buffet\"\/><\/figure>\n\n<h2 class=\"wp-block-heading\"><span class=\"ez-toc-section\" id=\"Equipamentos_e_espacos_comuns\"><\/span>Equipamentos e espa\u00e7os comuns<span class=\"ez-toc-section-end\"><\/span><\/h2>\n\n<p>O hotel oferece um servi\u00e7o de concierge \u00fatil para atender a todas as suas necessidades e um balc\u00e3o de turismo para o ajudar a organizar as suas actividades e viagens.<\/p>\n\n<h2 class=\"wp-block-heading\"><span class=\"ez-toc-section\" id=\"Restauracao\"><\/span>Restaura\u00e7\u00e3o<span class=\"ez-toc-section-end\"><\/span><\/h2>\n\n<p>Ador\u00e1mos o bar do hotel, o Belv\u00e9d\u00e8re. Est\u00e1 situado no terra\u00e7o do \u00faltimo piso e oferece vistas soberbas sobre a cidade e a catedral. V\u00e1 at\u00e9 l\u00e1 para saborear um cocktail ao p\u00f4r do sol &#8211; na nossa opini\u00e3o, a melhor altura do dia para apreciar a vista!<\/p>\n\n<figure class=\"wp-block-image size-large\"><img decoding=\"async\" src=\"https:\/\/photos.smugmug.com\/Canarias-Lovers\/Gran-Canaria\/Las-Palmas\/Hotels-Las-Palmas\/Hotel-Cordial-Plaza-Mayor-Santa-Ana\/i-bvdPSvZ\/0\/Lq2pbmcj3jXWjp5vN9sK234XFNSwFHSV4Pg8CHMpP\/L\/hotel-cordial-plaza-mayor-santa-ana-las-palmas-gran-canaria-3-L.jpg\" alt=\"Hotel Cordial Plaza Mayor Santa Ana las Palmas - Vista do bar no terra&#xE7;o Belvedere\"\/><\/figure>\n\n<h2 class=\"wp-block-heading\"><span class=\"ez-toc-section\" id=\"Historia\"><\/span>Hist\u00f3ria<span class=\"ez-toc-section-end\"><\/span><\/h2>\n\n<p>O Hotel Cordial Plaza Mayor de Santa Ana \u00e9 uma antiga mans\u00e3o que remonta a 1915 e que foi convertida num boutique hotel. O local manteve o seu car\u00e1cter de outrora e oferece aos turistas uma estadia aut\u00eantica. Ador\u00e1mos! O hotel pertence \u00e0 cadeia Cordial, que tem outros hot\u00e9is na ilha e em Lanzarote.<\/p>\n\n<figure class=\"wp-block-image size-large\"><img decoding=\"async\" src=\"https:\/\/photos.smugmug.com\/Canarias-Lovers\/Gran-Canaria\/Las-Palmas\/Hotels-Las-Palmas\/Hotel-Cordial-Plaza-Mayor-Santa-Ana\/i-gdkzKDQ\/0\/K24wFMHBWctMH7Dgnfh6FNrwfD6SHwVpq2g7F8Dws\/L\/hotel-cordial-plaza-santa-ana-las-palmas-decoration-3-L.jpg\" alt=\"Hotel Cordial Plaza Mayor Santa Ana las Palmas - Vista de um corredor\"\/><\/figure>\n\n<h2 class=\"wp-block-heading\"><span class=\"ez-toc-section\" id=\"Informacoes_praticas_sobre_o_Hotel_Cordial_Plaza_Mayor_de_Santa_Ana_em_Las_Palmas\"><\/span>Informa\u00e7\u00f5es pr\u00e1ticas sobre o Hotel Cordial Plaza Mayor de Santa Ana em Las Palmas<span class=\"ez-toc-section-end\"><\/span><\/h2>\n\n<h3 class=\"wp-block-heading\">Tipo<\/h3>\n\n<p>O Hotel Cordial Plaza Mayor \u00e9 um boutique hotel de 4 estrelas que manteve todo o seu encanto hist\u00f3rico.<\/p>\n\n<hr class=\"wp-block-separator has-text-color has-alpha-channel-opacity has-background is-style-wide\" style=\"background-color:#000000;color:#000000\"\/>\n\n<p class=\"has-text-align-center\">Consulte <a href=\"https:\/\/www.booking.com\/hotel\/es\/boutique-cordial-plaza-mayor-de-santa-ana.html?aid=2370548\" target=\"_blank\" rel=\"noreferrer noopener sponsored nofollow\">as ofertas actuais de Hotel Cordial Plaza Mayor de Santa<\/a> Ana<\/p>\n\n<hr class=\"wp-block-separator has-text-color has-alpha-channel-opacity has-background is-style-wide\" style=\"background-color:#000000;color:#000000\"\/>\n\n<h3 class=\"wp-block-heading\">Onde se situa o hotel<\/h3>\n\n<p>O Hotel Cordial Plaza Mayor de Santa Ana est\u00e1 localizado no centro da cidade <a href=\"https:\/\/canarias-lovers.com\/pt-pt\/o-que-fazer-las-palmas-gran-canaria-visitar\/\" target=\"_blank\" rel=\"noreferrer noopener\">de Las Palmas<\/a>, em frente \u00e0 catedral. O endere\u00e7o exato \u00e9 Plaza Sta. Ana, 5, 35001, Las Palmas de Gran Canaria.<\/p>\n\n<ul class=\"wp-block-list\">\n<li>A 20 minutos de carro do aeroporto<\/li>\n\n\n\n<li>8 minutos de carro das <a href=\"https:\/\/canarias-lovers.com\/pt-pt\/melhores-praias-las-palmas-gran-canaria\/\" target=\"_blank\" rel=\"noreferrer noopener\">praias<\/a><\/li>\n<\/ul>\n\n<h3 class=\"wp-block-heading\">Como l\u00e1 chegar<\/h3>\n\n<p>Se chegar ao aeroporto de Gran Canaria, pode deslocar-se de carro alugado, a melhor forma de se deslocar se pretende explorar a ilha. Leia o <a href=\"https:\/\/canarias-lovers.com\/pt-pt\/como-alugar-um-carro-gran-canaria-experiencias\/\" target=\"_blank\" rel=\"noreferrer noopener\">nosso artigo sobre o assunto<\/a>!<\/p>\n\n<p>Tamb\u00e9m pode vir de t\u00e1xi. Os autocarros (linhas 1, 11, 60 e 91) tamb\u00e9m o podem levar a Las Palmas.<\/p>\n\n<p>Tamb\u00e9m pode ler o nosso artigo sobre como se deslocar na Gran Canaria (em breve)!<\/p>\n\n<figure class=\"wp-block-image size-large\"><img decoding=\"async\" src=\"https:\/\/photos.smugmug.com\/Canarias-Lovers\/Gran-Canaria\/Las-Palmas\/Hotels-Las-Palmas\/Hotel-Cordial-Plaza-Mayor-Santa-Ana\/i-NbPVKKs\/0\/LdmSfssfVvKFxG6tftF4pRRMdXPsdrTfv59jVt2kk\/L\/hotel-cordial-plaza-mayor-santa-ana-las-palmas-gran-canaria-4-L.jpg\" alt=\"Hotel Cordial Plaza Mayor Santa Ana las Palmas - Vista da catedral e do terra&#xE7;o\"\/><\/figure>\n\n<h3 class=\"wp-block-heading\">Parque de estacionamento<\/h3>\n\n<p>O hotel est\u00e1 localizado no cora\u00e7\u00e3o da cidade velha e n\u00e3o tem o seu pr\u00f3prio parque de estacionamento. O parque de estacionamento mais pr\u00f3ximo fica a 7 minutos a p\u00e9. Tamb\u00e9m pode estacionar na rua.<\/p>\n\n<h3 class=\"wp-block-heading\">Para pessoas com mobilidade reduzida<\/h3>\n\n<p>O hotel disp\u00f5e de quartos acess\u00edveis a pessoas com mobilidade reduzida. Existe tamb\u00e9m um elevador. No entanto, recomendamos que contacte o estabelecimento antes da sua estadia para garantir a disponibilidade de quartos adaptados \u00e0s suas necessidades.<\/p>\n\n<figure class=\"wp-block-image size-large\"><img decoding=\"async\" src=\"https:\/\/photos.smugmug.com\/Canarias-Lovers\/Gran-Canaria\/Las-Palmas\/Hotels-Las-Palmas\/Hotel-Cordial-Plaza-Mayor-Santa-Ana\/i-MKppfdP\/0\/KWC7sRcg5v7nXGJWW4Zd9s7sjFGTm7kJ66f8GkNxL\/L\/hotel-cordial-plaza-santa-ana-las-palmas-decoration-2-L.jpg\" alt=\"Hotel Cordial Plaza Mayor Santa Ana las Palmas - Elevador\"\/><\/figure>\n\n<h3 class=\"wp-block-heading\">O(a) Hotel Cordial Plaza Mayor de Santa Ana \u00e9 adequado(a) para fam\u00edlias?<\/h3>\n\n<p>Sim, o hotel pode acolher at\u00e9 3 pessoas, 2 adultos e 1 crian\u00e7a, bem como um ber\u00e7o nos seus quartos maiores. Contacte o hotel com anteced\u00eancia para verificar a disponibilidade.<\/p>\n\n<div style=\"margin-top:8%;margin-bottom:8%\" class=\"wp-block-genesis-blocks-gb-container box gb-block-container\"><div class=\"gb-container-inside\"><div class=\"gb-container-content\">\n<div class=\"wp-block-columns inverse is-layout-flex wp-container-core-columns-is-layout-9d6595d7 wp-block-columns-is-layout-flex\">\n<div class=\"wp-block-column texte_planif is-layout-flow wp-block-column-is-layout-flow\" style=\"flex-basis:58%\">\n<h5 class=\"titre_box\" style=\"padding-top:10px;\">DESCUBRA <span class=\"titre_box_manuscrit\">Las Palmas<\/span><\/h5>\n\n\n\n<ul class=\"ul_box wp-block-list\">\n<li style=\"font-size:14px\"><a href=\"https:\/\/canarias-lovers.com\/pt-pt\/o-que-fazer-las-palmas-gran-canaria-visitar\/\" target=\"_blank\" rel=\"noreferrer noopener\">O que fazer em Las Palmas<\/a><\/li>\n\n\n\n<li style=\"font-size:14px\"><a href=\"https:\/\/canarias-lovers.com\/pt-pt\/melhores-praias-las-palmas-gran-canaria\/\" target=\"_blank\" rel=\"noreferrer noopener\">As praias mais bonitas<\/a><\/li>\n\n\n\n<li style=\"font-size:14px\"><a href=\"https:\/\/canarias-lovers.com\/pt-pt\/onde-ficar-las-palmas-gran-canaria-melhores-hoteis-bairros\/\" target=\"_blank\" rel=\"noreferrer noopener\">Os melhores hot\u00e9is<\/a><\/li>\n\n\n\n<li style=\"font-size:14px\"><a href=\"https:\/\/canarias-lovers.com\/pt-pt\/melhores-restaurantes-las-palmas-gran-canaria-onde-comer-opinioes\/\" target=\"_blank\" rel=\"noreferrer noopener\">Os melhores restaurantes<\/a><\/li>\n\n\n\n<li style=\"font-size:14px\"><a href=\"https:\/\/canarias-lovers.com\/pt-pt\/melhores-museus-las-palmas-gran-canaria\/\" target=\"_blank\" rel=\"noreferrer noopener\">Os melhores museus<\/a><\/li>\n\n\n\n<li style=\"font-size:14px\"><a href=\"https:\/\/canarias-lovers.com\/pt-pt\/playa-canteras-plage-las-palmas-2\/\" target=\"_blank\" rel=\"noreferrer noopener\">Playa de las Canteras<\/a><\/li>\n\n\n\n<li style=\"font-size:14px\"><a href=\"https:\/\/canarias-lovers.com\/pt-pt\/visiter-aquarium-poema-del-mar-las-palmas-2\/\" target=\"_blank\" rel=\"noreferrer noopener\">Aqu\u00e1rio Poema del Mar<\/a><\/li>\n\n\n\n<li style=\"font-size:14px\"><a href=\"https:\/\/canarias-lovers.com\/pt-pt\/visitar-catedral-santa-ana-las-palmas-gran-canaria\/\" target=\"_blank\" rel=\"noreferrer noopener\">Catedral<\/a><\/li>\n<\/ul>\n<\/div>\n\n\n\n<div class=\"wp-block-column ville-radius is-layout-flow wp-block-column-is-layout-flow\" style=\"flex-basis:42%\">\n<figure class=\"wp-block-image size-large img-portrait\"><img decoding=\"async\" src=\"https:\/\/photos.smugmug.com\/Canarias-Lovers\/Gran-Canaria\/Best\/Villages-towns\/i-gHwwg3T\/0\/D3dJfjzJRf5mVWmbqWDNGfqSMDwSv38QgTVPMZj6B\/S\/las-palmas-cathedral-top-S.jpg\" alt=\"Las Palmas: vista da Catedral\" title=\"\"\/><\/figure>\n<\/div>\n<\/div>\n<\/div><\/div><\/div>\n\n<div class=\"wp-block-genesis-blocks-gb-container box_auteur_voyage gb-block-container\"><div class=\"gb-container-inside\"><div class=\"gb-container-content\">\n<figure class=\"wp-block-image size-large img_auteur_voyage img_provisoire\"><a href=\"https:\/\/canarias-lovers.com\/pt-pt\/claire-robinson\/\" target=\"_blank\" rel=\"noreferrer noopener\"><img decoding=\"async\" src=\"https:\/\/photos.smugmug.com\/Region-Lovers\/Equipe\/i-nsNF6C6\/0\/Cs2F5n96pkt9xFD9D3SVqmQspMhrKgN75nHgBqmjG\/L\/Claire-L.png\" alt=\"\"\/><\/a><\/figure>\n\n\n\n<h5 class=\"titre_auteur_voyage\"><span>ELA FEZ A VIAGEM <\/span><span class=\"titre_box_manuscrit\">Claire<\/span><\/h5>\n<\/div><\/div><\/div>\n\n<div class=\"wp-block-genesis-blocks-gb-container box_auteur_voyage gb-block-container\"><div class=\"gb-container-inside\"><div class=\"gb-container-content\">\n<figure class=\"wp-block-image size-large img_auteur_voyage img_provisoire img_julie\"><a href=\"https:\/\/canarias-lovers.com\/pt-pt\/julie-joly\/\" target=\"_blank\" rel=\"noreferrer noopener\"><img decoding=\"async\" src=\"https:\/\/photos.smugmug.com\/Region-Lovers\/Equipe\/i-T3sDhGd\/0\/CrBSnP9JCLV3gSG4MfSQMF7p5T5WvCMbtWr4wqQ2D\/L\/julie-L.jpg\" alt=\"\"\/><\/a><\/figure>\n\n\n\n<h5 class=\"titre_auteur_voyage\"><span>\n ELA ESCREVEU O ARTIGO  <\/span><span class=\"titre_box_manuscrit\">Julie<\/span><\/h5>\n<\/div><\/div><\/div>\n","protected":false},"excerpt":{"rendered":"<p>Est\u00e1 de visita a Las Palmas? Recomendamos-lhe que fique no Hotel Cordial Plaza Mayor de Santa Ana! Este edif\u00edcio hist\u00f3rico possui um interior encantador e um terra\u00e7o no telhado com uma vista deslumbrante sobre a catedral. O local ideal para descobrir o rico patrim\u00f3nio da capital da Gran Canaria. Neste artigo, encontrar\u00e1 todos os detalhes [&hellip;]<\/p>\n","protected":false},"author":5,"featured_media":1901,"comment_status":"closed","ping_status":"closed","sticky":false,"template":"","format":"standard","meta":{"_genesis_hide_title":false,"_genesis_hide_breadcrumbs":false,"_genesis_hide_singular_image":false,"_genesis_hide_footer_widgets":false,"_genesis_custom_body_class":"","_genesis_custom_post_class":"","_genesis_layout":"","footnotes":""},"categories":[44],"tags":[],"class_list":{"0":"post-1957","1":"post","2":"type-post","3":"status-publish","4":"format-standard","5":"has-post-thumbnail","7":"category-gran-canaria-pt","8":"entry"},"yoast_head":"<!-- This site is optimized with the Yoast SEO plugin v27.5 - https:\/\/yoast.com\/product\/yoast-seo-wordpress\/ -->\n<title>Hotel Cordial Plaza Mayor de Santa Ana (Las Palmas): opini\u00e3o<\/title>\n<meta name=\"description\" content=\"A nossa opini\u00e3o e fotos ap\u00f3s a nossa estadia no Hotel Cordial Plaza Mayor de Santa Ana em Las Palmas\" \/>\n<meta name=\"robots\" content=\"index, follow, max-snippet:-1, max-image-preview:large, max-video-preview:-1\" \/>\n<link rel=\"canonical\" href=\"https:\/\/canarias-lovers.com\/pt-pt\/hotel-cordial-plaza-mayor-santa-ana-las-palmas-opiniao\/\" \/>\n<meta property=\"og:locale\" content=\"pt_PT\" \/>\n<meta property=\"og:type\" content=\"article\" \/>\n<meta property=\"og:title\" content=\"Hotel Cordial Plaza Mayor de Santa Ana (Las Palmas): opini\u00e3o\" \/>\n<meta property=\"og:description\" content=\"A nossa opini\u00e3o e fotos ap\u00f3s a nossa estadia no Hotel Cordial Plaza Mayor de Santa Ana em Las Palmas\" \/>\n<meta property=\"og:url\" content=\"https:\/\/canarias-lovers.com\/pt-pt\/hotel-cordial-plaza-mayor-santa-ana-las-palmas-opiniao\/\" \/>\n<meta property=\"og:site_name\" content=\"Canarias Lovers: Tenerife + Gran Canaria\" \/>\n<meta property=\"article:published_time\" content=\"2024-07-12T13:10:53+00:00\" \/>\n<meta property=\"article:modified_time\" content=\"2024-07-12T17:56:56+00:00\" \/>\n<meta property=\"og:image\" content=\"https:\/\/canarias-lovers.com\/wp-content\/uploads\/2024\/07\/hotel-cordial-plaza-mayor-santa-ana-las-palmas-opiniao.jpg\" \/>\n\t<meta property=\"og:image:width\" content=\"800\" \/>\n\t<meta property=\"og:image:height\" content=\"600\" \/>\n\t<meta property=\"og:image:type\" content=\"image\/jpeg\" \/>\n<meta name=\"author\" content=\"Julie\" \/>\n<meta name=\"twitter:card\" content=\"summary_large_image\" \/>\n<meta name=\"twitter:label1\" content=\"Escrito por\" \/>\n\t<meta name=\"twitter:data1\" content=\"Julie\" \/>\n\t<meta name=\"twitter:label2\" content=\"Tempo estimado de leitura\" \/>\n\t<meta name=\"twitter:data2\" content=\"5 minutos\" \/>\n<script type=\"application\/ld+json\" class=\"yoast-schema-graph\">{\"@context\":\"https:\\\/\\\/schema.org\",\"@graph\":[{\"@type\":\"Article\",\"@id\":\"https:\\\/\\\/canarias-lovers.com\\\/pt-pt\\\/hotel-cordial-plaza-mayor-santa-ana-las-palmas-opiniao\\\/#article\",\"isPartOf\":{\"@id\":\"https:\\\/\\\/canarias-lovers.com\\\/pt-pt\\\/hotel-cordial-plaza-mayor-santa-ana-las-palmas-opiniao\\\/\"},\"author\":{\"name\":\"Julie\",\"@id\":\"https:\\\/\\\/canarias-lovers.com\\\/pt-pt\\\/#\\\/schema\\\/person\\\/1ec7cf140667644238370c9f82ae182b\"},\"headline\":\"Hotel Cordial Plaza Mayor de Santa Ana (Las Palmas): opini\u00e3o\",\"datePublished\":\"2024-07-12T13:10:53+00:00\",\"dateModified\":\"2024-07-12T17:56:56+00:00\",\"mainEntityOfPage\":{\"@id\":\"https:\\\/\\\/canarias-lovers.com\\\/pt-pt\\\/hotel-cordial-plaza-mayor-santa-ana-las-palmas-opiniao\\\/\"},\"wordCount\":1043,\"publisher\":{\"@id\":\"https:\\\/\\\/canarias-lovers.com\\\/pt-pt\\\/#organization\"},\"image\":{\"@id\":\"https:\\\/\\\/canarias-lovers.com\\\/pt-pt\\\/hotel-cordial-plaza-mayor-santa-ana-las-palmas-opiniao\\\/#primaryimage\"},\"thumbnailUrl\":\"https:\\\/\\\/canarias-lovers.com\\\/wp-content\\\/uploads\\\/2024\\\/07\\\/hotel-cordial-plaza-mayor-santa-ana-las-palmas-opiniao.jpg\",\"articleSection\":[\"Gran Canaria\"],\"inLanguage\":\"pt-PT\"},{\"@type\":\"WebPage\",\"@id\":\"https:\\\/\\\/canarias-lovers.com\\\/pt-pt\\\/hotel-cordial-plaza-mayor-santa-ana-las-palmas-opiniao\\\/\",\"url\":\"https:\\\/\\\/canarias-lovers.com\\\/pt-pt\\\/hotel-cordial-plaza-mayor-santa-ana-las-palmas-opiniao\\\/\",\"name\":\"Hotel Cordial Plaza Mayor de Santa Ana (Las Palmas): opini\u00e3o\",\"isPartOf\":{\"@id\":\"https:\\\/\\\/canarias-lovers.com\\\/pt-pt\\\/#website\"},\"primaryImageOfPage\":{\"@id\":\"https:\\\/\\\/canarias-lovers.com\\\/pt-pt\\\/hotel-cordial-plaza-mayor-santa-ana-las-palmas-opiniao\\\/#primaryimage\"},\"image\":{\"@id\":\"https:\\\/\\\/canarias-lovers.com\\\/pt-pt\\\/hotel-cordial-plaza-mayor-santa-ana-las-palmas-opiniao\\\/#primaryimage\"},\"thumbnailUrl\":\"https:\\\/\\\/canarias-lovers.com\\\/wp-content\\\/uploads\\\/2024\\\/07\\\/hotel-cordial-plaza-mayor-santa-ana-las-palmas-opiniao.jpg\",\"datePublished\":\"2024-07-12T13:10:53+00:00\",\"dateModified\":\"2024-07-12T17:56:56+00:00\",\"description\":\"A nossa opini\u00e3o e fotos ap\u00f3s a nossa estadia no Hotel Cordial Plaza Mayor de Santa Ana em Las Palmas\",\"breadcrumb\":{\"@id\":\"https:\\\/\\\/canarias-lovers.com\\\/pt-pt\\\/hotel-cordial-plaza-mayor-santa-ana-las-palmas-opiniao\\\/#breadcrumb\"},\"inLanguage\":\"pt-PT\",\"potentialAction\":[{\"@type\":\"ReadAction\",\"target\":[\"https:\\\/\\\/canarias-lovers.com\\\/pt-pt\\\/hotel-cordial-plaza-mayor-santa-ana-las-palmas-opiniao\\\/\"]}]},{\"@type\":\"ImageObject\",\"inLanguage\":\"pt-PT\",\"@id\":\"https:\\\/\\\/canarias-lovers.com\\\/pt-pt\\\/hotel-cordial-plaza-mayor-santa-ana-las-palmas-opiniao\\\/#primaryimage\",\"url\":\"https:\\\/\\\/canarias-lovers.com\\\/wp-content\\\/uploads\\\/2024\\\/07\\\/hotel-cordial-plaza-mayor-santa-ana-las-palmas-opiniao.jpg\",\"contentUrl\":\"https:\\\/\\\/canarias-lovers.com\\\/wp-content\\\/uploads\\\/2024\\\/07\\\/hotel-cordial-plaza-mayor-santa-ana-las-palmas-opiniao.jpg\",\"width\":800,\"height\":600,\"caption\":\"hotel-cordial-plaza-mayor-santa-ana-las-palmas-opiniao\"},{\"@type\":\"BreadcrumbList\",\"@id\":\"https:\\\/\\\/canarias-lovers.com\\\/pt-pt\\\/hotel-cordial-plaza-mayor-santa-ana-las-palmas-opiniao\\\/#breadcrumb\",\"itemListElement\":[{\"@type\":\"ListItem\",\"position\":1,\"name\":\"Accueil\",\"item\":\"https:\\\/\\\/canarias-lovers.com\\\/pt-pt\\\/\"},{\"@type\":\"ListItem\",\"position\":2,\"name\":\"Gran Canaria\",\"item\":\"https:\\\/\\\/canarias-lovers.com\\\/pt-pt\\\/gran-canaria-pt\\\/\"},{\"@type\":\"ListItem\",\"position\":3,\"name\":\"Hotel Cordial Plaza Mayor de Santa Ana (Las Palmas): opini\u00e3o\"}]},{\"@type\":\"WebSite\",\"@id\":\"https:\\\/\\\/canarias-lovers.com\\\/pt-pt\\\/#website\",\"url\":\"https:\\\/\\\/canarias-lovers.com\\\/pt-pt\\\/\",\"name\":\"Canarias Lovers: Tenerife + Gran Canaria\",\"description\":\"Blogue da Claire e da Manu\",\"publisher\":{\"@id\":\"https:\\\/\\\/canarias-lovers.com\\\/pt-pt\\\/#organization\"},\"potentialAction\":[{\"@type\":\"SearchAction\",\"target\":{\"@type\":\"EntryPoint\",\"urlTemplate\":\"https:\\\/\\\/canarias-lovers.com\\\/pt-pt\\\/?s={search_term_string}\"},\"query-input\":{\"@type\":\"PropertyValueSpecification\",\"valueRequired\":true,\"valueName\":\"search_term_string\"}}],\"inLanguage\":\"pt-PT\"},{\"@type\":\"Organization\",\"@id\":\"https:\\\/\\\/canarias-lovers.com\\\/pt-pt\\\/#organization\",\"name\":\"Canarias Lovers: Tenerife + Gran Canaria\",\"url\":\"https:\\\/\\\/canarias-lovers.com\\\/pt-pt\\\/\",\"logo\":{\"@type\":\"ImageObject\",\"inLanguage\":\"pt-PT\",\"@id\":\"https:\\\/\\\/canarias-lovers.com\\\/pt-pt\\\/#\\\/schema\\\/logo\\\/image\\\/\",\"url\":\"https:\\\/\\\/canarias-lovers.com\\\/wp-content\\\/uploads\\\/2024\\\/05\\\/cropped-Canarias-Lovers-Logo.png\",\"contentUrl\":\"https:\\\/\\\/canarias-lovers.com\\\/wp-content\\\/uploads\\\/2024\\\/05\\\/cropped-Canarias-Lovers-Logo.png\",\"width\":2635,\"height\":595,\"caption\":\"Canarias Lovers: Tenerife + Gran Canaria\"},\"image\":{\"@id\":\"https:\\\/\\\/canarias-lovers.com\\\/pt-pt\\\/#\\\/schema\\\/logo\\\/image\\\/\"}},{\"@type\":\"Person\",\"@id\":\"https:\\\/\\\/canarias-lovers.com\\\/pt-pt\\\/#\\\/schema\\\/person\\\/1ec7cf140667644238370c9f82ae182b\",\"name\":\"Julie\",\"image\":{\"@type\":\"ImageObject\",\"inLanguage\":\"pt-PT\",\"@id\":\"https:\\\/\\\/secure.gravatar.com\\\/avatar\\\/a611248efc69ee9e187aa9c079fc95ddf244fb85450703880b633892883f84f5?s=96&d=mm&r=g\",\"url\":\"https:\\\/\\\/secure.gravatar.com\\\/avatar\\\/a611248efc69ee9e187aa9c079fc95ddf244fb85450703880b633892883f84f5?s=96&d=mm&r=g\",\"contentUrl\":\"https:\\\/\\\/secure.gravatar.com\\\/avatar\\\/a611248efc69ee9e187aa9c079fc95ddf244fb85450703880b633892883f84f5?s=96&d=mm&r=g\",\"caption\":\"Julie\"},\"sameAs\":[\"https:\\\/\\\/canarias-lovers.com\\\/julie-joly\\\/\"],\"url\":\"https:\\\/\\\/canarias-lovers.com\\\/pt-pt\\\/author\\\/julie\\\/\"}]}<\/script>\n<!-- \/ Yoast SEO plugin. -->","yoast_head_json":{"title":"Hotel Cordial Plaza Mayor de Santa Ana (Las Palmas): opini\u00e3o","description":"A nossa opini\u00e3o e fotos ap\u00f3s a nossa estadia no Hotel Cordial Plaza Mayor de Santa Ana em Las Palmas","robots":{"index":"index","follow":"follow","max-snippet":"max-snippet:-1","max-image-preview":"max-image-preview:large","max-video-preview":"max-video-preview:-1"},"canonical":"https:\/\/canarias-lovers.com\/pt-pt\/hotel-cordial-plaza-mayor-santa-ana-las-palmas-opiniao\/","og_locale":"pt_PT","og_type":"article","og_title":"Hotel Cordial Plaza Mayor de Santa Ana (Las Palmas): opini\u00e3o","og_description":"A nossa opini\u00e3o e fotos ap\u00f3s a nossa estadia no Hotel Cordial Plaza Mayor de Santa Ana em Las Palmas","og_url":"https:\/\/canarias-lovers.com\/pt-pt\/hotel-cordial-plaza-mayor-santa-ana-las-palmas-opiniao\/","og_site_name":"Canarias Lovers: Tenerife + Gran Canaria","article_published_time":"2024-07-12T13:10:53+00:00","article_modified_time":"2024-07-12T17:56:56+00:00","og_image":[{"width":800,"height":600,"url":"https:\/\/canarias-lovers.com\/wp-content\/uploads\/2024\/07\/hotel-cordial-plaza-mayor-santa-ana-las-palmas-opiniao.jpg","type":"image\/jpeg"}],"author":"Julie","twitter_card":"summary_large_image","twitter_misc":{"Escrito por":"Julie","Tempo estimado de leitura":"5 minutos"},"schema":{"@context":"https:\/\/schema.org","@graph":[{"@type":"Article","@id":"https:\/\/canarias-lovers.com\/pt-pt\/hotel-cordial-plaza-mayor-santa-ana-las-palmas-opiniao\/#article","isPartOf":{"@id":"https:\/\/canarias-lovers.com\/pt-pt\/hotel-cordial-plaza-mayor-santa-ana-las-palmas-opiniao\/"},"author":{"name":"Julie","@id":"https:\/\/canarias-lovers.com\/pt-pt\/#\/schema\/person\/1ec7cf140667644238370c9f82ae182b"},"headline":"Hotel Cordial Plaza Mayor de Santa Ana (Las Palmas): opini\u00e3o","datePublished":"2024-07-12T13:10:53+00:00","dateModified":"2024-07-12T17:56:56+00:00","mainEntityOfPage":{"@id":"https:\/\/canarias-lovers.com\/pt-pt\/hotel-cordial-plaza-mayor-santa-ana-las-palmas-opiniao\/"},"wordCount":1043,"publisher":{"@id":"https:\/\/canarias-lovers.com\/pt-pt\/#organization"},"image":{"@id":"https:\/\/canarias-lovers.com\/pt-pt\/hotel-cordial-plaza-mayor-santa-ana-las-palmas-opiniao\/#primaryimage"},"thumbnailUrl":"https:\/\/canarias-lovers.com\/wp-content\/uploads\/2024\/07\/hotel-cordial-plaza-mayor-santa-ana-las-palmas-opiniao.jpg","articleSection":["Gran Canaria"],"inLanguage":"pt-PT"},{"@type":"WebPage","@id":"https:\/\/canarias-lovers.com\/pt-pt\/hotel-cordial-plaza-mayor-santa-ana-las-palmas-opiniao\/","url":"https:\/\/canarias-lovers.com\/pt-pt\/hotel-cordial-plaza-mayor-santa-ana-las-palmas-opiniao\/","name":"Hotel Cordial Plaza Mayor de Santa Ana (Las Palmas): opini\u00e3o","isPartOf":{"@id":"https:\/\/canarias-lovers.com\/pt-pt\/#website"},"primaryImageOfPage":{"@id":"https:\/\/canarias-lovers.com\/pt-pt\/hotel-cordial-plaza-mayor-santa-ana-las-palmas-opiniao\/#primaryimage"},"image":{"@id":"https:\/\/canarias-lovers.com\/pt-pt\/hotel-cordial-plaza-mayor-santa-ana-las-palmas-opiniao\/#primaryimage"},"thumbnailUrl":"https:\/\/canarias-lovers.com\/wp-content\/uploads\/2024\/07\/hotel-cordial-plaza-mayor-santa-ana-las-palmas-opiniao.jpg","datePublished":"2024-07-12T13:10:53+00:00","dateModified":"2024-07-12T17:56:56+00:00","description":"A nossa opini\u00e3o e fotos ap\u00f3s a nossa estadia no Hotel Cordial Plaza Mayor de Santa Ana em Las Palmas","breadcrumb":{"@id":"https:\/\/canarias-lovers.com\/pt-pt\/hotel-cordial-plaza-mayor-santa-ana-las-palmas-opiniao\/#breadcrumb"},"inLanguage":"pt-PT","potentialAction":[{"@type":"ReadAction","target":["https:\/\/canarias-lovers.com\/pt-pt\/hotel-cordial-plaza-mayor-santa-ana-las-palmas-opiniao\/"]}]},{"@type":"ImageObject","inLanguage":"pt-PT","@id":"https:\/\/canarias-lovers.com\/pt-pt\/hotel-cordial-plaza-mayor-santa-ana-las-palmas-opiniao\/#primaryimage","url":"https:\/\/canarias-lovers.com\/wp-content\/uploads\/2024\/07\/hotel-cordial-plaza-mayor-santa-ana-las-palmas-opiniao.jpg","contentUrl":"https:\/\/canarias-lovers.com\/wp-content\/uploads\/2024\/07\/hotel-cordial-plaza-mayor-santa-ana-las-palmas-opiniao.jpg","width":800,"height":600,"caption":"hotel-cordial-plaza-mayor-santa-ana-las-palmas-opiniao"},{"@type":"BreadcrumbList","@id":"https:\/\/canarias-lovers.com\/pt-pt\/hotel-cordial-plaza-mayor-santa-ana-las-palmas-opiniao\/#breadcrumb","itemListElement":[{"@type":"ListItem","position":1,"name":"Accueil","item":"https:\/\/canarias-lovers.com\/pt-pt\/"},{"@type":"ListItem","position":2,"name":"Gran Canaria","item":"https:\/\/canarias-lovers.com\/pt-pt\/gran-canaria-pt\/"},{"@type":"ListItem","position":3,"name":"Hotel Cordial Plaza Mayor de Santa Ana (Las Palmas): opini\u00e3o"}]},{"@type":"WebSite","@id":"https:\/\/canarias-lovers.com\/pt-pt\/#website","url":"https:\/\/canarias-lovers.com\/pt-pt\/","name":"Canarias Lovers: Tenerife + Gran Canaria","description":"Blogue da Claire e da Manu","publisher":{"@id":"https:\/\/canarias-lovers.com\/pt-pt\/#organization"},"potentialAction":[{"@type":"SearchAction","target":{"@type":"EntryPoint","urlTemplate":"https:\/\/canarias-lovers.com\/pt-pt\/?s={search_term_string}"},"query-input":{"@type":"PropertyValueSpecification","valueRequired":true,"valueName":"search_term_string"}}],"inLanguage":"pt-PT"},{"@type":"Organization","@id":"https:\/\/canarias-lovers.com\/pt-pt\/#organization","name":"Canarias Lovers: Tenerife + Gran Canaria","url":"https:\/\/canarias-lovers.com\/pt-pt\/","logo":{"@type":"ImageObject","inLanguage":"pt-PT","@id":"https:\/\/canarias-lovers.com\/pt-pt\/#\/schema\/logo\/image\/","url":"https:\/\/canarias-lovers.com\/wp-content\/uploads\/2024\/05\/cropped-Canarias-Lovers-Logo.png","contentUrl":"https:\/\/canarias-lovers.com\/wp-content\/uploads\/2024\/05\/cropped-Canarias-Lovers-Logo.png","width":2635,"height":595,"caption":"Canarias Lovers: Tenerife + Gran Canaria"},"image":{"@id":"https:\/\/canarias-lovers.com\/pt-pt\/#\/schema\/logo\/image\/"}},{"@type":"Person","@id":"https:\/\/canarias-lovers.com\/pt-pt\/#\/schema\/person\/1ec7cf140667644238370c9f82ae182b","name":"Julie","image":{"@type":"ImageObject","inLanguage":"pt-PT","@id":"https:\/\/secure.gravatar.com\/avatar\/a611248efc69ee9e187aa9c079fc95ddf244fb85450703880b633892883f84f5?s=96&d=mm&r=g","url":"https:\/\/secure.gravatar.com\/avatar\/a611248efc69ee9e187aa9c079fc95ddf244fb85450703880b633892883f84f5?s=96&d=mm&r=g","contentUrl":"https:\/\/secure.gravatar.com\/avatar\/a611248efc69ee9e187aa9c079fc95ddf244fb85450703880b633892883f84f5?s=96&d=mm&r=g","caption":"Julie"},"sameAs":["https:\/\/canarias-lovers.com\/julie-joly\/"],"url":"https:\/\/canarias-lovers.com\/pt-pt\/author\/julie\/"}]}},"featured_image_src":"https:\/\/canarias-lovers.com\/wp-content\/uploads\/2024\/07\/hotel-cordial-plaza-mayor-santa-ana-las-palmas-opiniao-600x400.jpg","featured_image_src_square":"https:\/\/canarias-lovers.com\/wp-content\/uploads\/2024\/07\/hotel-cordial-plaza-mayor-santa-ana-las-palmas-opiniao-600x600.jpg","author_info":{"display_name":"Julie","author_link":"https:\/\/canarias-lovers.com\/pt-pt\/author\/julie\/"},"_links":{"self":[{"href":"https:\/\/canarias-lovers.com\/pt-pt\/wp-json\/wp\/v2\/posts\/1957","targetHints":{"allow":["GET"]}}],"collection":[{"href":"https:\/\/canarias-lovers.com\/pt-pt\/wp-json\/wp\/v2\/posts"}],"about":[{"href":"https:\/\/canarias-lovers.com\/pt-pt\/wp-json\/wp\/v2\/types\/post"}],"author":[{"embeddable":true,"href":"https:\/\/canarias-lovers.com\/pt-pt\/wp-json\/wp\/v2\/users\/5"}],"replies":[{"embeddable":true,"href":"https:\/\/canarias-lovers.com\/pt-pt\/wp-json\/wp\/v2\/comments?post=1957"}],"version-history":[{"count":0,"href":"https:\/\/canarias-lovers.com\/pt-pt\/wp-json\/wp\/v2\/posts\/1957\/revisions"}],"wp:featuredmedia":[{"embeddable":true,"href":"https:\/\/canarias-lovers.com\/pt-pt\/wp-json\/wp\/v2\/media\/1901"}],"wp:attachment":[{"href":"https:\/\/canarias-lovers.com\/pt-pt\/wp-json\/wp\/v2\/media?parent=1957"}],"wp:term":[{"taxonomy":"category","embeddable":true,"href":"https:\/\/canarias-lovers.com\/pt-pt\/wp-json\/wp\/v2\/categories?post=1957"},{"taxonomy":"post_tag","embeddable":true,"href":"https:\/\/canarias-lovers.com\/pt-pt\/wp-json\/wp\/v2\/tags?post=1957"}],"curies":[{"name":"wp","href":"https:\/\/api.w.org\/{rel}","templated":true}]}}