{"id":10089,"date":"2026-07-13T18:02:00","date_gmt":"2026-07-13T18:02:00","guid":{"rendered":"https:\/\/canarias-lovers.com\/miradouro-do-balcao-gra-canaria-acesso-fotografias\/"},"modified":"2026-07-13T18:24:48","modified_gmt":"2026-07-13T18:24:48","slug":"mirador-del-balcon-gran-canaria","status":"publish","type":"post","link":"https:\/\/canarias-lovers.com\/pt-pt\/mirador-del-balcon-gran-canaria\/","title":{"rendered":"Mirador del Balc\u00f3n (Grande Can\u00e1ria): acesso + fotografias"},"content":{"rendered":"\n<p class=\"wp-block-paragraph\">O Mirador del Balc\u00f3n ergue-se sobre as fal\u00e9sias vulc\u00e2nicas da estrada do And\u00e9n Verde, na costa noroeste da Gran Canaria. Ficamos impressionados com esta plataforma de vidro suspensa no vazio, uma experi\u00eancia t\u00e3o espetacular quanto um pouco vertiginosa. Todas as nossas sugest\u00f5es para visitar o Mirador del Balc\u00f3n, na estrada do And\u00e9n Verde, na Gran Canaria: acesso, estacionamento, tipo de vista, informa\u00e7\u00f5es pr\u00e1ticas.<\/p>\n\n<figure class=\"wp-block-image size-full\"><img loading=\"lazy\" decoding=\"async\" width=\"800\" height=\"600\" src=\"https:\/\/canarias-lovers.com\/wp-content\/uploads\/2026\/07\/Mirador-del-Balcon-Gran-Canaria.jpg\" alt=\"Miradouro do Balc&#xE3;o, Gran Canaria\" class=\"wp-image-10066\" srcset=\"https:\/\/canarias-lovers.com\/wp-content\/uploads\/2026\/07\/Mirador-del-Balcon-Gran-Canaria.jpg 800w, https:\/\/canarias-lovers.com\/wp-content\/uploads\/2026\/07\/Mirador-del-Balcon-Gran-Canaria-300x225.jpg 300w, https:\/\/canarias-lovers.com\/wp-content\/uploads\/2026\/07\/Mirador-del-Balcon-Gran-Canaria-768x576.jpg 768w, https:\/\/canarias-lovers.com\/wp-content\/uploads\/2026\/07\/Mirador-del-Balcon-Gran-Canaria-702x526.jpg 702w\" sizes=\"auto, (max-width: 800px) 100vw, 800px\" \/><\/figure>\n\n<p class=\"wp-block-paragraph\">Esta \u00e9 uma opini\u00e3o completamente <strong>independente<\/strong>, baseada na nossa pr\u00f3pria experi\u00eancia. Visit\u00e1mos a regi\u00e3o de forma an\u00f3nima, fazendo as nossas pr\u00f3prias escolhas e pagando as nossas contas na totalidade.<\/p>\n\n<h2 class=\"wp-block-heading\"><span class=\"ez-toc-section\" id=\"Vale_a_pena_fazer_uma_paragem_no_Mirador_del_Balcon\"><\/span>Vale a pena fazer uma paragem no Mirador del Balc\u00f3n?<span class=\"ez-toc-section-end\"><\/span><\/h2>\n\n<p class=\"wp-block-paragraph\">Sim, vale claramente a pena fazer uma paragem neste local. Fic\u00e1mos encantados com a plataforma de vidro que se projeta sobre o vazio. A partir desta arquitetura suspensa, poder\u00e1 observar as camadas geol\u00f3gicas coloridas que riscam a fal\u00e9sia, entre rochas escuras e faixas de cor ocre e vermelha.<br\/>\u00c9 uma das <a href=\"https:\/\/canarias-lovers.com\/pt-pt\/paisagens-granadas-canarias-fotos\/\" target=\"_blank\" rel=\"noreferrer noopener\">paisagens mais bonitas da Gran Canaria<\/a>.<\/p>\n\n<p class=\"wp-block-paragraph\">Apreciamos igualmente o facto de este local servir tamb\u00e9m como miradouro astron\u00f3mico, uma dupla fun\u00e7\u00e3o bastante rara para um miradouro na Gran Canaria.<\/p>\n\n<figure class=\"wp-block-image size-large\"><img decoding=\"async\" src=\"https:\/\/photos.smugmug.com\/Canarias-Lovers\/Gran-Canaria\/La-Aldea-de-San-Nicolas\/Mirador-del-Balcon\/i-vfhrcVK\/0\/KtL6K78jW3ssdT79VwP8HnkZhw387wmrbfKD5Ff8s\/L\/mirador_balcon-11-L.jpg\" alt=\"vista a partir do miradouro\"\/><\/figure>\n\n<h2 class=\"wp-block-heading\"><span class=\"ez-toc-section\" id=\"Onde_esta_o_seu_ponto_de_vista_%E2%80%93_Mapa\"><\/span>Onde est\u00e1 o seu ponto de vista? &#8211; Mapa<span class=\"ez-toc-section-end\"><\/span><\/h2>\n\n<ul class=\"wp-block-list\">\n<li>Estrada: GC-200, a estrada de And\u00e9n Verde<\/li>\n\n\n\n<li>Costa oeste da Gran Canaria<\/li>\n\n\n\n<li>A partir da praia de <a href=\"https:\/\/canarias-lovers.com\/pt-pt\/o-que-fazer-la-aldea-san-nicolas-gran-canaria-visitar\/\" type=\"post\" id=\"3723\" target=\"_blank\" rel=\"noreferrer noopener\">La Aldea de San Nicol\u00e1s<\/a> = 10 min<\/li>\n\n\n\n<li>A partir de <a href=\"https:\/\/canarias-lovers.com\/pt-pt\/o-que-fazer-agaete-visita\/\" type=\"post\" id=\"909\" target=\"_blank\" rel=\"noreferrer noopener\">Agaete<\/a> = 35 min<\/li>\n\n\n\n<li>\u00c9 poss\u00edvel parar em ambos os sentidos<\/li>\n\n\n\n<li>Aqui tem um mapa para o ajudar a encontrar o seu caminho:<\/li>\n<\/ul>\n\n<figure class=\"wp-block-image size-full\"><img decoding=\"async\" src=\"https:\/\/canarias-lovers.com\/wp-content\/uploads\/2026\/07\/mapa-Mirador-del-Balcon-Gran-Canaria.jpg\" alt=\"Mapa do Mirador del Balc&#xF3;n, na Gran Canaria\" class=\"wp-image-10078\"\/><\/figure>\n\n<div class=\"wp-block-genesis-blocks-gb-container box gb-block-container\" style=\"background-color:#fefefe;margin-top:6%;margin-bottom:6%\"><div class=\"gb-container-inside\"><div class=\"gb-container-content\" style=\"max-width:700px\">\n<div class=\"wp-block-columns inverse is-layout-flex wp-container-core-columns-is-layout-8f761849 wp-block-columns-is-layout-flex\">\n<div class=\"wp-block-column texte_planif is-layout-flow wp-block-column-is-layout-flow\" style=\"flex-basis:58%\">\n<h5 class=\"titre_box\">um pouco mais de <span class=\"titre_box_manuscrit\">paci\u00eancia<\/span><\/h5>\n\n\n\n<p class=\"wp-block-paragraph\" style=\"font-size:14px\">Todas as fotografias, mapas, informa\u00e7\u00f5es e endere\u00e7os \u00fateis de que necessita para aproveitar ao m\u00e1ximo <strong>a sua estadia nas Can\u00e1rias<\/strong> estar\u00e3o em <strong>breve<\/strong> dispon\u00edveis num \u00fanico ebook!<\/p>\n<\/div>\n\n\n\n<div class=\"wp-block-column is-layout-flow wp-block-column-is-layout-flow\" style=\"flex-basis:42%\">\n<div class=\"wp-block-genesis-blocks-gb-container ebook-radius-waitlist gb-block-container\"><div class=\"gb-container-inside\"><div class=\"gb-container-content\"><div class=\"wp-block-image ebook-image\">\n<figure class=\"aligncenter size-large\"><img decoding=\"async\" src=\"https:\/\/loirelovers.fr\/wp-content\/uploads\/2023\/03\/ebooks_CorseNormandie_FR.png\" alt=\"Caixa Ebook C&#xF3;rsega FR\"\/><\/figure>\n<\/div><\/div><\/div><\/div>\n<\/div>\n<\/div>\n<\/div><\/div><\/div>\n\n<h2 class=\"wp-block-heading\"><span class=\"ez-toc-section\" id=\"Acesso\"><\/span>Acesso<span class=\"ez-toc-section-end\"><\/span><\/h2>\n\n<p class=\"wp-block-paragraph\">A partir da estrada principal, a GC-2, o acesso faz-se pela estrada GC-200. \u00c9 uma estrada asfaltada que se estreita um pouco no final, mas \u00e9 f\u00e1cil. Existe uma barreira de seguran\u00e7a, como pode ver na fotografia abaixo.<\/p>\n\n<figure class=\"wp-block-image size-large\"><img decoding=\"async\" src=\"https:\/\/photos.smugmug.com\/Canarias-Lovers\/Gran-Canaria\/La-Aldea-de-San-Nicolas\/Mirador-del-Balcon\/i-H56bs3Z\/0\/Ls9wBZrVBSvgcBHqQBFM3mhcbdnkpzW3Pck2dCVXN\/L\/mirador_balcon-02-L.jpg\" alt=\"Mirador del Balc&#xF3;n - via de acesso\"\/><\/figure>\n\n<h2 class=\"wp-block-heading\"><span class=\"ez-toc-section\" id=\"Parque_de_estacionamento\"><\/span>Parque de estacionamento<span class=\"ez-toc-section-end\"><\/span><\/h2>\n\n<p class=\"wp-block-paragraph\">\u00c0 chegada, h\u00e1 um pequeno parque de estacionamento. Estacion\u00e1mos facilmente nesta \u00e1rea aberta, a apenas alguns passos da plataforma de vidro. Encontrar\u00e1 tamb\u00e9m uma banca ambulante que oferece bebidas e petiscos no local.  <\/p>\n\n<figure class=\"wp-block-image size-large\"><img decoding=\"async\" src=\"https:\/\/photos.smugmug.com\/Canarias-Lovers\/Gran-Canaria\/La-Aldea-de-San-Nicolas\/Mirador-del-Balcon\/i-DFxtL3V\/0\/MzkdbrXjtSFGMsbrDPvjgDDGjXcb8bjhssmz2zNSR\/L\/mirador_balcon-05-L.jpg\" alt=\"parque de estacionamento Mirador del Balc&#xF3;n\"\/><\/figure>\n\n<h2 class=\"wp-block-heading\"><span class=\"ez-toc-section\" id=\"Acesso_a_partir_do_parque_de_estacionamento_%E2%80%93_dificuldades\"><\/span>Acesso a partir do parque de estacionamento &#8211; dificuldades<span class=\"ez-toc-section-end\"><\/span><\/h2>\n\n<p class=\"wp-block-paragraph\">A partir do parque de estacionamento, ter\u00e1 de descer um lance de escadas para chegar \u00e0 plataforma de vidro.<br\/>Se tiver dificuldades de mobilidade ou se sofrer de vertigens, a vista tamb\u00e9m vale a pena a partir do parque de estacionamento, mesmo que n\u00e3o consiga descer.<\/p>\n\n<div class=\"wp-block-genesis-blocks-gb-container box gb-block-container\" style=\"background-color:#fef0c3;margin-top:8%;margin-bottom:8%\"><div class=\"gb-container-inside\"><div class=\"gb-container-content\">\n<div class=\"wp-block-columns inverse box_planif is-layout-flex wp-container-core-columns-is-layout-8f761849 wp-block-columns-is-layout-flex\">\n<div class=\"wp-block-column texte_planif is-layout-flow wp-block-column-is-layout-flow\" style=\"flex-basis:60%\">\n<h5 class=\"titre_box\" style=\"padding-top:10px;\">OS NOSSOS CONSELHOS PARA ALUGAR UM CARRO EM <span class=\"titre_box_manuscrit\">tenerife<\/span><\/h5>\n\n\n\n<ul style=\"font-size:14px\" class=\"wp-block-list\">\n<li>Compare os pre\u00e7os na nossa plataforma preferida: <a href=\"https:\/\/www.discovercars.com\/pt\/spain-canary-islands\/tenerife?a_aid=zigzag&amp;chan=CAL\" target=\"_blank\" rel=\"noreferrer noopener sponsored nofollow\">DiscoverCars<\/a> &#8211; um dos s\u00edtios mais bem classificados.<\/li>\n\n\n\n<li>Se est\u00e1 a planear explorar as montanhas, n\u00e3o leve <strong>os carros mais pequenos<\/strong>. Um motor mais potente \u00e9 mais confort\u00e1vel.<\/li>\n\n\n\n<li>Mas tamb\u00e9m n\u00e3o leve um carro demasiado grande, pois algumas das estradas s\u00e3o estreitas.<\/li>\n\n\n\n<li>H\u00e1 muita procura e \u00e9 uma ilha, por isso <strong>reserve com anteced\u00eancia<\/strong>.<\/li>\n<\/ul>\n<\/div>\n\n\n\n<div class=\"wp-block-column planif-radius-2 is-layout-flow wp-block-column-is-layout-flow\">\n<figure class=\"wp-block-image size-large voiture_image\"><img decoding=\"async\" src=\"https:\/\/photos.smugmug.com\/Canarias-Lovers\/Tenerife\/Driving\/i-D3dJ4xj\/1\/e6e34cdd\/L\/tenerife-rental-car-driving-L.jpg\" alt=\"conduzir em tenerife\"\/><\/figure>\n<\/div>\n<\/div>\n\n\n\n<div class=\"wp-block-columns planif_bouton is-layout-flex wp-container-core-columns-is-layout-8f761849 wp-block-columns-is-layout-flex\">\n<div class=\"wp-block-column is-vertically-aligned-top is-layout-flow wp-block-column-is-layout-flow\">\n<div class=\"wp-block-buttons is-content-justification-center is-layout-flex wp-container-core-buttons-is-layout-fe48e5de wp-block-buttons-is-layout-flex\">\n<div class=\"wp-block-button\"><a class=\"wp-block-button__link has-white-color has-text-color wp-element-button\" href=\"https:\/\/www.discovercars.com\/fr\/spain-canary-islands\/tenerife?a_aid=zigzag&amp;chan=CAL\" target=\"_blank\" rel=\"noreferrer noopener nofollow\">Veja os autom\u00f3veis dispon\u00edveis &gt;&gt;<\/a><\/div>\n<\/div>\n<\/div>\n\n\n\n<div class=\"wp-block-column is-vertically-aligned-center is-layout-flow wp-block-column-is-layout-flow\">\n<p class=\"has-text-align-center wp-block-paragraph\" style=\"font-size:16px\"><a href=\"https:\/\/canarias-lovers.com\/pt-pt\/como-alugar-um-automovel-tenerife-experiencias\/\" target=\"_blank\" rel=\"noreferrer noopener\">Leia os nossos conselhos<\/a><\/p>\n<\/div>\n<\/div>\n<\/div><\/div><\/div>\n\n<h2 class=\"wp-block-heading\"><span class=\"ez-toc-section\" id=\"O_melhor_momento\"><\/span>O melhor momento<span class=\"ez-toc-section-end\"><\/span><\/h2>\n\n<p class=\"wp-block-paragraph\">O miradouro est\u00e1 virado para o Oceano Atl\u00e2ntico, na costa ocidental da Gran Canaria. Opte pelo final da tarde para desfrutar da luz rasante sobre as fal\u00e9sias. \u00c0 noite, este local serve tamb\u00e9m de miradouro astron\u00f3mico, um local ideal para a observa\u00e7\u00e3o das estrelas, longe da polui\u00e7\u00e3o luminosa. Consideramos que esta dupla fun\u00e7\u00e3o, diurna e noturna, \u00e9 bastante rara do ponto de vista rodovi\u00e1rio.<\/p>\n\n<h2 class=\"wp-block-heading\"><span class=\"ez-toc-section\" id=\"Ver_descricao\"><\/span>Ver descri\u00e7\u00e3o<span class=\"ez-toc-section-end\"><\/span><\/h2>\n\n<h3 class=\"wp-block-heading\">Uma plataforma de vidro suspensa no vazio<\/h3>\n\n<p class=\"wp-block-paragraph\">A plataforma do Mirador del Balc\u00f3n assenta numa estrutura met\u00e1lica e envidra\u00e7ada que se projeta sobre o vazio. Uma grade de vidro circunda o espa\u00e7o, enquanto uma parte do pavimento, tamb\u00e9m em vidro, permite avistar a rocha e o mar, v\u00e1rias dezenas de metros mais abaixo.  <\/p>\n\n<figure class=\"wp-block-image size-large\"><img decoding=\"async\" src=\"https:\/\/photos.smugmug.com\/Canarias-Lovers\/Gran-Canaria\/La-Aldea-de-San-Nicolas\/Mirador-del-Balcon\/i-dVKfMpF\/0\/KLVRLxxfnq2gtpL8WDgG47dpGwSPggPmNR5GvtLRx\/L\/mirador_balcon-09-L.jpg\" alt=\"Mirador del Balc&#xF3;n - Uma plataforma de vidro sobre o vazio\"\/><\/figure>\n\n<p class=\"wp-block-paragraph\">Sentimos uma sensa\u00e7\u00e3o de vazio bastante intensa ao pisarmos nesta parte transparente. Desta forma, poder\u00e1 observar a base da fal\u00e9sia sem sair da plataforma, uma solu\u00e7\u00e3o que se distingue dos miradouros tradicionais em pedra. Consideramos que esta arquitetura contempor\u00e2nea se integra, apesar de tudo, com discri\u00e7\u00e3o na paisagem vulc\u00e2nica circundante.<\/p>\n\n<p class=\"wp-block-paragraph\">As vistas estendem-se para ambos os lados. No in\u00edcio do artigo, viram a \u00abcauda\u00bb da Gran Canaria, que \u00e9 a parte mais fotografada. Eis a vista na outra dire\u00e7\u00e3o:<\/p>\n\n<figure class=\"wp-block-image size-large\"><img decoding=\"async\" src=\"https:\/\/photos.smugmug.com\/Canarias-Lovers\/Gran-Canaria\/La-Aldea-de-San-Nicolas\/Mirador-del-Balcon\/i-FZ2Rvwx\/0\/KbvjZ6hN3zmSw7pcnm6Dkm7QGN4NPt8HMKLmxK36M\/L\/mirador_balcon-10-L.jpg\" alt=\"Vista noutra dire&#xE7;&#xE3;o\"\/><\/figure>\n\n<h3 class=\"wp-block-heading\">As camadas geol\u00f3gicas das fal\u00e9sias<\/h3>\n\n<p class=\"wp-block-paragraph\">Ao observar a parede rochosa por baixo da plataforma, poder\u00e1 distinguir v\u00e1rias camadas com cores contrastantes, desde o cinzento escuro da rocha vulc\u00e2nica at\u00e9 aos tons ocre e vermelho de certas camadas minerais. Consideramos que este gradiente de cores \u00e9 particularmente n\u00edtido a partir deste ponto de vista elevado.  <\/p>\n\n<p class=\"wp-block-paragraph\">Estas faixas coloridas atravessam a fal\u00e9sia ao longo de uma boa extens\u00e3o, estendendo-se at\u00e9 aos relieves vizinhos que mergulham no oceano. Apreciamos poder observar assim, num \u00fanico olhar, v\u00e1rios milh\u00f5es de anos de forma\u00e7\u00e3o geol\u00f3gica da ilha.<\/p>\n\n<figure class=\"wp-block-image size-large\"><img decoding=\"async\" src=\"https:\/\/photos.smugmug.com\/Canarias-Lovers\/Gran-Canaria\/La-Aldea-de-San-Nicolas\/Mirador-del-Balcon\/i-Hx58zXV\/0\/K9bjn35KqN4GvDzj4XVjCsgm3M3rK3zHmvb2FKVKZ\/L\/mirador_balcon-13-L.jpg\" alt=\"Mirador del Balc&#xF3;n - As camadas geol&#xF3;gicas das fal&#xE9;sias\"\/><\/figure>\n\n<h3 class=\"wp-block-heading\">Um local para observar as estrelas<\/h3>\n\n<p class=\"wp-block-paragraph\">O Mirador del Balc\u00f3n faz parte dos miradouros astron\u00f3micos registados neste tro\u00e7o da estrada do And\u00e9n Verde. Um painel instalado no local explica como localizar a Estrela Polar e v\u00e1rias constela\u00e7\u00f5es vis\u00edveis a partir deste ponto da costa. Consideramos esta informa\u00e7\u00e3o \u00fatil para quem pretenda regressar \u00e0 noite, quando o tr\u00e1fego na estrada j\u00e1 tiver diminu\u00eddo.  <\/p>\n\n<p class=\"wp-block-paragraph\">Pode, assim, combinar a visita diurna, para apreciar a vista sobre o mar e as fal\u00e9sias, com um regresso noturno dedicado \u00e0 observa\u00e7\u00e3o do c\u00e9u. Recomendamos que verifique as condi\u00e7\u00f5es meteorol\u00f3gicas antes de planear uma noite de observa\u00e7\u00e3o, uma vez que o vento pode ser forte neste tro\u00e7o exposto.<\/p>\n\n<figure class=\"wp-block-image size-large\"><img decoding=\"async\" src=\"https:\/\/photos.smugmug.com\/Canarias-Lovers\/Gran-Canaria\/La-Aldea-de-San-Nicolas\/Mirador-del-Balcon\/i-56vdLH8\/0\/NHnbvWPbgKppMqNPmj5JQQh6V6fMF2fSRw9mPf7MB\/L\/mirador_balcon-07-L.jpg\" alt=\"Mirador del Balc&#xF3;n - Um local para observar as estrelas\"\/><\/figure>\n\n<div class=\"wp-block-genesis-blocks-gb-container box gb-block-container\" style=\"background-color:#fef0c3;margin-top:8%;margin-bottom:8%\"><div class=\"gb-container-inside\"><div class=\"gb-container-content\">\n<div class=\"wp-block-columns inverse is-layout-flex wp-container-core-columns-is-layout-8f761849 wp-block-columns-is-layout-flex\">\n<div class=\"wp-block-column texte_planif is-layout-flow wp-block-column-is-layout-flow\" style=\"flex-basis:58%\">\n<h5 class=\"titre_box\" style=\"padding-top:10px\">Divers\u00e3o na Gran Canaria<span class=\"titre_box_manuscrit\">: actividades<\/span><\/h5>\n\n\n\n<p class=\"wp-block-paragraph\" style=\"font-size:16px\"><a href=\"https:\/\/www.getyourguide.pt\/s\/?q=Gran+Canaria+dauphins&amp;searchSource=3&amp;partner_id=R3GYW4V&amp;cmp=CAL\" target=\"_blank\" rel=\"noreferrer noopener sponsored nofollow\">Observa\u00e7\u00e3o de golfinhos<\/a><br\/><a href=\"https:\/\/www.getyourguide.pt\/grande-canarie-l418\/grande-canarie-circuit-guide-en-buggy-t212850\/?partner_id=R3GYW4V&amp;cmp=CAL\" target=\"_blank\" rel=\"noreferrer noopener sponsored nofollow\">Buggy \/ Quad<\/a><br\/><a href=\"https:\/\/www.getyourguide.pt\/grande-canarie-l418\/las-palmas-sortie-de-snorkeling-de-3-h-a-las-canteras-t214674\/?partner_id=R3GYW4V&amp;cmp=CAL\" target=\"_blank\" rel=\"noreferrer noopener sponsored nofollow\">Snorkeling<\/a><br\/><a href=\"https:\/\/www.getyourguide.pt\/grande-canarie-l418\/las-palmas-excursion-en-kayak-au-coucher-du-soleil-et-plongee-en-apnee-t427329\/?partner_id=R3GYW4V&amp;cmp=CAL\" target=\"_blank\" rel=\"noreferrer noopener sponsored nofollow\">Passeio de caiaque nas grutas de Mogan<\/a><br\/>Mas tamb\u00e9m: Canyoning, Equita\u00e7\u00e3o, Via Ferrata, Coasteering&#8230;  <a href=\"https:\/\/www.getyourguide.pt\/s?q=Gran+Canaria&amp;searchSource=8&amp;themes=adrenaline-water_sports-water_activities&amp;partner_id=R3GYW4V&amp;cmp=CAL\" target=\"_blank\" rel=\"noreferrer noopener sponsored nofollow\">Ver todas as op\u00e7\u00f5es<\/a><br\/><\/p>\n<\/div>\n\n\n\n<div class=\"wp-block-column ville-radius is-layout-flow wp-block-column-is-layout-flow\" style=\"flex-basis:42%\">\n<figure class=\"wp-block-image size-large img-portrait\"><img decoding=\"async\" src=\"https:\/\/photos.smugmug.com\/Canarias-Lovers\/Gran-Canaria\/Dolphins\/i-jm9TqbK\/0\/FfCW9g6J4ktRThBvpCKBJj4hF9RmM25RzS56zgJqN\/S\/Gran-Canaria-dolphins-S.jpg\" alt=\"Golfinhos na Gran Canaria\" title=\"\"\/><\/figure>\n<\/div>\n<\/div>\n<\/div><\/div><\/div>\n\n<h2 class=\"wp-block-heading\"><span class=\"ez-toc-section\" id=\"Atraccoes_mais_proximas\"><\/span>Atrac\u00e7\u00f5es mais pr\u00f3ximas<span class=\"ez-toc-section-end\"><\/span><\/h2>\n\n<p class=\"wp-block-paragraph\">Planeie o seu dia combinando uma atra\u00e7\u00e3o com esta vista. Por exemplo:<\/p>\n\n<ul class=\"wp-block-list\">\n<li>A Aldeia de San Nicol\u00e1s,  <\/li>\n\n\n\n<li>O parque dedicado aos cactos: Cactualdea<\/li>\n<\/ul>\n\n<figure class=\"wp-block-image size-large\"><img decoding=\"async\" src=\"https:\/\/photos.smugmug.com\/Canarias-Lovers\/Gran-Canaria\/Best\/Parks\/i-zNgJMcf\/0\/K4Dx6zN8LpT3hkQ5L5wS9v36J8WJ4fJkz3BjVchgq\/L\/cactaldea-L.jpg\" alt=\"Cactualdea\"\/><\/figure>\n\n<div class=\"wp-block-genesis-blocks-gb-container box gb-block-container\" style=\"background-color:#fef0c3;margin-top:8%;margin-bottom:8%\"><div class=\"gb-container-inside\"><div class=\"gb-container-content\" style=\"max-width:700px\">\n<div class=\"wp-block-genesis-blocks-gb-container box_titre gb-block-container\"><div class=\"gb-container-inside\"><div class=\"gb-container-content\">\n<h5 class=\"titre_box\" style=\"padding-top:10px;\">ONDE FICAR NA <span class=\"titre_box_manuscrit\">Gran Canaria<\/span><\/h5>\n<\/div><\/div><\/div>\n\n\n\n<div class=\"wp-block-columns box_sans_border has-background is-layout-flex wp-container-core-columns-is-layout-8f761849 wp-block-columns-is-layout-flex\" style=\"background-color:#fef0c3\">\n<div class=\"wp-block-column texte_planif is-layout-flow wp-block-column-is-layout-flow\" style=\"font-size:14px;flex-basis:60%\">\n<p class=\"option_titre2 wp-block-paragraph\" style=\"font-size:16px\">As nossas selec\u00e7\u00f5es independentes para o ajudar a encontrar <strong>o alojamento dos seus sonhos<\/strong>:<\/p>\n\n\n\n<ul class=\"wp-block-list ul_box\">\n<li style=\"font-size:14px\"><a href=\"https:\/\/canarias-lovers.com\/pt-pt\/onde-ficar-grao-canaria-melhores-destinos\/\" target=\"_blank\" rel=\"noreferrer noopener\">Onde ficar na Gran Canaria<\/a><\/li>\n\n\n\n<li style=\"font-size:14px\">O nosso favorito: <a href=\"https:\/\/www.booking.com\/hotel\/es\/marina-suites.html?aid=2421274\" target=\"_blank\" rel=\"noreferrer noopener sponsored nofollow\">Hotel Marina Suites<\/a><\/li>\n<\/ul>\n\n\n\n<p class=\"wp-block-paragraph\" style=\"font-size:16px\"><strong>Escolha por tipo de hotel:<\/strong><\/p>\n\n\n\n<ul class=\"wp-block-list ul_box\">\n<li style=\"font-size:14px\"><a href=\"https:\/\/canarias-lovers.com\/pt-pt\/melhores-hoteis-5-estrelas-gran-canaria-luxo-opinioes\/\" target=\"_blank\" rel=\"noreferrer noopener\">Hot\u00e9is de 5 estrelas<\/a><\/li>\n\n\n\n<li style=\"font-size:14px\"><a href=\"https:\/\/canarias-lovers.com\/pt-pt\/melhores-hoteis-boutique-gran-canaria-charme\/\" target=\"_blank\" rel=\"noreferrer noopener\">Os melhores hot\u00e9is boutique<\/a><\/li>\n\n\n\n<li style=\"font-size:14px\"><a href=\"https:\/\/canarias-lovers.com\/pt-pt\/melhores-hoteis-so-para-adultos-gran-canaria\/\" target=\"_blank\" rel=\"noreferrer noopener\">Os melhores hot\u00e9is s\u00f3 para adultos<\/a><\/li>\n\n\n\n<li style=\"font-size:14px\">Os melhores hot\u00e9is com tudo inclu\u00eddo (em breve)<\/li>\n\n\n\n<li style=\"font-size:14px\"><a href=\"https:\/\/canarias-lovers.com\/pt-pt\/melhores-hoteis-familias-gran-canaria-criancas-opinioes\/\" target=\"_blank\" rel=\"noreferrer noopener\">Os melhores hot\u00e9is para fam\u00edlias<\/a><\/li>\n<\/ul>\n\n\n\n<p class=\"wp-block-paragraph\" style=\"font-size:16px\"><strong>Selecione por cidade:<\/strong><\/p>\n\n\n\n<ul class=\"wp-block-list\">\n<li style=\"font-size:14px\"><a href=\"https:\/\/canarias-lovers.com\/pt-pt\/onde-ficar-las-palmas-gran-canaria-melhores-hoteis-bairros\/\" target=\"_blank\" rel=\"noreferrer noopener\">Os melhores hot\u00e9is em Las Palmas de Gran Canaria<\/a><\/li>\n\n\n\n<li style=\"font-size:14px\"><a href=\"https:\/\/canarias-lovers.com\/pt-pt\/onde-ficar-maspalomas-melhores-hoteis-bairros\/\" target=\"_blank\" rel=\"noreferrer noopener\">Melhores hot\u00e9is em Masplomas<\/a><\/li>\n\n\n\n<li style=\"font-size:14px\"><a href=\"https:\/\/canarias-lovers.com\/pt-pt\/onde-dormir-playa-del-ingles-gran-canaria-best-hotels\/\" target=\"_blank\" rel=\"noreferrer noopener\">Melhores hot\u00e9is em Playa del Ingles<\/a><\/li>\n\n\n\n<li style=\"font-size:14px\"><a href=\"https:\/\/canarias-lovers.com\/pt-pt\/onde-ficar-puerto-rico-gran-canaria-melhores-hoteis-bairros\/\" target=\"_blank\" rel=\"noreferrer noopener\">Os melhores hot\u00e9is em Porto Rico<\/a><\/li>\n\n\n\n<li style=\"font-size:14px\"><a href=\"https:\/\/canarias-lovers.com\/pt-pt\/onde-ficar-puerto-mogan-melhores-hoteis-bairros\/\" target=\"_blank\" rel=\"noreferrer noopener\">Melhores hot\u00e9is em Puerto de Mogan<\/a><\/li>\n\n\n\n<li style=\"font-size:14px\"><a href=\"https:\/\/canarias-lovers.com\/pt-pt\/meilleurs-hotels-5-etoiles-meloneras-luxe-avis-2\/\" target=\"_blank\" rel=\"noreferrer noopener\">Hotel de 5 estrelas em Meloneras<\/a><\/li>\n<\/ul>\n<\/div>\n\n\n\n<div class=\"wp-block-column is-vertically-aligned-top planif-radius is-layout-flow wp-block-column-is-layout-flow\" style=\"flex-basis:40%\">\n<figure class=\"wp-block-image size-large img-portrait\"><img decoding=\"async\" src=\"https:\/\/photos.smugmug.com\/Canarias-Lovers\/Gran-Canaria\/Puerto-Rico\/Hotel-Marina-Suites\/i-wMm7CH4\/0\/FdXHP96thzS3vRrTp3H2F4hh8q7cKtZg5BpKMDFBB\/S\/Hotel-marina-suites-pool-2-S.jpg\" alt=\"piscina do hotel\" title=\"\"\/><\/figure>\n<\/div>\n<\/div>\n<\/div><\/div><\/div>\n\n<div style=\"margin-top:8%;margin-bottom:8%\" class=\"wp-block-genesis-blocks-gb-container box gb-block-container\"><div class=\"gb-container-inside\"><div class=\"gb-container-content\" style=\"max-width:700px\">\n<div class=\"wp-block-genesis-blocks-gb-container box_titre gb-block-container\"><div class=\"gb-container-inside\"><div class=\"gb-container-content\">\n<h5 class=\"titre_box\"><span>PLANEAR<\/span> A SUA VIAGEM PARA <span class=\"titre_box_manuscrit\">gran canaria<\/span><\/h5>\n<\/div><\/div><\/div>\n\n\n\n<hr class=\"wp-block-separator has-text-color has-alpha-channel-opacity has-background is-style-wide hr-box-planif\" style=\"background-color:#ccd3dd;color:#ccd3dd\"\/>\n\n\n\n<div class=\"wp-block-columns box_sans_border is-layout-flex wp-container-core-columns-is-layout-8f761849 wp-block-columns-is-layout-flex\">\n<div class=\"wp-block-column texte_planif is-layout-flow wp-block-column-is-layout-flow\" style=\"font-size:14px;flex-basis:60%\">\n<ul class=\"wp-block-list\">\n<li><strong>Best-of<\/strong><\/li>\n<\/ul>\n\n\n\n<p class=\"ul_box wp-block-paragraph\" style=\"font-size:14px\"><a href=\"https:\/\/canarias-lovers.com\/pt-pt\/o-que-fazer-gran-canaria-visita\/\" target=\"_blank\" rel=\"noreferrer noopener\">O que fazer em Gran Canaria<\/a><br\/><a href=\"https:\/\/canarias-lovers.com\/pt-pt\/paisagens-granadas-canarias-fotos\/\" target=\"_blank\" rel=\"noreferrer noopener\">As mais belas paisagens<\/a><br\/><a href=\"https:\/\/canarias-lovers.com\/pt-pt\/cidades-mais-bonitas-vilas-de-gran-canarias\/\" target=\"_blank\" rel=\"noreferrer noopener\">As cidades e aldeias mais bonitas<\/a><br\/><a href=\"https:\/\/canarias-lovers.com\/pt-pt\/mais-belezas-praias-gran-canaria\/\" target=\"_blank\" rel=\"noreferrer noopener\">As praias mais bonitas<\/a><br\/><a href=\"https:\/\/canarias-lovers.com\/pt-pt\/piscinas-naturais-granjas-canarias-lagunas\/\" target=\"_blank\" rel=\"noreferrer noopener\">As melhores piscinas naturais<\/a><br\/><a href=\"https:\/\/canarias-lovers.com\/pt-pt\/sitios-arqueologicos-gran-canaria\/\" target=\"_blank\" rel=\"noreferrer noopener\">S\u00edtios arqueol\u00f3gicos<\/a><br\/><a href=\"https:\/\/canarias-lovers.com\/pt-pt\/melhores-museus-gran-canaria\/\" target=\"_blank\" rel=\"noreferrer noopener\">Os melhores museus<\/a><br\/><a href=\"https:\/\/canarias-lovers.com\/pt-pt\/meilleures-excursions-bateau-gran-canaria-2\/\" target=\"_blank\" rel=\"noreferrer noopener\">Os melhores passeios de barco<\/a><br\/><a href=\"https:\/\/canarias-lovers.com\/pt-pt\/locais-secretos-gran-canaria\/\" target=\"_blank\" rel=\"noreferrer noopener\">Lugares secretos, fora dos circuitos habituais<\/a><\/p>\n<\/div>\n\n\n\n<div class=\"wp-block-column is-vertically-aligned-top planif-radius is-layout-flow wp-block-column-is-layout-flow\" style=\"flex-basis:40%\">\n<figure class=\"wp-block-image size-large img-portrait\"><img decoding=\"async\" src=\"https:\/\/photos.smugmug.com\/Canarias-Lovers\/Gran-Canaria\/Best-of\/i-8qV2fwm\/0\/98eb2a07\/S\/Roque-Nublo-S.jpg\" alt=\"Roque Nublo\" title=\"\"\/><\/figure>\n<\/div>\n<\/div>\n\n\n\n<hr class=\"wp-block-separator has-text-color has-alpha-channel-opacity has-background is-style-wide hr-box-planif\" style=\"background-color:#ccd3dd;color:#ccd3dd\"\/>\n\n\n\n<div class=\"wp-block-columns box_sans_border is-layout-flex wp-container-core-columns-is-layout-8f761849 wp-block-columns-is-layout-flex\">\n<div class=\"wp-block-column texte_planif is-layout-flow wp-block-column-is-layout-flow\" style=\"flex-basis:60%\">\n<ul class=\"wp-block-list\">\n<li><strong>Conselhos pr\u00e1ticos<\/strong><\/li>\n<\/ul>\n\n\n\n<p class=\"wp-block-paragraph\" style=\"font-size:14px\"><a href=\"https:\/\/canarias-lovers.com\/pt-pt\/guia-viagem-gran-canaria-dicas\/\" target=\"_blank\" rel=\"noreferrer noopener\">25 conselhos para uma viagem bem sucedida \u00e0 Gran Canaria<\/a><br\/><a href=\"https:\/\/canarias-lovers.com\/pt-pt\/quando-ir-gran-canaria-melhor-epoca-tempo\/\" target=\"_blank\" rel=\"noreferrer noopener\">Quando \u00e9 que deve partir?<\/a><\/p>\n\n\n\n<p class=\"wp-block-paragraph\" style=\"font-size:14px\"><a href=\"https:\/\/canarias-lovers.com\/pt-pt\/deslocar-gran-canaria-transportes\/\" target=\"_blank\" rel=\"noreferrer noopener\">Como se deslocar<\/a><br\/><a href=\"https:\/\/canarias-lovers.com\/pt-pt\/como-alugar-um-carro-gran-canaria-experiencias\/\" target=\"_blank\" rel=\"noreferrer noopener\">Como alugar um carro em Gran Canaria<\/a><br\/><a href=\"https:\/\/canarias-lovers.com\/pt-pt\/conduzir-gran-canaria-conselhos\/\" target=\"_blank\" rel=\"noreferrer noopener\">Conselhos de condu\u00e7\u00e3o<\/a><br\/><a href=\"https:\/\/canarias-lovers.com\/pt-pt\/meilleures-excursions-gran-canaria-2\/\" target=\"_blank\" rel=\"noreferrer noopener\">As melhores excurs\u00f5es<\/a><\/p>\n\n\n\n<p class=\"wp-block-paragraph\" style=\"font-size:14px\">Itiner\u00e1rios: 3 dias &#8211; 4 dias &#8211; <a href=\"https:\/\/canarias-lovers.com\/pt-pt\/visitar-5-dias-gran-canaria-itinerario\/\" target=\"_blank\" rel=\"noreferrer noopener\">5 dias<\/a> &#8211; <a href=\"https:\/\/canarias-lovers.com\/pt-pt\/visitar-6-dias-gran-canaria-itinerario\/\" target=\"_blank\" rel=\"noreferrer noopener\">6 dias<\/a> &#8211; <a href=\"https:\/\/canarias-lovers.com\/pt-pt\/visitar-gran-canaria-uma-semana-itinerario\/\" target=\"_blank\" rel=\"noreferrer noopener\">7 dias<\/a> &#8211; <a href=\"https:\/\/canarias-lovers.com\/pt-pt\/visitar-10-dias-gran-canaria-itinerario\/\" target=\"_blank\" rel=\"noreferrer noopener\">10 dias<\/a><\/p>\n\n\n\n<p class=\"wp-block-paragraph\" style=\"font-size:14px\"><a href=\"https:\/\/canarias-lovers.com\/pt-pt\/onde-ficar-grao-canaria-melhores-destinos\/\" target=\"_blank\" rel=\"noreferrer noopener\">Onde ficar na Gran Canaria<\/a><\/p>\n<\/div>\n\n\n\n<div class=\"wp-block-column is-vertically-aligned-top planif-radius is-layout-flow wp-block-column-is-layout-flow\" style=\"flex-basis:40%\">\n<figure class=\"wp-block-image size-large img-portrait\"><img decoding=\"async\" src=\"https:\/\/photos.smugmug.com\/Canarias-Lovers\/Gran-Canaria\/Driving\/i-rqnNnCs\/1\/4b657343\/S\/gran-Canaria-rental-car-driving-3-S.jpg\" alt=\"Aluguer de autom&#xF3;veis em Gran Canaria\" title=\"\"\/><\/figure>\n<\/div>\n<\/div>\n\n\n\n<hr class=\"wp-block-separator has-text-color has-alpha-channel-opacity has-background is-style-wide hr-box-planif\" style=\"background-color:#ccd3dd;color:#ccd3dd\"\/>\n\n\n\n<div class=\"wp-block-columns box_sans_border is-layout-flex wp-container-core-columns-is-layout-8f761849 wp-block-columns-is-layout-flex\">\n<div class=\"wp-block-column texte_planif is-layout-flow wp-block-column-is-layout-flow\" style=\"flex-basis:60%\">\n<ul class=\"wp-block-list\">\n<li><strong>O que n\u00e3o pode faltar<\/strong><\/li>\n<\/ul>\n\n\n\n<p class=\"wp-block-paragraph\" style=\"font-size:14px\"><a href=\"https:\/\/canarias-lovers.com\/pt-pt\/o-que-fazer-las-palmas-gran-canaria-visitar\/\" target=\"_blank\" rel=\"noreferrer noopener\">Las Palmas e o seu centro hist\u00f3rico<\/a><br\/><a href=\"https:\/\/canarias-lovers.com\/pt-pt\/excursoes-golfinhos-gran-canaria-baleeiras\/\" target=\"_blank\" rel=\"noreferrer noopener\">Observa\u00e7\u00e3o de golfinhos na Gran Canaria<\/a><br\/><a href=\"https:\/\/canarias-lovers.com\/pt-pt\/dunes-maspalomas-gran-canaria-2\/\" target=\"_blank\" rel=\"noreferrer noopener\">Dunas de Maspalomas<\/a><br\/><a href=\"https:\/\/canarias-lovers.com\/pt-pt\/o-que-fazer-puerto-mogan-visita\/\" target=\"_blank\" rel=\"noreferrer noopener\">Puerto de Mogan (Pequena Veneza)<\/a><br\/><a href=\"https:\/\/canarias-lovers.com\/pt-pt\/o-que-fazer-agaete-visita\/\" target=\"_blank\" rel=\"noreferrer noopener\">Agaete e as suas piscinas naturais<\/a><br\/><a href=\"https:\/\/canarias-lovers.com\/pt-pt\/o-que-fazer-aguimes-gran-canaria-visitar\/\" target=\"_blank\" rel=\"noreferrer noopener\">A magn\u00edfica cidade de Ag\u00fcimes<\/a><br\/><\/p>\n<\/div>\n\n\n\n<div class=\"wp-block-column is-vertically-aligned-top planif-radius is-layout-flow wp-block-column-is-layout-flow\" style=\"flex-basis:40%\">\n<figure class=\"wp-block-image size-large img-portrait\"><img decoding=\"async\" src=\"https:\/\/photos.smugmug.com\/Canarias-Lovers\/Gran-Canaria\/Best-of\/i-wqpn8vC\/0\/85607396\/S\/Gran-Canaria-dolphins-S.jpg\" alt=\"Golfinho na Gran Canaria\" title=\"\"\/><\/figure>\n<\/div>\n<\/div>\n\n\n\n<div style=\"height:30px\" aria-hidden=\"true\" class=\"wp-block-spacer\"><\/div>\n<\/div><\/div><\/div>\n\n<div class=\"wp-block-genesis-blocks-gb-container box_auteur_voyage gb-block-container\"><div class=\"gb-container-inside\"><div class=\"gb-container-content\">\n<figure class=\"wp-block-image size-large img_auteur_voyage img_provisoire\"><img decoding=\"async\" src=\"https:\/\/photos.smugmug.com\/Region-Lovers\/Equipe\/i-nsNF6C6\/0\/Cs2F5n96pkt9xFD9D3SVqmQspMhrKgN75nHgBqmjG\/L\/Claire-L.png\" alt=\"\"\/><\/figure>\n\n\n\n<h5 class=\"titre_auteur_voyage\"><span>ELA FEZ A VIAGEM E ESCREVEU O ARTIGO \n <\/span><span class=\"titre_box_manuscrit\">Claire<\/span><\/h5>\n<\/div><\/div><\/div>\n","protected":false},"excerpt":{"rendered":"<p>O Mirador del Balc\u00f3n ergue-se sobre as fal\u00e9sias vulc\u00e2nicas da estrada do And\u00e9n Verde, na costa noroeste da Gran Canaria. Ficamos impressionados com esta plataforma de vidro suspensa no vazio, uma experi\u00eancia t\u00e3o espetacular quanto um pouco vertiginosa. Todas as nossas sugest\u00f5es para visitar o Mirador del Balc\u00f3n, na estrada do And\u00e9n Verde, na Gran [&hellip;]<\/p>\n","protected":false},"author":1,"featured_media":10072,"comment_status":"closed","ping_status":"closed","sticky":false,"template":"","format":"standard","meta":{"_acf_changed":false,"_genesis_hide_title":false,"_genesis_hide_breadcrumbs":false,"_genesis_hide_singular_image":false,"_genesis_hide_footer_widgets":false,"_genesis_custom_body_class":"","_genesis_custom_post_class":"","_genesis_layout":"","footnotes":""},"categories":[44],"tags":[],"class_list":["post-10089","post","type-post","status-publish","format-standard","has-post-thumbnail","category-gran-canaria-pt","entry"],"acf":[],"yoast_head":"<!-- This site is optimized with the Yoast SEO plugin v28.3 - https:\/\/yoast.com\/product\/yoast-seo-wordpress\/ -->\n<title>Mirador del Balc\u00f3n (Grande Can\u00e1ria): acesso + fotografias<\/title>\n<meta name=\"description\" content=\"Opini\u00f5es e conselhos para apreciar a vista no Mirador del Balc\u00f3n (Gran Canaria): acesso, estacionamento, o que ver...\" \/>\n<meta name=\"robots\" content=\"index, follow, max-snippet:-1, max-image-preview:large, max-video-preview:-1\" \/>\n<link rel=\"canonical\" href=\"https:\/\/canarias-lovers.com\/pt-pt\/mirador-del-balcon-gran-canaria\/\" \/>\n<meta property=\"og:locale\" content=\"pt_PT\" \/>\n<meta property=\"og:type\" content=\"article\" \/>\n<meta property=\"og:title\" content=\"Mirador del Balc\u00f3n (Grande Can\u00e1ria): acesso + fotografias\" \/>\n<meta property=\"og:description\" content=\"Opini\u00f5es e conselhos para apreciar a vista no Mirador del Balc\u00f3n (Gran Canaria): acesso, estacionamento, o que ver...\" \/>\n<meta property=\"og:url\" content=\"https:\/\/canarias-lovers.com\/pt-pt\/mirador-del-balcon-gran-canaria\/\" \/>\n<meta property=\"og:site_name\" content=\"Canarias Lovers: Tenerife + Gran Canaria\" \/>\n<meta property=\"article:published_time\" content=\"2026-07-13T18:02:00+00:00\" \/>\n<meta property=\"article:modified_time\" content=\"2026-07-13T18:24:48+00:00\" \/>\n<meta property=\"og:image\" content=\"https:\/\/canarias-lovers.com\/wp-content\/uploads\/2026\/07\/Mirador-del-Balcon-Gran-Canaria.jpg\" \/>\n\t<meta property=\"og:image:width\" content=\"800\" \/>\n\t<meta property=\"og:image:height\" content=\"600\" \/>\n\t<meta property=\"og:image:type\" content=\"image\/jpeg\" \/>\n<meta name=\"author\" content=\"Claire\" \/>\n<meta name=\"twitter:card\" content=\"summary_large_image\" \/>\n<meta name=\"twitter:label1\" content=\"Escrito por\" \/>\n\t<meta name=\"twitter:data1\" content=\"Claire\" \/>\n\t<meta name=\"twitter:label2\" content=\"Tempo estimado de leitura\" \/>\n\t<meta name=\"twitter:data2\" content=\"4 minutos\" \/>\n<script type=\"application\/ld+json\" class=\"yoast-schema-graph\">{\"@context\":\"https:\\\/\\\/schema.org\",\"@graph\":[{\"@type\":\"Article\",\"@id\":\"https:\\\/\\\/canarias-lovers.com\\\/pt-pt\\\/mirador-del-balcon-gran-canaria\\\/#article\",\"isPartOf\":{\"@id\":\"https:\\\/\\\/canarias-lovers.com\\\/pt-pt\\\/mirador-del-balcon-gran-canaria\\\/\"},\"author\":{\"name\":\"Claire\",\"@id\":\"https:\\\/\\\/canarias-lovers.com\\\/pt-pt\\\/#\\\/schema\\\/person\\\/4cfe633189ad64b99c9609bed2b00d55\"},\"headline\":\"Mirador del Balc\u00f3n (Grande Can\u00e1ria): acesso + fotografias\",\"datePublished\":\"2026-07-13T18:02:00+00:00\",\"dateModified\":\"2026-07-13T18:24:48+00:00\",\"mainEntityOfPage\":{\"@id\":\"https:\\\/\\\/canarias-lovers.com\\\/pt-pt\\\/mirador-del-balcon-gran-canaria\\\/\"},\"wordCount\":847,\"publisher\":{\"@id\":\"https:\\\/\\\/canarias-lovers.com\\\/pt-pt\\\/#organization\"},\"image\":{\"@id\":\"https:\\\/\\\/canarias-lovers.com\\\/pt-pt\\\/mirador-del-balcon-gran-canaria\\\/#primaryimage\"},\"thumbnailUrl\":\"https:\\\/\\\/canarias-lovers.com\\\/wp-content\\\/uploads\\\/2026\\\/07\\\/Mirador-del-Balcon-Gran-Canaria.jpg\",\"articleSection\":[\"Gran Canaria\"],\"inLanguage\":\"pt-PT\"},{\"@type\":\"WebPage\",\"@id\":\"https:\\\/\\\/canarias-lovers.com\\\/pt-pt\\\/mirador-del-balcon-gran-canaria\\\/\",\"url\":\"https:\\\/\\\/canarias-lovers.com\\\/pt-pt\\\/mirador-del-balcon-gran-canaria\\\/\",\"name\":\"Mirador del Balc\u00f3n (Grande Can\u00e1ria): acesso + fotografias\",\"isPartOf\":{\"@id\":\"https:\\\/\\\/canarias-lovers.com\\\/pt-pt\\\/#website\"},\"primaryImageOfPage\":{\"@id\":\"https:\\\/\\\/canarias-lovers.com\\\/pt-pt\\\/mirador-del-balcon-gran-canaria\\\/#primaryimage\"},\"image\":{\"@id\":\"https:\\\/\\\/canarias-lovers.com\\\/pt-pt\\\/mirador-del-balcon-gran-canaria\\\/#primaryimage\"},\"thumbnailUrl\":\"https:\\\/\\\/canarias-lovers.com\\\/wp-content\\\/uploads\\\/2026\\\/07\\\/Mirador-del-Balcon-Gran-Canaria.jpg\",\"datePublished\":\"2026-07-13T18:02:00+00:00\",\"dateModified\":\"2026-07-13T18:24:48+00:00\",\"description\":\"Opini\u00f5es e conselhos para apreciar a vista no Mirador del Balc\u00f3n (Gran Canaria): acesso, estacionamento, o que ver...\",\"breadcrumb\":{\"@id\":\"https:\\\/\\\/canarias-lovers.com\\\/pt-pt\\\/mirador-del-balcon-gran-canaria\\\/#breadcrumb\"},\"inLanguage\":\"pt-PT\",\"potentialAction\":[{\"@type\":\"ReadAction\",\"target\":[\"https:\\\/\\\/canarias-lovers.com\\\/pt-pt\\\/mirador-del-balcon-gran-canaria\\\/\"]}]},{\"@type\":\"ImageObject\",\"inLanguage\":\"pt-PT\",\"@id\":\"https:\\\/\\\/canarias-lovers.com\\\/pt-pt\\\/mirador-del-balcon-gran-canaria\\\/#primaryimage\",\"url\":\"https:\\\/\\\/canarias-lovers.com\\\/wp-content\\\/uploads\\\/2026\\\/07\\\/Mirador-del-Balcon-Gran-Canaria.jpg\",\"contentUrl\":\"https:\\\/\\\/canarias-lovers.com\\\/wp-content\\\/uploads\\\/2026\\\/07\\\/Mirador-del-Balcon-Gran-Canaria.jpg\",\"width\":800,\"height\":600,\"caption\":\"Mirador del Balcon Gran Canaria\"},{\"@type\":\"BreadcrumbList\",\"@id\":\"https:\\\/\\\/canarias-lovers.com\\\/pt-pt\\\/mirador-del-balcon-gran-canaria\\\/#breadcrumb\",\"itemListElement\":[{\"@type\":\"ListItem\",\"position\":1,\"name\":\"In\u00edcio\",\"item\":\"https:\\\/\\\/canarias-lovers.com\\\/pt-pt\\\/\"},{\"@type\":\"ListItem\",\"position\":2,\"name\":\"Gran Canaria\",\"item\":\"https:\\\/\\\/canarias-lovers.com\\\/pt-pt\\\/gran-canaria-pt\\\/\"},{\"@type\":\"ListItem\",\"position\":3,\"name\":\"Mirador del Balc\u00f3n (Grande Can\u00e1ria): acesso + fotografias\"}]},{\"@type\":\"WebSite\",\"@id\":\"https:\\\/\\\/canarias-lovers.com\\\/pt-pt\\\/#website\",\"url\":\"https:\\\/\\\/canarias-lovers.com\\\/pt-pt\\\/\",\"name\":\"Canarias Lovers: Tenerife + Gran Canaria\",\"description\":\"Blogue da Claire e da Manu\",\"publisher\":{\"@id\":\"https:\\\/\\\/canarias-lovers.com\\\/pt-pt\\\/#organization\"},\"potentialAction\":[{\"@type\":\"SearchAction\",\"target\":{\"@type\":\"EntryPoint\",\"urlTemplate\":\"https:\\\/\\\/canarias-lovers.com\\\/pt-pt\\\/?s={search_term_string}\"},\"query-input\":{\"@type\":\"PropertyValueSpecification\",\"valueRequired\":true,\"valueName\":\"search_term_string\"}}],\"inLanguage\":\"pt-PT\"},{\"@type\":\"Organization\",\"@id\":\"https:\\\/\\\/canarias-lovers.com\\\/pt-pt\\\/#organization\",\"name\":\"Canarias Lovers: Tenerife + Gran Canaria\",\"url\":\"https:\\\/\\\/canarias-lovers.com\\\/pt-pt\\\/\",\"logo\":{\"@type\":\"ImageObject\",\"inLanguage\":\"pt-PT\",\"@id\":\"https:\\\/\\\/canarias-lovers.com\\\/pt-pt\\\/#\\\/schema\\\/logo\\\/image\\\/\",\"url\":\"https:\\\/\\\/canarias-lovers.com\\\/wp-content\\\/uploads\\\/2024\\\/05\\\/cropped-Canarias-Lovers-Logo.png\",\"contentUrl\":\"https:\\\/\\\/canarias-lovers.com\\\/wp-content\\\/uploads\\\/2024\\\/05\\\/cropped-Canarias-Lovers-Logo.png\",\"width\":2635,\"height\":595,\"caption\":\"Canarias Lovers: Tenerife + Gran Canaria\"},\"image\":{\"@id\":\"https:\\\/\\\/canarias-lovers.com\\\/pt-pt\\\/#\\\/schema\\\/logo\\\/image\\\/\"}},{\"@type\":\"Person\",\"@id\":\"https:\\\/\\\/canarias-lovers.com\\\/pt-pt\\\/#\\\/schema\\\/person\\\/4cfe633189ad64b99c9609bed2b00d55\",\"name\":\"Claire\",\"image\":{\"@type\":\"ImageObject\",\"inLanguage\":\"pt-PT\",\"@id\":\"https:\\\/\\\/secure.gravatar.com\\\/avatar\\\/53c353c843050f9265c9a68901a74b6613f3f04e343e64cbba45c5b031ea079b?s=96&d=mm&r=g\",\"url\":\"https:\\\/\\\/secure.gravatar.com\\\/avatar\\\/53c353c843050f9265c9a68901a74b6613f3f04e343e64cbba45c5b031ea079b?s=96&d=mm&r=g\",\"contentUrl\":\"https:\\\/\\\/secure.gravatar.com\\\/avatar\\\/53c353c843050f9265c9a68901a74b6613f3f04e343e64cbba45c5b031ea079b?s=96&d=mm&r=g\",\"caption\":\"Claire\"},\"sameAs\":[\"https:\\\/\\\/canarias-lovers.com\\\/claire-robinson\\\/\"],\"url\":\"https:\\\/\\\/canarias-lovers.com\\\/pt-pt\\\/author\\\/canariaslover2\\\/\"}]}<\/script>\n<!-- \/ Yoast SEO plugin. -->","yoast_head_json":{"title":"Mirador del Balc\u00f3n (Grande Can\u00e1ria): acesso + fotografias","description":"Opini\u00f5es e conselhos para apreciar a vista no Mirador del Balc\u00f3n (Gran Canaria): acesso, estacionamento, o que ver...","robots":{"index":"index","follow":"follow","max-snippet":"max-snippet:-1","max-image-preview":"max-image-preview:large","max-video-preview":"max-video-preview:-1"},"canonical":"https:\/\/canarias-lovers.com\/pt-pt\/mirador-del-balcon-gran-canaria\/","og_locale":"pt_PT","og_type":"article","og_title":"Mirador del Balc\u00f3n (Grande Can\u00e1ria): acesso + fotografias","og_description":"Opini\u00f5es e conselhos para apreciar a vista no Mirador del Balc\u00f3n (Gran Canaria): acesso, estacionamento, o que ver...","og_url":"https:\/\/canarias-lovers.com\/pt-pt\/mirador-del-balcon-gran-canaria\/","og_site_name":"Canarias Lovers: Tenerife + Gran Canaria","article_published_time":"2026-07-13T18:02:00+00:00","article_modified_time":"2026-07-13T18:24:48+00:00","og_image":[{"width":800,"height":600,"url":"https:\/\/canarias-lovers.com\/wp-content\/uploads\/2026\/07\/Mirador-del-Balcon-Gran-Canaria.jpg","type":"image\/jpeg"}],"author":"Claire","twitter_card":"summary_large_image","twitter_misc":{"Escrito por":"Claire","Tempo estimado de leitura":"4 minutos"},"schema":{"@context":"https:\/\/schema.org","@graph":[{"@type":"Article","@id":"https:\/\/canarias-lovers.com\/pt-pt\/mirador-del-balcon-gran-canaria\/#article","isPartOf":{"@id":"https:\/\/canarias-lovers.com\/pt-pt\/mirador-del-balcon-gran-canaria\/"},"author":{"name":"Claire","@id":"https:\/\/canarias-lovers.com\/pt-pt\/#\/schema\/person\/4cfe633189ad64b99c9609bed2b00d55"},"headline":"Mirador del Balc\u00f3n (Grande Can\u00e1ria): acesso + fotografias","datePublished":"2026-07-13T18:02:00+00:00","dateModified":"2026-07-13T18:24:48+00:00","mainEntityOfPage":{"@id":"https:\/\/canarias-lovers.com\/pt-pt\/mirador-del-balcon-gran-canaria\/"},"wordCount":847,"publisher":{"@id":"https:\/\/canarias-lovers.com\/pt-pt\/#organization"},"image":{"@id":"https:\/\/canarias-lovers.com\/pt-pt\/mirador-del-balcon-gran-canaria\/#primaryimage"},"thumbnailUrl":"https:\/\/canarias-lovers.com\/wp-content\/uploads\/2026\/07\/Mirador-del-Balcon-Gran-Canaria.jpg","articleSection":["Gran Canaria"],"inLanguage":"pt-PT"},{"@type":"WebPage","@id":"https:\/\/canarias-lovers.com\/pt-pt\/mirador-del-balcon-gran-canaria\/","url":"https:\/\/canarias-lovers.com\/pt-pt\/mirador-del-balcon-gran-canaria\/","name":"Mirador del Balc\u00f3n (Grande Can\u00e1ria): acesso + fotografias","isPartOf":{"@id":"https:\/\/canarias-lovers.com\/pt-pt\/#website"},"primaryImageOfPage":{"@id":"https:\/\/canarias-lovers.com\/pt-pt\/mirador-del-balcon-gran-canaria\/#primaryimage"},"image":{"@id":"https:\/\/canarias-lovers.com\/pt-pt\/mirador-del-balcon-gran-canaria\/#primaryimage"},"thumbnailUrl":"https:\/\/canarias-lovers.com\/wp-content\/uploads\/2026\/07\/Mirador-del-Balcon-Gran-Canaria.jpg","datePublished":"2026-07-13T18:02:00+00:00","dateModified":"2026-07-13T18:24:48+00:00","description":"Opini\u00f5es e conselhos para apreciar a vista no Mirador del Balc\u00f3n (Gran Canaria): acesso, estacionamento, o que ver...","breadcrumb":{"@id":"https:\/\/canarias-lovers.com\/pt-pt\/mirador-del-balcon-gran-canaria\/#breadcrumb"},"inLanguage":"pt-PT","potentialAction":[{"@type":"ReadAction","target":["https:\/\/canarias-lovers.com\/pt-pt\/mirador-del-balcon-gran-canaria\/"]}]},{"@type":"ImageObject","inLanguage":"pt-PT","@id":"https:\/\/canarias-lovers.com\/pt-pt\/mirador-del-balcon-gran-canaria\/#primaryimage","url":"https:\/\/canarias-lovers.com\/wp-content\/uploads\/2026\/07\/Mirador-del-Balcon-Gran-Canaria.jpg","contentUrl":"https:\/\/canarias-lovers.com\/wp-content\/uploads\/2026\/07\/Mirador-del-Balcon-Gran-Canaria.jpg","width":800,"height":600,"caption":"Mirador del Balcon Gran Canaria"},{"@type":"BreadcrumbList","@id":"https:\/\/canarias-lovers.com\/pt-pt\/mirador-del-balcon-gran-canaria\/#breadcrumb","itemListElement":[{"@type":"ListItem","position":1,"name":"In\u00edcio","item":"https:\/\/canarias-lovers.com\/pt-pt\/"},{"@type":"ListItem","position":2,"name":"Gran Canaria","item":"https:\/\/canarias-lovers.com\/pt-pt\/gran-canaria-pt\/"},{"@type":"ListItem","position":3,"name":"Mirador del Balc\u00f3n (Grande Can\u00e1ria): acesso + fotografias"}]},{"@type":"WebSite","@id":"https:\/\/canarias-lovers.com\/pt-pt\/#website","url":"https:\/\/canarias-lovers.com\/pt-pt\/","name":"Canarias Lovers: Tenerife + Gran Canaria","description":"Blogue da Claire e da Manu","publisher":{"@id":"https:\/\/canarias-lovers.com\/pt-pt\/#organization"},"potentialAction":[{"@type":"SearchAction","target":{"@type":"EntryPoint","urlTemplate":"https:\/\/canarias-lovers.com\/pt-pt\/?s={search_term_string}"},"query-input":{"@type":"PropertyValueSpecification","valueRequired":true,"valueName":"search_term_string"}}],"inLanguage":"pt-PT"},{"@type":"Organization","@id":"https:\/\/canarias-lovers.com\/pt-pt\/#organization","name":"Canarias Lovers: Tenerife + Gran Canaria","url":"https:\/\/canarias-lovers.com\/pt-pt\/","logo":{"@type":"ImageObject","inLanguage":"pt-PT","@id":"https:\/\/canarias-lovers.com\/pt-pt\/#\/schema\/logo\/image\/","url":"https:\/\/canarias-lovers.com\/wp-content\/uploads\/2024\/05\/cropped-Canarias-Lovers-Logo.png","contentUrl":"https:\/\/canarias-lovers.com\/wp-content\/uploads\/2024\/05\/cropped-Canarias-Lovers-Logo.png","width":2635,"height":595,"caption":"Canarias Lovers: Tenerife + Gran Canaria"},"image":{"@id":"https:\/\/canarias-lovers.com\/pt-pt\/#\/schema\/logo\/image\/"}},{"@type":"Person","@id":"https:\/\/canarias-lovers.com\/pt-pt\/#\/schema\/person\/4cfe633189ad64b99c9609bed2b00d55","name":"Claire","image":{"@type":"ImageObject","inLanguage":"pt-PT","@id":"https:\/\/secure.gravatar.com\/avatar\/53c353c843050f9265c9a68901a74b6613f3f04e343e64cbba45c5b031ea079b?s=96&d=mm&r=g","url":"https:\/\/secure.gravatar.com\/avatar\/53c353c843050f9265c9a68901a74b6613f3f04e343e64cbba45c5b031ea079b?s=96&d=mm&r=g","contentUrl":"https:\/\/secure.gravatar.com\/avatar\/53c353c843050f9265c9a68901a74b6613f3f04e343e64cbba45c5b031ea079b?s=96&d=mm&r=g","caption":"Claire"},"sameAs":["https:\/\/canarias-lovers.com\/claire-robinson\/"],"url":"https:\/\/canarias-lovers.com\/pt-pt\/author\/canariaslover2\/"}]}},"featured_image_src":"https:\/\/canarias-lovers.com\/wp-content\/uploads\/2026\/07\/Mirador-del-Balcon-Gran-Canaria-600x400.jpg","featured_image_src_square":"https:\/\/canarias-lovers.com\/wp-content\/uploads\/2026\/07\/Mirador-del-Balcon-Gran-Canaria-600x600.jpg","author_info":{"display_name":"Claire","author_link":"https:\/\/canarias-lovers.com\/pt-pt\/author\/canariaslover2\/"},"_links":{"self":[{"href":"https:\/\/canarias-lovers.com\/pt-pt\/wp-json\/wp\/v2\/posts\/10089","targetHints":{"allow":["GET"]}}],"collection":[{"href":"https:\/\/canarias-lovers.com\/pt-pt\/wp-json\/wp\/v2\/posts"}],"about":[{"href":"https:\/\/canarias-lovers.com\/pt-pt\/wp-json\/wp\/v2\/types\/post"}],"author":[{"embeddable":true,"href":"https:\/\/canarias-lovers.com\/pt-pt\/wp-json\/wp\/v2\/users\/1"}],"replies":[{"embeddable":true,"href":"https:\/\/canarias-lovers.com\/pt-pt\/wp-json\/wp\/v2\/comments?post=10089"}],"version-history":[{"count":3,"href":"https:\/\/canarias-lovers.com\/pt-pt\/wp-json\/wp\/v2\/posts\/10089\/revisions"}],"predecessor-version":[{"id":10154,"href":"https:\/\/canarias-lovers.com\/pt-pt\/wp-json\/wp\/v2\/posts\/10089\/revisions\/10154"}],"wp:featuredmedia":[{"embeddable":true,"href":"https:\/\/canarias-lovers.com\/pt-pt\/wp-json\/wp\/v2\/media\/10072"}],"wp:attachment":[{"href":"https:\/\/canarias-lovers.com\/pt-pt\/wp-json\/wp\/v2\/media?parent=10089"}],"wp:term":[{"taxonomy":"category","embeddable":true,"href":"https:\/\/canarias-lovers.com\/pt-pt\/wp-json\/wp\/v2\/categories?post=10089"},{"taxonomy":"post_tag","embeddable":true,"href":"https:\/\/canarias-lovers.com\/pt-pt\/wp-json\/wp\/v2\/tags?post=10089"}],"curies":[{"name":"wp","href":"https:\/\/api.w.org\/{rel}","templated":true}]}}