{"id":4090,"date":"2024-09-17T15:40:54","date_gmt":"2024-09-17T15:40:54","guid":{"rendered":"https:\/\/canarias-lovers.com\/tour-de-la-concepcion-la-laguna-tenerife-visite-foto\/"},"modified":"2025-02-22T17:31:12","modified_gmt":"2025-02-22T17:31:12","slug":"torre-la-concepcion-la-laguna-tenerife-visita","status":"publish","type":"post","link":"https:\/\/canarias-lovers.com\/it\/torre-la-concepcion-la-laguna-tenerife-visita\/","title":{"rendered":"Torre La Concepci\u00f3n (La Laguna, Tenerife) : visita + foto"},"content":{"rendered":"\n<p>Sta pianificando di trascorrere qualche giorno a <strong>San Crist\u00f3bal de La Laguna<\/strong>, sull&#8217;<strong>isola di Tenerife<\/strong>? Consigliamo di salire in cima alla <strong>Torre de la Concepci\u00f3n<\/strong>. Proprio accanto all&#8217;omonima chiesa, questo campanile \u00e8 emblematico della citt\u00e0. Dichiarato <strong>Sito di Interesse Culturale<\/strong> nel 2012, offre una <strong>vista mozzafiato<\/strong> sulle <strong>stradine<\/strong> della citt\u00e0 e sulle <strong>montagne<\/strong> circostanti. Nelle belle giornate, si pu\u00f2 vedere fino alla vicina isola di <strong>Gran Canaria<\/strong>.<\/p>\n\n<p>In questo articolo trover\u00e0 alcuni <strong>consigli utili<\/strong> che la aiuteranno a prepararsi per la sua visita e a trascorrere un periodo meraviglioso!<\/p>\n\n<figure class=\"wp-block-image size-full\"><img decoding=\"async\" src=\"https:\/\/canarias-lovers.com\/wp-content\/uploads\/2024\/09\/visiter-torre-conception-la-laguna-tenerife-5.jpg\" alt=\"Visitare la Torre de la Concepcion a San Cristobal de La Laguna, Tenerife\" class=\"wp-image-4017\"\/><\/figure>\n\n<p>Si tratta di un&#8217;opinione completamente <strong>indipendente<\/strong>, basata sulle nostre esperienze. Abbiamo visitato la regione in modo anonimo, facendo le nostre scelte e pagando interamente le nostre fatture.<\/p>\n\n<div style=\"padding-left:5%\" class=\"wp-block-genesis-blocks-gb-container box gb-block-container\"><div class=\"gb-container-inside\"><div class=\"gb-container-content\">\n<p class=\"titre_box_manuscrit\">Contenuti<\/p>\n\n\n<div id=\"ez-toc-container\" class=\"ez-toc-v2_0_82_2 counter-hierarchy ez-toc-counter ez-toc-custom ez-toc-container-direction\">\n<div class=\"ez-toc-title-container\">\n<span class=\"ez-toc-title-toggle\"><\/span><\/div>\n<nav><ul class='ez-toc-list ez-toc-list-level-1 ' ><li class='ez-toc-page-1 ez-toc-heading-level-2'><a class=\"ez-toc-link ez-toc-heading-1\" href=\"https:\/\/canarias-lovers.com\/it\/torre-la-concepcion-la-laguna-tenerife-visita\/#Perche_visitare_la_Torre_de_la_Concepcion\" >Perch\u00e9 visitare la Torre de la Concepci\u00f3n?<\/a><\/li><li class='ez-toc-page-1 ez-toc-heading-level-2'><a class=\"ez-toc-link ez-toc-heading-2\" href=\"https:\/\/canarias-lovers.com\/it\/torre-la-concepcion-la-laguna-tenerife-visita\/#Accesso_Torre_de_la_Concepcion_San_Cristobal_de_La_Laguna\" >Accesso: Torre de la Concepci\u00f3n, San Crist\u00f3bal de La Laguna<\/a><\/li><li class='ez-toc-page-1 ez-toc-heading-level-2'><a class=\"ez-toc-link ez-toc-heading-3\" href=\"https:\/\/canarias-lovers.com\/it\/torre-la-concepcion-la-laguna-tenerife-visita\/#Consigli_utili_durata_orari_mangiare%E2%80%A6\" >Consigli utili: durata, orari, mangiare&#8230;<\/a><\/li><li class='ez-toc-page-1 ez-toc-heading-level-2'><a class=\"ez-toc-link ez-toc-heading-4\" href=\"https:\/\/canarias-lovers.com\/it\/torre-la-concepcion-la-laguna-tenerife-visita\/#Un_esterno_imponente_da_non_perdere\" >Un esterno imponente da non perdere<\/a><\/li><li class='ez-toc-page-1 ez-toc-heading-level-2'><a class=\"ez-toc-link ez-toc-heading-5\" href=\"https:\/\/canarias-lovers.com\/it\/torre-la-concepcion-la-laguna-tenerife-visita\/#Salga_le_scale_fino_in_cima\" >Salga le scale fino in cima<\/a><\/li><li class='ez-toc-page-1 ez-toc-heading-level-2'><a class=\"ez-toc-link ez-toc-heading-6\" href=\"https:\/\/canarias-lovers.com\/it\/torre-la-concepcion-la-laguna-tenerife-visita\/#Un_carillon_nel_cuore_della_torre\" >Un carillon nel cuore della torre<\/a><\/li><li class='ez-toc-page-1 ez-toc-heading-level-2'><a class=\"ez-toc-link ez-toc-heading-7\" href=\"https:\/\/canarias-lovers.com\/it\/torre-la-concepcion-la-laguna-tenerife-visita\/#Una_vista_panoramica_indimenticabile\" >Una vista panoramica indimenticabile<\/a><\/li><\/ul><\/nav><\/div>\n\n<\/div><\/div><\/div>\n\n<h2 class=\"wp-block-heading\"><span class=\"ez-toc-section\" id=\"Perche_visitare_la_Torre_de_la_Concepcion\"><\/span>Perch\u00e9 visitare la Torre de la Concepci\u00f3n?<span class=\"ez-toc-section-end\"><\/span><\/h2>\n\n<h3 class=\"wp-block-heading\">La torre ne vale la pena? La nostra opinione:<\/h3>\n\n<p>S\u00ec, assolutamente, la Torre de la Concepci\u00f3n a <strong>San Crist\u00f3bal de La Laguna<\/strong> merita una visita. Ci sono diverse ragioni per questo:<\/p>\n\n<ul class=\"wp-block-list\">\n<li>\u00c8 un <strong>monumento emblematico <\/strong>di La Laguna, Patrimonio dell&#8217;Umanit\u00e0<strong>dell&#8217;UNESCO<\/strong>, e dell&#8217;isola di Tenerife. Costruita nel <strong>XVII secolo<\/strong>, la torre \u00e8 una preziosa testimonianza della storia coloniale.<\/li>\n\n\n\n<li>La <strong>vista panoramica<\/strong> dalla cima della torre \u00e8 mozzafiato. Abbiamo ammirato le strade colorate, i campanili delle altre chiese, le montagne circostanti e persino i contorni blu dell&#8217;isola di Gran Canaria.<\/li>\n\n\n\n<li>Una visita alla torre le permetter\u00e0 anche di comprendere meglio la<strong>storia<\/strong> di San Crist\u00f3bal de La Laguna, una citt\u00e0 che ha influenzato la<strong>pianificazione urbana coloniale<\/strong> in America Latina.<\/li>\n<\/ul>\n\n<p>La Torre de la Concepci\u00f3n \u00e8 una <strong>tappa obbligata<\/strong> per chi vuole scoprire la cultura e il patrimonio di Tenerife.  <\/p>\n\n<figure class=\"wp-block-image size-large\"><img decoding=\"async\" src=\"https:\/\/photos.smugmug.com\/Canarias-Lovers\/Tenerife\/San-Cristobal-de-La-Laguna\/Torre-de-la-Concepcion\/i-HgDhhRZ\/0\/LvKdZVdsxQNZjGLBMbtXFphfvVwz4BHKHm9kjbNrx\/L\/top-detail-torre-concepcion-la-laguna-tenerife-L.jpg\" alt=\"la Torre de la Concepci&#xF3;n a San Crist&#xF3;bal de La Laguna&#10;\"\/><\/figure>\n\n<h3 class=\"wp-block-heading\">Perch\u00e9 la Torre de la Concepci\u00f3n \u00e8 famosa?<\/h3>\n\n<p>La torre ha un grande <strong>valore storico<\/strong>. Costruita nel <strong>XVII secolo<\/strong>, fa parte della<strong>Chiesa della Concepci\u00f3n<\/strong>, una delle prime costruite a Tenerife dopo la conquista spagnola. \u00c8 l&#8217;emblema della citt\u00e0 di San Crist\u00f3bal de La Laguna, Patrimonio dell&#8217;Umanit\u00e0<strong>dell&#8217;UNESCO<\/strong>. La torre \u00e8 il suo <strong>cuore storico e spirituale<\/strong>.<\/p>\n\n<p>Le <strong>viste spettacolari<\/strong> dalla cima della torre attraggono tutti i visitatori, e noi eravamo tra questi. Dai suoi piani superiori, abbiamo potuto contemplare i <strong>tetti di La Laguna<\/strong> e la <strong>campagna circostante<\/strong>. \u00c8 probabilmente il luogo migliore per capire la citt\u00e0 e orientarsi.<\/p>\n\n<figure class=\"wp-block-image size-large\"><img decoding=\"async\" src=\"https:\/\/photos.smugmug.com\/Canarias-Lovers\/Tenerife\/San-Cristobal-de-La-Laguna\/Torre-de-la-Concepcion\/i-5BCdw8t\/0\/NjLh48zJwWskMjhNqCcsDmSrfRswk29QnmpH2MmnB\/L\/view-top-torre-concepcion-la-laguna-tenerife-L.jpg\" alt=\"Vista dalla Torre Concepci&#xF3;n a San Crist&#xF3;bal de La Laguna, Tenerife\"\/><\/figure>\n\n<h3 class=\"wp-block-heading\">I nostri momenti preferiti<\/h3>\n\n<p>Abbiamo visitato la torre a met\u00e0 pomeriggio, in una giornata di dicembre piuttosto nuvolosa. Siamo stati comunque in grado di approfittarne:<\/p>\n\n<ul class=\"wp-block-list\">\n<li><strong>L&#8217;imponente massa della torre<\/strong>, le sue pareti scure che si ergono come un campanile alla fine della Plaza de la Concepci\u00f3n. Cattura immediatamente l&#8217;attenzione e impone una sorta di rispetto, un&#8217;ingiunzione a meditare.<\/li>\n\n\n\n<li><strong>Il bovindo al primo piano<\/strong> sul retro della torre, sopra il cortile d&#8217;ingresso, \u00e8 una sporgenza vetrata tipica dell&#8217;architettura canaria. \u00c8 quel qualcosa in pi\u00f9 che aggiunge quel tocco di fascino in pi\u00f9 all&#8217;edificio.<\/li>\n\n\n\n<li><strong>La Salle des Cloches<\/strong> al 5\u00b0 livello della torre, con la sua splendida vista a 360\u00b0 sul paesaggio circostante. La presenza di queste imponenti &#8216;signore&#8217; di bronzo \u00e8 di per s\u00e9 un&#8217;esperienza spirituale.<\/li>\n<\/ul>\n\n<figure class=\"wp-block-image size-large\"><img decoding=\"async\" src=\"https:\/\/photos.smugmug.com\/Canarias-Lovers\/Tenerife\/San-Cristobal-de-La-Laguna\/Torre-de-la-Concepcion\/i-tpzsVVf\/0\/LHBmKTjXKpLN2NjhF7P8HtNntTRvxKpF3pgHQ4bMd\/L\/downstairs-torre-concepcion-la-laguna-tenerife-1-L.jpg\" alt=\"Torre La Concepci&#xF3;n a San Crist&#xF3;bal de La Laguna, Tenerife\"\/><\/figure>\n\n<div style=\"background-color:#f6eacf;margin-top:8%;margin-bottom:8%\" class=\"wp-block-genesis-blocks-gb-container box gb-block-container\"><div class=\"gb-container-inside\"><div class=\"gb-container-content\" style=\"max-width:700px\">\n<div class=\"wp-block-genesis-blocks-gb-container box_titre gb-block-container\"><div class=\"gb-container-inside\"><div class=\"gb-container-content\">\n<h5 class=\"titre_box\" style=\"padding-top:10px;\">DOVE ALLOGGIARE A <span class=\"titre_box_manuscrit\">Tenerife<\/span><\/h5>\n<\/div><\/div><\/div>\n\n\n\n<div class=\"wp-block-columns box_sans_border is-layout-flex wp-container-core-columns-is-layout-9d6595d7 wp-block-columns-is-layout-flex\">\n<div class=\"wp-block-column texte_planif is-layout-flow wp-block-column-is-layout-flow\" style=\"font-size:14px;flex-basis:60%\">\n<p class=\"option_titre2\" style=\"font-size:16px\">Le nostre selezioni indipendenti per aiutarti a trovare <strong>l&#8217;alloggio dei tuoi sogni<\/strong>:<\/p>\n\n\n\n<ul class=\"wp-block-list ul_box\">\n<li style=\"font-size:14px\"><a href=\"https:\/\/canarias-lovers.com\/it\/dove-alloggiare-tenerife-migliori-destinazioni\/\" data-type=\"post\" data-id=\"5908\" target=\"_blank\" rel=\"noreferrer noopener\">Dove alloggiare a Tenerife<\/a><\/li>\n\n\n\n<li style=\"font-size:14px\">Il nostro preferito: <a href=\"https:\/\/www.booking.com\/hotel\/es\/royal-hideaway-corales-beach-adults-only.html?aid=2421274\" target=\"_blank\" rel=\"noreferrer noopener nofollow\">H\u00f4tel Corales Beach<\/a><\/li>\n<\/ul>\n\n\n\n<p style=\"font-size:16px\"><strong>Scelga in base al tipo di hotel:<\/strong><\/p>\n\n\n\n<ul class=\"wp-block-list ul_box\">\n<li style=\"font-size:14px\"><a href=\"https:\/\/canarias-lovers.com\/it\/migliori-hotel-5-stelle-tenerife-lusso-recensioni\/\" data-type=\"post\" data-id=\"5909\" target=\"_blank\" rel=\"noreferrer noopener\">Hotel a 5 stelle<\/a><\/li>\n\n\n\n<li style=\"font-size:14px\"><a data-type=\"post\" data-id=\"5910\" href=\"https:\/\/canarias-lovers.com\/it\/migliori-hotel-boutique-tenerife-charme\/\" target=\"_blank\" rel=\"noreferrer noopener\">I migliori hotel boutique<\/a><\/li>\n\n\n\n<li style=\"font-size:14px\"><a href=\"https:\/\/canarias-lovers.com\/it\/meilleurs-hotels-familles-tenerife-enfants-avis-2\/\" target=\"_blank\" rel=\"noreferrer noopener\">I migliori hotel per famiglie<\/a><\/li>\n\n\n\n<li style=\"font-size:14px\"><a href=\"https:\/\/canarias-lovers.com\/it\/migliori-hotel-sul-mare-tenerife-spiaggia\/\" target=\"_blank\" rel=\"noreferrer noopener\">I migliori hotel di Seaside<\/a><\/li>\n\n\n\n<li style=\"font-size:14px\"><a href=\"https:\/\/canarias-lovers.com\/it\/migliori-hotel-adults-only-tenerife\/\" target=\"_blank\" rel=\"noreferrer noopener\">I migliori hotel per soli adulti<\/a><\/li>\n\n\n\n<li style=\"font-size:14px\">I migliori hotel all-inclusive (in arrivo)<\/li>\n<\/ul>\n\n\n\n<p style=\"font-size:16px\"><strong>Selezioni per citt\u00e0:<\/strong><\/p>\n\n\n\n<ul class=\"wp-block-list\">\n<li style=\"font-size:14px\"><a href=\"https:\/\/canarias-lovers.com\/it\/dove-alloggiare-costa-adeje-migliori-hotels-quartieri\/\" data-type=\"post\" data-id=\"4063\" target=\"_blank\" rel=\"noreferrer noopener\">I migliori hotel di Costa Adeje<\/a><\/li>\n\n\n\n<li style=\"font-size:14px\"><a href=\"https:\/\/canarias-lovers.com\/it\/dove-alloggiare-puerto-de-la-cruz-migliori-hotel-quartieri\/\" target=\"_blank\" rel=\"noreferrer noopener\">I migliori hotel di Puerto de La Cruz<\/a><\/li>\n\n\n\n<li style=\"font-size:14px\"><a href=\"https:\/\/canarias-lovers.com\/it\/dove-alloggiare-los-gigantes-tenerife-migliori-hotel-quartieri\/\" target=\"_blank\" rel=\"noreferrer noopener\">I migliori hotel di Los Gigantes<\/a><\/li>\n\n\n\n<li style=\"font-size:14px\"><a href=\"https:\/\/canarias-lovers.com\/it\/dove-alloggiare-santa-cruz-tenerife-migliori-hotel-quartieri\/\" target=\"_blank\" rel=\"noreferrer noopener\">I migliori hotel di Santa Cruz<\/a><\/li>\n\n\n\n<li style=\"font-size:14px\"><a href=\"https:\/\/canarias-lovers.com\/it\/dove-alloggiare-san-cristobal-la-laguna-migliori-hotel-quartieri\/\" target=\"_blank\" rel=\"noreferrer noopener\">I migliori hotel di La Laguna<\/a><\/li>\n\n\n\n<li style=\"font-size:14px\"><a href=\"https:\/\/canarias-lovers.com\/ou-dormir-a-playa-de-las-americas-15-meilleurs-hotels-2024\/\" target=\"_blank\" rel=\"noreferrer noopener\">I migliori hotel di Playa de las Americas<\/a><\/li>\n\n\n\n<li style=\"font-size:14px\"><a href=\"https:\/\/canarias-lovers.com\/it\/dove-alloggiare-los-cristianos-tenerife-migliori-hotel-quartieri\/\">I migliori hotel di Los Cristianos<\/a><\/li>\n<\/ul>\n<\/div>\n\n\n\n<div class=\"wp-block-column is-vertically-aligned-top planif-radius is-layout-flow wp-block-column-is-layout-flow\" style=\"flex-basis:40%\">\n<figure class=\"wp-block-image size-large img-portrait\"><img decoding=\"async\" src=\"https:\/\/photos.smugmug.com\/Canarias-Lovers\/Tenerife\/Costa-Adeje\/H%C3%B4tels-Costa-Adeje\/Royal-Hideaway-Corales-resort\/i-ZsV2WxR\/0\/MSJTcCCRPZ3CwqHnkBwJgZVqLZqGD5NwHNP59BBr6\/L\/pool%20corales%20royal%20hideaway%20hotel%20costa%20adeje%20tenerife-L.jpg\" alt=\"piscina dell'hotel Royal hideway Corales\" title=\"\"\/><\/figure>\n<\/div>\n<\/div>\n<\/div><\/div><\/div>\n\n<h3 class=\"wp-block-heading\">La storia in breve<\/h3>\n\n<p>Durante la nostra visita, abbiamo appreso che la torre attuale \u00e8 stata costruita alla <strong>fine del XVII<\/strong> <strong>secolo<\/strong>, in sostituzione di una torre precedente che non aveva resistito a una forte tempesta. La torre precedente era pi\u00f9 bassa, con un tetto di tegole, come in <strong>Andalusia<\/strong>.<\/p>\n\n<p>La nuova torre fu spostata leggermente per non utilizzare le fondamenta esistenti, ritenute difettose. Fu costruito in due fasi e coronato da una <strong>cima ottagonale<\/strong>. \u00c8 alto 28 metri. Progettato in stile toscano, ricorda da vicino il campanile della <strong>Cattedrale di Torino<\/strong>, in Italia.<\/p>\n\n<figure class=\"wp-block-image size-large\"><img decoding=\"async\" src=\"https:\/\/photos.smugmug.com\/Canarias-Lovers\/Tenerife\/San-Cristobal-de-La-Laguna\/Torre-de-la-Concepcion\/i-SgvHwQb\/0\/NHb5dKFPZqJgcSBc3JLm5WvKGjwb3RnkWxXwVPG4W\/L\/general-view-torre-concepcion-la-laguna-tenerife-2-L.jpg\" alt=\"Vista della Torre Concepci&#xF3;n a San Crist&#xF3;bal de La Laguna, Tenerife\"\/><\/figure>\n\n<h2 class=\"wp-block-heading\"><span class=\"ez-toc-section\" id=\"Accesso_Torre_de_la_Concepcion_San_Cristobal_de_La_Laguna\"><\/span>Accesso: Torre de la Concepci\u00f3n, San Crist\u00f3bal de La Laguna<span class=\"ez-toc-section-end\"><\/span><\/h2>\n\n<h3 class=\"wp-block-heading\">Dove si trova la torre?<\/h3>\n\n<p>La Torre de la Concepci\u00f3n si trova in Plaza de la Concepci\u00f3n, 38201 La Laguna, Tenerife.<\/p>\n\n<ul class=\"wp-block-list\">\n<li>La torre si trova nel <strong>centro storico di<\/strong> San Crist\u00f3bal de La Laguna.<\/li>\n\n\n\n<li>\u00c8 adiacente alla<strong>Chiesa di La Concepci\u00f3n<\/strong>.<\/li>\n\n\n\n<li>Da Santa Cruz de Tenerife: 15 minuti in auto<\/li>\n<\/ul>\n\n<div style=\"margin-top:8%;margin-bottom:8%\" class=\"wp-block-genesis-blocks-gb-container box gb-block-container\"><div class=\"gb-container-inside\"><div class=\"gb-container-content\">\n<div class=\"wp-block-columns inverse box_planif is-layout-flex wp-container-core-columns-is-layout-9d6595d7 wp-block-columns-is-layout-flex\">\n<div class=\"wp-block-column texte_planif is-layout-flow wp-block-column-is-layout-flow\" style=\"flex-basis:60%\">\n<h5 class=\"titre_box\" style=\"padding-top:10px;\">I NOSTRI CONSIGLI PER NOLEGGIARE UN&#8217;AUTO A <span class=\"titre_box_manuscrit\">Tenerife<\/span><\/h5>\n\n\n\n<ul class=\"wp-block-list\" style=\"font-size:14px\">\n<li>Confronti i prezzi sulla nostra piattaforma preferita: <a href=\"https:\/\/www.discovercars.com\/it\/spain-canary-islands\/tenerife?a_aid=zigzag&amp;chan=CAL\" target=\"_blank\" rel=\"noreferrer noopener sponsored nofollow\">DiscoverCars<\/a> &#8211; uno dei siti meglio valutati.<\/li>\n\n\n\n<li>Se ha intenzione di esplorare le montagne, non prenda <strong>le auto pi\u00f9 piccole<\/strong>. Un motore pi\u00f9 potente sar\u00e0 pi\u00f9 confortevole.<\/li>\n\n\n\n<li>Ma non prenda nemmeno un&#8217;auto troppo grande, perch\u00e9 alcune strade sono strette.<\/li>\n\n\n\n<li>C&#8217;\u00e8 molta richiesta e si tratta di un&#8217;isola, quindi <strong>prenotate in anticipo<\/strong>.<\/li>\n<\/ul>\n<\/div>\n\n\n\n<div class=\"wp-block-column planif-radius-2 is-layout-flow wp-block-column-is-layout-flow\">\n<figure class=\"wp-block-image size-large voiture_image\"><img decoding=\"async\" src=\"https:\/\/photos.smugmug.com\/Canarias-Lovers\/Tenerife\/Driving\/i-D3dJ4xj\/1\/e6e34cdd\/L\/tenerife-rental-car-driving-L.jpg\" alt=\"guidare a tenerife\"\/><\/figure>\n<\/div>\n<\/div>\n\n\n\n<div class=\"wp-block-columns planif_bouton is-layout-flex wp-container-core-columns-is-layout-9d6595d7 wp-block-columns-is-layout-flex\">\n<div class=\"wp-block-column is-vertically-aligned-top is-layout-flow wp-block-column-is-layout-flow\">\n<div class=\"wp-block-buttons is-content-justification-center is-layout-flex wp-container-core-buttons-is-layout-16018d1d wp-block-buttons-is-layout-flex\">\n<div class=\"wp-block-button\"><a class=\"wp-block-button__link has-white-color has-text-color wp-element-button\" href=\"https:\/\/www.discovercars.com\/it\/spain-canary-islands\/tenerife?a_aid=zigzagchan=CAL\" target=\"_blank\" rel=\"noreferrer noopener nofollow\">Vedere le auto disponibili &gt;&gt;<\/a><\/div>\n<\/div>\n<\/div>\n\n\n\n<div class=\"wp-block-column is-vertically-aligned-center is-layout-flow wp-block-column-is-layout-flow\">\n<p class=\"has-text-align-center\" style=\"font-size:16px\"><a href=\"https:\/\/canarias-lovers.com\/it\/?p=2204\" target=\"_blank\" rel=\"noreferrer noopener\">Legga i nostri consigli<\/a><\/p>\n<\/div>\n<\/div>\n<\/div><\/div><\/div>\n\n<h3 class=\"wp-block-heading\">Come arrivarci?<\/h3>\n\n<p>Ci sono diverse opzioni per raggiungere la Torre de la Concepci\u00f3n a San Crist\u00f3bal de La Laguna:<\/p>\n\n<ul class=\"wp-block-list\">\n<li>In auto: le consigliamo di lasciare l&#8217;auto in uno dei parcheggi gratuiti della citt\u00e0 e di visitare il centro storico a piedi. Tutti i nostri consigli pratici per <a href=\"https:\/\/canariaslovers.com\/comment-louer-voiture-tenerife-experiences\/\" target=\"_blank\" rel=\"noreferrer noopener\">noleggiare un&#8217;auto a Tenerife<\/a>. Si basano sulla nostra esperienza.<\/li>\n\n\n\n<li>In autobus: esiste una rete di autobus a San Crist\u00f3bal de La Laguna, ma sar\u00e0 pi\u00f9 limitato in termini di orari e opzioni di viaggio. Scopra di pi\u00f9 <a href=\"https:\/\/www.titsa.com\/index.php\/en\/\" target=\"_blank\" rel=\"noreferrer noopener nofollow\">qui<\/a>.<\/li>\n\n\n\n<li>In tram: due linee collegano i principali punti di interesse dell&#8217;isola tra Santa Cruz e La Laguna. Scopra di pi\u00f9 <a href=\"https:\/\/metrotenerife.com\/en\/routes-and-timetables\/\" target=\"_blank\" rel=\"noreferrer noopener nofollow\">qui<\/a>.<\/li>\n<\/ul>\n\n<figure class=\"wp-block-image size-large\"><img decoding=\"async\" src=\"https:\/\/photos.smugmug.com\/Canarias-Lovers\/Tenerife\/San-Cristobal-de-La-Laguna\/Torre-de-la-Concepcion\/i-j8RmNN9\/0\/MkxnC9HCXnzHSnsqFNZfQWR5JgnQ2WBD89F3bdPNz\/L\/entrance-torre-concepcion-la-laguna-tenerife-L.jpg\" alt=\"L'ingresso alla Torre de la Concepci&#xF3;n a San Crist&#xF3;bal de La Laguna, Tenerife\"\/><\/figure>\n\n<h3 class=\"wp-block-heading\">Parcheggio<\/h3>\n\n<p>Abbiamo lasciato la nostra auto al <strong>Parking Aparcamiento Adelantado<\/strong>, a 10 minuti a piedi dalla Torre de la Concepci\u00f3n. \u00c8 gratuito e aperto 24 ore al giorno.<\/p>\n\n<figure class=\"wp-block-image size-large\"><img decoding=\"async\" src=\"https:\/\/photos.smugmug.com\/Canarias-Lovers\/Tenerife\/San-Cristobal-de-La-Laguna\/La-Laguna-Pratique\/i-KtGW8w4\/0\/KqMpgHpFgRcJk5dzDjg73GfBDvX7XFTn9pG2LFJSm\/L\/parking-adelantado-la-laguna-tenerife-L.jpg\" alt=\"Parcheggio Aparcamiento Adelantado a San Crist&#xF3;bal de La Laguna\"\/><figcaption class=\"wp-element-caption\">Parcheggio Aparcamiento Adelantado<\/figcaption><\/figure>\n\n<div style=\"background-color:#fefefe;margin-top:6%;margin-bottom:6%\" class=\"wp-block-genesis-blocks-gb-container box gb-block-container\"><div class=\"gb-container-inside\"><div class=\"gb-container-content\" style=\"max-width:700px\">\n<div class=\"wp-block-columns inverse is-layout-flex wp-container-core-columns-is-layout-9d6595d7 wp-block-columns-is-layout-flex\">\n<div class=\"wp-block-column texte_planif is-layout-flow wp-block-column-is-layout-flow\" style=\"flex-basis:58%\">\n<h5 class=\"titre_box\">Riceva la nostra <span class=\"titre_box_manuscrit\">Newsletter<\/span><\/h5>\n\n\n\n<ul class=\"wp-block-list\">\n<li>Una boccata d&#8217;aria fresca nella sua vita quotidiana nelle bellissime destinazioni di Region Lovers!<\/li>\n\n\n\n<li>Una volta al mese<\/li>\n\n\n\n<li>Senza pubblicit\u00e0<\/li>\n<\/ul>\n\n\n<script>\nvar gform;gform||(document.addEventListener(\"gform_main_scripts_loaded\",function(){gform.scriptsLoaded=!0}),document.addEventListener(\"gform\/theme\/scripts_loaded\",function(){gform.themeScriptsLoaded=!0}),window.addEventListener(\"DOMContentLoaded\",function(){gform.domLoaded=!0}),gform={domLoaded:!1,scriptsLoaded:!1,themeScriptsLoaded:!1,isFormEditor:()=>\"function\"==typeof InitializeEditor,callIfLoaded:function(o){return!(!gform.domLoaded||!gform.scriptsLoaded||!gform.themeScriptsLoaded&&!gform.isFormEditor()||(gform.isFormEditor()&&console.warn(\"The use of gform.initializeOnLoaded() is deprecated in the form editor context and will be removed in Gravity Forms 3.1.\"),o(),0))},initializeOnLoaded:function(o){gform.callIfLoaded(o)||(document.addEventListener(\"gform_main_scripts_loaded\",()=>{gform.scriptsLoaded=!0,gform.callIfLoaded(o)}),document.addEventListener(\"gform\/theme\/scripts_loaded\",()=>{gform.themeScriptsLoaded=!0,gform.callIfLoaded(o)}),window.addEventListener(\"DOMContentLoaded\",()=>{gform.domLoaded=!0,gform.callIfLoaded(o)}))},hooks:{action:{},filter:{}},addAction:function(o,r,e,t){gform.addHook(\"action\",o,r,e,t)},addFilter:function(o,r,e,t){gform.addHook(\"filter\",o,r,e,t)},doAction:function(o){gform.doHook(\"action\",o,arguments)},applyFilters:function(o){return gform.doHook(\"filter\",o,arguments)},removeAction:function(o,r){gform.removeHook(\"action\",o,r)},removeFilter:function(o,r,e){gform.removeHook(\"filter\",o,r,e)},addHook:function(o,r,e,t,n){null==gform.hooks[o][r]&&(gform.hooks[o][r]=[]);var d=gform.hooks[o][r];null==n&&(n=r+\"_\"+d.length),gform.hooks[o][r].push({tag:n,callable:e,priority:t=null==t?10:t})},doHook:function(r,o,e){var t;if(e=Array.prototype.slice.call(e,1),null!=gform.hooks[r][o]&&((o=gform.hooks[r][o]).sort(function(o,r){return o.priority-r.priority}),o.forEach(function(o){\"function\"!=typeof(t=o.callable)&&(t=window[t]),\"action\"==r?t.apply(null,e):e[0]=t.apply(null,e)})),\"filter\"==r)return e[0]},removeHook:function(o,r,t,n){var e;null!=gform.hooks[o][r]&&(e=(e=gform.hooks[o][r]).filter(function(o,r,e){return!!(null!=n&&n!=o.tag||null!=t&&t!=o.priority)}),gform.hooks[o][r]=e)}});\n<\/script>\n\n                <div class='gf_browser_gecko gform_wrapper gform-theme gform-theme--foundation gform-theme--framework gform-theme--orbital' data-form-theme='orbital' data-form-index='0' id='gform_wrapper_3' ><style>#gform_wrapper_3[data-form-index=\"0\"].gform-theme,[data-parent-form=\"3_0\"]{--gf-color-primary: #204ce5;--gf-color-primary-rgb: 32, 76, 229;--gf-color-primary-contrast: #fff;--gf-color-primary-contrast-rgb: 255, 255, 255;--gf-color-primary-darker: #001AB3;--gf-color-primary-lighter: #527EFF;--gf-color-secondary: #fff;--gf-color-secondary-rgb: 255, 255, 255;--gf-color-secondary-contrast: #112337;--gf-color-secondary-contrast-rgb: 17, 35, 55;--gf-color-secondary-darker: #F5F5F5;--gf-color-secondary-lighter: #FFFFFF;--gf-color-out-ctrl-light: rgba(17, 35, 55, 0.1);--gf-color-out-ctrl-light-rgb: 17, 35, 55;--gf-color-out-ctrl-light-darker: rgba(104, 110, 119, 0.35);--gf-color-out-ctrl-light-lighter: #F5F5F5;--gf-color-out-ctrl-dark: #585e6a;--gf-color-out-ctrl-dark-rgb: 88, 94, 106;--gf-color-out-ctrl-dark-darker: #112337;--gf-color-out-ctrl-dark-lighter: rgba(17, 35, 55, 0.65);--gf-color-in-ctrl: #fff;--gf-color-in-ctrl-rgb: 255, 255, 255;--gf-color-in-ctrl-contrast: #112337;--gf-color-in-ctrl-contrast-rgb: 17, 35, 55;--gf-color-in-ctrl-darker: #F5F5F5;--gf-color-in-ctrl-lighter: #FFFFFF;--gf-color-in-ctrl-primary: #204ce5;--gf-color-in-ctrl-primary-rgb: 32, 76, 229;--gf-color-in-ctrl-primary-contrast: #fff;--gf-color-in-ctrl-primary-contrast-rgb: 255, 255, 255;--gf-color-in-ctrl-primary-darker: #001AB3;--gf-color-in-ctrl-primary-lighter: #527EFF;--gf-color-in-ctrl-light: rgba(17, 35, 55, 0.1);--gf-color-in-ctrl-light-rgb: 17, 35, 55;--gf-color-in-ctrl-light-darker: rgba(104, 110, 119, 0.35);--gf-color-in-ctrl-light-lighter: #F5F5F5;--gf-color-in-ctrl-dark: #585e6a;--gf-color-in-ctrl-dark-rgb: 88, 94, 106;--gf-color-in-ctrl-dark-darker: #112337;--gf-color-in-ctrl-dark-lighter: rgba(17, 35, 55, 0.65);--gf-radius: 3px;--gf-font-size-secondary: 14px;--gf-font-size-tertiary: 13px;--gf-icon-ctrl-number: url(\"data:image\/svg+xml,%3Csvg width='8' height='14' viewBox='0 0 8 14' fill='none' xmlns='http:\/\/www.w3.org\/2000\/svg'%3E%3Cpath fill-rule='evenodd' clip-rule='evenodd' d='M4 0C4.26522 5.96046e-08 4.51957 0.105357 4.70711 0.292893L7.70711 3.29289C8.09763 3.68342 8.09763 4.31658 7.70711 4.70711C7.31658 5.09763 6.68342 5.09763 6.29289 4.70711L4 2.41421L1.70711 4.70711C1.31658 5.09763 0.683417 5.09763 0.292893 4.70711C-0.0976311 4.31658 -0.097631 3.68342 0.292893 3.29289L3.29289 0.292893C3.48043 0.105357 3.73478 0 4 0ZM0.292893 9.29289C0.683417 8.90237 1.31658 8.90237 1.70711 9.29289L4 11.5858L6.29289 9.29289C6.68342 8.90237 7.31658 8.90237 7.70711 9.29289C8.09763 9.68342 8.09763 10.3166 7.70711 10.7071L4.70711 13.7071C4.31658 14.0976 3.68342 14.0976 3.29289 13.7071L0.292893 10.7071C-0.0976311 10.3166 -0.0976311 9.68342 0.292893 9.29289Z' fill='rgba(17, 35, 55, 0.65)'\/%3E%3C\/svg%3E\");--gf-icon-ctrl-select: url(\"data:image\/svg+xml,%3Csvg width='10' height='6' viewBox='0 0 10 6' fill='none' xmlns='http:\/\/www.w3.org\/2000\/svg'%3E%3Cpath fill-rule='evenodd' clip-rule='evenodd' d='M0.292893 0.292893C0.683417 -0.097631 1.31658 -0.097631 1.70711 0.292893L5 3.58579L8.29289 0.292893C8.68342 -0.0976311 9.31658 -0.0976311 9.70711 0.292893C10.0976 0.683417 10.0976 1.31658 9.70711 1.70711L5.70711 5.70711C5.31658 6.09763 4.68342 6.09763 4.29289 5.70711L0.292893 1.70711C-0.0976311 1.31658 -0.0976311 0.683418 0.292893 0.292893Z' fill='rgba(17, 35, 55, 0.65)'\/%3E%3C\/svg%3E\");--gf-icon-ctrl-search: url(\"data:image\/svg+xml,%3Csvg width='640' height='640' xmlns='http:\/\/www.w3.org\/2000\/svg'%3E%3Cpath d='M256 128c-70.692 0-128 57.308-128 128 0 70.691 57.308 128 128 128 70.691 0 128-57.309 128-128 0-70.692-57.309-128-128-128zM64 256c0-106.039 85.961-192 192-192s192 85.961 192 192c0 41.466-13.146 79.863-35.498 111.248l154.125 154.125c12.496 12.496 12.496 32.758 0 45.254s-32.758 12.496-45.254 0L367.248 412.502C335.862 434.854 297.467 448 256 448c-106.039 0-192-85.962-192-192z' fill='rgba(17, 35, 55, 0.65)'\/%3E%3C\/svg%3E\");--gf-label-space-y-secondary: var(--gf-label-space-y-md-secondary);--gf-ctrl-border-color: #686e77;--gf-ctrl-size: var(--gf-ctrl-size-md);--gf-ctrl-label-color-primary: #112337;--gf-ctrl-label-color-secondary: #112337;--gf-ctrl-choice-size: var(--gf-ctrl-choice-size-md);--gf-ctrl-checkbox-check-size: var(--gf-ctrl-checkbox-check-size-md);--gf-ctrl-radio-check-size: var(--gf-ctrl-radio-check-size-md);--gf-ctrl-btn-font-size: var(--gf-ctrl-btn-font-size-md);--gf-ctrl-btn-padding-x: var(--gf-ctrl-btn-padding-x-md);--gf-ctrl-btn-size: var(--gf-ctrl-btn-size-md);--gf-ctrl-btn-border-color-secondary: #686e77;--gf-ctrl-file-btn-bg-color-hover: #EBEBEB;--gf-field-img-choice-size: var(--gf-field-img-choice-size-md);--gf-field-img-choice-card-space: var(--gf-field-img-choice-card-space-md);--gf-field-img-choice-check-ind-size: var(--gf-field-img-choice-check-ind-size-md);--gf-field-img-choice-check-ind-icon-size: var(--gf-field-img-choice-check-ind-icon-size-md);--gf-field-pg-steps-number-color: rgba(17, 35, 55, 0.8);}<\/style>\n                        <div class='gform_heading'>\n                            <p class='gform_description'><\/p>\n                        <\/div><form method='post' enctype='multipart\/form-data'  id='gform_3'  action='\/it\/wp-json\/wp\/v2\/posts\/4090' data-formid='3' novalidate> \r\n <input type='hidden' class='gforms-pum' value='{\"closepopup\":false,\"closedelay\":0,\"openpopup\":false,\"openpopup_id\":0}' \/>\n                        <div class='gform-body gform_body'><div id='gform_fields_3' class='gform_fields top_label form_sublabel_below description_below validation_below'><div id=\"field_3_1\" class=\"gfield gfield--type-email gfield--input-type-email gfield_contains_required field_sublabel_below gfield--no-description field_description_below hidden_label field_validation_below gfield_visibility_visible\"  ><label class='gfield_label gform-field-label' for='input_3_1'>E-mail<span class=\"gfield_required\"><span class=\"gfield_required gfield_required_text\">(Obbligatorio)<\/span><\/span><\/label><div class='ginput_container ginput_container_email'>\n                            <input name='input_1' id='input_3_1' type='email' value='' class='large'    aria-required=\"true\" aria-invalid=\"false\"  \/>\n                        <\/div><\/div><fieldset id=\"field_3_4\" class=\"gfield gfield--type-consent gfield--type-choice gfield--input-type-consent gfield--width-full gfield_contains_required field_sublabel_below gfield--no-description field_description_below hidden_label field_validation_below gfield_visibility_visible\"  ><legend class='gfield_label gform-field-label gfield_label_before_complex' >RGPD<span class=\"gfield_required\"><span class=\"gfield_required gfield_required_text\">(Obbligatorio)<\/span><\/span><\/legend><div class='ginput_container ginput_container_consent'><input name='input_4.1' id='input_3_4_1' type='checkbox' value='1'   aria-required=\"true\" aria-invalid=\"false\"   \/> <label class=\"gform-field-label gform-field-label--type-inline gfield_consent_label\" for='input_3_4_1' >S\u00ec, desidero abbonarmi alla newsletter mensile<span class=\"gfield_required gfield_required_text\">(Obbligatorio)<\/span><\/label><input type='hidden' name='input_4.2' value='S\u00ec, desidero abbonarmi alla newsletter mensile' class='gform_hidden' \/><input type='hidden' name='input_4.3' value='1' class='gform_hidden' \/><\/div><\/fieldset><div id=\"field_3_5\" class=\"gfield gfield--type-website gfield--input-type-website gfield--width-full field_sublabel_below gfield--no-description field_description_below field_validation_below gfield_visibility_hidden\"  ><div class=\"admin-hidden-markup\"><i class=\"gform-icon gform-icon--hidden\" aria-hidden=\"true\" title=\"Questo campo \u00e8 nascosto quando si visualizza il modulo\"><\/i><span>Questo campo \u00e8 nascosto quando si visualizza il modulo<\/span><\/div><label class='gfield_label gform-field-label' for='input_3_5'>Site Web<\/label><div class='ginput_container ginput_container_website'>\n                    <input name='input_5' id='input_3_5' type='url' value='https:\/\/canarias-lovers.com\/it\/wp-json\/wp\/v2\/posts\/4090' class='large'    placeholder='https:\/\/'  aria-invalid=\"false\" \/>\n                <\/div><\/div><\/div><\/div>\n        <div class='gform-footer gform_footer top_label'> <input type='submit' id='gform_submit_button_3' class='gform_button button' onclick='gform.submission.handleButtonClick(this);' data-submission-type='submit' value='Abbonarsi'  \/> \n            <input type='hidden' class='gform_hidden' name='gform_submission_method' data-js='gform_submission_method_3' value='postback' \/>\n            <input type='hidden' class='gform_hidden' name='gform_theme' data-js='gform_theme_3' id='gform_theme_3' value='orbital' \/>\n            <input type='hidden' class='gform_hidden' name='gform_style_settings' data-js='gform_style_settings_3' id='gform_style_settings_3' value='{&quot;inputPrimaryColor&quot;:&quot;#204ce5&quot;}' \/>\n            <input type='hidden' class='gform_hidden' name='is_submit_3' value='1' \/>\n            <input type='hidden' class='gform_hidden' name='gform_submit' value='3' \/>\n            \n            <input type='hidden' class='gform_hidden' name='gform_currency' data-currency='EUR' value='ZwX1LJZayeY76qUfgLd+dHF\/3SrAZZCvoH93EtmA6S01PvHAcd1+1wH3ivALb+PcAF1i1A0vpYlklhspTC50wCfkDRCUA9lbvOPHWa5gf9IbI\/I=' \/>\n            <input type='hidden' class='gform_hidden' name='gform_unique_id' value='' \/>\n            <input type='hidden' class='gform_hidden' name='state_3' value='WyJ7XCI0LjFcIjpcIjg3MGIzYzZhNWQ4YTg2NGNkMjkzMjI4ZDZjZTM1N2NiXCIsXCI0LjJcIjpcIjY4YzJlYmYxMWJjZTE4Mzg5NDg1NjM5YzA2NDAxZDI4XCIsXCI0LjNcIjpcIjg3MGIzYzZhNWQ4YTg2NGNkMjkzMjI4ZDZjZTM1N2NiXCJ9IiwiMmU5OTdlYTRhYTQ2MGJjZjdhMjFmOGQ3ZmQ5NjBiZDEiXQ==' \/>\n            <input type='hidden' autocomplete='off' class='gform_hidden' name='gform_target_page_number_3' id='gform_target_page_number_3' value='0' \/>\n            <input type='hidden' autocomplete='off' class='gform_hidden' name='gform_source_page_number_3' id='gform_source_page_number_3' value='1' \/>\n            <input type='hidden' name='gform_field_values' value='' \/>\n            \n        <\/div>\n                        <\/form>\n                        <\/div><script>\ngform.initializeOnLoaded( function() {gformInitSpinner( 3, 'https:\/\/canarias-lovers.com\/wp-content\/plugins\/gravityforms\/images\/spinner.svg', false );jQuery('#gform_ajax_frame_3').on('load',function(){var contents = jQuery(this).contents().find('*').html();var is_postback = contents.indexOf('GF_AJAX_POSTBACK') >= 0;if(!is_postback){return;}var form_content = jQuery(this).contents().find('#gform_wrapper_3');var is_confirmation = jQuery(this).contents().find('#gform_confirmation_wrapper_3').length > 0;var is_redirect = contents.indexOf('gformRedirect(){') >= 0;var is_form = form_content.length > 0 && ! is_redirect && ! is_confirmation;var mt = parseInt(jQuery('html').css('margin-top'), 10) + parseInt(jQuery('body').css('margin-top'), 10) + 100;if(is_form){jQuery('#gform_wrapper_3').html(form_content.html());if(form_content.hasClass('gform_validation_error')){jQuery('#gform_wrapper_3').addClass('gform_validation_error');} else {jQuery('#gform_wrapper_3').removeClass('gform_validation_error');}setTimeout( function() { \/* delay the scroll by 50 milliseconds to fix a bug in chrome *\/  }, 50 );if(window['gformInitDatepicker']) {gformInitDatepicker();}if(window['gformInitPriceFields']) {gformInitPriceFields();}var current_page = jQuery('#gform_source_page_number_3').val();gformInitSpinner( 3, 'https:\/\/canarias-lovers.com\/wp-content\/plugins\/gravityforms\/images\/spinner.svg', false );jQuery(document).trigger('gform_page_loaded', [3, current_page]);window['gf_submitting_3'] = false;}else if(!is_redirect){var confirmation_content = jQuery(this).contents().find('.GF_AJAX_POSTBACK').html();if(!confirmation_content){confirmation_content = contents;}jQuery('#gform_wrapper_3').replaceWith(confirmation_content);jQuery(document).trigger('gform_confirmation_loaded', [3]);window['gf_submitting_3'] = false;wp.a11y.speak(jQuery('#gform_confirmation_message_3').text());}else{jQuery('#gform_3').append(contents);if(window['gformRedirect']) {gformRedirect();}}jQuery(document).trigger(\"gform_pre_post_render\", [{ formId: \"3\", currentPage: \"current_page\", abort: function() { this.preventDefault(); } }]);        if (event && event.defaultPrevented) {                return;        }        const gformWrapperDiv = document.getElementById( \"gform_wrapper_3\" );        if ( gformWrapperDiv ) {            const visibilitySpan = document.createElement( \"span\" );            visibilitySpan.id = \"gform_visibility_test_3\";            gformWrapperDiv.insertAdjacentElement( \"afterend\", visibilitySpan );        }        const visibilityTestDiv = document.getElementById( \"gform_visibility_test_3\" );        let postRenderFired = false;        function triggerPostRender() {            if ( postRenderFired ) {                return;            }            postRenderFired = true;            gform.core.triggerPostRenderEvents( 3, current_page );            if ( visibilityTestDiv ) {                visibilityTestDiv.parentNode.removeChild( visibilityTestDiv );            }        }        function debounce( func, wait, immediate ) {            var timeout;            return function() {                var context = this, args = arguments;                var later = function() {                    timeout = null;                    if ( !immediate ) func.apply( context, args );                };                var callNow = immediate && !timeout;                clearTimeout( timeout );                timeout = setTimeout( later, wait );                if ( callNow ) func.apply( context, args );            };        }        const debouncedTriggerPostRender = debounce( function() {            triggerPostRender();        }, 200 );        if ( visibilityTestDiv && visibilityTestDiv.offsetParent === null ) {            const observer = new MutationObserver( ( mutations ) => {                mutations.forEach( ( mutation ) => {                    if ( mutation.type === 'attributes' && visibilityTestDiv.offsetParent !== null ) {                        debouncedTriggerPostRender();                        observer.disconnect();                    }                });            });            observer.observe( document.body, {                attributes: true,                childList: false,                subtree: true,                attributeFilter: [ 'style', 'class' ],            });        } else {            triggerPostRender();        }    } );} );\n<\/script>\n<\/div>\n\n\n\n<div class=\"wp-block-column is-layout-flow wp-block-column-is-layout-flow\" style=\"flex-basis:42%\">\n<div class=\"wp-block-genesis-blocks-gb-container aligncenter newsletter-radius gb-block-container\"><div class=\"gb-container-inside\"><div class=\"gb-container-content\"><div class=\"wp-block-image newsletter-image\">\n<figure class=\"aligncenter size-full\"><img loading=\"lazy\" decoding=\"async\" width=\"729\" height=\"792\" src=\"https:\/\/canarias-lovers.com\/wp-content\/uploads\/2024\/06\/newsletter_FR_2.png\" alt=\"newsletter\" class=\"wp-image-1181\" srcset=\"https:\/\/canarias-lovers.com\/wp-content\/uploads\/2024\/06\/newsletter_FR_2.png 729w, https:\/\/canarias-lovers.com\/wp-content\/uploads\/2024\/06\/newsletter_FR_2-276x300.png 276w\" sizes=\"auto, (max-width: 729px) 100vw, 729px\" \/><\/figure>\n<\/div><\/div><\/div><\/div>\n<\/div>\n<\/div>\n<\/div><\/div><\/div>\n\n<h2 class=\"wp-block-heading\"><span class=\"ez-toc-section\" id=\"Consigli_utili_durata_orari_mangiare%E2%80%A6\"><\/span>Consigli utili: durata, orari, mangiare&#8230;<span class=\"ez-toc-section-end\"><\/span><\/h2>\n\n<h3 class=\"wp-block-heading\">Il momento migliore per visitare <\/h3>\n\n<p>Abbiamo viaggiato a Tenerife in inverno, e anche nel bel mezzo del pomeriggio siamo riusciti a visitare la torre in tutta tranquillit\u00e0. In alta stagione, probabilmente \u00e8 meglio programmare di salire la <strong>mattina<\/strong> presto.<\/p>\n\n<figure class=\"wp-block-image size-large\"><img decoding=\"async\" src=\"https:\/\/photos.smugmug.com\/Canarias-Lovers\/Tenerife\/San-Cristobal-de-La-Laguna\/Town\/i-LTvKsHk\/0\/KvJdpFPpSFnG999ppBDWsgm8238zh4ksr26483gr9\/L\/san-cristobal-la-laguna-L.jpg\" alt=\"Vista della Torre Concepci&#xF3;n a San Crist&#xF3;bal de La Laguna, Tenerife\"\/><\/figure>\n\n<h3 class=\"wp-block-heading\">Durata della visita e principali difficolt\u00e0<\/h3>\n\n<p>Preveda <strong>15-20 minuti<\/strong> per la visita.  <\/p>\n\n<p>Abbiamo contato <strong>circa un centinaio di gradini<\/strong>, alcuni dei quali piuttosto alti. Purtroppo, il layout del sito non consente ai visitatori con mobilit\u00e0 ridotta di accedere. Questo nonostante San Crist\u00f3bal de La Laguna sia stata votata come la citt\u00e0 pi\u00f9 accessibile d&#8217;Europa e abbia ricevuto l&#8217;<a href=\"https:\/\/www.fondshs.fr\/actualites\/accessibilite\/access-city-award-2024-san-cristobal-de-la-laguna-ville-plus-accessible-europe\" target=\"_blank\" rel=\"noreferrer noopener nofollow\">Access City Award 2024<\/a>.<\/p>\n\n<figure class=\"wp-block-image size-large\"><img decoding=\"async\" src=\"https:\/\/photos.smugmug.com\/Canarias-Lovers\/Tenerife\/San-Cristobal-de-La-Laguna\/Torre-de-la-Concepcion\/i-wL5BrTj\/0\/MgJn2smr6QqJRVk5fV3dfKmpG8NZ77c6DSk34Nhxq\/L\/map-torre-concepcion-la-laguna-tenerife-L.jpg\" alt=\"Pianta della Torre Concepci&#xF3;n a San Crist&#xF3;bal de La Laguna, Tenerife\"\/><\/figure>\n\n<h3 class=\"wp-block-heading\">Consigli su come visitare<\/h3>\n\n<p>C&#8217;\u00e8 solo un modo per visitare: in alto, poi in basso.  <\/p>\n\n<p>Tuttavia, ci sono delle restrizioni:  <\/p>\n\n<ul class=\"wp-block-list\">\n<li>La torre pu\u00f2 ospitare non pi\u00f9 di<strong> 39 persone<\/strong>,<\/li>\n\n\n\n<li>Solo <strong>7 persone per livello<\/strong>,<\/li>\n\n\n\n<li>E <strong>4 persone<\/strong> contemporaneamente all&#8217;ultimo piano.<\/li>\n<\/ul>\n\n<figure class=\"wp-block-image size-large\"><img decoding=\"async\" src=\"https:\/\/photos.smugmug.com\/Canarias-Lovers\/Tenerife\/San-Cristobal-de-La-Laguna\/Torre-de-la-Concepcion\/i-g9MzkxF\/0\/Nd8RVbxnSDgMBgfXPDVZwtxqDX4dRscmFhpkjVgvt\/L\/infos-torre-concepcion-la-laguna-tenerife-L.jpg\" alt=\"Istruzioni per visitare la Torre Concepci&#xF3;n a San Crist&#xF3;bal de La Laguna, Tenerife\"\/><\/figure>\n\n<div style=\"background-color:#fefefe;margin-top:6%;margin-bottom:6%\" class=\"wp-block-genesis-blocks-gb-container box gb-block-container\"><div class=\"gb-container-inside\"><div class=\"gb-container-content\" style=\"max-width:700px\">\n<div class=\"wp-block-columns inverse is-layout-flex wp-container-core-columns-is-layout-9d6595d7 wp-block-columns-is-layout-flex\">\n<div class=\"wp-block-column texte_planif is-layout-flow wp-block-column-is-layout-flow\" style=\"flex-basis:58%\">\n<h5 class=\"titre_box\">UN PO&#8217; PI\u00d9 DI <span class=\"titre_box_manuscrit\">pazienza<\/span><\/h5>\n\n\n\n<p style=\"font-size:14px\">Tutte le foto, le mappe, le informazioni e gli indirizzi utili di cui ha bisogno per sfruttare al meglio il <strong>suo soggiorno alle Canarie<\/strong> saranno <strong>presto<\/strong> disponibili in un unico ebook!<\/p>\n\n\n\n<p style=\"font-size:14px\">Se desidera essere informato sulla pubblicazione della nostra <strong>guida alle Canarie<\/strong>, si iscriva:<\/p>\n\n\n\n                <div class='gf_browser_gecko gform_wrapper gform-theme gform-theme--foundation gform-theme--framework gform-theme--orbital' data-form-theme='orbital' data-form-index='0' id='gform_wrapper_2' ><style>#gform_wrapper_2[data-form-index=\"0\"].gform-theme,[data-parent-form=\"2_0\"]{--gf-color-primary: #204ce5;--gf-color-primary-rgb: 32, 76, 229;--gf-color-primary-contrast: #fff;--gf-color-primary-contrast-rgb: 255, 255, 255;--gf-color-primary-darker: #001AB3;--gf-color-primary-lighter: #527EFF;--gf-color-secondary: #fff;--gf-color-secondary-rgb: 255, 255, 255;--gf-color-secondary-contrast: #112337;--gf-color-secondary-contrast-rgb: 17, 35, 55;--gf-color-secondary-darker: #F5F5F5;--gf-color-secondary-lighter: #FFFFFF;--gf-color-out-ctrl-light: rgba(17, 35, 55, 0.1);--gf-color-out-ctrl-light-rgb: 17, 35, 55;--gf-color-out-ctrl-light-darker: rgba(104, 110, 119, 0.35);--gf-color-out-ctrl-light-lighter: #F5F5F5;--gf-color-out-ctrl-dark: #585e6a;--gf-color-out-ctrl-dark-rgb: 88, 94, 106;--gf-color-out-ctrl-dark-darker: #112337;--gf-color-out-ctrl-dark-lighter: rgba(17, 35, 55, 0.65);--gf-color-in-ctrl: #fff;--gf-color-in-ctrl-rgb: 255, 255, 255;--gf-color-in-ctrl-contrast: #112337;--gf-color-in-ctrl-contrast-rgb: 17, 35, 55;--gf-color-in-ctrl-darker: #F5F5F5;--gf-color-in-ctrl-lighter: #FFFFFF;--gf-color-in-ctrl-primary: #204ce5;--gf-color-in-ctrl-primary-rgb: 32, 76, 229;--gf-color-in-ctrl-primary-contrast: #fff;--gf-color-in-ctrl-primary-contrast-rgb: 255, 255, 255;--gf-color-in-ctrl-primary-darker: #001AB3;--gf-color-in-ctrl-primary-lighter: #527EFF;--gf-color-in-ctrl-light: rgba(17, 35, 55, 0.1);--gf-color-in-ctrl-light-rgb: 17, 35, 55;--gf-color-in-ctrl-light-darker: rgba(104, 110, 119, 0.35);--gf-color-in-ctrl-light-lighter: #F5F5F5;--gf-color-in-ctrl-dark: #585e6a;--gf-color-in-ctrl-dark-rgb: 88, 94, 106;--gf-color-in-ctrl-dark-darker: #112337;--gf-color-in-ctrl-dark-lighter: rgba(17, 35, 55, 0.65);--gf-radius: 3px;--gf-font-size-secondary: 14px;--gf-font-size-tertiary: 13px;--gf-icon-ctrl-number: url(\"data:image\/svg+xml,%3Csvg width='8' height='14' viewBox='0 0 8 14' fill='none' xmlns='http:\/\/www.w3.org\/2000\/svg'%3E%3Cpath fill-rule='evenodd' clip-rule='evenodd' d='M4 0C4.26522 5.96046e-08 4.51957 0.105357 4.70711 0.292893L7.70711 3.29289C8.09763 3.68342 8.09763 4.31658 7.70711 4.70711C7.31658 5.09763 6.68342 5.09763 6.29289 4.70711L4 2.41421L1.70711 4.70711C1.31658 5.09763 0.683417 5.09763 0.292893 4.70711C-0.0976311 4.31658 -0.097631 3.68342 0.292893 3.29289L3.29289 0.292893C3.48043 0.105357 3.73478 0 4 0ZM0.292893 9.29289C0.683417 8.90237 1.31658 8.90237 1.70711 9.29289L4 11.5858L6.29289 9.29289C6.68342 8.90237 7.31658 8.90237 7.70711 9.29289C8.09763 9.68342 8.09763 10.3166 7.70711 10.7071L4.70711 13.7071C4.31658 14.0976 3.68342 14.0976 3.29289 13.7071L0.292893 10.7071C-0.0976311 10.3166 -0.0976311 9.68342 0.292893 9.29289Z' fill='rgba(17, 35, 55, 0.65)'\/%3E%3C\/svg%3E\");--gf-icon-ctrl-select: url(\"data:image\/svg+xml,%3Csvg width='10' height='6' viewBox='0 0 10 6' fill='none' xmlns='http:\/\/www.w3.org\/2000\/svg'%3E%3Cpath fill-rule='evenodd' clip-rule='evenodd' d='M0.292893 0.292893C0.683417 -0.097631 1.31658 -0.097631 1.70711 0.292893L5 3.58579L8.29289 0.292893C8.68342 -0.0976311 9.31658 -0.0976311 9.70711 0.292893C10.0976 0.683417 10.0976 1.31658 9.70711 1.70711L5.70711 5.70711C5.31658 6.09763 4.68342 6.09763 4.29289 5.70711L0.292893 1.70711C-0.0976311 1.31658 -0.0976311 0.683418 0.292893 0.292893Z' fill='rgba(17, 35, 55, 0.65)'\/%3E%3C\/svg%3E\");--gf-icon-ctrl-search: url(\"data:image\/svg+xml,%3Csvg width='640' height='640' xmlns='http:\/\/www.w3.org\/2000\/svg'%3E%3Cpath d='M256 128c-70.692 0-128 57.308-128 128 0 70.691 57.308 128 128 128 70.691 0 128-57.309 128-128 0-70.692-57.309-128-128-128zM64 256c0-106.039 85.961-192 192-192s192 85.961 192 192c0 41.466-13.146 79.863-35.498 111.248l154.125 154.125c12.496 12.496 12.496 32.758 0 45.254s-32.758 12.496-45.254 0L367.248 412.502C335.862 434.854 297.467 448 256 448c-106.039 0-192-85.962-192-192z' fill='rgba(17, 35, 55, 0.65)'\/%3E%3C\/svg%3E\");--gf-label-space-y-secondary: var(--gf-label-space-y-md-secondary);--gf-ctrl-border-color: #686e77;--gf-ctrl-size: var(--gf-ctrl-size-md);--gf-ctrl-label-color-primary: #112337;--gf-ctrl-label-color-secondary: #112337;--gf-ctrl-choice-size: var(--gf-ctrl-choice-size-md);--gf-ctrl-checkbox-check-size: var(--gf-ctrl-checkbox-check-size-md);--gf-ctrl-radio-check-size: var(--gf-ctrl-radio-check-size-md);--gf-ctrl-btn-font-size: var(--gf-ctrl-btn-font-size-md);--gf-ctrl-btn-padding-x: var(--gf-ctrl-btn-padding-x-md);--gf-ctrl-btn-size: var(--gf-ctrl-btn-size-md);--gf-ctrl-btn-border-color-secondary: #686e77;--gf-ctrl-file-btn-bg-color-hover: #EBEBEB;--gf-field-img-choice-size: var(--gf-field-img-choice-size-md);--gf-field-img-choice-card-space: var(--gf-field-img-choice-card-space-md);--gf-field-img-choice-check-ind-size: var(--gf-field-img-choice-check-ind-size-md);--gf-field-img-choice-check-ind-icon-size: var(--gf-field-img-choice-check-ind-icon-size-md);--gf-field-pg-steps-number-color: rgba(17, 35, 55, 0.8);}<\/style><form method='post' enctype='multipart\/form-data'  id='gform_2'  action='\/it\/wp-json\/wp\/v2\/posts\/4090' data-formid='2' novalidate> \r\n <input type='hidden' class='gforms-pum' value='{\"closepopup\":false,\"closedelay\":0,\"openpopup\":false,\"openpopup_id\":0}' \/>\n                        <div class='gform-body gform_body'><div id='gform_fields_2' class='gform_fields top_label form_sublabel_below description_below validation_below'><div id=\"field_2_1\" class=\"gfield gfield--type-website gfield--input-type-website field_sublabel_below gfield--no-description field_description_below field_validation_below gfield_visibility_hidden\"  ><div class=\"admin-hidden-markup\"><i class=\"gform-icon gform-icon--hidden\" aria-hidden=\"true\" title=\"Questo campo \u00e8 nascosto quando si visualizza il modulo\"><\/i><span>Questo campo \u00e8 nascosto quando si visualizza il modulo<\/span><\/div><label class='gfield_label gform-field-label' for='input_2_1'>Site Web<\/label><div class='ginput_container ginput_container_website'>\n                    <input name='input_1' id='input_2_1' type='url' value='https:\/\/canarias-lovers.com\/it\/wp-json\/wp\/v2\/posts\/4090' class='large'    placeholder='https:\/\/'  aria-invalid=\"false\" \/>\n                <\/div><\/div><div id=\"field_2_3\" class=\"gfield gfield--type-email gfield--input-type-email gfield--width-full gfield_contains_required field_sublabel_below gfield--no-description field_description_below hidden_label field_validation_below gfield_visibility_visible\"  ><label class='gfield_label gform-field-label' for='input_2_3'>E-mail<span class=\"gfield_required\"><span class=\"gfield_required gfield_required_text\">(Obbligatorio)<\/span><\/span><\/label><div class='ginput_container ginput_container_email'>\n                            <input name='input_3' id='input_2_3' type='email' value='' class='large'    aria-required=\"true\" aria-invalid=\"false\"  \/>\n                        <\/div><\/div><\/div><\/div>\n        <div class='gform-footer gform_footer top_label'> <input type='submit' id='gform_submit_button_2' class='gform_button button' onclick='gform.submission.handleButtonClick(this);' data-submission-type='submit' value='Abbonarsi'  \/> \n            <input type='hidden' class='gform_hidden' name='gform_submission_method' data-js='gform_submission_method_2' value='postback' \/>\n            <input type='hidden' class='gform_hidden' name='gform_theme' data-js='gform_theme_2' id='gform_theme_2' value='orbital' \/>\n            <input type='hidden' class='gform_hidden' name='gform_style_settings' data-js='gform_style_settings_2' id='gform_style_settings_2' value='{&quot;inputPrimaryColor&quot;:&quot;#204ce5&quot;}' \/>\n            <input type='hidden' class='gform_hidden' name='is_submit_2' value='1' \/>\n            <input type='hidden' class='gform_hidden' name='gform_submit' value='2' \/>\n            \n            <input type='hidden' class='gform_hidden' name='gform_currency' data-currency='EUR' value='bEMQEzYQevBmsEXzfL2MzAHa6TZvNrB7dMT6CwdnB9i+QymH4LGAbNHT9yxRsiiMQvRhkEUTdqCl1M1Zm9dpg\/5an5wc\/zhMgnLqk+cRVUkpEFE=' \/>\n            <input type='hidden' class='gform_hidden' name='gform_unique_id' value='' \/>\n            <input type='hidden' class='gform_hidden' name='state_2' value='WyJbXSIsImYwNjdmM2RlZjkzZGI5YjM2NWY4ZmY4ZDRhNWY0OGY0Il0=' \/>\n            <input type='hidden' autocomplete='off' class='gform_hidden' name='gform_target_page_number_2' id='gform_target_page_number_2' value='0' \/>\n            <input type='hidden' autocomplete='off' class='gform_hidden' name='gform_source_page_number_2' id='gform_source_page_number_2' value='1' \/>\n            <input type='hidden' name='gform_field_values' value='' \/>\n            \n        <\/div>\n                        <\/form>\n                        <\/div><script>\ngform.initializeOnLoaded( function() {gformInitSpinner( 2, 'https:\/\/canarias-lovers.com\/wp-content\/plugins\/gravityforms\/images\/spinner.svg', false );jQuery('#gform_ajax_frame_2').on('load',function(){var contents = jQuery(this).contents().find('*').html();var is_postback = contents.indexOf('GF_AJAX_POSTBACK') >= 0;if(!is_postback){return;}var form_content = jQuery(this).contents().find('#gform_wrapper_2');var is_confirmation = jQuery(this).contents().find('#gform_confirmation_wrapper_2').length > 0;var is_redirect = contents.indexOf('gformRedirect(){') >= 0;var is_form = form_content.length > 0 && ! is_redirect && ! is_confirmation;var mt = parseInt(jQuery('html').css('margin-top'), 10) + parseInt(jQuery('body').css('margin-top'), 10) + 100;if(is_form){jQuery('#gform_wrapper_2').html(form_content.html());if(form_content.hasClass('gform_validation_error')){jQuery('#gform_wrapper_2').addClass('gform_validation_error');} else {jQuery('#gform_wrapper_2').removeClass('gform_validation_error');}setTimeout( function() { \/* delay the scroll by 50 milliseconds to fix a bug in chrome *\/  }, 50 );if(window['gformInitDatepicker']) {gformInitDatepicker();}if(window['gformInitPriceFields']) {gformInitPriceFields();}var current_page = jQuery('#gform_source_page_number_2').val();gformInitSpinner( 2, 'https:\/\/canarias-lovers.com\/wp-content\/plugins\/gravityforms\/images\/spinner.svg', false );jQuery(document).trigger('gform_page_loaded', [2, current_page]);window['gf_submitting_2'] = false;}else if(!is_redirect){var confirmation_content = jQuery(this).contents().find('.GF_AJAX_POSTBACK').html();if(!confirmation_content){confirmation_content = contents;}jQuery('#gform_wrapper_2').replaceWith(confirmation_content);jQuery(document).trigger('gform_confirmation_loaded', [2]);window['gf_submitting_2'] = false;wp.a11y.speak(jQuery('#gform_confirmation_message_2').text());}else{jQuery('#gform_2').append(contents);if(window['gformRedirect']) {gformRedirect();}}jQuery(document).trigger(\"gform_pre_post_render\", [{ formId: \"2\", currentPage: \"current_page\", abort: function() { this.preventDefault(); } }]);        if (event && event.defaultPrevented) {                return;        }        const gformWrapperDiv = document.getElementById( \"gform_wrapper_2\" );        if ( gformWrapperDiv ) {            const visibilitySpan = document.createElement( \"span\" );            visibilitySpan.id = \"gform_visibility_test_2\";            gformWrapperDiv.insertAdjacentElement( \"afterend\", visibilitySpan );        }        const visibilityTestDiv = document.getElementById( \"gform_visibility_test_2\" );        let postRenderFired = false;        function triggerPostRender() {            if ( postRenderFired ) {                return;            }            postRenderFired = true;            gform.core.triggerPostRenderEvents( 2, current_page );            if ( visibilityTestDiv ) {                visibilityTestDiv.parentNode.removeChild( visibilityTestDiv );            }        }        function debounce( func, wait, immediate ) {            var timeout;            return function() {                var context = this, args = arguments;                var later = function() {                    timeout = null;                    if ( !immediate ) func.apply( context, args );                };                var callNow = immediate && !timeout;                clearTimeout( timeout );                timeout = setTimeout( later, wait );                if ( callNow ) func.apply( context, args );            };        }        const debouncedTriggerPostRender = debounce( function() {            triggerPostRender();        }, 200 );        if ( visibilityTestDiv && visibilityTestDiv.offsetParent === null ) {            const observer = new MutationObserver( ( mutations ) => {                mutations.forEach( ( mutation ) => {                    if ( mutation.type === 'attributes' && visibilityTestDiv.offsetParent !== null ) {                        debouncedTriggerPostRender();                        observer.disconnect();                    }                });            });            observer.observe( document.body, {                attributes: true,                childList: false,                subtree: true,                attributeFilter: [ 'style', 'class' ],            });        } else {            triggerPostRender();        }    } );} );\n<\/script>\n<\/div>\n\n\n\n<div class=\"wp-block-column is-layout-flow wp-block-column-is-layout-flow\" style=\"flex-basis:42%\">\n<div class=\"wp-block-genesis-blocks-gb-container ebook-radius-waitlist gb-block-container\"><div class=\"gb-container-inside\"><div class=\"gb-container-content\"><div class=\"wp-block-image ebook-image\">\n<figure class=\"aligncenter size-large\"><img decoding=\"async\" src=\"https:\/\/loirelovers.fr\/wp-content\/uploads\/2023\/03\/ebooks_CorseNormandie_FR.png\" alt=\"Box Ebook Corsica FR\"\/><\/figure>\n<\/div><\/div><\/div><\/div>\n<\/div>\n<\/div>\n<\/div><\/div><\/div>\n\n<h3 class=\"wp-block-heading\">Visita con i bambini<\/h3>\n\n<p>La torre \u00e8 accessibile ai bambini. Tuttavia, \u00e8 alto 28 metri e abbiamo contato un centinaio di gradini. \u00c8 meglio assicurarsi che i bambini possano salire in cima e che non abbiano paura dell&#8217;altezza. Faccia attenzione, le scale sono <strong>Claire<\/strong> e una volta in cima, il campanile \u00e8 aperto ai quattro venti.<\/p>\n\n<figure class=\"wp-block-image size-large\"><img decoding=\"async\" src=\"https:\/\/photos.smugmug.com\/Canarias-Lovers\/Tenerife\/San-Cristobal-de-La-Laguna\/Torre-de-la-Concepcion\/i-Sv46Vjm\/0\/KFG54TwBdMs5TqhxrJk5wtDS3zGJNVHdXX4SnPjN8\/L\/wooden-stairs-torre-concepcion-la-laguna-tenerife-L.jpg\" alt=\"Scala in legno nella Torre de la Concepci&#xF3;n, a San Crist&#xF3;bal de La Laguna, Tenerife.\"\/><\/figure>\n\n<h3 class=\"wp-block-heading\">Orari e prezzi<\/h3>\n\n<p>Abbiamo pagato <strong>2 euro<\/strong> per una visita alla torre, abbinata alla visita di un altro monumento della citt\u00e0: la <a href=\"https:\/\/canarias-lovers.com\/it\/visitare-chiesa-concepcion-san-cristobal-la-laguna-tenerife\/\" target=\"_blank\" rel=\"noreferrer noopener\">chiesa Nuestra Se\u00f1ora de la Concepci\u00f3n<\/a>, la <a href=\"https:\/\/canarias-lovers.com\/it\/visitare-chiesa-concepcion-san-cristobal-la-laguna-tenerife\/\" target=\"_blank\" rel=\"noreferrer noopener\">chiesa Santo Domingo de Guzman<\/a> o la Casa Salazar Obispado.<\/p>\n\n<p>La Torre de la Concepci\u00f3n \u00e8 aperta:<\/p>\n\n<ul class=\"wp-block-list\">\n<li>Il luned\u00ec dalle 10.00 alle 14.00<\/li>\n\n\n\n<li>Dal marted\u00ec al venerd\u00ec, dalle 10.00 alle 17.00.  <\/li>\n<\/ul>\n\n<p>Per maggiori dettagli, contatti l&#8217;<strong>Ufficio del Turismo di La Laguna<\/strong> <a href=\"https:\/\/turismo.aytolalaguna.es\/en\/\" target=\"_blank\" rel=\"noreferrer noopener nofollow\">qui<\/a> o per telefono al numero (34) 922 25 86 40.<\/p>\n\n<figure class=\"wp-block-image size-large\"><img decoding=\"async\" src=\"https:\/\/photos.smugmug.com\/Canarias-Lovers\/Tenerife\/San-Cristobal-de-La-Laguna\/Torre-de-la-Concepcion\/i-FmqDkJR\/0\/M6GHsRSD9KD29fJGR5ZPLNGBL3NSrPPqGwgp5LtHN\/L\/oriel-torre-concepcion-la-laguna-tenerife-L.jpg\" alt=\"Interni della Torre de la Concepci&#xF3;n a San Crist&#xF3;bal de La Laguna, Tenerife\"\/><\/figure>\n\n<h3 class=\"wp-block-heading\">Restauro<\/h3>\n\n<p>Il nostro articolo sui migliori ristoranti di San Crist\u00f3bal de La Laguna sar\u00e0 disponibile a breve.<\/p>\n\n<h2 class=\"wp-block-heading\"><span class=\"ez-toc-section\" id=\"Un_esterno_imponente_da_non_perdere\"><\/span>Un esterno imponente da non perdere<span class=\"ez-toc-section-end\"><\/span><\/h2>\n\n<p>Quando arrivammo ai piedi della torre, fummo colpiti dalla sua imponente sagoma scura. Ci ha ricordato i campanili italiani.<\/p>\n\n<h3 class=\"wp-block-heading\">Un edificio nel cuore del centro storico<\/h3>\n\n<p>La torre occupa una posizione centrale. La sua posizione strategica la rende un <strong>punto di riferimento<\/strong> unico e un <strong>simbolo della<\/strong> citt\u00e0. Situato all&#8217;estremit\u00e0 del fianco settentrionale della chiesa Nuestra Se\u00f1rora de la Concepci\u00f3n, chiude la vista da diverse strade e domina il <strong>paesaggio urbano<\/strong>. Abbiamo notato che era visibile da quasi tutto il centro storico.<\/p>\n\n<figure class=\"wp-block-image size-large\"><img decoding=\"async\" src=\"https:\/\/photos.smugmug.com\/Canarias-Lovers\/Tenerife\/San-Cristobal-de-La-Laguna\/Torre-de-la-Concepcion\/i-6jhHP2K\/0\/K4HJbkDBmd8FB75ZJXxBbrQK9tHgTQfPcqNsRhbtC\/L\/general-view-torre-concepcion-la-laguna-tenerife-L.jpg\" alt=\"Vista della Torre Concepci&#xF3;n a San Crist&#xF3;bal de La Laguna, Tenerife\"\/><\/figure>\n\n<h3 class=\"wp-block-heading\">Pietre vulcaniche scure<\/h3>\n\n<p>Il campanile \u00e8 stato costruito utilizzando la pietra vulcanica locale, come quella presente nella maggior parte degli <strong>edifici coloniali<\/strong> delle Isole Canarie. Ci \u00e8 piaciuto il loro colore scuro, che contrasta con le facciate colorate degli edifici circostanti. Inoltre, hanno una <strong>consistenza ruvida<\/strong> che rafforza l&#8217;aspetto grezzo, imponente e austero della torre.<\/p>\n\n<figure class=\"wp-block-image size-large\"><img decoding=\"async\" src=\"https:\/\/photos.smugmug.com\/Canarias-Lovers\/Tenerife\/San-Cristobal-de-La-Laguna\/Torre-de-la-Concepcion\/i-sBDtvKw\/0\/MqVrxXR8zhCRm95JNRtnvDGLZfr9bbwX4CBLL5MrG\/L\/downstairs-torre-concepcion-la-laguna-tenerife-L.jpg\" alt=\"La Torre Concepci&#xF3;n a San Crist&#xF3;bal de La Laguna, Tenerife\"\/><\/figure>\n\n<h2 class=\"wp-block-heading\"><span class=\"ez-toc-section\" id=\"Salga_le_scale_fino_in_cima\"><\/span>Salga le scale fino in cima<span class=\"ez-toc-section-end\"><\/span><\/h2>\n\n<p>Una volta entrati, abbiamo iniziato la scalata della torre di 28 metri fino alla cima del campanile.<\/p>\n\n<h3 class=\"wp-block-heading\">Una struttura tradizionale in legno<\/h3>\n\n<p>Mentre i primi gradini, che portano al primo piano, sono in <strong>pietra<\/strong>, il resto della scala della torre \u00e8 in <strong>legno<\/strong>. \u00c8 stato recentemente restaurato. Abbiamo apprezzato il mix di legno e pietra vulcanica grezza su ogni piano, tipico degli edifici coloniali delle Isole Canarie.<\/p>\n\n<figure class=\"wp-block-image size-large\"><img decoding=\"async\" src=\"https:\/\/photos.smugmug.com\/Canarias-Lovers\/Tenerife\/San-Cristobal-de-La-Laguna\/Torre-de-la-Concepcion\/i-zbmH37j\/0\/Kj6kB6bPNQrWrXVqmt8CRm3NjV2tn5ZRwv2TxcjGx\/L\/floor2-torre-concepcion-la-laguna-tenerife-L.jpg\" alt=\"Primo piano della Torre de la Concepci&#xF3;n, a San Crist&#xF3;bal de La Laguna, Tenerife.\"\/><\/figure>\n\n<p>Il pavimento \u00e8 inizialmente in pietra grigia, ma viene successivamente alleggerito da un pavimento in legno a strisce larghe che aggiunge calore all&#8217;arredamento spoglio della torre.<\/p>\n\n<figure class=\"wp-block-image size-large\"><img decoding=\"async\" src=\"https:\/\/photos.smugmug.com\/Canarias-Lovers\/Tenerife\/San-Cristobal-de-La-Laguna\/Torre-de-la-Concepcion\/i-V8Bfs32\/0\/LwGGtqbJLpxg4PbN79sPMM4MHQhHrnFsm8G4kwNNS\/L\/upper-floor-torre-concepcion-la-laguna-tenerife-L.jpg\" alt=\"L'ultimo piano della Torre de la Concepci&#xF3;n a San Crist&#xF3;bal de La Laguna, Tenerife\"\/><\/figure>\n\n<h3 class=\"wp-block-heading\">Cinque piani fino alla Salle des Cloches<\/h3>\n\n<p>La scala cambia forma e struttura per raggiungere i livelli superiori. L&#8217;abbiamo raggiunta attraverso una scala <strong>a chiocciola<\/strong>. I gradini sono in legno e poggiano su un supporto in metallo.<\/p>\n\n<figure class=\"wp-block-image size-large\"><img decoding=\"async\" src=\"https:\/\/photos.smugmug.com\/Canarias-Lovers\/Tenerife\/San-Cristobal-de-La-Laguna\/Torre-de-la-Concepcion\/i-LMcBRcJ\/0\/Kj6kxZjSvZmFzn5KwgbgmZVkHs3c84m5cxS75Vw6n\/L\/upper-stairs-torre-concepcion-la-laguna-tenerife-L.jpg\" alt=\"Scala a chiocciola nella Torre de la Concepci&#xF3;n, a San Crist&#xF3;bal de La Laguna, Tenerife.\"\/><\/figure>\n\n<p>L&#8217;accesso alla Sala della Campana al quinto piano \u00e8 estremamente stretto. \u00c8 anche protetto da una <strong>gabbia di vetro<\/strong> che lascia passare la luce e impedisce la caduta.<\/p>\n\n<figure class=\"wp-block-image size-large\"><img decoding=\"async\" src=\"https:\/\/photos.smugmug.com\/Canarias-Lovers\/Tenerife\/San-Cristobal-de-La-Laguna\/Torre-de-la-Concepcion\/i-664Wrxr\/0\/MhwCd6XJsQcDPfk2jPH6WssCnhxmcXhGzWZjhQdTV\/L\/upper-staircase-torre-concepcion-la-laguna-tenerife-L.jpg\" alt=\"Le scale della Torre de la Concepci&#xF3;n a San Crist&#xF3;bal de La Laguna, a Tenerife.\"\/><\/figure>\n\n<p>\u00c8 possibile proseguire fino al sesto livello, la <strong>cima ottagonale della<\/strong> torre, attraverso la stessa scala a chiocciola. Ci siamo accontentati di ammirare la vista dal quinto piano.<\/p>\n\n<h2 class=\"wp-block-heading\"><span class=\"ez-toc-section\" id=\"Un_carillon_nel_cuore_della_torre\"><\/span>Un carillon nel cuore della torre<span class=\"ez-toc-section-end\"><\/span><\/h2>\n\n<p>Oltre alla splendida vista, \u00e8 stata la massa metallica delle campane di bronzo a colpirci maggiormente. Sono posizionati strategicamente per segnare il tempo e gli eventi importanti.<\/p>\n\n<h3 class=\"wp-block-heading\">Un set di 6 campane storiche<\/h3>\n\n<p>Mentre abbiamo notato campane a terra lungo tutta la scalinata, abbiamo contato sei campane nel campanile. Ognuno di essi ha una dimensione e un tono specifici, e anche una storia.<\/p>\n\n<figure class=\"wp-block-image size-large\"><img decoding=\"async\" src=\"https:\/\/photos.smugmug.com\/Canarias-Lovers\/Tenerife\/San-Cristobal-de-La-Laguna\/Torre-de-la-Concepcion\/i-ccS7q8X\/0\/NDtgzkm3vJGBszWbQrZth4NxgHV4KNLVwSPfPVncr\/L\/bells-room-torre-concepcion-la-laguna-tenerife-L.jpg\" alt=\"Campane nella Torre de la Concepci&#xF3;n a San Crist&#xF3;bal de La Laguna, Tenerife\"\/><\/figure>\n\n<p>Le due campane pi\u00f9 grandi risalgono al 1930. Quella pi\u00f9 piccola e pi\u00f9 vecchia risale al 1730. Due delle altre campane della torre sono ancora pi\u00f9 antiche: 1724 e 1666. Un altro \u00e8 pi\u00f9 recente, risale al 1976.<\/p>\n\n<figure class=\"wp-block-image size-large\"><img decoding=\"async\" src=\"https:\/\/photos.smugmug.com\/Canarias-Lovers\/Tenerife\/San-Cristobal-de-La-Laguna\/Torre-de-la-Concepcion\/i-CvfBX79\/0\/KF4Ks58R6nXKKt645bbpTF9p8JqhDS4TTwNZFtGcN\/L\/bell-view-torre-concepcion-la-laguna-tenerife-L.jpg\" alt=\"Piccola campana nella Torre de la Concepci&#xF3;n a San Crist&#xF3;bal de La Laguna, Tenerife\"\/><\/figure>\n\n<h3 class=\"wp-block-heading\">Acustica sacra<\/h3>\n\n<p>Il carillon della Torre de la Concepci\u00f3n contribuisce all&#8217;atmosfera sonora della citt\u00e0. Ha un ruolo importante nella vita quotidiana e nelle celebrazioni religiose. Il suo tintinnio \u00e8 parte integrante del paesaggio sonoro della citt\u00e0.<\/p>\n\n<figure class=\"wp-block-image size-large\"><img decoding=\"async\" src=\"https:\/\/photos.smugmug.com\/Canarias-Lovers\/Tenerife\/San-Cristobal-de-La-Laguna\/Torre-de-la-Concepcion\/i-PhwPW3g\/0\/LMTqbKvF7MrmR89gTNTxKg3BNJx74qsGhLb22ZfTx\/L\/bell-torre-concepcion-la-laguna-tenerife-L.jpg\" alt=\"Grande campana nella Torre de la Concepci&#xF3;n a San Crist&#xF3;bal de La Laguna, Tenerife\"\/><\/figure>\n\n<h2 class=\"wp-block-heading\"><span class=\"ez-toc-section\" id=\"Una_vista_panoramica_indimenticabile\"><\/span>Una vista panoramica indimenticabile<span class=\"ez-toc-section-end\"><\/span><\/h2>\n\n<p>Ma al di l\u00e0 delle campane, ci\u00f2 che ci ha colpito di pi\u00f9 \u00e8 stata la vista su San Crist\u00f3bal de La Laguna e sulla campagna circostante.<\/p>\n\n<h3 class=\"wp-block-heading\">Viste mozzafiato a 360\u00b0 dell&#8217;area circostante<\/h3>\n\n<p>La vista dalla cima della torre \u00e8 eccezionale. Potr\u00e0 ammirare le <strong>linee rette delle strade<\/strong> e la <strong>costruzione dei tetti<\/strong> nel centro storico, cos\u00ec come le <strong>colline<\/strong> circostanti fino all&#8217;oceano.<\/p>\n\n<figure class=\"wp-block-image size-large\"><img decoding=\"async\" src=\"https:\/\/photos.smugmug.com\/Canarias-Lovers\/Tenerife\/San-Cristobal-de-La-Laguna\/Torre-de-la-Concepcion\/i-Hjjs5kk\/0\/Mh54qzXjrf86JvmW4ztmddRdrQgds26Sf35j7ZTN9\/L\/streetview-top-torre-concepcion-la-laguna-tenerife-L.jpg\" alt=\"Vista della strada dalla Torre de la Concepci&#xF3;n a San Crist&#xF3;bal de La Laguna, Tenerife\"\/><\/figure>\n\n<p>Siamo stati fortunati perch\u00e9, nonostante le nuvole, siamo riusciti a scorgere il <strong>profilo di Gran Canaria<\/strong> sopra la citt\u00e0, come un acquerello sulla superficie dell&#8217;acqua.<\/p>\n\n<figure class=\"wp-block-image size-large\"><img decoding=\"async\" src=\"https:\/\/photos.smugmug.com\/Canarias-Lovers\/Tenerife\/San-Cristobal-de-La-Laguna\/Torre-de-la-Concepcion\/i-MxXxG9X\/0\/NBCkh4Hz3WKxJ7wNZRhVbqXWJMwcpx3cpX35s48M6\/L\/view-torre-concepcion-la-laguna-tenerife-L.jpg\" alt=\"Vista dei tetti dalla Torre de la Concepci&#xF3;n a San Crist&#xF3;bal de La Laguna, Tenerife\"\/><\/figure>\n\n<h3 class=\"wp-block-heading\">La location perfetta per foto memorabili<\/h3>\n\n<p>E, naturalmente, \u00e8 il luogo perfetto per catturare bellissime <strong>immagini<\/strong> e <strong>ricordi<\/strong>. I panorami sono superbi e offrono molte opportunit\u00e0. Ci siamo divertiti a giocare con la struttura e i dettagli architettonici della torre, in particolare con le aperture a volta.<\/p>\n\n<figure class=\"wp-block-image size-large\"><img decoding=\"async\" src=\"https:\/\/photos.smugmug.com\/Canarias-Lovers\/Tenerife\/San-Cristobal-de-La-Laguna\/Torre-de-la-Concepcion\/i-VnvqQVC\/0\/LgrKgsmNN67BvJqTC8xKGJGMBcb5pQBVqcZ5CfrKF\/L\/top-torre-concepcion-la-laguna-tenerife-L.jpg\" alt=\"Vista attraverso le aperture della Torre de la Concepci&#xF3;n, a San Crist&#xF3;bal de La Laguna, Tenerife.\"\/><\/figure>\n\n<div style=\"margin-top:8%;margin-bottom:8%\" class=\"wp-block-genesis-blocks-gb-container box gb-block-container\"><div class=\"gb-container-inside\"><div class=\"gb-container-content\" style=\"max-width:700px\">\n<div class=\"wp-block-genesis-blocks-gb-container box_titre gb-block-container\"><div class=\"gb-container-inside\"><div class=\"gb-container-content\">\n<h5 class=\"titre_box\"><span>PIANIFICHI<\/span> IL SUO VIAGGIO A <span class=\"titre_box_manuscrit\">Tenerife<\/span><\/h5>\n<\/div><\/div><\/div>\n\n\n\n<hr class=\"wp-block-separator has-text-color has-alpha-channel-opacity has-background is-style-wide hr-box-planif\" style=\"background-color:#ccd3dd;color:#ccd3dd\"\/>\n\n\n\n<div class=\"wp-block-columns box_sans_border is-layout-flex wp-container-core-columns-is-layout-9d6595d7 wp-block-columns-is-layout-flex\">\n<div class=\"wp-block-column texte_planif is-layout-flow wp-block-column-is-layout-flow\" style=\"font-size:14px;flex-basis:60%\">\n<ul class=\"wp-block-list\">\n<li><strong>Il meglio di<\/strong><\/li>\n<\/ul>\n\n\n\n<p class=\"ul_box\" style=\"font-size:14px\"><a href=\"https:\/\/canarias-lovers.com\/it\/cosa-vedere-tenerife-attrazioni\/e-faire-tenerife-attractions\/\" target=\"_blank\" rel=\"noreferrer noopener\">Cosa fare a Tenerife<\/a><br\/><a href=\"https:\/\/canarias-lovers.com\/it\/migliori-citta-tenerife-borghi\/\" target=\"_blank\" rel=\"noreferrer noopener\">Le citt\u00e0 e i villaggi pi\u00f9 belli<\/a><br\/><a href=\"https:\/\/canarias-lovers.com\/it\/migliori-spiagge-tenerife\/\" target=\"_blank\" rel=\"noreferrer noopener\">Le spiagge pi\u00f9 belle<\/a><br\/><a href=\"https:\/\/canarias-lovers.com\/it\/piscine-naturali-tenerife-lagune\/\" target=\"_blank\" rel=\"noreferrer noopener\">Le migliori piscine naturali<\/a><br\/><a href=\"https:\/\/canarias-lovers.com\/it\/migliori-paesaggi-tenerife-foto\/\" target=\"_blank\" rel=\"noreferrer noopener\">I paesaggi pi\u00f9 belli<\/a><br\/><a href=\"https:\/\/canarias-lovers.com\/it\/strade-piu-belle-tenerife\/\" target=\"_blank\" rel=\"noreferrer noopener\">Le strade pi\u00f9 belle<\/a><br\/><a data-type=\"post\" data-id=\"6866\" href=\"https:\/\/canarias-lovers.com\/it\/parchi-divertimento-tenerife\/\" target=\"_blank\" rel=\"noreferrer noopener\">Parchi di divertimento<\/a><br\/><a href=\"https:\/\/canarias-lovers.com\/it\/migliori-escursioni-tenerife\/\" type=\"post\" id=\"8548\" target=\"_blank\" rel=\"noreferrer noopener\">Le migliori escursioni a Tenerife<\/a><\/p>\n<\/div>\n\n\n\n<div class=\"wp-block-column is-vertically-aligned-top planif-radius is-layout-flow wp-block-column-is-layout-flow\" style=\"flex-basis:40%\">\n<figure class=\"wp-block-image size-large img-portrait\"><img decoding=\"async\" src=\"https:\/\/photos.smugmug.com\/Canarias-Lovers\/Tenerife\/Best-of\/i-pvFVTGs\/0\/0848ad4a\/S\/parc-national-teide-tenerife-S.jpg\" alt=\"Parco Nazionale del Teide a Tenerife\" title=\"\"\/><\/figure>\n<\/div>\n<\/div>\n\n\n\n<hr class=\"wp-block-separator has-text-color has-alpha-channel-opacity has-background is-style-wide hr-box-planif\" style=\"background-color:#ccd3dd;color:#ccd3dd\"\/>\n\n\n\n<div class=\"wp-block-columns box_sans_border is-layout-flex wp-container-core-columns-is-layout-9d6595d7 wp-block-columns-is-layout-flex\">\n<div class=\"wp-block-column texte_planif is-layout-flow wp-block-column-is-layout-flow\" style=\"flex-basis:60%\">\n<ul class=\"wp-block-list\">\n<li><strong>Consigli pratici<\/strong><\/li>\n<\/ul>\n\n\n\n<p style=\"font-size:14px\"><a data-type=\"post\" data-id=\"5907\" href=\"https:\/\/canarias-lovers.com\/it\/guida-viaggio-tenerife-consigli\/\" target=\"_blank\" rel=\"noreferrer noopener\">25 consigli per un viaggio di successo a Tenerife<\/a><br\/><a data-type=\"post\" data-id=\"6143\" href=\"https:\/\/canarias-lovers.com\/it\/come-muoversi-tenerife-trasporto\/\" target=\"_blank\" rel=\"noreferrer noopener\">Come spostarsi<\/a><br\/><a data-type=\"post\" data-id=\"2175\" href=\"https:\/\/canarias-lovers.com\/it\/come-noleggiare-auto-tenerife-consigli-esperienze\/\" target=\"_blank\" rel=\"noreferrer noopener\">Come noleggiare un&#8217;auto a Tenerife<\/a><br\/><a data-type=\"post\" data-id=\"5963\" href=\"https:\/\/canarias-lovers.com\/it\/conduire-tenerife-conseils\/\" target=\"_blank\" rel=\"noreferrer noopener\">Suggerimenti per la guida<\/a><br\/>Le migliori escursioni (in arrivo)<br\/><a data-type=\"post\" data-id=\"5908\" href=\"https:\/\/canarias-lovers.com\/it\/dove-alloggiare-tenerife-migliori-destinazioni\/\" target=\"_blank\" rel=\"noreferrer noopener\">Dove alloggiare a Tenerife<\/a><br\/>Itinerari: 3 giorni &#8211; 4 giorni &#8211; <a href=\"https:\/\/canarias-lovers.com\/it\/visitare-5-giorni-tenerife-itinerario\/\" target=\"_blank\" rel=\"noreferrer noopener\">5 giorni <\/a>&#8211; <a href=\"https:\/\/canarias-lovers.com\/it\/visitare-6-giorni-tenerife-itinerario\/\" target=\"_blank\" rel=\"noreferrer noopener\">6 giorni<\/a> &#8211; <a href=\"https:\/\/canarias-lovers.com\/it\/visitare-tenerife-una-settimana-itinerario\/\" target=\"_blank\" rel=\"noreferrer noopener\">1 settimana <\/a>&#8211; <a href=\"https:\/\/canarias-lovers.com\/it\/visitare-tenerife-10-giorni-itinerario\/\" target=\"_blank\" rel=\"noreferrer noopener\">10 giorni<\/a><\/p>\n<\/div>\n\n\n\n<div class=\"wp-block-column is-vertically-aligned-top planif-radius is-layout-flow wp-block-column-is-layout-flow\" style=\"flex-basis:40%\">\n<figure class=\"wp-block-image size-large img-portrait\"><img decoding=\"async\" src=\"https:\/\/photos.smugmug.com\/Canarias-Lovers\/Tenerife\/Driving\/i-hrSHvkb\/1\/565a5a58\/S\/tenerife-rental-car-driving-3-S.jpg\" alt=\"Noleggio auto Tenerife\" title=\"\"\/><\/figure>\n<\/div>\n<\/div>\n\n\n\n<hr class=\"wp-block-separator has-text-color has-alpha-channel-opacity has-background is-style-wide hr-box-planif\" style=\"background-color:#ccd3dd;color:#ccd3dd\"\/>\n\n\n\n<div class=\"wp-block-columns box_sans_border is-layout-flex wp-container-core-columns-is-layout-9d6595d7 wp-block-columns-is-layout-flex\">\n<div class=\"wp-block-column texte_planif is-layout-flow wp-block-column-is-layout-flow\" style=\"flex-basis:60%\">\n<ul class=\"wp-block-list\">\n<li><strong>Cosa vedere<\/strong><\/li>\n<\/ul>\n\n\n\n<p style=\"font-size:14px\"><a href=\"https:\/\/canarias-lovers.com\/it\/escursione-delfini-tenerife-balene\/\" target=\"_blank\" rel=\"noreferrer noopener\">Osservazione dei delfini a Tenerife<\/a><br\/><a data-type=\"post\" data-id=\"5913\" href=\"https:\/\/canarias-lovers.com\/it\/parco-nazionale-teide-tenerife-attrazioni-guida\/-attractions\/\" target=\"_blank\" rel=\"noreferrer noopener\">Parco Nazionale del Teide<\/a><br\/>Parco rurale di Anaga (in arrivo)<br\/><a href=\"https:\/\/canarias-lovers.com\/it\/cosa-vedere-la-orotava-tenerife-visitare\/\" target=\"_blank\" rel=\"noreferrer noopener\">La Orotava<\/a><br\/><a data-type=\"post\" data-id=\"4663\" href=\"https:\/\/canarias-lovers.com\/it\/cosa-vedere-garachico-tenerife-visitare\/\" target=\"_blank\" rel=\"noreferrer noopener\">Garachico<\/a><br\/><a href=\"https:\/\/canarias-lovers.com\/it\/cosa-vedere-masca-tenerife-visitare\/\" target=\"_blank\" rel=\"noreferrer noopener\">Villaggio di Masca<\/a><br\/><a href=\"https:\/\/canarias-lovers.com\/it\/visiter-pyramides-guimar-tenerife-2\/\" target=\"_blank\" rel=\"noreferrer noopener\">Piramidi di G\u00fcimar<\/a><br\/><br\/><\/p>\n<\/div>\n\n\n\n<div class=\"wp-block-column is-vertically-aligned-top planif-radius is-layout-flow wp-block-column-is-layout-flow\" style=\"flex-basis:40%\">\n<figure class=\"wp-block-image size-large img-portrait\"><img decoding=\"async\" src=\"https:\/\/photos.smugmug.com\/Canarias-Lovers\/Tenerife\/Best-of\/i-wQrB5Lp\/0\/0bf54665\/S\/tenerife-dauphins-1-S.jpg\" alt=\"Delfino a Tenerife\" title=\"\"\/><\/figure>\n<\/div>\n<\/div>\n\n\n\n<div style=\"height:30px\" aria-hidden=\"true\" class=\"wp-block-spacer\"><\/div>\n<\/div><\/div><\/div>\n\n<div class=\"wp-block-genesis-blocks-gb-container box_auteur_voyage gb-block-container\"><div class=\"gb-container-inside\"><div class=\"gb-container-content\">\n<figure class=\"wp-block-image size-large img_auteur_voyage img_provisoire\"><a href=\"https:\/\/canarias-lovers.com\/it\/claire-robinson\/\" target=\"_blank\" rel=\"noreferrer noopener\"><img decoding=\"async\" src=\"https:\/\/photos.smugmug.com\/Region-Lovers\/Equipe\/i-nsNF6C6\/0\/Cs2F5n96pkt9xFD9D3SVqmQspMhrKgN75nHgBqmjG\/L\/Claire-L.png\" alt=\"\"\/><\/a><\/figure>\n\n\n\n<h5 class=\"titre_auteur_voyage\"><span>HA FATTO IL VIAGGIO <\/span><span class=\"titre_box_manuscrit\">Claire<\/span><\/h5>\n<\/div><\/div><\/div>\n\n<div class=\"wp-block-genesis-blocks-gb-container box_auteur_voyage gb-block-container\"><div class=\"gb-container-inside\"><div class=\"gb-container-content\">\n<figure class=\"wp-block-image size-large img_auteur_voyage img_provisoire img_severine\"><a href=\"https:\/\/canarias-lovers.com\/it\/severino-arzo\/\" target=\"_blank\" rel=\"noreferrer noopener\"><img decoding=\"async\" src=\"https:\/\/photos.smugmug.com\/Region-Lovers\/Equipe\/i-gFtV6Dq\/0\/C6RSrhKpdND9MjrwpgnJSBdMhs3jLBgbGtBgdHX2x\/L\/severine-2-L.jpg\" alt=\"\" style=\"object-fit:cover\"\/><\/a><\/figure>\n\n\n\n<h5 class=\"titre_auteur_voyage\"><span>HA SCRITTO L&#8217;ARTICOLO \n <\/span><span class=\"titre_box_manuscrit\">S\u00e8verine<\/span><\/h5>\n<\/div><\/div><\/div>\n","protected":false},"excerpt":{"rendered":"<p>Sta pianificando di trascorrere qualche giorno a San Crist\u00f3bal de La Laguna, sull&#8217;isola di Tenerife? Consigliamo di salire in cima alla Torre de la Concepci\u00f3n. Proprio accanto all&#8217;omonima chiesa, questo campanile \u00e8 emblematico della citt\u00e0. Dichiarato Sito di Interesse Culturale nel 2012, offre una vista mozzafiato sulle stradine della citt\u00e0 e sulle montagne circostanti. Nelle [&hellip;]<\/p>\n","protected":false},"author":6,"featured_media":4022,"comment_status":"closed","ping_status":"closed","sticky":false,"template":"","format":"standard","meta":{"_genesis_hide_title":false,"_genesis_hide_breadcrumbs":false,"_genesis_hide_singular_image":false,"_genesis_hide_footer_widgets":false,"_genesis_custom_body_class":"","_genesis_custom_post_class":"","_genesis_layout":"","footnotes":""},"categories":[50],"tags":[],"class_list":{"0":"post-4090","1":"post","2":"type-post","3":"status-publish","4":"format-standard","5":"has-post-thumbnail","7":"category-tenerife-it","8":"entry"},"yoast_head":"<!-- This site is optimized with the Yoast SEO plugin v27.5 - https:\/\/yoast.com\/product\/yoast-seo-wordpress\/ -->\n<title>Torre La Concepci\u00f3n (La Laguna, Tenerife) : visita + foto<\/title>\n<meta name=\"description\" content=\"I nostri consigli e le nostre foto per visitare la Torre Concepcion a La Laguna: collezioni, accesso, punti di interesse, informazioni pratiche\" \/>\n<meta name=\"robots\" content=\"index, follow, max-snippet:-1, max-image-preview:large, max-video-preview:-1\" \/>\n<link rel=\"canonical\" href=\"https:\/\/canarias-lovers.com\/it\/torre-la-concepcion-la-laguna-tenerife-visita\/\" \/>\n<meta property=\"og:locale\" content=\"it_IT\" \/>\n<meta property=\"og:type\" content=\"article\" \/>\n<meta property=\"og:title\" content=\"Torre La Concepci\u00f3n (La Laguna, Tenerife) : visita + foto\" \/>\n<meta property=\"og:description\" content=\"I nostri consigli e le nostre foto per visitare la Torre Concepcion a La Laguna: collezioni, accesso, punti di interesse, informazioni pratiche\" \/>\n<meta property=\"og:url\" content=\"https:\/\/canarias-lovers.com\/it\/torre-la-concepcion-la-laguna-tenerife-visita\/\" \/>\n<meta property=\"og:site_name\" content=\"Canarias Lovers: Tenerife + Gran Canaria\" \/>\n<meta property=\"article:published_time\" content=\"2024-09-17T15:40:54+00:00\" \/>\n<meta property=\"article:modified_time\" content=\"2025-02-22T17:31:12+00:00\" \/>\n<meta property=\"og:image\" content=\"https:\/\/canarias-lovers.com\/wp-content\/uploads\/2024\/09\/visiter-torre-conception-la-laguna-tenerife-5.jpg\" \/>\n\t<meta property=\"og:image:width\" content=\"800\" \/>\n\t<meta property=\"og:image:height\" content=\"600\" \/>\n\t<meta property=\"og:image:type\" content=\"image\/jpeg\" \/>\n<meta name=\"author\" content=\"S\u00e8verine\" \/>\n<meta name=\"twitter:card\" content=\"summary_large_image\" \/>\n<meta name=\"twitter:label1\" content=\"Scritto da\" \/>\n\t<meta name=\"twitter:data1\" content=\"S\u00e8verine\" \/>\n\t<meta name=\"twitter:label2\" content=\"Tempo di lettura stimato\" \/>\n\t<meta name=\"twitter:data2\" content=\"8 minuti\" \/>\n<script type=\"application\/ld+json\" class=\"yoast-schema-graph\">{\"@context\":\"https:\\\/\\\/schema.org\",\"@graph\":[{\"@type\":\"Article\",\"@id\":\"https:\\\/\\\/canarias-lovers.com\\\/it\\\/torre-la-concepcion-la-laguna-tenerife-visita\\\/#article\",\"isPartOf\":{\"@id\":\"https:\\\/\\\/canarias-lovers.com\\\/it\\\/torre-la-concepcion-la-laguna-tenerife-visita\\\/\"},\"author\":{\"name\":\"S\u00e8verine\",\"@id\":\"https:\\\/\\\/canarias-lovers.com\\\/it\\\/#\\\/schema\\\/person\\\/9332388f4e589358490482beed472444\"},\"headline\":\"Torre La Concepci\u00f3n (La Laguna, Tenerife) : visita + foto\",\"datePublished\":\"2024-09-17T15:40:54+00:00\",\"dateModified\":\"2025-02-22T17:31:12+00:00\",\"mainEntityOfPage\":{\"@id\":\"https:\\\/\\\/canarias-lovers.com\\\/it\\\/torre-la-concepcion-la-laguna-tenerife-visita\\\/\"},\"wordCount\":1668,\"publisher\":{\"@id\":\"https:\\\/\\\/canarias-lovers.com\\\/it\\\/#organization\"},\"image\":{\"@id\":\"https:\\\/\\\/canarias-lovers.com\\\/it\\\/torre-la-concepcion-la-laguna-tenerife-visita\\\/#primaryimage\"},\"thumbnailUrl\":\"https:\\\/\\\/canarias-lovers.com\\\/wp-content\\\/uploads\\\/2024\\\/09\\\/visiter-torre-conception-la-laguna-tenerife-5.jpg\",\"articleSection\":[\"Tenerife\"],\"inLanguage\":\"it-IT\"},{\"@type\":\"WebPage\",\"@id\":\"https:\\\/\\\/canarias-lovers.com\\\/it\\\/torre-la-concepcion-la-laguna-tenerife-visita\\\/\",\"url\":\"https:\\\/\\\/canarias-lovers.com\\\/it\\\/torre-la-concepcion-la-laguna-tenerife-visita\\\/\",\"name\":\"Torre La Concepci\u00f3n (La Laguna, Tenerife) : visita + foto\",\"isPartOf\":{\"@id\":\"https:\\\/\\\/canarias-lovers.com\\\/it\\\/#website\"},\"primaryImageOfPage\":{\"@id\":\"https:\\\/\\\/canarias-lovers.com\\\/it\\\/torre-la-concepcion-la-laguna-tenerife-visita\\\/#primaryimage\"},\"image\":{\"@id\":\"https:\\\/\\\/canarias-lovers.com\\\/it\\\/torre-la-concepcion-la-laguna-tenerife-visita\\\/#primaryimage\"},\"thumbnailUrl\":\"https:\\\/\\\/canarias-lovers.com\\\/wp-content\\\/uploads\\\/2024\\\/09\\\/visiter-torre-conception-la-laguna-tenerife-5.jpg\",\"datePublished\":\"2024-09-17T15:40:54+00:00\",\"dateModified\":\"2025-02-22T17:31:12+00:00\",\"description\":\"I nostri consigli e le nostre foto per visitare la Torre Concepcion a La Laguna: collezioni, accesso, punti di interesse, informazioni pratiche\",\"breadcrumb\":{\"@id\":\"https:\\\/\\\/canarias-lovers.com\\\/it\\\/torre-la-concepcion-la-laguna-tenerife-visita\\\/#breadcrumb\"},\"inLanguage\":\"it-IT\",\"potentialAction\":[{\"@type\":\"ReadAction\",\"target\":[\"https:\\\/\\\/canarias-lovers.com\\\/it\\\/torre-la-concepcion-la-laguna-tenerife-visita\\\/\"]}]},{\"@type\":\"ImageObject\",\"inLanguage\":\"it-IT\",\"@id\":\"https:\\\/\\\/canarias-lovers.com\\\/it\\\/torre-la-concepcion-la-laguna-tenerife-visita\\\/#primaryimage\",\"url\":\"https:\\\/\\\/canarias-lovers.com\\\/wp-content\\\/uploads\\\/2024\\\/09\\\/visiter-torre-conception-la-laguna-tenerife-5.jpg\",\"contentUrl\":\"https:\\\/\\\/canarias-lovers.com\\\/wp-content\\\/uploads\\\/2024\\\/09\\\/visiter-torre-conception-la-laguna-tenerife-5.jpg\",\"width\":800,\"height\":600,\"caption\":\"visitare torre-de-la-concepcion, La Laguna, Tenerife\"},{\"@type\":\"BreadcrumbList\",\"@id\":\"https:\\\/\\\/canarias-lovers.com\\\/it\\\/torre-la-concepcion-la-laguna-tenerife-visita\\\/#breadcrumb\",\"itemListElement\":[{\"@type\":\"ListItem\",\"position\":1,\"name\":\"Accueil\",\"item\":\"https:\\\/\\\/canarias-lovers.com\\\/it\\\/\"},{\"@type\":\"ListItem\",\"position\":2,\"name\":\"Tenerife\",\"item\":\"https:\\\/\\\/canarias-lovers.com\\\/it\\\/tenerife-it\\\/\"},{\"@type\":\"ListItem\",\"position\":3,\"name\":\"Torre La Concepci\u00f3n (La Laguna, Tenerife) : visita + foto\"}]},{\"@type\":\"WebSite\",\"@id\":\"https:\\\/\\\/canarias-lovers.com\\\/it\\\/#website\",\"url\":\"https:\\\/\\\/canarias-lovers.com\\\/it\\\/\",\"name\":\"Canarias Lovers: Tenerife + Gran Canaria\",\"description\":\"Il blog di Claire e Manu\",\"publisher\":{\"@id\":\"https:\\\/\\\/canarias-lovers.com\\\/it\\\/#organization\"},\"potentialAction\":[{\"@type\":\"SearchAction\",\"target\":{\"@type\":\"EntryPoint\",\"urlTemplate\":\"https:\\\/\\\/canarias-lovers.com\\\/it\\\/?s={search_term_string}\"},\"query-input\":{\"@type\":\"PropertyValueSpecification\",\"valueRequired\":true,\"valueName\":\"search_term_string\"}}],\"inLanguage\":\"it-IT\"},{\"@type\":\"Organization\",\"@id\":\"https:\\\/\\\/canarias-lovers.com\\\/it\\\/#organization\",\"name\":\"Canarias Lovers: Tenerife + Gran Canaria\",\"url\":\"https:\\\/\\\/canarias-lovers.com\\\/it\\\/\",\"logo\":{\"@type\":\"ImageObject\",\"inLanguage\":\"it-IT\",\"@id\":\"https:\\\/\\\/canarias-lovers.com\\\/it\\\/#\\\/schema\\\/logo\\\/image\\\/\",\"url\":\"https:\\\/\\\/canarias-lovers.com\\\/wp-content\\\/uploads\\\/2024\\\/05\\\/cropped-Canarias-Lovers-Logo.png\",\"contentUrl\":\"https:\\\/\\\/canarias-lovers.com\\\/wp-content\\\/uploads\\\/2024\\\/05\\\/cropped-Canarias-Lovers-Logo.png\",\"width\":2635,\"height\":595,\"caption\":\"Canarias Lovers: Tenerife + Gran Canaria\"},\"image\":{\"@id\":\"https:\\\/\\\/canarias-lovers.com\\\/it\\\/#\\\/schema\\\/logo\\\/image\\\/\"}},{\"@type\":\"Person\",\"@id\":\"https:\\\/\\\/canarias-lovers.com\\\/it\\\/#\\\/schema\\\/person\\\/9332388f4e589358490482beed472444\",\"name\":\"S\u00e8verine\",\"image\":{\"@type\":\"ImageObject\",\"inLanguage\":\"it-IT\",\"@id\":\"https:\\\/\\\/secure.gravatar.com\\\/avatar\\\/6d0d7a36298d05d1ff1079e571d7d76b1f551a3865fc37447d2c3ac79eadf069?s=96&d=mm&r=g\",\"url\":\"https:\\\/\\\/secure.gravatar.com\\\/avatar\\\/6d0d7a36298d05d1ff1079e571d7d76b1f551a3865fc37447d2c3ac79eadf069?s=96&d=mm&r=g\",\"contentUrl\":\"https:\\\/\\\/secure.gravatar.com\\\/avatar\\\/6d0d7a36298d05d1ff1079e571d7d76b1f551a3865fc37447d2c3ac79eadf069?s=96&d=mm&r=g\",\"caption\":\"S\u00e8verine\"},\"sameAs\":[\"https:\\\/\\\/canarias-lovers.com\\\/severine-harzo\\\/\"],\"url\":\"https:\\\/\\\/canarias-lovers.com\\\/it\\\/author\\\/severine\\\/\"}]}<\/script>\n<!-- \/ Yoast SEO plugin. -->","yoast_head_json":{"title":"Torre La Concepci\u00f3n (La Laguna, Tenerife) : visita + foto","description":"I nostri consigli e le nostre foto per visitare la Torre Concepcion a La Laguna: collezioni, accesso, punti di interesse, informazioni pratiche","robots":{"index":"index","follow":"follow","max-snippet":"max-snippet:-1","max-image-preview":"max-image-preview:large","max-video-preview":"max-video-preview:-1"},"canonical":"https:\/\/canarias-lovers.com\/it\/torre-la-concepcion-la-laguna-tenerife-visita\/","og_locale":"it_IT","og_type":"article","og_title":"Torre La Concepci\u00f3n (La Laguna, Tenerife) : visita + foto","og_description":"I nostri consigli e le nostre foto per visitare la Torre Concepcion a La Laguna: collezioni, accesso, punti di interesse, informazioni pratiche","og_url":"https:\/\/canarias-lovers.com\/it\/torre-la-concepcion-la-laguna-tenerife-visita\/","og_site_name":"Canarias Lovers: Tenerife + Gran Canaria","article_published_time":"2024-09-17T15:40:54+00:00","article_modified_time":"2025-02-22T17:31:12+00:00","og_image":[{"width":800,"height":600,"url":"https:\/\/canarias-lovers.com\/wp-content\/uploads\/2024\/09\/visiter-torre-conception-la-laguna-tenerife-5.jpg","type":"image\/jpeg"}],"author":"S\u00e8verine","twitter_card":"summary_large_image","twitter_misc":{"Scritto da":"S\u00e8verine","Tempo di lettura stimato":"8 minuti"},"schema":{"@context":"https:\/\/schema.org","@graph":[{"@type":"Article","@id":"https:\/\/canarias-lovers.com\/it\/torre-la-concepcion-la-laguna-tenerife-visita\/#article","isPartOf":{"@id":"https:\/\/canarias-lovers.com\/it\/torre-la-concepcion-la-laguna-tenerife-visita\/"},"author":{"name":"S\u00e8verine","@id":"https:\/\/canarias-lovers.com\/it\/#\/schema\/person\/9332388f4e589358490482beed472444"},"headline":"Torre La Concepci\u00f3n (La Laguna, Tenerife) : visita + foto","datePublished":"2024-09-17T15:40:54+00:00","dateModified":"2025-02-22T17:31:12+00:00","mainEntityOfPage":{"@id":"https:\/\/canarias-lovers.com\/it\/torre-la-concepcion-la-laguna-tenerife-visita\/"},"wordCount":1668,"publisher":{"@id":"https:\/\/canarias-lovers.com\/it\/#organization"},"image":{"@id":"https:\/\/canarias-lovers.com\/it\/torre-la-concepcion-la-laguna-tenerife-visita\/#primaryimage"},"thumbnailUrl":"https:\/\/canarias-lovers.com\/wp-content\/uploads\/2024\/09\/visiter-torre-conception-la-laguna-tenerife-5.jpg","articleSection":["Tenerife"],"inLanguage":"it-IT"},{"@type":"WebPage","@id":"https:\/\/canarias-lovers.com\/it\/torre-la-concepcion-la-laguna-tenerife-visita\/","url":"https:\/\/canarias-lovers.com\/it\/torre-la-concepcion-la-laguna-tenerife-visita\/","name":"Torre La Concepci\u00f3n (La Laguna, Tenerife) : visita + foto","isPartOf":{"@id":"https:\/\/canarias-lovers.com\/it\/#website"},"primaryImageOfPage":{"@id":"https:\/\/canarias-lovers.com\/it\/torre-la-concepcion-la-laguna-tenerife-visita\/#primaryimage"},"image":{"@id":"https:\/\/canarias-lovers.com\/it\/torre-la-concepcion-la-laguna-tenerife-visita\/#primaryimage"},"thumbnailUrl":"https:\/\/canarias-lovers.com\/wp-content\/uploads\/2024\/09\/visiter-torre-conception-la-laguna-tenerife-5.jpg","datePublished":"2024-09-17T15:40:54+00:00","dateModified":"2025-02-22T17:31:12+00:00","description":"I nostri consigli e le nostre foto per visitare la Torre Concepcion a La Laguna: collezioni, accesso, punti di interesse, informazioni pratiche","breadcrumb":{"@id":"https:\/\/canarias-lovers.com\/it\/torre-la-concepcion-la-laguna-tenerife-visita\/#breadcrumb"},"inLanguage":"it-IT","potentialAction":[{"@type":"ReadAction","target":["https:\/\/canarias-lovers.com\/it\/torre-la-concepcion-la-laguna-tenerife-visita\/"]}]},{"@type":"ImageObject","inLanguage":"it-IT","@id":"https:\/\/canarias-lovers.com\/it\/torre-la-concepcion-la-laguna-tenerife-visita\/#primaryimage","url":"https:\/\/canarias-lovers.com\/wp-content\/uploads\/2024\/09\/visiter-torre-conception-la-laguna-tenerife-5.jpg","contentUrl":"https:\/\/canarias-lovers.com\/wp-content\/uploads\/2024\/09\/visiter-torre-conception-la-laguna-tenerife-5.jpg","width":800,"height":600,"caption":"visitare torre-de-la-concepcion, La Laguna, Tenerife"},{"@type":"BreadcrumbList","@id":"https:\/\/canarias-lovers.com\/it\/torre-la-concepcion-la-laguna-tenerife-visita\/#breadcrumb","itemListElement":[{"@type":"ListItem","position":1,"name":"Accueil","item":"https:\/\/canarias-lovers.com\/it\/"},{"@type":"ListItem","position":2,"name":"Tenerife","item":"https:\/\/canarias-lovers.com\/it\/tenerife-it\/"},{"@type":"ListItem","position":3,"name":"Torre La Concepci\u00f3n (La Laguna, Tenerife) : visita + foto"}]},{"@type":"WebSite","@id":"https:\/\/canarias-lovers.com\/it\/#website","url":"https:\/\/canarias-lovers.com\/it\/","name":"Canarias Lovers: Tenerife + Gran Canaria","description":"Il blog di Claire e Manu","publisher":{"@id":"https:\/\/canarias-lovers.com\/it\/#organization"},"potentialAction":[{"@type":"SearchAction","target":{"@type":"EntryPoint","urlTemplate":"https:\/\/canarias-lovers.com\/it\/?s={search_term_string}"},"query-input":{"@type":"PropertyValueSpecification","valueRequired":true,"valueName":"search_term_string"}}],"inLanguage":"it-IT"},{"@type":"Organization","@id":"https:\/\/canarias-lovers.com\/it\/#organization","name":"Canarias Lovers: Tenerife + Gran Canaria","url":"https:\/\/canarias-lovers.com\/it\/","logo":{"@type":"ImageObject","inLanguage":"it-IT","@id":"https:\/\/canarias-lovers.com\/it\/#\/schema\/logo\/image\/","url":"https:\/\/canarias-lovers.com\/wp-content\/uploads\/2024\/05\/cropped-Canarias-Lovers-Logo.png","contentUrl":"https:\/\/canarias-lovers.com\/wp-content\/uploads\/2024\/05\/cropped-Canarias-Lovers-Logo.png","width":2635,"height":595,"caption":"Canarias Lovers: Tenerife + Gran Canaria"},"image":{"@id":"https:\/\/canarias-lovers.com\/it\/#\/schema\/logo\/image\/"}},{"@type":"Person","@id":"https:\/\/canarias-lovers.com\/it\/#\/schema\/person\/9332388f4e589358490482beed472444","name":"S\u00e8verine","image":{"@type":"ImageObject","inLanguage":"it-IT","@id":"https:\/\/secure.gravatar.com\/avatar\/6d0d7a36298d05d1ff1079e571d7d76b1f551a3865fc37447d2c3ac79eadf069?s=96&d=mm&r=g","url":"https:\/\/secure.gravatar.com\/avatar\/6d0d7a36298d05d1ff1079e571d7d76b1f551a3865fc37447d2c3ac79eadf069?s=96&d=mm&r=g","contentUrl":"https:\/\/secure.gravatar.com\/avatar\/6d0d7a36298d05d1ff1079e571d7d76b1f551a3865fc37447d2c3ac79eadf069?s=96&d=mm&r=g","caption":"S\u00e8verine"},"sameAs":["https:\/\/canarias-lovers.com\/severine-harzo\/"],"url":"https:\/\/canarias-lovers.com\/it\/author\/severine\/"}]}},"featured_image_src":"https:\/\/canarias-lovers.com\/wp-content\/uploads\/2024\/09\/visiter-torre-conception-la-laguna-tenerife-5-600x400.jpg","featured_image_src_square":"https:\/\/canarias-lovers.com\/wp-content\/uploads\/2024\/09\/visiter-torre-conception-la-laguna-tenerife-5-600x600.jpg","author_info":{"display_name":"S\u00e8verine","author_link":"https:\/\/canarias-lovers.com\/it\/author\/severine\/"},"_links":{"self":[{"href":"https:\/\/canarias-lovers.com\/it\/wp-json\/wp\/v2\/posts\/4090","targetHints":{"allow":["GET"]}}],"collection":[{"href":"https:\/\/canarias-lovers.com\/it\/wp-json\/wp\/v2\/posts"}],"about":[{"href":"https:\/\/canarias-lovers.com\/it\/wp-json\/wp\/v2\/types\/post"}],"author":[{"embeddable":true,"href":"https:\/\/canarias-lovers.com\/it\/wp-json\/wp\/v2\/users\/6"}],"replies":[{"embeddable":true,"href":"https:\/\/canarias-lovers.com\/it\/wp-json\/wp\/v2\/comments?post=4090"}],"version-history":[{"count":0,"href":"https:\/\/canarias-lovers.com\/it\/wp-json\/wp\/v2\/posts\/4090\/revisions"}],"wp:featuredmedia":[{"embeddable":true,"href":"https:\/\/canarias-lovers.com\/it\/wp-json\/wp\/v2\/media\/4022"}],"wp:attachment":[{"href":"https:\/\/canarias-lovers.com\/it\/wp-json\/wp\/v2\/media?parent=4090"}],"wp:term":[{"taxonomy":"category","embeddable":true,"href":"https:\/\/canarias-lovers.com\/it\/wp-json\/wp\/v2\/categories?post=4090"},{"taxonomy":"post_tag","embeddable":true,"href":"https:\/\/canarias-lovers.com\/it\/wp-json\/wp\/v2\/tags?post=4090"}],"curies":[{"name":"wp","href":"https:\/\/api.w.org\/{rel}","templated":true}]}}