{"id":11170,"date":"2026-09-03T15:04:43","date_gmt":"2026-09-03T15:04:43","guid":{"rendered":"https:\/\/canarias-lovers.com\/cactualdea-park-gran-canaria\/"},"modified":"2026-09-03T15:06:00","modified_gmt":"2026-09-03T15:06:00","slug":"cactualdea-park-gran-canaria","status":"publish","type":"post","link":"https:\/\/canarias-lovers.com\/it\/cactualdea-park-gran-canaria\/","title":{"rendered":"Parco Cactualdea (Gran Canaria): visita + foto"},"content":{"rendered":"\n<p class=\"wp-block-paragraph\">Il Parco Cactualdea, situato a La Aldea de San Nicol\u00e1s sull\u2019isola di Gran Canaria, \u00e8 un giardino botanico unico nel suo genere dedicato ai <strong>cactus<\/strong> e ad altre piante adatte agli ambienti aridi. Su una superficie di circa <strong>15.000 m\u00b2<\/strong>, ospita oltre <strong>1.000 specie<\/strong> provenienti da tutto il mondo, offrendo un&#8217;immersione in un paesaggio al tempo stesso desertico e rigoglioso.<\/p>\n\n<figure class=\"wp-block-image size-large\"><img loading=\"lazy\" decoding=\"async\" width=\"1024\" height=\"768\" src=\"https:\/\/canarias-lovers.com\/wp-content\/uploads\/2026\/09\/Cactualdea-Gran-Canaria-1024x768.webp\" alt=\"Cactualdea Gran Canaria\" class=\"wp-image-11124\" srcset=\"https:\/\/canarias-lovers.com\/wp-content\/uploads\/2026\/09\/Cactualdea-Gran-Canaria-1024x768.webp 1024w, https:\/\/canarias-lovers.com\/wp-content\/uploads\/2026\/09\/Cactualdea-Gran-Canaria-300x225.webp 300w, https:\/\/canarias-lovers.com\/wp-content\/uploads\/2026\/09\/Cactualdea-Gran-Canaria-768x576.webp 768w, https:\/\/canarias-lovers.com\/wp-content\/uploads\/2026\/09\/Cactualdea-Gran-Canaria-1536x1152.webp 1536w, https:\/\/canarias-lovers.com\/wp-content\/uploads\/2026\/09\/Cactualdea-Gran-Canaria-2048x1536.webp 2048w, https:\/\/canarias-lovers.com\/wp-content\/uploads\/2026\/09\/Cactualdea-Gran-Canaria-702x526.webp 702w\" sizes=\"auto, (max-width: 1024px) 100vw, 1024px\" \/><\/figure>\n\n<p class=\"wp-block-paragraph\">Scoprite in questo articolo <strong>i<\/strong> nostri <strong>consigli utili, illustrati con immagini<\/strong>, per preparare al meglio la vostra visita e godervi appieno questa escursione botanica lontano dalle zone urbane.<\/p>\n\n<h2 class=\"wp-block-heading\"><span class=\"ez-toc-section\" id=\"Perche_visitare_il_Parco_Cactualdea\"><\/span>Perch\u00e9 visitare il Parco Cactualdea<span class=\"ez-toc-section-end\"><\/span><\/h2>\n\n<h3 class=\"wp-block-heading\">Vale la pena visitare il Parco Cactualdea? La nostra opinione:<\/h3>\n\n<p class=\"wp-block-paragraph\">S\u00ec, il Parco Cactualdea merita sicuramente una visita per una passeggiata che vi far\u00e0 cambiare aria nel cuore di un giardino arido, dove oltre <strong>1.000 specie di cactus<\/strong> provenienti da tutto il mondo prosperano in uno scenario montano spettacolare. Questo luogo offre un\u2019esperienza unica, diversa dai classici giardini botanici, grazie alla ricchezza della sua collezione e al suo contesto naturale.<\/p>\n\n<figure class=\"wp-block-image size-large\"><img decoding=\"async\" src=\"https:\/\/res.cloudinary.com\/dr1k3muv9\/image\/upload\/e_enhance\/e_improve:outdoor:50\/e_contrast:level_35;type_sigmoidal\/e_vibrance:8\/e_saturation:8\/e_sharpen:15\/f_auto\/v1788420091\/Mogan-to-La-Aldea-blocs-region-Lieu-XEL.heic\" alt=\"Giardino di cactus con le montagne sullo sfondo\"\/><\/figure>\n\n<h3 class=\"wp-block-heading\">I nostri momenti preferiti<\/h3>\n\n<p class=\"wp-block-paragraph\">Abbiamo particolarmente apprezzato la variet\u00e0 delle piante, che comprende specie rare ed esotiche, nonch\u00e9 gli elementi etnografici delle Canarie disseminati nel parco. Questi spunti culturali conferiscono una dimensione aggiuntiva alla visita, collegando la botanica alla storia locale.<\/p>\n\n<p class=\"wp-block-paragraph\">L&#8217;atmosfera tranquilla del parco invita al relax e alla contemplazione. Abbiamo scoperto che si tratta di un luogo ideale per chi \u00e8 alla ricerca di un momento di tranquillit\u00e0, lontano dal trambusto turistico, senza rinunciare a scoprire le ricchezze naturali e culturali di <strong>Gran<\/strong> <strong>Canaria.<\/strong><\/p>\n\n<figure class=\"wp-block-image size-large\"><img decoding=\"async\" src=\"https:\/\/res.cloudinary.com\/dr1k3muv9\/image\/upload\/e_enhance\/e_improve:outdoor:50\/e_contrast:level_35;type_sigmoidal\/e_vibrance:8\/e_saturation:8\/e_sharpen:15\/f_auto\/v1788420094\/Mogan-to-La-Aldea-blocs-region-Lieu-VSZ.heic\" alt=\"In primo piano: un cactus rotondo con lunghe spine gialle\"\/><\/figure>\n\n<p class=\"wp-block-paragraph\">Ci \u00e8 piaciuto particolarmente passeggiare lungo i <strong>sentieri sinuosi<\/strong> che attraversano i giardini, dove i <strong>microclimi<\/strong> creano atmosfere sempre diverse. L\u2019osservazione degli <strong>animali in libert\u00e0<\/strong> ha aggiunto un tocco di vivacit\u00e0 alla passeggiata, mentre la ricostruzione della grotta guanca offre una visione storica dell\u2019isola.<\/p>\n\n<figure class=\"wp-block-image size-large\"><img decoding=\"async\" src=\"https:\/\/res.cloudinary.com\/dr1k3muv9\/image\/upload\/e_enhance\/e_improve:outdoor:50\/e_contrast:level_35;type_sigmoidal\/e_vibrance:8\/e_saturation:8\/e_sharpen:15\/f_auto\/v1788420098\/Mogan-to-La-Aldea-blocs-region-Lieu-ECG.heic\" alt=\"Sentiero con diverse variet&#xE0; di cactus su entrambi i lati e alcune palme\"\/><\/figure>\n\n<div class=\"wp-block-genesis-blocks-gb-container box gb-block-container\" style=\"background-color:#fef0c3;margin-top:8%;margin-bottom:8%\"><div class=\"gb-container-inside\"><div class=\"gb-container-content\" style=\"max-width:700px\">\n<div class=\"wp-block-genesis-blocks-gb-container box_titre gb-block-container\"><div class=\"gb-container-inside\"><div class=\"gb-container-content\">\n<h5 class=\"titre_box\" style=\"padding-top:10px;\">DOVE ALLOGGIARE A <span class=\"titre_box_manuscrit\">Gran Canaria<\/span><\/h5>\n<\/div><\/div><\/div>\n\n\n\n<div class=\"wp-block-columns box_sans_border has-background is-layout-flex wp-container-core-columns-is-layout-8f761849 wp-block-columns-is-layout-flex\" style=\"background-color:#fef0c3\">\n<div class=\"wp-block-column texte_planif is-layout-flow wp-block-column-is-layout-flow\" style=\"font-size:14px;flex-basis:60%\">\n<p class=\"option_titre2 wp-block-paragraph\" style=\"font-size:16px\">Le nostre selezioni indipendenti per aiutarti a trovare <strong>l&#8217;alloggio dei tuoi sogni<\/strong>:<\/p>\n\n\n\n<ul class=\"wp-block-list ul_box\">\n<li style=\"font-size:14px\"><a href=\"https:\/\/canarias-lovers.com\/it\/dove-alloggiare-gran-canaria-migliori-destinazioni\/\" target=\"_blank\" rel=\"noreferrer noopener\">Dove alloggiare a Gran Canaria<\/a><\/li>\n\n\n\n<li style=\"font-size:14px\">Il nostro preferito: <a href=\"https:\/\/www.booking.com\/hotel\/es\/marina-suites.html?aid=2421274\" target=\"_blank\" rel=\"noreferrer noopener sponsored nofollow\">Hotel Marina Suites<\/a><\/li>\n<\/ul>\n\n\n\n<p class=\"wp-block-paragraph\" style=\"font-size:16px\"><strong>Scelga in base al tipo di hotel:<\/strong><\/p>\n\n\n\n<ul class=\"wp-block-list ul_box\">\n<li style=\"font-size:14px\"><a href=\"https:\/\/canarias-lovers.com\/it\/migliori-hotel-5-stelle-gran-canaria-lusso-recensioni\/\" target=\"_blank\" rel=\"noreferrer noopener\">Hotel a 5 stelle<\/a><\/li>\n\n\n\n<li style=\"font-size:14px\"><a href=\"https:\/\/canarias-lovers.com\/it\/migliori-hotel-boutique-gran-canaria-charme\/\" target=\"_blank\" rel=\"noreferrer noopener\">I migliori hotel boutique<\/a><\/li>\n\n\n\n<li style=\"font-size:14px\"><a href=\"https:\/\/canarias-lovers.com\/it\/migliori-hoteladults-only-gran-canaria\/\" target=\"_blank\" rel=\"noreferrer noopener\">I migliori hotel per soli adulti<\/a><\/li>\n\n\n\n<li style=\"font-size:14px\">I migliori hotel all-inclusive (in arrivo)<\/li>\n\n\n\n<li style=\"font-size:14px\"><a href=\"https:\/\/canarias-lovers.com\/it\/migliori-famiglie-hotels-gran-canaria-bambini-recensioni\/\" target=\"_blank\" rel=\"noreferrer noopener\">I migliori hotel per famiglie<\/a><\/li>\n<\/ul>\n\n\n\n<p class=\"wp-block-paragraph\" style=\"font-size:16px\"><strong>Selezioni per citt\u00e0:<\/strong><\/p>\n\n\n\n<ul class=\"wp-block-list\">\n<li style=\"font-size:14px\"><a href=\"https:\/\/canarias-lovers.com\/it\/dove-alloggiare-las-palmas-gran-canaria-migliori-hotel-quartieri\/\" target=\"_blank\" rel=\"noreferrer noopener\">I migliori hotel di Las Palmas de Gran Canaria<\/a><\/li>\n\n\n\n<li style=\"font-size:14px\"><a href=\"https:\/\/canarias-lovers.com\/it\/dove-alloggiare-maspalomas-migliori-hotel-quartieri\/\" target=\"_blank\" rel=\"noreferrer noopener\">I migliori hotel di Masplomas<\/a><\/li>\n\n\n\n<li style=\"font-size:14px\"><a href=\"https:\/\/canarias-lovers.com\/it\/dove-alloggiare-playa-ingles-gran-canaria-migliori-hotel-quartieri\/\" target=\"_blank\" rel=\"noreferrer noopener\">I migliori hotel di Playa del Ingles<\/a><\/li>\n\n\n\n<li style=\"font-size:14px\"><a href=\"https:\/\/canarias-lovers.com\/it\/dove-alloggiare-puerto-rico-gran-canaria-migliori-hotel-quartieri\/\" target=\"_blank\" rel=\"noreferrer noopener\">I migliori hotel di Porto Rico<\/a><\/li>\n\n\n\n<li style=\"font-size:14px\"><a href=\"https:\/\/canarias-lovers.com\/it\/dove-alloggiare-puerto-mogan-migliori-hotel-quartieri\/\" target=\"_blank\" rel=\"noreferrer noopener\">I migliori hotel di Puerto de Mogan<\/a><\/li>\n\n\n\n<li style=\"font-size:14px\"><a href=\"https:\/\/canarias-lovers.com\/it\/meilleurs-hotels-5-etoiles-meloneras-luxe-avis-2\/\" target=\"_blank\" rel=\"noreferrer noopener\">Hotel 5 stelle a Meloneras<\/a><\/li>\n<\/ul>\n<\/div>\n\n\n\n<div class=\"wp-block-column is-vertically-aligned-top planif-radius is-layout-flow wp-block-column-is-layout-flow\" style=\"flex-basis:40%\">\n<figure class=\"wp-block-image size-large img-portrait\"><img decoding=\"async\" src=\"https:\/\/photos.smugmug.com\/Canarias-Lovers\/Gran-Canaria\/Puerto-Rico\/Hotel-Marina-Suites\/i-wMm7CH4\/0\/FdXHP96thzS3vRrTp3H2F4hh8q7cKtZg5BpKMDFBB\/S\/Hotel-marina-suites-pool-2-S.jpg\" alt=\"piscina dell'hotel\" title=\"\"\/><\/figure>\n<\/div>\n<\/div>\n<\/div><\/div><\/div>\n\n<h2 class=\"wp-block-heading\"><span class=\"ez-toc-section\" id=\"Come_arrivare_Parco_Cactualdea_da_Mogan_a_La_Aldea\"><\/span>Come arrivare: Parco Cactualdea, da Mog\u00e1n a La Aldea<span class=\"ez-toc-section-end\"><\/span><\/h2>\n\n<h3 class=\"wp-block-heading\">Dove si trova il Parco Cactualdea?<\/h3>\n\n<ul class=\"wp-block-list\">\n<li>Nel comune di La Aldea de San Nicol\u00e1s<\/li>\n\n\n\n<li>Sulla costa occidentale di Gran Canaria<\/li>\n\n\n\n<li>Da <a href=\"https:\/\/canarias-lovers.com\/it\/cosa-vedere-puerto-mogan-visitare\/\" data-type=\"post\" data-id=\"860\" target=\"_blank\" rel=\"noreferrer noopener\">Puerto de Mogan<\/a> = 35 min<\/li>\n\n\n\n<li>Da <a href=\"https:\/\/canarias-lovers.com\/it\/cosa-vedere-maspalomas-visitare\/\" data-type=\"post\" data-id=\"2507\" target=\"_blank\" rel=\"noreferrer noopener\">Maspalomas<\/a> = 45 min<\/li>\n\n\n\n<li>Da <a href=\"https:\/\/canarias-lovers.com\/it\/cosa-vedere-agaete-visitare\/\" data-type=\"post\" data-id=\"909\" target=\"_blank\" rel=\"noreferrer noopener\">Agaete<\/a> = 1 ora<\/li>\n\n\n\n<li>Ecco una mappa per aiutarla a trovare la strada:<\/li>\n<\/ul>\n\n<figure class=\"wp-block-image size-full\"><img decoding=\"async\" src=\"https:\/\/canarias-lovers.com\/wp-content\/uploads\/2026\/09\/Mappa-Cactualdea-Park-Gran-Canaria.jpg\" alt=\"Mappa del Cactualdea Park di Gran Canaria\" class=\"wp-image-11141\"\/><figcaption class=\"wp-element-caption\">Mappa: Cactualdea sull\u2019isola di Gran Canaria<\/figcaption><\/figure>\n\n<h3 class=\"wp-block-heading\">Come arrivarci?<\/h3>\n\n<ul class=\"wp-block-list\">\n<li><strong>In auto:<\/strong> si consiglia di raggiungere il Parco Cactualdea in auto. Il percorso \u00e8 agevole e ben segnalato da Mog\u00e1n e La Aldea, con un ultimo tratto percorribile senza difficolt\u00e0.<\/li>\n\n\n\n<li><strong>In autobus:<\/strong> il parco non \u00e8 servito<\/li>\n\n\n\n<li><strong>A piedi:<\/strong> la conformazione del sito non favorisce l\u2019accesso a piedi dai comuni limitrofi, tenuto conto delle distanze e della topografia.<\/li>\n<\/ul>\n\n<figure class=\"wp-block-image size-large\"><img decoding=\"async\" src=\"https:\/\/res.cloudinary.com\/dr1k3muv9\/image\/upload\/e_enhance\/e_improve:outdoor:50\/e_contrast:level_35;type_sigmoidal\/e_vibrance:8\/e_saturation:8\/e_sharpen:15\/f_auto\/v1788420101\/Mogan-to-La-Aldea-blocs-region-Parc-Cactualdea-view-RNH.heic\" alt=\"Vista dall&#x2019;auto lungo una strada che conduce al Parco Cactualdea\"\/><\/figure>\n\n<h3 class=\"wp-block-heading\">Parcheggio<\/h3>\n\n<p class=\"wp-block-paragraph\">In loco \u00e8 disponibile un parcheggio gratuito per i visitatori.<\/p>\n\n<figure class=\"wp-block-image size-large\"><img decoding=\"async\" src=\"https:\/\/res.cloudinary.com\/dr1k3muv9\/image\/upload\/e_enhance\/e_improve:outdoor:50\/e_contrast:level_35;type_sigmoidal\/e_vibrance:8\/e_saturation:8\/e_sharpen:15\/f_auto\/v1788420104\/Mogan-to-La-Aldea-blocs-region-Lieu-AMD.heic\" alt=\"parcheggio di Cactualdea in leggera pendenza\"\/><\/figure>\n\n<div class=\"wp-block-genesis-blocks-gb-container box gb-block-container\" style=\"background-color:#fef0c3;margin-top:8%;margin-bottom:8%\"><div class=\"gb-container-inside\"><div class=\"gb-container-content\">\n<div class=\"wp-block-columns inverse box_planif is-layout-flex wp-container-core-columns-is-layout-8f761849 wp-block-columns-is-layout-flex\">\n<div class=\"wp-block-column texte_planif is-layout-flow wp-block-column-is-layout-flow\" style=\"flex-basis:60%\">\n<h5 class=\"titre_box\" style=\"padding-top:10px;\">I NOSTRI CONSIGLI PER IL NOLEGGIO DI UN&#8217;AUTO A <span class=\"titre_box_manuscrit\">Gran Canaria<\/span><\/h5>\n\n\n\n<ul style=\"font-size:14px\" class=\"wp-block-list\">\n<li>Confronti i prezzi sulla nostra piattaforma preferita: <a href=\"https:\/\/www.discovercars.com\/it\/spain-canary-islands\/gran-canaria?a_aid=zigzag&amp;chan=CAL\" target=\"_blank\" rel=\"noreferrer noopener sponsored nofollow\">DiscoverCars<\/a> &#8211; uno dei siti meglio valutati.<\/li>\n\n\n\n<li>Se ha intenzione di esplorare le montagne, non prenda <strong>le auto pi\u00f9 piccole<\/strong>. Un motore pi\u00f9 potente sar\u00e0 pi\u00f9 confortevole.<\/li>\n\n\n\n<li>Ma non prenda nemmeno un&#8217;auto troppo grande, perch\u00e9 alcune strade sono strette.<\/li>\n\n\n\n<li>C&#8217;\u00e8 molta richiesta e si tratta di un&#8217;isola, quindi <strong>prenotate in anticipo<\/strong>.<\/li>\n<\/ul>\n<\/div>\n\n\n\n<div class=\"wp-block-column planif-radius-2 is-layout-flow wp-block-column-is-layout-flow\">\n<figure class=\"wp-block-image size-large voiture_image\"><img decoding=\"async\" src=\"https:\/\/photos.smugmug.com\/Canarias-Lovers\/Gran-Canaria\/Driving\/i-FXBKL7Q\/1\/C432TQvrLtk7Fzt3jdL3g8XCdWtF4krHtKv9zvKg6\/S\/gran-Canaria-rental-car-driving-S.jpg\" alt=\"guidare a Gran Canaria\"\/><\/figure>\n<\/div>\n<\/div>\n\n\n\n<div class=\"wp-block-columns planif_bouton is-layout-flex wp-container-core-columns-is-layout-8f761849 wp-block-columns-is-layout-flex\">\n<div class=\"wp-block-column is-vertically-aligned-top is-layout-flow wp-block-column-is-layout-flow\">\n<div class=\"wp-block-buttons is-content-justification-center is-layout-flex wp-container-core-buttons-is-layout-fe48e5de wp-block-buttons-is-layout-flex\">\n<div class=\"wp-block-button\"><a class=\"wp-block-button__link has-white-color has-text-color wp-element-button\" href=\"https:\/\/www.discovercars.com\/it\/spain-canary-islands\/gran-canaria?a_aid=zigzag&amp;chan=CAL\" target=\"_blank\" rel=\"noreferrer noopener nofollow\">Vedere le auto disponibili &gt;&gt;<\/a><\/div>\n<\/div>\n<\/div>\n\n\n\n<div class=\"wp-block-column is-vertically-aligned-center is-layout-flow wp-block-column-is-layout-flow\">\n<p class=\"has-text-align-center wp-block-paragraph\" style=\"font-size:16px\"><a href=\"https:\/\/canarias-lovers.com\/it\/come-noleggiare-auto-gran-canaria-consigli-esperienze\/\" target=\"_blank\" rel=\"noreferrer noopener\">Legga i nostri consigli<\/a><\/p>\n<\/div>\n<\/div>\n<\/div><\/div><\/div>\n\n<h2 class=\"wp-block-heading\"><span class=\"ez-toc-section\" id=\"Consigli_utili_durata_orari_mangiare%E2%80%A6\"><\/span>Consigli utili: durata, orari, mangiare&#8230;<span class=\"ez-toc-section-end\"><\/span><\/h2>\n\n<h3 class=\"wp-block-heading\">Il momento migliore per visitare<\/h3>\n\n<p class=\"wp-block-paragraph\">In estate, si consiglia di evitare le ore centrali della giornata poich\u00e9 vi \u00e8 poca ombra. I cactus non sono le piante che offrono pi\u00f9 ombra!<\/p>\n\n<h3 class=\"wp-block-heading\">Durata della visita e principali difficolt\u00e0<\/h3>\n\n<p class=\"wp-block-paragraph\">La visita al Parco Cactualdea dura in genere <strong>circa un\u2019ora<\/strong>, procedendo con calma. Il percorso presenta <strong>sentieri lunghi e tortuosi<\/strong> che invitano alla scoperta, ma richiedono un certo sforzo fisico.<\/p>\n\n<p class=\"wp-block-paragraph\">Si prega di prestare attenzione: alcune zone presentano <strong>pendenze significative<\/strong> e superfici rocciose, il che pu\u00f2 rendere difficile la circolazione, in particolare per le persone con mobilit\u00e0 ridotta. Vi consigliamo di indossare scarpe adeguate e di prendervi tutto il tempo necessario per godervi appieno il sito.<\/p>\n\n<figure class=\"wp-block-image size-large\"><img decoding=\"async\" src=\"https:\/\/res.cloudinary.com\/dr1k3muv9\/image\/upload\/e_enhance\/e_improve:outdoor:50\/e_contrast:level_35;type_sigmoidal\/e_vibrance:8\/e_saturation:8\/e_sharpen:15\/f_auto\/v1788420108\/Mogan-to-La-Aldea-blocs-region-Lieu-RY8.heic\" alt=\"Sentiero lastricato con gradini distanziati\"\/><\/figure>\n\n<h3 class=\"wp-block-heading\">Consigli su come visitare<\/h3>\n\n<p class=\"wp-block-paragraph\">La cosa migliore \u00e8 lasciarsi trasportare dall&#8217;ispirazione una volta giunti nella zona dei cactus.<\/p>\n\n<figure class=\"wp-block-image size-large\"><img decoding=\"async\" src=\"https:\/\/res.cloudinary.com\/dr1k3muv9\/image\/upload\/e_enhance\/e_improve:outdoor:50\/e_contrast:level_35;type_sigmoidal\/e_vibrance:8\/e_saturation:8\/e_sharpen:15\/f_auto\/v1788420111\/Mogan-to-La-Aldea-blocs-region-Parc-Cactualdea-map-ZM0.heic\" alt=\"mappa del parco Cactuladea\"\/><\/figure>\n\n<h3 class=\"wp-block-heading\">Visita con i bambini<\/h3>\n\n<p class=\"wp-block-paragraph\">Non abbiamo individuato alcuna attivit\u00e0 dedicata ai pi\u00f9 piccoli al <strong>Parc<\/strong> <strong>Cactualdea,<\/strong> come ad esempio un <strong>libretto di giochi<\/strong> o un percorso a misura di bambino. D&#8217;altra parte, i bambini possono osservare animali quali asini e pavoni, con la possibilit\u00e0 di acquistare del cibo per avvicinarsi a loro. Si noti che i sentieri all\u2019aperto sono esposti al sole, il che richiede una certa attenzione.<\/p>\n\n<figure class=\"wp-block-image size-large\"><img decoding=\"async\" src=\"https:\/\/res.cloudinary.com\/dr1k3muv9\/image\/upload\/e_enhance\/e_improve:outdoor:50\/e_contrast:level_35;type_sigmoidal\/e_vibrance:8\/e_saturation:8\/e_sharpen:15\/f_auto\/v1788420114\/Mogan-to-La-Aldea-blocs-region-Lieu-JTF.heic\" alt=\"anatre nere e bianche con maschere rosse\"\/><\/figure>\n\n<h3 class=\"wp-block-heading\">Orari e prezzi<\/h3>\n\n<ul class=\"wp-block-list\">\n<li><strong>Orari:<\/strong> tutti i giorni dalle 10.30 alle 17.00<\/li>\n\n\n\n<li><strong>Chiusura:<\/strong> Nessuna<\/li>\n\n\n\n<li><strong>Tariffa per adulti:<\/strong> 9,50 \u20ac<\/li>\n\n\n\n<li><strong>Tariffa ridotta:<\/strong><br\/>Bambini (10-16 anni): 5,00 \u20ac<br\/>Pensionati: 6,00 \u20ac<\/li>\n\n\n\n<li><strong>Ingresso gratuito:<\/strong> Bambini (0-10 anni): gratuito<\/li>\n\n\n\n<li><strong>Telefono:<\/strong> +34 928 89 12 28<\/li>\n\n\n\n<li>Consulti le ultime notizie sul sito ufficiale <a href=\"http:\/\/www.cactualdeapark.es\/\" target=\"_blank\" rel=\"nofollow noopener\">qui<\/a>.<\/li>\n\n\n\n<li><a href=\"http:\/\/www.cactualdeapark.es\/\" target=\"_blank\" rel=\"sponsored nofollow noopener\">Risparmia tempo, acquista il tuo biglietto<\/a>.<\/li>\n<\/ul>\n\n<h3 class=\"wp-block-heading\">Alloggi e ristorazione<\/h3>\n\n<ul class=\"wp-block-list\">\n<li>Non \u00e8 consentito pernottare nel parco<\/li>\n\n\n\n<li>Ristorante e snack bar nel cuore del parco<\/li>\n<\/ul>\n\n<figure class=\"wp-block-image size-large\"><img decoding=\"async\" src=\"https:\/\/res.cloudinary.com\/dr1k3muv9\/image\/upload\/e_enhance\/e_improve:outdoor:50\/e_contrast:level_35;type_sigmoidal\/e_vibrance:8\/e_saturation:8\/e_sharpen:15\/f_auto\/v1788420118\/Mogan-to-La-Aldea-blocs-region-Lieu-SXO.heic\" alt=\"terrazza coperta in legno con tavoli e sedie, piante sospese, persone sedute, area all&#x2019;aperto con ombrelloni bianchi, fitta vegetazione verde, muro di pietra sullo sfondo, luce del sole che proietta ombre\"\/><\/figure>\n\n<div class=\"wp-block-genesis-blocks-gb-container box gb-block-container\" style=\"background-color:#fefefe;margin-top:6%;margin-bottom:6%\"><div class=\"gb-container-inside\"><div class=\"gb-container-content\" style=\"max-width:700px\">\n<div class=\"wp-block-columns inverse is-layout-flex wp-container-core-columns-is-layout-8f761849 wp-block-columns-is-layout-flex\">\n<div class=\"wp-block-column texte_planif is-layout-flow wp-block-column-is-layout-flow\" style=\"flex-basis:58%\">\n<h5 class=\"titre_box\">UN PO&#8217; PI\u00d9 DI <span class=\"titre_box_manuscrit\">pazienza<\/span><\/h5>\n\n\n\n<p class=\"wp-block-paragraph\" style=\"font-size:14px\">Tutte le foto, le mappe, le informazioni e gli indirizzi utili di cui ha bisogno per sfruttare al meglio il <strong>suo soggiorno alle Canarie<\/strong> saranno <strong>presto<\/strong> disponibili in un unico ebook!<\/p>\n<\/div>\n\n\n\n<div class=\"wp-block-column is-layout-flow wp-block-column-is-layout-flow\" style=\"flex-basis:42%\">\n<div class=\"wp-block-genesis-blocks-gb-container ebook-radius-waitlist gb-block-container\"><div class=\"gb-container-inside\"><div class=\"gb-container-content\"><div class=\"wp-block-image ebook-image\">\n<figure class=\"aligncenter size-large\"><img decoding=\"async\" src=\"https:\/\/loirelovers.fr\/wp-content\/uploads\/2023\/03\/ebooks_CorseNormandie_FR.png\" alt=\"Box Ebook Corsica FR\"\/><\/figure>\n<\/div><\/div><\/div><\/div>\n<\/div>\n<\/div>\n<\/div><\/div><\/div>\n\n<h2 class=\"wp-block-heading\"><span class=\"ez-toc-section\" id=\"Collezioni_di_cactus_su_terrazze_vulcaniche\"><\/span>Collezioni di cactus su terrazze vulcaniche<span class=\"ez-toc-section-end\"><\/span><\/h2>\n\n<h3 class=\"wp-block-heading\">Oltre 1.000 specie di cactus e altre piante<\/h3>\n\n<p class=\"wp-block-paragraph\">Il Parco Cactualdea ospita un&#8217;impressionante collezione di oltre <strong>1.000 specie di cactus<\/strong> adatte al clima arido di Gran Canaria. Queste piante provengono da diverse regioni del mondo, il che conferisce al parco una straordinaria <strong>diversit\u00e0 botanica<\/strong> e offre ai visitatori un\u2019immersione in ecosistemi variegati.<\/p>\n\n<figure class=\"wp-block-image size-large\"><img decoding=\"async\" src=\"https:\/\/res.cloudinary.com\/dr1k3muv9\/image\/upload\/e_enhance\/e_improve:outdoor:50\/e_contrast:level_35;type_sigmoidal\/e_vibrance:8\/e_saturation:8\/e_sharpen:15\/f_auto\/v1788420121\/Mogan-to-La-Aldea-blocs-region-Parc-Cactualdea-NUI.heic\" alt=\"Gruppo fitto di cactus Opuntia in pieno sole\"\/><\/figure>\n\n<p class=\"wp-block-paragraph\">Oltre ai cactus, il parco ospita anche una grande variet\u00e0 di altre piante succulente, tra cui <strong>palme<\/strong>, <strong>alberi del drago<\/strong> e <strong>aloe<\/strong>. Queste specie completano armoniosamente la collezione e illustrano la ricchezza degli adattamenti vegetali agli ambienti aridi.<\/p>\n\n<figure class=\"wp-block-image size-large\"><img decoding=\"async\" src=\"https:\/\/res.cloudinary.com\/dr1k3muv9\/image\/upload\/e_enhance\/e_improve:outdoor:50\/e_contrast:level_35;type_sigmoidal\/e_vibrance:8\/e_saturation:8\/e_sharpen:15\/f_auto\/v1788420124\/Mogan-to-La-Aldea-blocs-region-Lieu-IVJ.heic\" alt=\"giardino di cactus con vari esemplari rotondi e colonnari, terreno scuro, rocce sparse, alcune piante succulente, luce solare intensa che proietta ombre, nessuna persona visibile\"\/><\/figure>\n\n<h3 class=\"wp-block-heading\">I sentieri di pic\u00f3n e i muri a secco<\/h3>\n\n<p class=\"wp-block-paragraph\">Il Parco Cactualdea si basa su una <strong>struttura a terrazze<\/strong> realizzata negli anni \u201990, che segue la topografia naturale del sito. Questa organizzazione in livelli successivi facilita la valorizzazione delle collezioni vegetali, limitando al contempo l\u2019erosione.  <\/p>\n\n<p class=\"wp-block-paragraph\">I <strong>muri di sostegno<\/strong> che delimitano queste terrazze sono costruiti secondo la tecnica tradizionale della <strong>pietra a secco delle Canarie<\/strong>, utilizzando esclusivamente basalto locale e pietra lavica senza alcun legante. Questo savoir-faire ancestrale contribuisce all\u2019identit\u00e0 visiva e culturale del parco.<\/p>\n\n<figure class=\"wp-block-image size-large\"><img decoding=\"async\" src=\"https:\/\/res.cloudinary.com\/dr1k3muv9\/image\/upload\/e_enhance\/e_improve:outdoor:50\/e_contrast:level_35;type_sigmoidal\/e_vibrance:8\/e_saturation:8\/e_sharpen:15\/f_auto\/v1788420128\/Mogan-to-La-Aldea-blocs-region-Parc-Cactualdea-SBR.heic\" alt=\"Stretto vialetto con muro in pietra e grande vaso decorativo con albero\"\/><\/figure>\n\n<p class=\"wp-block-paragraph\">I <strong>sentieri del parco<\/strong> sono ricoperti di pic\u00f3n, una roccia vulcanica porosa tipica delle Canarie. Questo materiale scuro e granuloso svolge un\u2019importante funzione: garantisce un buon <strong>drenaggio<\/strong> dell\u2019acqua piovana e limita l\u2019evaporazione, il che \u00e8 fondamentale in questo clima arido. Questo \u00e8 anche un ottimo motivo per indossare scarpe chiuse, poich\u00e9 questi piccoli frammenti di lava non sono affatto piacevoli quando si infilano sotto i piedi!<\/p>\n\n<figure class=\"wp-block-image size-large\"><img decoding=\"async\" src=\"https:\/\/res.cloudinary.com\/dr1k3muv9\/image\/upload\/e_enhance\/e_improve:outdoor:50\/e_contrast:level_35;type_sigmoidal\/e_vibrance:8\/e_saturation:8\/e_sharpen:15\/f_auto\/v1788420131\/Mogan-to-La-Aldea-blocs-region-Parc-Cactualdea-F4K.heic\" alt=\"Gruppi di piccoli cactus disposti su un terreno roccioso\"\/><\/figure>\n\n<p class=\"wp-block-paragraph\">Questa combinazione di materiali locali e tecniche tradizionali si inserisce in un approccio urbanistico rispettoso del territorio e della sua storia.  <\/p>\n\n<div class=\"wp-block-genesis-blocks-gb-container box gb-block-container\" style=\"background-color:#fef0c3;margin-top:8%;margin-bottom:8%\"><div class=\"gb-container-inside\"><div class=\"gb-container-content\">\n<div class=\"wp-block-columns inverse is-layout-flex wp-container-core-columns-is-layout-8f761849 wp-block-columns-is-layout-flex\">\n<div class=\"wp-block-column texte_planif is-layout-flow wp-block-column-is-layout-flow\" style=\"flex-basis:58%\">\n<h5 class=\"titre_box\" style=\"padding-top:10px\">DIVERTIMENTO a Gran Canaria<span class=\"titre_box_manuscrit\">: attivit\u00e0<\/span><\/h5>\n\n\n\n<p class=\"wp-block-paragraph\" style=\"font-size:16px\"><a href=\"https:\/\/www.getyourguide.it\/s\/?q=Gran+Canaria+dauphins&amp;searchSource=3&amp;partner_id=R3GYW4V&amp;cmp=CAL\" target=\"_blank\" rel=\"noreferrer noopener sponsored nofollow\">Osservazione dei delfini<\/a><br\/><a href=\"https:\/\/www.getyourguide.it\/grande-canarie-l418\/grande-canarie-circuit-guide-en-buggy-t212850\/?partner_id=R3GYW4V&amp;cmp=CAL\" target=\"_blank\" rel=\"noreferrer noopener sponsored nofollow\">Buggy \/ Quad<\/a><br\/><a href=\"https:\/\/www.getyourguide.it\/grande-canarie-l418\/las-palmas-sortie-de-snorkeling-de-3-h-a-las-canteras-t214674\/?partner_id=R3GYW4V&amp;cmp=CAL\" target=\"_blank\" rel=\"noreferrer noopener sponsored nofollow\">Snorkeling<\/a><br\/><a href=\"https:\/\/www.getyourguide.it\/grande-canarie-l418\/las-palmas-excursion-en-kayak-au-coucher-du-soleil-et-plongee-en-apnee-t427329\/?partner_id=R3GYW4V&amp;cmp=CAL\" target=\"_blank\" rel=\"noreferrer noopener sponsored nofollow\">Kayak nelle grotte di Mogan<\/a><br\/>Ma anche: canyoning, equitazione, via ferrata, coasteering&#8230;  <a href=\"https:\/\/www.getyourguide.it\/s?q=Gran+Canaria&amp;searchSource=8&amp;themes=adrenaline-water_sports-water_activities&amp;partner_id=R3GYW4V&amp;cmp=CAL\" target=\"_blank\" rel=\"noreferrer noopener sponsored nofollow\">Vedi tutte le opzioni<\/a><br\/><\/p>\n<\/div>\n\n\n\n<div class=\"wp-block-column ville-radius is-layout-flow wp-block-column-is-layout-flow\" style=\"flex-basis:42%\">\n<figure class=\"wp-block-image size-large img-portrait\"><img decoding=\"async\" src=\"https:\/\/photos.smugmug.com\/Canarias-Lovers\/Gran-Canaria\/Dolphins\/i-jm9TqbK\/0\/FfCW9g6J4ktRThBvpCKBJj4hF9RmM25RzS56zgJqN\/S\/Gran-Canaria-dolphins-S.jpg\" alt=\"Delfini a Gran Canaria\" title=\"\"\/><\/figure>\n<\/div>\n<\/div>\n<\/div><\/div><\/div>\n\n<h2 class=\"wp-block-heading\"><span class=\"ez-toc-section\" id=\"Punti_di_riferimento_della_storia_e_delle_tradizioni_delle_Canarie\"><\/span>Punti di riferimento della storia e delle tradizioni delle Canarie<span class=\"ez-toc-section-end\"><\/span><\/h2>\n\n<h3 class=\"wp-block-heading\">La ricostruzione della grotta guanche<\/h3>\n\n<p class=\"wp-block-paragraph\">Nel cuore del Parco Cactualdea, la <strong>replica della grotta guanche<\/strong> offre un legame tangibile con la storia dell\u2019umanit\u00e0 di Gran Canaria. Questa ricostruzione illustra l\u2019abitato tradizionale dei Guanches, i primi abitanti dell\u2019isola, noti per il loro stile di vita trogloditico. Integrata nel percorso botanico, arricchisce la visita unendo la scoperta della flora a un\u2019immersione culturale.<\/p>\n\n<figure class=\"wp-block-image size-large\"><img decoding=\"async\" src=\"https:\/\/res.cloudinary.com\/dr1k3muv9\/image\/upload\/e_enhance\/e_improve:outdoor:50\/e_contrast:level_35;type_sigmoidal\/e_vibrance:8\/e_saturation:8\/e_sharpen:15\/f_auto\/v1788420135\/Mogan-to-La-Aldea-blocs-region-Parc-Cactualdea-interior-39S.heic\" alt=\"Interno di una grotta con vasi antichi illuminati\"\/><\/figure>\n\n<p class=\"wp-block-paragraph\">Questa installazione permette di comprendere in che modo i Guanches sfruttassero l\u2019ambiente naturale, in particolare le formazioni rocciose, per ripararsi. Abbiamo riscontrato che questa ricostruzione conferisce una dimensione aggiuntiva alla visita.<\/p>\n\n<h3 class=\"wp-block-heading\">L\u2019anfiteatro e la lotta canaria<\/h3>\n\n<p class=\"wp-block-paragraph\">Nel cuore del Parco Cactualdea, un <strong>anfiteatro<\/strong> \u00e8 dedicato alla <strong>lotta canaria<\/strong>, uno sport tradizionale profondamente radicato nella cultura delle Isole Canarie. Questa struttura offre uno spazio in cui i visitatori possono assistere a <strong>dimostrazioni<\/strong> e spettacoli, favorendo una migliore comprensione di questa pratica locale.<\/p>\n\n<figure class=\"wp-block-image size-large\"><img decoding=\"async\" src=\"https:\/\/res.cloudinary.com\/dr1k3muv9\/image\/upload\/e_enhance\/e_improve:outdoor:50\/e_contrast:level_35;type_sigmoidal\/e_vibrance:8\/e_saturation:8\/e_sharpen:15\/f_auto\/v1788420141\/Mogan-to-La-Aldea-blocs-region-Parc-Cactualdea-W3S.heic\" alt=\"Anfiteatro all&#x2019;aperto con mosaici e decorazioni murali\"\/><\/figure>\n\n<p class=\"wp-block-paragraph\">L\u2019anfiteatro si integra armoniosamente nel paesaggio dei giardini botanici, fondendo cos\u00ec il patrimonio naturale con una tradizione popolare ancora viva. Ammirare i colori e le decorazioni.<\/p>\n\n<h3 class=\"wp-block-heading\">La memoria agricola della cocciniglia<\/h3>\n\n<p class=\"wp-block-paragraph\">Tra <strong>il 1820 e il 1870<\/strong>, la coltivazione della cocciniglia conobbe un notevole sviluppo a Gran Canaria, diventando una delle principali risorse economiche. Questo piccolo insetto, raccolto dal <strong>fico d\u2019India<\/strong>, consentiva di estrarre un <strong>colorante naturale<\/strong> di colore rosso vivo, il carminio, molto apprezzato in Europa per la tintura dei tessuti.<\/p>\n\n<figure class=\"wp-block-image size-large\"><img decoding=\"async\" src=\"https:\/\/res.cloudinary.com\/dr1k3muv9\/image\/upload\/e_enhance\/e_improve:outdoor:50\/e_contrast:level_35;type_sigmoidal\/e_vibrance:8\/e_saturation:8\/e_sharpen:15\/f_auto\/v1788420144\/Mogan-to-La-Aldea-blocs-region-Parc-Cactualdea-6P0.heic\" alt=\"Murales geometrico rosso, nero e bianco su una parete in pietra\"\/><\/figure>\n\n<p class=\"wp-block-paragraph\">La raccolta della cocciniglia si basava su precise <strong>tecniche agricole tradizionali<\/strong>: gli insetti venivano raccolti a mano dai rami del cactus, quindi essiccati prima di essere trasformati in pigmento. Questo know-how riflette un adattamento locale all\u2019ambiente arido dell\u2019isola, valorizzando colture resistenti alla siccit\u00e0.<\/p>\n\n<figure class=\"wp-block-image size-large\"><img decoding=\"async\" src=\"https:\/\/res.cloudinary.com\/dr1k3muv9\/image\/upload\/e_enhance\/e_improve:outdoor:50\/e_contrast:level_35;type_sigmoidal\/e_vibrance:8\/e_saturation:8\/e_sharpen:15\/f_auto\/v1788420147\/Mogan-to-La-Aldea-blocs-region-Parc-Cactualdea-L0T.heic\" alt=\"Cactus con frutti rossi su un terreno roccioso e secco\"\/><\/figure>\n\n<p class=\"wp-block-paragraph\">Al <strong>Parco<\/strong> <strong>Cactualdea,<\/strong> questo patrimonio viene valorizzato attraverso l\u2019esposizione di numerose variet\u00e0 di cactus, tra cui il fico <strong>d\u2019India.<\/strong> I percorsi tematici del giardino rievocano queste antiche pratiche agricole, offrendo cos\u00ec un\u2019immersione nella storia rurale della <strong>Gran<\/strong> Canaria.<\/p>\n\n<h2 class=\"wp-block-heading\"><span class=\"ez-toc-section\" id=\"Una_passeggiata_allaperto_costellata_di_animali\"><\/span>Una passeggiata all\u2019aperto costellata di animali<span class=\"ez-toc-section-end\"><\/span><\/h2>\n\n<p class=\"wp-block-paragraph\">Al Parco Cactualdea avrete l\u2019occasione di osservare <strong>pavoni<\/strong> e anatre che si aggirano liberamente tra i giardini. La loro presenza conferisce un tocco di vivacit\u00e0 alla passeggiata, offrendo momenti di osservazione privilegiati per grandi e piccini.  <\/p>\n\n<figure class=\"wp-block-image size-large\"><img decoding=\"async\" src=\"https:\/\/res.cloudinary.com\/dr1k3muv9\/image\/upload\/e_enhance\/e_improve:outdoor:50\/e_contrast:level_35;type_sigmoidal\/e_vibrance:8\/e_saturation:8\/e_sharpen:15\/f_auto\/v1788420151\/Mogan-to-La-Aldea-blocs-region-Lieu-2LB.heic\" alt=\"anatra moscovita in piedi su un pavimento in pietra, vista laterale, piume bianche e nere, pelle del viso rossa, sfondo con pavimento in pietra dalla superficie ruvida, nessuna persona\"\/><\/figure>\n\n<p class=\"wp-block-paragraph\">Anche gli <strong>asini<\/strong> del parco condividono questo spazio. La loro tranquillit\u00e0 e la loro vicinanza ai visitatori creano un\u2019atmosfera accogliente, particolarmente apprezzata dalle famiglie.  <\/p>\n\n<p class=\"wp-block-paragraph\">Per favorire un\u2019interazione rispettosa, il parco mette a disposizione all\u2019ingresso <strong>sacchetti di cibo<\/strong> appositamente destinati agli animali. Questa misura garantisce un&#8217;alimentazione adeguata ed evita i rischi legati a cibi non idonei. \u00c8 importante attenersi alle <strong>norme di comportamento<\/strong> stabilite: non inseguire n\u00e9 disturbare gli animali e somministrare loro solo il cibo previsto.  <\/p>\n\n<figure class=\"wp-block-image size-large\"><img decoding=\"async\" src=\"https:\/\/res.cloudinary.com\/dr1k3muv9\/image\/upload\/e_enhance\/e_improve:outdoor:50\/e_contrast:level_35;type_sigmoidal\/e_vibrance:8\/e_saturation:8\/e_sharpen:15\/f_auto\/v1788420154\/Mogan-to-La-Aldea-blocs-region-Parc-Cactualdea-map-UDI.heic\" alt=\"Un asino in un recinto con una gallina sullo sfondo\"\/><\/figure>\n\n<h2 class=\"wp-block-heading\"><span class=\"ez-toc-section\" id=\"Punti_di_vista\"><\/span>Punti di vista<span class=\"ez-toc-section-end\"><\/span><\/h2>\n\n<p class=\"wp-block-paragraph\">Diversi punti panoramici allestiti nel parco consentono di ammirare i giardini a terrazze e le montagne circostanti. Questi belvedere offrono diversi punti di osservazione, consentendo di scattare fotografie di grande effetto. Per godersi appieno i giochi di luce, vi consigliamo di effettuare la visita nel tardo <strong>pomeriggio,<\/strong> quando il sole mette in risalto le texture dei cactus e i rilievi del vulcano.<\/p>\n\n<figure class=\"wp-block-image size-large\"><img decoding=\"async\" src=\"https:\/\/res.cloudinary.com\/dr1k3muv9\/image\/upload\/e_enhance\/e_improve:outdoor:50\/e_contrast:level_35;type_sigmoidal\/e_vibrance:8\/e_saturation:8\/e_sharpen:15\/f_auto\/v1788420158\/Mogan-to-La-Aldea-blocs-region-Lieu-F1Q.heic\" alt=\"giardino di cactus con vari cactus alti e rotondi, terreno roccioso e arido, catena montuosa sullo sfondo, cielo azzurro e limpido, luce naturale del sole, nessuna persona\"\/><\/figure>\n\n<h2 class=\"wp-block-heading\"><span class=\"ez-toc-section\" id=\"La_storia_in_breve\"><\/span>La storia in breve<span class=\"ez-toc-section-end\"><\/span><\/h2>\n\n<p class=\"wp-block-paragraph\">Il Parco Cactualdea \u00e8 stato fondato nel <strong>1995<\/strong> dalla famiglia Beisel, appassionata di botanica e desiderosa di valorizzare la ricchezza della flora arida. Questo progetto nasce dall\u2019intenzione di realizzare un giardino unico a Gran Canaria, dedicato principalmente ai <strong>cactus<\/strong> e alle piante grasse, adatti al clima locale.<\/p>\n\n<p class=\"wp-block-paragraph\">La scelta di La Aldea de San Nicol\u00e1s come sede del parco non \u00e8 casuale: questo comune gode di un <strong>clima arido<\/strong> favorevole a tali specie e vanta una solida tradizione agricola. Il parco mira quindi a creare un legame tra la natura locale e l\u2019economia regionale, attirando visitatori e sostenendo lo sviluppo turistico.<\/p>\n\n<figure class=\"wp-block-image size-large\"><img decoding=\"async\" src=\"https:\/\/res.cloudinary.com\/dr1k3muv9\/image\/upload\/e_enhance\/e_improve:outdoor:50\/e_contrast:level_35;type_sigmoidal\/e_vibrance:8\/e_saturation:8\/e_sharpen:15\/f_auto\/v1788420162\/Mogan-to-La-Aldea-blocs-region-Parc-Cactualdea-BTD.heic\" alt=\"Insegna in legno con la scritta &#x201C;Bodega Cueva&#x201D; su un muro di pietra con dei cactus.\"\/><\/figure>\n\n<h2 class=\"wp-block-heading\"><span class=\"ez-toc-section\" id=\"Domande_frequenti\"><\/span>Domande frequenti<span class=\"ez-toc-section-end\"><\/span><\/h2>\n\n<h3 class=\"wp-block-heading\">Il Parco Cactualdea \u00e8 accessibile alle persone con mobilit\u00e0 ridotta?<\/h3>\n\n<p class=\"wp-block-paragraph\">Il <strong>Parco<\/strong> <strong>Cactualdea<\/strong> dispone di strutture accessibili, ma alcune zone potrebbero presentare difficolt\u00e0 per le persone con mobilit\u00e0 ridotta a causa dei sentieri rocciosi e delle pendenze ripide. Le consigliamo di contattare il parco prima della Sua visita per conoscere le soluzioni pi\u00f9 adatte e organizzare al meglio il Suo percorso, in particolare se utilizza una sedia a rotelle o necessita di un\u2019assistenza specifica.<\/p>\n\n<figure class=\"wp-block-image size-large\"><img decoding=\"async\" src=\"https:\/\/res.cloudinary.com\/dr1k3muv9\/image\/upload\/e_enhance\/e_improve:outdoor:50\/e_contrast:level_35;type_sigmoidal\/e_vibrance:8\/e_saturation:8\/e_sharpen:15\/f_auto\/v1788420166\/Mogan-to-La-Aldea-blocs-region-Parc-Cactualdea-GHI.heic\" alt=\"Sentiero lastricato fiancheggiato da cactus e palme in un parco desertico\"\/><\/figure>\n\n<div style=\"margin-top:8%;margin-bottom:8%\" class=\"wp-block-genesis-blocks-gb-container box gb-block-container\"><div class=\"gb-container-inside\"><div class=\"gb-container-content\" style=\"max-width:700px\">\n<div class=\"wp-block-genesis-blocks-gb-container box_titre gb-block-container\"><div class=\"gb-container-inside\"><div class=\"gb-container-content\">\n<h5 class=\"titre_box\"><span>PIANIFICHI<\/span> IL SUO VIAGGIO A <span class=\"titre_box_manuscrit\">Gran Canaria<\/span><\/h5>\n<\/div><\/div><\/div>\n\n\n\n<hr class=\"wp-block-separator has-text-color has-alpha-channel-opacity has-background is-style-wide hr-box-planif\" style=\"background-color:#ccd3dd;color:#ccd3dd\"\/>\n\n\n\n<div class=\"wp-block-columns box_sans_border is-layout-flex wp-container-core-columns-is-layout-8f761849 wp-block-columns-is-layout-flex\">\n<div class=\"wp-block-column texte_planif is-layout-flow wp-block-column-is-layout-flow\" style=\"font-size:14px;flex-basis:60%\">\n<ul class=\"wp-block-list\">\n<li><strong>Il meglio di<\/strong><\/li>\n<\/ul>\n\n\n\n<p class=\"ul_box wp-block-paragraph\" style=\"font-size:14px\"><a href=\"https:\/\/canarias-lovers.com\/it\/cosa-vedere-gran-canaria-visitare\/\" target=\"_blank\" rel=\"noreferrer noopener\">Cosa vedere a Gran Canaria<\/a><br\/><a href=\"https:\/\/canarias-lovers.com\/it\/migliori-paesaggi-gran-canaria-foto\/\" target=\"_blank\" rel=\"noreferrer noopener\">I paesaggi pi\u00f9 belli<\/a><br\/><a href=\"https:\/\/canarias-lovers.com\/it\/migliori-citta-gran-canaria-borghi\/\" target=\"_blank\" rel=\"noreferrer noopener\">Le citt\u00e0 e i villaggi pi\u00f9 belli<\/a><br\/><a href=\"https:\/\/canarias-lovers.com\/it\/migliori-spiagge-gran-canaria\/\" target=\"_blank\" rel=\"noreferrer noopener\">Le spiagge pi\u00f9 belle<\/a><br\/><a href=\"https:\/\/canarias-lovers.com\/it\/piscine-naturali-gran-canaria-lagune\/\" target=\"_blank\" rel=\"noreferrer noopener\">Le migliori piscine naturali<\/a><br\/><a href=\"https:\/\/canarias-lovers.com\/it\/siti-archeologici-gran-canaria\/\" target=\"_blank\" rel=\"noreferrer noopener\">Siti archeologici<\/a><br\/><a href=\"https:\/\/canarias-lovers.com\/it\/migliori-musei-gran-canaria\/\" target=\"_blank\" rel=\"noreferrer noopener\">I migliori musei<\/a><br\/><a href=\"https:\/\/canarias-lovers.com\/it\/meilleures-excursions-bateau-gran-canaria-2\/\" target=\"_blank\" rel=\"noreferrer noopener\">I migliori tour in barca<\/a><br\/><a href=\"https:\/\/canarias-lovers.com\/it\/posti-segreti-gran-canaria-nascoti\/\" target=\"_blank\" rel=\"noreferrer noopener\">Luoghi segreti, fuori dai sentieri battuti<\/a><\/p>\n<\/div>\n\n\n\n<div class=\"wp-block-column is-vertically-aligned-top planif-radius is-layout-flow wp-block-column-is-layout-flow\" style=\"flex-basis:40%\">\n<figure class=\"wp-block-image size-large img-portrait\"><img decoding=\"async\" src=\"https:\/\/photos.smugmug.com\/Canarias-Lovers\/Gran-Canaria\/Best-of\/i-8qV2fwm\/0\/98eb2a07\/S\/Roque-Nublo-S.jpg\" alt=\"Roque Nublo\" title=\"\"\/><\/figure>\n<\/div>\n<\/div>\n\n\n\n<hr class=\"wp-block-separator has-text-color has-alpha-channel-opacity has-background is-style-wide hr-box-planif\" style=\"background-color:#ccd3dd;color:#ccd3dd\"\/>\n\n\n\n<div class=\"wp-block-columns box_sans_border is-layout-flex wp-container-core-columns-is-layout-8f761849 wp-block-columns-is-layout-flex\">\n<div class=\"wp-block-column texte_planif is-layout-flow wp-block-column-is-layout-flow\" style=\"flex-basis:60%\">\n<ul class=\"wp-block-list\">\n<li><strong>Consigli pratici<\/strong><\/li>\n<\/ul>\n\n\n\n<p class=\"wp-block-paragraph\" style=\"font-size:14px\"><a href=\"https:\/\/canarias-lovers.com\/it\/guida-viaggio-gran-canaria-consigli\/\" target=\"_blank\" rel=\"noreferrer noopener\">25 consigli per un viaggio di successo a Gran Canaria<\/a><br\/><a href=\"https:\/\/canarias-lovers.com\/it\/quando-andare-gran-canaria-meteo\/\" target=\"_blank\" rel=\"noreferrer noopener\">Quando dovrebbe andarsene?<\/a><\/p>\n\n\n\n<p class=\"wp-block-paragraph\" style=\"font-size:14px\"><a href=\"https:\/\/canarias-lovers.com\/it\/come-muoversi-gran-canaria-trasporto\/\" target=\"_blank\" rel=\"noreferrer noopener\">Come spostarsi<\/a><br\/><a href=\"https:\/\/canarias-lovers.com\/it\/come-noleggiare-auto-gran-canaria-consigli-esperienze\/\" target=\"_blank\" rel=\"noreferrer noopener\">Come noleggiare un&#8217;auto a Gran Canaria<\/a><br\/><a href=\"https:\/\/canarias-lovers.com\/it\/guidare-gran-canaria-consigli\/\" target=\"_blank\" rel=\"noreferrer noopener\">Suggerimenti per la guida<\/a><br\/><a href=\"https:\/\/canarias-lovers.com\/it\/meilleures-excursions-gran-canaria-2\/\" target=\"_blank\" rel=\"noreferrer noopener\">Le migliori escursioni<\/a><\/p>\n\n\n\n<p class=\"wp-block-paragraph\" style=\"font-size:14px\">Itinerari: 3 giorni &#8211; 4 giorni &#8211; <a href=\"https:\/\/canarias-lovers.com\/it\/visitare-5-giorni-gran-canaria-itinerario\/\" target=\"_blank\" rel=\"noreferrer noopener\">5 giorni<\/a> &#8211; <a href=\"https:\/\/canarias-lovers.com\/it\/visitare-6-giorni-grana-canaria-itinerario\/\" target=\"_blank\" rel=\"noreferrer noopener\">6 giorni<\/a> &#8211; <a href=\"https:\/\/canarias-lovers.com\/it\/visitare-gran-canaria-un-settimana-itinerario\/\" target=\"_blank\" rel=\"noreferrer noopener\">7 giorni<\/a> &#8211; <a href=\"https:\/\/canarias-lovers.com\/it\/visitare-10-giorni-gran-canaria-itinerario\/\" target=\"_blank\" rel=\"noreferrer noopener\">10 giorni<\/a><\/p>\n\n\n\n<p class=\"wp-block-paragraph\" style=\"font-size:14px\"><a href=\"https:\/\/canarias-lovers.com\/it\/dove-alloggiare-gran-canaria-migliori-destinazioni\/\" target=\"_blank\" rel=\"noreferrer noopener\">Dove alloggiare a Gran Canaria<\/a><\/p>\n<\/div>\n\n\n\n<div class=\"wp-block-column is-vertically-aligned-top planif-radius is-layout-flow wp-block-column-is-layout-flow\" style=\"flex-basis:40%\">\n<figure class=\"wp-block-image size-large img-portrait\"><img decoding=\"async\" src=\"https:\/\/photos.smugmug.com\/Canarias-Lovers\/Gran-Canaria\/Driving\/i-rqnNnCs\/1\/4b657343\/S\/gran-Canaria-rental-car-driving-3-S.jpg\" alt=\"Noleggio auto Gran Canaria\" title=\"\"\/><\/figure>\n<\/div>\n<\/div>\n\n\n\n<hr class=\"wp-block-separator has-text-color has-alpha-channel-opacity has-background is-style-wide hr-box-planif\" style=\"background-color:#ccd3dd;color:#ccd3dd\"\/>\n\n\n\n<div class=\"wp-block-columns box_sans_border is-layout-flex wp-container-core-columns-is-layout-8f761849 wp-block-columns-is-layout-flex\">\n<div class=\"wp-block-column texte_planif is-layout-flow wp-block-column-is-layout-flow\" style=\"flex-basis:60%\">\n<ul class=\"wp-block-list\">\n<li><strong>Cosa vedere<\/strong><\/li>\n<\/ul>\n\n\n\n<p class=\"wp-block-paragraph\" style=\"font-size:14px\"><a href=\"https:\/\/canarias-lovers.com\/it\/cosa-vedere-las-palmas-gran-canaria-visitare\/\" target=\"_blank\" rel=\"noreferrer noopener\">Las Palmas e il suo centro storico<\/a><br\/><a href=\"https:\/\/canarias-lovers.com\/it\/escursione-delfini-grana-canaria-balene\/\" target=\"_blank\" rel=\"noreferrer noopener\">Osservazione dei delfini a Gran Canaria<\/a><br\/><a href=\"https:\/\/canarias-lovers.com\/it\/dunes-maspalomas-gran-canaria-2\/\" target=\"_blank\" rel=\"noreferrer noopener\">Le dune di Maspalomas<\/a><br\/><a href=\"https:\/\/canarias-lovers.com\/it\/cosa-vedere-puerto-mogan-visitare\/\" target=\"_blank\" rel=\"noreferrer noopener\">Puerto de Mogan (Piccola Venezia)<\/a><br\/><a href=\"https:\/\/canarias-lovers.com\/it\/cosa-vedere-agaete-visitare\/\" target=\"_blank\" rel=\"noreferrer noopener\">Agaete e le sue piscine naturali<\/a><br\/><a href=\"https:\/\/canarias-lovers.com\/it\/cosa-vedere-aguimes-gran-canaria-visitare\/\" target=\"_blank\" rel=\"noreferrer noopener\">La magnifica citt\u00e0 di Ag\u00fcimes<\/a><br\/><\/p>\n<\/div>\n\n\n\n<div class=\"wp-block-column is-vertically-aligned-top planif-radius is-layout-flow wp-block-column-is-layout-flow\" style=\"flex-basis:40%\">\n<figure class=\"wp-block-image size-large img-portrait\"><img decoding=\"async\" src=\"https:\/\/photos.smugmug.com\/Canarias-Lovers\/Gran-Canaria\/Best-of\/i-wqpn8vC\/0\/85607396\/S\/Gran-Canaria-dolphins-S.jpg\" alt=\"Delfino a Gran Canaria\" title=\"\"\/><\/figure>\n<\/div>\n<\/div>\n\n\n\n<div style=\"height:30px\" aria-hidden=\"true\" class=\"wp-block-spacer\"><\/div>\n<\/div><\/div><\/div>\n\n<div class=\"wp-block-genesis-blocks-gb-container box_auteur_voyage gb-block-container\"><div class=\"gb-container-inside\"><div class=\"gb-container-content\">\n<figure class=\"wp-block-image size-large img_auteur_voyage img_provisoire\"><img decoding=\"async\" src=\"https:\/\/photos.smugmug.com\/Region-Lovers\/Equipe\/i-nsNF6C6\/0\/Cs2F5n96pkt9xFD9D3SVqmQspMhrKgN75nHgBqmjG\/L\/Claire-L.png\" alt=\"\"\/><\/figure>\n\n\n\n<h5 class=\"titre_auteur_voyage\"><span>HA FATTO IL VIAGGIO E HA SCRITTO L&#8217;ARTICOLO \n <\/span><span class=\"titre_box_manuscrit\">Claire<\/span><\/h5>\n<\/div><\/div><\/div>\n","protected":false},"excerpt":{"rendered":"<p>Il Parco Cactualdea, situato a La Aldea de San Nicol\u00e1s sull\u2019isola di Gran Canaria, \u00e8 un giardino botanico unico nel suo genere dedicato ai cactus e ad altre piante adatte agli ambienti aridi. Su una superficie di circa 15.000 m\u00b2, ospita oltre 1.000 specie provenienti da tutto il mondo, offrendo un&#8217;immersione in un paesaggio al [&hellip;]<\/p>\n","protected":false},"author":1,"featured_media":11129,"comment_status":"closed","ping_status":"closed","sticky":false,"template":"","format":"standard","meta":{"_acf_changed":false,"_genesis_hide_title":false,"_genesis_hide_breadcrumbs":false,"_genesis_hide_singular_image":false,"_genesis_hide_footer_widgets":false,"_genesis_custom_body_class":"","_genesis_custom_post_class":"","_genesis_layout":"","footnotes":""},"categories":[4],"tags":[],"class_list":["post-11170","post","type-post","status-publish","format-standard","has-post-thumbnail","category-non-categorizzato","entry"],"acf":[],"yoast_head":"<!-- This site is optimized with the Yoast SEO plugin v28.3 - https:\/\/yoast.com\/product\/yoast-seo-wordpress\/ -->\n<title>Parco Cactualdea (Gran Canaria): visita + foto<\/title>\n<meta name=\"description\" content=\"I nostri consigli e le foto per visitare il giardino Parc Cactualdea a Gran Canaria: come arrivare, punti di interesse, durata della visita, orari e informazioni pratiche.\" \/>\n<meta name=\"robots\" content=\"index, follow, max-snippet:-1, max-image-preview:large, max-video-preview:-1\" \/>\n<link rel=\"canonical\" href=\"https:\/\/canarias-lovers.com\/it\/cactualdea-park-gran-canaria\/\" \/>\n<meta property=\"og:locale\" content=\"it_IT\" \/>\n<meta property=\"og:type\" content=\"article\" \/>\n<meta property=\"og:title\" content=\"Parco Cactualdea (Gran Canaria): visita + foto\" \/>\n<meta property=\"og:description\" content=\"I nostri consigli e le foto per visitare il giardino Parc Cactualdea a Gran Canaria: come arrivare, punti di interesse, durata della visita, orari e informazioni pratiche.\" \/>\n<meta property=\"og:url\" content=\"https:\/\/canarias-lovers.com\/it\/cactualdea-park-gran-canaria\/\" \/>\n<meta property=\"og:site_name\" content=\"Canarias Lovers: Tenerife + Gran Canaria\" \/>\n<meta property=\"article:published_time\" content=\"2026-09-03T15:04:43+00:00\" \/>\n<meta property=\"article:modified_time\" content=\"2026-09-03T15:06:00+00:00\" \/>\n<meta property=\"og:image\" content=\"https:\/\/canarias-lovers.com\/wp-content\/uploads\/2026\/09\/Cactualdea-Gran-Canaria-scaled.webp\" \/>\n\t<meta property=\"og:image:width\" content=\"2560\" \/>\n\t<meta property=\"og:image:height\" content=\"1920\" \/>\n\t<meta property=\"og:image:type\" content=\"image\/webp\" \/>\n<meta name=\"author\" content=\"Claire\" \/>\n<meta name=\"twitter:card\" content=\"summary_large_image\" \/>\n<meta name=\"twitter:label1\" content=\"Scritto da\" \/>\n\t<meta name=\"twitter:data1\" content=\"Claire\" \/>\n\t<meta name=\"twitter:label2\" content=\"Tempo di lettura stimato\" \/>\n\t<meta name=\"twitter:data2\" content=\"8 minuti\" \/>\n<script type=\"application\/ld+json\" class=\"yoast-schema-graph\">{\"@context\":\"https:\\\/\\\/schema.org\",\"@graph\":[{\"@type\":\"Article\",\"@id\":\"https:\\\/\\\/canarias-lovers.com\\\/it\\\/cactualdea-park-gran-canaria\\\/#article\",\"isPartOf\":{\"@id\":\"https:\\\/\\\/canarias-lovers.com\\\/it\\\/cactualdea-park-gran-canaria\\\/\"},\"author\":{\"name\":\"Claire\",\"@id\":\"https:\\\/\\\/canarias-lovers.com\\\/it\\\/#\\\/schema\\\/person\\\/4cfe633189ad64b99c9609bed2b00d55\"},\"headline\":\"Parco Cactualdea (Gran Canaria): visita + foto\",\"datePublished\":\"2026-09-03T15:04:43+00:00\",\"dateModified\":\"2026-09-03T15:06:00+00:00\",\"mainEntityOfPage\":{\"@id\":\"https:\\\/\\\/canarias-lovers.com\\\/it\\\/cactualdea-park-gran-canaria\\\/\"},\"wordCount\":1656,\"publisher\":{\"@id\":\"https:\\\/\\\/canarias-lovers.com\\\/it\\\/#organization\"},\"image\":{\"@id\":\"https:\\\/\\\/canarias-lovers.com\\\/it\\\/cactualdea-park-gran-canaria\\\/#primaryimage\"},\"thumbnailUrl\":\"https:\\\/\\\/canarias-lovers.com\\\/wp-content\\\/uploads\\\/2026\\\/09\\\/Cactualdea-Gran-Canaria-scaled.webp\",\"articleSection\":[\"Non categorizzato\"],\"inLanguage\":\"it-IT\"},{\"@type\":\"WebPage\",\"@id\":\"https:\\\/\\\/canarias-lovers.com\\\/it\\\/cactualdea-park-gran-canaria\\\/\",\"url\":\"https:\\\/\\\/canarias-lovers.com\\\/it\\\/cactualdea-park-gran-canaria\\\/\",\"name\":\"Parco Cactualdea (Gran Canaria): visita + foto\",\"isPartOf\":{\"@id\":\"https:\\\/\\\/canarias-lovers.com\\\/it\\\/#website\"},\"primaryImageOfPage\":{\"@id\":\"https:\\\/\\\/canarias-lovers.com\\\/it\\\/cactualdea-park-gran-canaria\\\/#primaryimage\"},\"image\":{\"@id\":\"https:\\\/\\\/canarias-lovers.com\\\/it\\\/cactualdea-park-gran-canaria\\\/#primaryimage\"},\"thumbnailUrl\":\"https:\\\/\\\/canarias-lovers.com\\\/wp-content\\\/uploads\\\/2026\\\/09\\\/Cactualdea-Gran-Canaria-scaled.webp\",\"datePublished\":\"2026-09-03T15:04:43+00:00\",\"dateModified\":\"2026-09-03T15:06:00+00:00\",\"description\":\"I nostri consigli e le foto per visitare il giardino Parc Cactualdea a Gran Canaria: come arrivare, punti di interesse, durata della visita, orari e informazioni pratiche.\",\"breadcrumb\":{\"@id\":\"https:\\\/\\\/canarias-lovers.com\\\/it\\\/cactualdea-park-gran-canaria\\\/#breadcrumb\"},\"inLanguage\":\"it-IT\",\"potentialAction\":[{\"@type\":\"ReadAction\",\"target\":[\"https:\\\/\\\/canarias-lovers.com\\\/it\\\/cactualdea-park-gran-canaria\\\/\"]}]},{\"@type\":\"ImageObject\",\"inLanguage\":\"it-IT\",\"@id\":\"https:\\\/\\\/canarias-lovers.com\\\/it\\\/cactualdea-park-gran-canaria\\\/#primaryimage\",\"url\":\"https:\\\/\\\/canarias-lovers.com\\\/wp-content\\\/uploads\\\/2026\\\/09\\\/Cactualdea-Gran-Canaria-scaled.webp\",\"contentUrl\":\"https:\\\/\\\/canarias-lovers.com\\\/wp-content\\\/uploads\\\/2026\\\/09\\\/Cactualdea-Gran-Canaria-scaled.webp\",\"width\":2560,\"height\":1920,\"caption\":\"Cactualdea Gran Canaria\"},{\"@type\":\"BreadcrumbList\",\"@id\":\"https:\\\/\\\/canarias-lovers.com\\\/it\\\/cactualdea-park-gran-canaria\\\/#breadcrumb\",\"itemListElement\":[{\"@type\":\"ListItem\",\"position\":1,\"name\":\"Home\",\"item\":\"https:\\\/\\\/canarias-lovers.com\\\/it\\\/\"},{\"@type\":\"ListItem\",\"position\":2,\"name\":\"Non categorizzato\",\"item\":\"https:\\\/\\\/canarias-lovers.com\\\/it\\\/non-categorizzato\\\/\"},{\"@type\":\"ListItem\",\"position\":3,\"name\":\"Parco Cactualdea (Gran Canaria): visita + foto\"}]},{\"@type\":\"WebSite\",\"@id\":\"https:\\\/\\\/canarias-lovers.com\\\/it\\\/#website\",\"url\":\"https:\\\/\\\/canarias-lovers.com\\\/it\\\/\",\"name\":\"Canarias Lovers: Tenerife + Gran Canaria\",\"description\":\"Il blog di Claire e Manu\",\"publisher\":{\"@id\":\"https:\\\/\\\/canarias-lovers.com\\\/it\\\/#organization\"},\"potentialAction\":[{\"@type\":\"SearchAction\",\"target\":{\"@type\":\"EntryPoint\",\"urlTemplate\":\"https:\\\/\\\/canarias-lovers.com\\\/it\\\/?s={search_term_string}\"},\"query-input\":{\"@type\":\"PropertyValueSpecification\",\"valueRequired\":true,\"valueName\":\"search_term_string\"}}],\"inLanguage\":\"it-IT\"},{\"@type\":\"Organization\",\"@id\":\"https:\\\/\\\/canarias-lovers.com\\\/it\\\/#organization\",\"name\":\"Canarias Lovers: Tenerife + Gran Canaria\",\"url\":\"https:\\\/\\\/canarias-lovers.com\\\/it\\\/\",\"logo\":{\"@type\":\"ImageObject\",\"inLanguage\":\"it-IT\",\"@id\":\"https:\\\/\\\/canarias-lovers.com\\\/it\\\/#\\\/schema\\\/logo\\\/image\\\/\",\"url\":\"https:\\\/\\\/canarias-lovers.com\\\/wp-content\\\/uploads\\\/2024\\\/05\\\/cropped-Canarias-Lovers-Logo.png\",\"contentUrl\":\"https:\\\/\\\/canarias-lovers.com\\\/wp-content\\\/uploads\\\/2024\\\/05\\\/cropped-Canarias-Lovers-Logo.png\",\"width\":2635,\"height\":595,\"caption\":\"Canarias Lovers: Tenerife + Gran Canaria\"},\"image\":{\"@id\":\"https:\\\/\\\/canarias-lovers.com\\\/it\\\/#\\\/schema\\\/logo\\\/image\\\/\"}},{\"@type\":\"Person\",\"@id\":\"https:\\\/\\\/canarias-lovers.com\\\/it\\\/#\\\/schema\\\/person\\\/4cfe633189ad64b99c9609bed2b00d55\",\"name\":\"Claire\",\"image\":{\"@type\":\"ImageObject\",\"inLanguage\":\"it-IT\",\"@id\":\"https:\\\/\\\/secure.gravatar.com\\\/avatar\\\/e3566233826c32de8d7c9ef726a1087654b12cadb092acc17ee1d357687192ff?s=96&d=mm&r=g\",\"url\":\"https:\\\/\\\/secure.gravatar.com\\\/avatar\\\/e3566233826c32de8d7c9ef726a1087654b12cadb092acc17ee1d357687192ff?s=96&d=mm&r=g\",\"contentUrl\":\"https:\\\/\\\/secure.gravatar.com\\\/avatar\\\/e3566233826c32de8d7c9ef726a1087654b12cadb092acc17ee1d357687192ff?s=96&d=mm&r=g\",\"caption\":\"Claire\"},\"sameAs\":[\"https:\\\/\\\/canarias-lovers.com\\\/claire-robinson\\\/\"],\"url\":\"https:\\\/\\\/canarias-lovers.com\\\/it\\\/author\\\/canariaslover2\\\/\"}]}<\/script>\n<!-- \/ Yoast SEO plugin. -->","yoast_head_json":{"title":"Parco Cactualdea (Gran Canaria): visita + foto","description":"I nostri consigli e le foto per visitare il giardino Parc Cactualdea a Gran Canaria: come arrivare, punti di interesse, durata della visita, orari e informazioni pratiche.","robots":{"index":"index","follow":"follow","max-snippet":"max-snippet:-1","max-image-preview":"max-image-preview:large","max-video-preview":"max-video-preview:-1"},"canonical":"https:\/\/canarias-lovers.com\/it\/cactualdea-park-gran-canaria\/","og_locale":"it_IT","og_type":"article","og_title":"Parco Cactualdea (Gran Canaria): visita + foto","og_description":"I nostri consigli e le foto per visitare il giardino Parc Cactualdea a Gran Canaria: come arrivare, punti di interesse, durata della visita, orari e informazioni pratiche.","og_url":"https:\/\/canarias-lovers.com\/it\/cactualdea-park-gran-canaria\/","og_site_name":"Canarias Lovers: Tenerife + Gran Canaria","article_published_time":"2026-09-03T15:04:43+00:00","article_modified_time":"2026-09-03T15:06:00+00:00","og_image":[{"width":2560,"height":1920,"url":"https:\/\/canarias-lovers.com\/wp-content\/uploads\/2026\/09\/Cactualdea-Gran-Canaria-scaled.webp","type":"image\/webp"}],"author":"Claire","twitter_card":"summary_large_image","twitter_misc":{"Scritto da":"Claire","Tempo di lettura stimato":"8 minuti"},"schema":{"@context":"https:\/\/schema.org","@graph":[{"@type":"Article","@id":"https:\/\/canarias-lovers.com\/it\/cactualdea-park-gran-canaria\/#article","isPartOf":{"@id":"https:\/\/canarias-lovers.com\/it\/cactualdea-park-gran-canaria\/"},"author":{"name":"Claire","@id":"https:\/\/canarias-lovers.com\/it\/#\/schema\/person\/4cfe633189ad64b99c9609bed2b00d55"},"headline":"Parco Cactualdea (Gran Canaria): visita + foto","datePublished":"2026-09-03T15:04:43+00:00","dateModified":"2026-09-03T15:06:00+00:00","mainEntityOfPage":{"@id":"https:\/\/canarias-lovers.com\/it\/cactualdea-park-gran-canaria\/"},"wordCount":1656,"publisher":{"@id":"https:\/\/canarias-lovers.com\/it\/#organization"},"image":{"@id":"https:\/\/canarias-lovers.com\/it\/cactualdea-park-gran-canaria\/#primaryimage"},"thumbnailUrl":"https:\/\/canarias-lovers.com\/wp-content\/uploads\/2026\/09\/Cactualdea-Gran-Canaria-scaled.webp","articleSection":["Non categorizzato"],"inLanguage":"it-IT"},{"@type":"WebPage","@id":"https:\/\/canarias-lovers.com\/it\/cactualdea-park-gran-canaria\/","url":"https:\/\/canarias-lovers.com\/it\/cactualdea-park-gran-canaria\/","name":"Parco Cactualdea (Gran Canaria): visita + foto","isPartOf":{"@id":"https:\/\/canarias-lovers.com\/it\/#website"},"primaryImageOfPage":{"@id":"https:\/\/canarias-lovers.com\/it\/cactualdea-park-gran-canaria\/#primaryimage"},"image":{"@id":"https:\/\/canarias-lovers.com\/it\/cactualdea-park-gran-canaria\/#primaryimage"},"thumbnailUrl":"https:\/\/canarias-lovers.com\/wp-content\/uploads\/2026\/09\/Cactualdea-Gran-Canaria-scaled.webp","datePublished":"2026-09-03T15:04:43+00:00","dateModified":"2026-09-03T15:06:00+00:00","description":"I nostri consigli e le foto per visitare il giardino Parc Cactualdea a Gran Canaria: come arrivare, punti di interesse, durata della visita, orari e informazioni pratiche.","breadcrumb":{"@id":"https:\/\/canarias-lovers.com\/it\/cactualdea-park-gran-canaria\/#breadcrumb"},"inLanguage":"it-IT","potentialAction":[{"@type":"ReadAction","target":["https:\/\/canarias-lovers.com\/it\/cactualdea-park-gran-canaria\/"]}]},{"@type":"ImageObject","inLanguage":"it-IT","@id":"https:\/\/canarias-lovers.com\/it\/cactualdea-park-gran-canaria\/#primaryimage","url":"https:\/\/canarias-lovers.com\/wp-content\/uploads\/2026\/09\/Cactualdea-Gran-Canaria-scaled.webp","contentUrl":"https:\/\/canarias-lovers.com\/wp-content\/uploads\/2026\/09\/Cactualdea-Gran-Canaria-scaled.webp","width":2560,"height":1920,"caption":"Cactualdea Gran Canaria"},{"@type":"BreadcrumbList","@id":"https:\/\/canarias-lovers.com\/it\/cactualdea-park-gran-canaria\/#breadcrumb","itemListElement":[{"@type":"ListItem","position":1,"name":"Home","item":"https:\/\/canarias-lovers.com\/it\/"},{"@type":"ListItem","position":2,"name":"Non categorizzato","item":"https:\/\/canarias-lovers.com\/it\/non-categorizzato\/"},{"@type":"ListItem","position":3,"name":"Parco Cactualdea (Gran Canaria): visita + foto"}]},{"@type":"WebSite","@id":"https:\/\/canarias-lovers.com\/it\/#website","url":"https:\/\/canarias-lovers.com\/it\/","name":"Canarias Lovers: Tenerife + Gran Canaria","description":"Il blog di Claire e Manu","publisher":{"@id":"https:\/\/canarias-lovers.com\/it\/#organization"},"potentialAction":[{"@type":"SearchAction","target":{"@type":"EntryPoint","urlTemplate":"https:\/\/canarias-lovers.com\/it\/?s={search_term_string}"},"query-input":{"@type":"PropertyValueSpecification","valueRequired":true,"valueName":"search_term_string"}}],"inLanguage":"it-IT"},{"@type":"Organization","@id":"https:\/\/canarias-lovers.com\/it\/#organization","name":"Canarias Lovers: Tenerife + Gran Canaria","url":"https:\/\/canarias-lovers.com\/it\/","logo":{"@type":"ImageObject","inLanguage":"it-IT","@id":"https:\/\/canarias-lovers.com\/it\/#\/schema\/logo\/image\/","url":"https:\/\/canarias-lovers.com\/wp-content\/uploads\/2024\/05\/cropped-Canarias-Lovers-Logo.png","contentUrl":"https:\/\/canarias-lovers.com\/wp-content\/uploads\/2024\/05\/cropped-Canarias-Lovers-Logo.png","width":2635,"height":595,"caption":"Canarias Lovers: Tenerife + Gran Canaria"},"image":{"@id":"https:\/\/canarias-lovers.com\/it\/#\/schema\/logo\/image\/"}},{"@type":"Person","@id":"https:\/\/canarias-lovers.com\/it\/#\/schema\/person\/4cfe633189ad64b99c9609bed2b00d55","name":"Claire","image":{"@type":"ImageObject","inLanguage":"it-IT","@id":"https:\/\/secure.gravatar.com\/avatar\/e3566233826c32de8d7c9ef726a1087654b12cadb092acc17ee1d357687192ff?s=96&d=mm&r=g","url":"https:\/\/secure.gravatar.com\/avatar\/e3566233826c32de8d7c9ef726a1087654b12cadb092acc17ee1d357687192ff?s=96&d=mm&r=g","contentUrl":"https:\/\/secure.gravatar.com\/avatar\/e3566233826c32de8d7c9ef726a1087654b12cadb092acc17ee1d357687192ff?s=96&d=mm&r=g","caption":"Claire"},"sameAs":["https:\/\/canarias-lovers.com\/claire-robinson\/"],"url":"https:\/\/canarias-lovers.com\/it\/author\/canariaslover2\/"}]}},"featured_image_src":"https:\/\/canarias-lovers.com\/wp-content\/uploads\/2026\/09\/Cactualdea-Gran-Canaria-600x400.webp","featured_image_src_square":"https:\/\/canarias-lovers.com\/wp-content\/uploads\/2026\/09\/Cactualdea-Gran-Canaria-600x600.webp","author_info":{"display_name":"Claire","author_link":"https:\/\/canarias-lovers.com\/it\/author\/canariaslover2\/"},"_links":{"self":[{"href":"https:\/\/canarias-lovers.com\/it\/wp-json\/wp\/v2\/posts\/11170","targetHints":{"allow":["GET"]}}],"collection":[{"href":"https:\/\/canarias-lovers.com\/it\/wp-json\/wp\/v2\/posts"}],"about":[{"href":"https:\/\/canarias-lovers.com\/it\/wp-json\/wp\/v2\/types\/post"}],"author":[{"embeddable":true,"href":"https:\/\/canarias-lovers.com\/it\/wp-json\/wp\/v2\/users\/1"}],"replies":[{"embeddable":true,"href":"https:\/\/canarias-lovers.com\/it\/wp-json\/wp\/v2\/comments?post=11170"}],"version-history":[{"count":2,"href":"https:\/\/canarias-lovers.com\/it\/wp-json\/wp\/v2\/posts\/11170\/revisions"}],"predecessor-version":[{"id":11172,"href":"https:\/\/canarias-lovers.com\/it\/wp-json\/wp\/v2\/posts\/11170\/revisions\/11172"}],"wp:featuredmedia":[{"embeddable":true,"href":"https:\/\/canarias-lovers.com\/it\/wp-json\/wp\/v2\/media\/11129"}],"wp:attachment":[{"href":"https:\/\/canarias-lovers.com\/it\/wp-json\/wp\/v2\/media?parent=11170"}],"wp:term":[{"taxonomy":"category","embeddable":true,"href":"https:\/\/canarias-lovers.com\/it\/wp-json\/wp\/v2\/categories?post=11170"},{"taxonomy":"post_tag","embeddable":true,"href":"https:\/\/canarias-lovers.com\/it\/wp-json\/wp\/v2\/tags?post=11170"}],"curies":[{"name":"wp","href":"https:\/\/api.w.org\/{rel}","templated":true}]}}