{"id":1295,"date":"2024-06-19T16:19:04","date_gmt":"2024-06-19T16:19:04","guid":{"rendered":"https:\/\/canarias-lovers.com\/catedral-santa-ana-las-palmas-gran-canaria-visite-fotos\/"},"modified":"2024-06-20T11:44:44","modified_gmt":"2024-06-20T11:44:44","slug":"visitar-catedral-santa-ana-las-palmas-gran-canaria","status":"publish","type":"post","link":"https:\/\/canarias-lovers.com\/es\/visitar-catedral-santa-ana-las-palmas-gran-canaria\/","title":{"rendered":"Catedral de Santa Ana (Las Palmas): visita + fotos"},"content":{"rendered":"\n<p>Si est\u00e1 planeando un viaje a <strong>Gran Canaria<\/strong>, le sugerimos que haga una parada en <strong>Las Palmas<\/strong> para visitar <strong>la catedral de Santa Ana<\/strong>. En el coraz\u00f3n del casco antiguo, este monumento del siglo XVI es una visita obligada para los amantes del<strong>arte sacro<\/strong>. Al igual que nosotros, podr\u00e1 admirar su austera fachada, su b\u00f3veda en forma de ara\u00f1a y la impresionante vista desde su torre sur. Y no se pierda el <strong>Museo Diocesano<\/strong>, al otro lado del <strong>Patio de los Naranjos<\/strong>.<\/p>\n\n<p>En este art\u00edculo encontrar\u00e1 una selecci\u00f3n de <strong>consejos \u00fatiles<\/strong> que le ayudar\u00e1n a preparar su visita. \u00a1Averig\u00fce m\u00e1s sobre este edificio \u00fanico!<\/p>\n\n<figure class=\"wp-block-image size-full\"><img decoding=\"async\" src=\"https:\/\/canarias-lovers.com\/wp-content\/uploads\/2024\/06\/visiter-cathedrale-santa-ana-las-palmas-7.jpg\" alt=\"Visite la Catedral de Santa Ana en Las Palmas, Gran Canaria\" class=\"wp-image-1260\"\/><\/figure>\n\n<p>Se trata de una opini\u00f3n totalmente <strong>independiente<\/strong> basada en nuestras experiencias. Visitamos la regi\u00f3n de forma an\u00f3nima, tomando nuestras propias decisiones y pagando \u00edntegramente nuestras facturas.<\/p>\n\n<div style=\"padding-left:5%\" class=\"wp-block-genesis-blocks-gb-container box gb-block-container\"><div class=\"gb-container-inside\"><div class=\"gb-container-content\">\n<p class=\"titre_box_manuscrit\">Contenido<\/p>\n\n\n<div id=\"ez-toc-container\" class=\"ez-toc-v2_0_82_1 counter-hierarchy ez-toc-counter ez-toc-custom ez-toc-container-direction\">\n<div class=\"ez-toc-title-container\">\n<span class=\"ez-toc-title-toggle\"><\/span><\/div>\n<nav><ul class='ez-toc-list ez-toc-list-level-1 ' ><li class='ez-toc-page-1 ez-toc-heading-level-2'><a class=\"ez-toc-link ez-toc-heading-1\" href=\"https:\/\/canarias-lovers.com\/es\/visitar-catedral-santa-ana-las-palmas-gran-canaria\/#%C2%BFPor_que_visitar_la_Catedral_de_Santa_Ana_de_Las_Palmas\" >\u00bfPor qu\u00e9 visitar la Catedral de Santa Ana de Las Palmas?<\/a><\/li><li class='ez-toc-page-1 ez-toc-heading-level-2'><a class=\"ez-toc-link ez-toc-heading-2\" href=\"https:\/\/canarias-lovers.com\/es\/visitar-catedral-santa-ana-las-palmas-gran-canaria\/#Acceso_Catedral_de_Santa_Ana_Las_Palmas\" >Acceso: Catedral de Santa Ana, Las Palmas<\/a><\/li><li class='ez-toc-page-1 ez-toc-heading-level-2'><a class=\"ez-toc-link ez-toc-heading-3\" href=\"https:\/\/canarias-lovers.com\/es\/visitar-catedral-santa-ana-las-palmas-gran-canaria\/#Consejos_utiles_duracion_horarios_alimentacion%E2%80%A6\" >Consejos \u00fatiles: duraci\u00f3n, horarios, alimentaci\u00f3n&#8230;<\/a><\/li><li class='ez-toc-page-1 ez-toc-heading-level-2'><a class=\"ez-toc-link ez-toc-heading-4\" href=\"https:\/\/canarias-lovers.com\/es\/visitar-catedral-santa-ana-las-palmas-gran-canaria\/#La_Catedral_de_Las_Palmas_una_joya_arquitectonica\" >La Catedral de Las Palmas, una joya arquitect\u00f3nica<\/a><\/li><li class='ez-toc-page-1 ez-toc-heading-level-2'><a class=\"ez-toc-link ez-toc-heading-5\" href=\"https:\/\/canarias-lovers.com\/es\/visitar-catedral-santa-ana-las-palmas-gran-canaria\/#La_impresionante_vista_desde_lo_alto_de_la_Torre_Sur\" >La impresionante vista desde lo alto de la Torre Sur<\/a><\/li><li class='ez-toc-page-1 ez-toc-heading-level-2'><a class=\"ez-toc-link ez-toc-heading-6\" href=\"https:\/\/canarias-lovers.com\/es\/visitar-catedral-santa-ana-las-palmas-gran-canaria\/#Tesoros_de_arte_sacro_en_el_Museo_Diocesano\" >Tesoros de arte sacro en el Museo Diocesano<\/a><\/li><li class='ez-toc-page-1 ez-toc-heading-level-2'><a class=\"ez-toc-link ez-toc-heading-7\" href=\"https:\/\/canarias-lovers.com\/es\/visitar-catedral-santa-ana-las-palmas-gran-canaria\/#Preguntas_frecuentes\" >Preguntas frecuentes<\/a><\/li><\/ul><\/nav><\/div>\n\n<\/div><\/div><\/div>\n\n<h2 class=\"wp-block-heading\"><span class=\"ez-toc-section\" id=\"%C2%BFPor_que_visitar_la_Catedral_de_Santa_Ana_de_Las_Palmas\"><\/span>\u00bfPor qu\u00e9 visitar la Catedral de Santa Ana de Las Palmas?<span class=\"ez-toc-section-end\"><\/span><\/h2>\n\n<h3 class=\"wp-block-heading\">\u00bfMerece la pena la catedral? Nuestra opini\u00f3n:<\/h3>\n\n<p>S\u00ed, la Catedral de Las Palmas bien merece una visita, por varias razones:<\/p>\n\n<ul class=\"wp-block-list\">\n<li><strong>Su importancia hist\u00f3rica<\/strong>: fue la primera iglesia que se construy\u00f3 en Canarias, por orden de los Reyes Cat\u00f3licos, tras la conquista de Gran Canaria en 1478.<\/li>\n\n\n\n<li><strong>Su arquitectura \u00fanica<\/strong>: la catedral se construy\u00f3 a lo largo de 4 siglos, por lo que existen 3 estilos arquitect\u00f3nicos diferentes (g\u00f3tico, renacentista y neocl\u00e1sico).<\/li>\n\n\n\n<li><strong>Su Museo Diocesano de Arte Sacro<\/strong> alberga numerosos objetos sagrados y pinturas religiosas, as\u00ed como obras del escultor y arquitecto espa\u00f1ol Jos\u00e9 Luj\u00e1n P\u00e9rez.<\/li>\n\n\n\n<li><strong>Sus impresionantes vistas panor\u00e1micas<\/strong> sobre la ciudad de Las Palmas y el oc\u00e9ano Atl\u00e1ntico desde la torre sur de la catedral.<\/li>\n<\/ul>\n\n<p>Es una de las actividades culturales m\u00e1s ricas de la ciudad, y la hemos seleccionado como uno de <a href=\"https:\/\/canarias-lovers.com\/es\/que-ver-las-palmas-gran-canaria-visitar\/\" target=\"_blank\" rel=\"noreferrer noopener\">nuestros 12 imprescindibles en Las Palmas<\/a>.<\/p>\n\n<figure class=\"wp-block-image size-large\"><img decoding=\"async\" src=\"https:\/\/photos.smugmug.com\/Canarias-Lovers\/Gran-Canaria\/Las-Palmas\/Santa-Ana-Cathedral\/i-MVFGqvJ\/0\/FBTc9bLJk8jFtfPMBmzHSnFx42GwbJ6RPGtzz3q9W\/L\/Gran%20Canaria_Las%20Palmas%20_Cathedral_Santa_Ana_Front%20-L.jpg\" alt=\"Catedral de Santa Ana en Las Palmas Gran Canaria\"\/><\/figure>\n\n<h3 class=\"wp-block-heading\">\u00bfPor qu\u00e9 es famosa la catedral de Santa Ana?<\/h3>\n\n<p>La Catedral de Las Palmas de Gran Canaria es el <strong>monumento<\/strong> arquitect\u00f3nico <strong>m\u00e1s emblem\u00e1tico<\/strong> de las <strong>Islas<\/strong> Canarias. Es una mezcla de <strong>estilos arquitect\u00f3nicos<\/strong> particularmente notable (neocl\u00e1sico, renacentista y g\u00f3tico), ya que su construcci\u00f3n comenz\u00f3 a principios del siglo <strong>XVI<\/strong> y no se termin\u00f3 hasta 4 siglos despu\u00e9s.<\/p>\n\n<p>La presencia del <strong>Museo Diocesano de Arte Sacro<\/strong> en su ala sur contribuye a su reputaci\u00f3n. Pero tambi\u00e9n es la <strong>espl\u00e9ndida vista<\/strong> desde la torre sur sobre los tejados de la ciudad y el oc\u00e9ano lo que atrae a los visitantes. Por no hablar de su estrat\u00e9gica ubicaci\u00f3n en el coraz\u00f3n del casco hist\u00f3rico de <strong>Vegueta<\/strong>, en la plaza de Santa Ana.<\/p>\n\n<figure class=\"wp-block-image size-large\"><img decoding=\"async\" src=\"https:\/\/photos.smugmug.com\/Canarias-Lovers\/Gran-Canaria\/Las-Palmas\/Santa-Ana-Cathedral\/i-5xBzzv7\/0\/CdSvwxknwx8ffqrmcF4cS6NPC2Z5zWMG2fHHcWKh\/L\/Gran%20Canaria_Las%20Palmas%20_Cathedral_Santa_Ana_View_on_plaza_santa_ana-L.jpg\" alt=\"Vista de la Plaza Santa Ana desde la torre sur de la catedral de Las Palmas Gran Canaria\"\/><\/figure>\n\n<h3 class=\"wp-block-heading\">Nuestros momentos favoritos<\/h3>\n\n<p>Visitamos la catedral en una lluviosa ma\u00f1ana de invierno. Afortunadamente, el tiempo cambia r\u00e1pidamente en las islas y pudimos aprovechar la excepcional luz para disfrutar tanto de la vista desde el tejado como del juego de luces en la nave.<\/p>\n\n<ul class=\"wp-block-list\">\n<li>Nos impresion\u00f3 mucho <strong>el techo de las 3 naves<\/strong>. Las costillas de terracer\u00f3n de su estructura parecen casi met\u00e1licas, ya que los tonos grises de la piedra contrastan con el blanco desnudo de las paredes.<\/li>\n\n\n\n<li><strong>La vista de 360\u00b0 desde la torre<\/strong> sur es espl\u00e9ndida. A un lado, las colinas de la ciudad y la escalinata de edificios hasta donde alcanza la vista; al otro, el azul del oc\u00e9ano Atl\u00e1ntico y el ballet de barcos que entran y salen del puerto.<\/li>\n\n\n\n<li><strong>El Patio de los Naranjos<\/strong> es un tranquilo jard\u00edn situado entre la catedral y el Museo Diocesano. Un fragante remanso de paz, con una vegetaci\u00f3n exuberante, donde nos quedamos largo rato.<\/li>\n<\/ul>\n\n<figure class=\"wp-block-image size-large\"><img decoding=\"async\" src=\"https:\/\/photos.smugmug.com\/Canarias-Lovers\/Gran-Canaria\/Las-Palmas\/Santa-Ana-Cathedral\/i-HX5WVFt\/0\/DnqxXjhbw8ncgXkMJVVD2S2xw8fQxxhVBX86M6bdk\/L\/santa-ana-cathedral-diocesan-museum-las-palmas-gran-canaria-1-L.jpg\" alt=\"Patio de los Naranjos, Catedral Santa Ana, Las Palmas, Gran Canaria\"\/><\/figure>\n\n<div style=\"margin-top:8%;margin-bottom:8%\" class=\"wp-block-genesis-blocks-gb-container box gb-block-container\"><div class=\"gb-container-inside\"><div class=\"gb-container-content\" style=\"max-width:700px\">\n<div class=\"wp-block-genesis-blocks-gb-container box_titre gb-block-container\"><div class=\"gb-container-inside\"><div class=\"gb-container-content\">\n<h5 class=\"titre_box\" style=\"padding-top:10px;\">D\u00d3NDE DORMIR EN <span class=\"titre_box_manuscrit\">Las Palmas de Gran Canaria<\/span><\/h5>\n<\/div><\/div><\/div>\n\n\n\n<hr class=\"wp-block-separator has-text-color has-alpha-channel-opacity has-background is-style-wide hr-box-planif\" style=\"background-color:#ccd3dd;color:#ccd3dd\"\/>\n\n\n\n<div class=\"wp-block-columns box_sans_border is-layout-flex wp-container-core-columns-is-layout-9d6595d7 wp-block-columns-is-layout-flex\">\n<div class=\"wp-block-column texte_planif is-layout-flow wp-block-column-is-layout-flow\" style=\"font-size:14px;flex-basis:60%\">\n<p class=\"option_titre2\"><strong>Nuestros favoritos: barrios y hoteles<\/strong><\/p>\n\n\n\n<p style=\"font-size:14px\">En el <strong>casco antiguo<\/strong>, rodeado de encantadoras callejuelas.<br\/>Hotel Cordial Plaza Mayor de Santa Ana &#8211;<a href=\"https:\/\/www.booking.com\/hotel\/es\/boutique-cordial-plaza-mayor-de-santa-ana.html?aid=2421274\" target=\"_blank\" rel=\"noreferrer noopener sponsored nofollow\"> ver fotos y disponibilidad<\/a><\/p>\n\n\n\n<p style=\"font-size:14px\"><strong>Playa de las Canteras<\/strong>, una larga playa de arena.<br\/>Hotel Mares\u00eda Canteras Urban &#8211; <a href=\"https:\/\/www.booking.com\/hotel\/es\/the-maresia-urban.html?aid=2421274\" target=\"_blank\" rel=\"noreferrer noopener sponsored nofollow\">ver fotos y disponibilidad<\/a><\/p>\n\n\n\n<p style=\"font-size:14px\">Cerca de <strong>la Playa de la Alcaravaneras<\/strong>, una zona menos tur\u00edstica.<br\/>Hotel Santa Catalina, hist\u00f3rico &#8211; <a href=\"https:\/\/www.booking.com\/hotel\/es\/santa-catalina.html?aid=2421274\" target=\"_blank\" rel=\"noreferrer noopener sponsored nofollow\">ver fotos y disponibilidad<\/a><\/p>\n\n\n\n<ul class=\"ul_box wp-block-list\">\n<li><\/li>\n<\/ul>\n<\/div>\n\n\n\n<div class=\"wp-block-column is-vertically-aligned-top planif-radius is-layout-flow wp-block-column-is-layout-flow\" style=\"flex-basis:40%\">\n<figure class=\"wp-block-image size-large img-portrait\"><img decoding=\"async\" src=\"https:\/\/photos.smugmug.com\/Canarias-Lovers\/Gran-Canaria\/Las-Palmas\/Hotel-Cordial-La-Peregrina\/i-GCszzxZ\/0\/CbkqLJjmLVzDSB3d3D2FB7jLdNZtcLT4Fgx5j5VdX\/L\/hotel-cordial-peregrina-las-palmas-gran-canaria-4-L.jpg\" alt=\"Canarias Lovers Logomark\" title=\"\"\/><\/figure>\n<\/div>\n<\/div>\n\n\n\n<p class=\"has-text-align-center has-normal-font-size\">Vea nuestra selecci\u00f3n de los <a href=\"https:\/\/canarias-lovers.com\/es\/donde-alojarse-las-palmas-gran-canaria-mejores-hoteles-distritos\/\" target=\"_blank\" rel=\"noreferrer noopener\">mejores hoteles de Las Palmas de Gran Canaria<\/a>.<\/p>\n\n\n\n<div class=\"wp-block-buttons planif_bouton is-content-justification-center is-layout-flex wp-container-core-buttons-is-layout-16018d1d wp-block-buttons-is-layout-flex\">\n<div class=\"wp-block-button has-custom-font-size\" style=\"font-size:14px\"><a class=\"wp-block-button__link has-white-color has-text-color wp-element-button\" href=\"https:\/\/www.booking.com\/searchresults.en.html?city=-388528=review_score%253D90%253Breview_score%253D80=2421274=1=2\" style=\"border-radius:4px\" target=\"_blank\" rel=\"noreferrer noopener nofollow\">Ver todos los alojamientos disponibles &gt;&gt;<\/a><\/div>\n<\/div>\n<\/div><\/div><\/div>\n\n<h3 class=\"wp-block-heading\">La historia en breve<\/h3>\n\n<p>La Catedral de Santa Ana de Las Palmas fue la <strong>primera iglesia<\/strong> de las Islas Canarias. Su construcci\u00f3n fue ordenada por <strong>Los Reyes Cat\u00f3licos<\/strong>, la reina Isabel I de Castilla y el rey Fernando II de Arag\u00f3n, tras la conquista de la isla de Gran Canaria en 1478. Las obras comenzaron en 1500 y se prolongaron durante <strong>4 siglos<\/strong>.<\/p>\n\n<p>La arquitectura de la catedral refleja las <strong>fluctuaciones econ\u00f3micas<\/strong> de las Islas Canarias a lo largo de los a\u00f1os. Cuando la prosperidad de las industrias (ca\u00f1a de az\u00facar, pl\u00e1tano, cochinilla&#8230;) lo permiti\u00f3, se terminaron partes de la catedral, pero cuando se acab\u00f3 el dinero, las obras se interrumpieron. En el edificio conviven <strong>diferentes estilos<\/strong>.<\/p>\n\n<figure class=\"wp-block-image size-large\"><img decoding=\"async\" src=\"https:\/\/photos.smugmug.com\/Canarias-Lovers\/Gran-Canaria\/Las-Palmas\/Santa-Ana-Cathedral\/i-VBmCt2c\/0\/7XNGB6X8prs3GS8XXwsWXjKgNWBKcPXbrtDRQdRQ\/L\/Gran%20Canaria_Las%20Palmas%20_Cathedral_Santa_Ana_Choir_paintings-L.jpg\" alt=\"Pinturas en el coro de la catedral Santa Ana, Las Palmas, Gran Canaria.\"\/><\/figure>\n\n<h2 class=\"wp-block-heading\"><span class=\"ez-toc-section\" id=\"Acceso_Catedral_de_Santa_Ana_Las_Palmas\"><\/span>Acceso: Catedral de Santa Ana, Las Palmas<span class=\"ez-toc-section-end\"><\/span><\/h2>\n\n<h3 class=\"wp-block-heading\">\u00bfD\u00f3nde est\u00e1 la catedral de Santa Ana?<\/h3>\n\n<ul class=\"wp-block-list\">\n<li>La catedral de Santa Ana est\u00e1 situada en el coraz\u00f3n hist\u00f3rico de Las Palmas.<\/li>\n\n\n\n<li>Barrio de Vegueta<\/li>\n\n\n\n<li>Plaza de Santa Ana<\/li>\n<\/ul>\n\n<div style=\"margin-top:8%;margin-bottom:8%\" class=\"wp-block-genesis-blocks-gb-container box gb-block-container\"><div class=\"gb-container-inside\"><div class=\"gb-container-content\">\n<div class=\"wp-block-columns inverse box_planif is-layout-flex wp-container-core-columns-is-layout-9d6595d7 wp-block-columns-is-layout-flex\">\n<div class=\"wp-block-column texte_planif is-layout-flow wp-block-column-is-layout-flow\" style=\"flex-basis:60%\">\n<h5 class=\"titre_box\" style=\"padding-top:10px;\">NUESTROS CONSEJOS PARA ALQUILER DE COCHE EN <span class=\"titre_box_manuscrit\">Gran Canaria<\/span><\/h5>\n\n\n\n<ul class=\"wp-block-list\" style=\"font-size:14px\">\n<li>Compare precios en nuestra plataforma preferida: <a href=\"https:\/\/www.discovercars.com\/es\/spain-canary-islands\/gran-canaria?a_aid=zigzag&amp;chan=CAL\" target=\"_blank\" rel=\"noreferrer noopener sponsored nofollow\">DiscoverCars<\/a>, uno de los sitios mejor valorados.<\/li>\n\n\n\n<li>Si planea explorar las monta\u00f1as, no coja <strong>los coches m\u00e1s peque\u00f1os<\/strong>. Un motor m\u00e1s potente ser\u00e1 m\u00e1s c\u00f3modo.<\/li>\n\n\n\n<li>Pero tampoco coja un coche demasiado grande, ya que algunas de las carreteras son estrechas.<\/li>\n\n\n\n<li>Hay mucha demanda y es una isla, as\u00ed que <strong>reserve con antelaci\u00f3n<\/strong>.<\/li>\n<\/ul>\n<\/div>\n\n\n\n<div class=\"wp-block-column planif-radius-2 is-layout-flow wp-block-column-is-layout-flow\">\n<figure class=\"wp-block-image size-large voiture_image\"><img decoding=\"async\" src=\"https:\/\/photos.smugmug.com\/Canarias-Lovers\/Gran-Canaria\/Driving\/i-FXBKL7Q\/1\/C432TQvrLtk7Fzt3jdL3g8XCdWtF4krHtKv9zvKg6\/S\/gran-Canaria-rental-car-driving-S.jpg\" alt=\"conducir en Gran Canaria\"\/><\/figure>\n<\/div>\n<\/div>\n\n\n\n<div class=\"wp-block-columns planif_bouton is-layout-flex wp-container-core-columns-is-layout-9d6595d7 wp-block-columns-is-layout-flex\">\n<div class=\"wp-block-column is-vertically-aligned-top is-layout-flow wp-block-column-is-layout-flow\">\n<div class=\"wp-block-buttons is-content-justification-center is-layout-flex wp-container-core-buttons-is-layout-16018d1d wp-block-buttons-is-layout-flex\">\n<div class=\"wp-block-button\"><a class=\"wp-block-button__link has-white-color has-text-color wp-element-button\" href=\"https:\/\/www.discovercars.com\/es\/spain-canary-islands\/gran-canaria?a_aid=zigzag&amp;amp;chan=CAL\" target=\"_blank\" rel=\"noreferrer noopener nofollow\">Ver coches disponibles &gt;&gt;<\/a><\/div>\n<\/div>\n<\/div>\n\n\n\n<div class=\"wp-block-column is-vertically-aligned-center is-layout-flow wp-block-column-is-layout-flow\">\n<p class=\"has-text-align-center\" style=\"font-size:16px\"><a href=\"https:\/\/canarias-lovers.com\/es\/como-alquilar-coche-gran-canaria-consejos-experiencas\/\" target=\"_blank\" rel=\"noreferrer noopener\">Lea nuestros consejos<\/a><\/p>\n<\/div>\n<\/div>\n<\/div><\/div><\/div>\n\n<h3 class=\"wp-block-heading\">\u00bfC\u00f3mo llegar?<\/h3>\n\n<p>Hay varias opciones para llegar a la catedral de Santa Ana:<\/p>\n\n<ul class=\"wp-block-list\">\n<li><strong>En coche:<\/strong> el lugar est\u00e1 bien se\u00f1alizado y es de f\u00e1cil acceso, pero el tr\u00e1fico puede ser muy denso (sobre todo en verano).<\/li>\n\n\n\n<li><strong>En transporte p\u00fablico:<\/strong> la catedral se encuentra en el coraz\u00f3n del barrio hist\u00f3rico de Las Palmas, el barrio de Vegueta. Hay numerosas paradas de autob\u00fas en las inmediaciones.<\/li>\n\n\n\n<li><strong>A pie:<\/strong> las calles del casco hist\u00f3rico de Vegueta son estrechas y muchas son peatonales. Lo mejor es caminar por aqu\u00ed, sobre todo en verano.<\/li>\n<\/ul>\n\n<figure class=\"wp-block-image size-large\"><img decoding=\"async\" src=\"https:\/\/photos.smugmug.com\/Canarias-Lovers\/Gran-Canaria\/Las-Palmas\/Santa-Ana-Cathedral\/i-28L2qvn\/0\/D4B8HWnknQhchwRXFw46H2H3R7ZD9GkrMPd48pf7B\/L\/Gran%20Canaria_Las%20Palmas%20_Cathedral_Santa_Ana_Plaza_santa_ana-L.jpg\" alt=\"Plaza de Santa Ana en Las Palmas Gran Canaria\"\/><\/figure>\n\n<h3 class=\"wp-block-heading\">Aparcamiento<\/h3>\n\n<p>La catedral de Santa Ana se encuentra en el centro de la ciudad. Hay varios aparcamientos en las inmediaciones:<\/p>\n\n<ul class=\"wp-block-list\">\n<li>El aparcamiento del <strong>Mercado de Vegueta<\/strong>, frente al mercado en el paseo mar\u00edtimo<\/li>\n\n\n\n<li>Parking <strong>Vegueta<\/strong>, el aparcamiento cubierto del centro hist\u00f3rico<\/li>\n<\/ul>\n\n<p>Fuera de temporada, tambi\u00e9n es posible encontrar espacios en las calles adyacentes a la plaza de Santa Ana.<\/p>\n\n<figure class=\"wp-block-image size-large\"><img decoding=\"async\" src=\"https:\/\/photos.smugmug.com\/Canarias-Lovers\/Gran-Canaria\/Las-Palmas\/Santa-Ana-Cathedral\/i-pvJPmPf\/0\/CJfhZgbMHDJ5MJm2Q8qmCqjk7ThFMS7Fjjc4SL7j7\/L\/Gran%20Canaria_Las%20Palmas%20_Cathedral_Santa_Ana_Parking-L.jpg\" alt=\"Aparcamiento, Catedral Santa Ana en Las Palmas Gran Canaria\"\/><\/figure>\n\n<div style=\"margin-top:8%;margin-bottom:8%\" class=\"wp-block-genesis-blocks-gb-container box gb-block-container\"><div class=\"gb-container-inside\"><div class=\"gb-container-content\">\n<div class=\"wp-block-columns inverse is-layout-flex wp-container-core-columns-is-layout-9d6595d7 wp-block-columns-is-layout-flex\">\n<div class=\"wp-block-column texte_planif is-layout-flow wp-block-column-is-layout-flow\" style=\"flex-basis:58%\">\n<h5 class=\"titre_box\" style=\"padding-top:10px;\">DESCUBRA <span class=\"titre_box_manuscrit\">Las Palmas<\/span><\/h5>\n\n\n\n<ul class=\"ul_box wp-block-list\">\n<li style=\"font-size:14px\"><a href=\"https:\/\/canarias-lovers.com\/es\/que-ver-las-palmas-gran-canaria-visitar\/\" target=\"_blank\" rel=\"noreferrer noopener\">Qu\u00e9 ver en Las Palmas<\/a><\/li>\n\n\n\n<li style=\"font-size:14px\"><a href=\"https:\/\/canarias-lovers.com\/es\/mejores-playas-las-palmas-gran-canaria\/\" target=\"_blank\" rel=\"noreferrer noopener\">Las playas m\u00e1s bellas<\/a><\/li>\n\n\n\n<li style=\"font-size:14px\"><a href=\"https:\/\/canarias-lovers.com\/es\/donde-alojarse-las-palmas-gran-canaria-mejores-hoteles-distritos\/\" target=\"_blank\" rel=\"noreferrer noopener\">Los mejores hoteles<\/a><\/li>\n\n\n\n<li style=\"font-size:14px\"><a href=\"https:\/\/canarias-lovers.com\/es\/mejor-restaurante-gran-canaria-las-palmas-donde-comer-opiniones\/\" target=\"_blank\" rel=\"noreferrer noopener\">Los mejores restaurantes<\/a><\/li>\n\n\n\n<li style=\"font-size:14px\"><a href=\"https:\/\/canarias-lovers.com\/es\/mejores-museos-las-palmas-gran-canaria\/\" target=\"_blank\" rel=\"noreferrer noopener\">Los mejores museos<\/a><\/li>\n\n\n\n<li style=\"font-size:14px\"><a href=\"https:\/\/canarias-lovers.com\/es\/playa-canteras-plage-las-palmas-2\/\" target=\"_blank\" rel=\"noreferrer noopener\">Playa de las Canteras<\/a><\/li>\n\n\n\n<li style=\"font-size:14px\"><a href=\"https:\/\/canarias-lovers.com\/es\/visiter-aquarium-poema-del-mar-las-palmas-2\/\" target=\"_blank\" rel=\"noreferrer noopener\">Acuario Poema del Mar<\/a><\/li>\n\n\n\n<li style=\"font-size:14px\"><a href=\"https:\/\/canarias-lovers.com\/es\/visitar-catedral-santa-ana-las-palmas-gran-canaria\/\" target=\"_blank\" rel=\"noreferrer noopener\">Catedral<\/a><\/li>\n<\/ul>\n<\/div>\n\n\n\n<div class=\"wp-block-column ville-radius is-layout-flow wp-block-column-is-layout-flow\" style=\"flex-basis:42%\">\n<figure class=\"wp-block-image size-large img-portrait\"><img decoding=\"async\" src=\"https:\/\/photos.smugmug.com\/Canarias-Lovers\/Gran-Canaria\/Best\/Villages-towns\/i-gHwwg3T\/0\/D3dJfjzJRf5mVWmbqWDNGfqSMDwSv38QgTVPMZj6B\/S\/las-palmas-cathedral-top-S.jpg\" alt=\"Las Palmas: vista desde la Catedral\" title=\"\"\/><\/figure>\n<\/div>\n<\/div>\n<\/div><\/div><\/div>\n\n<h2 class=\"wp-block-heading\"><span class=\"ez-toc-section\" id=\"Consejos_utiles_duracion_horarios_alimentacion%E2%80%A6\"><\/span>Consejos \u00fatiles: duraci\u00f3n, horarios, alimentaci\u00f3n&#8230;<span class=\"ez-toc-section-end\"><\/span><\/h2>\n\n<h3 class=\"wp-block-heading\">La mejor \u00e9poca para visitarlo<\/h3>\n\n<p>La catedral puede visitarse a cualquier hora del d\u00eda. Su frescor es especialmente agradable en las horas m\u00e1s calurosas del d\u00eda. No obstante, le recomendamos que <strong>lo visite<\/strong> por la ma\u00f1ana, sobre todo en plena temporada, cuando lo encontrar\u00e1 m\u00e1s tranquilo. En cualquier caso, es mejor evitar las horas de servicio, a menos que quiera asistir a una misa.<\/p>\n\n<p>A continuaci\u00f3n, podr\u00e1 disfrutar de las animadas calles del barrio hist\u00f3rico de Vegueta. Por qu\u00e9 no planificar una <a href=\"https:\/\/www.getyourguide.es\/grande-canarie-l418\/au-depart-de-las-palmas-visite-guidee-vip-d-une-demi-journee-a-las-palmas-t74642\/?partner_id=R3GYW4V&amp;cmp=CAL\" target=\"_blank\" rel=\"noreferrer noopener sponsored nofollow\">visita privada a pie por Las Palmas<\/a>, donde podr\u00e1 descubrir la catedral y otros lugares destacados de la capital con un gu\u00eda local.<\/p>\n\n<figure class=\"wp-block-image size-large\"><img decoding=\"async\" src=\"https:\/\/photos.smugmug.com\/Canarias-Lovers\/Gran-Canaria\/Las-Palmas\/Santa-Ana-Cathedral\/i-7vvgNnX\/0\/D2KhqDxhWqLJ35NGQqRD27hnc8dcjTsrfTJTX8BwC\/L\/Gran%20Canaria_Las%20Palmas%20_Cathedral_Santa_Ana_organ-L.jpg\" alt=\"&#xD3;rgano, Catedral Santa Ana en Las Palmas Gran Canaria\"\/><\/figure>\n\n<p>Como parte del <strong>Ciclo de \u00d3rgano Hist\u00f3rico de Canarias<\/strong>, se celebran conciertos de \u00f3rgano en la Catedral de Santa Ana. Su \u00f3rgano Portell data de 1862 y es una maravilla. Aprovechar la ac\u00fastica del edificio es otra forma de descubrirlo. Obtenga m\u00e1s informaci\u00f3n <a href=\"https:\/\/cajacanarias.com\/agenda\/ciclo-organo-historico-canarias-2023-ars-organorum-vii\/\" target=\"_blank\" rel=\"noreferrer noopener nofollow\">aqu\u00ed<\/a>.<\/p>\n\n<h3 class=\"wp-block-heading\">Duraci\u00f3n de la visita y principales dificultades<\/h3>\n\n<p>Se tarda entre <strong>30 minutos y 1 hora<\/strong> en visitar la catedral, subir a lo alto de la torre y visitar el museo.<\/p>\n\n<p>Para llegar al tejado de la catedral a trav\u00e9s de la torre sur, puede utilizar el ascensor en lugar de los 162 escalones que conducen hasta \u00e9l. Sin embargo, s\u00f3lo hay una escalera desde el tejado hasta lo alto de la torre (unos cincuenta escalones).<\/p>\n\n<p>Por \u00faltimo, el Museo de Arte Sacro est\u00e1 repartido en 2 niveles, al primer piso s\u00f3lo se accede por una escalera. Obtenga m\u00e1s informaci\u00f3n <a href=\"https:\/\/catedraldecanarias.es\/preguntas-frecuentes-fags\/\" target=\"_blank\" rel=\"noreferrer noopener nofollow\">aqu\u00ed<\/a>.<\/p>\n\n<figure class=\"wp-block-image size-large\"><img decoding=\"async\" src=\"https:\/\/photos.smugmug.com\/Canarias-Lovers\/Gran-Canaria\/Las-Palmas\/Santa-Ana-Cathedral\/i-Q5zX3QT\/0\/D2DPHzwkwv6nqGZKXJTQBnsDWzLNrPfWGM4CkdDS8\/L\/Gran%20Canaria_Las%20Palmas%20_Cathedral_Santa_Ana_tower_stairs-L.jpg\" alt=\"Escaleras de la torre de la Catedral de Santa Ana en Las Palmas Gran Canaria\"\/><\/figure>\n\n<h3 class=\"wp-block-heading\">Consejos para la visita<\/h3>\n\n<p>Primero hicimos un recorrido por el interior de la catedral y sus 11 capillas, antes de subir al tejado para admirar la vista panor\u00e1mica sobre la ciudad. Continuamos nuestro ascenso hasta la cima de la torre y luego descendimos para visitar el Museo Diocesano, pasando por el Patio de los Naranjos.<\/p>\n\n<figure class=\"wp-block-image size-large\"><img decoding=\"async\" src=\"https:\/\/photos.smugmug.com\/Canarias-Lovers\/Gran-Canaria\/Las-Palmas\/Santa-Ana-Cathedral\/i-r546T6Z\/0\/xcr4mqWnwJ4hL9RsjwrtWXW8kSLG77NVrc9Wpj5S\/L\/Gran%20Canaria_Las%20Palmas%20_Cathedral_Santa_Ana_Map-L.jpg\" alt=\"Mapa de la Catedral de Santa Ana en Las Palmas Gran Canaria\"\/><\/figure>\n\n<div style=\"background-color:#fefefe;margin-top:6%;margin-bottom:6%\" class=\"wp-block-genesis-blocks-gb-container box gb-block-container\"><div class=\"gb-container-inside\"><div class=\"gb-container-content\" style=\"max-width:700px\">\n<div class=\"wp-block-columns inverse is-layout-flex wp-container-core-columns-is-layout-9d6595d7 wp-block-columns-is-layout-flex\">\n<div class=\"wp-block-column texte_planif is-layout-flow wp-block-column-is-layout-flow\" style=\"flex-basis:58%\">\n<h5 class=\"titre_box\">UN POCO MAS DE <span class=\"titre_box_manuscrit\">paciencia<\/span><\/h5>\n\n\n\n<p style=\"font-size:14px\">\u00a1Todas las fotos, mapas, informaci\u00f3n y direcciones \u00fatiles que necesita para aprovechar al m\u00e1ximo <strong>su estancia en<\/strong> Canarias <strong>pronto<\/strong> estar\u00e1n disponibles en un \u00fanico ebook!<\/p>\n\n\n\n<p style=\"font-size:14px\">Si desea que le informemos cuando se publique nuestra <strong>gu\u00eda de<\/strong> Canarias, inscr\u00edbase:<\/p>\n\n\n<script>\nvar gform;gform||(document.addEventListener(\"gform_main_scripts_loaded\",function(){gform.scriptsLoaded=!0}),document.addEventListener(\"gform\/theme\/scripts_loaded\",function(){gform.themeScriptsLoaded=!0}),window.addEventListener(\"DOMContentLoaded\",function(){gform.domLoaded=!0}),gform={domLoaded:!1,scriptsLoaded:!1,themeScriptsLoaded:!1,isFormEditor:()=>\"function\"==typeof InitializeEditor,callIfLoaded:function(o){return!(!gform.domLoaded||!gform.scriptsLoaded||!gform.themeScriptsLoaded&&!gform.isFormEditor()||(gform.isFormEditor()&&console.warn(\"The use of gform.initializeOnLoaded() is deprecated in the form editor context and will be removed in Gravity Forms 3.1.\"),o(),0))},initializeOnLoaded:function(o){gform.callIfLoaded(o)||(document.addEventListener(\"gform_main_scripts_loaded\",()=>{gform.scriptsLoaded=!0,gform.callIfLoaded(o)}),document.addEventListener(\"gform\/theme\/scripts_loaded\",()=>{gform.themeScriptsLoaded=!0,gform.callIfLoaded(o)}),window.addEventListener(\"DOMContentLoaded\",()=>{gform.domLoaded=!0,gform.callIfLoaded(o)}))},hooks:{action:{},filter:{}},addAction:function(o,r,e,t){gform.addHook(\"action\",o,r,e,t)},addFilter:function(o,r,e,t){gform.addHook(\"filter\",o,r,e,t)},doAction:function(o){gform.doHook(\"action\",o,arguments)},applyFilters:function(o){return gform.doHook(\"filter\",o,arguments)},removeAction:function(o,r){gform.removeHook(\"action\",o,r)},removeFilter:function(o,r,e){gform.removeHook(\"filter\",o,r,e)},addHook:function(o,r,e,t,n){null==gform.hooks[o][r]&&(gform.hooks[o][r]=[]);var d=gform.hooks[o][r];null==n&&(n=r+\"_\"+d.length),gform.hooks[o][r].push({tag:n,callable:e,priority:t=null==t?10:t})},doHook:function(r,o,e){var t;if(e=Array.prototype.slice.call(e,1),null!=gform.hooks[r][o]&&((o=gform.hooks[r][o]).sort(function(o,r){return o.priority-r.priority}),o.forEach(function(o){\"function\"!=typeof(t=o.callable)&&(t=window[t]),\"action\"==r?t.apply(null,e):e[0]=t.apply(null,e)})),\"filter\"==r)return e[0]},removeHook:function(o,r,t,n){var e;null!=gform.hooks[o][r]&&(e=(e=gform.hooks[o][r]).filter(function(o,r,e){return!!(null!=n&&n!=o.tag||null!=t&&t!=o.priority)}),gform.hooks[o][r]=e)}});\n<\/script>\n\n                <div class='gf_browser_gecko gform_wrapper gform-theme gform-theme--foundation gform-theme--framework gform-theme--orbital' data-form-theme='orbital' data-form-index='0' id='gform_wrapper_2' ><style>#gform_wrapper_2[data-form-index=\"0\"].gform-theme,[data-parent-form=\"2_0\"]{--gf-color-primary: #204ce5;--gf-color-primary-rgb: 32, 76, 229;--gf-color-primary-contrast: #fff;--gf-color-primary-contrast-rgb: 255, 255, 255;--gf-color-primary-darker: #001AB3;--gf-color-primary-lighter: #527EFF;--gf-color-secondary: #fff;--gf-color-secondary-rgb: 255, 255, 255;--gf-color-secondary-contrast: #112337;--gf-color-secondary-contrast-rgb: 17, 35, 55;--gf-color-secondary-darker: #F5F5F5;--gf-color-secondary-lighter: #FFFFFF;--gf-color-out-ctrl-light: rgba(17, 35, 55, 0.1);--gf-color-out-ctrl-light-rgb: 17, 35, 55;--gf-color-out-ctrl-light-darker: rgba(104, 110, 119, 0.35);--gf-color-out-ctrl-light-lighter: #F5F5F5;--gf-color-out-ctrl-dark: #585e6a;--gf-color-out-ctrl-dark-rgb: 88, 94, 106;--gf-color-out-ctrl-dark-darker: #112337;--gf-color-out-ctrl-dark-lighter: rgba(17, 35, 55, 0.65);--gf-color-in-ctrl: #fff;--gf-color-in-ctrl-rgb: 255, 255, 255;--gf-color-in-ctrl-contrast: #112337;--gf-color-in-ctrl-contrast-rgb: 17, 35, 55;--gf-color-in-ctrl-darker: #F5F5F5;--gf-color-in-ctrl-lighter: #FFFFFF;--gf-color-in-ctrl-primary: #204ce5;--gf-color-in-ctrl-primary-rgb: 32, 76, 229;--gf-color-in-ctrl-primary-contrast: #fff;--gf-color-in-ctrl-primary-contrast-rgb: 255, 255, 255;--gf-color-in-ctrl-primary-darker: #001AB3;--gf-color-in-ctrl-primary-lighter: #527EFF;--gf-color-in-ctrl-light: rgba(17, 35, 55, 0.1);--gf-color-in-ctrl-light-rgb: 17, 35, 55;--gf-color-in-ctrl-light-darker: rgba(104, 110, 119, 0.35);--gf-color-in-ctrl-light-lighter: #F5F5F5;--gf-color-in-ctrl-dark: #585e6a;--gf-color-in-ctrl-dark-rgb: 88, 94, 106;--gf-color-in-ctrl-dark-darker: #112337;--gf-color-in-ctrl-dark-lighter: rgba(17, 35, 55, 0.65);--gf-radius: 3px;--gf-font-size-secondary: 14px;--gf-font-size-tertiary: 13px;--gf-icon-ctrl-number: url(\"data:image\/svg+xml,%3Csvg width='8' height='14' viewBox='0 0 8 14' fill='none' xmlns='http:\/\/www.w3.org\/2000\/svg'%3E%3Cpath fill-rule='evenodd' clip-rule='evenodd' d='M4 0C4.26522 5.96046e-08 4.51957 0.105357 4.70711 0.292893L7.70711 3.29289C8.09763 3.68342 8.09763 4.31658 7.70711 4.70711C7.31658 5.09763 6.68342 5.09763 6.29289 4.70711L4 2.41421L1.70711 4.70711C1.31658 5.09763 0.683417 5.09763 0.292893 4.70711C-0.0976311 4.31658 -0.097631 3.68342 0.292893 3.29289L3.29289 0.292893C3.48043 0.105357 3.73478 0 4 0ZM0.292893 9.29289C0.683417 8.90237 1.31658 8.90237 1.70711 9.29289L4 11.5858L6.29289 9.29289C6.68342 8.90237 7.31658 8.90237 7.70711 9.29289C8.09763 9.68342 8.09763 10.3166 7.70711 10.7071L4.70711 13.7071C4.31658 14.0976 3.68342 14.0976 3.29289 13.7071L0.292893 10.7071C-0.0976311 10.3166 -0.0976311 9.68342 0.292893 9.29289Z' fill='rgba(17, 35, 55, 0.65)'\/%3E%3C\/svg%3E\");--gf-icon-ctrl-select: url(\"data:image\/svg+xml,%3Csvg width='10' height='6' viewBox='0 0 10 6' fill='none' xmlns='http:\/\/www.w3.org\/2000\/svg'%3E%3Cpath fill-rule='evenodd' clip-rule='evenodd' d='M0.292893 0.292893C0.683417 -0.097631 1.31658 -0.097631 1.70711 0.292893L5 3.58579L8.29289 0.292893C8.68342 -0.0976311 9.31658 -0.0976311 9.70711 0.292893C10.0976 0.683417 10.0976 1.31658 9.70711 1.70711L5.70711 5.70711C5.31658 6.09763 4.68342 6.09763 4.29289 5.70711L0.292893 1.70711C-0.0976311 1.31658 -0.0976311 0.683418 0.292893 0.292893Z' fill='rgba(17, 35, 55, 0.65)'\/%3E%3C\/svg%3E\");--gf-icon-ctrl-search: url(\"data:image\/svg+xml,%3Csvg width='640' height='640' xmlns='http:\/\/www.w3.org\/2000\/svg'%3E%3Cpath d='M256 128c-70.692 0-128 57.308-128 128 0 70.691 57.308 128 128 128 70.691 0 128-57.309 128-128 0-70.692-57.309-128-128-128zM64 256c0-106.039 85.961-192 192-192s192 85.961 192 192c0 41.466-13.146 79.863-35.498 111.248l154.125 154.125c12.496 12.496 12.496 32.758 0 45.254s-32.758 12.496-45.254 0L367.248 412.502C335.862 434.854 297.467 448 256 448c-106.039 0-192-85.962-192-192z' fill='rgba(17, 35, 55, 0.65)'\/%3E%3C\/svg%3E\");--gf-label-space-y-secondary: var(--gf-label-space-y-md-secondary);--gf-ctrl-border-color: #686e77;--gf-ctrl-size: var(--gf-ctrl-size-md);--gf-ctrl-label-color-primary: #112337;--gf-ctrl-label-color-secondary: #112337;--gf-ctrl-choice-size: var(--gf-ctrl-choice-size-md);--gf-ctrl-checkbox-check-size: var(--gf-ctrl-checkbox-check-size-md);--gf-ctrl-radio-check-size: var(--gf-ctrl-radio-check-size-md);--gf-ctrl-btn-font-size: var(--gf-ctrl-btn-font-size-md);--gf-ctrl-btn-padding-x: var(--gf-ctrl-btn-padding-x-md);--gf-ctrl-btn-size: var(--gf-ctrl-btn-size-md);--gf-ctrl-btn-border-color-secondary: #686e77;--gf-ctrl-file-btn-bg-color-hover: #EBEBEB;--gf-field-img-choice-size: var(--gf-field-img-choice-size-md);--gf-field-img-choice-card-space: var(--gf-field-img-choice-card-space-md);--gf-field-img-choice-check-ind-size: var(--gf-field-img-choice-check-ind-size-md);--gf-field-img-choice-check-ind-icon-size: var(--gf-field-img-choice-check-ind-icon-size-md);--gf-field-pg-steps-number-color: rgba(17, 35, 55, 0.8);}<\/style><form method='post' enctype='multipart\/form-data'  id='gform_2'  action='\/es\/wp-json\/wp\/v2\/posts\/1295' data-formid='2' novalidate> \r\n <input type='hidden' class='gforms-pum' value='{\"closepopup\":false,\"closedelay\":0,\"openpopup\":false,\"openpopup_id\":0}' \/>\n                        <div class='gform-body gform_body'><div id='gform_fields_2' class='gform_fields top_label form_sublabel_below description_below validation_below'><div id=\"field_2_1\" class=\"gfield gfield--type-website gfield--input-type-website field_sublabel_below gfield--no-description field_description_below field_validation_below gfield_visibility_hidden\"  ><div class=\"admin-hidden-markup\"><i class=\"gform-icon gform-icon--hidden\" aria-hidden=\"true\" title=\"Este campo est\u00e1 oculto cuando se visualiza el formulario\"><\/i><span>Este campo est\u00e1 oculto cuando se visualiza el formulario<\/span><\/div><label class='gfield_label gform-field-label' for='input_2_1'>Site Web<\/label><div class='ginput_container ginput_container_website'>\n                    <input name='input_1' id='input_2_1' type='url' value='https:\/\/canarias-lovers.com\/es\/wp-json\/wp\/v2\/posts\/1295' class='large'    placeholder='https:\/\/'  aria-invalid=\"false\" \/>\n                <\/div><\/div><div id=\"field_2_3\" class=\"gfield gfield--type-email gfield--input-type-email gfield--width-full gfield_contains_required field_sublabel_below gfield--no-description field_description_below hidden_label field_validation_below gfield_visibility_visible\"  ><label class='gfield_label gform-field-label' for='input_2_3'>E-mail<span class=\"gfield_required\"><span class=\"gfield_required gfield_required_text\">(Obligatorio)<\/span><\/span><\/label><div class='ginput_container ginput_container_email'>\n                            <input name='input_3' id='input_2_3' type='email' value='' class='large'    aria-required=\"true\" aria-invalid=\"false\"  \/>\n                        <\/div><\/div><\/div><\/div>\n        <div class='gform-footer gform_footer top_label'> <input type='submit' id='gform_submit_button_2' class='gform_button button' onclick='gform.submission.handleButtonClick(this);' data-submission-type='submit' value='Suscribirse'  \/> \n            <input type='hidden' class='gform_hidden' name='gform_submission_method' data-js='gform_submission_method_2' value='postback' \/>\n            <input type='hidden' class='gform_hidden' name='gform_theme' data-js='gform_theme_2' id='gform_theme_2' value='orbital' \/>\n            <input type='hidden' class='gform_hidden' name='gform_style_settings' data-js='gform_style_settings_2' id='gform_style_settings_2' value='{&quot;inputPrimaryColor&quot;:&quot;#204ce5&quot;}' \/>\n            <input type='hidden' class='gform_hidden' name='is_submit_2' value='1' \/>\n            <input type='hidden' class='gform_hidden' name='gform_submit' value='2' \/>\n            \n            <input type='hidden' class='gform_hidden' name='gform_currency' data-currency='EUR' value='pshXkX1B84U\/RnmJuZZr1C25UIymDbbc0EODdAD5e+6zDLvXueJttYEeLhX+JFABrirgZXCDdYn5XH4TbefaJDUaDq4LdBBbSBe7MxHjRAR0\/So=' \/>\n            <input type='hidden' class='gform_hidden' name='gform_unique_id' value='' \/>\n            <input type='hidden' class='gform_hidden' name='state_2' value='WyJbXSIsImYwNjdmM2RlZjkzZGI5YjM2NWY4ZmY4ZDRhNWY0OGY0Il0=' \/>\n            <input type='hidden' autocomplete='off' class='gform_hidden' name='gform_target_page_number_2' id='gform_target_page_number_2' value='0' \/>\n            <input type='hidden' autocomplete='off' class='gform_hidden' name='gform_source_page_number_2' id='gform_source_page_number_2' value='1' \/>\n            <input type='hidden' name='gform_field_values' value='' \/>\n            \n        <\/div>\n                        <\/form>\n                        <\/div><script>\ngform.initializeOnLoaded( function() {gformInitSpinner( 2, 'https:\/\/canarias-lovers.com\/wp-content\/plugins\/gravityforms\/images\/spinner.svg', false );jQuery('#gform_ajax_frame_2').on('load',function(){var contents = jQuery(this).contents().find('*').html();var is_postback = contents.indexOf('GF_AJAX_POSTBACK') >= 0;if(!is_postback){return;}var form_content = jQuery(this).contents().find('#gform_wrapper_2');var is_confirmation = jQuery(this).contents().find('#gform_confirmation_wrapper_2').length > 0;var is_redirect = contents.indexOf('gformRedirect(){') >= 0;var is_form = form_content.length > 0 && ! is_redirect && ! is_confirmation;var mt = parseInt(jQuery('html').css('margin-top'), 10) + parseInt(jQuery('body').css('margin-top'), 10) + 100;if(is_form){jQuery('#gform_wrapper_2').html(form_content.html());if(form_content.hasClass('gform_validation_error')){jQuery('#gform_wrapper_2').addClass('gform_validation_error');} else {jQuery('#gform_wrapper_2').removeClass('gform_validation_error');}setTimeout( function() { \/* delay the scroll by 50 milliseconds to fix a bug in chrome *\/  }, 50 );if(window['gformInitDatepicker']) {gformInitDatepicker();}if(window['gformInitPriceFields']) {gformInitPriceFields();}var current_page = jQuery('#gform_source_page_number_2').val();gformInitSpinner( 2, 'https:\/\/canarias-lovers.com\/wp-content\/plugins\/gravityforms\/images\/spinner.svg', false );jQuery(document).trigger('gform_page_loaded', [2, current_page]);window['gf_submitting_2'] = false;}else if(!is_redirect){var confirmation_content = jQuery(this).contents().find('.GF_AJAX_POSTBACK').html();if(!confirmation_content){confirmation_content = contents;}jQuery('#gform_wrapper_2').replaceWith(confirmation_content);jQuery(document).trigger('gform_confirmation_loaded', [2]);window['gf_submitting_2'] = false;wp.a11y.speak(jQuery('#gform_confirmation_message_2').text());}else{jQuery('#gform_2').append(contents);if(window['gformRedirect']) {gformRedirect();}}jQuery(document).trigger(\"gform_pre_post_render\", [{ formId: \"2\", currentPage: \"current_page\", abort: function() { this.preventDefault(); } }]);        if (event && event.defaultPrevented) {                return;        }        const gformWrapperDiv = document.getElementById( \"gform_wrapper_2\" );        if ( gformWrapperDiv ) {            const visibilitySpan = document.createElement( \"span\" );            visibilitySpan.id = \"gform_visibility_test_2\";            gformWrapperDiv.insertAdjacentElement( \"afterend\", visibilitySpan );        }        const visibilityTestDiv = document.getElementById( \"gform_visibility_test_2\" );        let postRenderFired = false;        function triggerPostRender() {            if ( postRenderFired ) {                return;            }            postRenderFired = true;            gform.core.triggerPostRenderEvents( 2, current_page );            if ( visibilityTestDiv ) {                visibilityTestDiv.parentNode.removeChild( visibilityTestDiv );            }        }        function debounce( func, wait, immediate ) {            var timeout;            return function() {                var context = this, args = arguments;                var later = function() {                    timeout = null;                    if ( !immediate ) func.apply( context, args );                };                var callNow = immediate && !timeout;                clearTimeout( timeout );                timeout = setTimeout( later, wait );                if ( callNow ) func.apply( context, args );            };        }        const debouncedTriggerPostRender = debounce( function() {            triggerPostRender();        }, 200 );        if ( visibilityTestDiv && visibilityTestDiv.offsetParent === null ) {            const observer = new MutationObserver( ( mutations ) => {                mutations.forEach( ( mutation ) => {                    if ( mutation.type === 'attributes' && visibilityTestDiv.offsetParent !== null ) {                        debouncedTriggerPostRender();                        observer.disconnect();                    }                });            });            observer.observe( document.body, {                attributes: true,                childList: false,                subtree: true,                attributeFilter: [ 'style', 'class' ],            });        } else {            triggerPostRender();        }    } );} );\n<\/script>\n<\/div>\n\n\n\n<div class=\"wp-block-column is-layout-flow wp-block-column-is-layout-flow\" style=\"flex-basis:42%\">\n<div class=\"wp-block-genesis-blocks-gb-container ebook-radius-waitlist gb-block-container\"><div class=\"gb-container-inside\"><div class=\"gb-container-content\"><div class=\"wp-block-image ebook-image\">\n<figure class=\"aligncenter size-large\"><img decoding=\"async\" src=\"https:\/\/loirelovers.fr\/wp-content\/uploads\/2023\/03\/ebooks_CorseNormandie_FR.png\" alt=\"Box Ebook C&#xF3;rcega FR\"\/><\/figure>\n<\/div><\/div><\/div><\/div>\n<\/div>\n<\/div>\n<\/div><\/div><\/div>\n\n<h3 class=\"wp-block-heading\">Horarios y precios<\/h3>\n\n<p>La catedral est\u00e1 abierta:<\/p>\n\n<ul class=\"wp-block-list\">\n<li>De lunes a viernes de 10 a 18 horas  <\/li>\n\n\n\n<li>S\u00e1bado de 10 a 16 horas<\/li>\n\n\n\n<li>Los domingos s\u00f3lo est\u00e1 abierta la torre.<\/li>\n<\/ul>\n\n<p>Los horarios de visita pueden estar sujetos a cambios debido a servicios religiosos. El Museo Diocesano de Arte Sacro permanecer\u00e1 abierto durante estas celebraciones.<\/p>\n\n<p>Precio: 6<br\/>Condiciones de la tarifa reducida y la entrada gratuita <a href=\"https:\/\/catedraldecanarias.es\/preguntas-frecuentes-fags\/\" target=\"_blank\" rel=\"noreferrer noopener nofollow\">aqu\u00ed<\/a>.<\/p>\n\n<figure class=\"wp-block-image size-large\"><img decoding=\"async\" src=\"https:\/\/photos.smugmug.com\/Canarias-Lovers\/Gran-Canaria\/Las-Palmas\/Santa-Ana-Cathedral\/i-zRw3q9m\/0\/VD8wFTkq3mZK7ZWMjWVwFz9p8SmvgbHpD27qsLGH\/L\/Gran%20Canaria_Las%20Palmas%20_Cathedral_Santa_Ana_puerta_del_aire-L.jpg\" alt=\"Puerta del Aire en el patio de los Naranjos, Catedral de Santa Ana, Las Palmas, Gran Canaria\"\/><\/figure>\n\n<h3 class=\"wp-block-heading\">Visita guiada<\/h3>\n\n<p>Puede acceder a una audiogu\u00eda directamente en su tel\u00e9fono escaneando un c\u00f3digo QR. Est\u00e1 disponible en 4 idiomas (franc\u00e9s, ingl\u00e9s, alem\u00e1n y espa\u00f1ol).<\/p>\n\n<figure class=\"wp-block-image size-large\"><img decoding=\"async\" src=\"https:\/\/photos.smugmug.com\/Canarias-Lovers\/Gran-Canaria\/Las-Palmas\/Santa-Ana-Cathedral\/i-M6cCbKp\/0\/C4Jxxgb6bnLL2FS6m3MTMqN984bWj2XjJrnRgNCpW\/L\/Gran%20Canaria_Las%20Palmas%20_Cathedral_Santa_Ana_audioguide-L.jpg\" alt=\"Audiotour, Catedral de Santa Ana, Las Palmas, Gran Canaria\"\/><\/figure>\n\n<h3 class=\"wp-block-heading\">Restauraci\u00f3n<\/h3>\n\n<p>Hay muchos restaurantes en las animadas calles del barrio hist\u00f3rico de Vegueta, alrededor de la catedral de Santa Ana.  <\/p>\n\n<p>A 6 minutos a pie, un poco m\u00e1s al norte, en el barrio de Triana, disfrutamos mucho de la cocina del <strong>Restaurante Que Leche<\/strong>, una fusi\u00f3n de especialidades canarias con influencias de otros lugares.<\/p>\n\n<figure class=\"wp-block-image size-large\"><img decoding=\"async\" src=\"https:\/\/photos.smugmug.com\/Canarias-Lovers\/Gran-Canaria\/Las-Palmas\/Restaurants\/Que-Leche-Restaurant\/i-VDcstw6\/0\/rjWnV5RbxkTKKprNQRHq6tbjqHvsSFZVzH3BSTG4\/L\/que-leche-restaurant-las-palmas-gran-canaria-L.jpg\" alt=\"Tamal con pato y salsa Satey en el Restaurante Que Leche en Las Palmas, Gran Canaria.\"\/><figcaption class=\"wp-element-caption\">Tamal de pato con salsa satay en el Restaurante Que Leche<\/figcaption><\/figure>\n\n<p>Nuestro art\u00edculo sobre d\u00f3nde comer en Las Palmas estar\u00e1 disponible muy pronto.<\/p>\n\n<h2 class=\"wp-block-heading\"><span class=\"ez-toc-section\" id=\"La_Catedral_de_Las_Palmas_una_joya_arquitectonica\"><\/span>La Catedral de Las Palmas, una joya arquitect\u00f3nica<span class=\"ez-toc-section-end\"><\/span><\/h2>\n\n<p>Lo que m\u00e1s nos impresion\u00f3 fueron los diferentes estilos arquitect\u00f3nicos de la catedral de Santa Ana. Esto se debe a que el edificio se construy\u00f3 a lo largo de varios siglos.<\/p>\n\n<h3 class=\"wp-block-heading\">La fachada neocl\u00e1sica<\/h3>\n\n<p>En la <strong>plaza de Santa<\/strong> Ana, en el coraz\u00f3n del barrio hist\u00f3rico de Vegueta, destaca la oscura silueta de la catedral de Las Palmas. La arquitectura de la fachada es <strong>neocl\u00e1sica<\/strong>. Fueron las 2 <strong>torres gemelas<\/strong>, representativas de este estilo, las que nos llamaron la atenci\u00f3n. Una alberga la campana, la otra es la torre sur, desde la que se puede acceder al tejado del edificio.<\/p>\n\n<figure class=\"wp-block-image size-large\"><img decoding=\"async\" src=\"https:\/\/photos.smugmug.com\/Canarias-Lovers\/Gran-Canaria\/Las-Palmas\/Santa-Ana-Cathedral\/i-X953wTt\/0\/DS7CZcQ8qn5XpkVDvzzzxcrCGhQ6kBFfpcKr3FjGr\/L\/Gran%20Canaria_Las%20Palmas%20_Cathedral_Santa_Ana_front_detail-L.jpg\" alt=\"Detalle de la fachada de la Catedral de Santa Ana en Las Palmas Gran Canaria\"\/><\/figure>\n\n<p>Al otro lado de la plaza, nos intrigaron las 8 estatuas de bronce de tama\u00f1o natural de <strong>perros canarios<\/strong>, que parecen montar guardia. La historia cuenta que estos perros viv\u00edan en la isla antes de que los espa\u00f1oles se establecieran en ella. Se cree que son obra del escultor franc\u00e9s <strong>Alfred Jacquemar<\/strong>.<\/p>\n\n<figure class=\"wp-block-image size-large\"><img decoding=\"async\" src=\"https:\/\/photos.smugmug.com\/Canarias-Lovers\/Gran-Canaria\/Las-Palmas\/Santa-Ana-Cathedral\/i-28L2qvn\/0\/D4B8HWnknQhchwRXFw46H2H3R7ZD9GkrMPd48pf7B\/L\/Gran%20Canaria_Las%20Palmas%20_Cathedral_Santa_Ana_Plaza_santa_ana-L.jpg\" alt=\"Perros de en la plaza de Santa Ana en Las Palmas Gran Canaria\"\/><\/figure>\n\n<h3 class=\"wp-block-heading\">La estructura g\u00f3tica de 3 naves<\/h3>\n\n<p>El interior de la catedral de Santa Ana nos impresion\u00f3 mucho, con su estructura <strong>g\u00f3tica<\/strong> de 3 naves, separadas entre s\u00ed por esbeltas <strong>columnas<\/strong> <strong>de palma<\/strong> abierta. Se sabe poco sobre los detalles de los planos originales. El edificio est\u00e1 construido en forma de cruz latina y su crucero est\u00e1 coronado por una c\u00fapula.  <\/p>\n\n<figure class=\"wp-block-image size-large\"><img decoding=\"async\" src=\"https:\/\/photos.smugmug.com\/Canarias-Lovers\/Gran-Canaria\/Las-Palmas\/Santa-Ana-Cathedral\/i-t9HZD3t\/0\/FMHqHdSMhT73q6g4x9JTQktSNmZM9tnWjdt6MsRRk\/L\/Gran%20Canaria_Las%20Palmas%20_Cathedral_Santa_Ana_Nave-L.jpg\" alt=\"las 3 naves de la Catedral de Santa Ana en Las Palmas, Gran Canaria\"\/><\/figure>\n\n<p>La <strong>piedra azul<\/strong> de las canteras de <strong>San<\/strong> Lorenzo utilizada para las columnas, los arcos y los nervios tierceros de las b\u00f3vedas contrasta con el enlucido blanco de los muros. Nos encant\u00f3 el efecto de esta piedra volc\u00e1nica ligera y porosa, que aqu\u00ed adquiere un brillo met\u00e1lico particularmente espectacular.<\/p>\n\n<figure class=\"wp-block-image size-large\"><img decoding=\"async\" src=\"https:\/\/photos.smugmug.com\/Canarias-Lovers\/Gran-Canaria\/Las-Palmas\/Santa-Ana-Cathedral\/i-SbWvxCL\/0\/C7DJ59hC79XzjPbzrR33QHfvhWMpbztLjnRMxLvK4\/L\/Gran%20Canaria_Las%20Palmas%20_Cathedral_Santa_Ana_ceiling_detail-2-L.jpg\" alt=\"Detalle del techo de la Catedral de Santa Ana en Las Palmas, Gran Canaria\"\/><\/figure>\n\n<p>Tambi\u00e9n nos encantaron las coloridas <strong>vidrieras<\/strong> de la catedral. Las ventanas son peque\u00f1as y est\u00e1n colocadas en alto, como aberturas en la parte superior de las paredes, para dejar ver el caracter\u00edstico techo.<\/p>\n\n<figure class=\"wp-block-image size-large\"><img decoding=\"async\" src=\"https:\/\/photos.smugmug.com\/Canarias-Lovers\/Gran-Canaria\/Las-Palmas\/Santa-Ana-Cathedral\/i-LLL4Gjr\/0\/C39W5Fx53LHsVZL5r9X9M4vZhx3k4JbPJtz9c97ng\/L\/Gran%20Canaria_Las%20Palmas%20_Cathedral_Santa_Ana_Ceiling_detail-L.jpg\" alt=\"Vidrieras de la Catedral de Santa Ana, Las Palmas, Gran Canaria\"\/><\/figure>\n\n<h3 class=\"wp-block-heading\">Obras notables en las 11 capillas<\/h3>\n\n<p>Las capillas de la catedral de Santa Ana albergan una serie de obras notables que no debe perderse. Entre ellas se encuentran estatuas esculpidas por uno de los m\u00e1s grandes escultores canarios del siglo XVIII, <strong>Jos\u00e9 Luj\u00e1n P\u00e9rez<\/strong>. Sus esculturas de madera policromada de gran realismo representan figuras religiosas.<\/p>\n\n<figure class=\"wp-block-image size-large\"><img decoding=\"async\" src=\"https:\/\/photos.smugmug.com\/Canarias-Lovers\/Gran-Canaria\/Las-Palmas\/Santa-Ana-Cathedral\/i-ZGSj6P7\/0\/CVwvXQWJ3RXP3QqgW3HVbD66KXrx7FSpgpZ3vFP8w\/L\/Gran%20Canaria_Las%20Palmas%20_Cathedral_Santa_Ana_Saint_Joseph-L.jpg\" alt=\"Capilla de San Jos&#xE9; en la Catedral de Santa Ana, Las Palmas, Gran Canaria\"\/><figcaption class=\"wp-element-caption\">Estatua de San Jos\u00e9 esculpida por Luj\u00e1n P\u00e9rez<\/figcaption><\/figure>\n\n<p>Tambi\u00e9n hay algunas pinturas antiguas muy bellas, algunas de ellas del famoso pintor barroco del siglo XVIII <strong>Juan de<\/strong> Miranda, tambi\u00e9n canario. Durante nuestra visita, una de las \u00faltimas adquisiciones del Museo Diocesano, una representaci\u00f3n de la<strong> Virgen<\/strong> Mar\u00eda del siglo XVIII, estaba expuesta en la Chapelle Sainte-Th\u00e9r\u00e8se.<\/p>\n\n<figure class=\"wp-block-image size-large\"><img decoding=\"async\" src=\"https:\/\/photos.smugmug.com\/Canarias-Lovers\/Gran-Canaria\/Las-Palmas\/Santa-Ana-Cathedral\/i-q87HJgc\/0\/CTKDDKWKjZTHHFCrXk6r7qVjBjNXsc3sqbvzLm4Zm\/L\/Gran%20Canaria_Las%20Palmas%20_Cathedral_Santa_Ana_Virgin_Mary-L.jpg\" alt=\"Pintura de la Virgen Mar&#xED;a en la Capilla de Santa Teresa de la Catedral de Santa Ana, Las Palmas, Gran Canaria\"\/><\/figure>\n\n<h2 class=\"wp-block-heading\"><span class=\"ez-toc-section\" id=\"La_impresionante_vista_desde_lo_alto_de_la_Torre_Sur\"><\/span>La impresionante vista desde lo alto de la Torre Sur<span class=\"ez-toc-section-end\"><\/span><\/h2>\n\n<p>A continuaci\u00f3n nos dispusimos a subir a la torre sur de la catedral: 162 escalones (o el ascensor) para llegar al tejado del edificio, y otros cincuenta m\u00e1s o menos para llegar a la cima.<\/p>\n\n<h3 class=\"wp-block-heading\">El panorama desde el tejado de la catedral<\/h3>\n\n<p>El tejado de la catedral ofrece una <strong>vista panor\u00e1mica de 360\u00b0<\/strong> de la ciudad de Las Palmas. Es un mirador ideal desde el que contemplar la capital canaria en su totalidad y apreciar su rico <strong>patrimonio arquitect\u00f3nico<\/strong>. En el lado este, podr\u00e1 disfrutar de cielos despejados y vistas del<strong>oc\u00e9ano<\/strong> Atl\u00e1ntico sobre los tejados de los barrios de <strong>Triana<\/strong> y <strong>Vegueta<\/strong>.<\/p>\n\n<figure class=\"wp-block-image size-large\"><img decoding=\"async\" src=\"https:\/\/photos.smugmug.com\/Canarias-Lovers\/Gran-Canaria\/Las-Palmas\/Santa-Ana-Cathedral\/i-bsvq79d\/0\/FdVSWFMVxNm9RSnMjJrCTcfbbp4tPf2D327jPpgSH\/L\/Gran%20Canaria_Las%20Palmas%20_Cathedral_Santa_Ana_Roof-View_East-L.jpg\" alt=\"Vista oriental desde la azotea de la Catedral de Santa Ana en Las Palmas, Gran Canaria\"\/><\/figure>\n\n<p>En el lado oeste, puede ver la <strong>Plaza de Santa<\/strong> Ana y el Ayuntamiento de Las Palmas m\u00e1s abajo. Disfrutamos viendo c\u00f3mo se acumulaban las nubes sobre los coloridos edificios, escalonados en las laderas de los <strong> riscos<\/strong> de <strong>San Juan<\/strong>, <strong>San Roque<\/strong> y <strong>San Nicol\u00e1s<\/strong>. En nuestra opini\u00f3n, merece la pena subir hasta all\u00ed para descubrir la ciudad.<\/p>\n\n<figure class=\"wp-block-image size-large\"><img decoding=\"async\" src=\"https:\/\/photos.smugmug.com\/Canarias-Lovers\/Gran-Canaria\/Las-Palmas\/Santa-Ana-Cathedral\/i-2VxxBXR\/0\/CTFG4xSZLDqvfRdMVsW48f3b3VRZgcCw76z6L7xg7\/L\/Gran%20Canaria_Las%20Palmas%20_Cathedral_Santa_Ana_Roof-View_West-L.jpg\" alt=\"Vista occidental desde la azotea de la Catedral de Santa Ana en Las Palmas, Gran Canaria\"\/><\/figure>\n\n<h3 class=\"wp-block-heading\">Subir a lo alto de la torre<\/h3>\n\n<p>Subimos otra cincuentena de escalones, los \u00faltimos, antes de llegar por fin a <strong>lo alto de la torre<\/strong> sur de la catedral. La vista no es mucho m\u00e1s espectacular que desde el tejado. S\u00f3lo ten\u00edamos la impresi\u00f3n de estar sentados en lo m\u00e1s alto, a la altura del campanario de la Torre Norte, con s\u00f3lo el cielo sobre nuestras cabezas.<\/p>\n\n<figure class=\"wp-block-image size-large\"><img decoding=\"async\" src=\"https:\/\/photos.smugmug.com\/Canarias-Lovers\/Gran-Canaria\/Las-Palmas\/Santa-Ana-Cathedral\/i-sDkVQJb\/0\/KTmjrrG4ksDRZW59qz7VQSfm7LNGt2vx3dDQRGJM\/L\/Gran%20Canaria_Las%20Palmas%20_Cathedral_Santa_Ana_Roof-View_Triana-L.jpg\" alt=\"Vista sobre Triana desde la Torre Sur de la azotea de la Catedral de Santa Ana en Las Palmas, Gran Canaria\"\/><\/figure>\n\n<p>Desde aqu\u00ed arriba, podr\u00e1 ver claramente los rasgos arquitect\u00f3nicos distintivos del casco <strong>hist\u00f3rico de Vegueta<\/strong>, con sus campanarios, tejados planos y coloridas paredes. Contrasta fuertemente con las otras zonas de la ciudad, m\u00e1s modernas y menos pintorescas.<\/p>\n\n<figure class=\"wp-block-image size-large\"><img decoding=\"async\" src=\"https:\/\/photos.smugmug.com\/Canarias-Lovers\/Gran-Canaria\/Las-Palmas\/Santa-Ana-Cathedral\/i-k6jq3GV\/0\/DhzXQvWbb2GsbNj8gxNpnQwhJXX8rZr2FDDD4tbSj\/L\/Gran%20Canaria_Las%20Palmas%20_Cathedral_Santa_Ana_Roof-View_Vergueta-L.jpg\" alt=\"Vista sobre Vegueta desde la Torre Sur de la azotea de la Catedral de Santa Ana en Las Palmas, Gran Canaria\"\/><\/figure>\n\n<h2 class=\"wp-block-heading\"><span class=\"ez-toc-section\" id=\"Tesoros_de_arte_sacro_en_el_Museo_Diocesano\"><\/span>Tesoros de arte sacro en el Museo Diocesano<span class=\"ez-toc-section-end\"><\/span><\/h2>\n\n<p>Para visitar el Museo Diocesano de Arte Sacro, entre por la <strong>Puerta del Aire<\/strong>, cerca de la entrada de la catedral. Una puerta de estilo renacentista que da a la <strong>Cour des Orangers<\/strong>.<\/p>\n\n<h3 class=\"wp-block-heading\">Un paseo por el Patio de los Naranjos<\/h3>\n\n<p>Nos encant\u00f3 quedarnos en la <strong>Cour des Orangers<\/strong>. Se trata de un peque\u00f1o y magn\u00edfico jard\u00edn interior, situado en el ala sur de la catedral de Santa Ana. Est\u00e1 plantada de naranjos y palmeras y rodeada de<strong>soportales<\/strong> y <strong>galer\u00edas<\/strong>. Su ambiente tranquilo y sombreado lo convierte en un <strong>remanso de frescor<\/strong> y tranquilidad en el coraz\u00f3n del imponente edificio religioso.<a href=\"https:\/\/fr.123rf.com\/photo_151307582_las-palmas-de-gran-canaria---february-17,-2017:-views-of-the-patio-de-los-naranjos,-courtyard-of-the-orange-trees,-in-the-cathedral-of-santa-ana,-in-las-palmas,-canary-islands,-spain,-on-february-17,-2017.-it-is-considered-the-most-important-monument-of-c.html\" target=\"_blank\" rel=\"noreferrer noopener\"><\/a><a href=\"https:\/\/www.hotelesdunas.com\/fr\/actualites\/cathedrale-de-las-palmas\/\" target=\"_blank\" rel=\"noreferrer noopener\"><\/a><a href=\"https:\/\/www.alamyimages.fr\/une-vue-sur-le-patio-de-los-naranjos-cour-des-orangers-dans-la-cathedrale-de-santa-ana-a-las-palmas-de-gran-canaria-image220724940.html\" target=\"_blank\" rel=\"noreferrer noopener\"><\/a>.<\/p>\n\n<figure class=\"wp-block-image size-large\"><img decoding=\"async\" src=\"https:\/\/photos.smugmug.com\/Canarias-Lovers\/Gran-Canaria\/Las-Palmas\/Santa-Ana-Cathedral\/i-HX5WVFt\/0\/DnqxXjhbw8ncgXkMJVVD2S2xw8fQxxhVBX86M6bdk\/L\/santa-ana-cathedral-diocesan-museum-las-palmas-gran-canaria-1-L.jpg\" alt=\"Patio de los Naranjos en la Catedral de Santa Ana, Las Palmas, Gran Canaria\"\/><\/figure>\n\n<p>Con sus elegantes columnatas, pasadizos y decoraciones de <strong>madera tallada<\/strong>, este patio est\u00e1 considerado uno de los mejores ejemplos de<strong>arquitectura renacentista<\/strong> de las Islas Canarias. El Mus\u00e9e Dioc\u00e9sain d&#8217;Art Sacr\u00e9 (Museo Diocesano de Arte Sacro) se encuentra en este <strong>id\u00edlico entorno<\/strong> verde.<\/p>\n\n<figure class=\"wp-block-image size-large\"><img decoding=\"async\" src=\"https:\/\/photos.smugmug.com\/Canarias-Lovers\/Gran-Canaria\/Las-Palmas\/Santa-Ana-Cathedral\/i-FF4SRVt\/0\/DjqGW468ZkmR85tF9K243dxttH3skg89XMwx2Zzdp\/L\/Gran%20Canaria_Las%20Palmas%20_Cathedral_Santa_Ana_Patio-L.jpg\" alt=\"Patio de los Naranjos en la Catedral de Santa Ana, Las Palmas, Gran Canaria\"\/><\/figure>\n\n<h3 class=\"wp-block-heading\">Exposiciones temporales<\/h3>\n\n<p>El Museo Diocesano alberga una rica colecci\u00f3n de<strong>Arte Sacro<\/strong>, que incluye pinturas, esculturas, piezas de orfebrer\u00eda y textiles que reflejan la historia y la devoci\u00f3n religiosa de las Islas Canarias. Parte de la planta baja del museo est\u00e1 dedicada a exposiciones temporales.<\/p>\n\n<figure class=\"wp-block-image size-large\"><img decoding=\"async\" src=\"https:\/\/photos.smugmug.com\/Canarias-Lovers\/Gran-Canaria\/Las-Palmas\/Santa-Ana-Cathedral\/i-DqXtQ3g\/0\/CgWCC2ZKJ6s6TbW9ZqCfXFW4XRnB5FDPXZBm66BVz\/L\/Gran%20Canaria_Las%20Palmas%20_Cathedral_Santa_Ana_museum_exhibition-L.jpg\" alt=\"exposici&#xF3;n temporal en el museo de arte sacro de las palmas, gran canaria\"\/><\/figure>\n\n<p>Durante nuestra visita, hab\u00eda una exposici\u00f3n dedicada a la <strong>cruz<\/strong>, \u00abEl \u00c1rbol de la Vida\u00bb. Vimos modelos de cruces de todo tipo, de marfil, n\u00e1car, plata o bronce, o incluso de preciosa madera tallada, as\u00ed como representaciones de Cristo.<\/p>\n\n<figure class=\"wp-block-image size-large\"><img decoding=\"async\" src=\"https:\/\/photos.smugmug.com\/Canarias-Lovers\/Gran-Canaria\/Las-Palmas\/Santa-Ana-Cathedral\/i-p8rqPbP\/0\/CpbrNFTsksMkbPL8V4zsg679WNgNwKtCsJLCsS2xh\/L\/Gran%20Canaria_Las%20Palmas%20_Cathedral_Santa_Ana_museum_exhibition_crosses-L.jpg\" alt=\"detalle en la exposici&#xF3;n temporal del museo de arte sacro de las palmas, gran canaria\"\/><\/figure>\n\n<h3 class=\"wp-block-heading\">La colecci\u00f3n permanente<\/h3>\n\n<p>Terminamos nuestra visita descubriendo la <strong>colecci\u00f3n permanente<\/strong> del museo, que contin\u00faa en la <strong>primera planta<\/strong> del edificio (sin ascensor). Pudimos admirar pinturas, esculturas y otras piezas lit\u00fargicas creadas entre el siglo XVI y la actualidad. Algunas de las habitaciones son absolutamente hermosas. Son testimonio del talento y la devoci\u00f3n de los artistas locales.<\/p>\n\n<figure class=\"wp-block-image size-large\"><img decoding=\"async\" src=\"https:\/\/photos.smugmug.com\/Canarias-Lovers\/Gran-Canaria\/Las-Palmas\/Santa-Ana-Cathedral\/i-Rh3f3rG\/0\/DxDx3xgbSjr5j6vfNNmPqCrF69tzDHd9FLsBWt9X5\/L\/Gran%20Canaria_Las%20Palmas%20_Cathedral_Santa_Ana_museum-L.jpg\" alt=\"obras destacadas en el museo diocesano de arte sacro de la catedral de santa ana de las palmas, gran canaria\"\/><\/figure>\n\n<p>Pero fue la arquitectura <strong>renacentista<\/strong> del edificio lo que m\u00e1s nos encant\u00f3. Carpinter\u00eda tallada, suelos de parqu\u00e9 oscuro, pasarelas caladas que dan al patio&#8230; El lugar es encantador. Tambi\u00e9n hay suelos de <strong>mosaico policromado<\/strong>, como el de la Sala Capitular. Data del siglo XVIII y procede de la famosa f\u00e1brica de <strong>Manises<\/strong>, cerca de Valence.<\/p>\n\n<figure class=\"wp-block-image size-large\"><img decoding=\"async\" src=\"https:\/\/photos.smugmug.com\/Canarias-Lovers\/Gran-Canaria\/Las-Palmas\/Santa-Ana-Cathedral\/i-XQhRTbD\/0\/CjDLGLSqH2Jjv3fwrrcLzT2hHjSccCrHMJFTG3rjF\/L\/Gran%20Canaria_Las%20Palmas%20_Cathedral_Santa_Ana_museum_azulejos-L.jpg\" alt=\"mosaicos en el suelo del museo diocesano de arte sacro de la catedral de santa ana en las palmas, gran canaria\"\/><\/figure>\n\n<p>Y no se pierda la <strong>biblioteca de la sala capitular<\/strong>. Alberga <strong>4.000 libros<\/strong>, incluidos <strong>21 manuscritos<\/strong>. Comenzaron a reunirse en 1515, al mismo tiempo que se constru\u00eda la catedral.<\/p>\n\n<figure class=\"wp-block-image size-large\"><img decoding=\"async\" src=\"https:\/\/photos.smugmug.com\/Canarias-Lovers\/Gran-Canaria\/Las-Palmas\/Santa-Ana-Cathedral\/i-WQ9QKKW\/0\/CDFFNCQNvZ4Rbd6cG2794XtwZSTGwMRgKDd9hQdfB\/L\/Gran%20Canaria_Las%20Palmas%20_Cathedral_Santa_Ana_museum_library-L.jpg\" alt=\"Biblioteca en el museo diocesano de arte sacro de la catedral de santa ana en las palmas, gran canaria\"\/><\/figure>\n\n<h2 class=\"wp-block-heading\"><span class=\"ez-toc-section\" id=\"Preguntas_frecuentes\"><\/span>Preguntas frecuentes<span class=\"ez-toc-section-end\"><\/span><\/h2>\n\n<h3 class=\"wp-block-heading\">\u00bfQu\u00e9 otros lugares hist\u00f3ricos puede visitar en el barrio de Vegueta de Las Palmas?<\/h3>\n\n<p><strong>La Casa de Col\u00f3n<\/strong>, el museo dedicado a Crist\u00f3bal Col\u00f3n, est\u00e1 a s\u00f3lo 1 minuto a pie de la catedral. El edificio fue el hogar del navegante antes de sus viajes transatl\u00e1nticos. Las colecciones del museo est\u00e1n ahora dedicadas a \u00e9l. Obtenga m\u00e1s informaci\u00f3n <a href=\"https:\/\/www.grancanaria.com\/turismo\/fr\/culture\/musees\/datos-de-museos-de-gran-canaria\/?id_museo=3\" target=\"_blank\" rel=\"noreferrer noopener\">aqu\u00ed<\/a>.<\/p>\n\n<p>Nuestro art\u00edculo sobre el Museo Casa de Col\u00f3n estar\u00e1 disponible muy pronto.<\/p>\n\n<figure class=\"wp-block-image size-large\"><img decoding=\"async\" src=\"https:\/\/photos.smugmug.com\/Canarias-Lovers\/Gran-Canaria\/Las-Palmas\/Casa-de-Col&#xF3;n-Museum\/i-X5S5QBQ\/0\/FGKr9vNWBsHr7xjpQ5H6zQx7xL4D7PZS93dwtQMFr\/L\/casa-de-colon-museum-las-palmas-gran-canaria-1-L.jpg\" alt=\"Patio en el museo Casa de Colon, Las Palmas, Gran Canaria\"\/><\/figure>\n\n<div style=\"background-color:#fefefe;margin-top:6%;margin-bottom:6%\" class=\"wp-block-genesis-blocks-gb-container box gb-block-container\"><div class=\"gb-container-inside\"><div class=\"gb-container-content\" style=\"max-width:700px\">\n<div class=\"wp-block-columns inverse is-layout-flex wp-container-core-columns-is-layout-9d6595d7 wp-block-columns-is-layout-flex\">\n<div class=\"wp-block-column texte_planif is-layout-flow wp-block-column-is-layout-flow\" style=\"flex-basis:58%\">\n<h5 class=\"titre_box\">Reciba nuestro <span class=\"titre_box_manuscrit\">bolet\u00edn<\/span><\/h5>\n\n\n\n<ul class=\"wp-block-list\">\n<li>\u00a1Un soplo de aire fresco en su vida cotidiana en los bellos destinos de Region Lovers!<\/li>\n\n\n\n<li>Una vez al mes<\/li>\n\n\n\n<li>Sin publicidad<\/li>\n<\/ul>\n\n\n\n                <div class='gf_browser_gecko gform_wrapper gform-theme gform-theme--foundation gform-theme--framework gform-theme--orbital' data-form-theme='orbital' data-form-index='0' id='gform_wrapper_3' ><style>#gform_wrapper_3[data-form-index=\"0\"].gform-theme,[data-parent-form=\"3_0\"]{--gf-color-primary: #204ce5;--gf-color-primary-rgb: 32, 76, 229;--gf-color-primary-contrast: #fff;--gf-color-primary-contrast-rgb: 255, 255, 255;--gf-color-primary-darker: #001AB3;--gf-color-primary-lighter: #527EFF;--gf-color-secondary: #fff;--gf-color-secondary-rgb: 255, 255, 255;--gf-color-secondary-contrast: #112337;--gf-color-secondary-contrast-rgb: 17, 35, 55;--gf-color-secondary-darker: #F5F5F5;--gf-color-secondary-lighter: #FFFFFF;--gf-color-out-ctrl-light: rgba(17, 35, 55, 0.1);--gf-color-out-ctrl-light-rgb: 17, 35, 55;--gf-color-out-ctrl-light-darker: rgba(104, 110, 119, 0.35);--gf-color-out-ctrl-light-lighter: #F5F5F5;--gf-color-out-ctrl-dark: #585e6a;--gf-color-out-ctrl-dark-rgb: 88, 94, 106;--gf-color-out-ctrl-dark-darker: #112337;--gf-color-out-ctrl-dark-lighter: rgba(17, 35, 55, 0.65);--gf-color-in-ctrl: #fff;--gf-color-in-ctrl-rgb: 255, 255, 255;--gf-color-in-ctrl-contrast: #112337;--gf-color-in-ctrl-contrast-rgb: 17, 35, 55;--gf-color-in-ctrl-darker: #F5F5F5;--gf-color-in-ctrl-lighter: #FFFFFF;--gf-color-in-ctrl-primary: #204ce5;--gf-color-in-ctrl-primary-rgb: 32, 76, 229;--gf-color-in-ctrl-primary-contrast: #fff;--gf-color-in-ctrl-primary-contrast-rgb: 255, 255, 255;--gf-color-in-ctrl-primary-darker: #001AB3;--gf-color-in-ctrl-primary-lighter: #527EFF;--gf-color-in-ctrl-light: rgba(17, 35, 55, 0.1);--gf-color-in-ctrl-light-rgb: 17, 35, 55;--gf-color-in-ctrl-light-darker: rgba(104, 110, 119, 0.35);--gf-color-in-ctrl-light-lighter: #F5F5F5;--gf-color-in-ctrl-dark: #585e6a;--gf-color-in-ctrl-dark-rgb: 88, 94, 106;--gf-color-in-ctrl-dark-darker: #112337;--gf-color-in-ctrl-dark-lighter: rgba(17, 35, 55, 0.65);--gf-radius: 3px;--gf-font-size-secondary: 14px;--gf-font-size-tertiary: 13px;--gf-icon-ctrl-number: url(\"data:image\/svg+xml,%3Csvg width='8' height='14' viewBox='0 0 8 14' fill='none' xmlns='http:\/\/www.w3.org\/2000\/svg'%3E%3Cpath fill-rule='evenodd' clip-rule='evenodd' d='M4 0C4.26522 5.96046e-08 4.51957 0.105357 4.70711 0.292893L7.70711 3.29289C8.09763 3.68342 8.09763 4.31658 7.70711 4.70711C7.31658 5.09763 6.68342 5.09763 6.29289 4.70711L4 2.41421L1.70711 4.70711C1.31658 5.09763 0.683417 5.09763 0.292893 4.70711C-0.0976311 4.31658 -0.097631 3.68342 0.292893 3.29289L3.29289 0.292893C3.48043 0.105357 3.73478 0 4 0ZM0.292893 9.29289C0.683417 8.90237 1.31658 8.90237 1.70711 9.29289L4 11.5858L6.29289 9.29289C6.68342 8.90237 7.31658 8.90237 7.70711 9.29289C8.09763 9.68342 8.09763 10.3166 7.70711 10.7071L4.70711 13.7071C4.31658 14.0976 3.68342 14.0976 3.29289 13.7071L0.292893 10.7071C-0.0976311 10.3166 -0.0976311 9.68342 0.292893 9.29289Z' fill='rgba(17, 35, 55, 0.65)'\/%3E%3C\/svg%3E\");--gf-icon-ctrl-select: url(\"data:image\/svg+xml,%3Csvg width='10' height='6' viewBox='0 0 10 6' fill='none' xmlns='http:\/\/www.w3.org\/2000\/svg'%3E%3Cpath fill-rule='evenodd' clip-rule='evenodd' d='M0.292893 0.292893C0.683417 -0.097631 1.31658 -0.097631 1.70711 0.292893L5 3.58579L8.29289 0.292893C8.68342 -0.0976311 9.31658 -0.0976311 9.70711 0.292893C10.0976 0.683417 10.0976 1.31658 9.70711 1.70711L5.70711 5.70711C5.31658 6.09763 4.68342 6.09763 4.29289 5.70711L0.292893 1.70711C-0.0976311 1.31658 -0.0976311 0.683418 0.292893 0.292893Z' fill='rgba(17, 35, 55, 0.65)'\/%3E%3C\/svg%3E\");--gf-icon-ctrl-search: url(\"data:image\/svg+xml,%3Csvg width='640' height='640' xmlns='http:\/\/www.w3.org\/2000\/svg'%3E%3Cpath d='M256 128c-70.692 0-128 57.308-128 128 0 70.691 57.308 128 128 128 70.691 0 128-57.309 128-128 0-70.692-57.309-128-128-128zM64 256c0-106.039 85.961-192 192-192s192 85.961 192 192c0 41.466-13.146 79.863-35.498 111.248l154.125 154.125c12.496 12.496 12.496 32.758 0 45.254s-32.758 12.496-45.254 0L367.248 412.502C335.862 434.854 297.467 448 256 448c-106.039 0-192-85.962-192-192z' fill='rgba(17, 35, 55, 0.65)'\/%3E%3C\/svg%3E\");--gf-label-space-y-secondary: var(--gf-label-space-y-md-secondary);--gf-ctrl-border-color: #686e77;--gf-ctrl-size: var(--gf-ctrl-size-md);--gf-ctrl-label-color-primary: #112337;--gf-ctrl-label-color-secondary: #112337;--gf-ctrl-choice-size: var(--gf-ctrl-choice-size-md);--gf-ctrl-checkbox-check-size: var(--gf-ctrl-checkbox-check-size-md);--gf-ctrl-radio-check-size: var(--gf-ctrl-radio-check-size-md);--gf-ctrl-btn-font-size: var(--gf-ctrl-btn-font-size-md);--gf-ctrl-btn-padding-x: var(--gf-ctrl-btn-padding-x-md);--gf-ctrl-btn-size: var(--gf-ctrl-btn-size-md);--gf-ctrl-btn-border-color-secondary: #686e77;--gf-ctrl-file-btn-bg-color-hover: #EBEBEB;--gf-field-img-choice-size: var(--gf-field-img-choice-size-md);--gf-field-img-choice-card-space: var(--gf-field-img-choice-card-space-md);--gf-field-img-choice-check-ind-size: var(--gf-field-img-choice-check-ind-size-md);--gf-field-img-choice-check-ind-icon-size: var(--gf-field-img-choice-check-ind-icon-size-md);--gf-field-pg-steps-number-color: rgba(17, 35, 55, 0.8);}<\/style>\n                        <div class='gform_heading'>\n                            <p class='gform_description'><\/p>\n                        <\/div><form method='post' enctype='multipart\/form-data'  id='gform_3'  action='\/es\/wp-json\/wp\/v2\/posts\/1295' data-formid='3' novalidate> \r\n <input type='hidden' class='gforms-pum' value='{\"closepopup\":false,\"closedelay\":0,\"openpopup\":false,\"openpopup_id\":0}' \/>\n                        <div class='gform-body gform_body'><div id='gform_fields_3' class='gform_fields top_label form_sublabel_below description_below validation_below'><div id=\"field_3_1\" class=\"gfield gfield--type-email gfield--input-type-email gfield_contains_required field_sublabel_below gfield--no-description field_description_below hidden_label field_validation_below gfield_visibility_visible\"  ><label class='gfield_label gform-field-label' for='input_3_1'>E-mail<span class=\"gfield_required\"><span class=\"gfield_required gfield_required_text\">(Obligatorio)<\/span><\/span><\/label><div class='ginput_container ginput_container_email'>\n                            <input name='input_1' id='input_3_1' type='email' value='' class='large'    aria-required=\"true\" aria-invalid=\"false\"  \/>\n                        <\/div><\/div><fieldset id=\"field_3_4\" class=\"gfield gfield--type-consent gfield--type-choice gfield--input-type-consent gfield--width-full gfield_contains_required field_sublabel_below gfield--no-description field_description_below hidden_label field_validation_below gfield_visibility_visible\"  ><legend class='gfield_label gform-field-label gfield_label_before_complex' >RGPD<span class=\"gfield_required\"><span class=\"gfield_required gfield_required_text\">(Obligatorio)<\/span><\/span><\/legend><div class='ginput_container ginput_container_consent'><input name='input_4.1' id='input_3_4_1' type='checkbox' value='1'   aria-required=\"true\" aria-invalid=\"false\"   \/> <label class=\"gform-field-label gform-field-label--type-inline gfield_consent_label\" for='input_3_4_1' >S\u00ed, deseo suscribirme al bolet\u00edn mensual<span class=\"gfield_required gfield_required_text\">(Obligatorio)<\/span><\/label><input type='hidden' name='input_4.2' value='S\u00ed, deseo suscribirme al bolet\u00edn mensual' class='gform_hidden' \/><input type='hidden' name='input_4.3' value='1' class='gform_hidden' \/><\/div><\/fieldset><div id=\"field_3_5\" class=\"gfield gfield--type-website gfield--input-type-website gfield--width-full field_sublabel_below gfield--no-description field_description_below field_validation_below gfield_visibility_hidden\"  ><div class=\"admin-hidden-markup\"><i class=\"gform-icon gform-icon--hidden\" aria-hidden=\"true\" title=\"Este campo est\u00e1 oculto cuando se visualiza el formulario\"><\/i><span>Este campo est\u00e1 oculto cuando se visualiza el formulario<\/span><\/div><label class='gfield_label gform-field-label' for='input_3_5'>Site Web<\/label><div class='ginput_container ginput_container_website'>\n                    <input name='input_5' id='input_3_5' type='url' value='https:\/\/canarias-lovers.com\/es\/wp-json\/wp\/v2\/posts\/1295' class='large'    placeholder='https:\/\/'  aria-invalid=\"false\" \/>\n                <\/div><\/div><\/div><\/div>\n        <div class='gform-footer gform_footer top_label'> <input type='submit' id='gform_submit_button_3' class='gform_button button' onclick='gform.submission.handleButtonClick(this);' data-submission-type='submit' value='Suscribirse'  \/> \n            <input type='hidden' class='gform_hidden' name='gform_submission_method' data-js='gform_submission_method_3' value='postback' \/>\n            <input type='hidden' class='gform_hidden' name='gform_theme' data-js='gform_theme_3' id='gform_theme_3' value='orbital' \/>\n            <input type='hidden' class='gform_hidden' name='gform_style_settings' data-js='gform_style_settings_3' id='gform_style_settings_3' value='{&quot;inputPrimaryColor&quot;:&quot;#204ce5&quot;}' \/>\n            <input type='hidden' class='gform_hidden' name='is_submit_3' value='1' \/>\n            <input type='hidden' class='gform_hidden' name='gform_submit' value='3' \/>\n            \n            <input type='hidden' class='gform_hidden' name='gform_currency' data-currency='EUR' value='81vhnrG7+OuZ3rdN6TNub8CTFp8snjeIEHGtu+NuOjemV5x0OSASIkcG84IA3isCOWQjISyxw+wZVro3KGYrzLIcLpmjnD+mZWMk48JGnSwdui0=' \/>\n            <input type='hidden' class='gform_hidden' name='gform_unique_id' value='' \/>\n            <input type='hidden' class='gform_hidden' name='state_3' value='WyJ7XCI0LjFcIjpcIjg3MGIzYzZhNWQ4YTg2NGNkMjkzMjI4ZDZjZTM1N2NiXCIsXCI0LjJcIjpcImQxY2EyZDBjNTFiM2RmZjc2OTY2NTI2YzM4NDBkZDM3XCIsXCI0LjNcIjpcIjg3MGIzYzZhNWQ4YTg2NGNkMjkzMjI4ZDZjZTM1N2NiXCJ9IiwiMGIyNjVlOTU5ZTgxN2VhNGRhZjRmNjVlMzk1NDJlYWMiXQ==' \/>\n            <input type='hidden' autocomplete='off' class='gform_hidden' name='gform_target_page_number_3' id='gform_target_page_number_3' value='0' \/>\n            <input type='hidden' autocomplete='off' class='gform_hidden' name='gform_source_page_number_3' id='gform_source_page_number_3' value='1' \/>\n            <input type='hidden' name='gform_field_values' value='' \/>\n            \n        <\/div>\n                        <\/form>\n                        <\/div><script>\ngform.initializeOnLoaded( function() {gformInitSpinner( 3, 'https:\/\/canarias-lovers.com\/wp-content\/plugins\/gravityforms\/images\/spinner.svg', false );jQuery('#gform_ajax_frame_3').on('load',function(){var contents = jQuery(this).contents().find('*').html();var is_postback = contents.indexOf('GF_AJAX_POSTBACK') >= 0;if(!is_postback){return;}var form_content = jQuery(this).contents().find('#gform_wrapper_3');var is_confirmation = jQuery(this).contents().find('#gform_confirmation_wrapper_3').length > 0;var is_redirect = contents.indexOf('gformRedirect(){') >= 0;var is_form = form_content.length > 0 && ! is_redirect && ! is_confirmation;var mt = parseInt(jQuery('html').css('margin-top'), 10) + parseInt(jQuery('body').css('margin-top'), 10) + 100;if(is_form){jQuery('#gform_wrapper_3').html(form_content.html());if(form_content.hasClass('gform_validation_error')){jQuery('#gform_wrapper_3').addClass('gform_validation_error');} else {jQuery('#gform_wrapper_3').removeClass('gform_validation_error');}setTimeout( function() { \/* delay the scroll by 50 milliseconds to fix a bug in chrome *\/  }, 50 );if(window['gformInitDatepicker']) {gformInitDatepicker();}if(window['gformInitPriceFields']) {gformInitPriceFields();}var current_page = jQuery('#gform_source_page_number_3').val();gformInitSpinner( 3, 'https:\/\/canarias-lovers.com\/wp-content\/plugins\/gravityforms\/images\/spinner.svg', false );jQuery(document).trigger('gform_page_loaded', [3, current_page]);window['gf_submitting_3'] = false;}else if(!is_redirect){var confirmation_content = jQuery(this).contents().find('.GF_AJAX_POSTBACK').html();if(!confirmation_content){confirmation_content = contents;}jQuery('#gform_wrapper_3').replaceWith(confirmation_content);jQuery(document).trigger('gform_confirmation_loaded', [3]);window['gf_submitting_3'] = false;wp.a11y.speak(jQuery('#gform_confirmation_message_3').text());}else{jQuery('#gform_3').append(contents);if(window['gformRedirect']) {gformRedirect();}}jQuery(document).trigger(\"gform_pre_post_render\", [{ formId: \"3\", currentPage: \"current_page\", abort: function() { this.preventDefault(); } }]);        if (event && event.defaultPrevented) {                return;        }        const gformWrapperDiv = document.getElementById( \"gform_wrapper_3\" );        if ( gformWrapperDiv ) {            const visibilitySpan = document.createElement( \"span\" );            visibilitySpan.id = \"gform_visibility_test_3\";            gformWrapperDiv.insertAdjacentElement( \"afterend\", visibilitySpan );        }        const visibilityTestDiv = document.getElementById( \"gform_visibility_test_3\" );        let postRenderFired = false;        function triggerPostRender() {            if ( postRenderFired ) {                return;            }            postRenderFired = true;            gform.core.triggerPostRenderEvents( 3, current_page );            if ( visibilityTestDiv ) {                visibilityTestDiv.parentNode.removeChild( visibilityTestDiv );            }        }        function debounce( func, wait, immediate ) {            var timeout;            return function() {                var context = this, args = arguments;                var later = function() {                    timeout = null;                    if ( !immediate ) func.apply( context, args );                };                var callNow = immediate && !timeout;                clearTimeout( timeout );                timeout = setTimeout( later, wait );                if ( callNow ) func.apply( context, args );            };        }        const debouncedTriggerPostRender = debounce( function() {            triggerPostRender();        }, 200 );        if ( visibilityTestDiv && visibilityTestDiv.offsetParent === null ) {            const observer = new MutationObserver( ( mutations ) => {                mutations.forEach( ( mutation ) => {                    if ( mutation.type === 'attributes' && visibilityTestDiv.offsetParent !== null ) {                        debouncedTriggerPostRender();                        observer.disconnect();                    }                });            });            observer.observe( document.body, {                attributes: true,                childList: false,                subtree: true,                attributeFilter: [ 'style', 'class' ],            });        } else {            triggerPostRender();        }    } );} );\n<\/script>\n<\/div>\n\n\n\n<div class=\"wp-block-column is-layout-flow wp-block-column-is-layout-flow\" style=\"flex-basis:42%\">\n<div class=\"wp-block-genesis-blocks-gb-container aligncenter newsletter-radius gb-block-container\"><div class=\"gb-container-inside\"><div class=\"gb-container-content\"><div class=\"wp-block-image newsletter-image\">\n<figure class=\"aligncenter size-full\"><img loading=\"lazy\" decoding=\"async\" width=\"729\" height=\"792\" src=\"https:\/\/canarias-lovers.com\/wp-content\/uploads\/2024\/06\/newsletter_FR_2.png\" alt=\"bolet&#xED;n\" class=\"wp-image-1181\" srcset=\"https:\/\/canarias-lovers.com\/wp-content\/uploads\/2024\/06\/newsletter_FR_2.png 729w, https:\/\/canarias-lovers.com\/wp-content\/uploads\/2024\/06\/newsletter_FR_2-276x300.png 276w\" sizes=\"auto, (max-width: 729px) 100vw, 729px\" \/><\/figure>\n<\/div><\/div><\/div><\/div>\n<\/div>\n<\/div>\n<\/div><\/div><\/div>\n\n<div style=\"margin-top:8%;margin-bottom:8%\" class=\"wp-block-genesis-blocks-gb-container box gb-block-container\"><div class=\"gb-container-inside\"><div class=\"gb-container-content\" style=\"max-width:700px\">\n<div class=\"wp-block-genesis-blocks-gb-container box_titre gb-block-container\"><div class=\"gb-container-inside\"><div class=\"gb-container-content\">\n<h5 class=\"titre_box\"><span>PLANIFIQUE<\/span> SU VIAJE A <span class=\"titre_box_manuscrit\">Gran Canaria<\/span><\/h5>\n<\/div><\/div><\/div>\n\n\n\n<hr class=\"wp-block-separator has-text-color has-alpha-channel-opacity has-background is-style-wide hr-box-planif\" style=\"background-color:#ccd3dd;color:#ccd3dd\"\/>\n\n\n\n<div class=\"wp-block-columns box_sans_border is-layout-flex wp-container-core-columns-is-layout-9d6595d7 wp-block-columns-is-layout-flex\">\n<div class=\"wp-block-column texte_planif is-layout-flow wp-block-column-is-layout-flow\" style=\"font-size:14px;flex-basis:60%\">\n<ul class=\"wp-block-list\">\n<li><strong>Lo mejor de<\/strong><\/li>\n<\/ul>\n\n\n\n<p class=\"ul_box\" style=\"font-size:14px\"><a href=\"https:\/\/canarias-lovers.com\/es\/que-ver-gran-canaria-visitar\/\" target=\"_blank\" rel=\"noreferrer noopener\">Qu\u00e9 ver en Gran Canaria<\/a><br\/><a href=\"https:\/\/canarias-lovers.com\/es\/mejores-paisajes-gran-canaria-fotos\/\" target=\"_blank\" rel=\"noreferrer noopener\">Paisajes m\u00e1s bellos<\/a><br\/><a href=\"https:\/\/canarias-lovers.com\/es\/mejores-ciudades-gran-canaria-pueblos\/\" target=\"_blank\" rel=\"noreferrer noopener\">Ciudades y pueblos m\u00e1s bonitos<\/a><br\/><a href=\"https:\/\/canarias-lovers.com\/es\/mejores-playas-gran-canaria\/\" target=\"_blank\" rel=\"noreferrer noopener\">Las playas m\u00e1s bellas<\/a><br\/><a href=\"https:\/\/canarias-lovers.com\/es\/piscinas-naturales-gran-canaria-lagunas\/\" target=\"_blank\" rel=\"noreferrer noopener\">Las mejores piscinas naturales<\/a><br\/><a href=\"https:\/\/canarias-lovers.com\/es\/yacimientos-arqueologicos-gran-canaria\/\" target=\"_blank\" rel=\"noreferrer noopener\">Yacimientos arqueol\u00f3gicos<\/a><br\/><a href=\"https:\/\/canarias-lovers.com\/es\/mejores-museos-gran-canaria\/\" target=\"_blank\" rel=\"noreferrer noopener\">Los mejores museos<\/a><br\/><a href=\"https:\/\/canarias-lovers.com\/es\/meilleures-excursions-bateau-gran-canaria-2\/\" target=\"_blank\" rel=\"noreferrer noopener\">Las mejores excursiones en barco<\/a><br\/><a href=\"https:\/\/canarias-lovers.com\/es\/lugares-secretos-gran-canaria\/\" target=\"_blank\" rel=\"noreferrer noopener\">Lugares secretos, fuera de los caminos trillados<\/a><\/p>\n<\/div>\n\n\n\n<div class=\"wp-block-column is-vertically-aligned-top planif-radius is-layout-flow wp-block-column-is-layout-flow\" style=\"flex-basis:40%\">\n<figure class=\"wp-block-image size-large img-portrait\"><img decoding=\"async\" src=\"https:\/\/photos.smugmug.com\/Canarias-Lovers\/Gran-Canaria\/Best-of\/i-8qV2fwm\/0\/98eb2a07\/S\/Roque-Nublo-S.jpg\" alt=\"Roque Nublo\" title=\"\"\/><\/figure>\n<\/div>\n<\/div>\n\n\n\n<hr class=\"wp-block-separator has-text-color has-alpha-channel-opacity has-background is-style-wide hr-box-planif\" style=\"background-color:#ccd3dd;color:#ccd3dd\"\/>\n\n\n\n<div class=\"wp-block-columns box_sans_border is-layout-flex wp-container-core-columns-is-layout-9d6595d7 wp-block-columns-is-layout-flex\">\n<div class=\"wp-block-column texte_planif is-layout-flow wp-block-column-is-layout-flow\" style=\"flex-basis:60%\">\n<ul class=\"wp-block-list\">\n<li><strong>Consejos pr\u00e1cticos<\/strong><\/li>\n<\/ul>\n\n\n\n<p style=\"font-size:14px\"><a href=\"https:\/\/canarias-lovers.com\/es\/guia-viaje-gran-canaria-consejos\/\" target=\"_blank\" rel=\"noreferrer noopener\">25 consejos para un viaje exitoso a Gran Canaria<\/a><br\/><a href=\"https:\/\/canarias-lovers.com\/es\/mejor-epoca-para-viajar-gran-canaria-tiempo\/\" target=\"_blank\" rel=\"noreferrer noopener\">\u00bfCu\u00e1ndo debe marcharse?<\/a><\/p>\n\n\n\n<p style=\"font-size:14px\"><a href=\"https:\/\/canarias-lovers.com\/es\/desplazarse-gran-canaria-transporte\/\" target=\"_blank\" rel=\"noreferrer noopener\">C\u00f3mo desplazarse<\/a><br\/><a href=\"https:\/\/canarias-lovers.com\/es\/como-alquilar-coche-gran-canaria-consejos-experiencas\/\" target=\"_blank\" rel=\"noreferrer noopener\">C\u00f3mo alquilar un coche en Gran Canaria<\/a><br\/><a href=\"https:\/\/canarias-lovers.com\/es\/conducir-gran-canaria-consejos\/\" target=\"_blank\" rel=\"noreferrer noopener\">Consejos de conducci\u00f3n<\/a><br\/><a href=\"https:\/\/canarias-lovers.com\/es\/meilleures-excursions-gran-canaria-2\/\" target=\"_blank\" rel=\"noreferrer noopener\">Las mejores excursiones<\/a><\/p>\n\n\n\n<p style=\"font-size:14px\">Itinerarios: 3 d\u00edas &#8211; 4 d\u00edas &#8211; <a href=\"https:\/\/canarias-lovers.com\/es\/visitar-5-dias-gran-canaria-itinerario\/\" target=\"_blank\" rel=\"noreferrer noopener\">5 d\u00edas<\/a> &#8211; <a href=\"https:\/\/canarias-lovers.com\/es\/visitar-6-dias-gran-canaria-itinerario\/\" target=\"_blank\" rel=\"noreferrer noopener\">6 d\u00edas<\/a> &#8211; <a href=\"https:\/\/canarias-lovers.com\/es\/visitar-gran-canaria-una-semana-itinerario\/\" target=\"_blank\" rel=\"noreferrer noopener\">7 d\u00edas<\/a> &#8211; <a href=\"https:\/\/canarias-lovers.com\/es\/visitar-10-dias-gran-canaria-itinerario\/\" target=\"_blank\" rel=\"noreferrer noopener\">10 d\u00edas<\/a><\/p>\n\n\n\n<p style=\"font-size:14px\"><a href=\"https:\/\/canarias-lovers.com\/es\/donde-alojarse-gran-canaria-mejores-destinos\/\" target=\"_blank\" rel=\"noreferrer noopener\">D\u00f3nde alojarse en Gran Canaria<\/a><\/p>\n<\/div>\n\n\n\n<div class=\"wp-block-column is-vertically-aligned-top planif-radius is-layout-flow wp-block-column-is-layout-flow\" style=\"flex-basis:40%\">\n<figure class=\"wp-block-image size-large img-portrait\"><img decoding=\"async\" src=\"https:\/\/photos.smugmug.com\/Canarias-Lovers\/Gran-Canaria\/Driving\/i-rqnNnCs\/1\/4b657343\/S\/gran-Canaria-rental-car-driving-3-S.jpg\" alt=\"Alquiler de coches Gran Canaria\" title=\"\"\/><\/figure>\n<\/div>\n<\/div>\n\n\n\n<hr class=\"wp-block-separator has-text-color has-alpha-channel-opacity has-background is-style-wide hr-box-planif\" style=\"background-color:#ccd3dd;color:#ccd3dd\"\/>\n\n\n\n<div class=\"wp-block-columns box_sans_border is-layout-flex wp-container-core-columns-is-layout-9d6595d7 wp-block-columns-is-layout-flex\">\n<div class=\"wp-block-column texte_planif is-layout-flow wp-block-column-is-layout-flow\" style=\"flex-basis:60%\">\n<ul class=\"wp-block-list\">\n<li><strong>Lo imprescindible<\/strong><\/li>\n<\/ul>\n\n\n\n<p style=\"font-size:14px\"><a href=\"https:\/\/canarias-lovers.com\/es\/que-ver-las-palmas-gran-canaria-visitar\/\" target=\"_blank\" rel=\"noreferrer noopener\">Las Palmas y su centro hist\u00f3rico<\/a><br\/><a href=\"https:\/\/canarias-lovers.com\/es\/ver-delfines-gran-canaria-ballenas\/\" target=\"_blank\" rel=\"noreferrer noopener\">Avistamiento de delfines en Gran Canaria<\/a><br\/><a href=\"https:\/\/canarias-lovers.com\/es\/dunes-maspalomas-gran-canaria-2\/\" target=\"_blank\" rel=\"noreferrer noopener\">Dunas de Maspalomas<\/a><br\/><a href=\"https:\/\/canarias-lovers.com\/es\/que-ver-puerto-mogan-visitar\/\" target=\"_blank\" rel=\"noreferrer noopener\">Puerto de Mog\u00e1n (Peque\u00f1a Venecia)<\/a><br\/><a href=\"https:\/\/canarias-lovers.com\/es\/que-ver-agaete-visitar\/\" target=\"_blank\" rel=\"noreferrer noopener\">Agaete y sus piscinas naturales<\/a><br\/><a href=\"https:\/\/canarias-lovers.com\/es\/que-ver-aguimes-grancanaria-visitar\/\" target=\"_blank\" rel=\"noreferrer noopener\">La magn\u00edfica ciudad de Ag\u00fcimes<\/a><br\/><\/p>\n<\/div>\n\n\n\n<div class=\"wp-block-column is-vertically-aligned-top planif-radius is-layout-flow wp-block-column-is-layout-flow\" style=\"flex-basis:40%\">\n<figure class=\"wp-block-image size-large img-portrait\"><img decoding=\"async\" src=\"https:\/\/photos.smugmug.com\/Canarias-Lovers\/Gran-Canaria\/Best-of\/i-wqpn8vC\/0\/85607396\/S\/Gran-Canaria-dolphins-S.jpg\" alt=\"Delf&#xED;n en Gran Canaria\" title=\"\"\/><\/figure>\n<\/div>\n<\/div>\n\n\n\n<div style=\"height:30px\" aria-hidden=\"true\" class=\"wp-block-spacer\"><\/div>\n<\/div><\/div><\/div>\n\n<div class=\"wp-block-genesis-blocks-gb-container box_auteur_voyage gb-block-container\"><div class=\"gb-container-inside\"><div class=\"gb-container-content\">\n<figure class=\"wp-block-image size-large img_auteur_voyage img_provisoire\"><a href=\"https:\/\/canarias-lovers.com\/es\/claire-robinson\/\" target=\"_blank\" rel=\"noreferrer noopener\"><img decoding=\"async\" src=\"https:\/\/photos.smugmug.com\/Region-Lovers\/Equipe\/i-nsNF6C6\/0\/Cs2F5n96pkt9xFD9D3SVqmQspMhrKgN75nHgBqmjG\/L\/Claire-L.png\" alt=\"\"\/><\/a><\/figure>\n\n\n\n<h5 class=\"titre_auteur_voyage\"><span>HIZO EL VIAJE <\/span><span class=\"titre_box_manuscrit\">Claire<\/span><\/h5>\n<\/div><\/div><\/div>\n\n<div class=\"wp-block-genesis-blocks-gb-container box_auteur_voyage gb-block-container\"><div class=\"gb-container-inside\"><div class=\"gb-container-content\">\n<figure class=\"wp-block-image size-large img_auteur_voyage img_provisoire img_severine\"><a href=\"https:\/\/canarias-lovers.com\/es\/severine-harzo\/\" target=\"_blank\" rel=\"noreferrer noopener\"><img decoding=\"async\" src=\"https:\/\/photos.smugmug.com\/Region-Lovers\/Equipe\/i-gFtV6Dq\/0\/C6RSrhKpdND9MjrwpgnJSBdMhs3jLBgbGtBgdHX2x\/L\/severine-2-L.jpg\" alt=\"\" style=\"object-fit:cover\"\/><\/a><\/figure>\n\n\n\n<h5 class=\"titre_auteur_voyage\"><span>ESCRIBI\u00d3 EL ART\u00cdCULO \n <\/span><span class=\"titre_box_manuscrit\">S\u00e8verine<\/span><\/h5>\n<\/div><\/div><\/div>\n","protected":false},"excerpt":{"rendered":"<p>Si est\u00e1 planeando un viaje a Gran Canaria, le sugerimos que haga una parada en Las Palmas para visitar la catedral de Santa Ana. En el coraz\u00f3n del casco antiguo, este monumento del siglo XVI es una visita obligada para los amantes delarte sacro. Al igual que nosotros, podr\u00e1 admirar su austera fachada, su b\u00f3veda [&hellip;]<\/p>\n","protected":false},"author":6,"featured_media":1267,"comment_status":"closed","ping_status":"closed","sticky":false,"template":"","format":"standard","meta":{"_genesis_hide_title":false,"_genesis_hide_breadcrumbs":false,"_genesis_hide_singular_image":false,"_genesis_hide_footer_widgets":false,"_genesis_custom_body_class":"","_genesis_custom_post_class":"","_genesis_layout":"","footnotes":""},"categories":[45,6],"tags":[],"class_list":{"0":"post-1295","1":"post","2":"type-post","3":"status-publish","4":"format-standard","5":"has-post-thumbnail","7":"category-gran-canaria-es","8":"category-sin-categorizar","9":"entry"},"yoast_head":"<!-- This site is optimized with the Yoast SEO plugin v27.2 - https:\/\/yoast.com\/product\/yoast-seo-wordpress\/ -->\n<title>Catedral de Santa Ana (Las Palmas): visita + fotos<\/title>\n<meta name=\"description\" content=\"Nuestros consejos y fotos para visitar la Catedral de Santa Ana en Las Palmas, Gran Canaria: acceso, lugares de inter\u00e9s, informaci\u00f3n pr\u00e1ctica\" \/>\n<meta name=\"robots\" content=\"index, follow, max-snippet:-1, max-image-preview:large, max-video-preview:-1\" \/>\n<link rel=\"canonical\" href=\"https:\/\/canarias-lovers.com\/es\/visitar-catedral-santa-ana-las-palmas-gran-canaria\/\" \/>\n<meta property=\"og:locale\" content=\"es_ES\" \/>\n<meta property=\"og:type\" content=\"article\" \/>\n<meta property=\"og:title\" content=\"Catedral de Santa Ana (Las Palmas): visita + fotos\" \/>\n<meta property=\"og:description\" content=\"Nuestros consejos y fotos para visitar la Catedral de Santa Ana en Las Palmas, Gran Canaria: acceso, lugares de inter\u00e9s, informaci\u00f3n pr\u00e1ctica\" \/>\n<meta property=\"og:url\" content=\"https:\/\/canarias-lovers.com\/es\/visitar-catedral-santa-ana-las-palmas-gran-canaria\/\" \/>\n<meta property=\"og:site_name\" content=\"Canarias Lovers: Tenerife + Gran Canaria\" \/>\n<meta property=\"article:published_time\" content=\"2024-06-19T16:19:04+00:00\" \/>\n<meta property=\"article:modified_time\" content=\"2024-06-20T11:44:44+00:00\" \/>\n<meta property=\"og:image\" content=\"https:\/\/canarias-lovers.com\/wp-content\/uploads\/2024\/06\/visiter-cathedrale-santa-ana-las-palmas-7.jpg\" \/>\n\t<meta property=\"og:image:width\" content=\"800\" \/>\n\t<meta property=\"og:image:height\" content=\"600\" \/>\n\t<meta property=\"og:image:type\" content=\"image\/jpeg\" \/>\n<meta name=\"author\" content=\"S\u00e8verine\" \/>\n<meta name=\"twitter:card\" content=\"summary_large_image\" \/>\n<meta name=\"twitter:label1\" content=\"Escrito por\" \/>\n\t<meta name=\"twitter:data1\" content=\"S\u00e8verine\" \/>\n\t<meta name=\"twitter:label2\" content=\"Tiempo de lectura\" \/>\n\t<meta name=\"twitter:data2\" content=\"13 minutos\" \/>\n<script type=\"application\/ld+json\" class=\"yoast-schema-graph\">{\"@context\":\"https:\/\/schema.org\",\"@graph\":[{\"@type\":\"Article\",\"@id\":\"https:\/\/canarias-lovers.com\/es\/visitar-catedral-santa-ana-las-palmas-gran-canaria\/#article\",\"isPartOf\":{\"@id\":\"https:\/\/canarias-lovers.com\/es\/visitar-catedral-santa-ana-las-palmas-gran-canaria\/\"},\"author\":{\"name\":\"S\u00e8verine\",\"@id\":\"https:\/\/canarias-lovers.com\/es\/#\/schema\/person\/9332388f4e589358490482beed472444\"},\"headline\":\"Catedral de Santa Ana (Las Palmas): visita + fotos\",\"datePublished\":\"2024-06-19T16:19:04+00:00\",\"dateModified\":\"2024-06-20T11:44:44+00:00\",\"mainEntityOfPage\":{\"@id\":\"https:\/\/canarias-lovers.com\/es\/visitar-catedral-santa-ana-las-palmas-gran-canaria\/\"},\"wordCount\":2607,\"publisher\":{\"@id\":\"https:\/\/canarias-lovers.com\/es\/#organization\"},\"image\":{\"@id\":\"https:\/\/canarias-lovers.com\/es\/visitar-catedral-santa-ana-las-palmas-gran-canaria\/#primaryimage\"},\"thumbnailUrl\":\"https:\/\/canarias-lovers.com\/wp-content\/uploads\/2024\/06\/visiter-cathedrale-santa-ana-las-palmas-7.jpg\",\"articleSection\":[\"Gran Canaria\",\"Sin categorizar\"],\"inLanguage\":\"es\"},{\"@type\":\"WebPage\",\"@id\":\"https:\/\/canarias-lovers.com\/es\/visitar-catedral-santa-ana-las-palmas-gran-canaria\/\",\"url\":\"https:\/\/canarias-lovers.com\/es\/visitar-catedral-santa-ana-las-palmas-gran-canaria\/\",\"name\":\"Catedral de Santa Ana (Las Palmas): visita + fotos\",\"isPartOf\":{\"@id\":\"https:\/\/canarias-lovers.com\/es\/#website\"},\"primaryImageOfPage\":{\"@id\":\"https:\/\/canarias-lovers.com\/es\/visitar-catedral-santa-ana-las-palmas-gran-canaria\/#primaryimage\"},\"image\":{\"@id\":\"https:\/\/canarias-lovers.com\/es\/visitar-catedral-santa-ana-las-palmas-gran-canaria\/#primaryimage\"},\"thumbnailUrl\":\"https:\/\/canarias-lovers.com\/wp-content\/uploads\/2024\/06\/visiter-cathedrale-santa-ana-las-palmas-7.jpg\",\"datePublished\":\"2024-06-19T16:19:04+00:00\",\"dateModified\":\"2024-06-20T11:44:44+00:00\",\"description\":\"Nuestros consejos y fotos para visitar la Catedral de Santa Ana en Las Palmas, Gran Canaria: acceso, lugares de inter\u00e9s, informaci\u00f3n pr\u00e1ctica\",\"breadcrumb\":{\"@id\":\"https:\/\/canarias-lovers.com\/es\/visitar-catedral-santa-ana-las-palmas-gran-canaria\/#breadcrumb\"},\"inLanguage\":\"es\",\"potentialAction\":[{\"@type\":\"ReadAction\",\"target\":[\"https:\/\/canarias-lovers.com\/es\/visitar-catedral-santa-ana-las-palmas-gran-canaria\/\"]}]},{\"@type\":\"ImageObject\",\"inLanguage\":\"es\",\"@id\":\"https:\/\/canarias-lovers.com\/es\/visitar-catedral-santa-ana-las-palmas-gran-canaria\/#primaryimage\",\"url\":\"https:\/\/canarias-lovers.com\/wp-content\/uploads\/2024\/06\/visiter-cathedrale-santa-ana-las-palmas-7.jpg\",\"contentUrl\":\"https:\/\/canarias-lovers.com\/wp-content\/uploads\/2024\/06\/visiter-cathedrale-santa-ana-las-palmas-7.jpg\",\"width\":800,\"height\":600,\"caption\":\"Descubra la Catedral de Santa Ana de Las Palmas en este art\u00edculo.\"},{\"@type\":\"BreadcrumbList\",\"@id\":\"https:\/\/canarias-lovers.com\/es\/visitar-catedral-santa-ana-las-palmas-gran-canaria\/#breadcrumb\",\"itemListElement\":[{\"@type\":\"ListItem\",\"position\":1,\"name\":\"Accueil\",\"item\":\"https:\/\/canarias-lovers.com\/es\/\"},{\"@type\":\"ListItem\",\"position\":2,\"name\":\"Gran Canaria\",\"item\":\"https:\/\/canarias-lovers.com\/es\/gran-canaria-es\/\"},{\"@type\":\"ListItem\",\"position\":3,\"name\":\"Catedral de Santa Ana (Las Palmas): visita + fotos\"}]},{\"@type\":\"WebSite\",\"@id\":\"https:\/\/canarias-lovers.com\/es\/#website\",\"url\":\"https:\/\/canarias-lovers.com\/es\/\",\"name\":\"Canarias Lovers: Tenerife + Gran Canaria\",\"description\":\"El blog de Claire y Manu\",\"publisher\":{\"@id\":\"https:\/\/canarias-lovers.com\/es\/#organization\"},\"potentialAction\":[{\"@type\":\"SearchAction\",\"target\":{\"@type\":\"EntryPoint\",\"urlTemplate\":\"https:\/\/canarias-lovers.com\/es\/?s={search_term_string}\"},\"query-input\":{\"@type\":\"PropertyValueSpecification\",\"valueRequired\":true,\"valueName\":\"search_term_string\"}}],\"inLanguage\":\"es\"},{\"@type\":\"Organization\",\"@id\":\"https:\/\/canarias-lovers.com\/es\/#organization\",\"name\":\"Canarias Lovers: Tenerife + Gran Canaria\",\"url\":\"https:\/\/canarias-lovers.com\/es\/\",\"logo\":{\"@type\":\"ImageObject\",\"inLanguage\":\"es\",\"@id\":\"https:\/\/canarias-lovers.com\/es\/#\/schema\/logo\/image\/\",\"url\":\"https:\/\/canarias-lovers.com\/wp-content\/uploads\/2024\/05\/cropped-Canarias-Lovers-Logo.png\",\"contentUrl\":\"https:\/\/canarias-lovers.com\/wp-content\/uploads\/2024\/05\/cropped-Canarias-Lovers-Logo.png\",\"width\":2635,\"height\":595,\"caption\":\"Canarias Lovers: Tenerife + Gran Canaria\"},\"image\":{\"@id\":\"https:\/\/canarias-lovers.com\/es\/#\/schema\/logo\/image\/\"}},{\"@type\":\"Person\",\"@id\":\"https:\/\/canarias-lovers.com\/es\/#\/schema\/person\/9332388f4e589358490482beed472444\",\"name\":\"S\u00e8verine\",\"image\":{\"@type\":\"ImageObject\",\"inLanguage\":\"es\",\"@id\":\"https:\/\/secure.gravatar.com\/avatar\/6d0d7a36298d05d1ff1079e571d7d76b1f551a3865fc37447d2c3ac79eadf069?s=96&d=mm&r=g\",\"url\":\"https:\/\/secure.gravatar.com\/avatar\/6d0d7a36298d05d1ff1079e571d7d76b1f551a3865fc37447d2c3ac79eadf069?s=96&d=mm&r=g\",\"contentUrl\":\"https:\/\/secure.gravatar.com\/avatar\/6d0d7a36298d05d1ff1079e571d7d76b1f551a3865fc37447d2c3ac79eadf069?s=96&d=mm&r=g\",\"caption\":\"S\u00e8verine\"},\"sameAs\":[\"https:\/\/canarias-lovers.com\/severine-harzo\/\"],\"url\":\"https:\/\/canarias-lovers.com\/es\/author\/severine\/\"}]}<\/script>\n<!-- \/ Yoast SEO plugin. -->","yoast_head_json":{"title":"Catedral de Santa Ana (Las Palmas): visita + fotos","description":"Nuestros consejos y fotos para visitar la Catedral de Santa Ana en Las Palmas, Gran Canaria: acceso, lugares de inter\u00e9s, informaci\u00f3n pr\u00e1ctica","robots":{"index":"index","follow":"follow","max-snippet":"max-snippet:-1","max-image-preview":"max-image-preview:large","max-video-preview":"max-video-preview:-1"},"canonical":"https:\/\/canarias-lovers.com\/es\/visitar-catedral-santa-ana-las-palmas-gran-canaria\/","og_locale":"es_ES","og_type":"article","og_title":"Catedral de Santa Ana (Las Palmas): visita + fotos","og_description":"Nuestros consejos y fotos para visitar la Catedral de Santa Ana en Las Palmas, Gran Canaria: acceso, lugares de inter\u00e9s, informaci\u00f3n pr\u00e1ctica","og_url":"https:\/\/canarias-lovers.com\/es\/visitar-catedral-santa-ana-las-palmas-gran-canaria\/","og_site_name":"Canarias Lovers: Tenerife + Gran Canaria","article_published_time":"2024-06-19T16:19:04+00:00","article_modified_time":"2024-06-20T11:44:44+00:00","og_image":[{"width":800,"height":600,"url":"https:\/\/canarias-lovers.com\/wp-content\/uploads\/2024\/06\/visiter-cathedrale-santa-ana-las-palmas-7.jpg","type":"image\/jpeg"}],"author":"S\u00e8verine","twitter_card":"summary_large_image","twitter_misc":{"Escrito por":"S\u00e8verine","Tiempo de lectura":"13 minutos"},"schema":{"@context":"https:\/\/schema.org","@graph":[{"@type":"Article","@id":"https:\/\/canarias-lovers.com\/es\/visitar-catedral-santa-ana-las-palmas-gran-canaria\/#article","isPartOf":{"@id":"https:\/\/canarias-lovers.com\/es\/visitar-catedral-santa-ana-las-palmas-gran-canaria\/"},"author":{"name":"S\u00e8verine","@id":"https:\/\/canarias-lovers.com\/es\/#\/schema\/person\/9332388f4e589358490482beed472444"},"headline":"Catedral de Santa Ana (Las Palmas): visita + fotos","datePublished":"2024-06-19T16:19:04+00:00","dateModified":"2024-06-20T11:44:44+00:00","mainEntityOfPage":{"@id":"https:\/\/canarias-lovers.com\/es\/visitar-catedral-santa-ana-las-palmas-gran-canaria\/"},"wordCount":2607,"publisher":{"@id":"https:\/\/canarias-lovers.com\/es\/#organization"},"image":{"@id":"https:\/\/canarias-lovers.com\/es\/visitar-catedral-santa-ana-las-palmas-gran-canaria\/#primaryimage"},"thumbnailUrl":"https:\/\/canarias-lovers.com\/wp-content\/uploads\/2024\/06\/visiter-cathedrale-santa-ana-las-palmas-7.jpg","articleSection":["Gran Canaria","Sin categorizar"],"inLanguage":"es"},{"@type":"WebPage","@id":"https:\/\/canarias-lovers.com\/es\/visitar-catedral-santa-ana-las-palmas-gran-canaria\/","url":"https:\/\/canarias-lovers.com\/es\/visitar-catedral-santa-ana-las-palmas-gran-canaria\/","name":"Catedral de Santa Ana (Las Palmas): visita + fotos","isPartOf":{"@id":"https:\/\/canarias-lovers.com\/es\/#website"},"primaryImageOfPage":{"@id":"https:\/\/canarias-lovers.com\/es\/visitar-catedral-santa-ana-las-palmas-gran-canaria\/#primaryimage"},"image":{"@id":"https:\/\/canarias-lovers.com\/es\/visitar-catedral-santa-ana-las-palmas-gran-canaria\/#primaryimage"},"thumbnailUrl":"https:\/\/canarias-lovers.com\/wp-content\/uploads\/2024\/06\/visiter-cathedrale-santa-ana-las-palmas-7.jpg","datePublished":"2024-06-19T16:19:04+00:00","dateModified":"2024-06-20T11:44:44+00:00","description":"Nuestros consejos y fotos para visitar la Catedral de Santa Ana en Las Palmas, Gran Canaria: acceso, lugares de inter\u00e9s, informaci\u00f3n pr\u00e1ctica","breadcrumb":{"@id":"https:\/\/canarias-lovers.com\/es\/visitar-catedral-santa-ana-las-palmas-gran-canaria\/#breadcrumb"},"inLanguage":"es","potentialAction":[{"@type":"ReadAction","target":["https:\/\/canarias-lovers.com\/es\/visitar-catedral-santa-ana-las-palmas-gran-canaria\/"]}]},{"@type":"ImageObject","inLanguage":"es","@id":"https:\/\/canarias-lovers.com\/es\/visitar-catedral-santa-ana-las-palmas-gran-canaria\/#primaryimage","url":"https:\/\/canarias-lovers.com\/wp-content\/uploads\/2024\/06\/visiter-cathedrale-santa-ana-las-palmas-7.jpg","contentUrl":"https:\/\/canarias-lovers.com\/wp-content\/uploads\/2024\/06\/visiter-cathedrale-santa-ana-las-palmas-7.jpg","width":800,"height":600,"caption":"Descubra la Catedral de Santa Ana de Las Palmas en este art\u00edculo."},{"@type":"BreadcrumbList","@id":"https:\/\/canarias-lovers.com\/es\/visitar-catedral-santa-ana-las-palmas-gran-canaria\/#breadcrumb","itemListElement":[{"@type":"ListItem","position":1,"name":"Accueil","item":"https:\/\/canarias-lovers.com\/es\/"},{"@type":"ListItem","position":2,"name":"Gran Canaria","item":"https:\/\/canarias-lovers.com\/es\/gran-canaria-es\/"},{"@type":"ListItem","position":3,"name":"Catedral de Santa Ana (Las Palmas): visita + fotos"}]},{"@type":"WebSite","@id":"https:\/\/canarias-lovers.com\/es\/#website","url":"https:\/\/canarias-lovers.com\/es\/","name":"Canarias Lovers: Tenerife + Gran Canaria","description":"El blog de Claire y Manu","publisher":{"@id":"https:\/\/canarias-lovers.com\/es\/#organization"},"potentialAction":[{"@type":"SearchAction","target":{"@type":"EntryPoint","urlTemplate":"https:\/\/canarias-lovers.com\/es\/?s={search_term_string}"},"query-input":{"@type":"PropertyValueSpecification","valueRequired":true,"valueName":"search_term_string"}}],"inLanguage":"es"},{"@type":"Organization","@id":"https:\/\/canarias-lovers.com\/es\/#organization","name":"Canarias Lovers: Tenerife + Gran Canaria","url":"https:\/\/canarias-lovers.com\/es\/","logo":{"@type":"ImageObject","inLanguage":"es","@id":"https:\/\/canarias-lovers.com\/es\/#\/schema\/logo\/image\/","url":"https:\/\/canarias-lovers.com\/wp-content\/uploads\/2024\/05\/cropped-Canarias-Lovers-Logo.png","contentUrl":"https:\/\/canarias-lovers.com\/wp-content\/uploads\/2024\/05\/cropped-Canarias-Lovers-Logo.png","width":2635,"height":595,"caption":"Canarias Lovers: Tenerife + Gran Canaria"},"image":{"@id":"https:\/\/canarias-lovers.com\/es\/#\/schema\/logo\/image\/"}},{"@type":"Person","@id":"https:\/\/canarias-lovers.com\/es\/#\/schema\/person\/9332388f4e589358490482beed472444","name":"S\u00e8verine","image":{"@type":"ImageObject","inLanguage":"es","@id":"https:\/\/secure.gravatar.com\/avatar\/6d0d7a36298d05d1ff1079e571d7d76b1f551a3865fc37447d2c3ac79eadf069?s=96&d=mm&r=g","url":"https:\/\/secure.gravatar.com\/avatar\/6d0d7a36298d05d1ff1079e571d7d76b1f551a3865fc37447d2c3ac79eadf069?s=96&d=mm&r=g","contentUrl":"https:\/\/secure.gravatar.com\/avatar\/6d0d7a36298d05d1ff1079e571d7d76b1f551a3865fc37447d2c3ac79eadf069?s=96&d=mm&r=g","caption":"S\u00e8verine"},"sameAs":["https:\/\/canarias-lovers.com\/severine-harzo\/"],"url":"https:\/\/canarias-lovers.com\/es\/author\/severine\/"}]}},"featured_image_src":"https:\/\/canarias-lovers.com\/wp-content\/uploads\/2024\/06\/visiter-cathedrale-santa-ana-las-palmas-7-600x400.jpg","featured_image_src_square":"https:\/\/canarias-lovers.com\/wp-content\/uploads\/2024\/06\/visiter-cathedrale-santa-ana-las-palmas-7-600x600.jpg","author_info":{"display_name":"S\u00e8verine","author_link":"https:\/\/canarias-lovers.com\/es\/author\/severine\/"},"_links":{"self":[{"href":"https:\/\/canarias-lovers.com\/es\/wp-json\/wp\/v2\/posts\/1295","targetHints":{"allow":["GET"]}}],"collection":[{"href":"https:\/\/canarias-lovers.com\/es\/wp-json\/wp\/v2\/posts"}],"about":[{"href":"https:\/\/canarias-lovers.com\/es\/wp-json\/wp\/v2\/types\/post"}],"author":[{"embeddable":true,"href":"https:\/\/canarias-lovers.com\/es\/wp-json\/wp\/v2\/users\/6"}],"replies":[{"embeddable":true,"href":"https:\/\/canarias-lovers.com\/es\/wp-json\/wp\/v2\/comments?post=1295"}],"version-history":[{"count":0,"href":"https:\/\/canarias-lovers.com\/es\/wp-json\/wp\/v2\/posts\/1295\/revisions"}],"wp:featuredmedia":[{"embeddable":true,"href":"https:\/\/canarias-lovers.com\/es\/wp-json\/wp\/v2\/media\/1267"}],"wp:attachment":[{"href":"https:\/\/canarias-lovers.com\/es\/wp-json\/wp\/v2\/media?parent=1295"}],"wp:term":[{"taxonomy":"category","embeddable":true,"href":"https:\/\/canarias-lovers.com\/es\/wp-json\/wp\/v2\/categories?post=1295"},{"taxonomy":"post_tag","embeddable":true,"href":"https:\/\/canarias-lovers.com\/es\/wp-json\/wp\/v2\/tags?post=1295"}],"curies":[{"name":"wp","href":"https:\/\/api.w.org\/{rel}","templated":true}]}}