{"id":1258,"date":"2024-06-13T12:07:58","date_gmt":"2024-06-13T12:07:58","guid":{"rendered":"https:\/\/canarias-lovers.com\/que-faire-las-palmas-gran-canaria-visiter\/"},"modified":"2024-06-13T18:17:23","modified_gmt":"2024-06-13T18:17:23","slug":"que-ver-las-palmas-gran-canaria-visitar","status":"publish","type":"post","link":"https:\/\/canarias-lovers.com\/es\/que-ver-las-palmas-gran-canaria-visitar\/","title":{"rendered":"Qu\u00e9 ver en Las Palmas (Gran Canaria): 12 imprescindibles"},"content":{"rendered":"\n<p>\u00bfEst\u00e1 planeando un viaje a las Islas Canarias? Las Palmas, la capital de Gran Canaria, fue una de nuestras favoritas. Aut\u00e9ntica pero moderna, la ciudad alberga joyas arquitect\u00f3nicas como la catedral y la famosa Casa de Col\u00f3n. Su vida cultural es vibrante y radiante. \u00bfSab\u00eda que la capital de la isla tambi\u00e9n celebra su propio carnaval en enero y febrero? Encrucijada multicultural a pocos kil\u00f3metros de \u00c1frica, no cabe duda de que su rico patrimonio hist\u00f3rico, sus actividades en la naturaleza, sus largas playas de arena y su excelente gastronom\u00eda le fascinar\u00e1n.<br\/>En este art\u00edculo, compartimos con usted nuestras <strong>mejores ideas de cosas que ver en Las Palmas<\/strong>, algunos consejos ilustrados para organizar su visita y un mapa que le ayudar\u00e1 a orientarse.<\/p>\n\n<figure class=\"wp-block-image size-large\"><img decoding=\"async\" src=\"https:\/\/canarias-lovers.com\/wp-content\/uploads\/2024\/06\/que-ver-las-palmas-gran-canaria-hacer-visitar-1024x768.jpg\" alt=\"&#xA1;Descubra nuestra selecci&#xF3;n de las mejores atracciones de Las Palmas (Gran Canaria) + todos nuestros consejos y fotos para visitar la capital!\" class=\"wp-image-1243\"\/><\/figure>\n\n<p>Se trata de una opini\u00f3n totalmente <strong>independiente<\/strong> basada en nuestras experiencias. Visitamos la regi\u00f3n de forma an\u00f3nima, tomando nuestras propias decisiones y pagando \u00edntegramente nuestras facturas.<\/p>\n\n<div style=\"padding-left:5%\" class=\"wp-block-genesis-blocks-gb-container box gb-block-container\"><div class=\"gb-container-inside\"><div class=\"gb-container-content\">\n<p class=\"titre_box_manuscrit\">Contenido<\/p>\n\n\n<div id=\"ez-toc-container\" class=\"ez-toc-v2_0_82_2 counter-hierarchy ez-toc-counter ez-toc-custom ez-toc-container-direction\">\n<div class=\"ez-toc-title-container\">\n<span class=\"ez-toc-title-toggle\"><\/span><\/div>\n<nav><ul class='ez-toc-list ez-toc-list-level-1 ' ><li class='ez-toc-page-1 ez-toc-heading-level-2'><a class=\"ez-toc-link ez-toc-heading-1\" href=\"https:\/\/canarias-lovers.com\/es\/que-ver-las-palmas-gran-canaria-visitar\/#1_Pasee_por_el_casco_historico_de_Vegueta\" >1. Pasee por el casco hist\u00f3rico de Vegueta<\/a><\/li><li class='ez-toc-page-1 ez-toc-heading-level-2'><a class=\"ez-toc-link ez-toc-heading-2\" href=\"https:\/\/canarias-lovers.com\/es\/que-ver-las-palmas-gran-canaria-visitar\/#2_Maravillese_con_la_Catedral_de_Santa_Ana_y_su_torre\" >2. Marav\u00edllese con la Catedral de Santa Ana y su torre<\/a><\/li><li class='ez-toc-page-1 ez-toc-heading-level-2'><a class=\"ez-toc-link ez-toc-heading-3\" href=\"https:\/\/canarias-lovers.com\/es\/que-ver-las-palmas-gran-canaria-visitar\/#3_Retroceda_en_el_tiempo_en_la_Casa_de_Colon\" >3. Retroceda en el tiempo en la Casa de Col\u00f3n<\/a><\/li><li class='ez-toc-page-1 ez-toc-heading-level-2'><a class=\"ez-toc-link ez-toc-heading-4\" href=\"https:\/\/canarias-lovers.com\/es\/que-ver-las-palmas-gran-canaria-visitar\/#4_Paseo_por_el_paseo_maritimo_de_Sendero_Azul\" >4. Paseo por el paseo mar\u00edtimo de Sendero Azul<\/a><\/li><li class='ez-toc-page-1 ez-toc-heading-level-2'><a class=\"ez-toc-link ez-toc-heading-5\" href=\"https:\/\/canarias-lovers.com\/es\/que-ver-las-palmas-gran-canaria-visitar\/#5_Visite_el_Acuario_Poema_del_Mar\" >5. Visite el Acuario Poema del Mar<\/a><\/li><li class='ez-toc-page-1 ez-toc-heading-level-2'><a class=\"ez-toc-link ez-toc-heading-6\" href=\"https:\/\/canarias-lovers.com\/es\/que-ver-las-palmas-gran-canaria-visitar\/#6_Tomar_el_sol_en_la_Playa_de_Las_Canteras\" >6. Tomar el sol en la Playa de Las Canteras<\/a><\/li><li class='ez-toc-page-1 ez-toc-heading-level-2'><a class=\"ez-toc-link ez-toc-heading-7\" href=\"https:\/\/canarias-lovers.com\/es\/que-ver-las-palmas-gran-canaria-visitar\/#7_Conozca_la_historia_de_Canarias_en_el_Museo_Canario\" >7. Conozca la historia de Canarias en el Museo Canario<\/a><\/li><li class='ez-toc-page-1 ez-toc-heading-level-2'><a class=\"ez-toc-link ez-toc-heading-8\" href=\"https:\/\/canarias-lovers.com\/es\/que-ver-las-palmas-gran-canaria-visitar\/#8_Visite_el_Centro_Atlantico_de_Arte_Moderno_CAAM\" >8. Visite el Centro Atl\u00e1ntico de Arte Moderno (CAAM)<\/a><\/li><li class='ez-toc-page-1 ez-toc-heading-level-2'><a class=\"ez-toc-link ez-toc-heading-9\" href=\"https:\/\/canarias-lovers.com\/es\/que-ver-las-palmas-gran-canaria-visitar\/#9_De_compras_bajo_los_arcos_del_Mercado_del_Puerto\" >9. De compras bajo los arcos del Mercado del Puerto<\/a><\/li><li class='ez-toc-page-1 ez-toc-heading-level-2'><a class=\"ez-toc-link ez-toc-heading-10\" href=\"https:\/\/canarias-lovers.com\/es\/que-ver-las-palmas-gran-canaria-visitar\/#10_Descubra_el_Castillo_de_la_Luz\" >10. Descubra el Castillo de la Luz<\/a><\/li><li class='ez-toc-page-1 ez-toc-heading-level-2'><a class=\"ez-toc-link ez-toc-heading-11\" href=\"https:\/\/canarias-lovers.com\/es\/que-ver-las-palmas-gran-canaria-visitar\/#11_Explore_el_Museo_Diocesano_de_Arte_Sacro\" >11. Explore el Museo Diocesano de Arte Sacro<\/a><\/li><li class='ez-toc-page-1 ez-toc-heading-level-2'><a class=\"ez-toc-link ez-toc-heading-12\" href=\"https:\/\/canarias-lovers.com\/es\/que-ver-las-palmas-gran-canaria-visitar\/#12_En_busca_del_emblema_de_Las_Palmas\" >12. En busca del emblema de Las Palmas<\/a><\/li><li class='ez-toc-page-1 ez-toc-heading-level-2'><a class=\"ez-toc-link ez-toc-heading-13\" href=\"https:\/\/canarias-lovers.com\/es\/que-ver-las-palmas-gran-canaria-visitar\/#Que_ver_en_Las_Palmas_otras_ideas\" >Qu\u00e9 ver en Las Palmas: otras ideas<\/a><\/li><li class='ez-toc-page-1 ez-toc-heading-level-2'><a class=\"ez-toc-link ez-toc-heading-14\" href=\"https:\/\/canarias-lovers.com\/es\/que-ver-las-palmas-gran-canaria-visitar\/#Excursiones_por_Las_Palmas\" >Excursiones por Las Palmas<\/a><\/li><li class='ez-toc-page-1 ez-toc-heading-level-2'><a class=\"ez-toc-link ez-toc-heading-15\" href=\"https:\/\/canarias-lovers.com\/es\/que-ver-las-palmas-gran-canaria-visitar\/#Consejos_utiles_para_visitar_Las_Palmas\" >Consejos \u00fatiles para visitar Las Palmas<\/a><\/li><\/ul><\/nav><\/div>\n\n<\/div><\/div><\/div>\n\n<h2 class=\"wp-block-heading\"><span class=\"ez-toc-section\" id=\"1_Pasee_por_el_casco_historico_de_Vegueta\"><\/span>1. Pasee por el casco hist\u00f3rico de Vegueta<span class=\"ez-toc-section-end\"><\/span><\/h2>\n\n<figure class=\"wp-block-image size-large\"><img decoding=\"async\" src=\"https:\/\/photos.smugmug.com\/Canarias-Lovers\/Gran-Canaria\/Las-Palmas\/Old-town\/i-K7LrJvH\/0\/QqsB3djk4r53q9rhcLVvj2B7vGw5RVX4cWk47QJS\/L\/las-palmas-gran-canaria-L.jpg\" alt=\"Barrio de Vegueta\"\/><\/figure>\n\n<h3 class=\"wp-block-heading\">\u00bfPor qu\u00e9 visitarlo?<\/h3>\n\n<p>\u00bfSab\u00eda que el barrio de Vegueta (o Veguet), en el sur de Las Palmas, es el coraz\u00f3n hist\u00f3rico de la capital? Este centro urbano del siglo XV alberga varios monumentos, entre ellos la Catedral de Canarias y la Casa de Col\u00f3n. Nos encant\u00f3 pasear por las estrechas calles con sus coloridos edificios, llenos de historia y casas coloniales. Aqu\u00ed podr\u00e1 sentir el alma de Las Palmas y disfrutar de la rica cultura de la ciudad. De hecho, \u00a1hemos incluido este m\u00edtico barrio en <a href=\"https:\/\/canarias-lovers.com\/es\/que-ver-gran-canaria-visitar\/#15_Visiter_le_centre_historique_de_Las_Palmas\" target=\"_blank\" rel=\"noreferrer noopener\">nuestras ideas sobre las mejores cosas que ver<\/a> en Gran Canaria!<\/p>\n\n<figure class=\"wp-block-image size-large\"><img decoding=\"async\" src=\" https:\/\/photos.smugmug.com\/Canarias-Lovers\/Gran-Canaria\/Las-Palmas\/Old-town\/i-nV2GrwC\/0\/bNv9Fk3q4Cj4cNgCHhngktSf4XD4DD4DRBK28KNv\/L\/las-palmas-gran-canaria-old-town-4-L.jpg\" alt=\"Barrio de Vegueta\"\/><\/figure>\n\n<h3 class=\"wp-block-heading\">Consejos pr\u00e1cticos<\/h3>\n\n<ul class=\"wp-block-list\">\n<li><strong>Duraci\u00f3n<\/strong>: si visita los principales puntos de inter\u00e9s del distrito y se toma su tiempo para pasear por sus t\u00edpicas calles adoquinadas, prevea medio d\u00eda. Por lo dem\u00e1s, puede deambular f\u00e1cilmente durante 1 hora, sin contar los lugares que hay que visitar.<\/li>\n\n\n\n<li><strong>Dificultades<\/strong>: las callejuelas son estrechas y empedradas, as\u00ed que lleve buen calzado; se trata de una zona muy tur\u00edstica, por lo que puede estar muy concurrida, as\u00ed que planifique su visita para la ma\u00f1ana. Por \u00faltimo, aparcar en esta zona puede ser complicado.<\/li>\n\n\n\n<li><strong>Acceso:<\/strong> situado al sur del centro de la ciudad; los autobuses dan servicio a la zona, as\u00ed como el autob\u00fas tur\u00edstico Hop-On Hop-Off, que facilita los desplazamientos &#8211; <a href=\"https:\/\/www.tiqets.com\/es\/activites-attractions-las-palmas-de-grande-canarie-c65973\/billets-pour-bus-hop-on-hop-off-las-palmas-de-gran-canaria-p977116?partner=region_lovers&amp;tq_campaign=CAL\" target=\"_blank\" rel=\"noreferrer noopener sponsored nofollow\">compre el billete con antelaci\u00f3n<\/a>.<\/li>\n\n\n\n<li><strong>Comer fuera:<\/strong> entre nuestra selecci\u00f3n de buenas direcciones en el casco antiguo, el restaurante bistron\u00f3mico de fusi\u00f3n mexicano-canario El Santo, o para tapas tradicionales con recetas de la abuela, el restaurante La Vegueta de Col\u00f3n.<\/li>\n\n\n\n<li><strong>\u00bfLe gustar\u00eda probar una visita guiada por el casco antiguo?  <a href=\"https:\/\/www.getyourguide.es\/grande-canarie-l418\/decouvrez-las-palmas-a-velo-t495346\/?partner_id=R3GYW4V&amp;cmp=CAL\" target=\"_blank\" rel=\"noreferrer noopener sponsored nofollow\">Reserve aqu\u00ed para explorar Vegueta en bicicleta<\/a><\/strong><\/li>\n\n\n\n<li><strong>Descubra el centro hist\u00f3rico a pie con adivinanzas e indicaciones en su smartphone &#8211; <a href=\"https:\/\/www.getyourguide.es\/grande-canarie-l418\/las-palmas-visite-guidee-a-pied-de-la-vieille-ville-t597988\/?partner_id=R3GYW4V&amp;cmp=CAL\" target=\"_blank\" rel=\"noreferrer noopener sponsored nofollow\">consulte el programa y reserve ahora<\/a><\/strong><\/li>\n<\/ul>\n\n<h2 class=\"wp-block-heading\"><span class=\"ez-toc-section\" id=\"2_Maravillese_con_la_Catedral_de_Santa_Ana_y_su_torre\"><\/span>2. Marav\u00edllese con la Catedral de Santa Ana y su torre<span class=\"ez-toc-section-end\"><\/span><\/h2>\n\n<figure class=\"wp-block-image size-large\"><img decoding=\"async\" src=\"https:\/\/photos.smugmug.com\/Canarias-Lovers\/Gran-Canaria\/Las-Palmas\/Santa-Ana-Cathedral\/i-WNGfdCk\/0\/7H2gxSwP7FkZVKxn9XNwCTWWgdqLs5DVdgjxnmhM\/L\/santa-ana-cathedral-las-palmas-gran-canaria-L.jpg\" alt=\"Catedral de Santa Ana de Las Palmas\"\/><\/figure>\n\n<h3 class=\"wp-block-heading\">\u00bfPor qu\u00e9 visitarlo?<\/h3>\n\n<p>Llegamos a la Plaza Santa Ana en el casco antiguo de Vegueta. Frente a nosotros se alzaba la majestuosa catedral g\u00f3tica de Santa Ana, con sus torres gemelas y su ornamentada fachada. \u00bfSab\u00eda que se construy\u00f3 a principios del Renacimiento? Este lugar de culto nos fascin\u00f3 sobre todo por su arquitectura grandiosa y heterog\u00e9nea, s\u00edmbolo de varias \u00e9pocas. Observar\u00e1 que el edificio tiene 3 naves y 11 capillas. Siller\u00eda del coro de madera tallada, \u00f3rgano barroco, numerosas capillas laterales con notables obras de arte&#8230; Hay tantos tesoros dentro, \u00a1que no sab\u00edamos d\u00f3nde buscar! Si se fija bien, ver\u00e1 que las columnas tienen forma de palmera. Nos ha gustado el toque ex\u00f3tico, que hace justicia a esta especie bot\u00e1nica con su silueta gr\u00e1fica. Las palmeras adornan los exuberantes paisajes verdes de las Canarias. Sede de la Di\u00f3cesis de Canarias, la catedral alberga tambi\u00e9n el Museo Diocesano de Arte Sacro. La guinda del pastel es la sublime vista de la ciudad desde lo alto de la torre.<\/p>\n\n<figure class=\"wp-block-image size-large\"><img decoding=\"async\" src=\"https:\/\/photos.smugmug.com\/Canarias-Lovers\/Gran-Canaria\/Las-Palmas\/Santa-Ana-Cathedral\/i-bgD5RxF\/0\/C33c7JTWq6Gj9PKz5x2KLD9VrPc52LKTTgSmBDTNt\/L\/santa-ana-cathedral-tower-view-las-palmas-gran-canaria-L.jpg\" alt=\"Catedral de Santa Ana de Las Palmas\"\/><figcaption class=\"wp-element-caption\">Vista desde la torre de la catedral de Santa Ana<\/figcaption><\/figure>\n\n<h3 class=\"wp-block-heading\">Consejos pr\u00e1cticos<\/h3>\n\n<ul class=\"wp-block-list\">\n<li><strong>Duraci\u00f3n:<\/strong> de 1h a 1h30 si se toma el tiempo de observar el exterior en la plaza y despu\u00e9s el interior con las 3 naves, el crucero y las 11 capillas.<\/li>\n\n\n\n<li>Sin dificultades particulares, ya que el recinto es accesible para PMR con ascensores y escaleras.<\/li>\n\n\n\n<li><strong>Acceso<\/strong>: en la Plaza Santa Ana de Las Palmas, a 1min a pie de la Casa de Col\u00f3n<\/li>\n\n\n\n<li><strong>Comer fuera:<\/strong> elija entre nuestra selecci\u00f3n de restaurantes del casco antiguo, pruebe la cocina de fusi\u00f3n gourmet en el Restaurante Que Leche (nuestro favorito) o deguste las tradicionales tapas en el Restaurante La Vegueta de Col\u00f3n.<\/li>\n\n\n\n<li><strong>Haga una excursi\u00f3n de un d\u00eda por Las Palmas, incluyendo el casco hist\u00f3rico y la catedral &#8211; <a href=\"https:\/\/www.getyourguide.es\/grande-canarie-l418\/gran-canaria-las-palmas-jardin-botanique-volcan-t127505\/?partner_id=R3GYW4V&amp;cmp=CAL\" target=\"_blank\" rel=\"noreferrer noopener sponsored nofollow\">consulte el programa y haga una reserva<\/a><\/strong><\/li>\n\n\n\n<li><strong>Precio:<\/strong> la entrada a la catedral es gratuita durante las misas de 8:00 a 9:30 y los domingos, pero se cobra por la visita guiada y el museo. Fuera de estos horarios, la entrada a la catedral, la torre y el Museo Diocesano es de pago (precio completo: 6 euros; precio reducido: 4 euros, gratuito para menores de 12 a\u00f1os).<\/li>\n\n\n\n<li><strong>Horario de apertura:<\/strong> abierto todos los d\u00edas para la misa de 8.00 a 9.30 y los domingos; de lunes a viernes de 10.00 a 18.00 y los s\u00e1bados de 10.00 a 16.00.<\/li>\n<\/ul>\n\n<div style=\"margin-top:8%;margin-bottom:8%\" class=\"wp-block-genesis-blocks-gb-container box gb-block-container\"><div class=\"gb-container-inside\"><div class=\"gb-container-content\" style=\"max-width:700px\">\n<div class=\"wp-block-genesis-blocks-gb-container box_titre gb-block-container\"><div class=\"gb-container-inside\"><div class=\"gb-container-content\">\n<h5 class=\"titre_box\" style=\"padding-top:10px;\">D\u00d3NDE DORMIR EN <span class=\"titre_box_manuscrit\">Las Palmas de Gran Canaria<\/span><\/h5>\n<\/div><\/div><\/div>\n\n\n\n<hr class=\"wp-block-separator has-text-color has-alpha-channel-opacity has-background is-style-wide hr-box-planif\" style=\"background-color:#ccd3dd;color:#ccd3dd\"\/>\n\n\n\n<div class=\"wp-block-columns box_sans_border is-layout-flex wp-container-core-columns-is-layout-9d6595d7 wp-block-columns-is-layout-flex\">\n<div class=\"wp-block-column texte_planif is-layout-flow wp-block-column-is-layout-flow\" style=\"font-size:14px;flex-basis:60%\">\n<p class=\"option_titre2\"><strong>Nuestros favoritos: barrios y hoteles<\/strong><\/p>\n\n\n\n<p style=\"font-size:14px\">En el <strong>casco antiguo<\/strong>, rodeado de encantadoras callejuelas.<br\/>Hotel Cordial Plaza Mayor de Santa Ana &#8211;<a href=\"https:\/\/www.booking.com\/hotel\/es\/boutique-cordial-plaza-mayor-de-santa-ana.html?aid=2421274\" target=\"_blank\" rel=\"noreferrer noopener sponsored nofollow\"> ver fotos y disponibilidad<\/a><\/p>\n\n\n\n<p style=\"font-size:14px\"><strong>Playa de las Canteras<\/strong>, una larga playa de arena.<br\/>Hotel Mares\u00eda Canteras Urban &#8211; <a href=\"https:\/\/www.booking.com\/hotel\/es\/the-maresia-urban.html?aid=2421274\" target=\"_blank\" rel=\"noreferrer noopener sponsored nofollow\">ver fotos y disponibilidad<\/a><\/p>\n\n\n\n<p style=\"font-size:14px\">Cerca de <strong>la Playa de la Alcaravaneras<\/strong>, una zona menos tur\u00edstica.<br\/>Hotel Santa Catalina, hist\u00f3rico &#8211; <a href=\"https:\/\/www.booking.com\/hotel\/es\/santa-catalina.html?aid=2421274\" target=\"_blank\" rel=\"noreferrer noopener sponsored nofollow\">ver fotos y disponibilidad<\/a><\/p>\n\n\n\n<ul class=\"ul_box wp-block-list\">\n<li><\/li>\n<\/ul>\n<\/div>\n\n\n\n<div class=\"wp-block-column is-vertically-aligned-top planif-radius is-layout-flow wp-block-column-is-layout-flow\" style=\"flex-basis:40%\">\n<figure class=\"wp-block-image size-large img-portrait\"><img decoding=\"async\" src=\"https:\/\/photos.smugmug.com\/Canarias-Lovers\/Gran-Canaria\/Las-Palmas\/Hotel-Cordial-La-Peregrina\/i-GCszzxZ\/0\/CbkqLJjmLVzDSB3d3D2FB7jLdNZtcLT4Fgx5j5VdX\/L\/hotel-cordial-peregrina-las-palmas-gran-canaria-4-L.jpg\" alt=\"Canarias Lovers Logomark\" title=\"\"\/><\/figure>\n<\/div>\n<\/div>\n\n\n\n<p class=\"has-text-align-center has-normal-font-size\">Vea nuestra selecci\u00f3n de los <a href=\"https:\/\/canarias-lovers.com\/es\/donde-alojarse-las-palmas-gran-canaria-mejores-hoteles-distritos\/\" target=\"_blank\" rel=\"noreferrer noopener\">mejores hoteles de Las Palmas de Gran Canaria<\/a>.<\/p>\n\n\n\n<div class=\"wp-block-buttons planif_bouton is-content-justification-center is-layout-flex wp-container-core-buttons-is-layout-16018d1d wp-block-buttons-is-layout-flex\">\n<div class=\"wp-block-button has-custom-font-size\" style=\"font-size:14px\"><a class=\"wp-block-button__link has-white-color has-text-color wp-element-button\" href=\"https:\/\/www.booking.com\/searchresults.en.html?city=-388528=review_score%253D90%253Breview_score%253D80=2421274=1=2\" style=\"border-radius:4px\" target=\"_blank\" rel=\"noreferrer noopener nofollow\">Ver todos los alojamientos disponibles &gt;&gt;<\/a><\/div>\n<\/div>\n<\/div><\/div><\/div>\n\n<h2 class=\"wp-block-heading\"><span class=\"ez-toc-section\" id=\"3_Retroceda_en_el_tiempo_en_la_Casa_de_Colon\"><\/span>3. Retroceda en el tiempo en la Casa de Col\u00f3n<span class=\"ez-toc-section-end\"><\/span><\/h2>\n\n<figure class=\"wp-block-image size-large\"><img decoding=\"async\" src=\"https:\/\/photos.smugmug.com\/Canarias-Lovers\/Gran-Canaria\/Las-Palmas\/Casa-de-Col&#xF3;n-Museum\/i-g2vGbhw\/0\/CqMmr9QpNnPmT88fRzLrMnVCcJKwR48G5CsTchTVJ\/L\/casa-de-colon-museum-las-palmas-gran-canaria-L.jpg\" alt=\"\"\/><\/figure>\n\n<h3 class=\"wp-block-heading\">\u00bfPor qu\u00e9 visitarlo?<\/h3>\n\n<p>Otra visita obligada en Las Palmas es la casa museo Casa de Col\u00f3n, muy popular entre los lugare\u00f1os. En el interior de un sublime edificio colonial de la calle del mismo nombre, descubrimos este museo dedicado a las culturas de Canarias y Am\u00e9rica. \u00bfSab\u00eda que esta antigua casa colonial, construida en el siglo XVI, perteneci\u00f3 en su d\u00eda a los primeros gobernadores de Gran Canaria? Tambi\u00e9n fue el hogar del famoso navegante genov\u00e9s Crist\u00f3bal Col\u00f3n, que hizo escala en Canarias en sus viajes a trav\u00e9s del oc\u00e9ano Atl\u00e1ntico. Con sus 13 salas de exposiciones, sus patios y sus magn\u00edficos loros de color \u00e1rabe, esta instituci\u00f3n cultural situada en el coraz\u00f3n de Vegueta \u00a1llama la atenci\u00f3n! Entre maquetas de veleros y reconstrucciones de la ciudad, mapas antiguos, antiguos instrumentos para medir el tiempo, astrolabios e instrumentos de navegaci\u00f3n&#8230; La Casa de Col\u00f3n est\u00e1 repleta de magn\u00edficos objetos de \u00e9poca, que nos permitieron conocer la historia del archipi\u00e9lago y la cultura local. Nuestros favoritos: los techos de madera tallada y ornamentada de cada habitaci\u00f3n y el precioso tesoro del Atlas Catal\u00e1n, una colecci\u00f3n de mapas iluminados que datan del siglo XIV.<\/p>\n\n<figure class=\"wp-block-image size-large\"><img decoding=\"async\" src=\"https:\/\/photos.smugmug.com\/Canarias-Lovers\/Gran-Canaria\/Las-Palmas\/Casa-de-Col&#xF3;n-Museum\/i-ZpcPCrv\/0\/CZGvxZ6b2zt2WzNw8Ppp6m2rVD3JjRXZ4zTKtmQnP\/L\/casa-de-colon-museum-las-palmas-gran-canaria-3-L.jpg\" alt=\"Interior de la Casa de Col&#xF3;n\"\/><\/figure>\n\n<h3 class=\"wp-block-heading\">Consejos pr\u00e1cticos<\/h3>\n\n<ul class=\"wp-block-list\">\n<li><strong>Duraci\u00f3n:<\/strong> 1 hora<\/li>\n\n\n\n<li>No hay dificultades particulares en el lugar, el recinto es accesible para PMR con ascensores.<\/li>\n\n\n\n<li><strong>Acceso:<\/strong> en el casco antiguo, cerca de la catedral; sin aparcamiento espec\u00edfico, varios aparcamientos subterr\u00e1neos a 10 minutos a pie (aparcamiento de Vegueta, bastante estrecho, o aparcamiento 1\u00ba de Mayo, con plazas m\u00e1s amplias).<\/li>\n\n\n\n<li><strong>Comer fuera:<\/strong> elija entre nuestra selecci\u00f3n de restaurantes del casco antiguo, pruebe la cocina de fusi\u00f3n gourmet en el Restaurante Que Leche (nuestro favorito) o deguste las tradicionales tapas en el Restaurante La Vegueta de Col\u00f3n.<\/li>\n\n\n\n<li><strong>Precio<\/strong>: precio completo 4 euros; precio reducido 2 euros; gratuito para menores de 18 a\u00f1os<\/li>\n\n\n\n<li><strong>Horario de apertura<\/strong>: de lunes a s\u00e1bado, de 10.00 a 18.00 horas; domingos y festivos, de 10.00 a 15.00 horas; cerrado los d\u00edas 1 y 6 de enero, 1 de mayo, 24, 25 y 31 de diciembre.<\/li>\n\n\n\n<li>Consulte cualquier actualizaci\u00f3n en el sitio web oficial <a href=\"https:\/\/www.casadecolon.com\/\" target=\"_blank\" rel=\"noreferrer noopener nofollow\">aqu\u00ed<\/a><\/li>\n<\/ul>\n\n<h2 class=\"wp-block-heading\"><span class=\"ez-toc-section\" id=\"4_Paseo_por_el_paseo_maritimo_de_Sendero_Azul\"><\/span>4. Paseo por el paseo mar\u00edtimo de Sendero Azul<span class=\"ez-toc-section-end\"><\/span><\/h2>\n\n<figure class=\"wp-block-image size-large\"><img decoding=\"async\" src=\"https:\/\/photos.smugmug.com\/Canarias-Lovers\/Gran-Canaria\/Las-Palmas\/Blue-Walking-tour-Sendero-Azul\/i-QNzZLgw\/0\/DpWQpSTZvjXWDj7s7mRswkr6pcz6RjB7pFZnZfQVP\/L\/blue-walking-tour-sendero-azul-las-palmas-gran-canaria-1-L.jpg\" alt=\"El paseo Sendero Azul en Las Palmas\"\/><\/figure>\n\n<h3 class=\"wp-block-heading\">\u00bfPor qu\u00e9 visitarlo?<\/h3>\n\n<p>\u00a1Nos encant\u00f3 este paseo! Tiene 7 km de longitud y se extiende a lo largo del paseo mar\u00edtimo desde la Bah\u00eda del Confital hasta la Playa de Las Canteras, con numerosos carteles explicativos a lo largo del recorrido. Divisamos las Cuevas Canarias, un conjunto de 20 cuevas que anta\u00f1o formaban un poblado aborigen con una especie de atalaya natural desde la que se divisa toda la bah\u00eda. \u00bfSab\u00eda que estas cuevas a\u00fan estaban habitadas en los a\u00f1os veinte y treinta? Sorprendente, \u00bfverdad? Puede que tenga la suerte de descubrir otro conjunto de 9 cuevas en este paseo, algunas de las cuales sirvieron como viviendas, almacenes y plantas de procesamiento de pescado. Disfrutamos mucho del paseo por el sendero, con sus sublimes vistas sobre la bah\u00eda, el patrimonio hist\u00f3rico de la isla y la gradaci\u00f3n de azules entre el cielo y el oc\u00e9ano. Ver\u00e1 que el paseo se compone de varios tramos con una subida cada vez m\u00e1s pronunciada. Por \u00faltimo, el nombre de este paseo nos pareci\u00f3 muy l\u00edrico. Sendero Azul\u00bb significa \u00abcamino azul\u00bb en espa\u00f1ol, debido a su proximidad a la bah\u00eda azul.<\/p>\n\n<figure class=\"wp-block-image size-large\"><img decoding=\"async\" src=\"https:\/\/photos.smugmug.com\/Canarias-Lovers\/Gran-Canaria\/Las-Palmas\/Blue-Walking-tour-Sendero-Azul\/i-bKvJ9wg\/0\/DF693Gqb7vb6MqSzpKW4rbBbmfkTpR3QrHMcw8VRD\/L\/blue-walking-tour-sendero-azul-las-palmas-gran-canaria-2-L.jpg\" alt=\"El paseo Sendero Azul en Las Palmas\"\/><\/figure>\n\n<h3 class=\"wp-block-heading\">Consejos pr\u00e1cticos<\/h3>\n\n<ul class=\"wp-block-list\">\n<li><strong>Duraci\u00f3n:<\/strong> prevea entre 1h45 y 2h para recorrer los 7 km del Sendero Azul (prevea entre 10min y 25min dependiendo del tramo si los recorre por separado).<\/li>\n\n\n\n<li><strong>Dificultades:<\/strong> el paseo discurre por un sendero, con algunos escalones para bajar, pero cuanto m\u00e1s se avanza, m\u00e1s cuesta arriba se hace el paseo, alcanzando una altitud de 1.600 m. Tenga en cuenta que hay varios puntos de acceso para PMR y que no se admiten animales de compa\u00f1\u00eda.<\/li>\n\n\n\n<li><strong>Acceso:<\/strong> en la Playa de Las Canteras y la Bah\u00eda del Confital, hay varios puntos de acceso a pie con carteles explicativos; tambi\u00e9n hay 4 aparcamientos a lo largo del sendero.<\/li>\n\n\n\n<li><strong>Comer fuera:<\/strong> en el paseo mar\u00edtimo, est\u00e1 cerca de muchos restaurantes; nuestro favorito de la zona es el Restaurante Tabaiba, donde podr\u00e1 disfrutar de cocina gourmet de fusi\u00f3n.<\/li>\n\n\n\n<li><strong>El autob\u00fas tur\u00edstico Hop-On Hop-Off facilita los desplazamientos, con parada en la Playa de Las Canteras para llevarle al Sendero Azul &#8211; <a href=\"https:\/\/www.tiqets.com\/es\/activites-attractions-las-palmas-de-grande-canarie-c65973\/billets-pour-bus-hop-on-hop-off-las-palmas-de-gran-canaria-p977116?partner=region_lovers&amp;tq_campaign=CAL\" target=\"_blank\" rel=\"noreferrer noopener sponsored nofollow\">compre su billete con antelaci\u00f3n<\/a>.<\/strong><\/li>\n\n\n\n<li>El acceso es gratuito. En caso de emergencia, puede llamar al 112.<\/li>\n<\/ul>\n\n<div style=\"margin-top:8%;margin-bottom:8%\" class=\"wp-block-genesis-blocks-gb-container box gb-block-container\"><div class=\"gb-container-inside\"><div class=\"gb-container-content\">\n<div class=\"wp-block-columns inverse box_planif is-layout-flex wp-container-core-columns-is-layout-9d6595d7 wp-block-columns-is-layout-flex\">\n<div class=\"wp-block-column texte_planif is-layout-flow wp-block-column-is-layout-flow\" style=\"flex-basis:60%\">\n<h5 class=\"titre_box\" style=\"padding-top:10px;\">NUESTROS CONSEJOS PARA ALQUILER DE COCHE EN <span class=\"titre_box_manuscrit\">Gran Canaria<\/span><\/h5>\n\n\n\n<ul class=\"wp-block-list\" style=\"font-size:14px\">\n<li>Compare precios en nuestra plataforma preferida: <a href=\"https:\/\/www.discovercars.com\/es\/spain-canary-islands\/gran-canaria?a_aid=zigzag&amp;chan=CAL\" target=\"_blank\" rel=\"noreferrer noopener sponsored nofollow\">DiscoverCars<\/a>, uno de los sitios mejor valorados.<\/li>\n\n\n\n<li>Si planea explorar las monta\u00f1as, no coja <strong>los coches m\u00e1s peque\u00f1os<\/strong>. Un motor m\u00e1s potente ser\u00e1 m\u00e1s c\u00f3modo.<\/li>\n\n\n\n<li>Pero tampoco coja un coche demasiado grande, ya que algunas de las carreteras son estrechas.<\/li>\n\n\n\n<li>Hay mucha demanda y es una isla, as\u00ed que <strong>reserve con antelaci\u00f3n<\/strong>.<\/li>\n<\/ul>\n<\/div>\n\n\n\n<div class=\"wp-block-column planif-radius-2 is-layout-flow wp-block-column-is-layout-flow\">\n<figure class=\"wp-block-image size-large voiture_image\"><img decoding=\"async\" src=\"https:\/\/photos.smugmug.com\/Canarias-Lovers\/Gran-Canaria\/Driving\/i-FXBKL7Q\/1\/C432TQvrLtk7Fzt3jdL3g8XCdWtF4krHtKv9zvKg6\/S\/gran-Canaria-rental-car-driving-S.jpg\" alt=\"conducir en Gran Canaria\"\/><\/figure>\n<\/div>\n<\/div>\n\n\n\n<div class=\"wp-block-columns planif_bouton is-layout-flex wp-container-core-columns-is-layout-9d6595d7 wp-block-columns-is-layout-flex\">\n<div class=\"wp-block-column is-vertically-aligned-top is-layout-flow wp-block-column-is-layout-flow\">\n<div class=\"wp-block-buttons is-content-justification-center is-layout-flex wp-container-core-buttons-is-layout-16018d1d wp-block-buttons-is-layout-flex\">\n<div class=\"wp-block-button\"><a class=\"wp-block-button__link has-white-color has-text-color wp-element-button\" href=\"https:\/\/www.discovercars.com\/es\/spain-canary-islands\/gran-canaria?a_aid=zigzag&amp;amp;chan=CAL\" target=\"_blank\" rel=\"noreferrer noopener nofollow\">Ver coches disponibles &gt;&gt;<\/a><\/div>\n<\/div>\n<\/div>\n\n\n\n<div class=\"wp-block-column is-vertically-aligned-center is-layout-flow wp-block-column-is-layout-flow\">\n<p class=\"has-text-align-center\" style=\"font-size:16px\"><a href=\"https:\/\/canarias-lovers.com\/es\/como-alquilar-coche-gran-canaria-consejos-experiencas\/\" target=\"_blank\" rel=\"noreferrer noopener\">Lea nuestros consejos<\/a><\/p>\n<\/div>\n<\/div>\n<\/div><\/div><\/div>\n\n<h2 class=\"wp-block-heading\"><span class=\"ez-toc-section\" id=\"5_Visite_el_Acuario_Poema_del_Mar\"><\/span>5. Visite el Acuario Poema del Mar<span class=\"ez-toc-section-end\"><\/span><\/h2>\n\n<figure class=\"wp-block-image size-large\"><img decoding=\"async\" src=\"https:\/\/photos.smugmug.com\/Canarias-Lovers\/Gran-Canaria\/Las-Palmas\/Poema-del-Mar-Las-Palmas-Aquarium\/i-Sh5SKQ9\/0\/CQwP79KCBznPWKNWvwrQt95vWVDcPn73GDW8xJxd4\/L\/poema-del-mar-aquarium-las-palmas-gran-canaria-L.jpg\" alt=\"Acuario Poema del Mar en Las Palmas\"\/><\/figure>\n\n<h3 class=\"wp-block-heading\">\u00bfPor qu\u00e9 visitarlo?<\/h3>\n\n<p>\u00bfQuiere sumergirse en el mundo marino? Vaya al Acuario de Las Palmas, Poema del Mar. \u00bfSab\u00eda que significa literalmente \u00abpoema del mar\u00bb? No fue s\u00f3lo el po\u00e9tico nombre lo que nos atrajo, sino nuestro gran inter\u00e9s por las profundidades de los oc\u00e9anos y las maravillas que albergan. Ten\u00edamos curiosidad por este lugar y no nos decepcion\u00f3. Los tanques son enormes y la variedad de peces y especies marinas es bastante impresionante. Disfrutamos del paseo por este mundo marino casi m\u00e1gico. De hecho, el Acuario Poema del Mar es el mayor de Europa donde se respeta el bienestar animal. Apreciamos la dimensi\u00f3n educativa de la experiencia, ya que el lugar contribuye a la conservaci\u00f3n y preservaci\u00f3n de ciertas especies en peligro de extinci\u00f3n, ayudando a concienciar sobre los retos medioambientales.<br\/><a href=\"https:\/\/www.tiqets.com\/es\/activites-attractions-las-palmas-de-grande-canarie-c65973\/billets-pour-poema-del-mar-aquarium-de-grande-canarie-coupe-file-p975710?partner=region_lovers&amp;tq_campaign=CAL\" target=\"_blank\" rel=\"noreferrer noopener sponsored nofollow\">Reserve ya su entrada<\/a><\/p>\n\n<figure class=\"wp-block-image size-large\"><img decoding=\"async\" src=\"https:\/\/photos.smugmug.com\/Canarias-Lovers\/Gran-Canaria\/Las-Palmas\/Poema-del-Mar-Las-Palmas-Aquarium\/i-7dP8jx2\/0\/C5tnwBj49GbHLmMSxZTfQjT6SdNDjL2tp2TQcN2DK\/L\/poema-del-mar-las-palmas-aquarium-gran-canaria-1-L.jpg\" alt=\"Acuario Poema del Mar en Las Palmas\"\/><\/figure>\n\n<h3 class=\"wp-block-heading\">Consejos pr\u00e1cticos<\/h3>\n\n<ul class=\"wp-block-list\">\n<li><strong>Duraci\u00f3n:<\/strong> de 1h30 a 3h in situ para visitar los 3 pisos y las 63 zonas de las secciones \u00abselva\u00bb, \u00abarrecife de playa\u00bb y \u00aboc\u00e9ano profundo\u00bb.<\/li>\n\n\n\n<li>Sin dificultades particulares, lugar accesible para PMR, se pueden alquilar sillas de ruedas, recorrido de ida; si est\u00e1 muy concurrido, ser\u00e1 dif\u00edcil ver algunos de los acuarios.<\/li>\n\n\n\n<li><strong>Acceso:<\/strong> situado cerca del puerto y de la Playa de Las Canteras<\/li>\n\n\n\n<li><strong>Comer y beber:<\/strong> el recinto cuenta con 3 zonas para comer y beber: el restaurante Nestor, donde podr\u00e1 admirar las especies marinas mientras disfruta de su comida detr\u00e1s del enorme acuario mural; el snack bar Nemo para tomar un tentempi\u00e9 cerca de la exposici\u00f3n de Arrecife; el Caf\u00e9 Lobby para tomar una copa a la entrada del recinto.<\/li>\n\n\n\n<li><strong><a href=\"https:\/\/www.tiqets.com\/es\/activites-attractions-las-palmas-de-grande-canarie-c65973\/billets-pour-poema-del-mar-aquarium-de-grande-canarie-coupe-file-p975710?partner=region_lovers&amp;tq_campaign=CAL\" target=\"_blank\" rel=\"noreferrer noopener sponsored nofollow\">Ahorre tiempo optando por un billete para toda la cola<\/a><\/strong><\/li>\n\n\n\n<li><strong>Precio<\/strong>: precio completo 18,50 euros; residentes canarios 13 euros<\/li>\n\n\n\n<li><strong>Horario de apertura:<\/strong> abierto todos los d\u00edas de 9.30 a 17.30 horas.<\/li>\n<\/ul>\n\n<div style=\"background-color:#fefefe;margin-top:6%;margin-bottom:6%\" class=\"wp-block-genesis-blocks-gb-container box gb-block-container\"><div class=\"gb-container-inside\"><div class=\"gb-container-content\" style=\"max-width:700px\">\n<div class=\"wp-block-columns inverse is-layout-flex wp-container-core-columns-is-layout-9d6595d7 wp-block-columns-is-layout-flex\">\n<div class=\"wp-block-column texte_planif is-layout-flow wp-block-column-is-layout-flow\" style=\"flex-basis:58%\">\n<h5 class=\"titre_box\">UN POCO MAS DE <span class=\"titre_box_manuscrit\">paciencia<\/span><\/h5>\n\n\n\n<p style=\"font-size:14px\">\u00a1Todas las fotos, mapas, informaci\u00f3n y direcciones \u00fatiles que necesita para aprovechar al m\u00e1ximo <strong>su estancia en<\/strong> Canarias <strong>pronto<\/strong> estar\u00e1n disponibles en un \u00fanico ebook!<\/p>\n\n\n\n<p style=\"font-size:14px\">Si desea que le informemos cuando se publique nuestra <strong>gu\u00eda de<\/strong> Canarias, inscr\u00edbase:<\/p>\n\n\n<script>\nvar gform;gform||(document.addEventListener(\"gform_main_scripts_loaded\",function(){gform.scriptsLoaded=!0}),document.addEventListener(\"gform\/theme\/scripts_loaded\",function(){gform.themeScriptsLoaded=!0}),window.addEventListener(\"DOMContentLoaded\",function(){gform.domLoaded=!0}),gform={domLoaded:!1,scriptsLoaded:!1,themeScriptsLoaded:!1,isFormEditor:()=>\"function\"==typeof InitializeEditor,callIfLoaded:function(o){return!(!gform.domLoaded||!gform.scriptsLoaded||!gform.themeScriptsLoaded&&!gform.isFormEditor()||(gform.isFormEditor()&&console.warn(\"The use of gform.initializeOnLoaded() is deprecated in the form editor context and will be removed in Gravity Forms 3.1.\"),o(),0))},initializeOnLoaded:function(o){gform.callIfLoaded(o)||(document.addEventListener(\"gform_main_scripts_loaded\",()=>{gform.scriptsLoaded=!0,gform.callIfLoaded(o)}),document.addEventListener(\"gform\/theme\/scripts_loaded\",()=>{gform.themeScriptsLoaded=!0,gform.callIfLoaded(o)}),window.addEventListener(\"DOMContentLoaded\",()=>{gform.domLoaded=!0,gform.callIfLoaded(o)}))},hooks:{action:{},filter:{}},addAction:function(o,r,e,t){gform.addHook(\"action\",o,r,e,t)},addFilter:function(o,r,e,t){gform.addHook(\"filter\",o,r,e,t)},doAction:function(o){gform.doHook(\"action\",o,arguments)},applyFilters:function(o){return gform.doHook(\"filter\",o,arguments)},removeAction:function(o,r){gform.removeHook(\"action\",o,r)},removeFilter:function(o,r,e){gform.removeHook(\"filter\",o,r,e)},addHook:function(o,r,e,t,n){null==gform.hooks[o][r]&&(gform.hooks[o][r]=[]);var d=gform.hooks[o][r];null==n&&(n=r+\"_\"+d.length),gform.hooks[o][r].push({tag:n,callable:e,priority:t=null==t?10:t})},doHook:function(r,o,e){var t;if(e=Array.prototype.slice.call(e,1),null!=gform.hooks[r][o]&&((o=gform.hooks[r][o]).sort(function(o,r){return o.priority-r.priority}),o.forEach(function(o){\"function\"!=typeof(t=o.callable)&&(t=window[t]),\"action\"==r?t.apply(null,e):e[0]=t.apply(null,e)})),\"filter\"==r)return e[0]},removeHook:function(o,r,t,n){var e;null!=gform.hooks[o][r]&&(e=(e=gform.hooks[o][r]).filter(function(o,r,e){return!!(null!=n&&n!=o.tag||null!=t&&t!=o.priority)}),gform.hooks[o][r]=e)}});\n<\/script>\n\n                <div class='gf_browser_gecko gform_wrapper gform-theme gform-theme--foundation gform-theme--framework gform-theme--orbital' data-form-theme='orbital' data-form-index='0' id='gform_wrapper_2' ><style>#gform_wrapper_2[data-form-index=\"0\"].gform-theme,[data-parent-form=\"2_0\"]{--gf-color-primary: #204ce5;--gf-color-primary-rgb: 32, 76, 229;--gf-color-primary-contrast: #fff;--gf-color-primary-contrast-rgb: 255, 255, 255;--gf-color-primary-darker: #001AB3;--gf-color-primary-lighter: #527EFF;--gf-color-secondary: #fff;--gf-color-secondary-rgb: 255, 255, 255;--gf-color-secondary-contrast: #112337;--gf-color-secondary-contrast-rgb: 17, 35, 55;--gf-color-secondary-darker: #F5F5F5;--gf-color-secondary-lighter: #FFFFFF;--gf-color-out-ctrl-light: rgba(17, 35, 55, 0.1);--gf-color-out-ctrl-light-rgb: 17, 35, 55;--gf-color-out-ctrl-light-darker: rgba(104, 110, 119, 0.35);--gf-color-out-ctrl-light-lighter: #F5F5F5;--gf-color-out-ctrl-dark: #585e6a;--gf-color-out-ctrl-dark-rgb: 88, 94, 106;--gf-color-out-ctrl-dark-darker: #112337;--gf-color-out-ctrl-dark-lighter: rgba(17, 35, 55, 0.65);--gf-color-in-ctrl: #fff;--gf-color-in-ctrl-rgb: 255, 255, 255;--gf-color-in-ctrl-contrast: #112337;--gf-color-in-ctrl-contrast-rgb: 17, 35, 55;--gf-color-in-ctrl-darker: #F5F5F5;--gf-color-in-ctrl-lighter: #FFFFFF;--gf-color-in-ctrl-primary: #204ce5;--gf-color-in-ctrl-primary-rgb: 32, 76, 229;--gf-color-in-ctrl-primary-contrast: #fff;--gf-color-in-ctrl-primary-contrast-rgb: 255, 255, 255;--gf-color-in-ctrl-primary-darker: #001AB3;--gf-color-in-ctrl-primary-lighter: #527EFF;--gf-color-in-ctrl-light: rgba(17, 35, 55, 0.1);--gf-color-in-ctrl-light-rgb: 17, 35, 55;--gf-color-in-ctrl-light-darker: rgba(104, 110, 119, 0.35);--gf-color-in-ctrl-light-lighter: #F5F5F5;--gf-color-in-ctrl-dark: #585e6a;--gf-color-in-ctrl-dark-rgb: 88, 94, 106;--gf-color-in-ctrl-dark-darker: #112337;--gf-color-in-ctrl-dark-lighter: rgba(17, 35, 55, 0.65);--gf-radius: 3px;--gf-font-size-secondary: 14px;--gf-font-size-tertiary: 13px;--gf-icon-ctrl-number: url(\"data:image\/svg+xml,%3Csvg width='8' height='14' viewBox='0 0 8 14' fill='none' xmlns='http:\/\/www.w3.org\/2000\/svg'%3E%3Cpath fill-rule='evenodd' clip-rule='evenodd' d='M4 0C4.26522 5.96046e-08 4.51957 0.105357 4.70711 0.292893L7.70711 3.29289C8.09763 3.68342 8.09763 4.31658 7.70711 4.70711C7.31658 5.09763 6.68342 5.09763 6.29289 4.70711L4 2.41421L1.70711 4.70711C1.31658 5.09763 0.683417 5.09763 0.292893 4.70711C-0.0976311 4.31658 -0.097631 3.68342 0.292893 3.29289L3.29289 0.292893C3.48043 0.105357 3.73478 0 4 0ZM0.292893 9.29289C0.683417 8.90237 1.31658 8.90237 1.70711 9.29289L4 11.5858L6.29289 9.29289C6.68342 8.90237 7.31658 8.90237 7.70711 9.29289C8.09763 9.68342 8.09763 10.3166 7.70711 10.7071L4.70711 13.7071C4.31658 14.0976 3.68342 14.0976 3.29289 13.7071L0.292893 10.7071C-0.0976311 10.3166 -0.0976311 9.68342 0.292893 9.29289Z' fill='rgba(17, 35, 55, 0.65)'\/%3E%3C\/svg%3E\");--gf-icon-ctrl-select: url(\"data:image\/svg+xml,%3Csvg width='10' height='6' viewBox='0 0 10 6' fill='none' xmlns='http:\/\/www.w3.org\/2000\/svg'%3E%3Cpath fill-rule='evenodd' clip-rule='evenodd' d='M0.292893 0.292893C0.683417 -0.097631 1.31658 -0.097631 1.70711 0.292893L5 3.58579L8.29289 0.292893C8.68342 -0.0976311 9.31658 -0.0976311 9.70711 0.292893C10.0976 0.683417 10.0976 1.31658 9.70711 1.70711L5.70711 5.70711C5.31658 6.09763 4.68342 6.09763 4.29289 5.70711L0.292893 1.70711C-0.0976311 1.31658 -0.0976311 0.683418 0.292893 0.292893Z' fill='rgba(17, 35, 55, 0.65)'\/%3E%3C\/svg%3E\");--gf-icon-ctrl-search: url(\"data:image\/svg+xml,%3Csvg width='640' height='640' xmlns='http:\/\/www.w3.org\/2000\/svg'%3E%3Cpath d='M256 128c-70.692 0-128 57.308-128 128 0 70.691 57.308 128 128 128 70.691 0 128-57.309 128-128 0-70.692-57.309-128-128-128zM64 256c0-106.039 85.961-192 192-192s192 85.961 192 192c0 41.466-13.146 79.863-35.498 111.248l154.125 154.125c12.496 12.496 12.496 32.758 0 45.254s-32.758 12.496-45.254 0L367.248 412.502C335.862 434.854 297.467 448 256 448c-106.039 0-192-85.962-192-192z' fill='rgba(17, 35, 55, 0.65)'\/%3E%3C\/svg%3E\");--gf-label-space-y-secondary: var(--gf-label-space-y-md-secondary);--gf-ctrl-border-color: #686e77;--gf-ctrl-size: var(--gf-ctrl-size-md);--gf-ctrl-label-color-primary: #112337;--gf-ctrl-label-color-secondary: #112337;--gf-ctrl-choice-size: var(--gf-ctrl-choice-size-md);--gf-ctrl-checkbox-check-size: var(--gf-ctrl-checkbox-check-size-md);--gf-ctrl-radio-check-size: var(--gf-ctrl-radio-check-size-md);--gf-ctrl-btn-font-size: var(--gf-ctrl-btn-font-size-md);--gf-ctrl-btn-padding-x: var(--gf-ctrl-btn-padding-x-md);--gf-ctrl-btn-size: var(--gf-ctrl-btn-size-md);--gf-ctrl-btn-border-color-secondary: #686e77;--gf-ctrl-file-btn-bg-color-hover: #EBEBEB;--gf-field-img-choice-size: var(--gf-field-img-choice-size-md);--gf-field-img-choice-card-space: var(--gf-field-img-choice-card-space-md);--gf-field-img-choice-check-ind-size: var(--gf-field-img-choice-check-ind-size-md);--gf-field-img-choice-check-ind-icon-size: var(--gf-field-img-choice-check-ind-icon-size-md);--gf-field-pg-steps-number-color: rgba(17, 35, 55, 0.8);}<\/style><form method='post' enctype='multipart\/form-data'  id='gform_2'  action='\/es\/wp-json\/wp\/v2\/posts\/1258' data-formid='2' novalidate> \r\n <input type='hidden' class='gforms-pum' value='{\"closepopup\":false,\"closedelay\":0,\"openpopup\":false,\"openpopup_id\":0}' \/>\n                        <div class='gform-body gform_body'><div id='gform_fields_2' class='gform_fields top_label form_sublabel_below description_below validation_below'><div id=\"field_2_1\" class=\"gfield gfield--type-website gfield--input-type-website field_sublabel_below gfield--no-description field_description_below field_validation_below gfield_visibility_hidden\"  ><div class=\"admin-hidden-markup\"><i class=\"gform-icon gform-icon--hidden\" aria-hidden=\"true\" title=\"Este campo est\u00e1 oculto cuando se visualiza el formulario\"><\/i><span>Este campo est\u00e1 oculto cuando se visualiza el formulario<\/span><\/div><label class='gfield_label gform-field-label' for='input_2_1'>Site Web<\/label><div class='ginput_container ginput_container_website'>\n                    <input name='input_1' id='input_2_1' type='url' value='https:\/\/canarias-lovers.com\/es\/wp-json\/wp\/v2\/posts\/1258' class='large'    placeholder='https:\/\/'  aria-invalid=\"false\" \/>\n                <\/div><\/div><div id=\"field_2_3\" class=\"gfield gfield--type-email gfield--input-type-email gfield--width-full gfield_contains_required field_sublabel_below gfield--no-description field_description_below hidden_label field_validation_below gfield_visibility_visible\"  ><label class='gfield_label gform-field-label' for='input_2_3'>E-mail<span class=\"gfield_required\"><span class=\"gfield_required gfield_required_text\">(Obligatorio)<\/span><\/span><\/label><div class='ginput_container ginput_container_email'>\n                            <input name='input_3' id='input_2_3' type='email' value='' class='large'    aria-required=\"true\" aria-invalid=\"false\"  \/>\n                        <\/div><\/div><\/div><\/div>\n        <div class='gform-footer gform_footer top_label'> <input type='submit' id='gform_submit_button_2' class='gform_button button' onclick='gform.submission.handleButtonClick(this);' data-submission-type='submit' value='Suscribirse'  \/> \n            <input type='hidden' class='gform_hidden' name='gform_submission_method' data-js='gform_submission_method_2' value='postback' \/>\n            <input type='hidden' class='gform_hidden' name='gform_theme' data-js='gform_theme_2' id='gform_theme_2' value='orbital' \/>\n            <input type='hidden' class='gform_hidden' name='gform_style_settings' data-js='gform_style_settings_2' id='gform_style_settings_2' value='{&quot;inputPrimaryColor&quot;:&quot;#204ce5&quot;}' \/>\n            <input type='hidden' class='gform_hidden' name='is_submit_2' value='1' \/>\n            <input type='hidden' class='gform_hidden' name='gform_submit' value='2' \/>\n            \n            <input type='hidden' class='gform_hidden' name='gform_currency' data-currency='EUR' value='5tuIIMXI9HHKCTjLu9fm+01n5A0YoG8Uf9GK9D2N\/3I9ub2Iq532uZgLTkPP9\/WVzWKQVQBmBLBmi8xHMxWVFdPRKo8akH6SSnrUD0Ra8wQP4WE=' \/>\n            <input type='hidden' class='gform_hidden' name='gform_unique_id' value='' \/>\n            <input type='hidden' class='gform_hidden' name='state_2' value='WyJbXSIsImYwNjdmM2RlZjkzZGI5YjM2NWY4ZmY4ZDRhNWY0OGY0Il0=' \/>\n            <input type='hidden' autocomplete='off' class='gform_hidden' name='gform_target_page_number_2' id='gform_target_page_number_2' value='0' \/>\n            <input type='hidden' autocomplete='off' class='gform_hidden' name='gform_source_page_number_2' id='gform_source_page_number_2' value='1' \/>\n            <input type='hidden' name='gform_field_values' value='' \/>\n            \n        <\/div>\n                        <\/form>\n                        <\/div><script>\ngform.initializeOnLoaded( function() {gformInitSpinner( 2, 'https:\/\/canarias-lovers.com\/wp-content\/plugins\/gravityforms\/images\/spinner.svg', false );jQuery('#gform_ajax_frame_2').on('load',function(){var contents = jQuery(this).contents().find('*').html();var is_postback = contents.indexOf('GF_AJAX_POSTBACK') >= 0;if(!is_postback){return;}var form_content = jQuery(this).contents().find('#gform_wrapper_2');var is_confirmation = jQuery(this).contents().find('#gform_confirmation_wrapper_2').length > 0;var is_redirect = contents.indexOf('gformRedirect(){') >= 0;var is_form = form_content.length > 0 && ! is_redirect && ! is_confirmation;var mt = parseInt(jQuery('html').css('margin-top'), 10) + parseInt(jQuery('body').css('margin-top'), 10) + 100;if(is_form){jQuery('#gform_wrapper_2').html(form_content.html());if(form_content.hasClass('gform_validation_error')){jQuery('#gform_wrapper_2').addClass('gform_validation_error');} else {jQuery('#gform_wrapper_2').removeClass('gform_validation_error');}setTimeout( function() { \/* delay the scroll by 50 milliseconds to fix a bug in chrome *\/  }, 50 );if(window['gformInitDatepicker']) {gformInitDatepicker();}if(window['gformInitPriceFields']) {gformInitPriceFields();}var current_page = jQuery('#gform_source_page_number_2').val();gformInitSpinner( 2, 'https:\/\/canarias-lovers.com\/wp-content\/plugins\/gravityforms\/images\/spinner.svg', false );jQuery(document).trigger('gform_page_loaded', [2, current_page]);window['gf_submitting_2'] = false;}else if(!is_redirect){var confirmation_content = jQuery(this).contents().find('.GF_AJAX_POSTBACK').html();if(!confirmation_content){confirmation_content = contents;}jQuery('#gform_wrapper_2').replaceWith(confirmation_content);jQuery(document).trigger('gform_confirmation_loaded', [2]);window['gf_submitting_2'] = false;wp.a11y.speak(jQuery('#gform_confirmation_message_2').text());}else{jQuery('#gform_2').append(contents);if(window['gformRedirect']) {gformRedirect();}}jQuery(document).trigger(\"gform_pre_post_render\", [{ formId: \"2\", currentPage: \"current_page\", abort: function() { this.preventDefault(); } }]);        if (event && event.defaultPrevented) {                return;        }        const gformWrapperDiv = document.getElementById( \"gform_wrapper_2\" );        if ( gformWrapperDiv ) {            const visibilitySpan = document.createElement( \"span\" );            visibilitySpan.id = \"gform_visibility_test_2\";            gformWrapperDiv.insertAdjacentElement( \"afterend\", visibilitySpan );        }        const visibilityTestDiv = document.getElementById( \"gform_visibility_test_2\" );        let postRenderFired = false;        function triggerPostRender() {            if ( postRenderFired ) {                return;            }            postRenderFired = true;            gform.core.triggerPostRenderEvents( 2, current_page );            if ( visibilityTestDiv ) {                visibilityTestDiv.parentNode.removeChild( visibilityTestDiv );            }        }        function debounce( func, wait, immediate ) {            var timeout;            return function() {                var context = this, args = arguments;                var later = function() {                    timeout = null;                    if ( !immediate ) func.apply( context, args );                };                var callNow = immediate && !timeout;                clearTimeout( timeout );                timeout = setTimeout( later, wait );                if ( callNow ) func.apply( context, args );            };        }        const debouncedTriggerPostRender = debounce( function() {            triggerPostRender();        }, 200 );        if ( visibilityTestDiv && visibilityTestDiv.offsetParent === null ) {            const observer = new MutationObserver( ( mutations ) => {                mutations.forEach( ( mutation ) => {                    if ( mutation.type === 'attributes' && visibilityTestDiv.offsetParent !== null ) {                        debouncedTriggerPostRender();                        observer.disconnect();                    }                });            });            observer.observe( document.body, {                attributes: true,                childList: false,                subtree: true,                attributeFilter: [ 'style', 'class' ],            });        } else {            triggerPostRender();        }    } );} );\n<\/script>\n<\/div>\n\n\n\n<div class=\"wp-block-column is-layout-flow wp-block-column-is-layout-flow\" style=\"flex-basis:42%\">\n<div class=\"wp-block-genesis-blocks-gb-container ebook-radius-waitlist gb-block-container\"><div class=\"gb-container-inside\"><div class=\"gb-container-content\"><div class=\"wp-block-image ebook-image\">\n<figure class=\"aligncenter size-large\"><img decoding=\"async\" src=\"https:\/\/loirelovers.fr\/wp-content\/uploads\/2023\/03\/ebooks_CorseNormandie_FR.png\" alt=\"Box Ebook C&#xF3;rcega FR\"\/><\/figure>\n<\/div><\/div><\/div><\/div>\n<\/div>\n<\/div>\n<\/div><\/div><\/div>\n\n<h2 class=\"wp-block-heading\"><span class=\"ez-toc-section\" id=\"6_Tomar_el_sol_en_la_Playa_de_Las_Canteras\"><\/span>6. Tomar el sol en la Playa de Las Canteras<span class=\"ez-toc-section-end\"><\/span><\/h2>\n\n<figure class=\"wp-block-image size-large\"><img decoding=\"async\" src=\"https:\/\/photos.smugmug.com\/Canarias-Lovers\/Gran-Canaria\/Best\/Playas\/i-FwXQ3Pd\/0\/CZkfScRgP6bsW7bMwhMLpf4FC6V2gsRTwnLpJQfPb\/L\/playa-las-canteras-golden-sand-L.jpg\" alt=\"Playa de Las Canteras\"\/><\/figure>\n\n<h3 class=\"wp-block-heading\">\u00bfPor qu\u00e9 visitarlo?<\/h3>\n\n<p>Disfrutamos mucho de la Playa de Las Canteras. Esta playa urbana es la principal playa de Las Palmas hacia el norte, con varias secciones. De hecho, la hemos incluido entre las <a href=\"https:\/\/canarias-lovers.com\/es\/mejores-playas-gran-canaria\/\" target=\"_blank\" rel=\"noreferrer noopener\">playas m\u00e1s bellas de la isla<\/a>. Es una zona bastante tur\u00edstica, donde estar\u00e1 rodeado de naturaleza costera. Un paseo peatonal, restaurantes, brasseries, bares y boutiques dan vida a este rinc\u00f3n imperdible de la capital de la isla. Le encantar\u00e1n el espacio, las instalaciones, los bares y los restaurantes del paseo mar\u00edtimo.<br\/>Disfrutamos mucho del ambiente de la playa, ya fuera el bullicio del final del d\u00eda o la calma de despertarse temprano por la ma\u00f1ana. Tambi\u00e9n es el lugar ideal para realizar actividades acu\u00e1ticas como <a href=\"https:\/\/www.getyourguide.es\/grande-canarie-l418\/plongee-sous-marine-las-canteras-t316272\/?partner_id=R3GYW4V&amp;cmp=CAL\" target=\"_blank\" rel=\"noreferrer noopener sponsored nofollow\">buceo<\/a> y <a href=\"https:\/\/www.getyourguide.es\/grande-canarie-l418\/las-palmas-sortie-de-snorkeling-de-3-h-a-las-canteras-t214674\/?partner_id=R3GYW4V&amp;cmp=CAL\" target=\"_blank\" rel=\"noreferrer noopener sponsored nofollow\">submarinismo<\/a>.<\/p>\n\n<figure class=\"wp-block-image size-large\"><img decoding=\"async\" src=\"https:\/\/photos.smugmug.com\/Canarias-Lovers\/Gran-Canaria\/Las-Palmas\/Playa-de-las-Canteras\/i-WCR9fdq\/0\/CNm7BkTxkDPbzg8vqw5W7FRnvJPjKvvpZJHWMjjgW\/L\/beach-playa-las-canteras-gran-canaria-2-L.jpg\" alt=\"Playa de Las Canteras\"\/><\/figure>\n\n<h3 class=\"wp-block-heading\">Consejos pr\u00e1cticos<\/h3>\n\n<ul class=\"wp-block-list\">\n<li>Hay <a href=\"https:\/\/www.getyourguide.es\/playa-de-las-canteras-l137908\/?partner_id=R3GYW4V&amp;cmp=CAL\" target=\"_blank\" rel=\"noreferrer noopener sponsored nofollow\">multitud de actividades deportivas acu\u00e1ticas<\/a>, juegos infantiles y restaurantes para mantenerle ocupado todo el d\u00eda.<\/li>\n\n\n\n<li>Al tratarse de una playa urbana, deber\u00e1 elegir uno de los aparcamientos p\u00fablicos de la ciudad, ya que hay muy pocas plazas de aparcamiento en las calles que rodean la playa.<\/li>\n\n\n\n<li>Playa de arena<\/li>\n\n\n\n<li>Vigilancia en determinadas zonas<\/li>\n\n\n\n<li>Aseos, duchas, tumbonas, sombrillas, acceso PMR<\/li>\n\n\n\n<li>Numerosos restaurantes a lo largo del paseo mar\u00edtimo, cancha de voleibol de playa, parque infantil<\/li>\n\n\n\n<li>Cerca del Aquarium de Gran Canaria Poema del Mar &#8211; <a href=\"https:\/\/www.tiqets.com\/es\/activites-attractions-las-palmas-de-grande-canarie-c65973\/billets-pour-poema-del-mar-aquarium-de-grande-canarie-coupe-file-p975710?partner=region_lovers&amp;tq_campaign=CAL\" target=\"_blank\" rel=\"noreferrer noopener sponsored nofollow\">reserve la entrada<\/a><\/li>\n<\/ul>\n\n<h2 class=\"wp-block-heading\"><span class=\"ez-toc-section\" id=\"7_Conozca_la_historia_de_Canarias_en_el_Museo_Canario\"><\/span>7. Conozca la historia de Canarias en el Museo Canario<span class=\"ez-toc-section-end\"><\/span><\/h2>\n\n<figure class=\"wp-block-image size-large\"><img decoding=\"async\" src=\"https:\/\/photos.smugmug.com\/Canarias-Lovers\/Gran-Canaria\/Las-Palmas\/Museo-Canario-Museum-of-the-Canary-Islands\/i-cdd2B9R\/0\/7jHQjPrHFmftzMhr4sSCjV97tg3LtDrgnP8zpkkv\/L\/museum-canary-islands-las-palmas-gran-canaria-1-L.jpg\" alt=\"  Museo Canario en Las Palmas\"\/><\/figure>\n\n<h3 class=\"wp-block-heading\">\u00bfPor qu\u00e9 visitarlo?<\/h3>\n\n<p>Continuemos nuestro paseo por el encantador barrio hist\u00f3rico de Vegueta. Aqu\u00ed visitamos el Museo Canario, una visita obligada si quiere saber m\u00e1s sobre la historia y el patrimonio de las Islas Canarias. Fundado en 1879, este museo alberga una rica colecci\u00f3n arqueol\u00f3gica que ha arrojado luz sobre las diferentes civilizaciones abor\u00edgenes del archipi\u00e9lago. Las exposiciones son permanentes y le permitir\u00e1n comprender mejor el modo de vida de los habitantes antes de la conquista y colonizaci\u00f3n por los europeos a partir del siglo XV. Conocido por sus momias, nos pareci\u00f3 el lugar ideal para completar una visita a los yacimientos arqueol\u00f3gicos, a menudo dif\u00edciles de visualizar si no se ha tenido la oportunidad de ir all\u00ed. Etnograf\u00eda, arte popular, tradiciones isle\u00f1as, casas trogloditas: sum\u00e9rjase en la cultura local.<\/p>\n\n<figure class=\"wp-block-image size-large\"><img decoding=\"async\" src=\"https:\/\/photos.smugmug.com\/Canarias-Lovers\/Gran-Canaria\/Las-Palmas\/Museo-Canario-Museum-of-the-Canary-Islands\/i-BWXPjxj\/0\/7dVhHLJFc74Rq7NPtZCDGLQJxpFqWTbwknvbhnCR\/L\/museum-canary-islands-las-palmas-gran-canaria-2-L.jpg\" alt=\"  Museo Canario en Las Palmas\"\/><\/figure>\n\n<h3 class=\"wp-block-heading\">Consejos pr\u00e1cticos<\/h3>\n\n<ul class=\"wp-block-list\">\n<li><strong>Duraci\u00f3n:<\/strong> de 1 a 2 horas in situ, en funci\u00f3n de su inter\u00e9s por las exposiciones<\/li>\n\n\n\n<li><strong>Dificultades:<\/strong> sin ascensor, pero con escaleras hasta el primer piso, suelo plano de madera<\/li>\n\n\n\n<li><strong>Acceso:<\/strong> como el museo est\u00e1 en el casco antiguo, no hay un aparcamiento espec\u00edfico, pero hay varios aparcamientos subterr\u00e1neos a 10 minutos a pie, como el aparcamiento de Vegueta, bastante estrecho, o el aparcamiento 1\u00ba de Mayo, con plazas m\u00e1s grandes.<\/li>\n\n\n\n<li>No hay restaurantes in situ, pero est\u00e1 en el casco antiguo. Descubra muy pronto nuestros mejores lugares para comer en Las Palmas.<\/li>\n\n\n\n<li><strong>Precio<\/strong>: 5<\/li>\n\n\n\n<li><strong>Horario de apertura<\/strong>: abierto de lunes a viernes de 10.00 a 20.00 horas, s\u00e1bados y domingos de 10.00 a 14.00 horas.<\/li>\n<\/ul>\n\n<div style=\"background-color:#fefefe;margin-top:6%;margin-bottom:6%\" class=\"wp-block-genesis-blocks-gb-container box gb-block-container\"><div class=\"gb-container-inside\"><div class=\"gb-container-content\" style=\"max-width:700px\">\n<div class=\"wp-block-columns inverse is-layout-flex wp-container-core-columns-is-layout-9d6595d7 wp-block-columns-is-layout-flex\">\n<div class=\"wp-block-column texte_planif is-layout-flow wp-block-column-is-layout-flow\" style=\"flex-basis:58%\">\n<h5 class=\"titre_box\">Reciba nuestro <span class=\"titre_box_manuscrit\">bolet\u00edn<\/span><\/h5>\n\n\n\n<ul class=\"wp-block-list\">\n<li>\u00a1Un soplo de aire fresco en su vida cotidiana en los bellos destinos de Region Lovers!<\/li>\n\n\n\n<li>Una vez al mes<\/li>\n\n\n\n<li>Sin publicidad<\/li>\n<\/ul>\n\n\n\n                <div class='gf_browser_gecko gform_wrapper gform-theme gform-theme--foundation gform-theme--framework gform-theme--orbital' data-form-theme='orbital' data-form-index='0' id='gform_wrapper_3' ><style>#gform_wrapper_3[data-form-index=\"0\"].gform-theme,[data-parent-form=\"3_0\"]{--gf-color-primary: #204ce5;--gf-color-primary-rgb: 32, 76, 229;--gf-color-primary-contrast: #fff;--gf-color-primary-contrast-rgb: 255, 255, 255;--gf-color-primary-darker: #001AB3;--gf-color-primary-lighter: #527EFF;--gf-color-secondary: #fff;--gf-color-secondary-rgb: 255, 255, 255;--gf-color-secondary-contrast: #112337;--gf-color-secondary-contrast-rgb: 17, 35, 55;--gf-color-secondary-darker: #F5F5F5;--gf-color-secondary-lighter: #FFFFFF;--gf-color-out-ctrl-light: rgba(17, 35, 55, 0.1);--gf-color-out-ctrl-light-rgb: 17, 35, 55;--gf-color-out-ctrl-light-darker: rgba(104, 110, 119, 0.35);--gf-color-out-ctrl-light-lighter: #F5F5F5;--gf-color-out-ctrl-dark: #585e6a;--gf-color-out-ctrl-dark-rgb: 88, 94, 106;--gf-color-out-ctrl-dark-darker: #112337;--gf-color-out-ctrl-dark-lighter: rgba(17, 35, 55, 0.65);--gf-color-in-ctrl: #fff;--gf-color-in-ctrl-rgb: 255, 255, 255;--gf-color-in-ctrl-contrast: #112337;--gf-color-in-ctrl-contrast-rgb: 17, 35, 55;--gf-color-in-ctrl-darker: #F5F5F5;--gf-color-in-ctrl-lighter: #FFFFFF;--gf-color-in-ctrl-primary: #204ce5;--gf-color-in-ctrl-primary-rgb: 32, 76, 229;--gf-color-in-ctrl-primary-contrast: #fff;--gf-color-in-ctrl-primary-contrast-rgb: 255, 255, 255;--gf-color-in-ctrl-primary-darker: #001AB3;--gf-color-in-ctrl-primary-lighter: #527EFF;--gf-color-in-ctrl-light: rgba(17, 35, 55, 0.1);--gf-color-in-ctrl-light-rgb: 17, 35, 55;--gf-color-in-ctrl-light-darker: rgba(104, 110, 119, 0.35);--gf-color-in-ctrl-light-lighter: #F5F5F5;--gf-color-in-ctrl-dark: #585e6a;--gf-color-in-ctrl-dark-rgb: 88, 94, 106;--gf-color-in-ctrl-dark-darker: #112337;--gf-color-in-ctrl-dark-lighter: rgba(17, 35, 55, 0.65);--gf-radius: 3px;--gf-font-size-secondary: 14px;--gf-font-size-tertiary: 13px;--gf-icon-ctrl-number: url(\"data:image\/svg+xml,%3Csvg width='8' height='14' viewBox='0 0 8 14' fill='none' xmlns='http:\/\/www.w3.org\/2000\/svg'%3E%3Cpath fill-rule='evenodd' clip-rule='evenodd' d='M4 0C4.26522 5.96046e-08 4.51957 0.105357 4.70711 0.292893L7.70711 3.29289C8.09763 3.68342 8.09763 4.31658 7.70711 4.70711C7.31658 5.09763 6.68342 5.09763 6.29289 4.70711L4 2.41421L1.70711 4.70711C1.31658 5.09763 0.683417 5.09763 0.292893 4.70711C-0.0976311 4.31658 -0.097631 3.68342 0.292893 3.29289L3.29289 0.292893C3.48043 0.105357 3.73478 0 4 0ZM0.292893 9.29289C0.683417 8.90237 1.31658 8.90237 1.70711 9.29289L4 11.5858L6.29289 9.29289C6.68342 8.90237 7.31658 8.90237 7.70711 9.29289C8.09763 9.68342 8.09763 10.3166 7.70711 10.7071L4.70711 13.7071C4.31658 14.0976 3.68342 14.0976 3.29289 13.7071L0.292893 10.7071C-0.0976311 10.3166 -0.0976311 9.68342 0.292893 9.29289Z' fill='rgba(17, 35, 55, 0.65)'\/%3E%3C\/svg%3E\");--gf-icon-ctrl-select: url(\"data:image\/svg+xml,%3Csvg width='10' height='6' viewBox='0 0 10 6' fill='none' xmlns='http:\/\/www.w3.org\/2000\/svg'%3E%3Cpath fill-rule='evenodd' clip-rule='evenodd' d='M0.292893 0.292893C0.683417 -0.097631 1.31658 -0.097631 1.70711 0.292893L5 3.58579L8.29289 0.292893C8.68342 -0.0976311 9.31658 -0.0976311 9.70711 0.292893C10.0976 0.683417 10.0976 1.31658 9.70711 1.70711L5.70711 5.70711C5.31658 6.09763 4.68342 6.09763 4.29289 5.70711L0.292893 1.70711C-0.0976311 1.31658 -0.0976311 0.683418 0.292893 0.292893Z' fill='rgba(17, 35, 55, 0.65)'\/%3E%3C\/svg%3E\");--gf-icon-ctrl-search: url(\"data:image\/svg+xml,%3Csvg width='640' height='640' xmlns='http:\/\/www.w3.org\/2000\/svg'%3E%3Cpath d='M256 128c-70.692 0-128 57.308-128 128 0 70.691 57.308 128 128 128 70.691 0 128-57.309 128-128 0-70.692-57.309-128-128-128zM64 256c0-106.039 85.961-192 192-192s192 85.961 192 192c0 41.466-13.146 79.863-35.498 111.248l154.125 154.125c12.496 12.496 12.496 32.758 0 45.254s-32.758 12.496-45.254 0L367.248 412.502C335.862 434.854 297.467 448 256 448c-106.039 0-192-85.962-192-192z' fill='rgba(17, 35, 55, 0.65)'\/%3E%3C\/svg%3E\");--gf-label-space-y-secondary: var(--gf-label-space-y-md-secondary);--gf-ctrl-border-color: #686e77;--gf-ctrl-size: var(--gf-ctrl-size-md);--gf-ctrl-label-color-primary: #112337;--gf-ctrl-label-color-secondary: #112337;--gf-ctrl-choice-size: var(--gf-ctrl-choice-size-md);--gf-ctrl-checkbox-check-size: var(--gf-ctrl-checkbox-check-size-md);--gf-ctrl-radio-check-size: var(--gf-ctrl-radio-check-size-md);--gf-ctrl-btn-font-size: var(--gf-ctrl-btn-font-size-md);--gf-ctrl-btn-padding-x: var(--gf-ctrl-btn-padding-x-md);--gf-ctrl-btn-size: var(--gf-ctrl-btn-size-md);--gf-ctrl-btn-border-color-secondary: #686e77;--gf-ctrl-file-btn-bg-color-hover: #EBEBEB;--gf-field-img-choice-size: var(--gf-field-img-choice-size-md);--gf-field-img-choice-card-space: var(--gf-field-img-choice-card-space-md);--gf-field-img-choice-check-ind-size: var(--gf-field-img-choice-check-ind-size-md);--gf-field-img-choice-check-ind-icon-size: var(--gf-field-img-choice-check-ind-icon-size-md);--gf-field-pg-steps-number-color: rgba(17, 35, 55, 0.8);}<\/style>\n                        <div class='gform_heading'>\n                            <p class='gform_description'><\/p>\n                        <\/div><form method='post' enctype='multipart\/form-data'  id='gform_3'  action='\/es\/wp-json\/wp\/v2\/posts\/1258' data-formid='3' novalidate> \r\n <input type='hidden' class='gforms-pum' value='{\"closepopup\":false,\"closedelay\":0,\"openpopup\":false,\"openpopup_id\":0}' \/>\n                        <div class='gform-body gform_body'><div id='gform_fields_3' class='gform_fields top_label form_sublabel_below description_below validation_below'><div id=\"field_3_1\" class=\"gfield gfield--type-email gfield--input-type-email gfield_contains_required field_sublabel_below gfield--no-description field_description_below hidden_label field_validation_below gfield_visibility_visible\"  ><label class='gfield_label gform-field-label' for='input_3_1'>E-mail<span class=\"gfield_required\"><span class=\"gfield_required gfield_required_text\">(Obligatorio)<\/span><\/span><\/label><div class='ginput_container ginput_container_email'>\n                            <input name='input_1' id='input_3_1' type='email' value='' class='large'    aria-required=\"true\" aria-invalid=\"false\"  \/>\n                        <\/div><\/div><fieldset id=\"field_3_4\" class=\"gfield gfield--type-consent gfield--type-choice gfield--input-type-consent gfield--width-full gfield_contains_required field_sublabel_below gfield--no-description field_description_below hidden_label field_validation_below gfield_visibility_visible\"  ><legend class='gfield_label gform-field-label gfield_label_before_complex' >RGPD<span class=\"gfield_required\"><span class=\"gfield_required gfield_required_text\">(Obligatorio)<\/span><\/span><\/legend><div class='ginput_container ginput_container_consent'><input name='input_4.1' id='input_3_4_1' type='checkbox' value='1'   aria-required=\"true\" aria-invalid=\"false\"   \/> <label class=\"gform-field-label gform-field-label--type-inline gfield_consent_label\" for='input_3_4_1' >S\u00ed, deseo suscribirme al bolet\u00edn mensual<span class=\"gfield_required gfield_required_text\">(Obligatorio)<\/span><\/label><input type='hidden' name='input_4.2' value='S\u00ed, deseo suscribirme al bolet\u00edn mensual' class='gform_hidden' \/><input type='hidden' name='input_4.3' value='1' class='gform_hidden' \/><\/div><\/fieldset><div id=\"field_3_5\" class=\"gfield gfield--type-website gfield--input-type-website gfield--width-full field_sublabel_below gfield--no-description field_description_below field_validation_below gfield_visibility_hidden\"  ><div class=\"admin-hidden-markup\"><i class=\"gform-icon gform-icon--hidden\" aria-hidden=\"true\" title=\"Este campo est\u00e1 oculto cuando se visualiza el formulario\"><\/i><span>Este campo est\u00e1 oculto cuando se visualiza el formulario<\/span><\/div><label class='gfield_label gform-field-label' for='input_3_5'>Site Web<\/label><div class='ginput_container ginput_container_website'>\n                    <input name='input_5' id='input_3_5' type='url' value='https:\/\/canarias-lovers.com\/es\/wp-json\/wp\/v2\/posts\/1258' class='large'    placeholder='https:\/\/'  aria-invalid=\"false\" \/>\n                <\/div><\/div><\/div><\/div>\n        <div class='gform-footer gform_footer top_label'> <input type='submit' id='gform_submit_button_3' class='gform_button button' onclick='gform.submission.handleButtonClick(this);' data-submission-type='submit' value='Suscribirse'  \/> \n            <input type='hidden' class='gform_hidden' name='gform_submission_method' data-js='gform_submission_method_3' value='postback' \/>\n            <input type='hidden' class='gform_hidden' name='gform_theme' data-js='gform_theme_3' id='gform_theme_3' value='orbital' \/>\n            <input type='hidden' class='gform_hidden' name='gform_style_settings' data-js='gform_style_settings_3' id='gform_style_settings_3' value='{&quot;inputPrimaryColor&quot;:&quot;#204ce5&quot;}' \/>\n            <input type='hidden' class='gform_hidden' name='is_submit_3' value='1' \/>\n            <input type='hidden' class='gform_hidden' name='gform_submit' value='3' \/>\n            \n            <input type='hidden' class='gform_hidden' name='gform_currency' data-currency='EUR' value='25cujA7SaJFSUNo5qql\/i5b546bBUb0jvMbkWoXJXcLDKAJIVoS7k6Dvqn2vmIMQN1\/P13i84MNv\/r4JHZKgpOYQAlyNlvbeTpNrVsWP1i0wFTI=' \/>\n            <input type='hidden' class='gform_hidden' name='gform_unique_id' value='' \/>\n            <input type='hidden' class='gform_hidden' name='state_3' value='WyJ7XCI0LjFcIjpcIjg3MGIzYzZhNWQ4YTg2NGNkMjkzMjI4ZDZjZTM1N2NiXCIsXCI0LjJcIjpcImQxY2EyZDBjNTFiM2RmZjc2OTY2NTI2YzM4NDBkZDM3XCIsXCI0LjNcIjpcIjg3MGIzYzZhNWQ4YTg2NGNkMjkzMjI4ZDZjZTM1N2NiXCJ9IiwiMGIyNjVlOTU5ZTgxN2VhNGRhZjRmNjVlMzk1NDJlYWMiXQ==' \/>\n            <input type='hidden' autocomplete='off' class='gform_hidden' name='gform_target_page_number_3' id='gform_target_page_number_3' value='0' \/>\n            <input type='hidden' autocomplete='off' class='gform_hidden' name='gform_source_page_number_3' id='gform_source_page_number_3' value='1' \/>\n            <input type='hidden' name='gform_field_values' value='' \/>\n            \n        <\/div>\n                        <\/form>\n                        <\/div><script>\ngform.initializeOnLoaded( function() {gformInitSpinner( 3, 'https:\/\/canarias-lovers.com\/wp-content\/plugins\/gravityforms\/images\/spinner.svg', false );jQuery('#gform_ajax_frame_3').on('load',function(){var contents = jQuery(this).contents().find('*').html();var is_postback = contents.indexOf('GF_AJAX_POSTBACK') >= 0;if(!is_postback){return;}var form_content = jQuery(this).contents().find('#gform_wrapper_3');var is_confirmation = jQuery(this).contents().find('#gform_confirmation_wrapper_3').length > 0;var is_redirect = contents.indexOf('gformRedirect(){') >= 0;var is_form = form_content.length > 0 && ! is_redirect && ! is_confirmation;var mt = parseInt(jQuery('html').css('margin-top'), 10) + parseInt(jQuery('body').css('margin-top'), 10) + 100;if(is_form){jQuery('#gform_wrapper_3').html(form_content.html());if(form_content.hasClass('gform_validation_error')){jQuery('#gform_wrapper_3').addClass('gform_validation_error');} else {jQuery('#gform_wrapper_3').removeClass('gform_validation_error');}setTimeout( function() { \/* delay the scroll by 50 milliseconds to fix a bug in chrome *\/  }, 50 );if(window['gformInitDatepicker']) {gformInitDatepicker();}if(window['gformInitPriceFields']) {gformInitPriceFields();}var current_page = jQuery('#gform_source_page_number_3').val();gformInitSpinner( 3, 'https:\/\/canarias-lovers.com\/wp-content\/plugins\/gravityforms\/images\/spinner.svg', false );jQuery(document).trigger('gform_page_loaded', [3, current_page]);window['gf_submitting_3'] = false;}else if(!is_redirect){var confirmation_content = jQuery(this).contents().find('.GF_AJAX_POSTBACK').html();if(!confirmation_content){confirmation_content = contents;}jQuery('#gform_wrapper_3').replaceWith(confirmation_content);jQuery(document).trigger('gform_confirmation_loaded', [3]);window['gf_submitting_3'] = false;wp.a11y.speak(jQuery('#gform_confirmation_message_3').text());}else{jQuery('#gform_3').append(contents);if(window['gformRedirect']) {gformRedirect();}}jQuery(document).trigger(\"gform_pre_post_render\", [{ formId: \"3\", currentPage: \"current_page\", abort: function() { this.preventDefault(); } }]);        if (event && event.defaultPrevented) {                return;        }        const gformWrapperDiv = document.getElementById( \"gform_wrapper_3\" );        if ( gformWrapperDiv ) {            const visibilitySpan = document.createElement( \"span\" );            visibilitySpan.id = \"gform_visibility_test_3\";            gformWrapperDiv.insertAdjacentElement( \"afterend\", visibilitySpan );        }        const visibilityTestDiv = document.getElementById( \"gform_visibility_test_3\" );        let postRenderFired = false;        function triggerPostRender() {            if ( postRenderFired ) {                return;            }            postRenderFired = true;            gform.core.triggerPostRenderEvents( 3, current_page );            if ( visibilityTestDiv ) {                visibilityTestDiv.parentNode.removeChild( visibilityTestDiv );            }        }        function debounce( func, wait, immediate ) {            var timeout;            return function() {                var context = this, args = arguments;                var later = function() {                    timeout = null;                    if ( !immediate ) func.apply( context, args );                };                var callNow = immediate && !timeout;                clearTimeout( timeout );                timeout = setTimeout( later, wait );                if ( callNow ) func.apply( context, args );            };        }        const debouncedTriggerPostRender = debounce( function() {            triggerPostRender();        }, 200 );        if ( visibilityTestDiv && visibilityTestDiv.offsetParent === null ) {            const observer = new MutationObserver( ( mutations ) => {                mutations.forEach( ( mutation ) => {                    if ( mutation.type === 'attributes' && visibilityTestDiv.offsetParent !== null ) {                        debouncedTriggerPostRender();                        observer.disconnect();                    }                });            });            observer.observe( document.body, {                attributes: true,                childList: false,                subtree: true,                attributeFilter: [ 'style', 'class' ],            });        } else {            triggerPostRender();        }    } );} );\n<\/script>\n<\/div>\n\n\n\n<div class=\"wp-block-column is-layout-flow wp-block-column-is-layout-flow\" style=\"flex-basis:42%\">\n<div class=\"wp-block-genesis-blocks-gb-container aligncenter newsletter-radius gb-block-container\"><div class=\"gb-container-inside\"><div class=\"gb-container-content\"><div class=\"wp-block-image newsletter-image\">\n<figure class=\"aligncenter size-full\"><img loading=\"lazy\" decoding=\"async\" width=\"729\" height=\"792\" src=\"https:\/\/canarias-lovers.com\/wp-content\/uploads\/2024\/06\/newsletter_FR_2.png\" alt=\"bolet&#xED;n\" class=\"wp-image-1181\" srcset=\"https:\/\/canarias-lovers.com\/wp-content\/uploads\/2024\/06\/newsletter_FR_2.png 729w, https:\/\/canarias-lovers.com\/wp-content\/uploads\/2024\/06\/newsletter_FR_2-276x300.png 276w\" sizes=\"auto, (max-width: 729px) 100vw, 729px\" \/><\/figure>\n<\/div><\/div><\/div><\/div>\n<\/div>\n<\/div>\n<\/div><\/div><\/div>\n\n<h2 class=\"wp-block-heading\"><span class=\"ez-toc-section\" id=\"8_Visite_el_Centro_Atlantico_de_Arte_Moderno_CAAM\"><\/span>8. Visite el Centro Atl\u00e1ntico de Arte Moderno (CAAM)<span class=\"ez-toc-section-end\"><\/span><\/h2>\n\n<figure class=\"wp-block-image size-large\"><img decoding=\"async\" src=\"https:\/\/photos.smugmug.com\/Canarias-Lovers\/Gran-Canaria\/Las-Palmas\/CAAM\/i-qKqSpJP\/0\/C6VhRkRMQZQWttG7r98DPV55mqWgX64ffngdvnk9t\/L\/caam-museum-centro-atlantico-arte-moderno-las-palmas-gran-canaria-1-L.jpg\" alt=\"Centro Atl&#xE1;ntico de Arte Moderno (CAAM) de Las Palmas\"\/><\/figure>\n\n<h3 class=\"wp-block-heading\">\u00bfPor qu\u00e9 visitarlo?<\/h3>\n\n<p>\u00bfHa o\u00eddo hablar del CAAM o Centro Atl\u00e1ntico de Arte Moderno de Las Palmas de Gran Canaria? Si es aficionado al arte contempor\u00e1neo, \u00a1este museo deber\u00eda estar en su lista! El Centro Atl\u00e1ntico de Arte Moderno se ha consolidado como un referente en las Islas Canarias. En la encrucijada de varias culturas art\u00edsticas entre \u00c1frica, Am\u00e9rica y Europa, viajamos entre varias obras de diferentes formas (dibujos, pinturas, esculturas, fotograf\u00edas&#8230;). Apreciamos la calidad art\u00edstica de las colecciones, realzada por la moderna arquitectura del edificio que alberga estas creaciones. No olvide visitar el centro de documentaci\u00f3n del museo. Podr\u00e1 consultar nada menos que \u00a157.000 obras dedicadas al arte y a los artistas africanos y latinoamericanos!<\/p>\n\n<figure class=\"wp-block-image size-large\"><img decoding=\"async\" src=\"https:\/\/photos.smugmug.com\/Canarias-Lovers\/Gran-Canaria\/Las-Palmas\/CAAM\/i-vc34d6c\/0\/FfW95kdHNbxbb863SBHB7ZK54GNnbjpBjjcJ6SMrM\/L\/caam-museum-centro-atlantico-arte-moderno-las-palmas-gran-canaria-2-L.jpg\" alt=\"Centro Atl&#xE1;ntico de Arte Moderno (CAAM) de Las Palmas\"\/><\/figure>\n\n<h3 class=\"wp-block-heading\">Consejos pr\u00e1cticos<\/h3>\n\n<ul class=\"wp-block-list\">\n<li><strong>Duraci\u00f3n:<\/strong> 1 hora<\/li>\n\n\n\n<li>Sin dificultades particulares, accesible para PMR (acceso por la tienda)<\/li>\n\n\n\n<li><strong>Acceso:<\/strong> en el barrio de Vegueta, cerca de la Casa de Col\u00f3n y de la catedral (sin aparcamiento espec\u00edfico, pero con varios aparcamientos subterr\u00e1neos a 10 minutos a pie, como el aparcamiento de Vegueta, bastante estrecho, o el aparcamiento 1\u00ba de Mayo, con plazas m\u00e1s amplias).<\/li>\n\n\n\n<li><strong>Comer fuera:<\/strong> elija entre nuestra selecci\u00f3n de restaurantes del casco antiguo, pruebe la cocina de fusi\u00f3n gourmet en el Restaurante Que Leche (nuestro favorito) o deguste las tradicionales tapas en el Restaurante La Vegueta de Col\u00f3n.<\/li>\n\n\n\n<li><strong>Precio:<\/strong> entrada gratuita<\/li>\n\n\n\n<li><strong>Horario de apertura:<\/strong> abierto de martes a s\u00e1bado de 10.00 a 21.00 h., domingos de 10.00 a 14.00 h.; cerrado los lunes, festivos y los d\u00edas 24 y 31 de diciembre.<\/li>\n<\/ul>\n\n<h2 class=\"wp-block-heading\"><span class=\"ez-toc-section\" id=\"9_De_compras_bajo_los_arcos_del_Mercado_del_Puerto\"><\/span>9. De compras bajo los arcos del Mercado del Puerto<span class=\"ez-toc-section-end\"><\/span><\/h2>\n\n<figure class=\"wp-block-image size-large\"><img decoding=\"async\" src=\"https:\/\/photos.smugmug.com\/Canarias-Lovers\/Gran-Canaria\/Las-Palmas\/Las-Palmas-markets\/i-M7fnCnQ\/0\/CHSqDrZFHBW5HPLsGknfPW4MGq87jTfRk9NSnbWHX\/L\/las-palmas-market-mercado-del-puerto-gran-canaria-1-L.jpg\" alt=\"Mercado del Puerto en Las Palmas\"\/><\/figure>\n\n<h3 class=\"wp-block-heading\">\u00bfPor qu\u00e9 visitarlo?<\/h3>\n\n<p>Como su nombre indica, el Mercado del Puerto es un mercado cubierto situado cerca del puerto de Las Palmas, del Castillo de la Luz y al norte de la Playa de Las Canteras. Paseamos entre los puestos de frutas de colores, flores, verduras, jam\u00f3n curado cortado a cuchillo y tambi\u00e9n \u00a1un pescado fresco muy bueno! Disfrutamos mucho del ambiente c\u00e1lido y animado. En nuestra opini\u00f3n, este bonito mercado bajo los soportales es el lugar t\u00edpico para experimentar todo el encanto local de esta joya de Canarias. Aqu\u00ed conocimos a amables artesanos y tenderos deseosos de compartir la cultura local de su isla. Con bares de tapas, productos locales, fruter\u00edas y aut\u00e9nticas mesitas donde degustar las especialidades locales, \u00a1no le faltar\u00e1 donde elegir! Adem\u00e1s de descubrir nuevos sabores que deleitaron nuestras papilas gustativas, tambi\u00e9n nos encant\u00f3 el moderno edificio de hierro forjado que alberga este tradicional mercado cubierto. Un lugar ideal para empaparse del ambiente de este vibrante rinc\u00f3n de la ciudad.<\/p>\n\n<figure class=\"wp-block-image size-large\"><img decoding=\"async\" src=\"https:\/\/photos.smugmug.com\/Canarias-Lovers\/Gran-Canaria\/Las-Palmas\/Las-Palmas-markets\/i-9g5SfMR\/0\/ZbwSmXLGMN35xGqLFRzSRh2qVP7pwQz9rgVPjJN8\/L\/las-palmas-market-mercado-del-puerto-gran-canaria-2-L.jpg\" alt=\"Mercado del Puerto en Las Palmas\"\/><\/figure>\n\n<h3 class=\"wp-block-heading\">Consejos pr\u00e1cticos<\/h3>\n\n<ul class=\"wp-block-list\">\n<li><strong>Duraci\u00f3n: <\/strong>de 1 a 2 horas si recorre los puestos y se sienta a comer tapas.<\/li>\n\n\n\n<li>No se han detectado dificultades particulares, no se permiten animales de compa\u00f1\u00eda en la zona del mercado<\/li>\n\n\n\n<li><strong>Acceso:<\/strong> en el norte de Las Palmas entre el puerto, el Castillo de la Luz y la Playa de Las Canteras, aparcamiento dedicado in situ<\/li>\n\n\n\n<li><strong>Catering: <\/strong>15 zonas de catering in situ<\/li>\n\n\n\n<li><strong>Horario:<\/strong>  comida de lunes a s\u00e1bado de 8.30 a 14.30 h; servicios de lunes a viernes de 9.30 a 13.30 h y despu\u00e9s de 16.00 a 18.00 h y el s\u00e1bado de 0.30 a 13.30 h; restaurantes de martes a jueves de 12.30 a 15.30 h y de 20.00 a 23.00 h, viernes y s\u00e1bado de 12.00 a 16.00 h y de 20.00 a 24.00 h, domingo de 12.00 a 17.00 h.<\/li>\n\n\n\n<li>M\u00e1s informaci\u00f3n en la p\u00e1gina web oficial <a href=\"https:\/\/mercadodelpuerto.net\/\" target=\"_blank\" rel=\"noreferrer noopener nofollow\">aqu\u00ed<\/a><\/li>\n<\/ul>\n\n<h2 class=\"wp-block-heading\"><span class=\"ez-toc-section\" id=\"10_Descubra_el_Castillo_de_la_Luz\"><\/span>10. Descubra el Castillo de la Luz<span class=\"ez-toc-section-end\"><\/span><\/h2>\n\n<figure class=\"wp-block-image size-large\"><img decoding=\"async\" src=\"https:\/\/photos.smugmug.com\/Canarias-Lovers\/Gran-Canaria\/Las-Palmas\/Castle-of-La-Luz\/i-n9KDJwZ\/0\/DgPWwrDgTWwzMQFhGVrfNPVkXSXGmRMDgf2xLDXNS\/L\/castle-la-luz-las-palmas-gran-canaria-2-L.jpg\" alt=\"Castillo de la Luz en Las Palmas\"\/><\/figure>\n\n<h3 class=\"wp-block-heading\">\u00bfPor qu\u00e9 visitarlo?<\/h3>\n\n<p>Todav\u00eda al norte de Las Palmas, se alza ante nosotros el Castillo de la Luz. El edificio visible hoy en d\u00eda fue construido a finales del siglo XV, \u00a1pero hemos sabido que sus cimientos datan de 1402! Comenzamos con una visita a esta fortaleza de forma cuadrada. Como alguien a quien le encantan los viejos edificios de piedra, fuimos bien atendidos. Su plataforma pod\u00eda albergar m\u00e1s de una docena de ca\u00f1ones, pero ver\u00e1 que fue da\u00f1ada a finales del siglo XVI durante la invasi\u00f3n holandesa. Su ubicaci\u00f3n al norte de la capital, en el barrio portuario de La Isleta, lo convirti\u00f3 en un puesto estrat\u00e9gico de defensa para la isla. Catalogada como monumento hist\u00f3rico nacional, la fortaleza fue restaurada a finales de la d\u00e9cada de 1990. Disfrutamos de las exposiciones con objetos antiguos y del centro cultural de 2 plantas. Desde el interior, \u00a1ya no pod\u00edamos ver el fuerte! El lugar es una armoniosa mezcla de modernidad, museo de arte y restos de antiguas murallas. Este toque de autenticidad nos atrajo como forma de sumergirnos a\u00fan m\u00e1s en la historia de la ciudad. Tambi\u00e9n se puede subir a la azotea del fuerte, pero no pudimos admirar las vistas porque el acceso estaba cerrado en el momento de nuestra visita.<\/p>\n\n<figure class=\"wp-block-image size-large\"><img decoding=\"async\" src=\"https:\/\/photos.smugmug.com\/Canarias-Lovers\/Gran-Canaria\/Las-Palmas\/Castle-of-La-Luz\/i-RZPbPD2\/0\/hKX7kwgztVsW2GZqc23WBs668Vzsd8PVkWKxSpR9\/L\/castle-la-luz-las-palmas-gran-canaria-3-L.jpg\" alt=\"Castillo de la Luz en Las Palmas\"\/><\/figure>\n\n<h3 class=\"wp-block-heading\">Consejos pr\u00e1cticos<\/h3>\n\n<ul class=\"wp-block-list\">\n<li><strong>Duraci\u00f3n: <\/strong>de 30min a 1h<\/li>\n\n\n\n<li>Sin dificultades identificadas, piso llano, ascensor in situ, mascotas y bicicletas prohibidas<\/li>\n\n\n\n<li><strong>Acceso:<\/strong> situado al norte de la ciudad, en el barrio portuario de La Isleta, con el aparcamiento del Mercado del Puerto en las inmediaciones.<\/li>\n\n\n\n<li><strong>Comer y beber <\/strong>: peque\u00f1os restaurantes y puestos en el Mercado del Puerto, a 10 minutos a pie,<\/li>\n\n\n\n<li><strong>Precio:<\/strong> tarifa completa 4 euros, con descuento 2 euros, gratis para menores de 18 a\u00f1os y los mi\u00e9rcoles de 16.00 a 19.00 horas<\/li>\n\n\n\n<li><strong>Horario de apertura:<\/strong> abierto de martes a s\u00e1bado de 10.00 a 19.00 horas, domingos y festivos de 10.00 a 14.00 horas.<\/li>\n<\/ul>\n\n<h2 class=\"wp-block-heading\"><span class=\"ez-toc-section\" id=\"11_Explore_el_Museo_Diocesano_de_Arte_Sacro\"><\/span>11. Explore el Museo Diocesano de Arte Sacro<span class=\"ez-toc-section-end\"><\/span><\/h2>\n\n<figure class=\"wp-block-image size-large\"><img decoding=\"async\" src=\"https:\/\/photos.smugmug.com\/Canarias-Lovers\/Gran-Canaria\/Las-Palmas\/Santa-Ana-Cathedral\/i-HX5WVFt\/0\/DnqxXjhbw8ncgXkMJVVD2S2xw8fQxxhVBX86M6bdk\/L\/santa-ana-cathedral-diocesan-museum-las-palmas-gran-canaria-1-L.jpg\" alt=\"Museo Diocesano de Arte Sacro en la Catedral de Santa Ana, Las Palmas\"\/><\/figure>\n\n<h3 class=\"wp-block-heading\">\u00bfPor qu\u00e9 visitarlo?<\/h3>\n\n<p>Situado en las dependencias de la catedral de Santa Ana, en el coraz\u00f3n del barrio hist\u00f3rico de Vegueta, el Museo Diocesano de Arte Sacro expone objetos preciosos como esculturas, pinturas y objetos de orfebrer\u00eda. Estas piezas de coleccionista ilustran periodos que van del siglo XVI al XIX. Nos encant\u00f3 el Patio des Orangers, que puede ver en la imagen superior. Un entorno t\u00edpicamente mediterr\u00e1neo, con \u00e1rboles frutales y palmeras que adornan el peque\u00f1o huerto en medio de los bonitos edificios antiguos de piedra y madera. Disfrutamos mucho admirando la exposici\u00f3n <em>El \u00e1rbol de<\/em> la vida. La expresi\u00f3n se refiere a grabados, bordados, pinturas y esculturas, s\u00edmbolos de la eternidad. Tambi\u00e9n nos fascinaron los muebles antiguos, como el armario de madera policromada del siglo XVIII de la Confr\u00e9rie du Rosaire, arriba. Otro favorito es el atril de madera con incrustaciones de n\u00e1car, plata y hueso. \u00a1Cu\u00e1ntos tesoros!<\/p>\n\n<figure class=\"wp-block-image size-large\"><img decoding=\"async\" src=\"https:\/\/photos.smugmug.com\/Canarias-Lovers\/Gran-Canaria\/Las-Palmas\/Santa-Ana-Cathedral\/i-xjVmsCW\/0\/vnFGGJQPq835H6KdpZRGmbkKrVncmPprFrG7LcKc\/L\/santa-ana-cathedral-diocesan-museum-las-palmas-gran-canaria-2-L.jpg\" alt=\"Museo Diocesano de Arte Sacro en la Catedral de Santa Ana, Las Palmas\"\/><figcaption class=\"wp-element-caption\">Armario del siglo XVIII de la Cofrad\u00eda del Rosario en madera policromada<\/figcaption><\/figure>\n\n<h3 class=\"wp-block-heading\">Consejos pr\u00e1cticos<\/h3>\n\n<ul class=\"wp-block-list\">\n<li><strong>Duraci\u00f3n:<\/strong> de 30 a 45 minutos s\u00f3lo para el museo (excluyendo la catedral y su torre), dependiendo de su inter\u00e9s por el arte religioso.<\/li>\n\n\n\n<li>Sin dificultades particulares, ya que el recinto es accesible para PMR con ascensores y escaleras.<\/li>\n\n\n\n<li><strong>Acceso:<\/strong> en la catedral de Santa Ana (en el barrio hist\u00f3rico de Vegueta, v\u00e9ase m\u00e1s arriba)<\/li>\n\n\n\n<li><strong>Comer fuera:<\/strong> elija entre nuestra selecci\u00f3n de restaurantes del casco antiguo, pruebe la cocina de fusi\u00f3n gourmet en el Restaurante Que Leche (nuestro favorito) o deguste las tradicionales tapas en el Restaurante La Vegueta de Col\u00f3n.<\/li>\n\n\n\n<li>El <strong>precio incluye el museo, la catedral y la torre:<\/strong> completo 6 euros, con descuento 4 euros, gratis para menores de 12 a\u00f1os<\/li>\n\n\n\n<li><strong>Horario de apertura:<\/strong> museo accesible en la catedral de lunes a viernes de 10.00 a 18.00 horas y los s\u00e1bados de 10.00 a 16.00 horas.<\/li>\n\n\n\n<li>M\u00e1s informaci\u00f3n en la p\u00e1gina web oficial <a href=\"https:\/\/catedraldecanarias.es\/\" target=\"_blank\" rel=\"noreferrer noopener nofollow\">aqu\u00ed<\/a><\/li>\n<\/ul>\n\n<h2 class=\"wp-block-heading\"><span class=\"ez-toc-section\" id=\"12_En_busca_del_emblema_de_Las_Palmas\"><\/span>12. En busca del emblema de Las Palmas<span class=\"ez-toc-section-end\"><\/span><\/h2>\n\n<figure class=\"wp-block-image size-large\"><img decoding=\"async\" src=\"https:\/\/photos.smugmug.com\/Canarias-Lovers\/Gran-Canaria\/Las-Palmas\/Old-town\/i-p4PqKnd\/0\/FDLrnWsJfRPS46mCt6BVxcv5fGfqJPgHKqnddrTkh\/L\/las-palmas-city-symbol-gran-canaria-L.jpg\" alt=\"Cartel en el casco antiguo\"\/><\/figure>\n\n<h3 class=\"wp-block-heading\">\u00bfPor qu\u00e9 ir a buscarlo?<\/h3>\n\n<p>\u00bfConoce el emblema de Las Palmas de Gran Canaria? Vimos el escudo de la ciudad en varias ocasiones en el casco antiguo y en otros lugares cercanos al puerto y a las distintas playas. Representa una serie de s\u00edmbolos importantes para la ciudad. Descifrar el escudo de Las Palmas se hizo eco de nuestras visitas culturales y del aprendizaje de la historia de la isla durante nuestra estancia. Si se fija bien, lo primero que ver\u00e1 es un castillo o fortificaci\u00f3n, una referencia a la situaci\u00f3n estrat\u00e9gica de Gran Canaria en el norte del oc\u00e9ano Atl\u00e1ntico. Un recuerdo del pasado defensivo y militar de la ciudad. \u00bfSe ha fijado tambi\u00e9n en las 2 palmeras del interior frente a las olas y en las ramas que rodean el emblema? Una referencia a los verdes paisajes de las Islas Canarias cubiertos de esta simb\u00f3lica planta. Observe que el emblema est\u00e1 rematado por una corona, que nos recuerda que estas tierras volc\u00e1nicas fueron conquistadas en el siglo XV bajo la monarqu\u00eda espa\u00f1ola. Por \u00faltimo, eche un \u00faltimo vistazo. <em>\u00abSegura tiene la palma\u00bb<\/em> es el lema de la ciudad, inscrito entre el escudo y las hojas de palmera. En espa\u00f1ol, significa \u00absostiene firmemente la palma\u00bb y hace referencia tanto a las numerosas palmeras de la ciudad de Las Palmas como a la expresi\u00f3n \u00abobtener la victoria\u00bb. \u00bfListo para esta b\u00fasqueda del tesoro?<\/p>\n\n<figure class=\"wp-block-image size-large\"><img decoding=\"async\" src=\"https:\/\/photos.smugmug.com\/Canarias-Lovers\/Gran-Canaria\/Las-Palmas\/Old-town\/i-dd5MBKt\/0\/DJBcSpZRPctQdBzkLWpVKMRP74xCdBsXMDtNx3kfG\/L\/las-palmas-city-symbol-gran-canaria-1-L.jpg\" alt=\"Cartel en el casco antiguo\"\/><\/figure>\n\n<h3 class=\"wp-block-heading\">Consejos pr\u00e1cticos<\/h3>\n\n<p>El emblema de Las Palmas puede verse en las se\u00f1ales de tr\u00e1fico, en los nombres de las calles, en varios barrios y en monumentos. Tenga cuidado, puede adoptar diferentes formas y colores, y el escudo de armas a veces est\u00e1 incrustado en los muros de piedra de la ciudad. \u00a1Vamos!<\/p>\n\n<div style=\"margin-top:8%;margin-bottom:8%\" class=\"wp-block-genesis-blocks-gb-container box gb-block-container\"><div class=\"gb-container-inside\"><div class=\"gb-container-content\">\n<div class=\"wp-block-columns inverse is-layout-flex wp-container-core-columns-is-layout-9d6595d7 wp-block-columns-is-layout-flex\">\n<div class=\"wp-block-column texte_planif is-layout-flow wp-block-column-is-layout-flow\" style=\"flex-basis:58%\">\n<h5 class=\"titre_box\" style=\"padding-top:10px;\">DESCUBRA <span class=\"titre_box_manuscrit\">Las Palmas<\/span><\/h5>\n\n\n\n<ul class=\"ul_box wp-block-list\">\n<li style=\"font-size:14px\"><a href=\"https:\/\/canarias-lovers.com\/es\/que-ver-las-palmas-gran-canaria-visitar\/\" target=\"_blank\" rel=\"noreferrer noopener\">Qu\u00e9 ver en Las Palmas<\/a><\/li>\n\n\n\n<li style=\"font-size:14px\"><a href=\"https:\/\/canarias-lovers.com\/es\/mejores-playas-las-palmas-gran-canaria\/\" target=\"_blank\" rel=\"noreferrer noopener\">Las playas m\u00e1s bellas<\/a><\/li>\n\n\n\n<li style=\"font-size:14px\"><a href=\"https:\/\/canarias-lovers.com\/es\/donde-alojarse-las-palmas-gran-canaria-mejores-hoteles-distritos\/\" target=\"_blank\" rel=\"noreferrer noopener\">Los mejores hoteles<\/a><\/li>\n\n\n\n<li style=\"font-size:14px\"><a href=\"https:\/\/canarias-lovers.com\/es\/mejor-restaurante-gran-canaria-las-palmas-donde-comer-opiniones\/\" target=\"_blank\" rel=\"noreferrer noopener\">Los mejores restaurantes<\/a><\/li>\n\n\n\n<li style=\"font-size:14px\"><a href=\"https:\/\/canarias-lovers.com\/es\/mejores-museos-las-palmas-gran-canaria\/\" target=\"_blank\" rel=\"noreferrer noopener\">Los mejores museos<\/a><\/li>\n\n\n\n<li style=\"font-size:14px\"><a href=\"https:\/\/canarias-lovers.com\/es\/playa-canteras-plage-las-palmas-2\/\" target=\"_blank\" rel=\"noreferrer noopener\">Playa de las Canteras<\/a><\/li>\n\n\n\n<li style=\"font-size:14px\"><a href=\"https:\/\/canarias-lovers.com\/es\/visiter-aquarium-poema-del-mar-las-palmas-2\/\" target=\"_blank\" rel=\"noreferrer noopener\">Acuario Poema del Mar<\/a><\/li>\n\n\n\n<li style=\"font-size:14px\"><a href=\"https:\/\/canarias-lovers.com\/es\/visitar-catedral-santa-ana-las-palmas-gran-canaria\/\" target=\"_blank\" rel=\"noreferrer noopener\">Catedral<\/a><\/li>\n<\/ul>\n<\/div>\n\n\n\n<div class=\"wp-block-column ville-radius is-layout-flow wp-block-column-is-layout-flow\" style=\"flex-basis:42%\">\n<figure class=\"wp-block-image size-large img-portrait\"><img decoding=\"async\" src=\"https:\/\/photos.smugmug.com\/Canarias-Lovers\/Gran-Canaria\/Best\/Villages-towns\/i-gHwwg3T\/0\/D3dJfjzJRf5mVWmbqWDNGfqSMDwSv38QgTVPMZj6B\/S\/las-palmas-cathedral-top-S.jpg\" alt=\"Las Palmas: vista desde la Catedral\" title=\"\"\/><\/figure>\n<\/div>\n<\/div>\n<\/div><\/div><\/div>\n\n<h2 class=\"wp-block-heading\"><span class=\"ez-toc-section\" id=\"Que_ver_en_Las_Palmas_otras_ideas\"><\/span>Qu\u00e9 ver en Las Palmas: otras ideas<span class=\"ez-toc-section-end\"><\/span><\/h2>\n\n<h3 class=\"wp-block-heading\">Otros museos de Las Palmas<\/h3>\n\n<p>Si le gustan la cultura y los museos, aqu\u00ed tiene algunas ideas adicionales para mejorar su estancia en Las Palmas:<\/p>\n\n<ul class=\"wp-block-list\">\n<li><strong>Conjunto arquitect\u00f3nico Pueblo Canario:<\/strong> descubra la artesan\u00eda y el folclore locales a trav\u00e9s de espect\u00e1culos, tiendas y degustaciones de recetas locales.<\/li>\n\n\n\n<li><strong>Museo N\u00e9stor:<\/strong> dentro del complejo Pueblo Canario, una galer\u00eda dedicada a la obra de N\u00e9stor Mart\u00edn-Fern\u00e1ndez de la Torre, famoso pintor canario.<\/li>\n\n\n\n<li><strong>Casa Museo P\u00e9rez Galdos:<\/strong> ejemplo emblem\u00e1tico de la arquitectura local, donde naci\u00f3 y vivi\u00f3 el escritor y periodista espa\u00f1ol Benito P\u00e9rez Gald\u00f3s (efectos personales, mobiliario antiguo, biblioteca, archivos).<\/li>\n<\/ul>\n\n<figure class=\"wp-block-image size-large\"><img decoding=\"async\" src=\"https:\/\/photos.smugmug.com\/Canarias-Lovers\/Gran-Canaria\/Las-Palmas\/Pueblo-Canario\/i-MSM7V5w\/0\/C9jHWZP8pGW8kGpTTRkDh8LgxpdXt2Ft8LpSvkW5N\/L\/pueblo-canario-architecture-las-palmas-gran-canaria-L.jpg\" alt=\"Entrada al complejo arquitect&#xF3;nico y cultural Pueblo Canario\"\/><figcaption class=\"wp-element-caption\">Entrada al complejo arquitect\u00f3nico y cultural Pueblo Canario<\/figcaption><\/figure>\n\n<ul class=\"wp-block-list\">\n<li><strong>Museo Elder:<\/strong> museograf\u00eda inmersiva y experiencia interactiva sobre ciencia y tecnolog\u00eda<\/li>\n\n\n\n<li><strong>Museo Naval Canario<\/strong>: un peque\u00f1o museo dedicado al desarrollo de la marina espa\u00f1ola, anexo a la base naval de Las Palmas.<\/li>\n\n\n\n<li><strong>Centre d&#8217;art La Regenta<\/strong>: espacio de exposici\u00f3n de arte contempor\u00e1neo cerca del Parc Santa Catalina<\/li>\n<\/ul>\n\n<figure class=\"wp-block-image size-large\"><img decoding=\"async\" src=\"https:\/\/photos.smugmug.com\/Canarias-Lovers\/Gran-Canaria\/Las-Palmas\/Elder-Museum\/i-Xzd9V5z\/0\/rQCMTZ7d2QcL8FVt73htt9jRhS7BLfpN7LWrM8F9\/L\/elder-museum-science-technology-las-palmas-gran-canaria-L.jpg\" alt=\"Museo Elder de Ciencia y Tecnolog&#xED;a\"\/><figcaption class=\"wp-element-caption\">Museo Elder de Ciencia y Tecnolog\u00eda<\/figcaption><\/figure>\n\n<h3 class=\"wp-block-heading\">Otras iglesias y ermitas de Las Palmas<\/h3>\n\n<p>Como capital hist\u00f3rica de Gran Canaria, Las Palmas refleja la influencia del catolicismo en Canarias a trav\u00e9s de sus edificios religiosos diseminados por la ciudad. Iglesias, conventos y ermitas son un espect\u00e1culo para la vista:<\/p>\n\n<ul class=\"wp-block-list\">\n<li>Iglesia de Santo Domingo, a 2 pasos del Museo Canario<\/li>\n\n\n\n<li>Ermita de San Pedro Gonzales Telmo cerca del Parque de San Telmo<\/li>\n\n\n\n<li>Ermita del Esp\u00edritu Santo en el barrio de Vegueta<\/li>\n\n\n\n<li>Iglesia cat\u00f3lica de San Agust\u00edn cerca de la catedral de Santa Ana<\/li>\n<\/ul>\n\n<figure class=\"wp-block-image size-large\"><img decoding=\"async\" src=\"https:\/\/photos.smugmug.com\/Canarias-Lovers\/Gran-Canaria\/Las-Palmas\/Old-town\/i-vjZPCf8\/0\/D648T5JfRC7XsfRxTfhHNVfLs25q5NhmGTq4LMB44\/L\/hermitage-holy-spirit-las-palmas-gran-canaria-L.jpg\" alt=\"Ermita del Esp&#xED;ritu Santo en el barrio de Vegueta\"\/><figcaption class=\"wp-element-caption\">Ermita del Esp\u00edritu Santo en el barrio de Vegueta<\/figcaption><\/figure>\n\n<ul class=\"wp-block-list\">\n<li>Ermita de San Antonio Abad detr\u00e1s de la Casa de Col\u00f3n<\/li>\n\n\n\n<li>Iglesia de la Sant\u00edsima Trinidad cerca de la Playa de Alcaravaneras<\/li>\n\n\n\n<li>Iglesia de San Francisco de Borja cerca de la Plaza Mayor de Santa Ana<\/li>\n\n\n\n<li>Iglesia de San Antonio de Padua cerca del Parque de las Rehoyas<\/li>\n<\/ul>\n\n<figure class=\"wp-block-image size-large\"><img decoding=\"async\" src=\"https:\/\/photos.smugmug.com\/Canarias-Lovers\/Gran-Canaria\/Las-Palmas\/Old-town\/i-BWZWh36\/0\/DRwjRhLWHDnzZpS2D7PgwCBBdvvfp2XdZwCcLd6mX\/L\/ermita-santo-antonio-abad-las-palmas-gran-canaria-L.jpg\" alt=\"Ermita de San Antonio Abad detr&#xE1;s de la Casa de Col&#xF3;n\"\/><figcaption class=\"wp-element-caption\">Ermita de San Antonio Abad detr\u00e1s de la Casa de Col\u00f3n<\/figcaption><\/figure>\n\n<h3 class=\"wp-block-heading\">Otros monumentos de Las Palmas<\/h3>\n\n<p>Las Palmas es un aut\u00e9ntico museo al aire libre, y no tuvimos m\u00e1s que pasear para admirar las joyas de la arquitectura colonial espa\u00f1ola. Este estilo tradicional, con influencias andaluzas desde el Renacimiento hasta el siglo XIX, se caracteriza por molduras y ornamentaciones sobrias y sencillas. Tambi\u00e9n le llamar\u00e1n la atenci\u00f3n los patios interiores, las galer\u00edas de madera y el hierro forjado. Disfrutamos de la mezcla de estilos en los diferentes edificios. Algunas maravillas arquitect\u00f3nicas para ver:<\/p>\n\n<ul class=\"wp-block-list\">\n<li><strong>Teatro P\u00e9rez Gald\u00f3s<\/strong>: sigue siendo el coraz\u00f3n cultural de Las Palmas, construido a finales del siglo XIX en el barrio de Triana.<\/li>\n\n\n\n<li><strong>Plaza de Santa Ana:<\/strong> en Vegueta, esculturas de perros de bronce, edificios del siglo XVII como la Casa Regental y el Palacio Episcopal<\/li>\n\n\n\n<li><strong>Gabinete Literario: un<\/strong> bello edificio del siglo XIX que alberga un centro cultural, obras de arte y una rica biblioteca.<\/li>\n\n\n\n<li><strong>Castillo de Mata: <\/strong>castillo del siglo XVI que combina arquitectura antigua y moderna, declarado Monumento Hist\u00f3rico-Art\u00edstico en 1949, Museo de la Ciudad y del Mar<\/li>\n<\/ul>\n\n<figure class=\"wp-block-image size-large\"><img decoding=\"async\" src=\"https:\/\/photos.smugmug.com\/Canarias-Lovers\/Gran-Canaria\/Las-Palmas\/Old-town\/i-3S4SLPr\/0\/Dhh9TxBxH7qFxNvLqWZ4MMMF6HNFHwG3msDdDdzFR\/L\/perez-galdos-theater-las-palmas-gran-canaria-L.jpg\" alt=\"Teatro P&#xE9;rez Gald&#xF3;s\"\/><figcaption class=\"wp-element-caption\">Teatro P\u00e9rez Gald\u00f3s<\/figcaption><\/figure>\n\n<h3 class=\"wp-block-heading\">Otras playas de Las Palmas<\/h3>\n\n<ul class=\"wp-block-list\">\n<li><strong>Playa de las Alcaravaneras:<\/strong> cerca del puerto, con vistas a numerosos barcos (veleros, catamaranes, etc.) y una hermosa extensi\u00f3n de arena para pasear con los pies en el agua o para hacer un agradable footing con vistas al mar.<\/li>\n\n\n\n<li><strong>Playa El Confital:<\/strong> tramo en el extremo norte de la Playa de Las Canteras y Sendero Azul, mirador tras la subida sobre todo el pueblo y la bah\u00eda.<\/li>\n\n\n\n<li><strong>Piscinas de La Laja<\/strong>: piscinas naturales entre Las Palmas y Telde, a 15 minutos en coche, con un gran ambiente y hermosas vistas del horizonte &#8211; <a href=\"https:\/\/canarias-lovers.com\/es\/piscinas-naturales-gran-canaria-lagunas\/\" target=\"_blank\" rel=\"noreferrer noopener\">vea nuestro art\u00edculo sobre las mejores piscinas naturales de Gran<\/a> Canaria.<\/li>\n<\/ul>\n\n<figure class=\"wp-block-image size-large\"><img decoding=\"async\" src=\"https:\/\/photos.smugmug.com\/Canarias-Lovers\/Gran-Canaria\/Las-Palmas\/Playa-de-Las-Alcaravaneras\/i-vdXvzkW\/0\/pnS2hxs7gGr47DL5pgR7btqPpPpDBKDpWFDQmscL\/L\/beach-playa-las-alcaravaneras-las-palmas-gran-canaria-2-L.jpg\" alt=\"Playa de las Alcaravaneras\"\/><figcaption class=\"wp-element-caption\">Playa de las Alcaravaneras<\/figcaption><\/figure>\n\n<h3 class=\"wp-block-heading\">Qu\u00e9 ver en Las Palmas con ni\u00f1os<\/h3>\n\n<p>Estamos convencidos de que Las Palmas tambi\u00e9n es un gran destino para las familias. Grandes playas urbanas de arena, acuario, parque infantil, castillos, museos inmersivos&#8230; No se aburrir\u00e1, \u00a1y sus peque\u00f1os tampoco! Algunas de las ideas mencionadas anteriormente:<\/p>\n\n<ul class=\"wp-block-list\">\n<li><strong>Acuario Poema del Mar<\/strong> &#8211; <a href=\"https:\/\/www.tiqets.com\/es\/activites-attractions-las-palmas-de-grande-canarie-c65973\/billets-pour-poema-del-mar-aquarium-de-grande-canarie-coupe-file-p975710?partner=region_lovers&amp;tq_campaign=CAL\" target=\"_blank\" rel=\"noreferrer noopener sponsored nofollow\">reserve su entrada sin colas<\/a><\/li>\n\n\n\n<li><strong>Playa de Las Canteras <\/strong>&#8211; hermosa playa y gran extensi\u00f3n de arena con juegos y actividades<\/li>\n\n\n\n<li><strong>Parque de Santa Catalina<\/strong> &#8211; bonito parque cerca del acuario y de la Playa de Las Canteras<\/li>\n\n\n\n<li>Las <strong>piscinas naturales<\/strong> de Las Palmas y Telde<\/li>\n\n\n\n<li><strong>Castillo de la Luz<\/strong><\/li>\n<\/ul>\n\n<figure class=\"wp-block-image size-large\"><img decoding=\"async\" src=\"https:\/\/photos.smugmug.com\/Canarias-Lovers\/Gran-Canaria\/Las-Palmas\/Playa-de-las-Canteras\/i-LkTs8jc\/0\/CTKNF7ww9MSPj83z6vtsH2BB4CckwzhK4kxnC9NrP\/L\/children-playground-las-palmas-gran-canaria-L.jpg\" alt=\"Zona de juegos infantiles en el Parque Santa Catalina cerca de la Playa de Las Canteras\"\/><figcaption class=\"wp-element-caption\">Zona de juegos infantiles en el Parque Santa Catalina cerca de la Playa de Las Canteras<\/figcaption><\/figure>\n\n<h3 class=\"wp-block-heading\">Qu\u00e9 ver en Las Palmas cuando llueve<\/h3>\n\n<p>Rara vez llueve en Las Palmas. El mes con mayor riesgo de precipitaciones es enero, con una media de menos de 3 d\u00edas en el mes. No se preocupe, Las Palmas es una ciudad animada con mucho que hacer. Incluso bajo la lluvia, hay mucho para mantenerle ocupado:<\/p>\n\n<ul class=\"wp-block-list\">\n<li>Visite los numerosos museos de la ciudad, entre ellos el Museo Canario, centrado en la historia de la ciudad y del archipi\u00e9lago, y la Casa de Col\u00f3n, antigua residencia de Crist\u00f3bal Col\u00f3n.<\/li>\n\n\n\n<li>Visite la Catedral de Santa Ana<\/li>\n\n\n\n<li>Descubra el acuario Poema del Mar<\/li>\n\n\n\n<li>Deguste las especialidades locales en uno de los mejores restaurantes de la ciudad (art\u00edculo en preparaci\u00f3n)<\/li>\n\n\n\n<li>Disfrute de la animada vida nocturna de la capital en los barrios de Vegueta, Triana y los alrededores del puerto<\/li>\n<\/ul>\n\n<figure class=\"wp-block-image size-large\"><img decoding=\"async\" src=\"https:\/\/photos.smugmug.com\/Canarias-Lovers\/Gran-Canaria\/Las-Palmas\/Casa-de-Col&#xF3;n-Museum\/i-X5S5QBQ\/0\/FGKr9vNWBsHr7xjpQ5H6zQx7xL4D7PZS93dwtQMFr\/L\/casa-de-colon-museum-las-palmas-gran-canaria-1-L.jpg\" alt=\"Patio de la Casa de Col&#xF3;n\"\/><figcaption class=\"wp-element-caption\">Patio de la Casa de Col\u00f3n<\/figcaption><\/figure>\n\n<h2 class=\"wp-block-heading\"><span class=\"ez-toc-section\" id=\"Excursiones_por_Las_Palmas\"><\/span>Excursiones por Las Palmas<span class=\"ez-toc-section-end\"><\/span><\/h2>\n\n<p>Desde Las Palmas, tambi\u00e9n apreciamos la variedad de excursiones de un d\u00eda y de medio d\u00eda disponibles. He aqu\u00ed nuestra selecci\u00f3n para su disfrute:<\/p>\n\n<h3 class=\"wp-block-heading\">Cr\u00e1ter del volc\u00e1n Caldera de Bandama<\/h3>\n\n<ul class=\"wp-block-list\">\n<li>Si le gustan los volcanes, puede que Gran Canaria no sea el destino adecuado para usted: Lanzarote y Tenerife tienen mucho m\u00e1s que ofrecer.<br\/>Pero a\u00fan puede bajar al sur de Las Palmas para ver el cr\u00e1ter de Bandama desde la cima, \u00a1a 575 m sobre el nivel del mar!<br\/>Y si es lo suficientemente valiente, podr\u00e1 incluso caminar por su interior para vivir una experiencia \u00fanica en plena naturaleza. <strong>\n  <a href=\"https:\/\/www.getyourguide.es\/grande-canarie-l418\/gran-canaria-las-palmas-jardin-botanique-volcan-t127505\/?partner_id=R3GYW4V&amp;cmp=CAL\" target=\"_blank\" rel=\"noreferrer noopener sponsored nofollow\">ver el programa y reservar<\/a>\n<\/strong><\/li>\n<\/ul>\n\n<figure class=\"wp-block-image size-large\"><img decoding=\"async\" src=\"https:\/\/photos.smugmug.com\/Canarias-Lovers\/Gran-Canaria\/Telde\/Bandama-volcano\/i-7WVfW6G\/0\/R5ZbCb2Dhgb3jnQdpZG2Fs48ZQKw7T87zpKJSx7h\/L\/bandama-volcano-telde-gran-canaria-L.jpg\" alt=\"Cr&#xE1;ter del volc&#xE1;n Caldera de Bandama\"\/><figcaption class=\"wp-element-caption\">Cr\u00e1ter del volc\u00e1n Caldera de Bandama<\/figcaption><\/figure>\n\n<h3 class=\"wp-block-heading\">Yacimientos arqueol\u00f3gicos en Gran Canaria<\/h3>\n\n<ul class=\"wp-block-list\">\n<li>Gran Canaria no s\u00f3lo es famosa por sus playas de arena fina y sus paisajes. La isla alberga tambi\u00e9n un rico patrimonio arqueol\u00f3gico, testigo de las civilizaciones que la han habitado. El Cenobio de Valer\u00f3n es un buen ejemplo, con m\u00e1s de 300 cuevas artificiales, todas a s\u00f3lo 30 minutos en coche de Las Palmas &#8211; <a href=\"https:\/\/canarias-lovers.com\/es\/yacimientos-arqueologicos-gran-canaria\/\" target=\"_blank\" rel=\"noreferrer noopener\">vea nuestro art\u00edculo sobre los mejores yacimientos arqueol\u00f3gicos de<\/a> la isla.<\/li>\n<\/ul>\n\n<figure class=\"wp-block-image\"><img decoding=\"async\" src=\"https:\/\/photos.smugmug.com\/Canarias-Lovers\/Gran-Canaria\/Best\/Archaeological-sites\/i-pMTq75t\/0\/CfSMVRRnfFNnCrXDwgfQdRfHRJLF7pkMK7wQV3tMc\/L\/Cuevas_Valeron-L.jpg\" alt=\"Cenobio de Valer&#xF3;n - cuevas\"\/><figcaption class=\"wp-element-caption\">Cuevas del Cenobio de Valer\u00f3n<\/figcaption><\/figure>\n\n<h3 class=\"wp-block-heading\">Valle de Agaete<\/h3>\n\n<ul class=\"wp-block-list\">\n<li>En nuestra opini\u00f3n, el Valle de Agaete es una de las rutas m\u00e1s bellas de Gran Canaria.<br\/>El paisaje es magn\u00edfico, con monta\u00f1as que se elevan a ambos lados y un poco de verdor, a pesar de los estrechos pasos. A s\u00f3lo 30 minutos en coche al oeste de Las Palmas, descubra esta joya natural de la isla &#8211; <a href=\"https:\/\/canarias-lovers.com\/es\/que-ver-agaete-visitar\/\" target=\"_blank\" rel=\"noreferrer noopener\">lea nuestro art\u00edculo<\/a><\/li>\n<\/ul>\n\n<figure class=\"wp-block-image\"><img decoding=\"async\" src=\"https:\/\/photos.smugmug.com\/Canarias-Lovers\/Gran-Canaria\/Agaete\/Raod-valley\/i-VRvhXgR\/0\/fcTnKcLDGsv7MrHSG8WpcGRpKXxJcd8Q8WSprTwG\/L\/agaete-valley-L.jpg\" alt=\"Valle de Agaete\"\/><\/figure>\n\n<h3 class=\"wp-block-heading\">Senderismo en las cascadas de Gran Canaria<\/h3>\n\n<ul class=\"wp-block-list\">\n<li>Para reconectar con la naturaleza, parta desde Las Palmas para descubrir la flora y la fauna de la isla y las m\u00e1gicas cascadas de Gran Canaria &#8211; <strong>\n  <a href=\"https:\/\/www.getyourguide.es\/grande-canarie-l418\/gran-canaria-circuit-de-randonnee-des-cascades-magiques-t440755\/?partner_id=R3GYW4V&amp;cmp=CAL\" target=\"_blank\" rel=\"noreferrer noopener sponsored nofollow\">ver el programa y reservar<\/a>\n<\/strong><\/li>\n<\/ul>\n\n<h3 class=\"wp-block-heading\">Selva tropical del Barranco de los Cernicalos<\/h3>\n\n<ul class=\"wp-block-list\">\n<li>Plantas subtropicales, cactus y exuberantes paisajes verdes llenar\u00e1n sus ojos en el Bosque del Barranco de los Cernicalos, a 40 minutos en coche al sur de Las Palmas. \u00bfListo para una excursi\u00f3n con vistas panor\u00e1micas y la oportunidad de avistar m\u00e1s de 300 especies end\u00e9micas de Canarias?  <strong><a href=\"https:\/\/www.getyourguide.es\/grande-canarie-l418\/las-palmas-randonnee-dans-la-foret-tropicale-de-barranco-de-los-cernicalos-t485787\/?partner_id=R3GYW4V&amp;cmp=CAL\" target=\"_blank\" rel=\"noreferrer noopener sponsored nofollow\">Ver el programa y reservar<\/a><\/strong><\/li>\n<\/ul>\n\n<h2 class=\"wp-block-heading\"><span class=\"ez-toc-section\" id=\"Consejos_utiles_para_visitar_Las_Palmas\"><\/span>Consejos \u00fatiles para visitar Las Palmas<span class=\"ez-toc-section-end\"><\/span><\/h2>\n\n<h3 class=\"wp-block-heading\">\u00bfD\u00f3nde est\u00e1 Las Palmas?<\/h3>\n\n<ul class=\"wp-block-list\">\n<li>al norte de la isla de <a href=\"https:\/\/canarias-lovers.com\/es\/que-ver-gran-canaria-visitar\/\" target=\"_blank\" rel=\"noreferrer noopener\">Gran Canaria<\/a> en el archipi\u00e9lago canario<\/li>\n\n\n\n<li>De Las Palmas a Maspalomas = 40min en coche<\/li>\n\n\n\n<li>Las Palmas a <a href=\"https:\/\/canarias-lovers.com\/es\/que-ver-puerto-rico-gran-canaria-visitar\/\" target=\"_blank\" rel=\"noreferrer noopener\">Puerto Rico<\/a> = 55min en coche<\/li>\n\n\n\n<li>Las Palmas a <a href=\"https:\/\/canarias-lovers.com\/es\/que-ver-agaete-visitar\/\" target=\"_blank\" rel=\"noreferrer noopener\">Agaete<\/a> = 30min en coche<\/li>\n\n\n\n<li>Aqu\u00ed tiene un mapa que le ayudar\u00e1 a visitar las mejores atracciones de la ciudad:<\/li>\n<\/ul>\n\n<figure class=\"wp-block-image size-large\"><img decoding=\"async\" src=\"https:\/\/canarias-lovers.com\/wp-content\/uploads\/2024\/06\/mapa-atracciones-las-palmas-gran-canaria-1-1024x685.png\" alt=\"Mapa de las mejores atracciones de Las Palmas de Gran Canaria\" class=\"wp-image-1224\"\/><figcaption class=\"wp-element-caption\">Mapa de las mejores atracciones de Las Palmas de Gran Canaria<\/figcaption><\/figure>\n\n<h3 class=\"wp-block-heading\">\u00bfC\u00f3mo llegar a Las Palmas?<\/h3>\n\n<p>Hay dos opciones para llegar a Las Palmas si no se encuentra ya en Canarias:<\/p>\n\n<ul class=\"wp-block-list\">\n<li><strong>En ferry:<\/strong> desde Huelva o C\u00e1diz, en Andaluc\u00eda, los ferrys llegan a Las Palmas. Si ya se encuentra en otra isla del archipi\u00e9lago canario, tambi\u00e9n puede llegar a la capital en ferry &#8211; <strong>\n  <a href=\"https:\/\/www.directferries.com\/?dfpid=1915\" target=\"_blank\" rel=\"noreferrer noopener sponsored nofollow\">ver rutas<\/a>\n<\/strong><\/li>\n\n\n\n<li><strong>En avi\u00c3\u00b3n:<\/strong> Las Palmas cuenta con un aeropuerto internacional con vuelos directos a 133 destinos en 28 pa\u00c3ses. <strong>\n  <a href=\"https:\/\/skyscanner.pxf.io\/c\/2838839\/1027991\/13416?associateid=AFF_TRA_19354_00001\" target=\"_blank\" rel=\"noreferrer noopener sponsored nofollow\">ver vuelos disponibles<\/a>\n<\/strong><\/li>\n<\/ul>\n\n<p>Aunque Agadir, en la costa marroqu\u00ed, est\u00e1 a menos de 620 km en l\u00ednea recta de Las Palmas de Gran Canaria, no hay opci\u00f3n de ferry entre estas 2 ciudades.<\/p>\n\n<p>Si ya est\u00e1 en Gran Canaria, tambi\u00e9n puede <a href=\"https:\/\/canarias-lovers.com\/es\/como-alquilar-coche-gran-canaria-consejos-experiencas\/\" target=\"_blank\" rel=\"noreferrer noopener\">alquilar un coche<\/a> para que le resulte m\u00e1s f\u00e1cil moverse por la capital y sus alrededores.<\/p>\n\n<figure class=\"wp-block-image size-large is-resized\"><img decoding=\"async\" src=\"https:\/\/photos.smugmug.com\/Canarias-Lovers\/Gran-Canaria\/Ferry\/i-GzpzbWC\/0\/CPznCC5G6mnNxPGfr3pHqpWLSV7cVnnGxJBJjM2h2\/L\/gran-canaria-tenerife-ferry-L.jpg\" alt=\"Ferry\" style=\"width:702px;height:auto\"\/><figcaption class=\"wp-element-caption\">Ferry a Gran Canaria<\/figcaption><\/figure>\n\n<h3 class=\"wp-block-heading\">Aparcamiento en Las Palmas<\/h3>\n\n<p>Si tiene coche, aparcar puede ser un verdadero quebradero de cabeza en Las Palmas. Le recomendamos evitar el barrio hist\u00f3rico de Vegueta, donde las calles son bastante estrechas. No olvide comprobar si su alojamiento dispone de aparcamiento. Si no es as\u00ed, utilice los aparcamientos de pago, que son seguros. Por ejemplo, el centro comercial El Muelle dispone de aparcamiento.<br\/>Cerca de playas como Las Canteras y Las Alcaravaneras hay grandes aparcamientos gratuitos, ideales si va a pasar el d\u00eda tomando el sol.<\/p>\n\n<figure class=\"wp-block-image size-large\"><img decoding=\"async\" src=\"https:\/\/photos.smugmug.com\/Canarias-Lovers\/Gran-Canaria\/Las-Palmas\/Town-Canteras\/i-tNcvppL\/0\/Cq4QF42V5kV8RZNf9mZJf2PpPSRnkC9fHTSbknW7V\/L\/car-parking-las-palmas-gran-canaria-L.jpg\" alt=\"aparcamiento\"\/><\/figure>\n\n<h3 class=\"wp-block-heading\">Moverse por Las Palmas<\/h3>\n\n<p>Las Palmas est\u00e1 bastante bien equipada en lo que a transporte se refiere. Para desplazarse f\u00e1cilmente por la ciudad, consulte <a href=\"https:\/\/guaguasglobal.com\/en\/routes-timetables\/\" target=\"_blank\" rel=\"noreferrer noopener nofollow\">aqu\u00ed<\/a> las rutas y horarios de los autobuses urbanos \u00abguaguas\u00bb. Si prefiere las 2 ruedas, Las Palmas cuenta con carriles bici y un sistema p\u00fablico de autoservicio de alquiler de <a href=\"https:\/\/lpavisit.com\/es\/que-hacer\/experiencias\/2455-sitycleta2\" target=\"_blank\" rel=\"noreferrer noopener nofollow\">bicicletas<\/a>.<br\/>Por \u00faltimo, para aprovechar al m\u00e1ximo todas las atracciones de la capital, le recomendamos que elija el autob\u00fas tur\u00edstico Hop-On Hop-Off, que le llevar\u00e1 sin prisas a los mejores puntos de inter\u00e9s de la ciudad. <strong>\n  <a href=\"https:\/\/www.tiqets.com\/es\/activites-attractions-las-palmas-de-grande-canarie-c65973\/billets-pour-bus-hop-on-hop-off-las-palmas-de-gran-canaria-p977116?partner=region_lovers&amp;tq_campaign=CAL\" target=\"_blank\" rel=\"noreferrer noopener sponsored nofollow\">Reserve su billete<\/a>\n<\/strong><\/p>\n\n<figure class=\"wp-block-image size-large\"><img decoding=\"async\" src=\"https:\/\/photos.smugmug.com\/Canarias-Lovers\/Gran-Canaria\/Las-Palmas\/Town-Canteras\/i-zmXDmSd\/0\/DDftXbwHgCxPFbv86kM3ZtPwpb3H5TW6VHRzXvnG\/L\/bike-las-palmas-gran-canaria-L.jpg\" alt=\"bicicletas\"\/><\/figure>\n\n<h3 class=\"wp-block-heading\">D\u00f3nde comer en Las Palmas<\/h3>\n\n<p>Para nosotros, comer bien es una parte integral de la experiencia del viaje. Hemos descubierto algunos restaurantes muy finos en Las Palmas. \u00c9stos son nuestros favoritos:<\/p>\n\n<ul class=\"wp-block-list\">\n<li><strong>Restaurante Tabaiba<\/strong>: platos vanguardistas con productos locales de Canarias revisitados<\/li>\n\n\n\n<li><strong>Restaurante Que Leche<\/strong>: cocina de fusi\u00f3n basada en especialidades canarias mezcladas con influencias de otros lugares<\/li>\n\n\n\n<li><strong>Restaurante Ll\u00e9vame al Huerto<\/strong>: un men\u00fa corto con sencillez y delicadeza, todo ello en un ambiente acogedor<\/li>\n<\/ul>\n\n<p>\u00a1Est\u00e9 atento a nuestro art\u00edculo sobre los mejores restaurantes de Las Palmas muy pronto!<\/p>\n\n<figure class=\"wp-block-image size-large\"><img decoding=\"async\" src=\"https:\/\/photos.smugmug.com\/Canarias-Lovers\/Gran-Canaria\/Las-Palmas\/Restaurants\/Que-Leche-Restaurant\/i-VDcstw6\/0\/rjWnV5RbxkTKKprNQRHq6tbjqHvsSFZVzH3BSTG4\/L\/que-leche-restaurant-las-palmas-gran-canaria-L.jpg\" alt=\"Restaurante Que Leche en Las Palmas\"\/><figcaption class=\"wp-element-caption\">Restaurante Que Leche en Las Palmas<\/figcaption><\/figure>\n\n<h3 class=\"wp-block-heading\">Visitar Las Palmas en invierno<\/h3>\n\n<p>Si busca sol en invierno, \u00a1\u00e9sta es la \u00e9poca ideal para descubrir Las Palmas! Las temperaturas oscilan en torno a los 20\u00b0C. Nuestra \u00faltima estancia en Las Palmas fue en invierno, y aprovechamos al m\u00e1ximo las playas de arena fina. Tambi\u00e9n puede dejarse llevar por el apacible estilo de vida local, paseando por las pintorescas calles del barrio hist\u00f3rico de Vegueta o explorando los paisajes volc\u00e1nicos de la isla. Todas las atracciones, restaurantes, hoteles y museos est\u00e1n abiertos incluso en invierno. Es un destino popular para los turistas del hemisferio norte, que vienen en busca del sol en esta \u00e9poca del a\u00f1o. En nuestra opini\u00f3n, \u00a1pasar el invierno en Las Palmas es la forma perfecta de saborear el verano!<\/p>\n\n<div style=\"margin-top:8%;margin-bottom:8%\" class=\"wp-block-genesis-blocks-gb-container box gb-block-container\"><div class=\"gb-container-inside\"><div class=\"gb-container-content\" style=\"max-width:700px\">\n<div class=\"wp-block-genesis-blocks-gb-container box_titre gb-block-container\"><div class=\"gb-container-inside\"><div class=\"gb-container-content\">\n<h5 class=\"titre_box\"><span>PLANIFIQUE<\/span> SU VIAJE A <span class=\"titre_box_manuscrit\">Gran Canaria<\/span><\/h5>\n<\/div><\/div><\/div>\n\n\n\n<hr class=\"wp-block-separator has-text-color has-alpha-channel-opacity has-background is-style-wide hr-box-planif\" style=\"background-color:#ccd3dd;color:#ccd3dd\"\/>\n\n\n\n<div class=\"wp-block-columns box_sans_border is-layout-flex wp-container-core-columns-is-layout-9d6595d7 wp-block-columns-is-layout-flex\">\n<div class=\"wp-block-column texte_planif is-layout-flow wp-block-column-is-layout-flow\" style=\"font-size:14px;flex-basis:60%\">\n<ul class=\"wp-block-list\">\n<li><strong>Lo mejor de<\/strong><\/li>\n<\/ul>\n\n\n\n<p class=\"ul_box\" style=\"font-size:14px\"><a href=\"https:\/\/canarias-lovers.com\/es\/que-ver-gran-canaria-visitar\/\" target=\"_blank\" rel=\"noreferrer noopener\">Qu\u00e9 ver en Gran Canaria<\/a><br\/><a href=\"https:\/\/canarias-lovers.com\/es\/mejores-paisajes-gran-canaria-fotos\/\" target=\"_blank\" rel=\"noreferrer noopener\">Paisajes m\u00e1s bellos<\/a><br\/><a href=\"https:\/\/canarias-lovers.com\/es\/mejores-ciudades-gran-canaria-pueblos\/\" target=\"_blank\" rel=\"noreferrer noopener\">Ciudades y pueblos m\u00e1s bonitos<\/a><br\/><a href=\"https:\/\/canarias-lovers.com\/es\/mejores-playas-gran-canaria\/\" target=\"_blank\" rel=\"noreferrer noopener\">Las playas m\u00e1s bellas<\/a><br\/><a href=\"https:\/\/canarias-lovers.com\/es\/piscinas-naturales-gran-canaria-lagunas\/\" target=\"_blank\" rel=\"noreferrer noopener\">Las mejores piscinas naturales<\/a><br\/><a href=\"https:\/\/canarias-lovers.com\/es\/yacimientos-arqueologicos-gran-canaria\/\" target=\"_blank\" rel=\"noreferrer noopener\">Yacimientos arqueol\u00f3gicos<\/a><br\/><a href=\"https:\/\/canarias-lovers.com\/es\/mejores-museos-gran-canaria\/\" target=\"_blank\" rel=\"noreferrer noopener\">Los mejores museos<\/a><br\/><a href=\"https:\/\/canarias-lovers.com\/es\/meilleures-excursions-bateau-gran-canaria-2\/\" target=\"_blank\" rel=\"noreferrer noopener\">Las mejores excursiones en barco<\/a><br\/><a href=\"https:\/\/canarias-lovers.com\/es\/lugares-secretos-gran-canaria\/\" target=\"_blank\" rel=\"noreferrer noopener\">Lugares secretos, fuera de los caminos trillados<\/a><\/p>\n<\/div>\n\n\n\n<div class=\"wp-block-column is-vertically-aligned-top planif-radius is-layout-flow wp-block-column-is-layout-flow\" style=\"flex-basis:40%\">\n<figure class=\"wp-block-image size-large img-portrait\"><img decoding=\"async\" src=\"https:\/\/photos.smugmug.com\/Canarias-Lovers\/Gran-Canaria\/Best-of\/i-8qV2fwm\/0\/98eb2a07\/S\/Roque-Nublo-S.jpg\" alt=\"Roque Nublo\" title=\"\"\/><\/figure>\n<\/div>\n<\/div>\n\n\n\n<hr class=\"wp-block-separator has-text-color has-alpha-channel-opacity has-background is-style-wide hr-box-planif\" style=\"background-color:#ccd3dd;color:#ccd3dd\"\/>\n\n\n\n<div class=\"wp-block-columns box_sans_border is-layout-flex wp-container-core-columns-is-layout-9d6595d7 wp-block-columns-is-layout-flex\">\n<div class=\"wp-block-column texte_planif is-layout-flow wp-block-column-is-layout-flow\" style=\"flex-basis:60%\">\n<ul class=\"wp-block-list\">\n<li><strong>Consejos pr\u00e1cticos<\/strong><\/li>\n<\/ul>\n\n\n\n<p style=\"font-size:14px\"><a href=\"https:\/\/canarias-lovers.com\/es\/guia-viaje-gran-canaria-consejos\/\" target=\"_blank\" rel=\"noreferrer noopener\">25 consejos para un viaje exitoso a Gran Canaria<\/a><br\/><a href=\"https:\/\/canarias-lovers.com\/es\/mejor-epoca-para-viajar-gran-canaria-tiempo\/\" target=\"_blank\" rel=\"noreferrer noopener\">\u00bfCu\u00e1ndo debe marcharse?<\/a><\/p>\n\n\n\n<p style=\"font-size:14px\"><a href=\"https:\/\/canarias-lovers.com\/es\/desplazarse-gran-canaria-transporte\/\" target=\"_blank\" rel=\"noreferrer noopener\">C\u00f3mo desplazarse<\/a><br\/><a href=\"https:\/\/canarias-lovers.com\/es\/como-alquilar-coche-gran-canaria-consejos-experiencas\/\" target=\"_blank\" rel=\"noreferrer noopener\">C\u00f3mo alquilar un coche en Gran Canaria<\/a><br\/><a href=\"https:\/\/canarias-lovers.com\/es\/conducir-gran-canaria-consejos\/\" target=\"_blank\" rel=\"noreferrer noopener\">Consejos de conducci\u00f3n<\/a><br\/><a href=\"https:\/\/canarias-lovers.com\/es\/meilleures-excursions-gran-canaria-2\/\" target=\"_blank\" rel=\"noreferrer noopener\">Las mejores excursiones<\/a><\/p>\n\n\n\n<p style=\"font-size:14px\">Itinerarios: 3 d\u00edas &#8211; 4 d\u00edas &#8211; <a href=\"https:\/\/canarias-lovers.com\/es\/visitar-5-dias-gran-canaria-itinerario\/\" target=\"_blank\" rel=\"noreferrer noopener\">5 d\u00edas<\/a> &#8211; <a href=\"https:\/\/canarias-lovers.com\/es\/visitar-6-dias-gran-canaria-itinerario\/\" target=\"_blank\" rel=\"noreferrer noopener\">6 d\u00edas<\/a> &#8211; <a href=\"https:\/\/canarias-lovers.com\/es\/visitar-gran-canaria-una-semana-itinerario\/\" target=\"_blank\" rel=\"noreferrer noopener\">7 d\u00edas<\/a> &#8211; <a href=\"https:\/\/canarias-lovers.com\/es\/visitar-10-dias-gran-canaria-itinerario\/\" target=\"_blank\" rel=\"noreferrer noopener\">10 d\u00edas<\/a><\/p>\n\n\n\n<p style=\"font-size:14px\"><a href=\"https:\/\/canarias-lovers.com\/es\/donde-alojarse-gran-canaria-mejores-destinos\/\" target=\"_blank\" rel=\"noreferrer noopener\">D\u00f3nde alojarse en Gran Canaria<\/a><\/p>\n<\/div>\n\n\n\n<div class=\"wp-block-column is-vertically-aligned-top planif-radius is-layout-flow wp-block-column-is-layout-flow\" style=\"flex-basis:40%\">\n<figure class=\"wp-block-image size-large img-portrait\"><img decoding=\"async\" src=\"https:\/\/photos.smugmug.com\/Canarias-Lovers\/Gran-Canaria\/Driving\/i-rqnNnCs\/1\/4b657343\/S\/gran-Canaria-rental-car-driving-3-S.jpg\" alt=\"Alquiler de coches Gran Canaria\" title=\"\"\/><\/figure>\n<\/div>\n<\/div>\n\n\n\n<hr class=\"wp-block-separator has-text-color has-alpha-channel-opacity has-background is-style-wide hr-box-planif\" style=\"background-color:#ccd3dd;color:#ccd3dd\"\/>\n\n\n\n<div class=\"wp-block-columns box_sans_border is-layout-flex wp-container-core-columns-is-layout-9d6595d7 wp-block-columns-is-layout-flex\">\n<div class=\"wp-block-column texte_planif is-layout-flow wp-block-column-is-layout-flow\" style=\"flex-basis:60%\">\n<ul class=\"wp-block-list\">\n<li><strong>Lo imprescindible<\/strong><\/li>\n<\/ul>\n\n\n\n<p style=\"font-size:14px\"><a href=\"https:\/\/canarias-lovers.com\/es\/que-ver-las-palmas-gran-canaria-visitar\/\" target=\"_blank\" rel=\"noreferrer noopener\">Las Palmas y su centro hist\u00f3rico<\/a><br\/><a href=\"https:\/\/canarias-lovers.com\/es\/ver-delfines-gran-canaria-ballenas\/\" target=\"_blank\" rel=\"noreferrer noopener\">Avistamiento de delfines en Gran Canaria<\/a><br\/><a href=\"https:\/\/canarias-lovers.com\/es\/dunes-maspalomas-gran-canaria-2\/\" target=\"_blank\" rel=\"noreferrer noopener\">Dunas de Maspalomas<\/a><br\/><a href=\"https:\/\/canarias-lovers.com\/es\/que-ver-puerto-mogan-visitar\/\" target=\"_blank\" rel=\"noreferrer noopener\">Puerto de Mog\u00e1n (Peque\u00f1a Venecia)<\/a><br\/><a href=\"https:\/\/canarias-lovers.com\/es\/que-ver-agaete-visitar\/\" target=\"_blank\" rel=\"noreferrer noopener\">Agaete y sus piscinas naturales<\/a><br\/><a href=\"https:\/\/canarias-lovers.com\/es\/que-ver-aguimes-grancanaria-visitar\/\" target=\"_blank\" rel=\"noreferrer noopener\">La magn\u00edfica ciudad de Ag\u00fcimes<\/a><br\/><\/p>\n<\/div>\n\n\n\n<div class=\"wp-block-column is-vertically-aligned-top planif-radius is-layout-flow wp-block-column-is-layout-flow\" style=\"flex-basis:40%\">\n<figure class=\"wp-block-image size-large img-portrait\"><img decoding=\"async\" src=\"https:\/\/photos.smugmug.com\/Canarias-Lovers\/Gran-Canaria\/Best-of\/i-wqpn8vC\/0\/85607396\/S\/Gran-Canaria-dolphins-S.jpg\" alt=\"Delf&#xED;n en Gran Canaria\" title=\"\"\/><\/figure>\n<\/div>\n<\/div>\n\n\n\n<div style=\"height:30px\" aria-hidden=\"true\" class=\"wp-block-spacer\"><\/div>\n<\/div><\/div><\/div>\n\n<div class=\"wp-block-genesis-blocks-gb-container box_auteur_voyage gb-block-container\"><div class=\"gb-container-inside\"><div class=\"gb-container-content\">\n<figure class=\"wp-block-image size-large img_auteur_voyage img_provisoire\"><a href=\"https:\/\/canarias-lovers.com\/es\/claire-robinson\/\" target=\"_blank\" rel=\"noreferrer noopener\"><img decoding=\"async\" src=\"https:\/\/photos.smugmug.com\/Region-Lovers\/Equipe\/i-nsNF6C6\/0\/Cs2F5n96pkt9xFD9D3SVqmQspMhrKgN75nHgBqmjG\/L\/Claire-L.png\" alt=\"\"\/><\/a><\/figure>\n\n\n\n<h5 class=\"titre_auteur_voyage\"><span>HIZO EL VIAJE <\/span><span class=\"titre_box_manuscrit\">Claire<\/span><\/h5>\n<\/div><\/div><\/div>\n\n<div class=\"wp-block-genesis-blocks-gb-container box_auteur_voyage gb-block-container\"><div class=\"gb-container-inside\"><div class=\"gb-container-content\">\n<figure class=\"wp-block-image size-large img_auteur_voyage img_provisoire\"><img decoding=\"async\" src=\"https:\/\/photos.smugmug.com\/Region-Lovers\/Equipe\/i-2VkpKdc\/0\/DqDG7GbR6CxhqJq4M7VBQnSmkShv4QM9sWgTxgDm4\/L\/myriam-2-L.jpg\" alt=\"\"\/><\/figure>\n\n\n\n<h5 class=\"titre_auteur_voyage\"><span>ELLA ESCRIBI\u00d3 EL ART\u00cdCULO \n <\/span><span class=\"titre_box_manuscrit\">Myriam<\/span><\/h5>\n<\/div><\/div><\/div>\n","protected":false},"excerpt":{"rendered":"<p>\u00bfEst\u00e1 planeando un viaje a las Islas Canarias? Las Palmas, la capital de Gran Canaria, fue una de nuestras favoritas. Aut\u00e9ntica pero moderna, la ciudad alberga joyas arquitect\u00f3nicas como la catedral y la famosa Casa de Col\u00f3n. Su vida cultural es vibrante y radiante. \u00bfSab\u00eda que la capital de la isla tambi\u00e9n celebra su propio [&hellip;]<\/p>\n","protected":false},"author":3,"featured_media":1250,"comment_status":"closed","ping_status":"closed","sticky":false,"template":"","format":"standard","meta":{"_genesis_hide_title":false,"_genesis_hide_breadcrumbs":false,"_genesis_hide_singular_image":false,"_genesis_hide_footer_widgets":false,"_genesis_custom_body_class":"","_genesis_custom_post_class":"","_genesis_layout":"","footnotes":""},"categories":[45],"tags":[],"class_list":{"0":"post-1258","1":"post","2":"type-post","3":"status-publish","4":"format-standard","5":"has-post-thumbnail","7":"category-gran-canaria-es","8":"entry"},"yoast_head":"<!-- This site is optimized with the Yoast SEO plugin v27.5 - https:\/\/yoast.com\/product\/yoast-seo-wordpress\/ -->\n<title>Qu\u00e9 ver en Las Palmas (Gran Canaria): 12 imprescindibles<\/title>\n<meta name=\"description\" content=\"\u00a1Descubra nuestra selecci\u00f3n de las mejores atracciones de Las Palmas (Gran Canaria) + todos nuestros consejos y fotos para visitar la capital!\" \/>\n<meta name=\"robots\" content=\"index, follow, max-snippet:-1, max-image-preview:large, max-video-preview:-1\" \/>\n<link rel=\"canonical\" href=\"https:\/\/canarias-lovers.com\/es\/que-ver-las-palmas-gran-canaria-visitar\/\" \/>\n<meta property=\"og:locale\" content=\"es_ES\" \/>\n<meta property=\"og:type\" content=\"article\" \/>\n<meta property=\"og:title\" content=\"Qu\u00e9 ver en Las Palmas (Gran Canaria): 12 imprescindibles\" \/>\n<meta property=\"og:description\" content=\"\u00a1Descubra nuestra selecci\u00f3n de las mejores atracciones de Las Palmas (Gran Canaria) + todos nuestros consejos y fotos para visitar la capital!\" \/>\n<meta property=\"og:url\" content=\"https:\/\/canarias-lovers.com\/es\/que-ver-las-palmas-gran-canaria-visitar\/\" \/>\n<meta property=\"og:site_name\" content=\"Canarias Lovers: Tenerife + Gran Canaria\" \/>\n<meta property=\"article:published_time\" content=\"2024-06-13T12:07:58+00:00\" \/>\n<meta property=\"article:modified_time\" content=\"2024-06-13T18:17:23+00:00\" \/>\n<meta property=\"og:image\" content=\"https:\/\/canarias-lovers.com\/wp-content\/uploads\/2024\/06\/que-ver-las-palmas-gran-canaria-hacer-visitar.jpg\" \/>\n\t<meta property=\"og:image:width\" content=\"1067\" \/>\n\t<meta property=\"og:image:height\" content=\"800\" \/>\n\t<meta property=\"og:image:type\" content=\"image\/jpeg\" \/>\n<meta name=\"author\" content=\"Myriam\" \/>\n<meta name=\"twitter:card\" content=\"summary_large_image\" \/>\n<meta name=\"twitter:label1\" content=\"Escrito por\" \/>\n\t<meta name=\"twitter:data1\" content=\"Myriam\" \/>\n\t<meta name=\"twitter:label2\" content=\"Tiempo de lectura\" \/>\n\t<meta name=\"twitter:data2\" content=\"30 minutos\" \/>\n<script type=\"application\/ld+json\" class=\"yoast-schema-graph\">{\"@context\":\"https:\\\/\\\/schema.org\",\"@graph\":[{\"@type\":\"Article\",\"@id\":\"https:\\\/\\\/canarias-lovers.com\\\/es\\\/que-ver-las-palmas-gran-canaria-visitar\\\/#article\",\"isPartOf\":{\"@id\":\"https:\\\/\\\/canarias-lovers.com\\\/es\\\/que-ver-las-palmas-gran-canaria-visitar\\\/\"},\"author\":{\"name\":\"Myriam\",\"@id\":\"https:\\\/\\\/canarias-lovers.com\\\/es\\\/#\\\/schema\\\/person\\\/565d25e68a95a98098b22479b8774824\"},\"headline\":\"Qu\u00e9 ver en Las Palmas (Gran Canaria): 12 imprescindibles\",\"datePublished\":\"2024-06-13T12:07:58+00:00\",\"dateModified\":\"2024-06-13T18:17:23+00:00\",\"mainEntityOfPage\":{\"@id\":\"https:\\\/\\\/canarias-lovers.com\\\/es\\\/que-ver-las-palmas-gran-canaria-visitar\\\/\"},\"wordCount\":5948,\"publisher\":{\"@id\":\"https:\\\/\\\/canarias-lovers.com\\\/es\\\/#organization\"},\"image\":{\"@id\":\"https:\\\/\\\/canarias-lovers.com\\\/es\\\/que-ver-las-palmas-gran-canaria-visitar\\\/#primaryimage\"},\"thumbnailUrl\":\"https:\\\/\\\/canarias-lovers.com\\\/wp-content\\\/uploads\\\/2024\\\/06\\\/que-ver-las-palmas-gran-canaria-hacer-visitar.jpg\",\"articleSection\":[\"Gran Canaria\"],\"inLanguage\":\"es\"},{\"@type\":\"WebPage\",\"@id\":\"https:\\\/\\\/canarias-lovers.com\\\/es\\\/que-ver-las-palmas-gran-canaria-visitar\\\/\",\"url\":\"https:\\\/\\\/canarias-lovers.com\\\/es\\\/que-ver-las-palmas-gran-canaria-visitar\\\/\",\"name\":\"Qu\u00e9 ver en Las Palmas (Gran Canaria): 12 imprescindibles\",\"isPartOf\":{\"@id\":\"https:\\\/\\\/canarias-lovers.com\\\/es\\\/#website\"},\"primaryImageOfPage\":{\"@id\":\"https:\\\/\\\/canarias-lovers.com\\\/es\\\/que-ver-las-palmas-gran-canaria-visitar\\\/#primaryimage\"},\"image\":{\"@id\":\"https:\\\/\\\/canarias-lovers.com\\\/es\\\/que-ver-las-palmas-gran-canaria-visitar\\\/#primaryimage\"},\"thumbnailUrl\":\"https:\\\/\\\/canarias-lovers.com\\\/wp-content\\\/uploads\\\/2024\\\/06\\\/que-ver-las-palmas-gran-canaria-hacer-visitar.jpg\",\"datePublished\":\"2024-06-13T12:07:58+00:00\",\"dateModified\":\"2024-06-13T18:17:23+00:00\",\"description\":\"\u00a1Descubra nuestra selecci\u00f3n de las mejores atracciones de Las Palmas (Gran Canaria) + todos nuestros consejos y fotos para visitar la capital!\",\"breadcrumb\":{\"@id\":\"https:\\\/\\\/canarias-lovers.com\\\/es\\\/que-ver-las-palmas-gran-canaria-visitar\\\/#breadcrumb\"},\"inLanguage\":\"es\",\"potentialAction\":[{\"@type\":\"ReadAction\",\"target\":[\"https:\\\/\\\/canarias-lovers.com\\\/es\\\/que-ver-las-palmas-gran-canaria-visitar\\\/\"]}]},{\"@type\":\"ImageObject\",\"inLanguage\":\"es\",\"@id\":\"https:\\\/\\\/canarias-lovers.com\\\/es\\\/que-ver-las-palmas-gran-canaria-visitar\\\/#primaryimage\",\"url\":\"https:\\\/\\\/canarias-lovers.com\\\/wp-content\\\/uploads\\\/2024\\\/06\\\/que-ver-las-palmas-gran-canaria-hacer-visitar.jpg\",\"contentUrl\":\"https:\\\/\\\/canarias-lovers.com\\\/wp-content\\\/uploads\\\/2024\\\/06\\\/que-ver-las-palmas-gran-canaria-hacer-visitar.jpg\",\"width\":1067,\"height\":800,\"caption\":\"que ver las palmas gran canaria hacer visitar\"},{\"@type\":\"BreadcrumbList\",\"@id\":\"https:\\\/\\\/canarias-lovers.com\\\/es\\\/que-ver-las-palmas-gran-canaria-visitar\\\/#breadcrumb\",\"itemListElement\":[{\"@type\":\"ListItem\",\"position\":1,\"name\":\"Accueil\",\"item\":\"https:\\\/\\\/canarias-lovers.com\\\/es\\\/\"},{\"@type\":\"ListItem\",\"position\":2,\"name\":\"Gran Canaria\",\"item\":\"https:\\\/\\\/canarias-lovers.com\\\/es\\\/gran-canaria-es\\\/\"},{\"@type\":\"ListItem\",\"position\":3,\"name\":\"Qu\u00e9 ver en Las Palmas (Gran Canaria): 12 imprescindibles\"}]},{\"@type\":\"WebSite\",\"@id\":\"https:\\\/\\\/canarias-lovers.com\\\/es\\\/#website\",\"url\":\"https:\\\/\\\/canarias-lovers.com\\\/es\\\/\",\"name\":\"Canarias Lovers: Tenerife + Gran Canaria\",\"description\":\"El blog de Claire y Manu\",\"publisher\":{\"@id\":\"https:\\\/\\\/canarias-lovers.com\\\/es\\\/#organization\"},\"potentialAction\":[{\"@type\":\"SearchAction\",\"target\":{\"@type\":\"EntryPoint\",\"urlTemplate\":\"https:\\\/\\\/canarias-lovers.com\\\/es\\\/?s={search_term_string}\"},\"query-input\":{\"@type\":\"PropertyValueSpecification\",\"valueRequired\":true,\"valueName\":\"search_term_string\"}}],\"inLanguage\":\"es\"},{\"@type\":\"Organization\",\"@id\":\"https:\\\/\\\/canarias-lovers.com\\\/es\\\/#organization\",\"name\":\"Canarias Lovers: Tenerife + Gran Canaria\",\"url\":\"https:\\\/\\\/canarias-lovers.com\\\/es\\\/\",\"logo\":{\"@type\":\"ImageObject\",\"inLanguage\":\"es\",\"@id\":\"https:\\\/\\\/canarias-lovers.com\\\/es\\\/#\\\/schema\\\/logo\\\/image\\\/\",\"url\":\"https:\\\/\\\/canarias-lovers.com\\\/wp-content\\\/uploads\\\/2024\\\/05\\\/cropped-Canarias-Lovers-Logo.png\",\"contentUrl\":\"https:\\\/\\\/canarias-lovers.com\\\/wp-content\\\/uploads\\\/2024\\\/05\\\/cropped-Canarias-Lovers-Logo.png\",\"width\":2635,\"height\":595,\"caption\":\"Canarias Lovers: Tenerife + Gran Canaria\"},\"image\":{\"@id\":\"https:\\\/\\\/canarias-lovers.com\\\/es\\\/#\\\/schema\\\/logo\\\/image\\\/\"}},{\"@type\":\"Person\",\"@id\":\"https:\\\/\\\/canarias-lovers.com\\\/es\\\/#\\\/schema\\\/person\\\/565d25e68a95a98098b22479b8774824\",\"name\":\"Myriam\",\"image\":{\"@type\":\"ImageObject\",\"inLanguage\":\"es\",\"@id\":\"https:\\\/\\\/secure.gravatar.com\\\/avatar\\\/b12daa667e6163c3e2e69624e17f9252a84ae1a553487ee656723e55b4eae853?s=96&d=mm&r=g\",\"url\":\"https:\\\/\\\/secure.gravatar.com\\\/avatar\\\/b12daa667e6163c3e2e69624e17f9252a84ae1a553487ee656723e55b4eae853?s=96&d=mm&r=g\",\"contentUrl\":\"https:\\\/\\\/secure.gravatar.com\\\/avatar\\\/b12daa667e6163c3e2e69624e17f9252a84ae1a553487ee656723e55b4eae853?s=96&d=mm&r=g\",\"caption\":\"Myriam\"},\"sameAs\":[\"https:\\\/\\\/canarias-lovers.com\\\/myriam-bendriss-mudibu\\\/\"],\"url\":\"https:\\\/\\\/canarias-lovers.com\\\/es\\\/author\\\/myriam\\\/\"}]}<\/script>\n<!-- \/ Yoast SEO plugin. -->","yoast_head_json":{"title":"Qu\u00e9 ver en Las Palmas (Gran Canaria): 12 imprescindibles","description":"\u00a1Descubra nuestra selecci\u00f3n de las mejores atracciones de Las Palmas (Gran Canaria) + todos nuestros consejos y fotos para visitar la capital!","robots":{"index":"index","follow":"follow","max-snippet":"max-snippet:-1","max-image-preview":"max-image-preview:large","max-video-preview":"max-video-preview:-1"},"canonical":"https:\/\/canarias-lovers.com\/es\/que-ver-las-palmas-gran-canaria-visitar\/","og_locale":"es_ES","og_type":"article","og_title":"Qu\u00e9 ver en Las Palmas (Gran Canaria): 12 imprescindibles","og_description":"\u00a1Descubra nuestra selecci\u00f3n de las mejores atracciones de Las Palmas (Gran Canaria) + todos nuestros consejos y fotos para visitar la capital!","og_url":"https:\/\/canarias-lovers.com\/es\/que-ver-las-palmas-gran-canaria-visitar\/","og_site_name":"Canarias Lovers: Tenerife + Gran Canaria","article_published_time":"2024-06-13T12:07:58+00:00","article_modified_time":"2024-06-13T18:17:23+00:00","og_image":[{"width":1067,"height":800,"url":"https:\/\/canarias-lovers.com\/wp-content\/uploads\/2024\/06\/que-ver-las-palmas-gran-canaria-hacer-visitar.jpg","type":"image\/jpeg"}],"author":"Myriam","twitter_card":"summary_large_image","twitter_misc":{"Escrito por":"Myriam","Tiempo de lectura":"30 minutos"},"schema":{"@context":"https:\/\/schema.org","@graph":[{"@type":"Article","@id":"https:\/\/canarias-lovers.com\/es\/que-ver-las-palmas-gran-canaria-visitar\/#article","isPartOf":{"@id":"https:\/\/canarias-lovers.com\/es\/que-ver-las-palmas-gran-canaria-visitar\/"},"author":{"name":"Myriam","@id":"https:\/\/canarias-lovers.com\/es\/#\/schema\/person\/565d25e68a95a98098b22479b8774824"},"headline":"Qu\u00e9 ver en Las Palmas (Gran Canaria): 12 imprescindibles","datePublished":"2024-06-13T12:07:58+00:00","dateModified":"2024-06-13T18:17:23+00:00","mainEntityOfPage":{"@id":"https:\/\/canarias-lovers.com\/es\/que-ver-las-palmas-gran-canaria-visitar\/"},"wordCount":5948,"publisher":{"@id":"https:\/\/canarias-lovers.com\/es\/#organization"},"image":{"@id":"https:\/\/canarias-lovers.com\/es\/que-ver-las-palmas-gran-canaria-visitar\/#primaryimage"},"thumbnailUrl":"https:\/\/canarias-lovers.com\/wp-content\/uploads\/2024\/06\/que-ver-las-palmas-gran-canaria-hacer-visitar.jpg","articleSection":["Gran Canaria"],"inLanguage":"es"},{"@type":"WebPage","@id":"https:\/\/canarias-lovers.com\/es\/que-ver-las-palmas-gran-canaria-visitar\/","url":"https:\/\/canarias-lovers.com\/es\/que-ver-las-palmas-gran-canaria-visitar\/","name":"Qu\u00e9 ver en Las Palmas (Gran Canaria): 12 imprescindibles","isPartOf":{"@id":"https:\/\/canarias-lovers.com\/es\/#website"},"primaryImageOfPage":{"@id":"https:\/\/canarias-lovers.com\/es\/que-ver-las-palmas-gran-canaria-visitar\/#primaryimage"},"image":{"@id":"https:\/\/canarias-lovers.com\/es\/que-ver-las-palmas-gran-canaria-visitar\/#primaryimage"},"thumbnailUrl":"https:\/\/canarias-lovers.com\/wp-content\/uploads\/2024\/06\/que-ver-las-palmas-gran-canaria-hacer-visitar.jpg","datePublished":"2024-06-13T12:07:58+00:00","dateModified":"2024-06-13T18:17:23+00:00","description":"\u00a1Descubra nuestra selecci\u00f3n de las mejores atracciones de Las Palmas (Gran Canaria) + todos nuestros consejos y fotos para visitar la capital!","breadcrumb":{"@id":"https:\/\/canarias-lovers.com\/es\/que-ver-las-palmas-gran-canaria-visitar\/#breadcrumb"},"inLanguage":"es","potentialAction":[{"@type":"ReadAction","target":["https:\/\/canarias-lovers.com\/es\/que-ver-las-palmas-gran-canaria-visitar\/"]}]},{"@type":"ImageObject","inLanguage":"es","@id":"https:\/\/canarias-lovers.com\/es\/que-ver-las-palmas-gran-canaria-visitar\/#primaryimage","url":"https:\/\/canarias-lovers.com\/wp-content\/uploads\/2024\/06\/que-ver-las-palmas-gran-canaria-hacer-visitar.jpg","contentUrl":"https:\/\/canarias-lovers.com\/wp-content\/uploads\/2024\/06\/que-ver-las-palmas-gran-canaria-hacer-visitar.jpg","width":1067,"height":800,"caption":"que ver las palmas gran canaria hacer visitar"},{"@type":"BreadcrumbList","@id":"https:\/\/canarias-lovers.com\/es\/que-ver-las-palmas-gran-canaria-visitar\/#breadcrumb","itemListElement":[{"@type":"ListItem","position":1,"name":"Accueil","item":"https:\/\/canarias-lovers.com\/es\/"},{"@type":"ListItem","position":2,"name":"Gran Canaria","item":"https:\/\/canarias-lovers.com\/es\/gran-canaria-es\/"},{"@type":"ListItem","position":3,"name":"Qu\u00e9 ver en Las Palmas (Gran Canaria): 12 imprescindibles"}]},{"@type":"WebSite","@id":"https:\/\/canarias-lovers.com\/es\/#website","url":"https:\/\/canarias-lovers.com\/es\/","name":"Canarias Lovers: Tenerife + Gran Canaria","description":"El blog de Claire y Manu","publisher":{"@id":"https:\/\/canarias-lovers.com\/es\/#organization"},"potentialAction":[{"@type":"SearchAction","target":{"@type":"EntryPoint","urlTemplate":"https:\/\/canarias-lovers.com\/es\/?s={search_term_string}"},"query-input":{"@type":"PropertyValueSpecification","valueRequired":true,"valueName":"search_term_string"}}],"inLanguage":"es"},{"@type":"Organization","@id":"https:\/\/canarias-lovers.com\/es\/#organization","name":"Canarias Lovers: Tenerife + Gran Canaria","url":"https:\/\/canarias-lovers.com\/es\/","logo":{"@type":"ImageObject","inLanguage":"es","@id":"https:\/\/canarias-lovers.com\/es\/#\/schema\/logo\/image\/","url":"https:\/\/canarias-lovers.com\/wp-content\/uploads\/2024\/05\/cropped-Canarias-Lovers-Logo.png","contentUrl":"https:\/\/canarias-lovers.com\/wp-content\/uploads\/2024\/05\/cropped-Canarias-Lovers-Logo.png","width":2635,"height":595,"caption":"Canarias Lovers: Tenerife + Gran Canaria"},"image":{"@id":"https:\/\/canarias-lovers.com\/es\/#\/schema\/logo\/image\/"}},{"@type":"Person","@id":"https:\/\/canarias-lovers.com\/es\/#\/schema\/person\/565d25e68a95a98098b22479b8774824","name":"Myriam","image":{"@type":"ImageObject","inLanguage":"es","@id":"https:\/\/secure.gravatar.com\/avatar\/b12daa667e6163c3e2e69624e17f9252a84ae1a553487ee656723e55b4eae853?s=96&d=mm&r=g","url":"https:\/\/secure.gravatar.com\/avatar\/b12daa667e6163c3e2e69624e17f9252a84ae1a553487ee656723e55b4eae853?s=96&d=mm&r=g","contentUrl":"https:\/\/secure.gravatar.com\/avatar\/b12daa667e6163c3e2e69624e17f9252a84ae1a553487ee656723e55b4eae853?s=96&d=mm&r=g","caption":"Myriam"},"sameAs":["https:\/\/canarias-lovers.com\/myriam-bendriss-mudibu\/"],"url":"https:\/\/canarias-lovers.com\/es\/author\/myriam\/"}]}},"featured_image_src":"https:\/\/canarias-lovers.com\/wp-content\/uploads\/2024\/06\/que-ver-las-palmas-gran-canaria-hacer-visitar-600x400.jpg","featured_image_src_square":"https:\/\/canarias-lovers.com\/wp-content\/uploads\/2024\/06\/que-ver-las-palmas-gran-canaria-hacer-visitar-600x600.jpg","author_info":{"display_name":"Myriam","author_link":"https:\/\/canarias-lovers.com\/es\/author\/myriam\/"},"_links":{"self":[{"href":"https:\/\/canarias-lovers.com\/es\/wp-json\/wp\/v2\/posts\/1258","targetHints":{"allow":["GET"]}}],"collection":[{"href":"https:\/\/canarias-lovers.com\/es\/wp-json\/wp\/v2\/posts"}],"about":[{"href":"https:\/\/canarias-lovers.com\/es\/wp-json\/wp\/v2\/types\/post"}],"author":[{"embeddable":true,"href":"https:\/\/canarias-lovers.com\/es\/wp-json\/wp\/v2\/users\/3"}],"replies":[{"embeddable":true,"href":"https:\/\/canarias-lovers.com\/es\/wp-json\/wp\/v2\/comments?post=1258"}],"version-history":[{"count":0,"href":"https:\/\/canarias-lovers.com\/es\/wp-json\/wp\/v2\/posts\/1258\/revisions"}],"wp:featuredmedia":[{"embeddable":true,"href":"https:\/\/canarias-lovers.com\/es\/wp-json\/wp\/v2\/media\/1250"}],"wp:attachment":[{"href":"https:\/\/canarias-lovers.com\/es\/wp-json\/wp\/v2\/media?parent=1258"}],"wp:term":[{"taxonomy":"category","embeddable":true,"href":"https:\/\/canarias-lovers.com\/es\/wp-json\/wp\/v2\/categories?post=1258"},{"taxonomy":"post_tag","embeddable":true,"href":"https:\/\/canarias-lovers.com\/es\/wp-json\/wp\/v2\/tags?post=1258"}],"curies":[{"name":"wp","href":"https:\/\/api.w.org\/{rel}","templated":true}]}}