{"id":11173,"date":"2026-09-03T15:04:43","date_gmt":"2026-09-03T15:04:43","guid":{"rendered":"https:\/\/canarias-lovers.com\/cactualdea-park-gran-canaria\/"},"modified":"2026-09-03T15:06:35","modified_gmt":"2026-09-03T15:06:35","slug":"cactualdea-park-gran-canaria","status":"publish","type":"post","link":"https:\/\/canarias-lovers.com\/es\/cactualdea-park-gran-canaria\/","title":{"rendered":"Parque de Cactualdea (Gran Canaria): visita + fotos"},"content":{"rendered":"\n<p class=\"wp-block-paragraph\">El Parque Cactualdea, situado en La Aldea de San Nicol\u00e1s, en la isla de Gran Canaria, es un jard\u00edn bot\u00e1nico \u00fanico dedicado a <strong>los cactus<\/strong> y otras plantas adaptadas a los entornos \u00e1ridos. Con una superficie de aproximadamente <strong>15 000 m\u00b2<\/strong>, alberga m\u00e1s de <strong>1 000 especies<\/strong> procedentes de todo el mundo, lo que permite sumergirse en un paisaje a la vez des\u00e9rtico y exuberante.<\/p>\n\n<figure class=\"wp-block-image size-large\"><img loading=\"lazy\" decoding=\"async\" width=\"1024\" height=\"768\" src=\"https:\/\/canarias-lovers.com\/wp-content\/uploads\/2026\/09\/Cactualdea-Gran-Canaria-1024x768.webp\" alt=\"Cactualdea Gran Canaria\" class=\"wp-image-11124\" srcset=\"https:\/\/canarias-lovers.com\/wp-content\/uploads\/2026\/09\/Cactualdea-Gran-Canaria-1024x768.webp 1024w, https:\/\/canarias-lovers.com\/wp-content\/uploads\/2026\/09\/Cactualdea-Gran-Canaria-300x225.webp 300w, https:\/\/canarias-lovers.com\/wp-content\/uploads\/2026\/09\/Cactualdea-Gran-Canaria-768x576.webp 768w, https:\/\/canarias-lovers.com\/wp-content\/uploads\/2026\/09\/Cactualdea-Gran-Canaria-1536x1152.webp 1536w, https:\/\/canarias-lovers.com\/wp-content\/uploads\/2026\/09\/Cactualdea-Gran-Canaria-2048x1536.webp 2048w, https:\/\/canarias-lovers.com\/wp-content\/uploads\/2026\/09\/Cactualdea-Gran-Canaria-702x526.webp 702w\" sizes=\"auto, (max-width: 1024px) 100vw, 1024px\" \/><\/figure>\n\n<p class=\"wp-block-paragraph\">Descubra en este art\u00edculo nuestros <strong>consejos pr\u00e1cticos, ilustrados con im\u00e1genes<\/strong>, para preparar su visita de la mejor manera posible y disfrutar al m\u00e1ximo de esta escapada bot\u00e1nica lejos de las zonas urbanas.<\/p>\n\n<h2 class=\"wp-block-heading\"><span class=\"ez-toc-section\" id=\"%C2%BFPor_que_visitar_el_Parque_Cactualdea\"><\/span>\u00bfPor qu\u00e9 visitar el Parque Cactualdea?<span class=\"ez-toc-section-end\"><\/span><\/h2>\n\n<h3 class=\"wp-block-heading\">\u00bfMerece la pena visitar el Parque Cactualdea? Nuestra opini\u00f3n:<\/h3>\n\n<p class=\"wp-block-paragraph\">S\u00ed, merece la pena visitar el Parque Cactualdea para dar un paseo que le permita desconectar en medio de un jard\u00edn \u00e1rido donde m\u00e1s de <strong>1 000 especies de cactus<\/strong> de todo el mundo florecen en un entorno de espectaculares monta\u00f1as. Este lugar ofrece una experiencia \u00fanica, diferente a la de los jardines bot\u00e1nicos cl\u00e1sicos, gracias a la riqueza de su colecci\u00f3n y a su entorno natural.<\/p>\n\n<figure class=\"wp-block-image size-large\"><img decoding=\"async\" src=\"https:\/\/res.cloudinary.com\/dr1k3muv9\/image\/upload\/e_enhance\/e_improve:outdoor:50\/e_contrast:level_35;type_sigmoidal\/e_vibrance:8\/e_saturation:8\/e_sharpen:15\/f_auto\/v1788420091\/Mogan-to-La-Aldea-blocs-region-Lieu-XEL.heic\" alt=\"Jard&#xED;n de cactus con monta&#xF1;as al fondo\"\/><\/figure>\n\n<h3 class=\"wp-block-heading\">Nuestros momentos favoritos<\/h3>\n\n<p class=\"wp-block-paragraph\">Nos ha gustado especialmente la diversidad de plantas, que incluye especies raras y ex\u00f3ticas, as\u00ed como los elementos etnogr\u00e1ficos canarios repartidos por todo el parque. Estos detalles culturales aportan una dimensi\u00f3n adicional a la visita, al vincular la bot\u00e1nica con la historia local.<\/p>\n\n<p class=\"wp-block-paragraph\">El ambiente tranquilo del parque invita a relajarse y a la contemplaci\u00f3n. Hemos descubierto que es un lugar ideal para quienes buscan un momento de tranquilidad, lejos del bullicio tur\u00edstico, al tiempo que descubren la riqueza natural y cultural de <strong>Gran<\/strong> <strong>Canaria.<\/strong><\/p>\n\n<figure class=\"wp-block-image size-large\"><img decoding=\"async\" src=\"https:\/\/res.cloudinary.com\/dr1k3muv9\/image\/upload\/e_enhance\/e_improve:outdoor:50\/e_contrast:level_35;type_sigmoidal\/e_vibrance:8\/e_saturation:8\/e_sharpen:15\/f_auto\/v1788420094\/Mogan-to-La-Aldea-blocs-region-Lieu-VSZ.heic\" alt=\"En primer plano, un cactus redondo con largas espinas amarillas\"\/><\/figure>\n\n<p class=\"wp-block-paragraph\">Nos ha gustado especialmente pasear por los <strong>sinuosos senderos<\/strong> que atraviesan los jardines, donde los <strong>microclimas<\/strong> crean ambientes muy variados. La observaci\u00f3n de los <strong>animales en libertad<\/strong> ha aportado un toque de vida al paseo, mientras que la r\u00e9plica de la cueva guanche permite comprender mejor la historia de la isla.<\/p>\n\n<figure class=\"wp-block-image size-large\"><img decoding=\"async\" src=\"https:\/\/res.cloudinary.com\/dr1k3muv9\/image\/upload\/e_enhance\/e_improve:outdoor:50\/e_contrast:level_35;type_sigmoidal\/e_vibrance:8\/e_saturation:8\/e_sharpen:15\/f_auto\/v1788420098\/Mogan-to-La-Aldea-blocs-region-Lieu-ECG.heic\" alt=\"Camino con diferentes variedades de cactus a ambos lados y algunas palmeras\"\/><\/figure>\n\n<div class=\"wp-block-genesis-blocks-gb-container box gb-block-container\" style=\"background-color:#fef0c3;margin-top:8%;margin-bottom:8%\"><div class=\"gb-container-inside\"><div class=\"gb-container-content\" style=\"max-width:700px\">\n<div class=\"wp-block-genesis-blocks-gb-container box_titre gb-block-container\"><div class=\"gb-container-inside\"><div class=\"gb-container-content\">\n<h5 class=\"titre_box\" style=\"padding-top:10px;\">D\u00d3NDE ALOJARSE EN <span class=\"titre_box_manuscrit\">Gran Canaria<\/span><\/h5>\n<\/div><\/div><\/div>\n\n\n\n<div class=\"wp-block-columns box_sans_border has-background is-layout-flex wp-container-core-columns-is-layout-8f761849 wp-block-columns-is-layout-flex\" style=\"background-color:#fef0c3\">\n<div class=\"wp-block-column texte_planif is-layout-flow wp-block-column-is-layout-flow\" style=\"font-size:14px;flex-basis:60%\">\n<p class=\"option_titre2 wp-block-paragraph\" style=\"font-size:16px\">Nuestras selecciones independientes para ayudarte a encontrar <strong>el alojamiento de tus<\/strong> sue\u00f1os:<\/p>\n\n\n\n<ul class=\"wp-block-list ul_box\">\n<li style=\"font-size:14px\"><a href=\"https:\/\/canarias-lovers.com\/es\/donde-alojarse-gran-canaria-mejores-destinos\/\" target=\"_blank\" rel=\"noreferrer noopener\">D\u00f3nde alojarse en Gran Canaria<\/a><\/li>\n\n\n\n<li style=\"font-size:14px\">Nuestro favorito: <a href=\"https:\/\/www.booking.com\/hotel\/es\/marina-suites.html?aid=2421274\" target=\"_blank\" rel=\"noreferrer noopener sponsored nofollow\">Hotel Marina Suites<\/a><\/li>\n<\/ul>\n\n\n\n<p class=\"wp-block-paragraph\" style=\"font-size:16px\"><strong>Elija por tipo de hotel:<\/strong><\/p>\n\n\n\n<ul class=\"wp-block-list ul_box\">\n<li style=\"font-size:14px\"><a href=\"https:\/\/canarias-lovers.com\/es\/mejores-hoteles-5-estrellas-tenerife-lujo-opiniones\/\" target=\"_blank\" rel=\"noreferrer noopener\">Hoteles de 5 estrellas<\/a><\/li>\n\n\n\n<li style=\"font-size:14px\"><a href=\"https:\/\/canarias-lovers.com\/es\/mejores-boutique-hoteles-gran-canaria-encanto\/\" target=\"_blank\" rel=\"noreferrer noopener\">Los mejores hoteles boutique<\/a><\/li>\n\n\n\n<li style=\"font-size:14px\"><a href=\"https:\/\/canarias-lovers.com\/es\/mejores-hoteles-solo-adultos-gran-canaria\/\" target=\"_blank\" rel=\"noreferrer noopener\">Los mejores hoteles s\u00f3lo para adultos<\/a><\/li>\n\n\n\n<li style=\"font-size:14px\">Los mejores hoteles con todo incluido (pr\u00f3ximamente)<\/li>\n\n\n\n<li style=\"font-size:14px\"><a href=\"https:\/\/canarias-lovers.com\/es\/mejores-familias-hoteles-gran-canaria-ninos-opiniones\/\" target=\"_blank\" rel=\"noreferrer noopener\">Los mejores hoteles para familias<\/a><\/li>\n<\/ul>\n\n\n\n<p class=\"wp-block-paragraph\" style=\"font-size:16px\"><strong>Seleccione por ciudad:<\/strong><\/p>\n\n\n\n<ul class=\"wp-block-list\">\n<li style=\"font-size:14px\"><a href=\"https:\/\/canarias-lovers.com\/es\/donde-alojarse-las-palmas-gran-canaria-mejores-hoteles-distritos\/\" target=\"_blank\" rel=\"noreferrer noopener\">Los mejores hoteles en Las Palmas de Gran Canaria<\/a><\/li>\n\n\n\n<li style=\"font-size:14px\"><a href=\"https:\/\/canarias-lovers.com\/es\/donde-alojarse-maspalomas-mejores-hoteles-distritos\/\" target=\"_blank\" rel=\"noreferrer noopener\">Los mejores hoteles en Masplomas<\/a><\/li>\n\n\n\n<li style=\"font-size:14px\"><a href=\"https:\/\/canarias-lovers.com\/es\/donde-alojarse-playa-ingles-gran-canaria-mejores-hoteles-distritos\/\" target=\"_blank\" rel=\"noreferrer noopener\">Los mejores hoteles en Playa del Ingl\u00e9s<\/a><\/li>\n\n\n\n<li style=\"font-size:14px\"><a href=\"https:\/\/canarias-lovers.com\/es\/donde-alojarse-puerto-rico-gran-canaria-mejores-hoteles-distritos\/\" target=\"_blank\" rel=\"noreferrer noopener\">Los mejores hoteles de Puerto Rico<\/a><\/li>\n\n\n\n<li style=\"font-size:14px\"><a href=\"https:\/\/canarias-lovers.com\/es\/donde-alojarse-puerto-mogan-mejores-hoteles-distritos\/\" target=\"_blank\" rel=\"noreferrer noopener\">Los mejores hoteles en Puerto de Mog\u00e1n<\/a><\/li>\n\n\n\n<li style=\"font-size:14px\"><a href=\"https:\/\/canarias-lovers.com\/es\/meilleurs-hotels-5-etoiles-meloneras-luxe-avis-2\/\" target=\"_blank\" rel=\"noreferrer noopener\">Hotel de 5 estrellas en Meloneras<\/a><\/li>\n<\/ul>\n<\/div>\n\n\n\n<div class=\"wp-block-column is-vertically-aligned-top planif-radius is-layout-flow wp-block-column-is-layout-flow\" style=\"flex-basis:40%\">\n<figure class=\"wp-block-image size-large img-portrait\"><img decoding=\"async\" src=\"https:\/\/photos.smugmug.com\/Canarias-Lovers\/Gran-Canaria\/Puerto-Rico\/Hotel-Marina-Suites\/i-wMm7CH4\/0\/FdXHP96thzS3vRrTp3H2F4hh8q7cKtZg5BpKMDFBB\/S\/Hotel-marina-suites-pool-2-S.jpg\" alt=\"piscina del hotel\" title=\"\"\/><\/figure>\n<\/div>\n<\/div>\n<\/div><\/div><\/div>\n\n<h2 class=\"wp-block-heading\"><span class=\"ez-toc-section\" id=\"Acceso_Parque_de_Cactualdea_desde_Mogan_hasta_La_Aldea\"><\/span>Acceso: Parque de Cactualdea, desde Mog\u00e1n hasta La Aldea<span class=\"ez-toc-section-end\"><\/span><\/h2>\n\n<h3 class=\"wp-block-heading\">\u00bfD\u00f3nde se encuentra el Parque Cactualdea?<\/h3>\n\n<ul class=\"wp-block-list\">\n<li>En el municipio de La Aldea de San Nicol\u00e1s<\/li>\n\n\n\n<li>En la costa oeste de Gran Canaria<\/li>\n\n\n\n<li>Desde <a href=\"https:\/\/canarias-lovers.com\/es\/que-ver-puerto-mogan-visitar\/\" data-type=\"post\" data-id=\"860\" target=\"_blank\" rel=\"noreferrer noopener\">el Puerto de Mog\u00e1n<\/a> = 35 min<\/li>\n\n\n\n<li>Desde <a href=\"https:\/\/canarias-lovers.com\/es\/que-ver-maspalomas-visitar\/\" data-type=\"post\" data-id=\"2507\" target=\"_blank\" rel=\"noreferrer noopener\">Maspalomas<\/a> = 45 min<\/li>\n\n\n\n<li>Desde <a href=\"https:\/\/canarias-lovers.com\/es\/que-ver-agaete-visitar\/\" data-type=\"post\" data-id=\"909\" target=\"_blank\" rel=\"noreferrer noopener\">Agaete<\/a> = 1 h<\/li>\n\n\n\n<li>Aqu\u00ed tiene un mapa que le ayudar\u00e1 a encontrar el camino:<\/li>\n<\/ul>\n\n<figure class=\"wp-block-image size-full\"><img decoding=\"async\" src=\"https:\/\/canarias-lovers.com\/wp-content\/uploads\/2026\/09\/Mapa-Cactualdea-Park-Gran-Canaria-1.jpg\" alt=\"Mapa de Cactualdea Park, Gran Canaria\" class=\"wp-image-11141\"\/><figcaption class=\"wp-element-caption\">Mapa: Cactualdea en la isla de Gran Canaria<\/figcaption><\/figure>\n\n<h3 class=\"wp-block-heading\">\u00bfC\u00f3mo llegar?<\/h3>\n\n<ul class=\"wp-block-list\">\n<li><strong>En coche:<\/strong> se recomienda acceder al Parque Cactualdea en coche. La ruta es f\u00e1cil y est\u00e1 bien se\u00f1alizada desde Mog\u00e1n y La Aldea, y el tramo final se recorre sin dificultad.<\/li>\n\n\n\n<li><strong>En autob\u00fas:<\/strong> no hay servicio de autob\u00fas hasta el parque<\/li>\n\n\n\n<li><strong>A pie:<\/strong> la configuraci\u00f3n del emplazamiento no facilita el acceso a pie desde los municipios vecinos, dadas las distancias y la topograf\u00eda.<\/li>\n<\/ul>\n\n<figure class=\"wp-block-image size-large\"><img decoding=\"async\" src=\"https:\/\/res.cloudinary.com\/dr1k3muv9\/image\/upload\/e_enhance\/e_improve:outdoor:50\/e_contrast:level_35;type_sigmoidal\/e_vibrance:8\/e_saturation:8\/e_sharpen:15\/f_auto\/v1788420101\/Mogan-to-La-Aldea-blocs-region-Parc-Cactualdea-view-RNH.heic\" alt=\"Vista desde un coche en una carretera que conduce al Parque Cactualdea\"\/><\/figure>\n\n<h3 class=\"wp-block-heading\">Aparcamiento<\/h3>\n\n<p class=\"wp-block-paragraph\">Hay un aparcamiento gratuito disponible en el propio recinto para los visitantes.<\/p>\n\n<figure class=\"wp-block-image size-large\"><img decoding=\"async\" src=\"https:\/\/res.cloudinary.com\/dr1k3muv9\/image\/upload\/e_enhance\/e_improve:outdoor:50\/e_contrast:level_35;type_sigmoidal\/e_vibrance:8\/e_saturation:8\/e_sharpen:15\/f_auto\/v1788420104\/Mogan-to-La-Aldea-blocs-region-Lieu-AMD.heic\" alt=\"Aparcamiento de Cactualdea, con una ligera pendiente\"\/><\/figure>\n\n<div class=\"wp-block-genesis-blocks-gb-container box gb-block-container\" style=\"background-color:#fef0c3;margin-top:8%;margin-bottom:8%\"><div class=\"gb-container-inside\"><div class=\"gb-container-content\">\n<div class=\"wp-block-columns inverse box_planif is-layout-flex wp-container-core-columns-is-layout-8f761849 wp-block-columns-is-layout-flex\">\n<div class=\"wp-block-column texte_planif is-layout-flow wp-block-column-is-layout-flow\" style=\"flex-basis:60%\">\n<h5 class=\"titre_box\" style=\"padding-top:10px;\">NUESTROS CONSEJOS PARA ALQUILER DE COCHE EN <span class=\"titre_box_manuscrit\">Gran Canaria<\/span><\/h5>\n\n\n\n<ul style=\"font-size:14px\" class=\"wp-block-list\">\n<li>Compare precios en nuestra plataforma preferida: <a href=\"https:\/\/www.discovercars.com\/es\/spain-canary-islands\/gran-canaria?a_aid=zigzag&amp;chan=CAL\" target=\"_blank\" rel=\"noreferrer noopener sponsored nofollow\">DiscoverCars<\/a>, uno de los sitios mejor valorados.<\/li>\n\n\n\n<li>Si planea explorar las monta\u00f1as, no coja <strong>los coches m\u00e1s peque\u00f1os<\/strong>. Un motor m\u00e1s potente ser\u00e1 m\u00e1s c\u00f3modo.<\/li>\n\n\n\n<li>Pero tampoco coja un coche demasiado grande, ya que algunas de las carreteras son estrechas.<\/li>\n\n\n\n<li>Hay mucha demanda y es una isla, as\u00ed que <strong>reserve con antelaci\u00f3n<\/strong>.<\/li>\n<\/ul>\n<\/div>\n\n\n\n<div class=\"wp-block-column planif-radius-2 is-layout-flow wp-block-column-is-layout-flow\">\n<figure class=\"wp-block-image size-large voiture_image\"><img decoding=\"async\" src=\"https:\/\/photos.smugmug.com\/Canarias-Lovers\/Gran-Canaria\/Driving\/i-FXBKL7Q\/1\/C432TQvrLtk7Fzt3jdL3g8XCdWtF4krHtKv9zvKg6\/S\/gran-Canaria-rental-car-driving-S.jpg\" alt=\"conducir en Gran Canaria\"\/><\/figure>\n<\/div>\n<\/div>\n\n\n\n<div class=\"wp-block-columns planif_bouton is-layout-flex wp-container-core-columns-is-layout-8f761849 wp-block-columns-is-layout-flex\">\n<div class=\"wp-block-column is-vertically-aligned-top is-layout-flow wp-block-column-is-layout-flow\">\n<div class=\"wp-block-buttons is-content-justification-center is-layout-flex wp-container-core-buttons-is-layout-fe48e5de wp-block-buttons-is-layout-flex\">\n<div class=\"wp-block-button\"><a class=\"wp-block-button__link has-white-color has-text-color wp-element-button\" href=\"https:\/\/www.discovercars.com\/fr\/spain-canary-islands\/gran-canaria?a_aid=zigzag&amp;chan=CAL\" target=\"_blank\" rel=\"noreferrer noopener nofollow\">Ver coches disponibles &gt;&gt;<\/a><\/div>\n<\/div>\n<\/div>\n\n\n\n<div class=\"wp-block-column is-vertically-aligned-center is-layout-flow wp-block-column-is-layout-flow\">\n<p class=\"has-text-align-center wp-block-paragraph\" style=\"font-size:16px\"><a href=\"https:\/\/canarias-lovers.com\/es\/como-alquilar-coche-gran-canaria-consejos-experiencas\/\" target=\"_blank\" rel=\"noreferrer noopener\">Lea nuestros consejos<\/a><\/p>\n<\/div>\n<\/div>\n<\/div><\/div><\/div>\n\n<h2 class=\"wp-block-heading\"><span class=\"ez-toc-section\" id=\"Consejos_utiles_duracion_horarios_alimentacion%E2%80%A6\"><\/span>Consejos \u00fatiles: duraci\u00f3n, horarios, alimentaci\u00f3n&#8230;<span class=\"ez-toc-section-end\"><\/span><\/h2>\n\n<h3 class=\"wp-block-heading\">La mejor \u00e9poca para visitarlo<\/h3>\n\n<p class=\"wp-block-paragraph\">En verano, evite las horas centrales del d\u00eda, ya que hay poca sombra. \u00a1Los cactus no son las plantas que proporcionan m\u00e1s sombra!<\/p>\n\n<h3 class=\"wp-block-heading\">Duraci\u00f3n de la visita y principales dificultades<\/h3>\n\n<p class=\"wp-block-paragraph\">La visita al Parque Cactualdea suele durar <strong>aproximadamente una hora<\/strong> a un ritmo tranquilo. El recorrido ofrece <strong>senderos largos y sinuosos<\/strong> que invitan a la exploraci\u00f3n, pero que exigen un cierto esfuerzo f\u00edsico.<\/p>\n\n<p class=\"wp-block-paragraph\">Tenga en cuenta que algunas zonas presentan <strong>pendientes pronunciadas<\/strong> y superficies rocosas, lo que puede dificultar el desplazamiento, especialmente para las personas con movilidad reducida. Le recomendamos que lleve calzado adecuado y que se tome su tiempo para disfrutar plenamente del lugar.<\/p>\n\n<figure class=\"wp-block-image size-large\"><img decoding=\"async\" src=\"https:\/\/res.cloudinary.com\/dr1k3muv9\/image\/upload\/e_enhance\/e_improve:outdoor:50\/e_contrast:level_35;type_sigmoidal\/e_vibrance:8\/e_saturation:8\/e_sharpen:15\/f_auto\/v1788420108\/Mogan-to-La-Aldea-blocs-region-Lieu-RY8.heic\" alt=\"Camino empedrado con escalones espaciados\"\/><\/figure>\n\n<h3 class=\"wp-block-heading\">Consejos para la visita<\/h3>\n\n<p class=\"wp-block-paragraph\">Lo mejor es dejarse llevar por la inspiraci\u00f3n una vez que se est\u00e1 en la zona de los cactus.<\/p>\n\n<figure class=\"wp-block-image size-large\"><img decoding=\"async\" src=\"https:\/\/res.cloudinary.com\/dr1k3muv9\/image\/upload\/e_enhance\/e_improve:outdoor:50\/e_contrast:level_35;type_sigmoidal\/e_vibrance:8\/e_saturation:8\/e_sharpen:15\/f_auto\/v1788420111\/Mogan-to-La-Aldea-blocs-region-Parc-Cactualdea-map-ZM0.heic\" alt=\"plano del parque Cactuladea\"\/><\/figure>\n\n<h3 class=\"wp-block-heading\">Visitas con ni\u00f1os<\/h3>\n\n<p class=\"wp-block-paragraph\">No hemos encontrado ninguna actividad dirigida al p\u00fablico infantil en <strong>el Parque<\/strong> <strong>Cactualdea,<\/strong> como un <strong>folleto l\u00fadico<\/strong> o un recorrido adaptado. Por otro lado, los ni\u00f1os pueden observar animales como burros y pavos reales, y tienen la posibilidad de comprar comida para acercarse a ellos. Tenga en cuenta que los caminos exteriores est\u00e1n expuestos al sol, lo que requiere cierta precauci\u00f3n.<\/p>\n\n<figure class=\"wp-block-image size-large\"><img decoding=\"async\" src=\"https:\/\/res.cloudinary.com\/dr1k3muv9\/image\/upload\/e_enhance\/e_improve:outdoor:50\/e_contrast:level_35;type_sigmoidal\/e_vibrance:8\/e_saturation:8\/e_sharpen:15\/f_auto\/v1788420114\/Mogan-to-La-Aldea-blocs-region-Lieu-JTF.heic\" alt=\"patos negros y blancos con m&#xE1;scaras rojas\"\/><\/figure>\n\n<h3 class=\"wp-block-heading\">Horarios y precios<\/h3>\n\n<ul class=\"wp-block-list\">\n<li><strong>Horario:<\/strong> Todos los d\u00edas, de 10:30 a 17:00<\/li>\n\n\n\n<li><strong>Cierre:<\/strong> Ninguno<\/li>\n\n\n\n<li><strong>Precio para adultos:<\/strong> 9,50 \u20ac<\/li>\n\n\n\n<li><strong>Tarifa reducida:<\/strong><br\/>Ni\u00f1os (de 10 a 16 a\u00f1os): 5,00 \u20ac<br\/>Jubilados: 6,00 \u20ac<\/li>\n\n\n\n<li><strong>Entrada gratuita:<\/strong> Ni\u00f1os (0-10 a\u00f1os): gratuita<\/li>\n\n\n\n<li><strong>Tel\u00e9fono:<\/strong> +34 928 89 12 28<\/li>\n\n\n\n<li>Consulte las \u00faltimas noticias en la p\u00e1gina web oficial <a href=\"http:\/\/www.cactualdeapark.es\/\" target=\"_blank\" rel=\"nofollow noopener\">aqu\u00ed<\/a>.<\/li>\n\n\n\n<li><a href=\"http:\/\/www.cactualdeapark.es\/\" target=\"_blank\" rel=\"sponsored nofollow noopener\">Ahorre tiempo, compre su billete<\/a>.<\/li>\n<\/ul>\n\n<h3 class=\"wp-block-heading\">Alojamiento y restauraci\u00f3n<\/h3>\n\n<ul class=\"wp-block-list\">\n<li>No hay alojamiento en el parque<\/li>\n\n\n\n<li>Restaurante y cafeter\u00eda en el coraz\u00f3n del parque<\/li>\n<\/ul>\n\n<figure class=\"wp-block-image size-large\"><img decoding=\"async\" src=\"https:\/\/res.cloudinary.com\/dr1k3muv9\/image\/upload\/e_enhance\/e_improve:outdoor:50\/e_contrast:level_35;type_sigmoidal\/e_vibrance:8\/e_saturation:8\/e_sharpen:15\/f_auto\/v1788420118\/Mogan-to-La-Aldea-blocs-region-Lieu-SXO.heic\" alt=\"terraza cubierta de madera con mesas y sillas, plantas colgantes, personas sentadas, zona al aire libre con sombrillas blancas, vegetaci&#xF3;n frondosa, muro de piedra al fondo, luz del sol que proyecta sombras\"\/><\/figure>\n\n<div class=\"wp-block-genesis-blocks-gb-container box gb-block-container\" style=\"background-color:#fefefe;margin-top:6%;margin-bottom:6%\"><div class=\"gb-container-inside\"><div class=\"gb-container-content\" style=\"max-width:700px\">\n<div class=\"wp-block-columns inverse is-layout-flex wp-container-core-columns-is-layout-8f761849 wp-block-columns-is-layout-flex\">\n<div class=\"wp-block-column texte_planif is-layout-flow wp-block-column-is-layout-flow\" style=\"flex-basis:58%\">\n<h5 class=\"titre_box\">UN POCO MAS DE <span class=\"titre_box_manuscrit\">paciencia<\/span><\/h5>\n\n\n\n<p class=\"wp-block-paragraph\" style=\"font-size:14px\">\u00a1Todas las fotos, mapas, informaci\u00f3n y direcciones \u00fatiles que necesita para aprovechar al m\u00e1ximo <strong>su estancia en<\/strong> Canarias <strong>pronto<\/strong> estar\u00e1n disponibles en un \u00fanico ebook!<\/p>\n<\/div>\n\n\n\n<div class=\"wp-block-column is-layout-flow wp-block-column-is-layout-flow\" style=\"flex-basis:42%\">\n<div class=\"wp-block-genesis-blocks-gb-container ebook-radius-waitlist gb-block-container\"><div class=\"gb-container-inside\"><div class=\"gb-container-content\"><div class=\"wp-block-image ebook-image\">\n<figure class=\"aligncenter size-large\"><img decoding=\"async\" src=\"https:\/\/loirelovers.fr\/wp-content\/uploads\/2023\/03\/ebooks_CorseNormandie_FR.png\" alt=\"Box Ebook C&#xF3;rcega FR\"\/><\/figure>\n<\/div><\/div><\/div><\/div>\n<\/div>\n<\/div>\n<\/div><\/div><\/div>\n\n<h2 class=\"wp-block-heading\"><span class=\"ez-toc-section\" id=\"Colecciones_de_cactus_en_terrazas_volcanicas\"><\/span>Colecciones de cactus en terrazas volc\u00e1nicas<span class=\"ez-toc-section-end\"><\/span><\/h2>\n\n<h3 class=\"wp-block-heading\">M\u00e1s de 1 000 especies de cactus y otras plantas<\/h3>\n\n<p class=\"wp-block-paragraph\">El Parque Cactualdea cuenta con una impresionante colecci\u00f3n de m\u00e1s de <strong>1 000 especies de cactus<\/strong> adaptadas al clima \u00e1rido de Gran Canaria. Estas plantas proceden de diferentes regiones del mundo, lo que confiere al parque una <strong>diversidad bot\u00e1nica<\/strong> extraordinaria y ofrece a los visitantes la oportunidad de sumergirse en diversos ecosistemas.<\/p>\n\n<figure class=\"wp-block-image size-large\"><img decoding=\"async\" src=\"https:\/\/res.cloudinary.com\/dr1k3muv9\/image\/upload\/e_enhance\/e_improve:outdoor:50\/e_contrast:level_35;type_sigmoidal\/e_vibrance:8\/e_saturation:8\/e_sharpen:15\/f_auto\/v1788420121\/Mogan-to-La-Aldea-blocs-region-Parc-Cactualdea-NUI.heic\" alt=\"Grupo denso de cactus Opuntia a pleno sol\"\/><\/figure>\n\n<p class=\"wp-block-paragraph\">Adem\u00e1s de los cactus, el parque cuenta tambi\u00e9n con una gran variedad de otras plantas suculentas, entre las que destacan las <strong>palmeras<\/strong>, los <strong>dragos<\/strong> y los <strong>aloes<\/strong>. Estas especies completan armoniosamente la colecci\u00f3n e ilustran la riqueza de las adaptaciones vegetales a los entornos \u00e1ridos.<\/p>\n\n<figure class=\"wp-block-image size-large\"><img decoding=\"async\" src=\"https:\/\/res.cloudinary.com\/dr1k3muv9\/image\/upload\/e_enhance\/e_improve:outdoor:50\/e_contrast:level_35;type_sigmoidal\/e_vibrance:8\/e_saturation:8\/e_sharpen:15\/f_auto\/v1788420124\/Mogan-to-La-Aldea-blocs-region-Lieu-IVJ.heic\" alt=\"Jard&#xED;n de cactus con diversos ejemplares redondos y columnares, suelo oscuro, rocas dispersas, algunas plantas suculentas, luz solar intensa que proyecta sombras; no se ve a nadie.\"\/><\/figure>\n\n<h3 class=\"wp-block-heading\">Los caminos de pic\u00f3n y los muros de piedra seca<\/h3>\n\n<p class=\"wp-block-paragraph\">El Parque Cactualdea se basa en un <strong>dise\u00f1o en terrazas<\/strong> realizado en la d\u00e9cada de 1990, que se adapta a la topograf\u00eda natural del lugar. Esta organizaci\u00f3n en niveles sucesivos facilita la puesta en valor de las colecciones vegetales, al tiempo que limita la erosi\u00f3n.  <\/p>\n\n<p class=\"wp-block-paragraph\">Los <strong>muros de contenci\u00f3n<\/strong> que delimitan estas terrazas se han construido siguiendo la t\u00e9cnica tradicional <strong>canaria<\/strong> de la <strong>piedra seca<\/strong>, utilizando exclusivamente basalto local y piedra de lava, sin ning\u00fan tipo de aglutinante. Este saber hacer ancestral contribuye a la identidad visual y cultural del parque.<\/p>\n\n<figure class=\"wp-block-image size-large\"><img decoding=\"async\" src=\"https:\/\/res.cloudinary.com\/dr1k3muv9\/image\/upload\/e_enhance\/e_improve:outdoor:50\/e_contrast:level_35;type_sigmoidal\/e_vibrance:8\/e_saturation:8\/e_sharpen:15\/f_auto\/v1788420128\/Mogan-to-La-Aldea-blocs-region-Parc-Cactualdea-SBR.heic\" alt=\"Callej&#xF3;n estrecho con un muro de piedra y un gran jarr&#xF3;n decorativo con un &#xE1;rbol\"\/><\/figure>\n\n<p class=\"wp-block-paragraph\">Los <strong>senderos del parque<\/strong> est\u00e1n cubiertos de pic\u00f3n, una roca volc\u00e1nica porosa t\u00edpica de las Islas Canarias. Este material oscuro y granulado desempe\u00f1a una importante funci\u00f3n: garantiza un buen <strong>drenaje<\/strong> del agua de lluvia y limita la evaporaci\u00f3n, lo cual es esencial en este clima \u00e1rido. Es tambi\u00e9n una buena raz\u00f3n para llevar calzado cerrado, ya que esos peque\u00f1os guijarros de lava no resultan nada agradables cuando se le cuelan entre los dedos de los pies.<\/p>\n\n<figure class=\"wp-block-image size-large\"><img decoding=\"async\" src=\"https:\/\/res.cloudinary.com\/dr1k3muv9\/image\/upload\/e_enhance\/e_improve:outdoor:50\/e_contrast:level_35;type_sigmoidal\/e_vibrance:8\/e_saturation:8\/e_sharpen:15\/f_auto\/v1788420131\/Mogan-to-La-Aldea-blocs-region-Parc-Cactualdea-F4K.heic\" alt=\"Grupos de peque&#xF1;os cactus dispuestos sobre un suelo rocoso\"\/><\/figure>\n\n<p class=\"wp-block-paragraph\">Esta combinaci\u00f3n de materiales locales y t\u00e9cnicas tradicionales forma parte de un enfoque urban\u00edstico respetuoso con el territorio y su historia.  <\/p>\n\n<div class=\"wp-block-genesis-blocks-gb-container box gb-block-container\" style=\"background-color:#fef0c3;margin-top:8%;margin-bottom:8%\"><div class=\"gb-container-inside\"><div class=\"gb-container-content\">\n<div class=\"wp-block-columns inverse is-layout-flex wp-container-core-columns-is-layout-8f761849 wp-block-columns-is-layout-flex\">\n<div class=\"wp-block-column texte_planif is-layout-flow wp-block-column-is-layout-flow\" style=\"flex-basis:58%\">\n<h5 class=\"titre_box\" style=\"padding-top:10px\">DIVERSI\u00d3N en Gran Canaria<span class=\"titre_box_manuscrit\">:actividades<\/span><\/h5>\n\n\n\n<p class=\"wp-block-paragraph\" style=\"font-size:16px\"><a href=\"https:\/\/www.getyourguide.es\/s\/?q=Gran+Canaria+dauphins&amp;searchSource=3&amp;partner_id=R3GYW4V&amp;cmp=CAL\" target=\"_blank\" rel=\"noreferrer noopener sponsored nofollow\">Observaci\u00f3n de delfines<\/a><br\/><a href=\"https:\/\/www.getyourguide.es\/grande-canarie-l418\/grande-canarie-circuit-guide-en-buggy-t212850\/?partner_id=R3GYW4V&amp;cmp=CAL\" target=\"_blank\" rel=\"noreferrer noopener sponsored nofollow\">Buggy \/ Quad<\/a><br\/><a href=\"https:\/\/www.getyourguide.es\/grande-canarie-l418\/las-palmas-sortie-de-snorkeling-de-3-h-a-las-canteras-t214674\/?partner_id=R3GYW4V&amp;cmp=CAL\" target=\"_blank\" rel=\"noreferrer noopener sponsored nofollow\">Esn\u00f3rquel<\/a><br\/><a href=\"https:\/\/www.getyourguide.es\/grande-canarie-l418\/las-palmas-excursion-en-kayak-au-coucher-du-soleil-et-plongee-en-apnee-t427329\/?partner_id=R3GYW4V&amp;cmp=CAL\" target=\"_blank\" rel=\"noreferrer noopener sponsored nofollow\">Kayak en las cuevas de Mog\u00e1n<\/a><br\/>Pero tambi\u00e9n: Barranquismo, Equitaci\u00f3n, V\u00eda Ferrata, Coasteering&#8230;  <a href=\"https:\/\/www.getyourguide.es\/s?q=Gran+Canaria&amp;searchSource=8&amp;themes=adrenaline-water_sports-water_activities&amp;partner_id=R3GYW4V&amp;cmp=CAL\" target=\"_blank\" rel=\"noreferrer noopener sponsored nofollow\">Ver todas las opciones<\/a><br\/><\/p>\n<\/div>\n\n\n\n<div class=\"wp-block-column ville-radius is-layout-flow wp-block-column-is-layout-flow\" style=\"flex-basis:42%\">\n<figure class=\"wp-block-image size-large img-portrait\"><img decoding=\"async\" src=\"https:\/\/photos.smugmug.com\/Canarias-Lovers\/Gran-Canaria\/Dolphins\/i-jm9TqbK\/0\/FfCW9g6J4ktRThBvpCKBJj4hF9RmM25RzS56zgJqN\/S\/Gran-Canaria-dolphins-S.jpg\" alt=\"Delfines en Gran Canaria\" title=\"\"\/><\/figure>\n<\/div>\n<\/div>\n<\/div><\/div><\/div>\n\n<h2 class=\"wp-block-heading\"><span class=\"ez-toc-section\" id=\"Hitos_de_la_historia_y_las_tradiciones_canarias\"><\/span>Hitos de la historia y las tradiciones canarias<span class=\"ez-toc-section-end\"><\/span><\/h2>\n\n<h3 class=\"wp-block-heading\">La r\u00e9plica de la cueva guanche<\/h3>\n\n<p class=\"wp-block-paragraph\">En el coraz\u00f3n del Parque Cactualdea, la <strong>r\u00e9plica de una cueva guanche<\/strong> ofrece un v\u00ednculo tangible con la historia de la humanidad en Gran Canaria. Esta reconstrucci\u00f3n ilustra el h\u00e1bitat tradicional de los guanches, los primeros habitantes de la isla, conocidos por su modo de vida troglod\u00edtico. Integrada en el recorrido bot\u00e1nico, enriquece la visita al combinar el descubrimiento de la flora con una inmersi\u00f3n cultural.<\/p>\n\n<figure class=\"wp-block-image size-large\"><img decoding=\"async\" src=\"https:\/\/res.cloudinary.com\/dr1k3muv9\/image\/upload\/e_enhance\/e_improve:outdoor:50\/e_contrast:level_35;type_sigmoidal\/e_vibrance:8\/e_saturation:8\/e_sharpen:15\/f_auto\/v1788420135\/Mogan-to-La-Aldea-blocs-region-Parc-Cactualdea-interior-39S.heic\" alt=\"Interior de una cueva con vasijas antiguas iluminadas\"\/><\/figure>\n\n<p class=\"wp-block-paragraph\">Esta instalaci\u00f3n permite comprender c\u00f3mo los guanches aprovechaban el entorno natural, en particular las formaciones rocosas, para refugiarse. Hemos constatado que esta r\u00e9plica aporta una nueva dimensi\u00f3n a la visita.<\/p>\n\n<h3 class=\"wp-block-heading\">El anfiteatro y la lucha canaria<\/h3>\n\n<p class=\"wp-block-paragraph\">En el coraz\u00f3n del Parque Cactualdea hay un <strong>anfiteatro<\/strong> dedicado a la <strong>lucha canaria<\/strong>, un deporte tradicional profundamente arraigado en la cultura de las Islas Canarias. Esta instalaci\u00f3n ofrece un espacio en el que los visitantes pueden asistir a <strong>demostraciones<\/strong> y espect\u00e1culos, lo que contribuye a una mejor comprensi\u00f3n de esta pr\u00e1ctica local.<\/p>\n\n<figure class=\"wp-block-image size-large\"><img decoding=\"async\" src=\"https:\/\/res.cloudinary.com\/dr1k3muv9\/image\/upload\/e_enhance\/e_improve:outdoor:50\/e_contrast:level_35;type_sigmoidal\/e_vibrance:8\/e_saturation:8\/e_sharpen:15\/f_auto\/v1788420141\/Mogan-to-La-Aldea-blocs-region-Parc-Cactualdea-W3S.heic\" alt=\"Anfiteatro al aire libre con mosaicos y decoraciones murales\"\/><\/figure>\n\n<p class=\"wp-block-paragraph\">El anfiteatro se integra armoniosamente en el paisaje de los jardines bot\u00e1nicos, combinando as\u00ed el patrimonio natural con una tradici\u00f3n popular viva. Contemple los colores y la decoraci\u00f3n.<\/p>\n\n<h3 class=\"wp-block-heading\">La memoria agr\u00edcola de la cochinilla<\/h3>\n\n<p class=\"wp-block-paragraph\">Entre <strong>1820 y 1870<\/strong>, el cultivo de la cochinilla experiment\u00f3 un importante auge en Gran Canaria, convirti\u00e9ndose en un recurso econ\u00f3mico fundamental. Este peque\u00f1o insecto, recolectado en la <strong>higuera de Barbar\u00eda<\/strong>, permit\u00eda extraer un <strong>colorante natural<\/strong> de color rojo vivo, el carm\u00edn, muy apreciado en Europa para te\u00f1ir tejidos.<\/p>\n\n<figure class=\"wp-block-image size-large\"><img decoding=\"async\" src=\"https:\/\/res.cloudinary.com\/dr1k3muv9\/image\/upload\/e_enhance\/e_improve:outdoor:50\/e_contrast:level_35;type_sigmoidal\/e_vibrance:8\/e_saturation:8\/e_sharpen:15\/f_auto\/v1788420144\/Mogan-to-La-Aldea-blocs-region-Parc-Cactualdea-6P0.heic\" alt=\"Pintura mural geom&#xE9;trica en rojo, negro y blanco sobre una pared de piedra\"\/><\/figure>\n\n<p class=\"wp-block-paragraph\">La recolecci\u00f3n de la cochinilla se basaba en <strong>t\u00e9cnicas agr\u00edcolas tradicionales<\/strong> muy precisas: los insectos se recog\u00edan a mano de las ramas del cactus y, a continuaci\u00f3n, se secaban antes de transformarlos en pigmento. Estos conocimientos t\u00e9cnicos reflejan una adaptaci\u00f3n local al entorno \u00e1rido de la isla, en la que se da prioridad a los cultivos resistentes a la sequ\u00eda.<\/p>\n\n<figure class=\"wp-block-image size-large\"><img decoding=\"async\" src=\"https:\/\/res.cloudinary.com\/dr1k3muv9\/image\/upload\/e_enhance\/e_improve:outdoor:50\/e_contrast:level_35;type_sigmoidal\/e_vibrance:8\/e_saturation:8\/e_sharpen:15\/f_auto\/v1788420147\/Mogan-to-La-Aldea-blocs-region-Parc-Cactualdea-L0T.heic\" alt=\"Cactus con frutos rojos en un suelo rocoso y seco\"\/><\/figure>\n\n<p class=\"wp-block-paragraph\">En <strong>el Parque<\/strong> <strong>Cactualdea,<\/strong> este legado se pone de relieve a trav\u00e9s de la exposici\u00f3n de numerosas variedades de cactus, entre ellas la higuera de <strong>Barbaria.<\/strong> Los recorridos tem\u00e1ticos del jard\u00edn evocan estas antiguas pr\u00e1cticas agr\u00edcolas, ofreciendo as\u00ed una inmersi\u00f3n en la historia rural de <strong>Gran<\/strong> Canaria.<\/p>\n\n<h2 class=\"wp-block-heading\"><span class=\"ez-toc-section\" id=\"Un_paseo_al_aire_libre_salpicado_de_animales\"><\/span>Un paseo al aire libre salpicado de animales<span class=\"ez-toc-section-end\"><\/span><\/h2>\n\n<p class=\"wp-block-paragraph\">En el Parque Cactualdea, tendr\u00e1 la oportunidad de observar <strong>pavos reales<\/strong> y patos que deambulan libremente por los jardines. Su presencia aporta un toque de vida al paseo, ofreciendo momentos privilegiados de observaci\u00f3n tanto para ni\u00f1os como para adultos.  <\/p>\n\n<figure class=\"wp-block-image size-large\"><img decoding=\"async\" src=\"https:\/\/res.cloudinary.com\/dr1k3muv9\/image\/upload\/e_enhance\/e_improve:outdoor:50\/e_contrast:level_35;type_sigmoidal\/e_vibrance:8\/e_saturation:8\/e_sharpen:15\/f_auto\/v1788420151\/Mogan-to-La-Aldea-blocs-region-Lieu-2LB.heic\" alt=\"Pato moscovita de pie sobre un suelo de piedra pavimentada, vista lateral, plumas blancas y negras, piel facial roja, fondo de pavimento de piedra con textura, sin personas\"\/><\/figure>\n\n<p class=\"wp-block-paragraph\">Los <strong>burros<\/strong> del parque tambi\u00e9n comparten este espacio. Su tranquilidad y su cercan\u00eda con los visitantes crean un ambiente acogedor, muy apreciado por las familias.  <\/p>\n\n<p class=\"wp-block-paragraph\">Para facilitar una interacci\u00f3n respetuosa, el parque ofrece en la entrada <strong>bolsas de comida<\/strong> destinadas espec\u00edficamente a los animales. Esta medida garantiza una alimentaci\u00f3n adecuada y evita los riesgos asociados a los alimentos inadecuados. Es importante respetar las <strong>normas de comportamiento<\/strong> establecidas: no perseguir ni molestar a los animales, y darles \u00fanicamente la comida prevista.  <\/p>\n\n<figure class=\"wp-block-image size-large\"><img decoding=\"async\" src=\"https:\/\/res.cloudinary.com\/dr1k3muv9\/image\/upload\/e_enhance\/e_improve:outdoor:50\/e_contrast:level_35;type_sigmoidal\/e_vibrance:8\/e_saturation:8\/e_sharpen:15\/f_auto\/v1788420154\/Mogan-to-La-Aldea-blocs-region-Parc-Cactualdea-map-UDI.heic\" alt=\"Un burro en un corral con una gallina al fondo\"\/><\/figure>\n\n<h2 class=\"wp-block-heading\"><span class=\"ez-toc-section\" id=\"Puntos_de_vista\"><\/span>Puntos de vista<span class=\"ez-toc-section-end\"><\/span><\/h2>\n\n<p class=\"wp-block-paragraph\">En el parque hay varios miradores desde los que se pueden admirar los jardines en terrazas, as\u00ed como las monta\u00f1as de los alrededores. Estos miradores ofrecen diferentes \u00e1ngulos de vista, lo que facilita la obtenci\u00f3n de fotograf\u00edas de gran calidad. Para disfrutar al m\u00e1ximo de los juegos de luz, le recomendamos que realice la visita a \u00faltima hora <strong>de la tarde,<\/strong> cuando el sol resalta las texturas de los cactus y los relieves del volc\u00e1n.<\/p>\n\n<figure class=\"wp-block-image size-large\"><img decoding=\"async\" src=\"https:\/\/res.cloudinary.com\/dr1k3muv9\/image\/upload\/e_enhance\/e_improve:outdoor:50\/e_contrast:level_35;type_sigmoidal\/e_vibrance:8\/e_saturation:8\/e_sharpen:15\/f_auto\/v1788420158\/Mogan-to-La-Aldea-blocs-region-Lieu-F1Q.heic\" alt=\"jard&#xED;n de cactus con diversos cactus altos y redondos, suelo rocoso y seco, cordillera al fondo, cielo azul despejado, luz natural, sin personas\"\/><\/figure>\n\n<h2 class=\"wp-block-heading\"><span class=\"ez-toc-section\" id=\"La_historia_en_breve\"><\/span>La historia en breve<span class=\"ez-toc-section-end\"><\/span><\/h2>\n\n<p class=\"wp-block-paragraph\">El Parque Cactualdea fue creado en <strong>1995<\/strong> por la familia Beisel, apasionada por la bot\u00e1nica y con el deseo de poner de relieve la riqueza de la flora \u00e1rida. Este proyecto forma parte de una iniciativa destinada a crear un jard\u00edn \u00fanico en Gran Canaria, dedicado principalmente a <strong>los cactus<\/strong> y las plantas suculentas, adaptadas al clima local.<\/p>\n\n<p class=\"wp-block-paragraph\">La elecci\u00f3n de La Aldea de San Nicol\u00e1s para ubicar el parque no es casual: este municipio cuenta con un <strong>clima \u00e1rido<\/strong> propicio para estas especies y tiene una s\u00f3lida tradici\u00f3n agr\u00edcola. De este modo, el parque pretende establecer un v\u00ednculo entre la naturaleza local y la econom\u00eda regional, atrayendo a visitantes y fomentando el desarrollo tur\u00edstico.<\/p>\n\n<figure class=\"wp-block-image size-large\"><img decoding=\"async\" src=\"https:\/\/res.cloudinary.com\/dr1k3muv9\/image\/upload\/e_enhance\/e_improve:outdoor:50\/e_contrast:level_35;type_sigmoidal\/e_vibrance:8\/e_saturation:8\/e_sharpen:15\/f_auto\/v1788420162\/Mogan-to-La-Aldea-blocs-region-Parc-Cactualdea-BTD.heic\" alt=\"Cartel de madera en el que se lee &#xAB;Bodega Cueva&#xBB; en una pared de piedra con cactus.\"\/><\/figure>\n\n<h2 class=\"wp-block-heading\"><span class=\"ez-toc-section\" id=\"Preguntas_frecuentes\"><\/span>Preguntas frecuentes<span class=\"ez-toc-section-end\"><\/span><\/h2>\n\n<h3 class=\"wp-block-heading\">\u00bfEs accesible el Parque Cactualdea para personas con movilidad reducida?<\/h3>\n\n<p class=\"wp-block-paragraph\">El <strong>Parque<\/strong> <strong>Cactualdea<\/strong> cuenta con instalaciones accesibles, aunque algunas zonas pueden plantear dificultades para las personas con movilidad reducida debido a los caminos rocosos y a las pendientes pronunciadas. Le recomendamos que se ponga en contacto con el parque antes de su visita para conocer las soluciones adecuadas y planificar su recorrido de la mejor manera posible, especialmente si utiliza una silla de ruedas o necesita asistencia espec\u00edfica.<\/p>\n\n<figure class=\"wp-block-image size-large\"><img decoding=\"async\" src=\"https:\/\/res.cloudinary.com\/dr1k3muv9\/image\/upload\/e_enhance\/e_improve:outdoor:50\/e_contrast:level_35;type_sigmoidal\/e_vibrance:8\/e_saturation:8\/e_sharpen:15\/f_auto\/v1788420166\/Mogan-to-La-Aldea-blocs-region-Parc-Cactualdea-GHI.heic\" alt=\"Camino de piedra flanqueado por cactus y palmeras en un parque des&#xE9;rtico\"\/><\/figure>\n\n<div style=\"margin-top:8%;margin-bottom:8%\" class=\"wp-block-genesis-blocks-gb-container box gb-block-container\"><div class=\"gb-container-inside\"><div class=\"gb-container-content\" style=\"max-width:700px\">\n<div class=\"wp-block-genesis-blocks-gb-container box_titre gb-block-container\"><div class=\"gb-container-inside\"><div class=\"gb-container-content\">\n<h5 class=\"titre_box\"><span>PLANIFIQUE<\/span> SU VIAJE A <span class=\"titre_box_manuscrit\">Gran Canaria<\/span><\/h5>\n<\/div><\/div><\/div>\n\n\n\n<hr class=\"wp-block-separator has-text-color has-alpha-channel-opacity has-background is-style-wide hr-box-planif\" style=\"background-color:#ccd3dd;color:#ccd3dd\"\/>\n\n\n\n<div class=\"wp-block-columns box_sans_border is-layout-flex wp-container-core-columns-is-layout-8f761849 wp-block-columns-is-layout-flex\">\n<div class=\"wp-block-column texte_planif is-layout-flow wp-block-column-is-layout-flow\" style=\"font-size:14px;flex-basis:60%\">\n<ul class=\"wp-block-list\">\n<li><strong>Lo mejor de<\/strong><\/li>\n<\/ul>\n\n\n\n<p class=\"ul_box wp-block-paragraph\" style=\"font-size:14px\"><a href=\"https:\/\/canarias-lovers.com\/es\/que-ver-gran-canaria-visitar\/\" target=\"_blank\" rel=\"noreferrer noopener\">Qu\u00e9 ver en Gran Canaria<\/a><br\/><a href=\"https:\/\/canarias-lovers.com\/es\/mejores-paisajes-gran-canaria-fotos\/\" target=\"_blank\" rel=\"noreferrer noopener\">Paisajes m\u00e1s bellos<\/a><br\/><a href=\"https:\/\/canarias-lovers.com\/es\/mejores-ciudades-gran-canaria-pueblos\/\" target=\"_blank\" rel=\"noreferrer noopener\">Ciudades y pueblos m\u00e1s bonitos<\/a><br\/><a href=\"https:\/\/canarias-lovers.com\/es\/mejores-playas-gran-canaria\/\" target=\"_blank\" rel=\"noreferrer noopener\">Las playas m\u00e1s bellas<\/a><br\/><a href=\"https:\/\/canarias-lovers.com\/es\/piscinas-naturales-gran-canaria-lagunas\/\" target=\"_blank\" rel=\"noreferrer noopener\">Las mejores piscinas naturales<\/a><br\/><a href=\"https:\/\/canarias-lovers.com\/es\/yacimientos-arqueologicos-gran-canaria\/\" target=\"_blank\" rel=\"noreferrer noopener\">Yacimientos arqueol\u00f3gicos<\/a><br\/><a href=\"https:\/\/canarias-lovers.com\/es\/mejores-museos-gran-canaria\/\" target=\"_blank\" rel=\"noreferrer noopener\">Los mejores museos<\/a><br\/><a href=\"https:\/\/canarias-lovers.com\/es\/meilleures-excursions-bateau-gran-canaria-2\/\" target=\"_blank\" rel=\"noreferrer noopener\">Las mejores excursiones en barco<\/a><br\/><a href=\"https:\/\/canarias-lovers.com\/es\/lugares-secretos-gran-canaria\/\" target=\"_blank\" rel=\"noreferrer noopener\">Lugares secretos, fuera de los caminos trillados<\/a><\/p>\n<\/div>\n\n\n\n<div class=\"wp-block-column is-vertically-aligned-top planif-radius is-layout-flow wp-block-column-is-layout-flow\" style=\"flex-basis:40%\">\n<figure class=\"wp-block-image size-large img-portrait\"><img decoding=\"async\" src=\"https:\/\/photos.smugmug.com\/Canarias-Lovers\/Gran-Canaria\/Best-of\/i-8qV2fwm\/0\/98eb2a07\/S\/Roque-Nublo-S.jpg\" alt=\"Roque Nublo\" title=\"\"\/><\/figure>\n<\/div>\n<\/div>\n\n\n\n<hr class=\"wp-block-separator has-text-color has-alpha-channel-opacity has-background is-style-wide hr-box-planif\" style=\"background-color:#ccd3dd;color:#ccd3dd\"\/>\n\n\n\n<div class=\"wp-block-columns box_sans_border is-layout-flex wp-container-core-columns-is-layout-8f761849 wp-block-columns-is-layout-flex\">\n<div class=\"wp-block-column texte_planif is-layout-flow wp-block-column-is-layout-flow\" style=\"flex-basis:60%\">\n<ul class=\"wp-block-list\">\n<li><strong>Consejos pr\u00e1cticos<\/strong><\/li>\n<\/ul>\n\n\n\n<p class=\"wp-block-paragraph\" style=\"font-size:14px\"><a href=\"https:\/\/canarias-lovers.com\/es\/guia-viaje-gran-canaria-consejos\/\" target=\"_blank\" rel=\"noreferrer noopener\">25 consejos para un viaje exitoso a Gran Canaria<\/a><br\/><a href=\"https:\/\/canarias-lovers.com\/es\/mejor-epoca-para-viajar-gran-canaria-tiempo\/\" target=\"_blank\" rel=\"noreferrer noopener\">\u00bfCu\u00e1ndo debe marcharse?<\/a><\/p>\n\n\n\n<p class=\"wp-block-paragraph\" style=\"font-size:14px\"><a href=\"https:\/\/canarias-lovers.com\/es\/desplazarse-gran-canaria-transporte\/\" target=\"_blank\" rel=\"noreferrer noopener\">C\u00f3mo desplazarse<\/a><br\/><a href=\"https:\/\/canarias-lovers.com\/es\/como-alquilar-coche-gran-canaria-consejos-experiencas\/\" target=\"_blank\" rel=\"noreferrer noopener\">C\u00f3mo alquilar un coche en Gran Canaria<\/a><br\/><a href=\"https:\/\/canarias-lovers.com\/es\/conducir-gran-canaria-consejos\/\" target=\"_blank\" rel=\"noreferrer noopener\">Consejos de conducci\u00f3n<\/a><br\/><a href=\"https:\/\/canarias-lovers.com\/es\/meilleures-excursions-gran-canaria-2\/\" target=\"_blank\" rel=\"noreferrer noopener\">Las mejores excursiones<\/a><\/p>\n\n\n\n<p class=\"wp-block-paragraph\" style=\"font-size:14px\">Itinerarios: 3 d\u00edas &#8211; 4 d\u00edas &#8211; <a href=\"https:\/\/canarias-lovers.com\/es\/visitar-5-dias-gran-canaria-itinerario\/\" target=\"_blank\" rel=\"noreferrer noopener\">5 d\u00edas<\/a> &#8211; <a href=\"https:\/\/canarias-lovers.com\/es\/visitar-6-dias-gran-canaria-itinerario\/\" target=\"_blank\" rel=\"noreferrer noopener\">6 d\u00edas<\/a> &#8211; <a href=\"https:\/\/canarias-lovers.com\/es\/visitar-gran-canaria-una-semana-itinerario\/\" target=\"_blank\" rel=\"noreferrer noopener\">7 d\u00edas<\/a> &#8211; <a href=\"https:\/\/canarias-lovers.com\/es\/visitar-10-dias-gran-canaria-itinerario\/\" target=\"_blank\" rel=\"noreferrer noopener\">10 d\u00edas<\/a><\/p>\n\n\n\n<p class=\"wp-block-paragraph\" style=\"font-size:14px\"><a href=\"https:\/\/canarias-lovers.com\/es\/donde-alojarse-gran-canaria-mejores-destinos\/\" target=\"_blank\" rel=\"noreferrer noopener\">D\u00f3nde alojarse en Gran Canaria<\/a><\/p>\n<\/div>\n\n\n\n<div class=\"wp-block-column is-vertically-aligned-top planif-radius is-layout-flow wp-block-column-is-layout-flow\" style=\"flex-basis:40%\">\n<figure class=\"wp-block-image size-large img-portrait\"><img decoding=\"async\" src=\"https:\/\/photos.smugmug.com\/Canarias-Lovers\/Gran-Canaria\/Driving\/i-rqnNnCs\/1\/4b657343\/S\/gran-Canaria-rental-car-driving-3-S.jpg\" alt=\"Alquiler de coches Gran Canaria\" title=\"\"\/><\/figure>\n<\/div>\n<\/div>\n\n\n\n<hr class=\"wp-block-separator has-text-color has-alpha-channel-opacity has-background is-style-wide hr-box-planif\" style=\"background-color:#ccd3dd;color:#ccd3dd\"\/>\n\n\n\n<div class=\"wp-block-columns box_sans_border is-layout-flex wp-container-core-columns-is-layout-8f761849 wp-block-columns-is-layout-flex\">\n<div class=\"wp-block-column texte_planif is-layout-flow wp-block-column-is-layout-flow\" style=\"flex-basis:60%\">\n<ul class=\"wp-block-list\">\n<li><strong>Lo imprescindible<\/strong><\/li>\n<\/ul>\n\n\n\n<p class=\"wp-block-paragraph\" style=\"font-size:14px\"><a href=\"https:\/\/canarias-lovers.com\/es\/que-ver-las-palmas-gran-canaria-visitar\/\" target=\"_blank\" rel=\"noreferrer noopener\">Las Palmas y su centro hist\u00f3rico<\/a><br\/><a href=\"https:\/\/canarias-lovers.com\/es\/ver-delfines-gran-canaria-ballenas\/\" target=\"_blank\" rel=\"noreferrer noopener\">Avistamiento de delfines en Gran Canaria<\/a><br\/><a href=\"https:\/\/canarias-lovers.com\/es\/dunes-maspalomas-gran-canaria-2\/\" target=\"_blank\" rel=\"noreferrer noopener\">Dunas de Maspalomas<\/a><br\/><a href=\"https:\/\/canarias-lovers.com\/es\/que-ver-puerto-mogan-visitar\/\" target=\"_blank\" rel=\"noreferrer noopener\">Puerto de Mog\u00e1n (Peque\u00f1a Venecia)<\/a><br\/><a href=\"https:\/\/canarias-lovers.com\/es\/que-ver-agaete-visitar\/\" target=\"_blank\" rel=\"noreferrer noopener\">Agaete y sus piscinas naturales<\/a><br\/><a href=\"https:\/\/canarias-lovers.com\/es\/que-ver-aguimes-grancanaria-visitar\/\" target=\"_blank\" rel=\"noreferrer noopener\">La magn\u00edfica ciudad de Ag\u00fcimes<\/a><br\/><\/p>\n<\/div>\n\n\n\n<div class=\"wp-block-column is-vertically-aligned-top planif-radius is-layout-flow wp-block-column-is-layout-flow\" style=\"flex-basis:40%\">\n<figure class=\"wp-block-image size-large img-portrait\"><img decoding=\"async\" src=\"https:\/\/photos.smugmug.com\/Canarias-Lovers\/Gran-Canaria\/Best-of\/i-wqpn8vC\/0\/85607396\/S\/Gran-Canaria-dolphins-S.jpg\" alt=\"Delf&#xED;n en Gran Canaria\" title=\"\"\/><\/figure>\n<\/div>\n<\/div>\n\n\n\n<div style=\"height:30px\" aria-hidden=\"true\" class=\"wp-block-spacer\"><\/div>\n<\/div><\/div><\/div>\n\n<div class=\"wp-block-genesis-blocks-gb-container box_auteur_voyage gb-block-container\"><div class=\"gb-container-inside\"><div class=\"gb-container-content\">\n<figure class=\"wp-block-image size-large img_auteur_voyage img_provisoire\"><img decoding=\"async\" src=\"https:\/\/photos.smugmug.com\/Region-Lovers\/Equipe\/i-nsNF6C6\/0\/Cs2F5n96pkt9xFD9D3SVqmQspMhrKgN75nHgBqmjG\/L\/Claire-L.png\" alt=\"\"\/><\/figure>\n\n\n\n<h5 class=\"titre_auteur_voyage\"><span>HIZO EL VIAJE Y ESCRIBI\u00d3 EL ART\u00cdCULO \n <\/span><span class=\"titre_box_manuscrit\">Claire<\/span><\/h5>\n<\/div><\/div><\/div>\n","protected":false},"excerpt":{"rendered":"<p>El Parque Cactualdea, situado en La Aldea de San Nicol\u00e1s, en la isla de Gran Canaria, es un jard\u00edn bot\u00e1nico \u00fanico dedicado a los cactus y otras plantas adaptadas a los entornos \u00e1ridos. Con una superficie de aproximadamente 15 000 m\u00b2, alberga m\u00e1s de 1 000 especies procedentes de todo el mundo, lo que permite [&hellip;]<\/p>\n","protected":false},"author":1,"featured_media":11131,"comment_status":"closed","ping_status":"closed","sticky":false,"template":"","format":"standard","meta":{"_acf_changed":false,"_genesis_hide_title":false,"_genesis_hide_breadcrumbs":false,"_genesis_hide_singular_image":false,"_genesis_hide_footer_widgets":false,"_genesis_custom_body_class":"","_genesis_custom_post_class":"","_genesis_layout":"","footnotes":""},"categories":[6],"tags":[],"class_list":["post-11173","post","type-post","status-publish","format-standard","has-post-thumbnail","category-sin-categorizar","entry"],"acf":[],"yoast_head":"<!-- This site is optimized with the Yoast SEO plugin v28.3 - https:\/\/yoast.com\/product\/yoast-seo-wordpress\/ -->\n<title>Parque de Cactualdea (Gran Canaria): visita + fotos<\/title>\n<meta name=\"description\" content=\"Nuestros consejos y fotos para visitar el jard\u00edn Parc Cactualdea en Gran Canaria: c\u00f3mo llegar, lugares de inter\u00e9s, duraci\u00f3n, horarios e informaci\u00f3n pr\u00e1ctica.\" \/>\n<meta name=\"robots\" content=\"index, follow, max-snippet:-1, max-image-preview:large, max-video-preview:-1\" \/>\n<link rel=\"canonical\" href=\"https:\/\/canarias-lovers.com\/es\/cactualdea-park-gran-canaria\/\" \/>\n<meta property=\"og:locale\" content=\"es_ES\" \/>\n<meta property=\"og:type\" content=\"article\" \/>\n<meta property=\"og:title\" content=\"Parque de Cactualdea (Gran Canaria): visita + fotos\" \/>\n<meta property=\"og:description\" content=\"Nuestros consejos y fotos para visitar el jard\u00edn Parc Cactualdea en Gran Canaria: c\u00f3mo llegar, lugares de inter\u00e9s, duraci\u00f3n, horarios e informaci\u00f3n pr\u00e1ctica.\" \/>\n<meta property=\"og:url\" content=\"https:\/\/canarias-lovers.com\/es\/cactualdea-park-gran-canaria\/\" \/>\n<meta property=\"og:site_name\" content=\"Canarias Lovers: Tenerife + Gran Canaria\" \/>\n<meta property=\"article:published_time\" content=\"2026-09-03T15:04:43+00:00\" \/>\n<meta property=\"article:modified_time\" content=\"2026-09-03T15:06:35+00:00\" \/>\n<meta property=\"og:image\" content=\"https:\/\/canarias-lovers.com\/wp-content\/uploads\/2026\/09\/Cactualdea-Gran-Canaria-scaled.webp\" \/>\n\t<meta property=\"og:image:width\" content=\"2560\" \/>\n\t<meta property=\"og:image:height\" content=\"1920\" \/>\n\t<meta property=\"og:image:type\" content=\"image\/webp\" \/>\n<meta name=\"author\" content=\"Claire\" \/>\n<meta name=\"twitter:card\" content=\"summary_large_image\" \/>\n<meta name=\"twitter:label1\" content=\"Escrito por\" \/>\n\t<meta name=\"twitter:data1\" content=\"Claire\" \/>\n\t<meta name=\"twitter:label2\" content=\"Tiempo de lectura\" \/>\n\t<meta name=\"twitter:data2\" content=\"10 minutos\" \/>\n<script type=\"application\/ld+json\" class=\"yoast-schema-graph\">{\"@context\":\"https:\\\/\\\/schema.org\",\"@graph\":[{\"@type\":\"Article\",\"@id\":\"https:\\\/\\\/canarias-lovers.com\\\/es\\\/cactualdea-park-gran-canaria\\\/#article\",\"isPartOf\":{\"@id\":\"https:\\\/\\\/canarias-lovers.com\\\/es\\\/cactualdea-park-gran-canaria\\\/\"},\"author\":{\"name\":\"Claire\",\"@id\":\"https:\\\/\\\/canarias-lovers.com\\\/es\\\/#\\\/schema\\\/person\\\/4cfe633189ad64b99c9609bed2b00d55\"},\"headline\":\"Parque de Cactualdea (Gran Canaria): visita + fotos\",\"datePublished\":\"2026-09-03T15:04:43+00:00\",\"dateModified\":\"2026-09-03T15:06:35+00:00\",\"mainEntityOfPage\":{\"@id\":\"https:\\\/\\\/canarias-lovers.com\\\/es\\\/cactualdea-park-gran-canaria\\\/\"},\"wordCount\":1945,\"publisher\":{\"@id\":\"https:\\\/\\\/canarias-lovers.com\\\/es\\\/#organization\"},\"image\":{\"@id\":\"https:\\\/\\\/canarias-lovers.com\\\/es\\\/cactualdea-park-gran-canaria\\\/#primaryimage\"},\"thumbnailUrl\":\"https:\\\/\\\/canarias-lovers.com\\\/wp-content\\\/uploads\\\/2026\\\/09\\\/Cactualdea-Gran-Canaria-scaled.webp\",\"articleSection\":[\"Sin categorizar\"],\"inLanguage\":\"es\"},{\"@type\":\"WebPage\",\"@id\":\"https:\\\/\\\/canarias-lovers.com\\\/es\\\/cactualdea-park-gran-canaria\\\/\",\"url\":\"https:\\\/\\\/canarias-lovers.com\\\/es\\\/cactualdea-park-gran-canaria\\\/\",\"name\":\"Parque de Cactualdea (Gran Canaria): visita + fotos\",\"isPartOf\":{\"@id\":\"https:\\\/\\\/canarias-lovers.com\\\/es\\\/#website\"},\"primaryImageOfPage\":{\"@id\":\"https:\\\/\\\/canarias-lovers.com\\\/es\\\/cactualdea-park-gran-canaria\\\/#primaryimage\"},\"image\":{\"@id\":\"https:\\\/\\\/canarias-lovers.com\\\/es\\\/cactualdea-park-gran-canaria\\\/#primaryimage\"},\"thumbnailUrl\":\"https:\\\/\\\/canarias-lovers.com\\\/wp-content\\\/uploads\\\/2026\\\/09\\\/Cactualdea-Gran-Canaria-scaled.webp\",\"datePublished\":\"2026-09-03T15:04:43+00:00\",\"dateModified\":\"2026-09-03T15:06:35+00:00\",\"description\":\"Nuestros consejos y fotos para visitar el jard\u00edn Parc Cactualdea en Gran Canaria: c\u00f3mo llegar, lugares de inter\u00e9s, duraci\u00f3n, horarios e informaci\u00f3n pr\u00e1ctica.\",\"breadcrumb\":{\"@id\":\"https:\\\/\\\/canarias-lovers.com\\\/es\\\/cactualdea-park-gran-canaria\\\/#breadcrumb\"},\"inLanguage\":\"es\",\"potentialAction\":[{\"@type\":\"ReadAction\",\"target\":[\"https:\\\/\\\/canarias-lovers.com\\\/es\\\/cactualdea-park-gran-canaria\\\/\"]}]},{\"@type\":\"ImageObject\",\"inLanguage\":\"es\",\"@id\":\"https:\\\/\\\/canarias-lovers.com\\\/es\\\/cactualdea-park-gran-canaria\\\/#primaryimage\",\"url\":\"https:\\\/\\\/canarias-lovers.com\\\/wp-content\\\/uploads\\\/2026\\\/09\\\/Cactualdea-Gran-Canaria-scaled.webp\",\"contentUrl\":\"https:\\\/\\\/canarias-lovers.com\\\/wp-content\\\/uploads\\\/2026\\\/09\\\/Cactualdea-Gran-Canaria-scaled.webp\",\"width\":2560,\"height\":1920,\"caption\":\"Cactualdea Gran Canaria\"},{\"@type\":\"BreadcrumbList\",\"@id\":\"https:\\\/\\\/canarias-lovers.com\\\/es\\\/cactualdea-park-gran-canaria\\\/#breadcrumb\",\"itemListElement\":[{\"@type\":\"ListItem\",\"position\":1,\"name\":\"Inicio\",\"item\":\"https:\\\/\\\/canarias-lovers.com\\\/es\\\/\"},{\"@type\":\"ListItem\",\"position\":2,\"name\":\"Sin categorizar\",\"item\":\"https:\\\/\\\/canarias-lovers.com\\\/es\\\/sin-categorizar\\\/\"},{\"@type\":\"ListItem\",\"position\":3,\"name\":\"Parque de Cactualdea (Gran Canaria): visita + fotos\"}]},{\"@type\":\"WebSite\",\"@id\":\"https:\\\/\\\/canarias-lovers.com\\\/es\\\/#website\",\"url\":\"https:\\\/\\\/canarias-lovers.com\\\/es\\\/\",\"name\":\"Canarias Lovers: Tenerife + Gran Canaria\",\"description\":\"El blog de Claire y Manu\",\"publisher\":{\"@id\":\"https:\\\/\\\/canarias-lovers.com\\\/es\\\/#organization\"},\"potentialAction\":[{\"@type\":\"SearchAction\",\"target\":{\"@type\":\"EntryPoint\",\"urlTemplate\":\"https:\\\/\\\/canarias-lovers.com\\\/es\\\/?s={search_term_string}\"},\"query-input\":{\"@type\":\"PropertyValueSpecification\",\"valueRequired\":true,\"valueName\":\"search_term_string\"}}],\"inLanguage\":\"es\"},{\"@type\":\"Organization\",\"@id\":\"https:\\\/\\\/canarias-lovers.com\\\/es\\\/#organization\",\"name\":\"Canarias Lovers: Tenerife + Gran Canaria\",\"url\":\"https:\\\/\\\/canarias-lovers.com\\\/es\\\/\",\"logo\":{\"@type\":\"ImageObject\",\"inLanguage\":\"es\",\"@id\":\"https:\\\/\\\/canarias-lovers.com\\\/es\\\/#\\\/schema\\\/logo\\\/image\\\/\",\"url\":\"https:\\\/\\\/canarias-lovers.com\\\/wp-content\\\/uploads\\\/2024\\\/05\\\/cropped-Canarias-Lovers-Logo.png\",\"contentUrl\":\"https:\\\/\\\/canarias-lovers.com\\\/wp-content\\\/uploads\\\/2024\\\/05\\\/cropped-Canarias-Lovers-Logo.png\",\"width\":2635,\"height\":595,\"caption\":\"Canarias Lovers: Tenerife + Gran Canaria\"},\"image\":{\"@id\":\"https:\\\/\\\/canarias-lovers.com\\\/es\\\/#\\\/schema\\\/logo\\\/image\\\/\"}},{\"@type\":\"Person\",\"@id\":\"https:\\\/\\\/canarias-lovers.com\\\/es\\\/#\\\/schema\\\/person\\\/4cfe633189ad64b99c9609bed2b00d55\",\"name\":\"Claire\",\"image\":{\"@type\":\"ImageObject\",\"inLanguage\":\"es\",\"@id\":\"https:\\\/\\\/secure.gravatar.com\\\/avatar\\\/e3566233826c32de8d7c9ef726a1087654b12cadb092acc17ee1d357687192ff?s=96&d=mm&r=g\",\"url\":\"https:\\\/\\\/secure.gravatar.com\\\/avatar\\\/e3566233826c32de8d7c9ef726a1087654b12cadb092acc17ee1d357687192ff?s=96&d=mm&r=g\",\"contentUrl\":\"https:\\\/\\\/secure.gravatar.com\\\/avatar\\\/e3566233826c32de8d7c9ef726a1087654b12cadb092acc17ee1d357687192ff?s=96&d=mm&r=g\",\"caption\":\"Claire\"},\"sameAs\":[\"https:\\\/\\\/canarias-lovers.com\\\/claire-robinson\\\/\"],\"url\":\"https:\\\/\\\/canarias-lovers.com\\\/es\\\/author\\\/canariaslover2\\\/\"}]}<\/script>\n<!-- \/ Yoast SEO plugin. -->","yoast_head_json":{"title":"Parque de Cactualdea (Gran Canaria): visita + fotos","description":"Nuestros consejos y fotos para visitar el jard\u00edn Parc Cactualdea en Gran Canaria: c\u00f3mo llegar, lugares de inter\u00e9s, duraci\u00f3n, horarios e informaci\u00f3n pr\u00e1ctica.","robots":{"index":"index","follow":"follow","max-snippet":"max-snippet:-1","max-image-preview":"max-image-preview:large","max-video-preview":"max-video-preview:-1"},"canonical":"https:\/\/canarias-lovers.com\/es\/cactualdea-park-gran-canaria\/","og_locale":"es_ES","og_type":"article","og_title":"Parque de Cactualdea (Gran Canaria): visita + fotos","og_description":"Nuestros consejos y fotos para visitar el jard\u00edn Parc Cactualdea en Gran Canaria: c\u00f3mo llegar, lugares de inter\u00e9s, duraci\u00f3n, horarios e informaci\u00f3n pr\u00e1ctica.","og_url":"https:\/\/canarias-lovers.com\/es\/cactualdea-park-gran-canaria\/","og_site_name":"Canarias Lovers: Tenerife + Gran Canaria","article_published_time":"2026-09-03T15:04:43+00:00","article_modified_time":"2026-09-03T15:06:35+00:00","og_image":[{"width":2560,"height":1920,"url":"https:\/\/canarias-lovers.com\/wp-content\/uploads\/2026\/09\/Cactualdea-Gran-Canaria-scaled.webp","type":"image\/webp"}],"author":"Claire","twitter_card":"summary_large_image","twitter_misc":{"Escrito por":"Claire","Tiempo de lectura":"10 minutos"},"schema":{"@context":"https:\/\/schema.org","@graph":[{"@type":"Article","@id":"https:\/\/canarias-lovers.com\/es\/cactualdea-park-gran-canaria\/#article","isPartOf":{"@id":"https:\/\/canarias-lovers.com\/es\/cactualdea-park-gran-canaria\/"},"author":{"name":"Claire","@id":"https:\/\/canarias-lovers.com\/es\/#\/schema\/person\/4cfe633189ad64b99c9609bed2b00d55"},"headline":"Parque de Cactualdea (Gran Canaria): visita + fotos","datePublished":"2026-09-03T15:04:43+00:00","dateModified":"2026-09-03T15:06:35+00:00","mainEntityOfPage":{"@id":"https:\/\/canarias-lovers.com\/es\/cactualdea-park-gran-canaria\/"},"wordCount":1945,"publisher":{"@id":"https:\/\/canarias-lovers.com\/es\/#organization"},"image":{"@id":"https:\/\/canarias-lovers.com\/es\/cactualdea-park-gran-canaria\/#primaryimage"},"thumbnailUrl":"https:\/\/canarias-lovers.com\/wp-content\/uploads\/2026\/09\/Cactualdea-Gran-Canaria-scaled.webp","articleSection":["Sin categorizar"],"inLanguage":"es"},{"@type":"WebPage","@id":"https:\/\/canarias-lovers.com\/es\/cactualdea-park-gran-canaria\/","url":"https:\/\/canarias-lovers.com\/es\/cactualdea-park-gran-canaria\/","name":"Parque de Cactualdea (Gran Canaria): visita + fotos","isPartOf":{"@id":"https:\/\/canarias-lovers.com\/es\/#website"},"primaryImageOfPage":{"@id":"https:\/\/canarias-lovers.com\/es\/cactualdea-park-gran-canaria\/#primaryimage"},"image":{"@id":"https:\/\/canarias-lovers.com\/es\/cactualdea-park-gran-canaria\/#primaryimage"},"thumbnailUrl":"https:\/\/canarias-lovers.com\/wp-content\/uploads\/2026\/09\/Cactualdea-Gran-Canaria-scaled.webp","datePublished":"2026-09-03T15:04:43+00:00","dateModified":"2026-09-03T15:06:35+00:00","description":"Nuestros consejos y fotos para visitar el jard\u00edn Parc Cactualdea en Gran Canaria: c\u00f3mo llegar, lugares de inter\u00e9s, duraci\u00f3n, horarios e informaci\u00f3n pr\u00e1ctica.","breadcrumb":{"@id":"https:\/\/canarias-lovers.com\/es\/cactualdea-park-gran-canaria\/#breadcrumb"},"inLanguage":"es","potentialAction":[{"@type":"ReadAction","target":["https:\/\/canarias-lovers.com\/es\/cactualdea-park-gran-canaria\/"]}]},{"@type":"ImageObject","inLanguage":"es","@id":"https:\/\/canarias-lovers.com\/es\/cactualdea-park-gran-canaria\/#primaryimage","url":"https:\/\/canarias-lovers.com\/wp-content\/uploads\/2026\/09\/Cactualdea-Gran-Canaria-scaled.webp","contentUrl":"https:\/\/canarias-lovers.com\/wp-content\/uploads\/2026\/09\/Cactualdea-Gran-Canaria-scaled.webp","width":2560,"height":1920,"caption":"Cactualdea Gran Canaria"},{"@type":"BreadcrumbList","@id":"https:\/\/canarias-lovers.com\/es\/cactualdea-park-gran-canaria\/#breadcrumb","itemListElement":[{"@type":"ListItem","position":1,"name":"Inicio","item":"https:\/\/canarias-lovers.com\/es\/"},{"@type":"ListItem","position":2,"name":"Sin categorizar","item":"https:\/\/canarias-lovers.com\/es\/sin-categorizar\/"},{"@type":"ListItem","position":3,"name":"Parque de Cactualdea (Gran Canaria): visita + fotos"}]},{"@type":"WebSite","@id":"https:\/\/canarias-lovers.com\/es\/#website","url":"https:\/\/canarias-lovers.com\/es\/","name":"Canarias Lovers: Tenerife + Gran Canaria","description":"El blog de Claire y Manu","publisher":{"@id":"https:\/\/canarias-lovers.com\/es\/#organization"},"potentialAction":[{"@type":"SearchAction","target":{"@type":"EntryPoint","urlTemplate":"https:\/\/canarias-lovers.com\/es\/?s={search_term_string}"},"query-input":{"@type":"PropertyValueSpecification","valueRequired":true,"valueName":"search_term_string"}}],"inLanguage":"es"},{"@type":"Organization","@id":"https:\/\/canarias-lovers.com\/es\/#organization","name":"Canarias Lovers: Tenerife + Gran Canaria","url":"https:\/\/canarias-lovers.com\/es\/","logo":{"@type":"ImageObject","inLanguage":"es","@id":"https:\/\/canarias-lovers.com\/es\/#\/schema\/logo\/image\/","url":"https:\/\/canarias-lovers.com\/wp-content\/uploads\/2024\/05\/cropped-Canarias-Lovers-Logo.png","contentUrl":"https:\/\/canarias-lovers.com\/wp-content\/uploads\/2024\/05\/cropped-Canarias-Lovers-Logo.png","width":2635,"height":595,"caption":"Canarias Lovers: Tenerife + Gran Canaria"},"image":{"@id":"https:\/\/canarias-lovers.com\/es\/#\/schema\/logo\/image\/"}},{"@type":"Person","@id":"https:\/\/canarias-lovers.com\/es\/#\/schema\/person\/4cfe633189ad64b99c9609bed2b00d55","name":"Claire","image":{"@type":"ImageObject","inLanguage":"es","@id":"https:\/\/secure.gravatar.com\/avatar\/e3566233826c32de8d7c9ef726a1087654b12cadb092acc17ee1d357687192ff?s=96&d=mm&r=g","url":"https:\/\/secure.gravatar.com\/avatar\/e3566233826c32de8d7c9ef726a1087654b12cadb092acc17ee1d357687192ff?s=96&d=mm&r=g","contentUrl":"https:\/\/secure.gravatar.com\/avatar\/e3566233826c32de8d7c9ef726a1087654b12cadb092acc17ee1d357687192ff?s=96&d=mm&r=g","caption":"Claire"},"sameAs":["https:\/\/canarias-lovers.com\/claire-robinson\/"],"url":"https:\/\/canarias-lovers.com\/es\/author\/canariaslover2\/"}]}},"featured_image_src":"https:\/\/canarias-lovers.com\/wp-content\/uploads\/2026\/09\/Cactualdea-Gran-Canaria-600x400.webp","featured_image_src_square":"https:\/\/canarias-lovers.com\/wp-content\/uploads\/2026\/09\/Cactualdea-Gran-Canaria-600x600.webp","author_info":{"display_name":"Claire","author_link":"https:\/\/canarias-lovers.com\/es\/author\/canariaslover2\/"},"_links":{"self":[{"href":"https:\/\/canarias-lovers.com\/es\/wp-json\/wp\/v2\/posts\/11173","targetHints":{"allow":["GET"]}}],"collection":[{"href":"https:\/\/canarias-lovers.com\/es\/wp-json\/wp\/v2\/posts"}],"about":[{"href":"https:\/\/canarias-lovers.com\/es\/wp-json\/wp\/v2\/types\/post"}],"author":[{"embeddable":true,"href":"https:\/\/canarias-lovers.com\/es\/wp-json\/wp\/v2\/users\/1"}],"replies":[{"embeddable":true,"href":"https:\/\/canarias-lovers.com\/es\/wp-json\/wp\/v2\/comments?post=11173"}],"version-history":[{"count":2,"href":"https:\/\/canarias-lovers.com\/es\/wp-json\/wp\/v2\/posts\/11173\/revisions"}],"predecessor-version":[{"id":11175,"href":"https:\/\/canarias-lovers.com\/es\/wp-json\/wp\/v2\/posts\/11173\/revisions\/11175"}],"wp:featuredmedia":[{"embeddable":true,"href":"https:\/\/canarias-lovers.com\/es\/wp-json\/wp\/v2\/media\/11131"}],"wp:attachment":[{"href":"https:\/\/canarias-lovers.com\/es\/wp-json\/wp\/v2\/media?parent=11173"}],"wp:term":[{"taxonomy":"category","embeddable":true,"href":"https:\/\/canarias-lovers.com\/es\/wp-json\/wp\/v2\/categories?post=11173"},{"taxonomy":"post_tag","embeddable":true,"href":"https:\/\/canarias-lovers.com\/es\/wp-json\/wp\/v2\/tags?post=11173"}],"curies":[{"name":"wp","href":"https:\/\/api.w.org\/{rel}","templated":true}]}}