{"id":11167,"date":"2026-09-03T15:04:43","date_gmt":"2026-09-03T15:04:43","guid":{"rendered":"https:\/\/canarias-lovers.com\/cactualdea-park-gran-canaria\/"},"modified":"2026-09-03T15:11:25","modified_gmt":"2026-09-03T15:11:25","slug":"cactualdea-park-gran-canaria","status":"publish","type":"post","link":"https:\/\/canarias-lovers.com\/de\/cactualdea-park-gran-canaria\/","title":{"rendered":"Cactualdea Park (Gran Canaria): Besichtigung + Fotos"},"content":{"rendered":"\n<p class=\"wp-block-paragraph\">Der Parc Cactualdea in La Aldea de San Nicol\u00e1s auf der Insel Gran Canaria ist ein einzigartiger botanischer Garten, der sich den <strong>Kakteen<\/strong> und anderen Pflanzen widmet, die an trockene Lebensr\u00e4ume angepasst sind. Auf einer Fl\u00e4che von rund <strong>15.000 m\u00b2<\/strong> pr\u00e4sentiert er \u00fcber <strong>1.000 Arten<\/strong> aus aller Welt und bietet damit ein Erlebnis, bei dem Sie in eine Landschaft eintauchen k\u00f6nnen, die zugleich w\u00fcstenartig und \u00fcppig ist.<\/p>\n\n<figure class=\"wp-block-image size-large\"><img loading=\"lazy\" decoding=\"async\" width=\"1024\" height=\"768\" src=\"https:\/\/canarias-lovers.com\/wp-content\/uploads\/2026\/09\/Cactualdea-Gran-Canaria-1024x768.webp\" alt=\"Cactualdea Gran Canaria\" class=\"wp-image-11124\" srcset=\"https:\/\/canarias-lovers.com\/wp-content\/uploads\/2026\/09\/Cactualdea-Gran-Canaria-1024x768.webp 1024w, https:\/\/canarias-lovers.com\/wp-content\/uploads\/2026\/09\/Cactualdea-Gran-Canaria-300x225.webp 300w, https:\/\/canarias-lovers.com\/wp-content\/uploads\/2026\/09\/Cactualdea-Gran-Canaria-768x576.webp 768w, https:\/\/canarias-lovers.com\/wp-content\/uploads\/2026\/09\/Cactualdea-Gran-Canaria-1536x1152.webp 1536w, https:\/\/canarias-lovers.com\/wp-content\/uploads\/2026\/09\/Cactualdea-Gran-Canaria-2048x1536.webp 2048w, https:\/\/canarias-lovers.com\/wp-content\/uploads\/2026\/09\/Cactualdea-Gran-Canaria-702x526.webp 702w\" sizes=\"auto, (max-width: 1024px) 100vw, 1024px\" \/><\/figure>\n\n<p class=\"wp-block-paragraph\">Entdecken Sie in diesem Artikel unsere <strong>n\u00fctzlichen Tipps in Bildern<\/strong>, damit Sie Ihren Besuch optimal vorbereiten und diesen botanischen Ausflug abseits der Stadt in vollen Z\u00fcgen genie\u00dfen k\u00f6nnen.<\/p>\n\n<h2 class=\"wp-block-heading\"><span class=\"ez-toc-section\" id=\"Warum_sollten_Sie_den_Cactualdea-Park_besuchen\"><\/span>Warum sollten Sie den Cactualdea-Park besuchen?<span class=\"ez-toc-section-end\"><\/span><\/h2>\n\n<h3 class=\"wp-block-heading\">Lohnt sich ein Besuch im Cactualdea-Park? Unsere Meinung:<\/h3>\n\n<p class=\"wp-block-paragraph\">Ja, der Parc Cactualdea lohnt sich f\u00fcr einen Spaziergang, der Ihnen einen Tapetenwechsel bietet \u2013 inmitten eines kargen Gartens, in dem \u00fcber <strong>1.000 Kakteenarten aus<\/strong> aller Welt vor der Kulisse spektakul\u00e4rer Berge gedeihen. Dieser Ort bietet dank seiner vielf\u00e4ltigen Sammlung und seiner nat\u00fcrlichen Umgebung ein einzigartiges Erlebnis, das sich von klassischen botanischen G\u00e4rten unterscheidet.<\/p>\n\n<figure class=\"wp-block-image size-large\"><img decoding=\"async\" src=\"https:\/\/res.cloudinary.com\/dr1k3muv9\/image\/upload\/e_enhance\/e_improve:outdoor:50\/e_contrast:level_35;type_sigmoidal\/e_vibrance:8\/e_saturation:8\/e_sharpen:15\/f_auto\/v1788420091\/Mogan-to-La-Aldea-blocs-region-Lieu-XEL.heic\" alt=\"Kaktusgarten mit Bergen im Hintergrund\"\/><\/figure>\n\n<h3 class=\"wp-block-heading\">Unsere Lieblingsmomente<\/h3>\n\n<p class=\"wp-block-paragraph\">Besonders beeindruckt hat uns die Pflanzenvielfalt, zu der auch seltene und exotische Arten geh\u00f6ren, sowie die im Park verstreuten ethnografischen Elemente der Kanarischen Inseln. Diese kulturellen Aspekte verleihen dem Rundgang eine zus\u00e4tzliche Dimension, indem sie die Botanik mit der lokalen Geschichte verkn\u00fcpfen.<\/p>\n\n<p class=\"wp-block-paragraph\">Die friedliche Atmosph\u00e4re des Parks l\u00e4dt zum Entspannen und Nachdenken ein. Wir haben festgestellt, dass dies ein idealer Ort f\u00fcr all jene ist, die einen Moment der Ruhe abseits des touristischen Trubels suchen und gleichzeitig den nat\u00fcrlichen und kulturellen Reichtum von <strong>Gran<\/strong> <strong>Canaria<\/strong> entdecken m\u00f6chten <strong>.<\/strong><\/p>\n\n<figure class=\"wp-block-image size-large\"><img decoding=\"async\" src=\"https:\/\/res.cloudinary.com\/dr1k3muv9\/image\/upload\/e_enhance\/e_improve:outdoor:50\/e_contrast:level_35;type_sigmoidal\/e_vibrance:8\/e_saturation:8\/e_sharpen:15\/f_auto\/v1788420094\/Mogan-to-La-Aldea-blocs-region-Lieu-VSZ.heic\" alt=\"Im Fokus: ein runder Kaktus mit langen gelben Stacheln\"\/><\/figure>\n\n<p class=\"wp-block-paragraph\">Besonders gut hat es uns gefallen, auf den <strong>gewundenen Wegen<\/strong> durch die G\u00e4rten zu schlendern, wo die <strong>Mikroklimata<\/strong> vielf\u00e4ltige Stimmungen schaffen. Das Beobachten der <strong>Tiere in freier Wildbahn<\/strong> verlieh dem Spaziergang eine lebendige Note, w\u00e4hrend die Nachbildung der Guanche-H\u00f6hle einen historischen Einblick in die Geschichte der Insel vermittelt.<\/p>\n\n<figure class=\"wp-block-image size-large\"><img decoding=\"async\" src=\"https:\/\/res.cloudinary.com\/dr1k3muv9\/image\/upload\/e_enhance\/e_improve:outdoor:50\/e_contrast:level_35;type_sigmoidal\/e_vibrance:8\/e_saturation:8\/e_sharpen:15\/f_auto\/v1788420098\/Mogan-to-La-Aldea-blocs-region-Lieu-ECG.heic\" alt=\"Ein Weg, der auf beiden Seiten von verschiedenen Kakteenarten und einigen Palmen ges&#xE4;umt ist\"\/><\/figure>\n\n<div class=\"wp-block-genesis-blocks-gb-container box gb-block-container\" style=\"background-color:#fef0c3;margin-top:8%;margin-bottom:8%\"><div class=\"gb-container-inside\"><div class=\"gb-container-content\" style=\"max-width:700px\">\n<div class=\"wp-block-genesis-blocks-gb-container box_titre gb-block-container\"><div class=\"gb-container-inside\"><div class=\"gb-container-content\">\n<h5 class=\"titre_box\" style=\"padding-top:10px;\">UNTERK\u00dcNFTE AUF <span class=\"titre_box_manuscrit\">Gran Canaria<\/span><\/h5>\n<\/div><\/div><\/div>\n\n\n\n<div class=\"wp-block-columns box_sans_border has-background is-layout-flex wp-container-core-columns-is-layout-8f761849 wp-block-columns-is-layout-flex\" style=\"background-color:#fef0c3\">\n<div class=\"wp-block-column texte_planif is-layout-flow wp-block-column-is-layout-flow\" style=\"font-size:14px;flex-basis:60%\">\n<p class=\"option_titre2 wp-block-paragraph\" style=\"font-size:16px\">Unsere unabh\u00e4ngige Auswahl, um <strong>die Unterkunft Ihrer Tr\u00e4ume<\/strong> zu finden:<\/p>\n\n\n\n<ul class=\"wp-block-list ul_box\">\n<li style=\"font-size:14px\"><a href=\"https:\/\/canarias-lovers.com\/de\/wo-ubernachten-gran-canaria-beste-urlaubsorte\/\" target=\"_blank\" rel=\"noreferrer noopener\">Wo kann man in Gran Canaria \u00fcbernachten?<\/a><\/li>\n\n\n\n<li style=\"font-size:14px\">Unser Favorit: <a href=\"https:\/\/www.booking.com\/hotel\/es\/marina-suites.html?aid=2421274\" target=\"_blank\" rel=\"noreferrer noopener sponsored nofollow\">Hotel Marina Suites<\/a><\/li>\n<\/ul>\n\n\n\n<p class=\"wp-block-paragraph\" style=\"font-size:16px\"><strong>W\u00e4hlen Sie nach Hoteltyp:<\/strong><\/p>\n\n\n\n<ul class=\"wp-block-list ul_box\">\n<li style=\"font-size:14px\"><a href=\"https:\/\/canarias-lovers.com\/de\/beste-5-sterne-hotels-gran-canaria-luxus-bewertungen\/\" target=\"_blank\" rel=\"noreferrer noopener\">5-Sterne-Hotels<\/a><\/li>\n\n\n\n<li style=\"font-size:14px\"><a href=\"https:\/\/canarias-lovers.com\/de\/beste-boutique-hotels-gran-canaria-charme\/\" target=\"_blank\" rel=\"noreferrer noopener\">Beste Boutique-Hotels<\/a><\/li>\n\n\n\n<li style=\"font-size:14px\"><a href=\"https:\/\/canarias-lovers.com\/de\/beste-erwachsenenhotels-gran-canaria\/\" target=\"_blank\" rel=\"noreferrer noopener\">Beste Erwachsenenhotels<\/a><\/li>\n\n\n\n<li style=\"font-size:14px\">Beste All-Inclusive-Hotels (in K\u00fcrze)<\/li>\n\n\n\n<li style=\"font-size:14px\"><a href=\"https:\/\/canarias-lovers.com\/de\/beste-familienhotels-gran-canaria-kinder-bewertungen\/\" target=\"_blank\" rel=\"noreferrer noopener\">Beste Hotels f\u00fcr Familien<\/a><\/li>\n<\/ul>\n\n\n\n<p class=\"wp-block-paragraph\" style=\"font-size:16px\"><strong>W\u00e4hlen Sie nach Stadt:<\/strong><\/p>\n\n\n\n<ul class=\"wp-block-list\">\n<li style=\"font-size:14px\"><a href=\"https:\/\/canarias-lovers.com\/de\/beste-hotels-las-palmas-gran-canaria-unterkunft-stadtteile\/\" target=\"_blank\" rel=\"noreferrer noopener\">Beste Hotels in Las Palmas de Gran Canaria<\/a><\/li>\n\n\n\n<li style=\"font-size:14px\"><a href=\"https:\/\/canarias-lovers.com\/de\/beste-hotels-maspalomas-unterkunft-stadtteile\/\" target=\"_blank\" rel=\"noreferrer noopener\">Die besten Hotels in Masplomas<\/a><\/li>\n\n\n\n<li style=\"font-size:14px\"><a href=\"https:\/\/canarias-lovers.com\/de\/beste-hotels-playa-del-ingles-gran-canaria-unterkunft-stadtteile\/\" target=\"_blank\" rel=\"noreferrer noopener\">Beste Hotels in Playa del Ingles<\/a><\/li>\n\n\n\n<li style=\"font-size:14px\"><a href=\"https:\/\/canarias-lovers.com\/de\/beste-hotels-puerto-rico-gran-canaria-unterkunft-stadtteile\/\" target=\"_blank\" rel=\"noreferrer noopener\">Die besten Hotels in Puerto Rico<\/a><\/li>\n\n\n\n<li style=\"font-size:14px\"><a href=\"https:\/\/canarias-lovers.com\/de\/beste-hotels-puerto-mogan-unterkunft-stadtteile\/\" target=\"_blank\" rel=\"noreferrer noopener\">Die besten Hotels in Puerto de Mogan<\/a><\/li>\n\n\n\n<li style=\"font-size:14px\"><a href=\"https:\/\/canarias-lovers.com\/de\/meilleurs-hotels-5-etoiles-meloneras-luxe-avis-2\/\" target=\"_blank\" rel=\"noreferrer noopener\">5-Sterne-Hotel in Meloneras<\/a><\/li>\n<\/ul>\n<\/div>\n\n\n\n<div class=\"wp-block-column is-vertically-aligned-top planif-radius is-layout-flow wp-block-column-is-layout-flow\" style=\"flex-basis:40%\">\n<figure class=\"wp-block-image size-large img-portrait\"><img decoding=\"async\" src=\"https:\/\/photos.smugmug.com\/Canarias-Lovers\/Gran-Canaria\/Puerto-Rico\/Hotel-Marina-Suites\/i-wMm7CH4\/0\/FdXHP96thzS3vRrTp3H2F4hh8q7cKtZg5BpKMDFBB\/S\/Hotel-marina-suites-pool-2-S.jpg\" alt=\"Hotelpool\" title=\"\"\/><\/figure>\n<\/div>\n<\/div>\n<\/div><\/div><\/div>\n\n<h2 class=\"wp-block-heading\"><span class=\"ez-toc-section\" id=\"Anfahrt_Cactualdea-Park_von_Mogan_nach_La_Aldea\"><\/span>Anfahrt: Cactualdea-Park, von Mog\u00e1n nach La Aldea<span class=\"ez-toc-section-end\"><\/span><\/h2>\n\n<h3 class=\"wp-block-heading\">Wo befindet sich der Cactualdea-Park?<\/h3>\n\n<ul class=\"wp-block-list\">\n<li>In der Gemeinde La Aldea de San Nicol\u00e1s<\/li>\n\n\n\n<li>An der Westk\u00fcste von Gran Canaria<\/li>\n\n\n\n<li>Von <a href=\"https:\/\/canarias-lovers.com\/de\/sehenswurdigkeiten-puerto-mogan-besuchen\/\" data-type=\"post\" data-id=\"860\" target=\"_blank\" rel=\"noreferrer noopener\">Puerto de Mogan<\/a> aus = 35 Min.<\/li>\n\n\n\n<li>Von <a href=\"https:\/\/canarias-lovers.com\/de\/sehenswurdigkeiten-maspalomas-besuchen\/\" data-type=\"post\" data-id=\"2507\" target=\"_blank\" rel=\"noreferrer noopener\">Maspalomas<\/a> aus = 45 Min.<\/li>\n\n\n\n<li>Von <a href=\"https:\/\/canarias-lovers.com\/de\/sehenswurdigkeiten-agaete-besuchen\/\" data-type=\"post\" data-id=\"909\" target=\"_blank\" rel=\"noreferrer noopener\">Agaete<\/a> aus = 1 Stunde<\/li>\n\n\n\n<li>Hier ist eine Karte, die Ihnen hilft, sich zu orientieren:<\/li>\n<\/ul>\n\n<figure class=\"wp-block-image size-full\"><img decoding=\"async\" src=\"https:\/\/canarias-lovers.com\/wp-content\/uploads\/2026\/09\/Karte-Cactualdea-Park-Gran-Canaria.jpg\" alt=\"Karte des Cactualdea-Parks auf Gran Canaria\" class=\"wp-image-11141\"\/><figcaption class=\"wp-element-caption\">Karte: Cactualdea auf der Insel Gran Canaria<\/figcaption><\/figure>\n\n<h3 class=\"wp-block-heading\">Wie kommen Sie dorthin?<\/h3>\n\n<ul class=\"wp-block-list\">\n<li><strong>Mit dem Auto:<\/strong> Es wird empfohlen, den Parc Cactualdea mit dem Auto anzufahren. Die Strecke ist ab Mog\u00e1n und La Aldea leicht zu bew\u00e4ltigen und gut ausgeschildert; der letzte Abschnitt ist problemlos befahrbar.<\/li>\n\n\n\n<li><strong>Mit dem Bus:<\/strong> Der Park wird nicht angefahren<\/li>\n\n\n\n<li><strong>Zu Fu\u00df:<\/strong> Die Lage des Gel\u00e4ndes ist angesichts der Entfernungen und der Topografie f\u00fcr einen Fu\u00dfweg aus den benachbarten Gemeinden nicht geeignet.<\/li>\n<\/ul>\n\n<figure class=\"wp-block-image size-large\"><img decoding=\"async\" src=\"https:\/\/res.cloudinary.com\/dr1k3muv9\/image\/upload\/e_enhance\/e_improve:outdoor:50\/e_contrast:level_35;type_sigmoidal\/e_vibrance:8\/e_saturation:8\/e_sharpen:15\/f_auto\/v1788420101\/Mogan-to-La-Aldea-blocs-region-Parc-Cactualdea-view-RNH.heic\" alt=\"Blick aus einem Auto auf eine Stra&#xDF;e, die zum Cactualdea-Park f&#xFC;hrt\"\/><\/figure>\n\n<h3 class=\"wp-block-heading\">Parkplatz<\/h3>\n\n<p class=\"wp-block-paragraph\">F\u00fcr Besucher stehen vor Ort kostenlose Parkpl\u00e4tze zur Verf\u00fcgung.<\/p>\n\n<figure class=\"wp-block-image size-large\"><img decoding=\"async\" src=\"https:\/\/res.cloudinary.com\/dr1k3muv9\/image\/upload\/e_enhance\/e_improve:outdoor:50\/e_contrast:level_35;type_sigmoidal\/e_vibrance:8\/e_saturation:8\/e_sharpen:15\/f_auto\/v1788420104\/Mogan-to-La-Aldea-blocs-region-Lieu-AMD.heic\" alt=\"Parkplatz von Cactualdea mit leichtem Gef&#xE4;lle\"\/><\/figure>\n\n<div class=\"wp-block-genesis-blocks-gb-container box gb-block-container\" style=\"background-color:#fef0c3;margin-top:8%;margin-bottom:8%\"><div class=\"gb-container-inside\"><div class=\"gb-container-content\">\n<div class=\"wp-block-columns inverse box_planif is-layout-flex wp-container-core-columns-is-layout-8f761849 wp-block-columns-is-layout-flex\">\n<div class=\"wp-block-column texte_planif is-layout-flow wp-block-column-is-layout-flow\" style=\"flex-basis:60%\">\n<h5 class=\"titre_box\" style=\"padding-top:10px;\">UNSERE TIPPS F\u00dcR DAS MIETEN EINES AUTOS IN <span class=\"titre_box_manuscrit\">Gran Canaria<\/span><\/h5>\n\n\n\n<ul style=\"font-size:14px\" class=\"wp-block-list\">\n<li>Vergleichen Sie die Preise auf unserer bevorzugten Plattform: <a href=\"https:\/\/www.discovercars.com\/de\/spain-canary-islands\/gran-canaria?a_aid=zigzag&amp;chan=CAL\" target=\"_blank\" rel=\"noreferrer noopener sponsored nofollow\">DiscoverCars<\/a> &#8211; eine der am besten bewerteten Websites.<\/li>\n\n\n\n<li>Wenn Sie vorhaben, die Berge zu erkunden, sollten Sie <strong>nicht die kleinsten Autos<\/strong> nehmen. Ein st\u00e4rkerer Motor ist komfortabler.<\/li>\n\n\n\n<li>Aber nehmen Sie auch kein zu gro\u00dfes Auto, da einige Stra\u00dfen sehr eng sind.<\/li>\n\n\n\n<li>Es gibt eine gro\u00dfe Nachfrage und es ist eine Insel, <strong>buchen Sie fr\u00fchzeitig<\/strong>.<\/li>\n<\/ul>\n<\/div>\n\n\n\n<div class=\"wp-block-column planif-radius-2 is-layout-flow wp-block-column-is-layout-flow\">\n<figure class=\"wp-block-image size-large voiture_image\"><img decoding=\"async\" src=\"https:\/\/photos.smugmug.com\/Canarias-Lovers\/Gran-Canaria\/Driving\/i-FXBKL7Q\/1\/C432TQvrLtk7Fzt3jdL3g8XCdWtF4krHtKv9zvKg6\/S\/gran-Canaria-rental-car-driving-S.jpg\" alt=\"Fahren auf Gran Canaria\"\/><\/figure>\n<\/div>\n<\/div>\n\n\n\n<div class=\"wp-block-columns planif_bouton is-layout-flex wp-container-core-columns-is-layout-8f761849 wp-block-columns-is-layout-flex\">\n<div class=\"wp-block-column is-vertically-aligned-top is-layout-flow wp-block-column-is-layout-flow\">\n<div class=\"wp-block-buttons is-content-justification-center is-layout-flex wp-container-core-buttons-is-layout-fe48e5de wp-block-buttons-is-layout-flex\">\n<div class=\"wp-block-button\"><a class=\"wp-block-button__link has-white-color has-text-color wp-element-button\" href=\"https:\/\/www.discovercars.com\/fr\/spain-canary-islands\/gran-canaria?a_aid=zigzag&amp;chan=CAL\" target=\"_blank\" rel=\"noreferrer noopener nofollow\">Sehen Sie die verf\u00fcgbaren Autos &gt;&gt;<\/a><\/div>\n<\/div>\n<\/div>\n\n\n\n<div class=\"wp-block-column is-vertically-aligned-center is-layout-flow wp-block-column-is-layout-flow\">\n<p class=\"has-text-align-center wp-block-paragraph\" style=\"font-size:16px\"><a href=\"https:\/\/canarias-lovers.com\/de\/autovermietung-gran-canaria-tipps-erfahrungen\/\" target=\"_blank\" rel=\"noreferrer noopener\">Lesen Sie unsere Tipps<\/a><\/p>\n<\/div>\n<\/div>\n<\/div><\/div><\/div>\n\n<h2 class=\"wp-block-heading\"><span class=\"ez-toc-section\" id=\"Nuetzliche_Ratschlaege_Dauer_Zeiten_Essen%E2%80%A6\"><\/span>N\u00fctzliche Ratschl\u00e4ge: Dauer, Zeiten, Essen&#8230;<span class=\"ez-toc-section-end\"><\/span><\/h2>\n\n<h3 class=\"wp-block-heading\">Beste Zeit f\u00fcr einen Besuch<\/h3>\n\n<p class=\"wp-block-paragraph\">Im Sommer sollten Sie die Mittagszeit vermeiden, da es dann kaum Schatten gibt. Kakteen sind nicht die Pflanzen, die den meisten Schatten spenden!<\/p>\n\n<h3 class=\"wp-block-heading\">Dauer des Besuchs und Hauptschwierigkeiten<\/h3>\n\n<p class=\"wp-block-paragraph\">Ein Rundgang durch den Cactualdea-Park dauert in gem\u00e4chlichem Tempo in der Regel <strong>etwa eine Stunde<\/strong>. Die Strecke bietet <strong>lange, kurvenreiche Wege<\/strong>, die zum Erkunden einladen, jedoch eine gewisse k\u00f6rperliche Anstrengung erfordern.<\/p>\n\n<p class=\"wp-block-paragraph\">Bitte beachten Sie, dass es in einigen Bereichen <strong>starke Steigungen<\/strong> und felsige Oberfl\u00e4chen gibt, was das Vorankommen erschweren kann, insbesondere f\u00fcr Personen mit eingeschr\u00e4nkter Mobilit\u00e4t. Wir empfehlen Ihnen, geeignetes Schuhwerk zu tragen und sich Zeit zu nehmen, um die St\u00e4tte in vollen Z\u00fcgen genie\u00dfen zu k\u00f6nnen.<\/p>\n\n<figure class=\"wp-block-image size-large\"><img decoding=\"async\" src=\"https:\/\/res.cloudinary.com\/dr1k3muv9\/image\/upload\/e_enhance\/e_improve:outdoor:50\/e_contrast:level_35;type_sigmoidal\/e_vibrance:8\/e_saturation:8\/e_sharpen:15\/f_auto\/v1788420108\/Mogan-to-La-Aldea-blocs-region-Lieu-RY8.heic\" alt=\"Kopfsteinpflasterweg mit in regelm&#xE4;&#xDF;igen Abst&#xE4;nden angeordneten Stufen\"\/><\/figure>\n\n<h3 class=\"wp-block-heading\">Empfehlung Besuchsrichtung<\/h3>\n\n<p class=\"wp-block-paragraph\">Am besten lassen Sie sich von Ihrer Inspiration leiten, sobald Sie sich in der Kaktuszone befinden.<\/p>\n\n<figure class=\"wp-block-image size-large\"><img decoding=\"async\" src=\"https:\/\/res.cloudinary.com\/dr1k3muv9\/image\/upload\/e_enhance\/e_improve:outdoor:50\/e_contrast:level_35;type_sigmoidal\/e_vibrance:8\/e_saturation:8\/e_sharpen:15\/f_auto\/v1788420111\/Mogan-to-La-Aldea-blocs-region-Parc-Cactualdea-map-ZM0.heic\" alt=\"Lageplan des Cactuladea-Parks\"\/><\/figure>\n\n<h3 class=\"wp-block-heading\">Besuchen Sie mit Kindern<\/h3>\n\n<p class=\"wp-block-paragraph\">Wir haben im <strong>Parc<\/strong> <strong>Cactualdea<\/strong> keine speziell f\u00fcr junge Besucher konzipierten Angebote gefunden <strong>,<\/strong> wie beispielsweise ein <strong>Spielheft<\/strong> oder einen kindgerechten Rundgang. Dagegen k\u00f6nnen die Kinder Tiere wie Esel und Pfauen beobachten und haben die M\u00f6glichkeit, Futter zu kaufen, um sich ihnen zu n\u00e4hern. Bitte beachten Sie, dass die Au\u00dfenwege der Sonne ausgesetzt sind, was eine gewisse Vorsicht erfordert.<\/p>\n\n<figure class=\"wp-block-image size-large\"><img decoding=\"async\" src=\"https:\/\/res.cloudinary.com\/dr1k3muv9\/image\/upload\/e_enhance\/e_improve:outdoor:50\/e_contrast:level_35;type_sigmoidal\/e_vibrance:8\/e_saturation:8\/e_sharpen:15\/f_auto\/v1788420114\/Mogan-to-La-Aldea-blocs-region-Lieu-JTF.heic\" alt=\"schwarz-wei&#xDF;e Enten mit roten Masken\"\/><\/figure>\n\n<h3 class=\"wp-block-heading\">\u00d6ffnungszeiten und Preise<\/h3>\n\n<ul class=\"wp-block-list\">\n<li><strong>\u00d6ffnungszeiten:<\/strong> T\u00e4glich von 10:30 bis 17:00 Uhr<\/li>\n\n\n\n<li><strong>Verschluss:<\/strong> Keiner<\/li>\n\n\n\n<li><strong>Preis f\u00fcr Erwachsene:<\/strong> 9,50 \u20ac<\/li>\n\n\n\n<li><strong>Erm\u00e4\u00dfigter Tarif:<\/strong><br\/>Kinder (10\u201316 Jahre): 5,00 \u20ac<br\/>Rentner: 6,00 \u20ac<\/li>\n\n\n\n<li><strong>Kostenfreiheit:<\/strong> Kinder (0\u201310 Jahre): kostenlos<\/li>\n\n\n\n<li><strong>Telefon:<\/strong> +34 928 89 12 28<\/li>\n\n\n\n<li>Siehe die neuesten Informationen auf der offiziellen Website <a href=\"http:\/\/www.cactualdeapark.es\/\" target=\"_blank\" rel=\"nofollow noopener\">hier<\/a>.<\/li>\n\n\n\n<li><a href=\"http:\/\/www.cactualdeapark.es\/\" target=\"_blank\" rel=\"sponsored nofollow noopener\">Sparen Sie Zeit, kaufen Sie Ihr Ticket<\/a>.<\/li>\n<\/ul>\n\n<h3 class=\"wp-block-heading\">Unterk\u00fcnfte und Gastronomie<\/h3>\n\n<ul class=\"wp-block-list\">\n<li>Keine \u00dcbernachtungsm\u00f6glichkeiten im Park<\/li>\n\n\n\n<li>Restaurant und Imbiss im Herzen des Parks<\/li>\n<\/ul>\n\n<figure class=\"wp-block-image size-large\"><img decoding=\"async\" src=\"https:\/\/res.cloudinary.com\/dr1k3muv9\/image\/upload\/e_enhance\/e_improve:outdoor:50\/e_contrast:level_35;type_sigmoidal\/e_vibrance:8\/e_saturation:8\/e_sharpen:15\/f_auto\/v1788420118\/Mogan-to-La-Aldea-blocs-region-Lieu-SXO.heic\" alt=\"&#xFC;berdachte Holzterrasse mit Tischen und St&#xFC;hlen, h&#xE4;ngende Pflanzen, sitzende Menschen, Au&#xDF;enbereich mit wei&#xDF;en Sonnenschirmen, &#xFC;ppige gr&#xFC;ne Vegetation, Steinmauer im Hintergrund, Sonnenlicht, das Schatten wirft\"\/><\/figure>\n\n<div class=\"wp-block-genesis-blocks-gb-container box gb-block-container\" style=\"background-color:#fefefe;margin-top:6%;margin-bottom:6%\"><div class=\"gb-container-inside\"><div class=\"gb-container-content\" style=\"max-width:700px\">\n<div class=\"wp-block-columns inverse is-layout-flex wp-container-core-columns-is-layout-8f761849 wp-block-columns-is-layout-flex\">\n<div class=\"wp-block-column texte_planif is-layout-flow wp-block-column-is-layout-flow\" style=\"flex-basis:58%\">\n<h5 class=\"titre_box\">NOCH EIN BISSCHEN <span class=\"titre_box_manuscrit\">Geduld<\/span><\/h5>\n\n\n\n<p class=\"wp-block-paragraph\" style=\"font-size:14px\">Alle Fotos, Karten, Informationen und guten Adressen f\u00fcr <strong>einen<\/strong> erfolgreichen <strong>Aufenthalt auf den Kanarischen<\/strong> Inseln werden <strong>bald<\/strong> in einem einzigen ebook <strong>zusammengefasst<\/strong> sein!<\/p>\n<\/div>\n\n\n\n<div class=\"wp-block-column is-layout-flow wp-block-column-is-layout-flow\" style=\"flex-basis:42%\">\n<div class=\"wp-block-genesis-blocks-gb-container ebook-radius-waitlist gb-block-container\"><div class=\"gb-container-inside\"><div class=\"gb-container-content\"><div class=\"wp-block-image ebook-image\">\n<figure class=\"aligncenter size-large\"><img decoding=\"async\" src=\"https:\/\/loirelovers.fr\/wp-content\/uploads\/2023\/03\/ebooks_CorseNormandie_FR.png\" alt=\"Box Ebook Korsika DE\"\/><\/figure>\n<\/div><\/div><\/div><\/div>\n<\/div>\n<\/div>\n<\/div><\/div><\/div>\n\n<h2 class=\"wp-block-heading\"><span class=\"ez-toc-section\" id=\"Kaktussammlungen_auf_vulkanischen_Terrassen\"><\/span>Kaktussammlungen auf vulkanischen Terrassen<span class=\"ez-toc-section-end\"><\/span><\/h2>\n\n<h3 class=\"wp-block-heading\">\u00dcber 1.000 Arten von Kakteen und anderen Pflanzen<\/h3>\n\n<p class=\"wp-block-paragraph\">Der Cactualdea-Park beherbergt eine beeindruckende Sammlung von mehr als <strong>1.000 Kakteenarten, die<\/strong> an das trockene Klima von Gran Canaria angepasst sind. Diese Pflanzen stammen aus verschiedenen Regionen der Welt, was dem Park eine bemerkenswerte <strong>botanische Vielfalt<\/strong> verleiht und den Besuchern die M\u00f6glichkeit bietet, in vielf\u00e4ltige \u00d6kosysteme einzutauchen.<\/p>\n\n<figure class=\"wp-block-image size-large\"><img decoding=\"async\" src=\"https:\/\/res.cloudinary.com\/dr1k3muv9\/image\/upload\/e_enhance\/e_improve:outdoor:50\/e_contrast:level_35;type_sigmoidal\/e_vibrance:8\/e_saturation:8\/e_sharpen:15\/f_auto\/v1788420121\/Mogan-to-La-Aldea-blocs-region-Parc-Cactualdea-NUI.heic\" alt=\"Eine dichte Gruppe von Opuntia-Kakteen in voller Sonne\"\/><\/figure>\n\n<p class=\"wp-block-paragraph\">Neben den Kakteen bietet der Park auch eine Vielzahl anderer Sukkulenten, darunter <strong>Palmen<\/strong>, <strong>Drachenb\u00e4ume<\/strong> und <strong>Aloe-Pflanzen<\/strong>. Diese Arten erg\u00e4nzen die Sammlung auf harmonische Weise und veranschaulichen die Vielfalt der pflanzlichen Anpassungen an trockene Lebensr\u00e4ume.<\/p>\n\n<figure class=\"wp-block-image size-large\"><img decoding=\"async\" src=\"https:\/\/res.cloudinary.com\/dr1k3muv9\/image\/upload\/e_enhance\/e_improve:outdoor:50\/e_contrast:level_35;type_sigmoidal\/e_vibrance:8\/e_saturation:8\/e_sharpen:15\/f_auto\/v1788420124\/Mogan-to-La-Aldea-blocs-region-Lieu-IVJ.heic\" alt=\"Kaktusgarten mit verschiedenen runden und s&#xE4;ulenf&#xF6;rmigen Kakteen, dunkler Erdboden, vereinzelte Felsen, einige Sukkulenten, helles Sonnenlicht, das Schatten wirft, keine Menschen zu sehen\"\/><\/figure>\n\n<h3 class=\"wp-block-heading\">Die Pic\u00f3n-Wege und die Trockenmauern<\/h3>\n\n<p class=\"wp-block-paragraph\">Der Cactualdea-Park basiert auf einer in den 1990er Jahren realisierten <strong>Terrassenanlage<\/strong>, die sich der nat\u00fcrlichen Topografie des Gel\u00e4ndes anpasst. Diese Gliederung in aufeinanderfolgende Ebenen erleichtert die Pr\u00e4sentation der Pflanzensammlungen und begrenzt zugleich die Erosion.  <\/p>\n\n<p class=\"wp-block-paragraph\">Die <strong>St\u00fctzmauern<\/strong>, die diese Terrassen begrenzen, wurden nach der traditionellen <strong>kanarischen Trockenmauertechnik<\/strong> errichtet, wobei ausschlie\u00dflich lokaler Basalt und Lavastein ohne jegliches Bindemittel verwendet wurden. Dieses \u00fcberlieferte Know-how tr\u00e4gt zur visuellen und kulturellen Identit\u00e4t des Parks bei.<\/p>\n\n<figure class=\"wp-block-image size-large\"><img decoding=\"async\" src=\"https:\/\/res.cloudinary.com\/dr1k3muv9\/image\/upload\/e_enhance\/e_improve:outdoor:50\/e_contrast:level_35;type_sigmoidal\/e_vibrance:8\/e_saturation:8\/e_sharpen:15\/f_auto\/v1788420128\/Mogan-to-La-Aldea-blocs-region-Parc-Cactualdea-SBR.heic\" alt=\"Schmale Allee mit Steinmauer und gro&#xDF;er Ziervase mit Baum\"\/><\/figure>\n\n<p class=\"wp-block-paragraph\">Die <strong>Wege im Park<\/strong> sind mit Pic\u00f3n bedeckt, einem por\u00f6sen Vulkangestein, das typisch f\u00fcr die Kanarischen Inseln ist. Dieses dunkle, k\u00f6rnige Material erf\u00fcllt eine wichtige funktionelle Aufgabe: Es sorgt f\u00fcr eine gute <strong>Ableitung<\/strong> des Regenwassers und begrenzt die Verdunstung, was in diesem trockenen Klima von entscheidender Bedeutung ist. Das ist auch ein guter Grund, geschlossene Schuhe zu tragen, denn diese kleinen Lavakiesel sind nicht gerade angenehm, wenn sie unter Ihre F\u00fc\u00dfe rutschen!<\/p>\n\n<figure class=\"wp-block-image size-large\"><img decoding=\"async\" src=\"https:\/\/res.cloudinary.com\/dr1k3muv9\/image\/upload\/e_enhance\/e_improve:outdoor:50\/e_contrast:level_35;type_sigmoidal\/e_vibrance:8\/e_saturation:8\/e_sharpen:15\/f_auto\/v1788420131\/Mogan-to-La-Aldea-blocs-region-Parc-Cactualdea-F4K.heic\" alt=\"Gruppen kleiner Kakteen, die auf felsigem Boden angeordnet sind\"\/><\/figure>\n\n<p class=\"wp-block-paragraph\">Diese Kombination aus lokalen Materialien und traditionellen Techniken ist Teil eines Raumplanungskonzepts, das die Region und ihre Geschichte respektiert.  <\/p>\n\n<div class=\"wp-block-genesis-blocks-gb-container box gb-block-container\" style=\"background-color:#fef0c3;margin-top:8%;margin-bottom:8%\"><div class=\"gb-container-inside\"><div class=\"gb-container-content\">\n<div class=\"wp-block-columns inverse is-layout-flex wp-container-core-columns-is-layout-8f761849 wp-block-columns-is-layout-flex\">\n<div class=\"wp-block-column texte_planif is-layout-flow wp-block-column-is-layout-flow\" style=\"flex-basis:58%\">\n<h5 class=\"titre_box\" style=\"padding-top:10px\">SPASS auf Gran Canaria<span class=\"titre_box_manuscrit\">:Aktivit\u00e4ten<\/span><\/h5>\n\n\n\n<p class=\"wp-block-paragraph\" style=\"font-size:16px\"><a href=\"https:\/\/www.getyourguide.de\/s\/?q=Gran+Canaria+dauphins&amp;searchSource=3&amp;partner_id=R3GYW4V&amp;cmp=CAL\" target=\"_blank\" rel=\"noreferrer noopener sponsored nofollow\">Delphine beobachten<\/a><br\/><a href=\"https:\/\/www.getyourguide.de\/grande-canarie-l418\/grande-canarie-circuit-guide-en-buggy-t212850\/?partner_id=R3GYW4V&amp;cmp=CAL\" target=\"_blank\" rel=\"noreferrer noopener sponsored nofollow\">Buggy \/ Quad<\/a><br\/><a href=\"https:\/\/www.getyourguide.de\/grande-canarie-l418\/las-palmas-sortie-de-snorkeling-de-3-h-a-las-canteras-t214674\/?partner_id=R3GYW4V&amp;cmp=CAL\" target=\"_blank\" rel=\"noreferrer noopener sponsored nofollow\">Schnorcheln<\/a><br\/><a href=\"https:\/\/www.getyourguide.de\/grande-canarie-l418\/las-palmas-excursion-en-kayak-au-coucher-du-soleil-et-plongee-en-apnee-t427329\/?partner_id=R3GYW4V&amp;cmp=CAL\" target=\"_blank\" rel=\"noreferrer noopener sponsored nofollow\">Kajakfahren in den H\u00f6hlen von Mogan<\/a><br\/>Aber auch: Canyoning, Reiten, Via Ferrata, Coasteering&#8230;  <a href=\"https:\/\/www.getyourguide.de\/s?q=Gran+Canaria&amp;searchSource=8&amp;themes=adrenaline-water_sports-water_activities&amp;partner_id=R3GYW4V&amp;cmp=CAL\" target=\"_blank\" rel=\"noreferrer noopener sponsored nofollow\">Alle Optionen anzeigen<\/a><br\/><\/p>\n<\/div>\n\n\n\n<div class=\"wp-block-column ville-radius is-layout-flow wp-block-column-is-layout-flow\" style=\"flex-basis:42%\">\n<figure class=\"wp-block-image size-large img-portrait\"><img decoding=\"async\" src=\"https:\/\/photos.smugmug.com\/Canarias-Lovers\/Gran-Canaria\/Dolphins\/i-jm9TqbK\/0\/FfCW9g6J4ktRThBvpCKBJj4hF9RmM25RzS56zgJqN\/S\/Gran-Canaria-dolphins-S.jpg\" alt=\"Delfine auf Gran Canaria\" title=\"\"\/><\/figure>\n<\/div>\n<\/div>\n<\/div><\/div><\/div>\n\n<h2 class=\"wp-block-heading\"><span class=\"ez-toc-section\" id=\"Meilensteine_der_Geschichte_und_der_Traditionen_der_Kanarischen_Inseln\"><\/span>Meilensteine der Geschichte und der Traditionen der Kanarischen Inseln<span class=\"ez-toc-section-end\"><\/span><\/h2>\n\n<h3 class=\"wp-block-heading\">Die Nachbildung einer Guanche-H\u00f6hle<\/h3>\n\n<p class=\"wp-block-paragraph\">Im Herzen des Cactualdea-Parks bietet die <strong>Nachbildung einer Guanche-H\u00f6hle<\/strong> eine greifbare Verbindung zur Geschichte der Menschen auf Gran Canaria. Diese Nachbildung veranschaulicht die traditionelle Behausung der Guanchen, der Ureinwohner der Insel, die f\u00fcr ihre Lebensweise in H\u00f6hlenwohnungen bekannt sind. Als Teil des botanischen Rundgangs bereichert sie den Besuch, indem sie die Entdeckung der Flora mit einem kulturellen Erlebnis verbindet.<\/p>\n\n<figure class=\"wp-block-image size-large\"><img decoding=\"async\" src=\"https:\/\/res.cloudinary.com\/dr1k3muv9\/image\/upload\/e_enhance\/e_improve:outdoor:50\/e_contrast:level_35;type_sigmoidal\/e_vibrance:8\/e_saturation:8\/e_sharpen:15\/f_auto\/v1788420135\/Mogan-to-La-Aldea-blocs-region-Parc-Cactualdea-interior-39S.heic\" alt=\"Innenraum einer H&#xF6;hle mit beleuchteten antiken T&#xF6;pferwaren\"\/><\/figure>\n\n<p class=\"wp-block-paragraph\">Diese Anlage vermittelt ein Verst\u00e4ndnis daf\u00fcr, wie die Guanchen die nat\u00fcrliche Umgebung, insbesondere die Felsformationen, nutzten, um sich Schutz zu verschaffen. Wir sind zu dem Schluss gekommen, dass diese Nachbildung dem Rundgang eine zus\u00e4tzliche Dimension verleiht.<\/p>\n\n<h3 class=\"wp-block-heading\">Das Amphitheater und der kanarische Ringkampf<\/h3>\n\n<p class=\"wp-block-paragraph\">Im Herzen des Cactualdea-Parks befindet sich ein <strong>Amphitheater<\/strong>, das dem <strong>kanarischen Ringkampf<\/strong> gewidmet ist, einer traditionellen Sportart, die tief in der Kultur der Kanarischen Inseln verwurzelt ist. Diese Anlage bietet einen Raum, in dem Besucher <strong>Vorf\u00fchrungen<\/strong> und Darbietungen verfolgen k\u00f6nnen, was zu einem besseren Verst\u00e4ndnis dieser lokalen Tradition beitr\u00e4gt.<\/p>\n\n<figure class=\"wp-block-image size-large\"><img decoding=\"async\" src=\"https:\/\/res.cloudinary.com\/dr1k3muv9\/image\/upload\/e_enhance\/e_improve:outdoor:50\/e_contrast:level_35;type_sigmoidal\/e_vibrance:8\/e_saturation:8\/e_sharpen:15\/f_auto\/v1788420141\/Mogan-to-La-Aldea-blocs-region-Parc-Cactualdea-W3S.heic\" alt=\"Freiluft-Amphitheater mit Mosaiken und Wandverzierungen\"\/><\/figure>\n\n<p class=\"wp-block-paragraph\">Das Amphitheater f\u00fcgt sich harmonisch in die Landschaft des Botanischen Gartens ein und verbindet so das Naturerbe mit einer lebendigen Volkstradition. Bewundern Sie die Farben und die Kulissen.<\/p>\n\n<h3 class=\"wp-block-heading\">Die landwirtschaftliche Bedeutung der Schildlaus<\/h3>\n\n<p class=\"wp-block-paragraph\">Zwischen <strong>1820 und 1870<\/strong> erlebte der Cochenille-Anbau auf Gran Canaria einen bedeutenden Aufschwung und entwickelte sich zu einer wichtigen wirtschaftlichen Ressource. Aus diesem kleinen Insekt, das vom <strong>Kaktusfeigenbaum<\/strong> gesammelt wurde, lie\u00df sich ein leuchtend roter <strong>Naturfarbstoff<\/strong> gewinnen \u2013 Karmin \u2013, der in Europa zum F\u00e4rben von Textilien sehr gesch\u00e4tzt wurde.<\/p>\n\n<figure class=\"wp-block-image size-large\"><img decoding=\"async\" src=\"https:\/\/res.cloudinary.com\/dr1k3muv9\/image\/upload\/e_enhance\/e_improve:outdoor:50\/e_contrast:level_35;type_sigmoidal\/e_vibrance:8\/e_saturation:8\/e_sharpen:15\/f_auto\/v1788420144\/Mogan-to-La-Aldea-blocs-region-Parc-Cactualdea-6P0.heic\" alt=\"Geometrisches Wandgem&#xE4;lde in Rot, Schwarz und Wei&#xDF; auf einer Steinwand\"\/><\/figure>\n\n<p class=\"wp-block-paragraph\">Die Gewinnung der Cochenille-Farbstoffe beruhte auf pr\u00e4zisen <strong>traditionellen Anbaumethoden<\/strong>: Die Insekten wurden von Hand von den Bl\u00e4ttern des Kaktus gepfl\u00fcckt und anschlie\u00dfend getrocknet, bevor sie zu Pigmenten verarbeitet wurden. Dieses Know-how spiegelt eine lokale Anpassung an die trockene Umgebung der Insel wider, bei der d\u00fcrreresistente Kulturpflanzen im Vordergrund stehen.<\/p>\n\n<figure class=\"wp-block-image size-large\"><img decoding=\"async\" src=\"https:\/\/res.cloudinary.com\/dr1k3muv9\/image\/upload\/e_enhance\/e_improve:outdoor:50\/e_contrast:level_35;type_sigmoidal\/e_vibrance:8\/e_saturation:8\/e_sharpen:15\/f_auto\/v1788420147\/Mogan-to-La-Aldea-blocs-region-Parc-Cactualdea-L0T.heic\" alt=\"Kaktus mit roten Fr&#xFC;chten auf trockenem, felsigem Boden\"\/><\/figure>\n\n<p class=\"wp-block-paragraph\">Im <strong>Parc<\/strong> <strong>Cactualdea<\/strong> wird dieses Erbe durch die Pr\u00e4sentation zahlreicher Kakteenarten, darunter der <strong>Feigenkaktus,<\/strong> hervorgehoben <strong>.<\/strong> Die thematischen Rundg\u00e4nge durch den Garten erinnern an diese alten landwirtschaftlichen Praktiken und bieten so einen Einblick in die l\u00e4ndliche Geschichte von <strong>Gran<\/strong> Canaria.<\/p>\n\n<h2 class=\"wp-block-heading\"><span class=\"ez-toc-section\" id=\"Ein_Spaziergang_im_Freien_mit_vielen_Tieren\"><\/span>Ein Spaziergang im Freien mit vielen Tieren<span class=\"ez-toc-section-end\"><\/span><\/h2>\n\n<p class=\"wp-block-paragraph\">Im Parc Cactualdea haben Sie die Gelegenheit, <strong>Pfauen<\/strong> und Enten zu beobachten, die sich frei in den G\u00e4rten bewegen. Ihre Anwesenheit verleiht dem Spaziergang eine lebendige Note und bietet kleinen wie gro\u00dfen Besuchern besondere Beobachtungsmomente.  <\/p>\n\n<figure class=\"wp-block-image size-large\"><img decoding=\"async\" src=\"https:\/\/res.cloudinary.com\/dr1k3muv9\/image\/upload\/e_enhance\/e_improve:outdoor:50\/e_contrast:level_35;type_sigmoidal\/e_vibrance:8\/e_saturation:8\/e_sharpen:15\/f_auto\/v1788420151\/Mogan-to-La-Aldea-blocs-region-Lieu-2LB.heic\" alt=\"Muskente, die auf gepflastertem Steinboden steht, Seitenansicht, schwarz-wei&#xDF;e Federn, rote Gesichtshaut, strukturierter Steinpflasterhintergrund, keine Personen\"\/><\/figure>\n\n<p class=\"wp-block-paragraph\">Auch die <strong>Esel<\/strong> des Parks nutzen diesen Bereich. Ihre Gelassenheit und ihre N\u00e4he zu den Besuchern schaffen eine freundliche Atmosph\u00e4re, die besonders bei Familien sehr gesch\u00e4tzt wird.  <\/p>\n\n<p class=\"wp-block-paragraph\">Um einen respektvollen Umgang mit den Tieren zu erm\u00f6glichen, stellt der Park am Eingang speziell f\u00fcr die Tiere bestimmte <strong>Futters\u00e4cke<\/strong> zur Verf\u00fcgung. Diese Ma\u00dfnahme gew\u00e4hrleistet eine angemessene Ern\u00e4hrung und beugt den Risiken vor, die mit ungeeigneten Lebensmitteln verbunden sind. Es ist wichtig, <strong>die<\/strong> festgelegten <strong>Verhaltensregeln<\/strong> einzuhalten: Verfolgen oder st\u00f6ren Sie die Tiere nicht und f\u00fcttern Sie sie ausschlie\u00dflich mit dem daf\u00fcr vorgesehenen Futter.  <\/p>\n\n<figure class=\"wp-block-image size-large\"><img decoding=\"async\" src=\"https:\/\/res.cloudinary.com\/dr1k3muv9\/image\/upload\/e_enhance\/e_improve:outdoor:50\/e_contrast:level_35;type_sigmoidal\/e_vibrance:8\/e_saturation:8\/e_sharpen:15\/f_auto\/v1788420154\/Mogan-to-La-Aldea-blocs-region-Parc-Cactualdea-map-UDI.heic\" alt=\"Esel in einem Gehege mit einem Huhn im Hintergrund\"\/><\/figure>\n\n<h2 class=\"wp-block-heading\"><span class=\"ez-toc-section\" id=\"Ansichten\"><\/span>Ansichten<span class=\"ez-toc-section-end\"><\/span><\/h2>\n\n<p class=\"wp-block-paragraph\">Von mehreren im Park eingerichteten Aussichtspunkten aus k\u00f6nnen Sie die Terrasseng\u00e4rten sowie die umliegenden Berge bewundern. Diese Aussichtspunkte bieten unterschiedliche Blickwinkel und erm\u00f6glichen so gelungene Aufnahmen. Um das Lichtspiel in vollen Z\u00fcgen genie\u00dfen zu k\u00f6nnen, empfehlen wir einen Besuch am sp\u00e4ten <strong>Nachmittag,<\/strong> wenn die Sonne die Strukturen der Kakteen und die Reliefs des Vulkans besonders gut zur Geltung bringt.<\/p>\n\n<figure class=\"wp-block-image size-large\"><img decoding=\"async\" src=\"https:\/\/res.cloudinary.com\/dr1k3muv9\/image\/upload\/e_enhance\/e_improve:outdoor:50\/e_contrast:level_35;type_sigmoidal\/e_vibrance:8\/e_saturation:8\/e_sharpen:15\/f_auto\/v1788420158\/Mogan-to-La-Aldea-blocs-region-Lieu-F1Q.heic\" alt=\"Kaktusgarten mit verschiedenen hohen und runden Kakteen, trockener, felsiger Boden, Bergkette im Hintergrund, strahlend blauer Himmel, nat&#xFC;rliches Sonnenlicht, keine Menschen\"\/><\/figure>\n\n<h2 class=\"wp-block-heading\"><span class=\"ez-toc-section\" id=\"Geschichte_in_Kuerze\"><\/span>Geschichte in K\u00fcrze<span class=\"ez-toc-section-end\"><\/span><\/h2>\n\n<p class=\"wp-block-paragraph\">Der Parc Cactualdea wurde <strong>1995<\/strong> von der Familie Beisel angelegt, die sich f\u00fcr Botanik begeistert und den Reichtum der Trockenflora zur Geltung bringen wollte. Dieses Projekt ist Teil des Bestrebens, einen auf Gran Canaria einzigartigen Garten zu schaffen, der vor allem <strong>Kakteen<\/strong> und Sukkulenten gewidmet ist, die an das lokale Klima angepasst sind.<\/p>\n\n<p class=\"wp-block-paragraph\">Die Wahl von La Aldea de San Nicol\u00e1s als Standort f\u00fcr den Park ist kein Zufall: Diese Gemeinde verf\u00fcgt \u00fcber ein f\u00fcr diese Arten g\u00fcnstiges <strong>trockenes Klima<\/strong> und blickt auf eine lange landwirtschaftliche Tradition zur\u00fcck. Der Park zielt somit darauf ab, eine Verbindung zwischen der lokalen Natur und der regionalen Wirtschaft herzustellen, indem er Besucher anzieht und die Entwicklung des Tourismus f\u00f6rdert.<\/p>\n\n<figure class=\"wp-block-image size-large\"><img decoding=\"async\" src=\"https:\/\/res.cloudinary.com\/dr1k3muv9\/image\/upload\/e_enhance\/e_improve:outdoor:50\/e_contrast:level_35;type_sigmoidal\/e_vibrance:8\/e_saturation:8\/e_sharpen:15\/f_auto\/v1788420162\/Mogan-to-La-Aldea-blocs-region-Parc-Cactualdea-BTD.heic\" alt=\"Ein Holzschild mit der Aufschrift &#x201E;Bodega Cueva&#x201C; an einer Steinmauer mit Kakteen.\"\/><\/figure>\n\n<h2 class=\"wp-block-heading\"><span class=\"ez-toc-section\" id=\"Haeufig_gestellte_Fragen\"><\/span>H\u00e4ufig gestellte Fragen<span class=\"ez-toc-section-end\"><\/span><\/h2>\n\n<h3 class=\"wp-block-heading\">Ist der Cactualdea-Park f\u00fcr Menschen mit eingeschr\u00e4nkter Mobilit\u00e4t zug\u00e4nglich?<\/h3>\n\n<p class=\"wp-block-paragraph\">Der <strong>Parc<\/strong> <strong>Cactualdea<\/strong> verf\u00fcgt \u00fcber barrierefreie Einrichtungen; allerdings k\u00f6nnen bestimmte Bereiche f\u00fcr Menschen mit eingeschr\u00e4nkter Mobilit\u00e4t aufgrund von steinigen Wegen und starken Steigungen Schwierigkeiten bereiten. Wir empfehlen Ihnen, sich vor Ihrem Besuch mit dem Park in Verbindung zu setzen, um sich \u00fcber geeignete L\u00f6sungen zu informieren und Ihren Rundgang bestm\u00f6glich vorzubereiten, insbesondere wenn Sie einen Rollstuhl benutzen oder eine spezielle Betreuung ben\u00f6tigen.<\/p>\n\n<figure class=\"wp-block-image size-large\"><img decoding=\"async\" src=\"https:\/\/res.cloudinary.com\/dr1k3muv9\/image\/upload\/e_enhance\/e_improve:outdoor:50\/e_contrast:level_35;type_sigmoidal\/e_vibrance:8\/e_saturation:8\/e_sharpen:15\/f_auto\/v1788420166\/Mogan-to-La-Aldea-blocs-region-Parc-Cactualdea-GHI.heic\" alt=\"Ein von Kakteen und Palmen ges&#xE4;umter Steinweg in einem W&#xFC;stenpark\"\/><\/figure>\n\n<div style=\"margin-top:8%;margin-bottom:8%\" class=\"wp-block-genesis-blocks-gb-container box gb-block-container\"><div class=\"gb-container-inside\"><div class=\"gb-container-content\" style=\"max-width:700px\">\n<div class=\"wp-block-genesis-blocks-gb-container box_titre gb-block-container\"><div class=\"gb-container-inside\"><div class=\"gb-container-content\">\n<h5 class=\"titre_box\"><span>PLANEN SIE<\/span> IHRE REISE NACH <span class=\"titre_box_manuscrit\">Gran Canaria<\/span><\/h5>\n<\/div><\/div><\/div>\n\n\n\n<hr class=\"wp-block-separator has-text-color has-alpha-channel-opacity has-background is-style-wide hr-box-planif\" style=\"background-color:#ccd3dd;color:#ccd3dd\"\/>\n\n\n\n<div class=\"wp-block-columns box_sans_border is-layout-flex wp-container-core-columns-is-layout-8f761849 wp-block-columns-is-layout-flex\">\n<div class=\"wp-block-column texte_planif is-layout-flow wp-block-column-is-layout-flow\" style=\"font-size:14px;flex-basis:60%\">\n<ul class=\"wp-block-list\">\n<li><strong>Best-of<\/strong><\/li>\n<\/ul>\n\n\n\n<p class=\"ul_box wp-block-paragraph\" style=\"font-size:14px\"><a href=\"https:\/\/canarias-lovers.com\/de\/sehenswurdigkeiten-gran-canaria-besuchen\/\" target=\"_blank\" rel=\"noreferrer noopener\">Sehensw\u00fcrdigkeiten auf Gran Canaria<\/a><br\/><a href=\"https:\/\/canarias-lovers.com\/de\/beste-landschaften-gran-canaria-fotos\/\" target=\"_blank\" rel=\"noreferrer noopener\">Sch\u00f6nste Landschaften<\/a><br\/><a href=\"https:\/\/canarias-lovers.com\/de\/schonste-stadte-gran-canaria-dorfer\/\" target=\"_blank\" rel=\"noreferrer noopener\">Die sch\u00f6nsten St\u00e4dte und D\u00f6rfer<\/a><br\/><a href=\"https:\/\/canarias-lovers.com\/de\/schonste-strande-gran-canaria\/\" target=\"_blank\" rel=\"noreferrer noopener\">Die sch\u00f6nsten Str\u00e4nde<\/a><br\/><a href=\"https:\/\/canarias-lovers.com\/de\/naturliche-pools-gran-canaria-lagunen\/\" target=\"_blank\" rel=\"noreferrer noopener\">Beste nat\u00fcrliche Pools<\/a><br\/><a href=\"https:\/\/canarias-lovers.com\/de\/archaologische-statten-gran-canaria\/\" target=\"_blank\" rel=\"noreferrer noopener\">Arch\u00e4ologische St\u00e4tten<\/a><br\/><a href=\"https:\/\/canarias-lovers.com\/de\/beste-museen-gran-canaria\/\" target=\"_blank\" rel=\"noreferrer noopener\">Beste Museen<\/a><br\/><a href=\"https:\/\/canarias-lovers.com\/de\/meilleures-excursions-bateau-gran-canaria-2\/\" target=\"_blank\" rel=\"noreferrer noopener\">Beste Bootstouren<\/a><br\/><a href=\"https:\/\/canarias-lovers.com\/de\/geheime-tipps-gran-canaria-orte\/\" target=\"_blank\" rel=\"noreferrer noopener\">Geheime Orte, abseits der ausgetretenen Pfade<\/a><\/p>\n<\/div>\n\n\n\n<div class=\"wp-block-column is-vertically-aligned-top planif-radius is-layout-flow wp-block-column-is-layout-flow\" style=\"flex-basis:40%\">\n<figure class=\"wp-block-image size-large img-portrait\"><img decoding=\"async\" src=\"https:\/\/photos.smugmug.com\/Canarias-Lovers\/Gran-Canaria\/Best-of\/i-8qV2fwm\/0\/98eb2a07\/S\/Roque-Nublo-S.jpg\" alt=\"Roque Nublo\" title=\"\"\/><\/figure>\n<\/div>\n<\/div>\n\n\n\n<hr class=\"wp-block-separator has-text-color has-alpha-channel-opacity has-background is-style-wide hr-box-planif\" style=\"background-color:#ccd3dd;color:#ccd3dd\"\/>\n\n\n\n<div class=\"wp-block-columns box_sans_border is-layout-flex wp-container-core-columns-is-layout-8f761849 wp-block-columns-is-layout-flex\">\n<div class=\"wp-block-column texte_planif is-layout-flow wp-block-column-is-layout-flow\" style=\"flex-basis:60%\">\n<ul class=\"wp-block-list\">\n<li><strong>Praktische Ratschl\u00e4ge<\/strong><\/li>\n<\/ul>\n\n\n\n<p class=\"wp-block-paragraph\" style=\"font-size:14px\"><a href=\"https:\/\/canarias-lovers.com\/de\/reisefuhrer-gran-canaria-reisetipps\/\" target=\"_blank\" rel=\"noreferrer noopener\">25 Tipps f\u00fcr eine erfolgreiche Reise nach Gran Canaria<\/a><br\/><a href=\"https:\/\/canarias-lovers.com\/de\/beste-reisezeit-gran-canaria-wetter\/\" target=\"_blank\" rel=\"noreferrer noopener\">Wann reisen Sie ab?<\/a><\/p>\n\n\n\n<p class=\"wp-block-paragraph\" style=\"font-size:14px\"><a href=\"https:\/\/canarias-lovers.com\/de\/fortbewegung-gran-canaria-transportmittel\/\" target=\"_blank\" rel=\"noreferrer noopener\">Wie man sich bewegt<\/a><br\/><a href=\"https:\/\/canarias-lovers.com\/de\/autovermietung-gran-canaria-tipps-erfahrungen\/\" target=\"_blank\" rel=\"noreferrer noopener\">Wie man ein Auto in Gran Canaria mietet<\/a><br\/><a href=\"https:\/\/canarias-lovers.com\/de\/fahren-gran-canaria-tipps\/\" target=\"_blank\" rel=\"noreferrer noopener\">Tipps zum Fahren<\/a><br\/><a href=\"https:\/\/canarias-lovers.com\/de\/meilleures-excursions-gran-canaria-2\/\" target=\"_blank\" rel=\"noreferrer noopener\">Beste Ausfl\u00fcge<\/a><\/p>\n\n\n\n<p class=\"wp-block-paragraph\" style=\"font-size:14px\">Reiseverlauf: 3 Tage &#8211; 4 Tage &#8211; <a href=\"https:\/\/canarias-lovers.com\/de\/besuchen-5-tage-gran-canaria-reiseroute\/\" target=\"_blank\" rel=\"noreferrer noopener\">5 Tage<\/a> &#8211; <a href=\"https:\/\/canarias-lovers.com\/de\/besuchen-gran-canaria-6-tage-reiseroute\/\" target=\"_blank\" rel=\"noreferrer noopener\">6 Tage<\/a> &#8211; <a href=\"https:\/\/canarias-lovers.com\/de\/besuchen-gran-canaria-eine-woche-reiseroute\/\" target=\"_blank\" rel=\"noreferrer noopener\">7 Tage<\/a> &#8211; <a href=\"https:\/\/canarias-lovers.com\/de\/besuchen-10-tage-gran-canaria-reiseplan\/\" target=\"_blank\" rel=\"noreferrer noopener\">10 Tage <\/a><\/p>\n\n\n\n<p class=\"wp-block-paragraph\" style=\"font-size:14px\"><a href=\"https:\/\/canarias-lovers.com\/de\/wo-ubernachten-gran-canaria-beste-urlaubsorte\/\" target=\"_blank\" rel=\"noreferrer noopener\">Wo kann man in Gran Canaria \u00fcbernachten?<\/a><\/p>\n<\/div>\n\n\n\n<div class=\"wp-block-column is-vertically-aligned-top planif-radius is-layout-flow wp-block-column-is-layout-flow\" style=\"flex-basis:40%\">\n<figure class=\"wp-block-image size-large img-portrait\"><img decoding=\"async\" src=\"https:\/\/photos.smugmug.com\/Canarias-Lovers\/Gran-Canaria\/Driving\/i-rqnNnCs\/1\/4b657343\/S\/gran-Canaria-rental-car-driving-3-S.jpg\" alt=\"Mietwagen in Gran Canaria\" title=\"\"\/><\/figure>\n<\/div>\n<\/div>\n\n\n\n<hr class=\"wp-block-separator has-text-color has-alpha-channel-opacity has-background is-style-wide hr-box-planif\" style=\"background-color:#ccd3dd;color:#ccd3dd\"\/>\n\n\n\n<div class=\"wp-block-columns box_sans_border is-layout-flex wp-container-core-columns-is-layout-8f761849 wp-block-columns-is-layout-flex\">\n<div class=\"wp-block-column texte_planif is-layout-flow wp-block-column-is-layout-flow\" style=\"flex-basis:60%\">\n<ul class=\"wp-block-list\">\n<li><strong>Die unumg\u00e4nglichen<\/strong><\/li>\n<\/ul>\n\n\n\n<p class=\"wp-block-paragraph\" style=\"font-size:14px\"><a href=\"https:\/\/canarias-lovers.com\/de\/sehenswurdigkeiten-las-palmas-gran-canaria-besuchen\/\" target=\"_blank\" rel=\"noreferrer noopener\">Las Palmas und sein historisches Zentrum<\/a><br\/><a href=\"https:\/\/canarias-lovers.com\/de\/tour-delfine-gran-canaria-wale\/\" target=\"_blank\" rel=\"noreferrer noopener\">Delphinbeobachtung auf Gran Canaria<\/a><br\/><a href=\"https:\/\/canarias-lovers.com\/de\/dunes-maspalomas-gran-canaria-2\/\" target=\"_blank\" rel=\"noreferrer noopener\">D\u00fcnen von Maspalomas<\/a><br\/><a href=\"https:\/\/canarias-lovers.com\/de\/sehenswurdigkeiten-puerto-mogan-besuchen\/\" target=\"_blank\" rel=\"noreferrer noopener\">Puerto de Mogan (Klein Venedig)<\/a><br\/><a href=\"https:\/\/canarias-lovers.com\/de\/sehenswurdigkeiten-agaete-besuchen\/\" target=\"_blank\" rel=\"noreferrer noopener\">Agaete und seine nat\u00fcrlichen Pools<\/a><br\/><a href=\"https:\/\/canarias-lovers.com\/de\/sehenswurdigkeiten-aguimes-gran-canaria-besuchen\/\" target=\"_blank\" rel=\"noreferrer noopener\">Die wundersch\u00f6ne Stadt Ag\u00fcimes<\/a><br\/><\/p>\n<\/div>\n\n\n\n<div class=\"wp-block-column is-vertically-aligned-top planif-radius is-layout-flow wp-block-column-is-layout-flow\" style=\"flex-basis:40%\">\n<figure class=\"wp-block-image size-large img-portrait\"><img decoding=\"async\" src=\"https:\/\/photos.smugmug.com\/Canarias-Lovers\/Gran-Canaria\/Best-of\/i-wqpn8vC\/0\/85607396\/S\/Gran-Canaria-dolphins-S.jpg\" alt=\"Delphin auf Gran Canaria\" title=\"\"\/><\/figure>\n<\/div>\n<\/div>\n\n\n\n<div style=\"height:30px\" aria-hidden=\"true\" class=\"wp-block-spacer\"><\/div>\n<\/div><\/div><\/div>\n\n<div class=\"wp-block-genesis-blocks-gb-container box_auteur_voyage gb-block-container\"><div class=\"gb-container-inside\"><div class=\"gb-container-content\">\n<figure class=\"wp-block-image size-large img_auteur_voyage img_provisoire\"><img decoding=\"async\" src=\"https:\/\/photos.smugmug.com\/Region-Lovers\/Equipe\/i-nsNF6C6\/0\/Cs2F5n96pkt9xFD9D3SVqmQspMhrKgN75nHgBqmjG\/L\/Claire-L.png\" alt=\"\"\/><\/figure>\n\n\n\n<h5 class=\"titre_auteur_voyage\"><span>SIE REISTE UND SCHRIEB DEN ARTIKEL \n<\/span><span class=\"titre_box_manuscrit\">Claire<\/span><\/h5>\n<\/div><\/div><\/div>\n","protected":false},"excerpt":{"rendered":"<p>Der Parc Cactualdea in La Aldea de San Nicol\u00e1s auf der Insel Gran Canaria ist ein einzigartiger botanischer Garten, der sich den Kakteen und anderen Pflanzen widmet, die an trockene Lebensr\u00e4ume angepasst sind. Auf einer Fl\u00e4che von rund 15.000 m\u00b2 pr\u00e4sentiert er \u00fcber 1.000 Arten aus aller Welt und bietet damit ein Erlebnis, bei dem [&hellip;]<\/p>\n","protected":false},"author":1,"featured_media":11128,"comment_status":"closed","ping_status":"closed","sticky":false,"template":"","format":"standard","meta":{"_acf_changed":false,"_genesis_hide_title":false,"_genesis_hide_breadcrumbs":false,"_genesis_hide_singular_image":false,"_genesis_hide_footer_widgets":false,"_genesis_custom_body_class":"","_genesis_custom_post_class":"","_genesis_layout":"","footnotes":""},"categories":[3],"tags":[],"class_list":["post-11167","post","type-post","status-publish","format-standard","has-post-thumbnail","category-unkategorisiert","entry"],"acf":[],"yoast_head":"<!-- This site is optimized with the Yoast SEO plugin v28.3 - https:\/\/yoast.com\/product\/yoast-seo-wordpress\/ -->\n<title>Cactualdea-Park (Gran Canaria): Besichtigung + Fotos<\/title>\n<meta name=\"description\" content=\"Unsere Tipps und Fotos f\u00fcr einen Besuch im Garten \u201eParc Cactualdea\u201c auf Gran Canaria: Anfahrt, Sehensw\u00fcrdigkeiten, Dauer, \u00d6ffnungszeiten und praktische Informationen.\" \/>\n<meta name=\"robots\" content=\"index, follow, max-snippet:-1, max-image-preview:large, max-video-preview:-1\" \/>\n<link rel=\"canonical\" href=\"https:\/\/canarias-lovers.com\/de\/cactualdea-park-gran-canaria\/\" \/>\n<meta property=\"og:locale\" content=\"de_DE\" \/>\n<meta property=\"og:type\" content=\"article\" \/>\n<meta property=\"og:title\" content=\"Cactualdea-Park (Gran Canaria): Besichtigung + Fotos\" \/>\n<meta property=\"og:description\" content=\"Unsere Tipps und Fotos f\u00fcr einen Besuch im Garten \u201eParc Cactualdea\u201c auf Gran Canaria: Anfahrt, Sehensw\u00fcrdigkeiten, Dauer, \u00d6ffnungszeiten und praktische Informationen.\" \/>\n<meta property=\"og:url\" content=\"https:\/\/canarias-lovers.com\/de\/cactualdea-park-gran-canaria\/\" \/>\n<meta property=\"og:site_name\" content=\"Canarias Lovers: Tenerife + Gran Canaria\" \/>\n<meta property=\"article:published_time\" content=\"2026-09-03T15:04:43+00:00\" \/>\n<meta property=\"article:modified_time\" content=\"2026-09-03T15:11:25+00:00\" \/>\n<meta property=\"og:image\" content=\"https:\/\/canarias-lovers.com\/wp-content\/uploads\/2026\/09\/Cactualdea-Gran-Canaria-scaled.webp\" \/>\n\t<meta property=\"og:image:width\" content=\"2560\" \/>\n\t<meta property=\"og:image:height\" content=\"1920\" \/>\n\t<meta property=\"og:image:type\" content=\"image\/webp\" \/>\n<meta name=\"author\" content=\"Claire\" \/>\n<meta name=\"twitter:card\" content=\"summary_large_image\" \/>\n<meta name=\"twitter:label1\" content=\"Verfasst von\" \/>\n\t<meta name=\"twitter:data1\" content=\"Claire\" \/>\n\t<meta name=\"twitter:label2\" content=\"Gesch\u00e4tzte Lesezeit\" \/>\n\t<meta name=\"twitter:data2\" content=\"9 Minuten\" \/>\n<script type=\"application\/ld+json\" class=\"yoast-schema-graph\">{\"@context\":\"https:\\\/\\\/schema.org\",\"@graph\":[{\"@type\":\"Article\",\"@id\":\"https:\\\/\\\/canarias-lovers.com\\\/de\\\/cactualdea-park-gran-canaria\\\/#article\",\"isPartOf\":{\"@id\":\"https:\\\/\\\/canarias-lovers.com\\\/de\\\/cactualdea-park-gran-canaria\\\/\"},\"author\":{\"name\":\"Claire\",\"@id\":\"https:\\\/\\\/canarias-lovers.com\\\/de\\\/#\\\/schema\\\/person\\\/4cfe633189ad64b99c9609bed2b00d55\"},\"headline\":\"Cactualdea Park (Gran Canaria): Besichtigung + Fotos\",\"datePublished\":\"2026-09-03T15:04:43+00:00\",\"dateModified\":\"2026-09-03T15:11:25+00:00\",\"mainEntityOfPage\":{\"@id\":\"https:\\\/\\\/canarias-lovers.com\\\/de\\\/cactualdea-park-gran-canaria\\\/\"},\"wordCount\":1803,\"publisher\":{\"@id\":\"https:\\\/\\\/canarias-lovers.com\\\/de\\\/#organization\"},\"image\":{\"@id\":\"https:\\\/\\\/canarias-lovers.com\\\/de\\\/cactualdea-park-gran-canaria\\\/#primaryimage\"},\"thumbnailUrl\":\"https:\\\/\\\/canarias-lovers.com\\\/wp-content\\\/uploads\\\/2026\\\/09\\\/Cactualdea-Gran-Canaria-scaled.webp\",\"articleSection\":[\"Unkategorisiert\"],\"inLanguage\":\"de-DE\"},{\"@type\":\"WebPage\",\"@id\":\"https:\\\/\\\/canarias-lovers.com\\\/de\\\/cactualdea-park-gran-canaria\\\/\",\"url\":\"https:\\\/\\\/canarias-lovers.com\\\/de\\\/cactualdea-park-gran-canaria\\\/\",\"name\":\"Cactualdea-Park (Gran Canaria): Besichtigung + Fotos\",\"isPartOf\":{\"@id\":\"https:\\\/\\\/canarias-lovers.com\\\/de\\\/#website\"},\"primaryImageOfPage\":{\"@id\":\"https:\\\/\\\/canarias-lovers.com\\\/de\\\/cactualdea-park-gran-canaria\\\/#primaryimage\"},\"image\":{\"@id\":\"https:\\\/\\\/canarias-lovers.com\\\/de\\\/cactualdea-park-gran-canaria\\\/#primaryimage\"},\"thumbnailUrl\":\"https:\\\/\\\/canarias-lovers.com\\\/wp-content\\\/uploads\\\/2026\\\/09\\\/Cactualdea-Gran-Canaria-scaled.webp\",\"datePublished\":\"2026-09-03T15:04:43+00:00\",\"dateModified\":\"2026-09-03T15:11:25+00:00\",\"description\":\"Unsere Tipps und Fotos f\u00fcr einen Besuch im Garten \u201eParc Cactualdea\u201c auf Gran Canaria: Anfahrt, Sehensw\u00fcrdigkeiten, Dauer, \u00d6ffnungszeiten und praktische Informationen.\",\"breadcrumb\":{\"@id\":\"https:\\\/\\\/canarias-lovers.com\\\/de\\\/cactualdea-park-gran-canaria\\\/#breadcrumb\"},\"inLanguage\":\"de-DE\",\"potentialAction\":[{\"@type\":\"ReadAction\",\"target\":[\"https:\\\/\\\/canarias-lovers.com\\\/de\\\/cactualdea-park-gran-canaria\\\/\"]}]},{\"@type\":\"ImageObject\",\"inLanguage\":\"de-DE\",\"@id\":\"https:\\\/\\\/canarias-lovers.com\\\/de\\\/cactualdea-park-gran-canaria\\\/#primaryimage\",\"url\":\"https:\\\/\\\/canarias-lovers.com\\\/wp-content\\\/uploads\\\/2026\\\/09\\\/Cactualdea-Gran-Canaria-scaled.webp\",\"contentUrl\":\"https:\\\/\\\/canarias-lovers.com\\\/wp-content\\\/uploads\\\/2026\\\/09\\\/Cactualdea-Gran-Canaria-scaled.webp\",\"width\":2560,\"height\":1920,\"caption\":\"Cactualdea Gran Canaria\"},{\"@type\":\"BreadcrumbList\",\"@id\":\"https:\\\/\\\/canarias-lovers.com\\\/de\\\/cactualdea-park-gran-canaria\\\/#breadcrumb\",\"itemListElement\":[{\"@type\":\"ListItem\",\"position\":1,\"name\":\"Start\",\"item\":\"https:\\\/\\\/canarias-lovers.com\\\/de\\\/\"},{\"@type\":\"ListItem\",\"position\":2,\"name\":\"Unkategorisiert\",\"item\":\"https:\\\/\\\/canarias-lovers.com\\\/de\\\/unkategorisiert\\\/\"},{\"@type\":\"ListItem\",\"position\":3,\"name\":\"Cactualdea Park (Gran Canaria): Besichtigung + Fotos\"}]},{\"@type\":\"WebSite\",\"@id\":\"https:\\\/\\\/canarias-lovers.com\\\/de\\\/#website\",\"url\":\"https:\\\/\\\/canarias-lovers.com\\\/de\\\/\",\"name\":\"Canarias Lovers: Tenerife + Gran Canaria\",\"description\":\"Der Blog von Claire und Manu\",\"publisher\":{\"@id\":\"https:\\\/\\\/canarias-lovers.com\\\/de\\\/#organization\"},\"potentialAction\":[{\"@type\":\"SearchAction\",\"target\":{\"@type\":\"EntryPoint\",\"urlTemplate\":\"https:\\\/\\\/canarias-lovers.com\\\/de\\\/?s={search_term_string}\"},\"query-input\":{\"@type\":\"PropertyValueSpecification\",\"valueRequired\":true,\"valueName\":\"search_term_string\"}}],\"inLanguage\":\"de-DE\"},{\"@type\":\"Organization\",\"@id\":\"https:\\\/\\\/canarias-lovers.com\\\/de\\\/#organization\",\"name\":\"Canarias Lovers: Tenerife + Gran Canaria\",\"url\":\"https:\\\/\\\/canarias-lovers.com\\\/de\\\/\",\"logo\":{\"@type\":\"ImageObject\",\"inLanguage\":\"de-DE\",\"@id\":\"https:\\\/\\\/canarias-lovers.com\\\/de\\\/#\\\/schema\\\/logo\\\/image\\\/\",\"url\":\"https:\\\/\\\/canarias-lovers.com\\\/wp-content\\\/uploads\\\/2024\\\/05\\\/cropped-Canarias-Lovers-Logo.png\",\"contentUrl\":\"https:\\\/\\\/canarias-lovers.com\\\/wp-content\\\/uploads\\\/2024\\\/05\\\/cropped-Canarias-Lovers-Logo.png\",\"width\":2635,\"height\":595,\"caption\":\"Canarias Lovers: Tenerife + Gran Canaria\"},\"image\":{\"@id\":\"https:\\\/\\\/canarias-lovers.com\\\/de\\\/#\\\/schema\\\/logo\\\/image\\\/\"}},{\"@type\":\"Person\",\"@id\":\"https:\\\/\\\/canarias-lovers.com\\\/de\\\/#\\\/schema\\\/person\\\/4cfe633189ad64b99c9609bed2b00d55\",\"name\":\"Claire\",\"image\":{\"@type\":\"ImageObject\",\"inLanguage\":\"de-DE\",\"@id\":\"https:\\\/\\\/secure.gravatar.com\\\/avatar\\\/e3566233826c32de8d7c9ef726a1087654b12cadb092acc17ee1d357687192ff?s=96&d=mm&r=g\",\"url\":\"https:\\\/\\\/secure.gravatar.com\\\/avatar\\\/e3566233826c32de8d7c9ef726a1087654b12cadb092acc17ee1d357687192ff?s=96&d=mm&r=g\",\"contentUrl\":\"https:\\\/\\\/secure.gravatar.com\\\/avatar\\\/e3566233826c32de8d7c9ef726a1087654b12cadb092acc17ee1d357687192ff?s=96&d=mm&r=g\",\"caption\":\"Claire\"},\"sameAs\":[\"https:\\\/\\\/canarias-lovers.com\\\/claire-robinson\\\/\"],\"url\":\"https:\\\/\\\/canarias-lovers.com\\\/de\\\/author\\\/canariaslover2\\\/\"}]}<\/script>\n<!-- \/ Yoast SEO plugin. -->","yoast_head_json":{"title":"Cactualdea-Park (Gran Canaria): Besichtigung + Fotos","description":"Unsere Tipps und Fotos f\u00fcr einen Besuch im Garten \u201eParc Cactualdea\u201c auf Gran Canaria: Anfahrt, Sehensw\u00fcrdigkeiten, Dauer, \u00d6ffnungszeiten und praktische Informationen.","robots":{"index":"index","follow":"follow","max-snippet":"max-snippet:-1","max-image-preview":"max-image-preview:large","max-video-preview":"max-video-preview:-1"},"canonical":"https:\/\/canarias-lovers.com\/de\/cactualdea-park-gran-canaria\/","og_locale":"de_DE","og_type":"article","og_title":"Cactualdea-Park (Gran Canaria): Besichtigung + Fotos","og_description":"Unsere Tipps und Fotos f\u00fcr einen Besuch im Garten \u201eParc Cactualdea\u201c auf Gran Canaria: Anfahrt, Sehensw\u00fcrdigkeiten, Dauer, \u00d6ffnungszeiten und praktische Informationen.","og_url":"https:\/\/canarias-lovers.com\/de\/cactualdea-park-gran-canaria\/","og_site_name":"Canarias Lovers: Tenerife + Gran Canaria","article_published_time":"2026-09-03T15:04:43+00:00","article_modified_time":"2026-09-03T15:11:25+00:00","og_image":[{"width":2560,"height":1920,"url":"https:\/\/canarias-lovers.com\/wp-content\/uploads\/2026\/09\/Cactualdea-Gran-Canaria-scaled.webp","type":"image\/webp"}],"author":"Claire","twitter_card":"summary_large_image","twitter_misc":{"Verfasst von":"Claire","Gesch\u00e4tzte Lesezeit":"9 Minuten"},"schema":{"@context":"https:\/\/schema.org","@graph":[{"@type":"Article","@id":"https:\/\/canarias-lovers.com\/de\/cactualdea-park-gran-canaria\/#article","isPartOf":{"@id":"https:\/\/canarias-lovers.com\/de\/cactualdea-park-gran-canaria\/"},"author":{"name":"Claire","@id":"https:\/\/canarias-lovers.com\/de\/#\/schema\/person\/4cfe633189ad64b99c9609bed2b00d55"},"headline":"Cactualdea Park (Gran Canaria): Besichtigung + Fotos","datePublished":"2026-09-03T15:04:43+00:00","dateModified":"2026-09-03T15:11:25+00:00","mainEntityOfPage":{"@id":"https:\/\/canarias-lovers.com\/de\/cactualdea-park-gran-canaria\/"},"wordCount":1803,"publisher":{"@id":"https:\/\/canarias-lovers.com\/de\/#organization"},"image":{"@id":"https:\/\/canarias-lovers.com\/de\/cactualdea-park-gran-canaria\/#primaryimage"},"thumbnailUrl":"https:\/\/canarias-lovers.com\/wp-content\/uploads\/2026\/09\/Cactualdea-Gran-Canaria-scaled.webp","articleSection":["Unkategorisiert"],"inLanguage":"de-DE"},{"@type":"WebPage","@id":"https:\/\/canarias-lovers.com\/de\/cactualdea-park-gran-canaria\/","url":"https:\/\/canarias-lovers.com\/de\/cactualdea-park-gran-canaria\/","name":"Cactualdea-Park (Gran Canaria): Besichtigung + Fotos","isPartOf":{"@id":"https:\/\/canarias-lovers.com\/de\/#website"},"primaryImageOfPage":{"@id":"https:\/\/canarias-lovers.com\/de\/cactualdea-park-gran-canaria\/#primaryimage"},"image":{"@id":"https:\/\/canarias-lovers.com\/de\/cactualdea-park-gran-canaria\/#primaryimage"},"thumbnailUrl":"https:\/\/canarias-lovers.com\/wp-content\/uploads\/2026\/09\/Cactualdea-Gran-Canaria-scaled.webp","datePublished":"2026-09-03T15:04:43+00:00","dateModified":"2026-09-03T15:11:25+00:00","description":"Unsere Tipps und Fotos f\u00fcr einen Besuch im Garten \u201eParc Cactualdea\u201c auf Gran Canaria: Anfahrt, Sehensw\u00fcrdigkeiten, Dauer, \u00d6ffnungszeiten und praktische Informationen.","breadcrumb":{"@id":"https:\/\/canarias-lovers.com\/de\/cactualdea-park-gran-canaria\/#breadcrumb"},"inLanguage":"de-DE","potentialAction":[{"@type":"ReadAction","target":["https:\/\/canarias-lovers.com\/de\/cactualdea-park-gran-canaria\/"]}]},{"@type":"ImageObject","inLanguage":"de-DE","@id":"https:\/\/canarias-lovers.com\/de\/cactualdea-park-gran-canaria\/#primaryimage","url":"https:\/\/canarias-lovers.com\/wp-content\/uploads\/2026\/09\/Cactualdea-Gran-Canaria-scaled.webp","contentUrl":"https:\/\/canarias-lovers.com\/wp-content\/uploads\/2026\/09\/Cactualdea-Gran-Canaria-scaled.webp","width":2560,"height":1920,"caption":"Cactualdea Gran Canaria"},{"@type":"BreadcrumbList","@id":"https:\/\/canarias-lovers.com\/de\/cactualdea-park-gran-canaria\/#breadcrumb","itemListElement":[{"@type":"ListItem","position":1,"name":"Start","item":"https:\/\/canarias-lovers.com\/de\/"},{"@type":"ListItem","position":2,"name":"Unkategorisiert","item":"https:\/\/canarias-lovers.com\/de\/unkategorisiert\/"},{"@type":"ListItem","position":3,"name":"Cactualdea Park (Gran Canaria): Besichtigung + Fotos"}]},{"@type":"WebSite","@id":"https:\/\/canarias-lovers.com\/de\/#website","url":"https:\/\/canarias-lovers.com\/de\/","name":"Canarias Lovers: Tenerife + Gran Canaria","description":"Der Blog von Claire und Manu","publisher":{"@id":"https:\/\/canarias-lovers.com\/de\/#organization"},"potentialAction":[{"@type":"SearchAction","target":{"@type":"EntryPoint","urlTemplate":"https:\/\/canarias-lovers.com\/de\/?s={search_term_string}"},"query-input":{"@type":"PropertyValueSpecification","valueRequired":true,"valueName":"search_term_string"}}],"inLanguage":"de-DE"},{"@type":"Organization","@id":"https:\/\/canarias-lovers.com\/de\/#organization","name":"Canarias Lovers: Tenerife + Gran Canaria","url":"https:\/\/canarias-lovers.com\/de\/","logo":{"@type":"ImageObject","inLanguage":"de-DE","@id":"https:\/\/canarias-lovers.com\/de\/#\/schema\/logo\/image\/","url":"https:\/\/canarias-lovers.com\/wp-content\/uploads\/2024\/05\/cropped-Canarias-Lovers-Logo.png","contentUrl":"https:\/\/canarias-lovers.com\/wp-content\/uploads\/2024\/05\/cropped-Canarias-Lovers-Logo.png","width":2635,"height":595,"caption":"Canarias Lovers: Tenerife + Gran Canaria"},"image":{"@id":"https:\/\/canarias-lovers.com\/de\/#\/schema\/logo\/image\/"}},{"@type":"Person","@id":"https:\/\/canarias-lovers.com\/de\/#\/schema\/person\/4cfe633189ad64b99c9609bed2b00d55","name":"Claire","image":{"@type":"ImageObject","inLanguage":"de-DE","@id":"https:\/\/secure.gravatar.com\/avatar\/e3566233826c32de8d7c9ef726a1087654b12cadb092acc17ee1d357687192ff?s=96&d=mm&r=g","url":"https:\/\/secure.gravatar.com\/avatar\/e3566233826c32de8d7c9ef726a1087654b12cadb092acc17ee1d357687192ff?s=96&d=mm&r=g","contentUrl":"https:\/\/secure.gravatar.com\/avatar\/e3566233826c32de8d7c9ef726a1087654b12cadb092acc17ee1d357687192ff?s=96&d=mm&r=g","caption":"Claire"},"sameAs":["https:\/\/canarias-lovers.com\/claire-robinson\/"],"url":"https:\/\/canarias-lovers.com\/de\/author\/canariaslover2\/"}]}},"featured_image_src":"https:\/\/canarias-lovers.com\/wp-content\/uploads\/2026\/09\/Cactualdea-Gran-Canaria-600x400.webp","featured_image_src_square":"https:\/\/canarias-lovers.com\/wp-content\/uploads\/2026\/09\/Cactualdea-Gran-Canaria-600x600.webp","author_info":{"display_name":"Claire","author_link":"https:\/\/canarias-lovers.com\/de\/author\/canariaslover2\/"},"_links":{"self":[{"href":"https:\/\/canarias-lovers.com\/de\/wp-json\/wp\/v2\/posts\/11167","targetHints":{"allow":["GET"]}}],"collection":[{"href":"https:\/\/canarias-lovers.com\/de\/wp-json\/wp\/v2\/posts"}],"about":[{"href":"https:\/\/canarias-lovers.com\/de\/wp-json\/wp\/v2\/types\/post"}],"author":[{"embeddable":true,"href":"https:\/\/canarias-lovers.com\/de\/wp-json\/wp\/v2\/users\/1"}],"replies":[{"embeddable":true,"href":"https:\/\/canarias-lovers.com\/de\/wp-json\/wp\/v2\/comments?post=11167"}],"version-history":[{"count":4,"href":"https:\/\/canarias-lovers.com\/de\/wp-json\/wp\/v2\/posts\/11167\/revisions"}],"predecessor-version":[{"id":11181,"href":"https:\/\/canarias-lovers.com\/de\/wp-json\/wp\/v2\/posts\/11167\/revisions\/11181"}],"wp:featuredmedia":[{"embeddable":true,"href":"https:\/\/canarias-lovers.com\/de\/wp-json\/wp\/v2\/media\/11128"}],"wp:attachment":[{"href":"https:\/\/canarias-lovers.com\/de\/wp-json\/wp\/v2\/media?parent=11167"}],"wp:term":[{"taxonomy":"category","embeddable":true,"href":"https:\/\/canarias-lovers.com\/de\/wp-json\/wp\/v2\/categories?post=11167"},{"taxonomy":"post_tag","embeddable":true,"href":"https:\/\/canarias-lovers.com\/de\/wp-json\/wp\/v2\/tags?post=11167"}],"curies":[{"name":"wp","href":"https:\/\/api.w.org\/{rel}","templated":true}]}}