{"id":11155,"date":"2026-09-03T15:04:43","date_gmt":"2026-09-03T15:04:43","guid":{"rendered":"https:\/\/canarias-lovers.com\/cactualdea-park-gran-canaria\/"},"modified":"2026-09-03T15:05:44","modified_gmt":"2026-09-03T15:05:44","slug":"cactualdea-park-gran-canaria","status":"publish","type":"post","link":"https:\/\/canarias-lovers.com\/da\/cactualdea-park-gran-canaria\/","title":{"rendered":"Cactualdea-parken (Gran Canaria): bes\u00f8g + billeder"},"content":{"rendered":"\n<p class=\"wp-block-paragraph\">Cactualdea-parken, der ligger i La Aldea de San Nicol\u00e1s p\u00e5 \u00f8en Gran Canaria, er en enest\u00e5ende botanisk have, der er dedikeret til <strong>kaktus<\/strong> og andre planter, der er tilpasset t\u00f8rre milj\u00f8er. P\u00e5 et areal p\u00e5 ca <strong>. 15.000 m\u00b2<\/strong> pr\u00e6senterer det over <strong>1<\/strong>. <strong>000 arter<\/strong> fra hele verden og giver bes\u00f8gende mulighed for at fordybe sig i et landskab, der p\u00e5 \u00e9n gang er \u00f8rkenagtigt og frodigt.<\/p>\n\n<figure class=\"wp-block-image size-large\"><img loading=\"lazy\" decoding=\"async\" width=\"1024\" height=\"768\" src=\"https:\/\/canarias-lovers.com\/wp-content\/uploads\/2026\/09\/Cactualdea-Gran-Canaria-1024x768.webp\" alt=\"Cactualdea p&#xE5; Gran Canaria\" class=\"wp-image-11124\" srcset=\"https:\/\/canarias-lovers.com\/wp-content\/uploads\/2026\/09\/Cactualdea-Gran-Canaria-1024x768.webp 1024w, https:\/\/canarias-lovers.com\/wp-content\/uploads\/2026\/09\/Cactualdea-Gran-Canaria-300x225.webp 300w, https:\/\/canarias-lovers.com\/wp-content\/uploads\/2026\/09\/Cactualdea-Gran-Canaria-768x576.webp 768w, https:\/\/canarias-lovers.com\/wp-content\/uploads\/2026\/09\/Cactualdea-Gran-Canaria-1536x1152.webp 1536w, https:\/\/canarias-lovers.com\/wp-content\/uploads\/2026\/09\/Cactualdea-Gran-Canaria-2048x1536.webp 2048w, https:\/\/canarias-lovers.com\/wp-content\/uploads\/2026\/09\/Cactualdea-Gran-Canaria-702x526.webp 702w\" sizes=\"auto, (max-width: 1024px) 100vw, 1024px\" \/><\/figure>\n\n<p class=\"wp-block-paragraph\">I denne artikel kan du finde vores <strong>nyttige tips med billeder<\/strong>, s\u00e5 du bedst muligt kan forberede dit bes\u00f8g og f\u00e5 det fulde udbytte af denne botaniske udflugt uden for byomr\u00e5derne.<\/p>\n\n<h2 class=\"wp-block-heading\"><span class=\"ez-toc-section\" id=\"Hvorfor_besoege_Cactualdea-parken\"><\/span>Hvorfor bes\u00f8ge Cactualdea-parken?<span class=\"ez-toc-section-end\"><\/span><\/h2>\n\n<h3 class=\"wp-block-heading\">Er Cactualdea-parken et bes\u00f8g v\u00e6rd? Det er vores mening:<\/h3>\n\n<p class=\"wp-block-paragraph\">Ja, Cactualdea-parken er et bes\u00f8g v\u00e6rd, hvis man vil opleve noget helt andet midt i en t\u00f8r hav, hvor over <strong>1 000 kaktusarter fra<\/strong> hele verden trives med spektakul\u00e6re bjerge som kulisse. Dette sted byder p\u00e5 en unik oplevelse, der adskiller sig fra de traditionelle botaniske haver, takket v\u00e6re sin omfattende samling og sine naturlige omgivelser.<\/p>\n\n<figure class=\"wp-block-image size-large\"><img decoding=\"async\" src=\"https:\/\/res.cloudinary.com\/dr1k3muv9\/image\/upload\/e_enhance\/e_improve:outdoor:50\/e_contrast:level_35;type_sigmoidal\/e_vibrance:8\/e_saturation:8\/e_sharpen:15\/f_auto\/v1788420091\/Mogan-to-La-Aldea-blocs-region-Lieu-XEL.heic\" alt=\"Kaktushave med bjerge i baggrunden\"\/><\/figure>\n\n<h3 class=\"wp-block-heading\">Vores yndlings\u00f8jeblikke<\/h3>\n\n<p class=\"wp-block-paragraph\">Vi satte is\u00e6r pris p\u00e5 den store plantevariation, der omfatter sj\u00e6ldne og eksotiske arter, samt de kanariske etnografiske elementer, der er spredt rundt i parken. Disse kulturelle indslag tilf\u00f8rer bes\u00f8get en ekstra dimension ved at knytte botanikken sammen med den lokale historie.<\/p>\n\n<p class=\"wp-block-paragraph\">Parkens fredfyldte atmosf\u00e6re indbyder til afslapning og fordybelse. Vi har fundet ud af, at det er et ideelt sted for dem, der s\u00f8ger et \u00f8jebliks ro, langt v\u00e6k fra turistmylderet, samtidig med at de kan opleve <strong>Gran Canarias<\/strong> naturlige og kulturelle rigdom <strong>.<\/strong><\/p>\n\n<figure class=\"wp-block-image size-large\"><img decoding=\"async\" src=\"https:\/\/res.cloudinary.com\/dr1k3muv9\/image\/upload\/e_enhance\/e_improve:outdoor:50\/e_contrast:level_35;type_sigmoidal\/e_vibrance:8\/e_saturation:8\/e_sharpen:15\/f_auto\/v1788420094\/Mogan-to-La-Aldea-blocs-region-Lieu-VSZ.heic\" alt=\"I fokus: en rund kaktus med lange gule torne\"\/><\/figure>\n\n<p class=\"wp-block-paragraph\">Vi n\u00f8d is\u00e6r at slentre ad de <strong>snoede stier<\/strong>, der snor sig gennem haverne, hvor <strong>mikroklimaerne<\/strong> skaber forskellige stemninger. At observere <strong>dyrene i fri natur<\/strong> tilf\u00f8jede en livlig dimension til turen, mens repliken af Guanche-hulen giver et historisk indblik i \u00f8en.<\/p>\n\n<figure class=\"wp-block-image size-large\"><img decoding=\"async\" src=\"https:\/\/res.cloudinary.com\/dr1k3muv9\/image\/upload\/e_enhance\/e_improve:outdoor:50\/e_contrast:level_35;type_sigmoidal\/e_vibrance:8\/e_saturation:8\/e_sharpen:15\/f_auto\/v1788420098\/Mogan-to-La-Aldea-blocs-region-Lieu-ECG.heic\" alt=\"En sti med forskellige slags kaktus p&#xE5; begge sider og nogle palmer\"\/><\/figure>\n\n<div class=\"wp-block-genesis-blocks-gb-container box gb-block-container\" style=\"background-color:#fef0c3;margin-top:8%;margin-bottom:8%\"><div class=\"gb-container-inside\"><div class=\"gb-container-content\" style=\"max-width:700px\">\n<div class=\"wp-block-genesis-blocks-gb-container box_titre gb-block-container\"><div class=\"gb-container-inside\"><div class=\"gb-container-content\">\n<h5 class=\"titre_box\" style=\"padding-top:10px;\">HVOR KAN MAN BO P\u00c5 <span class=\"titre_box_manuscrit\">Gran Canaria <\/span><\/h5>\n<\/div><\/div><\/div>\n\n\n\n<div class=\"wp-block-columns box_sans_border has-background is-layout-flex wp-container-core-columns-is-layout-8f761849 wp-block-columns-is-layout-flex\" style=\"background-color:#fef0c3\">\n<div class=\"wp-block-column texte_planif is-layout-flow wp-block-column-is-layout-flow\" style=\"font-size:14px;flex-basis:60%\">\n<p class=\"option_titre2 wp-block-paragraph\" style=\"font-size:16px\">Vores uafh\u00e6ngige udvalg hj\u00e6lper dig med at finde <strong>din dr\u00f8mmebolig<\/strong>:<\/p>\n\n\n\n<ul class=\"wp-block-list ul_box\">\n<li style=\"font-size:14px\"><a href=\"https:\/\/canarias-lovers.com\/da\/hvor-skal-bo-gran-canaria-bedste-omrader\/\" target=\"_blank\" rel=\"noreferrer noopener\">Hvor kan man bo p\u00e5 Gran Canaria?<\/a><\/li>\n\n\n\n<li style=\"font-size:14px\">Vores favorit: <a href=\"https:\/\/www.booking.com\/hotel\/es\/marina-suites.html?aid=2421274\" target=\"_blank\" rel=\"noreferrer noopener sponsored nofollow\">Hotel Marina Suites<\/a><\/li>\n<\/ul>\n\n\n\n<p class=\"wp-block-paragraph\" style=\"font-size:16px\"><strong>V\u00e6lg efter hoteltype:<\/strong><\/p>\n\n\n\n<ul class=\"wp-block-list ul_box\">\n<li style=\"font-size:14px\"><a href=\"https:\/\/canarias-lovers.com\/da\/bedste-5-stjernede-hoteller-grancanaria-luksus-anmeldelser\/\" target=\"_blank\" rel=\"noreferrer noopener\">5-stjernede hoteller<\/a><\/li>\n\n\n\n<li style=\"font-size:14px\"><a href=\"https:\/\/canarias-lovers.com\/da\/bedste-boutique-hoteller-gran-canaria-charmerende\/\" target=\"_blank\" rel=\"noreferrer noopener\">De bedste boutiquehoteller<\/a><\/li>\n\n\n\n<li style=\"font-size:14px\"><a href=\"https:\/\/canarias-lovers.com\/da\/bedste-hoteller-kun-for-voksne-adults-only-gran-canaria\/\" target=\"_blank\" rel=\"noreferrer noopener\">Bedste hoteller kun for voksne<\/a><\/li>\n\n\n\n<li style=\"font-size:14px\">De bedste all-inclusive hoteller (kommer snart)<\/li>\n\n\n\n<li style=\"font-size:14px\"><a href=\"https:\/\/canarias-lovers.com\/da\/bedste-hoteller-familier-gran-canaria-born-anmeldelser\/\" target=\"_blank\" rel=\"noreferrer noopener\">De bedste hoteller til familier<\/a><\/li>\n<\/ul>\n\n\n\n<p class=\"wp-block-paragraph\" style=\"font-size:16px\"><strong>V\u00e6lg efter by:<\/strong><\/p>\n\n\n\n<ul class=\"wp-block-list\">\n<li style=\"font-size:14px\"><a href=\"https:\/\/canarias-lovers.com\/da\/hvor-skal-bo-las-palmas-gran-canaria-bedste-hoteller-kvarterer\/\" target=\"_blank\" rel=\"noreferrer noopener\">De bedste hoteller i Las Palmas de Gran Canaria<\/a><\/li>\n\n\n\n<li style=\"font-size:14px\"><a href=\"https:\/\/canarias-lovers.com\/da\/hvor-skal-bo-maspalomas-bedste-hoteller-kvarterer\/\" target=\"_blank\" rel=\"noreferrer noopener\">De bedste hoteller i Masplomas<\/a><\/li>\n\n\n\n<li style=\"font-size:14px\"><a href=\"https:\/\/canarias-lovers.com\/da\/hvor-skal-bo-playa-del-ingles-gran-canaria-bedste-hoteller-kvarterer\/\" target=\"_blank\" rel=\"noreferrer noopener\">De bedste hoteller i Playa del Ingles<\/a><\/li>\n\n\n\n<li style=\"font-size:14px\"><a href=\"https:\/\/canarias-lovers.com\/da\/hvor-skal-bo-puerto-rico-gran-canaria-bedste-hoteller-kvarterer\/\" target=\"_blank\" rel=\"noreferrer noopener\">De bedste hoteller i Puerto Rico<\/a><\/li>\n\n\n\n<li style=\"font-size:14px\"><a href=\"https:\/\/canarias-lovers.com\/da\/hvor-skal-bo-puerto-mogan-bedste-hoteller-kvarterer\/\" target=\"_blank\" rel=\"noreferrer noopener\">De bedste hoteller i Puerto de Mogan<\/a><\/li>\n\n\n\n<li style=\"font-size:14px\"><a href=\"https:\/\/canarias-lovers.com\/da\/meilleurs-hotels-5-etoiles-meloneras-luxe-avis-2\/\" target=\"_blank\" rel=\"noreferrer noopener\">5-stjernet hotel i Meloneras<\/a><\/li>\n<\/ul>\n<\/div>\n\n\n\n<div class=\"wp-block-column is-vertically-aligned-top planif-radius is-layout-flow wp-block-column-is-layout-flow\" style=\"flex-basis:40%\">\n<figure class=\"wp-block-image size-large img-portrait\"><img decoding=\"async\" src=\"https:\/\/photos.smugmug.com\/Canarias-Lovers\/Gran-Canaria\/Puerto-Rico\/Hotel-Marina-Suites\/i-wMm7CH4\/0\/FdXHP96thzS3vRrTp3H2F4hh8q7cKtZg5BpKMDFBB\/S\/Hotel-marina-suites-pool-2-S.jpg\" alt=\"Hotellets pool\" title=\"\"\/><\/figure>\n<\/div>\n<\/div>\n<\/div><\/div><\/div>\n\n<h2 class=\"wp-block-heading\"><span class=\"ez-toc-section\" id=\"Adgang_Cactualdea-parken_fra_Mogan_til_La_Aldea\"><\/span>Adgang: Cactualdea-parken, fra Mog\u00e1n til La Aldea<span class=\"ez-toc-section-end\"><\/span><\/h2>\n\n<h3 class=\"wp-block-heading\">Hvor ligger Cactualdea-parken?<\/h3>\n\n<ul class=\"wp-block-list\">\n<li>I kommunen La Aldea de San Nicol\u00e1s<\/li>\n\n\n\n<li>P\u00e5 vestkysten af Gran Canaria<\/li>\n\n\n\n<li>Fra <a href=\"https:\/\/canarias-lovers.com\/da\/sevaerdigheder-puerto-mogan-besog\/\" data-type=\"post\" data-id=\"860\" target=\"_blank\" rel=\"noreferrer noopener\">Puerto de Mogan<\/a> = 35 min.<\/li>\n\n\n\n<li>Fra <a href=\"https:\/\/canarias-lovers.com\/da\/sevaerdigheder-maspalomas-besog\/\" data-type=\"post\" data-id=\"2507\" target=\"_blank\" rel=\"noreferrer noopener\">Maspalomas<\/a> = 45 min<\/li>\n\n\n\n<li>Fra <a href=\"https:\/\/canarias-lovers.com\/da\/sevaerdigheder-agaete-besog\/\" data-type=\"post\" data-id=\"909\" target=\"_blank\" rel=\"noreferrer noopener\">Agaete<\/a> = 1 time<\/li>\n\n\n\n<li>Her er et kort, der kan hj\u00e6lpe dig med at finde vej:<\/li>\n<\/ul>\n\n<figure class=\"wp-block-image size-full\"><img decoding=\"async\" src=\"https:\/\/canarias-lovers.com\/wp-content\/uploads\/2026\/09\/kort-Cactualdea-Park-Gran-Canaria.jpg\" alt=\"Kort over Cactualdea Park p&#xE5; Gran Canaria\" class=\"wp-image-11141\"\/><figcaption class=\"wp-element-caption\">Kort: Cactualdea p\u00e5 \u00f8en Gran Canaria<\/figcaption><\/figure>\n\n<h3 class=\"wp-block-heading\">Hvordan kommer jeg derhen?<\/h3>\n\n<ul class=\"wp-block-list\">\n<li><strong>I bil:<\/strong> Det anbefales at k\u00f8re til Parc Cactualdea i bil. Ruten er let og godt skiltet fra Mog\u00e1n og La Aldea, og den sidste del kan tilbagel\u00e6gges uden problemer.<\/li>\n\n\n\n<li><strong>Med bus:<\/strong> Der k\u00f8rer ingen busser til parken<\/li>\n\n\n\n<li><strong>Til fods:<\/strong> Omr\u00e5dets beskaffenhed g\u00f8r det ikke nemt at komme dertil til fods fra de n\u00e6rliggende kommuner, i betragtning af afstandene og terr\u00e6net.<\/li>\n<\/ul>\n\n<figure class=\"wp-block-image size-large\"><img decoding=\"async\" src=\"https:\/\/res.cloudinary.com\/dr1k3muv9\/image\/upload\/e_enhance\/e_improve:outdoor:50\/e_contrast:level_35;type_sigmoidal\/e_vibrance:8\/e_saturation:8\/e_sharpen:15\/f_auto\/v1788420101\/Mogan-to-La-Aldea-blocs-region-Parc-Cactualdea-view-RNH.heic\" alt=\"Udsigt fra en bil p&#xE5; en vej, der f&#xF8;rer til Cactualdea-parken\"\/><\/figure>\n\n<h3 class=\"wp-block-heading\">Parkeringsplads<\/h3>\n\n<p class=\"wp-block-paragraph\">Der er gratis parkering p\u00e5 stedet for bes\u00f8gende.<\/p>\n\n<figure class=\"wp-block-image size-large\"><img decoding=\"async\" src=\"https:\/\/res.cloudinary.com\/dr1k3muv9\/image\/upload\/e_enhance\/e_improve:outdoor:50\/e_contrast:level_35;type_sigmoidal\/e_vibrance:8\/e_saturation:8\/e_sharpen:15\/f_auto\/v1788420104\/Mogan-to-La-Aldea-blocs-region-Lieu-AMD.heic\" alt=\"Cactualdea-parkeringspladsen med en let h&#xE6;ldning\"\/><\/figure>\n\n<div class=\"wp-block-genesis-blocks-gb-container box gb-block-container\" style=\"background-color:#fef0c3;margin-top:8%;margin-bottom:8%\"><div class=\"gb-container-inside\"><div class=\"gb-container-content\">\n<div class=\"wp-block-columns inverse box_planif is-layout-flex wp-container-core-columns-is-layout-8f761849 wp-block-columns-is-layout-flex\">\n<div class=\"wp-block-column texte_planif is-layout-flow wp-block-column-is-layout-flow\" style=\"flex-basis:60%\">\n<h5 class=\"titre_box\" style=\"padding-top:10px;\">VORES R\u00c5D TIL LEJE AF BIL P\u00c5 <span class=\"titre_box_manuscrit\">Gran Canaria<\/span><\/h5>\n\n\n\n<ul style=\"font-size:14px\" class=\"wp-block-list\">\n<li>Sammenlign priser p\u00e5 vores foretrukne platform: <a href=\"https:\/\/www.discovercars.com\/dk\/spain-canary-islands\/gran-canaria?a_aid=zigzag&amp;chan=CAL\" target=\"_blank\" rel=\"noreferrer noopener sponsored nofollow\">DiscoverCars<\/a> &#8211; en af de bedst bed\u00f8mte sider.<\/li>\n\n\n\n<li>Hvis du planl\u00e6gger at udforske bjergene, skal du ikke tage de <strong>mindste biler<\/strong>. En kraftigere motor vil v\u00e6re mere komfortabel.<\/li>\n\n\n\n<li>Men tag heller ikke en for stor bil, da nogle af vejene er smalle.<\/li>\n\n\n\n<li>Der er stor eftersp\u00f8rgsel, og det er en \u00f8, s\u00e5 <strong>book i god tid<\/strong>.<\/li>\n<\/ul>\n<\/div>\n\n\n\n<div class=\"wp-block-column planif-radius-2 is-layout-flow wp-block-column-is-layout-flow\">\n<figure class=\"wp-block-image size-large voiture_image\"><img decoding=\"async\" src=\"https:\/\/photos.smugmug.com\/Canarias-Lovers\/Gran-Canaria\/Driving\/i-FXBKL7Q\/1\/C432TQvrLtk7Fzt3jdL3g8XCdWtF4krHtKv9zvKg6\/S\/gran-Canaria-rental-car-driving-S.jpg\" alt=\"K&#xF8;rsel p&#xE5; Gran Canaria\"\/><\/figure>\n<\/div>\n<\/div>\n\n\n\n<div class=\"wp-block-columns planif_bouton is-layout-flex wp-container-core-columns-is-layout-8f761849 wp-block-columns-is-layout-flex\">\n<div class=\"wp-block-column is-vertically-aligned-top is-layout-flow wp-block-column-is-layout-flow\">\n<div class=\"wp-block-buttons is-content-justification-center is-layout-flex wp-container-core-buttons-is-layout-fe48e5de wp-block-buttons-is-layout-flex\">\n<div class=\"wp-block-button\"><a class=\"wp-block-button__link has-white-color has-text-color wp-element-button\" href=\"https:\/\/www.discovercars.com\/fr\/spain-canary-islands\/gran-canaria?a_aid=zigzag&amp;chan=CAL\" target=\"_blank\" rel=\"noreferrer noopener nofollow\">Se ledige biler &gt;&gt;<\/a><\/div>\n<\/div>\n<\/div>\n\n\n\n<div class=\"wp-block-column is-vertically-aligned-center is-layout-flow wp-block-column-is-layout-flow\">\n<p class=\"has-text-align-center wp-block-paragraph\" style=\"font-size:16px\"><a href=\"https:\/\/canarias-lovers.com\/da\/sadan-lejer-bil-gran-canaria-tips-erfaring\/\" target=\"_blank\" rel=\"noreferrer noopener\">L\u00e6s vores r\u00e5d<\/a><\/p>\n<\/div>\n<\/div>\n<\/div><\/div><\/div>\n\n<h2 class=\"wp-block-heading\"><span class=\"ez-toc-section\" id=\"Nyttige_tips_varighed_tidsplaner_maaltider%E2%80%A6\"><\/span>Nyttige tips: varighed, tidsplaner, m\u00e5ltider&#8230;<span class=\"ez-toc-section-end\"><\/span><\/h2>\n\n<h3 class=\"wp-block-heading\">Bedste tidspunkt at bes\u00f8ge<\/h3>\n\n<p class=\"wp-block-paragraph\">Om sommeren b\u00f8r man undg\u00e5 at v\u00e6re ude midt p\u00e5 dagen, da der er meget lidt skygge. Kaktus er ikke de planter, der giver mest skygge!<\/p>\n\n<h3 class=\"wp-block-heading\">Bes\u00f8gets l\u00e6ngde og de st\u00f8rste vanskeligheder<\/h3>\n\n<p class=\"wp-block-paragraph\">En rundvisning i Cactualdea-parken tager normalt <strong>omkring en time<\/strong>, hvis man g\u00e5r i roligt tempo. Ruten byder p\u00e5 <strong>lange og snoede stier<\/strong>, der indbyder til udforskning, men kr\u00e6ver en vis fysisk indsats.<\/p>\n\n<p class=\"wp-block-paragraph\">Bem\u00e6rk, at visse omr\u00e5der har <strong>stejle stigninger<\/strong> og stenede underlag, hvilket kan g\u00f8re det vanskeligt at f\u00e6rdes, is\u00e6r for personer med nedsat mobilitet. Vi anbefaler, at I tager passende fodt\u00f8j p\u00e5 og tager jer god tid, s\u00e5 I kan nyde stedet fuldt ud.<\/p>\n\n<figure class=\"wp-block-image size-large\"><img decoding=\"async\" src=\"https:\/\/res.cloudinary.com\/dr1k3muv9\/image\/upload\/e_enhance\/e_improve:outdoor:50\/e_contrast:level_35;type_sigmoidal\/e_vibrance:8\/e_saturation:8\/e_sharpen:15\/f_auto\/v1788420108\/Mogan-to-La-Aldea-blocs-region-Lieu-RY8.heic\" alt=\"Brostensbelagt sti med trapper med mellemrum\"\/><\/figure>\n\n<h3 class=\"wp-block-heading\">Bes\u00f8gets retning<\/h3>\n\n<p class=\"wp-block-paragraph\">Det bedste er at lade sig rive med af inspirationen, n\u00e5r man f\u00f8rst er kommet ind i kaktusomr\u00e5det.<\/p>\n\n<figure class=\"wp-block-image size-large\"><img decoding=\"async\" src=\"https:\/\/res.cloudinary.com\/dr1k3muv9\/image\/upload\/e_enhance\/e_improve:outdoor:50\/e_contrast:level_35;type_sigmoidal\/e_vibrance:8\/e_saturation:8\/e_sharpen:15\/f_auto\/v1788420111\/Mogan-to-La-Aldea-blocs-region-Parc-Cactualdea-map-ZM0.heic\" alt=\"kort over Cactuladea-parken\"\/><\/figure>\n\n<h3 class=\"wp-block-heading\">Bes\u00f8g med b\u00f8rn<\/h3>\n\n<p class=\"wp-block-paragraph\">Vi har ikke fundet nogen aktiviteter i <strong>Parc<\/strong> <strong>Cactualdea,<\/strong> der er m\u00e5lrettet b\u00f8rn <strong>,<\/strong> s\u00e5som et <strong>spilh\u00e6fte<\/strong> eller en tilpasset forhindringsbane. Til geng\u00e6ld kan b\u00f8rnene se dyr som \u00e6sler og p\u00e5fugle, og de har mulighed for at k\u00f8be foder for at komme t\u00e6ttere p\u00e5 dem. Bem\u00e6rk, at de udend\u00f8rs stier er udsat for sol, hvilket kr\u00e6ver en vis opm\u00e6rksomhed.<\/p>\n\n<figure class=\"wp-block-image size-large\"><img decoding=\"async\" src=\"https:\/\/res.cloudinary.com\/dr1k3muv9\/image\/upload\/e_enhance\/e_improve:outdoor:50\/e_contrast:level_35;type_sigmoidal\/e_vibrance:8\/e_saturation:8\/e_sharpen:15\/f_auto\/v1788420114\/Mogan-to-La-Aldea-blocs-region-Lieu-JTF.heic\" alt=\"sorte og hvide &#xE6;nder med r&#xF8;de masker\"\/><\/figure>\n\n<h3 class=\"wp-block-heading\">\u00c5bningstider og priser<\/h3>\n\n<ul class=\"wp-block-list\">\n<li><strong>\u00c5bningstider:<\/strong> Hver dag fra kl. 10.30 til 17.00<\/li>\n\n\n\n<li><strong>Lukning:<\/strong> Ingen<\/li>\n\n\n\n<li><strong>Pris for voksne:<\/strong> 9,50 \u20ac<\/li>\n\n\n\n<li><strong>Rabatpris:<\/strong><br\/>B\u00f8rn (10\u201316 \u00e5r): 5,00 \u20ac<br\/>Pensionister: 6,00 \u20ac<\/li>\n\n\n\n<li><strong>Gratis adgang:<\/strong> B\u00f8rn (0\u201310 \u00e5r): gratis<\/li>\n\n\n\n<li><strong>Telefon:<\/strong> +34 928 89 12 28<\/li>\n\n\n\n<li>Se de seneste nyheder p\u00e5 den officielle hjemmeside <a href=\"http:\/\/www.cactualdeapark.es\/\" target=\"_blank\" rel=\"nofollow noopener\">her<\/a>.<\/li>\n\n\n\n<li><a href=\"http:\/\/www.cactualdeapark.es\/\" target=\"_blank\" rel=\"sponsored nofollow noopener\">Spar tid, k\u00f8b din billet<\/a>.<\/li>\n<\/ul>\n\n<h3 class=\"wp-block-heading\">Overnatning og forplejning<\/h3>\n\n<ul class=\"wp-block-list\">\n<li>Der er ingen overnatningsmuligheder i parken<\/li>\n\n\n\n<li>Restaurant og snackbar midt i parken<\/li>\n<\/ul>\n\n<figure class=\"wp-block-image size-large\"><img decoding=\"async\" src=\"https:\/\/res.cloudinary.com\/dr1k3muv9\/image\/upload\/e_enhance\/e_improve:outdoor:50\/e_contrast:level_35;type_sigmoidal\/e_vibrance:8\/e_saturation:8\/e_sharpen:15\/f_auto\/v1788420118\/Mogan-to-La-Aldea-blocs-region-Lieu-SXO.heic\" alt=\"tr&#xE6;terrasse med tag, borde og stole, h&#xE6;ngende planter, folk der sidder, udend&#xF8;rsomr&#xE5;de med hvide parasoller, t&#xE6;t gr&#xF8;n bevoksning, stenv&#xE6;g i baggrunden, sollys der kaster skygger\"\/><\/figure>\n\n<div class=\"wp-block-genesis-blocks-gb-container box gb-block-container\" style=\"background-color:#fefefe;margin-top:6%;margin-bottom:6%\"><div class=\"gb-container-inside\"><div class=\"gb-container-content\" style=\"max-width:700px\">\n<div class=\"wp-block-columns inverse is-layout-flex wp-container-core-columns-is-layout-8f761849 wp-block-columns-is-layout-flex\">\n<div class=\"wp-block-column texte_planif is-layout-flow wp-block-column-is-layout-flow\" style=\"flex-basis:58%\">\n<h5 class=\"titre_box\">lidt mere <span class=\"titre_box_manuscrit\">t\u00e5lmodighed<\/span><\/h5>\n\n\n\n<p class=\"wp-block-paragraph\" style=\"font-size:14px\">Alle de fotos, kort, informationer og nyttige adresser, du skal bruge for at f\u00e5 mest muligt ud af <strong>dit ophold p\u00e5 De Kanariske \u00d8er<\/strong>, vil <strong>snart<\/strong> v\u00e6re tilg\u00e6ngelige i en enkelt e-bog!<\/p>\n<\/div>\n\n\n\n<div class=\"wp-block-column is-layout-flow wp-block-column-is-layout-flow\" style=\"flex-basis:42%\">\n<div class=\"wp-block-genesis-blocks-gb-container ebook-radius-waitlist gb-block-container\"><div class=\"gb-container-inside\"><div class=\"gb-container-content\"><div class=\"wp-block-image ebook-image\">\n<figure class=\"aligncenter size-large\"><img decoding=\"async\" src=\"https:\/\/loirelovers.fr\/wp-content\/uploads\/2023\/03\/ebooks_CorseNormandie_FR.png\" alt=\"Box Ebook Korsika FR\"\/><\/figure>\n<\/div><\/div><\/div><\/div>\n<\/div>\n<\/div>\n<\/div><\/div><\/div>\n\n<h2 class=\"wp-block-heading\"><span class=\"ez-toc-section\" id=\"Kaktussamlinger_paa_vulkanske_terrasser\"><\/span>Kaktussamlinger p\u00e5 vulkanske terrasser<span class=\"ez-toc-section-end\"><\/span><\/h2>\n\n<h3 class=\"wp-block-heading\">Over 1 000 arter af kaktus og andre planter<\/h3>\n\n<p class=\"wp-block-paragraph\">Cactualdea-parken rummer en imponerende samling p\u00e5 over <strong>1 000 kaktusarter<\/strong>, der er tilpasset det t\u00f8rre klima p\u00e5 Gran Canaria. Disse planter stammer fra forskellige regioner rundt om i verden, hvilket giver parken en bem\u00e6rkelsesv\u00e6rdig <strong>botanisk mangfoldighed<\/strong> og giver bes\u00f8gende mulighed for at opleve en r\u00e6kke forskellige \u00f8kosystemer.<\/p>\n\n<figure class=\"wp-block-image size-large\"><img decoding=\"async\" src=\"https:\/\/res.cloudinary.com\/dr1k3muv9\/image\/upload\/e_enhance\/e_improve:outdoor:50\/e_contrast:level_35;type_sigmoidal\/e_vibrance:8\/e_saturation:8\/e_sharpen:15\/f_auto\/v1788420121\/Mogan-to-La-Aldea-blocs-region-Parc-Cactualdea-NUI.heic\" alt=\"En t&#xE6;t gruppe af Opuntia-kaktus i fuld sol\"\/><\/figure>\n\n<p class=\"wp-block-paragraph\">Ud over kaktusene byder parken ogs\u00e5 p\u00e5 en r\u00e6kke andre sukkulenter, herunder <strong>palmer<\/strong>, <strong>dragetr\u00e6er<\/strong> og <strong>aloe<\/strong>. Disse arter supplerer samlingen p\u00e5 harmonisk vis og illustrerer den store mangfoldighed af planters tilpasninger til t\u00f8rre milj\u00f8er.<\/p>\n\n<figure class=\"wp-block-image size-large\"><img decoding=\"async\" src=\"https:\/\/res.cloudinary.com\/dr1k3muv9\/image\/upload\/e_enhance\/e_improve:outdoor:50\/e_contrast:level_35;type_sigmoidal\/e_vibrance:8\/e_saturation:8\/e_sharpen:15\/f_auto\/v1788420124\/Mogan-to-La-Aldea-blocs-region-Lieu-IVJ.heic\" alt=\"en kaktushave med forskellige runde og s&#xF8;jleformede kaktusarter, m&#xF8;rk jord, spredte sten, nogle sukkulenter, st&#xE6;rkt sollys, der kaster skygger, ingen mennesker at se\"\/><\/figure>\n\n<h3 class=\"wp-block-heading\">Stierne af pic\u00f3n og t\u00f8rstensmurene<\/h3>\n\n<p class=\"wp-block-paragraph\">Cactualdea-parken bygger p\u00e5 en <strong>terrasseanl\u00e6g<\/strong>, der blev anlagt i 1990\u2019erne, og som f\u00f8lger omr\u00e5dets naturlige topografi. Denne opdeling i successive niveauer g\u00f8r det lettere at fremh\u00e6ve plantesamlingerne og begr\u00e6nser samtidig erosion.  <\/p>\n\n<p class=\"wp-block-paragraph\"><strong>De st\u00f8ttemure<\/strong>, der afgr\u00e6nser disse terrasser, er opf\u00f8rt efter den traditionelle <strong>kanariske t\u00f8rstensteknik<\/strong>, hvor der udelukkende anvendes lokal basalt og lavasten uden noget bindemiddel. Denne \u00e5rhundredgamle h\u00e5ndv\u00e6rkskunst bidrager til parkens visuelle og kulturelle identitet.<\/p>\n\n<figure class=\"wp-block-image size-large\"><img decoding=\"async\" src=\"https:\/\/res.cloudinary.com\/dr1k3muv9\/image\/upload\/e_enhance\/e_improve:outdoor:50\/e_contrast:level_35;type_sigmoidal\/e_vibrance:8\/e_saturation:8\/e_sharpen:15\/f_auto\/v1788420128\/Mogan-to-La-Aldea-blocs-region-Parc-Cactualdea-SBR.heic\" alt=\"Smal all&#xE9; med stenmur og stor dekorativ vase med et tr&#xE6;\"\/><\/figure>\n\n<p class=\"wp-block-paragraph\"><strong>Stierne i parken<\/strong> er belagt med pic\u00f3n, en por\u00f8s vulkansk sten, der er typisk for De Kanariske \u00d8er. Dette m\u00f8rke og kornede materiale spiller en vigtig funktionel rolle: Det sikrer en god <strong>afledning<\/strong> af regnvand og begr\u00e6nser fordampningen, hvilket er afg\u00f8rende i dette t\u00f8rre klima. Det er ogs\u00e5 en god grund til at have lukkede sko p\u00e5, for de sm\u00e5 lavsten er ikke behagelige, n\u00e5r de glider ind under f\u00f8dderne!<\/p>\n\n<figure class=\"wp-block-image size-large\"><img decoding=\"async\" src=\"https:\/\/res.cloudinary.com\/dr1k3muv9\/image\/upload\/e_enhance\/e_improve:outdoor:50\/e_contrast:level_35;type_sigmoidal\/e_vibrance:8\/e_saturation:8\/e_sharpen:15\/f_auto\/v1788420131\/Mogan-to-La-Aldea-blocs-region-Parc-Cactualdea-F4K.heic\" alt=\"Grupper af sm&#xE5; kaktus placeret p&#xE5; en stenet jordbund\"\/><\/figure>\n\n<p class=\"wp-block-paragraph\">Denne kombination af lokale materialer og traditionelle teknikker er en del af en tilgang til byplanl\u00e6gning, der tager hensyn til omr\u00e5det og dets historie.  <\/p>\n\n<div class=\"wp-block-genesis-blocks-gb-container box gb-block-container\" style=\"background-color:#fef0c3;margin-top:8%;margin-bottom:8%\"><div class=\"gb-container-inside\"><div class=\"gb-container-content\">\n<div class=\"wp-block-columns inverse is-layout-flex wp-container-core-columns-is-layout-8f761849 wp-block-columns-is-layout-flex\">\n<div class=\"wp-block-column texte_planif is-layout-flow wp-block-column-is-layout-flow\" style=\"flex-basis:58%\">\n<h5 class=\"titre_box\" style=\"padding-top:10px\">SJOV p\u00e5 Gran Canaria<span class=\"titre_box_manuscrit\">:aktiviteter<\/span><\/h5>\n\n\n\n<p class=\"wp-block-paragraph\" style=\"font-size:16px\"><a href=\"https:\/\/www.getyourguide.dk\/s\/?q=Gran+Canaria+dauphins&amp;searchSource=3&amp;partner_id=R3GYW4V&amp;cmp=CAL\" target=\"_blank\" rel=\"noreferrer noopener sponsored nofollow\">Delfin-safari<\/a><br\/><a href=\"https:\/\/www.getyourguide.dk\/grande-canarie-l418\/grande-canarie-circuit-guide-en-buggy-t212850\/?partner_id=R3GYW4V&amp;cmp=CAL\" target=\"_blank\" rel=\"noreferrer noopener sponsored nofollow\">Buggy \/ Quad<\/a><br\/><a href=\"https:\/\/www.getyourguide.dk\/grande-canarie-l418\/las-palmas-sortie-de-snorkeling-de-3-h-a-las-canteras-t214674\/?partner_id=R3GYW4V&amp;cmp=CAL\" target=\"_blank\" rel=\"noreferrer noopener sponsored nofollow\">Snorkling<\/a><br\/><a href=\"https:\/\/www.getyourguide.dk\/grande-canarie-l418\/las-palmas-excursion-en-kayak-au-coucher-du-soleil-et-plongee-en-apnee-t427329\/?partner_id=R3GYW4V&amp;cmp=CAL\" target=\"_blank\" rel=\"noreferrer noopener sponsored nofollow\">Kajaksejlads i Mogan-grotterne<\/a><br\/>Men ogs\u00e5: Canyoning, Ridning, Via Ferrata, Coasteering &#8230;  <a href=\"https:\/\/www.getyourguide.dk\/s?q=Gran+Canaria&amp;searchSource=8&amp;themes=adrenaline-water_sports-water_activities&amp;partner_id=R3GYW4V&amp;cmp=CAL\" target=\"_blank\" rel=\"noreferrer noopener sponsored nofollow\">Se alle muligheder<\/a><br\/><\/p>\n<\/div>\n\n\n\n<div class=\"wp-block-column ville-radius is-layout-flow wp-block-column-is-layout-flow\" style=\"flex-basis:42%\">\n<figure class=\"wp-block-image size-large img-portrait\"><img decoding=\"async\" src=\"https:\/\/photos.smugmug.com\/Canarias-Lovers\/Gran-Canaria\/Dolphins\/i-jm9TqbK\/0\/FfCW9g6J4ktRThBvpCKBJj4hF9RmM25RzS56zgJqN\/S\/Gran-Canaria-dolphins-S.jpg\" alt=\"Delfiner p&#xE5; Gran Canaria\" title=\"\"\/><\/figure>\n<\/div>\n<\/div>\n<\/div><\/div><\/div>\n\n<h2 class=\"wp-block-heading\"><span class=\"ez-toc-section\" id=\"Hoejdepunkter_fra_de_kanariske_oeers_historie_og_traditioner\"><\/span>H\u00f8jdepunkter fra de kanariske \u00f8ers historie og traditioner<span class=\"ez-toc-section-end\"><\/span><\/h2>\n\n<h3 class=\"wp-block-heading\">Guanche-hule-rekonstruktionen<\/h3>\n\n<p class=\"wp-block-paragraph\">Midt i Cactualdea-parken giver <strong>repliken af en guanche-hule<\/strong> et konkret indblik i Gran Canarias menneskelige historie. Denne rekonstruktion viser den traditionelle beboelse hos guancherne, \u00f8ens f\u00f8rste indbyggere, der var kendt for deres liv i huleboliger. Den er en del af den botaniske rundvisning og beriger bes\u00f8get ved at kombinere oplevelsen af floraen med en kulturel oplevelse.<\/p>\n\n<figure class=\"wp-block-image size-large\"><img decoding=\"async\" src=\"https:\/\/res.cloudinary.com\/dr1k3muv9\/image\/upload\/e_enhance\/e_improve:outdoor:50\/e_contrast:level_35;type_sigmoidal\/e_vibrance:8\/e_saturation:8\/e_sharpen:15\/f_auto\/v1788420135\/Mogan-to-La-Aldea-blocs-region-Parc-Cactualdea-interior-39S.heic\" alt=\"Indersiden af en hule med oplyste gamle keramikgenstande\"\/><\/figure>\n\n<p class=\"wp-block-paragraph\">Denne udstilling giver et indblik i, hvordan guancherne udnyttede det naturlige milj\u00f8, is\u00e6r klippeformationerne, til at s\u00f8ge ly. Vi har fundet ud af, at denne replik tilf\u00f8rer bes\u00f8get en ekstra dimension.<\/p>\n\n<h3 class=\"wp-block-heading\">Amfiteatret og den kanariske brydning<\/h3>\n\n<p class=\"wp-block-paragraph\">Midt i Cactualdea-parken ligger et <strong>amfiteater<\/strong>, der er dedikeret til den <strong>kanariske brydning<\/strong>, en traditionel sport, der er dybt forankret i kulturen p\u00e5 De Kanariske \u00d8er. Dette anl\u00e6g tilbyder et rum, hvor bes\u00f8gende kan overv\u00e6re <strong>demonstrationer<\/strong> og forestillinger, hvilket bidrager til en bedre forst\u00e5else af denne lokale praksis.<\/p>\n\n<figure class=\"wp-block-image size-large\"><img decoding=\"async\" src=\"https:\/\/res.cloudinary.com\/dr1k3muv9\/image\/upload\/e_enhance\/e_improve:outdoor:50\/e_contrast:level_35;type_sigmoidal\/e_vibrance:8\/e_saturation:8\/e_sharpen:15\/f_auto\/v1788420141\/Mogan-to-La-Aldea-blocs-region-Parc-Cactualdea-W3S.heic\" alt=\"Udend&#xF8;rs amfiteater med mosaikker og v&#xE6;gdekorationer\"\/><\/figure>\n\n<p class=\"wp-block-paragraph\">Amfiteatret smelter harmonisk ind i landskabet i de botaniske haver og forener dermed naturarven med en levende folkelig tradition. Nyd farverne og omgivelserne.<\/p>\n\n<h3 class=\"wp-block-heading\">Skjoldlusens landbrugsm\u00e6ssige betydning<\/h3>\n\n<p class=\"wp-block-paragraph\">Mellem <strong>1820 og 1870<\/strong> oplevede opdr\u00e6t af skildlus en kraftig fremgang p\u00e5 Gran Canaria og blev en vigtig \u00f8konomisk ressource. Dette lille insekt, der blev indsamlet p\u00e5 <strong>kaktusfigen<\/strong>, gjorde det muligt at udvinde et <strong>naturligt<\/strong>, knaldr\u00f8dt <strong>farvestof<\/strong>, karmin, som var meget eftertragtet i Europa til farvning af tekstiler.<\/p>\n\n<figure class=\"wp-block-image size-large\"><img decoding=\"async\" src=\"https:\/\/res.cloudinary.com\/dr1k3muv9\/image\/upload\/e_enhance\/e_improve:outdoor:50\/e_contrast:level_35;type_sigmoidal\/e_vibrance:8\/e_saturation:8\/e_sharpen:15\/f_auto\/v1788420144\/Mogan-to-La-Aldea-blocs-region-Parc-Cactualdea-6P0.heic\" alt=\"Geometrisk v&#xE6;gmaleri i r&#xF8;dt, sort og hvidt p&#xE5; en stenv&#xE6;g\"\/><\/figure>\n\n<p class=\"wp-block-paragraph\">Indsamlingen af skildlus baserede sig p\u00e5 pr\u00e6cise <strong>traditionelle landbrugsteknikker<\/strong>: Insekterne blev plukket i h\u00e5nden fra kaktusbladene og derefter t\u00f8rret, inden de blev forarbejdet til pigment. Denne viden afspejler en lokal tilpasning til \u00f8ens t\u00f8rre milj\u00f8, hvor der l\u00e6gges v\u00e6gt p\u00e5 t\u00f8rkebestandige afgr\u00f8der.<\/p>\n\n<figure class=\"wp-block-image size-large\"><img decoding=\"async\" src=\"https:\/\/res.cloudinary.com\/dr1k3muv9\/image\/upload\/e_enhance\/e_improve:outdoor:50\/e_contrast:level_35;type_sigmoidal\/e_vibrance:8\/e_saturation:8\/e_sharpen:15\/f_auto\/v1788420147\/Mogan-to-La-Aldea-blocs-region-Parc-Cactualdea-L0T.heic\" alt=\"Kaktus med r&#xF8;de frugter i t&#xF8;r, stenet jord\"\/><\/figure>\n\n<p class=\"wp-block-paragraph\">I <strong>Cactualdea-parken<\/strong> fremh\u00e6ves denne arv gennem udstillingen af talrige kaktusarter, herunder <strong>figen<\/strong> kaktussen <strong>.<\/strong> Havens tematiske stier giver et indblik i disse gamle landbrugsmetoder og giver dermed mulighed for at fordybe sig i <strong>Gran<\/strong> Canarias landlige historie.<\/p>\n\n<h2 class=\"wp-block-heading\"><span class=\"ez-toc-section\" id=\"En_tur_i_det_fri_med_mange_dyr_undervejs\"><\/span>En tur i det fri med mange dyr undervejs<span class=\"ez-toc-section-end\"><\/span><\/h2>\n\n<p class=\"wp-block-paragraph\">I Cactualdea-parken kan I se <strong>p\u00e5fugle<\/strong> og kanariefugle, der f\u00e6rdes frit i haverne. Deres tilstedev\u00e6relse giver promenaden et livligt pr\u00e6g og byder p\u00e5 enest\u00e5ende muligheder for at observere dyrelivet for b\u00e5de store og sm\u00e5.  <\/p>\n\n<figure class=\"wp-block-image size-large\"><img decoding=\"async\" src=\"https:\/\/res.cloudinary.com\/dr1k3muv9\/image\/upload\/e_enhance\/e_improve:outdoor:50\/e_contrast:level_35;type_sigmoidal\/e_vibrance:8\/e_saturation:8\/e_sharpen:15\/f_auto\/v1788420151\/Mogan-to-La-Aldea-blocs-region-Lieu-2LB.heic\" alt=\"en moskusand, der st&#xE5;r p&#xE5; en stenbelagt overflade, set fra siden, med sorte og hvide fjer, r&#xF8;d ansigtshud, baggrund med struktureret stenbel&#xE6;gning, ingen mennesker\"\/><\/figure>\n\n<p class=\"wp-block-paragraph\">Parkens <strong>\u00e6sler<\/strong> deler ogs\u00e5 dette omr\u00e5de. Deres rolige v\u00e6sen og n\u00e6rhed til de bes\u00f8gende skaber en hyggelig stemning, som is\u00e6r familier s\u00e6tter stor pris p\u00e5.  <\/p>\n\n<p class=\"wp-block-paragraph\">For at sikre en respektfuld omgang med dyrene uddeler parken ved indgangen <strong>poser med foder<\/strong>, der er specielt beregnet til dyrene. Denne foranstaltning sikrer en passende ern\u00e6ring og forhindrer risici forbundet med uegnet foder. Det er vigtigt at overholde <strong>de<\/strong> fastsatte <strong>adf\u00e6rdsregler<\/strong>: Man m\u00e5 ikke forf\u00f8lge eller forstyrre dyrene og m\u00e5 kun give dem den mad, der er beregnet til dem.  <\/p>\n\n<figure class=\"wp-block-image size-large\"><img decoding=\"async\" src=\"https:\/\/res.cloudinary.com\/dr1k3muv9\/image\/upload\/e_enhance\/e_improve:outdoor:50\/e_contrast:level_35;type_sigmoidal\/e_vibrance:8\/e_saturation:8\/e_sharpen:15\/f_auto\/v1788420154\/Mogan-to-La-Aldea-blocs-region-Parc-Cactualdea-map-UDI.heic\" alt=\"Et &#xE6;sel i en indhegning med en h&#xF8;ne i baggrunden\"\/><\/figure>\n\n<h2 class=\"wp-block-heading\"><span class=\"ez-toc-section\" id=\"Synspunkter\"><\/span>Synspunkter<span class=\"ez-toc-section-end\"><\/span><\/h2>\n\n<p class=\"wp-block-paragraph\">Der er flere udsigtspunkter i parken, hvorfra man kan beundre de terrasserede haver og de omkringliggende bjerge. Disse udsigtspunkter byder p\u00e5 forskellige udsigtsvinkler, hvilket g\u00f8r det lettere at tage gode billeder. For at f\u00e5 det fulde udbytte af lysspillet anbefaler vi et bes\u00f8g sidst <strong>p\u00e5 eftermiddagen,<\/strong> n\u00e5r solen fremh\u00e6ver kaktusenes strukturer og vulkanens konturer.<\/p>\n\n<figure class=\"wp-block-image size-large\"><img decoding=\"async\" src=\"https:\/\/res.cloudinary.com\/dr1k3muv9\/image\/upload\/e_enhance\/e_improve:outdoor:50\/e_contrast:level_35;type_sigmoidal\/e_vibrance:8\/e_saturation:8\/e_sharpen:15\/f_auto\/v1788420158\/Mogan-to-La-Aldea-blocs-region-Lieu-F1Q.heic\" alt=\"kaktushave med forskellige h&#xF8;je og runde kaktusser, t&#xF8;r, stenet jord, bjergk&#xE6;de i baggrunden, klar bl&#xE5; himmel, naturligt sollys, ingen mennesker\"\/><\/figure>\n\n<h2 class=\"wp-block-heading\"><span class=\"ez-toc-section\" id=\"Historien_i_korte_traek\"><\/span>Historien i korte tr\u00e6k<span class=\"ez-toc-section-end\"><\/span><\/h2>\n\n<p class=\"wp-block-paragraph\">Cactualdea-parken blev anlagt i <strong>1995<\/strong> af familien Beisel, der br\u00e6nder for botanik og \u00f8nsker at fremh\u00e6ve den t\u00f8rre flora i al sin rigdom. Dette projekt er et led i bestr\u00e6belserne p\u00e5 at skabe en unik have p\u00e5 Gran Canaria, der prim\u00e6rt er dedikeret til <strong>kaktus<\/strong> og sukkulenter, der er tilpasset det lokale klima.<\/p>\n\n<p class=\"wp-block-paragraph\">Valget af La Aldea de San Nicol\u00e1s som placering for parken er ikke tilf\u00e6ldigt: denne kommune har et <strong>t\u00f8rt klima<\/strong>, der er gunstigt for disse arter, og kan prale af en solid landbrugstradition. Parken har s\u00e5ledes til form\u00e5l at skabe en forbindelse mellem den lokale natur og den regionale \u00f8konomi ved at tiltr\u00e6kke bes\u00f8gende og st\u00f8tte udviklingen af turismen.<\/p>\n\n<figure class=\"wp-block-image size-large\"><img decoding=\"async\" src=\"https:\/\/res.cloudinary.com\/dr1k3muv9\/image\/upload\/e_enhance\/e_improve:outdoor:50\/e_contrast:level_35;type_sigmoidal\/e_vibrance:8\/e_saturation:8\/e_sharpen:15\/f_auto\/v1788420162\/Mogan-to-La-Aldea-blocs-region-Parc-Cactualdea-BTD.heic\" alt=\"Et tr&#xE6;skilt med p&#xE5;skriften &#xBB;Bodega Cueva&#xAB; p&#xE5; en stenmur med kaktus.\"\/><\/figure>\n\n<h2 class=\"wp-block-heading\"><span class=\"ez-toc-section\" id=\"Ofte_stillede_spoergsmaal\"><\/span>Ofte stillede sp\u00f8rgsm\u00e5l<span class=\"ez-toc-section-end\"><\/span><\/h2>\n\n<h3 class=\"wp-block-heading\">Er Cactualdea-parken tilg\u00e6ngelig for personer med nedsat mobilitet?<\/h3>\n\n<p class=\"wp-block-paragraph\"><strong>Cactualdea-parken<\/strong> har handicapvenlige faciliteter, men visse omr\u00e5der kan udg\u00f8re en udfordring for personer med nedsat mobilitet p\u00e5 grund af stenede stier og stejle skr\u00e5ninger. Vi anbefaler, at du kontakter parken inden dit bes\u00f8g for at h\u00f8re om de relevante tilbud og planl\u00e6gge din rundtur bedst muligt, is\u00e6r hvis du bruger k\u00f8restol eller har brug for s\u00e6rlig assistance.<\/p>\n\n<figure class=\"wp-block-image size-large\"><img decoding=\"async\" src=\"https:\/\/res.cloudinary.com\/dr1k3muv9\/image\/upload\/e_enhance\/e_improve:outdoor:50\/e_contrast:level_35;type_sigmoidal\/e_vibrance:8\/e_saturation:8\/e_sharpen:15\/f_auto\/v1788420166\/Mogan-to-La-Aldea-blocs-region-Parc-Cactualdea-GHI.heic\" alt=\"En stenbelagt sti omgivet af kaktus og palmer i en &#xF8;rkenpark\"\/><\/figure>\n\n<div style=\"margin-top:8%;margin-bottom:8%\" class=\"wp-block-genesis-blocks-gb-container box gb-block-container\"><div class=\"gb-container-inside\"><div class=\"gb-container-content\" style=\"max-width:700px\">\n<div class=\"wp-block-genesis-blocks-gb-container box_titre gb-block-container\"><div class=\"gb-container-inside\"><div class=\"gb-container-content\">\n<h5 class=\"titre_box\"><span>PLANL\u00c6G<\/span> DIN REJSE TIL <span class=\"titre_box_manuscrit\">Gran Canaria<\/span><\/h5>\n<\/div><\/div><\/div>\n\n\n\n<hr class=\"wp-block-separator has-text-color has-alpha-channel-opacity has-background is-style-wide hr-box-planif\" style=\"background-color:#ccd3dd;color:#ccd3dd\"\/>\n\n\n\n<div class=\"wp-block-columns box_sans_border is-layout-flex wp-container-core-columns-is-layout-8f761849 wp-block-columns-is-layout-flex\">\n<div class=\"wp-block-column texte_planif is-layout-flow wp-block-column-is-layout-flow\" style=\"font-size:14px;flex-basis:60%\">\n<ul class=\"wp-block-list\">\n<li><strong>Best-of<\/strong><\/li>\n<\/ul>\n\n\n\n<p class=\"ul_box wp-block-paragraph\" style=\"font-size:14px\"><a href=\"https:\/\/canarias-lovers.com\/da\/sevaerdigheder-gran-canaria-besog\/\" target=\"_blank\" rel=\"noreferrer noopener\">Sev\u00e6rdigheder p\u00e5 Gran Canaria<\/a><br\/><a href=\"https:\/\/canarias-lovers.com\/da\/landskaber-gran-canaria-fotos\/\" target=\"_blank\" rel=\"noreferrer noopener\">De smukkeste landskaber<\/a><br\/><a href=\"https:\/\/canarias-lovers.com\/da\/bedste-byer-gran-canaria-landsbyer\/\" target=\"_blank\" rel=\"noreferrer noopener\">De smukkeste byer og landsbyer<\/a><br\/><a href=\"https:\/\/canarias-lovers.com\/da\/bedste-strande-gran-canaria\/\" target=\"_blank\" rel=\"noreferrer noopener\">De smukkeste strande<\/a><br\/><a href=\"https:\/\/canarias-lovers.com\/da\/naturlige-pools-gran-canaria-laguner\/\" target=\"_blank\" rel=\"noreferrer noopener\">De bedste naturlige bassiner<\/a><br\/><a href=\"https:\/\/canarias-lovers.com\/da\/arkaeologiske-steder-gran-canaria\/\" target=\"_blank\" rel=\"noreferrer noopener\">Ark\u00e6ologiske steder<\/a><br\/><a href=\"https:\/\/canarias-lovers.com\/da\/bedste-museer-gran-canaria\/\" target=\"_blank\" rel=\"noreferrer noopener\">De bedste museer<\/a><br\/><a href=\"https:\/\/canarias-lovers.com\/da\/meilleures-excursions-bateau-gran-canaria-2\/\" target=\"_blank\" rel=\"noreferrer noopener\">De bedste b\u00e5dture<\/a><br\/><a href=\"https:\/\/canarias-lovers.com\/da\/hemmelige-steder-gran-canaria-skjulte-perler\/\" target=\"_blank\" rel=\"noreferrer noopener\">Hemmelige steder uden for alfarvej<\/a><\/p>\n<\/div>\n\n\n\n<div class=\"wp-block-column is-vertically-aligned-top planif-radius is-layout-flow wp-block-column-is-layout-flow\" style=\"flex-basis:40%\">\n<figure class=\"wp-block-image size-large img-portrait\"><img decoding=\"async\" src=\"https:\/\/photos.smugmug.com\/Canarias-Lovers\/Gran-Canaria\/Best-of\/i-8qV2fwm\/0\/98eb2a07\/S\/Roque-Nublo-S.jpg\" alt=\"Roque Nublo\" title=\"\"\/><\/figure>\n<\/div>\n<\/div>\n\n\n\n<hr class=\"wp-block-separator has-text-color has-alpha-channel-opacity has-background is-style-wide hr-box-planif\" style=\"background-color:#ccd3dd;color:#ccd3dd\"\/>\n\n\n\n<div class=\"wp-block-columns box_sans_border is-layout-flex wp-container-core-columns-is-layout-8f761849 wp-block-columns-is-layout-flex\">\n<div class=\"wp-block-column texte_planif is-layout-flow wp-block-column-is-layout-flow\" style=\"flex-basis:60%\">\n<ul class=\"wp-block-list\">\n<li><strong>Praktiske r\u00e5d<\/strong><\/li>\n<\/ul>\n\n\n\n<p class=\"wp-block-paragraph\" style=\"font-size:14px\"><a href=\"https:\/\/canarias-lovers.com\/da\/rejseguide-gran-canaria-rejsetips\/\" target=\"_blank\" rel=\"noreferrer noopener\">25 tips til en vellykket rejse til Gran Canaria<\/a><br\/><a href=\"https:\/\/canarias-lovers.com\/da\/bedste-rejsetidspunkt-gran-canaria-vejret\/\" target=\"_blank\" rel=\"noreferrer noopener\">Hvorn\u00e5r skal du tage af sted?<\/a><\/p>\n\n\n\n<p class=\"wp-block-paragraph\" style=\"font-size:14px\"><a href=\"https:\/\/canarias-lovers.com\/da\/at-komme-rundt-gran-canaria-transport\/\" target=\"_blank\" rel=\"noreferrer noopener\">S\u00e5dan kommer du rundt<\/a><br\/><a href=\"https:\/\/canarias-lovers.com\/da\/sadan-lejer-bil-gran-canaria-tips-erfaring\/\" target=\"_blank\" rel=\"noreferrer noopener\">S\u00e5dan lejer du en bil p\u00e5 Gran Canaria<\/a><br\/><a href=\"https:\/\/canarias-lovers.com\/da\/korsel-gran-canaria-tips\/\" target=\"_blank\" rel=\"noreferrer noopener\">K\u00f8retips<\/a><br\/><a href=\"https:\/\/canarias-lovers.com\/da\/meilleures-excursions-gran-canaria-2\/\" target=\"_blank\" rel=\"noreferrer noopener\">De bedste udflugter<\/a><\/p>\n\n\n\n<p class=\"wp-block-paragraph\" style=\"font-size:14px\">Rejseruter: 3 dage &#8211; 4 dage &#8211; <a href=\"https:\/\/canarias-lovers.com\/da\/besog-5-dage-gran-canaria-rejseplan\/\" target=\"_blank\" rel=\"noreferrer noopener\">5 dage<\/a> &#8211; <a href=\"https:\/\/canarias-lovers.com\/da\/besog-6-dage-gran-canaria-rejseplaner\/\" target=\"_blank\" rel=\"noreferrer noopener\">6 dage<\/a> &#8211; <a href=\"https:\/\/canarias-lovers.com\/da\/besog-gran-canaria-en-uge-rejseplan\/\" target=\"_blank\" rel=\"noreferrer noopener\">7 dage<\/a> &#8211; <a href=\"https:\/\/canarias-lovers.com\/da\/besog-10-dage-gran-canaria-rejseplan\/\" target=\"_blank\" rel=\"noreferrer noopener\">10 dage<\/a><\/p>\n\n\n\n<p class=\"wp-block-paragraph\" style=\"font-size:14px\"><a href=\"https:\/\/canarias-lovers.com\/da\/hvor-skal-bo-gran-canaria-bedste-omrader\/\" target=\"_blank\" rel=\"noreferrer noopener\">Hvor kan man bo p\u00e5 Gran Canaria?<\/a><\/p>\n<\/div>\n\n\n\n<div class=\"wp-block-column is-vertically-aligned-top planif-radius is-layout-flow wp-block-column-is-layout-flow\" style=\"flex-basis:40%\">\n<figure class=\"wp-block-image size-large img-portrait\"><img decoding=\"async\" src=\"https:\/\/photos.smugmug.com\/Canarias-Lovers\/Gran-Canaria\/Driving\/i-rqnNnCs\/1\/4b657343\/S\/gran-Canaria-rental-car-driving-3-S.jpg\" alt=\"Biludlejning Gran Canaria\" title=\"\"\/><\/figure>\n<\/div>\n<\/div>\n\n\n\n<hr class=\"wp-block-separator has-text-color has-alpha-channel-opacity has-background is-style-wide hr-box-planif\" style=\"background-color:#ccd3dd;color:#ccd3dd\"\/>\n\n\n\n<div class=\"wp-block-columns box_sans_border is-layout-flex wp-container-core-columns-is-layout-8f761849 wp-block-columns-is-layout-flex\">\n<div class=\"wp-block-column texte_planif is-layout-flow wp-block-column-is-layout-flow\" style=\"flex-basis:60%\">\n<ul class=\"wp-block-list\">\n<li><strong>De uundv\u00e6rlige ting<\/strong><\/li>\n<\/ul>\n\n\n\n<p class=\"wp-block-paragraph\" style=\"font-size:14px\"><a href=\"https:\/\/canarias-lovers.com\/da\/sevaerdigheder-las-palmas-gran-canaria-bezoeken\/\" target=\"_blank\" rel=\"noreferrer noopener\">Las Palmas og det historiske centrum<\/a><br\/><a href=\"https:\/\/canarias-lovers.com\/da\/delfinspotting-gran-canaria-baleiner-udflugter\/\" target=\"_blank\" rel=\"noreferrer noopener\">Delfinspotting p\u00e5 Gran Canaria<\/a><br\/><a href=\"https:\/\/canarias-lovers.com\/da\/dunes-maspalomas-gran-canaria-2\/\" target=\"_blank\" rel=\"noreferrer noopener\">Klitterne i Maspalomas<\/a><br\/><a href=\"https:\/\/canarias-lovers.com\/da\/sevaerdigheder-puerto-mogan-besog\/\" target=\"_blank\" rel=\"noreferrer noopener\">Puerto de Mogan (Lille Venedig)<\/a><br\/><a href=\"https:\/\/canarias-lovers.com\/da\/sevaerdigheder-agaete-besog\/\" target=\"_blank\" rel=\"noreferrer noopener\">Agaete og dens naturlige pools<\/a><br\/><a href=\"https:\/\/canarias-lovers.com\/da\/sevaerdigheder-aguimes-gran-canaria-besog\/\" target=\"_blank\" rel=\"noreferrer noopener\">Den storsl\u00e5ede by Ag\u00fcimes<\/a><br\/><\/p>\n<\/div>\n\n\n\n<div class=\"wp-block-column is-vertically-aligned-top planif-radius is-layout-flow wp-block-column-is-layout-flow\" style=\"flex-basis:40%\">\n<figure class=\"wp-block-image size-large img-portrait\"><img decoding=\"async\" src=\"https:\/\/photos.smugmug.com\/Canarias-Lovers\/Gran-Canaria\/Best-of\/i-wqpn8vC\/0\/85607396\/S\/Gran-Canaria-dolphins-S.jpg\" alt=\"Delfin p&#xE5; Gran Canaria\" title=\"\"\/><\/figure>\n<\/div>\n<\/div>\n\n\n\n<div style=\"height:30px\" aria-hidden=\"true\" class=\"wp-block-spacer\"><\/div>\n<\/div><\/div><\/div>\n\n<div class=\"wp-block-genesis-blocks-gb-container box_auteur_voyage gb-block-container\"><div class=\"gb-container-inside\"><div class=\"gb-container-content\">\n<figure class=\"wp-block-image size-large img_auteur_voyage img_provisoire\"><img decoding=\"async\" src=\"https:\/\/photos.smugmug.com\/Region-Lovers\/Equipe\/i-nsNF6C6\/0\/Cs2F5n96pkt9xFD9D3SVqmQspMhrKgN75nHgBqmjG\/L\/Claire-L.png\" alt=\"\"\/><\/figure>\n\n\n\n<h5 class=\"titre_auteur_voyage\"><span>HUN TOG TUREN OG SKREV ARTIKLEN \n <\/span><span class=\"titre_box_manuscrit\">Claire<\/span><\/h5>\n<\/div><\/div><\/div>\n","protected":false},"excerpt":{"rendered":"<p>Cactualdea-parken, der ligger i La Aldea de San Nicol\u00e1s p\u00e5 \u00f8en Gran Canaria, er en enest\u00e5ende botanisk have, der er dedikeret til kaktus og andre planter, der er tilpasset t\u00f8rre milj\u00f8er. P\u00e5 et areal p\u00e5 ca . 15.000 m\u00b2 pr\u00e6senterer det over 1. 000 arter fra hele verden og giver bes\u00f8gende mulighed for at fordybe [&hellip;]<\/p>\n","protected":false},"author":1,"featured_media":11125,"comment_status":"closed","ping_status":"closed","sticky":false,"template":"","format":"standard","meta":{"_acf_changed":false,"_genesis_hide_title":false,"_genesis_hide_breadcrumbs":false,"_genesis_hide_singular_image":false,"_genesis_hide_footer_widgets":false,"_genesis_custom_body_class":"","_genesis_custom_post_class":"","_genesis_layout":"","footnotes":""},"categories":[38],"tags":[],"class_list":["post-11155","post","type-post","status-publish","format-standard","has-post-thumbnail","category-uklassificeret","entry"],"acf":[],"yoast_head":"<!-- This site is optimized with the Yoast SEO plugin v28.3 - https:\/\/yoast.com\/product\/yoast-seo-wordpress\/ -->\n<title>Cactualdea-parken (Gran Canaria): bes\u00f8g + billeder<\/title>\n<meta name=\"description\" content=\"Vores tips og billeder til et bes\u00f8g i Parc Cactualdea-haven p\u00e5 Gran Canaria: adgang, sev\u00e6rdigheder, varighed, \u00e5bningstider og praktiske oplysninger.\" \/>\n<meta name=\"robots\" content=\"index, follow, max-snippet:-1, max-image-preview:large, max-video-preview:-1\" \/>\n<link rel=\"canonical\" href=\"https:\/\/canarias-lovers.com\/da\/cactualdea-park-gran-canaria\/\" \/>\n<meta property=\"og:locale\" content=\"da_DK\" \/>\n<meta property=\"og:type\" content=\"article\" \/>\n<meta property=\"og:title\" content=\"Cactualdea-parken (Gran Canaria): bes\u00f8g + billeder\" \/>\n<meta property=\"og:description\" content=\"Vores tips og billeder til et bes\u00f8g i Parc Cactualdea-haven p\u00e5 Gran Canaria: adgang, sev\u00e6rdigheder, varighed, \u00e5bningstider og praktiske oplysninger.\" \/>\n<meta property=\"og:url\" content=\"https:\/\/canarias-lovers.com\/da\/cactualdea-park-gran-canaria\/\" \/>\n<meta property=\"og:site_name\" content=\"Canarias Lovers: Tenerife + Gran Canaria\" \/>\n<meta property=\"article:published_time\" content=\"2026-09-03T15:04:43+00:00\" \/>\n<meta property=\"article:modified_time\" content=\"2026-09-03T15:05:44+00:00\" \/>\n<meta property=\"og:image\" content=\"https:\/\/canarias-lovers.com\/wp-content\/uploads\/2026\/09\/Cactualdea-Gran-Canaria-scaled.webp\" \/>\n\t<meta property=\"og:image:width\" content=\"2560\" \/>\n\t<meta property=\"og:image:height\" content=\"1920\" \/>\n\t<meta property=\"og:image:type\" content=\"image\/webp\" \/>\n<meta name=\"author\" content=\"Claire\" \/>\n<meta name=\"twitter:card\" content=\"summary_large_image\" \/>\n<meta name=\"twitter:label1\" content=\"Skrevet af\" \/>\n\t<meta name=\"twitter:data1\" content=\"Claire\" \/>\n\t<meta name=\"twitter:label2\" content=\"Estimeret l\u00e6setid\" \/>\n\t<meta name=\"twitter:data2\" content=\"9 minutter\" \/>\n<script type=\"application\/ld+json\" class=\"yoast-schema-graph\">{\"@context\":\"https:\\\/\\\/schema.org\",\"@graph\":[{\"@type\":\"Article\",\"@id\":\"https:\\\/\\\/canarias-lovers.com\\\/da\\\/cactualdea-park-gran-canaria\\\/#article\",\"isPartOf\":{\"@id\":\"https:\\\/\\\/canarias-lovers.com\\\/da\\\/cactualdea-park-gran-canaria\\\/\"},\"author\":{\"name\":\"Claire\",\"@id\":\"https:\\\/\\\/canarias-lovers.com\\\/da\\\/#\\\/schema\\\/person\\\/4cfe633189ad64b99c9609bed2b00d55\"},\"headline\":\"Cactualdea-parken (Gran Canaria): bes\u00f8g + billeder\",\"datePublished\":\"2026-09-03T15:04:43+00:00\",\"dateModified\":\"2026-09-03T15:05:44+00:00\",\"mainEntityOfPage\":{\"@id\":\"https:\\\/\\\/canarias-lovers.com\\\/da\\\/cactualdea-park-gran-canaria\\\/\"},\"wordCount\":1765,\"publisher\":{\"@id\":\"https:\\\/\\\/canarias-lovers.com\\\/da\\\/#organization\"},\"image\":{\"@id\":\"https:\\\/\\\/canarias-lovers.com\\\/da\\\/cactualdea-park-gran-canaria\\\/#primaryimage\"},\"thumbnailUrl\":\"https:\\\/\\\/canarias-lovers.com\\\/wp-content\\\/uploads\\\/2026\\\/09\\\/Cactualdea-Gran-Canaria-scaled.webp\",\"articleSection\":[\"Uklassificeret\"],\"inLanguage\":\"da-DK\"},{\"@type\":\"WebPage\",\"@id\":\"https:\\\/\\\/canarias-lovers.com\\\/da\\\/cactualdea-park-gran-canaria\\\/\",\"url\":\"https:\\\/\\\/canarias-lovers.com\\\/da\\\/cactualdea-park-gran-canaria\\\/\",\"name\":\"Cactualdea-parken (Gran Canaria): bes\u00f8g + billeder\",\"isPartOf\":{\"@id\":\"https:\\\/\\\/canarias-lovers.com\\\/da\\\/#website\"},\"primaryImageOfPage\":{\"@id\":\"https:\\\/\\\/canarias-lovers.com\\\/da\\\/cactualdea-park-gran-canaria\\\/#primaryimage\"},\"image\":{\"@id\":\"https:\\\/\\\/canarias-lovers.com\\\/da\\\/cactualdea-park-gran-canaria\\\/#primaryimage\"},\"thumbnailUrl\":\"https:\\\/\\\/canarias-lovers.com\\\/wp-content\\\/uploads\\\/2026\\\/09\\\/Cactualdea-Gran-Canaria-scaled.webp\",\"datePublished\":\"2026-09-03T15:04:43+00:00\",\"dateModified\":\"2026-09-03T15:05:44+00:00\",\"description\":\"Vores tips og billeder til et bes\u00f8g i Parc Cactualdea-haven p\u00e5 Gran Canaria: adgang, sev\u00e6rdigheder, varighed, \u00e5bningstider og praktiske oplysninger.\",\"breadcrumb\":{\"@id\":\"https:\\\/\\\/canarias-lovers.com\\\/da\\\/cactualdea-park-gran-canaria\\\/#breadcrumb\"},\"inLanguage\":\"da-DK\",\"potentialAction\":[{\"@type\":\"ReadAction\",\"target\":[\"https:\\\/\\\/canarias-lovers.com\\\/da\\\/cactualdea-park-gran-canaria\\\/\"]}]},{\"@type\":\"ImageObject\",\"inLanguage\":\"da-DK\",\"@id\":\"https:\\\/\\\/canarias-lovers.com\\\/da\\\/cactualdea-park-gran-canaria\\\/#primaryimage\",\"url\":\"https:\\\/\\\/canarias-lovers.com\\\/wp-content\\\/uploads\\\/2026\\\/09\\\/Cactualdea-Gran-Canaria-scaled.webp\",\"contentUrl\":\"https:\\\/\\\/canarias-lovers.com\\\/wp-content\\\/uploads\\\/2026\\\/09\\\/Cactualdea-Gran-Canaria-scaled.webp\",\"width\":2560,\"height\":1920,\"caption\":\"Cactualdea Gran Canaria\"},{\"@type\":\"BreadcrumbList\",\"@id\":\"https:\\\/\\\/canarias-lovers.com\\\/da\\\/cactualdea-park-gran-canaria\\\/#breadcrumb\",\"itemListElement\":[{\"@type\":\"ListItem\",\"position\":1,\"name\":\"Hjem\",\"item\":\"https:\\\/\\\/canarias-lovers.com\\\/da\\\/\"},{\"@type\":\"ListItem\",\"position\":2,\"name\":\"Uklassificeret\",\"item\":\"https:\\\/\\\/canarias-lovers.com\\\/da\\\/uklassificeret\\\/\"},{\"@type\":\"ListItem\",\"position\":3,\"name\":\"Cactualdea-parken (Gran Canaria): bes\u00f8g + billeder\"}]},{\"@type\":\"WebSite\",\"@id\":\"https:\\\/\\\/canarias-lovers.com\\\/da\\\/#website\",\"url\":\"https:\\\/\\\/canarias-lovers.com\\\/da\\\/\",\"name\":\"Canarias Lovers: Tenerife + Gran Canaria\",\"description\":\"Claire og Manus blog\",\"publisher\":{\"@id\":\"https:\\\/\\\/canarias-lovers.com\\\/da\\\/#organization\"},\"potentialAction\":[{\"@type\":\"SearchAction\",\"target\":{\"@type\":\"EntryPoint\",\"urlTemplate\":\"https:\\\/\\\/canarias-lovers.com\\\/da\\\/?s={search_term_string}\"},\"query-input\":{\"@type\":\"PropertyValueSpecification\",\"valueRequired\":true,\"valueName\":\"search_term_string\"}}],\"inLanguage\":\"da-DK\"},{\"@type\":\"Organization\",\"@id\":\"https:\\\/\\\/canarias-lovers.com\\\/da\\\/#organization\",\"name\":\"Canarias Lovers: Tenerife + Gran Canaria\",\"url\":\"https:\\\/\\\/canarias-lovers.com\\\/da\\\/\",\"logo\":{\"@type\":\"ImageObject\",\"inLanguage\":\"da-DK\",\"@id\":\"https:\\\/\\\/canarias-lovers.com\\\/da\\\/#\\\/schema\\\/logo\\\/image\\\/\",\"url\":\"https:\\\/\\\/canarias-lovers.com\\\/wp-content\\\/uploads\\\/2024\\\/05\\\/cropped-Canarias-Lovers-Logo.png\",\"contentUrl\":\"https:\\\/\\\/canarias-lovers.com\\\/wp-content\\\/uploads\\\/2024\\\/05\\\/cropped-Canarias-Lovers-Logo.png\",\"width\":2635,\"height\":595,\"caption\":\"Canarias Lovers: Tenerife + Gran Canaria\"},\"image\":{\"@id\":\"https:\\\/\\\/canarias-lovers.com\\\/da\\\/#\\\/schema\\\/logo\\\/image\\\/\"}},{\"@type\":\"Person\",\"@id\":\"https:\\\/\\\/canarias-lovers.com\\\/da\\\/#\\\/schema\\\/person\\\/4cfe633189ad64b99c9609bed2b00d55\",\"name\":\"Claire\",\"image\":{\"@type\":\"ImageObject\",\"inLanguage\":\"da-DK\",\"@id\":\"https:\\\/\\\/secure.gravatar.com\\\/avatar\\\/e3566233826c32de8d7c9ef726a1087654b12cadb092acc17ee1d357687192ff?s=96&d=mm&r=g\",\"url\":\"https:\\\/\\\/secure.gravatar.com\\\/avatar\\\/e3566233826c32de8d7c9ef726a1087654b12cadb092acc17ee1d357687192ff?s=96&d=mm&r=g\",\"contentUrl\":\"https:\\\/\\\/secure.gravatar.com\\\/avatar\\\/e3566233826c32de8d7c9ef726a1087654b12cadb092acc17ee1d357687192ff?s=96&d=mm&r=g\",\"caption\":\"Claire\"},\"sameAs\":[\"https:\\\/\\\/canarias-lovers.com\\\/claire-robinson\\\/\"],\"url\":\"https:\\\/\\\/canarias-lovers.com\\\/da\\\/author\\\/canariaslover2\\\/\"}]}<\/script>\n<!-- \/ Yoast SEO plugin. -->","yoast_head_json":{"title":"Cactualdea-parken (Gran Canaria): bes\u00f8g + billeder","description":"Vores tips og billeder til et bes\u00f8g i Parc Cactualdea-haven p\u00e5 Gran Canaria: adgang, sev\u00e6rdigheder, varighed, \u00e5bningstider og praktiske oplysninger.","robots":{"index":"index","follow":"follow","max-snippet":"max-snippet:-1","max-image-preview":"max-image-preview:large","max-video-preview":"max-video-preview:-1"},"canonical":"https:\/\/canarias-lovers.com\/da\/cactualdea-park-gran-canaria\/","og_locale":"da_DK","og_type":"article","og_title":"Cactualdea-parken (Gran Canaria): bes\u00f8g + billeder","og_description":"Vores tips og billeder til et bes\u00f8g i Parc Cactualdea-haven p\u00e5 Gran Canaria: adgang, sev\u00e6rdigheder, varighed, \u00e5bningstider og praktiske oplysninger.","og_url":"https:\/\/canarias-lovers.com\/da\/cactualdea-park-gran-canaria\/","og_site_name":"Canarias Lovers: Tenerife + Gran Canaria","article_published_time":"2026-09-03T15:04:43+00:00","article_modified_time":"2026-09-03T15:05:44+00:00","og_image":[{"width":2560,"height":1920,"url":"https:\/\/canarias-lovers.com\/wp-content\/uploads\/2026\/09\/Cactualdea-Gran-Canaria-scaled.webp","type":"image\/webp"}],"author":"Claire","twitter_card":"summary_large_image","twitter_misc":{"Skrevet af":"Claire","Estimeret l\u00e6setid":"9 minutter"},"schema":{"@context":"https:\/\/schema.org","@graph":[{"@type":"Article","@id":"https:\/\/canarias-lovers.com\/da\/cactualdea-park-gran-canaria\/#article","isPartOf":{"@id":"https:\/\/canarias-lovers.com\/da\/cactualdea-park-gran-canaria\/"},"author":{"name":"Claire","@id":"https:\/\/canarias-lovers.com\/da\/#\/schema\/person\/4cfe633189ad64b99c9609bed2b00d55"},"headline":"Cactualdea-parken (Gran Canaria): bes\u00f8g + billeder","datePublished":"2026-09-03T15:04:43+00:00","dateModified":"2026-09-03T15:05:44+00:00","mainEntityOfPage":{"@id":"https:\/\/canarias-lovers.com\/da\/cactualdea-park-gran-canaria\/"},"wordCount":1765,"publisher":{"@id":"https:\/\/canarias-lovers.com\/da\/#organization"},"image":{"@id":"https:\/\/canarias-lovers.com\/da\/cactualdea-park-gran-canaria\/#primaryimage"},"thumbnailUrl":"https:\/\/canarias-lovers.com\/wp-content\/uploads\/2026\/09\/Cactualdea-Gran-Canaria-scaled.webp","articleSection":["Uklassificeret"],"inLanguage":"da-DK"},{"@type":"WebPage","@id":"https:\/\/canarias-lovers.com\/da\/cactualdea-park-gran-canaria\/","url":"https:\/\/canarias-lovers.com\/da\/cactualdea-park-gran-canaria\/","name":"Cactualdea-parken (Gran Canaria): bes\u00f8g + billeder","isPartOf":{"@id":"https:\/\/canarias-lovers.com\/da\/#website"},"primaryImageOfPage":{"@id":"https:\/\/canarias-lovers.com\/da\/cactualdea-park-gran-canaria\/#primaryimage"},"image":{"@id":"https:\/\/canarias-lovers.com\/da\/cactualdea-park-gran-canaria\/#primaryimage"},"thumbnailUrl":"https:\/\/canarias-lovers.com\/wp-content\/uploads\/2026\/09\/Cactualdea-Gran-Canaria-scaled.webp","datePublished":"2026-09-03T15:04:43+00:00","dateModified":"2026-09-03T15:05:44+00:00","description":"Vores tips og billeder til et bes\u00f8g i Parc Cactualdea-haven p\u00e5 Gran Canaria: adgang, sev\u00e6rdigheder, varighed, \u00e5bningstider og praktiske oplysninger.","breadcrumb":{"@id":"https:\/\/canarias-lovers.com\/da\/cactualdea-park-gran-canaria\/#breadcrumb"},"inLanguage":"da-DK","potentialAction":[{"@type":"ReadAction","target":["https:\/\/canarias-lovers.com\/da\/cactualdea-park-gran-canaria\/"]}]},{"@type":"ImageObject","inLanguage":"da-DK","@id":"https:\/\/canarias-lovers.com\/da\/cactualdea-park-gran-canaria\/#primaryimage","url":"https:\/\/canarias-lovers.com\/wp-content\/uploads\/2026\/09\/Cactualdea-Gran-Canaria-scaled.webp","contentUrl":"https:\/\/canarias-lovers.com\/wp-content\/uploads\/2026\/09\/Cactualdea-Gran-Canaria-scaled.webp","width":2560,"height":1920,"caption":"Cactualdea Gran Canaria"},{"@type":"BreadcrumbList","@id":"https:\/\/canarias-lovers.com\/da\/cactualdea-park-gran-canaria\/#breadcrumb","itemListElement":[{"@type":"ListItem","position":1,"name":"Hjem","item":"https:\/\/canarias-lovers.com\/da\/"},{"@type":"ListItem","position":2,"name":"Uklassificeret","item":"https:\/\/canarias-lovers.com\/da\/uklassificeret\/"},{"@type":"ListItem","position":3,"name":"Cactualdea-parken (Gran Canaria): bes\u00f8g + billeder"}]},{"@type":"WebSite","@id":"https:\/\/canarias-lovers.com\/da\/#website","url":"https:\/\/canarias-lovers.com\/da\/","name":"Canarias Lovers: Tenerife + Gran Canaria","description":"Claire og Manus blog","publisher":{"@id":"https:\/\/canarias-lovers.com\/da\/#organization"},"potentialAction":[{"@type":"SearchAction","target":{"@type":"EntryPoint","urlTemplate":"https:\/\/canarias-lovers.com\/da\/?s={search_term_string}"},"query-input":{"@type":"PropertyValueSpecification","valueRequired":true,"valueName":"search_term_string"}}],"inLanguage":"da-DK"},{"@type":"Organization","@id":"https:\/\/canarias-lovers.com\/da\/#organization","name":"Canarias Lovers: Tenerife + Gran Canaria","url":"https:\/\/canarias-lovers.com\/da\/","logo":{"@type":"ImageObject","inLanguage":"da-DK","@id":"https:\/\/canarias-lovers.com\/da\/#\/schema\/logo\/image\/","url":"https:\/\/canarias-lovers.com\/wp-content\/uploads\/2024\/05\/cropped-Canarias-Lovers-Logo.png","contentUrl":"https:\/\/canarias-lovers.com\/wp-content\/uploads\/2024\/05\/cropped-Canarias-Lovers-Logo.png","width":2635,"height":595,"caption":"Canarias Lovers: Tenerife + Gran Canaria"},"image":{"@id":"https:\/\/canarias-lovers.com\/da\/#\/schema\/logo\/image\/"}},{"@type":"Person","@id":"https:\/\/canarias-lovers.com\/da\/#\/schema\/person\/4cfe633189ad64b99c9609bed2b00d55","name":"Claire","image":{"@type":"ImageObject","inLanguage":"da-DK","@id":"https:\/\/secure.gravatar.com\/avatar\/e3566233826c32de8d7c9ef726a1087654b12cadb092acc17ee1d357687192ff?s=96&d=mm&r=g","url":"https:\/\/secure.gravatar.com\/avatar\/e3566233826c32de8d7c9ef726a1087654b12cadb092acc17ee1d357687192ff?s=96&d=mm&r=g","contentUrl":"https:\/\/secure.gravatar.com\/avatar\/e3566233826c32de8d7c9ef726a1087654b12cadb092acc17ee1d357687192ff?s=96&d=mm&r=g","caption":"Claire"},"sameAs":["https:\/\/canarias-lovers.com\/claire-robinson\/"],"url":"https:\/\/canarias-lovers.com\/da\/author\/canariaslover2\/"}]}},"featured_image_src":"https:\/\/canarias-lovers.com\/wp-content\/uploads\/2026\/09\/Cactualdea-Gran-Canaria-600x400.webp","featured_image_src_square":"https:\/\/canarias-lovers.com\/wp-content\/uploads\/2026\/09\/Cactualdea-Gran-Canaria-600x600.webp","author_info":{"display_name":"Claire","author_link":"https:\/\/canarias-lovers.com\/da\/author\/canariaslover2\/"},"_links":{"self":[{"href":"https:\/\/canarias-lovers.com\/da\/wp-json\/wp\/v2\/posts\/11155","targetHints":{"allow":["GET"]}}],"collection":[{"href":"https:\/\/canarias-lovers.com\/da\/wp-json\/wp\/v2\/posts"}],"about":[{"href":"https:\/\/canarias-lovers.com\/da\/wp-json\/wp\/v2\/types\/post"}],"author":[{"embeddable":true,"href":"https:\/\/canarias-lovers.com\/da\/wp-json\/wp\/v2\/users\/1"}],"replies":[{"embeddable":true,"href":"https:\/\/canarias-lovers.com\/da\/wp-json\/wp\/v2\/comments?post=11155"}],"version-history":[{"count":2,"href":"https:\/\/canarias-lovers.com\/da\/wp-json\/wp\/v2\/posts\/11155\/revisions"}],"predecessor-version":[{"id":11157,"href":"https:\/\/canarias-lovers.com\/da\/wp-json\/wp\/v2\/posts\/11155\/revisions\/11157"}],"wp:featuredmedia":[{"embeddable":true,"href":"https:\/\/canarias-lovers.com\/da\/wp-json\/wp\/v2\/media\/11125"}],"wp:attachment":[{"href":"https:\/\/canarias-lovers.com\/da\/wp-json\/wp\/v2\/media?parent=11155"}],"wp:term":[{"taxonomy":"category","embeddable":true,"href":"https:\/\/canarias-lovers.com\/da\/wp-json\/wp\/v2\/categories?post=11155"},{"taxonomy":"post_tag","embeddable":true,"href":"https:\/\/canarias-lovers.com\/da\/wp-json\/wp\/v2\/tags?post=11155"}],"curies":[{"name":"wp","href":"https:\/\/api.w.org\/{rel}","templated":true}]}}